{"id":152201,"date":"2025-09-26T08:15:19","date_gmt":"2025-09-26T06:15:19","guid":{"rendered":"https:\/\/wobronietradycjiiwiary.com\/?p=152201"},"modified":"2025-09-02T12:25:46","modified_gmt":"2025-09-02T10:25:46","slug":"26-go-wrzesnia-zywot-swietego-cypryana-i-swietej-justyny-meczennikow-2-2-2-2","status":"publish","type":"post","link":"https:\/\/wobronietradycjiiwiary.com\/pl\/26-go-wrzesnia-zywot-swietego-cypryana-i-swietej-justyny-meczennikow-2-2-2-2\/","title":{"rendered":"26-go Wrze\u015bnia. \u017bywot \u015bwi\u0119tego Cypryana i \u015bwi\u0119tej Justyny, M\u0119czennik\u00f3w."},"content":{"rendered":"<div id=\"bsf_rt_marker\"><\/div>\n<p class=\"has-text-align-justify wp-block-paragraph\"><span style=\"\" class=\"has-inline-color has-vivid-purple-color\">\u015aw. Cyprian, tym razem nie biskup Kartaginy o tym samym imieniu, ale by\u0142y okultysta i mag jest jak najbardziej \u015bwi\u0119tym na nasze czasy, gdy\u017c zajmowa\u0142 si\u0119 w czasach rozkwitu magii tym, czym zajmuje si\u0119 dzisiaj wielu. <\/span><\/p>\n\n\n\n<p class=\"has-text-align-justify wp-block-paragraph\"><span style=\"\" class=\"has-inline-color has-vivid-purple-color\">Co ciekawe, to w\u0142a\u015bnie poszukiwania &#8222;silniejszych czar\u00f3w&#8221; przywiod\u0142o go do chrze\u015bcija\u0144stwa i nawet kap\u0142a\u0144stwa, bo tak jak jemu s\u0142u\u017cy\u0142y demony, tak on zacz\u0105\u0142 s\u0142u\u017cy\u0107 Bogu. <\/span><\/p>\n\n\n\n<p class=\"has-text-align-justify wp-block-paragraph\"><span style=\"\" class=\"has-inline-color has-vivid-purple-color\">Historia Justyny jest r\u00f3wnie\u017c pocieszaj\u0105ca, bo Cyprian zastosowawszy wobec niej czary mi\u0142osne niczego nie osi\u0105gn\u0105\u0142, gdy\u017c Justyna trwa\u0142a w stanie \u0142aski i broni\u0142a si\u0119 znakiem krzy\u017ca \u015bwi\u0119tego. <\/span><\/p>\n\n\n\n<p class=\"has-text-align-justify wp-block-paragraph\"><span style=\"color: #9b51e0;\" class=\"has-inline-color has-vivid-purple-color\">Zatem z\u0142y duch mo\u017ce kusi\u0107, ale wobec prawdziwych chrze\u015bcijan jest bezsilny, chocia\u017c przedtem poszarpie i pogryzie. Nie b\u00f3jmy si\u0119 przeto z\u0142ego ducha, bo to on boi si\u0119 nas.<\/span><\/p>\n\n\n\n<p class=\"has-text-align-center wp-block-paragraph\">(\u017byli oko\u0142o roku Pa\u0144skiego 240).<\/p>\n\n\n\n<figure class=\"wp-block-image\"><a href=\"https:\/\/pl.wikisource.org\/wiki\/Plik:%C5%BBywoty_%C5%9Bw._Pa%C5%84skich_na_wszystkie_dnie_roku-Inicja%C5%82-%C5%9A.png\"><img decoding=\"async\" src=\"https:\/\/upload.wikimedia.org\/wikipedia\/commons\/thumb\/2\/2f\/%C5%BBywoty_%C5%9Bw._Pa%C5%84skich_na_wszystkie_dnie_roku-Inicja%C5%82-%C5%9A.png\/58px-%C5%BBywoty_%C5%9Bw._Pa%C5%84skich_na_wszystkie_dnie_roku-Inicja%C5%82-%C5%9A.png\" alt=\"\u015a\"\/><\/a><\/figure>\n\n\n\n<p class=\"has-text-align-justify wp-block-paragraph\">\u015awi\u0119ty Cypryan \u201eczarownik\u201c, by\u0142 synem ba\u0142wochwalczego kap\u0142ana z Antyochii. Bogaty w dobra doczesne, wyposa\u017cony zdolno\u015bciami, chcia\u0142 si\u0119 po\u015bwi\u0119ci\u0107 temu samemu powo\u0142aniu, co ojciec. W tym celu stara\u0142 si\u0119 obezna\u0107 z tajemnicami przes\u0105d\u00f3w, wr\u00f3\u017cbiarstwa i czar\u00f3w nie tylko Grecyi, ale r\u00f3wnie\u017c Egiptu i Indyi. Po uko\u0144czeniu study\u00f3w wr\u00f3ci\u0142 do kraju rodzinnego i wkr\u00f3tce zas\u0142yn\u0105\u0142 jako uczony i czarodziej.<\/p>\n\n\n\n<p class=\"has-text-align-justify wp-block-paragraph\">\u2009\u017by\u0142a w tych czasach w Antyochii Justyna, dziewica s\u0142ynna ze znakomitego rodu, zacno\u015bci duszy i pi\u0119kno\u015bci, czcicielka bo\u017ck\u00f3w poga\u0144skich. W pobli\u017cu mieszka\u0142 ksi\u0105dz katolicki, kt\u00f3remu przys\u0142uchiwa\u0142a si\u0119, gdy katechumenom obja\u015bnia\u0142 tajemnice Wiary \u015bw. B\u00f3g wynagrodzi\u0142 jej t\u0119 ciekawo\u015b\u0107 \u0142ask\u0105 wiary, gdy\u017c wkr\u00f3tce otrzyma\u0142a Chrzest \u015bwi\u0119ty. Odt\u0105d pocz\u0119\u0142a modli\u0107 si\u0119 i po\u015bci\u0107, a nadto stara\u0142a si\u0119 wszelkimi sposobami uczyni\u0107 rodzic\u00f3w uczestnikami \u0142aski Bo\u017cej. B\u00f3g&nbsp;wys\u0142ucha\u0142 jej mod\u0142\u00f3w, a Justyna z wdzi\u0119czno\u015bci \u015blubowa\u0142a dozgonne panie\u0144stwo. \u015aluby jej wszak\u017ce niezad\u0142ugo na ci\u0119\u017ck\u0105 wystawione zosta\u0142y pr\u00f3b\u0119. Lubo \u017cy\u0142a samotnie i pragn\u0119\u0142a pozosta\u0107 w ukryciu, pe\u0142ni\u0105c po cichu dzie\u0142a mi\u0142osierdzia, Aglaides, m\u0142odzieniec poga\u0144ski, zapa\u0142a\u0142 gor\u0105c\u0105 mi\u0142o\u015bci\u0105 do niej i pocz\u0105\u0142 si\u0119 stara\u0107 o jej r\u0119k\u0119. Justyna o ile mo\u017cno\u015bci unika\u0142a z nim bli\u017cszych stosunk\u00f3w, ale tem wi\u0119cej rozgorza\u0142a jego mi\u0142o\u015b\u0107 i tem uporczywiej usi\u0142owa\u0142 osi\u0105gn\u0105\u0107 cel zabieg\u00f3w swoich. Jednak\u017ce na nic mu si\u0119 nie przyda\u0142a chytro\u015b\u0107 i wysilenia jego. W rozpaczy uda\u0142 si\u0119 tedy do Cypryana, maj\u0105cego s\u0142aw\u0119 wielkiego czarnoksi\u0119\u017cnika.<\/p>\n\n\n\n<p class=\"has-text-align-justify wp-block-paragraph\">Cypryan zaklina\u0142 z\u0142e duchy, aby w tej pogardliwej i lekcewa\u017c\u0105cej m\u0119\u017cczyzn dziewicy roznieci\u0142y \u017c\u0105dze zmys\u0142owe, przyczem nie chodzi\u0142o mu o pozyskanie jej dla Aglaidesa, lecz dla siebie samego. Nagabywania duch\u00f3w piekielnych nie by\u0142y bezowocnemi, gdy\u017c Justyna czu\u0142a w sobie wielkie pokusy, ale stroskana jej dusza odda\u0142a si\u0119 pod opiek\u0119 Naj\u015bw. Panny i Zbawiciela; dziewica ucieka\u0142a si\u0119 do modlitwy i naznaczaj\u0105c si\u0119 znakiem Krzy\u017ca \u015bw., zwyci\u0119sko opiera\u0142a si\u0119 wszelkim nagabywaniom.<\/p>\n\n\n\n<p class=\"has-text-align-justify wp-block-paragraph\">Rozj\u0105trzony bezskuteczno\u015bci\u0105 czar\u00f3w, zarzuca\u0142 Cypryan mocom piekielnym ich bezsilno\u015b\u0107. Szatani zarzekali si\u0119, \u017ce wobec Justyny s\u0105 bezw\u0142adnymi, gdy\u017c dziewica jest chrze\u015bcijank\u0105, odgania ich znakiem Krzy\u017ca \u015bwi\u0119tego, a wobec krzy\u017ca wszelkie ich usi\u0142owania s\u0105 bezskuteczne.<\/p>\n\n\n\n<p class=\"has-text-align-justify wp-block-paragraph\">Widz\u0105c, \u017ce wobec krzy\u017ca, z kt\u00f3rego si\u0119 dotychczas wy\u015bmiewa\u0142, wysilenia jego s\u0105 daremnemi, i przekonawszy si\u0119, \u017ce B\u00f3g chrze\u015bcijan jest pot\u0119\u017cniejszy od bo\u017cyszcz poga\u0144skich, zapragn\u0105\u0142 Cypryan zbli\u017cy\u0107 si\u0119 do tego Boga i pozna\u0107 Go dok\u0142adniej. Mniema\u0142 bowiem, \u017ce za Jego pomoc\u0105 wydoskonali si\u0119 w sztuce czarodziejskiej. Tymczasem mocy piekielne rozj\u0105trzone, \u017ce Cypryan, kt\u00f3ry by\u0142 dotychczas na ich pos\u0142ugi i durzy\u0142 ludzi swojemi czarami, teraz przechodzi do obozu chrze\u015bcijan, pocz\u0119\u0142y mu tak dokucza\u0107, \u017ce biedny m\u0142odzieniec popad\u0142 w jak najwi\u0119ksz\u0105 rozpacz.<\/p>\n\n\n\n<p class=\"has-text-align-justify wp-block-paragraph\">Ocali\u0142a go \u0142aska mi\u0142osierdzia Boskiego. W ponurem usposobieniu uda\u0142 si\u0119 do Euzebiusza, ksi\u0119dza chrze\u015bcija\u0144skiego, kt\u00f3ry go przyj\u0105\u0142 serdecznie, pocieszy\u0142 i zg\u0142odnia\u0142ego \u2014 Cypryan bowiem przez trzy dni nic nie wzi\u0105\u0142 do ust \u2014 nakarmi\u0142 i napoi\u0142. Nazajutrz zaprowadzi\u0142 go na zgromadzenie chrze\u015bcijan. Pobo\u017cno\u015b\u0107, wzajemna mi\u0142o\u015b\u0107 i pokora tych zwolennik\u00f3w Chrystusa tak mocno Cypryana zbudowa\u0142y, \u017ce pokrzepiony na duchu i wyleczony z rozpaczy i pow\u0105tpiewa\u0144, mniema\u0142, i\u017c znajduje si\u0119 w towarzystwie Anio\u0142\u00f3w. Prosi\u0142 te\u017c usilnie o nauk\u0119 i przyj\u0119cie do spo\u0142ecze\u0144stwa chrze\u015bcijan. Przed przyj\u0119ciem chrztu zani\u00f3s\u0142 wszystkie swe ksi\u0119gi czarodziejskie do Biskupa Anthimusa, b\u0142agaj\u0105c, aby je spali\u0142 i oddaj\u0105c mu ca\u0142y sw\u00f3j maj\u0105tek w celu rozdzielenia go mi\u0119dzy ubogich, nam\u00f3wi\u0142 Aglaidesa, aby przyj\u0105\u0142 wiar\u0119 Chrystusow\u0105.<\/p>\n\n\n\n<p class=\"has-text-align-justify wp-block-paragraph\">Dzie\u0144 chrztu Cypryana by\u0142 wielk\u0105 uroczysto\u015bci\u0105 dla chrze\u015bcijan. Justyna rozdzieli\u0142a ca\u0142e swe mienie pomi\u0119dzy ub\u00f3stwo, uci\u0119\u0142a sobie w\u0142osy i pokry\u0142a sw\u0105 twarz zas\u0142on\u0105.&nbsp;Cypryan prosi\u0142, aby go przypuszczono do najni\u017cszego \u015bwi\u0119cenia kap\u0142a\u0144skiego i pe\u0142ni\u0142 obowi\u0105zki od\u017awiernego. Szczero\u015bci nawr\u00f3cenia dowi\u00f3d\u0142 gorliwo\u015bci\u0105 w wykonywaniu przywi\u0105zanych do urz\u0119du swego powinno\u015bci. Talent\u00f3w swych u\u017cywa\u0142 m\u0105drze i korzystnie w s\u0142u\u017cbie Bo\u017cej, st\u0105d nie dziw, \u017ce niezad\u0142ugo wy\u015bwi\u0119cono go na kap\u0142ana. P\u00f3\u017aniej powierzono mu nawet zarz\u0105d dyecezyi antyochijskiej.<\/p>\n\n\n\n<p class=\"has-text-align-justify wp-block-paragraph\">Skoro pod Dyoklecyanem wybuch\u0142o prze\u015bladowanie chrze\u015bcijan, pierwszy stan\u0105\u0142 Cypryan z Justyn\u0105 przed kratami s\u0105dowemi. Opowiedzia\u0142 szczerze i bez ogr\u00f3dki s\u0119dziemu dzieje swego nawr\u00f3cenia, a nawet o\u015bmieli\u0142 si\u0119 radzi\u0107 mu, aby porzuci\u0142 obrzyd\u0142e poga\u0144stwo. Oburzony tem zuchwalstwem s\u0119dzia, rozkaza\u0142 wyrywa\u0107 mu kawa\u0142y cia\u0142a rozpalonemi kleszczami, Justyn\u0119 za\u015b, kt\u00f3ra wzbrania\u0142a si\u0119 wyprze\u0107 Chrystusa, poleci\u0142 smaga\u0107 rzemieniami z wo\u0142owej sk\u00f3ry. Gdy M\u0119czennicy w swoich katuszach wielbili Boga, kaza\u0142 przed nimi stawi\u0107 kocie\u0142 nape\u0142niony wrz\u0105cym t\u0142uszczem i zapyta\u0142 ich, co wol\u0105, czy z\u0142o\u017cy\u0107 bogom ofiar\u0119, czy te\u017c wyzion\u0105\u0107 ducha w kotle. Cypryan wszed\u0142 tedy dobrowolnie w kocie\u0142, a gdy si\u0119 Justyna pocz\u0105tkowo waha\u0142a uczyni\u0107 to samo, doda\u0142 jej Cypryan otuchy. Prze\u017cegnawszy si\u0119 przeto, wesz\u0142a nareszcie w gor\u0105c\u0105 k\u0105piel. R\u0119ka Boska ocali\u0142a oboje; \u017cadne z nich nie ponios\u0142o szkody, przyczem \u015bpiewali hymny na chwa\u0142\u0119 Boga. Przypisuj\u0105c cud ten czarnoksi\u0119skiej sztuce Cypryana, zapragn\u0105\u0142 jeden z obecnych kap\u0142an\u00f3w poga\u0144skich pokaza\u0107, \u017ce i on tego samego umie dokaza\u0107; wszed\u0142 przeto r\u00f3wnie\u017c w kocie\u0142, ale zuchwalstwo swoje przyp\u0142aci\u0142 \u017cyciem.\u2009Nie wiedz\u0105c sobie rady, pos\u0142a\u0142 s\u0119dzia m\u0119cze\u0144sk\u0105 par\u0119 do cesarza, bawi\u0105cego pod\u00f3wczas w Nikomedyi, kt\u00f3ry skaza\u0142 ich na kar\u0119 miecza. Ukl\u0119kli oboje na rusztowaniu i wznie\u015bli mod\u0142y do Boga o wywy\u017cszenie Ko\u015bcio\u0142a i \u0142ask\u0119 wytrwa\u0142o\u015bci dla siebie. Potem stawi\u0142 Cypryan Justyn\u0119 przed sob\u0105 z obawy, aby widok jego \u015bmierci nie wzruszy\u0142 dziewicy i nie os\u0142abi\u0142 jej na duchu. Po niej dopiero odebra\u0142 cios \u015bmiertelny, a zw\u0142oki ich zanie\u015bli chrze\u015bcijanie do Rzymu, gdzie cia\u0142a tych \u015bwi\u0119tych M\u0119czennik\u00f3w spoczywaj\u0105 w ko\u015bciele Laterane\u0144skim.<\/p>\n\n\n\n<h3 class=\"wp-block-heading\"><br \/><strong>Nauka moralna.<\/strong><\/h3>\n\n\n\n<p class=\"has-text-align-justify wp-block-paragraph\">\u2009\u015aw. Cypryan zajmowa\u0142 si\u0119 przed nawr\u00f3ceniem czarami i wieszczbiarstwem, wyzyskuj\u0105c \u0142atwowierno\u015b\u0107 i przes\u0105dy swych rodak\u00f3w w spos\u00f3b grzeszny i niegodziwy. I dzisiejsze czasy nie s\u0105 wolne od zabobonu; zastan\u00f3wmy si\u0119 przeto, na czem takowy polega. Zabobonnym jest<\/p>\n\n\n\n<p class=\"has-text-align-justify wp-block-paragraph\">\u20091) kto przypisuje zio\u0142om, zakl\u0119ciom, gwiazdom, pewnym dniom lub godzinom nadzwyczajn\u0105 si\u0142\u0119 i skuteczno\u015b\u0107, kt\u00f3rej im nie nada\u0142 ani Stw\u00f3rca, ani Zbawiciel, ani Ko\u015bci\u00f3\u0142 katolicki.<\/p>\n\n\n\n<p class=\"has-text-align-justify wp-block-paragraph\">\u20092) kto wierzy, \u017ce k\u0142adzenie kart, cyganie, cioty, czarnoksi\u0119\u017cnicy i sny zdo\u0142aj\u0105 wywr\u00f3\u017cy\u0107 przysz\u0142o\u015b\u0107 i kto tym osobom i rzeczom przypisuje nadprzyrodzon\u0105 si\u0142\u0119;<\/p>\n\n\n\n<p class=\"has-text-align-justify wp-block-paragraph\">\u20093) kto wierzy, \u017ce B\u00f3g takiemi drogami i przez takie osoby \u015bwiadczy ludziom jakie\u015b \u0142aski i udziela im czego\u015b, co si\u0119 przyczyni\u0107 mo\u017ce do ich dobra doczesnego, albo zbawienia wiekuistego.<\/p>\n\n\n\n<p class=\"has-text-align-justify wp-block-paragraph\">\u2009Grzesznym jest zabobon dlatego, i\u017c jest bezpo\u015bredniem lub po\u015bredniem odwo\u0142ywaniem si\u0119 do si\u0142y szatana. \u2014 Pomimo to zapyta\u0107 nale\u017cy, czy wog\u00f3le istniej\u0105 czarownicy i czarownice. Odpowied\u017a na to nale\u017cy si\u0119 taka:<\/p>\n\n\n\n<p class=\"has-text-align-justify wp-block-paragraph\">\u20094) \u017ce tak jest niew\u0105tpliwie. Jak bowiem s\u0105 \u015awi\u0119ci, kt\u00f3rym wskutek ich \u015bwi\u0119tobliwo\u015bci i bogobojno\u015bci B\u00f3g udzieli\u0142 cz\u0105stk\u0119 Swej wszechmocno\u015bci, tak te\u017c s\u0105 i grzesznicy, kt\u00f3rzy w miar\u0119 post\u0119powania w z\u0142em wchodz\u0105 w \u015bci\u015blejszy stosunek z szatanem i przejmuj\u0105c od niego cz\u0119\u015b\u0107 piekielnej jego w\u0142adzy, zdo\u0142aj\u0105 wskutek tego przewidzie\u0107 i odgadn\u0105\u0107 rzeczy przysz\u0142e i dokaza\u0107 niekiedy rzeczy niepoj\u0119tych. Ale tak ohydnem rzemios\u0142em zajmuj\u0105 si\u0119 tylko ludzie pogr\u0105\u017ceni w z\u0142em i moralnie podupadli, a mianowicie stare niewiasty. Trzymajmy si\u0119 przeto zdala od takich bezbo\u017cnik\u00f3w i niez\u0142omne miejmy przekonanie, \u017ce przeciw woli Boskiej nie zdo\u0142aj\u0105 nam zaszkodzi\u0107 ani w sprawie doczesnego, ani wiecznego naszego zbawienia.<\/p>\n\n\n\n<h3 class=\"wp-block-heading\"><br \/><strong>Modlitwa.<\/strong><\/h3>\n\n\n\n<blockquote class=\"wp-block-quote is-layout-flow wp-block-quote-is-layout-flow\">\n<p class=\"wp-block-paragraph\">\u2009Panie Jezu Chryste, racz to mi\u0142o\u015bciwie sprawi\u0107, aby po\u015brednictwo \u015bwi\u0119tych M\u0119czennik\u00f3w Cypryana i Justyny nas ci\u0105gle wspiera\u0142o i aby\u015b \u0142askawie wejrze\u0107 raczy\u0142 na tych,&nbsp;kt\u00f3rym takiego poparcia udzielasz. Przez Pana naszego Jezusa Chrystusa, kt\u00f3ry kr\u00f3luje w Niebie i na ziemi. Amen.<\/p>\n<\/blockquote>\n\n\n\n<p class=\"has-text-align-justify wp-block-paragraph\"><em>Opr\u00f3cz tego obchodzi Ko\u015bci\u00f3\u0142 \u015bwi\u0119ty pami\u0105tk\u0119 nast\u0119puj\u0105cych \u015awi\u0119tych Pa\u0144skich, zamieszczonych w rzymskiem martyrologium:<\/em><\/p>\n\n\n\n<p class=\"has-text-align-justify wp-block-paragraph\">\u2009<strong>Dnia 26-go wrze\u015bnia<\/strong>&nbsp;w Nikomedyi m\u0119cze\u0144stwo \u015bw.&nbsp;Cypryana i Justyny, Dziewicy z czas\u00f3w cesarza Dyoklecyana i starosty Eutolomiusza. Justyna ponie\u015b\u0107 musia\u0142a dla Chrystusa wiele m\u0119czar\u0144 i nawr\u00f3ci\u0142a nawet czarodzieja Cypryana, kt\u00f3ry sztukami swemi mia\u0142 j\u0105 przekona\u0107; p\u00f3\u017aniej m\u0119czono j\u0105 razem z nim. Cia\u0142a obu \u015awi\u0119tych porzucono dzikim zwierz\u0119tom; w nocy jednak nadeszli marynarze chrze\u015bcija\u0144scy, zabrali je i zawie\u017ali do Rzymu, gdzie z\u0142o\u017cone zosta\u0142y obok kaplicy chrzcielnej w Bazylice Konstancyusza. \u2014 W Rzymie \u015bmier\u0107 m\u0119cze\u0144ska \u015bwi\u0119tego&nbsp;Kallistrata&nbsp;z 49 innymi \u017co\u0142nierzami. Kallistrat zosta\u0142 za Dyoklecyana w miechu zaszyty i do morza wrzucony, cudem jednak powr\u00f3ci\u0142 nietkni\u0119ty; na cud ten nawr\u00f3cili si\u0119 \u017co\u0142nierze i ofiarowali z nim razem \u017cycie swe za Chrystusa. \u2014 W Rzymie uroczysto\u015b\u0107 \u015bwi\u0119tego&nbsp;Euzebiusza, Papie\u017ca. \u2014 W Bolonii uroczysto\u015b\u0107 \u015bwi\u0119tego&nbsp;Euzebiusza, Biskupa i Wyznawcy. \u2014 W Brescyi pami\u0105tka \u015bwi\u0119tego&nbsp;Wirgiliusza, Biskupa. \u2014 W Albano pami\u0105tka \u015bwi\u0119tego&nbsp;Senatora. \u2014 W obwodzie Tiwoli uroczysto\u015b\u0107 \u015bwi\u0119tego&nbsp;Nilusa, Opata, za\u0142o\u017cyciela klasztoru Grotta ferrata. \u2014 W Citta di Castello uroczysto\u015b\u0107 \u015bwi\u0119tego&nbsp;Amancyusza, Kap\u0142ana, obdarzonego si\u0142\u0105 tworzenia cud\u00f3w.<\/p>\n","protected":false},"excerpt":{"rendered":"<p>\u015aw. Cyprian, tym razem nie biskup Kartaginy o tym samym imieniu, ale by\u0142y okultysta i mag jest jak najbardziej \u015bwi\u0119tym na nasze czasy, gdy\u017c zajmowa\u0142 si\u0119 w czasach rozkwitu magii tym, czym zajmuje si\u0119 dzisiaj wielu. Co ciekawe, to w\u0142a\u015bnie poszukiwania &#8222;silniejszych czar\u00f3w&#8221; przywiod\u0142o go do chrze\u015bcija\u0144stwa i nawet kap\u0142a\u0144stwa, bo tak jak jemu s\u0142u\u017cy\u0142y [&hellip;]<\/p>\n","protected":false},"author":60508433,"featured_media":37107,"comment_status":"open","ping_status":"open","sticky":false,"template":"","format":"standard","meta":{"_coblocks_attr":"","_coblocks_dimensions":"","_coblocks_responsive_height":"","_coblocks_accordion_ie_support":"","_exactmetrics_skip_tracking":false,"_jetpack_newsletter_access":"","_jetpack_dont_email_post_to_subs":false,"_jetpack_newsletter_tier_id":0,"_jetpack_memberships_contains_paywalled_content":false,"_wpcom_ai_launchpad_first_post":false,"_jetpack_feature_clip_id":0,"_jetpack_memberships_contains_paid_content":false,"footnotes":"","jetpack_publicize_message":"{title}\n\n{excerpt}\n\n{url}","jetpack_publicize_feature_enabled":true,"jetpack_social_post_already_shared":true,"jetpack_social_options":{"image_generator_settings":{"template":"highway","default_image_id":0,"font":"","enabled":false},"version":2},"_wpas_customize_per_network":false,"jetpack_post_was_ever_published":false},"categories":[610131824,610131184,336375535,610134932,610131268,610131155,610132042],"tags":[],"class_list":["post-152201","post","type-post","status-publish","format-standard","has-post-thumbnail","hentry","category-swieta-we-wrzesniu","category-duchowosc","category-liturgia-i-liturgika","category-mescy-swieci","category-rok-liturgiczny","category-rozwazania","category-zywoty-swietych"],"yoast_head":"<!-- This site is optimized with the Yoast SEO plugin v28.3 - https:\/\/yoast.com\/product\/yoast-seo-wordpress\/ -->\n<title>26-go Wrze\u015bnia. \u017bywot \u015bwi\u0119tego Cypryana i \u015bwi\u0119tej Justyny, M\u0119czennik\u00f3w. - Tradycja i Wiara<\/title>\n<meta name=\"robots\" content=\"index, follow, max-snippet:-1, max-image-preview:large, max-video-preview:-1\" \/>\n<link rel=\"canonical\" href=\"https:\/\/wobronietradycjiiwiary.com\/pl\/26-go-wrzesnia-zywot-swietego-cypryana-i-swietej-justyny-meczennikow-2-2-2-2\/\" \/>\n<meta property=\"og:locale\" content=\"pl_PL\" \/>\n<meta property=\"og:type\" content=\"article\" \/>\n<meta property=\"og:title\" content=\"26-go Wrze\u015bnia. \u017bywot \u015bwi\u0119tego Cypryana i \u015bwi\u0119tej Justyny, M\u0119czennik\u00f3w. - Tradycja i Wiara\" \/>\n<meta property=\"og:description\" content=\"\u015aw. Cyprian, tym razem nie biskup Kartaginy o tym samym imieniu, ale by\u0142y okultysta i mag jest jak najbardziej \u015bwi\u0119tym na nasze czasy, gdy\u017c zajmowa\u0142 si\u0119 w czasach rozkwitu magii tym, czym zajmuje si\u0119 dzisiaj wielu. Co ciekawe, to w\u0142a\u015bnie poszukiwania &#8222;silniejszych czar\u00f3w&#8221; przywiod\u0142o go do chrze\u015bcija\u0144stwa i nawet kap\u0142a\u0144stwa, bo tak jak jemu s\u0142u\u017cy\u0142y [&hellip;]\" \/>\n<meta property=\"og:url\" content=\"https:\/\/wobronietradycjiiwiary.com\/pl\/26-go-wrzesnia-zywot-swietego-cypryana-i-swietej-justyny-meczennikow-2-2-2-2\/\" \/>\n<meta property=\"og:site_name\" content=\"Tradycja i Wiara\" \/>\n<meta property=\"article:publisher\" content=\"https:\/\/www.facebook.com\/Tradycja-i-Wiara-108813920592249\" \/>\n<meta property=\"article:published_time\" content=\"2025-09-26T06:15:19+00:00\" \/>\n<meta property=\"og:image\" content=\"https:\/\/wobronietradycjiiwiary.com\/wp-content\/uploads\/2020\/09\/cyprian-and-justina-.jpg\" \/>\n\t<meta property=\"og:image:width\" content=\"392\" \/>\n\t<meta property=\"og:image:height\" content=\"567\" \/>\n\t<meta property=\"og:image:type\" content=\"image\/jpeg\" \/>\n<meta name=\"author\" content=\"Traditio et Fides\" \/>\n<meta name=\"twitter:card\" content=\"summary_large_image\" \/>\n<meta name=\"twitter:label1\" content=\"Napisane przez\" \/>\n\t<meta name=\"twitter:data1\" content=\"Traditio et Fides\" \/>\n\t<meta name=\"twitter:label2\" content=\"Szacowany czas czytania\" \/>\n\t<meta name=\"twitter:data2\" content=\"9 minut\" \/>\n<script type=\"application\/ld+json\" class=\"yoast-schema-graph\">{\"@context\":\"https:\\\/\\\/schema.org\",\"@graph\":[{\"@type\":\"Article\",\"@id\":\"https:\\\/\\\/wobronietradycjiiwiary.com\\\/26-go-wrzesnia-zywot-swietego-cypryana-i-swietej-justyny-meczennikow-2-2-2-2\\\/#article\",\"isPartOf\":{\"@id\":\"https:\\\/\\\/wobronietradycjiiwiary.com\\\/26-go-wrzesnia-zywot-swietego-cypryana-i-swietej-justyny-meczennikow-2-2-2-2\\\/\"},\"author\":{\"name\":\"Traditio et Fides\",\"@id\":\"https:\\\/\\\/wobronietradycjiiwiary.com\\\/pl\\\/#\\\/schema\\\/person\\\/2d6180ce6abcb681fef0daab7816e8f3\"},\"headline\":\"26-go Wrze\u015bnia. \u017bywot \u015bwi\u0119tego Cypryana i \u015bwi\u0119tej Justyny, M\u0119czennik\u00f3w.\",\"datePublished\":\"2025-09-26T06:15:19+00:00\",\"mainEntityOfPage\":{\"@id\":\"https:\\\/\\\/wobronietradycjiiwiary.com\\\/26-go-wrzesnia-zywot-swietego-cypryana-i-swietej-justyny-meczennikow-2-2-2-2\\\/\"},\"wordCount\":1821,\"commentCount\":0,\"publisher\":{\"@id\":\"https:\\\/\\\/wobronietradycjiiwiary.com\\\/pl\\\/#organization\"},\"image\":{\"@id\":\"https:\\\/\\\/wobronietradycjiiwiary.com\\\/26-go-wrzesnia-zywot-swietego-cypryana-i-swietej-justyny-meczennikow-2-2-2-2\\\/#primaryimage\"},\"thumbnailUrl\":\"https:\\\/\\\/wobronietradycjiiwiary.com\\\/wp-content\\\/uploads\\\/2020\\\/09\\\/cyprian-and-justina-.jpg\",\"articleSection\":[\"09. \u015awi\u0119ta we wrze\u015bniu\",\"Duchowo\u015b\u0107\",\"Liturgia i liturgika\",\"M\u0119scy \u015bwi\u0119ci\",\"Rok liturgiczny\",\"Rozwa\u017cania liturgiczne\",\"\u017bywoty \u015awi\u0119tych\"],\"inLanguage\":\"pl-PL\",\"potentialAction\":[{\"@type\":\"CommentAction\",\"name\":\"Comment\",\"target\":[\"https:\\\/\\\/wobronietradycjiiwiary.com\\\/26-go-wrzesnia-zywot-swietego-cypryana-i-swietej-justyny-meczennikow-2-2-2-2\\\/#respond\"]}]},{\"@type\":\"WebPage\",\"@id\":\"https:\\\/\\\/wobronietradycjiiwiary.com\\\/26-go-wrzesnia-zywot-swietego-cypryana-i-swietej-justyny-meczennikow-2-2-2-2\\\/\",\"url\":\"https:\\\/\\\/wobronietradycjiiwiary.com\\\/26-go-wrzesnia-zywot-swietego-cypryana-i-swietej-justyny-meczennikow-2-2-2-2\\\/\",\"name\":\"26-go Wrze\u015bnia. \u017bywot \u015bwi\u0119tego Cypryana i \u015bwi\u0119tej Justyny, M\u0119czennik\u00f3w. - Tradycja i Wiara\",\"isPartOf\":{\"@id\":\"https:\\\/\\\/wobronietradycjiiwiary.com\\\/pl\\\/#website\"},\"primaryImageOfPage\":{\"@id\":\"https:\\\/\\\/wobronietradycjiiwiary.com\\\/26-go-wrzesnia-zywot-swietego-cypryana-i-swietej-justyny-meczennikow-2-2-2-2\\\/#primaryimage\"},\"image\":{\"@id\":\"https:\\\/\\\/wobronietradycjiiwiary.com\\\/26-go-wrzesnia-zywot-swietego-cypryana-i-swietej-justyny-meczennikow-2-2-2-2\\\/#primaryimage\"},\"thumbnailUrl\":\"https:\\\/\\\/wobronietradycjiiwiary.com\\\/wp-content\\\/uploads\\\/2020\\\/09\\\/cyprian-and-justina-.jpg\",\"datePublished\":\"2025-09-26T06:15:19+00:00\",\"breadcrumb\":{\"@id\":\"https:\\\/\\\/wobronietradycjiiwiary.com\\\/26-go-wrzesnia-zywot-swietego-cypryana-i-swietej-justyny-meczennikow-2-2-2-2\\\/#breadcrumb\"},\"inLanguage\":\"pl-PL\",\"potentialAction\":[{\"@type\":\"ReadAction\",\"target\":[\"https:\\\/\\\/wobronietradycjiiwiary.com\\\/26-go-wrzesnia-zywot-swietego-cypryana-i-swietej-justyny-meczennikow-2-2-2-2\\\/\"]}]},{\"@type\":\"ImageObject\",\"inLanguage\":\"pl-PL\",\"@id\":\"https:\\\/\\\/wobronietradycjiiwiary.com\\\/26-go-wrzesnia-zywot-swietego-cypryana-i-swietej-justyny-meczennikow-2-2-2-2\\\/#primaryimage\",\"url\":\"https:\\\/\\\/wobronietradycjiiwiary.com\\\/wp-content\\\/uploads\\\/2020\\\/09\\\/cyprian-and-justina-.jpg\",\"contentUrl\":\"https:\\\/\\\/wobronietradycjiiwiary.com\\\/wp-content\\\/uploads\\\/2020\\\/09\\\/cyprian-and-justina-.jpg\",\"width\":392,\"height\":567},{\"@type\":\"BreadcrumbList\",\"@id\":\"https:\\\/\\\/wobronietradycjiiwiary.com\\\/26-go-wrzesnia-zywot-swietego-cypryana-i-swietej-justyny-meczennikow-2-2-2-2\\\/#breadcrumb\",\"itemListElement\":[{\"@type\":\"ListItem\",\"position\":1,\"name\":\"Strona g\u0142\u00f3wna\",\"item\":\"https:\\\/\\\/wobronietradycjiiwiary.com\\\/\"},{\"@type\":\"ListItem\",\"position\":2,\"name\":\"26-go Wrze\u015bnia. \u017bywot \u015bwi\u0119tego Cypryana i \u015bwi\u0119tej Justyny, M\u0119czennik\u00f3w.\"}]},{\"@type\":\"WebSite\",\"@id\":\"https:\\\/\\\/wobronietradycjiiwiary.com\\\/pl\\\/#website\",\"url\":\"https:\\\/\\\/wobronietradycjiiwiary.com\\\/pl\\\/\",\"name\":\"Tradycja i Wiara\",\"description\":\"Portal dla katolik\u00f3w.\",\"publisher\":{\"@id\":\"https:\\\/\\\/wobronietradycjiiwiary.com\\\/pl\\\/#organization\"},\"potentialAction\":[{\"@type\":\"SearchAction\",\"target\":{\"@type\":\"EntryPoint\",\"urlTemplate\":\"https:\\\/\\\/wobronietradycjiiwiary.com\\\/pl\\\/?s={search_term_string}\"},\"query-input\":{\"@type\":\"PropertyValueSpecification\",\"valueRequired\":true,\"valueName\":\"search_term_string\"}}],\"inLanguage\":\"pl-PL\"},{\"@type\":\"Organization\",\"@id\":\"https:\\\/\\\/wobronietradycjiiwiary.com\\\/pl\\\/#organization\",\"name\":\"Tradycja i Wiara\",\"url\":\"https:\\\/\\\/wobronietradycjiiwiary.com\\\/pl\\\/\",\"logo\":{\"@type\":\"ImageObject\",\"inLanguage\":\"pl-PL\",\"@id\":\"https:\\\/\\\/wobronietradycjiiwiary.com\\\/pl\\\/#\\\/schema\\\/logo\\\/image\\\/\",\"url\":\"https:\\\/\\\/i0.wp.com\\\/wobronietradycjiiwiary.com\\\/wp-content\\\/uploads\\\/2015\\\/10\\\/cropped-st-peters-dome-vatican.jpg?fit=940%2C198&ssl=1\",\"contentUrl\":\"https:\\\/\\\/i0.wp.com\\\/wobronietradycjiiwiary.com\\\/wp-content\\\/uploads\\\/2015\\\/10\\\/cropped-st-peters-dome-vatican.jpg?fit=940%2C198&ssl=1\",\"width\":940,\"height\":198,\"caption\":\"Tradycja i Wiara\"},\"image\":{\"@id\":\"https:\\\/\\\/wobronietradycjiiwiary.com\\\/pl\\\/#\\\/schema\\\/logo\\\/image\\\/\"},\"sameAs\":[\"https:\\\/\\\/www.facebook.com\\\/Tradycja-i-Wiara-108813920592249\"]},{\"@type\":\"Person\",\"@id\":\"https:\\\/\\\/wobronietradycjiiwiary.com\\\/pl\\\/#\\\/schema\\\/person\\\/2d6180ce6abcb681fef0daab7816e8f3\",\"name\":\"Traditio et Fides\",\"sameAs\":[\"https:\\\/\\\/traditionundglauben.com\"],\"url\":\"https:\\\/\\\/wobronietradycjiiwiary.com\\\/pl\\\/author\\\/wobronietradycjiiwiary\\\/\"}]}<\/script>\n<!-- \/ Yoast SEO plugin. -->","yoast_head_json":{"title":"26-go Wrze\u015bnia. \u017bywot \u015bwi\u0119tego Cypryana i \u015bwi\u0119tej Justyny, M\u0119czennik\u00f3w. - Tradycja i Wiara","robots":{"index":"index","follow":"follow","max-snippet":"max-snippet:-1","max-image-preview":"max-image-preview:large","max-video-preview":"max-video-preview:-1"},"canonical":"https:\/\/wobronietradycjiiwiary.com\/pl\/26-go-wrzesnia-zywot-swietego-cypryana-i-swietej-justyny-meczennikow-2-2-2-2\/","og_locale":"pl_PL","og_type":"article","og_title":"26-go Wrze\u015bnia. \u017bywot \u015bwi\u0119tego Cypryana i \u015bwi\u0119tej Justyny, M\u0119czennik\u00f3w. - Tradycja i Wiara","og_description":"\u015aw. Cyprian, tym razem nie biskup Kartaginy o tym samym imieniu, ale by\u0142y okultysta i mag jest jak najbardziej \u015bwi\u0119tym na nasze czasy, gdy\u017c zajmowa\u0142 si\u0119 w czasach rozkwitu magii tym, czym zajmuje si\u0119 dzisiaj wielu. Co ciekawe, to w\u0142a\u015bnie poszukiwania &#8222;silniejszych czar\u00f3w&#8221; przywiod\u0142o go do chrze\u015bcija\u0144stwa i nawet kap\u0142a\u0144stwa, bo tak jak jemu s\u0142u\u017cy\u0142y [&hellip;]","og_url":"https:\/\/wobronietradycjiiwiary.com\/pl\/26-go-wrzesnia-zywot-swietego-cypryana-i-swietej-justyny-meczennikow-2-2-2-2\/","og_site_name":"Tradycja i Wiara","article_publisher":"https:\/\/www.facebook.com\/Tradycja-i-Wiara-108813920592249","article_published_time":"2025-09-26T06:15:19+00:00","og_image":[{"width":392,"height":567,"url":"https:\/\/wobronietradycjiiwiary.com\/wp-content\/uploads\/2020\/09\/cyprian-and-justina-.jpg","type":"image\/jpeg"}],"author":"Traditio et Fides","twitter_card":"summary_large_image","twitter_misc":{"Napisane przez":"Traditio et Fides","Szacowany czas czytania":"9 minut"},"schema":{"@context":"https:\/\/schema.org","@graph":[{"@type":"Article","@id":"https:\/\/wobronietradycjiiwiary.com\/26-go-wrzesnia-zywot-swietego-cypryana-i-swietej-justyny-meczennikow-2-2-2-2\/#article","isPartOf":{"@id":"https:\/\/wobronietradycjiiwiary.com\/26-go-wrzesnia-zywot-swietego-cypryana-i-swietej-justyny-meczennikow-2-2-2-2\/"},"author":{"name":"Traditio et Fides","@id":"https:\/\/wobronietradycjiiwiary.com\/pl\/#\/schema\/person\/2d6180ce6abcb681fef0daab7816e8f3"},"headline":"26-go Wrze\u015bnia. \u017bywot \u015bwi\u0119tego Cypryana i \u015bwi\u0119tej Justyny, M\u0119czennik\u00f3w.","datePublished":"2025-09-26T06:15:19+00:00","mainEntityOfPage":{"@id":"https:\/\/wobronietradycjiiwiary.com\/26-go-wrzesnia-zywot-swietego-cypryana-i-swietej-justyny-meczennikow-2-2-2-2\/"},"wordCount":1821,"commentCount":0,"publisher":{"@id":"https:\/\/wobronietradycjiiwiary.com\/pl\/#organization"},"image":{"@id":"https:\/\/wobronietradycjiiwiary.com\/26-go-wrzesnia-zywot-swietego-cypryana-i-swietej-justyny-meczennikow-2-2-2-2\/#primaryimage"},"thumbnailUrl":"https:\/\/wobronietradycjiiwiary.com\/wp-content\/uploads\/2020\/09\/cyprian-and-justina-.jpg","articleSection":["09. \u015awi\u0119ta we wrze\u015bniu","Duchowo\u015b\u0107","Liturgia i liturgika","M\u0119scy \u015bwi\u0119ci","Rok liturgiczny","Rozwa\u017cania liturgiczne","\u017bywoty \u015awi\u0119tych"],"inLanguage":"pl-PL","potentialAction":[{"@type":"CommentAction","name":"Comment","target":["https:\/\/wobronietradycjiiwiary.com\/26-go-wrzesnia-zywot-swietego-cypryana-i-swietej-justyny-meczennikow-2-2-2-2\/#respond"]}]},{"@type":"WebPage","@id":"https:\/\/wobronietradycjiiwiary.com\/26-go-wrzesnia-zywot-swietego-cypryana-i-swietej-justyny-meczennikow-2-2-2-2\/","url":"https:\/\/wobronietradycjiiwiary.com\/26-go-wrzesnia-zywot-swietego-cypryana-i-swietej-justyny-meczennikow-2-2-2-2\/","name":"26-go Wrze\u015bnia. \u017bywot \u015bwi\u0119tego Cypryana i \u015bwi\u0119tej Justyny, M\u0119czennik\u00f3w. - Tradycja i Wiara","isPartOf":{"@id":"https:\/\/wobronietradycjiiwiary.com\/pl\/#website"},"primaryImageOfPage":{"@id":"https:\/\/wobronietradycjiiwiary.com\/26-go-wrzesnia-zywot-swietego-cypryana-i-swietej-justyny-meczennikow-2-2-2-2\/#primaryimage"},"image":{"@id":"https:\/\/wobronietradycjiiwiary.com\/26-go-wrzesnia-zywot-swietego-cypryana-i-swietej-justyny-meczennikow-2-2-2-2\/#primaryimage"},"thumbnailUrl":"https:\/\/wobronietradycjiiwiary.com\/wp-content\/uploads\/2020\/09\/cyprian-and-justina-.jpg","datePublished":"2025-09-26T06:15:19+00:00","breadcrumb":{"@id":"https:\/\/wobronietradycjiiwiary.com\/26-go-wrzesnia-zywot-swietego-cypryana-i-swietej-justyny-meczennikow-2-2-2-2\/#breadcrumb"},"inLanguage":"pl-PL","potentialAction":[{"@type":"ReadAction","target":["https:\/\/wobronietradycjiiwiary.com\/26-go-wrzesnia-zywot-swietego-cypryana-i-swietej-justyny-meczennikow-2-2-2-2\/"]}]},{"@type":"ImageObject","inLanguage":"pl-PL","@id":"https:\/\/wobronietradycjiiwiary.com\/26-go-wrzesnia-zywot-swietego-cypryana-i-swietej-justyny-meczennikow-2-2-2-2\/#primaryimage","url":"https:\/\/wobronietradycjiiwiary.com\/wp-content\/uploads\/2020\/09\/cyprian-and-justina-.jpg","contentUrl":"https:\/\/wobronietradycjiiwiary.com\/wp-content\/uploads\/2020\/09\/cyprian-and-justina-.jpg","width":392,"height":567},{"@type":"BreadcrumbList","@id":"https:\/\/wobronietradycjiiwiary.com\/26-go-wrzesnia-zywot-swietego-cypryana-i-swietej-justyny-meczennikow-2-2-2-2\/#breadcrumb","itemListElement":[{"@type":"ListItem","position":1,"name":"Strona g\u0142\u00f3wna","item":"https:\/\/wobronietradycjiiwiary.com\/"},{"@type":"ListItem","position":2,"name":"26-go Wrze\u015bnia. \u017bywot \u015bwi\u0119tego Cypryana i \u015bwi\u0119tej Justyny, M\u0119czennik\u00f3w."}]},{"@type":"WebSite","@id":"https:\/\/wobronietradycjiiwiary.com\/pl\/#website","url":"https:\/\/wobronietradycjiiwiary.com\/pl\/","name":"Tradycja i Wiara","description":"Portal dla katolik\u00f3w.","publisher":{"@id":"https:\/\/wobronietradycjiiwiary.com\/pl\/#organization"},"potentialAction":[{"@type":"SearchAction","target":{"@type":"EntryPoint","urlTemplate":"https:\/\/wobronietradycjiiwiary.com\/pl\/?s={search_term_string}"},"query-input":{"@type":"PropertyValueSpecification","valueRequired":true,"valueName":"search_term_string"}}],"inLanguage":"pl-PL"},{"@type":"Organization","@id":"https:\/\/wobronietradycjiiwiary.com\/pl\/#organization","name":"Tradycja i Wiara","url":"https:\/\/wobronietradycjiiwiary.com\/pl\/","logo":{"@type":"ImageObject","inLanguage":"pl-PL","@id":"https:\/\/wobronietradycjiiwiary.com\/pl\/#\/schema\/logo\/image\/","url":"https:\/\/i0.wp.com\/wobronietradycjiiwiary.com\/wp-content\/uploads\/2015\/10\/cropped-st-peters-dome-vatican.jpg?fit=940%2C198&ssl=1","contentUrl":"https:\/\/i0.wp.com\/wobronietradycjiiwiary.com\/wp-content\/uploads\/2015\/10\/cropped-st-peters-dome-vatican.jpg?fit=940%2C198&ssl=1","width":940,"height":198,"caption":"Tradycja i Wiara"},"image":{"@id":"https:\/\/wobronietradycjiiwiary.com\/pl\/#\/schema\/logo\/image\/"},"sameAs":["https:\/\/www.facebook.com\/Tradycja-i-Wiara-108813920592249"]},{"@type":"Person","@id":"https:\/\/wobronietradycjiiwiary.com\/pl\/#\/schema\/person\/2d6180ce6abcb681fef0daab7816e8f3","name":"Traditio et Fides","sameAs":["https:\/\/traditionundglauben.com"],"url":"https:\/\/wobronietradycjiiwiary.com\/pl\/author\/wobronietradycjiiwiary\/"}]}},"jetpack_publicize_connections":[],"jetpack_sharing_enabled":true,"jetpack_likes_enabled":true,"jetpack_shortlink":"https:\/\/wp.me\/pc04Sd-DAR","jetpack-related-posts":[{"id":37102,"url":"https:\/\/wobronietradycjiiwiary.com\/pl\/26-go-wrzesnia-zywot-swietego-cypryana-i-swietej-justyny-meczennikow\/","url_meta":{"origin":152201,"position":0},"title":"26-go Wrze\u015bnia. \u017bywot \u015bwi\u0119tego Cypryana i \u015bwi\u0119tej Justyny, M\u0119czennik\u00f3w.","author":"Traditio et Fides","date":"26 wrze\u015bnia 2020","format":false,"excerpt":"\u015bw. Cyprian by\u0142 okultyst\u0105, kt\u00f3ry \u015bw. Justyny czarem mi\u0142osnym nie zniewoli\u0142. I przez \"wi\u0119ksza czary\" sta\u0142 si\u0119 chrze\u015bcijaninem. Pocieszaj\u0105ce.","rel":"","context":"W \u201e09. \u015awi\u0119ta we wrze\u015bniu&quot;","block_context":{"text":"09. \u015awi\u0119ta we wrze\u015bniu","link":"https:\/\/wobronietradycjiiwiary.com\/pl\/category\/duchowosc\/liturgia-i-liturgika\/rozwazania\/rok-liturgiczny\/swieta-we-wrzesniu\/"},"img":{"alt_text":"","src":"https:\/\/i0.wp.com\/wobronietradycjiiwiary.com\/wp-content\/uploads\/2020\/09\/cyprian-and-justina-.jpg?resize=350%2C200&ssl=1","width":350,"height":200},"classes":[]},{"id":52157,"url":"https:\/\/wobronietradycjiiwiary.com\/pl\/26-go-wrzesnia-zywot-swietego-cypryana-i-swietej-justyny-meczennikow-3\/","url_meta":{"origin":152201,"position":1},"title":"26-go Wrze\u015bnia. \u017bywot \u015bwi\u0119tego Cypryana i \u015bwi\u0119tej Justyny, M\u0119czennik\u00f3w.","author":"Traditio et Fides","date":"26 wrze\u015bnia 2021","format":false,"excerpt":"\u015bw. Cyprian by\u0142 okultyst\u0105, kt\u00f3ry \u015bw. Justyny czarem mi\u0142osnym nie zniewoli\u0142. I przez \"wi\u0119ksza czary\" sta\u0142 si\u0119 chrze\u015bcijaninem. Pocieszaj\u0105ce.","rel":"","context":"W \u201e09. \u015awi\u0119ta we wrze\u015bniu&quot;","block_context":{"text":"09. \u015awi\u0119ta we wrze\u015bniu","link":"https:\/\/wobronietradycjiiwiary.com\/pl\/category\/duchowosc\/liturgia-i-liturgika\/rozwazania\/rok-liturgiczny\/swieta-we-wrzesniu\/"},"img":{"alt_text":"","src":"https:\/\/i0.wp.com\/wobronietradycjiiwiary.com\/wp-content\/uploads\/2020\/09\/cyprian-and-justina-.jpg?resize=350%2C200&ssl=1","width":350,"height":200},"classes":[]},{"id":37109,"url":"https:\/\/wobronietradycjiiwiary.com\/pl\/26-go-wrzesnia-zywot-swietego-cypryana-i-swietej-justyny-meczennikow-2\/","url_meta":{"origin":152201,"position":2},"title":"26-go Wrze\u015bnia. \u017bywot \u015bwi\u0119tego Cypryana i \u015bwi\u0119tej Justyny, M\u0119czennik\u00f3w.","author":"Traditio et Fides","date":"26 wrze\u015bnia 2022","format":false,"excerpt":"\u015aw. Cyprian, tym razem nie biskup Kartaginy o tym samym imieniu, ale by\u0142y okultysta i mag jest jak najbardziej \u015bwi\u0119tym na nasze czasy, gdy\u017c zajmowa\u0142 si\u0119 w czasach rozkwitu magii tym, czym zajmuje si\u0119 dzisiaj wielu. Co ciekawe, to w\u0142a\u015bnie poszukiwania \"silniejszych czar\u00f3w\" przywiod\u0142o go do chrze\u015bcija\u0144stwa i nawet kap\u0142a\u0144stwa,\u2026","rel":"","context":"W \u201e09. \u015awi\u0119ta we wrze\u015bniu&quot;","block_context":{"text":"09. \u015awi\u0119ta we wrze\u015bniu","link":"https:\/\/wobronietradycjiiwiary.com\/pl\/category\/duchowosc\/liturgia-i-liturgika\/rozwazania\/rok-liturgiczny\/swieta-we-wrzesniu\/"},"img":{"alt_text":"","src":"https:\/\/i0.wp.com\/wobronietradycjiiwiary.com\/wp-content\/uploads\/2020\/09\/cyprian-and-justina-.jpg?resize=350%2C200&ssl=1","width":350,"height":200},"classes":[]},{"id":120491,"url":"https:\/\/wobronietradycjiiwiary.com\/pl\/26-go-wrzesnia-zywot-swietego-cypryana-i-swietej-justyny-meczennikow-2-2-2\/","url_meta":{"origin":152201,"position":3},"title":"26-go Wrze\u015bnia. \u017bywot \u015bwi\u0119tego Cypryana i \u015bwi\u0119tej Justyny, M\u0119czennik\u00f3w.","author":"Traditio et Fides","date":"26 wrze\u015bnia 2024","format":false,"excerpt":"\u015aw. Cyprian, tym razem nie biskup Kartaginy o tym samym imieniu, ale by\u0142y okultysta i mag jest jak najbardziej \u015bwi\u0119tym na nasze czasy, gdy\u017c zajmowa\u0142 si\u0119 w czasach rozkwitu magii tym, czym zajmuje si\u0119 dzisiaj wielu. Co ciekawe, to w\u0142a\u015bnie poszukiwania \"silniejszych czar\u00f3w\" przywiod\u0142o go do chrze\u015bcija\u0144stwa i nawet kap\u0142a\u0144stwa,\u2026","rel":"","context":"W \u201e09. \u015awi\u0119ta we wrze\u015bniu&quot;","block_context":{"text":"09. \u015awi\u0119ta we wrze\u015bniu","link":"https:\/\/wobronietradycjiiwiary.com\/pl\/category\/duchowosc\/liturgia-i-liturgika\/rozwazania\/rok-liturgiczny\/swieta-we-wrzesniu\/"},"img":{"alt_text":"","src":"https:\/\/i0.wp.com\/wobronietradycjiiwiary.com\/wp-content\/uploads\/2020\/09\/cyprian-and-justina-.jpg?resize=350%2C200&ssl=1","width":350,"height":200},"classes":[]},{"id":100758,"url":"https:\/\/wobronietradycjiiwiary.com\/pl\/26-go-wrzesnia-zywot-swietego-cypryana-i-swietej-justyny-meczennikow-2-2\/","url_meta":{"origin":152201,"position":4},"title":"26-go Wrze\u015bnia. \u017bywot \u015bwi\u0119tego Cypryana i \u015bwi\u0119tej Justyny, M\u0119czennik\u00f3w.","author":"Traditio et Fides","date":"26 wrze\u015bnia 2023","format":false,"excerpt":"\u015aw. Cyprian, tym razem nie biskup Kartaginy o tym samym imieniu, ale by\u0142y okultysta i mag jest jak najbardziej \u015bwi\u0119tym na nasze czasy, gdy\u017c zajmowa\u0142 si\u0119 w czasach rozkwitu magii tym, czym zajmuje si\u0119 dzisiaj wielu. Co ciekawe, to w\u0142a\u015bnie poszukiwania \"silniejszych czar\u00f3w\" przywiod\u0142o go do chrze\u015bcija\u0144stwa i nawet kap\u0142a\u0144stwa,\u2026","rel":"","context":"W \u201e09. \u015awi\u0119ta we wrze\u015bniu&quot;","block_context":{"text":"09. \u015awi\u0119ta we wrze\u015bniu","link":"https:\/\/wobronietradycjiiwiary.com\/pl\/category\/duchowosc\/liturgia-i-liturgika\/rozwazania\/rok-liturgiczny\/swieta-we-wrzesniu\/"},"img":{"alt_text":"","src":"https:\/\/i0.wp.com\/wobronietradycjiiwiary.com\/wp-content\/uploads\/2020\/09\/cyprian-and-justina-.jpg?resize=350%2C200&ssl=1","width":350,"height":200},"classes":[]},{"id":79851,"url":"https:\/\/wobronietradycjiiwiary.com\/pl\/czysciec-istnieje-6-czysciec-w-tradycji-kosciola-swiadectwa-patrystyczne-2-2-2\/","url_meta":{"origin":152201,"position":5},"title":"Czy\u015bciec istnieje. (6) Czy\u015bciec w Tradycji Ko\u015bcio\u0142a. \u015awiadectwa patrystyczne (2).","author":"Traditio et Fides","date":"6 listopada 2022","format":false,"excerpt":"Czas lektury: 6 minut Dowody patrystyczne (2) Cyprian z Kartaginy (zm. 258) \u015aw. Cyprian z Kartaginy \u017cy\u0142 i tworzy\u0142 w czasach prze\u015bladowa\u0144 chrze\u015bcijan. W czasach tych, tak\u017ce w ko\u015bciele kartagi\u0144skim, wielu chrze\u015bcijan publicznie zapar\u0142o si\u0119 wiary i z\u0142o\u017cy\u0142o ofiar\u0119 bo\u017ckom. By\u0142y zatem r\u00f3\u017cne mniej lub bardziej ci\u0119\u017ckie formy apostazji st\u0105d\u2026","rel":"","context":"W \u201eCzy\u015bciec&quot;","block_context":{"text":"Czy\u015bciec","link":"https:\/\/wobronietradycjiiwiary.com\/pl\/category\/doktryna\/teologia-dogmatyczna\/rzeczy-ostateczne-eschatologia\/czysciec\/"},"img":{"alt_text":"","src":"https:\/\/i0.wp.com\/wobronietradycjiiwiary.com\/wp-content\/uploads\/2015\/10\/purghellrubens.jpg?resize=350%2C200&ssl=1","width":350,"height":200},"classes":[]}],"jetpack_featured_media_url":"https:\/\/wobronietradycjiiwiary.com\/wp-content\/uploads\/2020\/09\/cyprian-and-justina-.jpg","_links":{"self":[{"href":"https:\/\/wobronietradycjiiwiary.com\/pl\/wp-json\/wp\/v2\/posts\/152201","targetHints":{"allow":["GET"]}}],"collection":[{"href":"https:\/\/wobronietradycjiiwiary.com\/pl\/wp-json\/wp\/v2\/posts"}],"about":[{"href":"https:\/\/wobronietradycjiiwiary.com\/pl\/wp-json\/wp\/v2\/types\/post"}],"author":[{"embeddable":true,"href":"https:\/\/wobronietradycjiiwiary.com\/pl\/wp-json\/wp\/v2\/users\/60508433"}],"replies":[{"embeddable":true,"href":"https:\/\/wobronietradycjiiwiary.com\/pl\/wp-json\/wp\/v2\/comments?post=152201"}],"version-history":[{"count":1,"href":"https:\/\/wobronietradycjiiwiary.com\/pl\/wp-json\/wp\/v2\/posts\/152201\/revisions"}],"predecessor-version":[{"id":152206,"href":"https:\/\/wobronietradycjiiwiary.com\/pl\/wp-json\/wp\/v2\/posts\/152201\/revisions\/152206"}],"wp:featuredmedia":[{"embeddable":true,"href":"https:\/\/wobronietradycjiiwiary.com\/pl\/wp-json\/wp\/v2\/media\/37107"}],"wp:attachment":[{"href":"https:\/\/wobronietradycjiiwiary.com\/pl\/wp-json\/wp\/v2\/media?parent=152201"}],"wp:term":[{"taxonomy":"category","embeddable":true,"href":"https:\/\/wobronietradycjiiwiary.com\/pl\/wp-json\/wp\/v2\/categories?post=152201"},{"taxonomy":"post_tag","embeddable":true,"href":"https:\/\/wobronietradycjiiwiary.com\/pl\/wp-json\/wp\/v2\/tags?post=152201"}],"curies":[{"name":"wp","href":"https:\/\/api.w.org\/{rel}","templated":true}]}}