{"id":152200,"date":"2025-09-25T08:15:09","date_gmt":"2025-09-25T06:15:09","guid":{"rendered":"https:\/\/wobronietradycjiiwiary.com\/?p=152200"},"modified":"2025-09-02T12:26:08","modified_gmt":"2025-09-02T10:26:08","slug":"25-go-wrzesnia-zywot-swietego-pelagiusza-mlodzieniaszka-i-meczennika-2-2-2-2","status":"publish","type":"post","link":"https:\/\/wobronietradycjiiwiary.com\/pl\/25-go-wrzesnia-zywot-swietego-pelagiusza-mlodzieniaszka-i-meczennika-2-2-2-2\/","title":{"rendered":"25-go Wrze\u015bnia. \u017bywot \u015bwi\u0119tego Pelagiusza, M\u0142odzieniaszka i M\u0119czennika."},"content":{"rendered":"<div id=\"bsf_rt_marker\"><\/div>\n<p class=\"has-text-align-justify wp-block-paragraph\"><span style=\"\" class=\"has-inline-color has-vivid-purple-color\">\u015aw. Pelagiusz z Kordoby, kt\u00f3rego nie nale\u017cy myli\u0107 z mnichem-heretykiem Pelagiuszem tw\u00f3rc\u0105 pelagianizmu, sta\u0142 si\u0119 ofiar\u0105 pedofila i mahometanina, wi\u0119c zdecydowanie mo\u017ce or\u0119dowa\u0107 za nami w naszych czasach. <\/span><\/p>\n\n\n\n<p class=\"has-text-align-justify wp-block-paragraph\"><span style=\"\" class=\"has-inline-color has-vivid-purple-color\">Nie do\u015b\u0107, \u017ce jako dziecko zosta\u0142 zak\u0142adnikiem, to sta\u0142 si\u0119 jeszcze w wieku lat 13 m\u0119czennikiem poni\u00f3s\u0142szy niesamowicie okrutne m\u0119cze\u0144stwo. <\/span><\/p>\n\n\n\n<p class=\"has-text-align-justify wp-block-paragraph\"><span style=\"color: #9b51e0;\" class=\"has-inline-color has-vivid-purple-color\">Rzeczywi\u015bcie dawni katoliccy \u015bwi\u0119ci to mieli \u017cycie i dlatego zostali wykre\u015bleni z kalendarza, by nie sta\u0107 na drodze &#8222;mi\u0119dzyreligijnemu dialogowi z islamem&#8221;. Ech.<\/span><\/p>\n\n\n\n<p class=\"has-text-align-center wp-block-paragraph\">(\u017by\u0142 oko\u0142o roku Pa\u0144skiego 925).<\/p>\n\n\n\n<figure class=\"wp-block-image\"><a href=\"https:\/\/pl.wikisource.org\/wiki\/Plik:%C5%BBywoty_%C5%9Bw._Pa%C5%84skich_na_wszystkie_dnie_roku-Inicja%C5%82-W.png\"><img decoding=\"async\" src=\"https:\/\/upload.wikimedia.org\/wikipedia\/commons\/thumb\/8\/8f\/%C5%BBywoty_%C5%9Bw._Pa%C5%84skich_na_wszystkie_dnie_roku-Inicja%C5%82-W.png\/75px-%C5%BBywoty_%C5%9Bw._Pa%C5%84skich_na_wszystkie_dnie_roku-Inicja%C5%82-W.png\" alt=\"W\"\/><\/a><\/figure>\n\n\n\n<p class=\"has-text-align-justify wp-block-paragraph\">Wed\u0142ug wszelkiego prawdopodobie\u0144stwa by\u0142 Pelagiusz potomkiem znakomitej szlacheckiej rodziny i jako dziesi\u0119cioletni ch\u0142opczyk umieszczony zosta\u0142 w orszaku dworzan kr\u00f3la Abderramana III w mie\u015bcie Kordowie w Hiszpanii. Wuj jego, Biskup Hermogiusz w krwawej bitwie dosta\u0142 si\u0119 do niewoli i zosta\u0142 przez Abderramana puszczony na woln\u0105 stop\u0119 w zamian za kilku je\u0144c\u00f3w Sarace\u0144skich. Ma\u0142ego Pelagiusza zatrzymano u dworu jako zak\u0142adnika tak d\u0142ugo, dop\u00f3ty wymiana nie nast\u0105pi. M\u0142ody panicz zwr\u00f3ci\u0142 na siebie w wi\u0119zieniu powszechn\u0105 uwag\u0119. Ca\u0142a jego posta\u0107 tchn\u0119\u0142a niewymownym wdzi\u0119kiem i powabem, na wysokiem jego czole ja\u015bnia\u0142 spok\u00f3j niewinno\u015bci, w ciemnych jego oczach i \u0142agodnem spojrzeniu przebija\u0142a si\u0119 pogoda i cicha rado\u015b\u0107.<\/p>\n\n\n\n<p class=\"has-text-align-justify wp-block-paragraph\"><br \/>Gdy po trzech latach Hermogiusz nie dope\u0142ni\u0142 warunk\u00f3w ugody, do kt\u00f3rej si\u0119 uroczy\u015bcie zobowi\u0105za\u0142 i pewnego dnia przy stole kr\u00f3lewskim mowa by\u0142a o urodzie, rozumie i nieposzlakowanej cnocie m\u0142odego Pelagiusza, Abderraman w te s\u0142owa si\u0119 odezwa\u0142: \u201eDaruj\u0119 ch\u0142opcu \u017cycie i obdarz\u0119 go wolno\u015bci\u0105, byleby przyj\u0105\u0142 wiar\u0119 Mahometa. Przywdziejcie mu wi\u0119c szaty \u015bwi\u0105teczne i stawcie go przede mn\u0105.\u201c Wszed\u0142 Pelagiusz do kr\u00f3lewskiej sali, podobniejszy do Anio\u0142a, ani\u017celi do cz\u0142owieka. Oczarowany nim Abderraman tak do niego przem\u00f3wi\u0142: \u201eNie tylko ci\u0119 u\u0142askawi\u0119 i zatrzymam u siebie, ale obsypi\u0119 ci\u0119 pieni\u0119dzmi i zlej\u0119 na ciebie najwy\u017csze godno\u015bci i dostoje\u0144stwa, byleby\u015b si\u0119 wyrzek\u0142 chrze\u015bcija\u0144stwa i przyj\u0105\u0142 nasz\u0105 wiar\u0119.\u201c Ch\u0142opczyk odpowiedzia\u0142 szczerze i otwarcie: \u201eTrudno mi, a nawet niepodobno przysta\u0107 na propozycy\u0119 twoj\u0105. Wiara moja posiada niesko\u0144czon\u0105 i wiekuist\u0105 warto\u015b\u0107. To za\u015b, co mi obiecujesz, nie jest niczem, lecz marnym tylko szumem i blichtrem.\u201c \u015amia\u0142a ta i otwarta mowa spodoba\u0142a si\u0119 mocno kr\u00f3lowi, przyci\u0105gn\u0105\u0142 ch\u0142opczyka do siebie, aby go pog\u0142aska\u0107 i uca\u0142owa\u0107, ale Pelagiusz odepchn\u0105\u0142 go od siebie i rzek\u0142: \u201eOdczep si\u0119 ode mnie i nie kalaj mnie nieczystemi usty. Czy mo\u017ce my\u015blisz, \u017ce jestem niewiast\u0105, jak twe niewolnice? Za \u0142ask\u0105 Bo\u017c\u0105 poznasz, \u017ce mi nie brak odwagi.\u201c<\/p>\n\n\n\n<p class=\"has-text-align-justify wp-block-paragraph\"><br \/>\u2009Nie mog\u0105c poj\u0105\u0107 takiej \u015bmia\u0142o\u015bci i znie\u015b\u0107 zas\u0142u\u017conej wzgardy, zawrza\u0142 Abderraman gniewem i w rozj\u0105trzeniu zawo\u0142a\u0142: \u201eAlbo natychmiast przeklnij wiar\u0119 w Chrystusa, albo przyspos\u00f3b si\u0119 na \u015bmier\u0107 pe\u0142n\u0105 udr\u0119cze\u0144!\u201c Nie namy\u015bla\u0142 si\u0119 ani chwili Pelagiusz, pogodnem obliczem spojrza\u0142 w Niebo i robi\u0105c na sobie znak Krzy\u017ca \u015bwi\u0119tego odda\u0142 si\u0119 w r\u0119ce siepaczy. Ci ucinali mu jeden cz\u0142onek po drugim; najprz\u00f3d oderzn\u0119li mu wargi, nos, policzki i uszy, wy\u0142upili mu oczy, potem odj\u0119li mu palce u n\u00f3g, poprzerzynali stawy kolan, r\u0105k i ramion, a\u017c pod same pachy, w kt\u00f3ry to spos\u00f3b sze\u015b\u0107 godzin pastwili si\u0119 nad nim z okrucie\u0144stwem tygrysa. \u015awi\u0119ty M\u0119czennik zni\u00f3s\u0142 wszystko z m\u0119stwem podziwienia godnem, i j\u0119k jeden z piersi jego si\u0119 nie wyrwa\u0142, a usta jego szepta\u0142y ciche modlitwy, \u015bwiadcz\u0105ce o jego wdzi\u0119czno\u015bci i mi\u0142o\u015bci Chrystusa, p\u00f3ki go nie ubieg\u0142a krew, a dusza nie ulecia\u0142a w regiony niebieskie. Sta\u0142o si\u0119 to w dniu 26 czerwca roku Pa\u0144skiego 925. Pokrajane cz\u0142onki jego rzucili Saraceni we wod\u0119. Chrze\u015bcijanie pozbierali je i pochowali na cmentarzu \u015bwi\u0119tego Gennedyusza, g\u0142ow\u0119 umie\u015bcili w ko\u015bciele \u015bwi\u0119tego Cypryana. \u015awi\u0119ty Pelagiusz jest przedmiotem powszechnej czci w Hiszpanii, gdzie wiele ko\u015bcio\u0142\u00f3w wystawiono pod wezwaniem jego.<\/p>\n\n\n\n<h3 class=\"wp-block-heading\"><br \/><strong>Nauka moralna.<\/strong><\/h3>\n\n\n\n<p class=\"wp-block-paragraph\"><\/p>\n\n\n\n<p class=\"has-text-align-justify wp-block-paragraph\">\u2009\u015awi\u0119ty Pelagiusz mo\u017ce rzeczywi\u015bcie by\u0107 dla ka\u017cdego chrze\u015bcijanina przyk\u0142adem prawdziwej, na g\u0142\u0119bokiej wierze opartej nadziei i otuchy. Roz\u0142\u0105czony z ukochan\u0105 rodzin\u0105, przebywaj\u0105c na dworze kr\u00f3lewskim jako jeniec i zak\u0142adnik, poleci\u0142 si\u0119 opiece Boskiej, czekaj\u0105c bez obawy na to, co Opatrzno\u015b\u0107 Bo\u017ca na niego ze\u015ble. I nas B\u00f3g przy Chrzcie \u015bwi\u0119tym obdarzy\u0142 nadprzyrodzon\u0105 \u0142ask\u0105 nadziei; \u0107wiczmy si\u0119 w niej, mno\u017cmy j\u0105 w sobie, id\u0105c za przyk\u0142adem tego \u015bwi\u0119tego M\u0142odzieniaszka. Uskuteczni\u0107 to mo\u017cemy trojakim sposobem:<br \/><a href=\"https:\/\/pl.wikisource.org\/wiki\/Plik:%C5%BBywoty_%C5%9Bw._Pa%C5%84skich_na_wszystkie_dnie_roku-picture_p._939.jpg\"><\/a>\u015awi\u0119ty Pelagiusz.<\/p>\n\n\n\n<p class=\"has-text-align-justify wp-block-paragraph\">\u20091) Nie przywi\u0119zujmy si\u0119 za nadto do d\u00f3br doczesnych, dostoje\u0144stw, zaszczyt\u00f3w, pieni\u0119dzy i zmys\u0142owych rozkoszy, lecz m\u00f3wmy z \u015bw. Pelagiuszem: \u201eDuszo moja, wszystkie dobra doczesne s\u0105 tylko nik\u0142\u0105 piank\u0105, sennem marzeniem. M\u0105dro\u015b\u0107 i mi\u0142osierdzie Bo\u017ce da\u0142o ci na ten kr\u00f3tki przeci\u0105g \u017cywota tyle, ile ci potrzeba i da ci wszystko, ile ci tylko b\u0119dzie potrzeba a\u017c do godziny zgonu. Pragnij przeto o wiele wi\u0119cej \u0142aski \u017cywota pobo\u017cnego i \u015bwi\u0119tobliwego i staraj si\u0119 o szcz\u0119\u015bcie wiekuiste.\u201c Pokusy s\u0105 silne i rozliczne, pon\u0119ty po\u017c\u0105dliwo\u015bci wielkie i trudne do pokonania, ale im cz\u0119\u015bciej w sobie o\u017cywia\u0107 b\u0119dziemy nadziej\u0119 prawdziwych rado\u015bci niebieskich, tem pewniej odniesiemy zwyci\u0119stwo nad poci\u0105giem do rzeczy marnych i znikomych.<\/p>\n\n\n\n<p class=\"has-text-align-justify wp-block-paragraph\"><br \/>\u20092) Ze wzgl\u0119du na \u017cycie i zdrowie, na zaj\u0119cia powo\u0142ania swego i troski o zarobek i utrzymanie, najlepiej p\u00f3j\u015b\u0107 za rad\u0105 Piotra \u015bwi\u0119tego:&nbsp;\u201eZdajcie wszystkie k\u0142opoty swoje na Boga, gdy\u017c Ten ma o was staranie.\u201c Mateusz za\u015b \u015bwi\u0119ty m\u00f3wi:&nbsp;\u201eJe\u015bli nie b\u0119dziecie jak ci mali, nie wejdziecie do Kr\u00f3lestwa niebieskiego.\u201cDzieci\u0119 jest zawsze dobrej my\u015bli, nie wie co to jest frasowa\u0107 i troszczy\u0107 si\u0119, nie pyta o to, sk\u0105d ojciec we\u017amie na jego ubi\u00f3r i po\u017cywienie; je\u015bli czuje b\u00f3l, bie\u017cy do ojca, powie, co mu dolega, a zreszt\u0105 o nic nie dba w przekonaniu, \u017ce ojciec na wszystko poradzi i o wszystko si\u0119 postara. Tak i my powinni\u015bmy ufa\u0107 Bogu i pok\u0142ada\u0107 w Nim nadziej\u0119; nie wynika st\u0105d aby\u015bmy za\u0142o\u017cyli r\u0119ce i byli bezczynnymi; taka nadzieja by\u0142aby grzeszn\u0105 i zuchwa\u0142\u0105. Bez Boga nie zdo\u0142amy sobie pom\u00f3dz, ale i B\u00f3g nam nie pomo\u017ce je\u015bli sami si\u0119 nie przyczynimy.<\/p>\n\n\n\n<p class=\"has-text-align-justify wp-block-paragraph\"><br \/>\u20093) W biedzie i ucisku, w smutku i utrapieniu nie tra\u0107my ducha i zno\u015bmy wszystko cierpliwie, pomn\u0105c na to, \u017ce wszelkie cierpienia s\u0105 przemijaj\u0105ce a rado\u015bci niebieskie wiecznotrwa\u0142e. Maj\u0105c ten wzgl\u0105d na my\u015bli, ukrzepia\u0107 si\u0119 b\u0119dziemy nadziej\u0105 i silnymi si\u0119 uczujemy w duchu. Pami\u0119tajmy o tem, \u017ce ten kr\u00f3tki pobyt na tym padole p\u0142aczu jest czasem pr\u00f3b i do\u015bwiadcze\u0144, \u017ce inn\u0105 drog\u0105 nie dojdziemy do Nieba i wiekuistych jego rado\u015bci, jak tylko drog\u0105 krzy\u017cow\u0105, kt\u00f3r\u0105 sam Chrystus chodzi\u0142. Przez ca\u0142e sze\u015b\u0107 godzin zadawano Pelagiuszowi nies\u0142ychane m\u0119ki i udr\u0119czenia. C\u00f3\u017c go krzepi\u0142o i trzyma\u0142o, c\u00f3\u017c go powstrzymywa\u0142o od j\u0119k\u00f3w i narzeka\u0144, je\u015bli nie nadzieja nagrody niebieskiej? Owe sze\u015b\u0107 godzin strasznych m\u0105k i udr\u0119cze\u0144 zapisa\u0142 mu B\u00f3g w ksi\u0119dze&nbsp;zas\u0142ug jego, a wierny Swej obietnicy, nagradza mu je szczodrze i hojnie od lat blisko tysi\u0105ca. Wstyd przeto i ha\u0144ba chrze\u015bcijanom, kt\u00f3rzy szemrz\u0105c i niecierpliwi\u0105c si\u0119 w z\u0142ej doli, pozwalaj\u0105 si\u0119 zawstydzi\u0107 m\u0142odziuchnemu Pelagiuszowi.<\/p>\n\n\n\n<h3 class=\"wp-block-heading\"><br \/><strong>Modlitwa.<\/strong><\/h3>\n\n\n\n<blockquote class=\"wp-block-quote is-layout-flow wp-block-quote-is-layout-flow\">\n<p class=\"wp-block-paragraph\">\u2009Bo\u017ce wszechmog\u0105cy, kt\u00f3ry\u015b m\u0142odzieniaszka Pelagiusza \u015bwi\u0119tego obdarzy\u0142 si\u0142\u0105 zniesienia najstraszliwszych m\u0105k i katuszy, racz i nas \u0142askawie utwierdzi\u0107 w przekonaniu, \u017ce wszelkie strapienia, smutki i niepowodzenia, jakie Ci si\u0119 spodoba na nas zsy\u0142a\u0107, maj\u0105 tylko dobro nasze na oku i zmierzaj\u0105 jedynie do tego, aby nas uczyni\u0107 godniejszymi szcz\u0119\u015bcia wiekuistego, kt\u00f3re przeznaczy\u0142e\u015b dla tych, kt\u00f3rzy si\u0119 Ciebie trzymaj\u0105 i wiernie Ci s\u0142u\u017c\u0105. Przez Pana naszego Jezusa Chrystusa. Amen.<\/p>\n<\/blockquote>\n\n\n\n<p class=\"has-text-align-justify wp-block-paragraph\"><em>Opr\u00f3cz tego obchodzi Ko\u015bci\u00f3\u0142 \u015bwi\u0119ty pami\u0105tk\u0119 nast\u0119puj\u0105cych \u015awi\u0119tych Pa\u0144skich, zamieszczonych w rzymskiem martyrologium:<\/em><\/p>\n\n\n\n<p class=\"has-text-align-justify wp-block-paragraph\">\u2009<strong>Dnia 25-go wrze\u015bnia<\/strong>&nbsp;w miejscowo\u015bci Emmaus m\u0119cze\u0144stwo \u015bwi\u0119tego&nbsp;Kleofasa, Ucznia Chrystusa Pana, kt\u00f3rego \u017cydzi zabi\u0107 mieli dla wiary w tym samym domu, do kt\u00f3rego zaprosi\u0142 Zbawiciela; tam\u017ce znajduje si\u0119 tak\u017ce gr\u00f3b jego, doznaj\u0105cy czci wielkiej. \u2014 W Rzymie \u015bmier\u0107 m\u0119cze\u0144ska \u015bw.&nbsp;Herkulana, \u017bo\u0142nierza, nawr\u00f3conego widokiem cud\u00f3w, zasz\u0142ych podczas m\u0119cze\u0144stwa \u015bw.&nbsp;Aleksandra, Biskupa. Za cesarza Antonina poni\u00f3s\u0142 bardzo wiele m\u0105k i zosta\u0142 wko\u0144cu mieczem \u015bci\u0119ty. \u2014 W Amiens we Francyi uroczysto\u015b\u0107 \u015bw.&nbsp;Firmina, Biskupa, co w prze\u015bladowaniu Dyoklecyana za prezesa Ryktyowara po wielu m\u0119czarniach dozna\u0142 chwa\u0142y wiecznej mieczem kata. W Damaszku pami\u0105tka \u015bw. Ma\u0142\u017conk\u00f3w&nbsp;Paw\u0142a i Tatty, z synami&nbsp;Sabinianem, Maksymem, Rufusem i Eugeniuszem, kt\u00f3rzy oskar\u017ceni o wiar\u0119 chrze\u015bcija\u0144sk\u0105 pod razami bicz\u00f3w oraz innemi m\u0119kami wydali ducha. \u2014 W Azyi m\u0119cze\u0144stwo \u015bw.&nbsp;Bardomiana, Eukarpa&nbsp;i innych 26&nbsp;M\u0119czennik\u00f3w. \u2014 Tego samego dnia uroczysto\u015b\u0107 \u015bw.&nbsp;Anatalona, Biskupa, kt\u00f3ry jako ucze\u0144 \u015bw. Barnaby, Aposto\u0142a, nast\u0105pi\u0142 po nim w kierownictwie Ko\u015bcio\u0142a Medyola\u0144skiego. \u2014 W Lyonie z\u0142o\u017cenie zw\u0142ok \u015bw.&nbsp;Lupusa, powo\u0142anego z pustelni na stolic\u0119 Biskupi\u0105. \u2014 W Auxerre uroczysto\u015b\u0107 \u015bw.&nbsp;Anacharyusza, Biskupa i Wyznawcy. \u2014 W Blois pami\u0105tka cudotw\u00f3rczego Biskupa&nbsp;Solemniusza&nbsp;z Chartres. \u2014 Tego\u017c dnia uroczysto\u015b\u0107 \u015bw.&nbsp;Pryncypiusza, Biskupa z Soissons, brata \u015bw. Remigiusza, Biskupa. \u2014 W Anagni pami\u0105tka \u015bw.&nbsp;Aurelii i Neomysyi, Dziewic. \u2014 W San Sewerino z\u0142o\u017cenie zw\u0142ok \u015bw.&nbsp;Pacyfika, Wyznawcy z reformowanego zakonu \u015bw. Franciszka Braci Mniejszych, odznaczonego nadzwyczajn\u0105 cierpliwo\u015bci\u0105 i zami\u0142owaniem samotno\u015bci; Papie\u017c Grzegorz XVI policzy\u0142 go w poczet \u015awi\u0119tych.<\/p>\n","protected":false},"excerpt":{"rendered":"<p>\u015aw. Pelagiusz z Kordoby, kt\u00f3rego nie nale\u017cy myli\u0107 z mnichem-heretykiem Pelagiuszem tw\u00f3rc\u0105 pelagianizmu, sta\u0142 si\u0119 ofiar\u0105 pedofila i mahometanina, wi\u0119c zdecydowanie mo\u017ce or\u0119dowa\u0107 za nami w naszych czasach. Nie do\u015b\u0107, \u017ce jako dziecko zosta\u0142 zak\u0142adnikiem, to sta\u0142 si\u0119 jeszcze w wieku lat 13 m\u0119czennikiem poni\u00f3s\u0142szy niesamowicie okrutne m\u0119cze\u0144stwo. Rzeczywi\u015bcie dawni katoliccy \u015bwi\u0119ci to mieli \u017cycie [&hellip;]<\/p>\n","protected":false},"author":60508433,"featured_media":37099,"comment_status":"open","ping_status":"open","sticky":false,"template":"","format":"standard","meta":{"_coblocks_attr":"","_coblocks_dimensions":"","_coblocks_responsive_height":"","_coblocks_accordion_ie_support":"","_exactmetrics_skip_tracking":false,"_jetpack_newsletter_access":"","_jetpack_dont_email_post_to_subs":false,"_jetpack_newsletter_tier_id":0,"_jetpack_memberships_contains_paywalled_content":false,"_wpcom_ai_launchpad_first_post":false,"_jetpack_feature_clip_id":0,"_jetpack_memberships_contains_paid_content":false,"footnotes":"","jetpack_publicize_message":"{title}\n\n{excerpt}\n\n{url}","jetpack_publicize_feature_enabled":true,"jetpack_social_post_already_shared":true,"jetpack_social_options":{"image_generator_settings":{"template":"highway","default_image_id":0,"font":"","enabled":false},"version":2},"_wpas_customize_per_network":false,"jetpack_post_was_ever_published":false},"categories":[610131824,610131184,336375535,610134932,610131155,610132042],"tags":[],"class_list":["post-152200","post","type-post","status-publish","format-standard","has-post-thumbnail","hentry","category-swieta-we-wrzesniu","category-duchowosc","category-liturgia-i-liturgika","category-mescy-swieci","category-rozwazania","category-zywoty-swietych"],"yoast_head":"<!-- This site is optimized with the Yoast SEO plugin v28.3 - https:\/\/yoast.com\/product\/yoast-seo-wordpress\/ -->\n<title>25-go Wrze\u015bnia. \u017bywot \u015bwi\u0119tego Pelagiusza, M\u0142odzieniaszka i M\u0119czennika. - Tradycja i Wiara<\/title>\n<meta name=\"robots\" content=\"index, follow, max-snippet:-1, max-image-preview:large, max-video-preview:-1\" \/>\n<link rel=\"canonical\" href=\"https:\/\/wobronietradycjiiwiary.com\/pl\/25-go-wrzesnia-zywot-swietego-pelagiusza-mlodzieniaszka-i-meczennika-2-2-2-2\/\" \/>\n<meta property=\"og:locale\" content=\"pl_PL\" \/>\n<meta property=\"og:type\" content=\"article\" \/>\n<meta property=\"og:title\" content=\"25-go Wrze\u015bnia. \u017bywot \u015bwi\u0119tego Pelagiusza, M\u0142odzieniaszka i M\u0119czennika. - Tradycja i Wiara\" \/>\n<meta property=\"og:description\" content=\"\u015aw. Pelagiusz z Kordoby, kt\u00f3rego nie nale\u017cy myli\u0107 z mnichem-heretykiem Pelagiuszem tw\u00f3rc\u0105 pelagianizmu, sta\u0142 si\u0119 ofiar\u0105 pedofila i mahometanina, wi\u0119c zdecydowanie mo\u017ce or\u0119dowa\u0107 za nami w naszych czasach. Nie do\u015b\u0107, \u017ce jako dziecko zosta\u0142 zak\u0142adnikiem, to sta\u0142 si\u0119 jeszcze w wieku lat 13 m\u0119czennikiem poni\u00f3s\u0142szy niesamowicie okrutne m\u0119cze\u0144stwo. Rzeczywi\u015bcie dawni katoliccy \u015bwi\u0119ci to mieli \u017cycie [&hellip;]\" \/>\n<meta property=\"og:url\" content=\"https:\/\/wobronietradycjiiwiary.com\/pl\/25-go-wrzesnia-zywot-swietego-pelagiusza-mlodzieniaszka-i-meczennika-2-2-2-2\/\" \/>\n<meta property=\"og:site_name\" content=\"Tradycja i Wiara\" \/>\n<meta property=\"article:publisher\" content=\"https:\/\/www.facebook.com\/Tradycja-i-Wiara-108813920592249\" \/>\n<meta property=\"article:published_time\" content=\"2025-09-25T06:15:09+00:00\" \/>\n<meta property=\"og:image\" content=\"https:\/\/wobronietradycjiiwiary.com\/wp-content\/uploads\/2020\/09\/Pelagius.jpg\" \/>\n\t<meta property=\"og:image:width\" content=\"1200\" \/>\n\t<meta property=\"og:image:height\" content=\"1693\" \/>\n\t<meta property=\"og:image:type\" content=\"image\/jpeg\" \/>\n<meta name=\"author\" content=\"Traditio et Fides\" \/>\n<meta name=\"twitter:card\" content=\"summary_large_image\" \/>\n<meta name=\"twitter:label1\" content=\"Napisane przez\" \/>\n\t<meta name=\"twitter:data1\" content=\"Traditio et Fides\" \/>\n\t<meta name=\"twitter:label2\" content=\"Szacowany czas czytania\" \/>\n\t<meta name=\"twitter:data2\" content=\"8 minut\" \/>\n<script type=\"application\/ld+json\" class=\"yoast-schema-graph\">{\"@context\":\"https:\\\/\\\/schema.org\",\"@graph\":[{\"@type\":\"Article\",\"@id\":\"https:\\\/\\\/wobronietradycjiiwiary.com\\\/25-go-wrzesnia-zywot-swietego-pelagiusza-mlodzieniaszka-i-meczennika-2-2-2-2\\\/#article\",\"isPartOf\":{\"@id\":\"https:\\\/\\\/wobronietradycjiiwiary.com\\\/25-go-wrzesnia-zywot-swietego-pelagiusza-mlodzieniaszka-i-meczennika-2-2-2-2\\\/\"},\"author\":{\"name\":\"Traditio et Fides\",\"@id\":\"https:\\\/\\\/wobronietradycjiiwiary.com\\\/pl\\\/#\\\/schema\\\/person\\\/2d6180ce6abcb681fef0daab7816e8f3\"},\"headline\":\"25-go Wrze\u015bnia. \u017bywot \u015bwi\u0119tego Pelagiusza, M\u0142odzieniaszka i M\u0119czennika.\",\"datePublished\":\"2025-09-25T06:15:09+00:00\",\"mainEntityOfPage\":{\"@id\":\"https:\\\/\\\/wobronietradycjiiwiary.com\\\/25-go-wrzesnia-zywot-swietego-pelagiusza-mlodzieniaszka-i-meczennika-2-2-2-2\\\/\"},\"wordCount\":1701,\"commentCount\":0,\"publisher\":{\"@id\":\"https:\\\/\\\/wobronietradycjiiwiary.com\\\/pl\\\/#organization\"},\"image\":{\"@id\":\"https:\\\/\\\/wobronietradycjiiwiary.com\\\/25-go-wrzesnia-zywot-swietego-pelagiusza-mlodzieniaszka-i-meczennika-2-2-2-2\\\/#primaryimage\"},\"thumbnailUrl\":\"https:\\\/\\\/wobronietradycjiiwiary.com\\\/wp-content\\\/uploads\\\/2020\\\/09\\\/Pelagius.jpg\",\"articleSection\":[\"09. \u015awi\u0119ta we wrze\u015bniu\",\"Duchowo\u015b\u0107\",\"Liturgia i liturgika\",\"M\u0119scy \u015bwi\u0119ci\",\"Rozwa\u017cania liturgiczne\",\"\u017bywoty \u015awi\u0119tych\"],\"inLanguage\":\"pl-PL\",\"potentialAction\":[{\"@type\":\"CommentAction\",\"name\":\"Comment\",\"target\":[\"https:\\\/\\\/wobronietradycjiiwiary.com\\\/25-go-wrzesnia-zywot-swietego-pelagiusza-mlodzieniaszka-i-meczennika-2-2-2-2\\\/#respond\"]}]},{\"@type\":\"WebPage\",\"@id\":\"https:\\\/\\\/wobronietradycjiiwiary.com\\\/25-go-wrzesnia-zywot-swietego-pelagiusza-mlodzieniaszka-i-meczennika-2-2-2-2\\\/\",\"url\":\"https:\\\/\\\/wobronietradycjiiwiary.com\\\/25-go-wrzesnia-zywot-swietego-pelagiusza-mlodzieniaszka-i-meczennika-2-2-2-2\\\/\",\"name\":\"25-go Wrze\u015bnia. \u017bywot \u015bwi\u0119tego Pelagiusza, M\u0142odzieniaszka i M\u0119czennika. - Tradycja i Wiara\",\"isPartOf\":{\"@id\":\"https:\\\/\\\/wobronietradycjiiwiary.com\\\/pl\\\/#website\"},\"primaryImageOfPage\":{\"@id\":\"https:\\\/\\\/wobronietradycjiiwiary.com\\\/25-go-wrzesnia-zywot-swietego-pelagiusza-mlodzieniaszka-i-meczennika-2-2-2-2\\\/#primaryimage\"},\"image\":{\"@id\":\"https:\\\/\\\/wobronietradycjiiwiary.com\\\/25-go-wrzesnia-zywot-swietego-pelagiusza-mlodzieniaszka-i-meczennika-2-2-2-2\\\/#primaryimage\"},\"thumbnailUrl\":\"https:\\\/\\\/wobronietradycjiiwiary.com\\\/wp-content\\\/uploads\\\/2020\\\/09\\\/Pelagius.jpg\",\"datePublished\":\"2025-09-25T06:15:09+00:00\",\"breadcrumb\":{\"@id\":\"https:\\\/\\\/wobronietradycjiiwiary.com\\\/25-go-wrzesnia-zywot-swietego-pelagiusza-mlodzieniaszka-i-meczennika-2-2-2-2\\\/#breadcrumb\"},\"inLanguage\":\"pl-PL\",\"potentialAction\":[{\"@type\":\"ReadAction\",\"target\":[\"https:\\\/\\\/wobronietradycjiiwiary.com\\\/25-go-wrzesnia-zywot-swietego-pelagiusza-mlodzieniaszka-i-meczennika-2-2-2-2\\\/\"]}]},{\"@type\":\"ImageObject\",\"inLanguage\":\"pl-PL\",\"@id\":\"https:\\\/\\\/wobronietradycjiiwiary.com\\\/25-go-wrzesnia-zywot-swietego-pelagiusza-mlodzieniaszka-i-meczennika-2-2-2-2\\\/#primaryimage\",\"url\":\"https:\\\/\\\/wobronietradycjiiwiary.com\\\/wp-content\\\/uploads\\\/2020\\\/09\\\/Pelagius.jpg\",\"contentUrl\":\"https:\\\/\\\/wobronietradycjiiwiary.com\\\/wp-content\\\/uploads\\\/2020\\\/09\\\/Pelagius.jpg\",\"width\":1200,\"height\":1693},{\"@type\":\"BreadcrumbList\",\"@id\":\"https:\\\/\\\/wobronietradycjiiwiary.com\\\/25-go-wrzesnia-zywot-swietego-pelagiusza-mlodzieniaszka-i-meczennika-2-2-2-2\\\/#breadcrumb\",\"itemListElement\":[{\"@type\":\"ListItem\",\"position\":1,\"name\":\"Strona g\u0142\u00f3wna\",\"item\":\"https:\\\/\\\/wobronietradycjiiwiary.com\\\/\"},{\"@type\":\"ListItem\",\"position\":2,\"name\":\"25-go Wrze\u015bnia. \u017bywot \u015bwi\u0119tego Pelagiusza, M\u0142odzieniaszka i M\u0119czennika.\"}]},{\"@type\":\"WebSite\",\"@id\":\"https:\\\/\\\/wobronietradycjiiwiary.com\\\/pl\\\/#website\",\"url\":\"https:\\\/\\\/wobronietradycjiiwiary.com\\\/pl\\\/\",\"name\":\"Tradycja i Wiara\",\"description\":\"Portal dla katolik\u00f3w.\",\"publisher\":{\"@id\":\"https:\\\/\\\/wobronietradycjiiwiary.com\\\/pl\\\/#organization\"},\"potentialAction\":[{\"@type\":\"SearchAction\",\"target\":{\"@type\":\"EntryPoint\",\"urlTemplate\":\"https:\\\/\\\/wobronietradycjiiwiary.com\\\/pl\\\/?s={search_term_string}\"},\"query-input\":{\"@type\":\"PropertyValueSpecification\",\"valueRequired\":true,\"valueName\":\"search_term_string\"}}],\"inLanguage\":\"pl-PL\"},{\"@type\":\"Organization\",\"@id\":\"https:\\\/\\\/wobronietradycjiiwiary.com\\\/pl\\\/#organization\",\"name\":\"Tradycja i Wiara\",\"url\":\"https:\\\/\\\/wobronietradycjiiwiary.com\\\/pl\\\/\",\"logo\":{\"@type\":\"ImageObject\",\"inLanguage\":\"pl-PL\",\"@id\":\"https:\\\/\\\/wobronietradycjiiwiary.com\\\/pl\\\/#\\\/schema\\\/logo\\\/image\\\/\",\"url\":\"https:\\\/\\\/i0.wp.com\\\/wobronietradycjiiwiary.com\\\/wp-content\\\/uploads\\\/2015\\\/10\\\/cropped-st-peters-dome-vatican.jpg?fit=940%2C198&ssl=1\",\"contentUrl\":\"https:\\\/\\\/i0.wp.com\\\/wobronietradycjiiwiary.com\\\/wp-content\\\/uploads\\\/2015\\\/10\\\/cropped-st-peters-dome-vatican.jpg?fit=940%2C198&ssl=1\",\"width\":940,\"height\":198,\"caption\":\"Tradycja i Wiara\"},\"image\":{\"@id\":\"https:\\\/\\\/wobronietradycjiiwiary.com\\\/pl\\\/#\\\/schema\\\/logo\\\/image\\\/\"},\"sameAs\":[\"https:\\\/\\\/www.facebook.com\\\/Tradycja-i-Wiara-108813920592249\"]},{\"@type\":\"Person\",\"@id\":\"https:\\\/\\\/wobronietradycjiiwiary.com\\\/pl\\\/#\\\/schema\\\/person\\\/2d6180ce6abcb681fef0daab7816e8f3\",\"name\":\"Traditio et Fides\",\"sameAs\":[\"https:\\\/\\\/traditionundglauben.com\"],\"url\":\"https:\\\/\\\/wobronietradycjiiwiary.com\\\/pl\\\/author\\\/wobronietradycjiiwiary\\\/\"}]}<\/script>\n<!-- \/ Yoast SEO plugin. -->","yoast_head_json":{"title":"25-go Wrze\u015bnia. \u017bywot \u015bwi\u0119tego Pelagiusza, M\u0142odzieniaszka i M\u0119czennika. - Tradycja i Wiara","robots":{"index":"index","follow":"follow","max-snippet":"max-snippet:-1","max-image-preview":"max-image-preview:large","max-video-preview":"max-video-preview:-1"},"canonical":"https:\/\/wobronietradycjiiwiary.com\/pl\/25-go-wrzesnia-zywot-swietego-pelagiusza-mlodzieniaszka-i-meczennika-2-2-2-2\/","og_locale":"pl_PL","og_type":"article","og_title":"25-go Wrze\u015bnia. \u017bywot \u015bwi\u0119tego Pelagiusza, M\u0142odzieniaszka i M\u0119czennika. - Tradycja i Wiara","og_description":"\u015aw. Pelagiusz z Kordoby, kt\u00f3rego nie nale\u017cy myli\u0107 z mnichem-heretykiem Pelagiuszem tw\u00f3rc\u0105 pelagianizmu, sta\u0142 si\u0119 ofiar\u0105 pedofila i mahometanina, wi\u0119c zdecydowanie mo\u017ce or\u0119dowa\u0107 za nami w naszych czasach. Nie do\u015b\u0107, \u017ce jako dziecko zosta\u0142 zak\u0142adnikiem, to sta\u0142 si\u0119 jeszcze w wieku lat 13 m\u0119czennikiem poni\u00f3s\u0142szy niesamowicie okrutne m\u0119cze\u0144stwo. Rzeczywi\u015bcie dawni katoliccy \u015bwi\u0119ci to mieli \u017cycie [&hellip;]","og_url":"https:\/\/wobronietradycjiiwiary.com\/pl\/25-go-wrzesnia-zywot-swietego-pelagiusza-mlodzieniaszka-i-meczennika-2-2-2-2\/","og_site_name":"Tradycja i Wiara","article_publisher":"https:\/\/www.facebook.com\/Tradycja-i-Wiara-108813920592249","article_published_time":"2025-09-25T06:15:09+00:00","og_image":[{"width":1200,"height":1693,"url":"https:\/\/wobronietradycjiiwiary.com\/wp-content\/uploads\/2020\/09\/Pelagius.jpg","type":"image\/jpeg"}],"author":"Traditio et Fides","twitter_card":"summary_large_image","twitter_misc":{"Napisane przez":"Traditio et Fides","Szacowany czas czytania":"8 minut"},"schema":{"@context":"https:\/\/schema.org","@graph":[{"@type":"Article","@id":"https:\/\/wobronietradycjiiwiary.com\/25-go-wrzesnia-zywot-swietego-pelagiusza-mlodzieniaszka-i-meczennika-2-2-2-2\/#article","isPartOf":{"@id":"https:\/\/wobronietradycjiiwiary.com\/25-go-wrzesnia-zywot-swietego-pelagiusza-mlodzieniaszka-i-meczennika-2-2-2-2\/"},"author":{"name":"Traditio et Fides","@id":"https:\/\/wobronietradycjiiwiary.com\/pl\/#\/schema\/person\/2d6180ce6abcb681fef0daab7816e8f3"},"headline":"25-go Wrze\u015bnia. \u017bywot \u015bwi\u0119tego Pelagiusza, M\u0142odzieniaszka i M\u0119czennika.","datePublished":"2025-09-25T06:15:09+00:00","mainEntityOfPage":{"@id":"https:\/\/wobronietradycjiiwiary.com\/25-go-wrzesnia-zywot-swietego-pelagiusza-mlodzieniaszka-i-meczennika-2-2-2-2\/"},"wordCount":1701,"commentCount":0,"publisher":{"@id":"https:\/\/wobronietradycjiiwiary.com\/pl\/#organization"},"image":{"@id":"https:\/\/wobronietradycjiiwiary.com\/25-go-wrzesnia-zywot-swietego-pelagiusza-mlodzieniaszka-i-meczennika-2-2-2-2\/#primaryimage"},"thumbnailUrl":"https:\/\/wobronietradycjiiwiary.com\/wp-content\/uploads\/2020\/09\/Pelagius.jpg","articleSection":["09. \u015awi\u0119ta we wrze\u015bniu","Duchowo\u015b\u0107","Liturgia i liturgika","M\u0119scy \u015bwi\u0119ci","Rozwa\u017cania liturgiczne","\u017bywoty \u015awi\u0119tych"],"inLanguage":"pl-PL","potentialAction":[{"@type":"CommentAction","name":"Comment","target":["https:\/\/wobronietradycjiiwiary.com\/25-go-wrzesnia-zywot-swietego-pelagiusza-mlodzieniaszka-i-meczennika-2-2-2-2\/#respond"]}]},{"@type":"WebPage","@id":"https:\/\/wobronietradycjiiwiary.com\/25-go-wrzesnia-zywot-swietego-pelagiusza-mlodzieniaszka-i-meczennika-2-2-2-2\/","url":"https:\/\/wobronietradycjiiwiary.com\/25-go-wrzesnia-zywot-swietego-pelagiusza-mlodzieniaszka-i-meczennika-2-2-2-2\/","name":"25-go Wrze\u015bnia. \u017bywot \u015bwi\u0119tego Pelagiusza, M\u0142odzieniaszka i M\u0119czennika. - Tradycja i Wiara","isPartOf":{"@id":"https:\/\/wobronietradycjiiwiary.com\/pl\/#website"},"primaryImageOfPage":{"@id":"https:\/\/wobronietradycjiiwiary.com\/25-go-wrzesnia-zywot-swietego-pelagiusza-mlodzieniaszka-i-meczennika-2-2-2-2\/#primaryimage"},"image":{"@id":"https:\/\/wobronietradycjiiwiary.com\/25-go-wrzesnia-zywot-swietego-pelagiusza-mlodzieniaszka-i-meczennika-2-2-2-2\/#primaryimage"},"thumbnailUrl":"https:\/\/wobronietradycjiiwiary.com\/wp-content\/uploads\/2020\/09\/Pelagius.jpg","datePublished":"2025-09-25T06:15:09+00:00","breadcrumb":{"@id":"https:\/\/wobronietradycjiiwiary.com\/25-go-wrzesnia-zywot-swietego-pelagiusza-mlodzieniaszka-i-meczennika-2-2-2-2\/#breadcrumb"},"inLanguage":"pl-PL","potentialAction":[{"@type":"ReadAction","target":["https:\/\/wobronietradycjiiwiary.com\/25-go-wrzesnia-zywot-swietego-pelagiusza-mlodzieniaszka-i-meczennika-2-2-2-2\/"]}]},{"@type":"ImageObject","inLanguage":"pl-PL","@id":"https:\/\/wobronietradycjiiwiary.com\/25-go-wrzesnia-zywot-swietego-pelagiusza-mlodzieniaszka-i-meczennika-2-2-2-2\/#primaryimage","url":"https:\/\/wobronietradycjiiwiary.com\/wp-content\/uploads\/2020\/09\/Pelagius.jpg","contentUrl":"https:\/\/wobronietradycjiiwiary.com\/wp-content\/uploads\/2020\/09\/Pelagius.jpg","width":1200,"height":1693},{"@type":"BreadcrumbList","@id":"https:\/\/wobronietradycjiiwiary.com\/25-go-wrzesnia-zywot-swietego-pelagiusza-mlodzieniaszka-i-meczennika-2-2-2-2\/#breadcrumb","itemListElement":[{"@type":"ListItem","position":1,"name":"Strona g\u0142\u00f3wna","item":"https:\/\/wobronietradycjiiwiary.com\/"},{"@type":"ListItem","position":2,"name":"25-go Wrze\u015bnia. \u017bywot \u015bwi\u0119tego Pelagiusza, M\u0142odzieniaszka i M\u0119czennika."}]},{"@type":"WebSite","@id":"https:\/\/wobronietradycjiiwiary.com\/pl\/#website","url":"https:\/\/wobronietradycjiiwiary.com\/pl\/","name":"Tradycja i Wiara","description":"Portal dla katolik\u00f3w.","publisher":{"@id":"https:\/\/wobronietradycjiiwiary.com\/pl\/#organization"},"potentialAction":[{"@type":"SearchAction","target":{"@type":"EntryPoint","urlTemplate":"https:\/\/wobronietradycjiiwiary.com\/pl\/?s={search_term_string}"},"query-input":{"@type":"PropertyValueSpecification","valueRequired":true,"valueName":"search_term_string"}}],"inLanguage":"pl-PL"},{"@type":"Organization","@id":"https:\/\/wobronietradycjiiwiary.com\/pl\/#organization","name":"Tradycja i Wiara","url":"https:\/\/wobronietradycjiiwiary.com\/pl\/","logo":{"@type":"ImageObject","inLanguage":"pl-PL","@id":"https:\/\/wobronietradycjiiwiary.com\/pl\/#\/schema\/logo\/image\/","url":"https:\/\/i0.wp.com\/wobronietradycjiiwiary.com\/wp-content\/uploads\/2015\/10\/cropped-st-peters-dome-vatican.jpg?fit=940%2C198&ssl=1","contentUrl":"https:\/\/i0.wp.com\/wobronietradycjiiwiary.com\/wp-content\/uploads\/2015\/10\/cropped-st-peters-dome-vatican.jpg?fit=940%2C198&ssl=1","width":940,"height":198,"caption":"Tradycja i Wiara"},"image":{"@id":"https:\/\/wobronietradycjiiwiary.com\/pl\/#\/schema\/logo\/image\/"},"sameAs":["https:\/\/www.facebook.com\/Tradycja-i-Wiara-108813920592249"]},{"@type":"Person","@id":"https:\/\/wobronietradycjiiwiary.com\/pl\/#\/schema\/person\/2d6180ce6abcb681fef0daab7816e8f3","name":"Traditio et Fides","sameAs":["https:\/\/traditionundglauben.com"],"url":"https:\/\/wobronietradycjiiwiary.com\/pl\/author\/wobronietradycjiiwiary\/"}]}},"jetpack_publicize_connections":[],"jetpack_sharing_enabled":true,"jetpack_likes_enabled":true,"jetpack_shortlink":"https:\/\/wp.me\/pc04Sd-DAQ","jetpack-related-posts":[{"id":161508,"url":"https:\/\/wobronietradycjiiwiary.com\/pl\/tomasz-z-akwinu-suppl-q-94-3-z-3-stosunek-swietych-do-potepionych-3-czy-ciesza-sie-z-kar-potepionych\/","url_meta":{"origin":152200,"position":0},"title":"Tomasz z Akwinu, Suppl. Q. 94. (3 z 3). Stosunek \u015bwi\u0119tych do pot\u0119pionych. (3) Czy ciesz\u0105 si\u0119 z kar pot\u0119pionych?","author":"Traditio et Fides","date":"27 lutego 2026","format":false,"excerpt":"\u015awi\u0119ci cieszy\u0107 si\u0119 b\u0119d\u0105 z kar bezbo\u017cnych jako z triumfu sprawiedliwo\u015bci Bo\u017cej.","rel":"","context":"W \u201eDoktryna&quot;","block_context":{"text":"Doktryna","link":"https:\/\/wobronietradycjiiwiary.com\/pl\/category\/doktryna\/"},"img":{"alt_text":"","src":"https:\/\/i0.wp.com\/wobronietradycjiiwiary.com\/wp-content\/uploads\/2025\/07\/wiki_Giotto___Scrovegni____38____Ascension_jpg-wiki_Giotto___Scrovegni____38____Ascension.jpg?resize=350%2C200&ssl=1","width":350,"height":200},"classes":[]},{"id":93410,"url":"https:\/\/wobronietradycjiiwiary.com\/pl\/sw-tomasz-z-akwinu-o-losach-dusz-po-smierci-25-z-27-modlitwa-do-swietych-w-niebie-1-czy-swieci-w-niebie-znaja-nasze-modlitwy-za-nich-zanoszone\/","url_meta":{"origin":152200,"position":1},"title":"\u015aw. Tomasz z Akwinu, O losach dusz po \u015bmierci (27 z 29). Modlitwa do \u015bwi\u0119tych w niebie (1). Czy \u015bwi\u0119ci w niebie znaj\u0105 nasze modlitwy za nich zanoszone?","author":"Traditio et Fides","date":"9 czerwca 2023","format":false,"excerpt":"MODLITWA DO \u015aWI\u0118TYCH W NIEBIE Obecnie b\u0119dzie mowa o modlitwie do \u015bwi\u0119tych w niebie. Odpowiemy na trzy pytania: 1. Czy \u015bwi\u0119ci w niebie znaj\u0105 nasze modlitwy do nich zanoszone? 2. Czy powinni\u015bmy prosi\u0107 ich, \u017ceby si\u0119 za nami modlili? 3. Czy ich modlitwy za nami zawsze bywaj\u0105 wys\u0142uchane? Bo o\u2026","rel":"","context":"W \u201eDoktryna&quot;","block_context":{"text":"Doktryna","link":"https:\/\/wobronietradycjiiwiary.com\/pl\/category\/doktryna\/"},"img":{"alt_text":"","src":"https:\/\/i0.wp.com\/wobronietradycjiiwiary.com\/wp-content\/uploads\/2023\/06\/swieci-w-niebie.jpg?resize=350%2C200&ssl=1","width":350,"height":200,"srcset":"https:\/\/i0.wp.com\/wobronietradycjiiwiary.com\/wp-content\/uploads\/2023\/06\/swieci-w-niebie.jpg?resize=350%2C200&ssl=1 1x, https:\/\/i0.wp.com\/wobronietradycjiiwiary.com\/wp-content\/uploads\/2023\/06\/swieci-w-niebie.jpg?resize=525%2C300&ssl=1 1.5x, https:\/\/i0.wp.com\/wobronietradycjiiwiary.com\/wp-content\/uploads\/2023\/06\/swieci-w-niebie.jpg?resize=700%2C400&ssl=1 2x"},"classes":[]},{"id":161283,"url":"https:\/\/wobronietradycjiiwiary.com\/pl\/tomasz-z-akwinu-suppl-q-94-2-z-3-stosunek-swietych-do-potepionych-2-czy-beda-im-wspolczuc\/","url_meta":{"origin":152200,"position":2},"title":"Tomasz z Akwinu, Suppl. Q. 94. (2 z 3). Stosunek \u015bwi\u0119tych do pot\u0119pionych. (2) Czy b\u0119d\u0105 im wsp\u00f3\u0142czu\u0107?","author":"Traditio et Fides","date":"20 lutego 2026","format":false,"excerpt":"O tym, \u017ce wsp\u00f3\u0142czucie nie zawsze jest dobrym rozwi\u0105zaniem.","rel":"","context":"W \u201eDoktryna&quot;","block_context":{"text":"Doktryna","link":"https:\/\/wobronietradycjiiwiary.com\/pl\/category\/doktryna\/"},"img":{"alt_text":"","src":"https:\/\/i0.wp.com\/wobronietradycjiiwiary.com\/wp-content\/uploads\/2025\/07\/wiki_Giotto___Scrovegni____38____Ascension_jpg-wiki_Giotto___Scrovegni____38____Ascension.jpg?resize=350%2C200&ssl=1","width":350,"height":200},"classes":[]},{"id":94831,"url":"https:\/\/wobronietradycjiiwiary.com\/pl\/sw-tomasz-z-akwinu-o-losach-dusz-po-smierci-26-z-27-modlitwa-do-swietych-w-niebie-3-czy-modlitwy-jakie-swieci-zanosza-do-boga-za-nami-zawsze-bywaja-wysluchane\/","url_meta":{"origin":152200,"position":3},"title":"\u015aw. Tomasz z Akwinu, O losach dusz po \u015bmierci (29 z 29). Modlitwa do \u015bwi\u0119tych w niebie (3). Czy modlitwy, jakie \u015bwi\u0119ci zanosz\u0105 do  Boga za nami, zawsze bywaj\u0105 wys\u0142uchane?","author":"Traditio et Fides","date":"23 czerwca 2023","format":false,"excerpt":"O modlitwach \u015bwi\u0119tych i ich wys\u0142uchaniu.","rel":"","context":"W \u201eDoktryna&quot;","block_context":{"text":"Doktryna","link":"https:\/\/wobronietradycjiiwiary.com\/pl\/category\/doktryna\/"},"img":{"alt_text":"","src":"https:\/\/i0.wp.com\/wobronietradycjiiwiary.com\/wp-content\/uploads\/2023\/06\/swieci-w-niebie.jpg?resize=350%2C200&ssl=1","width":350,"height":200,"srcset":"https:\/\/i0.wp.com\/wobronietradycjiiwiary.com\/wp-content\/uploads\/2023\/06\/swieci-w-niebie.jpg?resize=350%2C200&ssl=1 1x, https:\/\/i0.wp.com\/wobronietradycjiiwiary.com\/wp-content\/uploads\/2023\/06\/swieci-w-niebie.jpg?resize=525%2C300&ssl=1 1.5x, https:\/\/i0.wp.com\/wobronietradycjiiwiary.com\/wp-content\/uploads\/2023\/06\/swieci-w-niebie.jpg?resize=700%2C400&ssl=1 2x"},"classes":[]},{"id":158522,"url":"https:\/\/wobronietradycjiiwiary.com\/pl\/tomasz-z-akwinu-suppl-q-92-3-z-3-szczescie-zbawionych-3-czy-swieci-widzacy-boga-przez-istote-widza-wszystko-co-bog-sam-w-sobie-widzi\/","url_meta":{"origin":152200,"position":4},"title":"Tomasz z Akwinu, Suppl. Q. 92. (3 z 3). Szcz\u0119\u015bcie zbawionych. (3) Czy \u015bwi\u0119ci widz\u0105cy Boga przez istot\u0119 widz\u0105 wszystko, co B\u00f3g sam w sobie widzi? (i)","author":"Traditio et Fides","date":"2 stycznia 2026","format":false,"excerpt":"O wizji uszcz\u0119\u015bliwiaj\u0105cej, czy wiedzie\u0107 b\u0119dziemy to samo co B\u00f3g? Nie, nie b\u0119dziemy.","rel":"","context":"W \u201eDoktryna&quot;","block_context":{"text":"Doktryna","link":"https:\/\/wobronietradycjiiwiary.com\/pl\/category\/doktryna\/"},"img":{"alt_text":"","src":"https:\/\/i0.wp.com\/wobronietradycjiiwiary.com\/wp-content\/uploads\/2025\/07\/wiki_Giotto___Scrovegni____38____Ascension_jpg-wiki_Giotto___Scrovegni____38____Ascension.jpg?resize=350%2C200&ssl=1","width":350,"height":200},"classes":[]},{"id":160743,"url":"https:\/\/wobronietradycjiiwiary.com\/pl\/tomasz-z-akwinu-suppl-q-94-1-z-3-stosunek-swietych-do-potepionych-1-czy-beda-widziec-ich-kary\/","url_meta":{"origin":152200,"position":5},"title":"Tomasz z Akwinu, Suppl. Q. 94. (1 z 3). Stosunek \u015bwi\u0119tych do pot\u0119pionych. (1) Czy b\u0119d\u0105 widzie\u0107 ich kary?","author":"Traditio et Fides","date":"13 lutego 2026","format":false,"excerpt":"O tym, \u017ce \u015bwi\u0119ci widzie\u0107 b\u0119d\u0105 pot\u0119pionych.","rel":"","context":"W \u201eDoktryna&quot;","block_context":{"text":"Doktryna","link":"https:\/\/wobronietradycjiiwiary.com\/pl\/category\/doktryna\/"},"img":{"alt_text":"","src":"https:\/\/i0.wp.com\/wobronietradycjiiwiary.com\/wp-content\/uploads\/2025\/07\/wiki_Giotto___Scrovegni____38____Ascension_jpg-wiki_Giotto___Scrovegni____38____Ascension.jpg?resize=350%2C200&ssl=1","width":350,"height":200},"classes":[]}],"jetpack_featured_media_url":"https:\/\/wobronietradycjiiwiary.com\/wp-content\/uploads\/2020\/09\/Pelagius.jpg","_links":{"self":[{"href":"https:\/\/wobronietradycjiiwiary.com\/pl\/wp-json\/wp\/v2\/posts\/152200","targetHints":{"allow":["GET"]}}],"collection":[{"href":"https:\/\/wobronietradycjiiwiary.com\/pl\/wp-json\/wp\/v2\/posts"}],"about":[{"href":"https:\/\/wobronietradycjiiwiary.com\/pl\/wp-json\/wp\/v2\/types\/post"}],"author":[{"embeddable":true,"href":"https:\/\/wobronietradycjiiwiary.com\/pl\/wp-json\/wp\/v2\/users\/60508433"}],"replies":[{"embeddable":true,"href":"https:\/\/wobronietradycjiiwiary.com\/pl\/wp-json\/wp\/v2\/comments?post=152200"}],"version-history":[{"count":1,"href":"https:\/\/wobronietradycjiiwiary.com\/pl\/wp-json\/wp\/v2\/posts\/152200\/revisions"}],"predecessor-version":[{"id":152207,"href":"https:\/\/wobronietradycjiiwiary.com\/pl\/wp-json\/wp\/v2\/posts\/152200\/revisions\/152207"}],"wp:featuredmedia":[{"embeddable":true,"href":"https:\/\/wobronietradycjiiwiary.com\/pl\/wp-json\/wp\/v2\/media\/37099"}],"wp:attachment":[{"href":"https:\/\/wobronietradycjiiwiary.com\/pl\/wp-json\/wp\/v2\/media?parent=152200"}],"wp:term":[{"taxonomy":"category","embeddable":true,"href":"https:\/\/wobronietradycjiiwiary.com\/pl\/wp-json\/wp\/v2\/categories?post=152200"},{"taxonomy":"post_tag","embeddable":true,"href":"https:\/\/wobronietradycjiiwiary.com\/pl\/wp-json\/wp\/v2\/tags?post=152200"}],"curies":[{"name":"wp","href":"https:\/\/api.w.org\/{rel}","templated":true}]}}