{"id":149331,"date":"2025-08-04T11:21:42","date_gmt":"2025-08-04T09:21:42","guid":{"rendered":"https:\/\/wobronietradycjiiwiary.com\/?p=149331"},"modified":"2025-08-06T10:11:16","modified_gmt":"2025-08-06T08:11:16","slug":"czy-newman-powinien-zostac-doktorem-kosciola","status":"publish","type":"post","link":"https:\/\/wobronietradycjiiwiary.com\/pl\/czy-newman-powinien-zostac-doktorem-kosciola\/","title":{"rendered":"Czy Newman powinien zosta\u0107 Doktorem Ko\u015bcio\u0142a?"},"content":{"rendered":"<div id=\"bsf_rt_marker\"><\/div>\n<p class=\"wp-block-paragraph\"><\/p>\n\n\n\n<h3 class=\"wp-block-heading\">Problematyka Newmana<\/h3>\n\n\n\n<p class=\"has-text-align-justify wp-block-paragraph\">Ju\u017c kanonizacja Newmana  budzi\u0142a powa\u017cne <a href=\"https:\/\/www.newwaysministry.org\/2019\/10\/13\/st-john-henry-newman-the-first-openly-gay-catholic-saint\/\" target=\"_blank\" rel=\"noreferrer noopener\">pytania <\/a>i kontrowersje, mi\u0119dzy innymi z powodu jego domniemanego homoseksualizmu. Chocia\u017c twardych dowod\u00f3w na ten ostatni nie ma. S\u0105 jednak &#8220;mi\u0119kkie&#8221;. <\/p>\n\n\n\n<p class=\"has-text-align-justify wp-block-paragraph\">Jego bardzo za\u017cy\u0142a przyja\u017a\u0144 i wsp\u00f3lne mieszkanie z Ambro\u017cym St. John budz\u0105 zdziwienie. Jeszcze wi\u0119ksze pragnienie obydwu duchownych, bo St. John te\u017c by\u0142 ksi\u0119dzem, bycia pochowanym w tym samym grobie. Po \u015bmierci St. Johna Newman napisa\u0142:<\/p>\n\n\n\n<blockquote class=\"wp-block-quote has-normal-font-size is-layout-flow wp-block-quote-is-layout-flow\">\n<p class=\"has-text-align-justify wp-block-paragraph\">\u201eZawsze uwa\u017ca\u0142em, \u017ce \u017cadna strata nie dor\u00f3wnuje utracie m\u0119\u017ca lub \u017cony, ale trudno mi uwierzy\u0107, \u017ce mo\u017ce by\u0107 wi\u0119ksza lub \u017ce kto\u015b mo\u017ce odczuwa\u0107 wi\u0119kszy smutek ni\u017c ja\u201d.<\/p>\n<\/blockquote>\n\n\n\n<p class=\"has-text-align-justify wp-block-paragraph\">Skoro Newman por\u00f3wna\u0142 \u015bmier\u0107 przyjaciela do utraty \u017cony\/m\u0119\u017ca to najprawdopodobniej tak t\u0119 relacj\u0119 postrzega\u0142. <\/p>\n\n\n\n<p class=\"has-text-align-justify wp-block-paragraph\">Przyja\u017a\u0144 \u0142\u0105cz\u0105cy obydwu m\u0119\u017cczyzn nale\u017ca\u0142a do gatunku &#8220;przyja\u017ani partykularnych&#8221;, co jest w slangu zakonnym eufemizmem homoseksualizmu. <\/p>\n\n\n\n<p class=\"has-text-align-justify wp-block-paragraph\">W dawnych przepisach dotycz\u0105cych wychowania w seminarium przestrzega si\u0119 przed tego rodzaju przyja\u017aniami, kt\u00f3re stanowi\u0107 mog\u0105 pow\u00f3d do wydalenia.<\/p>\n\n\n\n<p class=\"has-text-align-justify wp-block-paragraph\">W d\u0142ugiej i bogatej historii \u015bwi\u0119tych nie ma \u017cadnego precedensu \u015bwi\u0119tego, kt\u00f3ry latami mieszka\u0142by z drugim m\u0119\u017cczyzn\u0105 i pragn\u0105\u0142 by\u0107 pochowanym z nim w jednym grobie. Je\u015bli nawet seksu w tym zwi\u0105zku nie by\u0142o, to by\u0142a wielka zale\u017cno\u015b\u0107 psychiczna. <\/p>\n\n\n\n<p class=\"has-text-align-justify wp-block-paragraph\">Niestety ale celibat wi\u0105\u017ce si\u0119, przynajmniej na pewnym etapie, z du\u017cym poczuciem samotno\u015bci. Cz\u0142owiek powinien przekuwa\u0107 ten czas i t\u0119 pustk\u0119 powsta\u0142\u0105 z braku bliskiej osoby na czas z Bogiem i dla Boga. Tym jest w\u0142a\u015bnie <em>vacare Deo<\/em> &#8211; &#8220;bycie pustym dla Boga&#8221;, o czym m\u00f3wi\u0105 kartuzi.<\/p>\n\n\n\n<p class=\"has-text-align-justify wp-block-paragraph\">Je\u015bli pustki tej nie ma B\u00f3g nie mo\u017ce jej zape\u0142ni\u0107. St\u0105d te\u017c \u017cycie Newmana jest podejrzane z punktu widzenia duchowo\u015bci, nie tylko moralno\u015bci. <\/p>\n\n\n\n<p class=\"has-text-align-justify wp-block-paragraph\">W tym kontek\u015bcie nale\u017cy przypomnie\u0107 to, co Benedykt XIV pisa\u0142 na temat, nazwijmy to &#8220;<a href=\"https:\/\/wobronietradycjiiwiary.com\/pl\/benedykt-xiv-de-servorum-dei-beatificatione-rozdz-53-o-objawieniach-5-z-18\/\">dziwactw<\/a>&#8220;, w \u017cyciu \u015bwi\u0119tych.<\/p>\n\n\n\n<blockquote class=\"wp-block-quote is-layout-flow wp-block-quote-is-layout-flow\">\n<p class=\"wp-block-paragraph\">Je\u015bli to pochodzi od Boga musi by\u0107 cud i przynajmniej po\u015bredni dow\u00f3d w Pi\u015bmie \u015awi\u0119tym.<\/p>\n<\/blockquote>\n\n\n\n<p class=\"has-text-align-justify wp-block-paragraph\">W przypadku Nemana i St. Johna cudu ani te\u017c biblijnego precedensu nie by\u0142o. Prorocy pochodz\u0105cy w Boga, zatem ci przepowiadaj\u0105cy zag\u0142ad\u0119, rzadko miewali uczni\u00f3w. <\/p>\n\n\n\n<p class=\"has-text-align-justify wp-block-paragraph\">Je\u015bli nawet z nimi przez jaki\u015b czas mieszkali nie chcieli by\u0107 pochowani obok nich.<\/p>\n\n\n\n<p class=\"has-text-align-justify wp-block-paragraph\">Autor by Newmana ani nie beatyfikowa\u0142 ani nie kanonizowa\u0142, gdy\u017c jego \u017cyciorys jawi mu si\u0119 ma\u0142o heroiczny. Nie uczyni\u0142by tego nawet wtedy, gdyby problemu Ambro\u017cego St. John nie by\u0142o. <\/p>\n\n\n\n<p class=\"has-text-align-justify wp-block-paragraph\">Przecie\u017c ta okoliczno\u015b\u0107 daje podstawy do podejrze\u0144 i plotek, zw\u0142aszcza dzisiaj, gdy prawie ka\u017cdy katolicki ksi\u0105dz uchodzi za homoseksualist\u0119, bo niestety bardzo cz\u0119sto nim jest.<\/p>\n\n\n\n<p class=\"has-text-align-justify wp-block-paragraph\">Autor kanonizowa\u0142by Newmana wtedy, gdyby pragn\u0105\u0142 jakiego usankcjonowania lub pob\u0142ogos\u0142awienia gejowskich zwi\u0105zk\u00f3w ksi\u0119\u017cy mi\u0119dzy sob\u0105. <\/p>\n\n\n\n<p class=\"has-text-align-justify wp-block-paragraph\">I dlatego kanonizowano Newmana, a homoseksuali\u015bci widz\u0105 w nim swojego sztandarowego &#8220;\u015bwi\u0119tego&#8221;. <\/p>\n\n\n\n<p class=\"has-text-align-justify wp-block-paragraph\">Je\u015bli Newman faktycznie homoseksualist\u0105 nie by\u0142 i do nieba trafi\u0142 chluby mu to nie przynosi.<\/p>\n\n\n\n<p class=\"has-text-align-justify wp-block-paragraph\">Dzisiejszy wpis Chrisa Jacksona dotyczy teologii Newmana, nie jego \u017cycia. Teologia ta jest mi\u0119kka, niescholastyczna, otwarta na wszelkie mo\u017cliwe interpretacje. <\/p>\n\n\n\n<p class=\"has-text-align-justify wp-block-paragraph\">Mo\u017cna j\u0105 interpretowa\u0107 prawomy\u015blnie i prawowiernie, ale niekoniecznie trzeba.<\/p>\n\n\n\n<h3 class=\"wp-block-heading\">Nowi Doktorzy Novus Ordo<\/h3>\n\n\n\n<p class=\"has-text-align-justify wp-block-paragraph\">Newman doskonale wpisuje si\u0119 w nurt posoborowych Doktor\u00f3w Ko\u015bcio\u0142a, kt\u00f3rych pisma zawieraj\u0105 b\u0142\u0119dy doktrynalne (\u015bw. Grzegorz z Nareku, \u015bw. Ireneusz z Lyonu) i bardzo tr\u0105c\u0105 gnoz\u0105 (\u015bw. Hildegarda z Bingen, \u015bw. Grzegorz z Nareku, \u015bw. Ireneusz z Lyonu).<\/p>\n\n\n\n<p class=\"has-text-align-justify wp-block-paragraph\">O problematyce teologii \u015bw. Ireneusza pisali\u015bmy <a href=\"https:\/\/wobronietradycjiiwiary.com\/pl\/czy-sw-ireneusz-z-lyonu-powinien-byc-doktorem-kosciola\/\">tutaj<\/a>, zdaniem <a href=\"https:\/\/www.barnhardt.biz\/2015\/02\/24\/the-first-commandment-is-first-for-a-reason\/\">Ann Barnhardt<\/a> \u015bw. Grzegorz z Nareku by\u0142 zwolennikiem heretyckiego miafizytyzmu, odmiany monofizytyzmu, pot\u0119pionego na Soborze Chalcedo\u0144skim (451). <\/p>\n\n\n\n<p class=\"has-text-align-justify wp-block-paragraph\">Pisma \u015bw. Hildegardy maj\u0105 passusy zdecydowanie gnostyckie, a inne &#8211; jak <em>Causae et curae<\/em>, mo\u017cna interpretowa\u0107 magicznie, co sprawia, \u017ce \u015bw. Hildegarda jest ulubion\u0105 &#8220;\u015bwi\u0119t\u0105&#8221; New Age.<\/p>\n\n\n\n<p class=\"has-text-align-justify wp-block-paragraph\">W pismach Doktora Ko\u015bcio\u0142a wszystko musi by\u0107 jednoznaczne i niebudz\u0105ce w\u0105tpliwo\u015bci. <\/p>\n\n\n\n<p class=\"has-text-align-justify wp-block-paragraph\">Ponadto jego tw\u00f3rczo\u015b\u0107 winna by\u0107 przed otrzymaniem tego zaszczytnego tytu\u0142u powszechnie znane, szanowana i przytaczana jako autorytet.<\/p>\n\n\n\n<p class=\"has-text-align-justify wp-block-paragraph\">Warunki te spe\u0142nia jedynie \u015bw. Ireneusz, o \u015bw. Grzegorzu z Nareku i \u015bw. Janie z Avili &#8211; nawet spo\u015br\u00f3d teolog\u00f3w &#8211; ma\u0142o kto s\u0142ysza\u0142. <\/p>\n\n\n\n<p class=\"has-text-align-justify wp-block-paragraph\">Pierwszy z nich znany jest niekt\u00f3rym badaczom literatury chrze\u015bcija\u0144skiej, drugi specjalist\u0105 od teologii duchowo\u015bci wzgl\u0119dnie mistyki.<\/p>\n\n\n\n<p class=\"has-text-align-justify wp-block-paragraph\">Autor zna ich z przypis\u00f3w, nie z cytat\u00f3w w dzie\u0142ach innych teolog\u00f3w lub z dokument\u00f3w magisterialnych, wyj\u0105wszy znowu \u015bw. Ireneusza.<\/p>\n\n\n\n<p class=\"has-text-align-justify wp-block-paragraph\">Po co wyci\u0105ga\u0107 pisma ma\u0142o znanych lub zupe\u0142nie nieznanych os\u00f3b i czyni\u0107 ich Doktorami Ko\u015bcio\u0142a? \u017beby m\u0105ci\u0107. <\/p>\n\n\n\n<p class=\"has-text-align-justify wp-block-paragraph\"><a href=\"https:\/\/pl.wikipedia.org\/wiki\/Grzegorz_z_Nareku\" target=\"_blank\" rel=\"noreferrer noopener\">Grzegorz z Nareku<\/a> nie jest nawet \u015bwi\u0119tym rzymsko-katolickim, a ormia\u0144skokatolickim, tak \u017ce w \u017cadnych rzymskich kalendarzach \u015bwi\u0119tych nie wyst\u0119puje.<\/p>\n\n\n\n<p class=\"has-text-align-justify wp-block-paragraph\">Patrz\u0105c na <a href=\"https:\/\/pl.wikipedia.org\/wiki\/Doktor_Ko%C5%9Bcio%C5%82a\">zestawienie <\/a>Doktor\u00f3w Ko\u015bcio\u0142a stwierdzi\u0107 mo\u017cna, \u017ce po Soborze przyby\u0142o ich tylu- mianowicie o\u015bmiu &#8211; ilu og\u0142oszono w ca\u0142ym XIX wieku. <\/p>\n\n\n\n<p class=\"has-text-align-justify wp-block-paragraph\">Wiek pod tym k\u0105tem nie pr\u00f3\u017cnowa\u0142, og\u0142aszaj\u0105c a\u017c dziesi\u0119ciu Doktor\u00f3w Ko\u015bcio\u0142a. Wiek XXI go goni, gdy\u017c wraz z Newmanem og\u0142osi\u0142 ju\u017c pi\u0119ciu.<\/p>\n\n\n\n<blockquote class=\"wp-block-quote has-normal-font-size is-layout-flow wp-block-quote-is-layout-flow\">\n<p class=\"wp-block-paragraph\">A czy to dobrze czy \u017ale?<\/p>\n<\/blockquote>\n\n\n\n<p class=\"has-text-align-justify wp-block-paragraph\">Wyjd\u017amy z za\u0142o\u017cenia, \u017ce wszystko, co nast\u0105pi\u0142o po Soborze jest z\u0142e wprowadzaj\u0105c precedensy i innowacje. <\/p>\n\n\n\n<p class=\"has-text-align-justify wp-block-paragraph\">Doktor Ko\u015bcio\u0142a winien by\u0107 zwierciad\u0142em prawowierno\u015bci, encyklopedi\u0105 lub podr\u0119cznikiem, do kt\u00f3rego cz\u0142owiek mo\u017ce si\u0119 zwr\u00f3ci\u0107 bez obawy b\u0142\u0119du.<\/p>\n\n\n\n<p class=\"has-text-align-justify wp-block-paragraph\">Pisma Doktora Ko\u015bcio\u0142a por\u00f3wna\u0107 mo\u017cna z promulgowan\u0105 ustaw\u0105. Skoro jako taka promulgowana zosta\u0142a, to jest og\u0142oszona jako akt normatywny w dzienniku urz\u0119dowym, to nie tylko jako taka stanowi prawo, ale jest zgodna ze wszystkimi pozosta\u0142ymi ustawami. <\/p>\n\n\n\n<p class=\"has-text-align-justify wp-block-paragraph\">Ustawa jest czym\u015b obiektywnym i obowi\u0105zuj\u0105cym. Nie jest zatem \u017cadn\u0105 indywidualn\u0105 tw\u00f3rczo\u015bci\u0105 jakiego\u015b prawnika.<\/p>\n\n\n\n<h3 class=\"wp-block-heading\">Gruba kreska Doktor\u00f3w Ko\u015bcio\u0142a<\/h3>\n\n\n\n<p class=\"wp-block-paragraph\">A gdzie oddzieli\u0107 &#8220;grub\u0105 kresk\u0105&#8221; uprawnionych od nieuprawnionych Doktor\u00f3w Ko\u015bcio\u0142a?<\/p>\n\n\n\n<p class=\"has-text-align-justify wp-block-paragraph\">Autor za ostatniego prawdziwego Doktora Ko\u015bcio\u0142a uwa\u017ca \u015bw. Wawrzy\u0144ca z Brindisi (1559-1619) &#8211; jednego z autor\u00f3w kontrreformacji, og\u0142oszonego Doktorem Ko\u015bcio\u0142a tu\u017c przed Soborem, bo 19. III. 1959. <\/p>\n\n\n\n<p class=\"has-text-align-justify wp-block-paragraph\">Natomiast \u017cadna z p\u00f3\u017aniejszych kobiet &#8211; mistyczek na miano Doktorki (?) Ko\u015bcio\u0142a, skromnym zdaniem autora, nie zas\u0142uguje.<\/p>\n\n\n\n<blockquote class=\"wp-block-quote is-layout-flow wp-block-quote-is-layout-flow\">\n<p class=\"wp-block-paragraph\">Dlaczego?<\/p>\n<\/blockquote>\n\n\n\n<p class=\"has-text-align-justify wp-block-paragraph\">Poniewa\u017c \u017cadna z nich, w przeciwie\u0144stwie do pozosta\u0142ych Doktor\u00f3w, teologii nie studiowa\u0142a. Dlatego \u017cadna z nich nie mog\u0142a rozwija\u0107 tej nauki, kt\u00f3ra by\u0142a jej nieznana.<\/p>\n\n\n\n<p class=\"has-text-align-justify wp-block-paragraph\">Chocia\u017c \u017cyj\u0105c w ko\u015bcielnym chaosie roku 2025 trudno nam teolog\u00f3w i teologi\u0119 traktowa\u0107 powa\u017cnie, to jest ona mimo wszystko nauk\u0105 odznaczaj\u0105c\u0105 si\u0119 swoim przedmiotem materialnym i metodologi\u0105. <\/p>\n\n\n\n<p class=\"has-text-align-justify wp-block-paragraph\">Teologia jest dyscyplin\u0105 akademick\u0105, kt\u00f3r\u0105 studiuje si\u0119 przez pi\u0119\u0107 lat zaczynaj\u0105c od filozofii.<\/p>\n\n\n\n<p class=\"has-text-align-justify wp-block-paragraph\">Wielu mistyk\u00f3w, jak np. \u015bw. Ignacy z Loyoli, podkre\u015bla\u0142o konieczno\u015b\u0107 teologicznych studi\u00f3w, po to by ludziom faktycznie przepowiada\u0107 teologiczn\u0105 prawd\u0119. <\/p>\n\n\n\n<p class=\"has-text-align-justify wp-block-paragraph\">Sam \u015bw. Ignacy dopiero po 30-tce nadrabia\u0142 swoje edukacyjne braki dziel\u0105c szkoln\u0105 \u0142awk\u0119 z dzie\u0107mi, gdy\u017c zaczyna\u0142 od nauki \u0142aci\u0144skiej gramatyki.<\/p>\n\n\n\n<h3 class=\"wp-block-heading\">Kobieta te\u017c Doktor<\/h3>\n\n\n\n<p class=\"has-text-align-justify wp-block-paragraph\">Przed Soborem nikt nie w\u0105tpi\u0142 w \u015bwi\u0119to\u015b\u0107 \u015bw. Teresy Wielkiej, Ma\u0142ej Tereski czy \u015bw. Katarzyny. <\/p>\n\n\n\n<p class=\"has-text-align-justify wp-block-paragraph\">Jednak opisuj\u0105 one swoje wewn\u0119trzne prze\u017cycia nie maj\u0105c zamiaru &#8211; w przeciwie\u0144stwie do innych Doktor\u00f3w Ko\u015bcio\u0142a &#8211; pisania czego\u015b normatywnego.<\/p>\n\n\n\n<p class=\"has-text-align-justify wp-block-paragraph\">Ma\u0142a Tereska pisa\u0142a pami\u0119tnik, Teresa Wielka wspomnienia, \u015bw. Katarzyna dziennik. Wszystko na polecenie prze\u0142o\u017conych, wszystkie z wielkim znakiem zapytania odno\u015bnie w\u0142asnej tw\u00f3rczo\u015bci. <\/p>\n\n\n\n<p class=\"has-text-align-justify wp-block-paragraph\">\u015aw. Teresa z Avila by\u0142aby zdziwiona, a w sumie jest, bo bytuje w niebie i jaki\u015b dost\u0119p do wydarze\u0144 ziemskich posiada, \u017ce przyznano jej ten zaszczytny tytu\u0142, jako \u017ce o w\u0142asnej tw\u00f3rczo\u015bci mia\u0142a niskie mniemanie, jak i o kobietach w og\u00f3le.<\/p>\n\n\n\n<p class=\"has-text-align-justify wp-block-paragraph\">Og\u0142oszenie \u015bw. Teresy Wielkiej Doktorem Ko\u015bcio\u0142a jest swoistym dubletem, gdy\u017c wszystkie jej prze\u017cycia, aczkolwiek w scholastycznej i bardziej usystematyzowanej formie, zawieraj\u0105 ju\u017c dzie\u0142a \u015bw. Jana od Krzy\u017ca. <\/p>\n\n\n\n<p class=\"has-text-align-justify wp-block-paragraph\">Jednego z jej spowiednik\u00f3w, og\u0142oszonego Doktorem Ko\u015bcio\u0142a w 1926 roku. Trudno nie przyj\u0105\u0107, \u017ce w jej przypadku, jako \u017ce stanowi precedens, zadzia\u0142a\u0142 jaki\u015b parytet kobiecy, jako \u017ce posoborowie chcia\u0142o nas o tym przekona\u0107, \u017ce kobiety, chocia\u017c nie studiowa\u0142y, te\u017c Doktorem Ko\u015bcio\u0142a by\u0107 potrafi\u0105. <\/p>\n\n\n\n<p class=\"has-text-align-justify wp-block-paragraph\">Troch\u0119 na zasadzie: &#8220;nie matura, lecz ch\u0119\u0107 szczera zrobi z ciebie oficera&#8221; wzgl\u0119dnie Doktora Ko\u015bcio\u0142a.<\/p>\n\n\n\n<p class=\"has-text-align-justify wp-block-paragraph\">Autor jest przekonany, \u017ce og\u0142aszanie kobiet Doktorami Ko\u015bcio\u0142a stanowi jaki\u015b krok w kierunku kap\u0142a\u0144stwa kobiet. Skoro kobieta mo\u017ce by\u0107 Doktorem, to dlaczego nie kap\u0142anem b\u0105d\u017a kap\u0142ank\u0105? <\/p>\n\n\n\n<p class=\"has-text-align-justify wp-block-paragraph\">Pisz\u0105cy te s\u0142owa uko\u0144czy\u0142 teologi\u0119 dla \u015bwieckich wi\u0119c zar\u00f3wno na studiach jak i potem mn\u00f3stwo teolo\u017cek &#8211; tak\u017ce z profesorkami w\u0142\u0105cznie &#8211; pozna\u0142. <\/p>\n\n\n\n<p class=\"has-text-align-justify wp-block-paragraph\">Na podstawie tych do\u015bwiadcze\u0144 stwierdzi\u0107 mo\u017ce, \u017ce teologia nie jest dla kobiet. Spotka\u0142 co prawda dotychczas a\u017c dwie kobiety, u kt\u00f3rych stwierdzi\u0142 uzdolnienia filozoficzne, uzdolnie\u0144 teologicznych niestety u \u017cadnej \ufffcnie stwierdzi\u0142.<\/p>\n\n\n\n<p class=\"has-text-align-justify wp-block-paragraph\">Niestety kobiety my\u015bl\u0105 ma\u0142o abstrakcyjnie, systematycznie i systemowo, co sprawia, \u017ce metoda scholastycznie jest dla nich bardzo trudno. <\/p>\n\n\n\n<p class=\"has-text-align-justify wp-block-paragraph\">Teologia w wydaniu kobiecym, to teologia narracyjna. Tworz\u0105 opowie\u015bci po to, by si\u0119 te danemu profesorowi podoba\u0142y. <\/p>\n\n\n\n<p class=\"has-text-align-justify wp-block-paragraph\">Teologia w wydaniu kobiecym to zawsze zachwyt jakim\u015b m\u0119\u017cczyzn\u0105, nie przedmiotem. I zawsze tak by\u0142o, co t\u0142umaczy brak \u017ce\u0144skich Doktor\u00f3w Ko\u015bcio\u0142a przez 1970 rokiem.<\/p>\n\n\n\n<h3 class=\"wp-block-heading\">&#8220;Bo ja jestem, prosz\u0119 Pana, taka ma\u0142a&#8221;<\/h3>\n\n\n\n<p class=\"has-text-align-justify wp-block-paragraph\">Najwi\u0119ksze zastrze\u017cenia autor ma jednak do \u015bw. Tereski, kt\u00f3rej pisma zna bardzo dobrze, tak\u017ce te oryginalne, dosy\u0107 p\u00f3\u017ano publikowane i mniej przes\u0142odzone. <\/p>\n\n\n\n<p class=\"has-text-align-justify wp-block-paragraph\">Jest o jej \u015bwi\u0119to\u015bci i heroizmie cn\u00f3t przekonany, bo posiada nawet dokumenty jej procesu beatyfikacyjnego i kanonizacyjnego. <\/p>\n\n\n\n<p class=\"has-text-align-justify wp-block-paragraph\">Og\u00f3lnie o niej rzec mo\u017ce, \u017ce \u015bw. Tereska zrobi\u0142a najlepszy u\u017cytek ze swojego \u017cycia daj\u0105c dos\u0142ownie zadr\u0119czy\u0107 si\u0119 na \u015bmier\u0107.<\/p>\n\n\n\n<p class=\"has-text-align-justify wp-block-paragraph\">St\u0105d te\u017c jest ulubion\u0105 \u015bwi\u0119t\u0105 r\u00f3\u017cnych kobiet zamkni\u0119tych w ciemnicy swojego ma\u0142\u017ce\u0144stwa lub innej sytuacji przymusowej. Jej duchowo\u015bci zarzucano <a href=\"https:\/\/wobronietradycjiiwiary.com\/pl\/category\/duchowosc\/autorzy\/augustin-poulain-sj\/poulain-o-kwietyzmie\/\" target=\"_blank\" rel=\"noreferrer noopener\">kwietyzm <\/a>i chyba <a href=\"https:\/\/wobronietradycjiiwiary.com\/pl\/category\/duchowosc\/mistyka-i-pseudomistyka\/kwietyzm\/\" target=\"_blank\" rel=\"noreferrer noopener\">s\u0142usznie<\/a>. <\/p>\n\n\n\n<p class=\"has-text-align-justify wp-block-paragraph\">Oczywi\u015bcie, \u017ce r\u00f3\u017cni \u015bwi\u0119ci mieli r\u00f3\u017cne dziwne przej\u015bcia, bo tego od nich \u017c\u0105da\u0142 B\u00f3g. Nikt jednak nie uwa\u017ca\u0142, \u017ce droga np. \u015bw. Szymona S\u0142upnika ma by\u0107 dla wszystkich normatywna. A &#8220;Ma\u0142a Droga&#8221; \u015bwi\u0119tej Tereski &#8211; jak najbardziej.<\/p>\n\n\n\n<p class=\"has-text-align-justify wp-block-paragraph\">Autor nie uwa\u017ca, \u017ce to duchowo\u015b\u0107 m\u0119ska. Przeto zawsze snuje podejrzenia, ilekro\u0107 s\u0142yszy, gdy jaki\u015b ksi\u0105dz lub zakonnik twierdzi, i\u017c &#8220;praktykuje ma\u0142\u0105 drog\u0119&#8221;. Nie uwa\u017ca, \u017ce s\u0105 homoseksualistami. <\/p>\n\n\n\n<p class=\"has-text-align-justify wp-block-paragraph\">Raczej zak\u0142ada, \u017ce s\u0105 w jakiej\u015b przymusowej sytuacji, kt\u00f3r\u0105 Ma\u0142\u0105 Teresk\u0105 racjonalizuj\u0105. W sumie Ma\u0142a Droga to rodzaj usprawiedliwienia w\u0142asnej bierno\u015bci na ka\u017cdej p\u0142aszczy\u017anie. <\/p>\n\n\n\n<p class=\"has-text-align-justify wp-block-paragraph\">Owszem w Karmelu lub w wi\u0119zieniu cz\u0142owiek wielkiego wp\u0142ywu na swoje \u017cycie nie ma, ale nie nale\u017cy ekstrapolowa\u0107 i absolutyzowa\u0107 tych do\u015bwiadcze\u0144. <\/p>\n\n\n\n<p class=\"has-text-align-justify wp-block-paragraph\">Ju\u017c stoicy por\u00f3wnywali los cz\u0142owieka do psa uwi\u0105zanego do jad\u0105cego wozu. Im bardziej si\u0119 szarpie, tym mu gorzej. Ma\u0142a Droga?<\/p>\n\n\n\n<p class=\"has-text-align-justify wp-block-paragraph\">Nie jest wi\u0119c przypadkiem, \u017ce posoborowie stawia nam akurat t\u0119 \u015bwi\u0119t\u0105 jako wzorzec, by\u015bmy byli mali, cisi i upupieni. Dlaczego nie \u015bw. Joann\u0119 d&#8217;Arc, kt\u00f3ra chwyci\u0142a za miecz, by wyr\u017cn\u0105\u0107 w ten rudy \u0142eb?<\/p>\n\n\n\n<p class=\"has-text-align-justify wp-block-paragraph\">Przeciwko uniwersalizmowi<a href=\"https:\/\/terezjanki.org\/duchowosc-malej-drogi\/\" target=\"_blank\" rel=\"noreferrer noopener\"> Ma\u0142ej Drogi <\/a>\u015bw. Tereski przemawia paradoksalnie jej popularno\u015b\u0107. Skoro wszyscy mog\u0105 si\u0119 z tym rodzajem mistyki uto\u017csami\u0107, to niestety \u017cadna to mistyka. <\/p>\n\n\n\n<p class=\"has-text-align-justify wp-block-paragraph\">Drogi Bo\u017ce s\u0105 tak absolutnie niezg\u0142\u0119bione, a Jego prowadzenie nas tak pod ka\u017cdym wzgl\u0119dem przerasta, \u017ce faktycznie to, co od Boga pochodzi, musi by\u0107 przez \u015bwiat odrzucone, poniewa\u017c jest mu obce.<\/p>\n\n\n\n<p class=\"has-text-align-justify wp-block-paragraph\">K\u0142aniaj\u0105 si\u0119 tutaj orzeczenia konstytucji dogmatycznej <em>Dei Filius<\/em> (1870) na temat stosunku rozumu do wiary oraz konieczno\u015bci \u0142aski do poj\u0119cia rzeczy Bo\u017cych:<\/p>\n\n\n\n<blockquote class=\"wp-block-quote has-normal-font-size is-layout-flow wp-block-quote-is-layout-flow\">\n<p class=\"has-text-align-justify wp-block-paragraph\"><strong>45.<\/strong>&nbsp;Wprawdzie rozum, o\u015bwiecony wiar\u0105, skrz\u0119tnie, pobo\u017cnie i z umiarem, dzi\u0119ki Bo\u017cemu darowi, zdobywa jakie\u015b, cho\u0107 bardzo owocne, rozumienie tajemnic ju\u017c to z tych [rzeczy], kt\u00f3re w spos\u00f3b naturalny poznaje przez analogi\u0119, ju\u017c to z wzajemnej wi\u0119zi mi\u0119dzy samymi tajemnicami oraz z [wi\u0119zi z] ostatecznym celem cz\u0142owieka, <strong>nigdy jednak nie potrafi osi\u0105gn\u0105\u0107 takiego ich przejrzenia<\/strong>, jak prawd, kt\u00f3re stanowi\u0105 jego w\u0142a\u015bciwy przedmiot. <\/p>\n<\/blockquote>\n\n\n\n<p class=\"has-text-align-justify wp-block-paragraph\">Oczywi\u015bcie Ma\u0142a Tereska powy\u017cszych ustale\u0144 w \u017caden spos\u00f3b nie kwestionowa\u0142o. Chodzi nam jednak o to, \u017ce mistyka lub duchowo\u015b\u0107, kt\u00f3ra trafia &#8220;pod strzech\u0119&#8221; jest niestety z gruntu podejrzana, czego najlepszym przyk\u0142adem jest pseudo-mistyczka Faustyna. <\/p>\n\n\n\n<p class=\"has-text-align-justify wp-block-paragraph\">Troch\u0119 w tym pobo\u017cno\u015bci, troch\u0119 grafomanii, troch\u0119 histerii, troch\u0119 herezji, troch\u0119 tego i owego. Ludziom si\u0119 podoba, bo w nich samych inaczej nie wygl\u0105da, a cz\u0142owiek lubi to, co zna, jako &#8220;umys\u0142 \u015bcis\u0142y&#8221;, patrz in\u017cynier Mamo\u0144 z <em>Rejsu<\/em>.<\/p>\n\n\n\n<p class=\"has-text-align-justify wp-block-paragraph\">Pisz\u0105cy te s\u0142owa, niestety pod wp\u0142ywem Ma\u0142ej Drogi, zbyt d\u0142ugo znosi\u0142 ci\u0119\u017ckie sytuacje, wzgl\u0119dnie zn\u0119canie si\u0119 nad nim, by ju\u017c nie owija\u0107 w bawe\u0142n\u0119, zamiast si\u0119 przeciwstawi\u0107 i walczy\u0107. <\/p>\n\n\n\n<p class=\"has-text-align-justify wp-block-paragraph\">Niestety nie jest prawd\u0105, \u017ce stajemy si\u0119 lepsi, gdy inni nas \u017ale traktuj\u0105. Stajemy si\u0119 gorsi, dusimy gniew w sobie albo nabawiamy si\u0119 zespo\u0142u stresu pourazowego (<a href=\"https:\/\/www.rcpsych.ac.uk\/mental-health\/translations\/polish\/Zesp%C3%B3%C5%82-stresu-pourazowego-(PTSD)\">PTMSD<\/a>). <\/p>\n\n\n\n<p class=\"has-text-align-justify wp-block-paragraph\">Oczywi\u015bcie, \u017ce r\u00f3\u017cni m\u0119czennicy zamkni\u0119ci w celi lub torturowani a\u017c do \u015bmierci nie mieli innego wyboru jak tylko znosi\u0107 to, co ich spotyka\u0142o, ale co innego walczy\u0107 a co innego siebie przekre\u015bli\u0107.<\/p>\n\n\n\n<p class=\"wp-block-paragraph\">W tym miejscu pa\u015b\u0107 mo\u017ce zarzut, \u017ce autor Ma\u0142\u0105 Teresk\u0119 \u017ale zrozumia\u0142 i \u017ale si\u0119 do jej zalece\u0144 stosowa\u0142.<\/p>\n\n\n\n<p class=\"has-text-align-justify wp-block-paragraph\">Autor w\u0142a\u015bnie wczoraj s\u0142ucha\u0142 <a href=\"https:\/\/www.youtube.com\/watch?v=TwfJQa-_Y9Q\" target=\"_blank\" rel=\"noreferrer noopener\">podcastu <\/a>Jordana B. Petersona rozmawiaj\u0105cego z tw\u00f3rc\u0105 Dilberta, Scotta Adamsa. <\/p>\n\n\n\n<p class=\"has-text-align-justify wp-block-paragraph\">Adams, kt\u00f3ry jest chyba ateist\u0105, twierdzi\u0142, \u017ce cechuje go nieustraszony optymizm, kt\u00f3ry odznacza si\u0119 tym, \u017ce on &#8211; Adams &#8211; zawsze zak\u0142ada, \u017ce w\u0142a\u015bnie jego dotyczy\u0107 b\u0119da chlubne wyj\u0105tki od jakiej\u015b regu\u0142y. <\/p>\n\n\n\n<p class=\"has-text-align-justify wp-block-paragraph\">Je\u015bli na przyk\u0142ad jedynie 5% os\u00f3b przeprawiaj\u0105cych si\u0119 przez rzek\u0119 nie straci\u0142oby przez to \u017cycia, to Adams zak\u0142ada, \u017ce b\u0119dzie jednym z nich.<\/p>\n\n\n\n<p class=\"has-text-align-justify wp-block-paragraph\">Sam Adams, co prawda, tego przyk\u0142adu nie poda\u0142, ale jego \u017cycie obfituje w tak niesamowit\u0105 doz\u0119 szcz\u0119\u015bcia i szcz\u0119\u015bliwych zbieg\u00f3w okoliczno\u015bci, o ile to, co m\u00f3wi jest prawd\u0105, \u017ce autor troch\u0119 podejrzewa jaki\u015b pakt ze z\u0142ym duchem. <\/p>\n\n\n\n<p class=\"has-text-align-justify wp-block-paragraph\">Miejmy nadziej\u0119, \u017ce tak nie jest, a wracaj\u0105c do \u015bw. Tereski autor ma do prawdopodobie\u0144stwa wydarze\u0144 podej\u015bcie nader odmienne. <\/p>\n\n\n\n<p class=\"has-text-align-justify wp-block-paragraph\">Zak\u0142ada, \u017ce most, po kt\u00f3rym przesz\u0142y tysi\u0105ce ludzi zawali si\u0119 nieoczekiwanie w\u0142a\u015bnie pod nim.<\/p>\n\n\n\n<blockquote class=\"wp-block-quote is-layout-flow wp-block-quote-is-layout-flow\">\n<p class=\"wp-block-paragraph\">Dlaczego?<\/p>\n<\/blockquote>\n\n\n\n<p class=\"has-text-align-justify wp-block-paragraph\">Cz\u0119\u015bciowo ma takie do\u015bwiadczenia, z <a href=\"https:\/\/wobronietradycjiiwiary.com\/pl\/w-demonologicznym-lesie-przyfrontowym-plusy-dodatnie-107-demony-i-mosty\/\">mostem <\/a>w\u0142\u0105cznie, a cz\u0119\u015bciowo to wp\u0142yw duchowo\u015bci Ma\u0142ej Tereski, wedle kt\u00f3rej trzeba siedzie\u0107 cicho i cierpie\u0107. <\/p>\n\n\n\n<p class=\"has-text-align-justify wp-block-paragraph\">By\u0107 mo\u017ce nale\u017ca\u0142oby poprosi\u0107 psychologa Petersona o zbadanie rysu psychologicznego os\u00f3b oddanych duchowo\u015bci Ma\u0142ej Drogi. <\/p>\n\n\n\n<p class=\"has-text-align-justify wp-block-paragraph\">Autor podejrzewa, \u017ce znajdzie si\u0119 tam wielka uleg\u0142o\u015b\u0107, brak heroizmu, syndrom sztokholmski oraz jaka\u015b forma PTSD.<\/p>\n\n\n\n<p class=\"has-text-align-justify wp-block-paragraph\">Tymczasem \u015bw. <a href=\"https:\/\/wobronietradycjiiwiary.com\/pl\/8-go-lipca-zywot-swietej-elzbiety-krolowej-portugalskiej-2-3\/\">El\u017cbieta Portugalska<\/a> (8. lipca) z pewno\u015bci\u0105 lekkiego \u017cycia nie mia\u0142a, kiedy jednak wojska m\u0119\u017ca psychopaty i zbuntowanego syna stan\u0119\u0142y przeciw sobie \u015bw. El\u017cbieta (zm. 1336), zamiast odmawia\u0107 na kolanach r\u00f3\u017caniec, na osio\u0142ku je\u017adzi\u0142a pomi\u0119dzy orszakami m\u0119\u017ca i syna, a\u017c pogodzi\u0142a obydwu. <\/p>\n\n\n\n<p class=\"has-text-align-justify wp-block-paragraph\">R\u00f3\u017caniec odmawia\u0142a by\u0107 mo\u017ce przedtem, potem lub w trakcie albo i wcale, bo w jej czasach nie by\u0142 a\u017c tak rozpowszechniony.<\/p>\n\n\n\n<p class=\"has-text-align-justify wp-block-paragraph\">Dzia\u0142a\u0142a i to heroicznie zak\u0142adaj\u0105c, \u017ce po niej, w dos\u0142ownym tego s\u0142owa znaczeniu nie przejad\u0105. Bo\u017ce, jakie to plastyczne, co za scena filmowy, tym bardziej, \u017ce prawdziwe. <\/p>\n\n\n\n<p class=\"has-text-align-justify wp-block-paragraph\">Ale kalendarz \u015bwi\u0119tych zosta\u0142 zmieniony, ich \u017cywoty posoborowo oczyszczone &#8220;z nalecia\u0142o\u015bci mitycznych&#8221;, wi\u0119c ma\u0142o kto o tej \u015bwi\u0119tej cokolwiek czyta\u0142 lub s\u0142ysza\u0142. <\/p>\n\n\n\n<p class=\"has-text-align-justify wp-block-paragraph\">Natomiast Ma\u0142ej Tereski jest od groma, a jej pos\u0142anie uniwersalne.<\/p>\n\n\n\n<p class=\"has-text-align-justify wp-block-paragraph\">Autor nie uwa\u017ca, \u017ce Ma\u0142a Droga jest dla ka\u017cdego, niejednego zdecydowanie szkodzi, szczeg\u00f3lnie wtedy, gdy nale\u017cy heroicznie dzia\u0142a\u0107. <\/p>\n\n\n\n<p class=\"has-text-align-justify wp-block-paragraph\">Prawda ta jest ci\u0119\u017cka do zniesienia, ale musimy niestety wychodzi\u0107 z pierwszej przes\u0142anki, \u017ce dos\u0142ownie wszystko to, co si\u0119 od Soboru promuje, ma miejsce jedynie po to, by nas pogn\u0119bi\u0107. <\/p>\n\n\n\n<p class=\"has-text-align-justify wp-block-paragraph\">Patrz\u0105c na posoborowych Doktor\u00f3w Ko\u015bcio\u0142a skonstatowa\u0107 trzeba, \u017ce stopie\u0144 prawowierno\u015bci jest ubywaj\u0105cy:<\/p>\n\n\n\n<ul class=\"wp-block-list\">\n<li>\u015bw. Teresa z Avila, og\u0142oszona Doktorem Ko\u015bcio\u0142a 27.09.1970 roku za Paw\u0142a VI,<\/li>\n\n\n\n<li>\u015bw. Katarzyna ze Sieny, og\u0142oszona Doktorem Ko\u015bcio\u0142a 4.10.1970 roku za Paw\u0142a VI,<\/li>\n\n\n\n<li>\u015bw. Teresa z Lisieux, og\u0142oszona Doktorem Ko\u015bcio\u0142a 19.10.1997 roku za Jana Paw\u0142a II,<\/li>\n\n\n\n<li>\u015bw. Hildegarda z Bingen, og\u0142oszona Doktorem Ko\u015bcio\u0142a 19.10.2012 roku za Benedykta XVI,<\/li>\n\n\n\n<li>\u015bw. Jan z Avila, og\u0142oszony Doktorem Ko\u015bcio\u0142a 19.10.2012 roku za Benedykta XVI,<\/li>\n\n\n\n<li>\u015bw. Grzegorz z Nareku, og\u0142oszony Doktorem Ko\u015bcio\u0142a 12.04.2015 roku za Franciszka,<\/li>\n\n\n\n<li>\u015bw. Ireneusz z Lyonu,  og\u0142oszony Doktorem Ko\u015bcio\u0142a 21.01.2022 roku za Franciszka,<\/li>\n\n\n\n<li>\u015bw. Jan Henryk Newman, og\u0142oszony Doktorem Ko\u015bcio\u0142a 31.07.2025 roku za Leona XIV.<\/li>\n<\/ul>\n\n\n\n<p class=\"wp-block-paragraph\"><\/p>\n\n\n\n<h3 class=\"wp-block-heading\">Nowi Doktorzy Ko\u015bcio\u0142a i cenzury teologiczne<\/h3>\n\n\n\n<p class=\"has-text-align-justify wp-block-paragraph\">Jak pami\u0119tamy istniej\u0105<a href=\"https:\/\/wobronietradycjiiwiary.com\/pl\/stopnie-pewnosci-teologicznej-lub-notae-theologicae-3-stopnie-pewnosci-doktrynalnej\/\" target=\"_blank\" rel=\"noreferrer noopener\"> stopnie pewno\u015bci teologicznej<\/a> jak i <a href=\"https:\/\/wobronietradycjiiwiary.com\/pl\/wykaz-cenzur-koscielnych-3-o-cenzurach-w-szczegolnosci\/\" target=\"_blank\" rel=\"noreferrer noopener\">stopnie heterodoksji<\/a>, przez co nie ka\u017cda teologiczna prawda jest od razu dogmatem, a ka\u017cdy teologiczny b\u0142\u0105d od razu herezj\u0105. Dlatego istnieje ca\u0142y wachlarz <a href=\"https:\/\/wobronietradycjiiwiary.com\/pl\/category\/doktryna\/teologia-jako-nauka\/censurae\/\">cenzur <\/a>ko\u015bcielnych. <\/p>\n\n\n\n<p class=\"has-text-align-justify wp-block-paragraph\">Wed\u0142ug ks. Tanquereya (<em>Synopsis theologiae dogmaticae<\/em>, T. II, Paris 1935, 117-118) cenzury sankcjonuj\u0105ce niew\u0142a\u015bciwe twierdzenia teologiczne (<em>propositiones doctrinales<\/em>) dzieli si\u0119 na te, kt\u00f3re<\/p>\n\n\n\n<p class=\"wp-block-paragraph\">A. godz\u0105 w sam\u0105 prawd\u0119 (<em>doctrinam ipsam<\/em>) wiary,<\/p>\n\n\n\n<p class=\"wp-block-paragraph\">B. dotycz\u0105 niew\u0142a\u015bciwego sposobu (<em>modum<\/em>) przedstawiania prawd wiary,<\/p>\n\n\n\n<p class=\"wp-block-paragraph\">C. odnosz\u0105 si\u0119 do skutk\u00f3w (<em>effectum<\/em>), kt\u00f3re mog\u0105 na wiernych wywrze\u0107. <\/p>\n\n\n\n<h4 class=\"wp-block-heading\">Do pierwszej kategorii (A) &#8211; prawda teologiczna &#8211; zaliczamy:<\/h4>\n\n\n\n<ol class=\"wp-block-list\">\n<li>Twierdzenie heretyckie (<em>haeretica<\/em>),<\/li>\n\n\n\n<li>Twierdzenie bliskie herezji (<em>haeresi proxima<\/em>),<\/li>\n\n\n\n<li>Twierdzenie tr\u0105c\u0105ce herezj\u0105<strong> <\/strong>(<em>sapiens heresim<\/em>),<\/li>\n\n\n\n<li>Twierdzenie sprzyjaj\u0105ce herezji [&#8230;wymieni\u0107 jakiej] (<em>favens hearesi &#8230;<\/em>),<\/li>\n\n\n\n<li>Twierdzenie b\u0142\u0119dne (<em>erronea<\/em>),<\/li>\n\n\n\n<li>Twierdzenia bliskie b\u0142\u0119dowi<strong> <\/strong>(<em>errori proxima<\/em>),<\/li>\n\n\n\n<li>Tr\u0105c\u0105ce b\u0142\u0119dem (<em>errorem sapiens<\/em>),<\/li>\n\n\n\n<li>Twierdzenie lekkomy\u015blne pozytywne (<em>temeraria positive<\/em>).<\/li>\n<\/ol>\n\n\n\n<h4 class=\"wp-block-heading\">Do drugiej kategorii (B) &#8211; spos\u00f3b przedstawiania &#8211; wlicza si\u0119:<\/h4>\n\n\n\n<ol class=\"wp-block-list\">\n<li>Twierdzenie wieloznaczne (<em>aequivoca<\/em>)<\/li>\n\n\n\n<li>Twierdzenie niejasne (<em>ambigua<\/em>)<\/li>\n\n\n\n<li>Twierdzenie zarozumia\u0142e (<em>praesumptuosa<\/em>)<\/li>\n\n\n\n<li>Twierdzenie oszuka\u0144cze (<em>captiosa<\/em>)<\/li>\n\n\n\n<li>Twierdzenie podejrzane (<em>suspecta<\/em>)<\/li>\n\n\n\n<li>Twierdzenie \u017ale brzmi\u0105ce (<em>male sonans<\/em>)<\/li>\n\n\n\n<li>Twierdzenie obra\u017aliwe dla uszu wiernych (<em>piarum aurium offensiva<\/em>)<\/li>\n\n\n\n<li>Twierdzenie przynajmniej b\u0142\u0119dne (<em>ad minus erronea<\/em>)<\/li>\n\n\n\n<li>Twierdzenie niesprawiedliwe (<em>iniuriosa<\/em>)<\/li>\n\n\n\n<li>Twierdzenie w innym miejscu pot\u0119pione (<em>alias damnata<\/em>).<\/li>\n<\/ol>\n\n\n\n<h4 class=\"wp-block-heading\">Wreszcie w trzeciej kategorii (C) &#8211; wp\u0142yw na wiernych &#8211; wyst\u0119puj\u0105:<\/h4>\n\n\n\n<ol class=\"wp-block-list\">\n<li><strong>Twierdzenie gorsz\u0105ce<\/strong> (<em>scandalosa<\/em>).<\/li>\n\n\n\n<li><strong>Twierdzenie schizmatyck<\/strong>ie (<em>schismatica<\/em>).<\/li>\n\n\n\n<li><strong>Twierdzenie buntownicze<\/strong> (<em>seditiosa<\/em>).<\/li>\n\n\n\n<li><strong>Twierdzenie niepewne<\/strong> (<em>non tuta<\/em>).<\/li>\n<\/ol>\n\n\n\n<p class=\"has-text-align-justify wp-block-paragraph\">Fakt, \u017ce do 1960 roku jedynie 30 m\u0119\u017c\u00f3w otrzyma\u0142o zaszczytny tytu\u0142 Doktora Ko\u015bcio\u0142a wzgl\u0119dnie pomijaj\u0105c 16 Ojc\u00f3w Ko\u015bcio\u0142a, jedynie 14 w okresie popatrystycznym nie \u015bwiadczy przecie\u017c o tym, \u017ce ca\u0142a reszta teolog\u00f3w i \u015bwi\u0119tych g\u0142osi\u0142a same herezje. <\/p>\n\n\n\n<p class=\"has-text-align-justify wp-block-paragraph\">Jedynie jednak o tych 30 Ko\u015bci\u00f3\u0142 orzek\u0142, \u017ce w ich pismach nie znajduje si\u0119 \u017cadna domieszka b\u0142\u0119du.<\/p>\n\n\n\n<p class=\"has-text-align-justify wp-block-paragraph\">Niestety u Doktor\u00f3w po 1970 roku jest wi\u0119cej ni\u017c domieszka. Autorom, kt\u00f3rych pisz\u0105cy te s\u0142owa na tyle zna, by m\u00f3c ich ocenia\u0107, przydzieli\u0142by nast\u0119puj\u0105ce cenzury ko\u015bcielne.<\/p>\n\n\n\n<ul class=\"wp-block-list\">\n<li>\u015bw. Teresa z Lisieux: A 6, B 5-6, C 4.<\/li>\n\n\n\n<li>\u015bw. Hildegarda z Bingen: A 6-8, B 5-8, C 3-4.<\/li>\n\n\n\n<li>\u015bw. Grzegorz z Nareku A 2, B 1-10, C 1-4,<\/li>\n\n\n\n<li>\u015bw. Ireneusz z Lyonu A 3-8, B 1-10, C 3-4,<\/li>\n\n\n\n<li>\u015bw. Jan Henryk Newman A 6 &#8211; 8, B 1 &#8211; 10, C 1-4.<\/li>\n<\/ul>\n\n\n\n<p class=\"wp-block-paragraph\"><\/p>\n\n\n\n<p class=\"has-text-align-justify wp-block-paragraph\">Tyle cenzur &#8220;na dzie\u0144 dobry&#8221;. Wnikliwa lektura wszystkich pism wy\u017cej wymienionych autor\u00f3w zaowocowa\u0142aby z pewno\u015bci\u0105 wi\u0119ksz\u0105 ilo\u015bci\u0105 cenzur. <\/p>\n\n\n\n<p class=\"has-text-align-justify wp-block-paragraph\">Prawie wszyscy Doktorzy Ko\u015bcio\u0142a po 1970 z \u015bw. Teres\u0105 Wielk\u0105 i \u015bw. Katarzyn\u0105 w\u0142\u0105cznie grzesz\u0105 przeciwko kategorii B, gdy\u017c z braku metody scholastycznej, nie przedstawiaj\u0105 prezentowanych tre\u015bci w spos\u00f3b jednoznaczny i przejrzysty. <\/p>\n\n\n\n<p class=\"has-text-align-justify wp-block-paragraph\">Najlepiej radzi sobie \u015bw. Teresa z Avila, przypuszczalnie dzi\u0119ki wp\u0142ywowi prowadz\u0105cych j\u0105 teolog\u00f3w.<\/p>\n\n\n\n<p class=\"wp-block-paragraph\">Ale czego wymaga\u0107 od ludzi pisz\u0105cych dla siebie, a nie dla t\u0142um\u00f3w? Przecie\u017c biedna \u015bw. Tereska nie my\u015bla\u0142a sobie:<\/p>\n\n\n\n<blockquote class=\"wp-block-quote is-layout-flow wp-block-quote-is-layout-flow\">\n<p class=\"wp-block-paragraph\">Kiedy\u015b zostan\u0119 Doktorem Ko\u015bcio\u0142a, wi\u0119c ka\u017cdy przecinek musi si\u0119 zgadza\u0107!<\/p>\n<\/blockquote>\n\n\n\n<p class=\"has-text-align-justify wp-block-paragraph\">W pismach prywatnych zgadza\u0107 si\u0119 nie musi, natomiast w pismach Doktora Ko\u015bcio\u0142a owszem, ale od niego wymagane jest tzw. przygotowanie warsztatowe. <\/p>\n\n\n\n<p class=\"has-text-align-justify wp-block-paragraph\">Niestety, ale wszystkie posoborowe kanonizacje wzgl\u0119dnie zdecydowan\u0105 ich wi\u0119kszo\u015b\u0107 nie przeprowadzono pod k\u0105tem zgodno\u015bci z Tradycj\u0105, ale zgodno\u015bci z posoborowym paradygmatem, o czym \u015bwiadcz\u0105 najdobitniej kanonizacje Franciszka sprowadzaj\u0105ce rzecz do absurdu. <\/p>\n\n\n\n<p class=\"has-text-align-justify wp-block-paragraph\">Wprowadzaj\u0105 nowinki, by nas pogr\u0105\u017cy\u0107, a my musimy uczy\u0107 si\u0119 wszystkiego na nowo.<\/p>\n\n\n\n<p class=\"has-text-align-justify wp-block-paragraph\">Nawet to, co dobre i dawne, zosta\u0142o tak podrysowane, by m\u0105ci\u0107. Skoro Newman zosta\u0142 Doktorem Ko\u015bcio\u0142a, to jego nauki s\u0105 albo same w sobie heterodoksyjne albo do heterodoksji prowadz\u0105. <em>Tertium non datur<\/em>.<\/p>\n\n\n\n<p class=\"wp-block-paragraph\">W razie, gdyby niniejszy wpis komu\u015b pom\u00f3g\u0142, autor prosi o datki. Jest to wymogiem sprawiedliwo\u015bci. Sta\u0142e konsumowanie czyjej\u015b w\u0142asno\u015bci intelektualnej jest grzechem lekkim, na co w tym miejscu uwag\u0119 zwr\u00f3ci\u0107 trzeba. Amen.<\/p>\n\n\n\n<div class=\"wp-block-kadence-infobox kt-info-box74405_787106-ce\"><a class=\"kt-blocks-info-box-link-wrap info-box-link kt-blocks-info-box-media-align-top kt-info-halign-center\" target=\"_blank\" rel=\"noopener noreferrer\" href=\"https:\/\/wobronietradycjiiwiary.com\/pl\/subskrypcje-2\/\"><div class=\"kt-blocks-info-box-media-container\"><div class=\"kt-blocks-info-box-media kt-info-media-animate-none\"><div class=\"kadence-info-box-image-inner-intrisic-container\"><div class=\"kadence-info-box-image-intrisic kt-info-animate-none\"><div class=\"kadence-info-box-image-inner-intrisic\"><img decoding=\"async\" data-attachment-id=\"99768\" data-permalink=\"https:\/\/wobronietradycjiiwiary.com\/pl\/cropped-cropped-st-peters-dome-vatican-1-jpg\/\" data-orig-file=\"https:\/\/wobronietradycjiiwiary.com\/wp-content\/uploads\/2015\/10\/cropped-cropped-st-peters-dome-vatican-1.jpg\" data-orig-size=\"512,512\" data-comments-opened=\"1\" data-image-meta=\"{&quot;aperture&quot;:&quot;0&quot;,&quot;credit&quot;:&quot;&quot;,&quot;camera&quot;:&quot;&quot;,&quot;caption&quot;:&quot;&quot;,&quot;created_timestamp&quot;:&quot;0&quot;,&quot;copyright&quot;:&quot;&quot;,&quot;focal_length&quot;:&quot;0&quot;,&quot;iso&quot;:&quot;0&quot;,&quot;shutter_speed&quot;:&quot;0&quot;,&quot;title&quot;:&quot;&quot;,&quot;orientation&quot;:&quot;0&quot;}\" data-image-title=\"cropped-cropped-st-peters-dome-vatican-1.jpg\" data-image-description=\"&lt;p&gt;https:\/\/wobronietradycjiiwiary.com\/wp-content\/uploads\/2015\/10\/cropped-cropped-st-peters-dome-vatican-1.jpg&lt;\/p&gt;\n\" data-image-caption=\"\" data-large-file=\"https:\/\/wobronietradycjiiwiary.com\/wp-content\/uploads\/2015\/10\/cropped-cropped-st-peters-dome-vatican-1.jpg\" src=\"https:\/\/wobronietradycjiiwiary.com\/wp-content\/uploads\/2015\/10\/cropped-cropped-st-peters-dome-vatican-1-150x150.jpg\" alt=\"\" width=\"150\" height=\"150\" class=\"kt-info-box-image wp-image-99768\" srcset=\"https:\/\/wobronietradycjiiwiary.com\/wp-content\/uploads\/2015\/10\/cropped-cropped-st-peters-dome-vatican-1-150x150.jpg 150w, https:\/\/wobronietradycjiiwiary.com\/wp-content\/uploads\/2015\/10\/cropped-cropped-st-peters-dome-vatican-1-300x300.jpg 300w, https:\/\/wobronietradycjiiwiary.com\/wp-content\/uploads\/2015\/10\/cropped-cropped-st-peters-dome-vatican-1-12x12.jpg 12w, https:\/\/wobronietradycjiiwiary.com\/wp-content\/uploads\/2015\/10\/cropped-cropped-st-peters-dome-vatican-1-400x400.jpg?crop=1 400w, https:\/\/wobronietradycjiiwiary.com\/wp-content\/uploads\/2015\/10\/cropped-cropped-st-peters-dome-vatican-1-200x200.jpg?crop=1 200w, https:\/\/wobronietradycjiiwiary.com\/wp-content\/uploads\/2015\/10\/cropped-cropped-st-peters-dome-vatican-1-100x100.jpg?crop=1 100w, https:\/\/wobronietradycjiiwiary.com\/wp-content\/uploads\/2015\/10\/cropped-cropped-st-peters-dome-vatican-1-270x270.jpg 270w, https:\/\/wobronietradycjiiwiary.com\/wp-content\/uploads\/2015\/10\/cropped-cropped-st-peters-dome-vatican-1-192x192.jpg 192w, https:\/\/wobronietradycjiiwiary.com\/wp-content\/uploads\/2015\/10\/cropped-cropped-st-peters-dome-vatican-1-180x180.jpg 180w, https:\/\/wobronietradycjiiwiary.com\/wp-content\/uploads\/2015\/10\/cropped-cropped-st-peters-dome-vatican-1-32x32.jpg 32w, https:\/\/wobronietradycjiiwiary.com\/wp-content\/uploads\/2015\/10\/cropped-cropped-st-peters-dome-vatican-1.jpg 512w\" sizes=\"(max-width: 150px) 100vw, 150px\" \/><\/div><\/div><\/div><\/div><\/div><div class=\"kt-infobox-textcontent\"><h2 class=\"kt-blocks-info-box-title\">Chcesz czyta\u0107 wszystko?<\/h2><p class=\"kt-blocks-info-box-text\"><strong>Wykup abonament.<\/strong><\/p><\/div><\/a><\/div>\n\n\n\n<div class=\"wp-block-cover aligncenter\" style=\"min-height:361px;aspect-ratio:unset;\"><img fetchpriority=\"high\" decoding=\"async\" width=\"524\" height=\"539\" data-attachment-id=\"115630\" data-permalink=\"https:\/\/wobronietradycjiiwiary.com\/pl\/church-militant-o-naduzyciach-seksualnych-w-bractwie-sw-piusa-x-nowy-cykl\/ec48bf44892c29b895741920e0bdef09-2\/\" data-orig-file=\"https:\/\/wobronietradycjiiwiary.com\/wp-content\/uploads\/2024\/04\/ec48bf44892c29b895741920e0bdef09.jpg\" data-orig-size=\"524,539\" data-comments-opened=\"1\" data-image-meta=\"{&quot;aperture&quot;:&quot;0&quot;,&quot;credit&quot;:&quot;&quot;,&quot;camera&quot;:&quot;&quot;,&quot;caption&quot;:&quot;&quot;,&quot;created_timestamp&quot;:&quot;0&quot;,&quot;copyright&quot;:&quot;&quot;,&quot;focal_length&quot;:&quot;0&quot;,&quot;iso&quot;:&quot;0&quot;,&quot;shutter_speed&quot;:&quot;0&quot;,&quot;title&quot;:&quot;&quot;,&quot;orientation&quot;:&quot;0&quot;}\" data-image-title=\"ec48bf44892c29b895741920e0bdef09\" data-image-description=\"\" data-image-caption=\"\" data-large-file=\"https:\/\/wobronietradycjiiwiary.com\/wp-content\/uploads\/2024\/04\/ec48bf44892c29b895741920e0bdef09.jpg\" class=\"wp-block-cover__image-background wp-image-115630\" alt=\"\" src=\"https:\/\/wobronietradycjiiwiary.com\/wp-content\/uploads\/2024\/04\/ec48bf44892c29b895741920e0bdef09.jpg\" style=\"object-position:57% 0%\" data-object-fit=\"cover\" data-object-position=\"57% 0%\" srcset=\"https:\/\/wobronietradycjiiwiary.com\/wp-content\/uploads\/2024\/04\/ec48bf44892c29b895741920e0bdef09.jpg 524w, https:\/\/wobronietradycjiiwiary.com\/wp-content\/uploads\/2024\/04\/ec48bf44892c29b895741920e0bdef09-450x463.jpg 450w, https:\/\/wobronietradycjiiwiary.com\/wp-content\/uploads\/2024\/04\/ec48bf44892c29b895741920e0bdef09-292x300.jpg 292w, https:\/\/wobronietradycjiiwiary.com\/wp-content\/uploads\/2024\/04\/ec48bf44892c29b895741920e0bdef09-146x150.jpg 146w, https:\/\/wobronietradycjiiwiary.com\/wp-content\/uploads\/2024\/04\/ec48bf44892c29b895741920e0bdef09-12x12.jpg 12w, https:\/\/wobronietradycjiiwiary.com\/wp-content\/uploads\/2024\/04\/ec48bf44892c29b895741920e0bdef09-58x60.jpg 58w, https:\/\/wobronietradycjiiwiary.com\/wp-content\/uploads\/2024\/04\/ec48bf44892c29b895741920e0bdef09-87x90.jpg 87w\" sizes=\"(max-width: 524px) 100vw, 524px\" \/><span aria-hidden=\"true\" class=\"wp-block-cover__background has-background-dim\"><\/span><div class=\"wp-block-cover__inner-container is-layout-flow wp-block-cover-is-layout-flow\">\n<p class=\"has-text-align-center has-large-font-size wp-block-paragraph\"><mark style=\"background-color:rgba(0, 0, 0, 0)\" class=\"has-inline-color has-luminous-vivid-amber-color\"><strong>Spodoba\u0142o si\u0119? Wspieraj nas!<\/strong><\/mark><\/p>\n\n\n\n<p class=\"has-text-align-center wp-block-paragraph\"><strong>Kart\u0105, paypalem lub bezpo\u015brednim przelewem<\/strong>.<\/p>\n\n\n\n<p class=\"has-text-align-center wp-block-paragraph\" style=\"font-size:39px\"><a aria-label=\" (opens in a new tab)\" class=\"ek-link\" href=\"https:\/\/donate.stripe.com\/6oE7uNfHU4nXe2I7su\" target=\"_blank\" rel=\"noreferrer noopener\"><mark style=\"background-color:rgba(0, 0, 0, 0)\" class=\"has-inline-color has-white-color\"><strong>Datki<\/strong> <\/mark><\/a><\/p>\n<\/div><\/div>\n\n\n\n<p class=\"wp-block-paragraph\"><\/p>\n\n\n\n<p class=\"wp-block-paragraph\"><\/p>\n","protected":false},"excerpt":{"rendered":"<p>O posobo<\/p>\n","protected":false},"author":60508433,"featured_media":149336,"comment_status":"open","ping_status":"open","sticky":false,"template":"","format":"standard","meta":{"_bbp_topic_count":0,"_bbp_reply_count":0,"_bbp_total_topic_count":0,"_bbp_total_reply_count":0,"_bbp_voice_count":0,"_bbp_anonymous_reply_count":0,"_bbp_topic_count_hidden":0,"_bbp_reply_count_hidden":0,"_bbp_forum_subforum_count":0,"_editorskit_title_hidden":false,"_editorskit_reading_time":0,"_editorskit_is_block_options_detached":false,"_editorskit_block_options_position":"{}","_coblocks_attr":"","_coblocks_dimensions":"","_coblocks_responsive_height":"","_coblocks_accordion_ie_support":"","_exactmetrics_skip_tracking":false,"_jetpack_newsletter_access":"","_jetpack_dont_email_post_to_subs":false,"_jetpack_newsletter_tier_id":0,"_jetpack_memberships_contains_paywalled_content":false,"_wpcom_ai_launchpad_first_post":false,"_jetpack_feature_clip_id":0,"_jetpack_memberships_contains_paid_content":false,"footnotes":"","jetpack_publicize_message":"{title}\n\n{excerpt}\n\n{url}","jetpack_publicize_feature_enabled":true,"jetpack_social_post_already_shared":false,"jetpack_social_options":{"image_generator_settings":{"template":"highway","default_image_id":0,"font":"","enabled":false},"version":2},"_wpas_customize_per_network":false,"jetpack_post_was_ever_published":false},"categories":[610135506,80248953,610135728,610135629,610131186],"tags":[610135528,610135726,610135724,610135727],"class_list":["post-149331","post","type-post","status-publish","format-standard","has-post-thumbnail","hentry","category-leon-xiv","category-kosciol-posoborowy","category-newman","category-papieze","category-polemika","tag-chris-jackson","tag-doktorzy-kosciola","tag-newman","tag-posoborowe-kanonizacje"],"yoast_head":"<!-- This site is optimized with the Yoast SEO plugin v28.4 - https:\/\/yoast.com\/product\/yoast-seo-wordpress\/ -->\n<title>Czy Newman powinien zosta\u0107 Doktorem Ko\u015bcio\u0142a? - Tradycja i Wiara<\/title>\n<meta name=\"robots\" content=\"index, follow, max-snippet:-1, max-image-preview:large, max-video-preview:-1\" \/>\n<link rel=\"canonical\" href=\"https:\/\/wobronietradycjiiwiary.com\/pl\/czy-newman-powinien-zostac-doktorem-kosciola\/\" \/>\n<meta property=\"og:locale\" content=\"pl_PL\" \/>\n<meta property=\"og:type\" content=\"article\" \/>\n<meta property=\"og:title\" content=\"Czy Newman powinien zosta\u0107 Doktorem Ko\u015bcio\u0142a? - Tradycja i Wiara\" \/>\n<meta property=\"og:description\" content=\"O posobo\" \/>\n<meta property=\"og:url\" content=\"https:\/\/wobronietradycjiiwiary.com\/pl\/czy-newman-powinien-zostac-doktorem-kosciola\/\" \/>\n<meta property=\"og:site_name\" content=\"Tradycja i Wiara\" \/>\n<meta property=\"article:publisher\" content=\"https:\/\/www.facebook.com\/Tradycja-i-Wiara-108813920592249\" \/>\n<meta property=\"article:published_time\" content=\"2025-08-04T09:21:42+00:00\" \/>\n<meta property=\"article:modified_time\" content=\"2025-08-06T08:11:16+00:00\" \/>\n<meta property=\"og:image\" content=\"https:\/\/wobronietradycjiiwiary.com\/wp-content\/uploads\/2025\/08\/Doktorzy.jpeg\" \/>\n\t<meta property=\"og:image:width\" content=\"1122\" \/>\n\t<meta property=\"og:image:height\" content=\"700\" \/>\n\t<meta property=\"og:image:type\" content=\"image\/jpeg\" \/>\n<meta name=\"author\" content=\"Traditio et Fides\" \/>\n<meta name=\"twitter:card\" content=\"summary_large_image\" \/>\n<meta name=\"twitter:label1\" content=\"Napisane przez\" \/>\n\t<meta name=\"twitter:data1\" content=\"Traditio et Fides\" \/>\n\t<meta name=\"twitter:label2\" content=\"Szacowany czas czytania\" \/>\n\t<meta name=\"twitter:data2\" content=\"18 minut\" \/>\n<script type=\"application\/ld+json\" class=\"yoast-schema-graph\">{\"@context\":\"https:\\\/\\\/schema.org\",\"@graph\":[{\"@type\":\"Article\",\"@id\":\"https:\\\/\\\/wobronietradycjiiwiary.com\\\/czy-newman-powinien-zostac-doktorem-kosciola\\\/#article\",\"isPartOf\":{\"@id\":\"https:\\\/\\\/wobronietradycjiiwiary.com\\\/czy-newman-powinien-zostac-doktorem-kosciola\\\/\"},\"author\":{\"name\":\"Traditio et Fides\",\"@id\":\"https:\\\/\\\/wobronietradycjiiwiary.com\\\/pl\\\/#\\\/schema\\\/person\\\/2d6180ce6abcb681fef0daab7816e8f3\"},\"headline\":\"Czy Newman powinien zosta\u0107 Doktorem Ko\u015bcio\u0142a?\",\"datePublished\":\"2025-08-04T09:21:42+00:00\",\"dateModified\":\"2025-08-06T08:11:16+00:00\",\"mainEntityOfPage\":{\"@id\":\"https:\\\/\\\/wobronietradycjiiwiary.com\\\/czy-newman-powinien-zostac-doktorem-kosciola\\\/\"},\"wordCount\":3524,\"commentCount\":0,\"publisher\":{\"@id\":\"https:\\\/\\\/wobronietradycjiiwiary.com\\\/pl\\\/#organization\"},\"image\":{\"@id\":\"https:\\\/\\\/wobronietradycjiiwiary.com\\\/czy-newman-powinien-zostac-doktorem-kosciola\\\/#primaryimage\"},\"thumbnailUrl\":\"https:\\\/\\\/wobronietradycjiiwiary.com\\\/wp-content\\\/uploads\\\/2025\\\/08\\\/Doktorzy.jpeg\",\"keywords\":[\"Chris Jackson\",\"Doktorzy Ko\u015bcio\u0142a\",\"Newman\",\"posoborowe kanonizacje\"],\"articleSection\":[\"5. Leon XIV\",\"Ko\u015bci\u00f3\u0142 posoborowy\",\"Newman\",\"Papie\u017ce\",\"Polemika\"],\"inLanguage\":\"pl-PL\",\"potentialAction\":[{\"@type\":\"CommentAction\",\"name\":\"Comment\",\"target\":[\"https:\\\/\\\/wobronietradycjiiwiary.com\\\/czy-newman-powinien-zostac-doktorem-kosciola\\\/#respond\"]}]},{\"@type\":\"WebPage\",\"@id\":\"https:\\\/\\\/wobronietradycjiiwiary.com\\\/czy-newman-powinien-zostac-doktorem-kosciola\\\/\",\"url\":\"https:\\\/\\\/wobronietradycjiiwiary.com\\\/czy-newman-powinien-zostac-doktorem-kosciola\\\/\",\"name\":\"Czy Newman powinien zosta\u0107 Doktorem Ko\u015bcio\u0142a? - Tradycja i Wiara\",\"isPartOf\":{\"@id\":\"https:\\\/\\\/wobronietradycjiiwiary.com\\\/pl\\\/#website\"},\"primaryImageOfPage\":{\"@id\":\"https:\\\/\\\/wobronietradycjiiwiary.com\\\/czy-newman-powinien-zostac-doktorem-kosciola\\\/#primaryimage\"},\"image\":{\"@id\":\"https:\\\/\\\/wobronietradycjiiwiary.com\\\/czy-newman-powinien-zostac-doktorem-kosciola\\\/#primaryimage\"},\"thumbnailUrl\":\"https:\\\/\\\/wobronietradycjiiwiary.com\\\/wp-content\\\/uploads\\\/2025\\\/08\\\/Doktorzy.jpeg\",\"datePublished\":\"2025-08-04T09:21:42+00:00\",\"dateModified\":\"2025-08-06T08:11:16+00:00\",\"breadcrumb\":{\"@id\":\"https:\\\/\\\/wobronietradycjiiwiary.com\\\/czy-newman-powinien-zostac-doktorem-kosciola\\\/#breadcrumb\"},\"inLanguage\":\"pl-PL\",\"potentialAction\":[{\"@type\":\"ReadAction\",\"target\":[\"https:\\\/\\\/wobronietradycjiiwiary.com\\\/czy-newman-powinien-zostac-doktorem-kosciola\\\/\"]}]},{\"@type\":\"ImageObject\",\"inLanguage\":\"pl-PL\",\"@id\":\"https:\\\/\\\/wobronietradycjiiwiary.com\\\/czy-newman-powinien-zostac-doktorem-kosciola\\\/#primaryimage\",\"url\":\"https:\\\/\\\/wobronietradycjiiwiary.com\\\/wp-content\\\/uploads\\\/2025\\\/08\\\/Doktorzy.jpeg\",\"contentUrl\":\"https:\\\/\\\/wobronietradycjiiwiary.com\\\/wp-content\\\/uploads\\\/2025\\\/08\\\/Doktorzy.jpeg\",\"width\":1122,\"height\":700},{\"@type\":\"BreadcrumbList\",\"@id\":\"https:\\\/\\\/wobronietradycjiiwiary.com\\\/czy-newman-powinien-zostac-doktorem-kosciola\\\/#breadcrumb\",\"itemListElement\":[{\"@type\":\"ListItem\",\"position\":1,\"name\":\"Strona g\u0142\u00f3wna\",\"item\":\"https:\\\/\\\/wobronietradycjiiwiary.com\\\/\"},{\"@type\":\"ListItem\",\"position\":2,\"name\":\"Czy Newman powinien zosta\u0107 Doktorem Ko\u015bcio\u0142a?\"}]},{\"@type\":\"WebSite\",\"@id\":\"https:\\\/\\\/wobronietradycjiiwiary.com\\\/pl\\\/#website\",\"url\":\"https:\\\/\\\/wobronietradycjiiwiary.com\\\/pl\\\/\",\"name\":\"Tradycja i Wiara\",\"description\":\"Portal dla katolik\u00f3w.\",\"publisher\":{\"@id\":\"https:\\\/\\\/wobronietradycjiiwiary.com\\\/pl\\\/#organization\"},\"potentialAction\":[{\"@type\":\"SearchAction\",\"target\":{\"@type\":\"EntryPoint\",\"urlTemplate\":\"https:\\\/\\\/wobronietradycjiiwiary.com\\\/pl\\\/?s={search_term_string}\"},\"query-input\":{\"@type\":\"PropertyValueSpecification\",\"valueRequired\":true,\"valueName\":\"search_term_string\"}}],\"inLanguage\":\"pl-PL\"},{\"@type\":\"Organization\",\"@id\":\"https:\\\/\\\/wobronietradycjiiwiary.com\\\/pl\\\/#organization\",\"name\":\"Tradycja i Wiara\",\"url\":\"https:\\\/\\\/wobronietradycjiiwiary.com\\\/pl\\\/\",\"logo\":{\"@type\":\"ImageObject\",\"inLanguage\":\"pl-PL\",\"@id\":\"https:\\\/\\\/wobronietradycjiiwiary.com\\\/pl\\\/#\\\/schema\\\/logo\\\/image\\\/\",\"url\":\"https:\\\/\\\/i0.wp.com\\\/wobronietradycjiiwiary.com\\\/wp-content\\\/uploads\\\/2015\\\/10\\\/cropped-st-peters-dome-vatican.jpg?fit=940%2C198&ssl=1\",\"contentUrl\":\"https:\\\/\\\/i0.wp.com\\\/wobronietradycjiiwiary.com\\\/wp-content\\\/uploads\\\/2015\\\/10\\\/cropped-st-peters-dome-vatican.jpg?fit=940%2C198&ssl=1\",\"width\":940,\"height\":198,\"caption\":\"Tradycja i Wiara\"},\"image\":{\"@id\":\"https:\\\/\\\/wobronietradycjiiwiary.com\\\/pl\\\/#\\\/schema\\\/logo\\\/image\\\/\"},\"sameAs\":[\"https:\\\/\\\/www.facebook.com\\\/Tradycja-i-Wiara-108813920592249\"]},{\"@type\":\"Person\",\"@id\":\"https:\\\/\\\/wobronietradycjiiwiary.com\\\/pl\\\/#\\\/schema\\\/person\\\/2d6180ce6abcb681fef0daab7816e8f3\",\"name\":\"Traditio et Fides\",\"sameAs\":[\"https:\\\/\\\/traditionundglauben.com\"],\"url\":\"https:\\\/\\\/wobronietradycjiiwiary.com\\\/pl\\\/author\\\/wobronietradycjiiwiary\\\/\"}]}<\/script>\n<!-- \/ Yoast SEO plugin. -->","yoast_head_json":{"title":"Czy Newman powinien zosta\u0107 Doktorem Ko\u015bcio\u0142a? - Tradycja i Wiara","robots":{"index":"index","follow":"follow","max-snippet":"max-snippet:-1","max-image-preview":"max-image-preview:large","max-video-preview":"max-video-preview:-1"},"canonical":"https:\/\/wobronietradycjiiwiary.com\/pl\/czy-newman-powinien-zostac-doktorem-kosciola\/","og_locale":"pl_PL","og_type":"article","og_title":"Czy Newman powinien zosta\u0107 Doktorem Ko\u015bcio\u0142a? - Tradycja i Wiara","og_description":"O posobo","og_url":"https:\/\/wobronietradycjiiwiary.com\/pl\/czy-newman-powinien-zostac-doktorem-kosciola\/","og_site_name":"Tradycja i Wiara","article_publisher":"https:\/\/www.facebook.com\/Tradycja-i-Wiara-108813920592249","article_published_time":"2025-08-04T09:21:42+00:00","article_modified_time":"2025-08-06T08:11:16+00:00","og_image":[{"width":1122,"height":700,"url":"https:\/\/wobronietradycjiiwiary.com\/wp-content\/uploads\/2025\/08\/Doktorzy.jpeg","type":"image\/jpeg"}],"author":"Traditio et Fides","twitter_card":"summary_large_image","twitter_misc":{"Napisane przez":"Traditio et Fides","Szacowany czas czytania":"18 minut"},"schema":{"@context":"https:\/\/schema.org","@graph":[{"@type":"Article","@id":"https:\/\/wobronietradycjiiwiary.com\/czy-newman-powinien-zostac-doktorem-kosciola\/#article","isPartOf":{"@id":"https:\/\/wobronietradycjiiwiary.com\/czy-newman-powinien-zostac-doktorem-kosciola\/"},"author":{"name":"Traditio et Fides","@id":"https:\/\/wobronietradycjiiwiary.com\/pl\/#\/schema\/person\/2d6180ce6abcb681fef0daab7816e8f3"},"headline":"Czy Newman powinien zosta\u0107 Doktorem Ko\u015bcio\u0142a?","datePublished":"2025-08-04T09:21:42+00:00","dateModified":"2025-08-06T08:11:16+00:00","mainEntityOfPage":{"@id":"https:\/\/wobronietradycjiiwiary.com\/czy-newman-powinien-zostac-doktorem-kosciola\/"},"wordCount":3524,"commentCount":0,"publisher":{"@id":"https:\/\/wobronietradycjiiwiary.com\/pl\/#organization"},"image":{"@id":"https:\/\/wobronietradycjiiwiary.com\/czy-newman-powinien-zostac-doktorem-kosciola\/#primaryimage"},"thumbnailUrl":"https:\/\/wobronietradycjiiwiary.com\/wp-content\/uploads\/2025\/08\/Doktorzy.jpeg","keywords":["Chris Jackson","Doktorzy Ko\u015bcio\u0142a","Newman","posoborowe kanonizacje"],"articleSection":["5. Leon XIV","Ko\u015bci\u00f3\u0142 posoborowy","Newman","Papie\u017ce","Polemika"],"inLanguage":"pl-PL","potentialAction":[{"@type":"CommentAction","name":"Comment","target":["https:\/\/wobronietradycjiiwiary.com\/czy-newman-powinien-zostac-doktorem-kosciola\/#respond"]}]},{"@type":"WebPage","@id":"https:\/\/wobronietradycjiiwiary.com\/czy-newman-powinien-zostac-doktorem-kosciola\/","url":"https:\/\/wobronietradycjiiwiary.com\/czy-newman-powinien-zostac-doktorem-kosciola\/","name":"Czy Newman powinien zosta\u0107 Doktorem Ko\u015bcio\u0142a? - Tradycja i Wiara","isPartOf":{"@id":"https:\/\/wobronietradycjiiwiary.com\/pl\/#website"},"primaryImageOfPage":{"@id":"https:\/\/wobronietradycjiiwiary.com\/czy-newman-powinien-zostac-doktorem-kosciola\/#primaryimage"},"image":{"@id":"https:\/\/wobronietradycjiiwiary.com\/czy-newman-powinien-zostac-doktorem-kosciola\/#primaryimage"},"thumbnailUrl":"https:\/\/wobronietradycjiiwiary.com\/wp-content\/uploads\/2025\/08\/Doktorzy.jpeg","datePublished":"2025-08-04T09:21:42+00:00","dateModified":"2025-08-06T08:11:16+00:00","breadcrumb":{"@id":"https:\/\/wobronietradycjiiwiary.com\/czy-newman-powinien-zostac-doktorem-kosciola\/#breadcrumb"},"inLanguage":"pl-PL","potentialAction":[{"@type":"ReadAction","target":["https:\/\/wobronietradycjiiwiary.com\/czy-newman-powinien-zostac-doktorem-kosciola\/"]}]},{"@type":"ImageObject","inLanguage":"pl-PL","@id":"https:\/\/wobronietradycjiiwiary.com\/czy-newman-powinien-zostac-doktorem-kosciola\/#primaryimage","url":"https:\/\/wobronietradycjiiwiary.com\/wp-content\/uploads\/2025\/08\/Doktorzy.jpeg","contentUrl":"https:\/\/wobronietradycjiiwiary.com\/wp-content\/uploads\/2025\/08\/Doktorzy.jpeg","width":1122,"height":700},{"@type":"BreadcrumbList","@id":"https:\/\/wobronietradycjiiwiary.com\/czy-newman-powinien-zostac-doktorem-kosciola\/#breadcrumb","itemListElement":[{"@type":"ListItem","position":1,"name":"Strona g\u0142\u00f3wna","item":"https:\/\/wobronietradycjiiwiary.com\/"},{"@type":"ListItem","position":2,"name":"Czy Newman powinien zosta\u0107 Doktorem Ko\u015bcio\u0142a?"}]},{"@type":"WebSite","@id":"https:\/\/wobronietradycjiiwiary.com\/pl\/#website","url":"https:\/\/wobronietradycjiiwiary.com\/pl\/","name":"Tradycja i Wiara","description":"Portal dla katolik\u00f3w.","publisher":{"@id":"https:\/\/wobronietradycjiiwiary.com\/pl\/#organization"},"potentialAction":[{"@type":"SearchAction","target":{"@type":"EntryPoint","urlTemplate":"https:\/\/wobronietradycjiiwiary.com\/pl\/?s={search_term_string}"},"query-input":{"@type":"PropertyValueSpecification","valueRequired":true,"valueName":"search_term_string"}}],"inLanguage":"pl-PL"},{"@type":"Organization","@id":"https:\/\/wobronietradycjiiwiary.com\/pl\/#organization","name":"Tradycja i Wiara","url":"https:\/\/wobronietradycjiiwiary.com\/pl\/","logo":{"@type":"ImageObject","inLanguage":"pl-PL","@id":"https:\/\/wobronietradycjiiwiary.com\/pl\/#\/schema\/logo\/image\/","url":"https:\/\/i0.wp.com\/wobronietradycjiiwiary.com\/wp-content\/uploads\/2015\/10\/cropped-st-peters-dome-vatican.jpg?fit=940%2C198&ssl=1","contentUrl":"https:\/\/i0.wp.com\/wobronietradycjiiwiary.com\/wp-content\/uploads\/2015\/10\/cropped-st-peters-dome-vatican.jpg?fit=940%2C198&ssl=1","width":940,"height":198,"caption":"Tradycja i Wiara"},"image":{"@id":"https:\/\/wobronietradycjiiwiary.com\/pl\/#\/schema\/logo\/image\/"},"sameAs":["https:\/\/www.facebook.com\/Tradycja-i-Wiara-108813920592249"]},{"@type":"Person","@id":"https:\/\/wobronietradycjiiwiary.com\/pl\/#\/schema\/person\/2d6180ce6abcb681fef0daab7816e8f3","name":"Traditio et Fides","sameAs":["https:\/\/traditionundglauben.com"],"url":"https:\/\/wobronietradycjiiwiary.com\/pl\/author\/wobronietradycjiiwiary\/"}]}},"jetpack_publicize_connections":[],"jetpack_sharing_enabled":true,"jetpack_likes_enabled":true,"jetpack_shortlink":"https:\/\/wp.me\/pc04Sd-CQz","jetpack-related-posts":[{"id":149640,"url":"https:\/\/wobronietradycjiiwiary.com\/pl\/chris-jackson-blogoslawione-zamieszanie-johna-henryego-newmana\/","url_meta":{"origin":149331,"position":0},"title":"Chris Jackson, B\u0142ogos\u0142awione zamieszanie Johna Henry\u2019ego Newmana","author":"Traditio et Fides","date":"6 sierpnia 2025","format":false,"excerpt":"O tym, \u017ce Newman by\u0142 \"mostem\" w z\u0142ym tego s\u0142owa znaczeniu.","rel":"","context":"W \u201e5. Leon XIV&quot;","block_context":{"text":"5. Leon XIV","link":"https:\/\/wobronietradycjiiwiary.com\/pl\/category\/polemika\/kosciol-posoborowy\/papieze\/leon-xiv\/"},"img":{"alt_text":"","src":"https:\/\/i0.wp.com\/wobronietradycjiiwiary.com\/wp-content\/uploads\/2025\/10\/1aa1f8e499d76ca04def50eaf7c50f37.webp?resize=350%2C200&ssl=1","width":350,"height":200,"srcset":"https:\/\/i0.wp.com\/wobronietradycjiiwiary.com\/wp-content\/uploads\/2025\/10\/1aa1f8e499d76ca04def50eaf7c50f37.webp?resize=350%2C200&ssl=1 1x, https:\/\/i0.wp.com\/wobronietradycjiiwiary.com\/wp-content\/uploads\/2025\/10\/1aa1f8e499d76ca04def50eaf7c50f37.webp?resize=525%2C300&ssl=1 1.5x, https:\/\/i0.wp.com\/wobronietradycjiiwiary.com\/wp-content\/uploads\/2025\/10\/1aa1f8e499d76ca04def50eaf7c50f37.webp?resize=700%2C400&ssl=1 2x"},"classes":[]},{"id":149575,"url":"https:\/\/wobronietradycjiiwiary.com\/pl\/newman-lub-osad-przeszlosci\/","url_meta":{"origin":149331,"position":1},"title":"Newman lub osad przesz\u0142o\u015bci","author":"Traditio et Fides","date":"6 sierpnia 2025","format":false,"excerpt":"O promowaniu Newmana przez Novus Ordo z Janem Paw\u0142em II i \"Mortalium animos\" w tle.","rel":"","context":"W \u201e5. Leon XIV&quot;","block_context":{"text":"5. Leon XIV","link":"https:\/\/wobronietradycjiiwiary.com\/pl\/category\/polemika\/kosciol-posoborowy\/papieze\/leon-xiv\/"},"img":{"alt_text":"","src":"https:\/\/i0.wp.com\/wobronietradycjiiwiary.com\/wp-content\/uploads\/2025\/08\/Photo_of_John_Henry_Newman.jpg?resize=350%2C200&ssl=1","width":350,"height":200},"classes":[]},{"id":149286,"url":"https:\/\/wobronietradycjiiwiary.com\/pl\/chris-jackson-konsolidator-leon-xiv-i-synteza-subwersji\/","url_meta":{"origin":149331,"position":2},"title":"Chris Jackson, Konsolidator: Leon XIV i synteza subwersji","author":"Traditio et Fides","date":"4 sierpnia 2025","format":false,"excerpt":"O przyczynach og\u0142oszenia Nemana doktorem Ko\u015bcio\u0142a.","rel":"","context":"W \u201e5. Leon XIV&quot;","block_context":{"text":"5. Leon XIV","link":"https:\/\/wobronietradycjiiwiary.com\/pl\/category\/polemika\/kosciol-posoborowy\/papieze\/leon-xiv\/"},"img":{"alt_text":"","src":"https:\/\/i0.wp.com\/wobronietradycjiiwiary.com\/wp-content\/uploads\/2025\/10\/1aa1f8e499d76ca04def50eaf7c50f37.webp?resize=350%2C200&ssl=1","width":350,"height":200,"srcset":"https:\/\/i0.wp.com\/wobronietradycjiiwiary.com\/wp-content\/uploads\/2025\/10\/1aa1f8e499d76ca04def50eaf7c50f37.webp?resize=350%2C200&ssl=1 1x, https:\/\/i0.wp.com\/wobronietradycjiiwiary.com\/wp-content\/uploads\/2025\/10\/1aa1f8e499d76ca04def50eaf7c50f37.webp?resize=525%2C300&ssl=1 1.5x, https:\/\/i0.wp.com\/wobronietradycjiiwiary.com\/wp-content\/uploads\/2025\/10\/1aa1f8e499d76ca04def50eaf7c50f37.webp?resize=700%2C400&ssl=1 2x"},"classes":[]},{"id":158000,"url":"https:\/\/wobronietradycjiiwiary.com\/pl\/carol-byrne-msza-dialogowana-141-1-z-149-scholastyka-kontra-personalizm-i-obiektywizm\/","url_meta":{"origin":149331,"position":3},"title":"Carol Byrne, &#8220;Msza dialogowana&#8221;. (141.1 z 153). Scholastyka kontra personalizm i obiektywizm.","author":"Traditio et Fides","date":"23 grudnia 2025","format":false,"excerpt":"O rzekomej \"teologii \u017cywej\" i jej pu\u0142apce.","rel":"","context":"W \u201eByrne&quot;","block_context":{"text":"Byrne","link":"https:\/\/wobronietradycjiiwiary.com\/pl\/category\/doktryna\/teologia-liturgii\/byrne-doktryna\/"},"img":{"alt_text":"","src":"https:\/\/i0.wp.com\/wobronietradycjiiwiary.com\/wp-content\/uploads\/2019\/10\/carreno-de-miranda.jpg?resize=350%2C200&ssl=1","width":350,"height":200,"srcset":"https:\/\/i0.wp.com\/wobronietradycjiiwiary.com\/wp-content\/uploads\/2019\/10\/carreno-de-miranda.jpg?resize=350%2C200&ssl=1 1x, https:\/\/i0.wp.com\/wobronietradycjiiwiary.com\/wp-content\/uploads\/2019\/10\/carreno-de-miranda.jpg?resize=525%2C300&ssl=1 1.5x, https:\/\/i0.wp.com\/wobronietradycjiiwiary.com\/wp-content\/uploads\/2019\/10\/carreno-de-miranda.jpg?resize=700%2C400&ssl=1 2x"},"classes":[]},{"id":62816,"url":"https:\/\/wobronietradycjiiwiary.com\/pl\/czy-sw-ireneusz-z-lyonu-powinien-byc-doktorem-kosciola\/","url_meta":{"origin":149331,"position":4},"title":"Czy \u015bw. Ireneusz z Lyonu powinien by\u0107 Doktorem Ko\u015bcio\u0142a?","author":"Traditio et Fides","date":"3 marca 2022","format":false,"excerpt":"\u015aw. Ireneusz na tytu\u0142 Doktora Ko\u015bcio\u0142a nie zas\u0142uguje, a wyniesienie go do tej godno\u015bci to kolejne hagan lio.","rel":"","context":"W \u201eSatanizm&quot;","block_context":{"text":"Satanizm","link":"https:\/\/wobronietradycjiiwiary.com\/pl\/category\/polemika\/satanizm\/"},"img":{"alt_text":"","src":"https:\/\/i0.wp.com\/wobronietradycjiiwiary.com\/wp-content\/uploads\/2022\/03\/Irenaeus_1.jpg?resize=350%2C200&ssl=1","width":350,"height":200},"classes":[]},{"id":26247,"url":"https:\/\/wobronietradycjiiwiary.com\/pl\/kto-byl-najgorszym-z-papiezy-lub-o-prymacie-papieskim-2-z-6\/","url_meta":{"origin":149331,"position":5},"title":"Kto by\u0142 najgorszym z papie\u017cy lub o prymacie papieskim (2 z 6)","author":"Traditio et Fides","date":"28 stycznia 2020","format":false,"excerpt":"Nieomylno\u015b\u0107 papieska w strukturze apologetyki katolickiej By\u0107 mo\u017ce nie wszyscy wiedz\u0105, \u017ce o kwestii nieomylno\u015bci papiestwa traktuje nie tyle dogmatyka, pomijaj\u0105c orzeczenia stricte dogmatyczne (np. orzeczenia Vat. I) co apologetyka w dziale o Ko\u015bciele, a konkretnie w rozdziale o ustroju Ko\u015bcio\u0142a Katolickiego (De Constitutione Ecclesiae Catholicae).[1] Tok klasycznego dowodzenia jest\u2026","rel":"","context":"W \u201eNieomylno\u015bci charyzmat&quot;","block_context":{"text":"Nieomylno\u015bci charyzmat","link":"https:\/\/wobronietradycjiiwiary.com\/pl\/category\/doktryna\/teologia-dogmatyczna\/papiestwo\/nieomylnosc-papieska\/charyzmat-nieomylnosci\/"},"img":{"alt_text":"","src":"https:\/\/i0.wp.com\/wobronietradycjiiwiary.com\/wp-content\/uploads\/2020\/01\/pope-gregory-ix.jpg?resize=350%2C200&ssl=1","width":350,"height":200,"srcset":"https:\/\/i0.wp.com\/wobronietradycjiiwiary.com\/wp-content\/uploads\/2020\/01\/pope-gregory-ix.jpg?resize=350%2C200&ssl=1 1x, https:\/\/i0.wp.com\/wobronietradycjiiwiary.com\/wp-content\/uploads\/2020\/01\/pope-gregory-ix.jpg?resize=525%2C300&ssl=1 1.5x, https:\/\/i0.wp.com\/wobronietradycjiiwiary.com\/wp-content\/uploads\/2020\/01\/pope-gregory-ix.jpg?resize=700%2C400&ssl=1 2x"},"classes":[]}],"amp_enabled":true,"jetpack_featured_media_url":"https:\/\/wobronietradycjiiwiary.com\/wp-content\/uploads\/2025\/08\/Doktorzy.jpeg","_links":{"self":[{"href":"https:\/\/wobronietradycjiiwiary.com\/pl\/wp-json\/wp\/v2\/posts\/149331","targetHints":{"allow":["GET"]}}],"collection":[{"href":"https:\/\/wobronietradycjiiwiary.com\/pl\/wp-json\/wp\/v2\/posts"}],"about":[{"href":"https:\/\/wobronietradycjiiwiary.com\/pl\/wp-json\/wp\/v2\/types\/post"}],"author":[{"embeddable":true,"href":"https:\/\/wobronietradycjiiwiary.com\/pl\/wp-json\/wp\/v2\/users\/60508433"}],"replies":[{"embeddable":true,"href":"https:\/\/wobronietradycjiiwiary.com\/pl\/wp-json\/wp\/v2\/comments?post=149331"}],"version-history":[{"count":81,"href":"https:\/\/wobronietradycjiiwiary.com\/pl\/wp-json\/wp\/v2\/posts\/149331\/revisions"}],"predecessor-version":[{"id":149565,"href":"https:\/\/wobronietradycjiiwiary.com\/pl\/wp-json\/wp\/v2\/posts\/149331\/revisions\/149565"}],"wp:featuredmedia":[{"embeddable":true,"href":"https:\/\/wobronietradycjiiwiary.com\/pl\/wp-json\/wp\/v2\/media\/149336"}],"wp:attachment":[{"href":"https:\/\/wobronietradycjiiwiary.com\/pl\/wp-json\/wp\/v2\/media?parent=149331"}],"wp:term":[{"taxonomy":"category","embeddable":true,"href":"https:\/\/wobronietradycjiiwiary.com\/pl\/wp-json\/wp\/v2\/categories?post=149331"},{"taxonomy":"post_tag","embeddable":true,"href":"https:\/\/wobronietradycjiiwiary.com\/pl\/wp-json\/wp\/v2\/tags?post=149331"}],"curies":[{"name":"wp","href":"https:\/\/api.w.org\/{rel}","templated":true}]}}