{"id":148923,"date":"2025-07-28T08:00:20","date_gmt":"2025-07-28T06:00:20","guid":{"rendered":"https:\/\/wobronietradycjiiwiary.com\/?p=148923"},"modified":"2025-07-28T17:44:27","modified_gmt":"2025-07-28T15:44:27","slug":"28-go-lipca-zywot-blogoslawionego-czeslawa-wyznawcy-3-2","status":"publish","type":"post","link":"https:\/\/wobronietradycjiiwiary.com\/pl\/28-go-lipca-zywot-blogoslawionego-czeslawa-wyznawcy-3-2\/","title":{"rendered":"28-go Lipca. \u017bywot b\u0142ogos\u0142awionego Czes\u0142awa, Wyznawcy."},"content":{"rendered":"<div id=\"bsf_rt_marker\"><\/div>\n<p class=\"has-text-align-center wp-block-paragraph\">(\u017by\u0142 oko\u0142o roku Pa\u0144skiego 1242).<\/p>\n\n\n\n<figure class=\"wp-block-image\"><a href=\"https:\/\/pl.wikisource.org\/wiki\/Plik:%C5%BBywoty_%C5%9Bw._Pa%C5%84skich_na_wszystkie_dnie_roku-Inicja%C5%82-B.png\"><img decoding=\"async\" src=\"https:\/\/upload.wikimedia.org\/wikipedia\/commons\/thumb\/7\/72\/%C5%BBywoty_%C5%9Bw._Pa%C5%84skich_na_wszystkie_dnie_roku-Inicja%C5%82-B.png\/55px-%C5%BBywoty_%C5%9Bw._Pa%C5%84skich_na_wszystkie_dnie_roku-Inicja%C5%82-B.png\" alt=\"B\"\/><\/a><\/figure>\n\n\n\n<p class=\"has-text-align-justify wp-block-paragraph\">B\u0142ogos\u0142awiony Czes\u0142aw by\u0142 rodzonym bratem \u015bw. Jacka, pochodzi\u0142 ze znakomitego rodu Odrow\u0105\u017c\u00f3w, a przyszed\u0142 na \u015bwiat w Kamie\u0144cu na \u015al\u0105sku w roku 1185. Ju\u017c jako dzieci\u0119 zas\u0142yn\u0105\u0142 z pobo\u017cno\u015bci i niepokalanej czysto\u015bci obyczaj\u00f3w. Najmilszem jego zaj\u0119ciem by\u0142o gromadzi\u0107 oko\u0142o siebie dzieci i na\u015bladuj\u0105c kap\u0142an\u00f3w, miewa\u0107 do nich kazania, zach\u0119caj\u0105c ich do cnoty i pobo\u017cno\u015bci. By\u0142o to zapowiedzi\u0105 przysz\u0142ej jego gorliwo\u015bci w opowiadaniu S\u0142owa Bo\u017cego. Poniewa\u017c za\u015b pilnie si\u0119 do nauk przyk\u0142ada\u0142, wys\u0142ano go niebawem do W\u0142och, gdzie tak wielkimi post\u0119pami wkr\u00f3tce si\u0119 odznaczy\u0142, \u017ce po kilku latach uzyska\u0142 stopie\u0144 doktora praw. Przestrzega\u0142 te\u017c \u015bci\u015ble czysto\u015bci obyczaj\u00f3w, a ilekro\u0107 w nim si\u0119 odzywa\u0142y \u017c\u0105dze, ucieka\u0142 si\u0119 do modlitwy i m\u00f3wi\u0142 do siebie: \u201eWalcz dzielnie i pokonuj nieczyste chuci, Czes\u0142awie; z ma\u0142ej bowiem iskry \u0142atwo mo\u017ce powsta\u0107 po\u017car wielki.\u201c<\/p>\n\n\n\n<p class=\"has-text-align-justify wp-block-paragraph\">Po powrocie do Polski mianowany kanonikiem przez Biskupa Iwona Odrow\u0105\u017ca, pojecha\u0142 razem z nim i z bratem Jackiem do Rzymu, gdzie z r\u0105k \u015bw. Dominika odebra\u0142 habit zakonny. Zapatruj\u0105c si\u0119 na tego \u015bwi\u0119tego Zakonodawc\u0119, niezad\u0142ugo doszed\u0142 w postach, modlitwie umartwieniu cia\u0142a, pokorze i pos\u0142usze\u0144stwie do tak wysokiego stopnia doskona\u0142o\u015bci, \u017ce sta\u0142 si\u0119 przedmiotem powszechnego podziwu i wzorem godnym na\u015bladowania.<\/p>\n\n\n\n<p class=\"has-text-align-justify wp-block-paragraph\">Wyjechawszy z Rzymu, uda\u0142 si\u0119 Czes\u0142aw najprz\u00f3d do Pragi, stolicy pobratymczych Polakom Czech\u00f3w, gdzie z wielkim skutkiem opowiadaj\u0105c S\u0142owo Bo\u017ce, wielu zatwardzia\u0142ych grzesznik\u00f3w nawr\u00f3ci\u0142 na drog\u0119 cnoty. Za jego te\u017c spraw\u0105 za\u0142o\u017cony zosta\u0142 w mie\u015bcie tem zakon Dominikan\u00f3w, do kt\u00f3rego niezad\u0142ugo tak t\u0142umnie cisn\u0105\u0107 si\u0119 pocz\u0119\u0142a m\u0142odzie\u017c i starsi, \u017ce klasztor wkr\u00f3tce liczy\u0142 stu zakonnik\u00f3w. Dwudziestu sze\u015bciu z nich posz\u0142o niebawem g\u0142osi\u0107 S\u0142owo Bo\u017ce do Bo\u015bnii i przyp\u0142aci\u0142o sw\u0105 gorliwo\u015b\u0107 \u015bmierci\u0105 m\u0119cze\u0144sk\u0105.<\/p>\n\n\n\n<p class=\"has-text-align-justify wp-block-paragraph\">P\u00f3\u017aniej zwiedzi\u0142 Czes\u0142aw pieszo prawie ca\u0142y \u015al\u0105sk, nawo\u0142uj\u0105c wsz\u0119dzie do poprawy \u017cycia i pokuty. Praca jego nie by\u0142a bezowocn\u0105, gdy\u017c bardzo wielu porzuca\u0142o drog\u0119 grzechu i nieprawo\u015bci i wst\u0119powa\u0142o na drog\u0119 cnoty. Przybywszy do Wroc\u0142awia, postara\u0142 si\u0119 tu o za\u0142o\u017cenie klasztoru Dominika\u0144skiego, kt\u00f3ry te\u017c niezad\u0142ugo stan\u0105\u0142. Osiad\u0142szy w nim, ca\u0142e dnie trawi\u0142 na pos\u0142ugach duchownych, ju\u017c to odprawiaj\u0105c nabo\u017ce\u0144stwo, ju\u017c siadaj\u0105c w konfesyonale i miewaj\u0105c kazania. W nocy za\u015b ma\u0142o snu za\u017cywa\u0142, lecz wi\u0119ksz\u0105 cz\u0119\u015b\u0107 czasu trawi\u0142 na rozmy\u015blaniach i modlitwach. Umartwienie cia\u0142a posuwa\u0142 do tego stopnia, i\u017c nieraz a\u017c do krwi si\u0119 biczowa\u0142.<\/p>\n\n\n\n<p class=\"has-text-align-justify wp-block-paragraph\">To te\u017c ju\u017c za \u017cycia rozliczne cuda roznios\u0142y s\u0142aw\u0119 niezwyk\u0142ej jego \u015bwi\u0119tobliwo\u015bci. Pewnej matce uton\u0119\u0142o razu jednego dzieci\u0119\u00a0w rzece Odrze; cia\u0142o znaleziono dopiero po o\u015bmiu dniach, ale ju\u017c mocno nadpsute. Ufna w modlitwy i cudotw\u00f3rcz\u0105 moc Czes\u0142awa, bie\u017cy niewiasta do klasztoru i prosi \u015bwi\u0119tobliwego zakonnika, aby ch\u0142opca wskrzesi\u0142. Pada tedy kap\u0142an na kolana i gor\u0105co si\u0119 modli; poczem powstawszy, rozkazuje dziecku, by o\u017cy\u0142o. I ot\u00f3\u017c powstaje pachol\u0119 zdrowe i czerstwe, jakiem by\u0142o dawniej.<br><\/p>\n\n\n\n<p class=\"has-text-align-justify wp-block-paragraph\">\u2009Sta\u0142o si\u0119, i\u017c Tatarzy, nar\u00f3d dziki, plondruj\u0105c po ca\u0142ej polskiej ziemi, oblegli tak\u017ce Wroc\u0142aw, pustosz\u0105c wszystko ogniem i mieczem, a nie przebaczaj\u0105c ni p\u0142ci, ni wiekowi. Wroc\u0142awianie przestraszeni, schronili si\u0119 byli do zamku, ale mocno si\u0119 l\u0119kali, gdy\u017c mieli za ma\u0142o wojska ku obronie i szczup\u0142e tylko zapasy \u017cywno\u015bci. Opuszczone wszak\u017ce miasto zaj\u0119li Tatarzy, otaczaj\u0105c zarazem zamek. W swej bezradno\u015bci udaj\u0105 si\u0119 tedy mieszczanie do Czes\u0142awa z pro\u015bb\u0105 o ratunek. Ten\u017ce pad\u0142szy na kolana, poleci\u0142 miasto opiece Boskiej poczem wyszed\u0142 na wa\u0142y. Wtem ukaza\u0142a si\u0119 nad g\u0142ow\u0105 jego p\u0142omienista kula, kt\u00f3ra p\u0119dz\u0105c na Tatarski ob\u00f3z, tak poha\u0144c\u00f3w przerazi\u0142a, \u017ce od miasta odst\u0105pili.<br>\u2009Skoro go obrano prowincya\u0142em, tj. zwierzchnikiem zakonnym wszystkich klasztor\u00f3w Dominika\u0144skich w kr\u00f3lestwach Polskiem i Czeskiem, pocz\u0105\u0142 Czes\u0142aw pieszo zwiedza\u0107 wszystkie klasztory rozsiane po tych krajach. W\u0142adzy swej nigdy nie nadu\u017cywa\u0142, lecz mi\u0142o\u015bci\u0105 i dobrym przyk\u0142adem stara\u0142 si\u0119 Braci zakonnych zach\u0119ci\u0107 do wzorowego \u017cycia i przestrzegania regu\u0142y zakonnej. Nie zna\u0142 on wcale wytchnienia i wypoczynku, po\u015bwi\u0119caj\u0105c wszystkie wolne od pracy chwile modlitwie i rozmy\u015blaniom.<\/p>\n\n\n\n<p class=\"has-text-align-justify wp-block-paragraph\"><br>\u2009Nadesz\u0142a nareszcie chwila, w kt\u00f3rej mia\u0142 po\u015bpieszy\u0107 po oczekuj\u0105cy go w Niebie wieniec. Przed \u015bmierci\u0105 zwo\u0142a\u0142 zakonnik\u00f3w a upomniawszy ich, aby na w\u0142os nie odst\u0119powali od nadanej im przez \u015bwi\u0119tego Dominika regu\u0142y zakonnej, odda\u0142 Bogu ducha w roku 1242 i pochowany zosta\u0142 we Wroc\u0142awiu w klasztorze Dominikan\u00f3w; lud zacz\u0105\u0142 go czci\u0107 jako \u015awi\u0119tego. \u2014 Papie\u017c Klemens XI zaliczy\u0142 Czes\u0142awa w poczet B\u0142ogos\u0142awionych, a Klemens XII dozwoli\u0142, aby mu w ziemiach polskich cze\u015b\u0107 oddawano.<\/p>\n\n\n\n<h2 class=\"wp-block-heading\"><br><strong>Nauka moralna.<\/strong><\/h2>\n\n\n\n<p class=\"has-text-align-justify wp-block-paragraph\">\u2009Niebezpiecze\u0144stwa na \u015bwiecie por\u00f3wnane s\u0105 do burzy morskiej; pochodz\u0105 one z naszych nami\u0119tno\u015bci, ze z\u0142ego towarzystwa, od nieprzyjaci\u00f3\u0142 naszych, jakimi s\u0105: \u015bwiat, cia\u0142o i czart, albo z niedbalstwa. C\u00f3\u017c trzeba czyni\u0107 w podobnych razach? \u2014 Trzeba na wz\u00f3r uczni\u00f3w Chrystusowych zbli\u017cy\u0107 si\u0119 do Zbawiciela, trzeba Go budzi\u0107 szczer\u0105 modlitw\u0105. Aby\u015b bowiem ucieka\u0142 si\u0119 do Niego, zdaje si\u0119 On by\u0107 \u015bpi\u0105cym i jakoby nie widzia\u0142 twego niebezpiecze\u0144stwa, trzeba wi\u0119c bezustannie do Niego wo\u0142a\u0107: \u201ePanie ratuj mi\u0119, bo gin\u0119.\u201c Je\u015bli za\u015b pokusa nie ust\u0105pi po modlitwie, upadnij do n\u00f3g Chrystusowych, oddaj si\u0119 Jego Opatrzno\u015bci i nie l\u0119kaj si\u0119 burzy, ale b\u0105d\u017a pewnym, \u017ce ona wnet ust\u0105pi, bo Jezus powstanie, u\u015bmierzy wiatry i pogod\u0119 przywr\u00f3ci.<\/p>\n\n\n\n<p class=\"has-text-align-justify wp-block-paragraph\">Ma\u0142a iskra cz\u0119sto wielkiego po\u017caru przyczyn\u0105 bywa. Ma\u0142a nieuwaga na pokusy,\u00a0zw\u0142aszcza zmys\u0142owe, niejednego do zguby wiecznej przywiod\u0142a. Dlatego te\u017c \u015awi\u0119ci Pa\u0144scy tak wielce si\u0119 strzegli tych pokus, i z tej te\u017c przyczyny uwa\u017ca\u0142 je b\u0142ogos\u0142awiony Czes\u0142aw jakby iskry piekielne, kt\u00f3re niewinnemu sercu niechybn\u0105 zgub\u0119 przynie\u015b\u0107 mog\u0105. Czuwa\u0107 tedy potrzeba, aby si\u0119 oprze\u0107 nieprzyjacio\u0142om duszy, czuwa\u0107 nale\u017cy, aby nie wpa\u015b\u0107 w ich matni\u0119. Czart przekl\u0119ty, silny nieprzyjaciel, chytry, okrutny, kt\u00f3ry na dusz\u0119 nasz\u0105 ma tysi\u0105ce sposob\u00f3w, pobudza nas, aby\u015bmy wi\u0119cej czuwali nad naszem zbawieniem, ni\u017ali nad zgub\u0105 nasz\u0105. Czemu\u017c tedy tak spokojnie \u017cyjemy bez troski o zbawienie naszej duszy, kiedy czart ani chwili nie traci, aby nas zgubi\u0107?<\/p>\n\n\n\n<p class=\"has-text-align-justify wp-block-paragraph\">Czuwaj i ty, mi\u0142y Czytelniku, nad zmys\u0142ami, je\u015bli niewinno\u015bci dochowa\u0107 pragniesz, a \u0142atwo ugasisz ma\u0142\u0105 iskr\u0119; nie \u0142atwo wszak\u017ce uchronisz si\u0119 od nieszcz\u0119\u015bcia, gdy z tej iskry ma\u0142ej na poz\u00f3r ju\u017c po\u017car piekielny powstanie w twej duszy.<\/p>\n\n\n\n<h2 class=\"wp-block-heading\"><br><strong>Modlitwa.<\/strong><\/h2>\n\n\n\n<blockquote class=\"wp-block-quote is-layout-flow wp-block-quote-is-layout-flow\"><p>\u2009Bo\u017ce, kt\u00f3ry \u015bw. Czes\u0142awa dziewicz\u0105 czysto\u015bci\u0105 ozdobionego i gorliwo\u015bci\u0105 zbawienia dusz p\u0142on\u0105cego przez czyny \u015bwi\u0119to\u015bci i rozszerzanie wiary w r\u00f3\u017cnych narodach cudownym uczyni\u0142e\u015b, prosimy Ci\u0119, aby\u015bmy za jego przyczyn\u0105 zawsze w wierze wytrwali i do Ciebie, kt\u00f3ry\u015b jest jedynym sprawc\u0105 zbawienia wiecznego, za \u0142ask\u0105 Twoj\u0105 dosta\u0107 si\u0119 mogli. Amen.<\/p><\/blockquote>\n\n\n\n<figure class=\"wp-block-table\"><table><tbody><tr><td>\u2217&nbsp;&nbsp;&nbsp;&nbsp;&nbsp;&nbsp;&nbsp;&nbsp;&nbsp;&nbsp;&nbsp;&nbsp;&nbsp;&nbsp;&nbsp;&nbsp;&nbsp;&nbsp;&nbsp;&nbsp;\u2217<br>\u2217<\/td><\/tr><\/tbody><\/table><\/figure>\n\n\n\n<p class=\"wp-block-paragraph\">\u2009<em>Opr\u00f3cz tego obchodzi Ko\u015bci\u00f3\u0142 \u015bwi\u0119ty pami\u0105tk\u0119 nast\u0119puj\u0105cych \u015awi\u0119tych Pa\u0144skich, zamieszczonych w rzymskiem martyrologium:<\/em><\/p>\n\n\n\n<p class=\"has-text-align-justify wp-block-paragraph\">\u2009<strong>Dnia 28-go lipca<\/strong>&nbsp;w Rzymie dzie\u0144 zgonu \u015bw.&nbsp;Wiktora, Papie\u017ca i M\u0119czennika. \u2014 R\u00f3wnie\u017c w Rzymie pami\u0105tka \u015bw.&nbsp;Innocentego, Wyznawcy i Papie\u017ca. \u2014 W Medyolanie m\u0119cze\u0144stwo \u015bw.&nbsp;Nazaryusza&nbsp;i m\u0142odego&nbsp;Celzusa: w szalej\u0105cem prze\u015bladowaniu chrze\u015bcijan za Nerona musieli oboje w ciemnem wi\u0119zieniu d\u0142ugo wyczekiwa\u0107, zanim ich s\u0119dzia Anolin kaza\u0142 mieczem \u017cycia pozbawi\u0107. \u2014 W Tebaidzie w Egipcie pami\u0105tka&nbsp;bardzo wielu \u015bw. M\u0119czennik\u00f3w, kt\u00f3rzy cierpieli w prze\u015bladowaniu pod Decyuszem i Waleryanem. Umrze\u0107 za Wiar\u0119 \u015bw. \u2014 by\u0142o w owych czasach najserdeczniejszem \u017cyczeniem chrze\u015bcijan. Ale przebieg\u0142y nieprzyjaciel wymy\u015bla\u0142 powoli zabijaj\u0105ce m\u0119czarnie, gdy\u017c mu o dusze chodzi\u0142o a nie o cia\u0142a. Jeden z tej gromady by\u0142 ju\u017c torturowany i na rozpalonych p\u0142ytach po\u0142o\u017cony; posmarowano go miodem i podczas najwi\u0119kszego upa\u0142u s\u0142onecznego wystawiono na k\u0105sanie os i innych owad\u00f3w; innego za\u015b przywi\u0105zano lekko do \u0142\u00f3\u017cka pi\u0119knie przystrojonego w kwiaty, potem przyprowadzono mu dziewczyn\u0119 aby go do grzechu skusi\u0142a; lecz on j\u0119zyk sobie ugryz\u0142 i plun\u0105\u0142 go kusicielce w twarz. \u2014 W Ankyrze w Galacyi m\u0119cze\u0144stwo \u015bw.&nbsp;Eustacyusza, torturowanego r\u00f3\u017cnymi sposobami a wko\u0144cu wrzucono go do rzeki, lecz Anio\u0142 go wybawi\u0142. P\u00f3\u017aniej zosta\u0142 przez cudowne ukazanie si\u0119 go\u0142\u0119bia odwo\u0142any do Nieba po wieczn\u0105 nagrod\u0119. \u2014 W Milecie \u015bmier\u0107 m\u0119cze\u0144ska \u015bw.&nbsp;Akacyusza: po wielu cierpieniach za panowania cesarza Licyniusza zosta\u0142 wrzucony do rozpalonego pieca, jednak\u017ce nie poni\u00f3s\u0142 tam \u017cadnej szkody. Wko\u0144cu mieczem ugodzony, zdoby\u0142 sobie palm\u0119 zwyci\u0119stwa. \u2014 W Bretanii uroczysto\u015b\u0107 \u015bw.&nbsp;Sampsona, Biskupa i Wyznawcy. \u2014 W Lyonie pami\u0105tka \u015bw.&nbsp;Peregryna, Kap\u0142ana, kt\u00f3rego \u015bwi\u0119to\u015b\u0107 potwierdzon\u0105 zosta\u0142a s\u0142aw\u0105 wielu cud\u00f3w.<\/p>\n","protected":false},"excerpt":{"rendered":"<p>B\u0142. Czes\u0142aw zacz\u0105\u0142 od pocz\u0105tku walczy\u0107 z chuci\u0105, co pozwoli\u0142o mu odnie\u015b\u0107 zwyci\u0119stwo nad sob\u0105 w ka\u017cdej innej dziedzinie.<\/p>\n","protected":false},"author":60508433,"featured_media":51105,"comment_status":"open","ping_status":"open","sticky":false,"template":"","format":"standard","meta":{"_bbp_topic_count":0,"_bbp_reply_count":0,"_bbp_total_topic_count":0,"_bbp_total_reply_count":0,"_bbp_voice_count":0,"_bbp_anonymous_reply_count":0,"_bbp_topic_count_hidden":0,"_bbp_reply_count_hidden":0,"_bbp_forum_subforum_count":0,"_editorskit_title_hidden":false,"_editorskit_reading_time":0,"_editorskit_is_block_options_detached":false,"_editorskit_block_options_position":"{}","_coblocks_attr":"","_coblocks_dimensions":"","_coblocks_responsive_height":"","_coblocks_accordion_ie_support":"","_exactmetrics_skip_tracking":false,"_jetpack_newsletter_access":"","_jetpack_dont_email_post_to_subs":false,"_jetpack_newsletter_tier_id":0,"_jetpack_memberships_contains_paywalled_content":false,"_wpcom_ai_launchpad_first_post":false,"_jetpack_feature_clip_id":0,"_jetpack_memberships_contains_paid_content":false,"footnotes":"","jetpack_publicize_message":"{title}\n\n{excerpt}\n\n{url}","jetpack_publicize_feature_enabled":true,"jetpack_social_post_already_shared":false,"jetpack_social_options":{"image_generator_settings":{"template":"highway","default_image_id":0,"font":"","enabled":false},"version":2},"_wpas_customize_per_network":false,"jetpack_post_was_ever_published":false},"categories":[610131822,610131184,336375535,610131268,610131155],"tags":[610133352],"class_list":["post-148923","post","type-post","status-publish","format-standard","has-post-thumbnail","hentry","category-swieta-w-lipcu","category-duchowosc","category-liturgia-i-liturgika","category-rok-liturgiczny","category-rozwazania","tag-mescy-swieci"],"yoast_head":"<!-- This site is optimized with the Yoast SEO plugin v28.4 - https:\/\/yoast.com\/product\/yoast-seo-wordpress\/ -->\n<title>28-go Lipca. \u017bywot b\u0142ogos\u0142awionego Czes\u0142awa, Wyznawcy. - Tradycja i Wiara<\/title>\n<meta name=\"robots\" content=\"index, follow, max-snippet:-1, max-image-preview:large, max-video-preview:-1\" \/>\n<link rel=\"canonical\" href=\"https:\/\/wobronietradycjiiwiary.com\/pl\/28-go-lipca-zywot-blogoslawionego-czeslawa-wyznawcy-3-2\/\" \/>\n<meta property=\"og:locale\" content=\"pl_PL\" \/>\n<meta property=\"og:type\" content=\"article\" \/>\n<meta property=\"og:title\" content=\"28-go Lipca. \u017bywot b\u0142ogos\u0142awionego Czes\u0142awa, Wyznawcy. - Tradycja i Wiara\" \/>\n<meta property=\"og:description\" content=\"B\u0142. Czes\u0142aw zacz\u0105\u0142 od pocz\u0105tku walczy\u0107 z chuci\u0105, co pozwoli\u0142o mu odnie\u015b\u0107 zwyci\u0119stwo nad sob\u0105 w ka\u017cdej innej dziedzinie.\" \/>\n<meta property=\"og:url\" content=\"https:\/\/wobronietradycjiiwiary.com\/pl\/28-go-lipca-zywot-blogoslawionego-czeslawa-wyznawcy-3-2\/\" \/>\n<meta property=\"og:site_name\" content=\"Tradycja i Wiara\" \/>\n<meta property=\"article:publisher\" content=\"https:\/\/www.facebook.com\/Tradycja-i-Wiara-108813920592249\" \/>\n<meta property=\"article:published_time\" content=\"2025-07-28T06:00:20+00:00\" \/>\n<meta property=\"article:modified_time\" content=\"2025-07-28T15:44:27+00:00\" \/>\n<meta property=\"og:image\" content=\"https:\/\/wobronietradycjiiwiary.com\/wp-content\/uploads\/2021\/07\/Czeslaw.jpg\" \/>\n\t<meta property=\"og:image:width\" content=\"947\" \/>\n\t<meta property=\"og:image:height\" content=\"1027\" \/>\n\t<meta property=\"og:image:type\" content=\"image\/jpeg\" \/>\n<meta name=\"author\" content=\"Traditio et Fides\" \/>\n<meta name=\"twitter:card\" content=\"summary_large_image\" \/>\n<meta name=\"twitter:label1\" content=\"Napisane przez\" \/>\n\t<meta name=\"twitter:data1\" content=\"Traditio et Fides\" \/>\n\t<meta name=\"twitter:label2\" content=\"Szacowany czas czytania\" \/>\n\t<meta name=\"twitter:data2\" content=\"8 minut\" \/>\n<script type=\"application\/ld+json\" class=\"yoast-schema-graph\">{\"@context\":\"https:\\\/\\\/schema.org\",\"@graph\":[{\"@type\":\"Article\",\"@id\":\"https:\\\/\\\/wobronietradycjiiwiary.com\\\/28-go-lipca-zywot-blogoslawionego-czeslawa-wyznawcy-3-2\\\/#article\",\"isPartOf\":{\"@id\":\"https:\\\/\\\/wobronietradycjiiwiary.com\\\/28-go-lipca-zywot-blogoslawionego-czeslawa-wyznawcy-3-2\\\/\"},\"author\":{\"name\":\"Traditio et Fides\",\"@id\":\"https:\\\/\\\/wobronietradycjiiwiary.com\\\/pl\\\/#\\\/schema\\\/person\\\/2d6180ce6abcb681fef0daab7816e8f3\"},\"headline\":\"28-go Lipca. \u017bywot b\u0142ogos\u0142awionego Czes\u0142awa, Wyznawcy.\",\"datePublished\":\"2025-07-28T06:00:20+00:00\",\"dateModified\":\"2025-07-28T15:44:27+00:00\",\"mainEntityOfPage\":{\"@id\":\"https:\\\/\\\/wobronietradycjiiwiary.com\\\/28-go-lipca-zywot-blogoslawionego-czeslawa-wyznawcy-3-2\\\/\"},\"wordCount\":1595,\"commentCount\":0,\"publisher\":{\"@id\":\"https:\\\/\\\/wobronietradycjiiwiary.com\\\/pl\\\/#organization\"},\"image\":{\"@id\":\"https:\\\/\\\/wobronietradycjiiwiary.com\\\/28-go-lipca-zywot-blogoslawionego-czeslawa-wyznawcy-3-2\\\/#primaryimage\"},\"thumbnailUrl\":\"https:\\\/\\\/wobronietradycjiiwiary.com\\\/wp-content\\\/uploads\\\/2021\\\/07\\\/Czeslaw.jpg\",\"keywords\":[\"m\u0119scy \u015bwi\u0119ci\"],\"articleSection\":[\"07. \u015awi\u0119ta w lipcu\",\"Duchowo\u015b\u0107\",\"Liturgia i liturgika\",\"Rok liturgiczny\",\"Rozwa\u017cania liturgiczne\"],\"inLanguage\":\"pl-PL\",\"potentialAction\":[{\"@type\":\"CommentAction\",\"name\":\"Comment\",\"target\":[\"https:\\\/\\\/wobronietradycjiiwiary.com\\\/28-go-lipca-zywot-blogoslawionego-czeslawa-wyznawcy-3-2\\\/#respond\"]}]},{\"@type\":\"WebPage\",\"@id\":\"https:\\\/\\\/wobronietradycjiiwiary.com\\\/28-go-lipca-zywot-blogoslawionego-czeslawa-wyznawcy-3-2\\\/\",\"url\":\"https:\\\/\\\/wobronietradycjiiwiary.com\\\/28-go-lipca-zywot-blogoslawionego-czeslawa-wyznawcy-3-2\\\/\",\"name\":\"28-go Lipca. \u017bywot b\u0142ogos\u0142awionego Czes\u0142awa, Wyznawcy. - Tradycja i Wiara\",\"isPartOf\":{\"@id\":\"https:\\\/\\\/wobronietradycjiiwiary.com\\\/pl\\\/#website\"},\"primaryImageOfPage\":{\"@id\":\"https:\\\/\\\/wobronietradycjiiwiary.com\\\/28-go-lipca-zywot-blogoslawionego-czeslawa-wyznawcy-3-2\\\/#primaryimage\"},\"image\":{\"@id\":\"https:\\\/\\\/wobronietradycjiiwiary.com\\\/28-go-lipca-zywot-blogoslawionego-czeslawa-wyznawcy-3-2\\\/#primaryimage\"},\"thumbnailUrl\":\"https:\\\/\\\/wobronietradycjiiwiary.com\\\/wp-content\\\/uploads\\\/2021\\\/07\\\/Czeslaw.jpg\",\"datePublished\":\"2025-07-28T06:00:20+00:00\",\"dateModified\":\"2025-07-28T15:44:27+00:00\",\"breadcrumb\":{\"@id\":\"https:\\\/\\\/wobronietradycjiiwiary.com\\\/28-go-lipca-zywot-blogoslawionego-czeslawa-wyznawcy-3-2\\\/#breadcrumb\"},\"inLanguage\":\"pl-PL\",\"potentialAction\":[{\"@type\":\"ReadAction\",\"target\":[\"https:\\\/\\\/wobronietradycjiiwiary.com\\\/28-go-lipca-zywot-blogoslawionego-czeslawa-wyznawcy-3-2\\\/\"]}]},{\"@type\":\"ImageObject\",\"inLanguage\":\"pl-PL\",\"@id\":\"https:\\\/\\\/wobronietradycjiiwiary.com\\\/28-go-lipca-zywot-blogoslawionego-czeslawa-wyznawcy-3-2\\\/#primaryimage\",\"url\":\"https:\\\/\\\/wobronietradycjiiwiary.com\\\/wp-content\\\/uploads\\\/2021\\\/07\\\/Czeslaw.jpg\",\"contentUrl\":\"https:\\\/\\\/wobronietradycjiiwiary.com\\\/wp-content\\\/uploads\\\/2021\\\/07\\\/Czeslaw.jpg\",\"width\":947,\"height\":1027},{\"@type\":\"BreadcrumbList\",\"@id\":\"https:\\\/\\\/wobronietradycjiiwiary.com\\\/28-go-lipca-zywot-blogoslawionego-czeslawa-wyznawcy-3-2\\\/#breadcrumb\",\"itemListElement\":[{\"@type\":\"ListItem\",\"position\":1,\"name\":\"Strona g\u0142\u00f3wna\",\"item\":\"https:\\\/\\\/wobronietradycjiiwiary.com\\\/\"},{\"@type\":\"ListItem\",\"position\":2,\"name\":\"28-go Lipca. \u017bywot b\u0142ogos\u0142awionego Czes\u0142awa, Wyznawcy.\"}]},{\"@type\":\"WebSite\",\"@id\":\"https:\\\/\\\/wobronietradycjiiwiary.com\\\/pl\\\/#website\",\"url\":\"https:\\\/\\\/wobronietradycjiiwiary.com\\\/pl\\\/\",\"name\":\"Tradycja i Wiara\",\"description\":\"Portal dla katolik\u00f3w.\",\"publisher\":{\"@id\":\"https:\\\/\\\/wobronietradycjiiwiary.com\\\/pl\\\/#organization\"},\"potentialAction\":[{\"@type\":\"SearchAction\",\"target\":{\"@type\":\"EntryPoint\",\"urlTemplate\":\"https:\\\/\\\/wobronietradycjiiwiary.com\\\/pl\\\/?s={search_term_string}\"},\"query-input\":{\"@type\":\"PropertyValueSpecification\",\"valueRequired\":true,\"valueName\":\"search_term_string\"}}],\"inLanguage\":\"pl-PL\"},{\"@type\":\"Organization\",\"@id\":\"https:\\\/\\\/wobronietradycjiiwiary.com\\\/pl\\\/#organization\",\"name\":\"Tradycja i Wiara\",\"url\":\"https:\\\/\\\/wobronietradycjiiwiary.com\\\/pl\\\/\",\"logo\":{\"@type\":\"ImageObject\",\"inLanguage\":\"pl-PL\",\"@id\":\"https:\\\/\\\/wobronietradycjiiwiary.com\\\/pl\\\/#\\\/schema\\\/logo\\\/image\\\/\",\"url\":\"https:\\\/\\\/i0.wp.com\\\/wobronietradycjiiwiary.com\\\/wp-content\\\/uploads\\\/2015\\\/10\\\/cropped-st-peters-dome-vatican.jpg?fit=940%2C198&ssl=1\",\"contentUrl\":\"https:\\\/\\\/i0.wp.com\\\/wobronietradycjiiwiary.com\\\/wp-content\\\/uploads\\\/2015\\\/10\\\/cropped-st-peters-dome-vatican.jpg?fit=940%2C198&ssl=1\",\"width\":940,\"height\":198,\"caption\":\"Tradycja i Wiara\"},\"image\":{\"@id\":\"https:\\\/\\\/wobronietradycjiiwiary.com\\\/pl\\\/#\\\/schema\\\/logo\\\/image\\\/\"},\"sameAs\":[\"https:\\\/\\\/www.facebook.com\\\/Tradycja-i-Wiara-108813920592249\"]},{\"@type\":\"Person\",\"@id\":\"https:\\\/\\\/wobronietradycjiiwiary.com\\\/pl\\\/#\\\/schema\\\/person\\\/2d6180ce6abcb681fef0daab7816e8f3\",\"name\":\"Traditio et Fides\",\"sameAs\":[\"https:\\\/\\\/traditionundglauben.com\"],\"url\":\"https:\\\/\\\/wobronietradycjiiwiary.com\\\/pl\\\/author\\\/wobronietradycjiiwiary\\\/\"}]}<\/script>\n<!-- \/ Yoast SEO plugin. -->","yoast_head_json":{"title":"28-go Lipca. \u017bywot b\u0142ogos\u0142awionego Czes\u0142awa, Wyznawcy. - Tradycja i Wiara","robots":{"index":"index","follow":"follow","max-snippet":"max-snippet:-1","max-image-preview":"max-image-preview:large","max-video-preview":"max-video-preview:-1"},"canonical":"https:\/\/wobronietradycjiiwiary.com\/pl\/28-go-lipca-zywot-blogoslawionego-czeslawa-wyznawcy-3-2\/","og_locale":"pl_PL","og_type":"article","og_title":"28-go Lipca. \u017bywot b\u0142ogos\u0142awionego Czes\u0142awa, Wyznawcy. - Tradycja i Wiara","og_description":"B\u0142. Czes\u0142aw zacz\u0105\u0142 od pocz\u0105tku walczy\u0107 z chuci\u0105, co pozwoli\u0142o mu odnie\u015b\u0107 zwyci\u0119stwo nad sob\u0105 w ka\u017cdej innej dziedzinie.","og_url":"https:\/\/wobronietradycjiiwiary.com\/pl\/28-go-lipca-zywot-blogoslawionego-czeslawa-wyznawcy-3-2\/","og_site_name":"Tradycja i Wiara","article_publisher":"https:\/\/www.facebook.com\/Tradycja-i-Wiara-108813920592249","article_published_time":"2025-07-28T06:00:20+00:00","article_modified_time":"2025-07-28T15:44:27+00:00","og_image":[{"width":947,"height":1027,"url":"https:\/\/wobronietradycjiiwiary.com\/wp-content\/uploads\/2021\/07\/Czeslaw.jpg","type":"image\/jpeg"}],"author":"Traditio et Fides","twitter_card":"summary_large_image","twitter_misc":{"Napisane przez":"Traditio et Fides","Szacowany czas czytania":"8 minut"},"schema":{"@context":"https:\/\/schema.org","@graph":[{"@type":"Article","@id":"https:\/\/wobronietradycjiiwiary.com\/28-go-lipca-zywot-blogoslawionego-czeslawa-wyznawcy-3-2\/#article","isPartOf":{"@id":"https:\/\/wobronietradycjiiwiary.com\/28-go-lipca-zywot-blogoslawionego-czeslawa-wyznawcy-3-2\/"},"author":{"name":"Traditio et Fides","@id":"https:\/\/wobronietradycjiiwiary.com\/pl\/#\/schema\/person\/2d6180ce6abcb681fef0daab7816e8f3"},"headline":"28-go Lipca. \u017bywot b\u0142ogos\u0142awionego Czes\u0142awa, Wyznawcy.","datePublished":"2025-07-28T06:00:20+00:00","dateModified":"2025-07-28T15:44:27+00:00","mainEntityOfPage":{"@id":"https:\/\/wobronietradycjiiwiary.com\/28-go-lipca-zywot-blogoslawionego-czeslawa-wyznawcy-3-2\/"},"wordCount":1595,"commentCount":0,"publisher":{"@id":"https:\/\/wobronietradycjiiwiary.com\/pl\/#organization"},"image":{"@id":"https:\/\/wobronietradycjiiwiary.com\/28-go-lipca-zywot-blogoslawionego-czeslawa-wyznawcy-3-2\/#primaryimage"},"thumbnailUrl":"https:\/\/wobronietradycjiiwiary.com\/wp-content\/uploads\/2021\/07\/Czeslaw.jpg","keywords":["m\u0119scy \u015bwi\u0119ci"],"articleSection":["07. \u015awi\u0119ta w lipcu","Duchowo\u015b\u0107","Liturgia i liturgika","Rok liturgiczny","Rozwa\u017cania liturgiczne"],"inLanguage":"pl-PL","potentialAction":[{"@type":"CommentAction","name":"Comment","target":["https:\/\/wobronietradycjiiwiary.com\/28-go-lipca-zywot-blogoslawionego-czeslawa-wyznawcy-3-2\/#respond"]}]},{"@type":"WebPage","@id":"https:\/\/wobronietradycjiiwiary.com\/28-go-lipca-zywot-blogoslawionego-czeslawa-wyznawcy-3-2\/","url":"https:\/\/wobronietradycjiiwiary.com\/28-go-lipca-zywot-blogoslawionego-czeslawa-wyznawcy-3-2\/","name":"28-go Lipca. \u017bywot b\u0142ogos\u0142awionego Czes\u0142awa, Wyznawcy. - Tradycja i Wiara","isPartOf":{"@id":"https:\/\/wobronietradycjiiwiary.com\/pl\/#website"},"primaryImageOfPage":{"@id":"https:\/\/wobronietradycjiiwiary.com\/28-go-lipca-zywot-blogoslawionego-czeslawa-wyznawcy-3-2\/#primaryimage"},"image":{"@id":"https:\/\/wobronietradycjiiwiary.com\/28-go-lipca-zywot-blogoslawionego-czeslawa-wyznawcy-3-2\/#primaryimage"},"thumbnailUrl":"https:\/\/wobronietradycjiiwiary.com\/wp-content\/uploads\/2021\/07\/Czeslaw.jpg","datePublished":"2025-07-28T06:00:20+00:00","dateModified":"2025-07-28T15:44:27+00:00","breadcrumb":{"@id":"https:\/\/wobronietradycjiiwiary.com\/28-go-lipca-zywot-blogoslawionego-czeslawa-wyznawcy-3-2\/#breadcrumb"},"inLanguage":"pl-PL","potentialAction":[{"@type":"ReadAction","target":["https:\/\/wobronietradycjiiwiary.com\/28-go-lipca-zywot-blogoslawionego-czeslawa-wyznawcy-3-2\/"]}]},{"@type":"ImageObject","inLanguage":"pl-PL","@id":"https:\/\/wobronietradycjiiwiary.com\/28-go-lipca-zywot-blogoslawionego-czeslawa-wyznawcy-3-2\/#primaryimage","url":"https:\/\/wobronietradycjiiwiary.com\/wp-content\/uploads\/2021\/07\/Czeslaw.jpg","contentUrl":"https:\/\/wobronietradycjiiwiary.com\/wp-content\/uploads\/2021\/07\/Czeslaw.jpg","width":947,"height":1027},{"@type":"BreadcrumbList","@id":"https:\/\/wobronietradycjiiwiary.com\/28-go-lipca-zywot-blogoslawionego-czeslawa-wyznawcy-3-2\/#breadcrumb","itemListElement":[{"@type":"ListItem","position":1,"name":"Strona g\u0142\u00f3wna","item":"https:\/\/wobronietradycjiiwiary.com\/"},{"@type":"ListItem","position":2,"name":"28-go Lipca. \u017bywot b\u0142ogos\u0142awionego Czes\u0142awa, Wyznawcy."}]},{"@type":"WebSite","@id":"https:\/\/wobronietradycjiiwiary.com\/pl\/#website","url":"https:\/\/wobronietradycjiiwiary.com\/pl\/","name":"Tradycja i Wiara","description":"Portal dla katolik\u00f3w.","publisher":{"@id":"https:\/\/wobronietradycjiiwiary.com\/pl\/#organization"},"potentialAction":[{"@type":"SearchAction","target":{"@type":"EntryPoint","urlTemplate":"https:\/\/wobronietradycjiiwiary.com\/pl\/?s={search_term_string}"},"query-input":{"@type":"PropertyValueSpecification","valueRequired":true,"valueName":"search_term_string"}}],"inLanguage":"pl-PL"},{"@type":"Organization","@id":"https:\/\/wobronietradycjiiwiary.com\/pl\/#organization","name":"Tradycja i Wiara","url":"https:\/\/wobronietradycjiiwiary.com\/pl\/","logo":{"@type":"ImageObject","inLanguage":"pl-PL","@id":"https:\/\/wobronietradycjiiwiary.com\/pl\/#\/schema\/logo\/image\/","url":"https:\/\/i0.wp.com\/wobronietradycjiiwiary.com\/wp-content\/uploads\/2015\/10\/cropped-st-peters-dome-vatican.jpg?fit=940%2C198&ssl=1","contentUrl":"https:\/\/i0.wp.com\/wobronietradycjiiwiary.com\/wp-content\/uploads\/2015\/10\/cropped-st-peters-dome-vatican.jpg?fit=940%2C198&ssl=1","width":940,"height":198,"caption":"Tradycja i Wiara"},"image":{"@id":"https:\/\/wobronietradycjiiwiary.com\/pl\/#\/schema\/logo\/image\/"},"sameAs":["https:\/\/www.facebook.com\/Tradycja-i-Wiara-108813920592249"]},{"@type":"Person","@id":"https:\/\/wobronietradycjiiwiary.com\/pl\/#\/schema\/person\/2d6180ce6abcb681fef0daab7816e8f3","name":"Traditio et Fides","sameAs":["https:\/\/traditionundglauben.com"],"url":"https:\/\/wobronietradycjiiwiary.com\/pl\/author\/wobronietradycjiiwiary\/"}]}},"jetpack_publicize_connections":[],"jetpack_sharing_enabled":true,"jetpack_likes_enabled":true,"jetpack_shortlink":"https:\/\/wp.me\/pc04Sd-CJZ","jetpack-related-posts":[{"id":118524,"url":"https:\/\/wobronietradycjiiwiary.com\/pl\/28-go-lipca-zywot-blogoslawionego-czeslawa-wyznawcy-2-2-2\/","url_meta":{"origin":148923,"position":0},"title":"28-go Lipca. \u017bywot b\u0142ogos\u0142awionego Czes\u0142awa, Wyznawcy.","author":"Traditio et Fides","date":"28 lipca 2026","format":false,"excerpt":"B\u0142og. Czes\u0142aw zacz\u0105\u0142 od pocz\u0105tku walczy\u0107 z chuci\u0105, co pozwoli\u0142o mu odnie\u015b\u0107 zwyci\u0119stwo nad sob\u0105 w ka\u017cdej innej dziedzinie.","rel":"","context":"W \u201e07. \u015awi\u0119ta w lipcu&quot;","block_context":{"text":"07. \u015awi\u0119ta w lipcu","link":"https:\/\/wobronietradycjiiwiary.com\/pl\/category\/duchowosc\/liturgia-i-liturgika\/rozwazania\/rok-liturgiczny\/swieta-w-lipcu\/"},"img":{"alt_text":"","src":"https:\/\/i0.wp.com\/wobronietradycjiiwiary.com\/wp-content\/uploads\/2021\/07\/Czeslaw.jpg?resize=350%2C200&ssl=1","width":350,"height":200,"srcset":"https:\/\/i0.wp.com\/wobronietradycjiiwiary.com\/wp-content\/uploads\/2021\/07\/Czeslaw.jpg?resize=350%2C200&ssl=1 1x, https:\/\/i0.wp.com\/wobronietradycjiiwiary.com\/wp-content\/uploads\/2021\/07\/Czeslaw.jpg?resize=525%2C300&ssl=1 1.5x, https:\/\/i0.wp.com\/wobronietradycjiiwiary.com\/wp-content\/uploads\/2021\/07\/Czeslaw.jpg?resize=700%2C400&ssl=1 2x"},"classes":[]},{"id":115335,"url":"https:\/\/wobronietradycjiiwiary.com\/pl\/4-go-kwietnia-zywot-sw-izydora-biskupa-i-nauczyciela-kosciola-2-2-2\/","url_meta":{"origin":148923,"position":1},"title":"4-go Kwietnia. \u017bywot \u015bw. Izydora, Biskupa i Nauczyciela Ko\u015bcio\u0142a.","author":"Traditio et Fides","date":"4 kwietnia 2024","format":false,"excerpt":"\u015aw. Izydor z Sewilli jest ostatnim Ojcem Ko\u015bcio\u0142a Zachodu i encyklopedyst\u0105, gdy\u017c mia\u0142 wiedz\u0119 doprawdy encyklopedyczn\u0105. A tutaj dowiadujemy si\u0119, \u017ce uciek\u0142 ze szko\u0142y, w kt\u00f3rej by\u0107 mo\u017ce si\u0119 nudzi\u0142. Odda\u0142 si\u0119 nauce, ale musia\u0142 z celu klasztornej wyj\u015b\u0107 i obj\u0105\u0107 biskupstwo w burzliwych czasach. Biskupem zosta\u0142 przymuszony przemoc\u0105, ale\u2026","rel":"","context":"W \u201e04. \u015awi\u0119ta w kwietniu&quot;","block_context":{"text":"04. \u015awi\u0119ta w kwietniu","link":"https:\/\/wobronietradycjiiwiary.com\/pl\/category\/duchowosc\/liturgia-i-liturgika\/rozwazania\/rok-liturgiczny\/swieta-w-kwietniu\/"},"img":{"alt_text":"","src":"https:\/\/i0.wp.com\/wobronietradycjiiwiary.com\/wp-content\/uploads\/2021\/04\/Isidor_von_Sevilla-scaled.jpeg?resize=350%2C200&ssl=1","width":350,"height":200,"srcset":"https:\/\/i0.wp.com\/wobronietradycjiiwiary.com\/wp-content\/uploads\/2021\/04\/Isidor_von_Sevilla-scaled.jpeg?resize=350%2C200&ssl=1 1x, https:\/\/i0.wp.com\/wobronietradycjiiwiary.com\/wp-content\/uploads\/2021\/04\/Isidor_von_Sevilla-scaled.jpeg?resize=525%2C300&ssl=1 1.5x, https:\/\/i0.wp.com\/wobronietradycjiiwiary.com\/wp-content\/uploads\/2021\/04\/Isidor_von_Sevilla-scaled.jpeg?resize=700%2C400&ssl=1 2x, https:\/\/i0.wp.com\/wobronietradycjiiwiary.com\/wp-content\/uploads\/2021\/04\/Isidor_von_Sevilla-scaled.jpeg?resize=1050%2C600&ssl=1 3x, https:\/\/i0.wp.com\/wobronietradycjiiwiary.com\/wp-content\/uploads\/2021\/04\/Isidor_von_Sevilla-scaled.jpeg?resize=1400%2C800&ssl=1 4x"},"classes":[]},{"id":137130,"url":"https:\/\/wobronietradycjiiwiary.com\/pl\/4-go-kwietnia-zywot-sw-izydora-biskupa-i-nauczyciela-kosciola-2-2-2-2\/","url_meta":{"origin":148923,"position":2},"title":"4-go Kwietnia. \u017bywot \u015bw. Izydora, Biskupa i Nauczyciela Ko\u015bcio\u0142a.","author":"Traditio et Fides","date":"4 kwietnia 2025","format":false,"excerpt":"\u015aw. Izydor z Sewilli jest ostatnim Ojcem Ko\u015bcio\u0142a Zachodu i encyklopedyst\u0105, gdy\u017c mia\u0142 wiedz\u0119 doprawdy encyklopedyczn\u0105. A tutaj dowiadujemy si\u0119, \u017ce uciek\u0142 ze szko\u0142y, w kt\u00f3rej by\u0107 mo\u017ce si\u0119 nudzi\u0142. Odda\u0142 si\u0119 nauce, ale musia\u0142 z celu klasztornej wyj\u015b\u0107 i obj\u0105\u0107 biskupstwo w burzliwych czasach. Biskupem zosta\u0142 przymuszony przemoc\u0105, ale\u2026","rel":"","context":"W \u201e04. \u015awi\u0119ta w kwietniu&quot;","block_context":{"text":"04. \u015awi\u0119ta w kwietniu","link":"https:\/\/wobronietradycjiiwiary.com\/pl\/category\/duchowosc\/liturgia-i-liturgika\/rozwazania\/rok-liturgiczny\/swieta-w-kwietniu\/"},"img":{"alt_text":"","src":"https:\/\/i0.wp.com\/wobronietradycjiiwiary.com\/wp-content\/uploads\/2021\/04\/Isidor_von_Sevilla-scaled.jpeg?resize=350%2C200&ssl=1","width":350,"height":200,"srcset":"https:\/\/i0.wp.com\/wobronietradycjiiwiary.com\/wp-content\/uploads\/2021\/04\/Isidor_von_Sevilla-scaled.jpeg?resize=350%2C200&ssl=1 1x, https:\/\/i0.wp.com\/wobronietradycjiiwiary.com\/wp-content\/uploads\/2021\/04\/Isidor_von_Sevilla-scaled.jpeg?resize=525%2C300&ssl=1 1.5x, https:\/\/i0.wp.com\/wobronietradycjiiwiary.com\/wp-content\/uploads\/2021\/04\/Isidor_von_Sevilla-scaled.jpeg?resize=700%2C400&ssl=1 2x, https:\/\/i0.wp.com\/wobronietradycjiiwiary.com\/wp-content\/uploads\/2021\/04\/Isidor_von_Sevilla-scaled.jpeg?resize=1050%2C600&ssl=1 3x, https:\/\/i0.wp.com\/wobronietradycjiiwiary.com\/wp-content\/uploads\/2021\/04\/Isidor_von_Sevilla-scaled.jpeg?resize=1400%2C800&ssl=1 4x"},"classes":[]},{"id":163606,"url":"https:\/\/wobronietradycjiiwiary.com\/pl\/4-go-kwietnia-zywot-sw-izydora-biskupa-i-nauczyciela-kosciola-2-2-2-2-2\/","url_meta":{"origin":148923,"position":3},"title":"4-go Kwietnia. \u017bywot \u015bw. Izydora, Biskupa i Nauczyciela Ko\u015bcio\u0142a.","author":"Traditio et Fides","date":"4 kwietnia 2026","format":false,"excerpt":"\u015aw. Izydor z Sewilli jest ostatnim Ojcem Ko\u015bcio\u0142a Zachodu i encyklopedyst\u0105, gdy\u017c mia\u0142 wiedz\u0119 doprawdy encyklopedyczn\u0105. A tutaj dowiadujemy si\u0119, \u017ce uciek\u0142 ze szko\u0142y, w kt\u00f3rej by\u0107 mo\u017ce si\u0119 nudzi\u0142. Odda\u0142 si\u0119 nauce, ale musia\u0142 z celu klasztornej wyj\u015b\u0107 i obj\u0105\u0107 biskupstwo w burzliwych czasach. Biskupem zosta\u0142 przymuszony przemoc\u0105, ale\u2026","rel":"","context":"W \u201e04. \u015awi\u0119ta w kwietniu&quot;","block_context":{"text":"04. \u015awi\u0119ta w kwietniu","link":"https:\/\/wobronietradycjiiwiary.com\/pl\/category\/duchowosc\/liturgia-i-liturgika\/rozwazania\/rok-liturgiczny\/swieta-w-kwietniu\/"},"img":{"alt_text":"","src":"https:\/\/i0.wp.com\/wobronietradycjiiwiary.com\/wp-content\/uploads\/2021\/04\/Isidor_von_Sevilla-scaled.jpeg?resize=350%2C200&ssl=1","width":350,"height":200,"srcset":"https:\/\/i0.wp.com\/wobronietradycjiiwiary.com\/wp-content\/uploads\/2021\/04\/Isidor_von_Sevilla-scaled.jpeg?resize=350%2C200&ssl=1 1x, https:\/\/i0.wp.com\/wobronietradycjiiwiary.com\/wp-content\/uploads\/2021\/04\/Isidor_von_Sevilla-scaled.jpeg?resize=525%2C300&ssl=1 1.5x, https:\/\/i0.wp.com\/wobronietradycjiiwiary.com\/wp-content\/uploads\/2021\/04\/Isidor_von_Sevilla-scaled.jpeg?resize=700%2C400&ssl=1 2x, https:\/\/i0.wp.com\/wobronietradycjiiwiary.com\/wp-content\/uploads\/2021\/04\/Isidor_von_Sevilla-scaled.jpeg?resize=1050%2C600&ssl=1 3x, https:\/\/i0.wp.com\/wobronietradycjiiwiary.com\/wp-content\/uploads\/2021\/04\/Isidor_von_Sevilla-scaled.jpeg?resize=1400%2C800&ssl=1 4x"},"classes":[]},{"id":117676,"url":"https:\/\/wobronietradycjiiwiary.com\/pl\/10-go-czerwca-zywot-swietej-malgorzaty-krolowej-szkockiej-2-2-2\/","url_meta":{"origin":148923,"position":4},"title":"10-go Czerwca. \u017bywot \u015bwi\u0119tej Ma\u0142gorzaty, Kr\u00f3lowej Szkockiej.","author":"Traditio et Fides","date":"10 czerwca 2024","format":false,"excerpt":"\u015aw. Ma\u0142gorzata uciek\u0142a wraz ze swoim bratem do Szkocji unikaj\u0105c w ten spos\u00f3b zamordowania. Wysz\u0142a z Malkolma przypuszczalnie nie z romantycznej mi\u0142o\u015bci, ale z obowi\u0105zku. M\u0119\u017ca stopniowo nawr\u00f3ci\u0142a, urodzi\u0142a sze\u015bcioro dzieci i podnios\u0142a duchowo i cywilizacyjnie ca\u0142y nar\u00f3d. Wi\u0119c \"kobiety na stanowisku\" z Bo\u017c\u0105 pomoc\u0105 potrafi\u0105 niejedno. Cech\u0105 post\u0119pu duchowego\u2026","rel":"","context":"W \u201e06. \u015awi\u0119ta w czerwcu&quot;","block_context":{"text":"06. \u015awi\u0119ta w czerwcu","link":"https:\/\/wobronietradycjiiwiary.com\/pl\/category\/duchowosc\/liturgia-i-liturgika\/rozwazania\/rok-liturgiczny\/swieta-w-czerwcu\/"},"img":{"alt_text":"","src":"https:\/\/i0.wp.com\/wobronietradycjiiwiary.com\/wp-content\/uploads\/2021\/06\/margaret-scaled.jpg?resize=350%2C200&ssl=1","width":350,"height":200,"srcset":"https:\/\/i0.wp.com\/wobronietradycjiiwiary.com\/wp-content\/uploads\/2021\/06\/margaret-scaled.jpg?resize=350%2C200&ssl=1 1x, https:\/\/i0.wp.com\/wobronietradycjiiwiary.com\/wp-content\/uploads\/2021\/06\/margaret-scaled.jpg?resize=525%2C300&ssl=1 1.5x, https:\/\/i0.wp.com\/wobronietradycjiiwiary.com\/wp-content\/uploads\/2021\/06\/margaret-scaled.jpg?resize=700%2C400&ssl=1 2x, https:\/\/i0.wp.com\/wobronietradycjiiwiary.com\/wp-content\/uploads\/2021\/06\/margaret-scaled.jpg?resize=1050%2C600&ssl=1 3x, https:\/\/i0.wp.com\/wobronietradycjiiwiary.com\/wp-content\/uploads\/2021\/06\/margaret-scaled.jpg?resize=1400%2C800&ssl=1 4x"},"classes":[]},{"id":143958,"url":"https:\/\/wobronietradycjiiwiary.com\/pl\/10-go-czerwca-zywot-swietej-malgorzaty-krolowej-szkockiej-2-2-2-2\/","url_meta":{"origin":148923,"position":5},"title":"10-go Czerwca. \u017bywot \u015bwi\u0119tej Ma\u0142gorzaty, Kr\u00f3lowej Szkockiej.","author":"Traditio et Fides","date":"10 czerwca 2025","format":false,"excerpt":"\u015aw. Ma\u0142gorzata uciek\u0142a wraz ze swoim bratem do Szkocji unikaj\u0105c w ten spos\u00f3b zamordowania. Wysz\u0142a z Malkolma przypuszczalnie nie z romantycznej mi\u0142o\u015bci, ale z obowi\u0105zku. M\u0119\u017ca stopniowo nawr\u00f3ci\u0142a, urodzi\u0142a sze\u015bcioro dzieci i podnios\u0142a duchowo i cywilizacyjnie ca\u0142y nar\u00f3d. Wi\u0119c \"kobiety na stanowisku\" z Bo\u017c\u0105 pomoc\u0105 potrafi\u0105 niejedno. Cech\u0105 post\u0119pu duchowego\u2026","rel":"","context":"W \u201e06. \u015awi\u0119ta w czerwcu&quot;","block_context":{"text":"06. \u015awi\u0119ta w czerwcu","link":"https:\/\/wobronietradycjiiwiary.com\/pl\/category\/duchowosc\/liturgia-i-liturgika\/rozwazania\/rok-liturgiczny\/swieta-w-czerwcu\/"},"img":{"alt_text":"","src":"https:\/\/i0.wp.com\/wobronietradycjiiwiary.com\/wp-content\/uploads\/2021\/06\/margaret-scaled.jpg?resize=350%2C200&ssl=1","width":350,"height":200,"srcset":"https:\/\/i0.wp.com\/wobronietradycjiiwiary.com\/wp-content\/uploads\/2021\/06\/margaret-scaled.jpg?resize=350%2C200&ssl=1 1x, https:\/\/i0.wp.com\/wobronietradycjiiwiary.com\/wp-content\/uploads\/2021\/06\/margaret-scaled.jpg?resize=525%2C300&ssl=1 1.5x, https:\/\/i0.wp.com\/wobronietradycjiiwiary.com\/wp-content\/uploads\/2021\/06\/margaret-scaled.jpg?resize=700%2C400&ssl=1 2x, https:\/\/i0.wp.com\/wobronietradycjiiwiary.com\/wp-content\/uploads\/2021\/06\/margaret-scaled.jpg?resize=1050%2C600&ssl=1 3x, https:\/\/i0.wp.com\/wobronietradycjiiwiary.com\/wp-content\/uploads\/2021\/06\/margaret-scaled.jpg?resize=1400%2C800&ssl=1 4x"},"classes":[]}],"amp_enabled":true,"jetpack_featured_media_url":"https:\/\/wobronietradycjiiwiary.com\/wp-content\/uploads\/2021\/07\/Czeslaw.jpg","_links":{"self":[{"href":"https:\/\/wobronietradycjiiwiary.com\/pl\/wp-json\/wp\/v2\/posts\/148923","targetHints":{"allow":["GET"]}}],"collection":[{"href":"https:\/\/wobronietradycjiiwiary.com\/pl\/wp-json\/wp\/v2\/posts"}],"about":[{"href":"https:\/\/wobronietradycjiiwiary.com\/pl\/wp-json\/wp\/v2\/types\/post"}],"author":[{"embeddable":true,"href":"https:\/\/wobronietradycjiiwiary.com\/pl\/wp-json\/wp\/v2\/users\/60508433"}],"replies":[{"embeddable":true,"href":"https:\/\/wobronietradycjiiwiary.com\/pl\/wp-json\/wp\/v2\/comments?post=148923"}],"version-history":[{"count":2,"href":"https:\/\/wobronietradycjiiwiary.com\/pl\/wp-json\/wp\/v2\/posts\/148923\/revisions"}],"predecessor-version":[{"id":148927,"href":"https:\/\/wobronietradycjiiwiary.com\/pl\/wp-json\/wp\/v2\/posts\/148923\/revisions\/148927"}],"wp:featuredmedia":[{"embeddable":true,"href":"https:\/\/wobronietradycjiiwiary.com\/pl\/wp-json\/wp\/v2\/media\/51105"}],"wp:attachment":[{"href":"https:\/\/wobronietradycjiiwiary.com\/pl\/wp-json\/wp\/v2\/media?parent=148923"}],"wp:term":[{"taxonomy":"category","embeddable":true,"href":"https:\/\/wobronietradycjiiwiary.com\/pl\/wp-json\/wp\/v2\/categories?post=148923"},{"taxonomy":"post_tag","embeddable":true,"href":"https:\/\/wobronietradycjiiwiary.com\/pl\/wp-json\/wp\/v2\/tags?post=148923"}],"curies":[{"name":"wp","href":"https:\/\/api.w.org\/{rel}","templated":true}]}}