{"id":148772,"date":"2026-08-05T19:00:17","date_gmt":"2026-08-05T17:00:17","guid":{"rendered":"https:\/\/wobronietradycjiiwiary.com\/?p=148772"},"modified":"2026-08-01T14:38:04","modified_gmt":"2026-08-01T12:38:04","slug":"in-transfiguratione-domini-nostri-jesu-christi-przemienienie-panskie-3-2-3","status":"publish","type":"post","link":"https:\/\/wobronietradycjiiwiary.com\/pl\/in-transfiguratione-domini-nostri-jesu-christi-przemienienie-panskie-3-2-3\/","title":{"rendered":"Proprium missae &#8211; In Transfiguratione Domini Nostri Jesu Christi &#8211; Przemienienie Pa\u0144skie"},"content":{"rendered":"<div id=\"bsf_rt_marker\"><\/div>\n<hr class=\"wp-block-separator\"\/>\n\n\n\n<p class=\"has-text-align-center wp-block-paragraph\"><strong><a href=\"http:\/\/divinumofficium.com\/cgi-bin\/missa\/missa.pl?date=08-11-2019&amp;lang2=Polski\"><span class=\"has-inline-color has-vivid-red-color\">Divinum Officium &#8211; Sancta Missa<\/span><\/a><\/strong><\/p>\n\n\n\n<p class=\"has-text-align-center wp-block-paragraph\"><strong><span class=\"has-inline-color has-vivid-green-cyan-color\"><a href=\"http:\/\/www.mszatrydencka.waw.pl\/images\/stories\/pdf\/rubrycela2019.pdf\">Rubrycela Mszalna na Rok Pa\u0144ski 2019<\/a> <a href=\"http:\/\/www.albert.pulawy.pl\/calendarium\/\">Kalendarz Liturgiczny <\/a><\/span><a href=\"http:\/\/www.albert.pulawy.pl\/calendarium\/\"><span class=\"has-inline-color has-vivid-cyan-blue-color\">Zwyczajnej i Nadzwyczajnej Formy Rytu Rzymskiego<\/span><\/a><\/strong><\/p>\n\n\n\n<figure class=\"wp-block-embed-youtube wp-block-embed is-type-video is-provider-youtube wp-embed-aspect-16-9 wp-has-aspect-ratio\"><div class=\"wp-block-embed__wrapper\">\n<span class=\"embed-youtube\" style=\"text-align:center; display: block;\"><iframe class=\"youtube-player\" width=\"580\" height=\"327\" src=\"https:\/\/www.youtube.com\/embed\/r3-Obt0mfw4?version=3&#038;rel=1&#038;showsearch=0&#038;showinfo=1&#038;iv_load_policy=1&#038;fs=1&#038;hl=pl-PL&#038;autohide=2&#038;wmode=transparent\" allowfullscreen=\"true\" style=\"border:0;\" sandbox=\"allow-scripts allow-same-origin allow-popups allow-presentation allow-popups-to-escape-sandbox\"><\/iframe><\/span>\n<\/div><\/figure>\n\n\n\n<figure class=\"wp-block-table\"><table><tbody><tr><td><span class=\"has-inline-color has-vivid-red-color\"><em><span class=\"uppercase\"><strong>Introitus<\/strong><\/span><\/em><\/span><\/td><\/tr><tr><td><em><span class=\"has-inline-color has-vivid-red-color\">Ps 76:19<\/span><\/em><br><strong><em><span class=\"has-inline-color has-vivid-red-color\">I<\/span><\/em><\/strong>llux\u00e9runt coruscati\u00f3nes tu\u00e6 orbi terr\u00e6: comm\u00f3ta est et contr\u00e9muit terra.<br><em><span class=\"has-inline-color has-vivid-red-color\">Ps 83:2-3<\/span><\/em><br>Quam dil\u00e9cta tabern\u00e1cula tua, D\u00f3mine virt\u00fatum! concup\u00edscit, et d\u00e9ficit \u00e1nima mea in \u00e1tria D\u00f3mini.<br><span class=\"has-inline-color has-vivid-red-color\"><em>V.<\/em>&nbsp;<\/span>Gl\u00f3ria Patri, et F\u00edlio, et Spir\u00edtui Sancto.<br><span class=\"has-inline-color has-vivid-red-color\"><em>R.<\/em>&nbsp;<\/span><span class=\"has-inline-color has-black-color\">S<\/span>icut erat in princ\u00edpio, et nunc, et semper, et in s\u01fdcula s\u00e6cul\u00f3rum. Amen.<br><strong><em><span class=\"has-inline-color has-vivid-red-color\">I<\/span><\/em><\/strong>llux\u00e9runt coruscati\u00f3nes tu\u00e6 orbi terr\u00e6: comm\u00f3ta est et contr\u00e9muit terra.<\/td><td><em><span class=\"has-inline-color has-vivid-red-color\">Ps 76:19<\/span><\/em><br><strong><em>B<\/em><\/strong>\u0142yskawice Twoje rozja\u015bni\u0142y widnokr\u0105g: zatrz\u0119s\u0142a si\u0119 ziemia i zadygota\u0142a.<br><em><span class=\"has-inline-color has-vivid-red-color\">Ps 83:2-3<\/span><\/em><br>Jak mi\u0142e s\u0105 przybytki Twoje, Panie Zast\u0119p\u00f3w! Wzdycha i t\u0119skni dusza moja do przedsionk\u00f3w Pa\u0144skich.<br><em><span class=\"has-inline-color has-vivid-red-color\">V.<\/span><\/em>&nbsp;Chwa\u0142a Ojcu, i Synowi i Duchowi \u015awi\u0119temu.<br><em><span class=\"has-inline-color has-vivid-red-color\">R.<\/span><\/em>&nbsp;Jak by\u0142a na pocz\u0105tku, teraz i zawsze i na wieki wiek\u00f3w. Amen.<br><span class=\"has-inline-color has-vivid-red-color\"><strong><em>B<\/em><\/strong>\u0142<\/span>yskawice Twoje rozja\u015bni\u0142y widnokr\u0105g: zatrz\u0119s\u0142a si\u0119 ziemia i zadygota\u0142a.<\/td><\/tr><\/tbody><\/table><\/figure>\n\n\n\n<figure class=\"wp-block-embed-youtube wp-block-embed is-type-video is-provider-youtube wp-embed-aspect-16-9 wp-has-aspect-ratio\"><div class=\"wp-block-embed__wrapper\">\n<span class=\"embed-youtube\" style=\"text-align:center; display: block;\"><iframe class=\"youtube-player\" width=\"580\" height=\"327\" src=\"https:\/\/www.youtube.com\/embed\/LsC5dxB3x1w?version=3&#038;rel=1&#038;showsearch=0&#038;showinfo=1&#038;iv_load_policy=1&#038;fs=1&#038;hl=pl-PL&#038;autohide=2&#038;wmode=transparent\" allowfullscreen=\"true\" style=\"border:0;\" sandbox=\"allow-scripts allow-same-origin allow-popups allow-presentation allow-popups-to-escape-sandbox\"><\/iframe><\/span>\n<\/div><\/figure>\n\n\n\n<figure class=\"wp-block-table\"><table><tbody><tr><td><strong><em><span class=\"has-inline-color has-vivid-red-color\">Graduale<\/span><\/em><\/strong><\/td><td><strong><em><span class=\"has-inline-color has-vivid-red-color\">Gradua\u0142<\/span><\/em><\/strong><\/td><\/tr><tr><td><em><span class=\"has-inline-color has-vivid-red-color\">Ps 44:3; 44:2<\/span><\/em><br>Speciosus forma pr\u00e6 f\u00edliis h\u00f3minum: diff\u00fasa est gr\u00e1tia in l\u00e1biis tuis.<br><span class=\"has-inline-color has-vivid-red-color\"><em>V.<\/em>&nbsp;<\/span>Eruct\u00e1vit cor meum verbum bonum: dico ego \u00f3pera mea Regi. <\/td><td><em><span class=\"has-inline-color has-vivid-red-color\">Ps 44:3; 44:2<\/span><\/em><br>Postaci\u0105 Ty\u015b pi\u0119kniejszy nad syn\u00f3w ludzkich, wdzi\u0119k rozla\u0142 si\u0119 na Twoich wargach.<br><span class=\"has-inline-color has-vivid-red-color\"><em>V.<\/em>&nbsp;<\/span>Z mego serca p\u0142ynie pi\u0119kne s\u0142owo, pie\u015b\u0144 moj\u0105 \u015bpiewam dla Kr\u00f3la. <\/td><\/tr><\/tbody><\/table><\/figure>\n\n\n\n<figure class=\"wp-block-embed-youtube wp-block-embed is-type-video is-provider-youtube wp-embed-aspect-16-9 wp-has-aspect-ratio\"><div class=\"wp-block-embed__wrapper\">\n<span class=\"embed-youtube\" style=\"text-align:center; display: block;\"><iframe class=\"youtube-player\" width=\"580\" height=\"327\" src=\"https:\/\/www.youtube.com\/embed\/OFhNS8XubXg?version=3&#038;rel=1&#038;showsearch=0&#038;showinfo=1&#038;iv_load_policy=1&#038;fs=1&#038;hl=pl-PL&#038;autohide=2&#038;wmode=transparent\" allowfullscreen=\"true\" style=\"border:0;\" sandbox=\"allow-scripts allow-same-origin allow-popups allow-presentation allow-popups-to-escape-sandbox\"><\/iframe><\/span>\n<\/div><\/figure>\n\n\n\n<figure class=\"wp-block-table\"><table><tbody><tr><td><span class=\"has-inline-color has-vivid-red-color\"><strong>Alleluia<\/strong><\/span><\/td><td><span class=\"has-inline-color has-vivid-red-color\"><strong>Alleluja<\/strong><\/span><\/td><\/tr><tr><td>Allel\u00faja, allel\u00faja<br><em><span class=\"has-inline-color has-vivid-red-color\">Eccli 7:26<\/span><\/em><br>Candor est lucis \u00e6t\u00e9rn\u00e6, sp\u00e9culum sine m\u00e1cula, et im\u00e1go bonit\u00e1tis ill\u00edus. Allel\u00faja.<\/td><td>Alleluja, alleluja.<br><em><span class=\"has-inline-color has-vivid-red-color\">Mdr 7:26<\/span><\/em><br>On jest jasno\u015bci\u0105 wiecznej \u015bwiat\u0142o\u015bci, wiernym odbiciem Boga i wyobra\u017ceniem dobroci Jego. Alleluja.<\/td><\/tr><\/tbody><\/table><\/figure>\n\n\n\n<figure class=\"wp-block-embed-youtube wp-block-embed is-type-video is-provider-youtube wp-embed-aspect-16-9 wp-has-aspect-ratio\"><div class=\"wp-block-embed__wrapper\">\n<span class=\"embed-youtube\" style=\"text-align:center; display: block;\"><iframe class=\"youtube-player\" width=\"580\" height=\"327\" src=\"https:\/\/www.youtube.com\/embed\/TI_1NJueg8k?version=3&#038;rel=1&#038;showsearch=0&#038;showinfo=1&#038;iv_load_policy=1&#038;fs=1&#038;hl=pl-PL&#038;autohide=2&#038;wmode=transparent\" allowfullscreen=\"true\" style=\"border:0;\" sandbox=\"allow-scripts allow-same-origin allow-popups allow-presentation allow-popups-to-escape-sandbox\"><\/iframe><\/span>\n<\/div><\/figure>\n\n\n\n<figure class=\"wp-block-table\"><table><tbody><tr><td><strong><em><span class=\"has-inline-color has-vivid-red-color\">Offertorium<\/span><\/em><\/strong><\/td><td><strong><em><span class=\"has-inline-color has-vivid-red-color\">Ofiarowanie<\/span><\/em><\/strong><\/td><\/tr><tr><td><em><span class=\"has-inline-color has-vivid-red-color\">Ps 111:3<\/span><\/em><br>Gl\u00f3ria et div\u00edti\u00e6 in domo ejus: et just\u00edtia ejus manet in s\u01fdculum s\u01fdculi, allel\u00faja.<\/td><td><em><span class=\"has-inline-color has-vivid-red-color\">Ps 111:3<\/span><\/em><br>Zasoby i bogactwa b\u0119d\u0105 w jego domu, a hojno\u015b\u0107 jego b\u0119dzie trwa\u0142a zawsze. Alleluja.<\/td><\/tr><\/tbody><\/table><\/figure>\n\n\n\n<figure class=\"wp-block-embed-youtube wp-block-embed is-type-video is-provider-youtube wp-embed-aspect-16-9 wp-has-aspect-ratio\"><div class=\"wp-block-embed__wrapper\">\n<span class=\"embed-youtube\" style=\"text-align:center; display: block;\"><iframe class=\"youtube-player\" width=\"580\" height=\"327\" src=\"https:\/\/www.youtube.com\/embed\/TI_1NJueg8k?version=3&#038;rel=1&#038;showsearch=0&#038;showinfo=1&#038;iv_load_policy=1&#038;fs=1&#038;hl=pl-PL&#038;autohide=2&#038;wmode=transparent\" allowfullscreen=\"true\" style=\"border:0;\" sandbox=\"allow-scripts allow-same-origin allow-popups allow-presentation allow-popups-to-escape-sandbox\"><\/iframe><\/span>\n<\/div><\/figure>\n\n\n\n<figure class=\"wp-block-table\"><table><tbody><tr><td><strong><em><span class=\"has-inline-color has-vivid-red-color\">Communio<\/span><\/em><\/strong><\/td><td><strong><em><span class=\"has-inline-color has-vivid-red-color\">Komunia<\/span><\/em><\/strong><\/td><\/tr><tr><td><em><span class=\"has-inline-color has-vivid-red-color\">Matt 17:9<\/span><\/em><br>Visi\u00f3nem, quam vid\u00edstis, n\u00e9mini dix\u00e9ritis, donec a m\u00f3rtuis res\u00fargat F\u00edlius h\u00f3minis.<\/td><td><em><span class=\"has-inline-color has-vivid-red-color\">Mt 17:9<\/span><\/em><br>Nikomu nie m\u00f3wcie o widzeniu, a\u017c Syn Cz\u0142owieczy zmartwychwstanie.<\/td><\/tr><\/tbody><\/table><\/figure>\n","protected":false},"excerpt":{"rendered":"<p>Divinum Officium &#8211; Sancta Missa Rubrycela Mszalna na Rok Pa\u0144ski 2019 Kalendarz Liturgiczny Zwyczajnej i Nadzwyczajnej Formy Rytu Rzymskiego Introitus Ps 76:19Illux\u00e9runt coruscati\u00f3nes tu\u00e6 orbi terr\u00e6: comm\u00f3ta est et contr\u00e9muit terra.Ps 83:2-3Quam dil\u00e9cta tabern\u00e1cula tua, D\u00f3mine virt\u00fatum! concup\u00edscit, et d\u00e9ficit \u00e1nima mea in \u00e1tria D\u00f3mini.V.&nbsp;Gl\u00f3ria Patri, et F\u00edlio, et Spir\u00edtui Sancto.R.&nbsp;Sicut erat in princ\u00edpio, et [&hellip;]<\/p>\n","protected":false},"author":60508433,"featured_media":35959,"comment_status":"open","ping_status":"open","sticky":false,"template":"","format":"standard","meta":{"_bbp_topic_count":0,"_bbp_reply_count":0,"_bbp_total_topic_count":0,"_bbp_total_reply_count":0,"_bbp_voice_count":0,"_bbp_anonymous_reply_count":0,"_bbp_topic_count_hidden":0,"_bbp_reply_count_hidden":0,"_bbp_forum_subforum_count":0,"_editorskit_title_hidden":false,"_editorskit_reading_time":0,"_editorskit_is_block_options_detached":false,"_editorskit_block_options_position":"{}","_coblocks_attr":"","_coblocks_dimensions":"","_coblocks_responsive_height":"","_coblocks_accordion_ie_support":"","_exactmetrics_skip_tracking":false,"_jetpack_newsletter_access":"","_jetpack_dont_email_post_to_subs":false,"_jetpack_newsletter_tier_id":0,"_jetpack_memberships_contains_paywalled_content":false,"_wpcom_ai_launchpad_first_post":false,"_jetpack_feature_clip_id":0,"_jetpack_memberships_contains_paid_content":false,"footnotes":"","jetpack_publicize_message":"{title}\n\n{excerpt}\n\n{url}","jetpack_publicize_feature_enabled":true,"jetpack_social_post_already_shared":true,"jetpack_social_options":{"image_generator_settings":{"template":"highway","default_image_id":0,"font":"","enabled":false},"version":2},"_wpas_customize_per_network":false,"jetpack_post_was_ever_published":false},"categories":[610131823,610131184,336375535],"tags":[],"class_list":["post-148772","post","type-post","status-publish","format-standard","has-post-thumbnail","hentry","category-swieta-w-sierpniu","category-duchowosc","category-liturgia-i-liturgika"],"yoast_head":"<!-- This site is optimized with the Yoast SEO plugin v28.4 - https:\/\/yoast.com\/product\/yoast-seo-wordpress\/ -->\n<title>Proprium missae - In Transfiguratione Domini Nostri Jesu Christi - Przemienienie Pa\u0144skie - Tradycja i Wiara<\/title>\n<meta name=\"robots\" content=\"index, follow, max-snippet:-1, max-image-preview:large, max-video-preview:-1\" \/>\n<link rel=\"canonical\" href=\"https:\/\/wobronietradycjiiwiary.com\/pl\/in-transfiguratione-domini-nostri-jesu-christi-przemienienie-panskie-3-2-3\/\" \/>\n<meta property=\"og:locale\" content=\"pl_PL\" \/>\n<meta property=\"og:type\" content=\"article\" \/>\n<meta property=\"og:title\" content=\"Proprium missae - In Transfiguratione Domini Nostri Jesu Christi - Przemienienie Pa\u0144skie - Tradycja i Wiara\" \/>\n<meta property=\"og:description\" content=\"Divinum Officium &#8211; Sancta Missa Rubrycela Mszalna na Rok Pa\u0144ski 2019 Kalendarz Liturgiczny Zwyczajnej i Nadzwyczajnej Formy Rytu Rzymskiego Introitus Ps 76:19Illux\u00e9runt coruscati\u00f3nes tu\u00e6 orbi terr\u00e6: comm\u00f3ta est et contr\u00e9muit terra.Ps 83:2-3Quam dil\u00e9cta tabern\u00e1cula tua, D\u00f3mine virt\u00fatum! concup\u00edscit, et d\u00e9ficit \u00e1nima mea in \u00e1tria D\u00f3mini.V.&nbsp;Gl\u00f3ria Patri, et F\u00edlio, et Spir\u00edtui Sancto.R.&nbsp;Sicut erat in princ\u00edpio, et [&hellip;]\" \/>\n<meta property=\"og:url\" content=\"https:\/\/wobronietradycjiiwiary.com\/pl\/in-transfiguratione-domini-nostri-jesu-christi-przemienienie-panskie-3-2-3\/\" \/>\n<meta property=\"og:site_name\" content=\"Tradycja i Wiara\" \/>\n<meta property=\"article:publisher\" content=\"https:\/\/www.facebook.com\/Tradycja-i-Wiara-108813920592249\" \/>\n<meta property=\"article:published_time\" content=\"2026-08-05T17:00:17+00:00\" \/>\n<meta property=\"og:image\" content=\"https:\/\/wobronietradycjiiwiary.com\/wp-content\/uploads\/2020\/08\/Transfiguration_Raphael.jpg\" \/>\n\t<meta property=\"og:image:width\" content=\"1067\" \/>\n\t<meta property=\"og:image:height\" content=\"1608\" \/>\n\t<meta property=\"og:image:type\" content=\"image\/jpeg\" \/>\n<meta name=\"author\" content=\"Traditio et Fides\" \/>\n<meta name=\"twitter:card\" content=\"summary_large_image\" \/>\n<meta name=\"twitter:label1\" content=\"Napisane przez\" \/>\n\t<meta name=\"twitter:data1\" content=\"Traditio et Fides\" \/>\n\t<meta name=\"twitter:label2\" content=\"Szacowany czas czytania\" \/>\n\t<meta name=\"twitter:data2\" content=\"2 minuty\" \/>\n<script type=\"application\/ld+json\" class=\"yoast-schema-graph\">{\"@context\":\"https:\\\/\\\/schema.org\",\"@graph\":[{\"@type\":\"Article\",\"@id\":\"https:\\\/\\\/wobronietradycjiiwiary.com\\\/in-transfiguratione-domini-nostri-jesu-christi-przemienienie-panskie-3-2-3\\\/#article\",\"isPartOf\":{\"@id\":\"https:\\\/\\\/wobronietradycjiiwiary.com\\\/in-transfiguratione-domini-nostri-jesu-christi-przemienienie-panskie-3-2-3\\\/\"},\"author\":{\"name\":\"Traditio et Fides\",\"@id\":\"https:\\\/\\\/wobronietradycjiiwiary.com\\\/pl\\\/#\\\/schema\\\/person\\\/2d6180ce6abcb681fef0daab7816e8f3\"},\"headline\":\"Proprium missae &#8211; In Transfiguratione Domini Nostri Jesu Christi &#8211; Przemienienie Pa\u0144skie\",\"datePublished\":\"2026-08-05T17:00:17+00:00\",\"mainEntityOfPage\":{\"@id\":\"https:\\\/\\\/wobronietradycjiiwiary.com\\\/in-transfiguratione-domini-nostri-jesu-christi-przemienienie-panskie-3-2-3\\\/\"},\"wordCount\":418,\"commentCount\":0,\"publisher\":{\"@id\":\"https:\\\/\\\/wobronietradycjiiwiary.com\\\/pl\\\/#organization\"},\"image\":{\"@id\":\"https:\\\/\\\/wobronietradycjiiwiary.com\\\/in-transfiguratione-domini-nostri-jesu-christi-przemienienie-panskie-3-2-3\\\/#primaryimage\"},\"thumbnailUrl\":\"https:\\\/\\\/wobronietradycjiiwiary.com\\\/wp-content\\\/uploads\\\/2020\\\/08\\\/Transfiguration_Raphael.jpg\",\"articleSection\":[\"08. \u015awi\u0119ta w sierpniu\",\"Duchowo\u015b\u0107\",\"Liturgia i liturgika\"],\"inLanguage\":\"pl-PL\",\"potentialAction\":[{\"@type\":\"CommentAction\",\"name\":\"Comment\",\"target\":[\"https:\\\/\\\/wobronietradycjiiwiary.com\\\/in-transfiguratione-domini-nostri-jesu-christi-przemienienie-panskie-3-2-3\\\/#respond\"]}]},{\"@type\":\"WebPage\",\"@id\":\"https:\\\/\\\/wobronietradycjiiwiary.com\\\/in-transfiguratione-domini-nostri-jesu-christi-przemienienie-panskie-3-2-3\\\/\",\"url\":\"https:\\\/\\\/wobronietradycjiiwiary.com\\\/in-transfiguratione-domini-nostri-jesu-christi-przemienienie-panskie-3-2-3\\\/\",\"name\":\"Proprium missae - In Transfiguratione Domini Nostri Jesu Christi - Przemienienie Pa\u0144skie - Tradycja i Wiara\",\"isPartOf\":{\"@id\":\"https:\\\/\\\/wobronietradycjiiwiary.com\\\/pl\\\/#website\"},\"primaryImageOfPage\":{\"@id\":\"https:\\\/\\\/wobronietradycjiiwiary.com\\\/in-transfiguratione-domini-nostri-jesu-christi-przemienienie-panskie-3-2-3\\\/#primaryimage\"},\"image\":{\"@id\":\"https:\\\/\\\/wobronietradycjiiwiary.com\\\/in-transfiguratione-domini-nostri-jesu-christi-przemienienie-panskie-3-2-3\\\/#primaryimage\"},\"thumbnailUrl\":\"https:\\\/\\\/wobronietradycjiiwiary.com\\\/wp-content\\\/uploads\\\/2020\\\/08\\\/Transfiguration_Raphael.jpg\",\"datePublished\":\"2026-08-05T17:00:17+00:00\",\"breadcrumb\":{\"@id\":\"https:\\\/\\\/wobronietradycjiiwiary.com\\\/in-transfiguratione-domini-nostri-jesu-christi-przemienienie-panskie-3-2-3\\\/#breadcrumb\"},\"inLanguage\":\"pl-PL\",\"potentialAction\":[{\"@type\":\"ReadAction\",\"target\":[\"https:\\\/\\\/wobronietradycjiiwiary.com\\\/in-transfiguratione-domini-nostri-jesu-christi-przemienienie-panskie-3-2-3\\\/\"]}]},{\"@type\":\"ImageObject\",\"inLanguage\":\"pl-PL\",\"@id\":\"https:\\\/\\\/wobronietradycjiiwiary.com\\\/in-transfiguratione-domini-nostri-jesu-christi-przemienienie-panskie-3-2-3\\\/#primaryimage\",\"url\":\"https:\\\/\\\/wobronietradycjiiwiary.com\\\/wp-content\\\/uploads\\\/2020\\\/08\\\/Transfiguration_Raphael.jpg\",\"contentUrl\":\"https:\\\/\\\/wobronietradycjiiwiary.com\\\/wp-content\\\/uploads\\\/2020\\\/08\\\/Transfiguration_Raphael.jpg\",\"width\":1067,\"height\":1608},{\"@type\":\"BreadcrumbList\",\"@id\":\"https:\\\/\\\/wobronietradycjiiwiary.com\\\/in-transfiguratione-domini-nostri-jesu-christi-przemienienie-panskie-3-2-3\\\/#breadcrumb\",\"itemListElement\":[{\"@type\":\"ListItem\",\"position\":1,\"name\":\"Strona g\u0142\u00f3wna\",\"item\":\"https:\\\/\\\/wobronietradycjiiwiary.com\\\/\"},{\"@type\":\"ListItem\",\"position\":2,\"name\":\"Proprium missae &#8211; In Transfiguratione Domini Nostri Jesu Christi &#8211; Przemienienie Pa\u0144skie\"}]},{\"@type\":\"WebSite\",\"@id\":\"https:\\\/\\\/wobronietradycjiiwiary.com\\\/pl\\\/#website\",\"url\":\"https:\\\/\\\/wobronietradycjiiwiary.com\\\/pl\\\/\",\"name\":\"Tradycja i Wiara\",\"description\":\"Portal dla katolik\u00f3w.\",\"publisher\":{\"@id\":\"https:\\\/\\\/wobronietradycjiiwiary.com\\\/pl\\\/#organization\"},\"potentialAction\":[{\"@type\":\"SearchAction\",\"target\":{\"@type\":\"EntryPoint\",\"urlTemplate\":\"https:\\\/\\\/wobronietradycjiiwiary.com\\\/pl\\\/?s={search_term_string}\"},\"query-input\":{\"@type\":\"PropertyValueSpecification\",\"valueRequired\":true,\"valueName\":\"search_term_string\"}}],\"inLanguage\":\"pl-PL\"},{\"@type\":\"Organization\",\"@id\":\"https:\\\/\\\/wobronietradycjiiwiary.com\\\/pl\\\/#organization\",\"name\":\"Tradycja i Wiara\",\"url\":\"https:\\\/\\\/wobronietradycjiiwiary.com\\\/pl\\\/\",\"logo\":{\"@type\":\"ImageObject\",\"inLanguage\":\"pl-PL\",\"@id\":\"https:\\\/\\\/wobronietradycjiiwiary.com\\\/pl\\\/#\\\/schema\\\/logo\\\/image\\\/\",\"url\":\"https:\\\/\\\/i0.wp.com\\\/wobronietradycjiiwiary.com\\\/wp-content\\\/uploads\\\/2015\\\/10\\\/cropped-st-peters-dome-vatican.jpg?fit=940%2C198&ssl=1\",\"contentUrl\":\"https:\\\/\\\/i0.wp.com\\\/wobronietradycjiiwiary.com\\\/wp-content\\\/uploads\\\/2015\\\/10\\\/cropped-st-peters-dome-vatican.jpg?fit=940%2C198&ssl=1\",\"width\":940,\"height\":198,\"caption\":\"Tradycja i Wiara\"},\"image\":{\"@id\":\"https:\\\/\\\/wobronietradycjiiwiary.com\\\/pl\\\/#\\\/schema\\\/logo\\\/image\\\/\"},\"sameAs\":[\"https:\\\/\\\/www.facebook.com\\\/Tradycja-i-Wiara-108813920592249\"]},{\"@type\":\"Person\",\"@id\":\"https:\\\/\\\/wobronietradycjiiwiary.com\\\/pl\\\/#\\\/schema\\\/person\\\/2d6180ce6abcb681fef0daab7816e8f3\",\"name\":\"Traditio et Fides\",\"sameAs\":[\"https:\\\/\\\/traditionundglauben.com\"],\"url\":\"https:\\\/\\\/wobronietradycjiiwiary.com\\\/pl\\\/author\\\/wobronietradycjiiwiary\\\/\"}]}<\/script>\n<!-- \/ Yoast SEO plugin. -->","yoast_head_json":{"title":"Proprium missae - In Transfiguratione Domini Nostri Jesu Christi - Przemienienie Pa\u0144skie - Tradycja i Wiara","robots":{"index":"index","follow":"follow","max-snippet":"max-snippet:-1","max-image-preview":"max-image-preview:large","max-video-preview":"max-video-preview:-1"},"canonical":"https:\/\/wobronietradycjiiwiary.com\/pl\/in-transfiguratione-domini-nostri-jesu-christi-przemienienie-panskie-3-2-3\/","og_locale":"pl_PL","og_type":"article","og_title":"Proprium missae - In Transfiguratione Domini Nostri Jesu Christi - Przemienienie Pa\u0144skie - Tradycja i Wiara","og_description":"Divinum Officium &#8211; Sancta Missa Rubrycela Mszalna na Rok Pa\u0144ski 2019 Kalendarz Liturgiczny Zwyczajnej i Nadzwyczajnej Formy Rytu Rzymskiego Introitus Ps 76:19Illux\u00e9runt coruscati\u00f3nes tu\u00e6 orbi terr\u00e6: comm\u00f3ta est et contr\u00e9muit terra.Ps 83:2-3Quam dil\u00e9cta tabern\u00e1cula tua, D\u00f3mine virt\u00fatum! concup\u00edscit, et d\u00e9ficit \u00e1nima mea in \u00e1tria D\u00f3mini.V.&nbsp;Gl\u00f3ria Patri, et F\u00edlio, et Spir\u00edtui Sancto.R.&nbsp;Sicut erat in princ\u00edpio, et [&hellip;]","og_url":"https:\/\/wobronietradycjiiwiary.com\/pl\/in-transfiguratione-domini-nostri-jesu-christi-przemienienie-panskie-3-2-3\/","og_site_name":"Tradycja i Wiara","article_publisher":"https:\/\/www.facebook.com\/Tradycja-i-Wiara-108813920592249","article_published_time":"2026-08-05T17:00:17+00:00","og_image":[{"width":1067,"height":1608,"url":"https:\/\/wobronietradycjiiwiary.com\/wp-content\/uploads\/2020\/08\/Transfiguration_Raphael.jpg","type":"image\/jpeg"}],"author":"Traditio et Fides","twitter_card":"summary_large_image","twitter_misc":{"Napisane przez":"Traditio et Fides","Szacowany czas czytania":"2 minuty"},"schema":{"@context":"https:\/\/schema.org","@graph":[{"@type":"Article","@id":"https:\/\/wobronietradycjiiwiary.com\/in-transfiguratione-domini-nostri-jesu-christi-przemienienie-panskie-3-2-3\/#article","isPartOf":{"@id":"https:\/\/wobronietradycjiiwiary.com\/in-transfiguratione-domini-nostri-jesu-christi-przemienienie-panskie-3-2-3\/"},"author":{"name":"Traditio et Fides","@id":"https:\/\/wobronietradycjiiwiary.com\/pl\/#\/schema\/person\/2d6180ce6abcb681fef0daab7816e8f3"},"headline":"Proprium missae &#8211; In Transfiguratione Domini Nostri Jesu Christi &#8211; Przemienienie Pa\u0144skie","datePublished":"2026-08-05T17:00:17+00:00","mainEntityOfPage":{"@id":"https:\/\/wobronietradycjiiwiary.com\/in-transfiguratione-domini-nostri-jesu-christi-przemienienie-panskie-3-2-3\/"},"wordCount":418,"commentCount":0,"publisher":{"@id":"https:\/\/wobronietradycjiiwiary.com\/pl\/#organization"},"image":{"@id":"https:\/\/wobronietradycjiiwiary.com\/in-transfiguratione-domini-nostri-jesu-christi-przemienienie-panskie-3-2-3\/#primaryimage"},"thumbnailUrl":"https:\/\/wobronietradycjiiwiary.com\/wp-content\/uploads\/2020\/08\/Transfiguration_Raphael.jpg","articleSection":["08. \u015awi\u0119ta w sierpniu","Duchowo\u015b\u0107","Liturgia i liturgika"],"inLanguage":"pl-PL","potentialAction":[{"@type":"CommentAction","name":"Comment","target":["https:\/\/wobronietradycjiiwiary.com\/in-transfiguratione-domini-nostri-jesu-christi-przemienienie-panskie-3-2-3\/#respond"]}]},{"@type":"WebPage","@id":"https:\/\/wobronietradycjiiwiary.com\/in-transfiguratione-domini-nostri-jesu-christi-przemienienie-panskie-3-2-3\/","url":"https:\/\/wobronietradycjiiwiary.com\/in-transfiguratione-domini-nostri-jesu-christi-przemienienie-panskie-3-2-3\/","name":"Proprium missae - In Transfiguratione Domini Nostri Jesu Christi - Przemienienie Pa\u0144skie - Tradycja i Wiara","isPartOf":{"@id":"https:\/\/wobronietradycjiiwiary.com\/pl\/#website"},"primaryImageOfPage":{"@id":"https:\/\/wobronietradycjiiwiary.com\/in-transfiguratione-domini-nostri-jesu-christi-przemienienie-panskie-3-2-3\/#primaryimage"},"image":{"@id":"https:\/\/wobronietradycjiiwiary.com\/in-transfiguratione-domini-nostri-jesu-christi-przemienienie-panskie-3-2-3\/#primaryimage"},"thumbnailUrl":"https:\/\/wobronietradycjiiwiary.com\/wp-content\/uploads\/2020\/08\/Transfiguration_Raphael.jpg","datePublished":"2026-08-05T17:00:17+00:00","breadcrumb":{"@id":"https:\/\/wobronietradycjiiwiary.com\/in-transfiguratione-domini-nostri-jesu-christi-przemienienie-panskie-3-2-3\/#breadcrumb"},"inLanguage":"pl-PL","potentialAction":[{"@type":"ReadAction","target":["https:\/\/wobronietradycjiiwiary.com\/in-transfiguratione-domini-nostri-jesu-christi-przemienienie-panskie-3-2-3\/"]}]},{"@type":"ImageObject","inLanguage":"pl-PL","@id":"https:\/\/wobronietradycjiiwiary.com\/in-transfiguratione-domini-nostri-jesu-christi-przemienienie-panskie-3-2-3\/#primaryimage","url":"https:\/\/wobronietradycjiiwiary.com\/wp-content\/uploads\/2020\/08\/Transfiguration_Raphael.jpg","contentUrl":"https:\/\/wobronietradycjiiwiary.com\/wp-content\/uploads\/2020\/08\/Transfiguration_Raphael.jpg","width":1067,"height":1608},{"@type":"BreadcrumbList","@id":"https:\/\/wobronietradycjiiwiary.com\/in-transfiguratione-domini-nostri-jesu-christi-przemienienie-panskie-3-2-3\/#breadcrumb","itemListElement":[{"@type":"ListItem","position":1,"name":"Strona g\u0142\u00f3wna","item":"https:\/\/wobronietradycjiiwiary.com\/"},{"@type":"ListItem","position":2,"name":"Proprium missae &#8211; In Transfiguratione Domini Nostri Jesu Christi &#8211; Przemienienie Pa\u0144skie"}]},{"@type":"WebSite","@id":"https:\/\/wobronietradycjiiwiary.com\/pl\/#website","url":"https:\/\/wobronietradycjiiwiary.com\/pl\/","name":"Tradycja i Wiara","description":"Portal dla katolik\u00f3w.","publisher":{"@id":"https:\/\/wobronietradycjiiwiary.com\/pl\/#organization"},"potentialAction":[{"@type":"SearchAction","target":{"@type":"EntryPoint","urlTemplate":"https:\/\/wobronietradycjiiwiary.com\/pl\/?s={search_term_string}"},"query-input":{"@type":"PropertyValueSpecification","valueRequired":true,"valueName":"search_term_string"}}],"inLanguage":"pl-PL"},{"@type":"Organization","@id":"https:\/\/wobronietradycjiiwiary.com\/pl\/#organization","name":"Tradycja i Wiara","url":"https:\/\/wobronietradycjiiwiary.com\/pl\/","logo":{"@type":"ImageObject","inLanguage":"pl-PL","@id":"https:\/\/wobronietradycjiiwiary.com\/pl\/#\/schema\/logo\/image\/","url":"https:\/\/i0.wp.com\/wobronietradycjiiwiary.com\/wp-content\/uploads\/2015\/10\/cropped-st-peters-dome-vatican.jpg?fit=940%2C198&ssl=1","contentUrl":"https:\/\/i0.wp.com\/wobronietradycjiiwiary.com\/wp-content\/uploads\/2015\/10\/cropped-st-peters-dome-vatican.jpg?fit=940%2C198&ssl=1","width":940,"height":198,"caption":"Tradycja i Wiara"},"image":{"@id":"https:\/\/wobronietradycjiiwiary.com\/pl\/#\/schema\/logo\/image\/"},"sameAs":["https:\/\/www.facebook.com\/Tradycja-i-Wiara-108813920592249"]},{"@type":"Person","@id":"https:\/\/wobronietradycjiiwiary.com\/pl\/#\/schema\/person\/2d6180ce6abcb681fef0daab7816e8f3","name":"Traditio et Fides","sameAs":["https:\/\/traditionundglauben.com"],"url":"https:\/\/wobronietradycjiiwiary.com\/pl\/author\/wobronietradycjiiwiary\/"}]}},"jetpack_publicize_connections":[],"jetpack_sharing_enabled":true,"jetpack_likes_enabled":true,"jetpack_shortlink":"https:\/\/wp.me\/pc04Sd-CHy","jetpack-related-posts":[{"id":35962,"url":"https:\/\/wobronietradycjiiwiary.com\/pl\/proprium-missae-in-transfiguratione-domini-nostri-jesu-christi-przemienienie-panskie\/","url_meta":{"origin":148772,"position":0},"title":"Proprium missae &#8211; In Transfiguratione Domini Nostri Jesu Christi &#8211; Przemienienie Pa\u0144skie","author":"Traditio et Fides","date":"5 sierpnia 2025","format":false,"excerpt":"Divinum Officium - Sancta Missa Rubrycela Mszalna na Rok Pa\u0144ski 2019 Kalendarz Liturgiczny Zwyczajnej i Nadzwyczajnej Formy Rytu Rzymskiego https:\/\/youtu.be\/r3-Obt0mfw4 IntroitusPs 76:19Illux\u00e9runt coruscati\u00f3nes tu\u00e6 orbi terr\u00e6: comm\u00f3ta est et contr\u00e9muit terra.Ps 83:2-3Quam dil\u00e9cta tabern\u00e1cula tua, D\u00f3mine virt\u00fatum! concup\u00edscit, et d\u00e9ficit \u00e1nima mea in \u00e1tria D\u00f3mini.V.\u00a0Gl\u00f3ria Patri, et F\u00edlio, et Spir\u00edtui\u2026","rel":"","context":"W \u201eDuchowo\u015b\u0107&quot;","block_context":{"text":"Duchowo\u015b\u0107","link":"https:\/\/wobronietradycjiiwiary.com\/pl\/category\/duchowosc\/"},"img":{"alt_text":"","src":"https:\/\/i0.wp.com\/wobronietradycjiiwiary.com\/wp-content\/uploads\/2020\/08\/Transfiguration_Raphael.jpg?resize=350%2C200&ssl=1","width":350,"height":200,"srcset":"https:\/\/i0.wp.com\/wobronietradycjiiwiary.com\/wp-content\/uploads\/2020\/08\/Transfiguration_Raphael.jpg?resize=350%2C200&ssl=1 1x, https:\/\/i0.wp.com\/wobronietradycjiiwiary.com\/wp-content\/uploads\/2020\/08\/Transfiguration_Raphael.jpg?resize=525%2C300&ssl=1 1.5x, https:\/\/i0.wp.com\/wobronietradycjiiwiary.com\/wp-content\/uploads\/2020\/08\/Transfiguration_Raphael.jpg?resize=700%2C400&ssl=1 2x, https:\/\/i0.wp.com\/wobronietradycjiiwiary.com\/wp-content\/uploads\/2020\/08\/Transfiguration_Raphael.jpg?resize=1050%2C600&ssl=1 3x"},"classes":[]},{"id":4976,"url":"https:\/\/wobronietradycjiiwiary.com\/pl\/palestrina-missa-papae-marcelli-benedictus-wykonanie-the-tallis-scholars-5-z-6\/","url_meta":{"origin":148772,"position":1},"title":"Palestrina: Missa Papae Marcelli &#8211; Benedictus, wykonanie The Tallis Scholars (5 z 6)","author":"Traditio et Fides","date":"8 kwietnia 2015","format":false,"excerpt":"Benedictus (trwaj\u0105ce w tym wykonaniu 3:38) stanowi, co prawda drug\u0105 cz\u0119\u015b\u0107 Sanctus (w tej mszy 4:10), jednak wielu kompozytor\u00f3w jak Palestrina traktuje Benedictus oddzielnie. We Mszy Trydenckiej zar\u00f3wno Sanctus jak i Benedictus \u015bpiewane jest przez ch\u00f3r lub wiernych w trakcie cichego odmawiania kanonu przez ksi\u0119dza. Zale\u017cnie od utworu, tempa \u015bpiewu\u2026","rel":"","context":"W \u201eMissae&quot;","block_context":{"text":"Missae","link":"https:\/\/wobronietradycjiiwiary.com\/pl\/category\/musica-sacra\/nagrania\/missae\/"},"img":{"alt_text":"","src":"","width":0,"height":0},"classes":[]},{"id":20027,"url":"https:\/\/wobronietradycjiiwiary.com\/pl\/proprium-missae-wniebowstapienie-panskie-in-ascensione-domini-2\/","url_meta":{"origin":148772,"position":2},"title":"Proprium missae &#8211; Wniebowst\u0105pienie Pa\u0144skie  &#8211; In Ascensione Domini","author":"Traditio et Fides","date":"29 maja 2019","format":false,"excerpt":"Divinum Officium - Sancta Missa Rubrycela Mszalna na Rok Pa\u0144ski 2019 Kalendarz Liturgiczny Zwyczajnej i Nadzwyczajnej Formy Rytu Rzymskiego https:\/\/www.youtube.com\/watch?v=FCSuhp6SmPQ INTROITUS Acta 1:11 Viri Galil\u00e6i, quid admir\u00e1mini aspici\u00e9ntes in coelum? allel\u00faia: quem\u00e1dmodum vid\u00edstis eum ascend\u00e9ntem in coelum, ita v\u00e9niet, allel\u00faia, allel\u00faia, allel\u00faia. Ps 46:2 Omnes gentes, pl\u00e1udite m\u00e1nibus: iubil\u00e1te Deo\u2026","rel":"","context":"W \u201eMsza Trydencka&quot;","block_context":{"text":"Msza Trydencka","link":"https:\/\/wobronietradycjiiwiary.com\/pl\/category\/duchowosc\/liturgia-i-liturgika\/msza-trydencka\/"},"img":{"alt_text":"","src":"https:\/\/i0.wp.com\/img.youtube.com\/vi\/FCSuhp6SmPQ\/0.jpg?resize=350%2C200","width":350,"height":200},"classes":[]},{"id":27962,"url":"https:\/\/wobronietradycjiiwiary.com\/pl\/proprium-missae-wniebowstapienie-panskie-in-ascensione-domini-4\/","url_meta":{"origin":148772,"position":3},"title":"Proprium missae &#8211; Wniebowst\u0105pienie Pa\u0144skie  &#8211; In Ascensione Domini","author":"Traditio et Fides","date":"20 maja 2020","format":false,"excerpt":"Divinum Officium - Sancta Missa Rubrycela Mszalna na Rok Pa\u0144ski 2019 Kalendarz Liturgiczny Zwyczajnej i Nadzwyczajnej Formy Rytu Rzymskiego https:\/\/www.youtube.com\/watch?v=FCSuhp6SmPQ INTROITUS Acta 1:11Viri Galil\u00e6i, quid admir\u00e1mini aspici\u00e9ntes in coelum? allel\u00faia: quem\u00e1dmodum vid\u00edstis eum ascend\u00e9ntem in coelum, ita v\u00e9niet, allel\u00faia, allel\u00faia, allel\u00faia. Ps 46:2Omnes gentes, pl\u00e1udite m\u00e1nibus: iubil\u00e1te Deo in voce\u2026","rel":"","context":"W \u201eMsza Trydencka&quot;","block_context":{"text":"Msza Trydencka","link":"https:\/\/wobronietradycjiiwiary.com\/pl\/category\/duchowosc\/liturgia-i-liturgika\/msza-trydencka\/"},"img":{"alt_text":"","src":"https:\/\/i0.wp.com\/wobronietradycjiiwiary.com\/wp-content\/uploads\/2020\/05\/christi-himmelfahrt.jpg?resize=350%2C200&ssl=1","width":350,"height":200},"classes":[]},{"id":19143,"url":"https:\/\/wobronietradycjiiwiary.com\/pl\/proprium-missae-narodzenie-panskie-pasterka-in-nativitate-domini-missa-prima-2\/","url_meta":{"origin":148772,"position":4},"title":"Proprium missae &#8211; Narodzenie Pa\u0144skie &#8211; PASTERKA &#8211; In Nativitate Domini (Missa prima)","author":"mariuszjerzy","date":"24 grudnia 2018","format":false,"excerpt":"Divinum Officium - Sancta Missa Kalendarz Liturgiczny Zwyczajnej i Nadzwyczajnej Formy Rytu Rzymskiego https:\/\/www.youtube.com\/watch?v=H0Sl_h06d1M INTROITUS Ps 2:7 D\u00f3minus dixit ad me: F\u00edlius meus es tu, ego h\u00f3die g\u00e9nui te. \u00a0 Ps 2:1 Quare fremu\u00e9runt gentes: et p\u00f3puli medit\u00e1ti sunt in\u00e1nia? V. Gl\u00f3ria Patri, et F\u00edlio, et Spir\u00edtui Sancto. R. Sicut\u2026","rel":"","context":"W \u201eMsza Trydencka&quot;","block_context":{"text":"Msza Trydencka","link":"https:\/\/wobronietradycjiiwiary.com\/pl\/category\/duchowosc\/liturgia-i-liturgika\/msza-trydencka\/"},"img":{"alt_text":"","src":"https:\/\/i0.wp.com\/img.youtube.com\/vi\/H0Sl_h06d1M\/0.jpg?resize=350%2C200","width":350,"height":200},"classes":[]},{"id":17396,"url":"https:\/\/wobronietradycjiiwiary.com\/pl\/proprium-missae-narodzenie-panskie-pasterka-in-nativitate-domini-missa-prima\/","url_meta":{"origin":148772,"position":5},"title":"Proprium missae &#8211; Narodzenie Pa\u0144skie &#8211; PASTERKA &#8211; In Nativitate Domini (Missa prima)","author":"mariuszjerzy","date":"24 grudnia 2018","format":false,"excerpt":"Divinum Officium - Sancta Missa https:\/\/www.youtube.com\/watch?v=H0Sl_h06d1M INTROITUS Ps 2:7 D\u00f3minus dixit ad me: F\u00edlius meus es tu, ego h\u00f3die g\u00e9nui te. Ps 2:1 Quare fremu\u00e9runt gentes: et p\u00f3puli medit\u00e1ti sunt in\u00e1nia? V. Gl\u00f3ria Patri, et F\u00edlio, et Spir\u00edtui Sancto. R. Sicut erat in princ\u00edpio, et nunc, et semper, et in\u2026","rel":"","context":"W \u201eMsza Trydencka&quot;","block_context":{"text":"Msza Trydencka","link":"https:\/\/wobronietradycjiiwiary.com\/pl\/category\/duchowosc\/liturgia-i-liturgika\/msza-trydencka\/"},"img":{"alt_text":"","src":"https:\/\/i0.wp.com\/img.youtube.com\/vi\/H0Sl_h06d1M\/0.jpg?resize=350%2C200","width":350,"height":200},"classes":[]}],"amp_enabled":true,"jetpack_featured_media_url":"https:\/\/wobronietradycjiiwiary.com\/wp-content\/uploads\/2020\/08\/Transfiguration_Raphael.jpg","_links":{"self":[{"href":"https:\/\/wobronietradycjiiwiary.com\/pl\/wp-json\/wp\/v2\/posts\/148772","targetHints":{"allow":["GET"]}}],"collection":[{"href":"https:\/\/wobronietradycjiiwiary.com\/pl\/wp-json\/wp\/v2\/posts"}],"about":[{"href":"https:\/\/wobronietradycjiiwiary.com\/pl\/wp-json\/wp\/v2\/types\/post"}],"author":[{"embeddable":true,"href":"https:\/\/wobronietradycjiiwiary.com\/pl\/wp-json\/wp\/v2\/users\/60508433"}],"replies":[{"embeddable":true,"href":"https:\/\/wobronietradycjiiwiary.com\/pl\/wp-json\/wp\/v2\/comments?post=148772"}],"version-history":[{"count":2,"href":"https:\/\/wobronietradycjiiwiary.com\/pl\/wp-json\/wp\/v2\/posts\/148772\/revisions"}],"predecessor-version":[{"id":169597,"href":"https:\/\/wobronietradycjiiwiary.com\/pl\/wp-json\/wp\/v2\/posts\/148772\/revisions\/169597"}],"wp:featuredmedia":[{"embeddable":true,"href":"https:\/\/wobronietradycjiiwiary.com\/pl\/wp-json\/wp\/v2\/media\/35959"}],"wp:attachment":[{"href":"https:\/\/wobronietradycjiiwiary.com\/pl\/wp-json\/wp\/v2\/media?parent=148772"}],"wp:term":[{"taxonomy":"category","embeddable":true,"href":"https:\/\/wobronietradycjiiwiary.com\/pl\/wp-json\/wp\/v2\/categories?post=148772"},{"taxonomy":"post_tag","embeddable":true,"href":"https:\/\/wobronietradycjiiwiary.com\/pl\/wp-json\/wp\/v2\/tags?post=148772"}],"curies":[{"name":"wp","href":"https:\/\/api.w.org\/{rel}","templated":true}]}}