{"id":148295,"date":"2025-07-21T15:37:01","date_gmt":"2025-07-21T13:37:01","guid":{"rendered":"https:\/\/wobronietradycjiiwiary.com\/?p=148295"},"modified":"2026-04-15T14:18:52","modified_gmt":"2026-04-15T12:18:52","slug":"mcfadden-wplyw-okultyzmu-na-tradycyjny-dyskurs-katolicki-1-z-8","status":"publish","type":"post","link":"https:\/\/wobronietradycjiiwiary.com\/pl\/mcfadden-wplyw-okultyzmu-na-tradycyjny-dyskurs-katolicki-1-z-8\/","title":{"rendered":"McFadden, Wp\u0142yw okultyzmu na tradycyjny dyskurs katolicki (1 z 8). Walentyn Tomberg i jego potomstwo."},"content":{"rendered":"<div id=\"bsf_rt_marker\"><\/div><p>Obserwacje na temat wp\u0142ywu okultyzmu na tradycyjny dyskurs katolicki. \u201ePrzyjdzie bowiem chwila, kiedy zdrowej nauki nie b\u0119d\u0105 znosili, ale wed\u0142ug&hellip;<\/p>\n<div style=\"text-align: center\">\n<p>&nbsp;<\/p>\n<\/div>\n<h2 style=\"border: 5px solid #0000A0;padding: 1em;text-align: center\"><span style=\"color: #000000\">Pe\u0142en dost\u0119p dla <span style=\"color: #00ccff\"><a style=\"color: #00ccff\" href=\"https:\/\/wobronietradycjiiwiary.com\/subskrypcje-2\/\" target=\"_blank\" rel=\"noopener\">subskrybent\u00f3w<\/a><\/span>.<\/span><br \/>\n<span style=\"color: #3366ff\"><a style=\"color: #3366ff\" href=\"https:\/\/wobronietradycjiiwiary.com\/account\/login\/\" target=\"_blank\" rel=\"noopener\"><span style=\"color: #00ccff\">Zaloguj<\/span><\/a> <\/span>si\u0119 lub przejd\u017a do <a href=\"https:\/\/wobronietradycjiiwiary.com\/register\/\"><span style=\"color: #3366ff\">Rejestracji<\/span><\/a>.<\/h2>\n<div>\n<p style=\"text-align: center\"><a href=\"https:\/\/wobronietradycjiiwiary.com\/pl\/subskrypcje-2\/cennik\/\" target=\"_blank\" rel=\"noopener\"><span style=\"color: #000080;font-size: 24pt\"><strong>Nowe ni\u017csze ceny<\/strong><\/span><\/a><\/p>\n<p style=\"text-align: center\"><strong><span style=\"font-size: 18pt;color: #000080\">P\u0142atno\u015b\u0107 kart\u0105<\/span><\/strong><\/p>\n<\/div>\n<h3 style=\"text-align: center\"><a href=\"https:\/\/wobronietradycjiiwiary.com\/pl\/subskrypcje-2\/automatyczne\/indywidualne\/\" target=\"_blank\" rel=\"noopener\"><img fetchpriority=\"high\" decoding=\"async\" class=\"alignnone size-medium wp-image-80433\" src=\"https:\/\/wobronietradycjiiwiary.com\/wp-content\/uploads\/2022\/11\/Unbenannt-1-Online-1-300x202.jpg\" alt=\"\" width=\"300\" height=\"202\" srcset=\"https:\/\/wobronietradycjiiwiary.com\/wp-content\/uploads\/2022\/11\/Unbenannt-1-Online-1-300x202.jpg 300w, https:\/\/wobronietradycjiiwiary.com\/wp-content\/uploads\/2022\/11\/Unbenannt-1-Online-1-150x101.jpg 150w, https:\/\/wobronietradycjiiwiary.com\/wp-content\/uploads\/2022\/11\/Unbenannt-1-Online-1-18x12.jpg 18w, https:\/\/wobronietradycjiiwiary.com\/wp-content\/uploads\/2022\/11\/Unbenannt-1-Online-1.jpg 446w\" sizes=\"(max-width: 300px) 100vw, 300px\" \/><\/a><\/h3>\n<p style=\"text-align: center\"><strong><span style=\"font-size: 18pt;color: #000080\">P\u0142atno\u015b\u0107 przelewem<\/span><\/strong><\/p>\n<p><a href=\"https:\/\/wobronietradycjiiwiary.com\/pl\/subskrypcje-2\/automatyczne\/indywidualne\/\" target=\"_blank\" rel=\"noopener\"><img decoding=\"async\" class=\"size-medium wp-image-80434 aligncenter\" src=\"https:\/\/wobronietradycjiiwiary.com\/wp-content\/uploads\/2022\/11\/Unbenannt-1-Przelewem-300x137.jpg\" alt=\"\" width=\"300\" height=\"137\" srcset=\"https:\/\/wobronietradycjiiwiary.com\/wp-content\/uploads\/2022\/11\/Unbenannt-1-Przelewem-300x137.jpg 300w, https:\/\/wobronietradycjiiwiary.com\/wp-content\/uploads\/2022\/11\/Unbenannt-1-Przelewem-450x206.jpg 450w, https:\/\/wobronietradycjiiwiary.com\/wp-content\/uploads\/2022\/11\/Unbenannt-1-Przelewem-600x274.jpg 600w, https:\/\/wobronietradycjiiwiary.com\/wp-content\/uploads\/2022\/11\/Unbenannt-1-Przelewem-150x69.jpg 150w, https:\/\/wobronietradycjiiwiary.com\/wp-content\/uploads\/2022\/11\/Unbenannt-1-Przelewem-18x8.jpg 18w, https:\/\/wobronietradycjiiwiary.com\/wp-content\/uploads\/2022\/11\/Unbenannt-1-Przelewem.jpg 676w\" sizes=\"(max-width: 300px) 100vw, 300px\" \/><\/a><\/p>\n<p style=\"text-align: center\"><strong><span style=\"font-size: 18pt;color: #000080\">P\u0142atno\u015b\u0107 kart\u0105 do 6 os\u00f3b<\/span><\/strong><\/p>\n<p><a href=\"https:\/\/wobronietradycjiiwiary.com\/pl\/rodzinne\/\" target=\"_blank\" rel=\"noopener\"><img decoding=\"async\" class=\"size-medium wp-image-80435 aligncenter\" src=\"https:\/\/wobronietradycjiiwiary.com\/wp-content\/uploads\/2022\/11\/Unbenannt-1-Rodzinna-300x208.jpg\" alt=\"\" width=\"300\" height=\"208\" srcset=\"https:\/\/wobronietradycjiiwiary.com\/wp-content\/uploads\/2022\/11\/Unbenannt-1-Rodzinna-300x208.jpg 300w, https:\/\/wobronietradycjiiwiary.com\/wp-content\/uploads\/2022\/11\/Unbenannt-1-Rodzinna-150x104.jpg 150w, https:\/\/wobronietradycjiiwiary.com\/wp-content\/uploads\/2022\/11\/Unbenannt-1-Rodzinna-18x12.jpg 18w, https:\/\/wobronietradycjiiwiary.com\/wp-content\/uploads\/2022\/11\/Unbenannt-1-Rodzinna.jpg 448w\" sizes=\"(max-width: 300px) 100vw, 300px\" \/><\/a><\/p>\n<h3 style=\"text-align: center\"><\/h3>\n<h1 style=\"text-align: center\"><\/h1>\n","protected":false},"excerpt":{"rendered":"<p>O wp\u0142ywie Tomberga na katolik\u00f3w.<\/p>\n","protected":false},"author":60508433,"featured_media":148297,"comment_status":"open","ping_status":"open","sticky":false,"template":"","format":"standard","meta":{"_bbp_topic_count":0,"_bbp_reply_count":0,"_bbp_total_topic_count":0,"_bbp_total_reply_count":0,"_bbp_voice_count":0,"_bbp_anonymous_reply_count":0,"_bbp_topic_count_hidden":0,"_bbp_reply_count_hidden":0,"_bbp_forum_subforum_count":0,"_editorskit_title_hidden":false,"_editorskit_reading_time":0,"_editorskit_is_block_options_detached":false,"_editorskit_block_options_position":"{}","_coblocks_attr":"","_coblocks_dimensions":"","_coblocks_responsive_height":"","_coblocks_accordion_ie_support":"","_exactmetrics_skip_tracking":false,"_jetpack_newsletter_access":"","_jetpack_dont_email_post_to_subs":false,"_jetpack_newsletter_tier_id":0,"_jetpack_memberships_contains_paywalled_content":false,"_wpcom_ai_launchpad_first_post":false,"_jetpack_feature_clip_id":0,"_jetpack_memberships_contains_paid_content":false,"footnotes":"","jetpack_publicize_message":"{title}\n\n{excerpt}\n\n{url}","jetpack_publicize_feature_enabled":true,"jetpack_social_post_already_shared":true,"jetpack_social_options":{"image_generator_settings":{"template":"highway","default_image_id":0,"font":"","enabled":false},"version":2},"_wpas_customize_per_network":false,"jetpack_post_was_ever_published":false},"categories":[326335690,610131774,610131185,610135616,610135349],"tags":[6828404,610135617,666987,610132133,610135618,610135619],"class_list":["post-148295","post","type-post","status-publish","format-standard","has-post-thumbnail","hentry","category-demonologia-teologia","category-demon-teor","category-doktryna","category-okultyzm","category-teologia-dogmatyczna","tag-gnoza","tag-mcfadden","tag-okultyzm","tag-restricted","tag-tomberg","tag-wydawnictwa-katolickie"],"yoast_head":"<!-- This site is optimized with the Yoast SEO plugin v28.4 - https:\/\/yoast.com\/product\/yoast-seo-wordpress\/ -->\n<title>McFadden, Wp\u0142yw okultyzmu na tradycyjny dyskurs katolicki (1 z 8). Walentyn Tomberg i jego potomstwo. - Tradycja i Wiara<\/title>\n<meta name=\"robots\" content=\"index, follow, max-snippet:-1, max-image-preview:large, max-video-preview:-1\" \/>\n<link rel=\"canonical\" href=\"https:\/\/wobronietradycjiiwiary.com\/pl\/mcfadden-wplyw-okultyzmu-na-tradycyjny-dyskurs-katolicki-1-z-8\/\" \/>\n<meta property=\"og:locale\" content=\"pl_PL\" \/>\n<meta property=\"og:type\" content=\"article\" \/>\n<meta property=\"og:title\" content=\"McFadden, Wp\u0142yw okultyzmu na tradycyjny dyskurs katolicki (1 z 8). Walentyn Tomberg i jego potomstwo. - Tradycja i Wiara\" \/>\n<meta property=\"og:description\" content=\"O wp\u0142ywie Tomberga na katolik\u00f3w.\" \/>\n<meta property=\"og:url\" content=\"https:\/\/wobronietradycjiiwiary.com\/pl\/mcfadden-wplyw-okultyzmu-na-tradycyjny-dyskurs-katolicki-1-z-8\/\" \/>\n<meta property=\"og:site_name\" content=\"Tradycja i Wiara\" \/>\n<meta property=\"article:publisher\" content=\"https:\/\/www.facebook.com\/Tradycja-i-Wiara-108813920592249\" \/>\n<meta property=\"article:published_time\" content=\"2025-07-21T13:37:01+00:00\" \/>\n<meta property=\"article:modified_time\" content=\"2026-04-15T12:18:52+00:00\" \/>\n<meta property=\"og:image\" content=\"https:\/\/wobronietradycjiiwiary.com\/wp-content\/uploads\/2025\/07\/1_G6ECX4ZV-Rj6hriAtyRwjg.webp\" \/>\n\t<meta property=\"og:image:width\" content=\"786\" \/>\n\t<meta property=\"og:image:height\" content=\"658\" \/>\n\t<meta property=\"og:image:type\" content=\"image\/webp\" \/>\n<meta name=\"author\" content=\"Traditio et Fides\" \/>\n<meta name=\"twitter:card\" content=\"summary_large_image\" \/>\n<meta name=\"twitter:label1\" content=\"Napisane przez\" \/>\n\t<meta name=\"twitter:data1\" content=\"Traditio et Fides\" \/>\n\t<meta name=\"twitter:label2\" content=\"Szacowany czas czytania\" \/>\n\t<meta name=\"twitter:data2\" content=\"31 minut\" \/>\n<script type=\"application\/ld+json\" class=\"yoast-schema-graph\">{\"@context\":\"https:\\\/\\\/schema.org\",\"@graph\":[{\"@type\":\"Article\",\"@id\":\"https:\\\/\\\/wobronietradycjiiwiary.com\\\/mcfadden-wplyw-okultyzmu-na-tradycyjny-dyskurs-katolicki-1-z-8\\\/#article\",\"isPartOf\":{\"@id\":\"https:\\\/\\\/wobronietradycjiiwiary.com\\\/mcfadden-wplyw-okultyzmu-na-tradycyjny-dyskurs-katolicki-1-z-8\\\/\"},\"author\":{\"name\":\"Traditio et Fides\",\"@id\":\"https:\\\/\\\/wobronietradycjiiwiary.com\\\/pl\\\/#\\\/schema\\\/person\\\/2d6180ce6abcb681fef0daab7816e8f3\"},\"headline\":\"McFadden, Wp\u0142yw okultyzmu na tradycyjny dyskurs katolicki (1 z 8). Walentyn Tomberg i jego potomstwo.\",\"datePublished\":\"2025-07-21T13:37:01+00:00\",\"dateModified\":\"2026-04-15T12:18:52+00:00\",\"mainEntityOfPage\":{\"@id\":\"https:\\\/\\\/wobronietradycjiiwiary.com\\\/mcfadden-wplyw-okultyzmu-na-tradycyjny-dyskurs-katolicki-1-z-8\\\/\"},\"wordCount\":2896,\"commentCount\":0,\"publisher\":{\"@id\":\"https:\\\/\\\/wobronietradycjiiwiary.com\\\/pl\\\/#organization\"},\"image\":{\"@id\":\"https:\\\/\\\/wobronietradycjiiwiary.com\\\/mcfadden-wplyw-okultyzmu-na-tradycyjny-dyskurs-katolicki-1-z-8\\\/#primaryimage\"},\"thumbnailUrl\":\"https:\\\/\\\/wobronietradycjiiwiary.com\\\/wp-content\\\/uploads\\\/2025\\\/07\\\/1_G6ECX4ZV-Rj6hriAtyRwjg.webp\",\"keywords\":[\"gnoza\",\"McFadden\",\"okultyzm\",\"Restricted\",\"Tomberg\",\"wydawnictwa katolickie.\"],\"articleSection\":[\"Demonologia\",\"Demonologia teoretyczna\",\"Doktryna\",\"Okultyzm\",\"Teologia dogmatyczna\"],\"inLanguage\":\"pl-PL\",\"potentialAction\":[{\"@type\":\"CommentAction\",\"name\":\"Comment\",\"target\":[\"https:\\\/\\\/wobronietradycjiiwiary.com\\\/mcfadden-wplyw-okultyzmu-na-tradycyjny-dyskurs-katolicki-1-z-8\\\/#respond\"]}]},{\"@type\":\"WebPage\",\"@id\":\"https:\\\/\\\/wobronietradycjiiwiary.com\\\/mcfadden-wplyw-okultyzmu-na-tradycyjny-dyskurs-katolicki-1-z-8\\\/\",\"url\":\"https:\\\/\\\/wobronietradycjiiwiary.com\\\/mcfadden-wplyw-okultyzmu-na-tradycyjny-dyskurs-katolicki-1-z-8\\\/\",\"name\":\"McFadden, Wp\u0142yw okultyzmu na tradycyjny dyskurs katolicki (1 z 8). Walentyn Tomberg i jego potomstwo. - Tradycja i Wiara\",\"isPartOf\":{\"@id\":\"https:\\\/\\\/wobronietradycjiiwiary.com\\\/pl\\\/#website\"},\"primaryImageOfPage\":{\"@id\":\"https:\\\/\\\/wobronietradycjiiwiary.com\\\/mcfadden-wplyw-okultyzmu-na-tradycyjny-dyskurs-katolicki-1-z-8\\\/#primaryimage\"},\"image\":{\"@id\":\"https:\\\/\\\/wobronietradycjiiwiary.com\\\/mcfadden-wplyw-okultyzmu-na-tradycyjny-dyskurs-katolicki-1-z-8\\\/#primaryimage\"},\"thumbnailUrl\":\"https:\\\/\\\/wobronietradycjiiwiary.com\\\/wp-content\\\/uploads\\\/2025\\\/07\\\/1_G6ECX4ZV-Rj6hriAtyRwjg.webp\",\"datePublished\":\"2025-07-21T13:37:01+00:00\",\"dateModified\":\"2026-04-15T12:18:52+00:00\",\"breadcrumb\":{\"@id\":\"https:\\\/\\\/wobronietradycjiiwiary.com\\\/mcfadden-wplyw-okultyzmu-na-tradycyjny-dyskurs-katolicki-1-z-8\\\/#breadcrumb\"},\"inLanguage\":\"pl-PL\",\"potentialAction\":[{\"@type\":\"ReadAction\",\"target\":[\"https:\\\/\\\/wobronietradycjiiwiary.com\\\/mcfadden-wplyw-okultyzmu-na-tradycyjny-dyskurs-katolicki-1-z-8\\\/\"]}]},{\"@type\":\"ImageObject\",\"inLanguage\":\"pl-PL\",\"@id\":\"https:\\\/\\\/wobronietradycjiiwiary.com\\\/mcfadden-wplyw-okultyzmu-na-tradycyjny-dyskurs-katolicki-1-z-8\\\/#primaryimage\",\"url\":\"https:\\\/\\\/wobronietradycjiiwiary.com\\\/wp-content\\\/uploads\\\/2025\\\/07\\\/1_G6ECX4ZV-Rj6hriAtyRwjg.webp\",\"contentUrl\":\"https:\\\/\\\/wobronietradycjiiwiary.com\\\/wp-content\\\/uploads\\\/2025\\\/07\\\/1_G6ECX4ZV-Rj6hriAtyRwjg.webp\",\"width\":786,\"height\":658},{\"@type\":\"BreadcrumbList\",\"@id\":\"https:\\\/\\\/wobronietradycjiiwiary.com\\\/mcfadden-wplyw-okultyzmu-na-tradycyjny-dyskurs-katolicki-1-z-8\\\/#breadcrumb\",\"itemListElement\":[{\"@type\":\"ListItem\",\"position\":1,\"name\":\"Strona g\u0142\u00f3wna\",\"item\":\"https:\\\/\\\/wobronietradycjiiwiary.com\\\/\"},{\"@type\":\"ListItem\",\"position\":2,\"name\":\"McFadden, Wp\u0142yw okultyzmu na tradycyjny dyskurs katolicki (1 z 8). Walentyn Tomberg i jego potomstwo.\"}]},{\"@type\":\"WebSite\",\"@id\":\"https:\\\/\\\/wobronietradycjiiwiary.com\\\/pl\\\/#website\",\"url\":\"https:\\\/\\\/wobronietradycjiiwiary.com\\\/pl\\\/\",\"name\":\"Tradycja i Wiara\",\"description\":\"Portal dla katolik\u00f3w.\",\"publisher\":{\"@id\":\"https:\\\/\\\/wobronietradycjiiwiary.com\\\/pl\\\/#organization\"},\"potentialAction\":[{\"@type\":\"SearchAction\",\"target\":{\"@type\":\"EntryPoint\",\"urlTemplate\":\"https:\\\/\\\/wobronietradycjiiwiary.com\\\/pl\\\/?s={search_term_string}\"},\"query-input\":{\"@type\":\"PropertyValueSpecification\",\"valueRequired\":true,\"valueName\":\"search_term_string\"}}],\"inLanguage\":\"pl-PL\"},{\"@type\":\"Organization\",\"@id\":\"https:\\\/\\\/wobronietradycjiiwiary.com\\\/pl\\\/#organization\",\"name\":\"Tradycja i Wiara\",\"url\":\"https:\\\/\\\/wobronietradycjiiwiary.com\\\/pl\\\/\",\"logo\":{\"@type\":\"ImageObject\",\"inLanguage\":\"pl-PL\",\"@id\":\"https:\\\/\\\/wobronietradycjiiwiary.com\\\/pl\\\/#\\\/schema\\\/logo\\\/image\\\/\",\"url\":\"https:\\\/\\\/i0.wp.com\\\/wobronietradycjiiwiary.com\\\/wp-content\\\/uploads\\\/2015\\\/10\\\/cropped-st-peters-dome-vatican.jpg?fit=940%2C198&ssl=1\",\"contentUrl\":\"https:\\\/\\\/i0.wp.com\\\/wobronietradycjiiwiary.com\\\/wp-content\\\/uploads\\\/2015\\\/10\\\/cropped-st-peters-dome-vatican.jpg?fit=940%2C198&ssl=1\",\"width\":940,\"height\":198,\"caption\":\"Tradycja i Wiara\"},\"image\":{\"@id\":\"https:\\\/\\\/wobronietradycjiiwiary.com\\\/pl\\\/#\\\/schema\\\/logo\\\/image\\\/\"},\"sameAs\":[\"https:\\\/\\\/www.facebook.com\\\/Tradycja-i-Wiara-108813920592249\"]},{\"@type\":\"Person\",\"@id\":\"https:\\\/\\\/wobronietradycjiiwiary.com\\\/pl\\\/#\\\/schema\\\/person\\\/2d6180ce6abcb681fef0daab7816e8f3\",\"name\":\"Traditio et Fides\",\"sameAs\":[\"https:\\\/\\\/traditionundglauben.com\"],\"url\":\"https:\\\/\\\/wobronietradycjiiwiary.com\\\/pl\\\/author\\\/wobronietradycjiiwiary\\\/\"}]}<\/script>\n<!-- \/ Yoast SEO plugin. -->","yoast_head_json":{"title":"McFadden, Wp\u0142yw okultyzmu na tradycyjny dyskurs katolicki (1 z 8). Walentyn Tomberg i jego potomstwo. - Tradycja i Wiara","robots":{"index":"index","follow":"follow","max-snippet":"max-snippet:-1","max-image-preview":"max-image-preview:large","max-video-preview":"max-video-preview:-1"},"canonical":"https:\/\/wobronietradycjiiwiary.com\/pl\/mcfadden-wplyw-okultyzmu-na-tradycyjny-dyskurs-katolicki-1-z-8\/","og_locale":"pl_PL","og_type":"article","og_title":"McFadden, Wp\u0142yw okultyzmu na tradycyjny dyskurs katolicki (1 z 8). Walentyn Tomberg i jego potomstwo. - Tradycja i Wiara","og_description":"O wp\u0142ywie Tomberga na katolik\u00f3w.","og_url":"https:\/\/wobronietradycjiiwiary.com\/pl\/mcfadden-wplyw-okultyzmu-na-tradycyjny-dyskurs-katolicki-1-z-8\/","og_site_name":"Tradycja i Wiara","article_publisher":"https:\/\/www.facebook.com\/Tradycja-i-Wiara-108813920592249","article_published_time":"2025-07-21T13:37:01+00:00","article_modified_time":"2026-04-15T12:18:52+00:00","og_image":[{"width":786,"height":658,"url":"https:\/\/wobronietradycjiiwiary.com\/wp-content\/uploads\/2025\/07\/1_G6ECX4ZV-Rj6hriAtyRwjg.webp","type":"image\/webp"}],"author":"Traditio et Fides","twitter_card":"summary_large_image","twitter_misc":{"Napisane przez":"Traditio et Fides","Szacowany czas czytania":"31 minut"},"schema":{"@context":"https:\/\/schema.org","@graph":[{"@type":"Article","@id":"https:\/\/wobronietradycjiiwiary.com\/mcfadden-wplyw-okultyzmu-na-tradycyjny-dyskurs-katolicki-1-z-8\/#article","isPartOf":{"@id":"https:\/\/wobronietradycjiiwiary.com\/mcfadden-wplyw-okultyzmu-na-tradycyjny-dyskurs-katolicki-1-z-8\/"},"author":{"name":"Traditio et Fides","@id":"https:\/\/wobronietradycjiiwiary.com\/pl\/#\/schema\/person\/2d6180ce6abcb681fef0daab7816e8f3"},"headline":"McFadden, Wp\u0142yw okultyzmu na tradycyjny dyskurs katolicki (1 z 8). Walentyn Tomberg i jego potomstwo.","datePublished":"2025-07-21T13:37:01+00:00","dateModified":"2026-04-15T12:18:52+00:00","mainEntityOfPage":{"@id":"https:\/\/wobronietradycjiiwiary.com\/mcfadden-wplyw-okultyzmu-na-tradycyjny-dyskurs-katolicki-1-z-8\/"},"wordCount":2896,"commentCount":0,"publisher":{"@id":"https:\/\/wobronietradycjiiwiary.com\/pl\/#organization"},"image":{"@id":"https:\/\/wobronietradycjiiwiary.com\/mcfadden-wplyw-okultyzmu-na-tradycyjny-dyskurs-katolicki-1-z-8\/#primaryimage"},"thumbnailUrl":"https:\/\/wobronietradycjiiwiary.com\/wp-content\/uploads\/2025\/07\/1_G6ECX4ZV-Rj6hriAtyRwjg.webp","keywords":["gnoza","McFadden","okultyzm","Restricted","Tomberg","wydawnictwa katolickie."],"articleSection":["Demonologia","Demonologia teoretyczna","Doktryna","Okultyzm","Teologia dogmatyczna"],"inLanguage":"pl-PL","potentialAction":[{"@type":"CommentAction","name":"Comment","target":["https:\/\/wobronietradycjiiwiary.com\/mcfadden-wplyw-okultyzmu-na-tradycyjny-dyskurs-katolicki-1-z-8\/#respond"]}]},{"@type":"WebPage","@id":"https:\/\/wobronietradycjiiwiary.com\/mcfadden-wplyw-okultyzmu-na-tradycyjny-dyskurs-katolicki-1-z-8\/","url":"https:\/\/wobronietradycjiiwiary.com\/mcfadden-wplyw-okultyzmu-na-tradycyjny-dyskurs-katolicki-1-z-8\/","name":"McFadden, Wp\u0142yw okultyzmu na tradycyjny dyskurs katolicki (1 z 8). Walentyn Tomberg i jego potomstwo. - Tradycja i Wiara","isPartOf":{"@id":"https:\/\/wobronietradycjiiwiary.com\/pl\/#website"},"primaryImageOfPage":{"@id":"https:\/\/wobronietradycjiiwiary.com\/mcfadden-wplyw-okultyzmu-na-tradycyjny-dyskurs-katolicki-1-z-8\/#primaryimage"},"image":{"@id":"https:\/\/wobronietradycjiiwiary.com\/mcfadden-wplyw-okultyzmu-na-tradycyjny-dyskurs-katolicki-1-z-8\/#primaryimage"},"thumbnailUrl":"https:\/\/wobronietradycjiiwiary.com\/wp-content\/uploads\/2025\/07\/1_G6ECX4ZV-Rj6hriAtyRwjg.webp","datePublished":"2025-07-21T13:37:01+00:00","dateModified":"2026-04-15T12:18:52+00:00","breadcrumb":{"@id":"https:\/\/wobronietradycjiiwiary.com\/mcfadden-wplyw-okultyzmu-na-tradycyjny-dyskurs-katolicki-1-z-8\/#breadcrumb"},"inLanguage":"pl-PL","potentialAction":[{"@type":"ReadAction","target":["https:\/\/wobronietradycjiiwiary.com\/mcfadden-wplyw-okultyzmu-na-tradycyjny-dyskurs-katolicki-1-z-8\/"]}]},{"@type":"ImageObject","inLanguage":"pl-PL","@id":"https:\/\/wobronietradycjiiwiary.com\/mcfadden-wplyw-okultyzmu-na-tradycyjny-dyskurs-katolicki-1-z-8\/#primaryimage","url":"https:\/\/wobronietradycjiiwiary.com\/wp-content\/uploads\/2025\/07\/1_G6ECX4ZV-Rj6hriAtyRwjg.webp","contentUrl":"https:\/\/wobronietradycjiiwiary.com\/wp-content\/uploads\/2025\/07\/1_G6ECX4ZV-Rj6hriAtyRwjg.webp","width":786,"height":658},{"@type":"BreadcrumbList","@id":"https:\/\/wobronietradycjiiwiary.com\/mcfadden-wplyw-okultyzmu-na-tradycyjny-dyskurs-katolicki-1-z-8\/#breadcrumb","itemListElement":[{"@type":"ListItem","position":1,"name":"Strona g\u0142\u00f3wna","item":"https:\/\/wobronietradycjiiwiary.com\/"},{"@type":"ListItem","position":2,"name":"McFadden, Wp\u0142yw okultyzmu na tradycyjny dyskurs katolicki (1 z 8). Walentyn Tomberg i jego potomstwo."}]},{"@type":"WebSite","@id":"https:\/\/wobronietradycjiiwiary.com\/pl\/#website","url":"https:\/\/wobronietradycjiiwiary.com\/pl\/","name":"Tradycja i Wiara","description":"Portal dla katolik\u00f3w.","publisher":{"@id":"https:\/\/wobronietradycjiiwiary.com\/pl\/#organization"},"potentialAction":[{"@type":"SearchAction","target":{"@type":"EntryPoint","urlTemplate":"https:\/\/wobronietradycjiiwiary.com\/pl\/?s={search_term_string}"},"query-input":{"@type":"PropertyValueSpecification","valueRequired":true,"valueName":"search_term_string"}}],"inLanguage":"pl-PL"},{"@type":"Organization","@id":"https:\/\/wobronietradycjiiwiary.com\/pl\/#organization","name":"Tradycja i Wiara","url":"https:\/\/wobronietradycjiiwiary.com\/pl\/","logo":{"@type":"ImageObject","inLanguage":"pl-PL","@id":"https:\/\/wobronietradycjiiwiary.com\/pl\/#\/schema\/logo\/image\/","url":"https:\/\/i0.wp.com\/wobronietradycjiiwiary.com\/wp-content\/uploads\/2015\/10\/cropped-st-peters-dome-vatican.jpg?fit=940%2C198&ssl=1","contentUrl":"https:\/\/i0.wp.com\/wobronietradycjiiwiary.com\/wp-content\/uploads\/2015\/10\/cropped-st-peters-dome-vatican.jpg?fit=940%2C198&ssl=1","width":940,"height":198,"caption":"Tradycja i Wiara"},"image":{"@id":"https:\/\/wobronietradycjiiwiary.com\/pl\/#\/schema\/logo\/image\/"},"sameAs":["https:\/\/www.facebook.com\/Tradycja-i-Wiara-108813920592249"]},{"@type":"Person","@id":"https:\/\/wobronietradycjiiwiary.com\/pl\/#\/schema\/person\/2d6180ce6abcb681fef0daab7816e8f3","name":"Traditio et Fides","sameAs":["https:\/\/traditionundglauben.com"],"url":"https:\/\/wobronietradycjiiwiary.com\/pl\/author\/wobronietradycjiiwiary\/"}]}},"jetpack_publicize_connections":[],"jetpack_sharing_enabled":true,"jetpack_likes_enabled":true,"jetpack_shortlink":"https:\/\/wp.me\/pc04Sd-CzR","jetpack-related-posts":[{"id":148272,"url":"https:\/\/wobronietradycjiiwiary.com\/pl\/katolicyzm-i-okultyzm-wstep\/","url_meta":{"origin":148295,"position":0},"title":"Katolicyzm i okultyzm wed\u0142ug McFaddena &#8211; wst\u0119p","author":"Traditio et Fides","date":"21 lipca 2025","format":false,"excerpt":"O sprzeda\u017cy okultystycznych ksi\u0105\u017cek w katolickich wydawnictwach ameryka\u0144skich, kt\u00f3re kiedy\u015b trafi\u0105 do Polski.","rel":"","context":"W \u201eDemonologia&quot;","block_context":{"text":"Demonologia","link":"https:\/\/wobronietradycjiiwiary.com\/pl\/category\/doktryna\/teologia-dogmatyczna\/demonologia-teologia\/"},"img":{"alt_text":"","src":"https:\/\/i0.wp.com\/wobronietradycjiiwiary.com\/wp-content\/uploads\/2025\/07\/hqdefault.jpg?resize=350%2C200&ssl=1","width":350,"height":200},"classes":[]},{"id":153677,"url":"https:\/\/wobronietradycjiiwiary.com\/pl\/mcfadden-wplyw-okultyzmu-na-tradycyjny-dyskurs-katolicki-7-z-8-zabojcza-eklezjologia-tombergijskiego-neotradycjonalizmu\/","url_meta":{"origin":148295,"position":1},"title":"McFadden, Wp\u0142yw okultyzmu na tradycyjny dyskurs katolicki (7 z 8). Zab\u00f3jcza eklezjologia tombergijskiego neotradycjonalizmu.","author":"Traditio et Fides","date":"17 wrze\u015bnia 2025","format":false,"excerpt":"Od Tomberga do okultyzmu jako rzekomej \"prawdziwej katolickiej tradycji\".","rel":"","context":"W \u201eAutorzy polemiczni&quot;","block_context":{"text":"Autorzy polemiczni","link":"https:\/\/wobronietradycjiiwiary.com\/pl\/category\/polemika\/autorzy-polemiczni\/"},"img":{"alt_text":"","src":"https:\/\/i0.wp.com\/wobronietradycjiiwiary.com\/wp-content\/uploads\/2025\/07\/1_G6ECX4ZV-Rj6hriAtyRwjg.webp?resize=350%2C200&ssl=1","width":350,"height":200,"srcset":"https:\/\/i0.wp.com\/wobronietradycjiiwiary.com\/wp-content\/uploads\/2025\/07\/1_G6ECX4ZV-Rj6hriAtyRwjg.webp?resize=350%2C200&ssl=1 1x, https:\/\/i0.wp.com\/wobronietradycjiiwiary.com\/wp-content\/uploads\/2025\/07\/1_G6ECX4ZV-Rj6hriAtyRwjg.webp?resize=525%2C300&ssl=1 1.5x, https:\/\/i0.wp.com\/wobronietradycjiiwiary.com\/wp-content\/uploads\/2025\/07\/1_G6ECX4ZV-Rj6hriAtyRwjg.webp?resize=700%2C400&ssl=1 2x"},"classes":[]},{"id":154249,"url":"https:\/\/wobronietradycjiiwiary.com\/pl\/mcfadden-wplyw-okultyzmu-na-tradycyjny-dyskurs-katolicki-8-z-8-synkretyczny-kosciol\/","url_meta":{"origin":148295,"position":2},"title":"McFadden, Wp\u0142yw okultyzmu na tradycyjny dyskurs katolicki (8 z 8). Synkretyczny Ko\u015bci\u00f3\u0142","author":"Traditio et Fides","date":"24 wrze\u015bnia 2025","format":false,"excerpt":"O tym, \u017ce okulty\u015bci w\u015br\u00f3d tradycjonalist\u00f3w marz\u0105 o swoim w\u0142asnym Vat. III.","rel":"","context":"W \u201ePolemika&quot;","block_context":{"text":"Polemika","link":"https:\/\/wobronietradycjiiwiary.com\/pl\/category\/polemika\/"},"img":{"alt_text":"","src":"https:\/\/i0.wp.com\/wobronietradycjiiwiary.com\/wp-content\/uploads\/2025\/07\/1_G6ECX4ZV-Rj6hriAtyRwjg.webp?resize=350%2C200&ssl=1","width":350,"height":200,"srcset":"https:\/\/i0.wp.com\/wobronietradycjiiwiary.com\/wp-content\/uploads\/2025\/07\/1_G6ECX4ZV-Rj6hriAtyRwjg.webp?resize=350%2C200&ssl=1 1x, https:\/\/i0.wp.com\/wobronietradycjiiwiary.com\/wp-content\/uploads\/2025\/07\/1_G6ECX4ZV-Rj6hriAtyRwjg.webp?resize=525%2C300&ssl=1 1.5x, https:\/\/i0.wp.com\/wobronietradycjiiwiary.com\/wp-content\/uploads\/2025\/07\/1_G6ECX4ZV-Rj6hriAtyRwjg.webp?resize=700%2C400&ssl=1 2x"},"classes":[]},{"id":153023,"url":"https:\/\/wobronietradycjiiwiary.com\/pl\/mcfadden-wplyw-okultyzmu-na-tradycyjny-dyskurs-katolicki-5-z-8-w-strone-syntezy\/","url_meta":{"origin":148295,"position":3},"title":"McFadden, Wp\u0142yw okultyzmu na tradycyjny dyskurs katolicki (6 z 8). W stron\u0119 syntezy?","author":"Traditio et Fides","date":"11 wrze\u015bnia 2025","format":false,"excerpt":"O tym, czy synteza mi\u0119dzy katolicyzmem i okultyzmem jest mo\u017cliwa.","rel":"","context":"W \u201eAutorzy polemiczni&quot;","block_context":{"text":"Autorzy polemiczni","link":"https:\/\/wobronietradycjiiwiary.com\/pl\/category\/polemika\/autorzy-polemiczni\/"},"img":{"alt_text":"","src":"https:\/\/i0.wp.com\/wobronietradycjiiwiary.com\/wp-content\/uploads\/2025\/07\/1_G6ECX4ZV-Rj6hriAtyRwjg.webp?resize=350%2C200&ssl=1","width":350,"height":200,"srcset":"https:\/\/i0.wp.com\/wobronietradycjiiwiary.com\/wp-content\/uploads\/2025\/07\/1_G6ECX4ZV-Rj6hriAtyRwjg.webp?resize=350%2C200&ssl=1 1x, https:\/\/i0.wp.com\/wobronietradycjiiwiary.com\/wp-content\/uploads\/2025\/07\/1_G6ECX4ZV-Rj6hriAtyRwjg.webp?resize=525%2C300&ssl=1 1.5x, https:\/\/i0.wp.com\/wobronietradycjiiwiary.com\/wp-content\/uploads\/2025\/07\/1_G6ECX4ZV-Rj6hriAtyRwjg.webp?resize=700%2C400&ssl=1 2x"},"classes":[]},{"id":152246,"url":"https:\/\/wobronietradycjiiwiary.com\/pl\/mcfadden-wplyw-okultyzmu-na-tradycyjny-dyskurs-katolicki-5-z-8\/","url_meta":{"origin":148295,"position":4},"title":"McFadden, Wp\u0142yw okultyzmu na tradycyjny dyskurs katolicki (5 z 8). Neoplatonizm renesansowy i tradycja hermetyczna","author":"Traditio et Fides","date":"3 wrze\u015bnia 2025","format":false,"excerpt":"O tym, \u017ce cz\u0119sto \"neoplatonizm\" i \"hermetyzm\" oznacza okultyzm.","rel":"","context":"W \u201eAutorzy polemiczni&quot;","block_context":{"text":"Autorzy polemiczni","link":"https:\/\/wobronietradycjiiwiary.com\/pl\/category\/polemika\/autorzy-polemiczni\/"},"img":{"alt_text":"","src":"https:\/\/i0.wp.com\/wobronietradycjiiwiary.com\/wp-content\/uploads\/2025\/07\/1_G6ECX4ZV-Rj6hriAtyRwjg.webp?resize=350%2C200&ssl=1","width":350,"height":200,"srcset":"https:\/\/i0.wp.com\/wobronietradycjiiwiary.com\/wp-content\/uploads\/2025\/07\/1_G6ECX4ZV-Rj6hriAtyRwjg.webp?resize=350%2C200&ssl=1 1x, https:\/\/i0.wp.com\/wobronietradycjiiwiary.com\/wp-content\/uploads\/2025\/07\/1_G6ECX4ZV-Rj6hriAtyRwjg.webp?resize=525%2C300&ssl=1 1.5x, https:\/\/i0.wp.com\/wobronietradycjiiwiary.com\/wp-content\/uploads\/2025\/07\/1_G6ECX4ZV-Rj6hriAtyRwjg.webp?resize=700%2C400&ssl=1 2x"},"classes":[]},{"id":151334,"url":"https:\/\/wobronietradycjiiwiary.com\/pl\/mcfadden-wplyw-okultyzmu-na-tradycyjny-dyskurs-katolicki-4-z-8-kabala-dla-katolikow-katolicy-hebrajscy-i-ich-kardynal\/","url_meta":{"origin":148295,"position":5},"title":"McFadden, Wp\u0142yw okultyzmu na tradycyjny dyskurs katolicki (4 z 8). Kaba\u0142a dla katolik\u00f3w? \u201eKatolicy hebrajscy\u201d i ich kardyna\u0142","author":"Traditio et Fides","date":"27 sierpnia 2025","format":false,"excerpt":"O \"katolikach hebrajskich\", kabale i kard. Burke'u.","rel":"","context":"W \u201eAutorzy polemiczni&quot;","block_context":{"text":"Autorzy polemiczni","link":"https:\/\/wobronietradycjiiwiary.com\/pl\/category\/polemika\/autorzy-polemiczni\/"},"img":{"alt_text":"","src":"https:\/\/i0.wp.com\/wobronietradycjiiwiary.com\/wp-content\/uploads\/2025\/07\/1_G6ECX4ZV-Rj6hriAtyRwjg.webp?resize=350%2C200&ssl=1","width":350,"height":200,"srcset":"https:\/\/i0.wp.com\/wobronietradycjiiwiary.com\/wp-content\/uploads\/2025\/07\/1_G6ECX4ZV-Rj6hriAtyRwjg.webp?resize=350%2C200&ssl=1 1x, https:\/\/i0.wp.com\/wobronietradycjiiwiary.com\/wp-content\/uploads\/2025\/07\/1_G6ECX4ZV-Rj6hriAtyRwjg.webp?resize=525%2C300&ssl=1 1.5x, https:\/\/i0.wp.com\/wobronietradycjiiwiary.com\/wp-content\/uploads\/2025\/07\/1_G6ECX4ZV-Rj6hriAtyRwjg.webp?resize=700%2C400&ssl=1 2x"},"classes":[]}],"amp_enabled":true,"jetpack_featured_media_url":"https:\/\/wobronietradycjiiwiary.com\/wp-content\/uploads\/2025\/07\/1_G6ECX4ZV-Rj6hriAtyRwjg.webp","_links":{"self":[{"href":"https:\/\/wobronietradycjiiwiary.com\/pl\/wp-json\/wp\/v2\/posts\/148295","targetHints":{"allow":["GET"]}}],"collection":[{"href":"https:\/\/wobronietradycjiiwiary.com\/pl\/wp-json\/wp\/v2\/posts"}],"about":[{"href":"https:\/\/wobronietradycjiiwiary.com\/pl\/wp-json\/wp\/v2\/types\/post"}],"author":[{"embeddable":true,"href":"https:\/\/wobronietradycjiiwiary.com\/pl\/wp-json\/wp\/v2\/users\/60508433"}],"replies":[{"embeddable":true,"href":"https:\/\/wobronietradycjiiwiary.com\/pl\/wp-json\/wp\/v2\/comments?post=148295"}],"version-history":[{"count":17,"href":"https:\/\/wobronietradycjiiwiary.com\/pl\/wp-json\/wp\/v2\/posts\/148295\/revisions"}],"predecessor-version":[{"id":148957,"href":"https:\/\/wobronietradycjiiwiary.com\/pl\/wp-json\/wp\/v2\/posts\/148295\/revisions\/148957"}],"wp:featuredmedia":[{"embeddable":true,"href":"https:\/\/wobronietradycjiiwiary.com\/pl\/wp-json\/wp\/v2\/media\/148297"}],"wp:attachment":[{"href":"https:\/\/wobronietradycjiiwiary.com\/pl\/wp-json\/wp\/v2\/media?parent=148295"}],"wp:term":[{"taxonomy":"category","embeddable":true,"href":"https:\/\/wobronietradycjiiwiary.com\/pl\/wp-json\/wp\/v2\/categories?post=148295"},{"taxonomy":"post_tag","embeddable":true,"href":"https:\/\/wobronietradycjiiwiary.com\/pl\/wp-json\/wp\/v2\/tags?post=148295"}],"curies":[{"name":"wp","href":"https:\/\/api.w.org\/{rel}","templated":true}]}}