{"id":148272,"date":"2025-07-21T15:24:01","date_gmt":"2025-07-21T13:24:01","guid":{"rendered":"https:\/\/wobronietradycjiiwiary.com\/?p=148272"},"modified":"2025-07-29T12:05:30","modified_gmt":"2025-07-29T10:05:30","slug":"katolicyzm-i-okultyzm-wstep","status":"publish","type":"post","link":"https:\/\/wobronietradycjiiwiary.com\/pl\/katolicyzm-i-okultyzm-wstep\/","title":{"rendered":"Katolicyzm i okultyzm wed\u0142ug McFaddena &#8211; wst\u0119p"},"content":{"rendered":"<div id=\"bsf_rt_marker\"><\/div>\n<p class=\"wp-block-paragraph\"><\/p>\n\n\n\n<p class=\"has-text-align-justify wp-block-paragraph\">Pisz\u0105cy te s\u0142owa ju\u017c dawno stwierdzi\u0142, \u017ce w celu w\u0142a\u015bciwej oceny posoborowego rozwoju Ko\u015bcio\u0142a potrzebna jest wiedza okultystyczna w dos\u0142ownym tego s\u0142owa znaczeniu, gdy\u017c teologiczna lub filozoficzna nie wystarcza. <\/p>\n\n\n\n<p class=\"has-text-align-justify wp-block-paragraph\">Autor zna teologi\u0119, zna te\u017c dosy\u0107 dobrze niemieck\u0105 filozofi\u0119 XIX wieku, kt\u00f3ra tak zgubnie na teologi\u0119 przez wywo\u0142any przez siebie modernizm wp\u0142yn\u0119\u0142a. <\/p>\n\n\n\n<p class=\"has-text-align-justify wp-block-paragraph\">Nie zna jednak ani magii ani okultyzmu, bo dotychczas tego rodzaju literatury nie czyta\u0142.<\/p>\n\n\n\n<blockquote class=\"wp-block-quote has-normal-font-size is-layout-flow wp-block-quote-is-layout-flow\">\n<p class=\"wp-block-paragraph\">A dlaczego?<\/p>\n<\/blockquote>\n\n\n\n<p class=\"has-text-align-justify wp-block-paragraph\">Poniewa\u017c literatura okultystyczna dzia\u0142a niejako <em>ex opere operato<\/em>. Skoro napisana zosta\u0142a przez ludzi, kt\u00f3rzy bezpo\u015brednio lub po\u015brednio zawarli pakt z demonem, to ju\u017c sama jej lektura jest przez demona jako pakt z nim samym interpretowana.<\/p>\n\n\n\n<p class=\"has-text-align-justify wp-block-paragraph\">Pisma te zawieraj\u0105 kilka p\u0142aszczyzn. Jedna jest zrozumia\u0142a i widoczna, pozosta\u0142e s\u0105 niezrozumia\u0142e i ukryte, dzia\u0142aj\u0105c jak alikwoty w muzyce. Cho\u0107 pojedynczo nie s\u0142yszalne &#8211; tworz\u0105c d\u017awi\u0119ki i harmonie dzia\u0142aj\u0105.<\/p>\n\n\n<div class=\"wp-block-image\">\n<figure class=\"aligncenter size-full is-resized\"><img fetchpriority=\"high\" decoding=\"async\" width=\"480\" height=\"299\" data-attachment-id=\"148282\" data-permalink=\"https:\/\/wobronietradycjiiwiary.com\/pl\/katolicyzm-i-okultyzm-wstep\/tarotwoytila2\/\" data-orig-file=\"https:\/\/wobronietradycjiiwiary.com\/wp-content\/uploads\/2025\/07\/TarotWoytila2.jpg\" data-orig-size=\"480,299\" data-comments-opened=\"1\" data-image-meta=\"{&quot;aperture&quot;:&quot;0&quot;,&quot;credit&quot;:&quot;&quot;,&quot;camera&quot;:&quot;&quot;,&quot;caption&quot;:&quot;&quot;,&quot;created_timestamp&quot;:&quot;0&quot;,&quot;copyright&quot;:&quot;&quot;,&quot;focal_length&quot;:&quot;0&quot;,&quot;iso&quot;:&quot;0&quot;,&quot;shutter_speed&quot;:&quot;0&quot;,&quot;title&quot;:&quot;&quot;,&quot;orientation&quot;:&quot;0&quot;}\" data-image-title=\"TarotWoytila2\" data-image-description=\"\" data-image-caption=\"\" data-large-file=\"https:\/\/wobronietradycjiiwiary.com\/wp-content\/uploads\/2025\/07\/TarotWoytila2.jpg\" src=\"https:\/\/wobronietradycjiiwiary.com\/wp-content\/uploads\/2025\/07\/TarotWoytila2.jpg\" alt=\"\" class=\"wp-image-148282\" style=\"aspect-ratio:1.6054350666318264;width:666px;height:auto\" srcset=\"https:\/\/wobronietradycjiiwiary.com\/wp-content\/uploads\/2025\/07\/TarotWoytila2.jpg 480w, https:\/\/wobronietradycjiiwiary.com\/wp-content\/uploads\/2025\/07\/TarotWoytila2-300x187.jpg 300w, https:\/\/wobronietradycjiiwiary.com\/wp-content\/uploads\/2025\/07\/TarotWoytila2-150x93.jpg 150w, https:\/\/wobronietradycjiiwiary.com\/wp-content\/uploads\/2025\/07\/TarotWoytila2-18x12.jpg 18w, https:\/\/wobronietradycjiiwiary.com\/wp-content\/uploads\/2025\/07\/TarotWoytila2-450x280.jpg 450w, https:\/\/wobronietradycjiiwiary.com\/wp-content\/uploads\/2025\/07\/TarotWoytila2-96x60.jpg 96w, https:\/\/wobronietradycjiiwiary.com\/wp-content\/uploads\/2025\/07\/TarotWoytila2-144x90.jpg 144w\" sizes=\"(max-width: 480px) 100vw, 480px\" \/><figcaption class=\"wp-element-caption\">Na biurku Jana Paw\u0142a II &#8220;Medytacje nad Tarotem&#8221; Tomberga.<\/figcaption><\/figure>\n<\/div>\n\n\n<p class=\"has-text-align-justify wp-block-paragraph\">Jak dowodzi opisane ostatnio wydarzenie <a href=\"https:\/\/wobronietradycjiiwiary.com\/pl\/krwawa-przysiega-na-yeti-lub-epsteinizacja-kosciola\/\" target=\"_blank\" rel=\"noreferrer noopener\">z seminarium w Denver<\/a> duchowni poddawani s\u0105 okultystycznej inicjacji, zwykle w ramach masonerii. Po niej si\u0119ganie po klasyk\u00f3w okultystycznego gatunku jest zrozumia\u0142e.<\/p>\n\n\n\n<p class=\"has-text-align-justify wp-block-paragraph\">By\u0107 mo\u017ce nie ka\u017cdy wie, \u017ce literatur\u0119 okultystyczn\u0105, do kt\u00f3rej zdecydowania nale\u017c\u0105 &#8220;Medytacje na Tarotem&#8221; Tomberga, czytali:<\/p>\n\n\n\n<ul class=\"wp-block-list\">\n<li>Hans Urs von Balthasar,<\/li>\n\n\n\n<li>Jan Pawe\u0142 II,<\/li>\n\n\n\n<li>Benedykt XVI<\/li>\n<\/ul>\n\n\n\n<p class=\"wp-block-paragraph\"><\/p>\n\n\n\n<p class=\"has-text-align-justify wp-block-paragraph\">o czym pisa\u0142 ze znawstwem <a href=\"https:\/\/wobronietradycjiiwiary.com\/pl\/h-reed-armstrong-watpliwa-inspiracja-wplyw-de-lubaca-i-von-balthasara-na-mysl-katolicka-2-z-2\/\" target=\"_blank\" rel=\"noreferrer noopener\">H. Reed Armstrong<\/a>. <\/p>\n\n\n\n<blockquote class=\"wp-block-quote has-normal-font-size is-layout-flow wp-block-quote-is-layout-flow\">\n<p class=\"has-text-align-justify wp-block-paragraph\">A dlaczego to robili? <\/p>\n<\/blockquote>\n\n\n\n<p class=\"has-text-align-justify wp-block-paragraph\">Poniewa\u017c byli modernistami uwa\u017caj\u0105cymi dogmaty lub nauki Tarota za &#8220;symbole&#8221; tej og\u00f3lnoludzkiej pod\u015bwiadomo\u015bci, kt\u00f3ra, jak podaje <em>Pascendi<\/em>, manifestuje si\u0119 jako religia.<\/p>\n\n\n\n<p class=\"has-text-align-justify wp-block-paragraph\">Modernizm nie uznaje \u017cadnej religii objawionej. Uznaje religi\u0119 boga objawiaj\u0105cego si\u0119 w \u015bwiadomo\u015bci ludzkiej: tak w katolicyzmie siak w hinduizmie, przez co jest w ca\u0142ym swoim za\u0142o\u017ceniu ekumeniczny, a w sumie panteistyczny.<\/p>\n\n\n\n<p class=\"has-text-align-justify wp-block-paragraph\">St\u0105d zainteresowanie modernist\u00f3w tzw. pra-objawieniem, uniwersalizmem lub &#8220;filozofi\u0105 wieczyst\u0105&#8221;. Skoro wszelka tradycja religijna lub spirytualna od Boga lub boga pochodzi, to dlaczego nie czyta\u0107 ksi\u0105\u017cek okultystycznych? Zatem tego rodzaju lektury nie budz\u0105 wi\u0119kszego zdziwienia.<\/p>\n\n\n\n<blockquote class=\"wp-block-quote has-normal-font-size is-layout-flow wp-block-quote-is-layout-flow\">\n<p class=\"wp-block-paragraph\">A czy ksi\u0105\u017cek tych nie mo\u017ce czyta\u0107 teolog tradycyjny w celach badawczych?<\/p>\n<\/blockquote>\n\n\n\n<p class=\"has-text-align-justify wp-block-paragraph\">Teoretycznie mo\u017ce, bo pracownicy dawnej Inkwizycji te\u017c najpierw czytali r\u00f3\u017cne ksi\u0105\u017cki zanim je na indeksie umie\u015bcili, praktycznie jednak nie powinien. <\/p>\n\n\n\n<p class=\"has-text-align-justify wp-block-paragraph\">Autor nie pami\u0119ta ze swojej w\u0142asnej lektury dzie\u0142 demonologicznych przypadku, by jakikolwiek teolog cytowa\u0142 ksi\u0119gi okultyst\u00f3w lub mag\u00f3w. <\/p>\n\n\n\n<p class=\"has-text-align-justify wp-block-paragraph\">Cytuj\u0105 ksi\u0119gi filozof\u00f3w lub innych teolog\u00f3w, niekiedy mity greckie czy historyk\u00f3w poga\u0144skich, ale samych okultystycznych \u017ar\u00f3de\u0142 nie cytuj\u0105.<\/p>\n\n\n\n<p class=\"has-text-align-justify wp-block-paragraph\">Przyj\u0105\u0107 nale\u017cy, \u017ce z powod\u00f3w podanych powy\u017cej ksi\u0105\u017cek okultystycznych nie czytali, tym bardziej, \u017ce wraz ze skazan\u0105 czarownic\u0105 lub czarownikiem palono jej ksi\u0119gi. W\u0142a\u015bnie dlatego, \u017ce dzia\u0142a\u0142y <em>ex opere operato<\/em> wzgl\u0119dnie sam\u0105 swoj\u0105 obecno\u015bci\u0105. Bywaj\u0105 przypadki op\u0119tania lub osaczenia jedynie przez to, \u017ce kto\u015b tak\u0105 ksi\u0105\u017ck\u0119 wzi\u0105\u0142 do r\u0119ki.<\/p>\n\n\n\n<p class=\"has-text-align-justify wp-block-paragraph\">W najbli\u017cszym czasie przedstawimy cykl ameryka\u0144skiego autora pisz\u0105cego pod pseudonimem <a href=\"https:\/\/justacatholic.medium.com\/observations-on-the-influence-of-the-occult-in-traditional-catholic-discourse-2d798e5ba51c\" target=\"_blank\" rel=\"noreferrer noopener\">McFadden pt. <em>Obserwacje na temat wp\u0142ywu okultyzmu na tradycyjny dyskurs katolicki<\/em>.<\/a> <\/p>\n\n\n\n<p class=\"has-text-align-justify wp-block-paragraph\">Okazuje si\u0119, \u017ce w USA tradycyjny katolickie wydawnictwa tak\u017ce literatur\u0119 okultystyczn\u0105 rozprowadzaj\u0105. Czyni\u0105 tak, bo albo nie maj\u0105 poj\u0119cia, albo maj\u0105 i robi\u0105 to celowo lub te\u017c dlatego, \u017ce najwyra\u017aniej jest pokupna.<\/p>\n\n\n\n<blockquote class=\"wp-block-quote has-normal-font-size is-layout-flow wp-block-quote-is-layout-flow\">\n<p class=\"wp-block-paragraph\">A kto j\u0105 czyta?<\/p>\n<\/blockquote>\n\n\n\n<p class=\"has-text-align-justify wp-block-paragraph\">Najwyra\u017aniej tak\u017ce tradycyjni katolicy uwa\u017caj\u0105c, \u017ce jest bezpieczna. Istnieje wielu konwertyt\u00f3w z New Age, kt\u00f3rzy nic zdro\u017cnego w niej nie widz\u0105, bo w\u0142a\u015bnie na niej wyro\u015bli. <\/p>\n\n\n\n<p class=\"has-text-align-justify wp-block-paragraph\">Sprawa dotyczy co prawda na razie Stan\u00f3w Zjednoczonych, ale te tendencje z pewno\u015bci\u0105 trafi\u0105 do Polski. <\/p>\n\n\n\n<p class=\"has-text-align-justify wp-block-paragraph\">Ludzie spragnieni s\u0105 wiedzy o \u015bwiecie duchowym, o kt\u00f3rym w Novus Ordo, lecz tak\u017ce w\u015br\u00f3d tradycjonalist\u00f3w nikt nie ma poj\u0119cia.<\/p>\n\n\n\n<p class=\"has-text-align-justify wp-block-paragraph\">My co prawda w\u0142a\u015bnie t\u0119 <a href=\"https:\/\/wobronietradycjiiwiary.com\/pl\/category\/doktryna\/teologia-dogmatyczna\/demonologia-teologia\/demon-teor\/\" target=\"_blank\" rel=\"noreferrer noopener\">katolick\u0105 lektur\u0119<\/a> jak dzie\u0142o Benedykta XIV <em>De servorum Dei beatificatione<\/em> publikujemy, ale ma\u0142o kto to czyta, bo trzeba co\u015b zap\u0142aci\u0107. <\/p>\n\n\n\n<p class=\"has-text-align-justify wp-block-paragraph\">Na dodatek j\u0119zyk rozprawy jest suchy, prawniczy i scholastyczny. Ludzie unikaj\u0105 wysi\u0142ku, co czyni ich podatnymi na okultyzm i magi\u0119. <\/p>\n\n\n\n<p class=\"has-text-align-justify wp-block-paragraph\">Nie jest to niczym nowy. Ju\u017c dwunastowieczny cysters Cezary z Heisterbach w swoim <em>Dialogus miraculorum<\/em> opisuje mn\u00f3stwo przypadk\u00f3w duchownych praktykuj\u0105cych magi\u0119. By\u0142o tak i przed soborem i to nawet lyo\u0144skim (1245).<\/p>\n\n\n\n<p class=\"has-text-align-justify wp-block-paragraph\">Magia daje dobre samopoczucie, w\u0142adz\u0119 i pieni\u0105dze, wi\u0119c pokusa jest zawsze.<\/p>\n\n\n\n<p class=\"has-text-align-justify wp-block-paragraph\">Z braku funkcjonuj\u0105cego Urz\u0119du Nauczycielskiego Ko\u015bcio\u0142a (&#8220;<a href=\"https:\/\/wobronietradycjiiwiary.com\/pl?s=Tucho\" target=\"_blank\" rel=\"noreferrer noopener\">Tucho<\/a>&#8221; jest prefektem Dykasterii ds Wiary) katolicy tradycyjni nie wiedz\u0105 na jakie niebezpiecze\u0144stwo nara\u017caj\u0105 si\u0119 po tego rodzaju literatur\u0119 si\u0119gaj\u0105c. My\u015bl\u0105, \u017ce to &#8220;tylko&#8221; ksi\u0105\u017cka i \u017ce papie\u017ce i jeden kardyna\u0142 r\u00f3wnie\u017c to czytali.<\/p>\n\n\n\n<p class=\"has-text-align-justify wp-block-paragraph\">Z pewno\u015bci\u0105 omawiane przez McFaddena ksi\u0105\u017cki nied\u0142ugo trafi\u0105 do Polski, wi\u0119c pragniemy czytelnik\u00f3w zawczasu przygotowa\u0107, publikuj\u0105c jego cykl. <\/p>\n\n\n\n<p class=\"has-text-align-justify wp-block-paragraph\">McFadden nie jest ani filozofem, ani teologiem, co niestety jest dostrzegalne. Opis g\u00f3ruje nad analiz\u0105, ale byt jest lepszy od niebytu i lepiej powierzchowny artyku\u0142 o czym\u015b ni\u017c zupe\u0142ne nic.<\/p>\n\n\n\n<div class=\"wp-block-kadence-infobox kt-info-box74405_787106-ce\"><a class=\"kt-blocks-info-box-link-wrap info-box-link kt-blocks-info-box-media-align-top kt-info-halign-center\" target=\"_blank\" rel=\"noopener noreferrer\" href=\"https:\/\/wobronietradycjiiwiary.com\/pl\/subskrypcje-2\/\"><div class=\"kt-blocks-info-box-media-container\"><div class=\"kt-blocks-info-box-media kt-info-media-animate-none\"><div class=\"kadence-info-box-image-inner-intrisic-container\"><div class=\"kadence-info-box-image-intrisic kt-info-animate-none\"><div class=\"kadence-info-box-image-inner-intrisic\"><img decoding=\"async\" data-attachment-id=\"99768\" data-permalink=\"https:\/\/wobronietradycjiiwiary.com\/pl\/cropped-cropped-st-peters-dome-vatican-1-jpg\/\" data-orig-file=\"https:\/\/wobronietradycjiiwiary.com\/wp-content\/uploads\/2015\/10\/cropped-cropped-st-peters-dome-vatican-1.jpg\" data-orig-size=\"512,512\" data-comments-opened=\"1\" data-image-meta=\"{&quot;aperture&quot;:&quot;0&quot;,&quot;credit&quot;:&quot;&quot;,&quot;camera&quot;:&quot;&quot;,&quot;caption&quot;:&quot;&quot;,&quot;created_timestamp&quot;:&quot;0&quot;,&quot;copyright&quot;:&quot;&quot;,&quot;focal_length&quot;:&quot;0&quot;,&quot;iso&quot;:&quot;0&quot;,&quot;shutter_speed&quot;:&quot;0&quot;,&quot;title&quot;:&quot;&quot;,&quot;orientation&quot;:&quot;0&quot;}\" data-image-title=\"cropped-cropped-st-peters-dome-vatican-1.jpg\" data-image-description=\"&lt;p&gt;https:\/\/wobronietradycjiiwiary.com\/wp-content\/uploads\/2015\/10\/cropped-cropped-st-peters-dome-vatican-1.jpg&lt;\/p&gt;\n\" data-image-caption=\"\" data-large-file=\"https:\/\/wobronietradycjiiwiary.com\/wp-content\/uploads\/2015\/10\/cropped-cropped-st-peters-dome-vatican-1.jpg\" src=\"https:\/\/wobronietradycjiiwiary.com\/wp-content\/uploads\/2015\/10\/cropped-cropped-st-peters-dome-vatican-1-150x150.jpg\" alt=\"\" width=\"150\" height=\"150\" class=\"kt-info-box-image wp-image-99768\" srcset=\"https:\/\/wobronietradycjiiwiary.com\/wp-content\/uploads\/2015\/10\/cropped-cropped-st-peters-dome-vatican-1-150x150.jpg 150w, https:\/\/wobronietradycjiiwiary.com\/wp-content\/uploads\/2015\/10\/cropped-cropped-st-peters-dome-vatican-1-300x300.jpg 300w, https:\/\/wobronietradycjiiwiary.com\/wp-content\/uploads\/2015\/10\/cropped-cropped-st-peters-dome-vatican-1-12x12.jpg 12w, https:\/\/wobronietradycjiiwiary.com\/wp-content\/uploads\/2015\/10\/cropped-cropped-st-peters-dome-vatican-1-400x400.jpg?crop=1 400w, https:\/\/wobronietradycjiiwiary.com\/wp-content\/uploads\/2015\/10\/cropped-cropped-st-peters-dome-vatican-1-200x200.jpg?crop=1 200w, https:\/\/wobronietradycjiiwiary.com\/wp-content\/uploads\/2015\/10\/cropped-cropped-st-peters-dome-vatican-1-100x100.jpg?crop=1 100w, https:\/\/wobronietradycjiiwiary.com\/wp-content\/uploads\/2015\/10\/cropped-cropped-st-peters-dome-vatican-1-270x270.jpg 270w, https:\/\/wobronietradycjiiwiary.com\/wp-content\/uploads\/2015\/10\/cropped-cropped-st-peters-dome-vatican-1-192x192.jpg 192w, https:\/\/wobronietradycjiiwiary.com\/wp-content\/uploads\/2015\/10\/cropped-cropped-st-peters-dome-vatican-1-180x180.jpg 180w, https:\/\/wobronietradycjiiwiary.com\/wp-content\/uploads\/2015\/10\/cropped-cropped-st-peters-dome-vatican-1-32x32.jpg 32w, https:\/\/wobronietradycjiiwiary.com\/wp-content\/uploads\/2015\/10\/cropped-cropped-st-peters-dome-vatican-1.jpg 512w\" sizes=\"(max-width: 150px) 100vw, 150px\" \/><\/div><\/div><\/div><\/div><\/div><div class=\"kt-infobox-textcontent\"><h2 class=\"kt-blocks-info-box-title\">Chcesz czyta\u0107 wszystko?<\/h2><p class=\"kt-blocks-info-box-text\"><strong>Wykup abonament.<\/strong><\/p><\/div><\/a><\/div>\n\n\n\n<div class=\"wp-block-cover aligncenter\" style=\"min-height:361px;aspect-ratio:unset;\"><img decoding=\"async\" width=\"524\" height=\"539\" data-attachment-id=\"115630\" data-permalink=\"https:\/\/wobronietradycjiiwiary.com\/pl\/church-militant-o-naduzyciach-seksualnych-w-bractwie-sw-piusa-x-nowy-cykl\/ec48bf44892c29b895741920e0bdef09-2\/\" data-orig-file=\"https:\/\/wobronietradycjiiwiary.com\/wp-content\/uploads\/2024\/04\/ec48bf44892c29b895741920e0bdef09.jpg\" data-orig-size=\"524,539\" data-comments-opened=\"1\" data-image-meta=\"{&quot;aperture&quot;:&quot;0&quot;,&quot;credit&quot;:&quot;&quot;,&quot;camera&quot;:&quot;&quot;,&quot;caption&quot;:&quot;&quot;,&quot;created_timestamp&quot;:&quot;0&quot;,&quot;copyright&quot;:&quot;&quot;,&quot;focal_length&quot;:&quot;0&quot;,&quot;iso&quot;:&quot;0&quot;,&quot;shutter_speed&quot;:&quot;0&quot;,&quot;title&quot;:&quot;&quot;,&quot;orientation&quot;:&quot;0&quot;}\" data-image-title=\"ec48bf44892c29b895741920e0bdef09\" data-image-description=\"\" data-image-caption=\"\" data-large-file=\"https:\/\/wobronietradycjiiwiary.com\/wp-content\/uploads\/2024\/04\/ec48bf44892c29b895741920e0bdef09.jpg\" class=\"wp-block-cover__image-background wp-image-115630\" alt=\"\" src=\"https:\/\/wobronietradycjiiwiary.com\/wp-content\/uploads\/2024\/04\/ec48bf44892c29b895741920e0bdef09.jpg\" style=\"object-position:57% 0%\" data-object-fit=\"cover\" data-object-position=\"57% 0%\" srcset=\"https:\/\/wobronietradycjiiwiary.com\/wp-content\/uploads\/2024\/04\/ec48bf44892c29b895741920e0bdef09.jpg 524w, https:\/\/wobronietradycjiiwiary.com\/wp-content\/uploads\/2024\/04\/ec48bf44892c29b895741920e0bdef09-450x463.jpg 450w, https:\/\/wobronietradycjiiwiary.com\/wp-content\/uploads\/2024\/04\/ec48bf44892c29b895741920e0bdef09-292x300.jpg 292w, https:\/\/wobronietradycjiiwiary.com\/wp-content\/uploads\/2024\/04\/ec48bf44892c29b895741920e0bdef09-146x150.jpg 146w, https:\/\/wobronietradycjiiwiary.com\/wp-content\/uploads\/2024\/04\/ec48bf44892c29b895741920e0bdef09-12x12.jpg 12w, https:\/\/wobronietradycjiiwiary.com\/wp-content\/uploads\/2024\/04\/ec48bf44892c29b895741920e0bdef09-58x60.jpg 58w, https:\/\/wobronietradycjiiwiary.com\/wp-content\/uploads\/2024\/04\/ec48bf44892c29b895741920e0bdef09-87x90.jpg 87w\" sizes=\"(max-width: 524px) 100vw, 524px\" \/><span aria-hidden=\"true\" class=\"wp-block-cover__background has-background-dim\"><\/span><div class=\"wp-block-cover__inner-container is-layout-flow wp-block-cover-is-layout-flow\">\n<p class=\"has-text-align-center has-large-font-size wp-block-paragraph\"><mark style=\"background-color:rgba(0, 0, 0, 0)\" class=\"has-inline-color has-luminous-vivid-amber-color\"><strong>Spodoba\u0142o si\u0119? Wspieraj nas!<\/strong><\/mark><\/p>\n\n\n\n<p class=\"has-text-align-center wp-block-paragraph\"><strong>Kart\u0105, paypalem lub bezpo\u015brednim przelewem<\/strong>.<\/p>\n\n\n\n<p class=\"has-text-align-center wp-block-paragraph\" style=\"font-size:39px\"><a aria-label=\" (opens in a new tab)\" class=\"ek-link\" href=\"https:\/\/donate.stripe.com\/6oE7uNfHU4nXe2I7su\" target=\"_blank\" rel=\"noreferrer noopener\"><mark style=\"background-color:rgba(0, 0, 0, 0)\" class=\"has-inline-color has-white-color\"><strong>Datki<\/strong> <\/mark><\/a><\/p>\n<\/div><\/div>\n\n\n<ol class=\"wp-block-footnotes\"><li id=\"952c1578-d534-474f-9ea3-830a8e4f3c1d\"> <a href=\"#952c1578-d534-474f-9ea3-830a8e4f3c1d-link\" aria-label=\"Przejd\u017a do przypisu 1\">\u21a9\ufe0e<\/a><\/li><\/ol>\n\n\n<p class=\"wp-block-paragraph\"><\/p>\n","protected":false},"excerpt":{"rendered":"<p>O sprzeda\u017cy okultystycznych ksi\u0105\u017cek w katolickich wydawnictwach ameryka\u0144skich, kt\u00f3re kiedy\u015b trafi\u0105 do Polski.<\/p>\n","protected":false},"author":60508433,"featured_media":148281,"comment_status":"open","ping_status":"open","sticky":false,"template":"","format":"standard","meta":{"_bbp_topic_count":0,"_bbp_reply_count":0,"_bbp_total_topic_count":0,"_bbp_total_reply_count":0,"_bbp_voice_count":0,"_bbp_anonymous_reply_count":0,"_bbp_topic_count_hidden":0,"_bbp_reply_count_hidden":0,"_bbp_forum_subforum_count":0,"_editorskit_title_hidden":false,"_editorskit_reading_time":0,"_editorskit_is_block_options_detached":false,"_editorskit_block_options_position":"{}","_coblocks_attr":"","_coblocks_dimensions":"","_coblocks_responsive_height":"","_coblocks_accordion_ie_support":"","_exactmetrics_skip_tracking":false,"_jetpack_newsletter_access":"","_jetpack_dont_email_post_to_subs":false,"_jetpack_newsletter_tier_id":0,"_jetpack_memberships_contains_paywalled_content":false,"_wpcom_ai_launchpad_first_post":false,"_jetpack_feature_clip_id":0,"_jetpack_memberships_contains_paid_content":false,"footnotes":"[{\"id\":\"952c1578-d534-474f-9ea3-830a8e4f3c1d\",\"content\":\"\"}]","jetpack_publicize_message":"","jetpack_publicize_feature_enabled":true,"jetpack_social_post_already_shared":true,"jetpack_social_options":{"image_generator_settings":{"template":"highway","default_image_id":0,"enabled":false},"version":2},"_wpas_customize_per_network":false,"jetpack_post_was_ever_published":false},"categories":[326335690,610131774,610131185,610135616,610135349],"tags":[610135620,610135617,666987],"class_list":["post-148272","post","type-post","status-publish","format-standard","has-post-thumbnail","hentry","category-demonologia-teologia","category-demon-teor","category-doktryna","category-okultyzm","category-teologia-dogmatyczna","tag-literatura","tag-mcfadden","tag-okultyzm"],"yoast_head":"<!-- This site is optimized with the Yoast SEO plugin v28.4 - https:\/\/yoast.com\/product\/yoast-seo-wordpress\/ -->\n<title>Katolicyzm i okultyzm wed\u0142ug McFaddena - wst\u0119p - Tradycja i Wiara<\/title>\n<meta name=\"robots\" content=\"index, follow, max-snippet:-1, max-image-preview:large, max-video-preview:-1\" \/>\n<link rel=\"canonical\" href=\"https:\/\/wobronietradycjiiwiary.com\/pl\/katolicyzm-i-okultyzm-wstep\/\" \/>\n<meta property=\"og:locale\" content=\"pl_PL\" \/>\n<meta property=\"og:type\" content=\"article\" \/>\n<meta property=\"og:title\" content=\"Katolicyzm i okultyzm wed\u0142ug McFaddena - wst\u0119p - Tradycja i Wiara\" \/>\n<meta property=\"og:description\" content=\"O sprzeda\u017cy okultystycznych ksi\u0105\u017cek w katolickich wydawnictwach ameryka\u0144skich, kt\u00f3re kiedy\u015b trafi\u0105 do Polski.\" \/>\n<meta property=\"og:url\" content=\"https:\/\/wobronietradycjiiwiary.com\/pl\/katolicyzm-i-okultyzm-wstep\/\" \/>\n<meta property=\"og:site_name\" content=\"Tradycja i Wiara\" \/>\n<meta property=\"article:publisher\" content=\"https:\/\/www.facebook.com\/Tradycja-i-Wiara-108813920592249\" \/>\n<meta property=\"article:published_time\" content=\"2025-07-21T13:24:01+00:00\" \/>\n<meta property=\"article:modified_time\" content=\"2025-07-29T10:05:30+00:00\" \/>\n<meta property=\"og:image\" content=\"https:\/\/wobronietradycjiiwiary.com\/wp-content\/uploads\/2025\/07\/hqdefault.jpg\" \/>\n\t<meta property=\"og:image:width\" content=\"480\" \/>\n\t<meta property=\"og:image:height\" content=\"360\" \/>\n\t<meta property=\"og:image:type\" content=\"image\/jpeg\" \/>\n<meta name=\"author\" content=\"Traditio et Fides\" \/>\n<meta name=\"twitter:card\" content=\"summary_large_image\" \/>\n<meta name=\"twitter:label1\" content=\"Napisane przez\" \/>\n\t<meta name=\"twitter:data1\" content=\"Traditio et Fides\" \/>\n\t<meta name=\"twitter:label2\" content=\"Szacowany czas czytania\" \/>\n\t<meta name=\"twitter:data2\" content=\"14 minut\" \/>\n<script type=\"application\/ld+json\" class=\"yoast-schema-graph\">{\"@context\":\"https:\\\/\\\/schema.org\",\"@graph\":[{\"@type\":\"Article\",\"@id\":\"https:\\\/\\\/wobronietradycjiiwiary.com\\\/katolicyzm-i-okultyzm-wstep\\\/#article\",\"isPartOf\":{\"@id\":\"https:\\\/\\\/wobronietradycjiiwiary.com\\\/katolicyzm-i-okultyzm-wstep\\\/\"},\"author\":{\"name\":\"Traditio et Fides\",\"@id\":\"https:\\\/\\\/wobronietradycjiiwiary.com\\\/pl\\\/#\\\/schema\\\/person\\\/2d6180ce6abcb681fef0daab7816e8f3\"},\"headline\":\"Katolicyzm i okultyzm wed\u0142ug McFaddena &#8211; wst\u0119p\",\"datePublished\":\"2025-07-21T13:24:01+00:00\",\"dateModified\":\"2025-07-29T10:05:30+00:00\",\"mainEntityOfPage\":{\"@id\":\"https:\\\/\\\/wobronietradycjiiwiary.com\\\/katolicyzm-i-okultyzm-wstep\\\/\"},\"wordCount\":853,\"commentCount\":0,\"publisher\":{\"@id\":\"https:\\\/\\\/wobronietradycjiiwiary.com\\\/pl\\\/#organization\"},\"image\":{\"@id\":\"https:\\\/\\\/wobronietradycjiiwiary.com\\\/katolicyzm-i-okultyzm-wstep\\\/#primaryimage\"},\"thumbnailUrl\":\"https:\\\/\\\/wobronietradycjiiwiary.com\\\/wp-content\\\/uploads\\\/2025\\\/07\\\/hqdefault.jpg\",\"keywords\":[\"literatura\",\"McFadden\",\"okultyzm\"],\"articleSection\":[\"Demonologia\",\"Demonologia teoretyczna\",\"Doktryna\",\"Okultyzm\",\"Teologia dogmatyczna\"],\"inLanguage\":\"pl-PL\",\"potentialAction\":[{\"@type\":\"CommentAction\",\"name\":\"Comment\",\"target\":[\"https:\\\/\\\/wobronietradycjiiwiary.com\\\/katolicyzm-i-okultyzm-wstep\\\/#respond\"]}]},{\"@type\":\"WebPage\",\"@id\":\"https:\\\/\\\/wobronietradycjiiwiary.com\\\/katolicyzm-i-okultyzm-wstep\\\/\",\"url\":\"https:\\\/\\\/wobronietradycjiiwiary.com\\\/katolicyzm-i-okultyzm-wstep\\\/\",\"name\":\"Katolicyzm i okultyzm wed\u0142ug McFaddena - wst\u0119p - Tradycja i Wiara\",\"isPartOf\":{\"@id\":\"https:\\\/\\\/wobronietradycjiiwiary.com\\\/pl\\\/#website\"},\"primaryImageOfPage\":{\"@id\":\"https:\\\/\\\/wobronietradycjiiwiary.com\\\/katolicyzm-i-okultyzm-wstep\\\/#primaryimage\"},\"image\":{\"@id\":\"https:\\\/\\\/wobronietradycjiiwiary.com\\\/katolicyzm-i-okultyzm-wstep\\\/#primaryimage\"},\"thumbnailUrl\":\"https:\\\/\\\/wobronietradycjiiwiary.com\\\/wp-content\\\/uploads\\\/2025\\\/07\\\/hqdefault.jpg\",\"datePublished\":\"2025-07-21T13:24:01+00:00\",\"dateModified\":\"2025-07-29T10:05:30+00:00\",\"breadcrumb\":{\"@id\":\"https:\\\/\\\/wobronietradycjiiwiary.com\\\/katolicyzm-i-okultyzm-wstep\\\/#breadcrumb\"},\"inLanguage\":\"pl-PL\",\"potentialAction\":[{\"@type\":\"ReadAction\",\"target\":[\"https:\\\/\\\/wobronietradycjiiwiary.com\\\/katolicyzm-i-okultyzm-wstep\\\/\"]}]},{\"@type\":\"ImageObject\",\"inLanguage\":\"pl-PL\",\"@id\":\"https:\\\/\\\/wobronietradycjiiwiary.com\\\/katolicyzm-i-okultyzm-wstep\\\/#primaryimage\",\"url\":\"https:\\\/\\\/wobronietradycjiiwiary.com\\\/wp-content\\\/uploads\\\/2025\\\/07\\\/hqdefault.jpg\",\"contentUrl\":\"https:\\\/\\\/wobronietradycjiiwiary.com\\\/wp-content\\\/uploads\\\/2025\\\/07\\\/hqdefault.jpg\",\"width\":480,\"height\":360},{\"@type\":\"BreadcrumbList\",\"@id\":\"https:\\\/\\\/wobronietradycjiiwiary.com\\\/katolicyzm-i-okultyzm-wstep\\\/#breadcrumb\",\"itemListElement\":[{\"@type\":\"ListItem\",\"position\":1,\"name\":\"Strona g\u0142\u00f3wna\",\"item\":\"https:\\\/\\\/wobronietradycjiiwiary.com\\\/\"},{\"@type\":\"ListItem\",\"position\":2,\"name\":\"Katolicyzm i okultyzm wed\u0142ug McFaddena &#8211; wst\u0119p\"}]},{\"@type\":\"WebSite\",\"@id\":\"https:\\\/\\\/wobronietradycjiiwiary.com\\\/pl\\\/#website\",\"url\":\"https:\\\/\\\/wobronietradycjiiwiary.com\\\/pl\\\/\",\"name\":\"Tradycja i Wiara\",\"description\":\"Portal dla katolik\u00f3w.\",\"publisher\":{\"@id\":\"https:\\\/\\\/wobronietradycjiiwiary.com\\\/pl\\\/#organization\"},\"potentialAction\":[{\"@type\":\"SearchAction\",\"target\":{\"@type\":\"EntryPoint\",\"urlTemplate\":\"https:\\\/\\\/wobronietradycjiiwiary.com\\\/pl\\\/?s={search_term_string}\"},\"query-input\":{\"@type\":\"PropertyValueSpecification\",\"valueRequired\":true,\"valueName\":\"search_term_string\"}}],\"inLanguage\":\"pl-PL\"},{\"@type\":\"Organization\",\"@id\":\"https:\\\/\\\/wobronietradycjiiwiary.com\\\/pl\\\/#organization\",\"name\":\"Tradycja i Wiara\",\"url\":\"https:\\\/\\\/wobronietradycjiiwiary.com\\\/pl\\\/\",\"logo\":{\"@type\":\"ImageObject\",\"inLanguage\":\"pl-PL\",\"@id\":\"https:\\\/\\\/wobronietradycjiiwiary.com\\\/pl\\\/#\\\/schema\\\/logo\\\/image\\\/\",\"url\":\"https:\\\/\\\/i0.wp.com\\\/wobronietradycjiiwiary.com\\\/wp-content\\\/uploads\\\/2015\\\/10\\\/cropped-st-peters-dome-vatican.jpg?fit=940%2C198&ssl=1\",\"contentUrl\":\"https:\\\/\\\/i0.wp.com\\\/wobronietradycjiiwiary.com\\\/wp-content\\\/uploads\\\/2015\\\/10\\\/cropped-st-peters-dome-vatican.jpg?fit=940%2C198&ssl=1\",\"width\":940,\"height\":198,\"caption\":\"Tradycja i Wiara\"},\"image\":{\"@id\":\"https:\\\/\\\/wobronietradycjiiwiary.com\\\/pl\\\/#\\\/schema\\\/logo\\\/image\\\/\"},\"sameAs\":[\"https:\\\/\\\/www.facebook.com\\\/Tradycja-i-Wiara-108813920592249\"]},{\"@type\":\"Person\",\"@id\":\"https:\\\/\\\/wobronietradycjiiwiary.com\\\/pl\\\/#\\\/schema\\\/person\\\/2d6180ce6abcb681fef0daab7816e8f3\",\"name\":\"Traditio et Fides\",\"sameAs\":[\"https:\\\/\\\/traditionundglauben.com\"],\"url\":\"https:\\\/\\\/wobronietradycjiiwiary.com\\\/pl\\\/author\\\/wobronietradycjiiwiary\\\/\"}]}<\/script>\n<!-- \/ Yoast SEO plugin. -->","yoast_head_json":{"title":"Katolicyzm i okultyzm wed\u0142ug McFaddena - wst\u0119p - Tradycja i Wiara","robots":{"index":"index","follow":"follow","max-snippet":"max-snippet:-1","max-image-preview":"max-image-preview:large","max-video-preview":"max-video-preview:-1"},"canonical":"https:\/\/wobronietradycjiiwiary.com\/pl\/katolicyzm-i-okultyzm-wstep\/","og_locale":"pl_PL","og_type":"article","og_title":"Katolicyzm i okultyzm wed\u0142ug McFaddena - wst\u0119p - Tradycja i Wiara","og_description":"O sprzeda\u017cy okultystycznych ksi\u0105\u017cek w katolickich wydawnictwach ameryka\u0144skich, kt\u00f3re kiedy\u015b trafi\u0105 do Polski.","og_url":"https:\/\/wobronietradycjiiwiary.com\/pl\/katolicyzm-i-okultyzm-wstep\/","og_site_name":"Tradycja i Wiara","article_publisher":"https:\/\/www.facebook.com\/Tradycja-i-Wiara-108813920592249","article_published_time":"2025-07-21T13:24:01+00:00","article_modified_time":"2025-07-29T10:05:30+00:00","og_image":[{"width":480,"height":360,"url":"https:\/\/wobronietradycjiiwiary.com\/wp-content\/uploads\/2025\/07\/hqdefault.jpg","type":"image\/jpeg"}],"author":"Traditio et Fides","twitter_card":"summary_large_image","twitter_misc":{"Napisane przez":"Traditio et Fides","Szacowany czas czytania":"14 minut"},"schema":{"@context":"https:\/\/schema.org","@graph":[{"@type":"Article","@id":"https:\/\/wobronietradycjiiwiary.com\/katolicyzm-i-okultyzm-wstep\/#article","isPartOf":{"@id":"https:\/\/wobronietradycjiiwiary.com\/katolicyzm-i-okultyzm-wstep\/"},"author":{"name":"Traditio et Fides","@id":"https:\/\/wobronietradycjiiwiary.com\/pl\/#\/schema\/person\/2d6180ce6abcb681fef0daab7816e8f3"},"headline":"Katolicyzm i okultyzm wed\u0142ug McFaddena &#8211; wst\u0119p","datePublished":"2025-07-21T13:24:01+00:00","dateModified":"2025-07-29T10:05:30+00:00","mainEntityOfPage":{"@id":"https:\/\/wobronietradycjiiwiary.com\/katolicyzm-i-okultyzm-wstep\/"},"wordCount":853,"commentCount":0,"publisher":{"@id":"https:\/\/wobronietradycjiiwiary.com\/pl\/#organization"},"image":{"@id":"https:\/\/wobronietradycjiiwiary.com\/katolicyzm-i-okultyzm-wstep\/#primaryimage"},"thumbnailUrl":"https:\/\/wobronietradycjiiwiary.com\/wp-content\/uploads\/2025\/07\/hqdefault.jpg","keywords":["literatura","McFadden","okultyzm"],"articleSection":["Demonologia","Demonologia teoretyczna","Doktryna","Okultyzm","Teologia dogmatyczna"],"inLanguage":"pl-PL","potentialAction":[{"@type":"CommentAction","name":"Comment","target":["https:\/\/wobronietradycjiiwiary.com\/katolicyzm-i-okultyzm-wstep\/#respond"]}]},{"@type":"WebPage","@id":"https:\/\/wobronietradycjiiwiary.com\/katolicyzm-i-okultyzm-wstep\/","url":"https:\/\/wobronietradycjiiwiary.com\/katolicyzm-i-okultyzm-wstep\/","name":"Katolicyzm i okultyzm wed\u0142ug McFaddena - wst\u0119p - Tradycja i Wiara","isPartOf":{"@id":"https:\/\/wobronietradycjiiwiary.com\/pl\/#website"},"primaryImageOfPage":{"@id":"https:\/\/wobronietradycjiiwiary.com\/katolicyzm-i-okultyzm-wstep\/#primaryimage"},"image":{"@id":"https:\/\/wobronietradycjiiwiary.com\/katolicyzm-i-okultyzm-wstep\/#primaryimage"},"thumbnailUrl":"https:\/\/wobronietradycjiiwiary.com\/wp-content\/uploads\/2025\/07\/hqdefault.jpg","datePublished":"2025-07-21T13:24:01+00:00","dateModified":"2025-07-29T10:05:30+00:00","breadcrumb":{"@id":"https:\/\/wobronietradycjiiwiary.com\/katolicyzm-i-okultyzm-wstep\/#breadcrumb"},"inLanguage":"pl-PL","potentialAction":[{"@type":"ReadAction","target":["https:\/\/wobronietradycjiiwiary.com\/katolicyzm-i-okultyzm-wstep\/"]}]},{"@type":"ImageObject","inLanguage":"pl-PL","@id":"https:\/\/wobronietradycjiiwiary.com\/katolicyzm-i-okultyzm-wstep\/#primaryimage","url":"https:\/\/wobronietradycjiiwiary.com\/wp-content\/uploads\/2025\/07\/hqdefault.jpg","contentUrl":"https:\/\/wobronietradycjiiwiary.com\/wp-content\/uploads\/2025\/07\/hqdefault.jpg","width":480,"height":360},{"@type":"BreadcrumbList","@id":"https:\/\/wobronietradycjiiwiary.com\/katolicyzm-i-okultyzm-wstep\/#breadcrumb","itemListElement":[{"@type":"ListItem","position":1,"name":"Strona g\u0142\u00f3wna","item":"https:\/\/wobronietradycjiiwiary.com\/"},{"@type":"ListItem","position":2,"name":"Katolicyzm i okultyzm wed\u0142ug McFaddena &#8211; wst\u0119p"}]},{"@type":"WebSite","@id":"https:\/\/wobronietradycjiiwiary.com\/pl\/#website","url":"https:\/\/wobronietradycjiiwiary.com\/pl\/","name":"Tradycja i Wiara","description":"Portal dla katolik\u00f3w.","publisher":{"@id":"https:\/\/wobronietradycjiiwiary.com\/pl\/#organization"},"potentialAction":[{"@type":"SearchAction","target":{"@type":"EntryPoint","urlTemplate":"https:\/\/wobronietradycjiiwiary.com\/pl\/?s={search_term_string}"},"query-input":{"@type":"PropertyValueSpecification","valueRequired":true,"valueName":"search_term_string"}}],"inLanguage":"pl-PL"},{"@type":"Organization","@id":"https:\/\/wobronietradycjiiwiary.com\/pl\/#organization","name":"Tradycja i Wiara","url":"https:\/\/wobronietradycjiiwiary.com\/pl\/","logo":{"@type":"ImageObject","inLanguage":"pl-PL","@id":"https:\/\/wobronietradycjiiwiary.com\/pl\/#\/schema\/logo\/image\/","url":"https:\/\/i0.wp.com\/wobronietradycjiiwiary.com\/wp-content\/uploads\/2015\/10\/cropped-st-peters-dome-vatican.jpg?fit=940%2C198&ssl=1","contentUrl":"https:\/\/i0.wp.com\/wobronietradycjiiwiary.com\/wp-content\/uploads\/2015\/10\/cropped-st-peters-dome-vatican.jpg?fit=940%2C198&ssl=1","width":940,"height":198,"caption":"Tradycja i Wiara"},"image":{"@id":"https:\/\/wobronietradycjiiwiary.com\/pl\/#\/schema\/logo\/image\/"},"sameAs":["https:\/\/www.facebook.com\/Tradycja-i-Wiara-108813920592249"]},{"@type":"Person","@id":"https:\/\/wobronietradycjiiwiary.com\/pl\/#\/schema\/person\/2d6180ce6abcb681fef0daab7816e8f3","name":"Traditio et Fides","sameAs":["https:\/\/traditionundglauben.com"],"url":"https:\/\/wobronietradycjiiwiary.com\/pl\/author\/wobronietradycjiiwiary\/"}]}},"jetpack_publicize_connections":[],"jetpack_sharing_enabled":true,"jetpack_likes_enabled":true,"jetpack_shortlink":"https:\/\/wp.me\/pc04Sd-Czu","jetpack-related-posts":[{"id":148991,"url":"https:\/\/wobronietradycjiiwiary.com\/pl\/katolicyzm-i-okultyzm-wedlug-mcfaddena-perennializm\/","url_meta":{"origin":148272,"position":0},"title":"Katolicyzm i okultyzm wed\u0142ug McFaddena &#8211; perennializm","author":"Traditio et Fides","date":"29 lipca 2025","format":false,"excerpt":"O modernizmie, perrenializmie i naprawie samochod\u00f3w.","rel":"","context":"W \u201eDemonologia&quot;","block_context":{"text":"Demonologia","link":"https:\/\/wobronietradycjiiwiary.com\/pl\/category\/doktryna\/teologia-dogmatyczna\/demonologia-teologia\/"},"img":{"alt_text":"","src":"https:\/\/i0.wp.com\/wobronietradycjiiwiary.com\/wp-content\/uploads\/2025\/07\/hqdefault.jpg?resize=350%2C200&ssl=1","width":350,"height":200},"classes":[]},{"id":153055,"url":"https:\/\/wobronietradycjiiwiary.com\/pl\/urok-okultyzmu-lub-czy-ks-chmielewski-uprawial-magie-milosna\/","url_meta":{"origin":148272,"position":1},"title":"Urok okultyzmu lub czy ks. Chmielewski uprawia\u0142 magi\u0119 mi\u0142osn\u0105?","author":"Traditio et Fides","date":"11 wrze\u015bnia 2025","format":false,"excerpt":"O okultyzmie, charyzmatykach i demonach.","rel":"","context":"W \u201eKo\u015bci\u00f3\u0142 posoborowy&quot;","block_context":{"text":"Ko\u015bci\u00f3\u0142 posoborowy","link":"https:\/\/wobronietradycjiiwiary.com\/pl\/category\/polemika\/kosciol-posoborowy\/"},"img":{"alt_text":"","src":"https:\/\/i0.wp.com\/wobronietradycjiiwiary.com\/wp-content\/uploads\/2025\/09\/752bc6f5f0f7356d1205f3a4063910dd.jpg?resize=350%2C200&ssl=1","width":350,"height":200},"classes":[]},{"id":145835,"url":"https:\/\/wobronietradycjiiwiary.com\/pl\/houska-na-matouska-demony-to-legalisci-2-z\/","url_meta":{"origin":148272,"position":2},"title":"Houska na Matouska &#8211; Demony to legali\u015bci (2 z 6)","author":"Traditio et Fides","date":"23 czerwca 2025","format":false,"excerpt":"Kolejne wydarzenia przed wyjazdem na zamek Houska.","rel":"","context":"W \u201eDemonologia&quot;","block_context":{"text":"Demonologia","link":"https:\/\/wobronietradycjiiwiary.com\/pl\/category\/doktryna\/teologia-dogmatyczna\/demonologia-teologia\/"},"img":{"alt_text":"","src":"https:\/\/i0.wp.com\/wobronietradycjiiwiary.com\/wp-content\/uploads\/2025\/06\/e068dfc751cb2a71d66dbbef0d444183.jpg?resize=350%2C200&ssl=1","width":350,"height":200,"srcset":"https:\/\/i0.wp.com\/wobronietradycjiiwiary.com\/wp-content\/uploads\/2025\/06\/e068dfc751cb2a71d66dbbef0d444183.jpg?resize=350%2C200&ssl=1 1x, https:\/\/i0.wp.com\/wobronietradycjiiwiary.com\/wp-content\/uploads\/2025\/06\/e068dfc751cb2a71d66dbbef0d444183.jpg?resize=525%2C300&ssl=1 1.5x"},"classes":[]},{"id":129288,"url":"https:\/\/wobronietradycjiiwiary.com\/pl\/to-nie-niekompetencja-oni-dokladnie-wiedza-co-robia\/","url_meta":{"origin":148272,"position":3},"title":"To nie niekompetencja, oni dok\u0142adnie wiedz\u0105, co robi\u0105","author":"Traditio et Fides","date":"28 stycznia 2025","format":false,"excerpt":"O tym, dlaczego nie wpuszczono egzorcyst\u00f3w do Watykanu.","rel":"","context":"W \u201eDoktryna&quot;","block_context":{"text":"Doktryna","link":"https:\/\/wobronietradycjiiwiary.com\/pl\/category\/doktryna\/"},"img":{"alt_text":"","src":"https:\/\/i0.wp.com\/wobronietradycjiiwiary.com\/wp-content\/uploads\/2025\/01\/Dem3.jpeg?resize=350%2C200&ssl=1","width":350,"height":200},"classes":[]},{"id":105219,"url":"https:\/\/wobronietradycjiiwiary.com\/pl\/poulain-sj-v-proby-zsylane-przez-boga-kontemplatykom-rozdzial-xxiv-istoty-i-rodzaje-prob-70-%c2%a7-6-opetanie-diabelskie-iv-2\/","url_meta":{"origin":148272,"position":4},"title":"Poulain SJ: V. Pr\u00f3by zsy\u0142ane przez Boga kontemplatykom. Rozdzia\u0142 XXIV. Istoty i rodzaje pr\u00f3b (71). \u00a7 6. Op\u0119tanie diabelskie (IV)","author":"Prospector Veritatis","date":"3 pa\u017adziernika 2019","format":false,"excerpt":"69. Rytua\u0142 wymienia znaki dzia\u0142ania szata\u0144skiego w osobie \u015bwiadomej lub nie\u015bwiadomej swoich czyn\u00f3w. S\u0105 trzy rodzaje tych wskaza\u0144; pierwsze dwa nale\u017c\u0105 do moralnego porz\u0105dku. Mianowicie: wymawianie w nieznanym j\u0119zyku d\u0142u\u017cszych zda\u0144 nie wyuczonych na pami\u0119\u0107, albo rozumienie m\u00f3wi\u0105cych takim j\u0119zykiem, wyjawianie rzeczy odleg\u0142ych lub ukrytych (zw\u0142aszcza gdy chodzi o zdarzenia\u2026","rel":"","context":"W \u201eAutorzy \u017cycia duchowego&quot;","block_context":{"text":"Autorzy \u017cycia duchowego","link":"https:\/\/wobronietradycjiiwiary.com\/pl\/category\/duchowosc\/autorzy\/"},"img":{"alt_text":"","src":"https:\/\/i0.wp.com\/wobronietradycjiiwiary.com\/wp-content\/uploads\/2019\/10\/peter-paul-rubens-die-wunder-des-hl-ignatius-von-loyola.jpg?resize=350%2C200&ssl=1","width":350,"height":200,"srcset":"https:\/\/i0.wp.com\/wobronietradycjiiwiary.com\/wp-content\/uploads\/2019\/10\/peter-paul-rubens-die-wunder-des-hl-ignatius-von-loyola.jpg?resize=350%2C200&ssl=1 1x, https:\/\/i0.wp.com\/wobronietradycjiiwiary.com\/wp-content\/uploads\/2019\/10\/peter-paul-rubens-die-wunder-des-hl-ignatius-von-loyola.jpg?resize=525%2C300&ssl=1 1.5x, https:\/\/i0.wp.com\/wobronietradycjiiwiary.com\/wp-content\/uploads\/2019\/10\/peter-paul-rubens-die-wunder-des-hl-ignatius-von-loyola.jpg?resize=700%2C400&ssl=1 2x, https:\/\/i0.wp.com\/wobronietradycjiiwiary.com\/wp-content\/uploads\/2019\/10\/peter-paul-rubens-die-wunder-des-hl-ignatius-von-loyola.jpg?resize=1050%2C600&ssl=1 3x"},"classes":[]},{"id":158945,"url":"https:\/\/wobronietradycjiiwiary.com\/pl\/msgr-agostini-lub-watykanska-afera-podsluchowa\/","url_meta":{"origin":148272,"position":5},"title":"Msgr. Agostini lub watyka\u0144ska &#8220;afera pods\u0142uchowa&#8221;","author":"Traditio et Fides","date":"12 stycznia 2026","format":false,"excerpt":"O wulgaryzmach msgr. Agostiniego.","rel":"","context":"W \u201eKo\u015bci\u00f3\u0142 posoborowy&quot;","block_context":{"text":"Ko\u015bci\u00f3\u0142 posoborowy","link":"https:\/\/wobronietradycjiiwiary.com\/pl\/category\/polemika\/kosciol-posoborowy\/"},"img":{"alt_text":"","src":"https:\/\/i0.wp.com\/wobronietradycjiiwiary.com\/wp-content\/uploads\/2026\/01\/le_mirouer-historial_de_vincent-1.jpg?resize=350%2C200&ssl=1","width":350,"height":200,"srcset":"https:\/\/i0.wp.com\/wobronietradycjiiwiary.com\/wp-content\/uploads\/2026\/01\/le_mirouer-historial_de_vincent-1.jpg?resize=350%2C200&ssl=1 1x, https:\/\/i0.wp.com\/wobronietradycjiiwiary.com\/wp-content\/uploads\/2026\/01\/le_mirouer-historial_de_vincent-1.jpg?resize=525%2C300&ssl=1 1.5x, https:\/\/i0.wp.com\/wobronietradycjiiwiary.com\/wp-content\/uploads\/2026\/01\/le_mirouer-historial_de_vincent-1.jpg?resize=700%2C400&ssl=1 2x"},"classes":[]}],"amp_enabled":true,"jetpack_featured_media_url":"https:\/\/wobronietradycjiiwiary.com\/wp-content\/uploads\/2025\/07\/hqdefault.jpg","_links":{"self":[{"href":"https:\/\/wobronietradycjiiwiary.com\/pl\/wp-json\/wp\/v2\/posts\/148272","targetHints":{"allow":["GET"]}}],"collection":[{"href":"https:\/\/wobronietradycjiiwiary.com\/pl\/wp-json\/wp\/v2\/posts"}],"about":[{"href":"https:\/\/wobronietradycjiiwiary.com\/pl\/wp-json\/wp\/v2\/types\/post"}],"author":[{"embeddable":true,"href":"https:\/\/wobronietradycjiiwiary.com\/pl\/wp-json\/wp\/v2\/users\/60508433"}],"replies":[{"embeddable":true,"href":"https:\/\/wobronietradycjiiwiary.com\/pl\/wp-json\/wp\/v2\/comments?post=148272"}],"version-history":[{"count":26,"href":"https:\/\/wobronietradycjiiwiary.com\/pl\/wp-json\/wp\/v2\/posts\/148272\/revisions"}],"predecessor-version":[{"id":148373,"href":"https:\/\/wobronietradycjiiwiary.com\/pl\/wp-json\/wp\/v2\/posts\/148272\/revisions\/148373"}],"wp:featuredmedia":[{"embeddable":true,"href":"https:\/\/wobronietradycjiiwiary.com\/pl\/wp-json\/wp\/v2\/media\/148281"}],"wp:attachment":[{"href":"https:\/\/wobronietradycjiiwiary.com\/pl\/wp-json\/wp\/v2\/media?parent=148272"}],"wp:term":[{"taxonomy":"category","embeddable":true,"href":"https:\/\/wobronietradycjiiwiary.com\/pl\/wp-json\/wp\/v2\/categories?post=148272"},{"taxonomy":"post_tag","embeddable":true,"href":"https:\/\/wobronietradycjiiwiary.com\/pl\/wp-json\/wp\/v2\/tags?post=148272"}],"curies":[{"name":"wp","href":"https:\/\/api.w.org\/{rel}","templated":true}]}}