{"id":147273,"date":"2025-07-14T08:15:47","date_gmt":"2025-07-14T06:15:47","guid":{"rendered":"https:\/\/wobronietradycjiiwiary.com\/?p=147273"},"modified":"2025-07-14T09:36:22","modified_gmt":"2025-07-14T07:36:22","slug":"14-go-lipca-zywot-sw-bonawentury-doktora-kosciola-sw-3-3","status":"publish","type":"post","link":"https:\/\/wobronietradycjiiwiary.com\/pl\/14-go-lipca-zywot-sw-bonawentury-doktora-kosciola-sw-3-3\/","title":{"rendered":"14-go Lipca. \u017bywot \u015bw. Bonawentury, Doktora Ko\u015bcio\u0142a \u015bw."},"content":{"rendered":"<div id=\"bsf_rt_marker\"><\/div>\n<p class=\"has-text-align-center wp-block-paragraph\">(\u017by\u0142 oko\u0142o roku Pa\u0144skiego 1230).<\/p>\n\n\n\n<figure class=\"wp-block-image\"><a href=\"https:\/\/pl.wikisource.org\/wiki\/Plik:%C5%BBywoty_%C5%9Bw._Pa%C5%84skich_na_wszystkie_dnie_roku-Inicja%C5%82-P.png\"><img decoding=\"async\" src=\"https:\/\/upload.wikimedia.org\/wikipedia\/commons\/thumb\/0\/06\/%C5%BBywoty_%C5%9Bw._Pa%C5%84skich_na_wszystkie_dnie_roku-Inicja%C5%82-P.png\/54px-%C5%BBywoty_%C5%9Bw._Pa%C5%84skich_na_wszystkie_dnie_roku-Inicja%C5%82-P.png\" alt=\"P\"\/><\/a><\/figure>\n\n\n\n<p class=\"has-text-align-justify wp-block-paragraph\">Pewnego dnia przyby\u0142a pobo\u017cna niewiasta do \u015bw. Franciszka z Assy\u017cu, a k\u0142ad\u0105c w swem wystraszeniu schorza\u0142ego synka pod stopy jego, w te si\u0119 do niego odezwa\u0142a s\u0142owa: \u201eNa mi\u0142o\u015b\u0107 Jezusa i Matki Jego Naj\u015bwi\u0119tszej, zaklinam ci\u0119, Ojcze, ocal me dzieci\u0119; je\u015bli za\u015b odzyska zdrowie, oddam je na s\u0142u\u017cb\u0119 Bo\u017c\u0105 do twego zakonu.\u201c \u015awi\u0119ty wzni\u00f3s\u0142 oczy ku Niebu, pomodli\u0142 si\u0119 i nape\u0142niony duchem proroczym przepowiedzia\u0142 przysz\u0142\u0105 wielko\u015b\u0107 dzieci\u0119cia, zawo\u0142awszy: \u201eBuona Ventura\u201c, co po w\u0142osku znaczy: \u201eJakie\u017c to szcz\u0119\u015bcie\u201c, poczem dzieci\u0119 natychmiast odzyska\u0142o zdrowie. Narodzi\u0142 si\u0119 za\u015b on ch\u0142opczyk w r. 1221, w miasteczku Bagnarei w Toskanii, i otrzyma\u0142 pierwotnie na chrzcie imi\u0119 Jan, a p\u00f3\u017aniej przezwano go Bonawentur\u0105. Pobo\u017cni rodzice dali mu staranne wychowanie, matka wszak\u017ce, pomna na uczyniony \u015blub, przedewszystkiem stara\u0142a si\u0119 w nim zaszczepi\u0107 mi\u0142o\u015b\u0107 ku Zbawicielowi i Matce Jego, a nadto przyzwyczaja\u0142a go do pokory, mi\u0142o\u015bci bli\u017aniego i pos\u0142usze\u0144stwa. Uzdolniony ch\u0142opczyna nagradza\u0142 te\u017c jej zabiegi i mozo\u0142y skromno\u015bci\u0105 i pilno\u015bci\u0105 w nauce i modlitwie.<\/p>\n\n\n\n<p class=\"has-text-align-justify wp-block-paragraph\">\u2009Licz\u0105c lat 22, ja\u015bnia\u0142 tak nadziemsk\u0105 urod\u0105, jako te\u017c majestatyczn\u0105 postaw\u0105 i szlachetno\u015bci\u0105 w ruchach i rysach twarzy, \u017ce by\u0142 przedmiotem powszechnego podziwu. Posta\u0107 jego by\u0142a jednak\u017ce s\u0142abym tylko odblaskiem jego zacno\u015bci wewn\u0119trznej; a \u017cywot jego by\u0142 tak anielskim, i\u017c zdawa\u0107 si\u0119 mog\u0142o, jakoby nie by\u0142 dotkni\u0119tym grzechem pierworodnym.<\/p>\n\n\n\n<p class=\"has-text-align-justify wp-block-paragraph\">Wst\u0105piwszy w Rzymie do zakonu \u015bw. Franciszka, wys\u0142ano go po odbyciu nowicyatu na uniwersytet do Pary\u017ca, gdzie spotkawszy si\u0119 z Tomaszem z Akwinu, zatopi\u0142 si\u0119 w studyach filozoficzno-teologicznych;&nbsp;stopie\u0144 doktora przyj\u0105\u0142 jednak\u017ce tylko ze wstr\u0119tem i na wyra\u017any rozkaz Ojca \u015bwi\u0119tego. \u2014 Naukowe studya odbywa\u0142 w nast\u0119puj\u0105cy spos\u00f3b: Przed rozpocz\u0119ciem pracy przywo\u0142ywa\u0142 w pomoc Ducha \u015bwi\u0119tego, a rozmy\u015blania jego naukowe mia\u0142y poz\u00f3r zewn\u0119trznej modlitwy; zawsze stawia\u0142 przed sob\u0105 krucyfiks, a praca jego umys\u0142owa i poznawanie prawdy \u0142\u0105czy\u0142o si\u0119 z gor\u0105c\u0105 mi\u0142o\u015bci\u0105 serca, objawiaj\u0105c\u0105 si\u0119 cz\u0119stokro\u0107 hojnem \u0142ez wylaniem. Licznie te\u017c zwiedzano odczyty jego uniwersyteckie, podziwiaj\u0105c si\u0142\u0119 jego wymowy i g\u0142\u0119bi\u0119 nauki, przeto jednog\u0142o\u015bnie przezwano go \u201eDoktorem Serafickim.\u201c<br><a href=\"https:\/\/pl.wikisource.org\/wiki\/Plik:%C5%BBywoty_%C5%9Bw._Pa%C5%84skich_na_wszystkie_dnie_roku-picture_p._697.jpg\"><\/a><a href=\"https:\/\/pl.wikisource.org\/wiki\/Plik:%C5%BBywoty_%C5%9Bw._Pa%C5%84skich_na_wszystkie_dnie_roku-picture_p._697.jpg\"><\/a>\u201eBuona Ventura!\u201c \u2014 \u201eJakie\u017c to szcz\u0119\u015bcie!\u201c<\/p>\n\n\n\n<p class=\"has-text-align-justify wp-block-paragraph\">\u2009Gdy doszed\u0142 lat 35, zakonnicy zebrani na kapitu\u0142\u0119 wybrali go jednog\u0142o\u015bnie Genera\u0142em zakonu, a Ojciec \u015bwi\u0119ty wyb\u00f3r ten\u017ce zatwierdzi\u0142. Urz\u0119dowanie jego pe\u0142ne by\u0142o trud\u00f3w, utrapie\u0144 i mozo\u0142u, gdy\u017c poprzednik jego, Jan z Parmy, rozdra\u017cni\u0142 by\u0142 umys\u0142y zbyteczn\u0105 surowo\u015bci\u0105 i przesadzon\u0105 gorliwo\u015bci\u0105. Bonawentura dopiero z\u0142agodzi\u0142 oburzenie i zagoi\u0142 rany koj\u0105c\u0105 wymow\u0105 i serdeczn\u0105 mi\u0142o\u015bci\u0105. S\u0142owa swoje zawsze stwierdza\u0142 czynami; nie waha\u0142 si\u0119 pe\u0142ni\u0107 obowi\u0105zk\u00f3w pokory, braterstwa i dobrowolnego ub\u00f3stwa w ca\u0142ej rozci\u0105g\u0142o\u015bci, pracowa\u0142 w celi, kuchni, ogrodzie, czuwa\u0142 przy \u0142o\u017cu chorych itd. \u2014 Gdy go napominano, aby nie zapomina\u0142 o godno\u015bci i dostoje\u0144stwie swego urz\u0119du, zwyk\u0142 odpowiada\u0107: \u201eJak\u017ce to? czy\u017c ubli\u017ca sobie brat pos\u0142uguj\u0105cy bratu!\u201c Wzruszaj\u0105c\u0105 te\u017c by\u0142a mi\u0142o\u015b\u0107 jego do Naj\u015bwi\u0119tszej Maryi Panny; pod Jej to opiek\u0105 oddawa\u0142 siebie i wszystkie domy zakonne; na Jej cze\u015b\u0107 pisywa\u0142 dzie\u0142a prze\u015bliczne, staraj\u0105c si\u0119 o wspania\u0142o\u015b\u0107 uroczysto\u015bci \u015bwi\u0105t Jej Imienia, jako te\u017c zaprowadzi\u0142 dzwonienie na \u201eAnio\u0142 Pa\u0144ski.\u201c Trudno poj\u0105\u0107, jak m\u00f3g\u0142 przy tak licznych zaj\u0119ciach napisa\u0107 tyle dzie\u0142 tak pe\u0142nych zbudowania i nauki, jako te\u017c opracowa\u0107 tak gruntowny \u017cyciorys \u015bw. Zakonodawcy. Gdy go&nbsp;Papie\u017c Klemens IV mianowa\u0142 Arcybiskupem Yorskim (w Anglii), pad\u0142 mu do n\u00f3g i dop\u00f3ty go b\u0142aga\u0142 i prosi\u0142, p\u00f3ki Ojciec \u015bwi\u0119ty nominacyi nie cofn\u0105\u0142. Nie tak szcz\u0119\u015bliwie posz\u0142o mu wszak\u017ce z Papie\u017cem Grzegorzem X, kt\u00f3ry go wyni\u00f3s\u0142 do godno\u015bci Biskupa dyecezyi Alba\u0144skiej, mianuj\u0105c go zarazem Kardyna\u0142em, i poleci\u0142 mu wyst\u0105pi\u0107 jako pierwszy m\u00f3wca na Soborze powszechnym, zwo\u0142anym do Lugdunu. Poselstwo za\u015b Papieskie, przyby\u0142e do Florencyi w celu ozdobienia go purpur\u0105, zasta\u0142o \u201eDoktora Serafickiego\u201c w kuchni, pomywaj\u0105cego p\u00f3\u0142miski i talerze.<\/p>\n\n\n\n<p class=\"has-text-align-justify wp-block-paragraph\"><br>\u2009Bonawentura by\u0142 dusz\u0105 Soboru i on te\u017c w obecno\u015bci Papie\u017ca by\u0142 przewodnicz\u0105cym zgromadzenia, kierowa\u0142 jego rozprawami, b\u0119d\u0105c zarazem redaktorem uchwa\u0142 i dekret\u00f3w; wszak\u017ce nawa\u0142 zatrudnie\u0144 wyczerpa\u0142 jego si\u0142y i zapad\u0142 mocno na zdrowiu. Sam Papie\u017c udzieli\u0142 mu ostatniego namaszczenia, a twarze wszystkich otaczaj\u0105cych \u0142o\u017ce jego napi\u0119tnowane by\u0142y smutkiem. On jeden tylko swobodnie i spokojnie patrz\u0105c na Ukrzy\u017cowanego, skona\u0142 zbyt wcze\u015bnie, dnia 15 lipca licz\u0105c zaledwie lat 53.<\/p>\n\n\n\n<p class=\"has-text-align-justify wp-block-paragraph\">Nikt pewnie przedtem nie mia\u0142 tak wspania\u0142ego pogrzebu, jak ten\u017ce kras\u00f3wca. Trumnie bowiem towarzyszy\u0142 Papie\u017c, 500 Biskup\u00f3w, przesz\u0142o 1000 Pra\u0142at\u00f3w, \u015bwieccy ksi\u0105\u017c\u0119ta i s\u0142ynni uczeni, a powszechny p\u0142acz i g\u0142o\u015bne biadanie rozleg\u0142o si\u0119 po mowie pogrzebowej wypowiedzianej przez Kardyna\u0142a Biskupa Ostyi. Mimo wielorakich cud\u00f3w i licznych \u015bwiadectw \u015bwi\u0119tobliwo\u015bci jego, zaliczono go w poczet \u015awi\u0119tych dopiero w 200 lat po jego \u015bmierci, a Papie\u017c Sykstus V umie\u015bci\u0142 go w szeregu sze\u015bciu wielkich Doktor\u00f3w \u0142aci\u0144skich. Relikwie jego, z\u0142o\u017cone w Lugdunie w okaza\u0142ej kaplicy, spalone zosta\u0142y przez kalwin\u00f3w w roku 1562 na jednym z plac\u00f3w publicznych. Najpi\u0119kniejszym jego pomnikiem jest zbiorowe wydanie dzie\u0142 jego w o\u015bmiu wielkich foliantach.<\/p>\n\n\n\n<h2 class=\"wp-block-heading\"><br><strong>Nauka moralna.<\/strong><\/h2>\n\n\n\n<p class=\"has-text-align-justify wp-block-paragraph\">\u2009Prze\u015bliczna ksi\u0105\u017ceczka \u015bw. Bonawentury \u201eBodziec mi\u0142o\u015bci\u201c, ods\u0142ania nam w ca\u0142ym blasku pi\u0119kn\u0105 jego dusz\u0119 i pobo\u017cno\u015b\u0107, z jak\u0105 rozwa\u017ca\u0142 tajemnice M\u0119ki Pa\u0144skiej, jako te\u017c mi\u0142o\u015b\u0107 jego dziecinn\u0105 wzgl\u0119dem Naj\u015bw. Maryi Panny, z kt\u00f3r\u0105 b\u0142aga przeczyst\u0105 Dziewic\u0119, aby go przypu\u015bci\u0142a do udzia\u0142u w Swych smutkach. \u201eJaka\u017c rozkosz \u2014 m\u00f3wi \u2014 zespoli\u0107 swe serce z Twojem Sercem i z przebitem cia\u0142em Syna Twego! Nie pragn\u0119 ani blasku s\u0142onecznego, an gwiazd po\u0142ysku, t\u0119skni\u0119 jedynie do ran. Albo odejmij mi \u017cycie doczesne, albo ra\u0144 serce moje, gdy\u017c wstyd mnie na wskro\u015b przejmuje, gdy widz\u0119 okrutnie zbitego i um\u0119czonego Chrystusa Pana, gdy Ciebie, o Pani moja, widz\u0119 strapion\u0105 i udr\u0119czon\u0105 smutkiem, i gdy siebie, najniegodniejszego ze s\u0142ug Twoich, widz\u0119 wolnym od b\u00f3lu i udr\u0119cze\u0144. Wiem jednak\u017ce, co uczyni\u0119; u n\u00f3g Twych le\u017c\u0105c, b\u0142aga\u0107 b\u0119d\u0119 nieustannie, b\u0142aga\u0107 ze \u0142zami i westchnieniem, wo\u0142a\u0107 na ca\u0142y g\u0142os i nie przestan\u0119 si\u0119 naprzykrza\u0107, p\u00f3ki Kr\u00f3lowo Niebieska nie wys\u0142uchasz b\u0142agania mego i \u0142askawie si\u0119 wstawisz u Syna Twego.\u201c<\/p>\n\n\n\n<h2 class=\"wp-block-heading\"><br><strong>Modlitwa.<\/strong><\/h2>\n\n\n\n<blockquote class=\"wp-block-quote is-layout-flow wp-block-quote-is-layout-flow\"><p>\u2009Panie i Bo\u017ce m\u00f3j, racz mi\u0142o\u015bciwie natchn\u0105\u0107 serce moje tak\u0105 dobroci\u0105, \u0142agodno\u015bci\u0105, mi\u0142o\u015bci\u0105 i pokor\u0105, jakie zdobi\u0142y \u015bw. Bonawentur\u0119, s\u0142ug\u0119 i na\u015bladowc\u0119 Twego. B\u0142agam Ci\u0119, Panie, aby\u015b mi pozwoli\u0142 po zgonie radowa\u0107 si\u0119 towarzystwem jego i chwali\u0107 Ci\u0119 pospo\u0142u z ca\u0142ym orszakiem \u015bwi\u0119tych M\u0119czennik\u00f3w i Wyznawc\u00f3w Twoich, polecaj\u0105c Ci wszystkie my\u015bli, czyny i pragnienia moje. Przez Pana naszego Jezusa Chrystusa, kt\u00f3ry kr\u00f3luje w Niebie i na ziemi, po wszystkie wieki wiek\u00f3w. Amen.<\/p><\/blockquote>\n\n\n\n<figure class=\"wp-block-table\"><table><tbody><tr><td>\u2217&nbsp;&nbsp;&nbsp;&nbsp;&nbsp;&nbsp;&nbsp;&nbsp;&nbsp;&nbsp;&nbsp;&nbsp;&nbsp;&nbsp;&nbsp;&nbsp;&nbsp;&nbsp;&nbsp;&nbsp;\u2217<br>\u2217<\/td><\/tr><\/tbody><\/table><\/figure>\n\n\n\n<p class=\"wp-block-paragraph\">\u2009<em>Opr\u00f3cz tego obchodzi Ko\u015bci\u00f3\u0142 \u015bwi\u0119ty pami\u0105tk\u0119 nast\u0119puj\u0105cych \u015awi\u0119tych Pa\u0144skich, zamieszczonych w rzymskiem martyrologium:<\/em><\/p>\n\n\n\n<p class=\"has-text-align-justify wp-block-paragraph\">\u2009<strong>Dnia 14-go lipca<\/strong>&nbsp;w Lyonie z\u0142o\u017cenie \u015bw.&nbsp;Bonawentury, Wyznawcy i Nauczyciela Ko\u015bcio\u0142a, g\u0142\u00f3wnego Biskupa z Albano, z zakonu Franciszkan\u00f3w, m\u0119\u017ca wielce wsz\u0119dzie powa\u017canego dla swej uczono\u015bci i \u015bwi\u0119tego \u017cycia. \u2014 W Rzymie m\u0119cze\u0144stwo \u015bw.&nbsp;Justusa, \u017bo\u0142nierza, s\u0142u\u017c\u0105cego pod trybunem Klaudyuszem. Gdy po cudownem ukazaniu mu si\u0119 krzy\u017ca, Wiar\u0119 \u015bw. przyj\u0105\u0142 i ochrzcony zosta\u0142, wtedy rozdzieli\u0142 mi\u0119dzy ubogich prawie ca\u0142y sw\u00f3j maj\u0105tek. P\u00f3\u017aniej kaza\u0142 go prefekt Magnecyusz uj\u0105\u0107, \u017cy\u0142ami obiczowa\u0107, wsadzi\u0142 mu na g\u0142ow\u0119 he\u0142m rozpalony a potem w ogie\u0144 wrzuci\u0107, z czego&nbsp;jednak zwyci\u0119sko wyszed\u0142; wko\u0144cu umar\u0142 w wyznaniu wiary. \u2014 W Synopie w Poncie \u015bmier\u0107 m\u0119cze\u0144ska \u015bw.&nbsp;Fokasa, Biskupa, kt\u00f3ry pod cesarzem Trajanem znosz\u0105c wi\u0119zienie, kajdany, ogie\u0144 i miecz za Chrystusa, odda\u0142 dusz\u0119 Stw\u00f3rcy swemu. Relikwie jego zosta\u0142y przeniesione do Vienne we Francyi i z\u0142o\u017cone w bazylice \u015bw. Aposto\u0142\u00f3w. \u2014 W Aleksandryi uroczysto\u015b\u0107 \u015bw.&nbsp;Heraklasa, Patryarchy, stoj\u0105cego dla swej uczono\u015bci w takiem powa\u017caniu, \u017ce dziejopis Afrykanus, jak sam powiada, do Aleksandryi podr\u00f3\u017cowa\u0142, aby go zobaczy\u0107. \u2014 W Kartaginie uroczysto\u015b\u0107 \u015bw.&nbsp;Cyrusa, Biskupa, na kt\u00f3rego cze\u015b\u0107 \u015bw. Augustyn mia\u0142 mow\u0119 pochwaln\u0105 przed ludem. \u2014 W Como uroczysto\u015b\u0107 \u015bw.&nbsp;Feliksa, pierwszego Biskupa tego\u017c miasta. \u2014 W Brescyi uroczysto\u015b\u0107 \u015bw.&nbsp;Optacyana, Biskupa. \u2014 W Deventer w Holandyi uroczysto\u015b\u0107 \u015bw.&nbsp;Marcellina, Kap\u0142ana i Wyznawcy. \u2014 W Rzymie uroczysto\u015b\u0107 \u015bw.&nbsp;Kamilla de Lelliis, Wyznawcy, Za\u0142o\u017cyciela Zakonu regularnych kleryk\u00f3w dla s\u0142u\u017cby chorych, kt\u00f3rego Papie\u017c Benedykt XIV dla jego cn\u00f3t i cud\u00f3w przyj\u0105\u0142 do liczby \u015awi\u0119tych.<\/p>\n","protected":false},"excerpt":{"rendered":"<p>System teologiczny \u015bw. Bonawentury, oparty na \u015bw. Augustynie i mniej na Arystotelesie, bywa cz\u0119sto przedstawiany jako alternatywa do \u015bw. Tomasza. <\/p>\n","protected":false},"author":60508433,"featured_media":50447,"comment_status":"open","ping_status":"open","sticky":false,"template":"","format":"standard","meta":{"_bbp_topic_count":0,"_bbp_reply_count":0,"_bbp_total_topic_count":0,"_bbp_total_reply_count":0,"_bbp_voice_count":0,"_bbp_anonymous_reply_count":0,"_bbp_topic_count_hidden":0,"_bbp_reply_count_hidden":0,"_bbp_forum_subforum_count":0,"_editorskit_title_hidden":false,"_editorskit_reading_time":0,"_editorskit_is_block_options_detached":false,"_editorskit_block_options_position":"{}","_coblocks_attr":"","_coblocks_dimensions":"","_coblocks_responsive_height":"","_coblocks_accordion_ie_support":"","_exactmetrics_skip_tracking":false,"_jetpack_newsletter_access":"","_jetpack_dont_email_post_to_subs":false,"_jetpack_newsletter_tier_id":0,"_jetpack_memberships_contains_paywalled_content":false,"_wpcom_ai_launchpad_first_post":false,"_jetpack_feature_clip_id":0,"_jetpack_memberships_contains_paid_content":false,"footnotes":"","jetpack_publicize_message":"{title}\n\n{excerpt}\n\n{url}","jetpack_publicize_feature_enabled":true,"jetpack_social_post_already_shared":true,"jetpack_social_options":{"image_generator_settings":{"template":"highway","default_image_id":0,"font":"","enabled":false},"version":2},"_wpas_customize_per_network":false,"jetpack_post_was_ever_published":false},"categories":[610131822,610131184,336375535,610134932,610131268,610131155,610132042],"tags":[610133352],"class_list":["post-147273","post","type-post","status-publish","format-standard","has-post-thumbnail","hentry","category-swieta-w-lipcu","category-duchowosc","category-liturgia-i-liturgika","category-mescy-swieci","category-rok-liturgiczny","category-rozwazania","category-zywoty-swietych","tag-mescy-swieci"],"yoast_head":"<!-- This site is optimized with the Yoast SEO plugin v28.4 - https:\/\/yoast.com\/product\/yoast-seo-wordpress\/ -->\n<title>14-go Lipca. \u017bywot \u015bw. Bonawentury, Doktora Ko\u015bcio\u0142a \u015bw. - Tradycja i Wiara<\/title>\n<meta name=\"robots\" content=\"index, follow, max-snippet:-1, max-image-preview:large, max-video-preview:-1\" \/>\n<link rel=\"canonical\" href=\"https:\/\/wobronietradycjiiwiary.com\/pl\/14-go-lipca-zywot-sw-bonawentury-doktora-kosciola-sw-3-3\/\" \/>\n<meta property=\"og:locale\" content=\"pl_PL\" \/>\n<meta property=\"og:type\" content=\"article\" \/>\n<meta property=\"og:title\" content=\"14-go Lipca. \u017bywot \u015bw. Bonawentury, Doktora Ko\u015bcio\u0142a \u015bw. - Tradycja i Wiara\" \/>\n<meta property=\"og:description\" content=\"System teologiczny \u015bw. Bonawentury, oparty na \u015bw. Augustynie i mniej na Arystotelesie, bywa cz\u0119sto przedstawiany jako alternatywa do \u015bw. Tomasza.\" \/>\n<meta property=\"og:url\" content=\"https:\/\/wobronietradycjiiwiary.com\/pl\/14-go-lipca-zywot-sw-bonawentury-doktora-kosciola-sw-3-3\/\" \/>\n<meta property=\"og:site_name\" content=\"Tradycja i Wiara\" \/>\n<meta property=\"article:publisher\" content=\"https:\/\/www.facebook.com\/Tradycja-i-Wiara-108813920592249\" \/>\n<meta property=\"article:published_time\" content=\"2025-07-14T06:15:47+00:00\" \/>\n<meta property=\"article:modified_time\" content=\"2025-07-14T07:36:22+00:00\" \/>\n<meta property=\"og:image\" content=\"https:\/\/wobronietradycjiiwiary.com\/wp-content\/uploads\/2021\/07\/Bonaventura-1-e1626191668847.jpg\" \/>\n\t<meta property=\"og:image:width\" content=\"1498\" \/>\n\t<meta property=\"og:image:height\" content=\"1208\" \/>\n\t<meta property=\"og:image:type\" content=\"image\/jpeg\" \/>\n<meta name=\"author\" content=\"Traditio et Fides\" \/>\n<meta name=\"twitter:card\" content=\"summary_large_image\" \/>\n<meta name=\"twitter:label1\" content=\"Napisane przez\" \/>\n\t<meta name=\"twitter:data1\" content=\"Traditio et Fides\" \/>\n\t<meta name=\"twitter:label2\" content=\"Szacowany czas czytania\" \/>\n\t<meta name=\"twitter:data2\" content=\"8 minut\" \/>\n<script type=\"application\/ld+json\" class=\"yoast-schema-graph\">{\"@context\":\"https:\\\/\\\/schema.org\",\"@graph\":[{\"@type\":\"Article\",\"@id\":\"https:\\\/\\\/wobronietradycjiiwiary.com\\\/14-go-lipca-zywot-sw-bonawentury-doktora-kosciola-sw-3-3\\\/#article\",\"isPartOf\":{\"@id\":\"https:\\\/\\\/wobronietradycjiiwiary.com\\\/14-go-lipca-zywot-sw-bonawentury-doktora-kosciola-sw-3-3\\\/\"},\"author\":{\"name\":\"Traditio et Fides\",\"@id\":\"https:\\\/\\\/wobronietradycjiiwiary.com\\\/pl\\\/#\\\/schema\\\/person\\\/2d6180ce6abcb681fef0daab7816e8f3\"},\"headline\":\"14-go Lipca. \u017bywot \u015bw. Bonawentury, Doktora Ko\u015bcio\u0142a \u015bw.\",\"datePublished\":\"2025-07-14T06:15:47+00:00\",\"dateModified\":\"2025-07-14T07:36:22+00:00\",\"mainEntityOfPage\":{\"@id\":\"https:\\\/\\\/wobronietradycjiiwiary.com\\\/14-go-lipca-zywot-sw-bonawentury-doktora-kosciola-sw-3-3\\\/\"},\"wordCount\":1562,\"commentCount\":0,\"publisher\":{\"@id\":\"https:\\\/\\\/wobronietradycjiiwiary.com\\\/pl\\\/#organization\"},\"image\":{\"@id\":\"https:\\\/\\\/wobronietradycjiiwiary.com\\\/14-go-lipca-zywot-sw-bonawentury-doktora-kosciola-sw-3-3\\\/#primaryimage\"},\"thumbnailUrl\":\"https:\\\/\\\/wobronietradycjiiwiary.com\\\/wp-content\\\/uploads\\\/2021\\\/07\\\/Bonaventura-1-e1626191668847.jpg\",\"keywords\":[\"m\u0119scy \u015bwi\u0119ci\"],\"articleSection\":[\"07. \u015awi\u0119ta w lipcu\",\"Duchowo\u015b\u0107\",\"Liturgia i liturgika\",\"M\u0119scy \u015bwi\u0119ci\",\"Rok liturgiczny\",\"Rozwa\u017cania liturgiczne\",\"\u017bywoty \u015awi\u0119tych\"],\"inLanguage\":\"pl-PL\",\"potentialAction\":[{\"@type\":\"CommentAction\",\"name\":\"Comment\",\"target\":[\"https:\\\/\\\/wobronietradycjiiwiary.com\\\/14-go-lipca-zywot-sw-bonawentury-doktora-kosciola-sw-3-3\\\/#respond\"]}]},{\"@type\":\"WebPage\",\"@id\":\"https:\\\/\\\/wobronietradycjiiwiary.com\\\/14-go-lipca-zywot-sw-bonawentury-doktora-kosciola-sw-3-3\\\/\",\"url\":\"https:\\\/\\\/wobronietradycjiiwiary.com\\\/14-go-lipca-zywot-sw-bonawentury-doktora-kosciola-sw-3-3\\\/\",\"name\":\"14-go Lipca. \u017bywot \u015bw. Bonawentury, Doktora Ko\u015bcio\u0142a \u015bw. - Tradycja i Wiara\",\"isPartOf\":{\"@id\":\"https:\\\/\\\/wobronietradycjiiwiary.com\\\/pl\\\/#website\"},\"primaryImageOfPage\":{\"@id\":\"https:\\\/\\\/wobronietradycjiiwiary.com\\\/14-go-lipca-zywot-sw-bonawentury-doktora-kosciola-sw-3-3\\\/#primaryimage\"},\"image\":{\"@id\":\"https:\\\/\\\/wobronietradycjiiwiary.com\\\/14-go-lipca-zywot-sw-bonawentury-doktora-kosciola-sw-3-3\\\/#primaryimage\"},\"thumbnailUrl\":\"https:\\\/\\\/wobronietradycjiiwiary.com\\\/wp-content\\\/uploads\\\/2021\\\/07\\\/Bonaventura-1-e1626191668847.jpg\",\"datePublished\":\"2025-07-14T06:15:47+00:00\",\"dateModified\":\"2025-07-14T07:36:22+00:00\",\"breadcrumb\":{\"@id\":\"https:\\\/\\\/wobronietradycjiiwiary.com\\\/14-go-lipca-zywot-sw-bonawentury-doktora-kosciola-sw-3-3\\\/#breadcrumb\"},\"inLanguage\":\"pl-PL\",\"potentialAction\":[{\"@type\":\"ReadAction\",\"target\":[\"https:\\\/\\\/wobronietradycjiiwiary.com\\\/14-go-lipca-zywot-sw-bonawentury-doktora-kosciola-sw-3-3\\\/\"]}]},{\"@type\":\"ImageObject\",\"inLanguage\":\"pl-PL\",\"@id\":\"https:\\\/\\\/wobronietradycjiiwiary.com\\\/14-go-lipca-zywot-sw-bonawentury-doktora-kosciola-sw-3-3\\\/#primaryimage\",\"url\":\"https:\\\/\\\/wobronietradycjiiwiary.com\\\/wp-content\\\/uploads\\\/2021\\\/07\\\/Bonaventura-1-e1626191668847.jpg\",\"contentUrl\":\"https:\\\/\\\/wobronietradycjiiwiary.com\\\/wp-content\\\/uploads\\\/2021\\\/07\\\/Bonaventura-1-e1626191668847.jpg\",\"width\":1498,\"height\":1208},{\"@type\":\"BreadcrumbList\",\"@id\":\"https:\\\/\\\/wobronietradycjiiwiary.com\\\/14-go-lipca-zywot-sw-bonawentury-doktora-kosciola-sw-3-3\\\/#breadcrumb\",\"itemListElement\":[{\"@type\":\"ListItem\",\"position\":1,\"name\":\"Strona g\u0142\u00f3wna\",\"item\":\"https:\\\/\\\/wobronietradycjiiwiary.com\\\/\"},{\"@type\":\"ListItem\",\"position\":2,\"name\":\"14-go Lipca. \u017bywot \u015bw. Bonawentury, Doktora Ko\u015bcio\u0142a \u015bw.\"}]},{\"@type\":\"WebSite\",\"@id\":\"https:\\\/\\\/wobronietradycjiiwiary.com\\\/pl\\\/#website\",\"url\":\"https:\\\/\\\/wobronietradycjiiwiary.com\\\/pl\\\/\",\"name\":\"Tradycja i Wiara\",\"description\":\"Portal dla katolik\u00f3w.\",\"publisher\":{\"@id\":\"https:\\\/\\\/wobronietradycjiiwiary.com\\\/pl\\\/#organization\"},\"potentialAction\":[{\"@type\":\"SearchAction\",\"target\":{\"@type\":\"EntryPoint\",\"urlTemplate\":\"https:\\\/\\\/wobronietradycjiiwiary.com\\\/pl\\\/?s={search_term_string}\"},\"query-input\":{\"@type\":\"PropertyValueSpecification\",\"valueRequired\":true,\"valueName\":\"search_term_string\"}}],\"inLanguage\":\"pl-PL\"},{\"@type\":\"Organization\",\"@id\":\"https:\\\/\\\/wobronietradycjiiwiary.com\\\/pl\\\/#organization\",\"name\":\"Tradycja i Wiara\",\"url\":\"https:\\\/\\\/wobronietradycjiiwiary.com\\\/pl\\\/\",\"logo\":{\"@type\":\"ImageObject\",\"inLanguage\":\"pl-PL\",\"@id\":\"https:\\\/\\\/wobronietradycjiiwiary.com\\\/pl\\\/#\\\/schema\\\/logo\\\/image\\\/\",\"url\":\"https:\\\/\\\/i0.wp.com\\\/wobronietradycjiiwiary.com\\\/wp-content\\\/uploads\\\/2015\\\/10\\\/cropped-st-peters-dome-vatican.jpg?fit=940%2C198&ssl=1\",\"contentUrl\":\"https:\\\/\\\/i0.wp.com\\\/wobronietradycjiiwiary.com\\\/wp-content\\\/uploads\\\/2015\\\/10\\\/cropped-st-peters-dome-vatican.jpg?fit=940%2C198&ssl=1\",\"width\":940,\"height\":198,\"caption\":\"Tradycja i Wiara\"},\"image\":{\"@id\":\"https:\\\/\\\/wobronietradycjiiwiary.com\\\/pl\\\/#\\\/schema\\\/logo\\\/image\\\/\"},\"sameAs\":[\"https:\\\/\\\/www.facebook.com\\\/Tradycja-i-Wiara-108813920592249\"]},{\"@type\":\"Person\",\"@id\":\"https:\\\/\\\/wobronietradycjiiwiary.com\\\/pl\\\/#\\\/schema\\\/person\\\/2d6180ce6abcb681fef0daab7816e8f3\",\"name\":\"Traditio et Fides\",\"sameAs\":[\"https:\\\/\\\/traditionundglauben.com\"],\"url\":\"https:\\\/\\\/wobronietradycjiiwiary.com\\\/pl\\\/author\\\/wobronietradycjiiwiary\\\/\"}]}<\/script>\n<!-- \/ Yoast SEO plugin. -->","yoast_head_json":{"title":"14-go Lipca. \u017bywot \u015bw. Bonawentury, Doktora Ko\u015bcio\u0142a \u015bw. - Tradycja i Wiara","robots":{"index":"index","follow":"follow","max-snippet":"max-snippet:-1","max-image-preview":"max-image-preview:large","max-video-preview":"max-video-preview:-1"},"canonical":"https:\/\/wobronietradycjiiwiary.com\/pl\/14-go-lipca-zywot-sw-bonawentury-doktora-kosciola-sw-3-3\/","og_locale":"pl_PL","og_type":"article","og_title":"14-go Lipca. \u017bywot \u015bw. Bonawentury, Doktora Ko\u015bcio\u0142a \u015bw. - Tradycja i Wiara","og_description":"System teologiczny \u015bw. Bonawentury, oparty na \u015bw. Augustynie i mniej na Arystotelesie, bywa cz\u0119sto przedstawiany jako alternatywa do \u015bw. Tomasza.","og_url":"https:\/\/wobronietradycjiiwiary.com\/pl\/14-go-lipca-zywot-sw-bonawentury-doktora-kosciola-sw-3-3\/","og_site_name":"Tradycja i Wiara","article_publisher":"https:\/\/www.facebook.com\/Tradycja-i-Wiara-108813920592249","article_published_time":"2025-07-14T06:15:47+00:00","article_modified_time":"2025-07-14T07:36:22+00:00","og_image":[{"width":1498,"height":1208,"url":"https:\/\/wobronietradycjiiwiary.com\/wp-content\/uploads\/2021\/07\/Bonaventura-1-e1626191668847.jpg","type":"image\/jpeg"}],"author":"Traditio et Fides","twitter_card":"summary_large_image","twitter_misc":{"Napisane przez":"Traditio et Fides","Szacowany czas czytania":"8 minut"},"schema":{"@context":"https:\/\/schema.org","@graph":[{"@type":"Article","@id":"https:\/\/wobronietradycjiiwiary.com\/14-go-lipca-zywot-sw-bonawentury-doktora-kosciola-sw-3-3\/#article","isPartOf":{"@id":"https:\/\/wobronietradycjiiwiary.com\/14-go-lipca-zywot-sw-bonawentury-doktora-kosciola-sw-3-3\/"},"author":{"name":"Traditio et Fides","@id":"https:\/\/wobronietradycjiiwiary.com\/pl\/#\/schema\/person\/2d6180ce6abcb681fef0daab7816e8f3"},"headline":"14-go Lipca. \u017bywot \u015bw. Bonawentury, Doktora Ko\u015bcio\u0142a \u015bw.","datePublished":"2025-07-14T06:15:47+00:00","dateModified":"2025-07-14T07:36:22+00:00","mainEntityOfPage":{"@id":"https:\/\/wobronietradycjiiwiary.com\/14-go-lipca-zywot-sw-bonawentury-doktora-kosciola-sw-3-3\/"},"wordCount":1562,"commentCount":0,"publisher":{"@id":"https:\/\/wobronietradycjiiwiary.com\/pl\/#organization"},"image":{"@id":"https:\/\/wobronietradycjiiwiary.com\/14-go-lipca-zywot-sw-bonawentury-doktora-kosciola-sw-3-3\/#primaryimage"},"thumbnailUrl":"https:\/\/wobronietradycjiiwiary.com\/wp-content\/uploads\/2021\/07\/Bonaventura-1-e1626191668847.jpg","keywords":["m\u0119scy \u015bwi\u0119ci"],"articleSection":["07. \u015awi\u0119ta w lipcu","Duchowo\u015b\u0107","Liturgia i liturgika","M\u0119scy \u015bwi\u0119ci","Rok liturgiczny","Rozwa\u017cania liturgiczne","\u017bywoty \u015awi\u0119tych"],"inLanguage":"pl-PL","potentialAction":[{"@type":"CommentAction","name":"Comment","target":["https:\/\/wobronietradycjiiwiary.com\/14-go-lipca-zywot-sw-bonawentury-doktora-kosciola-sw-3-3\/#respond"]}]},{"@type":"WebPage","@id":"https:\/\/wobronietradycjiiwiary.com\/14-go-lipca-zywot-sw-bonawentury-doktora-kosciola-sw-3-3\/","url":"https:\/\/wobronietradycjiiwiary.com\/14-go-lipca-zywot-sw-bonawentury-doktora-kosciola-sw-3-3\/","name":"14-go Lipca. \u017bywot \u015bw. Bonawentury, Doktora Ko\u015bcio\u0142a \u015bw. - Tradycja i Wiara","isPartOf":{"@id":"https:\/\/wobronietradycjiiwiary.com\/pl\/#website"},"primaryImageOfPage":{"@id":"https:\/\/wobronietradycjiiwiary.com\/14-go-lipca-zywot-sw-bonawentury-doktora-kosciola-sw-3-3\/#primaryimage"},"image":{"@id":"https:\/\/wobronietradycjiiwiary.com\/14-go-lipca-zywot-sw-bonawentury-doktora-kosciola-sw-3-3\/#primaryimage"},"thumbnailUrl":"https:\/\/wobronietradycjiiwiary.com\/wp-content\/uploads\/2021\/07\/Bonaventura-1-e1626191668847.jpg","datePublished":"2025-07-14T06:15:47+00:00","dateModified":"2025-07-14T07:36:22+00:00","breadcrumb":{"@id":"https:\/\/wobronietradycjiiwiary.com\/14-go-lipca-zywot-sw-bonawentury-doktora-kosciola-sw-3-3\/#breadcrumb"},"inLanguage":"pl-PL","potentialAction":[{"@type":"ReadAction","target":["https:\/\/wobronietradycjiiwiary.com\/14-go-lipca-zywot-sw-bonawentury-doktora-kosciola-sw-3-3\/"]}]},{"@type":"ImageObject","inLanguage":"pl-PL","@id":"https:\/\/wobronietradycjiiwiary.com\/14-go-lipca-zywot-sw-bonawentury-doktora-kosciola-sw-3-3\/#primaryimage","url":"https:\/\/wobronietradycjiiwiary.com\/wp-content\/uploads\/2021\/07\/Bonaventura-1-e1626191668847.jpg","contentUrl":"https:\/\/wobronietradycjiiwiary.com\/wp-content\/uploads\/2021\/07\/Bonaventura-1-e1626191668847.jpg","width":1498,"height":1208},{"@type":"BreadcrumbList","@id":"https:\/\/wobronietradycjiiwiary.com\/14-go-lipca-zywot-sw-bonawentury-doktora-kosciola-sw-3-3\/#breadcrumb","itemListElement":[{"@type":"ListItem","position":1,"name":"Strona g\u0142\u00f3wna","item":"https:\/\/wobronietradycjiiwiary.com\/"},{"@type":"ListItem","position":2,"name":"14-go Lipca. \u017bywot \u015bw. Bonawentury, Doktora Ko\u015bcio\u0142a \u015bw."}]},{"@type":"WebSite","@id":"https:\/\/wobronietradycjiiwiary.com\/pl\/#website","url":"https:\/\/wobronietradycjiiwiary.com\/pl\/","name":"Tradycja i Wiara","description":"Portal dla katolik\u00f3w.","publisher":{"@id":"https:\/\/wobronietradycjiiwiary.com\/pl\/#organization"},"potentialAction":[{"@type":"SearchAction","target":{"@type":"EntryPoint","urlTemplate":"https:\/\/wobronietradycjiiwiary.com\/pl\/?s={search_term_string}"},"query-input":{"@type":"PropertyValueSpecification","valueRequired":true,"valueName":"search_term_string"}}],"inLanguage":"pl-PL"},{"@type":"Organization","@id":"https:\/\/wobronietradycjiiwiary.com\/pl\/#organization","name":"Tradycja i Wiara","url":"https:\/\/wobronietradycjiiwiary.com\/pl\/","logo":{"@type":"ImageObject","inLanguage":"pl-PL","@id":"https:\/\/wobronietradycjiiwiary.com\/pl\/#\/schema\/logo\/image\/","url":"https:\/\/i0.wp.com\/wobronietradycjiiwiary.com\/wp-content\/uploads\/2015\/10\/cropped-st-peters-dome-vatican.jpg?fit=940%2C198&ssl=1","contentUrl":"https:\/\/i0.wp.com\/wobronietradycjiiwiary.com\/wp-content\/uploads\/2015\/10\/cropped-st-peters-dome-vatican.jpg?fit=940%2C198&ssl=1","width":940,"height":198,"caption":"Tradycja i Wiara"},"image":{"@id":"https:\/\/wobronietradycjiiwiary.com\/pl\/#\/schema\/logo\/image\/"},"sameAs":["https:\/\/www.facebook.com\/Tradycja-i-Wiara-108813920592249"]},{"@type":"Person","@id":"https:\/\/wobronietradycjiiwiary.com\/pl\/#\/schema\/person\/2d6180ce6abcb681fef0daab7816e8f3","name":"Traditio et Fides","sameAs":["https:\/\/traditionundglauben.com"],"url":"https:\/\/wobronietradycjiiwiary.com\/pl\/author\/wobronietradycjiiwiary\/"}]}},"jetpack_publicize_connections":[],"jetpack_sharing_enabled":true,"jetpack_likes_enabled":true,"jetpack_shortlink":"https:\/\/wp.me\/pc04Sd-Cjn","jetpack-related-posts":[{"id":168196,"url":"https:\/\/wobronietradycjiiwiary.com\/pl\/14-go-lipca-zywot-sw-bonawentury-doktora-kosciola-sw-3-3-2\/","url_meta":{"origin":147273,"position":0},"title":"14-go Lipca. \u017bywot \u015bw. Bonawentury, Doktora Ko\u015bcio\u0142a \u015bw.","author":"Traditio et Fides","date":"14 lipca 2026","format":false,"excerpt":"System teologiczny \u015bw. Bonawentury, oparty na \u015bw. Augustynie i mniej na Arystotelesie, bywa cz\u0119sto przedstawiany jako alternatywa do \u015bw. Tomasza.","rel":"","context":"W \u201e07. \u015awi\u0119ta w lipcu&quot;","block_context":{"text":"07. \u015awi\u0119ta w lipcu","link":"https:\/\/wobronietradycjiiwiary.com\/pl\/category\/duchowosc\/liturgia-i-liturgika\/rozwazania\/rok-liturgiczny\/swieta-w-lipcu\/"},"img":{"alt_text":"","src":"https:\/\/i0.wp.com\/wobronietradycjiiwiary.com\/wp-content\/uploads\/2021\/07\/Bonaventura-1-e1626191668847.jpg?resize=350%2C200&ssl=1","width":350,"height":200,"srcset":"https:\/\/i0.wp.com\/wobronietradycjiiwiary.com\/wp-content\/uploads\/2021\/07\/Bonaventura-1-e1626191668847.jpg?resize=350%2C200&ssl=1 1x, https:\/\/i0.wp.com\/wobronietradycjiiwiary.com\/wp-content\/uploads\/2021\/07\/Bonaventura-1-e1626191668847.jpg?resize=525%2C300&ssl=1 1.5x, https:\/\/i0.wp.com\/wobronietradycjiiwiary.com\/wp-content\/uploads\/2021\/07\/Bonaventura-1-e1626191668847.jpg?resize=700%2C400&ssl=1 2x, https:\/\/i0.wp.com\/wobronietradycjiiwiary.com\/wp-content\/uploads\/2021\/07\/Bonaventura-1-e1626191668847.jpg?resize=1050%2C600&ssl=1 3x, https:\/\/i0.wp.com\/wobronietradycjiiwiary.com\/wp-content\/uploads\/2021\/07\/Bonaventura-1-e1626191668847.jpg?resize=1400%2C800&ssl=1 4x"},"classes":[]},{"id":96625,"url":"https:\/\/wobronietradycjiiwiary.com\/pl\/14-go-lipca-zywot-sw-bonawentury-doktora-kosciola-sw-3\/","url_meta":{"origin":147273,"position":1},"title":"14-go Lipca. \u017bywot \u015bw. Bonawentury, Doktora Ko\u015bcio\u0142a \u015bw.","author":"Traditio et Fides","date":"14 lipca 2023","format":false,"excerpt":"System teologiczny \u015bw. Bonawentury, oparty na \u015bw. Augustynie i mniej na Arystotelesie, bywa cz\u0119sto przedstawiany jako alternatywa do \u015bw. Tomasza. Jest z pewno\u015bci\u0105 ubogaceniem, ale \u015bw. Tomasz jest bardziej \"podr\u0119cznikowy\" i \u0142atwiejszy do zapami\u0119tania. Bardzo \u017carliwe i g\u0142\u0119bokie s\u0105 modlitwy \u015bw. Bonawentury przed odprawianiem Mszy \u015aw.","rel":"","context":"W \u201e07. \u015awi\u0119ta w lipcu&quot;","block_context":{"text":"07. \u015awi\u0119ta w lipcu","link":"https:\/\/wobronietradycjiiwiary.com\/pl\/category\/duchowosc\/liturgia-i-liturgika\/rozwazania\/rok-liturgiczny\/swieta-w-lipcu\/"},"img":{"alt_text":"","src":"https:\/\/i0.wp.com\/wobronietradycjiiwiary.com\/wp-content\/uploads\/2021\/07\/Bonaventura-1-e1626191668847.jpg?resize=350%2C200&ssl=1","width":350,"height":200,"srcset":"https:\/\/i0.wp.com\/wobronietradycjiiwiary.com\/wp-content\/uploads\/2021\/07\/Bonaventura-1-e1626191668847.jpg?resize=350%2C200&ssl=1 1x, https:\/\/i0.wp.com\/wobronietradycjiiwiary.com\/wp-content\/uploads\/2021\/07\/Bonaventura-1-e1626191668847.jpg?resize=525%2C300&ssl=1 1.5x, https:\/\/i0.wp.com\/wobronietradycjiiwiary.com\/wp-content\/uploads\/2021\/07\/Bonaventura-1-e1626191668847.jpg?resize=700%2C400&ssl=1 2x, https:\/\/i0.wp.com\/wobronietradycjiiwiary.com\/wp-content\/uploads\/2021\/07\/Bonaventura-1-e1626191668847.jpg?resize=1050%2C600&ssl=1 3x, https:\/\/i0.wp.com\/wobronietradycjiiwiary.com\/wp-content\/uploads\/2021\/07\/Bonaventura-1-e1626191668847.jpg?resize=1400%2C800&ssl=1 4x"},"classes":[]},{"id":50443,"url":"https:\/\/wobronietradycjiiwiary.com\/pl\/14-go-lipca-zywot-sw-bonawentury-doktora-kosciola-sw\/","url_meta":{"origin":147273,"position":2},"title":"14-go Lipca. \u017bywot \u015bw. Bonawentury, Doktora Ko\u015bcio\u0142a \u015bw.","author":"Traditio et Fides","date":"14 lipca 2021","format":false,"excerpt":"System teologiczny \u015bw. Bonawentury, oparty na \u015bw. Augustynie i mniej na Arystotelesie, bywa cz\u0119sto przedstawiany jako alternatywa do \u015bw. Tomasza. Jest z pewno\u015bci\u0105 ubogaceniem, ale \u015bw. Tomasz jest bardziej \"podr\u0119cznikowy\" i \u0142atwiejszy do zapami\u0119tania. Bardzo \u017carliwe i g\u0142\u0119bokie s\u0105 modlitwy \u015bw. Bonawentury przed odprawianiem Mszy \u015aw.","rel":"","context":"W \u201e07. \u015awi\u0119ta w lipcu&quot;","block_context":{"text":"07. \u015awi\u0119ta w lipcu","link":"https:\/\/wobronietradycjiiwiary.com\/pl\/category\/duchowosc\/liturgia-i-liturgika\/rozwazania\/rok-liturgiczny\/swieta-w-lipcu\/"},"img":{"alt_text":"","src":"https:\/\/i0.wp.com\/wobronietradycjiiwiary.com\/wp-content\/uploads\/2021\/07\/Bonaventura-1-e1626191668847.jpg?resize=350%2C200&ssl=1","width":350,"height":200,"srcset":"https:\/\/i0.wp.com\/wobronietradycjiiwiary.com\/wp-content\/uploads\/2021\/07\/Bonaventura-1-e1626191668847.jpg?resize=350%2C200&ssl=1 1x, https:\/\/i0.wp.com\/wobronietradycjiiwiary.com\/wp-content\/uploads\/2021\/07\/Bonaventura-1-e1626191668847.jpg?resize=525%2C300&ssl=1 1.5x, https:\/\/i0.wp.com\/wobronietradycjiiwiary.com\/wp-content\/uploads\/2021\/07\/Bonaventura-1-e1626191668847.jpg?resize=700%2C400&ssl=1 2x, https:\/\/i0.wp.com\/wobronietradycjiiwiary.com\/wp-content\/uploads\/2021\/07\/Bonaventura-1-e1626191668847.jpg?resize=1050%2C600&ssl=1 3x, https:\/\/i0.wp.com\/wobronietradycjiiwiary.com\/wp-content\/uploads\/2021\/07\/Bonaventura-1-e1626191668847.jpg?resize=1400%2C800&ssl=1 4x"},"classes":[]},{"id":72863,"url":"https:\/\/wobronietradycjiiwiary.com\/pl\/14-go-lipca-zywot-sw-bonawentury-doktora-kosciola-sw-2\/","url_meta":{"origin":147273,"position":3},"title":"14-go Lipca. \u017bywot \u015bw. Bonawentury, Doktora Ko\u015bcio\u0142a \u015bw.","author":"Traditio et Fides","date":"14 lipca 2022","format":false,"excerpt":"System teologiczny \u015bw. Bonawentury, oparty na \u015bw. Augustynie i mniej na Arystotelesie, bywa cz\u0119sto przedstawiany jako alternatywa do \u015bw. Tomasza. Jest z pewno\u015bci\u0105 ubogaceniem, ale \u015bw. Tomasz jest bardziej \"podr\u0119cznikowy\" i \u0142atwiejszy do zapami\u0119tania. Bardzo \u017carliwe i g\u0142\u0119bokie s\u0105 modlitwy \u015bw. Bonawentury przed odprawianiem Mszy \u015aw.","rel":"","context":"W \u201e07. \u015awi\u0119ta w lipcu&quot;","block_context":{"text":"07. \u015awi\u0119ta w lipcu","link":"https:\/\/wobronietradycjiiwiary.com\/pl\/category\/duchowosc\/liturgia-i-liturgika\/rozwazania\/rok-liturgiczny\/swieta-w-lipcu\/"},"img":{"alt_text":"","src":"https:\/\/i0.wp.com\/wobronietradycjiiwiary.com\/wp-content\/uploads\/2021\/07\/Bonaventura-1-e1626191668847.jpg?resize=350%2C200&ssl=1","width":350,"height":200,"srcset":"https:\/\/i0.wp.com\/wobronietradycjiiwiary.com\/wp-content\/uploads\/2021\/07\/Bonaventura-1-e1626191668847.jpg?resize=350%2C200&ssl=1 1x, https:\/\/i0.wp.com\/wobronietradycjiiwiary.com\/wp-content\/uploads\/2021\/07\/Bonaventura-1-e1626191668847.jpg?resize=525%2C300&ssl=1 1.5x, https:\/\/i0.wp.com\/wobronietradycjiiwiary.com\/wp-content\/uploads\/2021\/07\/Bonaventura-1-e1626191668847.jpg?resize=700%2C400&ssl=1 2x, https:\/\/i0.wp.com\/wobronietradycjiiwiary.com\/wp-content\/uploads\/2021\/07\/Bonaventura-1-e1626191668847.jpg?resize=1050%2C600&ssl=1 3x, https:\/\/i0.wp.com\/wobronietradycjiiwiary.com\/wp-content\/uploads\/2021\/07\/Bonaventura-1-e1626191668847.jpg?resize=1400%2C800&ssl=1 4x"},"classes":[]},{"id":118647,"url":"https:\/\/wobronietradycjiiwiary.com\/pl\/14-go-lipca-zywot-sw-bonawentury-doktora-kosciola-sw-3-2\/","url_meta":{"origin":147273,"position":4},"title":"14-go Lipca. \u017bywot \u015bw. Bonawentury, Doktora Ko\u015bcio\u0142a \u015bw.","author":"Traditio et Fides","date":"14 lipca 2024","format":false,"excerpt":"System teologiczny \u015bw. Bonawentury, oparty na \u015bw. Augustynie i mniej na Arystotelesie, bywa cz\u0119sto przedstawiany jako alternatywa do \u015bw. Tomasza. Jest z pewno\u015bci\u0105 ubogaceniem, ale \u015bw. Tomasz jest bardziej \"podr\u0119cznikowy\" i \u0142atwiejszy do zapami\u0119tania. Bardzo \u017carliwe i g\u0142\u0119bokie s\u0105 modlitwy \u015bw. Bonawentury przed odprawianiem Mszy \u015aw.","rel":"","context":"W \u201e07. \u015awi\u0119ta w lipcu&quot;","block_context":{"text":"07. \u015awi\u0119ta w lipcu","link":"https:\/\/wobronietradycjiiwiary.com\/pl\/category\/duchowosc\/liturgia-i-liturgika\/rozwazania\/rok-liturgiczny\/swieta-w-lipcu\/"},"img":{"alt_text":"","src":"https:\/\/i0.wp.com\/wobronietradycjiiwiary.com\/wp-content\/uploads\/2021\/07\/Bonaventura-1-e1626191668847.jpg?resize=350%2C200&ssl=1","width":350,"height":200,"srcset":"https:\/\/i0.wp.com\/wobronietradycjiiwiary.com\/wp-content\/uploads\/2021\/07\/Bonaventura-1-e1626191668847.jpg?resize=350%2C200&ssl=1 1x, https:\/\/i0.wp.com\/wobronietradycjiiwiary.com\/wp-content\/uploads\/2021\/07\/Bonaventura-1-e1626191668847.jpg?resize=525%2C300&ssl=1 1.5x, https:\/\/i0.wp.com\/wobronietradycjiiwiary.com\/wp-content\/uploads\/2021\/07\/Bonaventura-1-e1626191668847.jpg?resize=700%2C400&ssl=1 2x, https:\/\/i0.wp.com\/wobronietradycjiiwiary.com\/wp-content\/uploads\/2021\/07\/Bonaventura-1-e1626191668847.jpg?resize=1050%2C600&ssl=1 3x, https:\/\/i0.wp.com\/wobronietradycjiiwiary.com\/wp-content\/uploads\/2021\/07\/Bonaventura-1-e1626191668847.jpg?resize=1400%2C800&ssl=1 4x"},"classes":[]},{"id":161024,"url":"https:\/\/wobronietradycjiiwiary.com\/pl\/objawienie-ciaglym-objawieniem-prywatnym-wedlug-ratzingera\/","url_meta":{"origin":147273,"position":5},"title":"Objawienie nieustannym objawieniem prywatnym wed\u0142ug Ratzingera","author":"Traditio et Fides","date":"17 lutego 2026","format":false,"excerpt":"O teorii Objawienia Ratzingera i jej wp\u0142ywie na teologi\u0119.","rel":"","context":"W \u201eDoktryna&quot;","block_context":{"text":"Doktryna","link":"https:\/\/wobronietradycjiiwiary.com\/pl\/category\/doktryna\/"},"img":{"alt_text":"","src":"https:\/\/i0.wp.com\/wobronietradycjiiwiary.com\/wp-content\/uploads\/2026\/02\/Tashko-Scholastic-Logic-Medieval-Reasoning-1100-1600.jpg?resize=350%2C200&ssl=1","width":350,"height":200,"srcset":"https:\/\/i0.wp.com\/wobronietradycjiiwiary.com\/wp-content\/uploads\/2026\/02\/Tashko-Scholastic-Logic-Medieval-Reasoning-1100-1600.jpg?resize=350%2C200&ssl=1 1x, https:\/\/i0.wp.com\/wobronietradycjiiwiary.com\/wp-content\/uploads\/2026\/02\/Tashko-Scholastic-Logic-Medieval-Reasoning-1100-1600.jpg?resize=525%2C300&ssl=1 1.5x, https:\/\/i0.wp.com\/wobronietradycjiiwiary.com\/wp-content\/uploads\/2026\/02\/Tashko-Scholastic-Logic-Medieval-Reasoning-1100-1600.jpg?resize=700%2C400&ssl=1 2x, https:\/\/i0.wp.com\/wobronietradycjiiwiary.com\/wp-content\/uploads\/2026\/02\/Tashko-Scholastic-Logic-Medieval-Reasoning-1100-1600.jpg?resize=1050%2C600&ssl=1 3x"},"classes":[]}],"amp_enabled":true,"jetpack_featured_media_url":"https:\/\/wobronietradycjiiwiary.com\/wp-content\/uploads\/2021\/07\/Bonaventura-1-e1626191668847.jpg","_links":{"self":[{"href":"https:\/\/wobronietradycjiiwiary.com\/pl\/wp-json\/wp\/v2\/posts\/147273","targetHints":{"allow":["GET"]}}],"collection":[{"href":"https:\/\/wobronietradycjiiwiary.com\/pl\/wp-json\/wp\/v2\/posts"}],"about":[{"href":"https:\/\/wobronietradycjiiwiary.com\/pl\/wp-json\/wp\/v2\/types\/post"}],"author":[{"embeddable":true,"href":"https:\/\/wobronietradycjiiwiary.com\/pl\/wp-json\/wp\/v2\/users\/60508433"}],"replies":[{"embeddable":true,"href":"https:\/\/wobronietradycjiiwiary.com\/pl\/wp-json\/wp\/v2\/comments?post=147273"}],"version-history":[{"count":3,"href":"https:\/\/wobronietradycjiiwiary.com\/pl\/wp-json\/wp\/v2\/posts\/147273\/revisions"}],"predecessor-version":[{"id":147728,"href":"https:\/\/wobronietradycjiiwiary.com\/pl\/wp-json\/wp\/v2\/posts\/147273\/revisions\/147728"}],"wp:featuredmedia":[{"embeddable":true,"href":"https:\/\/wobronietradycjiiwiary.com\/pl\/wp-json\/wp\/v2\/media\/50447"}],"wp:attachment":[{"href":"https:\/\/wobronietradycjiiwiary.com\/pl\/wp-json\/wp\/v2\/media?parent=147273"}],"wp:term":[{"taxonomy":"category","embeddable":true,"href":"https:\/\/wobronietradycjiiwiary.com\/pl\/wp-json\/wp\/v2\/categories?post=147273"},{"taxonomy":"post_tag","embeddable":true,"href":"https:\/\/wobronietradycjiiwiary.com\/pl\/wp-json\/wp\/v2\/tags?post=147273"}],"curies":[{"name":"wp","href":"https:\/\/api.w.org\/{rel}","templated":true}]}}