{"id":146109,"date":"2025-06-27T08:15:00","date_gmt":"2025-06-27T06:15:00","guid":{"rendered":"https:\/\/wobronietradycjiiwiary.com\/?p=146109"},"modified":"2026-02-03T16:58:17","modified_gmt":"2026-02-03T15:58:17","slug":"tomasz-z-akwinu-q-91-3-z-5-jak-bedzie-wygladal-swiat-i-zmartwychwstali-po-sadzie-ostatecznym-3-czy-zwiekszy-sie-jasnosc-cial-niebieskich","status":"publish","type":"post","link":"https:\/\/wobronietradycjiiwiary.com\/pl\/tomasz-z-akwinu-q-91-3-z-5-jak-bedzie-wygladal-swiat-i-zmartwychwstali-po-sadzie-ostatecznym-3-czy-zwiekszy-sie-jasnosc-cial-niebieskich\/","title":{"rendered":"Tomasz z Akwinu, Q. 91. (3 z 5). Jak b\u0119dzie wygl\u0105da\u0142 \u015bwiat i zmartwychwstali po S\u0105dzie Ostatecznym? (3) Czy zwi\u0119kszy si\u0119 jasno\u015b\u0107 cia\u0142 niebieskich?"},"content":{"rendered":"<div id=\"bsf_rt_marker\"><\/div>\n<p class=\"wp-block-paragraph\"><strong>Artyku\u0142 3<\/strong><\/p>\n\n\n\n<p class=\"wp-block-paragraph\"><em>CZY W OWYM ODNOWIENIU POWINNA ZWI\u0118KSZY\u0106 SI\u0118 JASNO\u015a\u0106 CIA\u0141 NIEBIESKICH?<\/em><\/p>\n\n\n\n<p class=\"has-text-align-justify wp-block-paragraph\">Zdaje si\u0119, \u017ce w owym odnowieniu nie zwi\u0119kszy si\u0119 jasno\u015b\u0107 cia\u0142 niebieskich, bo:<\/p>\n\n\n\n<p class=\"has-text-align-justify wp-block-paragraph\">1. Odnowienia cia\u0142 wy\u017cszych dokona ogie\u0144 oczyszczaj\u0105cy. Lecz \u00f3w ogie\u0144 nigdy nie dociera do cia\u0142 niebieskich<a href=\"#_ftn1\" id=\"_ftnref1\">[1]<\/a>. Cia\u0142a przeto niebieskie nie b\u0119d\u0105 odnowione na skutek otrzymania wi\u0119kszej jasno\u015bci.<\/p>\n\n\n\n<p class=\"has-text-align-justify wp-block-paragraph\">2. Jak cia\u0142a niebieskie s\u0105 przyczyn\u0105 powstawania wszystkiego na ziemi poprzez ruch, tak s\u0105 i poprzez \u015bwiat\u0142o. Lecz jak ju\u017c powiedziano<a href=\"#_ftn2\" id=\"_ftnref2\">[2]<\/a>, z ustaniem powstawania ustanie ruch. Raczej wi\u0119c zga\u015bnie \u015bwiat\u0142o cia\u0142 niebieskich ni\u017c si\u0119 powi\u0119kszy.<\/p>\n\n\n\n<p class=\"has-text-align-justify wp-block-paragraph\">3. Je\u017celi po odnowieniu cz\u0142owieka cia\u0142a niebieskie b\u0119d\u0105 odnowione, to po jego pogorszeniu [tj. upadku w raju] powinny sta\u0107 si\u0119 gorsze. To chyba jednak nie jest prawdopodobne, poniewa\u017c te cia\u0142a pod wzgl\u0119dem substancji s\u0105 niezmienne. A wi\u0119c nawet i po odnowieniu cz\u0142owieka nie b\u0119d\u0105 odnowione.<\/p>\n\n\n\n<p class=\"has-text-align-justify wp-block-paragraph\">4. Gdyby wtedy [po upadku cia\u0142a niebieskie] uleg\u0142y pogorszeniu, to w takiej mierze powinny mu ulec, w jakiej powinny by\u0107 ulepszone przy odnowieniu cz\u0142owieka. Lecz prorok Izajasz powiada, \u017ce \u201eW\u00f3wczas [przy odnowieniu] \u015bwiat\u0142o ksi\u0119\u017cyca b\u0119dzie jak \u015bwiat\u0142o s\u0142o\u0144ca&#8221;.<a href=\"#_ftn3\" id=\"_ftnref3\">[3]<\/a> A wi\u0119c i w pierwszym stanie przed upadkiem ksi\u0119\u017cyc tak \u015bwieci\u0142 silnie, jak teraz \u015bwieci s\u0142o\u0144ce. Zatem, kiedykolwiek ksi\u0119\u017cyc by\u0142 nad ziemi\u0105, czyni\u0142 dzie\u0144 tak, jak obecnie s\u0142o\u0144ce. Ale temu dosadnie zadaj\u0105 k\u0142am s\u0142owa <em>Ksi\u0119gi Rodzaju <\/em>stwierdzaj\u0105ce<a href=\"#_ftn4\" id=\"_ftnref4\">[4]<\/a>, \u017ce ksi\u0119\u017cyc zosta\u0142 uczyniony po to, \u201eaby rz\u0105dzi\u0142 noc\u0105&#8221;. A wi\u0119c po upadku cz\u0142owieka \u015bwiat\u0142o cia\u0142 niebieskich nie zosta\u0142o umniejszone. Z czego wynika, \u017ce r\u00f3wnie\u017c przy uchwalebnieniu cz\u0142owieka nie b\u0119dzie chyba ono zwi\u0119kszone.<\/p>\n\n\n\n<p class=\"has-text-align-justify wp-block-paragraph\">5. Jasno\u015b\u0107 cia\u0142 niebieskich s\u0142u\u017cy po\u017cytkowi ludzi, podobnie jak i inne stworzenia. Lecz po zmartwychwstaniu jasno\u015b\u0107 s\u0142o\u0144ca nie b\u0119dzie s\u0142u\u017cy\u0107 po\u017cytk\u00f3w: ludzi, bo u Izajasza czytamy<a id=\"_ftnref5\" href=\"#_ftn5\">[5]<\/a>: \u201eJu\u017c s\u0142o\u0144ca mie\u0107 nie b\u0119dziesz w dzie\u0144 jako \u015bwiat\u0142a, ani jasno\u015b\u0107 ksi\u0119\u017cyca nie za\u015bwieci tobie&#8221;; a w <em>Apokalipsie: <\/em>\u201eMiastu nie trzeba s\u0142o\u0144ca ani ksi\u0119\u017cyca, by mu \u015bwieci\u0142y&#8221;.<a id=\"_ftnref6\" href=\"#_ftn6\">[6]<\/a> A wi\u0119c jasno\u015b\u0107 cia\u0142 niebieskich nie zwi\u0119kszy si\u0119.<\/p>\n\n\n\n<p class=\"has-text-align-justify wp-block-paragraph\">6. Nie by\u0142by m\u0105drym taki in\u017cynier, kt\u00f3ry by sporz\u0105dza\u0142 ogromne narz\u0119dzia dla zbudowania jakiego\u015b male\u0144kiego dzie\u0142a. Lecz cz\u0142owiek jest czym\u015b najmniejszym w por\u00f3wnaniu do cia\u0142 niebieskich, kt\u00f3re swoj\u0105 ogromn\u0105 wielko\u015bci\u0105 wprost niepor\u00f3wnalnie przekraczaj\u0105 jego wielko\u015b\u0107; co wi\u0119cej, w por\u00f3wnaniu do ca\u0142ej ziemi, kt\u00f3ra, zdaniem astronom\u00f3w<a href=\"#_ftn7\" id=\"_ftnref7\">[7]<\/a>, tak si\u0119 ma do nieba, jak punkt do sfery. A poniewa\u017c B\u00f3g jest najm\u0105drzejszy, dlatego nie wydaje si\u0119, \u017ceby cz\u0142owiek by\u0142 celem stwarzania nieba.<\/p>\n\n\n\n<p class=\"has-text-align-justify wp-block-paragraph\">Bynajmniej wi\u0119c z tego nie wynika, \u017ce po upadku cz\u0142owieka niebo znalaz\u0142o si\u0119 w gorszym po\u0142o\u017ceniu, no i \u017ce po jego uchwalebnieniu zostanie ulepszone.<\/p>\n\n\n\n<p class=\"wp-block-paragraph\"><em>Wbrew <\/em>temu:<\/p>\n\n\n\n<p class=\"has-text-align-justify wp-block-paragraph\">1. S\u0105 s\u0142owa Izajasza<a href=\"#_ftn8\" id=\"_ftnref8\">[8]<\/a>: \u201eW\u00f3wczas \u015bwiat\u0142o ksi\u0119\u017cyca b\u0119dzie jak \u015bwiat\u0142o s\u0142oneczne, a \u015bwiat\u0142o s\u0142o\u0144ca stanie si\u0119 siedmiokrotne&#8221;.<\/p>\n\n\n\n<p class=\"has-text-align-justify wp-block-paragraph\">2. Ca\u0142y \u015bwiat b\u0119dzie odnowiony na lepsze. Lecz niebo jest pocze\u015bniejsz\u0105 cz\u0119\u015bci\u0105 \u015bwiata cielesnego: b\u0119dzie wi\u0119c zmienione na lepsze. Ale to mo\u017ce si\u0119 sta\u0107 jedynie w ten spos\u00f3b, \u017ce b\u0119dzie b\u0142yszcze\u0107 wi\u0119ksz\u0105 jasno\u015bci\u0105. A wi\u0119c jego jasno\u015b\u0107 wzro\u015bnie.<\/p>\n\n\n\n<p class=\"has-text-align-justify wp-block-paragraph\">3. Wed\u0142ug Aposto\u0142a<a href=\"#_ftn9\" id=\"_ftnref9\">[9]<\/a>: \u201eCa\u0142e stworzenie, kt\u00f3re a\u017c dot\u0105d j\u0119czy i wzdycha w b\u00f3lach rodzenia, z upragnieniem oczekuje objawienia si\u0119 przysz\u0142ej chwa\u0142y syn\u00f3w Bo\u017cych&#8221;. Lecz jak uzupe\u0142nia \u00f3w tekst glosa<a href=\"#_ftn10\" id=\"_ftnref10\">[10]<\/a>: odnosi si\u0119 to r\u00f3wnie\u017c do cia\u0142 niebieskich. Oczekuj\u0105 przeto chwa\u0142y \u015bwi\u0119tych. Nie oczekiwa\u0142yby jednak, gdyby z tej chwa\u0142y \u015bwi\u0119tych co\u015b w nich nie wzros\u0142o. A wi\u0119c wzro\u015bnie przez to ich jasno\u015b\u0107 podnosz\u0105ca w szczeg\u00f3lny spos\u00f3b ich zdobno\u015b\u0107.<\/p>\n\n\n\n<p class=\"has-text-align-justify wp-block-paragraph\"><em>Odpowied\u017a: <\/em>Odnowa \u015bwiata ma to na celu, \u017ceby cz\u0142owiek w odnowionym \u015bwiecie widzia\u0142 jakby postrzegalnie Boga z jawnych Jego znak\u00f3w. Ot\u00f3\u017c stworzenie prowadzi do poznania Boga zw\u0142aszcza swoim wygl\u0105dem i zdobno\u015bci\u0105, kt\u00f3re ujawniaj\u0105 m\u0105dro\u015b\u0107 tw\u00f3rcy i zarz\u0105dcy, stosownie do s\u0142\u00f3w <em>Ksi\u0119gi M\u0105dro\u015bci<a href=\"#_ftn11\" id=\"_ftnref11\"><strong>[11]<\/strong><\/a>: <\/em>\u201eZ wielko\u015bci i pi\u0119kna stworze\u0144 poznaje si\u0119 przez podobie\u0144stwo ich Stw\u00f3rc\u0119&#8221;. Pi\u0119kno za\u015b cia\u0142 niebieskich polega zw\u0142aszcza na \u015bwietle. \u015awiadcz\u0105 o tym s\u0142owa Syracha<a href=\"#_ftn12\" id=\"_ftnref12\">[12]<\/a>: \u201eWspania\u0142o\u015b\u0107 gwiazd jest pi\u0119kno\u015bci\u0105 nieba, b\u0142yszcz\u0105c\u0105 ozdob\u0105 na wysoko\u015bciach Pana&#8221;. I dlatego cia\u0142a niebieskie b\u0119d\u0105 ulepszone zw\u0142aszcza pod wzgl\u0119dem jasno\u015bci. Za\u015b rozmiar i spos\u00f3b tego ulepszenia zna sam tylko Ten, kt\u00f3ry b\u0119dzie jego sprawc\u0105.<\/p>\n\n\n\n<p class=\"has-text-align-justify wp-block-paragraph\">Na 1. Ogie\u0144 oczyszczaj\u0105cy nie sprawi samej istoty odnowienia. On tylko przystosuje <em>do <\/em>niego, oczyszczaj\u0105c od zbrukania spowodowanego grzechem i od nieczysto\u015bci spowodowanej zmieszaniem si\u0119 element\u00f3w, kt\u00f3re przecie\u017c nie znajduje si\u0119 w cia\u0142ach niebieskich<a href=\"#_ftn13\" id=\"_ftnref13\">[13]<\/a>. I dlatego cia\u0142a te nie b\u0119d\u0105 przez ogie\u0144 oczyszczone. B\u0119d\u0105 jednak moc\u0105 Bo\u017c\u0105 odnowione.<\/p>\n\n\n\n<p class=\"has-text-align-justify wp-block-paragraph\">Na 2. Ruch jest \u201eziszczaniem si\u0119 bytu niedoskona\u0142ego&#8221;<a href=\"#_ftn14\" id=\"_ftnref14\">[14]<\/a>. W tym wi\u0119c, co si\u0119 porusza, i to branym w samym sobie, ruch nie oznacza jakiej\u015b doskona\u0142o\u015bci, aczkolwiek mo\u017ce nale\u017ce\u0107 do jego doskona\u0142o\u015bci, o ile jest przyczyn\u0105 czego\u015b. Natomiast \u015bwiat\u0142o nale\u017cy do doskona\u0142o\u015bci cia\u0142a \u015bwiec\u0105cego nawet rozpatrywanego w swojej substancji. I dlatego, gdy ju\u017c cia\u0142o niebieskie przestanie by\u0107 przyczyn\u0105 powstawania, ruch nie pozostanie. Pozostanie za\u015b jego jasno\u015b\u0107.<\/p>\n\n\n\n<p class=\"has-text-align-justify wp-block-paragraph\">Na 3. Glosa15 do s\u0142\u00f3w Izajasza<a href=\"#_ftn15\" id=\"_ftnref15\">[15]<\/a>: \u201eW\u00f3wczas \u015bwiat\u0142o ksi\u0119\u017cyca b\u0119dzie jak \u015bwiat\u0142o s\u0142o\u0144ca&#8221; tak powiada: \u201eWszystko, co zosta\u0142o uczynione dla cz\u0142owieka, po jego upadku sta\u0142o si\u0119 gorsze, a s\u0142o\u0144ce i ksi\u0119\u017cyc dozna\u0142y umniejszenia swojego \u015bwiat\u0142a&#8221;. Niekt\u00f3rzy to umniejszenie pojmuj\u0105 jako realne zmniejszenie si\u0142y \u015bwiat\u0142a. I nie powinno budzi\u0107 sprzeciwu to, \u017ce cia\u0142a niebieskie s\u0105 w swojej naturze niezmienne, poniewa\u017c ta zmiana dokona si\u0119 moc\u0105 Bo\u017c\u0105.<\/p>\n\n\n\n<p class=\"has-text-align-justify wp-block-paragraph\">Bardziej jednak prawdopodobne jest rozumowanie innych teolog\u00f3w. Powiadaj\u0105 tak: To zmniejszenie \u015bwiat\u0142a nie polega na realnym jego braku, ale na mniejszym korzystaniu z niego przez cz\u0142owieka. Bowiem po upadku cz\u0142owiek nie korzysta\u0142 ju\u017c tak wielce z dobrodziejstwa \u015bwiat\u0142a cia\u0142 niebieskich, ile korzysta\u0142 przedtem. Po tej my\u015bli id\u0105 s\u0142owa <em>Ksi\u0119gi Rodzaju<a href=\"#_ftn16\" id=\"_ftnref16\"><strong>[16]<\/strong><\/a>: <\/em>\u201ePrzekl\u0119ta niech b\u0119dzie ziemia z twego post\u0119pku. .. . Cier\u0144 i oset b\u0119dzie ci ona rodzi\u0142a&#8221;; a ziemia i przedtem rodzi\u0142a cier\u0144 i oset, ale nie jako kara na cz\u0142owieka.<\/p>\n\n\n\n<p class=\"has-text-align-justify wp-block-paragraph\">Jednakowo\u017c z twierdzenia, \u017ce \u015bwiat\u0142o cia\u0142 niebieskich nie zosta\u0142o w istocie rzeczy umniejszone na skutek grzechu cz\u0142owieka, bynajmniej nie wynika, \u017ce nie powinno si\u0119 ono realnie powi\u0119kszy\u0107 przy jego uchwalebnieniu. Grzech bowiem cz\u0142owieka nie zmieni\u0142 stanu wszech\u015bwiata, a cz\u0142owiek zar\u00f3wno przed jak i po nim mia\u0142 \u017cycie wegetatywno-zwierz\u0119ce, kt\u00f3re wymaga ruchu i powstawania ze strony stworzenia cielesnego. Natomiast uchwalebnienie cz\u0142owieka, jak powiedziano<a href=\"#_ftn17\" id=\"_ftnref17\">[17]<\/a>, zmieni stan ca\u0142ego cielesnego stworzenia. Nie zachodzi wi\u0119c podobie\u0144stwo.<\/p>\n\n\n\n<p class=\"has-text-align-justify wp-block-paragraph\">Na 4. To zmniejszenie \u015bwiat\u0142a ksi\u0119\u017cyca \u2014 wed\u0142ug bardziej prawdopodobnego zdania<a href=\"#_ftn18\" id=\"_ftnref18\">[18]<\/a> \u2014 nie dotyczy\u0142o jego substancji ale raczej skutku. Nie wynika wi\u0119c z tego, \u017ce ksi\u0119\u017cyc znajduj\u0105cy si\u0119 nad ziemi\u0105 czyni\u0142by dzie\u0144. Wynika jedynie to, \u017ce cz\u0142owiek nie mia\u0142by tyle korzy\u015bci ze \u015bwiat\u0142a ksi\u0119\u017cyca, ile ma go teraz ze \u015bwiat\u0142a s\u0142o\u0144ca. Natomiast po zmartwychwstaniu, kiedy \u015bwiat\u0142o ksi\u0119\u017cyca b\u0119dzie wed\u0142ug prawdziwo\u015bci rzeczy zwi\u0119kszone, nie b\u0119dzie gdzie\u015b nocy na ziemi (a tylko w jej centrum, gdzie b\u0119dzie piek\u0142o<a href=\"#_ftn19\" id=\"_ftnref19\">[19]<\/a>. Wtedy bowiem, jak Izajasz powiada, ksi\u0119\u017cyc b\u0119dzie tak \u015bwieci\u0142 jak teraz s\u0142o\u0144ce, a s\u0142o\u0144ce b\u0119dzie \u015bwieci\u0107 siedmio-kro\u0107 silniej ni\u017c to czyni obecnie, za\u015b cia\u0142a szcz\u0119\u015bliwych w niebie b\u0119d\u0105 ja\u015bnia\u0142y siedem razy bardziej ni\u017c s\u0142o\u0144ce (chocia\u017c nie ma na to dowodu ani ze strony jakiej\u015b powagi, ani ze strony rozumu).<\/p>\n\n\n\n<p class=\"has-text-align-justify wp-block-paragraph\">Na 5. Dana rzecz mo\u017ce w dwojaki spos\u00f3b s\u0142u\u017cy\u0107 po\u017cytkowi cz\u0142owieka: pierwszy, z koniecznej potrzeby: i w ten spos\u00f3b \u017cadne stworzenie nie b\u0119dzie s\u0142u\u017cy\u0107 po\u017cytkowi cz\u0142owieka, poniewa\u017c z Boga b\u0119dzie mia\u0142 pe\u0142n\u0105 wystarczalno\u015b\u0107. To w\u0142a\u015bnie zaznacza przytoczony tekst <em>Apokalipsy <\/em>m\u00f3wi\u0105cy, \u017ce owemu miastu \u201enie trzeba s\u0142o\u0144ca ni ksi\u0119\u017cyca&#8221;.<\/p>\n\n\n\n<p class=\"has-text-align-justify wp-block-paragraph\">Drugi, dla wi\u0119kszej doskona\u0142o\u015bci : i tak cz\u0142owiek b\u0119dzie u\u017cywa\u0142 innych stworze\u0144; wszelako nie jako koniecznych do doj\u015bcia do celu, jak to obecnie ich u\u017cywa.<\/p>\n\n\n\n<p class=\"has-text-align-justify wp-block-paragraph\">Na 6. Jest to argument Rabbi Moj\u017cesza<a href=\"#_ftn20\" id=\"_ftnref20\">[20]<\/a>, kt\u00f3ry sili\u0142 si\u0119 obali\u0107 ca\u0142kowicie twierdzenie, \u017ce \u015bwiat zosta\u0142 uczyniony dla cz\u0142owieka. Tote\u017c o tym, co Stary Testament pisze o odnowieniu \u015bwiata \u2014 jak to wida\u0107 z przytoczonych tekst\u00f3w<a href=\"#_ftn21\" id=\"_ftnref21\">[21]<\/a> \u2014 powiada, \u017ce s\u0105 to przeno\u015bnie<a href=\"#_ftn22\" id=\"_ftnref22\">[22]<\/a>: ot tak, jak gdy o tym, kto popad\u0142 w tak wielki smutek, i\u017c nie wie, co ma czyni\u0107, m\u00f3wi si\u0119, \u017ce mu zgas\u0142o s\u0142o\u0144ce. Tego w\u0142a\u015bnie sposobu wyra\u017cania si\u0119 zwyk\u0142o u\u017cywa\u0107 Pismo \u015bw.<a href=\"#_ftn23\" id=\"_ftnref23\">[23]<\/a> I przeciwnie, gdy wydob\u0119dzie si\u0119 ze stanu smutku i znajdzie si\u0119 w stanie najwy\u017cszego radosnego uniesienia, m\u00f3wi si\u0119 o nim, \u017ce mu s\u0142o\u0144ce ja\u015bniej \u015bwieci, a ca\u0142y \u015bwiat dozna\u0142 odnowienia.<\/p>\n\n\n\n<p class=\"has-text-align-justify wp-block-paragraph\">Ale to jego stanowisko jest niezgodne z tekstami Pisma \u015bw. i komentarzami \u015bwi\u0119tych. St\u0105d te\u017c na jego argumentacj\u0119 nale\u017cy tak odpowiedzie\u0107: Wprawdzie cia\u0142a niebieskie przewy\u017cszaj\u0105 niezmiernie cia\u0142o cz\u0142owieka [pod wzgl\u0119dem wielko\u015bci], to jednak dusza rozumna przewy\u017csza o wiele bardziej cia\u0142a niebieskie ni\u017c one przewy\u017cszaj\u0105 cia\u0142o ludzkie<a href=\"#_ftn24\" id=\"_ftnref24\">[24]<\/a>. St\u0105d te\u017c nie ma nic nierozumnego w powiedzeniu, \u017ce cia\u0142a niebieskie zosta\u0142y uczynione dla cz\u0142owieka: jednak\u017ce nie jako dla g\u0142\u00f3wnego celu, poniewa\u017c g\u0142\u00f3wnym celem wszystkich rzeczy jest B\u00f3g.<\/p>\n\n\n\n<hr class=\"wp-block-separator has-alpha-channel-opacity\"\/>\n\n\n\n<p class=\"wp-block-paragraph\" style=\"font-size:14px;line-height:1.2\"><a href=\"#_ftnref1\" id=\"_ftn1\">[1]<\/a> Patrz z. 74, 4, t. 33.<\/p>\n\n\n\n<p class=\"wp-block-paragraph\" style=\"font-size:14px;line-height:1.2\"><a href=\"#_ftnref2\" id=\"_ftn2\">[2]<\/a> art. poprz.<\/p>\n\n\n\n<p class=\"wp-block-paragraph\" style=\"font-size:14px;line-height:1.2\"><a href=\"#_ftnref3\" id=\"_ftn3\">[3]<\/a> Iz 30, 26.<\/p>\n\n\n\n<p class=\"wp-block-paragraph\" style=\"font-size:14px;line-height:1.2\"><a href=\"#_ftnref4\" id=\"_ftn4\">[4]<\/a> Rdz 1, 16.<\/p>\n\n\n\n<p class=\"wp-block-paragraph\" style=\"font-size:14px;line-height:1.2\"><a href=\"#_ftnref5\" id=\"_ftn5\">[5]<\/a> Iz 60, 19.<\/p>\n\n\n\n<p class=\"wp-block-paragraph\" style=\"font-size:14px;line-height:1.2\"><a href=\"#_ftnref6\" id=\"_ftn6\">[6]<\/a> Ap 21, 23.<\/p>\n\n\n\n<p class=\"wp-block-paragraph\" style=\"font-size:14px;line-height:1.2\"><a href=\"#_ftnref7\" id=\"_ftn7\">[7]<\/a> Ptolomeusz, 1 Syntaxis Mathematica sive Almagestum 6 (HB I, 1, 20); Theon Smyrnaeus Platonicus, De Astronomia 4 (MT 158). \u2014 Cf. Awerroes, 2 In de Caelo et Mundo, comm. 110 (V, 171 G).<\/p>\n\n\n\n<p class=\"wp-block-paragraph\" style=\"font-size:14px;line-height:1.2\"><a href=\"#_ftnref8\" id=\"_ftn8\">[8]<\/a> Iz 30, 26.<\/p>\n\n\n\n<p class=\"wp-block-paragraph\" style=\"font-size:14px;line-height:1.2\"><a href=\"#_ftnref9\" id=\"_ftn9\">[9]<\/a> Rz 8, 19 i 22.<\/p>\n\n\n\n<p class=\"wp-block-paragraph\" style=\"font-size:14px;line-height:1.2\"><a href=\"#_ftnref10\" id=\"_ftn10\">[10]<\/a> Glossa ordin. (VI, 19 B); Glossa Lombardi: PL 191, 1445. \u2014 Ambrosiaster, In Rom 8, 22: PL 17, 131.<\/p>\n\n\n\n<p class=\"wp-block-paragraph\" style=\"font-size:14px;line-height:1.2\"><a href=\"#_ftnref11\" id=\"_ftn11\">[11]<\/a> Mdr 13, 5.<\/p>\n\n\n\n<p class=\"wp-block-paragraph\" style=\"font-size:14px;line-height:1.2\"><a href=\"#_ftnref12\" id=\"_ftn12\">[12]<\/a> Syr 43, 9.<\/p>\n\n\n\n<p class=\"wp-block-paragraph\" style=\"font-size:14px;line-height:1.2\"><a href=\"#_ftnref13\" id=\"_ftn13\">[13]<\/a> Patrz z. 74, 1 i 2, t. 33.<\/p>\n\n\n\n<p class=\"wp-block-paragraph\" style=\"font-size:14px;line-height:1.2\"><a href=\"#_ftnref14\" id=\"_ftn14\">[14]<\/a> Arystot., 3 Phys. 2: 201b27- 202a3.<\/p>\n\n\n\n<p class=\"wp-block-paragraph\" style=\"font-size:14px;line-height:1.2\"><a href=\"#_ftnref15\" id=\"_ftn15\">[15]<\/a> Glossa interl. (IV, 57v). \u2014 Haymo, 2 In Iz 30, 26: PL 116, 169.<\/p>\n\n\n\n<p class=\"wp-block-paragraph\" style=\"font-size:14px;line-height:1.2\"><a href=\"#_ftnref16\" id=\"_ftn16\">[16]<\/a> Iz 30, 26. I\/. Rdz 3, 17n.<\/p>\n\n\n\n<p class=\"wp-block-paragraph\" style=\"font-size:14px;line-height:1.2\"><a href=\"#_ftnref17\" id=\"_ftn17\">[17]<\/a> a. 1.<\/p>\n\n\n\n<p class=\"wp-block-paragraph\" style=\"font-size:14px;line-height:1.2\"><a href=\"#_ftnref18\" id=\"_ftn18\">[18]<\/a> Patrz na 3.<\/p>\n\n\n\n<p class=\"wp-block-paragraph\" style=\"font-size:14px;line-height:1.2\"><a href=\"#_ftnref19\" id=\"_ftn19\">[19]<\/a> Patrz ni\u017cej z. 97, 7.<\/p>\n\n\n\n<p class=\"wp-block-paragraph\" style=\"font-size:14px;line-height:1.2\"><a href=\"#_ftnref20\" id=\"_ftn20\">[20]<\/a> 3 Doctor Perplex. 13 (FR 274).<\/p>\n\n\n\n<p class=\"wp-block-paragraph\" style=\"font-size:14px;line-height:1.2\"><a href=\"#_ftnref21\" id=\"_ftn21\">[21]<\/a> Iz 30, 26; 60, 19. Patrz \u017carz. 4 i 5; wbrew 1.<\/p>\n\n\n\n<p class=\"wp-block-paragraph\" style=\"font-size:14px;line-height:1.2\"><a href=\"#_ftnref22\" id=\"_ftn22\">[22]<\/a> 2 Doctor Peiplex. 29 (FR 204, 207).<\/p>\n\n\n\n<p class=\"wp-block-paragraph\" style=\"font-size:14px;line-height:1.2\"><a href=\"#_ftnref23\" id=\"_ftn23\">[23]<\/a> Patrz Iz 13, 10; Jr 4, 23; Ez 32, 7; Jl 2, 10.<\/p>\n\n\n\n<p class=\"wp-block-paragraph\" style=\"font-size:14px;line-height:1.2\"><a href=\"#_ftnref24\" id=\"_ftn24\">[24]<\/a> Patrz 1-2. 9, 5, t. 9, str. 192nn.<\/p>\n\n\n\n<div class=\"wp-block-cover aligncenter\" style=\"min-height:361px;aspect-ratio:unset;\"><img fetchpriority=\"high\" decoding=\"async\" width=\"524\" height=\"539\" data-attachment-id=\"115630\" data-permalink=\"https:\/\/wobronietradycjiiwiary.com\/pl\/church-militant-o-naduzyciach-seksualnych-w-bractwie-sw-piusa-x-nowy-cykl\/ec48bf44892c29b895741920e0bdef09-2\/\" data-orig-file=\"https:\/\/wobronietradycjiiwiary.com\/wp-content\/uploads\/2024\/04\/ec48bf44892c29b895741920e0bdef09.jpg\" data-orig-size=\"524,539\" data-comments-opened=\"1\" data-image-meta=\"{&quot;aperture&quot;:&quot;0&quot;,&quot;credit&quot;:&quot;&quot;,&quot;camera&quot;:&quot;&quot;,&quot;caption&quot;:&quot;&quot;,&quot;created_timestamp&quot;:&quot;0&quot;,&quot;copyright&quot;:&quot;&quot;,&quot;focal_length&quot;:&quot;0&quot;,&quot;iso&quot;:&quot;0&quot;,&quot;shutter_speed&quot;:&quot;0&quot;,&quot;title&quot;:&quot;&quot;,&quot;orientation&quot;:&quot;0&quot;}\" data-image-title=\"ec48bf44892c29b895741920e0bdef09\" data-image-description=\"\" data-image-caption=\"\" data-large-file=\"https:\/\/wobronietradycjiiwiary.com\/wp-content\/uploads\/2024\/04\/ec48bf44892c29b895741920e0bdef09.jpg\" class=\"wp-block-cover__image-background wp-image-115630\" alt=\"\" src=\"https:\/\/wobronietradycjiiwiary.com\/wp-content\/uploads\/2024\/04\/ec48bf44892c29b895741920e0bdef09.jpg\" style=\"object-position:57% 0%\" data-object-fit=\"cover\" data-object-position=\"57% 0%\" srcset=\"https:\/\/wobronietradycjiiwiary.com\/wp-content\/uploads\/2024\/04\/ec48bf44892c29b895741920e0bdef09.jpg 524w, https:\/\/wobronietradycjiiwiary.com\/wp-content\/uploads\/2024\/04\/ec48bf44892c29b895741920e0bdef09-450x463.jpg 450w, https:\/\/wobronietradycjiiwiary.com\/wp-content\/uploads\/2024\/04\/ec48bf44892c29b895741920e0bdef09-292x300.jpg 292w, https:\/\/wobronietradycjiiwiary.com\/wp-content\/uploads\/2024\/04\/ec48bf44892c29b895741920e0bdef09-146x150.jpg 146w, https:\/\/wobronietradycjiiwiary.com\/wp-content\/uploads\/2024\/04\/ec48bf44892c29b895741920e0bdef09-12x12.jpg 12w, https:\/\/wobronietradycjiiwiary.com\/wp-content\/uploads\/2024\/04\/ec48bf44892c29b895741920e0bdef09-58x60.jpg 58w, https:\/\/wobronietradycjiiwiary.com\/wp-content\/uploads\/2024\/04\/ec48bf44892c29b895741920e0bdef09-87x90.jpg 87w\" sizes=\"(max-width: 524px) 100vw, 524px\" \/><span aria-hidden=\"true\" class=\"wp-block-cover__background has-background-dim\"><\/span><div class=\"wp-block-cover__inner-container is-layout-flow wp-block-cover-is-layout-flow\">\n<p class=\"has-text-align-center has-large-font-size wp-block-paragraph\"><mark style=\"background-color:rgba(0, 0, 0, 0)\" class=\"has-inline-color has-luminous-vivid-amber-color\"><strong>Spodoba\u0142o si\u0119? Wspieraj nas!<\/strong><\/mark><\/p>\n\n\n\n<p class=\"has-text-align-center wp-block-paragraph\"><strong>Kart\u0105, paypalem lub bezpo\u015brednim przelewem<\/strong>.<\/p>\n\n\n\n<p class=\"has-text-align-center wp-block-paragraph\" style=\"font-size:39px\"><a aria-label=\" (opens in a new tab)\" class=\"ek-link\" href=\"https:\/\/donate.stripe.com\/6oE7uNfHU4nXe2I7su\" target=\"_blank\" rel=\"noreferrer noopener\"><mark style=\"background-color:rgba(0, 0, 0, 0)\" class=\"has-inline-color has-white-color\"><strong>Datki<\/strong> <\/mark><\/a><\/p>\n<\/div><\/div>\n","protected":false},"excerpt":{"rendered":"<p>O zwi\u0119kszeniu jasno\u015bci cia\u0142 niebieskich po zmartwychwstaniu.<\/p>\n","protected":false},"author":60508433,"featured_media":105734,"comment_status":"open","ping_status":"open","sticky":false,"template":"","format":"standard","meta":{"_bbp_topic_count":0,"_bbp_reply_count":0,"_bbp_total_topic_count":0,"_bbp_total_reply_count":0,"_bbp_voice_count":0,"_bbp_anonymous_reply_count":0,"_bbp_topic_count_hidden":0,"_bbp_reply_count_hidden":0,"_bbp_forum_subforum_count":0,"_editorskit_title_hidden":false,"_editorskit_reading_time":0,"_editorskit_is_block_options_detached":false,"_editorskit_block_options_position":"{}","_coblocks_attr":"","_coblocks_dimensions":"","_coblocks_responsive_height":"","_coblocks_accordion_ie_support":"","_exactmetrics_skip_tracking":false,"_jetpack_newsletter_access":"","_jetpack_dont_email_post_to_subs":false,"_jetpack_newsletter_tier_id":0,"_jetpack_memberships_contains_paywalled_content":false,"_wpcom_ai_launchpad_first_post":false,"_jetpack_feature_clip_id":0,"_jetpack_memberships_contains_paid_content":false,"footnotes":"","jetpack_publicize_message":"{title}\n\n{excerpt}\n\n{url}","jetpack_publicize_feature_enabled":true,"jetpack_social_post_already_shared":true,"jetpack_social_options":{"image_generator_settings":{"template":"highway","default_image_id":0,"font":"","enabled":false},"version":2},"_wpas_customize_per_network":false,"jetpack_post_was_ever_published":false},"categories":[610131185,402578791,610134393,610134394],"tags":[],"class_list":["post-146109","post","type-post","status-publish","format-standard","has-post-thumbnail","hentry","category-doktryna","category-rzeczy-ostateczne-eschatologia","category-sw-tomasz-zmartwychwstanie-cial","category-sw-tomasz-zmartwychwstanie-cial-sw-tomasz-zmartwychwstanie-cial"],"yoast_head":"<!-- This site is optimized with the Yoast SEO plugin v28.3 - https:\/\/yoast.com\/product\/yoast-seo-wordpress\/ -->\n<title>Tomasz z Akwinu, Q. 91. (3 z 5). Jak b\u0119dzie wygl\u0105da\u0142 \u015bwiat i zmartwychwstali po S\u0105dzie Ostatecznym? (3) Czy zwi\u0119kszy si\u0119 jasno\u015b\u0107 cia\u0142 niebieskich? - Tradycja i Wiara<\/title>\n<meta name=\"robots\" content=\"index, follow, max-snippet:-1, max-image-preview:large, max-video-preview:-1\" \/>\n<link rel=\"canonical\" href=\"https:\/\/wobronietradycjiiwiary.com\/pl\/tomasz-z-akwinu-q-91-3-z-5-jak-bedzie-wygladal-swiat-i-zmartwychwstali-po-sadzie-ostatecznym-3-czy-zwiekszy-sie-jasnosc-cial-niebieskich\/\" \/>\n<meta property=\"og:locale\" content=\"pl_PL\" \/>\n<meta property=\"og:type\" content=\"article\" \/>\n<meta property=\"og:title\" content=\"Tomasz z Akwinu, Q. 91. (3 z 5). Jak b\u0119dzie wygl\u0105da\u0142 \u015bwiat i zmartwychwstali po S\u0105dzie Ostatecznym? (3) Czy zwi\u0119kszy si\u0119 jasno\u015b\u0107 cia\u0142 niebieskich? - Tradycja i Wiara\" \/>\n<meta property=\"og:description\" content=\"O zwi\u0119kszeniu jasno\u015bci cia\u0142 niebieskich po zmartwychwstaniu.\" \/>\n<meta property=\"og:url\" content=\"https:\/\/wobronietradycjiiwiary.com\/pl\/tomasz-z-akwinu-q-91-3-z-5-jak-bedzie-wygladal-swiat-i-zmartwychwstali-po-sadzie-ostatecznym-3-czy-zwiekszy-sie-jasnosc-cial-niebieskich\/\" \/>\n<meta property=\"og:site_name\" content=\"Tradycja i Wiara\" \/>\n<meta property=\"article:publisher\" content=\"https:\/\/www.facebook.com\/Tradycja-i-Wiara-108813920592249\" \/>\n<meta property=\"article:published_time\" content=\"2025-06-27T06:15:00+00:00\" \/>\n<meta property=\"article:modified_time\" content=\"2026-02-03T15:58:17+00:00\" \/>\n<meta property=\"og:image\" content=\"https:\/\/wobronietradycjiiwiary.com\/wp-content\/uploads\/2023\/10\/Auferstehung.jpg\" \/>\n\t<meta property=\"og:image:width\" content=\"674\" \/>\n\t<meta property=\"og:image:height\" content=\"464\" \/>\n\t<meta property=\"og:image:type\" content=\"image\/jpeg\" \/>\n<meta name=\"author\" content=\"Traditio et Fides\" \/>\n<meta name=\"twitter:card\" content=\"summary_large_image\" \/>\n<meta name=\"twitter:label1\" content=\"Napisane przez\" \/>\n\t<meta name=\"twitter:data1\" content=\"Traditio et Fides\" \/>\n\t<meta name=\"twitter:label2\" content=\"Szacowany czas czytania\" \/>\n\t<meta name=\"twitter:data2\" content=\"10 minut\" \/>\n<script type=\"application\/ld+json\" class=\"yoast-schema-graph\">{\"@context\":\"https:\\\/\\\/schema.org\",\"@graph\":[{\"@type\":\"Article\",\"@id\":\"https:\\\/\\\/wobronietradycjiiwiary.com\\\/tomasz-z-akwinu-q-91-3-z-5-jak-bedzie-wygladal-swiat-i-zmartwychwstali-po-sadzie-ostatecznym-3-czy-zwiekszy-sie-jasnosc-cial-niebieskich\\\/#article\",\"isPartOf\":{\"@id\":\"https:\\\/\\\/wobronietradycjiiwiary.com\\\/tomasz-z-akwinu-q-91-3-z-5-jak-bedzie-wygladal-swiat-i-zmartwychwstali-po-sadzie-ostatecznym-3-czy-zwiekszy-sie-jasnosc-cial-niebieskich\\\/\"},\"author\":{\"name\":\"Traditio et Fides\",\"@id\":\"https:\\\/\\\/wobronietradycjiiwiary.com\\\/pl\\\/#\\\/schema\\\/person\\\/2d6180ce6abcb681fef0daab7816e8f3\"},\"headline\":\"Tomasz z Akwinu, Q. 91. (3 z 5). Jak b\u0119dzie wygl\u0105da\u0142 \u015bwiat i zmartwychwstali po S\u0105dzie Ostatecznym? (3) Czy zwi\u0119kszy si\u0119 jasno\u015b\u0107 cia\u0142 niebieskich?\",\"datePublished\":\"2025-06-27T06:15:00+00:00\",\"dateModified\":\"2026-02-03T15:58:17+00:00\",\"mainEntityOfPage\":{\"@id\":\"https:\\\/\\\/wobronietradycjiiwiary.com\\\/tomasz-z-akwinu-q-91-3-z-5-jak-bedzie-wygladal-swiat-i-zmartwychwstali-po-sadzie-ostatecznym-3-czy-zwiekszy-sie-jasnosc-cial-niebieskich\\\/\"},\"wordCount\":1789,\"commentCount\":0,\"publisher\":{\"@id\":\"https:\\\/\\\/wobronietradycjiiwiary.com\\\/pl\\\/#organization\"},\"image\":{\"@id\":\"https:\\\/\\\/wobronietradycjiiwiary.com\\\/tomasz-z-akwinu-q-91-3-z-5-jak-bedzie-wygladal-swiat-i-zmartwychwstali-po-sadzie-ostatecznym-3-czy-zwiekszy-sie-jasnosc-cial-niebieskich\\\/#primaryimage\"},\"thumbnailUrl\":\"https:\\\/\\\/wobronietradycjiiwiary.com\\\/wp-content\\\/uploads\\\/2023\\\/10\\\/Auferstehung.jpg\",\"articleSection\":[\"Doktryna\",\"Rzeczy ostateczne\",\"Zmartwychwstanie\",\"\u015aw. Tomasz, Zmartwychwstanie cia\u0142\"],\"inLanguage\":\"pl-PL\",\"potentialAction\":[{\"@type\":\"CommentAction\",\"name\":\"Comment\",\"target\":[\"https:\\\/\\\/wobronietradycjiiwiary.com\\\/tomasz-z-akwinu-q-91-3-z-5-jak-bedzie-wygladal-swiat-i-zmartwychwstali-po-sadzie-ostatecznym-3-czy-zwiekszy-sie-jasnosc-cial-niebieskich\\\/#respond\"]}]},{\"@type\":\"WebPage\",\"@id\":\"https:\\\/\\\/wobronietradycjiiwiary.com\\\/tomasz-z-akwinu-q-91-3-z-5-jak-bedzie-wygladal-swiat-i-zmartwychwstali-po-sadzie-ostatecznym-3-czy-zwiekszy-sie-jasnosc-cial-niebieskich\\\/\",\"url\":\"https:\\\/\\\/wobronietradycjiiwiary.com\\\/tomasz-z-akwinu-q-91-3-z-5-jak-bedzie-wygladal-swiat-i-zmartwychwstali-po-sadzie-ostatecznym-3-czy-zwiekszy-sie-jasnosc-cial-niebieskich\\\/\",\"name\":\"Tomasz z Akwinu, Q. 91. (3 z 5). Jak b\u0119dzie wygl\u0105da\u0142 \u015bwiat i zmartwychwstali po S\u0105dzie Ostatecznym? (3) Czy zwi\u0119kszy si\u0119 jasno\u015b\u0107 cia\u0142 niebieskich? - Tradycja i Wiara\",\"isPartOf\":{\"@id\":\"https:\\\/\\\/wobronietradycjiiwiary.com\\\/pl\\\/#website\"},\"primaryImageOfPage\":{\"@id\":\"https:\\\/\\\/wobronietradycjiiwiary.com\\\/tomasz-z-akwinu-q-91-3-z-5-jak-bedzie-wygladal-swiat-i-zmartwychwstali-po-sadzie-ostatecznym-3-czy-zwiekszy-sie-jasnosc-cial-niebieskich\\\/#primaryimage\"},\"image\":{\"@id\":\"https:\\\/\\\/wobronietradycjiiwiary.com\\\/tomasz-z-akwinu-q-91-3-z-5-jak-bedzie-wygladal-swiat-i-zmartwychwstali-po-sadzie-ostatecznym-3-czy-zwiekszy-sie-jasnosc-cial-niebieskich\\\/#primaryimage\"},\"thumbnailUrl\":\"https:\\\/\\\/wobronietradycjiiwiary.com\\\/wp-content\\\/uploads\\\/2023\\\/10\\\/Auferstehung.jpg\",\"datePublished\":\"2025-06-27T06:15:00+00:00\",\"dateModified\":\"2026-02-03T15:58:17+00:00\",\"breadcrumb\":{\"@id\":\"https:\\\/\\\/wobronietradycjiiwiary.com\\\/tomasz-z-akwinu-q-91-3-z-5-jak-bedzie-wygladal-swiat-i-zmartwychwstali-po-sadzie-ostatecznym-3-czy-zwiekszy-sie-jasnosc-cial-niebieskich\\\/#breadcrumb\"},\"inLanguage\":\"pl-PL\",\"potentialAction\":[{\"@type\":\"ReadAction\",\"target\":[\"https:\\\/\\\/wobronietradycjiiwiary.com\\\/tomasz-z-akwinu-q-91-3-z-5-jak-bedzie-wygladal-swiat-i-zmartwychwstali-po-sadzie-ostatecznym-3-czy-zwiekszy-sie-jasnosc-cial-niebieskich\\\/\"]}]},{\"@type\":\"ImageObject\",\"inLanguage\":\"pl-PL\",\"@id\":\"https:\\\/\\\/wobronietradycjiiwiary.com\\\/tomasz-z-akwinu-q-91-3-z-5-jak-bedzie-wygladal-swiat-i-zmartwychwstali-po-sadzie-ostatecznym-3-czy-zwiekszy-sie-jasnosc-cial-niebieskich\\\/#primaryimage\",\"url\":\"https:\\\/\\\/wobronietradycjiiwiary.com\\\/wp-content\\\/uploads\\\/2023\\\/10\\\/Auferstehung.jpg\",\"contentUrl\":\"https:\\\/\\\/wobronietradycjiiwiary.com\\\/wp-content\\\/uploads\\\/2023\\\/10\\\/Auferstehung.jpg\",\"width\":674,\"height\":464},{\"@type\":\"BreadcrumbList\",\"@id\":\"https:\\\/\\\/wobronietradycjiiwiary.com\\\/tomasz-z-akwinu-q-91-3-z-5-jak-bedzie-wygladal-swiat-i-zmartwychwstali-po-sadzie-ostatecznym-3-czy-zwiekszy-sie-jasnosc-cial-niebieskich\\\/#breadcrumb\",\"itemListElement\":[{\"@type\":\"ListItem\",\"position\":1,\"name\":\"Strona g\u0142\u00f3wna\",\"item\":\"https:\\\/\\\/wobronietradycjiiwiary.com\\\/\"},{\"@type\":\"ListItem\",\"position\":2,\"name\":\"Tomasz z Akwinu, Q. 91. (3 z 5). Jak b\u0119dzie wygl\u0105da\u0142 \u015bwiat i zmartwychwstali po S\u0105dzie Ostatecznym? (3) Czy zwi\u0119kszy si\u0119 jasno\u015b\u0107 cia\u0142 niebieskich?\"}]},{\"@type\":\"WebSite\",\"@id\":\"https:\\\/\\\/wobronietradycjiiwiary.com\\\/pl\\\/#website\",\"url\":\"https:\\\/\\\/wobronietradycjiiwiary.com\\\/pl\\\/\",\"name\":\"Tradycja i Wiara\",\"description\":\"Portal dla katolik\u00f3w.\",\"publisher\":{\"@id\":\"https:\\\/\\\/wobronietradycjiiwiary.com\\\/pl\\\/#organization\"},\"potentialAction\":[{\"@type\":\"SearchAction\",\"target\":{\"@type\":\"EntryPoint\",\"urlTemplate\":\"https:\\\/\\\/wobronietradycjiiwiary.com\\\/pl\\\/?s={search_term_string}\"},\"query-input\":{\"@type\":\"PropertyValueSpecification\",\"valueRequired\":true,\"valueName\":\"search_term_string\"}}],\"inLanguage\":\"pl-PL\"},{\"@type\":\"Organization\",\"@id\":\"https:\\\/\\\/wobronietradycjiiwiary.com\\\/pl\\\/#organization\",\"name\":\"Tradycja i Wiara\",\"url\":\"https:\\\/\\\/wobronietradycjiiwiary.com\\\/pl\\\/\",\"logo\":{\"@type\":\"ImageObject\",\"inLanguage\":\"pl-PL\",\"@id\":\"https:\\\/\\\/wobronietradycjiiwiary.com\\\/pl\\\/#\\\/schema\\\/logo\\\/image\\\/\",\"url\":\"https:\\\/\\\/i0.wp.com\\\/wobronietradycjiiwiary.com\\\/wp-content\\\/uploads\\\/2015\\\/10\\\/cropped-st-peters-dome-vatican.jpg?fit=940%2C198&ssl=1\",\"contentUrl\":\"https:\\\/\\\/i0.wp.com\\\/wobronietradycjiiwiary.com\\\/wp-content\\\/uploads\\\/2015\\\/10\\\/cropped-st-peters-dome-vatican.jpg?fit=940%2C198&ssl=1\",\"width\":940,\"height\":198,\"caption\":\"Tradycja i Wiara\"},\"image\":{\"@id\":\"https:\\\/\\\/wobronietradycjiiwiary.com\\\/pl\\\/#\\\/schema\\\/logo\\\/image\\\/\"},\"sameAs\":[\"https:\\\/\\\/www.facebook.com\\\/Tradycja-i-Wiara-108813920592249\"]},{\"@type\":\"Person\",\"@id\":\"https:\\\/\\\/wobronietradycjiiwiary.com\\\/pl\\\/#\\\/schema\\\/person\\\/2d6180ce6abcb681fef0daab7816e8f3\",\"name\":\"Traditio et Fides\",\"sameAs\":[\"https:\\\/\\\/traditionundglauben.com\"],\"url\":\"https:\\\/\\\/wobronietradycjiiwiary.com\\\/pl\\\/author\\\/wobronietradycjiiwiary\\\/\"}]}<\/script>\n<!-- \/ Yoast SEO plugin. -->","yoast_head_json":{"title":"Tomasz z Akwinu, Q. 91. (3 z 5). Jak b\u0119dzie wygl\u0105da\u0142 \u015bwiat i zmartwychwstali po S\u0105dzie Ostatecznym? (3) Czy zwi\u0119kszy si\u0119 jasno\u015b\u0107 cia\u0142 niebieskich? - Tradycja i Wiara","robots":{"index":"index","follow":"follow","max-snippet":"max-snippet:-1","max-image-preview":"max-image-preview:large","max-video-preview":"max-video-preview:-1"},"canonical":"https:\/\/wobronietradycjiiwiary.com\/pl\/tomasz-z-akwinu-q-91-3-z-5-jak-bedzie-wygladal-swiat-i-zmartwychwstali-po-sadzie-ostatecznym-3-czy-zwiekszy-sie-jasnosc-cial-niebieskich\/","og_locale":"pl_PL","og_type":"article","og_title":"Tomasz z Akwinu, Q. 91. (3 z 5). Jak b\u0119dzie wygl\u0105da\u0142 \u015bwiat i zmartwychwstali po S\u0105dzie Ostatecznym? (3) Czy zwi\u0119kszy si\u0119 jasno\u015b\u0107 cia\u0142 niebieskich? - Tradycja i Wiara","og_description":"O zwi\u0119kszeniu jasno\u015bci cia\u0142 niebieskich po zmartwychwstaniu.","og_url":"https:\/\/wobronietradycjiiwiary.com\/pl\/tomasz-z-akwinu-q-91-3-z-5-jak-bedzie-wygladal-swiat-i-zmartwychwstali-po-sadzie-ostatecznym-3-czy-zwiekszy-sie-jasnosc-cial-niebieskich\/","og_site_name":"Tradycja i Wiara","article_publisher":"https:\/\/www.facebook.com\/Tradycja-i-Wiara-108813920592249","article_published_time":"2025-06-27T06:15:00+00:00","article_modified_time":"2026-02-03T15:58:17+00:00","og_image":[{"width":674,"height":464,"url":"https:\/\/wobronietradycjiiwiary.com\/wp-content\/uploads\/2023\/10\/Auferstehung.jpg","type":"image\/jpeg"}],"author":"Traditio et Fides","twitter_card":"summary_large_image","twitter_misc":{"Napisane przez":"Traditio et Fides","Szacowany czas czytania":"10 minut"},"schema":{"@context":"https:\/\/schema.org","@graph":[{"@type":"Article","@id":"https:\/\/wobronietradycjiiwiary.com\/tomasz-z-akwinu-q-91-3-z-5-jak-bedzie-wygladal-swiat-i-zmartwychwstali-po-sadzie-ostatecznym-3-czy-zwiekszy-sie-jasnosc-cial-niebieskich\/#article","isPartOf":{"@id":"https:\/\/wobronietradycjiiwiary.com\/tomasz-z-akwinu-q-91-3-z-5-jak-bedzie-wygladal-swiat-i-zmartwychwstali-po-sadzie-ostatecznym-3-czy-zwiekszy-sie-jasnosc-cial-niebieskich\/"},"author":{"name":"Traditio et Fides","@id":"https:\/\/wobronietradycjiiwiary.com\/pl\/#\/schema\/person\/2d6180ce6abcb681fef0daab7816e8f3"},"headline":"Tomasz z Akwinu, Q. 91. (3 z 5). Jak b\u0119dzie wygl\u0105da\u0142 \u015bwiat i zmartwychwstali po S\u0105dzie Ostatecznym? (3) Czy zwi\u0119kszy si\u0119 jasno\u015b\u0107 cia\u0142 niebieskich?","datePublished":"2025-06-27T06:15:00+00:00","dateModified":"2026-02-03T15:58:17+00:00","mainEntityOfPage":{"@id":"https:\/\/wobronietradycjiiwiary.com\/tomasz-z-akwinu-q-91-3-z-5-jak-bedzie-wygladal-swiat-i-zmartwychwstali-po-sadzie-ostatecznym-3-czy-zwiekszy-sie-jasnosc-cial-niebieskich\/"},"wordCount":1789,"commentCount":0,"publisher":{"@id":"https:\/\/wobronietradycjiiwiary.com\/pl\/#organization"},"image":{"@id":"https:\/\/wobronietradycjiiwiary.com\/tomasz-z-akwinu-q-91-3-z-5-jak-bedzie-wygladal-swiat-i-zmartwychwstali-po-sadzie-ostatecznym-3-czy-zwiekszy-sie-jasnosc-cial-niebieskich\/#primaryimage"},"thumbnailUrl":"https:\/\/wobronietradycjiiwiary.com\/wp-content\/uploads\/2023\/10\/Auferstehung.jpg","articleSection":["Doktryna","Rzeczy ostateczne","Zmartwychwstanie","\u015aw. Tomasz, Zmartwychwstanie cia\u0142"],"inLanguage":"pl-PL","potentialAction":[{"@type":"CommentAction","name":"Comment","target":["https:\/\/wobronietradycjiiwiary.com\/tomasz-z-akwinu-q-91-3-z-5-jak-bedzie-wygladal-swiat-i-zmartwychwstali-po-sadzie-ostatecznym-3-czy-zwiekszy-sie-jasnosc-cial-niebieskich\/#respond"]}]},{"@type":"WebPage","@id":"https:\/\/wobronietradycjiiwiary.com\/tomasz-z-akwinu-q-91-3-z-5-jak-bedzie-wygladal-swiat-i-zmartwychwstali-po-sadzie-ostatecznym-3-czy-zwiekszy-sie-jasnosc-cial-niebieskich\/","url":"https:\/\/wobronietradycjiiwiary.com\/tomasz-z-akwinu-q-91-3-z-5-jak-bedzie-wygladal-swiat-i-zmartwychwstali-po-sadzie-ostatecznym-3-czy-zwiekszy-sie-jasnosc-cial-niebieskich\/","name":"Tomasz z Akwinu, Q. 91. (3 z 5). Jak b\u0119dzie wygl\u0105da\u0142 \u015bwiat i zmartwychwstali po S\u0105dzie Ostatecznym? (3) Czy zwi\u0119kszy si\u0119 jasno\u015b\u0107 cia\u0142 niebieskich? - Tradycja i Wiara","isPartOf":{"@id":"https:\/\/wobronietradycjiiwiary.com\/pl\/#website"},"primaryImageOfPage":{"@id":"https:\/\/wobronietradycjiiwiary.com\/tomasz-z-akwinu-q-91-3-z-5-jak-bedzie-wygladal-swiat-i-zmartwychwstali-po-sadzie-ostatecznym-3-czy-zwiekszy-sie-jasnosc-cial-niebieskich\/#primaryimage"},"image":{"@id":"https:\/\/wobronietradycjiiwiary.com\/tomasz-z-akwinu-q-91-3-z-5-jak-bedzie-wygladal-swiat-i-zmartwychwstali-po-sadzie-ostatecznym-3-czy-zwiekszy-sie-jasnosc-cial-niebieskich\/#primaryimage"},"thumbnailUrl":"https:\/\/wobronietradycjiiwiary.com\/wp-content\/uploads\/2023\/10\/Auferstehung.jpg","datePublished":"2025-06-27T06:15:00+00:00","dateModified":"2026-02-03T15:58:17+00:00","breadcrumb":{"@id":"https:\/\/wobronietradycjiiwiary.com\/tomasz-z-akwinu-q-91-3-z-5-jak-bedzie-wygladal-swiat-i-zmartwychwstali-po-sadzie-ostatecznym-3-czy-zwiekszy-sie-jasnosc-cial-niebieskich\/#breadcrumb"},"inLanguage":"pl-PL","potentialAction":[{"@type":"ReadAction","target":["https:\/\/wobronietradycjiiwiary.com\/tomasz-z-akwinu-q-91-3-z-5-jak-bedzie-wygladal-swiat-i-zmartwychwstali-po-sadzie-ostatecznym-3-czy-zwiekszy-sie-jasnosc-cial-niebieskich\/"]}]},{"@type":"ImageObject","inLanguage":"pl-PL","@id":"https:\/\/wobronietradycjiiwiary.com\/tomasz-z-akwinu-q-91-3-z-5-jak-bedzie-wygladal-swiat-i-zmartwychwstali-po-sadzie-ostatecznym-3-czy-zwiekszy-sie-jasnosc-cial-niebieskich\/#primaryimage","url":"https:\/\/wobronietradycjiiwiary.com\/wp-content\/uploads\/2023\/10\/Auferstehung.jpg","contentUrl":"https:\/\/wobronietradycjiiwiary.com\/wp-content\/uploads\/2023\/10\/Auferstehung.jpg","width":674,"height":464},{"@type":"BreadcrumbList","@id":"https:\/\/wobronietradycjiiwiary.com\/tomasz-z-akwinu-q-91-3-z-5-jak-bedzie-wygladal-swiat-i-zmartwychwstali-po-sadzie-ostatecznym-3-czy-zwiekszy-sie-jasnosc-cial-niebieskich\/#breadcrumb","itemListElement":[{"@type":"ListItem","position":1,"name":"Strona g\u0142\u00f3wna","item":"https:\/\/wobronietradycjiiwiary.com\/"},{"@type":"ListItem","position":2,"name":"Tomasz z Akwinu, Q. 91. (3 z 5). Jak b\u0119dzie wygl\u0105da\u0142 \u015bwiat i zmartwychwstali po S\u0105dzie Ostatecznym? (3) Czy zwi\u0119kszy si\u0119 jasno\u015b\u0107 cia\u0142 niebieskich?"}]},{"@type":"WebSite","@id":"https:\/\/wobronietradycjiiwiary.com\/pl\/#website","url":"https:\/\/wobronietradycjiiwiary.com\/pl\/","name":"Tradycja i Wiara","description":"Portal dla katolik\u00f3w.","publisher":{"@id":"https:\/\/wobronietradycjiiwiary.com\/pl\/#organization"},"potentialAction":[{"@type":"SearchAction","target":{"@type":"EntryPoint","urlTemplate":"https:\/\/wobronietradycjiiwiary.com\/pl\/?s={search_term_string}"},"query-input":{"@type":"PropertyValueSpecification","valueRequired":true,"valueName":"search_term_string"}}],"inLanguage":"pl-PL"},{"@type":"Organization","@id":"https:\/\/wobronietradycjiiwiary.com\/pl\/#organization","name":"Tradycja i Wiara","url":"https:\/\/wobronietradycjiiwiary.com\/pl\/","logo":{"@type":"ImageObject","inLanguage":"pl-PL","@id":"https:\/\/wobronietradycjiiwiary.com\/pl\/#\/schema\/logo\/image\/","url":"https:\/\/i0.wp.com\/wobronietradycjiiwiary.com\/wp-content\/uploads\/2015\/10\/cropped-st-peters-dome-vatican.jpg?fit=940%2C198&ssl=1","contentUrl":"https:\/\/i0.wp.com\/wobronietradycjiiwiary.com\/wp-content\/uploads\/2015\/10\/cropped-st-peters-dome-vatican.jpg?fit=940%2C198&ssl=1","width":940,"height":198,"caption":"Tradycja i Wiara"},"image":{"@id":"https:\/\/wobronietradycjiiwiary.com\/pl\/#\/schema\/logo\/image\/"},"sameAs":["https:\/\/www.facebook.com\/Tradycja-i-Wiara-108813920592249"]},{"@type":"Person","@id":"https:\/\/wobronietradycjiiwiary.com\/pl\/#\/schema\/person\/2d6180ce6abcb681fef0daab7816e8f3","name":"Traditio et Fides","sameAs":["https:\/\/traditionundglauben.com"],"url":"https:\/\/wobronietradycjiiwiary.com\/pl\/author\/wobronietradycjiiwiary\/"}]}},"jetpack_publicize_connections":[],"jetpack_sharing_enabled":true,"jetpack_likes_enabled":true,"jetpack_shortlink":"https:\/\/wp.me\/pc04Sd-C0B","jetpack-related-posts":[{"id":96554,"url":"https:\/\/wobronietradycjiiwiary.com\/pl\/sw-tomasz-z-akwinu-znaki-poprzedzajace-sad-2-z-3-czy-wtedy-slonce-i-ksiezyc-powinny-naprawde-sie-zacmic\/","url_meta":{"origin":146109,"position":0},"title":"\u015aw. Tomasz z Akwinu, Znaki poprzedzaj\u0105ce S\u0105d. Q.73  (2 z 3). Czy wtedy s\u0142o\u0144ce i ksi\u0119\u017cyc powinny naprawd\u0119 si\u0119 za\u0107mi\u0107?","author":"Traditio et Fides","date":"21 lipca 2023","format":false,"excerpt":"Za\u0107mi si\u0119 czy nie? \u015aw. Tomasz odpowiada.","rel":"","context":"W \u201eDoktryna&quot;","block_context":{"text":"Doktryna","link":"https:\/\/wobronietradycjiiwiary.com\/pl\/category\/doktryna\/"},"img":{"alt_text":"","src":"https:\/\/i0.wp.com\/wobronietradycjiiwiary.com\/wp-content\/uploads\/2023\/07\/Jungstes_Gericht_1518_VLM_01.jpg?resize=350%2C200&ssl=1","width":350,"height":200,"srcset":"https:\/\/i0.wp.com\/wobronietradycjiiwiary.com\/wp-content\/uploads\/2023\/07\/Jungstes_Gericht_1518_VLM_01.jpg?resize=350%2C200&ssl=1 1x, https:\/\/i0.wp.com\/wobronietradycjiiwiary.com\/wp-content\/uploads\/2023\/07\/Jungstes_Gericht_1518_VLM_01.jpg?resize=525%2C300&ssl=1 1.5x, https:\/\/i0.wp.com\/wobronietradycjiiwiary.com\/wp-content\/uploads\/2023\/07\/Jungstes_Gericht_1518_VLM_01.jpg?resize=700%2C400&ssl=1 2x, https:\/\/i0.wp.com\/wobronietradycjiiwiary.com\/wp-content\/uploads\/2023\/07\/Jungstes_Gericht_1518_VLM_01.jpg?resize=1050%2C600&ssl=1 3x, https:\/\/i0.wp.com\/wobronietradycjiiwiary.com\/wp-content\/uploads\/2023\/07\/Jungstes_Gericht_1518_VLM_01.jpg?resize=1400%2C800&ssl=1 4x"},"classes":[]},{"id":145334,"url":"https:\/\/wobronietradycjiiwiary.com\/pl\/tomasz-z-akwinu-q-91-2-z-5-jak-bedzie-wygladal-swiat-i-zmartwychwstali-po-sadzie-ostatecznym-2-czy-ustanie-ruch-cial-niebieskich\/","url_meta":{"origin":146109,"position":1},"title":"Tomasz z Akwinu, Q. 91. (2 z 5). Jak b\u0119dzie wygl\u0105da\u0142 \u015bwiat i zmartwychwstali po S\u0105dzie Ostatecznym? (2) Czy ustanie ruch cia\u0142 niebieskich?","author":"Traditio et Fides","date":"20 czerwca 2025","format":false,"excerpt":"Artyku\u0142 2 CZY W OWYM ODNOWIENIU \u015aWIATA USTANIE RUCH CIA\u0141 NIEBIESKICH?[i] Zdaje si\u0119, \u017ce w owym odnowieniu \u015bwiata nie ustanie ruch cia\u0142 niebieskich[1], bo: 1. W Ksi\u0119dze Rodzaju czytamy[2]: \u201eJak d\u0142ugo trwa\u0107 b\u0119dzie ziemia, b\u0119d\u0105 istnia\u0142y: . . . mr\u00f3z i upa\u0142, lato i zima, dzie\u0144 i noc\". Lecz dzie\u0144\u2026","rel":"","context":"W \u201eDoktryna&quot;","block_context":{"text":"Doktryna","link":"https:\/\/wobronietradycjiiwiary.com\/pl\/category\/doktryna\/"},"img":{"alt_text":"","src":"https:\/\/i0.wp.com\/wobronietradycjiiwiary.com\/wp-content\/uploads\/2023\/10\/Auferstehung.jpg?resize=350%2C200&ssl=1","width":350,"height":200,"srcset":"https:\/\/i0.wp.com\/wobronietradycjiiwiary.com\/wp-content\/uploads\/2023\/10\/Auferstehung.jpg?resize=350%2C200&ssl=1 1x, https:\/\/i0.wp.com\/wobronietradycjiiwiary.com\/wp-content\/uploads\/2023\/10\/Auferstehung.jpg?resize=525%2C300&ssl=1 1.5x"},"classes":[]},{"id":147444,"url":"https:\/\/wobronietradycjiiwiary.com\/pl\/tomasz-z-akwinu-q-91-4-z-5-jak-bedzie-wygladal-swiat-i-zmartwychwstali-po-sadzie-ostatecznym-4-czy-elementy-zostana-odnowione\/","url_meta":{"origin":146109,"position":2},"title":"Tomasz z Akwinu, Q. 91. (4 z 5). Jak b\u0119dzie wygl\u0105da\u0142 \u015bwiat i zmartwychwstali po S\u0105dzie Ostatecznym? (4) Czy elementy zostan\u0105 odnowione?","author":"Traditio et Fides","date":"11 lipca 2025","format":false,"excerpt":"O odnowieniu element\u00f3w.","rel":"","context":"W \u201eDoktryna&quot;","block_context":{"text":"Doktryna","link":"https:\/\/wobronietradycjiiwiary.com\/pl\/category\/doktryna\/"},"img":{"alt_text":"","src":"https:\/\/i0.wp.com\/wobronietradycjiiwiary.com\/wp-content\/uploads\/2023\/10\/Auferstehung.jpg?resize=350%2C200&ssl=1","width":350,"height":200,"srcset":"https:\/\/i0.wp.com\/wobronietradycjiiwiary.com\/wp-content\/uploads\/2023\/10\/Auferstehung.jpg?resize=350%2C200&ssl=1 1x, https:\/\/i0.wp.com\/wobronietradycjiiwiary.com\/wp-content\/uploads\/2023\/10\/Auferstehung.jpg?resize=525%2C300&ssl=1 1.5x"},"classes":[]},{"id":123740,"url":"https:\/\/wobronietradycjiiwiary.com\/pl\/tomasz-z-akwinu-q-86-1-z-3-wlasciwosci-zmartwychwstalych-cial-potepionych-1-czy-beda-niezniszczalne\/","url_meta":{"origin":146109,"position":3},"title":"Tomasz z Akwinu, Q. 86. (2 z 3). W\u0142a\u015bciwo\u015bci zmartwychwsta\u0142ych cia\u0142 pot\u0119pionych. (2) Czy b\u0119d\u0105 niezniszczalne?","author":"Traditio et Fides","date":"8 listopada 2024","format":false,"excerpt":"Skoro wszelki ruch cia\u0142 niebieskich ustanie, tote\u017c cia\u0142a pot\u0119pionych b\u0119d\u0105 niezniszczalne.","rel":"","context":"W \u201eDoktryna&quot;","block_context":{"text":"Doktryna","link":"https:\/\/wobronietradycjiiwiary.com\/pl\/category\/doktryna\/"},"img":{"alt_text":"","src":"https:\/\/i0.wp.com\/wobronietradycjiiwiary.com\/wp-content\/uploads\/2023\/10\/Auferstehung.jpg?resize=350%2C200&ssl=1","width":350,"height":200,"srcset":"https:\/\/i0.wp.com\/wobronietradycjiiwiary.com\/wp-content\/uploads\/2023\/10\/Auferstehung.jpg?resize=350%2C200&ssl=1 1x, https:\/\/i0.wp.com\/wobronietradycjiiwiary.com\/wp-content\/uploads\/2023\/10\/Auferstehung.jpg?resize=525%2C300&ssl=1 1.5x"},"classes":[]},{"id":121756,"url":"https:\/\/wobronietradycjiiwiary.com\/pl\/tomasz-z-akwinu-q-85-1-z-3-jasnosc-cial-uchwalebnionych-1-czy-beda-jasne\/","url_meta":{"origin":146109,"position":4},"title":"Tomasz z Akwinu, Q. 85. (1 z 3). Jasno\u015b\u0107 cia\u0142 uchwalebnionych. (1) Czy b\u0119d\u0105 jasne?","author":"Traditio et Fides","date":"27 wrze\u015bnia 2024","format":false,"excerpt":"O jasno\u015bci cia\u0142 po zmartwywstaniu i znaczeniu gwie\u017adzistego nieba w ko\u015bcio\u0142ach.","rel":"","context":"W \u201eDoktryna&quot;","block_context":{"text":"Doktryna","link":"https:\/\/wobronietradycjiiwiary.com\/pl\/category\/doktryna\/"},"img":{"alt_text":"","src":"https:\/\/i0.wp.com\/wobronietradycjiiwiary.com\/wp-content\/uploads\/2023\/10\/Auferstehung.jpg?resize=350%2C200&ssl=1","width":350,"height":200,"srcset":"https:\/\/i0.wp.com\/wobronietradycjiiwiary.com\/wp-content\/uploads\/2023\/10\/Auferstehung.jpg?resize=350%2C200&ssl=1 1x, https:\/\/i0.wp.com\/wobronietradycjiiwiary.com\/wp-content\/uploads\/2023\/10\/Auferstehung.jpg?resize=525%2C300&ssl=1 1.5x"},"classes":[]},{"id":122327,"url":"https:\/\/wobronietradycjiiwiary.com\/pl\/tomasz-z-akwinu-q-85-2-z-3-jasnosc-cial-uchwalebnionych-2-czy-bedzie-widoczna-dla-wszystkich\/","url_meta":{"origin":146109,"position":5},"title":"Tomasz z Akwinu, Q. 85. (2 z 3). Jasno\u015b\u0107 cia\u0142 uchwalebnionych. (2) Czy b\u0119dzie widoczna dla wszystkich?","author":"Traditio et Fides","date":"4 pa\u017adziernika 2024","format":false,"excerpt":"O tym, \u017ce oko nieuchwalebnione widzie\u0107 mo\u017ce jasno\u015b\u0107 cia\u0142a uchwalebnionego.","rel":"","context":"W \u201eDoktryna&quot;","block_context":{"text":"Doktryna","link":"https:\/\/wobronietradycjiiwiary.com\/pl\/category\/doktryna\/"},"img":{"alt_text":"","src":"https:\/\/i0.wp.com\/wobronietradycjiiwiary.com\/wp-content\/uploads\/2023\/10\/Auferstehung.jpg?resize=350%2C200&ssl=1","width":350,"height":200,"srcset":"https:\/\/i0.wp.com\/wobronietradycjiiwiary.com\/wp-content\/uploads\/2023\/10\/Auferstehung.jpg?resize=350%2C200&ssl=1 1x, https:\/\/i0.wp.com\/wobronietradycjiiwiary.com\/wp-content\/uploads\/2023\/10\/Auferstehung.jpg?resize=525%2C300&ssl=1 1.5x"},"classes":[]}],"amp_enabled":true,"jetpack_featured_media_url":"https:\/\/wobronietradycjiiwiary.com\/wp-content\/uploads\/2023\/10\/Auferstehung.jpg","_links":{"self":[{"href":"https:\/\/wobronietradycjiiwiary.com\/pl\/wp-json\/wp\/v2\/posts\/146109","targetHints":{"allow":["GET"]}}],"collection":[{"href":"https:\/\/wobronietradycjiiwiary.com\/pl\/wp-json\/wp\/v2\/posts"}],"about":[{"href":"https:\/\/wobronietradycjiiwiary.com\/pl\/wp-json\/wp\/v2\/types\/post"}],"author":[{"embeddable":true,"href":"https:\/\/wobronietradycjiiwiary.com\/pl\/wp-json\/wp\/v2\/users\/60508433"}],"replies":[{"embeddable":true,"href":"https:\/\/wobronietradycjiiwiary.com\/pl\/wp-json\/wp\/v2\/comments?post=146109"}],"version-history":[{"count":6,"href":"https:\/\/wobronietradycjiiwiary.com\/pl\/wp-json\/wp\/v2\/posts\/146109\/revisions"}],"predecessor-version":[{"id":146119,"href":"https:\/\/wobronietradycjiiwiary.com\/pl\/wp-json\/wp\/v2\/posts\/146109\/revisions\/146119"}],"wp:featuredmedia":[{"embeddable":true,"href":"https:\/\/wobronietradycjiiwiary.com\/pl\/wp-json\/wp\/v2\/media\/105734"}],"wp:attachment":[{"href":"https:\/\/wobronietradycjiiwiary.com\/pl\/wp-json\/wp\/v2\/media?parent=146109"}],"wp:term":[{"taxonomy":"category","embeddable":true,"href":"https:\/\/wobronietradycjiiwiary.com\/pl\/wp-json\/wp\/v2\/categories?post=146109"},{"taxonomy":"post_tag","embeddable":true,"href":"https:\/\/wobronietradycjiiwiary.com\/pl\/wp-json\/wp\/v2\/tags?post=146109"}],"curies":[{"name":"wp","href":"https:\/\/api.w.org\/{rel}","templated":true}]}}