{"id":146002,"date":"2025-06-25T14:56:12","date_gmt":"2025-06-25T12:56:12","guid":{"rendered":"https:\/\/wobronietradycjiiwiary.com\/?p=146002"},"modified":"2026-05-27T11:08:54","modified_gmt":"2026-05-27T09:08:54","slug":"sw-tomasz-o-zroznicowaniu-grzechow-q-73-9-z-10-czy-wielkosc-grzechu-zalezy-od-osoby-przeciw-ktorej-sie-grzeszy","status":"publish","type":"post","link":"https:\/\/wobronietradycjiiwiary.com\/pl\/sw-tomasz-o-zroznicowaniu-grzechow-q-73-9-z-10-czy-wielkosc-grzechu-zalezy-od-osoby-przeciw-ktorej-sie-grzeszy\/","title":{"rendered":"\u015aw. Tomasz, O zr\u00f3\u017cnicowaniu grzech\u00f3w, Q. 73 (9 z 10). Czy wielko\u015b\u0107 grzechu zale\u017cy od osoby, przeciw kt\u00f3rej si\u0119 grzeszy?"},"content":{"rendered":"<div id=\"bsf_rt_marker\"><\/div><p>A r t y k u \u0142 &nbsp;9 CZY WIELKO\u015a\u0106 GRZECHU ZALE\u017bY OD OSOBY, PRZECIW KT\u00d3REJ KTO\u015a GRZESZY? Postawienie problemu.&hellip;<\/p>\n<div style=\"text-align: center\">\n<p>&nbsp;<\/p>\n<\/div>\n<h2 style=\"border: 5px solid #0000A0;padding: 1em;text-align: center\"><span style=\"color: #000000\">Pe\u0142en dost\u0119p dla <span style=\"color: #00ccff\"><a style=\"color: #00ccff\" href=\"https:\/\/wobronietradycjiiwiary.com\/subskrypcje-2\/\" target=\"_blank\" rel=\"noopener\">subskrybent\u00f3w<\/a><\/span>.<\/span><br \/>\n<span style=\"color: #3366ff\"><a style=\"color: #3366ff\" href=\"https:\/\/wobronietradycjiiwiary.com\/account\/login\/\" target=\"_blank\" rel=\"noopener\"><span style=\"color: #00ccff\">Zaloguj<\/span><\/a> <\/span>si\u0119 lub przejd\u017a do <a href=\"https:\/\/wobronietradycjiiwiary.com\/register\/\"><span style=\"color: #3366ff\">Rejestracji<\/span><\/a>.<\/h2>\n<div>\n<p style=\"text-align: center\"><a href=\"https:\/\/wobronietradycjiiwiary.com\/pl\/subskrypcje-2\/cennik\/\" target=\"_blank\" rel=\"noopener\"><span style=\"color: #000080;font-size: 24pt\"><strong>Nowe ni\u017csze ceny<\/strong><\/span><\/a><\/p>\n<p style=\"text-align: center\"><strong><span style=\"font-size: 18pt;color: #000080\">P\u0142atno\u015b\u0107 kart\u0105<\/span><\/strong><\/p>\n<\/div>\n<h3 style=\"text-align: center\"><a href=\"https:\/\/wobronietradycjiiwiary.com\/pl\/subskrypcje-2\/automatyczne\/indywidualne\/\" target=\"_blank\" rel=\"noopener\"><img fetchpriority=\"high\" decoding=\"async\" class=\"alignnone size-medium wp-image-80433\" src=\"https:\/\/wobronietradycjiiwiary.com\/wp-content\/uploads\/2022\/11\/Unbenannt-1-Online-1-300x202.jpg\" alt=\"\" width=\"300\" height=\"202\" srcset=\"https:\/\/wobronietradycjiiwiary.com\/wp-content\/uploads\/2022\/11\/Unbenannt-1-Online-1-300x202.jpg 300w, https:\/\/wobronietradycjiiwiary.com\/wp-content\/uploads\/2022\/11\/Unbenannt-1-Online-1-150x101.jpg 150w, https:\/\/wobronietradycjiiwiary.com\/wp-content\/uploads\/2022\/11\/Unbenannt-1-Online-1-18x12.jpg 18w, https:\/\/wobronietradycjiiwiary.com\/wp-content\/uploads\/2022\/11\/Unbenannt-1-Online-1.jpg 446w\" sizes=\"(max-width: 300px) 100vw, 300px\" \/><\/a><\/h3>\n<p style=\"text-align: center\"><strong><span style=\"font-size: 18pt;color: #000080\">P\u0142atno\u015b\u0107 przelewem<\/span><\/strong><\/p>\n<p><a href=\"https:\/\/wobronietradycjiiwiary.com\/pl\/subskrypcje-2\/automatyczne\/indywidualne\/\" target=\"_blank\" rel=\"noopener\"><img decoding=\"async\" class=\"size-medium wp-image-80434 aligncenter\" src=\"https:\/\/wobronietradycjiiwiary.com\/wp-content\/uploads\/2022\/11\/Unbenannt-1-Przelewem-300x137.jpg\" alt=\"\" width=\"300\" height=\"137\" srcset=\"https:\/\/wobronietradycjiiwiary.com\/wp-content\/uploads\/2022\/11\/Unbenannt-1-Przelewem-300x137.jpg 300w, https:\/\/wobronietradycjiiwiary.com\/wp-content\/uploads\/2022\/11\/Unbenannt-1-Przelewem-450x206.jpg 450w, https:\/\/wobronietradycjiiwiary.com\/wp-content\/uploads\/2022\/11\/Unbenannt-1-Przelewem-600x274.jpg 600w, https:\/\/wobronietradycjiiwiary.com\/wp-content\/uploads\/2022\/11\/Unbenannt-1-Przelewem-150x69.jpg 150w, https:\/\/wobronietradycjiiwiary.com\/wp-content\/uploads\/2022\/11\/Unbenannt-1-Przelewem-18x8.jpg 18w, https:\/\/wobronietradycjiiwiary.com\/wp-content\/uploads\/2022\/11\/Unbenannt-1-Przelewem.jpg 676w\" sizes=\"(max-width: 300px) 100vw, 300px\" \/><\/a><\/p>\n<p style=\"text-align: center\"><strong><span style=\"font-size: 18pt;color: #000080\">P\u0142atno\u015b\u0107 kart\u0105 do 6 os\u00f3b<\/span><\/strong><\/p>\n<p><a href=\"https:\/\/wobronietradycjiiwiary.com\/pl\/rodzinne\/\" target=\"_blank\" rel=\"noopener\"><img decoding=\"async\" class=\"size-medium wp-image-80435 aligncenter\" src=\"https:\/\/wobronietradycjiiwiary.com\/wp-content\/uploads\/2022\/11\/Unbenannt-1-Rodzinna-300x208.jpg\" alt=\"\" width=\"300\" height=\"208\" srcset=\"https:\/\/wobronietradycjiiwiary.com\/wp-content\/uploads\/2022\/11\/Unbenannt-1-Rodzinna-300x208.jpg 300w, https:\/\/wobronietradycjiiwiary.com\/wp-content\/uploads\/2022\/11\/Unbenannt-1-Rodzinna-150x104.jpg 150w, https:\/\/wobronietradycjiiwiary.com\/wp-content\/uploads\/2022\/11\/Unbenannt-1-Rodzinna-18x12.jpg 18w, https:\/\/wobronietradycjiiwiary.com\/wp-content\/uploads\/2022\/11\/Unbenannt-1-Rodzinna.jpg 448w\" sizes=\"(max-width: 300px) 100vw, 300px\" \/><\/a><\/p>\n<h3 style=\"text-align: center\"><\/h3>\n<h1 style=\"text-align: center\"><\/h1>\n","protected":false},"excerpt":{"rendered":"<p>Tak, grzechy jest tym ci\u0119\u017cszy im kto\u015b znajduje si\u0119 wy\u017cej w boskiej hierarchii pod wzgl\u0119dem \u015bwi\u0119to\u015bci lub oddzia\u0142ywania urz\u0119du.<\/p>\n","protected":false},"author":60508433,"featured_media":127987,"comment_status":"open","ping_status":"open","sticky":false,"template":"","format":"standard","meta":{"_bbp_topic_count":0,"_bbp_reply_count":0,"_bbp_total_topic_count":0,"_bbp_total_reply_count":0,"_bbp_voice_count":0,"_bbp_anonymous_reply_count":0,"_bbp_topic_count_hidden":0,"_bbp_reply_count_hidden":0,"_bbp_forum_subforum_count":0,"_editorskit_title_hidden":false,"_editorskit_reading_time":0,"_editorskit_is_block_options_detached":false,"_editorskit_block_options_position":"{}","_coblocks_attr":"","_coblocks_dimensions":"","_coblocks_responsive_height":"","_coblocks_accordion_ie_support":"","_exactmetrics_skip_tracking":false,"_jetpack_newsletter_access":"","_jetpack_dont_email_post_to_subs":false,"_jetpack_newsletter_tier_id":0,"_jetpack_memberships_contains_paywalled_content":false,"_wpcom_ai_launchpad_first_post":false,"_jetpack_feature_clip_id":0,"_jetpack_memberships_contains_paid_content":false,"footnotes":"","jetpack_publicize_message":"{title}\n\n{excerpt}\n\n{url}","jetpack_publicize_feature_enabled":true,"jetpack_social_post_already_shared":true,"jetpack_social_options":{"image_generator_settings":{"template":"highway","default_image_id":0,"font":"","enabled":false},"version":2},"_wpas_customize_per_network":false,"jetpack_post_was_ever_published":false},"categories":[610131185,610135140,40321200,610136211,68037822],"tags":[610135513,610132133],"class_list":["post-146002","post","type-post","status-publish","format-standard","has-post-thumbnail","hentry","category-doktryna","category-o-wadzie-i-grzechu","category-teologia-moralna","category-zroznicowanie-grzechow","category-swiety-tomasz-z-akwinu","tag-ciezar-grzechu","tag-restricted"],"yoast_head":"<!-- This site is optimized with the Yoast SEO plugin v28.3 - https:\/\/yoast.com\/product\/yoast-seo-wordpress\/ -->\n<title>\u015aw. Tomasz, O zr\u00f3\u017cnicowaniu grzech\u00f3w, Q. 73 (9 z 10). Czy wielko\u015b\u0107 grzechu zale\u017cy od osoby, przeciw kt\u00f3rej si\u0119 grzeszy? - Tradycja i Wiara<\/title>\n<meta name=\"robots\" content=\"index, follow, max-snippet:-1, max-image-preview:large, max-video-preview:-1\" \/>\n<link rel=\"canonical\" href=\"https:\/\/wobronietradycjiiwiary.com\/pl\/sw-tomasz-o-zroznicowaniu-grzechow-q-73-9-z-10-czy-wielkosc-grzechu-zalezy-od-osoby-przeciw-ktorej-sie-grzeszy\/\" \/>\n<meta property=\"og:locale\" content=\"pl_PL\" \/>\n<meta property=\"og:type\" content=\"article\" \/>\n<meta property=\"og:title\" content=\"\u015aw. Tomasz, O zr\u00f3\u017cnicowaniu grzech\u00f3w, Q. 73 (9 z 10). Czy wielko\u015b\u0107 grzechu zale\u017cy od osoby, przeciw kt\u00f3rej si\u0119 grzeszy? - Tradycja i Wiara\" \/>\n<meta property=\"og:description\" content=\"Tak, grzechy jest tym ci\u0119\u017cszy im kto\u015b znajduje si\u0119 wy\u017cej w boskiej hierarchii pod wzgl\u0119dem \u015bwi\u0119to\u015bci lub oddzia\u0142ywania urz\u0119du.\" \/>\n<meta property=\"og:url\" content=\"https:\/\/wobronietradycjiiwiary.com\/pl\/sw-tomasz-o-zroznicowaniu-grzechow-q-73-9-z-10-czy-wielkosc-grzechu-zalezy-od-osoby-przeciw-ktorej-sie-grzeszy\/\" \/>\n<meta property=\"og:site_name\" content=\"Tradycja i Wiara\" \/>\n<meta property=\"article:publisher\" content=\"https:\/\/www.facebook.com\/Tradycja-i-Wiara-108813920592249\" \/>\n<meta property=\"article:published_time\" content=\"2025-06-25T12:56:12+00:00\" \/>\n<meta property=\"article:modified_time\" content=\"2026-05-27T09:08:54+00:00\" \/>\n<meta property=\"og:image\" content=\"https:\/\/wobronietradycjiiwiary.com\/wp-content\/uploads\/2025\/01\/allegory_6622e66e-cc32-426b-8cc2-071cf0a01bb1.jpg\" \/>\n\t<meta property=\"og:image:width\" content=\"950\" \/>\n\t<meta property=\"og:image:height\" content=\"1697\" \/>\n\t<meta property=\"og:image:type\" content=\"image\/jpeg\" \/>\n<meta name=\"author\" content=\"Traditio et Fides\" \/>\n<meta name=\"twitter:card\" content=\"summary_large_image\" \/>\n<meta name=\"twitter:label1\" content=\"Napisane przez\" \/>\n\t<meta name=\"twitter:data1\" content=\"Traditio et Fides\" \/>\n\t<meta name=\"twitter:label2\" content=\"Szacowany czas czytania\" \/>\n\t<meta name=\"twitter:data2\" content=\"16 minut\" \/>\n<script type=\"application\/ld+json\" class=\"yoast-schema-graph\">{\"@context\":\"https:\\\/\\\/schema.org\",\"@graph\":[{\"@type\":\"Article\",\"@id\":\"https:\\\/\\\/wobronietradycjiiwiary.com\\\/sw-tomasz-o-zroznicowaniu-grzechow-q-73-9-z-10-czy-wielkosc-grzechu-zalezy-od-osoby-przeciw-ktorej-sie-grzeszy\\\/#article\",\"isPartOf\":{\"@id\":\"https:\\\/\\\/wobronietradycjiiwiary.com\\\/sw-tomasz-o-zroznicowaniu-grzechow-q-73-9-z-10-czy-wielkosc-grzechu-zalezy-od-osoby-przeciw-ktorej-sie-grzeszy\\\/\"},\"author\":{\"name\":\"Traditio et Fides\",\"@id\":\"https:\\\/\\\/wobronietradycjiiwiary.com\\\/pl\\\/#\\\/schema\\\/person\\\/2d6180ce6abcb681fef0daab7816e8f3\"},\"headline\":\"\u015aw. Tomasz, O zr\u00f3\u017cnicowaniu grzech\u00f3w, Q. 73 (9 z 10). Czy wielko\u015b\u0107 grzechu zale\u017cy od osoby, przeciw kt\u00f3rej si\u0119 grzeszy?\",\"datePublished\":\"2025-06-25T12:56:12+00:00\",\"dateModified\":\"2026-05-27T09:08:54+00:00\",\"mainEntityOfPage\":{\"@id\":\"https:\\\/\\\/wobronietradycjiiwiary.com\\\/sw-tomasz-o-zroznicowaniu-grzechow-q-73-9-z-10-czy-wielkosc-grzechu-zalezy-od-osoby-przeciw-ktorej-sie-grzeszy\\\/\"},\"wordCount\":1031,\"commentCount\":0,\"publisher\":{\"@id\":\"https:\\\/\\\/wobronietradycjiiwiary.com\\\/pl\\\/#organization\"},\"image\":{\"@id\":\"https:\\\/\\\/wobronietradycjiiwiary.com\\\/sw-tomasz-o-zroznicowaniu-grzechow-q-73-9-z-10-czy-wielkosc-grzechu-zalezy-od-osoby-przeciw-ktorej-sie-grzeszy\\\/#primaryimage\"},\"thumbnailUrl\":\"https:\\\/\\\/wobronietradycjiiwiary.com\\\/wp-content\\\/uploads\\\/2025\\\/01\\\/allegory_6622e66e-cc32-426b-8cc2-071cf0a01bb1.jpg\",\"keywords\":[\"ci\u0119\u017car grzechu\",\"Restricted\"],\"articleSection\":[\"Doktryna\",\"O wadzie i grzechu\",\"Teologia moralna\",\"Zr\u00f3\u017cnicowanie grzech\u00f3w\",\"\u015bw. Tomasz nauczanie moralne\"],\"inLanguage\":\"pl-PL\",\"potentialAction\":[{\"@type\":\"CommentAction\",\"name\":\"Comment\",\"target\":[\"https:\\\/\\\/wobronietradycjiiwiary.com\\\/sw-tomasz-o-zroznicowaniu-grzechow-q-73-9-z-10-czy-wielkosc-grzechu-zalezy-od-osoby-przeciw-ktorej-sie-grzeszy\\\/#respond\"]}]},{\"@type\":\"WebPage\",\"@id\":\"https:\\\/\\\/wobronietradycjiiwiary.com\\\/sw-tomasz-o-zroznicowaniu-grzechow-q-73-9-z-10-czy-wielkosc-grzechu-zalezy-od-osoby-przeciw-ktorej-sie-grzeszy\\\/\",\"url\":\"https:\\\/\\\/wobronietradycjiiwiary.com\\\/sw-tomasz-o-zroznicowaniu-grzechow-q-73-9-z-10-czy-wielkosc-grzechu-zalezy-od-osoby-przeciw-ktorej-sie-grzeszy\\\/\",\"name\":\"\u015aw. Tomasz, O zr\u00f3\u017cnicowaniu grzech\u00f3w, Q. 73 (9 z 10). Czy wielko\u015b\u0107 grzechu zale\u017cy od osoby, przeciw kt\u00f3rej si\u0119 grzeszy? - Tradycja i Wiara\",\"isPartOf\":{\"@id\":\"https:\\\/\\\/wobronietradycjiiwiary.com\\\/pl\\\/#website\"},\"primaryImageOfPage\":{\"@id\":\"https:\\\/\\\/wobronietradycjiiwiary.com\\\/sw-tomasz-o-zroznicowaniu-grzechow-q-73-9-z-10-czy-wielkosc-grzechu-zalezy-od-osoby-przeciw-ktorej-sie-grzeszy\\\/#primaryimage\"},\"image\":{\"@id\":\"https:\\\/\\\/wobronietradycjiiwiary.com\\\/sw-tomasz-o-zroznicowaniu-grzechow-q-73-9-z-10-czy-wielkosc-grzechu-zalezy-od-osoby-przeciw-ktorej-sie-grzeszy\\\/#primaryimage\"},\"thumbnailUrl\":\"https:\\\/\\\/wobronietradycjiiwiary.com\\\/wp-content\\\/uploads\\\/2025\\\/01\\\/allegory_6622e66e-cc32-426b-8cc2-071cf0a01bb1.jpg\",\"datePublished\":\"2025-06-25T12:56:12+00:00\",\"dateModified\":\"2026-05-27T09:08:54+00:00\",\"breadcrumb\":{\"@id\":\"https:\\\/\\\/wobronietradycjiiwiary.com\\\/sw-tomasz-o-zroznicowaniu-grzechow-q-73-9-z-10-czy-wielkosc-grzechu-zalezy-od-osoby-przeciw-ktorej-sie-grzeszy\\\/#breadcrumb\"},\"inLanguage\":\"pl-PL\",\"potentialAction\":[{\"@type\":\"ReadAction\",\"target\":[\"https:\\\/\\\/wobronietradycjiiwiary.com\\\/sw-tomasz-o-zroznicowaniu-grzechow-q-73-9-z-10-czy-wielkosc-grzechu-zalezy-od-osoby-przeciw-ktorej-sie-grzeszy\\\/\"]}]},{\"@type\":\"ImageObject\",\"inLanguage\":\"pl-PL\",\"@id\":\"https:\\\/\\\/wobronietradycjiiwiary.com\\\/sw-tomasz-o-zroznicowaniu-grzechow-q-73-9-z-10-czy-wielkosc-grzechu-zalezy-od-osoby-przeciw-ktorej-sie-grzeszy\\\/#primaryimage\",\"url\":\"https:\\\/\\\/wobronietradycjiiwiary.com\\\/wp-content\\\/uploads\\\/2025\\\/01\\\/allegory_6622e66e-cc32-426b-8cc2-071cf0a01bb1.jpg\",\"contentUrl\":\"https:\\\/\\\/wobronietradycjiiwiary.com\\\/wp-content\\\/uploads\\\/2025\\\/01\\\/allegory_6622e66e-cc32-426b-8cc2-071cf0a01bb1.jpg\",\"width\":950,\"height\":1697},{\"@type\":\"BreadcrumbList\",\"@id\":\"https:\\\/\\\/wobronietradycjiiwiary.com\\\/sw-tomasz-o-zroznicowaniu-grzechow-q-73-9-z-10-czy-wielkosc-grzechu-zalezy-od-osoby-przeciw-ktorej-sie-grzeszy\\\/#breadcrumb\",\"itemListElement\":[{\"@type\":\"ListItem\",\"position\":1,\"name\":\"Strona g\u0142\u00f3wna\",\"item\":\"https:\\\/\\\/wobronietradycjiiwiary.com\\\/\"},{\"@type\":\"ListItem\",\"position\":2,\"name\":\"\u015aw. Tomasz, O zr\u00f3\u017cnicowaniu grzech\u00f3w, Q. 73 (9 z 10). Czy wielko\u015b\u0107 grzechu zale\u017cy od osoby, przeciw kt\u00f3rej si\u0119 grzeszy?\"}]},{\"@type\":\"WebSite\",\"@id\":\"https:\\\/\\\/wobronietradycjiiwiary.com\\\/pl\\\/#website\",\"url\":\"https:\\\/\\\/wobronietradycjiiwiary.com\\\/pl\\\/\",\"name\":\"Tradycja i Wiara\",\"description\":\"Portal dla katolik\u00f3w.\",\"publisher\":{\"@id\":\"https:\\\/\\\/wobronietradycjiiwiary.com\\\/pl\\\/#organization\"},\"potentialAction\":[{\"@type\":\"SearchAction\",\"target\":{\"@type\":\"EntryPoint\",\"urlTemplate\":\"https:\\\/\\\/wobronietradycjiiwiary.com\\\/pl\\\/?s={search_term_string}\"},\"query-input\":{\"@type\":\"PropertyValueSpecification\",\"valueRequired\":true,\"valueName\":\"search_term_string\"}}],\"inLanguage\":\"pl-PL\"},{\"@type\":\"Organization\",\"@id\":\"https:\\\/\\\/wobronietradycjiiwiary.com\\\/pl\\\/#organization\",\"name\":\"Tradycja i Wiara\",\"url\":\"https:\\\/\\\/wobronietradycjiiwiary.com\\\/pl\\\/\",\"logo\":{\"@type\":\"ImageObject\",\"inLanguage\":\"pl-PL\",\"@id\":\"https:\\\/\\\/wobronietradycjiiwiary.com\\\/pl\\\/#\\\/schema\\\/logo\\\/image\\\/\",\"url\":\"https:\\\/\\\/i0.wp.com\\\/wobronietradycjiiwiary.com\\\/wp-content\\\/uploads\\\/2015\\\/10\\\/cropped-st-peters-dome-vatican.jpg?fit=940%2C198&ssl=1\",\"contentUrl\":\"https:\\\/\\\/i0.wp.com\\\/wobronietradycjiiwiary.com\\\/wp-content\\\/uploads\\\/2015\\\/10\\\/cropped-st-peters-dome-vatican.jpg?fit=940%2C198&ssl=1\",\"width\":940,\"height\":198,\"caption\":\"Tradycja i Wiara\"},\"image\":{\"@id\":\"https:\\\/\\\/wobronietradycjiiwiary.com\\\/pl\\\/#\\\/schema\\\/logo\\\/image\\\/\"},\"sameAs\":[\"https:\\\/\\\/www.facebook.com\\\/Tradycja-i-Wiara-108813920592249\"]},{\"@type\":\"Person\",\"@id\":\"https:\\\/\\\/wobronietradycjiiwiary.com\\\/pl\\\/#\\\/schema\\\/person\\\/2d6180ce6abcb681fef0daab7816e8f3\",\"name\":\"Traditio et Fides\",\"sameAs\":[\"https:\\\/\\\/traditionundglauben.com\"],\"url\":\"https:\\\/\\\/wobronietradycjiiwiary.com\\\/pl\\\/author\\\/wobronietradycjiiwiary\\\/\"}]}<\/script>\n<!-- \/ Yoast SEO plugin. -->","yoast_head_json":{"title":"\u015aw. Tomasz, O zr\u00f3\u017cnicowaniu grzech\u00f3w, Q. 73 (9 z 10). Czy wielko\u015b\u0107 grzechu zale\u017cy od osoby, przeciw kt\u00f3rej si\u0119 grzeszy? - Tradycja i Wiara","robots":{"index":"index","follow":"follow","max-snippet":"max-snippet:-1","max-image-preview":"max-image-preview:large","max-video-preview":"max-video-preview:-1"},"canonical":"https:\/\/wobronietradycjiiwiary.com\/pl\/sw-tomasz-o-zroznicowaniu-grzechow-q-73-9-z-10-czy-wielkosc-grzechu-zalezy-od-osoby-przeciw-ktorej-sie-grzeszy\/","og_locale":"pl_PL","og_type":"article","og_title":"\u015aw. Tomasz, O zr\u00f3\u017cnicowaniu grzech\u00f3w, Q. 73 (9 z 10). Czy wielko\u015b\u0107 grzechu zale\u017cy od osoby, przeciw kt\u00f3rej si\u0119 grzeszy? - Tradycja i Wiara","og_description":"Tak, grzechy jest tym ci\u0119\u017cszy im kto\u015b znajduje si\u0119 wy\u017cej w boskiej hierarchii pod wzgl\u0119dem \u015bwi\u0119to\u015bci lub oddzia\u0142ywania urz\u0119du.","og_url":"https:\/\/wobronietradycjiiwiary.com\/pl\/sw-tomasz-o-zroznicowaniu-grzechow-q-73-9-z-10-czy-wielkosc-grzechu-zalezy-od-osoby-przeciw-ktorej-sie-grzeszy\/","og_site_name":"Tradycja i Wiara","article_publisher":"https:\/\/www.facebook.com\/Tradycja-i-Wiara-108813920592249","article_published_time":"2025-06-25T12:56:12+00:00","article_modified_time":"2026-05-27T09:08:54+00:00","og_image":[{"width":950,"height":1697,"url":"https:\/\/wobronietradycjiiwiary.com\/wp-content\/uploads\/2025\/01\/allegory_6622e66e-cc32-426b-8cc2-071cf0a01bb1.jpg","type":"image\/jpeg"}],"author":"Traditio et Fides","twitter_card":"summary_large_image","twitter_misc":{"Napisane przez":"Traditio et Fides","Szacowany czas czytania":"16 minut"},"schema":{"@context":"https:\/\/schema.org","@graph":[{"@type":"Article","@id":"https:\/\/wobronietradycjiiwiary.com\/sw-tomasz-o-zroznicowaniu-grzechow-q-73-9-z-10-czy-wielkosc-grzechu-zalezy-od-osoby-przeciw-ktorej-sie-grzeszy\/#article","isPartOf":{"@id":"https:\/\/wobronietradycjiiwiary.com\/sw-tomasz-o-zroznicowaniu-grzechow-q-73-9-z-10-czy-wielkosc-grzechu-zalezy-od-osoby-przeciw-ktorej-sie-grzeszy\/"},"author":{"name":"Traditio et Fides","@id":"https:\/\/wobronietradycjiiwiary.com\/pl\/#\/schema\/person\/2d6180ce6abcb681fef0daab7816e8f3"},"headline":"\u015aw. Tomasz, O zr\u00f3\u017cnicowaniu grzech\u00f3w, Q. 73 (9 z 10). Czy wielko\u015b\u0107 grzechu zale\u017cy od osoby, przeciw kt\u00f3rej si\u0119 grzeszy?","datePublished":"2025-06-25T12:56:12+00:00","dateModified":"2026-05-27T09:08:54+00:00","mainEntityOfPage":{"@id":"https:\/\/wobronietradycjiiwiary.com\/sw-tomasz-o-zroznicowaniu-grzechow-q-73-9-z-10-czy-wielkosc-grzechu-zalezy-od-osoby-przeciw-ktorej-sie-grzeszy\/"},"wordCount":1031,"commentCount":0,"publisher":{"@id":"https:\/\/wobronietradycjiiwiary.com\/pl\/#organization"},"image":{"@id":"https:\/\/wobronietradycjiiwiary.com\/sw-tomasz-o-zroznicowaniu-grzechow-q-73-9-z-10-czy-wielkosc-grzechu-zalezy-od-osoby-przeciw-ktorej-sie-grzeszy\/#primaryimage"},"thumbnailUrl":"https:\/\/wobronietradycjiiwiary.com\/wp-content\/uploads\/2025\/01\/allegory_6622e66e-cc32-426b-8cc2-071cf0a01bb1.jpg","keywords":["ci\u0119\u017car grzechu","Restricted"],"articleSection":["Doktryna","O wadzie i grzechu","Teologia moralna","Zr\u00f3\u017cnicowanie grzech\u00f3w","\u015bw. Tomasz nauczanie moralne"],"inLanguage":"pl-PL","potentialAction":[{"@type":"CommentAction","name":"Comment","target":["https:\/\/wobronietradycjiiwiary.com\/sw-tomasz-o-zroznicowaniu-grzechow-q-73-9-z-10-czy-wielkosc-grzechu-zalezy-od-osoby-przeciw-ktorej-sie-grzeszy\/#respond"]}]},{"@type":"WebPage","@id":"https:\/\/wobronietradycjiiwiary.com\/sw-tomasz-o-zroznicowaniu-grzechow-q-73-9-z-10-czy-wielkosc-grzechu-zalezy-od-osoby-przeciw-ktorej-sie-grzeszy\/","url":"https:\/\/wobronietradycjiiwiary.com\/sw-tomasz-o-zroznicowaniu-grzechow-q-73-9-z-10-czy-wielkosc-grzechu-zalezy-od-osoby-przeciw-ktorej-sie-grzeszy\/","name":"\u015aw. Tomasz, O zr\u00f3\u017cnicowaniu grzech\u00f3w, Q. 73 (9 z 10). Czy wielko\u015b\u0107 grzechu zale\u017cy od osoby, przeciw kt\u00f3rej si\u0119 grzeszy? - Tradycja i Wiara","isPartOf":{"@id":"https:\/\/wobronietradycjiiwiary.com\/pl\/#website"},"primaryImageOfPage":{"@id":"https:\/\/wobronietradycjiiwiary.com\/sw-tomasz-o-zroznicowaniu-grzechow-q-73-9-z-10-czy-wielkosc-grzechu-zalezy-od-osoby-przeciw-ktorej-sie-grzeszy\/#primaryimage"},"image":{"@id":"https:\/\/wobronietradycjiiwiary.com\/sw-tomasz-o-zroznicowaniu-grzechow-q-73-9-z-10-czy-wielkosc-grzechu-zalezy-od-osoby-przeciw-ktorej-sie-grzeszy\/#primaryimage"},"thumbnailUrl":"https:\/\/wobronietradycjiiwiary.com\/wp-content\/uploads\/2025\/01\/allegory_6622e66e-cc32-426b-8cc2-071cf0a01bb1.jpg","datePublished":"2025-06-25T12:56:12+00:00","dateModified":"2026-05-27T09:08:54+00:00","breadcrumb":{"@id":"https:\/\/wobronietradycjiiwiary.com\/sw-tomasz-o-zroznicowaniu-grzechow-q-73-9-z-10-czy-wielkosc-grzechu-zalezy-od-osoby-przeciw-ktorej-sie-grzeszy\/#breadcrumb"},"inLanguage":"pl-PL","potentialAction":[{"@type":"ReadAction","target":["https:\/\/wobronietradycjiiwiary.com\/sw-tomasz-o-zroznicowaniu-grzechow-q-73-9-z-10-czy-wielkosc-grzechu-zalezy-od-osoby-przeciw-ktorej-sie-grzeszy\/"]}]},{"@type":"ImageObject","inLanguage":"pl-PL","@id":"https:\/\/wobronietradycjiiwiary.com\/sw-tomasz-o-zroznicowaniu-grzechow-q-73-9-z-10-czy-wielkosc-grzechu-zalezy-od-osoby-przeciw-ktorej-sie-grzeszy\/#primaryimage","url":"https:\/\/wobronietradycjiiwiary.com\/wp-content\/uploads\/2025\/01\/allegory_6622e66e-cc32-426b-8cc2-071cf0a01bb1.jpg","contentUrl":"https:\/\/wobronietradycjiiwiary.com\/wp-content\/uploads\/2025\/01\/allegory_6622e66e-cc32-426b-8cc2-071cf0a01bb1.jpg","width":950,"height":1697},{"@type":"BreadcrumbList","@id":"https:\/\/wobronietradycjiiwiary.com\/sw-tomasz-o-zroznicowaniu-grzechow-q-73-9-z-10-czy-wielkosc-grzechu-zalezy-od-osoby-przeciw-ktorej-sie-grzeszy\/#breadcrumb","itemListElement":[{"@type":"ListItem","position":1,"name":"Strona g\u0142\u00f3wna","item":"https:\/\/wobronietradycjiiwiary.com\/"},{"@type":"ListItem","position":2,"name":"\u015aw. Tomasz, O zr\u00f3\u017cnicowaniu grzech\u00f3w, Q. 73 (9 z 10). Czy wielko\u015b\u0107 grzechu zale\u017cy od osoby, przeciw kt\u00f3rej si\u0119 grzeszy?"}]},{"@type":"WebSite","@id":"https:\/\/wobronietradycjiiwiary.com\/pl\/#website","url":"https:\/\/wobronietradycjiiwiary.com\/pl\/","name":"Tradycja i Wiara","description":"Portal dla katolik\u00f3w.","publisher":{"@id":"https:\/\/wobronietradycjiiwiary.com\/pl\/#organization"},"potentialAction":[{"@type":"SearchAction","target":{"@type":"EntryPoint","urlTemplate":"https:\/\/wobronietradycjiiwiary.com\/pl\/?s={search_term_string}"},"query-input":{"@type":"PropertyValueSpecification","valueRequired":true,"valueName":"search_term_string"}}],"inLanguage":"pl-PL"},{"@type":"Organization","@id":"https:\/\/wobronietradycjiiwiary.com\/pl\/#organization","name":"Tradycja i Wiara","url":"https:\/\/wobronietradycjiiwiary.com\/pl\/","logo":{"@type":"ImageObject","inLanguage":"pl-PL","@id":"https:\/\/wobronietradycjiiwiary.com\/pl\/#\/schema\/logo\/image\/","url":"https:\/\/i0.wp.com\/wobronietradycjiiwiary.com\/wp-content\/uploads\/2015\/10\/cropped-st-peters-dome-vatican.jpg?fit=940%2C198&ssl=1","contentUrl":"https:\/\/i0.wp.com\/wobronietradycjiiwiary.com\/wp-content\/uploads\/2015\/10\/cropped-st-peters-dome-vatican.jpg?fit=940%2C198&ssl=1","width":940,"height":198,"caption":"Tradycja i Wiara"},"image":{"@id":"https:\/\/wobronietradycjiiwiary.com\/pl\/#\/schema\/logo\/image\/"},"sameAs":["https:\/\/www.facebook.com\/Tradycja-i-Wiara-108813920592249"]},{"@type":"Person","@id":"https:\/\/wobronietradycjiiwiary.com\/pl\/#\/schema\/person\/2d6180ce6abcb681fef0daab7816e8f3","name":"Traditio et Fides","sameAs":["https:\/\/traditionundglauben.com"],"url":"https:\/\/wobronietradycjiiwiary.com\/pl\/author\/wobronietradycjiiwiary\/"}]}},"jetpack_publicize_connections":[],"jetpack_sharing_enabled":true,"jetpack_likes_enabled":true,"jetpack_shortlink":"https:\/\/wp.me\/pc04Sd-BYS","jetpack-related-posts":[{"id":95270,"url":"https:\/\/wobronietradycjiiwiary.com\/pl\/sw-tomasz-z-akwinu-o-gorszycielstwie-4-na-8-czy-zgorszenie-jest-grzechem-smiertelnym\/","url_meta":{"origin":146002,"position":0},"title":"\u015aw. Tomasz z Akwinu, O gorszycielstwie (4 na 8). Czy zgorszenie jest grzechem \u015bmiertelnym?","author":"Traditio et Fides","date":"31 lipca 2023","format":false,"excerpt":"O zgorszeniu wed\u0142ug \u015bw. Tomasza z Akwinu. Kiedy jest grzechem ci\u0119\u017ckim a kiedy lekkim.","rel":"","context":"W \u201eDoktryna&quot;","block_context":{"text":"Doktryna","link":"https:\/\/wobronietradycjiiwiary.com\/pl\/category\/doktryna\/"},"img":{"alt_text":"","src":"https:\/\/i0.wp.com\/wobronietradycjiiwiary.com\/wp-content\/uploads\/2023\/07\/Dem14.jpg?resize=350%2C200&ssl=1","width":350,"height":200},"classes":[]},{"id":144495,"url":"https:\/\/wobronietradycjiiwiary.com\/pl\/sw-tomasz-o-zroznicowaniu-grzechow-q-73-6-z-10-czy-ciezkosc-grzechow-zalezy-od-ich-przyczyn\/","url_meta":{"origin":146002,"position":1},"title":"\u015aw. Tomasz, O zr\u00f3\u017cnicowaniu grzech\u00f3w, Q. 73 (6 z 10). Czy ci\u0119\u017cko\u015b\u0107 grzech\u00f3w zale\u017cy od ich przyczyn?","author":"Traditio et Fides","date":"4 czerwca 2025","format":false,"excerpt":"O przyczynach grzechu.","rel":"","context":"W \u201eDoktryna&quot;","block_context":{"text":"Doktryna","link":"https:\/\/wobronietradycjiiwiary.com\/pl\/category\/doktryna\/"},"img":{"alt_text":"","src":"https:\/\/i0.wp.com\/wobronietradycjiiwiary.com\/wp-content\/uploads\/2025\/01\/allegory_6622e66e-cc32-426b-8cc2-071cf0a01bb1.jpg?resize=350%2C200&ssl=1","width":350,"height":200,"srcset":"https:\/\/i0.wp.com\/wobronietradycjiiwiary.com\/wp-content\/uploads\/2025\/01\/allegory_6622e66e-cc32-426b-8cc2-071cf0a01bb1.jpg?resize=350%2C200&ssl=1 1x, https:\/\/i0.wp.com\/wobronietradycjiiwiary.com\/wp-content\/uploads\/2025\/01\/allegory_6622e66e-cc32-426b-8cc2-071cf0a01bb1.jpg?resize=525%2C300&ssl=1 1.5x, https:\/\/i0.wp.com\/wobronietradycjiiwiary.com\/wp-content\/uploads\/2025\/01\/allegory_6622e66e-cc32-426b-8cc2-071cf0a01bb1.jpg?resize=700%2C400&ssl=1 2x"},"classes":[]},{"id":160693,"url":"https:\/\/wobronietradycjiiwiary.com\/pl\/sw-tomasz-czy-uczucie-moze-byc-przyczyna-grzechu-q-73-1-z-4-czy-mozna-zgrzeszyc-przez-zlosliwosc\/","url_meta":{"origin":146002,"position":2},"title":"\u015aw. Tomasz, Czy uczucie mo\u017ce by\u0107 przyczyn\u0105 grzechu?, Q. 78 (1 z 4). Czy mo\u017cna zgrzeszy\u0107 przez z\u0142o\u015bliwo\u015b\u0107?","author":"Traditio et Fides","date":"11 lutego 2026","format":false,"excerpt":"O teologicznym rozumieniu z\u0142o\u015bliwo\u015bci (malitia).","rel":"","context":"W \u201eDoktryna&quot;","block_context":{"text":"Doktryna","link":"https:\/\/wobronietradycjiiwiary.com\/pl\/category\/doktryna\/"},"img":{"alt_text":"","src":"https:\/\/i0.wp.com\/wobronietradycjiiwiary.com\/wp-content\/uploads\/2025\/01\/allegory_6622e66e-cc32-426b-8cc2-071cf0a01bb1.jpg?resize=350%2C200&ssl=1","width":350,"height":200,"srcset":"https:\/\/i0.wp.com\/wobronietradycjiiwiary.com\/wp-content\/uploads\/2025\/01\/allegory_6622e66e-cc32-426b-8cc2-071cf0a01bb1.jpg?resize=350%2C200&ssl=1 1x, https:\/\/i0.wp.com\/wobronietradycjiiwiary.com\/wp-content\/uploads\/2025\/01\/allegory_6622e66e-cc32-426b-8cc2-071cf0a01bb1.jpg?resize=525%2C300&ssl=1 1.5x, https:\/\/i0.wp.com\/wobronietradycjiiwiary.com\/wp-content\/uploads\/2025\/01\/allegory_6622e66e-cc32-426b-8cc2-071cf0a01bb1.jpg?resize=700%2C400&ssl=1 2x"},"classes":[]},{"id":95266,"url":"https:\/\/wobronietradycjiiwiary.com\/pl\/sw-tomasz-z-akwinu-o-gorszycielstwie-2-na-8-czy-zgorszenie-grzechem-osobnym\/","url_meta":{"origin":146002,"position":3},"title":"\u015aw. Tomasz z Akwinu, O gorszycielstwie (2 na 8). Czy zgorszenie grzechem osobnym?","author":"Traditio et Fides","date":"17 lipca 2023","format":false,"excerpt":"O zgorszeniu wed\u0142ug \u015bw. Tomasza z Akwinu. O tym, czy zgorszenie jest odr\u0119bnym grzechem czy te\u017c wchodzi w sk\u0142ad innych grzech\u00f3w.","rel":"","context":"W \u201eDoktryna&quot;","block_context":{"text":"Doktryna","link":"https:\/\/wobronietradycjiiwiary.com\/pl\/category\/doktryna\/"},"img":{"alt_text":"","src":"https:\/\/i0.wp.com\/wobronietradycjiiwiary.com\/wp-content\/uploads\/2023\/07\/Dem14.jpg?resize=350%2C200&ssl=1","width":350,"height":200},"classes":[]},{"id":27535,"url":"https:\/\/wobronietradycjiiwiary.com\/pl\/pozasakramentalne-mozliwosci-odpuszczenia-grzechow-lekkich-2-z-7\/","url_meta":{"origin":146002,"position":4},"title":"Pozasakramentalne mo\u017cliwo\u015bci odpuszczenia grzech\u00f3w lekkich (2 z 12)","author":"Traditio et Fides","date":"16 kwietnia 2020","format":false,"excerpt":"Pozasakramentalne odpuszczenie grzech\u00f3w lekkich nie jest \u017cadnym \"trydenckim lub potrydenckim wymys\u0142em\", ale sta\u0142\u0105 praktyk\u0105 Ko\u015bcio\u0142a. Pisze o nim obszernie \u015bw. Tomasz (3a q. 87, a.1)[1] Artyku\u0142 1 CZY GRZECH POWSZEDNI MO\u017bE BY\u0106 ODPUSZCZONY BEZ POKUTY? (1) Wydaje si\u0119, \u017ce grzech powszedni mo\u017ce by\u0107 odpuszczony bez pokuty (poenitentia). 1. Istotnie bowiem,\u2026","rel":"","context":"W \u201ePozasakramentalne odpuszczenie grzech\u00f3w&quot;","block_context":{"text":"Pozasakramentalne odpuszczenie grzech\u00f3w","link":"https:\/\/wobronietradycjiiwiary.com\/pl\/category\/doktryna\/teologia-dogmatyczna\/sakramenty-teologia\/spowiedz\/pozasakramentalne-odpuszczenie-grzechow\/"},"img":{"alt_text":"","src":"https:\/\/i0.wp.com\/wobronietradycjiiwiary.com\/wp-content\/uploads\/2020\/04\/Lucas_Cranach_d.%C3%84._-_Der_heilige_Hieronymus_ca.1515-18_Veste_Coburg-1-scaled.jpg?resize=350%2C200&ssl=1","width":350,"height":200,"srcset":"https:\/\/i0.wp.com\/wobronietradycjiiwiary.com\/wp-content\/uploads\/2020\/04\/Lucas_Cranach_d.%C3%84._-_Der_heilige_Hieronymus_ca.1515-18_Veste_Coburg-1-scaled.jpg?resize=350%2C200&ssl=1 1x, https:\/\/i0.wp.com\/wobronietradycjiiwiary.com\/wp-content\/uploads\/2020\/04\/Lucas_Cranach_d.%C3%84._-_Der_heilige_Hieronymus_ca.1515-18_Veste_Coburg-1-scaled.jpg?resize=525%2C300&ssl=1 1.5x, https:\/\/i0.wp.com\/wobronietradycjiiwiary.com\/wp-content\/uploads\/2020\/04\/Lucas_Cranach_d.%C3%84._-_Der_heilige_Hieronymus_ca.1515-18_Veste_Coburg-1-scaled.jpg?resize=700%2C400&ssl=1 2x, https:\/\/i0.wp.com\/wobronietradycjiiwiary.com\/wp-content\/uploads\/2020\/04\/Lucas_Cranach_d.%C3%84._-_Der_heilige_Hieronymus_ca.1515-18_Veste_Coburg-1-scaled.jpg?resize=1050%2C600&ssl=1 3x"},"classes":[]},{"id":110706,"url":"https:\/\/wobronietradycjiiwiary.com\/pl\/sw-tomasz-o-czesciach-rozpusty-luxuria-q-154-3-z-12-porubstwo-najciezszym-grzechem\/","url_meta":{"origin":146002,"position":5},"title":"\u015aw. Tomasz , O cz\u0119\u015bciach rozpusty (luxuria). Q. 154. (3 z 12). Porubstwo najci\u0119\u017cszym grzechem?","author":"Traditio et Fides","date":"21 lutego 2024","format":false,"excerpt":"Porubstwo (fornicatio) lub seks os\u00f3b wolnych nie jest najgorszym z mo\u017cliwych grzech\u00f3w, ale jest grzechem ci\u0119\u017ckim i rodzi inne grzechy.","rel":"","context":"W \u201eDoktryna&quot;","block_context":{"text":"Doktryna","link":"https:\/\/wobronietradycjiiwiary.com\/pl\/category\/doktryna\/"},"img":{"alt_text":"","src":"https:\/\/i0.wp.com\/wobronietradycjiiwiary.com\/wp-content\/uploads\/2024\/01\/Luxuria-Bosch.webp?resize=350%2C200&ssl=1","width":350,"height":200,"srcset":"https:\/\/i0.wp.com\/wobronietradycjiiwiary.com\/wp-content\/uploads\/2024\/01\/Luxuria-Bosch.webp?resize=350%2C200&ssl=1 1x, https:\/\/i0.wp.com\/wobronietradycjiiwiary.com\/wp-content\/uploads\/2024\/01\/Luxuria-Bosch.webp?resize=525%2C300&ssl=1 1.5x"},"classes":[]}],"amp_enabled":true,"jetpack_featured_media_url":"https:\/\/wobronietradycjiiwiary.com\/wp-content\/uploads\/2025\/01\/allegory_6622e66e-cc32-426b-8cc2-071cf0a01bb1.jpg","_links":{"self":[{"href":"https:\/\/wobronietradycjiiwiary.com\/pl\/wp-json\/wp\/v2\/posts\/146002","targetHints":{"allow":["GET"]}}],"collection":[{"href":"https:\/\/wobronietradycjiiwiary.com\/pl\/wp-json\/wp\/v2\/posts"}],"about":[{"href":"https:\/\/wobronietradycjiiwiary.com\/pl\/wp-json\/wp\/v2\/types\/post"}],"author":[{"embeddable":true,"href":"https:\/\/wobronietradycjiiwiary.com\/pl\/wp-json\/wp\/v2\/users\/60508433"}],"replies":[{"embeddable":true,"href":"https:\/\/wobronietradycjiiwiary.com\/pl\/wp-json\/wp\/v2\/comments?post=146002"}],"version-history":[{"count":4,"href":"https:\/\/wobronietradycjiiwiary.com\/pl\/wp-json\/wp\/v2\/posts\/146002\/revisions"}],"predecessor-version":[{"id":146086,"href":"https:\/\/wobronietradycjiiwiary.com\/pl\/wp-json\/wp\/v2\/posts\/146002\/revisions\/146086"}],"wp:featuredmedia":[{"embeddable":true,"href":"https:\/\/wobronietradycjiiwiary.com\/pl\/wp-json\/wp\/v2\/media\/127987"}],"wp:attachment":[{"href":"https:\/\/wobronietradycjiiwiary.com\/pl\/wp-json\/wp\/v2\/media?parent=146002"}],"wp:term":[{"taxonomy":"category","embeddable":true,"href":"https:\/\/wobronietradycjiiwiary.com\/pl\/wp-json\/wp\/v2\/categories?post=146002"},{"taxonomy":"post_tag","embeddable":true,"href":"https:\/\/wobronietradycjiiwiary.com\/pl\/wp-json\/wp\/v2\/tags?post=146002"}],"curies":[{"name":"wp","href":"https:\/\/api.w.org\/{rel}","templated":true}]}}