{"id":14312,"date":"2017-07-11T14:47:03","date_gmt":"2017-07-11T12:47:03","guid":{"rendered":"https:\/\/wobronietradycjiiwiary.com\/?p=14312"},"modified":"2025-02-07T15:40:08","modified_gmt":"2025-02-07T14:40:08","slug":"o-dobrym-samopoczuciu-wlasnym-i-o-potepieniu-wiecznym","status":"publish","type":"post","link":"https:\/\/wobronietradycjiiwiary.com\/pl\/o-dobrym-samopoczuciu-wlasnym-i-o-potepieniu-wiecznym\/","title":{"rendered":"O dobrym samopoczuciu w\u0142asnym i pot\u0119pieniu wiecznym"},"content":{"rendered":"<div id=\"bsf_rt_marker\"><\/div><p>Z aktualnej okazji od\u0142\u0105czania komentarzy na blogu og\u00f3lnodost\u0119pnym, co stanowi kolejny krok na drodze likwidacji bloga og\u00f3lnodost\u0119pnego, polecamy wszystkim raz&hellip;<\/p>\n<div style=\"text-align: center\">\n<p>&nbsp;<\/p>\n<\/div>\n<h2 style=\"border: 5px solid #0000A0;padding: 1em;text-align: center\"><span style=\"color: #000000\">Pe\u0142en dost\u0119p dla <span style=\"color: #00ccff\"><a style=\"color: #00ccff\" href=\"https:\/\/wobronietradycjiiwiary.com\/subskrypcje-2\/\" target=\"_blank\" rel=\"noopener\">subskrybent\u00f3w<\/a><\/span>.<\/span><br \/>\n<span style=\"color: #3366ff\"><a style=\"color: #3366ff\" href=\"https:\/\/wobronietradycjiiwiary.com\/account\/login\/\" target=\"_blank\" rel=\"noopener\"><span style=\"color: #00ccff\">Zaloguj<\/span><\/a> <\/span>si\u0119 lub przejd\u017a do <a href=\"https:\/\/wobronietradycjiiwiary.com\/register\/\"><span style=\"color: #3366ff\">Rejestracji<\/span><\/a>.<\/h2>\n<div>\n<p style=\"text-align: center\"><a href=\"https:\/\/wobronietradycjiiwiary.com\/pl\/subskrypcje-2\/cennik\/\" target=\"_blank\" rel=\"noopener\"><span style=\"color: #000080;font-size: 24pt\"><strong>Nowe ni\u017csze ceny<\/strong><\/span><\/a><\/p>\n<p style=\"text-align: center\"><strong><span style=\"font-size: 18pt;color: #000080\">P\u0142atno\u015b\u0107 kart\u0105<\/span><\/strong><\/p>\n<\/div>\n<h3 style=\"text-align: center\"><a href=\"https:\/\/wobronietradycjiiwiary.com\/pl\/subskrypcje-2\/automatyczne\/indywidualne\/\" target=\"_blank\" rel=\"noopener\"><img fetchpriority=\"high\" decoding=\"async\" class=\"alignnone size-medium wp-image-80433\" src=\"https:\/\/wobronietradycjiiwiary.com\/wp-content\/uploads\/2022\/11\/Unbenannt-1-Online-1-300x202.jpg\" alt=\"\" width=\"300\" height=\"202\" srcset=\"https:\/\/wobronietradycjiiwiary.com\/wp-content\/uploads\/2022\/11\/Unbenannt-1-Online-1-300x202.jpg 300w, https:\/\/wobronietradycjiiwiary.com\/wp-content\/uploads\/2022\/11\/Unbenannt-1-Online-1-150x101.jpg 150w, https:\/\/wobronietradycjiiwiary.com\/wp-content\/uploads\/2022\/11\/Unbenannt-1-Online-1-18x12.jpg 18w, https:\/\/wobronietradycjiiwiary.com\/wp-content\/uploads\/2022\/11\/Unbenannt-1-Online-1.jpg 446w\" sizes=\"(max-width: 300px) 100vw, 300px\" \/><\/a><\/h3>\n<p style=\"text-align: center\"><strong><span style=\"font-size: 18pt;color: #000080\">P\u0142atno\u015b\u0107 przelewem<\/span><\/strong><\/p>\n<p><a href=\"https:\/\/wobronietradycjiiwiary.com\/pl\/subskrypcje-2\/automatyczne\/indywidualne\/\" target=\"_blank\" rel=\"noopener\"><img decoding=\"async\" class=\"size-medium wp-image-80434 aligncenter\" src=\"https:\/\/wobronietradycjiiwiary.com\/wp-content\/uploads\/2022\/11\/Unbenannt-1-Przelewem-300x137.jpg\" alt=\"\" width=\"300\" height=\"137\" srcset=\"https:\/\/wobronietradycjiiwiary.com\/wp-content\/uploads\/2022\/11\/Unbenannt-1-Przelewem-300x137.jpg 300w, https:\/\/wobronietradycjiiwiary.com\/wp-content\/uploads\/2022\/11\/Unbenannt-1-Przelewem-450x206.jpg 450w, https:\/\/wobronietradycjiiwiary.com\/wp-content\/uploads\/2022\/11\/Unbenannt-1-Przelewem-600x274.jpg 600w, https:\/\/wobronietradycjiiwiary.com\/wp-content\/uploads\/2022\/11\/Unbenannt-1-Przelewem-150x69.jpg 150w, https:\/\/wobronietradycjiiwiary.com\/wp-content\/uploads\/2022\/11\/Unbenannt-1-Przelewem-18x8.jpg 18w, https:\/\/wobronietradycjiiwiary.com\/wp-content\/uploads\/2022\/11\/Unbenannt-1-Przelewem.jpg 676w\" sizes=\"(max-width: 300px) 100vw, 300px\" \/><\/a><\/p>\n<p style=\"text-align: center\"><strong><span style=\"font-size: 18pt;color: #000080\">P\u0142atno\u015b\u0107 kart\u0105 do 6 os\u00f3b<\/span><\/strong><\/p>\n<p><a href=\"https:\/\/wobronietradycjiiwiary.com\/pl\/rodzinne\/\" target=\"_blank\" rel=\"noopener\"><img decoding=\"async\" class=\"size-medium wp-image-80435 aligncenter\" src=\"https:\/\/wobronietradycjiiwiary.com\/wp-content\/uploads\/2022\/11\/Unbenannt-1-Rodzinna-300x208.jpg\" alt=\"\" width=\"300\" height=\"208\" srcset=\"https:\/\/wobronietradycjiiwiary.com\/wp-content\/uploads\/2022\/11\/Unbenannt-1-Rodzinna-300x208.jpg 300w, https:\/\/wobronietradycjiiwiary.com\/wp-content\/uploads\/2022\/11\/Unbenannt-1-Rodzinna-150x104.jpg 150w, https:\/\/wobronietradycjiiwiary.com\/wp-content\/uploads\/2022\/11\/Unbenannt-1-Rodzinna-18x12.jpg 18w, https:\/\/wobronietradycjiiwiary.com\/wp-content\/uploads\/2022\/11\/Unbenannt-1-Rodzinna.jpg 448w\" sizes=\"(max-width: 300px) 100vw, 300px\" \/><\/a><\/p>\n<h3 style=\"text-align: center\"><\/h3>\n<h1 style=\"text-align: center\"><\/h1>\n","protected":false},"excerpt":{"rendered":"<p>Z aktualnej okazji od\u0142\u0105czania komentarzy na blogu og\u00f3lnodost\u0119pnym, co stanowi kolejny krok na drodze likwidacji bloga og\u00f3lnodost\u0119pnego, polecamy wszystkim raz&hellip; &nbsp; Pe\u0142en dost\u0119p dla subskrybent\u00f3w. Zaloguj si\u0119 lub przejd\u017a do Rejestracji. Nowe ni\u017csze ceny P\u0142atno\u015b\u0107 kart\u0105 P\u0142atno\u015b\u0107 przelewem P\u0142atno\u015b\u0107 kart\u0105 do 6 os\u00f3b<\/p>\n","protected":false},"author":60508433,"featured_media":14316,"comment_status":"closed","ping_status":"closed","sticky":false,"template":"","format":"standard","meta":{"_bbp_topic_count":0,"_bbp_reply_count":0,"_bbp_total_topic_count":0,"_bbp_total_reply_count":0,"_bbp_voice_count":0,"_bbp_anonymous_reply_count":0,"_bbp_topic_count_hidden":0,"_bbp_reply_count_hidden":0,"_bbp_forum_subforum_count":0,"_editorskit_title_hidden":false,"_editorskit_reading_time":0,"_editorskit_is_block_options_detached":false,"_editorskit_block_options_position":"{}","_coblocks_attr":"","_coblocks_dimensions":"","_coblocks_responsive_height":"","_coblocks_accordion_ie_support":"","_exactmetrics_skip_tracking":false,"_jetpack_newsletter_access":"","_jetpack_dont_email_post_to_subs":false,"_jetpack_newsletter_tier_id":0,"_jetpack_memberships_contains_paywalled_content":false,"_wpcom_ai_launchpad_first_post":false,"_jetpack_feature_clip_id":0,"_jetpack_memberships_contains_paid_content":false,"footnotes":"","jetpack_publicize_message":"{title}\n\n{excerpt}\n\n{url}","jetpack_publicize_feature_enabled":true,"jetpack_social_post_already_shared":true,"jetpack_social_options":{"image_generator_settings":{"template":"highway","default_image_id":0,"font":"","enabled":false},"version":2},"_wpas_customize_per_network":false,"jetpack_post_was_ever_published":false},"categories":[402578791],"tags":[25302123,985781,610130674,585595,656816,583488153,12373417,610132133,37821312,295836],"class_list":["post-14312","post","type-post","status-publish","format-standard","has-post-thumbnail","hentry","category-rzeczy-ostateczne-eschatologia","tag-dobra-smierc","tag-dzienniczek","tag-faustyna-kowalska","tag-narcyzm","tag-pieklo","tag-potepienie-wieczne","tag-pseudomistyka","tag-restricted","tag-sad-bozy","tag-smierc"],"yoast_head":"<!-- This site is optimized with the Yoast SEO plugin v28.3 - https:\/\/yoast.com\/product\/yoast-seo-wordpress\/ -->\n<title>O dobrym samopoczuciu w\u0142asnym i pot\u0119pieniu wiecznym - Tradycja i Wiara<\/title>\n<meta name=\"robots\" content=\"index, follow, max-snippet:-1, max-image-preview:large, max-video-preview:-1\" \/>\n<link rel=\"canonical\" href=\"https:\/\/wobronietradycjiiwiary.com\/pl\/o-dobrym-samopoczuciu-wlasnym-i-o-potepieniu-wiecznym\/\" \/>\n<meta property=\"og:locale\" content=\"pl_PL\" \/>\n<meta property=\"og:type\" content=\"article\" \/>\n<meta property=\"og:title\" content=\"O dobrym samopoczuciu w\u0142asnym i pot\u0119pieniu wiecznym - Tradycja i Wiara\" \/>\n<meta property=\"og:description\" content=\"Z aktualnej okazji od\u0142\u0105czania komentarzy na blogu og\u00f3lnodost\u0119pnym, co stanowi kolejny krok na drodze likwidacji bloga og\u00f3lnodost\u0119pnego, polecamy wszystkim raz&hellip; &nbsp; Pe\u0142en dost\u0119p dla subskrybent\u00f3w. Zaloguj si\u0119 lub przejd\u017a do Rejestracji. Nowe ni\u017csze ceny P\u0142atno\u015b\u0107 kart\u0105 P\u0142atno\u015b\u0107 przelewem P\u0142atno\u015b\u0107 kart\u0105 do 6 os\u00f3b\" \/>\n<meta property=\"og:url\" content=\"https:\/\/wobronietradycjiiwiary.com\/pl\/o-dobrym-samopoczuciu-wlasnym-i-o-potepieniu-wiecznym\/\" \/>\n<meta property=\"og:site_name\" content=\"Tradycja i Wiara\" \/>\n<meta property=\"article:publisher\" content=\"https:\/\/www.facebook.com\/Tradycja-i-Wiara-108813920592249\" \/>\n<meta property=\"article:published_time\" content=\"2017-07-11T12:47:03+00:00\" \/>\n<meta property=\"article:modified_time\" content=\"2025-02-07T14:40:08+00:00\" \/>\n<meta property=\"og:image\" content=\"https:\/\/wobronietradycjiiwiary.com\/wp-content\/uploads\/2017\/07\/608px-luca_signorelli_cappella_di_san_brizio_dannati_allinferno_04.jpg\" \/>\n<meta name=\"author\" content=\"Traditio et Fides\" \/>\n<meta name=\"twitter:card\" content=\"summary_large_image\" \/>\n<meta name=\"twitter:label1\" content=\"Napisane przez\" \/>\n\t<meta name=\"twitter:data1\" content=\"Traditio et Fides\" \/>\n\t<meta name=\"twitter:label2\" content=\"Szacowany czas czytania\" \/>\n\t<meta name=\"twitter:data2\" content=\"18 minut\" \/>\n<script type=\"application\/ld+json\" class=\"yoast-schema-graph\">{\"@context\":\"https:\\\/\\\/schema.org\",\"@graph\":[{\"@type\":\"Article\",\"@id\":\"https:\\\/\\\/wobronietradycjiiwiary.com\\\/o-dobrym-samopoczuciu-wlasnym-i-o-potepieniu-wiecznym\\\/#article\",\"isPartOf\":{\"@id\":\"https:\\\/\\\/wobronietradycjiiwiary.com\\\/o-dobrym-samopoczuciu-wlasnym-i-o-potepieniu-wiecznym\\\/\"},\"author\":{\"name\":\"Traditio et Fides\",\"@id\":\"https:\\\/\\\/wobronietradycjiiwiary.com\\\/pl\\\/#\\\/schema\\\/person\\\/2d6180ce6abcb681fef0daab7816e8f3\"},\"headline\":\"O dobrym samopoczuciu w\u0142asnym i pot\u0119pieniu wiecznym\",\"datePublished\":\"2017-07-11T12:47:03+00:00\",\"dateModified\":\"2025-02-07T14:40:08+00:00\",\"mainEntityOfPage\":{\"@id\":\"https:\\\/\\\/wobronietradycjiiwiary.com\\\/o-dobrym-samopoczuciu-wlasnym-i-o-potepieniu-wiecznym\\\/\"},\"wordCount\":3632,\"publisher\":{\"@id\":\"https:\\\/\\\/wobronietradycjiiwiary.com\\\/pl\\\/#organization\"},\"image\":{\"@id\":\"https:\\\/\\\/wobronietradycjiiwiary.com\\\/o-dobrym-samopoczuciu-wlasnym-i-o-potepieniu-wiecznym\\\/#primaryimage\"},\"thumbnailUrl\":\"https:\\\/\\\/wobronietradycjiiwiary.com\\\/wp-content\\\/uploads\\\/2017\\\/07\\\/608px-luca_signorelli_cappella_di_san_brizio_dannati_allinferno_04.jpg\",\"keywords\":[\"dobra \u015bmier\u0107\",\"Dzienniczek\",\"Faustyna Kowalska\",\"narcyzm\",\"piek\u0142o\",\"pot\u0119pienie wieczne\",\"Pseudomistyka\",\"Restricted\",\"S\u0105d Bo\u017cy\",\"\u015bmier\u0107\"],\"articleSection\":[\"Rzeczy ostateczne\"],\"inLanguage\":\"pl-PL\"},{\"@type\":\"WebPage\",\"@id\":\"https:\\\/\\\/wobronietradycjiiwiary.com\\\/o-dobrym-samopoczuciu-wlasnym-i-o-potepieniu-wiecznym\\\/\",\"url\":\"https:\\\/\\\/wobronietradycjiiwiary.com\\\/o-dobrym-samopoczuciu-wlasnym-i-o-potepieniu-wiecznym\\\/\",\"name\":\"O dobrym samopoczuciu w\u0142asnym i pot\u0119pieniu wiecznym - Tradycja i Wiara\",\"isPartOf\":{\"@id\":\"https:\\\/\\\/wobronietradycjiiwiary.com\\\/pl\\\/#website\"},\"primaryImageOfPage\":{\"@id\":\"https:\\\/\\\/wobronietradycjiiwiary.com\\\/o-dobrym-samopoczuciu-wlasnym-i-o-potepieniu-wiecznym\\\/#primaryimage\"},\"image\":{\"@id\":\"https:\\\/\\\/wobronietradycjiiwiary.com\\\/o-dobrym-samopoczuciu-wlasnym-i-o-potepieniu-wiecznym\\\/#primaryimage\"},\"thumbnailUrl\":\"https:\\\/\\\/wobronietradycjiiwiary.com\\\/wp-content\\\/uploads\\\/2017\\\/07\\\/608px-luca_signorelli_cappella_di_san_brizio_dannati_allinferno_04.jpg\",\"datePublished\":\"2017-07-11T12:47:03+00:00\",\"dateModified\":\"2025-02-07T14:40:08+00:00\",\"breadcrumb\":{\"@id\":\"https:\\\/\\\/wobronietradycjiiwiary.com\\\/o-dobrym-samopoczuciu-wlasnym-i-o-potepieniu-wiecznym\\\/#breadcrumb\"},\"inLanguage\":\"pl-PL\",\"potentialAction\":[{\"@type\":\"ReadAction\",\"target\":[\"https:\\\/\\\/wobronietradycjiiwiary.com\\\/o-dobrym-samopoczuciu-wlasnym-i-o-potepieniu-wiecznym\\\/\"]}]},{\"@type\":\"ImageObject\",\"inLanguage\":\"pl-PL\",\"@id\":\"https:\\\/\\\/wobronietradycjiiwiary.com\\\/o-dobrym-samopoczuciu-wlasnym-i-o-potepieniu-wiecznym\\\/#primaryimage\",\"url\":\"https:\\\/\\\/wobronietradycjiiwiary.com\\\/wp-content\\\/uploads\\\/2017\\\/07\\\/608px-luca_signorelli_cappella_di_san_brizio_dannati_allinferno_04.jpg\",\"contentUrl\":\"https:\\\/\\\/wobronietradycjiiwiary.com\\\/wp-content\\\/uploads\\\/2017\\\/07\\\/608px-luca_signorelli_cappella_di_san_brizio_dannati_allinferno_04.jpg\",\"width\":608,\"height\":600},{\"@type\":\"BreadcrumbList\",\"@id\":\"https:\\\/\\\/wobronietradycjiiwiary.com\\\/o-dobrym-samopoczuciu-wlasnym-i-o-potepieniu-wiecznym\\\/#breadcrumb\",\"itemListElement\":[{\"@type\":\"ListItem\",\"position\":1,\"name\":\"Strona g\u0142\u00f3wna\",\"item\":\"https:\\\/\\\/wobronietradycjiiwiary.com\\\/\"},{\"@type\":\"ListItem\",\"position\":2,\"name\":\"O dobrym samopoczuciu w\u0142asnym i pot\u0119pieniu wiecznym\"}]},{\"@type\":\"WebSite\",\"@id\":\"https:\\\/\\\/wobronietradycjiiwiary.com\\\/pl\\\/#website\",\"url\":\"https:\\\/\\\/wobronietradycjiiwiary.com\\\/pl\\\/\",\"name\":\"Tradycja i Wiara\",\"description\":\"Portal dla katolik\u00f3w.\",\"publisher\":{\"@id\":\"https:\\\/\\\/wobronietradycjiiwiary.com\\\/pl\\\/#organization\"},\"potentialAction\":[{\"@type\":\"SearchAction\",\"target\":{\"@type\":\"EntryPoint\",\"urlTemplate\":\"https:\\\/\\\/wobronietradycjiiwiary.com\\\/pl\\\/?s={search_term_string}\"},\"query-input\":{\"@type\":\"PropertyValueSpecification\",\"valueRequired\":true,\"valueName\":\"search_term_string\"}}],\"inLanguage\":\"pl-PL\"},{\"@type\":\"Organization\",\"@id\":\"https:\\\/\\\/wobronietradycjiiwiary.com\\\/pl\\\/#organization\",\"name\":\"Tradycja i Wiara\",\"url\":\"https:\\\/\\\/wobronietradycjiiwiary.com\\\/pl\\\/\",\"logo\":{\"@type\":\"ImageObject\",\"inLanguage\":\"pl-PL\",\"@id\":\"https:\\\/\\\/wobronietradycjiiwiary.com\\\/pl\\\/#\\\/schema\\\/logo\\\/image\\\/\",\"url\":\"https:\\\/\\\/i0.wp.com\\\/wobronietradycjiiwiary.com\\\/wp-content\\\/uploads\\\/2015\\\/10\\\/cropped-st-peters-dome-vatican.jpg?fit=940%2C198&ssl=1\",\"contentUrl\":\"https:\\\/\\\/i0.wp.com\\\/wobronietradycjiiwiary.com\\\/wp-content\\\/uploads\\\/2015\\\/10\\\/cropped-st-peters-dome-vatican.jpg?fit=940%2C198&ssl=1\",\"width\":940,\"height\":198,\"caption\":\"Tradycja i Wiara\"},\"image\":{\"@id\":\"https:\\\/\\\/wobronietradycjiiwiary.com\\\/pl\\\/#\\\/schema\\\/logo\\\/image\\\/\"},\"sameAs\":[\"https:\\\/\\\/www.facebook.com\\\/Tradycja-i-Wiara-108813920592249\"]},{\"@type\":\"Person\",\"@id\":\"https:\\\/\\\/wobronietradycjiiwiary.com\\\/pl\\\/#\\\/schema\\\/person\\\/2d6180ce6abcb681fef0daab7816e8f3\",\"name\":\"Traditio et Fides\",\"sameAs\":[\"https:\\\/\\\/traditionundglauben.com\"],\"url\":\"https:\\\/\\\/wobronietradycjiiwiary.com\\\/pl\\\/author\\\/wobronietradycjiiwiary\\\/\"}]}<\/script>\n<!-- \/ Yoast SEO plugin. -->","yoast_head_json":{"title":"O dobrym samopoczuciu w\u0142asnym i pot\u0119pieniu wiecznym - Tradycja i Wiara","robots":{"index":"index","follow":"follow","max-snippet":"max-snippet:-1","max-image-preview":"max-image-preview:large","max-video-preview":"max-video-preview:-1"},"canonical":"https:\/\/wobronietradycjiiwiary.com\/pl\/o-dobrym-samopoczuciu-wlasnym-i-o-potepieniu-wiecznym\/","og_locale":"pl_PL","og_type":"article","og_title":"O dobrym samopoczuciu w\u0142asnym i pot\u0119pieniu wiecznym - Tradycja i Wiara","og_description":"Z aktualnej okazji od\u0142\u0105czania komentarzy na blogu og\u00f3lnodost\u0119pnym, co stanowi kolejny krok na drodze likwidacji bloga og\u00f3lnodost\u0119pnego, polecamy wszystkim raz&hellip; &nbsp; Pe\u0142en dost\u0119p dla subskrybent\u00f3w. Zaloguj si\u0119 lub przejd\u017a do Rejestracji. Nowe ni\u017csze ceny P\u0142atno\u015b\u0107 kart\u0105 P\u0142atno\u015b\u0107 przelewem P\u0142atno\u015b\u0107 kart\u0105 do 6 os\u00f3b","og_url":"https:\/\/wobronietradycjiiwiary.com\/pl\/o-dobrym-samopoczuciu-wlasnym-i-o-potepieniu-wiecznym\/","og_site_name":"Tradycja i Wiara","article_publisher":"https:\/\/www.facebook.com\/Tradycja-i-Wiara-108813920592249","article_published_time":"2017-07-11T12:47:03+00:00","article_modified_time":"2025-02-07T14:40:08+00:00","og_image":[{"url":"https:\/\/wobronietradycjiiwiary.com\/wp-content\/uploads\/2017\/07\/608px-luca_signorelli_cappella_di_san_brizio_dannati_allinferno_04.jpg","type":"","width":"","height":""}],"author":"Traditio et Fides","twitter_card":"summary_large_image","twitter_misc":{"Napisane przez":"Traditio et Fides","Szacowany czas czytania":"18 minut"},"schema":{"@context":"https:\/\/schema.org","@graph":[{"@type":"Article","@id":"https:\/\/wobronietradycjiiwiary.com\/o-dobrym-samopoczuciu-wlasnym-i-o-potepieniu-wiecznym\/#article","isPartOf":{"@id":"https:\/\/wobronietradycjiiwiary.com\/o-dobrym-samopoczuciu-wlasnym-i-o-potepieniu-wiecznym\/"},"author":{"name":"Traditio et Fides","@id":"https:\/\/wobronietradycjiiwiary.com\/pl\/#\/schema\/person\/2d6180ce6abcb681fef0daab7816e8f3"},"headline":"O dobrym samopoczuciu w\u0142asnym i pot\u0119pieniu wiecznym","datePublished":"2017-07-11T12:47:03+00:00","dateModified":"2025-02-07T14:40:08+00:00","mainEntityOfPage":{"@id":"https:\/\/wobronietradycjiiwiary.com\/o-dobrym-samopoczuciu-wlasnym-i-o-potepieniu-wiecznym\/"},"wordCount":3632,"publisher":{"@id":"https:\/\/wobronietradycjiiwiary.com\/pl\/#organization"},"image":{"@id":"https:\/\/wobronietradycjiiwiary.com\/o-dobrym-samopoczuciu-wlasnym-i-o-potepieniu-wiecznym\/#primaryimage"},"thumbnailUrl":"https:\/\/wobronietradycjiiwiary.com\/wp-content\/uploads\/2017\/07\/608px-luca_signorelli_cappella_di_san_brizio_dannati_allinferno_04.jpg","keywords":["dobra \u015bmier\u0107","Dzienniczek","Faustyna Kowalska","narcyzm","piek\u0142o","pot\u0119pienie wieczne","Pseudomistyka","Restricted","S\u0105d Bo\u017cy","\u015bmier\u0107"],"articleSection":["Rzeczy ostateczne"],"inLanguage":"pl-PL"},{"@type":"WebPage","@id":"https:\/\/wobronietradycjiiwiary.com\/o-dobrym-samopoczuciu-wlasnym-i-o-potepieniu-wiecznym\/","url":"https:\/\/wobronietradycjiiwiary.com\/o-dobrym-samopoczuciu-wlasnym-i-o-potepieniu-wiecznym\/","name":"O dobrym samopoczuciu w\u0142asnym i pot\u0119pieniu wiecznym - Tradycja i Wiara","isPartOf":{"@id":"https:\/\/wobronietradycjiiwiary.com\/pl\/#website"},"primaryImageOfPage":{"@id":"https:\/\/wobronietradycjiiwiary.com\/o-dobrym-samopoczuciu-wlasnym-i-o-potepieniu-wiecznym\/#primaryimage"},"image":{"@id":"https:\/\/wobronietradycjiiwiary.com\/o-dobrym-samopoczuciu-wlasnym-i-o-potepieniu-wiecznym\/#primaryimage"},"thumbnailUrl":"https:\/\/wobronietradycjiiwiary.com\/wp-content\/uploads\/2017\/07\/608px-luca_signorelli_cappella_di_san_brizio_dannati_allinferno_04.jpg","datePublished":"2017-07-11T12:47:03+00:00","dateModified":"2025-02-07T14:40:08+00:00","breadcrumb":{"@id":"https:\/\/wobronietradycjiiwiary.com\/o-dobrym-samopoczuciu-wlasnym-i-o-potepieniu-wiecznym\/#breadcrumb"},"inLanguage":"pl-PL","potentialAction":[{"@type":"ReadAction","target":["https:\/\/wobronietradycjiiwiary.com\/o-dobrym-samopoczuciu-wlasnym-i-o-potepieniu-wiecznym\/"]}]},{"@type":"ImageObject","inLanguage":"pl-PL","@id":"https:\/\/wobronietradycjiiwiary.com\/o-dobrym-samopoczuciu-wlasnym-i-o-potepieniu-wiecznym\/#primaryimage","url":"https:\/\/wobronietradycjiiwiary.com\/wp-content\/uploads\/2017\/07\/608px-luca_signorelli_cappella_di_san_brizio_dannati_allinferno_04.jpg","contentUrl":"https:\/\/wobronietradycjiiwiary.com\/wp-content\/uploads\/2017\/07\/608px-luca_signorelli_cappella_di_san_brizio_dannati_allinferno_04.jpg","width":608,"height":600},{"@type":"BreadcrumbList","@id":"https:\/\/wobronietradycjiiwiary.com\/o-dobrym-samopoczuciu-wlasnym-i-o-potepieniu-wiecznym\/#breadcrumb","itemListElement":[{"@type":"ListItem","position":1,"name":"Strona g\u0142\u00f3wna","item":"https:\/\/wobronietradycjiiwiary.com\/"},{"@type":"ListItem","position":2,"name":"O dobrym samopoczuciu w\u0142asnym i pot\u0119pieniu wiecznym"}]},{"@type":"WebSite","@id":"https:\/\/wobronietradycjiiwiary.com\/pl\/#website","url":"https:\/\/wobronietradycjiiwiary.com\/pl\/","name":"Tradycja i Wiara","description":"Portal dla katolik\u00f3w.","publisher":{"@id":"https:\/\/wobronietradycjiiwiary.com\/pl\/#organization"},"potentialAction":[{"@type":"SearchAction","target":{"@type":"EntryPoint","urlTemplate":"https:\/\/wobronietradycjiiwiary.com\/pl\/?s={search_term_string}"},"query-input":{"@type":"PropertyValueSpecification","valueRequired":true,"valueName":"search_term_string"}}],"inLanguage":"pl-PL"},{"@type":"Organization","@id":"https:\/\/wobronietradycjiiwiary.com\/pl\/#organization","name":"Tradycja i Wiara","url":"https:\/\/wobronietradycjiiwiary.com\/pl\/","logo":{"@type":"ImageObject","inLanguage":"pl-PL","@id":"https:\/\/wobronietradycjiiwiary.com\/pl\/#\/schema\/logo\/image\/","url":"https:\/\/i0.wp.com\/wobronietradycjiiwiary.com\/wp-content\/uploads\/2015\/10\/cropped-st-peters-dome-vatican.jpg?fit=940%2C198&ssl=1","contentUrl":"https:\/\/i0.wp.com\/wobronietradycjiiwiary.com\/wp-content\/uploads\/2015\/10\/cropped-st-peters-dome-vatican.jpg?fit=940%2C198&ssl=1","width":940,"height":198,"caption":"Tradycja i Wiara"},"image":{"@id":"https:\/\/wobronietradycjiiwiary.com\/pl\/#\/schema\/logo\/image\/"},"sameAs":["https:\/\/www.facebook.com\/Tradycja-i-Wiara-108813920592249"]},{"@type":"Person","@id":"https:\/\/wobronietradycjiiwiary.com\/pl\/#\/schema\/person\/2d6180ce6abcb681fef0daab7816e8f3","name":"Traditio et Fides","sameAs":["https:\/\/traditionundglauben.com"],"url":"https:\/\/wobronietradycjiiwiary.com\/pl\/author\/wobronietradycjiiwiary\/"}]}},"jetpack_publicize_connections":[],"jetpack_sharing_enabled":true,"jetpack_likes_enabled":true,"jetpack_shortlink":"https:\/\/wp.me\/pc04Sd-3IQ","jetpack-related-posts":[{"id":18994,"url":"https:\/\/wobronietradycjiiwiary.com\/pl\/modlitwa-o-dobra-smierc\/","url_meta":{"origin":14312,"position":0},"title":"Modlitwa o dobr\u0105 \u015bmier\u0107","author":"Traditio et Fides","date":"29 listopada 2018","format":false,"excerpt":"Na pro\u015bb\u0119 czytelniczki Oksany za\u0142\u0105czamy modlitw\u0119 o dobr\u0105 \u015bmier\u0107, znalezion\u0105 w przedsoborowym brewiarzu. Modlitw\u0105 t\u0105 mo\u017cna by\u0142o przed reform\u0105 odpust\u00f3w Paw\u0142a VI uzyska\u0107 odpust 100 dni raz dziennie, nadany przez Piusa IX 11 marca 1856. Chocia\u017c odpusty te ju\u017c nie obowi\u0105zuj\u0105, to ukazuj\u0105 one w pewnym sensie skuteczno\u015b\u0107 danej modlitwy.\u2026","rel":"","context":"W \u201eModlitwy&quot;","block_context":{"text":"Modlitwy","link":"https:\/\/wobronietradycjiiwiary.com\/pl\/category\/duchowosc\/modlitwy\/"},"img":{"alt_text":"unction","src":"https:\/\/i0.wp.com\/traditionundglauben.com\/\/srv\/htdocs\/wp-content\/uploads\/2017\/08\/unction.jpg?resize=350%2C200&ssl=1","width":350,"height":200},"classes":[]},{"id":111725,"url":"https:\/\/wobronietradycjiiwiary.com\/pl\/sw-alfons-liguori-przewodnik-spowiednika-100-skazani-na-smierc\/","url_meta":{"origin":14312,"position":1},"title":"\u015aw. Alfons Liguori, Przewodnik spowiednika (102). Skazani na \u015bmier\u0107","author":"Traditio et Fides","date":"1 lutego 2024","format":false,"excerpt":"O spowiedziach skaza\u0144c\u00f3w.","rel":"","context":"W \u201e\"Przewodnik spowiednika\"&quot;","block_context":{"text":"\"Przewodnik spowiednika\"","link":"https:\/\/wobronietradycjiiwiary.com\/pl\/category\/duchowosc\/autorzy\/sw-alfons-liguori\/przewodnik-spowiednika\/"},"img":{"alt_text":"","src":"https:\/\/i0.wp.com\/wobronietradycjiiwiary.com\/wp-content\/uploads\/2021\/07\/confession_painting.jpg?resize=350%2C200&ssl=1","width":350,"height":200,"srcset":"https:\/\/i0.wp.com\/wobronietradycjiiwiary.com\/wp-content\/uploads\/2021\/07\/confession_painting.jpg?resize=350%2C200&ssl=1 1x, https:\/\/i0.wp.com\/wobronietradycjiiwiary.com\/wp-content\/uploads\/2021\/07\/confession_painting.jpg?resize=525%2C300&ssl=1 1.5x, https:\/\/i0.wp.com\/wobronietradycjiiwiary.com\/wp-content\/uploads\/2021\/07\/confession_painting.jpg?resize=700%2C400&ssl=1 2x, https:\/\/i0.wp.com\/wobronietradycjiiwiary.com\/wp-content\/uploads\/2021\/07\/confession_painting.jpg?resize=1050%2C600&ssl=1 3x"},"classes":[]},{"id":72402,"url":"https:\/\/wobronietradycjiiwiary.com\/pl\/kard-bona-feniks-odrodzony-czyli-cwiczenia-duchowne-6-zyciorys-autora-vi-konklawe-i-smierc\/","url_meta":{"origin":14312,"position":2},"title":"Kard. Bona, &#8220;Feniks odrodzony czyli \u0107wiczenia duchowne&#8221;, (6) \u017byciorys autora (vi) Konklawe i \u015bmier\u0107","author":"Traditio et Fides","date":"27 czerwca 2022","format":false,"excerpt":"O tym, \u017ce oferowane awanse i stanowiska trzeba przyjmowa\u0107.","rel":"","context":"W \u201e\"Feniks odrodzony\"&quot;","block_context":{"text":"\"Feniks odrodzony\"","link":"https:\/\/wobronietradycjiiwiary.com\/pl\/category\/duchowosc\/autorzy\/kardynal-bona\/feniks-odrodzony\/"},"img":{"alt_text":"","src":"https:\/\/i0.wp.com\/wobronietradycjiiwiary.com\/wp-content\/uploads\/2022\/05\/00090501.jpg?resize=350%2C200&ssl=1","width":350,"height":200,"srcset":"https:\/\/i0.wp.com\/wobronietradycjiiwiary.com\/wp-content\/uploads\/2022\/05\/00090501.jpg?resize=350%2C200&ssl=1 1x, https:\/\/i0.wp.com\/wobronietradycjiiwiary.com\/wp-content\/uploads\/2022\/05\/00090501.jpg?resize=525%2C300&ssl=1 1.5x, https:\/\/i0.wp.com\/wobronietradycjiiwiary.com\/wp-content\/uploads\/2022\/05\/00090501.jpg?resize=700%2C400&ssl=1 2x"},"classes":[]},{"id":140008,"url":"https:\/\/wobronietradycjiiwiary.com\/pl\/smierc-bergoglio-nikomu-na-nim-nie-zalezalo\/","url_meta":{"origin":14312,"position":3},"title":"\u015amier\u0107 Bergoglio: Nikomu na nim nie zale\u017ca\u0142o","author":"Traditio et Fides","date":"22 kwietnia 2025","format":false,"excerpt":"Rozwa\u017cania o \u015bmierci Bergoglio.","rel":"","context":"W \u201e4. Franciszek&quot;","block_context":{"text":"4. Franciszek","link":"https:\/\/wobronietradycjiiwiary.com\/pl\/category\/polemika\/kosciol-posoborowy\/papieze\/papiez-franciszek\/"},"img":{"alt_text":"","src":"https:\/\/i0.wp.com\/wobronietradycjiiwiary.com\/wp-content\/uploads\/2025\/04\/1aa1f8e499d76ca04def50eaf7c50f37.jpg?resize=350%2C200&ssl=1","width":350,"height":200,"srcset":"https:\/\/i0.wp.com\/wobronietradycjiiwiary.com\/wp-content\/uploads\/2025\/04\/1aa1f8e499d76ca04def50eaf7c50f37.jpg?resize=350%2C200&ssl=1 1x, https:\/\/i0.wp.com\/wobronietradycjiiwiary.com\/wp-content\/uploads\/2025\/04\/1aa1f8e499d76ca04def50eaf7c50f37.jpg?resize=525%2C300&ssl=1 1.5x, https:\/\/i0.wp.com\/wobronietradycjiiwiary.com\/wp-content\/uploads\/2025\/04\/1aa1f8e499d76ca04def50eaf7c50f37.jpg?resize=700%2C400&ssl=1 2x"},"classes":[]},{"id":21838,"url":"https:\/\/wobronietradycjiiwiary.com\/pl\/sw-jan-chryzostom-jakie-kobiety-nalezy-brac-za-zony-4-z-9\/","url_meta":{"origin":14312,"position":4},"title":"\u015aw. Jan Chryzostom &#8211; Jakie kobiety nale\u017cy bra\u0107 za \u017cony (4 z 9)","author":"Traditio et Fides","date":"15 pa\u017adziernika 2019","format":false,"excerpt":"\u00a0 4. S\u0142ysza\u0142em, jak wielu m\u00f3wi, \u017ce jaki\u015b cz\u0142owiek b\u0119d\u0105c wcze\u015bniej biednym, sta\u0142 si\u0119 bogatszy po zawarciu ma\u0142\u017ce\u0144stwa \u2013 poj\u0105\u0142 bogat\u0105 \u017con\u0119, teraz za\u015b \u017cyje w bogactwie i rozkoszach. C\u00f3\u017c m\u00f3wisz, cz\u0142owieku? Chcesz czerpa\u0107 zyski z \u017cony, i ani si\u0119 nie wstydzisz, ani si\u0119 nie czerwienisz? Nie chcesz ze wstydu\u2026","rel":"","context":"W \u201eWyb\u00f3r \u017cony&quot;","block_context":{"text":"Wyb\u00f3r \u017cony","link":"https:\/\/wobronietradycjiiwiary.com\/pl\/category\/doktryna\/teologia-moralna\/malzenstwo\/wybor-zony\/"},"img":{"alt_text":"","src":"https:\/\/i0.wp.com\/wobronietradycjiiwiary.com\/wp-content\/uploads\/2019\/10\/wotiw-chryzostom.jpg?resize=350%2C200&ssl=1","width":350,"height":200,"srcset":"https:\/\/i0.wp.com\/wobronietradycjiiwiary.com\/wp-content\/uploads\/2019\/10\/wotiw-chryzostom.jpg?resize=350%2C200&ssl=1 1x, https:\/\/i0.wp.com\/wobronietradycjiiwiary.com\/wp-content\/uploads\/2019\/10\/wotiw-chryzostom.jpg?resize=525%2C300&ssl=1 1.5x, https:\/\/i0.wp.com\/wobronietradycjiiwiary.com\/wp-content\/uploads\/2019\/10\/wotiw-chryzostom.jpg?resize=700%2C400&ssl=1 2x"},"classes":[]},{"id":83507,"url":"https:\/\/wobronietradycjiiwiary.com\/pl\/11-go-stycznia-zywot-swietego-teodozyusza-opata-2-2\/","url_meta":{"origin":14312,"position":5},"title":"11-go Stycznia. \u017bywot \u015bwi\u0119tego Teodozyusza, Opata.","author":"Traditio et Fides","date":"11 stycznia 2023","format":false,"excerpt":"\u015awi\u0119ci rozpoznaj\u0105 \u015bwi\u0119tych, a pustelnicy pustelnik\u00f3w, bo rzeczywi\u015bcie dzia\u0142a w nich ten sam Duch \u015aw.","rel":"","context":"W \u201e01. \u015awi\u0119ta w styczniu&quot;","block_context":{"text":"01. \u015awi\u0119ta w styczniu","link":"https:\/\/wobronietradycjiiwiary.com\/pl\/category\/duchowosc\/liturgia-i-liturgika\/rozwazania\/rok-liturgiczny\/swieta-w-styczniu\/"},"img":{"alt_text":"","src":"","width":0,"height":0},"classes":[]}],"amp_enabled":true,"jetpack_featured_media_url":"https:\/\/wobronietradycjiiwiary.com\/wp-content\/uploads\/2017\/07\/608px-luca_signorelli_cappella_di_san_brizio_dannati_allinferno_04.jpg","_links":{"self":[{"href":"https:\/\/wobronietradycjiiwiary.com\/pl\/wp-json\/wp\/v2\/posts\/14312","targetHints":{"allow":["GET"]}}],"collection":[{"href":"https:\/\/wobronietradycjiiwiary.com\/pl\/wp-json\/wp\/v2\/posts"}],"about":[{"href":"https:\/\/wobronietradycjiiwiary.com\/pl\/wp-json\/wp\/v2\/types\/post"}],"author":[{"embeddable":true,"href":"https:\/\/wobronietradycjiiwiary.com\/pl\/wp-json\/wp\/v2\/users\/60508433"}],"replies":[{"embeddable":true,"href":"https:\/\/wobronietradycjiiwiary.com\/pl\/wp-json\/wp\/v2\/comments?post=14312"}],"version-history":[{"count":1,"href":"https:\/\/wobronietradycjiiwiary.com\/pl\/wp-json\/wp\/v2\/posts\/14312\/revisions"}],"predecessor-version":[{"id":57273,"href":"https:\/\/wobronietradycjiiwiary.com\/pl\/wp-json\/wp\/v2\/posts\/14312\/revisions\/57273"}],"wp:featuredmedia":[{"embeddable":true,"href":"https:\/\/wobronietradycjiiwiary.com\/pl\/wp-json\/wp\/v2\/media\/14316"}],"wp:attachment":[{"href":"https:\/\/wobronietradycjiiwiary.com\/pl\/wp-json\/wp\/v2\/media?parent=14312"}],"wp:term":[{"taxonomy":"category","embeddable":true,"href":"https:\/\/wobronietradycjiiwiary.com\/pl\/wp-json\/wp\/v2\/categories?post=14312"},{"taxonomy":"post_tag","embeddable":true,"href":"https:\/\/wobronietradycjiiwiary.com\/pl\/wp-json\/wp\/v2\/tags?post=14312"}],"curies":[{"name":"wp","href":"https:\/\/api.w.org\/{rel}","templated":true}]}}