{"id":14248,"date":"2017-08-08T08:00:43","date_gmt":"2017-08-08T06:00:43","guid":{"rendered":"https:\/\/wobronietradycjiiwiaryblog.wordpress.com\/?p=14248"},"modified":"2025-02-07T15:52:11","modified_gmt":"2025-02-07T14:52:11","slug":"don-pietro-leone-kosciol-i-asmodeusz-2-z-5-nauczanie-katolickie-przed-franciszkiem","status":"publish","type":"post","link":"https:\/\/wobronietradycjiiwiary.com\/pl\/don-pietro-leone-kosciol-i-asmodeusz-2-z-5-nauczanie-katolickie-przed-franciszkiem\/","title":{"rendered":"Don Pietro Leone, Ko\u015bci\u00f3\u0142 i Asmodeusz  (3 z 5). Stan \u0142aski przed Komuni\u0105 \u015aw."},"content":{"rendered":"<div id=\"bsf_rt_marker\"><\/div><p>&nbsp; 2. Grzech \u015bmiertelny i Komunia \u015bwi\u0119ta Doktryna Tradycyjna Ko\u015bci\u00f3\u0142 zawsze ostrzega\u0142 wiernych przed przyjmowaniem Komunii \u015bwi\u0119tej w stanie grzechu&hellip;<\/p>\n<div style=\"text-align: center\">\n<p>&nbsp;<\/p>\n<\/div>\n<h2 style=\"border: 5px solid #0000A0;padding: 1em;text-align: center\"><span style=\"color: #000000\">Pe\u0142en dost\u0119p dla <span style=\"color: #00ccff\"><a style=\"color: #00ccff\" href=\"https:\/\/wobronietradycjiiwiary.com\/subskrypcje-2\/\" target=\"_blank\" rel=\"noopener\">subskrybent\u00f3w<\/a><\/span>.<\/span><br \/>\n<span style=\"color: #3366ff\"><a style=\"color: #3366ff\" href=\"https:\/\/wobronietradycjiiwiary.com\/account\/login\/\" target=\"_blank\" rel=\"noopener\"><span style=\"color: #00ccff\">Zaloguj<\/span><\/a> <\/span>si\u0119 lub przejd\u017a do <a href=\"https:\/\/wobronietradycjiiwiary.com\/register\/\"><span style=\"color: #3366ff\">Rejestracji<\/span><\/a>.<\/h2>\n<div>\n<p style=\"text-align: center\"><a href=\"https:\/\/wobronietradycjiiwiary.com\/pl\/subskrypcje-2\/cennik\/\" target=\"_blank\" rel=\"noopener\"><span style=\"color: #000080;font-size: 24pt\"><strong>Nowe ni\u017csze ceny<\/strong><\/span><\/a><\/p>\n<p style=\"text-align: center\"><strong><span style=\"font-size: 18pt;color: #000080\">P\u0142atno\u015b\u0107 kart\u0105<\/span><\/strong><\/p>\n<\/div>\n<h3 style=\"text-align: center\"><a href=\"https:\/\/wobronietradycjiiwiary.com\/pl\/subskrypcje-2\/automatyczne\/indywidualne\/\" target=\"_blank\" rel=\"noopener\"><img fetchpriority=\"high\" decoding=\"async\" class=\"alignnone size-medium wp-image-80433\" src=\"https:\/\/wobronietradycjiiwiary.com\/wp-content\/uploads\/2022\/11\/Unbenannt-1-Online-1-300x202.jpg\" alt=\"\" width=\"300\" height=\"202\" srcset=\"https:\/\/wobronietradycjiiwiary.com\/wp-content\/uploads\/2022\/11\/Unbenannt-1-Online-1-300x202.jpg 300w, https:\/\/wobronietradycjiiwiary.com\/wp-content\/uploads\/2022\/11\/Unbenannt-1-Online-1-150x101.jpg 150w, https:\/\/wobronietradycjiiwiary.com\/wp-content\/uploads\/2022\/11\/Unbenannt-1-Online-1-18x12.jpg 18w, https:\/\/wobronietradycjiiwiary.com\/wp-content\/uploads\/2022\/11\/Unbenannt-1-Online-1.jpg 446w\" sizes=\"(max-width: 300px) 100vw, 300px\" \/><\/a><\/h3>\n<p style=\"text-align: center\"><strong><span style=\"font-size: 18pt;color: #000080\">P\u0142atno\u015b\u0107 przelewem<\/span><\/strong><\/p>\n<p><a href=\"https:\/\/wobronietradycjiiwiary.com\/pl\/subskrypcje-2\/automatyczne\/indywidualne\/\" target=\"_blank\" rel=\"noopener\"><img decoding=\"async\" class=\"size-medium wp-image-80434 aligncenter\" src=\"https:\/\/wobronietradycjiiwiary.com\/wp-content\/uploads\/2022\/11\/Unbenannt-1-Przelewem-300x137.jpg\" alt=\"\" width=\"300\" height=\"137\" srcset=\"https:\/\/wobronietradycjiiwiary.com\/wp-content\/uploads\/2022\/11\/Unbenannt-1-Przelewem-300x137.jpg 300w, https:\/\/wobronietradycjiiwiary.com\/wp-content\/uploads\/2022\/11\/Unbenannt-1-Przelewem-450x206.jpg 450w, https:\/\/wobronietradycjiiwiary.com\/wp-content\/uploads\/2022\/11\/Unbenannt-1-Przelewem-600x274.jpg 600w, https:\/\/wobronietradycjiiwiary.com\/wp-content\/uploads\/2022\/11\/Unbenannt-1-Przelewem-150x69.jpg 150w, https:\/\/wobronietradycjiiwiary.com\/wp-content\/uploads\/2022\/11\/Unbenannt-1-Przelewem-18x8.jpg 18w, https:\/\/wobronietradycjiiwiary.com\/wp-content\/uploads\/2022\/11\/Unbenannt-1-Przelewem.jpg 676w\" sizes=\"(max-width: 300px) 100vw, 300px\" \/><\/a><\/p>\n<p style=\"text-align: center\"><strong><span style=\"font-size: 18pt;color: #000080\">P\u0142atno\u015b\u0107 kart\u0105 do 6 os\u00f3b<\/span><\/strong><\/p>\n<p><a href=\"https:\/\/wobronietradycjiiwiary.com\/pl\/rodzinne\/\" target=\"_blank\" rel=\"noopener\"><img decoding=\"async\" class=\"size-medium wp-image-80435 aligncenter\" src=\"https:\/\/wobronietradycjiiwiary.com\/wp-content\/uploads\/2022\/11\/Unbenannt-1-Rodzinna-300x208.jpg\" alt=\"\" width=\"300\" height=\"208\" srcset=\"https:\/\/wobronietradycjiiwiary.com\/wp-content\/uploads\/2022\/11\/Unbenannt-1-Rodzinna-300x208.jpg 300w, https:\/\/wobronietradycjiiwiary.com\/wp-content\/uploads\/2022\/11\/Unbenannt-1-Rodzinna-150x104.jpg 150w, https:\/\/wobronietradycjiiwiary.com\/wp-content\/uploads\/2022\/11\/Unbenannt-1-Rodzinna-18x12.jpg 18w, https:\/\/wobronietradycjiiwiary.com\/wp-content\/uploads\/2022\/11\/Unbenannt-1-Rodzinna.jpg 448w\" sizes=\"(max-width: 300px) 100vw, 300px\" \/><\/a><\/p>\n<h3 style=\"text-align: center\"><\/h3>\n<h1 style=\"text-align: center\"><\/h1>\n","protected":false},"excerpt":{"rendered":"<p>&nbsp; 2. Grzech \u015bmiertelny i Komunia \u015bwi\u0119ta Doktryna Tradycyjna Ko\u015bci\u00f3\u0142 zawsze ostrzega\u0142 wiernych przed przyjmowaniem Komunii \u015bwi\u0119tej w stanie grzechu&hellip; &nbsp; Pe\u0142en dost\u0119p dla subskrybent\u00f3w. Zaloguj si\u0119 lub przejd\u017a do Rejestracji. Nowe ni\u017csze ceny P\u0142atno\u015b\u0107 kart\u0105 P\u0142atno\u015b\u0107 przelewem P\u0142atno\u015b\u0107 kart\u0105 do 6 os\u00f3b<\/p>\n","protected":false},"author":60508433,"featured_media":13908,"comment_status":"open","ping_status":"closed","sticky":false,"template":"","format":"standard","meta":{"_bbp_topic_count":0,"_bbp_reply_count":0,"_bbp_total_topic_count":0,"_bbp_total_reply_count":0,"_bbp_voice_count":0,"_bbp_anonymous_reply_count":0,"_bbp_topic_count_hidden":0,"_bbp_reply_count_hidden":0,"_bbp_forum_subforum_count":0,"_editorskit_title_hidden":false,"_editorskit_reading_time":0,"_editorskit_is_block_options_detached":false,"_editorskit_block_options_position":"{}","_coblocks_attr":"","_coblocks_dimensions":"","_coblocks_responsive_height":"","_coblocks_accordion_ie_support":"","_exactmetrics_skip_tracking":false,"_jetpack_newsletter_access":"","_jetpack_dont_email_post_to_subs":false,"_jetpack_newsletter_tier_id":0,"_jetpack_memberships_contains_paywalled_content":false,"_wpcom_ai_launchpad_first_post":false,"_jetpack_feature_clip_id":0,"_jetpack_memberships_contains_paid_content":false,"footnotes":"","jetpack_publicize_message":"{title}\n\n{excerpt}\n\n{url}","jetpack_publicize_feature_enabled":true,"jetpack_social_post_already_shared":true,"jetpack_social_options":{"image_generator_settings":{"template":"highway","default_image_id":0,"font":"","enabled":false},"version":2},"_wpas_customize_per_network":false,"jetpack_post_was_ever_published":false},"categories":[66857326,610130910],"tags":[29147244,581634472,610130920,580246888,454817,1010222,610132562,8603055,610132133,56548,4204999,498872446],"class_list":["post-14248","post","type-post","status-publish","format-standard","has-post-thumbnail","hentry","category-don-pietro-leone","category-leone-kosciol-i-asmodeusz","tag-akt-malzenski","tag-akty-malzenskie","tag-copula","tag-de-sexto","tag-gaudium-et-spes","tag-malzenstwo","tag-premium","tag-plciowosc","tag-restricted","tag-seks","tag-seksualnosc","tag-teologia-ciala-krytyka"],"yoast_head":"<!-- This site is optimized with the Yoast SEO plugin v28.3 - https:\/\/yoast.com\/product\/yoast-seo-wordpress\/ -->\n<title>Don Pietro Leone, Ko\u015bci\u00f3\u0142 i Asmodeusz (3 z 5). Stan \u0142aski przed Komuni\u0105 \u015aw. - Tradycja i Wiara<\/title>\n<meta name=\"robots\" content=\"index, follow, max-snippet:-1, max-image-preview:large, max-video-preview:-1\" \/>\n<link rel=\"canonical\" href=\"https:\/\/wobronietradycjiiwiary.com\/pl\/don-pietro-leone-kosciol-i-asmodeusz-2-z-5-nauczanie-katolickie-przed-franciszkiem\/\" \/>\n<meta property=\"og:locale\" content=\"pl_PL\" \/>\n<meta property=\"og:type\" content=\"article\" \/>\n<meta property=\"og:title\" content=\"Don Pietro Leone, Ko\u015bci\u00f3\u0142 i Asmodeusz (3 z 5). Stan \u0142aski przed Komuni\u0105 \u015aw. - Tradycja i Wiara\" \/>\n<meta property=\"og:description\" content=\"&nbsp; 2. Grzech \u015bmiertelny i Komunia \u015bwi\u0119ta Doktryna Tradycyjna Ko\u015bci\u00f3\u0142 zawsze ostrzega\u0142 wiernych przed przyjmowaniem Komunii \u015bwi\u0119tej w stanie grzechu&hellip; &nbsp; Pe\u0142en dost\u0119p dla subskrybent\u00f3w. Zaloguj si\u0119 lub przejd\u017a do Rejestracji. Nowe ni\u017csze ceny P\u0142atno\u015b\u0107 kart\u0105 P\u0142atno\u015b\u0107 przelewem P\u0142atno\u015b\u0107 kart\u0105 do 6 os\u00f3b\" \/>\n<meta property=\"og:url\" content=\"https:\/\/wobronietradycjiiwiary.com\/pl\/don-pietro-leone-kosciol-i-asmodeusz-2-z-5-nauczanie-katolickie-przed-franciszkiem\/\" \/>\n<meta property=\"og:site_name\" content=\"Tradycja i Wiara\" \/>\n<meta property=\"article:publisher\" content=\"https:\/\/www.facebook.com\/Tradycja-i-Wiara-108813920592249\" \/>\n<meta property=\"article:published_time\" content=\"2017-08-08T06:00:43+00:00\" \/>\n<meta property=\"article:modified_time\" content=\"2025-02-07T14:52:11+00:00\" \/>\n<meta property=\"og:image\" content=\"https:\/\/wobronietradycjiiwiaryblog.files.wordpress.com\/2017\/06\/don-leone.jpg\" \/>\n<meta name=\"author\" content=\"Traditio et Fides\" \/>\n<meta name=\"twitter:card\" content=\"summary_large_image\" \/>\n<meta name=\"twitter:label1\" content=\"Napisane przez\" \/>\n\t<meta name=\"twitter:data1\" content=\"Traditio et Fides\" \/>\n\t<meta name=\"twitter:label2\" content=\"Szacowany czas czytania\" \/>\n\t<meta name=\"twitter:data2\" content=\"6 minut\" \/>\n<script type=\"application\/ld+json\" class=\"yoast-schema-graph\">{\"@context\":\"https:\\\/\\\/schema.org\",\"@graph\":[{\"@type\":\"Article\",\"@id\":\"https:\\\/\\\/wobronietradycjiiwiary.com\\\/don-pietro-leone-kosciol-i-asmodeusz-2-z-5-nauczanie-katolickie-przed-franciszkiem\\\/#article\",\"isPartOf\":{\"@id\":\"https:\\\/\\\/wobronietradycjiiwiary.com\\\/don-pietro-leone-kosciol-i-asmodeusz-2-z-5-nauczanie-katolickie-przed-franciszkiem\\\/\"},\"author\":{\"name\":\"Traditio et Fides\",\"@id\":\"https:\\\/\\\/wobronietradycjiiwiary.com\\\/pl\\\/#\\\/schema\\\/person\\\/2d6180ce6abcb681fef0daab7816e8f3\"},\"headline\":\"Don Pietro Leone, Ko\u015bci\u00f3\u0142 i Asmodeusz (3 z 5). Stan \u0142aski przed Komuni\u0105 \u015aw.\",\"datePublished\":\"2017-08-08T06:00:43+00:00\",\"dateModified\":\"2025-02-07T14:52:11+00:00\",\"mainEntityOfPage\":{\"@id\":\"https:\\\/\\\/wobronietradycjiiwiary.com\\\/don-pietro-leone-kosciol-i-asmodeusz-2-z-5-nauczanie-katolickie-przed-franciszkiem\\\/\"},\"wordCount\":1139,\"commentCount\":7,\"publisher\":{\"@id\":\"https:\\\/\\\/wobronietradycjiiwiary.com\\\/pl\\\/#organization\"},\"image\":{\"@id\":\"https:\\\/\\\/wobronietradycjiiwiary.com\\\/don-pietro-leone-kosciol-i-asmodeusz-2-z-5-nauczanie-katolickie-przed-franciszkiem\\\/#primaryimage\"},\"thumbnailUrl\":\"https:\\\/\\\/wobronietradycjiiwiary.com\\\/wp-content\\\/uploads\\\/2017\\\/06\\\/enhanced-buzz-23785-1458319648-8.jpg\",\"keywords\":[\"akt ma\u0142\u017ce\u0144ski\",\"akty ma\u0142\u017ce\u0144skie\",\"copula\",\"De sexto\",\"Gaudium et Spes\",\"ma\u0142\u017ce\u0144stwo\",\"Premium\",\"p\u0142ciowo\u015b\u0107\",\"Restricted\",\"seks\",\"seksualno\u015b\u0107\",\"teologia cia\u0142a krytyka\"],\"articleSection\":[\"Don Pietro Leone\",\"Leone Ko\u015bci\u00f3\u0142 i Asmodeusz\"],\"inLanguage\":\"pl-PL\",\"potentialAction\":[{\"@type\":\"CommentAction\",\"name\":\"Comment\",\"target\":[\"https:\\\/\\\/wobronietradycjiiwiary.com\\\/don-pietro-leone-kosciol-i-asmodeusz-2-z-5-nauczanie-katolickie-przed-franciszkiem\\\/#respond\"]}]},{\"@type\":\"WebPage\",\"@id\":\"https:\\\/\\\/wobronietradycjiiwiary.com\\\/don-pietro-leone-kosciol-i-asmodeusz-2-z-5-nauczanie-katolickie-przed-franciszkiem\\\/\",\"url\":\"https:\\\/\\\/wobronietradycjiiwiary.com\\\/don-pietro-leone-kosciol-i-asmodeusz-2-z-5-nauczanie-katolickie-przed-franciszkiem\\\/\",\"name\":\"Don Pietro Leone, Ko\u015bci\u00f3\u0142 i Asmodeusz (3 z 5). Stan \u0142aski przed Komuni\u0105 \u015aw. - Tradycja i Wiara\",\"isPartOf\":{\"@id\":\"https:\\\/\\\/wobronietradycjiiwiary.com\\\/pl\\\/#website\"},\"primaryImageOfPage\":{\"@id\":\"https:\\\/\\\/wobronietradycjiiwiary.com\\\/don-pietro-leone-kosciol-i-asmodeusz-2-z-5-nauczanie-katolickie-przed-franciszkiem\\\/#primaryimage\"},\"image\":{\"@id\":\"https:\\\/\\\/wobronietradycjiiwiary.com\\\/don-pietro-leone-kosciol-i-asmodeusz-2-z-5-nauczanie-katolickie-przed-franciszkiem\\\/#primaryimage\"},\"thumbnailUrl\":\"https:\\\/\\\/wobronietradycjiiwiary.com\\\/wp-content\\\/uploads\\\/2017\\\/06\\\/enhanced-buzz-23785-1458319648-8.jpg\",\"datePublished\":\"2017-08-08T06:00:43+00:00\",\"dateModified\":\"2025-02-07T14:52:11+00:00\",\"breadcrumb\":{\"@id\":\"https:\\\/\\\/wobronietradycjiiwiary.com\\\/don-pietro-leone-kosciol-i-asmodeusz-2-z-5-nauczanie-katolickie-przed-franciszkiem\\\/#breadcrumb\"},\"inLanguage\":\"pl-PL\",\"potentialAction\":[{\"@type\":\"ReadAction\",\"target\":[\"https:\\\/\\\/wobronietradycjiiwiary.com\\\/don-pietro-leone-kosciol-i-asmodeusz-2-z-5-nauczanie-katolickie-przed-franciszkiem\\\/\"]}]},{\"@type\":\"ImageObject\",\"inLanguage\":\"pl-PL\",\"@id\":\"https:\\\/\\\/wobronietradycjiiwiary.com\\\/don-pietro-leone-kosciol-i-asmodeusz-2-z-5-nauczanie-katolickie-przed-franciszkiem\\\/#primaryimage\",\"url\":\"https:\\\/\\\/wobronietradycjiiwiary.com\\\/wp-content\\\/uploads\\\/2017\\\/06\\\/enhanced-buzz-23785-1458319648-8.jpg\",\"contentUrl\":\"https:\\\/\\\/wobronietradycjiiwiary.com\\\/wp-content\\\/uploads\\\/2017\\\/06\\\/enhanced-buzz-23785-1458319648-8.jpg\",\"width\":500,\"height\":606},{\"@type\":\"BreadcrumbList\",\"@id\":\"https:\\\/\\\/wobronietradycjiiwiary.com\\\/don-pietro-leone-kosciol-i-asmodeusz-2-z-5-nauczanie-katolickie-przed-franciszkiem\\\/#breadcrumb\",\"itemListElement\":[{\"@type\":\"ListItem\",\"position\":1,\"name\":\"Strona g\u0142\u00f3wna\",\"item\":\"https:\\\/\\\/wobronietradycjiiwiary.com\\\/\"},{\"@type\":\"ListItem\",\"position\":2,\"name\":\"Don Pietro Leone, Ko\u015bci\u00f3\u0142 i Asmodeusz (3 z 5). Stan \u0142aski przed Komuni\u0105 \u015aw.\"}]},{\"@type\":\"WebSite\",\"@id\":\"https:\\\/\\\/wobronietradycjiiwiary.com\\\/pl\\\/#website\",\"url\":\"https:\\\/\\\/wobronietradycjiiwiary.com\\\/pl\\\/\",\"name\":\"Tradycja i Wiara\",\"description\":\"Portal dla katolik\u00f3w.\",\"publisher\":{\"@id\":\"https:\\\/\\\/wobronietradycjiiwiary.com\\\/pl\\\/#organization\"},\"potentialAction\":[{\"@type\":\"SearchAction\",\"target\":{\"@type\":\"EntryPoint\",\"urlTemplate\":\"https:\\\/\\\/wobronietradycjiiwiary.com\\\/pl\\\/?s={search_term_string}\"},\"query-input\":{\"@type\":\"PropertyValueSpecification\",\"valueRequired\":true,\"valueName\":\"search_term_string\"}}],\"inLanguage\":\"pl-PL\"},{\"@type\":\"Organization\",\"@id\":\"https:\\\/\\\/wobronietradycjiiwiary.com\\\/pl\\\/#organization\",\"name\":\"Tradycja i Wiara\",\"url\":\"https:\\\/\\\/wobronietradycjiiwiary.com\\\/pl\\\/\",\"logo\":{\"@type\":\"ImageObject\",\"inLanguage\":\"pl-PL\",\"@id\":\"https:\\\/\\\/wobronietradycjiiwiary.com\\\/pl\\\/#\\\/schema\\\/logo\\\/image\\\/\",\"url\":\"https:\\\/\\\/i0.wp.com\\\/wobronietradycjiiwiary.com\\\/wp-content\\\/uploads\\\/2015\\\/10\\\/cropped-st-peters-dome-vatican.jpg?fit=940%2C198&ssl=1\",\"contentUrl\":\"https:\\\/\\\/i0.wp.com\\\/wobronietradycjiiwiary.com\\\/wp-content\\\/uploads\\\/2015\\\/10\\\/cropped-st-peters-dome-vatican.jpg?fit=940%2C198&ssl=1\",\"width\":940,\"height\":198,\"caption\":\"Tradycja i Wiara\"},\"image\":{\"@id\":\"https:\\\/\\\/wobronietradycjiiwiary.com\\\/pl\\\/#\\\/schema\\\/logo\\\/image\\\/\"},\"sameAs\":[\"https:\\\/\\\/www.facebook.com\\\/Tradycja-i-Wiara-108813920592249\"]},{\"@type\":\"Person\",\"@id\":\"https:\\\/\\\/wobronietradycjiiwiary.com\\\/pl\\\/#\\\/schema\\\/person\\\/2d6180ce6abcb681fef0daab7816e8f3\",\"name\":\"Traditio et Fides\",\"sameAs\":[\"https:\\\/\\\/traditionundglauben.com\"],\"url\":\"https:\\\/\\\/wobronietradycjiiwiary.com\\\/pl\\\/author\\\/wobronietradycjiiwiary\\\/\"}]}<\/script>\n<!-- \/ Yoast SEO plugin. -->","yoast_head_json":{"title":"Don Pietro Leone, Ko\u015bci\u00f3\u0142 i Asmodeusz (3 z 5). Stan \u0142aski przed Komuni\u0105 \u015aw. - Tradycja i Wiara","robots":{"index":"index","follow":"follow","max-snippet":"max-snippet:-1","max-image-preview":"max-image-preview:large","max-video-preview":"max-video-preview:-1"},"canonical":"https:\/\/wobronietradycjiiwiary.com\/pl\/don-pietro-leone-kosciol-i-asmodeusz-2-z-5-nauczanie-katolickie-przed-franciszkiem\/","og_locale":"pl_PL","og_type":"article","og_title":"Don Pietro Leone, Ko\u015bci\u00f3\u0142 i Asmodeusz (3 z 5). Stan \u0142aski przed Komuni\u0105 \u015aw. - Tradycja i Wiara","og_description":"&nbsp; 2. Grzech \u015bmiertelny i Komunia \u015bwi\u0119ta Doktryna Tradycyjna Ko\u015bci\u00f3\u0142 zawsze ostrzega\u0142 wiernych przed przyjmowaniem Komunii \u015bwi\u0119tej w stanie grzechu&hellip; &nbsp; Pe\u0142en dost\u0119p dla subskrybent\u00f3w. Zaloguj si\u0119 lub przejd\u017a do Rejestracji. Nowe ni\u017csze ceny P\u0142atno\u015b\u0107 kart\u0105 P\u0142atno\u015b\u0107 przelewem P\u0142atno\u015b\u0107 kart\u0105 do 6 os\u00f3b","og_url":"https:\/\/wobronietradycjiiwiary.com\/pl\/don-pietro-leone-kosciol-i-asmodeusz-2-z-5-nauczanie-katolickie-przed-franciszkiem\/","og_site_name":"Tradycja i Wiara","article_publisher":"https:\/\/www.facebook.com\/Tradycja-i-Wiara-108813920592249","article_published_time":"2017-08-08T06:00:43+00:00","article_modified_time":"2025-02-07T14:52:11+00:00","og_image":[{"url":"https:\/\/wobronietradycjiiwiaryblog.files.wordpress.com\/2017\/06\/don-leone.jpg","type":"","width":"","height":""}],"author":"Traditio et Fides","twitter_card":"summary_large_image","twitter_misc":{"Napisane przez":"Traditio et Fides","Szacowany czas czytania":"6 minut"},"schema":{"@context":"https:\/\/schema.org","@graph":[{"@type":"Article","@id":"https:\/\/wobronietradycjiiwiary.com\/don-pietro-leone-kosciol-i-asmodeusz-2-z-5-nauczanie-katolickie-przed-franciszkiem\/#article","isPartOf":{"@id":"https:\/\/wobronietradycjiiwiary.com\/don-pietro-leone-kosciol-i-asmodeusz-2-z-5-nauczanie-katolickie-przed-franciszkiem\/"},"author":{"name":"Traditio et Fides","@id":"https:\/\/wobronietradycjiiwiary.com\/pl\/#\/schema\/person\/2d6180ce6abcb681fef0daab7816e8f3"},"headline":"Don Pietro Leone, Ko\u015bci\u00f3\u0142 i Asmodeusz (3 z 5). Stan \u0142aski przed Komuni\u0105 \u015aw.","datePublished":"2017-08-08T06:00:43+00:00","dateModified":"2025-02-07T14:52:11+00:00","mainEntityOfPage":{"@id":"https:\/\/wobronietradycjiiwiary.com\/don-pietro-leone-kosciol-i-asmodeusz-2-z-5-nauczanie-katolickie-przed-franciszkiem\/"},"wordCount":1139,"commentCount":7,"publisher":{"@id":"https:\/\/wobronietradycjiiwiary.com\/pl\/#organization"},"image":{"@id":"https:\/\/wobronietradycjiiwiary.com\/don-pietro-leone-kosciol-i-asmodeusz-2-z-5-nauczanie-katolickie-przed-franciszkiem\/#primaryimage"},"thumbnailUrl":"https:\/\/wobronietradycjiiwiary.com\/wp-content\/uploads\/2017\/06\/enhanced-buzz-23785-1458319648-8.jpg","keywords":["akt ma\u0142\u017ce\u0144ski","akty ma\u0142\u017ce\u0144skie","copula","De sexto","Gaudium et Spes","ma\u0142\u017ce\u0144stwo","Premium","p\u0142ciowo\u015b\u0107","Restricted","seks","seksualno\u015b\u0107","teologia cia\u0142a krytyka"],"articleSection":["Don Pietro Leone","Leone Ko\u015bci\u00f3\u0142 i Asmodeusz"],"inLanguage":"pl-PL","potentialAction":[{"@type":"CommentAction","name":"Comment","target":["https:\/\/wobronietradycjiiwiary.com\/don-pietro-leone-kosciol-i-asmodeusz-2-z-5-nauczanie-katolickie-przed-franciszkiem\/#respond"]}]},{"@type":"WebPage","@id":"https:\/\/wobronietradycjiiwiary.com\/don-pietro-leone-kosciol-i-asmodeusz-2-z-5-nauczanie-katolickie-przed-franciszkiem\/","url":"https:\/\/wobronietradycjiiwiary.com\/don-pietro-leone-kosciol-i-asmodeusz-2-z-5-nauczanie-katolickie-przed-franciszkiem\/","name":"Don Pietro Leone, Ko\u015bci\u00f3\u0142 i Asmodeusz (3 z 5). Stan \u0142aski przed Komuni\u0105 \u015aw. - Tradycja i Wiara","isPartOf":{"@id":"https:\/\/wobronietradycjiiwiary.com\/pl\/#website"},"primaryImageOfPage":{"@id":"https:\/\/wobronietradycjiiwiary.com\/don-pietro-leone-kosciol-i-asmodeusz-2-z-5-nauczanie-katolickie-przed-franciszkiem\/#primaryimage"},"image":{"@id":"https:\/\/wobronietradycjiiwiary.com\/don-pietro-leone-kosciol-i-asmodeusz-2-z-5-nauczanie-katolickie-przed-franciszkiem\/#primaryimage"},"thumbnailUrl":"https:\/\/wobronietradycjiiwiary.com\/wp-content\/uploads\/2017\/06\/enhanced-buzz-23785-1458319648-8.jpg","datePublished":"2017-08-08T06:00:43+00:00","dateModified":"2025-02-07T14:52:11+00:00","breadcrumb":{"@id":"https:\/\/wobronietradycjiiwiary.com\/don-pietro-leone-kosciol-i-asmodeusz-2-z-5-nauczanie-katolickie-przed-franciszkiem\/#breadcrumb"},"inLanguage":"pl-PL","potentialAction":[{"@type":"ReadAction","target":["https:\/\/wobronietradycjiiwiary.com\/don-pietro-leone-kosciol-i-asmodeusz-2-z-5-nauczanie-katolickie-przed-franciszkiem\/"]}]},{"@type":"ImageObject","inLanguage":"pl-PL","@id":"https:\/\/wobronietradycjiiwiary.com\/don-pietro-leone-kosciol-i-asmodeusz-2-z-5-nauczanie-katolickie-przed-franciszkiem\/#primaryimage","url":"https:\/\/wobronietradycjiiwiary.com\/wp-content\/uploads\/2017\/06\/enhanced-buzz-23785-1458319648-8.jpg","contentUrl":"https:\/\/wobronietradycjiiwiary.com\/wp-content\/uploads\/2017\/06\/enhanced-buzz-23785-1458319648-8.jpg","width":500,"height":606},{"@type":"BreadcrumbList","@id":"https:\/\/wobronietradycjiiwiary.com\/don-pietro-leone-kosciol-i-asmodeusz-2-z-5-nauczanie-katolickie-przed-franciszkiem\/#breadcrumb","itemListElement":[{"@type":"ListItem","position":1,"name":"Strona g\u0142\u00f3wna","item":"https:\/\/wobronietradycjiiwiary.com\/"},{"@type":"ListItem","position":2,"name":"Don Pietro Leone, Ko\u015bci\u00f3\u0142 i Asmodeusz (3 z 5). Stan \u0142aski przed Komuni\u0105 \u015aw."}]},{"@type":"WebSite","@id":"https:\/\/wobronietradycjiiwiary.com\/pl\/#website","url":"https:\/\/wobronietradycjiiwiary.com\/pl\/","name":"Tradycja i Wiara","description":"Portal dla katolik\u00f3w.","publisher":{"@id":"https:\/\/wobronietradycjiiwiary.com\/pl\/#organization"},"potentialAction":[{"@type":"SearchAction","target":{"@type":"EntryPoint","urlTemplate":"https:\/\/wobronietradycjiiwiary.com\/pl\/?s={search_term_string}"},"query-input":{"@type":"PropertyValueSpecification","valueRequired":true,"valueName":"search_term_string"}}],"inLanguage":"pl-PL"},{"@type":"Organization","@id":"https:\/\/wobronietradycjiiwiary.com\/pl\/#organization","name":"Tradycja i Wiara","url":"https:\/\/wobronietradycjiiwiary.com\/pl\/","logo":{"@type":"ImageObject","inLanguage":"pl-PL","@id":"https:\/\/wobronietradycjiiwiary.com\/pl\/#\/schema\/logo\/image\/","url":"https:\/\/i0.wp.com\/wobronietradycjiiwiary.com\/wp-content\/uploads\/2015\/10\/cropped-st-peters-dome-vatican.jpg?fit=940%2C198&ssl=1","contentUrl":"https:\/\/i0.wp.com\/wobronietradycjiiwiary.com\/wp-content\/uploads\/2015\/10\/cropped-st-peters-dome-vatican.jpg?fit=940%2C198&ssl=1","width":940,"height":198,"caption":"Tradycja i Wiara"},"image":{"@id":"https:\/\/wobronietradycjiiwiary.com\/pl\/#\/schema\/logo\/image\/"},"sameAs":["https:\/\/www.facebook.com\/Tradycja-i-Wiara-108813920592249"]},{"@type":"Person","@id":"https:\/\/wobronietradycjiiwiary.com\/pl\/#\/schema\/person\/2d6180ce6abcb681fef0daab7816e8f3","name":"Traditio et Fides","sameAs":["https:\/\/traditionundglauben.com"],"url":"https:\/\/wobronietradycjiiwiary.com\/pl\/author\/wobronietradycjiiwiary\/"}]}},"jetpack_publicize_connections":[],"jetpack_sharing_enabled":true,"jetpack_likes_enabled":true,"jetpack_shortlink":"https:\/\/wp.me\/pc04Sd-3HO","jetpack-related-posts":[{"id":113577,"url":"https:\/\/wobronietradycjiiwiary.com\/pl\/o-przyjmowaniu-komunii-sw-poza-msza-sw-przed-piusem-x-uwag-kilka-2\/","url_meta":{"origin":14248,"position":0},"title":"O przyjmowaniu komunii \u015bw. poza Msz\u0105 \u015aw. przed Piusem X uwag kilka (2 z 4)","author":"Traditio et Fides","date":"5 marca 2024","format":false,"excerpt":"Cykl o tym, jak wygl\u0105da\u0142a praktyka przyjmowania komunii \u015bw. przed reformami Piusa X z lat 1905-1910.","rel":"","context":"W \u201eDoktryna&quot;","block_context":{"text":"Doktryna","link":"https:\/\/wobronietradycjiiwiary.com\/pl\/category\/doktryna\/"},"img":{"alt_text":"","src":"https:\/\/i0.wp.com\/wobronietradycjiiwiary.com\/wp-content\/uploads\/2024\/02\/French-First-Communion.webp?resize=350%2C200&ssl=1","width":350,"height":200,"srcset":"https:\/\/i0.wp.com\/wobronietradycjiiwiary.com\/wp-content\/uploads\/2024\/02\/French-First-Communion.webp?resize=350%2C200&ssl=1 1x, https:\/\/i0.wp.com\/wobronietradycjiiwiary.com\/wp-content\/uploads\/2024\/02\/French-First-Communion.webp?resize=525%2C300&ssl=1 1.5x"},"classes":[]},{"id":107594,"url":"https:\/\/wobronietradycjiiwiary.com\/pl\/carol-byrne-msza-dialogowana-82-1-z-129-kanon-z-1962-r-wywolal-kryzys-ii\/","url_meta":{"origin":14248,"position":1},"title":"Carol Byrne, &#8220;Msza dialogowana&#8221;. (82.2 z 129). Kanon z 1962 r. wywo\u0142a\u0142 kryzys (ii)","author":"Traditio et Fides","date":"21 listopada 2023","format":false,"excerpt":"O zniesieniu Confiteor przed komuni\u0105.","rel":"","context":"W \u201e2. Stopniowe zmiany liturgii: Kanon, kalendarz, znikaj\u0105ce \u015bwi\u0119ta&quot;","block_context":{"text":"2. Stopniowe zmiany liturgii: Kanon, kalendarz, znikaj\u0105ce \u015bwi\u0119ta","link":"https:\/\/wobronietradycjiiwiary.com\/pl\/category\/doktryna\/teologia-liturgii\/byrne-doktryna\/byrne\/4-jan-xxiii\/2-stopniowe-zmiany-liturgii\/"},"img":{"alt_text":"","src":"https:\/\/i0.wp.com\/wobronietradycjiiwiary.com\/wp-content\/uploads\/2019\/10\/carreno-de-miranda.jpg?resize=350%2C200&ssl=1","width":350,"height":200,"srcset":"https:\/\/i0.wp.com\/wobronietradycjiiwiary.com\/wp-content\/uploads\/2019\/10\/carreno-de-miranda.jpg?resize=350%2C200&ssl=1 1x, https:\/\/i0.wp.com\/wobronietradycjiiwiary.com\/wp-content\/uploads\/2019\/10\/carreno-de-miranda.jpg?resize=525%2C300&ssl=1 1.5x, https:\/\/i0.wp.com\/wobronietradycjiiwiary.com\/wp-content\/uploads\/2019\/10\/carreno-de-miranda.jpg?resize=700%2C400&ssl=1 2x"},"classes":[]},{"id":107096,"url":"https:\/\/wobronietradycjiiwiary.com\/pl\/carol-byrne-msza-dialogowana-82-1-z-129-kanon-z-1962-r-wywolal-kryzys\/","url_meta":{"origin":14248,"position":2},"title":"Carol Byrne, &#8220;Msza dialogowana&#8221;. (82.1 z 129). Kanon z 1962 r. wywo\u0142a\u0142 kryzys (i)","author":"Traditio et Fides","date":"14 listopada 2023","format":false,"excerpt":"O konsekwencji zniesienia niezmienno\u015bci Kanonu.","rel":"","context":"W \u201e2. Stopniowe zmiany liturgii: Kanon, kalendarz, znikaj\u0105ce \u015bwi\u0119ta&quot;","block_context":{"text":"2. Stopniowe zmiany liturgii: Kanon, kalendarz, znikaj\u0105ce \u015bwi\u0119ta","link":"https:\/\/wobronietradycjiiwiary.com\/pl\/category\/doktryna\/teologia-liturgii\/byrne-doktryna\/byrne\/4-jan-xxiii\/2-stopniowe-zmiany-liturgii\/"},"img":{"alt_text":"","src":"https:\/\/i0.wp.com\/wobronietradycjiiwiary.com\/wp-content\/uploads\/2019\/10\/carreno-de-miranda.jpg?resize=350%2C200&ssl=1","width":350,"height":200,"srcset":"https:\/\/i0.wp.com\/wobronietradycjiiwiary.com\/wp-content\/uploads\/2019\/10\/carreno-de-miranda.jpg?resize=350%2C200&ssl=1 1x, https:\/\/i0.wp.com\/wobronietradycjiiwiary.com\/wp-content\/uploads\/2019\/10\/carreno-de-miranda.jpg?resize=525%2C300&ssl=1 1.5x, https:\/\/i0.wp.com\/wobronietradycjiiwiary.com\/wp-content\/uploads\/2019\/10\/carreno-de-miranda.jpg?resize=700%2C400&ssl=1 2x"},"classes":[]},{"id":107900,"url":"https:\/\/wobronietradycjiiwiary.com\/pl\/sw-alfons-liguori-o-czestej-komuniii\/","url_meta":{"origin":14248,"position":3},"title":"\u015aw. Alfons Liguori  o cz\u0119stej komunii \u015bwi\u0119tej","author":"Traditio et Fides","date":"27 listopada 2023","format":false,"excerpt":"Rozwa\u017cania na temat cz\u0119stej komunii \u015bw. w \u015bwietle pism \u015bw. Alfonsa Liguori.","rel":"","context":"W \u201eDoktryna&quot;","block_context":{"text":"Doktryna","link":"https:\/\/wobronietradycjiiwiary.com\/pl\/category\/doktryna\/"},"img":{"alt_text":"","src":"https:\/\/i0.wp.com\/wobronietradycjiiwiary.com\/wp-content\/uploads\/2023\/11\/The-first-communion-Mariano-Barbasan-Lagueruela-Oil-Painting.jpg?resize=350%2C200&ssl=1","width":350,"height":200,"srcset":"https:\/\/i0.wp.com\/wobronietradycjiiwiary.com\/wp-content\/uploads\/2023\/11\/The-first-communion-Mariano-Barbasan-Lagueruela-Oil-Painting.jpg?resize=350%2C200&ssl=1 1x, https:\/\/i0.wp.com\/wobronietradycjiiwiary.com\/wp-content\/uploads\/2023\/11\/The-first-communion-Mariano-Barbasan-Lagueruela-Oil-Painting.jpg?resize=525%2C300&ssl=1 1.5x, https:\/\/i0.wp.com\/wobronietradycjiiwiary.com\/wp-content\/uploads\/2023\/11\/The-first-communion-Mariano-Barbasan-Lagueruela-Oil-Painting.jpg?resize=700%2C400&ssl=1 2x"},"classes":[]},{"id":113578,"url":"https:\/\/wobronietradycjiiwiary.com\/pl\/o-przyjmowaniu-komunii-sw-poza-msza-sw-przed-piusem-x-uwag-kilka-3\/","url_meta":{"origin":14248,"position":4},"title":"O przyjmowaniu komunii \u015bw. poza Msz\u0105 \u015aw. przed Piusem X uwag kilka (3 z 4)","author":"Traditio et Fides","date":"11 marca 2024","format":false,"excerpt":"Cykl o tym, jak wygl\u0105da\u0142a praktyka przyjmowania komunii \u015bw. przed reformami Piusa X z lat 1905-1910.","rel":"","context":"W \u201eDoktryna&quot;","block_context":{"text":"Doktryna","link":"https:\/\/wobronietradycjiiwiary.com\/pl\/category\/doktryna\/"},"img":{"alt_text":"","src":"https:\/\/i0.wp.com\/wobronietradycjiiwiary.com\/wp-content\/uploads\/2024\/02\/French-First-Communion.webp?resize=350%2C200&ssl=1","width":350,"height":200,"srcset":"https:\/\/i0.wp.com\/wobronietradycjiiwiary.com\/wp-content\/uploads\/2024\/02\/French-First-Communion.webp?resize=350%2C200&ssl=1 1x, https:\/\/i0.wp.com\/wobronietradycjiiwiary.com\/wp-content\/uploads\/2024\/02\/French-First-Communion.webp?resize=525%2C300&ssl=1 1.5x"},"classes":[]},{"id":116030,"url":"https:\/\/wobronietradycjiiwiary.com\/pl\/carol-byrne-msza-dialogowana-90-1-z-129-swieto-sw-jana-przy-bramie-lacinskiej-zniesione\/","url_meta":{"origin":14248,"position":5},"title":"Carol Byrne, &#8220;Msza dialogowana&#8221;. (90.1 z 129). \u015awi\u0119to \u015bw. Jana przy Bramie \u0141aci\u0144skiej: zniesione","author":"Traditio et Fides","date":"16 kwietnia 2024","format":false,"excerpt":"Reformy z 1960 r. nie oszcz\u0119dzi\u0142y nawet \u201eumi\u0142owanemu uczniowi\u201d naszego Pana, \u015bw. Janowi Aposto\u0142owi, upokorzenia polegaj\u0105cego na utracie dnia \u015bwi\u0105tecznego w Kalendarzu \u2013 typowe traktowanie stosowane przez Komisj\u0119 Liturgiczn\u0105 papie\u017ca Jana XXIII[1] \u015bwi\u0119tych, kt\u00f3rzy mieli (nie)szcz\u0119\u015bcie mie\u0107 wi\u0119cej ni\u017c jedno \u015bwi\u0119to. \u015awi\u0119to \u015bw. Jana przed Bram\u0105 \u0141aci\u0144sk\u0105 (6 maja) obchodzone\u2026","rel":"","context":"W \u201e2. Stopniowe zmiany liturgii: Kanon, kalendarz, znikaj\u0105ce \u015bwi\u0119ta&quot;","block_context":{"text":"2. Stopniowe zmiany liturgii: Kanon, kalendarz, znikaj\u0105ce \u015bwi\u0119ta","link":"https:\/\/wobronietradycjiiwiary.com\/pl\/category\/doktryna\/teologia-liturgii\/byrne-doktryna\/byrne\/4-jan-xxiii\/2-stopniowe-zmiany-liturgii\/"},"img":{"alt_text":"","src":"https:\/\/i0.wp.com\/wobronietradycjiiwiary.com\/wp-content\/uploads\/2019\/10\/carreno-de-miranda.jpg?resize=350%2C200&ssl=1","width":350,"height":200,"srcset":"https:\/\/i0.wp.com\/wobronietradycjiiwiary.com\/wp-content\/uploads\/2019\/10\/carreno-de-miranda.jpg?resize=350%2C200&ssl=1 1x, https:\/\/i0.wp.com\/wobronietradycjiiwiary.com\/wp-content\/uploads\/2019\/10\/carreno-de-miranda.jpg?resize=525%2C300&ssl=1 1.5x, https:\/\/i0.wp.com\/wobronietradycjiiwiary.com\/wp-content\/uploads\/2019\/10\/carreno-de-miranda.jpg?resize=700%2C400&ssl=1 2x"},"classes":[]}],"amp_enabled":true,"jetpack_featured_media_url":"https:\/\/wobronietradycjiiwiary.com\/wp-content\/uploads\/2017\/06\/enhanced-buzz-23785-1458319648-8.jpg","_links":{"self":[{"href":"https:\/\/wobronietradycjiiwiary.com\/pl\/wp-json\/wp\/v2\/posts\/14248","targetHints":{"allow":["GET"]}}],"collection":[{"href":"https:\/\/wobronietradycjiiwiary.com\/pl\/wp-json\/wp\/v2\/posts"}],"about":[{"href":"https:\/\/wobronietradycjiiwiary.com\/pl\/wp-json\/wp\/v2\/types\/post"}],"author":[{"embeddable":true,"href":"https:\/\/wobronietradycjiiwiary.com\/pl\/wp-json\/wp\/v2\/users\/60508433"}],"replies":[{"embeddable":true,"href":"https:\/\/wobronietradycjiiwiary.com\/pl\/wp-json\/wp\/v2\/comments?post=14248"}],"version-history":[{"count":0,"href":"https:\/\/wobronietradycjiiwiary.com\/pl\/wp-json\/wp\/v2\/posts\/14248\/revisions"}],"wp:featuredmedia":[{"embeddable":true,"href":"https:\/\/wobronietradycjiiwiary.com\/pl\/wp-json\/wp\/v2\/media\/13908"}],"wp:attachment":[{"href":"https:\/\/wobronietradycjiiwiary.com\/pl\/wp-json\/wp\/v2\/media?parent=14248"}],"wp:term":[{"taxonomy":"category","embeddable":true,"href":"https:\/\/wobronietradycjiiwiary.com\/pl\/wp-json\/wp\/v2\/categories?post=14248"},{"taxonomy":"post_tag","embeddable":true,"href":"https:\/\/wobronietradycjiiwiary.com\/pl\/wp-json\/wp\/v2\/tags?post=14248"}],"curies":[{"name":"wp","href":"https:\/\/api.w.org\/{rel}","templated":true}]}}