{"id":140793,"date":"2025-05-21T08:20:03","date_gmt":"2025-05-21T06:20:03","guid":{"rendered":"https:\/\/wobronietradycjiiwiary.com\/?p=140793"},"modified":"2025-05-01T17:44:44","modified_gmt":"2025-05-01T15:44:44","slug":"rozmyslania-na-kazdy-dzien-maja-dzien-21-2-2-2","status":"publish","type":"post","link":"https:\/\/wobronietradycjiiwiary.com\/pl\/rozmyslania-na-kazdy-dzien-maja-dzien-21-2-2-2\/","title":{"rendered":"Rozmy\u015blania na ka\u017cdy dzie\u0144 maja \u2013 DZIE\u0143 21"},"content":{"rendered":"<div id=\"bsf_rt_marker\"><\/div><hr \/>\n<p><img fetchpriority=\"high\" decoding=\"async\" class=\" size-full wp-image-17449 aligncenter\" src=\"https:\/\/wobronietradycjiiwiary.com\/wp-content\/uploads\/2018\/04\/madonna-and-child-401x500.jpg\" alt=\"Madonna-and-Child-401x500\" width=\"401\" height=\"500\" \/><\/p>\n<h1 style=\"text-align:center;\">&#8220;Moc w cierpieniu&#8221;<\/h1>\n<p style=\"text-align:justify;\">I. Gdy Naj\u015bwi\u0119tsza Panna po rozstaniu si\u0119 z Panem Jezusem, uwiadomion\u0105 zosta\u0142a o Jego pojmaniu, uda\u0142a si\u0119 natychmiast do Jerozolimy. Widok, jaki j\u0105 tam przywita\u0142, by\u0142 dla Jej serca ci\u0119\u017ck\u0105 bole\u015bci\u0105. Znalaz\u0142a ca\u0142e miasto wzburzone przeciw Chrystusowi Panu. Faryzeusze i skryby wm\u00f3wili w lud, \u017ce Jezus jest winowajc\u0105 i burzycielem, i \u017ce zas\u0142u\u017cy\u0142 na \u015bmier\u0107. W rozmy\u015blaniach \u015bwi\u0119tego Bonawentury czytamy przera\u017caj\u0105cy obraz tej pielgrzymki Maryi po ulicach Jerozolimy. W tych ulicach i na placach publicznych uderza\u0142y o Jej uszy krzyki oburzenia i nienawi\u015bci, zwr\u00f3cone przeciw Temu, kt\u00f3rego dobro\u0107 Jej serce zna\u0142o, kt\u00f3rego Jej r\u0119ce wypiastowa\u0142y i dla kt\u00f3rego gotowa by\u0142a na ka\u017cd\u0105 chwil\u0119 dusz\u0119 swoj\u0105 odda\u0107 w ofierze.<\/p>\n<p style=\"text-align:justify;\">Nie ma podobno bole\u015bniejszego uczucia, jak widzie\u0107 nienawi\u015b\u0107 zn\u0119caj\u0105c\u0105 si\u0119 nad tym, co\u015bmy ukochali, co czcimy, co by\u015bmy chcieli widzie\u0107 szanowanym i kochanym, jako czci i mi\u0142o\u015bci najgodniejsze. Najlepsza cz\u0105stka serca naszego podnosi si\u0119, oburza si\u0119; \u2013 mo\u017cna by prawie znienawidzie\u0107 nienawidz\u0105cych. Ludzkim sposobem nad tym uczuciem niepodobna zapanowa\u0107. Miecz przepowiedziany przez Symeona, zapuszcza\u0142 ju\u017c ostrze swoje w dusz\u0119 Maryi i zacz\u0119\u0142o si\u0119 to, co \u015bwi\u0119ci Pisarze nazywaj\u0105 cichym Jej m\u0119cze\u0144stwem.<\/p>\n<p style=\"text-align:justify;\">Gdzie\u017c Maryja czerpa\u0142a moc w tej niewypowiedzianej bole\u015bci? Mo\u017ce J\u0105 otoczy\u0142o k\u00f3\u0142ko wiernych, przyrzekaj\u0105cych broni\u0107 Jezusa przed rozjuszon\u0105 t\u0142uszcz\u0105? Mo\u017ce si\u0119 znalaz\u0142 cho\u0107 jeden, co by da\u0142 \u015bwiadectwo Jego niewinno\u015bci i przypomnia\u0142 oszala\u0142emu ludowi, \u017ce to ten sam Jezus, co ich leczy\u0142, obsypywa\u0142 dobrodziejstwy, naucza\u0142 i nawraca\u0142? Nikogo nie mia\u0142a zn\u0119kana, z\u0142amana wewn\u0105trz niewiasta; sz\u0142a sama przez to zbuntowane miasto i nie widzia\u0142a ratunku dla Niego i dla siebie, jak ziemia szeroka.<\/p>\n<p style=\"text-align:justify;\">Nie upada\u0142a jednak; \u2013 Pisarze \u015bwi\u0119ci nie opisuj\u0105 Jej j\u0119k\u00f3w, zawodze\u0144, r\u0105k za\u0142amywania. \u2013 Wewn\u0105trz by\u0142 b\u00f3l bez miary, \u2013 na zewn\u0105trz spok\u00f3j i moc. Si\u0142a \u0142aski z Boga wzi\u0119ta; cierpliwo\u015b\u0107, wszelkiego cierpienia lekarstwo, przystanie woli na wol\u0119 Bo\u017c\u0105, niepoj\u0119t\u0105 i ci\u0119\u017ck\u0105 nad wszelki wyraz.<\/p>\n<p style=\"text-align:justify;\">Po ludzku trudno to poj\u0105\u0107 \u2013 i nie \u0142atwo to sprawdzi\u0107; a jednak przyk\u0142ad Maryi jak gwiazda przy\u015bwieca\u0107 b\u0119dzie do ko\u0144ca wiek\u00f3w ka\u017cdej zbola\u0142ej duszy.<\/p>\n<p style=\"text-align:justify;\">II. Co jest powodem, \u017ce ka\u017cdy b\u00f3l jest nam tak trudny do zniesienia? Nic innego, tylko postanowienie nasze, powzi\u0119te naprz\u00f3d: nie b\u0119d\u0119 cierpia\u0142! <em>Non serviam!<\/em> Nie b\u0119d\u0119 s\u0142u\u017cy\u0142, powiedzia\u0142 zbuntowany anio\u0142 i sta\u0142 si\u0119 szatanem; nie b\u0119d\u0119 cierpia\u0142, m\u00f3wi cz\u0142owiek \u2013 i cierpie\u0107 zmuszony, staje si\u0119 mizernym niewolnikiem.<\/p>\n<p style=\"text-align:justify;\">Odk\u0105d grzech pierworodny zaszczepi\u0142 w nas win\u0119 dziedziczn\u0105, wytworzy\u0142 on w nas tak\u017ce w\u0142adz\u0119 cierpienia. Ska\u017cona natura, maj\u0105ca w sobie sk\u0142onno\u015b\u0107 do z\u0142ego, w tym tylko wraca do r\u00f3wnowagi, \u017ce ma mo\u017cno\u015b\u0107 pokuty; \u2013 nios\u0105c w sobie trucizn\u0119, ma zarazem lekarstwo pod r\u0119k\u0105, \u2013 ma mo\u017cno\u015b\u0107 obmycia si\u0119, dorobienia si\u0119 na nowo stanu czysto\u015bci. Tak uwa\u017cane cierpienie, nie powinno by\u0107 dla nas gromem, ale logicznym nast\u0119pstwem; nie powinno nas oburza\u0107, ale nas o nas samych o\u015bwieca\u0107 i ku odwiecznym prawdom umys\u0142 nasz podnosi\u0107.<\/p>\n<p style=\"text-align:justify;\">Niecierpliwo\u015b\u0107 nasza wynajduje sobie natomiast wielk\u0105 ilo\u015b\u0107 szpilek tam, gdzie ich wcale nie ma, a znowu z szpilek tworzy od razu miecze. Pe\u0142na jest pomys\u0142\u00f3w w zapobieganiu, aby z og\u00f3lnej ludzkiej n\u0119dzy nic na ni\u0105 nie spad\u0142o, \u2013 wysila si\u0119 w przemy\u015ble gromochron\u00f3w i parawanik\u00f3w, poza kt\u00f3rymi mog\u0142aby sobie drzema\u0107. Na nic to wszystko! Uciekniesz przed skorpionem, a komar tak ci dokuczy, \u017ce ca\u0142\u0105 noc oka nie zmru\u017cysz. Nie zewn\u0105trz jest wr\u00f3g, ale w tobie; w tobie jest ta muzyka co ci spa\u0107 nie daje, co ci\u0119 w ci\u0105g\u0142ej trzyma gor\u0105czce. Moc\u0105 w cierpieniu jest cierpliwo\u015b\u0107; jest to male\u0144kie bohaterstwo ka\u017cdochwilowe, gotowe na wszelk\u0105 nowo\u015b\u0107 niemi\u0142\u0105, na wszelki zaw\u00f3d, na ka\u017cd\u0105 przeszkod\u0119, nies\u0142uszno\u015b\u0107, niepowodzenie. Wie, \u017ce ziemia ziemi\u0105 i cz\u0142owiek cz\u0142owiekiem; wie, jak cz\u0119sto sam drugim by\u0142 przeszkod\u0105, przez niedo\u0142\u0119stwo swoje i bierze od drugich, niewi\u0119kszych jak on sam idea\u0142\u00f3w, t\u0119 zdawkow\u0105 monet\u0119 codziennej n\u0119dzy cz\u0142owieka. \u2013 To na poz\u00f3r nic, a w gruncie, w \u015bwietle wiary, wielka chrze\u015bcija\u0144ska filozofia i tajemnica jedynego, mo\u017cliwego szcz\u0119\u015bcia na ziemi.<\/p>\n<p style=\"text-align:justify;\"><strong><em>Westchnienie<\/em>.<\/strong> Maryjo cierpi\u0105ca, Maryjo cierpliwa, we\u017a nas przez lito\u015b\u0107 w Twoj\u0105 opiek\u0119, aby\u015bmy zrozumieli \u017cycie, znali si\u0119 by\u0107 wygna\u0144cami, synami Ewy, ale szcz\u0119\u015bliwymi tak\u017ce dzie\u0107mi Twoimi.<\/p>\n<p style=\"text-align:justify;\"><strong><em>Praktyka:<\/em><\/strong> Z rana postanowi\u0119 sobie przyj\u0105\u0107 jak chleb powszedni, cho\u0107 jedn\u0105 niespodziewan\u0105 przykro\u015b\u0107.<\/p>\n<p>\u2013\u2013\u2013\u2013\u2013\u2013\u2013\u2013\u2013\u2013\u2013<\/p>\n<p style=\"text-align:justify;\"><em>Rozmy\u015blania na ka\u017cdy dzie\u0144 maja<\/em>. Zapiski z konferencyj majowych ks. Zygmunta Goliana. Dodano najwyborniejsze modlitwy i pie\u015bni do Matki Naj\u015bwi\u0119tszej. Krak\u00f3w 1931. Wydawnictwo Ksi\u0119\u017cy Jezuit\u00f3w, ss. 116-122.<\/p>\n","protected":false},"excerpt":{"rendered":"<p>&#8220;Moc w cierpieniu&#8221; I. Gdy Naj\u015bwi\u0119tsza Panna po rozstaniu si\u0119 z Panem Jezusem, uwiadomion\u0105 zosta\u0142a o Jego pojmaniu, uda\u0142a si\u0119 natychmiast do Jerozolimy. Widok, jaki j\u0105 tam przywita\u0142, by\u0142 dla Jej serca ci\u0119\u017ck\u0105 bole\u015bci\u0105. Znalaz\u0142a ca\u0142e miasto wzburzone przeciw Chrystusowi Panu. Faryzeusze i skryby wm\u00f3wili w lud, \u017ce Jezus jest winowajc\u0105 i burzycielem, i \u017ce [&hellip;]<\/p>\n","protected":false},"author":119394841,"featured_media":116637,"comment_status":"open","ping_status":"open","sticky":false,"template":"","format":"standard","meta":{"_bbp_topic_count":0,"_bbp_reply_count":0,"_bbp_total_topic_count":0,"_bbp_total_reply_count":0,"_bbp_voice_count":0,"_bbp_anonymous_reply_count":0,"_bbp_topic_count_hidden":0,"_bbp_reply_count_hidden":0,"_bbp_forum_subforum_count":0,"_editorskit_title_hidden":false,"_editorskit_reading_time":0,"_editorskit_is_block_options_detached":false,"_editorskit_block_options_position":"{}","_coblocks_attr":"","_coblocks_dimensions":"","_coblocks_responsive_height":"","_coblocks_accordion_ie_support":"","_exactmetrics_skip_tracking":false,"_jetpack_newsletter_access":"","_jetpack_dont_email_post_to_subs":false,"_jetpack_newsletter_tier_id":0,"_jetpack_memberships_contains_paywalled_content":false,"_wpcom_ai_launchpad_first_post":false,"_jetpack_feature_clip_id":0,"_jetpack_memberships_contains_paid_content":false,"footnotes":"","jetpack_publicize_message":"{title}\n\n{excerpt}\n\n{url}","jetpack_publicize_feature_enabled":true,"jetpack_social_post_already_shared":true,"jetpack_social_options":{"image_generator_settings":{"template":"highway","default_image_id":0,"font":"","enabled":false},"version":2},"_wpas_customize_per_network":false,"jetpack_post_was_ever_published":false},"categories":[610131184,336375535,610131268,610131155,610131047],"tags":[],"class_list":["post-140793","post","type-post","status-publish","format-standard","has-post-thumbnail","hentry","category-duchowosc","category-liturgia-i-liturgika","category-rok-liturgiczny","category-rozwazania","category-rozwazania-majowe"],"yoast_head":"<!-- This site is optimized with the Yoast SEO plugin v28.4 - https:\/\/yoast.com\/product\/yoast-seo-wordpress\/ -->\n<title>Rozmy\u015blania na ka\u017cdy dzie\u0144 maja \u2013 DZIE\u0143 21 - Tradycja i Wiara<\/title>\n<meta name=\"robots\" content=\"index, follow, max-snippet:-1, max-image-preview:large, max-video-preview:-1\" \/>\n<link rel=\"canonical\" href=\"https:\/\/wobronietradycjiiwiary.com\/pl\/rozmyslania-na-kazdy-dzien-maja-dzien-21-2-2-2\/\" \/>\n<meta property=\"og:locale\" content=\"pl_PL\" \/>\n<meta property=\"og:type\" content=\"article\" \/>\n<meta property=\"og:title\" content=\"Rozmy\u015blania na ka\u017cdy dzie\u0144 maja \u2013 DZIE\u0143 21 - Tradycja i Wiara\" \/>\n<meta property=\"og:description\" content=\"&#8220;Moc w cierpieniu&#8221; I. Gdy Naj\u015bwi\u0119tsza Panna po rozstaniu si\u0119 z Panem Jezusem, uwiadomion\u0105 zosta\u0142a o Jego pojmaniu, uda\u0142a si\u0119 natychmiast do Jerozolimy. Widok, jaki j\u0105 tam przywita\u0142, by\u0142 dla Jej serca ci\u0119\u017ck\u0105 bole\u015bci\u0105. Znalaz\u0142a ca\u0142e miasto wzburzone przeciw Chrystusowi Panu. Faryzeusze i skryby wm\u00f3wili w lud, \u017ce Jezus jest winowajc\u0105 i burzycielem, i \u017ce [&hellip;]\" \/>\n<meta property=\"og:url\" content=\"https:\/\/wobronietradycjiiwiary.com\/pl\/rozmyslania-na-kazdy-dzien-maja-dzien-21-2-2-2\/\" \/>\n<meta property=\"og:site_name\" content=\"Tradycja i Wiara\" \/>\n<meta property=\"article:publisher\" content=\"https:\/\/www.facebook.com\/Tradycja-i-Wiara-108813920592249\" \/>\n<meta property=\"article:published_time\" content=\"2025-05-21T06:20:03+00:00\" \/>\n<meta property=\"og:image\" content=\"https:\/\/wobronietradycjiiwiary.com\/wp-content\/uploads\/2024\/05\/Madonna-and-Child-401x500-1.jpg\" \/>\n\t<meta property=\"og:image:width\" content=\"401\" \/>\n\t<meta property=\"og:image:height\" content=\"500\" \/>\n\t<meta property=\"og:image:type\" content=\"image\/jpeg\" \/>\n<meta name=\"author\" content=\"mariuszjerzy\" \/>\n<meta name=\"twitter:card\" content=\"summary_large_image\" \/>\n<meta name=\"twitter:label1\" content=\"Napisane przez\" \/>\n\t<meta name=\"twitter:data1\" content=\"mariuszjerzy\" \/>\n\t<meta name=\"twitter:label2\" content=\"Szacowany czas czytania\" \/>\n\t<meta name=\"twitter:data2\" content=\"4 minuty\" \/>\n<script type=\"application\/ld+json\" class=\"yoast-schema-graph\">{\"@context\":\"https:\\\/\\\/schema.org\",\"@graph\":[{\"@type\":\"Article\",\"@id\":\"https:\\\/\\\/wobronietradycjiiwiary.com\\\/rozmyslania-na-kazdy-dzien-maja-dzien-21-2-2-2\\\/#article\",\"isPartOf\":{\"@id\":\"https:\\\/\\\/wobronietradycjiiwiary.com\\\/rozmyslania-na-kazdy-dzien-maja-dzien-21-2-2-2\\\/\"},\"author\":{\"name\":\"mariuszjerzy\",\"@id\":\"https:\\\/\\\/wobronietradycjiiwiary.com\\\/pl\\\/#\\\/schema\\\/person\\\/595d3fb6f55eae9326175d092b63d851\"},\"headline\":\"Rozmy\u015blania na ka\u017cdy dzie\u0144 maja \u2013 DZIE\u0143 21\",\"datePublished\":\"2025-05-21T06:20:03+00:00\",\"mainEntityOfPage\":{\"@id\":\"https:\\\/\\\/wobronietradycjiiwiary.com\\\/rozmyslania-na-kazdy-dzien-maja-dzien-21-2-2-2\\\/\"},\"wordCount\":837,\"commentCount\":0,\"publisher\":{\"@id\":\"https:\\\/\\\/wobronietradycjiiwiary.com\\\/pl\\\/#organization\"},\"image\":{\"@id\":\"https:\\\/\\\/wobronietradycjiiwiary.com\\\/rozmyslania-na-kazdy-dzien-maja-dzien-21-2-2-2\\\/#primaryimage\"},\"thumbnailUrl\":\"https:\\\/\\\/wobronietradycjiiwiary.com\\\/wp-content\\\/uploads\\\/2024\\\/05\\\/Madonna-and-Child-401x500-1.jpg\",\"articleSection\":[\"Duchowo\u015b\u0107\",\"Liturgia i liturgika\",\"Rok liturgiczny\",\"Rozwa\u017cania liturgiczne\",\"Rozwa\u017cania majowe\"],\"inLanguage\":\"pl-PL\",\"potentialAction\":[{\"@type\":\"CommentAction\",\"name\":\"Comment\",\"target\":[\"https:\\\/\\\/wobronietradycjiiwiary.com\\\/rozmyslania-na-kazdy-dzien-maja-dzien-21-2-2-2\\\/#respond\"]}]},{\"@type\":\"WebPage\",\"@id\":\"https:\\\/\\\/wobronietradycjiiwiary.com\\\/rozmyslania-na-kazdy-dzien-maja-dzien-21-2-2-2\\\/\",\"url\":\"https:\\\/\\\/wobronietradycjiiwiary.com\\\/rozmyslania-na-kazdy-dzien-maja-dzien-21-2-2-2\\\/\",\"name\":\"Rozmy\u015blania na ka\u017cdy dzie\u0144 maja \u2013 DZIE\u0143 21 - Tradycja i Wiara\",\"isPartOf\":{\"@id\":\"https:\\\/\\\/wobronietradycjiiwiary.com\\\/pl\\\/#website\"},\"primaryImageOfPage\":{\"@id\":\"https:\\\/\\\/wobronietradycjiiwiary.com\\\/rozmyslania-na-kazdy-dzien-maja-dzien-21-2-2-2\\\/#primaryimage\"},\"image\":{\"@id\":\"https:\\\/\\\/wobronietradycjiiwiary.com\\\/rozmyslania-na-kazdy-dzien-maja-dzien-21-2-2-2\\\/#primaryimage\"},\"thumbnailUrl\":\"https:\\\/\\\/wobronietradycjiiwiary.com\\\/wp-content\\\/uploads\\\/2024\\\/05\\\/Madonna-and-Child-401x500-1.jpg\",\"datePublished\":\"2025-05-21T06:20:03+00:00\",\"breadcrumb\":{\"@id\":\"https:\\\/\\\/wobronietradycjiiwiary.com\\\/rozmyslania-na-kazdy-dzien-maja-dzien-21-2-2-2\\\/#breadcrumb\"},\"inLanguage\":\"pl-PL\",\"potentialAction\":[{\"@type\":\"ReadAction\",\"target\":[\"https:\\\/\\\/wobronietradycjiiwiary.com\\\/rozmyslania-na-kazdy-dzien-maja-dzien-21-2-2-2\\\/\"]}]},{\"@type\":\"ImageObject\",\"inLanguage\":\"pl-PL\",\"@id\":\"https:\\\/\\\/wobronietradycjiiwiary.com\\\/rozmyslania-na-kazdy-dzien-maja-dzien-21-2-2-2\\\/#primaryimage\",\"url\":\"https:\\\/\\\/wobronietradycjiiwiary.com\\\/wp-content\\\/uploads\\\/2024\\\/05\\\/Madonna-and-Child-401x500-1.jpg\",\"contentUrl\":\"https:\\\/\\\/wobronietradycjiiwiary.com\\\/wp-content\\\/uploads\\\/2024\\\/05\\\/Madonna-and-Child-401x500-1.jpg\",\"width\":401,\"height\":500},{\"@type\":\"BreadcrumbList\",\"@id\":\"https:\\\/\\\/wobronietradycjiiwiary.com\\\/rozmyslania-na-kazdy-dzien-maja-dzien-21-2-2-2\\\/#breadcrumb\",\"itemListElement\":[{\"@type\":\"ListItem\",\"position\":1,\"name\":\"Strona g\u0142\u00f3wna\",\"item\":\"https:\\\/\\\/wobronietradycjiiwiary.com\\\/\"},{\"@type\":\"ListItem\",\"position\":2,\"name\":\"Rozmy\u015blania na ka\u017cdy dzie\u0144 maja \u2013 DZIE\u0143 21\"}]},{\"@type\":\"WebSite\",\"@id\":\"https:\\\/\\\/wobronietradycjiiwiary.com\\\/pl\\\/#website\",\"url\":\"https:\\\/\\\/wobronietradycjiiwiary.com\\\/pl\\\/\",\"name\":\"Tradycja i Wiara\",\"description\":\"Portal dla katolik\u00f3w.\",\"publisher\":{\"@id\":\"https:\\\/\\\/wobronietradycjiiwiary.com\\\/pl\\\/#organization\"},\"potentialAction\":[{\"@type\":\"SearchAction\",\"target\":{\"@type\":\"EntryPoint\",\"urlTemplate\":\"https:\\\/\\\/wobronietradycjiiwiary.com\\\/pl\\\/?s={search_term_string}\"},\"query-input\":{\"@type\":\"PropertyValueSpecification\",\"valueRequired\":true,\"valueName\":\"search_term_string\"}}],\"inLanguage\":\"pl-PL\"},{\"@type\":\"Organization\",\"@id\":\"https:\\\/\\\/wobronietradycjiiwiary.com\\\/pl\\\/#organization\",\"name\":\"Tradycja i Wiara\",\"url\":\"https:\\\/\\\/wobronietradycjiiwiary.com\\\/pl\\\/\",\"logo\":{\"@type\":\"ImageObject\",\"inLanguage\":\"pl-PL\",\"@id\":\"https:\\\/\\\/wobronietradycjiiwiary.com\\\/pl\\\/#\\\/schema\\\/logo\\\/image\\\/\",\"url\":\"https:\\\/\\\/i0.wp.com\\\/wobronietradycjiiwiary.com\\\/wp-content\\\/uploads\\\/2015\\\/10\\\/cropped-st-peters-dome-vatican.jpg?fit=940%2C198&ssl=1\",\"contentUrl\":\"https:\\\/\\\/i0.wp.com\\\/wobronietradycjiiwiary.com\\\/wp-content\\\/uploads\\\/2015\\\/10\\\/cropped-st-peters-dome-vatican.jpg?fit=940%2C198&ssl=1\",\"width\":940,\"height\":198,\"caption\":\"Tradycja i Wiara\"},\"image\":{\"@id\":\"https:\\\/\\\/wobronietradycjiiwiary.com\\\/pl\\\/#\\\/schema\\\/logo\\\/image\\\/\"},\"sameAs\":[\"https:\\\/\\\/www.facebook.com\\\/Tradycja-i-Wiara-108813920592249\"]},{\"@type\":\"Person\",\"@id\":\"https:\\\/\\\/wobronietradycjiiwiary.com\\\/pl\\\/#\\\/schema\\\/person\\\/595d3fb6f55eae9326175d092b63d851\",\"name\":\"mariuszjerzy\",\"url\":\"https:\\\/\\\/wobronietradycjiiwiary.com\\\/pl\\\/author\\\/mariuszjerzy\\\/\"}]}<\/script>\n<!-- \/ Yoast SEO plugin. -->","yoast_head_json":{"title":"Rozmy\u015blania na ka\u017cdy dzie\u0144 maja \u2013 DZIE\u0143 21 - Tradycja i Wiara","robots":{"index":"index","follow":"follow","max-snippet":"max-snippet:-1","max-image-preview":"max-image-preview:large","max-video-preview":"max-video-preview:-1"},"canonical":"https:\/\/wobronietradycjiiwiary.com\/pl\/rozmyslania-na-kazdy-dzien-maja-dzien-21-2-2-2\/","og_locale":"pl_PL","og_type":"article","og_title":"Rozmy\u015blania na ka\u017cdy dzie\u0144 maja \u2013 DZIE\u0143 21 - Tradycja i Wiara","og_description":"&#8220;Moc w cierpieniu&#8221; I. Gdy Naj\u015bwi\u0119tsza Panna po rozstaniu si\u0119 z Panem Jezusem, uwiadomion\u0105 zosta\u0142a o Jego pojmaniu, uda\u0142a si\u0119 natychmiast do Jerozolimy. Widok, jaki j\u0105 tam przywita\u0142, by\u0142 dla Jej serca ci\u0119\u017ck\u0105 bole\u015bci\u0105. Znalaz\u0142a ca\u0142e miasto wzburzone przeciw Chrystusowi Panu. Faryzeusze i skryby wm\u00f3wili w lud, \u017ce Jezus jest winowajc\u0105 i burzycielem, i \u017ce [&hellip;]","og_url":"https:\/\/wobronietradycjiiwiary.com\/pl\/rozmyslania-na-kazdy-dzien-maja-dzien-21-2-2-2\/","og_site_name":"Tradycja i Wiara","article_publisher":"https:\/\/www.facebook.com\/Tradycja-i-Wiara-108813920592249","article_published_time":"2025-05-21T06:20:03+00:00","og_image":[{"width":401,"height":500,"url":"https:\/\/wobronietradycjiiwiary.com\/wp-content\/uploads\/2024\/05\/Madonna-and-Child-401x500-1.jpg","type":"image\/jpeg"}],"author":"mariuszjerzy","twitter_card":"summary_large_image","twitter_misc":{"Napisane przez":"mariuszjerzy","Szacowany czas czytania":"4 minuty"},"schema":{"@context":"https:\/\/schema.org","@graph":[{"@type":"Article","@id":"https:\/\/wobronietradycjiiwiary.com\/rozmyslania-na-kazdy-dzien-maja-dzien-21-2-2-2\/#article","isPartOf":{"@id":"https:\/\/wobronietradycjiiwiary.com\/rozmyslania-na-kazdy-dzien-maja-dzien-21-2-2-2\/"},"author":{"name":"mariuszjerzy","@id":"https:\/\/wobronietradycjiiwiary.com\/pl\/#\/schema\/person\/595d3fb6f55eae9326175d092b63d851"},"headline":"Rozmy\u015blania na ka\u017cdy dzie\u0144 maja \u2013 DZIE\u0143 21","datePublished":"2025-05-21T06:20:03+00:00","mainEntityOfPage":{"@id":"https:\/\/wobronietradycjiiwiary.com\/rozmyslania-na-kazdy-dzien-maja-dzien-21-2-2-2\/"},"wordCount":837,"commentCount":0,"publisher":{"@id":"https:\/\/wobronietradycjiiwiary.com\/pl\/#organization"},"image":{"@id":"https:\/\/wobronietradycjiiwiary.com\/rozmyslania-na-kazdy-dzien-maja-dzien-21-2-2-2\/#primaryimage"},"thumbnailUrl":"https:\/\/wobronietradycjiiwiary.com\/wp-content\/uploads\/2024\/05\/Madonna-and-Child-401x500-1.jpg","articleSection":["Duchowo\u015b\u0107","Liturgia i liturgika","Rok liturgiczny","Rozwa\u017cania liturgiczne","Rozwa\u017cania majowe"],"inLanguage":"pl-PL","potentialAction":[{"@type":"CommentAction","name":"Comment","target":["https:\/\/wobronietradycjiiwiary.com\/rozmyslania-na-kazdy-dzien-maja-dzien-21-2-2-2\/#respond"]}]},{"@type":"WebPage","@id":"https:\/\/wobronietradycjiiwiary.com\/rozmyslania-na-kazdy-dzien-maja-dzien-21-2-2-2\/","url":"https:\/\/wobronietradycjiiwiary.com\/rozmyslania-na-kazdy-dzien-maja-dzien-21-2-2-2\/","name":"Rozmy\u015blania na ka\u017cdy dzie\u0144 maja \u2013 DZIE\u0143 21 - Tradycja i Wiara","isPartOf":{"@id":"https:\/\/wobronietradycjiiwiary.com\/pl\/#website"},"primaryImageOfPage":{"@id":"https:\/\/wobronietradycjiiwiary.com\/rozmyslania-na-kazdy-dzien-maja-dzien-21-2-2-2\/#primaryimage"},"image":{"@id":"https:\/\/wobronietradycjiiwiary.com\/rozmyslania-na-kazdy-dzien-maja-dzien-21-2-2-2\/#primaryimage"},"thumbnailUrl":"https:\/\/wobronietradycjiiwiary.com\/wp-content\/uploads\/2024\/05\/Madonna-and-Child-401x500-1.jpg","datePublished":"2025-05-21T06:20:03+00:00","breadcrumb":{"@id":"https:\/\/wobronietradycjiiwiary.com\/rozmyslania-na-kazdy-dzien-maja-dzien-21-2-2-2\/#breadcrumb"},"inLanguage":"pl-PL","potentialAction":[{"@type":"ReadAction","target":["https:\/\/wobronietradycjiiwiary.com\/rozmyslania-na-kazdy-dzien-maja-dzien-21-2-2-2\/"]}]},{"@type":"ImageObject","inLanguage":"pl-PL","@id":"https:\/\/wobronietradycjiiwiary.com\/rozmyslania-na-kazdy-dzien-maja-dzien-21-2-2-2\/#primaryimage","url":"https:\/\/wobronietradycjiiwiary.com\/wp-content\/uploads\/2024\/05\/Madonna-and-Child-401x500-1.jpg","contentUrl":"https:\/\/wobronietradycjiiwiary.com\/wp-content\/uploads\/2024\/05\/Madonna-and-Child-401x500-1.jpg","width":401,"height":500},{"@type":"BreadcrumbList","@id":"https:\/\/wobronietradycjiiwiary.com\/rozmyslania-na-kazdy-dzien-maja-dzien-21-2-2-2\/#breadcrumb","itemListElement":[{"@type":"ListItem","position":1,"name":"Strona g\u0142\u00f3wna","item":"https:\/\/wobronietradycjiiwiary.com\/"},{"@type":"ListItem","position":2,"name":"Rozmy\u015blania na ka\u017cdy dzie\u0144 maja \u2013 DZIE\u0143 21"}]},{"@type":"WebSite","@id":"https:\/\/wobronietradycjiiwiary.com\/pl\/#website","url":"https:\/\/wobronietradycjiiwiary.com\/pl\/","name":"Tradycja i Wiara","description":"Portal dla katolik\u00f3w.","publisher":{"@id":"https:\/\/wobronietradycjiiwiary.com\/pl\/#organization"},"potentialAction":[{"@type":"SearchAction","target":{"@type":"EntryPoint","urlTemplate":"https:\/\/wobronietradycjiiwiary.com\/pl\/?s={search_term_string}"},"query-input":{"@type":"PropertyValueSpecification","valueRequired":true,"valueName":"search_term_string"}}],"inLanguage":"pl-PL"},{"@type":"Organization","@id":"https:\/\/wobronietradycjiiwiary.com\/pl\/#organization","name":"Tradycja i Wiara","url":"https:\/\/wobronietradycjiiwiary.com\/pl\/","logo":{"@type":"ImageObject","inLanguage":"pl-PL","@id":"https:\/\/wobronietradycjiiwiary.com\/pl\/#\/schema\/logo\/image\/","url":"https:\/\/i0.wp.com\/wobronietradycjiiwiary.com\/wp-content\/uploads\/2015\/10\/cropped-st-peters-dome-vatican.jpg?fit=940%2C198&ssl=1","contentUrl":"https:\/\/i0.wp.com\/wobronietradycjiiwiary.com\/wp-content\/uploads\/2015\/10\/cropped-st-peters-dome-vatican.jpg?fit=940%2C198&ssl=1","width":940,"height":198,"caption":"Tradycja i Wiara"},"image":{"@id":"https:\/\/wobronietradycjiiwiary.com\/pl\/#\/schema\/logo\/image\/"},"sameAs":["https:\/\/www.facebook.com\/Tradycja-i-Wiara-108813920592249"]},{"@type":"Person","@id":"https:\/\/wobronietradycjiiwiary.com\/pl\/#\/schema\/person\/595d3fb6f55eae9326175d092b63d851","name":"mariuszjerzy","url":"https:\/\/wobronietradycjiiwiary.com\/pl\/author\/mariuszjerzy\/"}]}},"jetpack_publicize_connections":[],"jetpack_sharing_enabled":true,"jetpack_likes_enabled":true,"jetpack_shortlink":"https:\/\/wp.me\/pc04Sd-ACR","jetpack-related-posts":[{"id":116512,"url":"https:\/\/wobronietradycjiiwiary.com\/pl\/rozmyslania-na-kazdy-dzien-maja-dzien-21-2-2\/","url_meta":{"origin":140793,"position":0},"title":"Rozmy\u015blania na ka\u017cdy dzie\u0144 maja \u2013 DZIE\u0143 21","author":"mariuszjerzy","date":"21 maja 2024","format":false,"excerpt":"\"Moc w cierpieniu\" I. Gdy Naj\u015bwi\u0119tsza Panna po rozstaniu si\u0119 z Panem Jezusem, uwiadomion\u0105 zosta\u0142a o Jego pojmaniu, uda\u0142a si\u0119 natychmiast do Jerozolimy. Widok, jaki j\u0105 tam przywita\u0142, by\u0142 dla Jej serca ci\u0119\u017ck\u0105 bole\u015bci\u0105. Znalaz\u0142a ca\u0142e miasto wzburzone przeciw Chrystusowi Panu. Faryzeusze i skryby wm\u00f3wili w lud, \u017ce Jezus jest\u2026","rel":"","context":"W \u201eDuchowo\u015b\u0107&quot;","block_context":{"text":"Duchowo\u015b\u0107","link":"https:\/\/wobronietradycjiiwiary.com\/pl\/category\/duchowosc\/"},"img":{"alt_text":"","src":"https:\/\/i0.wp.com\/wobronietradycjiiwiary.com\/wp-content\/uploads\/2024\/05\/Madonna-and-Child-401x500-1.jpg?resize=350%2C200&ssl=1","width":350,"height":200},"classes":[]},{"id":22220,"url":"https:\/\/wobronietradycjiiwiary.com\/pl\/rozmyslania-na-kazdy-dzien-maja-dzien-21\/","url_meta":{"origin":140793,"position":1},"title":"Rozmy\u015blania na ka\u017cdy dzie\u0144 maja \u2013 DZIE\u0143 21","author":"mariuszjerzy","date":"21 maja 2018","format":false,"excerpt":"\"Moc w cierpieniu\" I. Gdy Naj\u015bwi\u0119tsza Panna po rozstaniu si\u0119 z Panem Jezusem, uwiadomion\u0105 zosta\u0142a o Jego pojmaniu, uda\u0142a si\u0119 natychmiast do Jerozolimy. Widok, jaki j\u0105 tam przywita\u0142, by\u0142 dla Jej serca ci\u0119\u017ck\u0105 bole\u015bci\u0105. Znalaz\u0142a ca\u0142e miasto wzburzone przeciw Chrystusowi Panu. Faryzeusze i skryby wm\u00f3wili w lud, \u017ce Jezus jest\u2026","rel":"","context":"W \u201eLiturgia i liturgika&quot;","block_context":{"text":"Liturgia i liturgika","link":"https:\/\/wobronietradycjiiwiary.com\/pl\/category\/duchowosc\/liturgia-i-liturgika\/"},"img":{"alt_text":"","src":"https:\/\/i0.wp.com\/wobronietradycjiiwiary.com\/wp-content\/uploads\/2024\/05\/Madonna-and-Child-401x500-1.jpg?resize=350%2C200&ssl=1","width":350,"height":200},"classes":[]},{"id":68310,"url":"https:\/\/wobronietradycjiiwiary.com\/pl\/rozmyslania-na-kazdy-dzien-maja-dzien-21-2\/","url_meta":{"origin":140793,"position":2},"title":"Rozmy\u015blania na ka\u017cdy dzie\u0144 maja \u2013 DZIE\u0143 21","author":"mariuszjerzy","date":"21 maja 2022","format":false,"excerpt":"\"Moc w cierpieniu\" I. Gdy Naj\u015bwi\u0119tsza Panna po rozstaniu si\u0119 z Panem Jezusem, uwiadomion\u0105 zosta\u0142a o Jego pojmaniu, uda\u0142a si\u0119 natychmiast do Jerozolimy. Widok, jaki j\u0105 tam przywita\u0142, by\u0142 dla Jej serca ci\u0119\u017ck\u0105 bole\u015bci\u0105. Znalaz\u0142a ca\u0142e miasto wzburzone przeciw Chrystusowi Panu. Faryzeusze i skryby wm\u00f3wili w lud, \u017ce Jezus jest\u2026","rel":"","context":"W \u201eLiturgia i liturgika&quot;","block_context":{"text":"Liturgia i liturgika","link":"https:\/\/wobronietradycjiiwiary.com\/pl\/category\/duchowosc\/liturgia-i-liturgika\/"},"img":{"alt_text":"","src":"https:\/\/i0.wp.com\/wobronietradycjiiwiary.com\/wp-content\/uploads\/2024\/05\/Madonna-and-Child-401x500-1.jpg?resize=350%2C200&ssl=1","width":350,"height":200},"classes":[]},{"id":116516,"url":"https:\/\/wobronietradycjiiwiary.com\/pl\/rozmyslania-na-kazdy-dzien-maja-dzien-17-2-2\/","url_meta":{"origin":140793,"position":3},"title":"Rozmy\u015blania na ka\u017cdy dzie\u0144 maja \u2013 DZIE\u0143 17","author":"mariuszjerzy","date":"17 maja 2024","format":false,"excerpt":"\"M\u0119stwo Maryi\" I. Pan Jezus przebywa\u0142 w wiosce zwanej Betania, o dwie mile od Jerozolimy, a wed\u0142ug \u015bw. Bonawentury by\u0142o to w domu Marii i Marty, z kt\u00f3rymi znajdowa\u0142a si\u0119 tak\u017ce Naj\u015bwi\u0119tsza Panna. Pi\u0105tego dnia w tygodniu pos\u0142a\u0142 Pan Piotra i Jana do Jerozolimy, aby tam przygotowali Pasch\u0119, a gdy\u2026","rel":"","context":"W \u201eDuchowo\u015b\u0107&quot;","block_context":{"text":"Duchowo\u015b\u0107","link":"https:\/\/wobronietradycjiiwiary.com\/pl\/category\/duchowosc\/"},"img":{"alt_text":"","src":"https:\/\/i0.wp.com\/wobronietradycjiiwiary.com\/wp-content\/uploads\/2024\/05\/Madonna-and-Child-401x500-1.jpg?resize=350%2C200&ssl=1","width":350,"height":200},"classes":[]},{"id":140789,"url":"https:\/\/wobronietradycjiiwiary.com\/pl\/rozmyslania-na-kazdy-dzien-maja-dzien-17-2-2-2\/","url_meta":{"origin":140793,"position":4},"title":"Rozmy\u015blania na ka\u017cdy dzie\u0144 maja \u2013 DZIE\u0143 17","author":"mariuszjerzy","date":"17 maja 2025","format":false,"excerpt":"\"M\u0119stwo Maryi\" I. Pan Jezus przebywa\u0142 w wiosce zwanej Betania, o dwie mile od Jerozolimy, a wed\u0142ug \u015bw. Bonawentury by\u0142o to w domu Marii i Marty, z kt\u00f3rymi znajdowa\u0142a si\u0119 tak\u017ce Naj\u015bwi\u0119tsza Panna. Pi\u0105tego dnia w tygodniu pos\u0142a\u0142 Pan Piotra i Jana do Jerozolimy, aby tam przygotowali Pasch\u0119, a gdy\u2026","rel":"","context":"W \u201eDuchowo\u015b\u0107&quot;","block_context":{"text":"Duchowo\u015b\u0107","link":"https:\/\/wobronietradycjiiwiary.com\/pl\/category\/duchowosc\/"},"img":{"alt_text":"","src":"https:\/\/i0.wp.com\/wobronietradycjiiwiary.com\/wp-content\/uploads\/2024\/05\/Madonna-and-Child-401x500-1.jpg?resize=350%2C200&ssl=1","width":350,"height":200},"classes":[]},{"id":22215,"url":"https:\/\/wobronietradycjiiwiary.com\/pl\/rozmyslania-na-kazdy-dzien-maja-dzien-17\/","url_meta":{"origin":140793,"position":5},"title":"Rozmy\u015blania na ka\u017cdy dzie\u0144 maja \u2013 DZIE\u0143 17","author":"mariuszjerzy","date":"17 maja 2018","format":false,"excerpt":"\"M\u0119stwo Maryi\" I. Pan Jezus przebywa\u0142 w wiosce zwanej Betania, o dwie mile od Jerozolimy, a wed\u0142ug \u015bw. Bonawentury by\u0142o to w domu Marii i Marty, z kt\u00f3rymi znajdowa\u0142a si\u0119 tak\u017ce Naj\u015bwi\u0119tsza Panna. Pi\u0105tego dnia w tygodniu pos\u0142a\u0142 Pan Piotra i Jana do Jerozolimy, aby tam przygotowali Pasch\u0119, a gdy\u2026","rel":"","context":"W \u201eLiturgia i liturgika&quot;","block_context":{"text":"Liturgia i liturgika","link":"https:\/\/wobronietradycjiiwiary.com\/pl\/category\/duchowosc\/liturgia-i-liturgika\/"},"img":{"alt_text":"","src":"https:\/\/i0.wp.com\/wobronietradycjiiwiary.com\/wp-content\/uploads\/2024\/05\/Madonna-and-Child-401x500-1.jpg?resize=350%2C200&ssl=1","width":350,"height":200},"classes":[]}],"amp_enabled":true,"jetpack_featured_media_url":"https:\/\/wobronietradycjiiwiary.com\/wp-content\/uploads\/2024\/05\/Madonna-and-Child-401x500-1.jpg","_links":{"self":[{"href":"https:\/\/wobronietradycjiiwiary.com\/pl\/wp-json\/wp\/v2\/posts\/140793","targetHints":{"allow":["GET"]}}],"collection":[{"href":"https:\/\/wobronietradycjiiwiary.com\/pl\/wp-json\/wp\/v2\/posts"}],"about":[{"href":"https:\/\/wobronietradycjiiwiary.com\/pl\/wp-json\/wp\/v2\/types\/post"}],"author":[{"embeddable":true,"href":"https:\/\/wobronietradycjiiwiary.com\/pl\/wp-json\/wp\/v2\/users\/119394841"}],"replies":[{"embeddable":true,"href":"https:\/\/wobronietradycjiiwiary.com\/pl\/wp-json\/wp\/v2\/comments?post=140793"}],"version-history":[{"count":1,"href":"https:\/\/wobronietradycjiiwiary.com\/pl\/wp-json\/wp\/v2\/posts\/140793\/revisions"}],"predecessor-version":[{"id":140820,"href":"https:\/\/wobronietradycjiiwiary.com\/pl\/wp-json\/wp\/v2\/posts\/140793\/revisions\/140820"}],"wp:featuredmedia":[{"embeddable":true,"href":"https:\/\/wobronietradycjiiwiary.com\/pl\/wp-json\/wp\/v2\/media\/116637"}],"wp:attachment":[{"href":"https:\/\/wobronietradycjiiwiary.com\/pl\/wp-json\/wp\/v2\/media?parent=140793"}],"wp:term":[{"taxonomy":"category","embeddable":true,"href":"https:\/\/wobronietradycjiiwiary.com\/pl\/wp-json\/wp\/v2\/categories?post=140793"},{"taxonomy":"post_tag","embeddable":true,"href":"https:\/\/wobronietradycjiiwiary.com\/pl\/wp-json\/wp\/v2\/tags?post=140793"}],"curies":[{"name":"wp","href":"https:\/\/api.w.org\/{rel}","templated":true}]}}