{"id":138163,"date":"2025-04-12T13:16:54","date_gmt":"2025-04-12T11:16:54","guid":{"rendered":"https:\/\/wobronietradycjiiwiary.com\/?p=138163"},"modified":"2025-05-15T15:01:41","modified_gmt":"2025-05-15T13:01:41","slug":"moje-wyzwanie-post-starokatolicki-relacja-6-przejasnialo","status":"publish","type":"post","link":"https:\/\/wobronietradycjiiwiary.com\/pl\/moje-wyzwanie-post-starokatolicki-relacja-6-przejasnialo\/","title":{"rendered":"Moje wyzwanie: Post starokatolicki &#8211; relacja (6). Przeja\u015bnia\u0142o."},"content":{"rendered":"<div id=\"bsf_rt_marker\"><\/div><p>W 24 dniu starokatolickiego postu, wzgl\u0119dnie starokatolickiej wstrzemi\u0119\u017aliwo\u015bci (bez mi\u0119sa i nabia\u0142u) autor czuje si\u0119 bardzo dobrze i \u017ca\u0142uje, \u017ce&hellip;<\/p>\n<div style=\"text-align: center\">\n<p>&nbsp;<\/p>\n<\/div>\n<h2 style=\"border: 5px solid #0000A0;padding: 1em;text-align: center\"><span style=\"color: #000000\">Pe\u0142en dost\u0119p dla <span style=\"color: #00ccff\"><a style=\"color: #00ccff\" href=\"https:\/\/wobronietradycjiiwiary.com\/subskrypcje-2\/\" target=\"_blank\" rel=\"noopener\">subskrybent\u00f3w<\/a><\/span>.<\/span><br \/>\n<span style=\"color: #3366ff\"><a style=\"color: #3366ff\" href=\"https:\/\/wobronietradycjiiwiary.com\/account\/login\/\" target=\"_blank\" rel=\"noopener\"><span style=\"color: #00ccff\">Zaloguj<\/span><\/a> <\/span>si\u0119 lub przejd\u017a do <a href=\"https:\/\/wobronietradycjiiwiary.com\/register\/\"><span style=\"color: #3366ff\">Rejestracji<\/span><\/a>.<\/h2>\n<div>\n<p style=\"text-align: center\"><a href=\"https:\/\/wobronietradycjiiwiary.com\/pl\/subskrypcje-2\/cennik\/\" target=\"_blank\" rel=\"noopener\"><span style=\"color: #000080;font-size: 24pt\"><strong>Nowe ni\u017csze ceny<\/strong><\/span><\/a><\/p>\n<p style=\"text-align: center\"><strong><span style=\"font-size: 18pt;color: #000080\">P\u0142atno\u015b\u0107 kart\u0105<\/span><\/strong><\/p>\n<\/div>\n<h3 style=\"text-align: center\"><a href=\"https:\/\/wobronietradycjiiwiary.com\/pl\/subskrypcje-2\/automatyczne\/indywidualne\/\" target=\"_blank\" rel=\"noopener\"><img fetchpriority=\"high\" decoding=\"async\" class=\"alignnone size-medium wp-image-80433\" src=\"https:\/\/wobronietradycjiiwiary.com\/wp-content\/uploads\/2022\/11\/Unbenannt-1-Online-1-300x202.jpg\" alt=\"\" width=\"300\" height=\"202\" srcset=\"https:\/\/wobronietradycjiiwiary.com\/wp-content\/uploads\/2022\/11\/Unbenannt-1-Online-1-300x202.jpg 300w, https:\/\/wobronietradycjiiwiary.com\/wp-content\/uploads\/2022\/11\/Unbenannt-1-Online-1-150x101.jpg 150w, https:\/\/wobronietradycjiiwiary.com\/wp-content\/uploads\/2022\/11\/Unbenannt-1-Online-1-18x12.jpg 18w, https:\/\/wobronietradycjiiwiary.com\/wp-content\/uploads\/2022\/11\/Unbenannt-1-Online-1.jpg 446w\" sizes=\"(max-width: 300px) 100vw, 300px\" \/><\/a><\/h3>\n<p style=\"text-align: center\"><strong><span style=\"font-size: 18pt;color: #000080\">P\u0142atno\u015b\u0107 przelewem<\/span><\/strong><\/p>\n<p><a href=\"https:\/\/wobronietradycjiiwiary.com\/pl\/subskrypcje-2\/automatyczne\/indywidualne\/\" target=\"_blank\" rel=\"noopener\"><img decoding=\"async\" class=\"size-medium wp-image-80434 aligncenter\" src=\"https:\/\/wobronietradycjiiwiary.com\/wp-content\/uploads\/2022\/11\/Unbenannt-1-Przelewem-300x137.jpg\" alt=\"\" width=\"300\" height=\"137\" srcset=\"https:\/\/wobronietradycjiiwiary.com\/wp-content\/uploads\/2022\/11\/Unbenannt-1-Przelewem-300x137.jpg 300w, https:\/\/wobronietradycjiiwiary.com\/wp-content\/uploads\/2022\/11\/Unbenannt-1-Przelewem-450x206.jpg 450w, https:\/\/wobronietradycjiiwiary.com\/wp-content\/uploads\/2022\/11\/Unbenannt-1-Przelewem-600x274.jpg 600w, https:\/\/wobronietradycjiiwiary.com\/wp-content\/uploads\/2022\/11\/Unbenannt-1-Przelewem-150x69.jpg 150w, https:\/\/wobronietradycjiiwiary.com\/wp-content\/uploads\/2022\/11\/Unbenannt-1-Przelewem-18x8.jpg 18w, https:\/\/wobronietradycjiiwiary.com\/wp-content\/uploads\/2022\/11\/Unbenannt-1-Przelewem.jpg 676w\" sizes=\"(max-width: 300px) 100vw, 300px\" \/><\/a><\/p>\n<p style=\"text-align: center\"><strong><span style=\"font-size: 18pt;color: #000080\">P\u0142atno\u015b\u0107 kart\u0105 do 6 os\u00f3b<\/span><\/strong><\/p>\n<p><a href=\"https:\/\/wobronietradycjiiwiary.com\/pl\/rodzinne\/\" target=\"_blank\" rel=\"noopener\"><img decoding=\"async\" class=\"size-medium wp-image-80435 aligncenter\" src=\"https:\/\/wobronietradycjiiwiary.com\/wp-content\/uploads\/2022\/11\/Unbenannt-1-Rodzinna-300x208.jpg\" alt=\"\" width=\"300\" height=\"208\" srcset=\"https:\/\/wobronietradycjiiwiary.com\/wp-content\/uploads\/2022\/11\/Unbenannt-1-Rodzinna-300x208.jpg 300w, https:\/\/wobronietradycjiiwiary.com\/wp-content\/uploads\/2022\/11\/Unbenannt-1-Rodzinna-150x104.jpg 150w, https:\/\/wobronietradycjiiwiary.com\/wp-content\/uploads\/2022\/11\/Unbenannt-1-Rodzinna-18x12.jpg 18w, https:\/\/wobronietradycjiiwiary.com\/wp-content\/uploads\/2022\/11\/Unbenannt-1-Rodzinna.jpg 448w\" sizes=\"(max-width: 300px) 100vw, 300px\" \/><\/a><\/p>\n<h3 style=\"text-align: center\"><\/h3>\n<h1 style=\"text-align: center\"><\/h1>\n","protected":false},"excerpt":{"rendered":"<p>O pozytywnych skutkach duchowych postu.<\/p>\n","protected":false},"author":60508433,"featured_media":132497,"comment_status":"open","ping_status":"open","sticky":false,"template":"","format":"standard","meta":{"_bbp_topic_count":0,"_bbp_reply_count":0,"_bbp_total_topic_count":0,"_bbp_total_reply_count":0,"_bbp_voice_count":0,"_bbp_anonymous_reply_count":0,"_bbp_topic_count_hidden":0,"_bbp_reply_count_hidden":0,"_bbp_forum_subforum_count":0,"_editorskit_title_hidden":false,"_editorskit_reading_time":0,"_editorskit_is_block_options_detached":false,"_editorskit_block_options_position":"{}","_coblocks_attr":"","_coblocks_dimensions":"","_coblocks_responsive_height":"","_coblocks_accordion_ie_support":"","_exactmetrics_skip_tracking":false,"_jetpack_newsletter_access":"","_jetpack_dont_email_post_to_subs":false,"_jetpack_newsletter_tier_id":0,"_jetpack_memberships_contains_paywalled_content":false,"_wpcom_ai_launchpad_first_post":false,"_jetpack_feature_clip_id":0,"_jetpack_memberships_contains_paid_content":false,"footnotes":"","jetpack_publicize_message":"","jetpack_publicize_feature_enabled":true,"jetpack_social_post_already_shared":false,"jetpack_social_options":{"image_generator_settings":{"template":"highway","enabled":false},"version":2},"_wpas_customize_per_network":false,"jetpack_post_was_ever_published":false},"categories":[610131185,610135277,610135399,40321200],"tags":[610135374,1187,610132133],"class_list":["post-138163","post","type-post","status-publish","format-standard","has-post-thumbnail","hentry","category-doktryna","category-post","category-post-swiadectwo-wlasne","category-teologia-moralna","tag-duchowe-skutki-postu","tag-post","tag-restricted"],"yoast_head":"<!-- This site is optimized with the Yoast SEO plugin v28.4 - https:\/\/yoast.com\/product\/yoast-seo-wordpress\/ -->\n<title>Moje wyzwanie: Post starokatolicki - relacja (6). Przeja\u015bnia\u0142o. - Tradycja i Wiara<\/title>\n<meta name=\"robots\" content=\"index, follow, max-snippet:-1, max-image-preview:large, max-video-preview:-1\" \/>\n<link rel=\"canonical\" href=\"https:\/\/wobronietradycjiiwiary.com\/pl\/moje-wyzwanie-post-starokatolicki-relacja-6-przejasnialo\/\" \/>\n<meta property=\"og:locale\" content=\"pl_PL\" \/>\n<meta property=\"og:type\" content=\"article\" \/>\n<meta property=\"og:title\" content=\"Moje wyzwanie: Post starokatolicki - relacja (6). Przeja\u015bnia\u0142o. - Tradycja i Wiara\" \/>\n<meta property=\"og:description\" content=\"O pozytywnych skutkach duchowych postu.\" \/>\n<meta property=\"og:url\" content=\"https:\/\/wobronietradycjiiwiary.com\/pl\/moje-wyzwanie-post-starokatolicki-relacja-6-przejasnialo\/\" \/>\n<meta property=\"og:site_name\" content=\"Tradycja i Wiara\" \/>\n<meta property=\"article:publisher\" content=\"https:\/\/www.facebook.com\/Tradycja-i-Wiara-108813920592249\" \/>\n<meta property=\"article:published_time\" content=\"2025-04-12T11:16:54+00:00\" \/>\n<meta property=\"article:modified_time\" content=\"2025-05-15T13:01:41+00:00\" \/>\n<meta property=\"og:image\" content=\"https:\/\/wobronietradycjiiwiary.com\/wp-content\/uploads\/2025\/02\/base_14240954.webp\" \/>\n\t<meta property=\"og:image:width\" content=\"700\" \/>\n\t<meta property=\"og:image:height\" content=\"487\" \/>\n\t<meta property=\"og:image:type\" content=\"image\/webp\" \/>\n<meta name=\"author\" content=\"Traditio et Fides\" \/>\n<meta name=\"twitter:card\" content=\"summary_large_image\" \/>\n<meta name=\"twitter:label1\" content=\"Napisane przez\" \/>\n\t<meta name=\"twitter:data1\" content=\"Traditio et Fides\" \/>\n\t<meta name=\"twitter:label2\" content=\"Szacowany czas czytania\" \/>\n\t<meta name=\"twitter:data2\" content=\"7 minut\" \/>\n<script type=\"application\/ld+json\" class=\"yoast-schema-graph\">{\"@context\":\"https:\\\/\\\/schema.org\",\"@graph\":[{\"@type\":\"Article\",\"@id\":\"https:\\\/\\\/wobronietradycjiiwiary.com\\\/moje-wyzwanie-post-starokatolicki-relacja-6-przejasnialo\\\/#article\",\"isPartOf\":{\"@id\":\"https:\\\/\\\/wobronietradycjiiwiary.com\\\/moje-wyzwanie-post-starokatolicki-relacja-6-przejasnialo\\\/\"},\"author\":{\"name\":\"Traditio et Fides\",\"@id\":\"https:\\\/\\\/wobronietradycjiiwiary.com\\\/pl\\\/#\\\/schema\\\/person\\\/2d6180ce6abcb681fef0daab7816e8f3\"},\"headline\":\"Moje wyzwanie: Post starokatolicki &#8211; relacja (6). Przeja\u015bnia\u0142o.\",\"datePublished\":\"2025-04-12T11:16:54+00:00\",\"dateModified\":\"2025-05-15T13:01:41+00:00\",\"mainEntityOfPage\":{\"@id\":\"https:\\\/\\\/wobronietradycjiiwiary.com\\\/moje-wyzwanie-post-starokatolicki-relacja-6-przejasnialo\\\/\"},\"wordCount\":1310,\"commentCount\":0,\"publisher\":{\"@id\":\"https:\\\/\\\/wobronietradycjiiwiary.com\\\/pl\\\/#organization\"},\"image\":{\"@id\":\"https:\\\/\\\/wobronietradycjiiwiary.com\\\/moje-wyzwanie-post-starokatolicki-relacja-6-przejasnialo\\\/#primaryimage\"},\"thumbnailUrl\":\"https:\\\/\\\/wobronietradycjiiwiary.com\\\/wp-content\\\/uploads\\\/2025\\\/02\\\/base_14240954.webp\",\"keywords\":[\"duchowe skutki postu\",\"post\",\"Restricted\"],\"articleSection\":[\"Doktryna\",\"Post\",\"Post - \u015bwiadectwo w\u0142asne\",\"Teologia moralna\"],\"inLanguage\":\"pl-PL\",\"potentialAction\":[{\"@type\":\"CommentAction\",\"name\":\"Comment\",\"target\":[\"https:\\\/\\\/wobronietradycjiiwiary.com\\\/moje-wyzwanie-post-starokatolicki-relacja-6-przejasnialo\\\/#respond\"]}]},{\"@type\":\"WebPage\",\"@id\":\"https:\\\/\\\/wobronietradycjiiwiary.com\\\/moje-wyzwanie-post-starokatolicki-relacja-6-przejasnialo\\\/\",\"url\":\"https:\\\/\\\/wobronietradycjiiwiary.com\\\/moje-wyzwanie-post-starokatolicki-relacja-6-przejasnialo\\\/\",\"name\":\"Moje wyzwanie: Post starokatolicki - relacja (6). Przeja\u015bnia\u0142o. - Tradycja i Wiara\",\"isPartOf\":{\"@id\":\"https:\\\/\\\/wobronietradycjiiwiary.com\\\/pl\\\/#website\"},\"primaryImageOfPage\":{\"@id\":\"https:\\\/\\\/wobronietradycjiiwiary.com\\\/moje-wyzwanie-post-starokatolicki-relacja-6-przejasnialo\\\/#primaryimage\"},\"image\":{\"@id\":\"https:\\\/\\\/wobronietradycjiiwiary.com\\\/moje-wyzwanie-post-starokatolicki-relacja-6-przejasnialo\\\/#primaryimage\"},\"thumbnailUrl\":\"https:\\\/\\\/wobronietradycjiiwiary.com\\\/wp-content\\\/uploads\\\/2025\\\/02\\\/base_14240954.webp\",\"datePublished\":\"2025-04-12T11:16:54+00:00\",\"dateModified\":\"2025-05-15T13:01:41+00:00\",\"breadcrumb\":{\"@id\":\"https:\\\/\\\/wobronietradycjiiwiary.com\\\/moje-wyzwanie-post-starokatolicki-relacja-6-przejasnialo\\\/#breadcrumb\"},\"inLanguage\":\"pl-PL\",\"potentialAction\":[{\"@type\":\"ReadAction\",\"target\":[\"https:\\\/\\\/wobronietradycjiiwiary.com\\\/moje-wyzwanie-post-starokatolicki-relacja-6-przejasnialo\\\/\"]}]},{\"@type\":\"ImageObject\",\"inLanguage\":\"pl-PL\",\"@id\":\"https:\\\/\\\/wobronietradycjiiwiary.com\\\/moje-wyzwanie-post-starokatolicki-relacja-6-przejasnialo\\\/#primaryimage\",\"url\":\"https:\\\/\\\/wobronietradycjiiwiary.com\\\/wp-content\\\/uploads\\\/2025\\\/02\\\/base_14240954.webp\",\"contentUrl\":\"https:\\\/\\\/wobronietradycjiiwiary.com\\\/wp-content\\\/uploads\\\/2025\\\/02\\\/base_14240954.webp\",\"width\":700,\"height\":487},{\"@type\":\"BreadcrumbList\",\"@id\":\"https:\\\/\\\/wobronietradycjiiwiary.com\\\/moje-wyzwanie-post-starokatolicki-relacja-6-przejasnialo\\\/#breadcrumb\",\"itemListElement\":[{\"@type\":\"ListItem\",\"position\":1,\"name\":\"Strona g\u0142\u00f3wna\",\"item\":\"https:\\\/\\\/wobronietradycjiiwiary.com\\\/\"},{\"@type\":\"ListItem\",\"position\":2,\"name\":\"Moje wyzwanie: Post starokatolicki &#8211; relacja (6). Przeja\u015bnia\u0142o.\"}]},{\"@type\":\"WebSite\",\"@id\":\"https:\\\/\\\/wobronietradycjiiwiary.com\\\/pl\\\/#website\",\"url\":\"https:\\\/\\\/wobronietradycjiiwiary.com\\\/pl\\\/\",\"name\":\"Tradycja i Wiara\",\"description\":\"Portal dla katolik\u00f3w.\",\"publisher\":{\"@id\":\"https:\\\/\\\/wobronietradycjiiwiary.com\\\/pl\\\/#organization\"},\"potentialAction\":[{\"@type\":\"SearchAction\",\"target\":{\"@type\":\"EntryPoint\",\"urlTemplate\":\"https:\\\/\\\/wobronietradycjiiwiary.com\\\/pl\\\/?s={search_term_string}\"},\"query-input\":{\"@type\":\"PropertyValueSpecification\",\"valueRequired\":true,\"valueName\":\"search_term_string\"}}],\"inLanguage\":\"pl-PL\"},{\"@type\":\"Organization\",\"@id\":\"https:\\\/\\\/wobronietradycjiiwiary.com\\\/pl\\\/#organization\",\"name\":\"Tradycja i Wiara\",\"url\":\"https:\\\/\\\/wobronietradycjiiwiary.com\\\/pl\\\/\",\"logo\":{\"@type\":\"ImageObject\",\"inLanguage\":\"pl-PL\",\"@id\":\"https:\\\/\\\/wobronietradycjiiwiary.com\\\/pl\\\/#\\\/schema\\\/logo\\\/image\\\/\",\"url\":\"https:\\\/\\\/i0.wp.com\\\/wobronietradycjiiwiary.com\\\/wp-content\\\/uploads\\\/2015\\\/10\\\/cropped-st-peters-dome-vatican.jpg?fit=940%2C198&ssl=1\",\"contentUrl\":\"https:\\\/\\\/i0.wp.com\\\/wobronietradycjiiwiary.com\\\/wp-content\\\/uploads\\\/2015\\\/10\\\/cropped-st-peters-dome-vatican.jpg?fit=940%2C198&ssl=1\",\"width\":940,\"height\":198,\"caption\":\"Tradycja i Wiara\"},\"image\":{\"@id\":\"https:\\\/\\\/wobronietradycjiiwiary.com\\\/pl\\\/#\\\/schema\\\/logo\\\/image\\\/\"},\"sameAs\":[\"https:\\\/\\\/www.facebook.com\\\/Tradycja-i-Wiara-108813920592249\"]},{\"@type\":\"Person\",\"@id\":\"https:\\\/\\\/wobronietradycjiiwiary.com\\\/pl\\\/#\\\/schema\\\/person\\\/2d6180ce6abcb681fef0daab7816e8f3\",\"name\":\"Traditio et Fides\",\"sameAs\":[\"https:\\\/\\\/traditionundglauben.com\"],\"url\":\"https:\\\/\\\/wobronietradycjiiwiary.com\\\/pl\\\/author\\\/wobronietradycjiiwiary\\\/\"}]}<\/script>\n<!-- \/ Yoast SEO plugin. -->","yoast_head_json":{"title":"Moje wyzwanie: Post starokatolicki - relacja (6). Przeja\u015bnia\u0142o. - Tradycja i Wiara","robots":{"index":"index","follow":"follow","max-snippet":"max-snippet:-1","max-image-preview":"max-image-preview:large","max-video-preview":"max-video-preview:-1"},"canonical":"https:\/\/wobronietradycjiiwiary.com\/pl\/moje-wyzwanie-post-starokatolicki-relacja-6-przejasnialo\/","og_locale":"pl_PL","og_type":"article","og_title":"Moje wyzwanie: Post starokatolicki - relacja (6). Przeja\u015bnia\u0142o. - Tradycja i Wiara","og_description":"O pozytywnych skutkach duchowych postu.","og_url":"https:\/\/wobronietradycjiiwiary.com\/pl\/moje-wyzwanie-post-starokatolicki-relacja-6-przejasnialo\/","og_site_name":"Tradycja i Wiara","article_publisher":"https:\/\/www.facebook.com\/Tradycja-i-Wiara-108813920592249","article_published_time":"2025-04-12T11:16:54+00:00","article_modified_time":"2025-05-15T13:01:41+00:00","og_image":[{"width":700,"height":487,"url":"https:\/\/wobronietradycjiiwiary.com\/wp-content\/uploads\/2025\/02\/base_14240954.webp","type":"image\/webp"}],"author":"Traditio et Fides","twitter_card":"summary_large_image","twitter_misc":{"Napisane przez":"Traditio et Fides","Szacowany czas czytania":"7 minut"},"schema":{"@context":"https:\/\/schema.org","@graph":[{"@type":"Article","@id":"https:\/\/wobronietradycjiiwiary.com\/moje-wyzwanie-post-starokatolicki-relacja-6-przejasnialo\/#article","isPartOf":{"@id":"https:\/\/wobronietradycjiiwiary.com\/moje-wyzwanie-post-starokatolicki-relacja-6-przejasnialo\/"},"author":{"name":"Traditio et Fides","@id":"https:\/\/wobronietradycjiiwiary.com\/pl\/#\/schema\/person\/2d6180ce6abcb681fef0daab7816e8f3"},"headline":"Moje wyzwanie: Post starokatolicki &#8211; relacja (6). Przeja\u015bnia\u0142o.","datePublished":"2025-04-12T11:16:54+00:00","dateModified":"2025-05-15T13:01:41+00:00","mainEntityOfPage":{"@id":"https:\/\/wobronietradycjiiwiary.com\/moje-wyzwanie-post-starokatolicki-relacja-6-przejasnialo\/"},"wordCount":1310,"commentCount":0,"publisher":{"@id":"https:\/\/wobronietradycjiiwiary.com\/pl\/#organization"},"image":{"@id":"https:\/\/wobronietradycjiiwiary.com\/moje-wyzwanie-post-starokatolicki-relacja-6-przejasnialo\/#primaryimage"},"thumbnailUrl":"https:\/\/wobronietradycjiiwiary.com\/wp-content\/uploads\/2025\/02\/base_14240954.webp","keywords":["duchowe skutki postu","post","Restricted"],"articleSection":["Doktryna","Post","Post - \u015bwiadectwo w\u0142asne","Teologia moralna"],"inLanguage":"pl-PL","potentialAction":[{"@type":"CommentAction","name":"Comment","target":["https:\/\/wobronietradycjiiwiary.com\/moje-wyzwanie-post-starokatolicki-relacja-6-przejasnialo\/#respond"]}]},{"@type":"WebPage","@id":"https:\/\/wobronietradycjiiwiary.com\/moje-wyzwanie-post-starokatolicki-relacja-6-przejasnialo\/","url":"https:\/\/wobronietradycjiiwiary.com\/moje-wyzwanie-post-starokatolicki-relacja-6-przejasnialo\/","name":"Moje wyzwanie: Post starokatolicki - relacja (6). Przeja\u015bnia\u0142o. - Tradycja i Wiara","isPartOf":{"@id":"https:\/\/wobronietradycjiiwiary.com\/pl\/#website"},"primaryImageOfPage":{"@id":"https:\/\/wobronietradycjiiwiary.com\/moje-wyzwanie-post-starokatolicki-relacja-6-przejasnialo\/#primaryimage"},"image":{"@id":"https:\/\/wobronietradycjiiwiary.com\/moje-wyzwanie-post-starokatolicki-relacja-6-przejasnialo\/#primaryimage"},"thumbnailUrl":"https:\/\/wobronietradycjiiwiary.com\/wp-content\/uploads\/2025\/02\/base_14240954.webp","datePublished":"2025-04-12T11:16:54+00:00","dateModified":"2025-05-15T13:01:41+00:00","breadcrumb":{"@id":"https:\/\/wobronietradycjiiwiary.com\/moje-wyzwanie-post-starokatolicki-relacja-6-przejasnialo\/#breadcrumb"},"inLanguage":"pl-PL","potentialAction":[{"@type":"ReadAction","target":["https:\/\/wobronietradycjiiwiary.com\/moje-wyzwanie-post-starokatolicki-relacja-6-przejasnialo\/"]}]},{"@type":"ImageObject","inLanguage":"pl-PL","@id":"https:\/\/wobronietradycjiiwiary.com\/moje-wyzwanie-post-starokatolicki-relacja-6-przejasnialo\/#primaryimage","url":"https:\/\/wobronietradycjiiwiary.com\/wp-content\/uploads\/2025\/02\/base_14240954.webp","contentUrl":"https:\/\/wobronietradycjiiwiary.com\/wp-content\/uploads\/2025\/02\/base_14240954.webp","width":700,"height":487},{"@type":"BreadcrumbList","@id":"https:\/\/wobronietradycjiiwiary.com\/moje-wyzwanie-post-starokatolicki-relacja-6-przejasnialo\/#breadcrumb","itemListElement":[{"@type":"ListItem","position":1,"name":"Strona g\u0142\u00f3wna","item":"https:\/\/wobronietradycjiiwiary.com\/"},{"@type":"ListItem","position":2,"name":"Moje wyzwanie: Post starokatolicki &#8211; relacja (6). Przeja\u015bnia\u0142o."}]},{"@type":"WebSite","@id":"https:\/\/wobronietradycjiiwiary.com\/pl\/#website","url":"https:\/\/wobronietradycjiiwiary.com\/pl\/","name":"Tradycja i Wiara","description":"Portal dla katolik\u00f3w.","publisher":{"@id":"https:\/\/wobronietradycjiiwiary.com\/pl\/#organization"},"potentialAction":[{"@type":"SearchAction","target":{"@type":"EntryPoint","urlTemplate":"https:\/\/wobronietradycjiiwiary.com\/pl\/?s={search_term_string}"},"query-input":{"@type":"PropertyValueSpecification","valueRequired":true,"valueName":"search_term_string"}}],"inLanguage":"pl-PL"},{"@type":"Organization","@id":"https:\/\/wobronietradycjiiwiary.com\/pl\/#organization","name":"Tradycja i Wiara","url":"https:\/\/wobronietradycjiiwiary.com\/pl\/","logo":{"@type":"ImageObject","inLanguage":"pl-PL","@id":"https:\/\/wobronietradycjiiwiary.com\/pl\/#\/schema\/logo\/image\/","url":"https:\/\/i0.wp.com\/wobronietradycjiiwiary.com\/wp-content\/uploads\/2015\/10\/cropped-st-peters-dome-vatican.jpg?fit=940%2C198&ssl=1","contentUrl":"https:\/\/i0.wp.com\/wobronietradycjiiwiary.com\/wp-content\/uploads\/2015\/10\/cropped-st-peters-dome-vatican.jpg?fit=940%2C198&ssl=1","width":940,"height":198,"caption":"Tradycja i Wiara"},"image":{"@id":"https:\/\/wobronietradycjiiwiary.com\/pl\/#\/schema\/logo\/image\/"},"sameAs":["https:\/\/www.facebook.com\/Tradycja-i-Wiara-108813920592249"]},{"@type":"Person","@id":"https:\/\/wobronietradycjiiwiary.com\/pl\/#\/schema\/person\/2d6180ce6abcb681fef0daab7816e8f3","name":"Traditio et Fides","sameAs":["https:\/\/traditionundglauben.com"],"url":"https:\/\/wobronietradycjiiwiary.com\/pl\/author\/wobronietradycjiiwiary\/"}]}},"jetpack_publicize_connections":[],"jetpack_sharing_enabled":true,"jetpack_likes_enabled":true,"jetpack_shortlink":"https:\/\/wp.me\/pc04Sd-zWr","jetpack-related-posts":[{"id":22165,"url":"https:\/\/wobronietradycjiiwiary.com\/pl\/nie-zostawie-was-sierotami-lub-butne-plany-redakcji\/","url_meta":{"origin":138163,"position":0},"title":"&#8220;Nie zostawi\u0119 was sierotami&#8221; lub butne plany Redakcji","author":"Traditio et Fides","date":"10 kwietnia 2018","format":false,"excerpt":"Pisz\u0105cy te s\u0142owa przechodzi ze swoim blogiem niemieckim na profesjonalizm, jakby dotychczas robi\u0142 co\u015b nieprofesjonalnie, tyle \u017ce za darmo i oferowa\u0142 b\u0119dzie w j\u0119zyku Goethego z czasem (1) podcasty, (2) ebooki i (3) filmy. Z (1) ju\u017c zacz\u0105\u0142, na (2) materia\u0142u jest dosy\u0107, pewne sprawy mo\u017cna rozpisa\u0107, a z (3)\u2026","rel":"","context":"W \u201eUwagi administracji&quot;","block_context":{"text":"Uwagi administracji","link":"https:\/\/wobronietradycjiiwiary.com\/pl\/category\/duchowosc\/uwagi-administracji\/"},"img":{"alt_text":"gennario","src":"https:\/\/i0.wp.com\/wobronietradycjiiwiary.com\/wp-content\/uploads\/2017\/12\/gennario.jpg?resize=350%2C200&ssl=1","width":350,"height":200,"srcset":"https:\/\/i0.wp.com\/wobronietradycjiiwiary.com\/wp-content\/uploads\/2017\/12\/gennario.jpg?resize=350%2C200&ssl=1 1x, https:\/\/i0.wp.com\/wobronietradycjiiwiary.com\/wp-content\/uploads\/2017\/12\/gennario.jpg?resize=525%2C300&ssl=1 1.5x"},"classes":[]},{"id":19727,"url":"https:\/\/wobronietradycjiiwiary.com\/pl\/w-demonologicznym-lesie-przyfrontowym-plusy-dodatnie-i-ujemne-3\/","url_meta":{"origin":138163,"position":1},"title":"W demonologicznym lesie przyfrontowym &#8211; plusy dodatnie i ujemne (17)","author":"Traditio et Fides","date":"13 marca 2019","format":false,"excerpt":"Pisz\u0105cy te s\u0142owa zdaje sobie spraw\u0119 z tego, \u017ce zaniedbuje polskich czytelnik\u00f3w, ale z\u0142y duch robi niestety wszystko, by stan ten trwa\u0142. Przed przeprowadzk\u0105, kt\u00f3rej pierwsza tura mia\u0142a miejsce 28.02. autor zastanawia\u0142 si\u0119, jak on te\u017c temu wszystkiemu podo\u0142a, bo za\u0142atwia\u0142 r\u00f3\u017cne sprawy, bola\u0142y go plecy, \u017ce nie m\u00f3g\u0142 siedzie\u0107\u2026","rel":"","context":"W \u201eW demonologiczym lesie przyfrontowym&quot;","block_context":{"text":"W demonologiczym lesie przyfrontowym","link":"https:\/\/wobronietradycjiiwiary.com\/pl\/category\/doktryna\/teologia-dogmatyczna\/demonologia-teologia\/demonologia-praktyczna\/w-demonologiczym-lesie-przyfrontowym\/"},"img":{"alt_text":"","src":"https:\/\/i0.wp.com\/wobronietradycjiiwiary.com\/wp-content\/uploads\/2019\/10\/ccnuzbqw8aazmwr.png?resize=350%2C200&ssl=1","width":350,"height":200},"classes":[]},{"id":136007,"url":"https:\/\/wobronietradycjiiwiary.com\/pl\/moje-wyzwanie-post-starokatolicki-relacja-2-sprawozdanie-w-trzecim-tygodniu\/","url_meta":{"origin":138163,"position":2},"title":"Moje wyzwanie: Post starokatolicki &#8211; relacja (2)\/ P\u00f3\u0142metek\/","author":"Traditio et Fides","date":"25 marca 2025","format":false,"excerpt":"Opis p\u00f3\u0142metka Wielkiego Postu autora.","rel":"","context":"W \u201eDoktryna&quot;","block_context":{"text":"Doktryna","link":"https:\/\/wobronietradycjiiwiary.com\/pl\/category\/doktryna\/"},"img":{"alt_text":"","src":"https:\/\/i0.wp.com\/wobronietradycjiiwiary.com\/wp-content\/uploads\/2025\/02\/base_14240954.webp?resize=350%2C200&ssl=1","width":350,"height":200,"srcset":"https:\/\/i0.wp.com\/wobronietradycjiiwiary.com\/wp-content\/uploads\/2025\/02\/base_14240954.webp?resize=350%2C200&ssl=1 1x, https:\/\/i0.wp.com\/wobronietradycjiiwiary.com\/wp-content\/uploads\/2025\/02\/base_14240954.webp?resize=525%2C300&ssl=1 1.5x, https:\/\/i0.wp.com\/wobronietradycjiiwiary.com\/wp-content\/uploads\/2025\/02\/base_14240954.webp?resize=700%2C400&ssl=1 2x"},"classes":[]},{"id":71298,"url":"https:\/\/wobronietradycjiiwiary.com\/pl\/w-demonologicznym-lesie-przyfrontowym-plusy-dodatnie-71-nieochrzczony-na-mszy-trydenckiej-eksperyment\/","url_meta":{"origin":138163,"position":3},"title":"W demonologicznym lesie przyfrontowym \u2013 plusy dodatnie (71). Nieochrzczony na Mszy Trydenckiej &#8211; eksperyment","author":"Traditio et Fides","date":"8 czerwca 2022","format":false,"excerpt":"O tym, jak pozytywnie Msz\u0119 Trydenck\u0105 odbieraj\u0105 nawet nieochrzczeni agnostycy.","rel":"","context":"W \u201eDemonologia praktyczna&quot;","block_context":{"text":"Demonologia praktyczna","link":"https:\/\/wobronietradycjiiwiary.com\/pl\/category\/doktryna\/teologia-dogmatyczna\/demonologia-teologia\/demonologia-praktyczna\/"},"img":{"alt_text":"","src":"https:\/\/i0.wp.com\/wobronietradycjiiwiary.com\/wp-content\/uploads\/2020\/09\/CCnuzbqW8AAzmWR-e1598950703186.png?resize=350%2C200&ssl=1","width":350,"height":200},"classes":[]},{"id":40776,"url":"https:\/\/wobronietradycjiiwiary.com\/pl\/kard-bona-o-rozpoznawaniu-duchow-105-o-rozroznianiu-ekstaz-i\/","url_meta":{"origin":138163,"position":4},"title":"Kard. Bona. \u201eO rozpoznawaniu duch\u00f3w\u201d (105). O rozr\u00f3\u017cnianiu ekstaz (i)","author":"Traditio et Fides","date":"18 stycznia 2021","format":false,"excerpt":"Pierwszym krokiem rozr\u00f3\u017cniania prawdziwych ekstaz od fa\u0142szywych jest wyeliminowanie przyczyn naturalnych.","rel":"","context":"W \u201e\"Rozeznawanie duch\u00f3w\"&quot;","block_context":{"text":"\"Rozeznawanie duch\u00f3w\"","link":"https:\/\/wobronietradycjiiwiary.com\/pl\/category\/duchowosc\/autorzy\/kardynal-bona\/rozeznawanie-duchow\/"},"img":{"alt_text":"","src":"https:\/\/i0.wp.com\/wobronietradycjiiwiary.com\/wp-content\/uploads\/2020\/01\/29183e5c6fd59bc5a33a573a12632224.jpg?resize=350%2C200&ssl=1","width":350,"height":200,"srcset":"https:\/\/i0.wp.com\/wobronietradycjiiwiary.com\/wp-content\/uploads\/2020\/01\/29183e5c6fd59bc5a33a573a12632224.jpg?resize=350%2C200&ssl=1 1x, https:\/\/i0.wp.com\/wobronietradycjiiwiary.com\/wp-content\/uploads\/2020\/01\/29183e5c6fd59bc5a33a573a12632224.jpg?resize=525%2C300&ssl=1 1.5x, https:\/\/i0.wp.com\/wobronietradycjiiwiary.com\/wp-content\/uploads\/2020\/01\/29183e5c6fd59bc5a33a573a12632224.jpg?resize=700%2C400&ssl=1 2x, https:\/\/i0.wp.com\/wobronietradycjiiwiary.com\/wp-content\/uploads\/2020\/01\/29183e5c6fd59bc5a33a573a12632224.jpg?resize=1050%2C600&ssl=1 3x"},"classes":[]},{"id":70873,"url":"https:\/\/wobronietradycjiiwiary.com\/pl\/poulain-sj-ii-ogolne-pojecia-o-mistycznym-zjednoczeniu-rozdzial-vi-druga-zasadnicza-cecha-zjednoczenia-mistycznego-wewnetrzne-posiadanie-boga-sposob-w-jaki-sie-je-odczuwa-150\/","url_meta":{"origin":138163,"position":5},"title":"Poulain SJ: II. Og\u00f3lne poj\u0119cia o mistycznym zjednoczeniu. Rozdzia\u0142 VI. Druga zasadnicza cecha zjednoczenia mistycznego: wewn\u0119trzne posiadanie Boga; spos\u00f3b, w jaki si\u0119 je odczuwa (150)","author":"Prospector Veritatis","date":"5 sierpnia 2022","format":false,"excerpt":"W stanach ni\u017cszych od ekstazy nie tyle si\u0119 widzi Boga, co odczuwa jego Obecno\u015b\u0107, tak jak swoje cia\u0142o odczuwa si\u0119, kiedy ma si\u0119 zamkni\u0119te oczy. Odczuwa\u0107 Go za\u015b mo\u017cna zar\u00f3wno wewn\u0119trznie, jak i zewn\u0119trznie.","rel":"","context":"W \u201eDuchowo\u015b\u0107&quot;","block_context":{"text":"Duchowo\u015b\u0107","link":"https:\/\/wobronietradycjiiwiary.com\/pl\/category\/duchowosc\/"},"img":{"alt_text":"","src":"https:\/\/i0.wp.com\/wobronietradycjiiwiary.com\/wp-content\/uploads\/2019\/10\/peter-paul-rubens-die-wunder-des-hl-ignatius-von-loyola.jpg?resize=350%2C200&ssl=1","width":350,"height":200,"srcset":"https:\/\/i0.wp.com\/wobronietradycjiiwiary.com\/wp-content\/uploads\/2019\/10\/peter-paul-rubens-die-wunder-des-hl-ignatius-von-loyola.jpg?resize=350%2C200&ssl=1 1x, https:\/\/i0.wp.com\/wobronietradycjiiwiary.com\/wp-content\/uploads\/2019\/10\/peter-paul-rubens-die-wunder-des-hl-ignatius-von-loyola.jpg?resize=525%2C300&ssl=1 1.5x, https:\/\/i0.wp.com\/wobronietradycjiiwiary.com\/wp-content\/uploads\/2019\/10\/peter-paul-rubens-die-wunder-des-hl-ignatius-von-loyola.jpg?resize=700%2C400&ssl=1 2x, https:\/\/i0.wp.com\/wobronietradycjiiwiary.com\/wp-content\/uploads\/2019\/10\/peter-paul-rubens-die-wunder-des-hl-ignatius-von-loyola.jpg?resize=1050%2C600&ssl=1 3x"},"classes":[]}],"amp_enabled":true,"jetpack_featured_media_url":"https:\/\/wobronietradycjiiwiary.com\/wp-content\/uploads\/2025\/02\/base_14240954.webp","_links":{"self":[{"href":"https:\/\/wobronietradycjiiwiary.com\/pl\/wp-json\/wp\/v2\/posts\/138163","targetHints":{"allow":["GET"]}}],"collection":[{"href":"https:\/\/wobronietradycjiiwiary.com\/pl\/wp-json\/wp\/v2\/posts"}],"about":[{"href":"https:\/\/wobronietradycjiiwiary.com\/pl\/wp-json\/wp\/v2\/types\/post"}],"author":[{"embeddable":true,"href":"https:\/\/wobronietradycjiiwiary.com\/pl\/wp-json\/wp\/v2\/users\/60508433"}],"replies":[{"embeddable":true,"href":"https:\/\/wobronietradycjiiwiary.com\/pl\/wp-json\/wp\/v2\/comments?post=138163"}],"version-history":[{"count":24,"href":"https:\/\/wobronietradycjiiwiary.com\/pl\/wp-json\/wp\/v2\/posts\/138163\/revisions"}],"predecessor-version":[{"id":142560,"href":"https:\/\/wobronietradycjiiwiary.com\/pl\/wp-json\/wp\/v2\/posts\/138163\/revisions\/142560"}],"wp:featuredmedia":[{"embeddable":true,"href":"https:\/\/wobronietradycjiiwiary.com\/pl\/wp-json\/wp\/v2\/media\/132497"}],"wp:attachment":[{"href":"https:\/\/wobronietradycjiiwiary.com\/pl\/wp-json\/wp\/v2\/media?parent=138163"}],"wp:term":[{"taxonomy":"category","embeddable":true,"href":"https:\/\/wobronietradycjiiwiary.com\/pl\/wp-json\/wp\/v2\/categories?post=138163"},{"taxonomy":"post_tag","embeddable":true,"href":"https:\/\/wobronietradycjiiwiary.com\/pl\/wp-json\/wp\/v2\/tags?post=138163"}],"curies":[{"name":"wp","href":"https:\/\/api.w.org\/{rel}","templated":true}]}}