{"id":137143,"date":"2025-04-26T08:15:03","date_gmt":"2025-04-26T06:15:03","guid":{"rendered":"https:\/\/wobronietradycjiiwiary.com\/?p=137143"},"modified":"2025-04-03T14:23:03","modified_gmt":"2025-04-03T12:23:03","slug":"26-go-kwietnia-zywot-swietego-marcelina-papieza-2-2-3","status":"publish","type":"post","link":"https:\/\/wobronietradycjiiwiary.com\/pl\/26-go-kwietnia-zywot-swietego-marcelina-papieza-2-2-3\/","title":{"rendered":"26-go Kwietnia. \u017bywot \u015bwi\u0119tego Marcelina, Papie\u017ca."},"content":{"rendered":"<div id=\"bsf_rt_marker\"><\/div>\n<p class=\"has-text-align-center wp-block-paragraph\"><em>(\u017by\u0142 oko\u0142o roku Pa\u0144skiego 304).<\/em><\/p>\n\n\n\n<figure class=\"wp-block-image\"><a href=\"https:\/\/pl.wikisource.org\/wiki\/Plik:%C5%BBywoty_%C5%9Bw._Pa%C5%84skich_na_wszystkie_dnie_roku-Inicja%C5%82-Z.png\"><img decoding=\"async\" src=\"https:\/\/upload.wikimedia.org\/wikipedia\/commons\/thumb\/6\/66\/%C5%BBywoty_%C5%9Bw._Pa%C5%84skich_na_wszystkie_dnie_roku-Inicja%C5%82-Z.png\/56px-%C5%BBywoty_%C5%9Bw._Pa%C5%84skich_na_wszystkie_dnie_roku-Inicja%C5%82-Z.png\" alt=\"Z\"\/><\/a><\/figure>\n\n\n\n<p class=\"has-text-align-justify wp-block-paragraph\">Za panowania cesarza rzymskiego Dyoklecyana szerzy\u0142o si\u0119 ogromnie prze\u015bladowanie Ko\u015bcio\u0142a Bo\u017cego. Na\u00f3wczas nauka Chrystusa tak si\u0119 by\u0142a przyj\u0119\u0142a pomi\u0119dzy ludno\u015bci\u0105, \u017ce poganie, a szczeg\u00f3lniej kap\u0142ani poga\u0144scy, l\u0119kaj\u0105c si\u0119 w\u0142asnego upadku, zdo\u0142ali wm\u00f3wi\u0107 w Dyoklecyana, i\u017c chrze\u015bcijanie s\u0105 jego najwi\u0119kszymi nieprzyjacio\u0142mi. Cesarz uleg\u0142 tym namowom i rozkaza\u0142 t\u0119pi\u0107 chrze\u015bcijan gdziekolwiek ich znaleziono. Tak wi\u0119c przez dni trzydzie\u015bci zabijano w pa\u0144stwie rzymskiem i w dalszych krajach, gdzie tylko w\u0142adza Dyoklecyana si\u0119ga\u0142a, po siedmna\u015bcie i wi\u0119cej tysi\u0119cy chrze\u015bcijan. Nie oszcz\u0119dzano nikogo, byle tylko wpad\u0142 w podejrzenie, \u017ce jest chrze\u015bcijaninem, tak, i\u017c miasta niekt\u00f3re zupe\u0142nie opustosza\u0142y.<\/p>\n\n\n\n<p class=\"has-text-align-justify wp-block-paragraph\">\u2009W czasie tym okropnym dla chrze\u015bcijan umar\u0142 Papie\u017c Gajus, s\u0142owia\u0144skiego rodu, z Dalmacyi pochodz\u0105cy, krewny Dyoklecyana, cesarza. Po nim obj\u0105\u0142 tron Papieski Marcelin, Rzymianin z ojca Projekta.<\/p>\n\n\n\n<p class=\"has-text-align-justify wp-block-paragraph\">Gdy Dyoklecyanowi doniesiono o Marcelinie, jako chrze\u015bcijaninie i jako m\u0119\u017cu, wywieraj\u0105cym wielkie wp\u0142ywy na wsp\u00f3\u0142wyznawc\u00f3w, nie chcia\u0142 wierzy\u0107 i postanowi\u0142 sam si\u0119 przekona\u0107 o prawdziwo\u015bci tego doniesienia. Podburzony jeszcze namowami Urbana, najwy\u017cszego kap\u0142ana poga\u0144skiego, kaza\u0142 Dyoklecyan Marcelina pojma\u0107 i pro\u015bbami, obietnicami, a w ko\u0144cu postrachem wym\u00f3g\u0142 na nim, \u017ce ten\u017ce uda\u0142 si\u0119 z cesarzem do \u015bwi\u0105tyni Westy i Izydy i tam w\u0142asn\u0105 r\u0119k\u0105 posypa\u0142 kadzid\u0142o na tlej\u0105ce ognisko na ofiar\u0119 bogom.<\/p>\n\n\n\n<p class=\"has-text-align-justify wp-block-paragraph\">Wst\u0119pu tego do \u015bwi\u0105tyni poga\u0144skiej dostrzeg\u0142o kilku kap\u0142an\u00f3w i dyakon\u00f3w chrze\u015bcija\u0144skich; przel\u0119kli si\u0119 i od progu nawr\u00f3ciwszy, pobiegli do swoich, by im oznajmi\u0107 ten smutny upadek Marcelina. Wielu chrze\u015bcijan zebra\u0142o si\u0119 przed \u015bwi\u0105tyni\u0105 i jawnem si\u0119 sta\u0142o, i\u017c Dyoklecyan k\u0142ad\u0142 na Marcelina drog\u0105 szat\u0119, o\u015bwiadczaj\u0105c mu swoj\u0105 przyja\u017a\u0144.<\/p>\n\n\n\n<p class=\"has-text-align-justify wp-block-paragraph\">Zasmuci\u0142 si\u0119 wielce z tego wszystek Ko\u015bci\u00f3\u0142 Bo\u017cy, i\u017c najwy\u017cszy pasterz chrze\u015bcijan tak nizko upad\u0142 w ich oczach, czyni\u0105c, od czego poprzednio sam wsp\u00f3\u0142wyznawc\u00f3w odwodzi\u0142, i wielu M\u0119czennik\u00f3w Wierze \u015bwi\u0119tej pozyska\u0142, a do m\u0119\u017cnej \u015bmierci za Chrystusa doprowadza\u0142. Wszystko tedy duchowie\u0144stwo chrze\u015bcija\u0144skie zebra\u0142o si\u0119 na Synod w Sennuessie, w Kampanii. Tam sto o\u015bmdziesi\u0119ciu Biskup\u00f3w radzi\u0142o nad spraw\u0105 Ko\u015bcio\u0142a Bo\u017cego, a g\u0142\u00f3wnie nad z\u0142o\u017ceniem z urz\u0119du Marcelina.<\/p>\n\n\n\n<p class=\"has-text-align-justify wp-block-paragraph\">Dowiedzia\u0142 si\u0119 o tem Marcelin, a natchniony Duchem \u015bwi\u0119tym, sercem skruszonem pocz\u0105\u0142 ci\u0119\u017cko \u017ca\u0142owa\u0107 grzechu swego; przywdzia\u0142 w\u0142osienic\u0119, w \u017calu wielkim i pokorze poszed\u0142 sam do Sennuessy do owych zebranych Biskup\u00f3w, gdzie wyzna\u0142 b\u0142\u0105d sw\u00f3j i upadek i odda\u0142 si\u0119 pod s\u0105d i ukaranie. Oni zgodnie mu wszyscy odpowiedzieli: \u201eSam si\u0119 os\u0105d\u017a i sam si\u0119 karz, najwy\u017cszy kap\u0142anie, ustami w\u0142asnemi pot\u0119piony, w\u0142asnemi te\u017c usprawedliwiony b\u0119dziesz.\u00a0Najwy\u017csza Stolica od nikogo s\u0105dzon\u0105 by\u0107 nie mo\u017ce.\u201c Tedy Marcelin sam si\u0119 pot\u0119pi\u0142, m\u00f3wi\u0105c: \u201eOds\u0105dzam si\u0119 od kap\u0142a\u0144stwa, kt\u00f3rego nie jestem ju\u017c godzien, a zaklinam wszystkich, by, gdy umr\u0119, cia\u0142a mego nie pochowali, albowiem niegodnem jest, by w ziemi le\u017ca\u0142o.\u201c Na\u00f3wczas Biskupi mu rzekli: \u201ePiotr \u015bwi\u0119ty, przodek tw\u00f3j, tak\u017ce upad\u0142, a jednak go \u017caden Aposto\u0142 nie pot\u0119pi\u0142, ale \u0142zami i pokut\u0105 dost\u0105pi\u0142 zmi\u0142owania Pa\u0144skiego.\u201c<\/p>\n\n\n\n<p class=\"has-text-align-justify wp-block-paragraph\">Temi szlachetnemi i godnemi Biskup\u00f3w s\u0142owy, Marcelin na duchu pokrzepiony, powr\u00f3ci\u0142 zupe\u0142nie nawr\u00f3cony do Rzymu, gdzie mia\u0142 zaraz sposobno\u015b\u0107 naprawi\u0107 grzech, kt\u00f3ry by\u0142 pope\u0142ni\u0142. Uda\u0142 si\u0119 do cesarza Dyoklecyana, rzuci\u0142 mu pod nogi ow\u0105 drog\u0105 szat\u0119, w kt\u00f3r\u0105 go ten\u017ce by\u0142 ubra\u0142, \u017cali\u0142 si\u0119 potem przed nim na \u00f3w grzech, kt\u00f3ry za jego namow\u0105 by\u0142 pope\u0142ni\u0142, ofiaruj\u0105c bogom, a jednocze\u015bnie s\u0142awi\u0142 przed nim Chrystusa, jako Boga prawego. Dyoklecyan, rozgniewany t\u0105 zuchwa\u0142o\u015bci\u0105 Marcelina, nakaza\u0142 go wzi\u0105\u0107 na d\u0142ugie m\u0119ki, a potem \u015bci\u0105\u0107. Rozkaz Dyoklecyana wykonano i wzi\u0119to Marcelina na m\u0119ki. Z nim razem ponie\u015bli \u015bmier\u0107 chrze\u015bcijanie: Klaudyusz, Cyryn i Antonin, a prowadzi\u0142 ich Marcelus, kap\u0142an, kt\u00f3ry po Marcelinie na Papiestwo wst\u0105pi\u0142. Tego Marcelin uprosi\u0142, aby cia\u0142a jego nie pochowa\u0142, gdy\u017c s\u0105dzi\u0142, i\u017c za ono zaparcie si\u0119 Chrystusa niegodnym jest pogrzebu.<\/p>\n\n\n\n<p class=\"has-text-align-justify wp-block-paragraph\">Tak tedy za Chrystusa Marcelin krew przelawszy, upadek sw\u00f3j nagrodzi\u0142, w krwi dla Chrystusa obmy\u0142 zmazan\u0105 szat\u0119 swego sumienia i sta\u0142 si\u0119 mi\u0142ym Bogu i godnym korony m\u0119cze\u0144skiej.<\/p>\n\n\n\n<p class=\"has-text-align-justify wp-block-paragraph\">Cia\u0142o jego przez trzydzie\u015bci dni niepochowane le\u017ca\u0142o, albowiem \u017caden chrze\u015bcijanin z powodu owej pro\u015bby pochowa\u0107 go nie chcia\u0142.<\/p>\n\n\n\n<p class=\"has-text-align-justify wp-block-paragraph\">Potem Piotr \u015bwi\u0119ty ukaza\u0142 si\u0119 we \u015bnie Marcelusowi, nast\u0119pcy na Papiestwo, i pyta\u0142 go czemu cia\u0142a poprzednika tak d\u0142ugo nie chowa, na co mu ten\u017ce odpowiedzia\u0142: \u201eBoj\u0119 si\u0119 kl\u0105twy jego, kt\u00f3r\u0105 rzuci\u0142 na wszystkich, kt\u00f3rzyby cia\u0142o jego pochowa\u0107 chcieli.\u201c \u015awi\u0119ty Piotr rzek\u0142: \u201eNie pami\u0119tasz, co napisano: Kto si\u0119 poni\u017ca, podwy\u017cszon b\u0119dzie: id\u017a\u017ce, a pogrzeb go i po\u0142\u00f3\u017c wedle mnie.\u201c Co te\u017c Marcelus niezw\u0142ocznie uczyni\u0142.<\/p>\n\n\n\n<p class=\"has-text-align-justify wp-block-paragraph\">Rz\u0105dzi\u0142 Ko\u015bcio\u0142em Marcelin przez lat dziewi\u0119\u0107 na chwa\u0142\u0119 Bogu nie\u015bmiertelnemu, kt\u00f3rego s\u0142awi\u0105 \u015awi\u0119ci po wszystkie wieki.<\/p>\n\n\n\n<h2 class=\"wp-block-heading\"><strong>Nauka moralna.<\/strong><\/h2>\n\n\n\n<p class=\"has-text-align-justify wp-block-paragraph\">\u2009Rozwa\u017c sobie \u2014 Czytelniku \u2014 jak ci Biskupi, zebrani w liczbie 180 w Sennuessie, Papie\u017ca swego s\u0105dzi\u0107 nie chcieli, wiedz\u0105c, i\u017c s\u0105dzi\u0107 nie powinni synowie ojca, poddani prze\u0142o\u017conego; prosili go oni tylko, aby si\u0119 sam os\u0105dzi\u0142. Z tego wyrozumiesz, jak wysoko na\u00f3wczas ju\u017c ceniono zwierzchno\u015b\u0107 Papiesk\u0105 na Stolicy Piotra \u015bwi\u0119tego. Papie\u017c, jako najwy\u017csza g\u0142owa ca\u0142ego chrze\u015bcija\u0144stwa, pope\u0142ni\u0107 mo\u017ce grzech, jak inny cz\u0142owiek, ale dop\u00f3ki na tym urz\u0119dzie jest i z urz\u0119du Apostolskiego wyrokuje i uczy jako namiestnik Chrystusa, nigdy zb\u0142\u0105dzi\u0107 nie mo\u017ce, cho\u0107by by\u0142 najgorszym. Na to ma obietnice Chrystusowe, i\u017c jest opok\u0105 wyznania tajemnic wiary, kt\u00f3ra dla Ko\u015bcio\u0142a ani zachwia\u0107 si\u0119, ani zb\u0142\u0105dzi\u0107 nie mo\u017ce. St\u0105d te\u017c nieraz si\u0119 pokaza\u0142o, i\u017c kap\u0142ani, zanim wst\u0105pili na Stolic\u0119 \u015bwi\u0119t\u0105, mieli niekt\u00f3re b\u0142\u0119dy nie zgadzaj\u0105ce si\u0119 z Ko\u015bcio\u0142em, skoro za\u015b na Papiestwo wst\u0105pili, wnet si\u0119 w nich upami\u0119tali. Tym, kt\u00f3rzy Boga mi\u0142uj\u0105, wszystko do pokuty s\u0142u\u017cy, i gdy z grzechu si\u0119 oczyszczaj\u0105, to ten sam grzech przynosi im po\u017cytek, albowiem poznawszy i porzuciwszy z\u0142e, staj\u0105 si\u0119 w cnotach gor\u0119tsi i doskonalsi. Tak sprawdzaj\u0105 si\u0119 s\u0142owa o Panu Bogu, jako o \u015bcis\u0142ym gospodarzu, i\u017c tam zbiera, gdzie nie rozsypa\u0142, tam \u017cnie, gdzie nie sia\u0142. Pan B\u00f3g grzechu nie sieje, to jest nie przyczynia si\u0119 do niego, a przecie\u017c cze\u015b\u0107 wielk\u0105 ma z tego grzechu, gdy \u015awi\u0119ci Jego w pokucie po tym grzechu lepszymi si\u0119 staj\u0105 i lepiej Mu s\u0142u\u017c\u0105 po grzechu, ni\u017c przed grzechem. B\u00f3g nadewszystko! to przekonanie by\u0142o zadaniem p\u00f3\u017aniejszego \u017cycia \u015bwi\u0119tego Marcelina, M\u0119czennika. Temu przekonaniu po\u015bwi\u0119ci\u0142 on te\u017c wszystkie przesz\u0142e szcz\u0119\u015bliwo\u015bci doczesne, jakie mu ofiarowano.<\/p>\n\n\n\n<p class=\"has-text-align-justify wp-block-paragraph\"><br>\u2009B\u00f3g te\u017c, jako najwy\u017csza, najdoskonalsza istota, jako Stw\u00f3rca i Zbawiciel nasz, ma przedewszystkiem prawo do naszej mi\u0142o\u015bci: z wielkiej czci ku Niemu winni\u015bmy te\u017c wszystko to, co mamy najmilszego na ziemi, porzuci\u0107 i i\u015b\u0107 za Jego wezwaniem. Do takiego przekonania doszed\u0142 \u00f3w \u015bwi\u0119ty\u00a0M\u0119czennik i dlatego raduje si\u0119 w Niebie szcz\u0119\u015bciem wiekuistem.<\/p>\n\n\n\n<h2 class=\"wp-block-heading\"><br><strong>Modlitwa.<\/strong><\/h2>\n\n\n\n<blockquote class=\"wp-block-quote is-layout-flow wp-block-quote-is-layout-flow\"><p>\u2009Bo\u017ce m\u00f3j, kiedy\u017c si\u0119 naucz\u0119 kocha\u0107 Ci\u0119 najdoskonalej? Oczy\u015b\u0107 serce moje z wszelkiego przywi\u0105zania do stworze\u0144, je\u015bliby to mia\u0142o by\u0107 zawad\u0105 dla mnie w mi\u0142o\u015bci ku Tobie, albowiem tylko Ty jedynie posiada\u0107 masz moj\u0105 mi\u0142o\u015b\u0107 nieograniczon\u0105. Przez Pana naszego Jezusa Chrystusa. Amen.<\/p><\/blockquote>\n\n\n\n<figure class=\"wp-block-table\"><table><tbody><tr><td>\u2217&nbsp;&nbsp;&nbsp;&nbsp;&nbsp;&nbsp;&nbsp;&nbsp;&nbsp;&nbsp;&nbsp;&nbsp;&nbsp;&nbsp;&nbsp;&nbsp;&nbsp;&nbsp;&nbsp;&nbsp;\u2217<br>\u2217<\/td><\/tr><\/tbody><\/table><\/figure>\n\n\n\n<p class=\"wp-block-paragraph\">\u2009<em>Opr\u00f3cz tego obchodzi Ko\u015bci\u00f3\u0142 \u015bwi\u0119ty pami\u0105tk\u0119 nast\u0119puj\u0105cych \u015awi\u0119tych Pa\u0144skich, zamieszczonych w rzymskiem martyrologium:<\/em><\/p>\n\n\n\n<p class=\"has-text-align-justify wp-block-paragraph\">\u2009<strong>Dnia 26-go kwietnia<\/strong>&nbsp;w Rzymie m\u0119cze\u0144stwo \u015bw.&nbsp;Kleta, Papie\u017ca, drugiego nast\u0119pcy \u015bw. Piotra w rz\u0105dach Ko\u015bcio\u0142em; otrzyma\u0142 koron\u0119 m\u0119cze\u0144sk\u0105 w prze\u015bladowaniu chrze\u015bcijan za Domicyana. \u2014 Tam\u017ce dzie\u0144 pami\u0105tkowy \u015bw.&nbsp;Marcelina, Papie\u017ca kt\u00f3ry pod Maksymianem wraz z&nbsp;Klaudyuszem, Cyrynem i Antoninem zosta\u0142 \u015bci\u0119ty dla Wiary \u015bwi\u0119tej; prze\u015bladowanie by\u0142o wtedy tak niezwykle gwa\u0142towne, \u017ce w ci\u0105gu jednego miesi\u0105ca 17000 chrze\u015bcijan uwie\u0144czonych zosta\u0142o koron\u0105 m\u0119cze\u0144sk\u0105. \u2014 W Amazei w Poncie \u015bmier\u0107 m\u0119cze\u0144ska \u015bw.&nbsp;Bazyleusza, Biskupa; za cesarza Licyniusza odda\u0142 chwalebnie swe \u017cycie. Cia\u0142o jego wrzucono do morza, lecz na objawienie niebieskie znalaz\u0142 je Elpidifor i uczciwie pogrzeba\u0142. \u2014 W Bradze w Portugalii pami\u0105tka \u015bw.&nbsp;Piotra, M\u0119czennika, pierwszego Biskupa owego miasta. \u2014 W Vienne uroczysto\u015b\u0107 \u015bw.&nbsp;Klarencyusza, Biskupa i Wyznawcy. \u2014 W Weronie uroczysto\u015b\u0107 \u015bw.&nbsp;Lucyda, Biskupa. \u2014 W klasztorze St. Riquier pami\u0105tka \u015bw.&nbsp;Ryszarda, Kap\u0142ana i Wyznawcy. \u2014 W Troyes uroczysto\u015b\u0107 \u015bw.&nbsp;Eksuperancyi, Dziewicy.<\/p>\n","protected":false},"excerpt":{"rendered":"<p>Wi\u0119c ju\u017c przed Franciszkiem mieli\u015bmy papie\u017ca-odst\u0119pc\u0119, kt\u00f3ry ofiarowa\u0142 kadzid\u0142o nie Pachamamie, ale Izydzie i We\u015bcie. Ju\u017c w roku 180 biskup\u00f3w radzi\u0142o, jak to z\u0142o\u017cy\u0107 z urz\u0119du, a\u017c przekonano go, by sam ust\u0105pi\u0142. Umar\u0142 jako m\u0119czennik i \u015bwi\u0119ty, wi\u0119c wszystko mo\u017cliwe, a sam \u015bw. Piotr zatroszczy\u0142 si\u0119 o pochowanie jego cia\u0142a.<\/p>\n","protected":false},"author":60508433,"featured_media":45900,"comment_status":"open","ping_status":"open","sticky":false,"template":"","format":"standard","meta":{"_bbp_topic_count":0,"_bbp_reply_count":0,"_bbp_total_topic_count":0,"_bbp_total_reply_count":0,"_bbp_voice_count":0,"_bbp_anonymous_reply_count":0,"_bbp_topic_count_hidden":0,"_bbp_reply_count_hidden":0,"_bbp_forum_subforum_count":0,"_editorskit_title_hidden":false,"_editorskit_reading_time":0,"_editorskit_is_block_options_detached":false,"_editorskit_block_options_position":"{}","_coblocks_attr":"","_coblocks_dimensions":"","_coblocks_responsive_height":"","_coblocks_accordion_ie_support":"","_exactmetrics_skip_tracking":false,"_jetpack_newsletter_access":"","_jetpack_dont_email_post_to_subs":false,"_jetpack_newsletter_tier_id":0,"_jetpack_memberships_contains_paywalled_content":false,"_wpcom_ai_launchpad_first_post":false,"_jetpack_feature_clip_id":0,"_jetpack_memberships_contains_paid_content":false,"footnotes":"","jetpack_publicize_message":"{title}\n\n{excerpt}\n\n{url}","jetpack_publicize_feature_enabled":true,"jetpack_social_post_already_shared":true,"jetpack_social_options":{"image_generator_settings":{"template":"highway","default_image_id":0,"font":"","enabled":false},"version":2},"_wpas_customize_per_network":false,"jetpack_post_was_ever_published":false},"categories":[610131819,610131184,336375535,610134932,610131155,610132042],"tags":[610133352],"class_list":["post-137143","post","type-post","status-publish","format-standard","has-post-thumbnail","hentry","category-swieta-w-kwietniu","category-duchowosc","category-liturgia-i-liturgika","category-mescy-swieci","category-rozwazania","category-zywoty-swietych","tag-mescy-swieci"],"yoast_head":"<!-- This site is optimized with the Yoast SEO plugin v28.4 - https:\/\/yoast.com\/product\/yoast-seo-wordpress\/ -->\n<title>26-go Kwietnia. \u017bywot \u015bwi\u0119tego Marcelina, Papie\u017ca. - Tradycja i Wiara<\/title>\n<meta name=\"robots\" content=\"index, follow, max-snippet:-1, max-image-preview:large, max-video-preview:-1\" \/>\n<link rel=\"canonical\" href=\"https:\/\/wobronietradycjiiwiary.com\/pl\/26-go-kwietnia-zywot-swietego-marcelina-papieza-2-2-3\/\" \/>\n<meta property=\"og:locale\" content=\"pl_PL\" \/>\n<meta property=\"og:type\" content=\"article\" \/>\n<meta property=\"og:title\" content=\"26-go Kwietnia. \u017bywot \u015bwi\u0119tego Marcelina, Papie\u017ca. - Tradycja i Wiara\" \/>\n<meta property=\"og:description\" content=\"Wi\u0119c ju\u017c przed Franciszkiem mieli\u015bmy papie\u017ca-odst\u0119pc\u0119, kt\u00f3ry ofiarowa\u0142 kadzid\u0142o nie Pachamamie, ale Izydzie i We\u015bcie. Ju\u017c w roku 180 biskup\u00f3w radzi\u0142o, jak to z\u0142o\u017cy\u0107 z urz\u0119du, a\u017c przekonano go, by sam ust\u0105pi\u0142. Umar\u0142 jako m\u0119czennik i \u015bwi\u0119ty, wi\u0119c wszystko mo\u017cliwe, a sam \u015bw. Piotr zatroszczy\u0142 si\u0119 o pochowanie jego cia\u0142a.\" \/>\n<meta property=\"og:url\" content=\"https:\/\/wobronietradycjiiwiary.com\/pl\/26-go-kwietnia-zywot-swietego-marcelina-papieza-2-2-3\/\" \/>\n<meta property=\"og:site_name\" content=\"Tradycja i Wiara\" \/>\n<meta property=\"article:publisher\" content=\"https:\/\/www.facebook.com\/Tradycja-i-Wiara-108813920592249\" \/>\n<meta property=\"article:published_time\" content=\"2025-04-26T06:15:03+00:00\" \/>\n<meta property=\"og:image\" content=\"https:\/\/wobronietradycjiiwiary.com\/wp-content\/uploads\/2021\/04\/Marcellinus_Pope_Met_DP890931-scaled.jpg\" \/>\n\t<meta property=\"og:image:width\" content=\"1505\" \/>\n\t<meta property=\"og:image:height\" content=\"1920\" \/>\n\t<meta property=\"og:image:type\" content=\"image\/jpeg\" \/>\n<meta name=\"author\" content=\"Traditio et Fides\" \/>\n<meta name=\"twitter:card\" content=\"summary_large_image\" \/>\n<meta name=\"twitter:label1\" content=\"Napisane przez\" \/>\n\t<meta name=\"twitter:data1\" content=\"Traditio et Fides\" \/>\n\t<meta name=\"twitter:label2\" content=\"Szacowany czas czytania\" \/>\n\t<meta name=\"twitter:data2\" content=\"8 minut\" \/>\n<script type=\"application\/ld+json\" class=\"yoast-schema-graph\">{\"@context\":\"https:\\\/\\\/schema.org\",\"@graph\":[{\"@type\":\"Article\",\"@id\":\"https:\\\/\\\/wobronietradycjiiwiary.com\\\/26-go-kwietnia-zywot-swietego-marcelina-papieza-2-2-3\\\/#article\",\"isPartOf\":{\"@id\":\"https:\\\/\\\/wobronietradycjiiwiary.com\\\/26-go-kwietnia-zywot-swietego-marcelina-papieza-2-2-3\\\/\"},\"author\":{\"name\":\"Traditio et Fides\",\"@id\":\"https:\\\/\\\/wobronietradycjiiwiary.com\\\/pl\\\/#\\\/schema\\\/person\\\/2d6180ce6abcb681fef0daab7816e8f3\"},\"headline\":\"26-go Kwietnia. \u017bywot \u015bwi\u0119tego Marcelina, Papie\u017ca.\",\"datePublished\":\"2025-04-26T06:15:03+00:00\",\"mainEntityOfPage\":{\"@id\":\"https:\\\/\\\/wobronietradycjiiwiary.com\\\/26-go-kwietnia-zywot-swietego-marcelina-papieza-2-2-3\\\/\"},\"wordCount\":1548,\"commentCount\":0,\"publisher\":{\"@id\":\"https:\\\/\\\/wobronietradycjiiwiary.com\\\/pl\\\/#organization\"},\"image\":{\"@id\":\"https:\\\/\\\/wobronietradycjiiwiary.com\\\/26-go-kwietnia-zywot-swietego-marcelina-papieza-2-2-3\\\/#primaryimage\"},\"thumbnailUrl\":\"https:\\\/\\\/wobronietradycjiiwiary.com\\\/wp-content\\\/uploads\\\/2021\\\/04\\\/Marcellinus_Pope_Met_DP890931-scaled.jpg\",\"keywords\":[\"m\u0119scy \u015bwi\u0119ci\"],\"articleSection\":[\"04. \u015awi\u0119ta w kwietniu\",\"Duchowo\u015b\u0107\",\"Liturgia i liturgika\",\"M\u0119scy \u015bwi\u0119ci\",\"Rozwa\u017cania liturgiczne\",\"\u017bywoty \u015awi\u0119tych\"],\"inLanguage\":\"pl-PL\",\"potentialAction\":[{\"@type\":\"CommentAction\",\"name\":\"Comment\",\"target\":[\"https:\\\/\\\/wobronietradycjiiwiary.com\\\/26-go-kwietnia-zywot-swietego-marcelina-papieza-2-2-3\\\/#respond\"]}]},{\"@type\":\"WebPage\",\"@id\":\"https:\\\/\\\/wobronietradycjiiwiary.com\\\/26-go-kwietnia-zywot-swietego-marcelina-papieza-2-2-3\\\/\",\"url\":\"https:\\\/\\\/wobronietradycjiiwiary.com\\\/26-go-kwietnia-zywot-swietego-marcelina-papieza-2-2-3\\\/\",\"name\":\"26-go Kwietnia. \u017bywot \u015bwi\u0119tego Marcelina, Papie\u017ca. - Tradycja i Wiara\",\"isPartOf\":{\"@id\":\"https:\\\/\\\/wobronietradycjiiwiary.com\\\/pl\\\/#website\"},\"primaryImageOfPage\":{\"@id\":\"https:\\\/\\\/wobronietradycjiiwiary.com\\\/26-go-kwietnia-zywot-swietego-marcelina-papieza-2-2-3\\\/#primaryimage\"},\"image\":{\"@id\":\"https:\\\/\\\/wobronietradycjiiwiary.com\\\/26-go-kwietnia-zywot-swietego-marcelina-papieza-2-2-3\\\/#primaryimage\"},\"thumbnailUrl\":\"https:\\\/\\\/wobronietradycjiiwiary.com\\\/wp-content\\\/uploads\\\/2021\\\/04\\\/Marcellinus_Pope_Met_DP890931-scaled.jpg\",\"datePublished\":\"2025-04-26T06:15:03+00:00\",\"breadcrumb\":{\"@id\":\"https:\\\/\\\/wobronietradycjiiwiary.com\\\/26-go-kwietnia-zywot-swietego-marcelina-papieza-2-2-3\\\/#breadcrumb\"},\"inLanguage\":\"pl-PL\",\"potentialAction\":[{\"@type\":\"ReadAction\",\"target\":[\"https:\\\/\\\/wobronietradycjiiwiary.com\\\/26-go-kwietnia-zywot-swietego-marcelina-papieza-2-2-3\\\/\"]}]},{\"@type\":\"ImageObject\",\"inLanguage\":\"pl-PL\",\"@id\":\"https:\\\/\\\/wobronietradycjiiwiary.com\\\/26-go-kwietnia-zywot-swietego-marcelina-papieza-2-2-3\\\/#primaryimage\",\"url\":\"https:\\\/\\\/wobronietradycjiiwiary.com\\\/wp-content\\\/uploads\\\/2021\\\/04\\\/Marcellinus_Pope_Met_DP890931-scaled.jpg\",\"contentUrl\":\"https:\\\/\\\/wobronietradycjiiwiary.com\\\/wp-content\\\/uploads\\\/2021\\\/04\\\/Marcellinus_Pope_Met_DP890931-scaled.jpg\",\"width\":1505,\"height\":1920},{\"@type\":\"BreadcrumbList\",\"@id\":\"https:\\\/\\\/wobronietradycjiiwiary.com\\\/26-go-kwietnia-zywot-swietego-marcelina-papieza-2-2-3\\\/#breadcrumb\",\"itemListElement\":[{\"@type\":\"ListItem\",\"position\":1,\"name\":\"Strona g\u0142\u00f3wna\",\"item\":\"https:\\\/\\\/wobronietradycjiiwiary.com\\\/\"},{\"@type\":\"ListItem\",\"position\":2,\"name\":\"26-go Kwietnia. \u017bywot \u015bwi\u0119tego Marcelina, Papie\u017ca.\"}]},{\"@type\":\"WebSite\",\"@id\":\"https:\\\/\\\/wobronietradycjiiwiary.com\\\/pl\\\/#website\",\"url\":\"https:\\\/\\\/wobronietradycjiiwiary.com\\\/pl\\\/\",\"name\":\"Tradycja i Wiara\",\"description\":\"Portal dla katolik\u00f3w.\",\"publisher\":{\"@id\":\"https:\\\/\\\/wobronietradycjiiwiary.com\\\/pl\\\/#organization\"},\"potentialAction\":[{\"@type\":\"SearchAction\",\"target\":{\"@type\":\"EntryPoint\",\"urlTemplate\":\"https:\\\/\\\/wobronietradycjiiwiary.com\\\/pl\\\/?s={search_term_string}\"},\"query-input\":{\"@type\":\"PropertyValueSpecification\",\"valueRequired\":true,\"valueName\":\"search_term_string\"}}],\"inLanguage\":\"pl-PL\"},{\"@type\":\"Organization\",\"@id\":\"https:\\\/\\\/wobronietradycjiiwiary.com\\\/pl\\\/#organization\",\"name\":\"Tradycja i Wiara\",\"url\":\"https:\\\/\\\/wobronietradycjiiwiary.com\\\/pl\\\/\",\"logo\":{\"@type\":\"ImageObject\",\"inLanguage\":\"pl-PL\",\"@id\":\"https:\\\/\\\/wobronietradycjiiwiary.com\\\/pl\\\/#\\\/schema\\\/logo\\\/image\\\/\",\"url\":\"https:\\\/\\\/i0.wp.com\\\/wobronietradycjiiwiary.com\\\/wp-content\\\/uploads\\\/2015\\\/10\\\/cropped-st-peters-dome-vatican.jpg?fit=940%2C198&ssl=1\",\"contentUrl\":\"https:\\\/\\\/i0.wp.com\\\/wobronietradycjiiwiary.com\\\/wp-content\\\/uploads\\\/2015\\\/10\\\/cropped-st-peters-dome-vatican.jpg?fit=940%2C198&ssl=1\",\"width\":940,\"height\":198,\"caption\":\"Tradycja i Wiara\"},\"image\":{\"@id\":\"https:\\\/\\\/wobronietradycjiiwiary.com\\\/pl\\\/#\\\/schema\\\/logo\\\/image\\\/\"},\"sameAs\":[\"https:\\\/\\\/www.facebook.com\\\/Tradycja-i-Wiara-108813920592249\"]},{\"@type\":\"Person\",\"@id\":\"https:\\\/\\\/wobronietradycjiiwiary.com\\\/pl\\\/#\\\/schema\\\/person\\\/2d6180ce6abcb681fef0daab7816e8f3\",\"name\":\"Traditio et Fides\",\"sameAs\":[\"https:\\\/\\\/traditionundglauben.com\"],\"url\":\"https:\\\/\\\/wobronietradycjiiwiary.com\\\/pl\\\/author\\\/wobronietradycjiiwiary\\\/\"}]}<\/script>\n<!-- \/ Yoast SEO plugin. -->","yoast_head_json":{"title":"26-go Kwietnia. \u017bywot \u015bwi\u0119tego Marcelina, Papie\u017ca. - Tradycja i Wiara","robots":{"index":"index","follow":"follow","max-snippet":"max-snippet:-1","max-image-preview":"max-image-preview:large","max-video-preview":"max-video-preview:-1"},"canonical":"https:\/\/wobronietradycjiiwiary.com\/pl\/26-go-kwietnia-zywot-swietego-marcelina-papieza-2-2-3\/","og_locale":"pl_PL","og_type":"article","og_title":"26-go Kwietnia. \u017bywot \u015bwi\u0119tego Marcelina, Papie\u017ca. - Tradycja i Wiara","og_description":"Wi\u0119c ju\u017c przed Franciszkiem mieli\u015bmy papie\u017ca-odst\u0119pc\u0119, kt\u00f3ry ofiarowa\u0142 kadzid\u0142o nie Pachamamie, ale Izydzie i We\u015bcie. Ju\u017c w roku 180 biskup\u00f3w radzi\u0142o, jak to z\u0142o\u017cy\u0107 z urz\u0119du, a\u017c przekonano go, by sam ust\u0105pi\u0142. Umar\u0142 jako m\u0119czennik i \u015bwi\u0119ty, wi\u0119c wszystko mo\u017cliwe, a sam \u015bw. Piotr zatroszczy\u0142 si\u0119 o pochowanie jego cia\u0142a.","og_url":"https:\/\/wobronietradycjiiwiary.com\/pl\/26-go-kwietnia-zywot-swietego-marcelina-papieza-2-2-3\/","og_site_name":"Tradycja i Wiara","article_publisher":"https:\/\/www.facebook.com\/Tradycja-i-Wiara-108813920592249","article_published_time":"2025-04-26T06:15:03+00:00","og_image":[{"width":1505,"height":1920,"url":"https:\/\/wobronietradycjiiwiary.com\/wp-content\/uploads\/2021\/04\/Marcellinus_Pope_Met_DP890931-scaled.jpg","type":"image\/jpeg"}],"author":"Traditio et Fides","twitter_card":"summary_large_image","twitter_misc":{"Napisane przez":"Traditio et Fides","Szacowany czas czytania":"8 minut"},"schema":{"@context":"https:\/\/schema.org","@graph":[{"@type":"Article","@id":"https:\/\/wobronietradycjiiwiary.com\/26-go-kwietnia-zywot-swietego-marcelina-papieza-2-2-3\/#article","isPartOf":{"@id":"https:\/\/wobronietradycjiiwiary.com\/26-go-kwietnia-zywot-swietego-marcelina-papieza-2-2-3\/"},"author":{"name":"Traditio et Fides","@id":"https:\/\/wobronietradycjiiwiary.com\/pl\/#\/schema\/person\/2d6180ce6abcb681fef0daab7816e8f3"},"headline":"26-go Kwietnia. \u017bywot \u015bwi\u0119tego Marcelina, Papie\u017ca.","datePublished":"2025-04-26T06:15:03+00:00","mainEntityOfPage":{"@id":"https:\/\/wobronietradycjiiwiary.com\/26-go-kwietnia-zywot-swietego-marcelina-papieza-2-2-3\/"},"wordCount":1548,"commentCount":0,"publisher":{"@id":"https:\/\/wobronietradycjiiwiary.com\/pl\/#organization"},"image":{"@id":"https:\/\/wobronietradycjiiwiary.com\/26-go-kwietnia-zywot-swietego-marcelina-papieza-2-2-3\/#primaryimage"},"thumbnailUrl":"https:\/\/wobronietradycjiiwiary.com\/wp-content\/uploads\/2021\/04\/Marcellinus_Pope_Met_DP890931-scaled.jpg","keywords":["m\u0119scy \u015bwi\u0119ci"],"articleSection":["04. \u015awi\u0119ta w kwietniu","Duchowo\u015b\u0107","Liturgia i liturgika","M\u0119scy \u015bwi\u0119ci","Rozwa\u017cania liturgiczne","\u017bywoty \u015awi\u0119tych"],"inLanguage":"pl-PL","potentialAction":[{"@type":"CommentAction","name":"Comment","target":["https:\/\/wobronietradycjiiwiary.com\/26-go-kwietnia-zywot-swietego-marcelina-papieza-2-2-3\/#respond"]}]},{"@type":"WebPage","@id":"https:\/\/wobronietradycjiiwiary.com\/26-go-kwietnia-zywot-swietego-marcelina-papieza-2-2-3\/","url":"https:\/\/wobronietradycjiiwiary.com\/26-go-kwietnia-zywot-swietego-marcelina-papieza-2-2-3\/","name":"26-go Kwietnia. \u017bywot \u015bwi\u0119tego Marcelina, Papie\u017ca. - Tradycja i Wiara","isPartOf":{"@id":"https:\/\/wobronietradycjiiwiary.com\/pl\/#website"},"primaryImageOfPage":{"@id":"https:\/\/wobronietradycjiiwiary.com\/26-go-kwietnia-zywot-swietego-marcelina-papieza-2-2-3\/#primaryimage"},"image":{"@id":"https:\/\/wobronietradycjiiwiary.com\/26-go-kwietnia-zywot-swietego-marcelina-papieza-2-2-3\/#primaryimage"},"thumbnailUrl":"https:\/\/wobronietradycjiiwiary.com\/wp-content\/uploads\/2021\/04\/Marcellinus_Pope_Met_DP890931-scaled.jpg","datePublished":"2025-04-26T06:15:03+00:00","breadcrumb":{"@id":"https:\/\/wobronietradycjiiwiary.com\/26-go-kwietnia-zywot-swietego-marcelina-papieza-2-2-3\/#breadcrumb"},"inLanguage":"pl-PL","potentialAction":[{"@type":"ReadAction","target":["https:\/\/wobronietradycjiiwiary.com\/26-go-kwietnia-zywot-swietego-marcelina-papieza-2-2-3\/"]}]},{"@type":"ImageObject","inLanguage":"pl-PL","@id":"https:\/\/wobronietradycjiiwiary.com\/26-go-kwietnia-zywot-swietego-marcelina-papieza-2-2-3\/#primaryimage","url":"https:\/\/wobronietradycjiiwiary.com\/wp-content\/uploads\/2021\/04\/Marcellinus_Pope_Met_DP890931-scaled.jpg","contentUrl":"https:\/\/wobronietradycjiiwiary.com\/wp-content\/uploads\/2021\/04\/Marcellinus_Pope_Met_DP890931-scaled.jpg","width":1505,"height":1920},{"@type":"BreadcrumbList","@id":"https:\/\/wobronietradycjiiwiary.com\/26-go-kwietnia-zywot-swietego-marcelina-papieza-2-2-3\/#breadcrumb","itemListElement":[{"@type":"ListItem","position":1,"name":"Strona g\u0142\u00f3wna","item":"https:\/\/wobronietradycjiiwiary.com\/"},{"@type":"ListItem","position":2,"name":"26-go Kwietnia. \u017bywot \u015bwi\u0119tego Marcelina, Papie\u017ca."}]},{"@type":"WebSite","@id":"https:\/\/wobronietradycjiiwiary.com\/pl\/#website","url":"https:\/\/wobronietradycjiiwiary.com\/pl\/","name":"Tradycja i Wiara","description":"Portal dla katolik\u00f3w.","publisher":{"@id":"https:\/\/wobronietradycjiiwiary.com\/pl\/#organization"},"potentialAction":[{"@type":"SearchAction","target":{"@type":"EntryPoint","urlTemplate":"https:\/\/wobronietradycjiiwiary.com\/pl\/?s={search_term_string}"},"query-input":{"@type":"PropertyValueSpecification","valueRequired":true,"valueName":"search_term_string"}}],"inLanguage":"pl-PL"},{"@type":"Organization","@id":"https:\/\/wobronietradycjiiwiary.com\/pl\/#organization","name":"Tradycja i Wiara","url":"https:\/\/wobronietradycjiiwiary.com\/pl\/","logo":{"@type":"ImageObject","inLanguage":"pl-PL","@id":"https:\/\/wobronietradycjiiwiary.com\/pl\/#\/schema\/logo\/image\/","url":"https:\/\/i0.wp.com\/wobronietradycjiiwiary.com\/wp-content\/uploads\/2015\/10\/cropped-st-peters-dome-vatican.jpg?fit=940%2C198&ssl=1","contentUrl":"https:\/\/i0.wp.com\/wobronietradycjiiwiary.com\/wp-content\/uploads\/2015\/10\/cropped-st-peters-dome-vatican.jpg?fit=940%2C198&ssl=1","width":940,"height":198,"caption":"Tradycja i Wiara"},"image":{"@id":"https:\/\/wobronietradycjiiwiary.com\/pl\/#\/schema\/logo\/image\/"},"sameAs":["https:\/\/www.facebook.com\/Tradycja-i-Wiara-108813920592249"]},{"@type":"Person","@id":"https:\/\/wobronietradycjiiwiary.com\/pl\/#\/schema\/person\/2d6180ce6abcb681fef0daab7816e8f3","name":"Traditio et Fides","sameAs":["https:\/\/traditionundglauben.com"],"url":"https:\/\/wobronietradycjiiwiary.com\/pl\/author\/wobronietradycjiiwiary\/"}]}},"jetpack_publicize_connections":[],"jetpack_sharing_enabled":true,"jetpack_likes_enabled":true,"jetpack_shortlink":"https:\/\/wp.me\/pc04Sd-zFZ","jetpack-related-posts":[{"id":88661,"url":"https:\/\/wobronietradycjiiwiary.com\/pl\/26-go-kwietnia-zywot-swietego-marcelina-papieza-2-2\/","url_meta":{"origin":137143,"position":0},"title":"26-go Kwietnia. \u017bywot \u015bwi\u0119tego Marcelina, Papie\u017ca.","author":"Traditio et Fides","date":"26 kwietnia 2023","format":false,"excerpt":"Wi\u0119c ju\u017c przed Franciszkiem mieli\u015bmy papie\u017ca-odst\u0119pc\u0119, kt\u00f3ry ofiarowa\u0142 kadzid\u0142o nie Pachamamie, ale Izydzie i We\u015bcie. Ju\u017c w roku 180 biskup\u00f3w radzi\u0142o, jak to z\u0142o\u017cy\u0107 z urz\u0119du, a\u017c przekonano go, by sam ust\u0105pi\u0142. Umar\u0142 jako m\u0119czennik i \u015bwi\u0119ty, wi\u0119c wszystko mo\u017cliwe, a sam \u015bw. Piotr zatroszczy\u0142 si\u0119 o pochowanie jego cia\u0142a.","rel":"","context":"W \u201e04. \u015awi\u0119ta w kwietniu&quot;","block_context":{"text":"04. \u015awi\u0119ta w kwietniu","link":"https:\/\/wobronietradycjiiwiary.com\/pl\/category\/duchowosc\/liturgia-i-liturgika\/rozwazania\/rok-liturgiczny\/swieta-w-kwietniu\/"},"img":{"alt_text":"","src":"https:\/\/i0.wp.com\/wobronietradycjiiwiary.com\/wp-content\/uploads\/2021\/04\/Marcellinus_Pope_Met_DP890931-scaled.jpg?resize=350%2C200&ssl=1","width":350,"height":200,"srcset":"https:\/\/i0.wp.com\/wobronietradycjiiwiary.com\/wp-content\/uploads\/2021\/04\/Marcellinus_Pope_Met_DP890931-scaled.jpg?resize=350%2C200&ssl=1 1x, https:\/\/i0.wp.com\/wobronietradycjiiwiary.com\/wp-content\/uploads\/2021\/04\/Marcellinus_Pope_Met_DP890931-scaled.jpg?resize=525%2C300&ssl=1 1.5x, https:\/\/i0.wp.com\/wobronietradycjiiwiary.com\/wp-content\/uploads\/2021\/04\/Marcellinus_Pope_Met_DP890931-scaled.jpg?resize=700%2C400&ssl=1 2x, https:\/\/i0.wp.com\/wobronietradycjiiwiary.com\/wp-content\/uploads\/2021\/04\/Marcellinus_Pope_Met_DP890931-scaled.jpg?resize=1050%2C600&ssl=1 3x, https:\/\/i0.wp.com\/wobronietradycjiiwiary.com\/wp-content\/uploads\/2021\/04\/Marcellinus_Pope_Met_DP890931-scaled.jpg?resize=1400%2C800&ssl=1 4x"},"classes":[]},{"id":45894,"url":"https:\/\/wobronietradycjiiwiary.com\/pl\/26-go-kwietnia-zywot-swietego-marcelina-papieza\/","url_meta":{"origin":137143,"position":1},"title":"26-go Kwietnia. \u017bywot \u015bwi\u0119tego Marcelina, Papie\u017ca.","author":"Traditio et Fides","date":"26 kwietnia 2021","format":false,"excerpt":"Wi\u0119c ju\u017c przed Franciszkiem mieli\u015bmy papie\u017ca-odst\u0119pc\u0119, kt\u00f3ry ofiarowa\u0142 kadzid\u0142o nie Pachamamie, ale Izydzie i We\u015bcie. Ju\u017c w roku 180 biskup\u00f3w radzi\u0142o, jak to z\u0142o\u017cy\u0107 z urz\u0119du, a\u017c przekonano go, by sam ust\u0105pi\u0142. Umar\u0142 jako m\u0119czennik i \u015bwi\u0119ty, wi\u0119c wszystko mo\u017cliwe, a sam \u015bw. Piotr zatroszczy\u0142 si\u0119 o pochowanie jego cia\u0142a.","rel":"","context":"W \u201e04. \u015awi\u0119ta w kwietniu&quot;","block_context":{"text":"04. \u015awi\u0119ta w kwietniu","link":"https:\/\/wobronietradycjiiwiary.com\/pl\/category\/duchowosc\/liturgia-i-liturgika\/rozwazania\/rok-liturgiczny\/swieta-w-kwietniu\/"},"img":{"alt_text":"","src":"https:\/\/i0.wp.com\/wobronietradycjiiwiary.com\/wp-content\/uploads\/2021\/04\/Marcellinus_Pope_Met_DP890931-scaled.jpg?resize=350%2C200&ssl=1","width":350,"height":200,"srcset":"https:\/\/i0.wp.com\/wobronietradycjiiwiary.com\/wp-content\/uploads\/2021\/04\/Marcellinus_Pope_Met_DP890931-scaled.jpg?resize=350%2C200&ssl=1 1x, https:\/\/i0.wp.com\/wobronietradycjiiwiary.com\/wp-content\/uploads\/2021\/04\/Marcellinus_Pope_Met_DP890931-scaled.jpg?resize=525%2C300&ssl=1 1.5x, https:\/\/i0.wp.com\/wobronietradycjiiwiary.com\/wp-content\/uploads\/2021\/04\/Marcellinus_Pope_Met_DP890931-scaled.jpg?resize=700%2C400&ssl=1 2x, https:\/\/i0.wp.com\/wobronietradycjiiwiary.com\/wp-content\/uploads\/2021\/04\/Marcellinus_Pope_Met_DP890931-scaled.jpg?resize=1050%2C600&ssl=1 3x, https:\/\/i0.wp.com\/wobronietradycjiiwiary.com\/wp-content\/uploads\/2021\/04\/Marcellinus_Pope_Met_DP890931-scaled.jpg?resize=1400%2C800&ssl=1 4x"},"classes":[]},{"id":65793,"url":"https:\/\/wobronietradycjiiwiary.com\/pl\/26-go-kwietnia-zywot-swietego-marcelina-papieza-2\/","url_meta":{"origin":137143,"position":2},"title":"26-go Kwietnia. \u017bywot \u015bwi\u0119tego Marcelina, Papie\u017ca.","author":"Traditio et Fides","date":"26 kwietnia 2022","format":false,"excerpt":"Wi\u0119c ju\u017c przed Franciszkiem mieli\u015bmy papie\u017ca-odst\u0119pc\u0119, kt\u00f3ry ofiarowa\u0142 kadzid\u0142o nie Pachamamie, ale Izydzie i We\u015bcie. Ju\u017c w roku 180 biskup\u00f3w radzi\u0142o, jak to z\u0142o\u017cy\u0107 z urz\u0119du, a\u017c przekonano go, by sam ust\u0105pi\u0142. Umar\u0142 jako m\u0119czennik i \u015bwi\u0119ty, wi\u0119c wszystko mo\u017cliwe, a sam \u015bw. Piotr zatroszczy\u0142 si\u0119 o pochowanie jego cia\u0142a.","rel":"","context":"W \u201e04. \u015awi\u0119ta w kwietniu&quot;","block_context":{"text":"04. \u015awi\u0119ta w kwietniu","link":"https:\/\/wobronietradycjiiwiary.com\/pl\/category\/duchowosc\/liturgia-i-liturgika\/rozwazania\/rok-liturgiczny\/swieta-w-kwietniu\/"},"img":{"alt_text":"","src":"https:\/\/i0.wp.com\/wobronietradycjiiwiary.com\/wp-content\/uploads\/2021\/04\/Marcellinus_Pope_Met_DP890931-scaled.jpg?resize=350%2C200&ssl=1","width":350,"height":200,"srcset":"https:\/\/i0.wp.com\/wobronietradycjiiwiary.com\/wp-content\/uploads\/2021\/04\/Marcellinus_Pope_Met_DP890931-scaled.jpg?resize=350%2C200&ssl=1 1x, https:\/\/i0.wp.com\/wobronietradycjiiwiary.com\/wp-content\/uploads\/2021\/04\/Marcellinus_Pope_Met_DP890931-scaled.jpg?resize=525%2C300&ssl=1 1.5x, https:\/\/i0.wp.com\/wobronietradycjiiwiary.com\/wp-content\/uploads\/2021\/04\/Marcellinus_Pope_Met_DP890931-scaled.jpg?resize=700%2C400&ssl=1 2x, https:\/\/i0.wp.com\/wobronietradycjiiwiary.com\/wp-content\/uploads\/2021\/04\/Marcellinus_Pope_Met_DP890931-scaled.jpg?resize=1050%2C600&ssl=1 3x, https:\/\/i0.wp.com\/wobronietradycjiiwiary.com\/wp-content\/uploads\/2021\/04\/Marcellinus_Pope_Met_DP890931-scaled.jpg?resize=1400%2C800&ssl=1 4x"},"classes":[]},{"id":137093,"url":"https:\/\/wobronietradycjiiwiary.com\/pl\/26-go-kwietnia-zywot-swietego-marcelina-papieza-2-2-4\/","url_meta":{"origin":137143,"position":3},"title":"26-go Kwietnia. \u017bywot \u015bwi\u0119tego Marcelina, Papie\u017ca.","author":"Traditio et Fides","date":"26 kwietnia 2026","format":false,"excerpt":"Wi\u0119c ju\u017c przed Franciszkiem mieli\u015bmy papie\u017ca-odst\u0119pc\u0119, kt\u00f3ry ofiarowa\u0142 kadzid\u0142o nie Pachamamie, ale Izydzie i We\u015bcie. Ju\u017c w roku 180 biskup\u00f3w radzi\u0142o, jak to z\u0142o\u017cy\u0107 z urz\u0119du, a\u017c przekonano go, by sam ust\u0105pi\u0142. Umar\u0142 jako m\u0119czennik i \u015bwi\u0119ty, wi\u0119c wszystko mo\u017cliwe, a sam \u015bw. Piotr zatroszczy\u0142 si\u0119 o pochowanie jego cia\u0142a.","rel":"","context":"W \u201e04. \u015awi\u0119ta w kwietniu&quot;","block_context":{"text":"04. \u015awi\u0119ta w kwietniu","link":"https:\/\/wobronietradycjiiwiary.com\/pl\/category\/duchowosc\/liturgia-i-liturgika\/rozwazania\/rok-liturgiczny\/swieta-w-kwietniu\/"},"img":{"alt_text":"","src":"https:\/\/i0.wp.com\/wobronietradycjiiwiary.com\/wp-content\/uploads\/2021\/04\/Marcellinus_Pope_Met_DP890931-scaled.jpg?resize=350%2C200&ssl=1","width":350,"height":200,"srcset":"https:\/\/i0.wp.com\/wobronietradycjiiwiary.com\/wp-content\/uploads\/2021\/04\/Marcellinus_Pope_Met_DP890931-scaled.jpg?resize=350%2C200&ssl=1 1x, https:\/\/i0.wp.com\/wobronietradycjiiwiary.com\/wp-content\/uploads\/2021\/04\/Marcellinus_Pope_Met_DP890931-scaled.jpg?resize=525%2C300&ssl=1 1.5x, https:\/\/i0.wp.com\/wobronietradycjiiwiary.com\/wp-content\/uploads\/2021\/04\/Marcellinus_Pope_Met_DP890931-scaled.jpg?resize=700%2C400&ssl=1 2x, https:\/\/i0.wp.com\/wobronietradycjiiwiary.com\/wp-content\/uploads\/2021\/04\/Marcellinus_Pope_Met_DP890931-scaled.jpg?resize=1050%2C600&ssl=1 3x, https:\/\/i0.wp.com\/wobronietradycjiiwiary.com\/wp-content\/uploads\/2021\/04\/Marcellinus_Pope_Met_DP890931-scaled.jpg?resize=1400%2C800&ssl=1 4x"},"classes":[]},{"id":115304,"url":"https:\/\/wobronietradycjiiwiary.com\/pl\/26-go-kwietnia-zywot-swietego-marcelina-papieza-2-2-2\/","url_meta":{"origin":137143,"position":4},"title":"26-go Kwietnia. \u017bywot \u015bwi\u0119tego Marcelina, Papie\u017ca.","author":"Traditio et Fides","date":"26 kwietnia 2024","format":false,"excerpt":"Wi\u0119c ju\u017c przed Franciszkiem mieli\u015bmy papie\u017ca-odst\u0119pc\u0119, kt\u00f3ry ofiarowa\u0142 kadzid\u0142o nie Pachamamie, ale Izydzie i We\u015bcie. Ju\u017c w roku 180 biskup\u00f3w radzi\u0142o, jak to z\u0142o\u017cy\u0107 z urz\u0119du, a\u017c przekonano go, by sam ust\u0105pi\u0142. Umar\u0142 jako m\u0119czennik i \u015bwi\u0119ty, wi\u0119c wszystko mo\u017cliwe, a sam \u015bw. Piotr zatroszczy\u0142 si\u0119 o pochowanie jego cia\u0142a.","rel":"","context":"W \u201e04. \u015awi\u0119ta w kwietniu&quot;","block_context":{"text":"04. \u015awi\u0119ta w kwietniu","link":"https:\/\/wobronietradycjiiwiary.com\/pl\/category\/duchowosc\/liturgia-i-liturgika\/rozwazania\/rok-liturgiczny\/swieta-w-kwietniu\/"},"img":{"alt_text":"","src":"https:\/\/i0.wp.com\/wobronietradycjiiwiary.com\/wp-content\/uploads\/2021\/04\/Marcellinus_Pope_Met_DP890931-scaled.jpg?resize=350%2C200&ssl=1","width":350,"height":200,"srcset":"https:\/\/i0.wp.com\/wobronietradycjiiwiary.com\/wp-content\/uploads\/2021\/04\/Marcellinus_Pope_Met_DP890931-scaled.jpg?resize=350%2C200&ssl=1 1x, https:\/\/i0.wp.com\/wobronietradycjiiwiary.com\/wp-content\/uploads\/2021\/04\/Marcellinus_Pope_Met_DP890931-scaled.jpg?resize=525%2C300&ssl=1 1.5x, https:\/\/i0.wp.com\/wobronietradycjiiwiary.com\/wp-content\/uploads\/2021\/04\/Marcellinus_Pope_Met_DP890931-scaled.jpg?resize=700%2C400&ssl=1 2x, https:\/\/i0.wp.com\/wobronietradycjiiwiary.com\/wp-content\/uploads\/2021\/04\/Marcellinus_Pope_Met_DP890931-scaled.jpg?resize=1050%2C600&ssl=1 3x, https:\/\/i0.wp.com\/wobronietradycjiiwiary.com\/wp-content\/uploads\/2021\/04\/Marcellinus_Pope_Met_DP890931-scaled.jpg?resize=1400%2C800&ssl=1 4x"},"classes":[]},{"id":83502,"url":"https:\/\/wobronietradycjiiwiary.com\/pl\/16-go-stycznia-zywot-swietego-marcelego-papieza-i-meczennika-3-2\/","url_meta":{"origin":137143,"position":5},"title":"16-go Stycznia. \u017bywot \u015bwi\u0119tego Marcelego, Papie\u017ca i M\u0119czennika.","author":"Traditio et Fides","date":"16 stycznia 2023","format":false,"excerpt":"\u015bw. Marceli papie\u017c sprz\u0105ta\u0142 odchody po zwierz\u0119tach w cyrku, przez co jego autorytet ani osobisty ani papieski nie ucierpia\u0142. I ka\u017cdy papie\u017c tamtych czas\u00f3w przygotowany by\u0142 na \u015bmier\u0107 i m\u0119cze\u0144stwo.","rel":"","context":"W \u201e01. \u015awi\u0119ta w styczniu&quot;","block_context":{"text":"01. \u015awi\u0119ta w styczniu","link":"https:\/\/wobronietradycjiiwiary.com\/pl\/category\/duchowosc\/liturgia-i-liturgika\/rozwazania\/rok-liturgiczny\/swieta-w-styczniu\/"},"img":{"alt_text":"","src":"https:\/\/i0.wp.com\/wobronietradycjiiwiary.com\/wp-content\/uploads\/2021\/01\/Marcelus-pope.jpg?resize=350%2C200&ssl=1","width":350,"height":200},"classes":[]}],"amp_enabled":true,"jetpack_featured_media_url":"https:\/\/wobronietradycjiiwiary.com\/wp-content\/uploads\/2021\/04\/Marcellinus_Pope_Met_DP890931-scaled.jpg","_links":{"self":[{"href":"https:\/\/wobronietradycjiiwiary.com\/pl\/wp-json\/wp\/v2\/posts\/137143","targetHints":{"allow":["GET"]}}],"collection":[{"href":"https:\/\/wobronietradycjiiwiary.com\/pl\/wp-json\/wp\/v2\/posts"}],"about":[{"href":"https:\/\/wobronietradycjiiwiary.com\/pl\/wp-json\/wp\/v2\/types\/post"}],"author":[{"embeddable":true,"href":"https:\/\/wobronietradycjiiwiary.com\/pl\/wp-json\/wp\/v2\/users\/60508433"}],"replies":[{"embeddable":true,"href":"https:\/\/wobronietradycjiiwiary.com\/pl\/wp-json\/wp\/v2\/comments?post=137143"}],"version-history":[{"count":1,"href":"https:\/\/wobronietradycjiiwiary.com\/pl\/wp-json\/wp\/v2\/posts\/137143\/revisions"}],"predecessor-version":[{"id":137169,"href":"https:\/\/wobronietradycjiiwiary.com\/pl\/wp-json\/wp\/v2\/posts\/137143\/revisions\/137169"}],"wp:featuredmedia":[{"embeddable":true,"href":"https:\/\/wobronietradycjiiwiary.com\/pl\/wp-json\/wp\/v2\/media\/45900"}],"wp:attachment":[{"href":"https:\/\/wobronietradycjiiwiary.com\/pl\/wp-json\/wp\/v2\/media?parent=137143"}],"wp:term":[{"taxonomy":"category","embeddable":true,"href":"https:\/\/wobronietradycjiiwiary.com\/pl\/wp-json\/wp\/v2\/categories?post=137143"},{"taxonomy":"post_tag","embeddable":true,"href":"https:\/\/wobronietradycjiiwiary.com\/pl\/wp-json\/wp\/v2\/tags?post=137143"}],"curies":[{"name":"wp","href":"https:\/\/api.w.org\/{rel}","templated":true}]}}