{"id":1360,"date":"2014-05-24T17:59:35","date_gmt":"2014-05-24T15:59:35","guid":{"rendered":"https:\/\/wobronietradycjiiwiary.com\/?p=1360"},"modified":"2025-02-07T15:11:45","modified_gmt":"2025-02-07T14:11:45","slug":"sw-maria-magdalena-de-pazzi-25-maj","status":"publish","type":"post","link":"https:\/\/wobronietradycjiiwiary.com\/pl\/sw-maria-magdalena-de-pazzi-25-maj\/","title":{"rendered":"\u015aw. Maria Magdalena de Pazzi"},"content":{"rendered":"<div id=\"bsf_rt_marker\"><\/div><p style=\"text-align: justify;\"><span style=\"color: #000080; font-family: verdana, geneva, sans-serif;\">Wspomnienie liturgiczne 25 maja<\/span><\/p>\n<p style=\"text-align: justify;\"><span style=\"font-family: verdana, geneva, sans-serif;\">W historii Ko\u015bcio\u0142a, obok innych chrze\u015bcijan, nie brakowa\u0142o m\u0119\u017cczyzn i kobiet konsekrowanych i po\u015bwi\u0119conych Bogu, kt\u00f3rzy dzi\u0119ki nadzwyczajnym darom Ducha \u015awi\u0119tego, pe\u0142nili autentyczn\u0105 misj\u0119 prorock\u0105, przemawiaj\u0105c w imieniu Boga do wszystkich, r\u00f3wnie\u017c do pasterzy Ko\u015bcio\u0142a. Tak\u0105 by\u0142a \u015bw. Maria Magdalena de Pazzi, kt\u00f3ra z prawdziwie profetycznym zaanga\u017cowaniem przypomina\u0142a wszystkim, szczeg\u00f3lnie pasterzom o ich pasterskich obowi\u0105zkach i powo\u0142aniu do \u015bwi\u0119to\u015bci. Czyni\u0142a to nawet za cen\u0119 wielkiego cierpienia p\u0142yn\u0105cego z niezrozumienia jej przes\u0142ania.<\/span><\/p>\n<p style=\"text-align: justify;\"><span style=\"font-family: verdana, geneva, sans-serif;\">W\u015br\u00f3d ludzi kontemplacji tamtych czas\u00f3w, jedn\u0105 z najbardziej zaanga\u017cowanych w reform\u0119 Ko\u015bcio\u0142a i odnow\u0119 \u017cycia religijnego wszystkich wiernych, by\u0142a niew\u0105tpliwie \u015bw. Maria Magdalena de Pazzi. Odizolowanie i oderwanie od \u015bwiata dostarczy\u0142y tej eminentnej mistyczce ogromn\u0105 zdolno\u015b\u0107 i si\u0142\u0119 ekspansji prawdziwie eklezjalnej, b\u0119d\u0105cej najpewniejszym znakiem ka\u017cdego autentycznego do\u015bwiadczenia mistycznego. Doskona\u0142a znajomo\u015b\u0107 z\u0142a, w kt\u00f3re zosta\u0142a pogr\u0105\u017cona spo\u0142eczno\u015b\u0107 religijna jej czas\u00f3w, prowokowa\u0142a \u015awi\u0119t\u0105 do upomnie\u0144, w kt\u00f3rych mistyczne uniesienia \u0142\u0105czy\u0142y si\u0119 w niej z gor\u0105cym pragnieniem reformy i ekspansji Ko\u015bcio\u0142a. Gor\u0105ca mi\u0142o\u015b\u0107 do Boga, kt\u00f3r\u0105 pa\u0142a\u0142a Maria Magdalena konkretyzowa\u0142a si\u0119 we wra\u017cliwo\u015bci spo\u0142ecznej. Wyrywa\u0142a j\u0105 z samotno\u015bci klasztornej i duchowo czyni\u0142a uczestniczk\u0105 \u017cycia spo\u0142ecznego, mimo i\u017c pozostawa\u0142a ona w \u015bwi\u0119tych murach Karmelu. Z tego powodu Maria Magdalena by\u0142a otwarta na g\u0142\u00f3wne problemy \u00f3wczesnego spo\u0142ecze\u0144stwa i Ko\u015bcio\u0142a. Problemy te zwi\u0105zane by\u0142y g\u0142\u00f3wnie z Kontrreformacj\u0105 i odnow\u0105 w\u0142oskiego \u017cycia religijnego ko\u0144ca XVI i pocz\u0105tku XVII stulecia. Dlatego \u017cycie i dzie\u0142a tej \u015awi\u0119tej s\u0105 \u015bci\u015ble zwi\u0105zane z tym konkretnym momentem historycznym, a dotycz\u0105 g\u0142\u00f3wnie jej wielkiej mi\u0142o\u015bci do Ko\u015bcio\u0142a. Maria Magdalena nie tylko prze\u017cywa\u0142a swoje \u017cycie na modlitwie i ofierze, sk\u0142adaj\u0105c ofiar\u0119 z samej siebie za rozprzestrzenianie kr\u00f3lestwa Bo\u017cego na ziemi i zbawienie dusz nabytych krwi\u0105 Chrystusa, ale wzywa\u0142a do tej ofiary tak\u017ce innych. By\u0142a te\u017c aktywn\u0105 promotork\u0105 reformy Ko\u015bcio\u0142a. Jej eklezjalny niepok\u00f3j dotyczy\u0142 dw\u00f3ch kierunk\u00f3w dzia\u0142ania Ko\u015bcio\u0142a: zewn\u0119trznego, tj. rozprzestrzeniania si\u0119 kr\u00f3lestwa Bo\u017cego a\u017c po kra\u0144ce ziemi i wewn\u0119trznego, dotycz\u0105cego reformy i odnowy Ko\u015bcio\u0142a. Jak wielka by\u0142a pasja i zaanga\u017cowanie tej \u015awi\u0119tej w zbawienie dusz i rozprzestrzenianie si\u0119 kr\u00f3lestwa Bo\u017cego, dowodzi\u0142y jej wsp\u00f3\u0142siostry w czasie procesu beatyfikacyjnego. W\u015br\u00f3d nich by\u0142a Matka Evangelista del Giocondo, mistrzyni i przewodniczka duchowa Marii Magdaleny przez ca\u0142e \u017cycie. Potwierdza\u0142a ona, i\u017c wielokrotnie s\u0142ysza\u0142a mistyczk\u0119 jak ta wo\u0142a\u0142a do Boga, \u017ce gotowa jest pozbawi\u0107 si\u0119 wszelkich pociech i dozna\u0144, p\u0142yn\u0105cych z Bo\u017cej \u0142aski, aby tylko przyczyni\u0107 si\u0119 do zbawienia dusz.<\/span><\/p>\n<p style=\"text-align: justify;\"><span style=\"font-family: verdana, geneva, sans-serif;\">Kap\u0142an\u00f3w Maria Magdalena wielokrotnie nazywa\u0142a \u201echrystusami\u201d (i cristi). Pisa\u0142a m.in.: \u201eNiech \u00abchrystusy\u00bb kap\u0142ani stan\u0105 si\u0119 na nowo \u015bwiat\u0142em \u015bwiata, niech dziewice Chrystusa &#8211; zakonnice nie zostan\u0105 zaliczone do grona dziewic nieroztropnych, niech niewierz\u0105cy i heretycy wejd\u0105, albo powr\u00f3c\u0105 do Bo\u017cej owczarni, niech wszystkie dusze b\u0119d\u0105 zbawione, niech pozwol\u0105, aby krew Chrystusa przenikn\u0119\u0142a je do g\u0142\u0119bi\u201d<\/span><\/p>\n<p style=\"text-align: justify;\"><span style=\"font-family: verdana, geneva, sans-serif;\">Diabe\u0142 kr\u0105\u017cy jak lew<\/span><\/p>\n<p style=\"text-align: justify;\"><span style=\"font-family: verdana, geneva, sans-serif;\">Jedn\u0105 z form diabelskiego dr\u0119czenia by\u0142y zatem np. pokusy przeciwko czysto\u015bci. \u015aw. Maria Magdalena de Pazzi przeciwstawia\u0142a si\u0119 im w ten spos\u00f3b, i\u017c rzuca\u0142a si\u0119 w ciernie. Jednak\u017ce spowiednik w obawie o jej zdrowie zakaza\u0142 jej tego czyni\u0107. Zatem w \u017carliwej modlitwie do Matki Bo\u017cej poprosi\u0142a o jak\u0105\u015b pomoc przeciw tym kuszeniom. I Naj\u015bwi\u0119tsza Pani objawi\u0142a si\u0119 w\u00f3wczas Magdalenie dnia 17 wrze\u015bnia 1587 r., przynosz\u0105c jej pocieszenie, oraz ofiarowuj\u0105c bia\u0142y welon, kt\u00f3ry by\u0142 oznak\u0105 tego, i\u017c w przysz\u0142o\u015bci ju\u017c nigdy wi\u0119cej nie b\u0119dzie ona cierpia\u0142a atak\u00f3w przeciw anielskiej cnocie czysto\u015bci.<\/span><\/p>\n<p style=\"text-align: justify;\"><span style=\"font-family: verdana, geneva, sans-serif;\">Diabe\u0142 stara\u0142 si\u0119 j\u0105 wi\u0119c odci\u0105ga\u0107 od przyst\u0119powania do Naj\u015bwi\u0119tszej Eucharystii, przekonuj\u0105c, i\u017c nie ma Boga, i \u017cycia wiecznego poza tym ziemskim, kt\u00f3re to jest zreszt\u0105 sko\u0144czone, i st\u0105d nie ma sensu przyst\u0119powa\u0107 do Sakrament\u00f3w, kt\u00f3re s\u0105 czcze, czy stanowi\u0105 idolatri\u0119. I \u017ce zosta\u0142y wprowadzone tylko przez fanatyzm. A ona \u2013 tak sugerowa\u0142 diabe\u0142 \u2013 jest zbyt m\u0105dr\u0105, aby przyjmowa\u0107 takie rzeczy. Kuszenia te by\u0142y za\u015b tak silne, i\u017c tak jak wcze\u015bniej \u015bw. Maria Magdalena de Pazzi odczuwa\u0142a niewymown\u0105 rado\u015b\u0107 z przyst\u0119powania do Naj\u015bwi\u0119tszej Eucharystii, tak teraz przechodzi\u0142a prawie \u015bmiertelne m\u0119czarnie. Jednak\u017ce dalej przyst\u0119powa\u0142a do Komunii, mocno trzymaj\u0105c si\u0119 zasad.<\/span><\/p>\n<p style=\"text-align: justify;\"><span style=\"font-family: verdana, geneva, sans-serif;\">Diabe\u0142 zatem widz\u0105c, i\u017c nie mo\u017ce na ni\u0105 wp\u0142yn\u0105\u0107 niewiar\u0105, stara\u0142 si\u0119 podej\u015b\u0107 z innej strony. I zacz\u0105\u0142 j\u0105 z kolei kusi\u0107 czym\u015b przeciwnym, tzn. tym, i\u017c nie powinna przyst\u0119powa\u0107 do Eucharystii, gdy\u017c nie znajduje si\u0119 w stanie \u0142aski. Mimo i\u017c to kuszenie r\u00f3wnie\u017c sprawia\u0142o wiele przykro\u015bci \u015bwi\u0119tej, trwa\u0142a ona jednak na ucz\u0119szczaniu do Naj\u015bwi\u0119tszego Sakramentu.<\/span><\/p>\n<p style=\"text-align: justify;\"><span style=\"font-family: verdana, geneva, sans-serif;\">Diabe\u0142 uciek\u0142 si\u0119 zatem do kolejnego sposobu. Chcia\u0142 jej obrzydzi\u0107 Komuni\u0119 w momencie przyst\u0119powania do Niej. Skoro zatem zbli\u017cy\u0142a si\u0119 do przyj\u0119cia Naj\u015bwi\u0119tszego Sakramentu, w jej wyobra\u017ani pojawi\u0142 si\u0119 niezwykle silny i plastyczny obraz strasznego i gniewnego potwora, kt\u00f3rego oczy b\u0142yska\u0142y ogniem, i z kt\u00f3rego ust bucha\u0142y p\u0142omienie. Trzyma\u0142 on za\u015b miecz i zagrozi\u0142 \u015bwi\u0119tej, \u017ce j\u0105 zabije, je\u017celi przyst\u0105pi ona krok dalej do Sakramentu. \u015awi\u0119ta z powodu tej wizji wyobra\u017ceniowej popad\u0142a w taki l\u0119k, i\u017c jej kierownik duchowy musia\u0142 jej zacz\u0105\u0107 osobi\u015bcie i indywidualnie udziela\u0107 Eucharystii, do chwili a\u017c sko\u0144czy\u0142y si\u0119 owe wyobra\u017ceniowe pokusy.<\/span><\/p>\n<p style=\"text-align: justify;\"><span style=\"font-family: verdana, geneva, sans-serif;\">Nast\u0119pnie zatem diabe\u0142 stara\u0142 si\u0119 j\u0105 nak\u0142oni\u0107 do tego, aby blu\u017ani\u0142a Bogu. Szczeg\u00f3lnie dzia\u0142o si\u0119 to w\u00f3wczas, kiedy odprawia\u0142a modlitwy zakonne. Wtedy jej uszy stawa\u0142y si\u0119 jakby nape\u0142nione blu\u017anierczymi okrzykami dzikiego t\u0142umu, tak, i\u017c i jej wydawa\u0142o si\u0119, i\u017c odmawiaj\u0105c s\u0142owa modlitw sama raczej blu\u017ani, ni\u017c modli si\u0119. Podj\u0119\u0142a jednak znowu praktyk\u0119 wytrwania, tzn. zewn\u0119trznie wypowiada\u0142a s\u0142owa modlitw, a wewn\u0119trznie czyni\u0142a akty pokuty, przeciwne s\u0142yszanym blu\u017anierstwom. Po jakim\u015b zatem czasie sko\u0144czy\u0142o si\u0119 i to kuszenie.<\/span><\/p>\n<p style=\"text-align: justify;\"><span style=\"font-family: verdana, geneva, sans-serif;\">W ko\u0144cu diabe\u0142 zacz\u0105\u0142 j\u0105 kusi\u0107 co do tego, i\u017c jako zakonnica prowadzi mierny rodzaj \u017cycia, i aby albo porzuci\u0142a klasztor, albo pope\u0142ni\u0142a samob\u00f3jstwo. \u015aw. Maria Magdalena de Pazzi przetrwa\u0142a jednak i to kuszenie, a pewnego dnia, gdy by\u0142a z innymi zakonnicami na modlitwach w przeddzie\u0144 dnia \u015bw. Andrzeja Aposto\u0142a, wybieg\u0142a nagle do kuchni, i przynios\u0142a stamt\u0105d n\u00f3\u017c, kt\u00f3ry nast\u0119pnie z\u0142o\u017cy\u0142a na o\u0142tarzu Matki Bo\u017cej, modl\u0105c si\u0119 do Niej o po\u0142o\u017cenie kresu temu kuszeniu. Nast\u0119pnie za\u015b wzi\u0119\u0142a ten n\u00f3\u017c, rzuci\u0142a go na ziemi\u0119, i nie zwracaj\u0105c uwagi na inne zakonnice, zacz\u0119\u0142a po nim skaka\u0107 i depta\u0107.<\/span><\/p>\n<p style=\"text-align: justify;\"><span style=\"font-family: verdana, geneva, sans-serif;\">Na koniec diab\u0142y zacz\u0119\u0142y si\u0119 jej pojawia\u0107 te\u017c w widzialnych formach, aby dr\u0119czy\u0107 w ten spos\u00f3b wszystkie jej zmys\u0142y. Z\u0142e duchy przychodzi\u0142y zatem jako lwy, czy w\u015bciek\u0142e psy, w\u0119\u017ce, czy inne dzikie zwierz\u0119ta, i zawsze chcia\u0142y j\u0105 zaatakowa\u0107, czy po\u017cre\u0107. W\u00f3wczas \u015bwi\u0119ta zwraca\u0142a si\u0119 o pomoc do \u015bw. Micha\u0142a Archanio\u0142a, oraz patrz\u0105c na krucyfiks, m\u00f3wi\u0142a: O S\u0142owo, w Tobie Panie zaufa\u0142am, i nie zawstydz\u0119 si\u0119 na wieki \u2013 powtarzaj\u0105c s\u0142owa Psalmu 70.<\/span><\/p>\n<p style=\"text-align: justify;\"><span style=\"font-family: verdana, geneva, sans-serif;\">Jedna z nowicjuszek \u015bw. Marii Magdaleny Pazzi zapisa\u0142a to, czego \u015bwi\u0119ta do\u015bwiadczy\u0142a w godzinach nocnych, kiedy pr\u00f3bowa\u0142a zasn\u0105\u0107. <\/span><\/p>\n<blockquote>\n<p style=\"text-align: justify;\"><span style=\"font-family: verdana, geneva, sans-serif;\">\u201eCz\u0119sto w nocy s\u0142ysza\u0142y\u015bmy jak kto\u015b kr\u0105\u017cy po dormitorium okropnie ha\u0142asuj\u0105c, otwiera i zamyka okna, szczeg\u00f3lnie to, kt\u00f3re by\u0142o w pobli\u017cu \u0142\u00f3\u017cka Matki Mistrzyni [\u015bw. Marii Magdaleny]\u2026 I s\u0142ysza\u0142y\u015bmy, jak kto\u015b wok\u00f3\u0142 jej \u0142\u00f3\u017cka czyni straszny \u0142oskot i uderza w materac. Ale ona powiedzia\u0142a, \u017ceby\u015bmy si\u0119 nie ba\u0142y, bo chocia\u017c by\u0142 to diabe\u0142, kt\u00f3ry j\u0105 prze\u015bladowa\u0142, nam jednak nie m\u00f3g\u0142 zrobi\u0107 krzywdy. Od tej pory nie ba\u0142y\u015bmy si\u0119, zw\u0142aszcza \u017ce by\u0142a z nami\u201d.<\/span><\/p>\n<\/blockquote>\n<p style=\"text-align: justify;\">\n","protected":false},"excerpt":{"rendered":"<p>\u015aw. Magdalena da Pazzi prze\u017cy\u0142a wszystko od ekstaz, po pr\u00f3by samob\u00f3jstwa i nies\u0142ychane pokusy przeciw czysto\u015bci.<\/p>\n","protected":false},"author":60508433,"featured_media":1429,"comment_status":"closed","ping_status":"closed","sticky":false,"template":"","format":"standard","meta":{"_bbp_topic_count":0,"_bbp_reply_count":0,"_bbp_total_topic_count":0,"_bbp_total_reply_count":0,"_bbp_voice_count":0,"_bbp_anonymous_reply_count":0,"_bbp_topic_count_hidden":0,"_bbp_reply_count_hidden":0,"_bbp_forum_subforum_count":0,"_editorskit_title_hidden":false,"_editorskit_reading_time":0,"_editorskit_is_block_options_detached":false,"_editorskit_block_options_position":"{}","_coblocks_attr":"","_coblocks_dimensions":"","_coblocks_responsive_height":"","_coblocks_accordion_ie_support":"","_exactmetrics_skip_tracking":false,"_jetpack_newsletter_access":"","_jetpack_dont_email_post_to_subs":false,"_jetpack_newsletter_tier_id":0,"_jetpack_memberships_contains_paywalled_content":false,"_wpcom_ai_launchpad_first_post":false,"_jetpack_feature_clip_id":0,"_jetpack_memberships_contains_paid_content":false,"footnotes":"","jetpack_publicize_message":"{title}\n\n{excerpt}\n\n{url}","jetpack_publicize_feature_enabled":true,"jetpack_social_post_already_shared":true,"jetpack_social_options":{"image_generator_settings":{"template":"highway","default_image_id":0,"font":"","enabled":false},"version":2},"_wpas_customize_per_network":false,"jetpack_post_was_ever_published":false},"categories":[610131902],"tags":[4020952,78398470,5879327,610132562,610131654],"class_list":["post-1360","post","type-post","status-publish","format-standard","has-post-thumbnail","hentry","category-teologia-ascetyczna","tag-demony","tag-dreczenia","tag-mistyka","tag-premium","tag-sw-magdalena-da-pazzi"],"yoast_head":"<!-- This site is optimized with the Yoast SEO plugin v28.4 - https:\/\/yoast.com\/product\/yoast-seo-wordpress\/ -->\n<title>\u015aw. Maria Magdalena de Pazzi - Tradycja i Wiara<\/title>\n<meta name=\"description\" content=\"\u015aw. Maria Magdalena de Pazzi demony \u015bwi\u0119to\u015b\u0107 dr\u0119czenia\" \/>\n<meta name=\"robots\" content=\"index, follow, max-snippet:-1, max-image-preview:large, max-video-preview:-1\" \/>\n<link rel=\"canonical\" href=\"https:\/\/wobronietradycjiiwiary.com\/pl\/sw-maria-magdalena-de-pazzi-25-maj\/\" \/>\n<meta property=\"og:locale\" content=\"pl_PL\" \/>\n<meta property=\"og:type\" content=\"article\" \/>\n<meta property=\"og:title\" content=\"\u015aw. Maria Magdalena de Pazzi - Tradycja i Wiara\" \/>\n<meta property=\"og:description\" content=\"\u015aw. Maria Magdalena de Pazzi demony \u015bwi\u0119to\u015b\u0107 dr\u0119czenia\" \/>\n<meta property=\"og:url\" content=\"https:\/\/wobronietradycjiiwiary.com\/pl\/sw-maria-magdalena-de-pazzi-25-maj\/\" \/>\n<meta property=\"og:site_name\" content=\"Tradycja i Wiara\" \/>\n<meta property=\"article:publisher\" content=\"https:\/\/www.facebook.com\/Tradycja-i-Wiara-108813920592249\" \/>\n<meta property=\"article:published_time\" content=\"2014-05-24T15:59:35+00:00\" \/>\n<meta property=\"article:modified_time\" content=\"2025-02-07T14:11:45+00:00\" \/>\n<meta property=\"og:image\" content=\"https:\/\/i0.wp.com\/wobronietradycjiiwiary.com\/wp-content\/uploads\/2014\/05\/88d99-magdalenapazzi4.jpg?fit=250%2C320&ssl=1\" \/>\n\t<meta property=\"og:image:width\" content=\"250\" \/>\n\t<meta property=\"og:image:height\" content=\"320\" \/>\n\t<meta property=\"og:image:type\" content=\"image\/jpeg\" \/>\n<meta name=\"author\" content=\"Traditio et Fides\" \/>\n<meta name=\"twitter:card\" content=\"summary_large_image\" \/>\n<meta name=\"twitter:label1\" content=\"Napisane przez\" \/>\n\t<meta name=\"twitter:data1\" content=\"Traditio et Fides\" \/>\n\t<meta name=\"twitter:label2\" content=\"Szacowany czas czytania\" \/>\n\t<meta name=\"twitter:data2\" content=\"7 minut\" \/>\n<script type=\"application\/ld+json\" class=\"yoast-schema-graph\">{\"@context\":\"https:\\\/\\\/schema.org\",\"@graph\":[{\"@type\":\"Article\",\"@id\":\"https:\\\/\\\/wobronietradycjiiwiary.com\\\/sw-maria-magdalena-de-pazzi-25-maj\\\/#article\",\"isPartOf\":{\"@id\":\"https:\\\/\\\/wobronietradycjiiwiary.com\\\/sw-maria-magdalena-de-pazzi-25-maj\\\/\"},\"author\":{\"name\":\"Traditio et Fides\",\"@id\":\"https:\\\/\\\/wobronietradycjiiwiary.com\\\/pl\\\/#\\\/schema\\\/person\\\/2d6180ce6abcb681fef0daab7816e8f3\"},\"headline\":\"\u015aw. Maria Magdalena de Pazzi\",\"datePublished\":\"2014-05-24T15:59:35+00:00\",\"dateModified\":\"2025-02-07T14:11:45+00:00\",\"mainEntityOfPage\":{\"@id\":\"https:\\\/\\\/wobronietradycjiiwiary.com\\\/sw-maria-magdalena-de-pazzi-25-maj\\\/\"},\"wordCount\":1450,\"publisher\":{\"@id\":\"https:\\\/\\\/wobronietradycjiiwiary.com\\\/pl\\\/#organization\"},\"image\":{\"@id\":\"https:\\\/\\\/wobronietradycjiiwiary.com\\\/sw-maria-magdalena-de-pazzi-25-maj\\\/#primaryimage\"},\"thumbnailUrl\":\"https:\\\/\\\/wobronietradycjiiwiary.com\\\/wp-content\\\/uploads\\\/2014\\\/05\\\/88d99-magdalenapazzi4.jpg\",\"keywords\":[\"demony\",\"dr\u0119czenia\",\"mistyka\",\"Premium\",\"\u015bw. Magdalena da Pazzi\"],\"articleSection\":[\"Teologia ascetyczna\"],\"inLanguage\":\"pl-PL\"},{\"@type\":\"WebPage\",\"@id\":\"https:\\\/\\\/wobronietradycjiiwiary.com\\\/sw-maria-magdalena-de-pazzi-25-maj\\\/\",\"url\":\"https:\\\/\\\/wobronietradycjiiwiary.com\\\/sw-maria-magdalena-de-pazzi-25-maj\\\/\",\"name\":\"\u015aw. Maria Magdalena de Pazzi - Tradycja i Wiara\",\"isPartOf\":{\"@id\":\"https:\\\/\\\/wobronietradycjiiwiary.com\\\/pl\\\/#website\"},\"primaryImageOfPage\":{\"@id\":\"https:\\\/\\\/wobronietradycjiiwiary.com\\\/sw-maria-magdalena-de-pazzi-25-maj\\\/#primaryimage\"},\"image\":{\"@id\":\"https:\\\/\\\/wobronietradycjiiwiary.com\\\/sw-maria-magdalena-de-pazzi-25-maj\\\/#primaryimage\"},\"thumbnailUrl\":\"https:\\\/\\\/wobronietradycjiiwiary.com\\\/wp-content\\\/uploads\\\/2014\\\/05\\\/88d99-magdalenapazzi4.jpg\",\"datePublished\":\"2014-05-24T15:59:35+00:00\",\"dateModified\":\"2025-02-07T14:11:45+00:00\",\"description\":\"\u015aw. Maria Magdalena de Pazzi demony \u015bwi\u0119to\u015b\u0107 dr\u0119czenia\",\"breadcrumb\":{\"@id\":\"https:\\\/\\\/wobronietradycjiiwiary.com\\\/sw-maria-magdalena-de-pazzi-25-maj\\\/#breadcrumb\"},\"inLanguage\":\"pl-PL\",\"potentialAction\":[{\"@type\":\"ReadAction\",\"target\":[\"https:\\\/\\\/wobronietradycjiiwiary.com\\\/sw-maria-magdalena-de-pazzi-25-maj\\\/\"]}]},{\"@type\":\"ImageObject\",\"inLanguage\":\"pl-PL\",\"@id\":\"https:\\\/\\\/wobronietradycjiiwiary.com\\\/sw-maria-magdalena-de-pazzi-25-maj\\\/#primaryimage\",\"url\":\"https:\\\/\\\/wobronietradycjiiwiary.com\\\/wp-content\\\/uploads\\\/2014\\\/05\\\/88d99-magdalenapazzi4.jpg\",\"contentUrl\":\"https:\\\/\\\/wobronietradycjiiwiary.com\\\/wp-content\\\/uploads\\\/2014\\\/05\\\/88d99-magdalenapazzi4.jpg\",\"width\":250,\"height\":320},{\"@type\":\"BreadcrumbList\",\"@id\":\"https:\\\/\\\/wobronietradycjiiwiary.com\\\/sw-maria-magdalena-de-pazzi-25-maj\\\/#breadcrumb\",\"itemListElement\":[{\"@type\":\"ListItem\",\"position\":1,\"name\":\"Strona g\u0142\u00f3wna\",\"item\":\"https:\\\/\\\/wobronietradycjiiwiary.com\\\/\"},{\"@type\":\"ListItem\",\"position\":2,\"name\":\"\u015aw. Maria Magdalena de Pazzi\"}]},{\"@type\":\"WebSite\",\"@id\":\"https:\\\/\\\/wobronietradycjiiwiary.com\\\/pl\\\/#website\",\"url\":\"https:\\\/\\\/wobronietradycjiiwiary.com\\\/pl\\\/\",\"name\":\"Tradycja i Wiara\",\"description\":\"Portal dla katolik\u00f3w.\",\"publisher\":{\"@id\":\"https:\\\/\\\/wobronietradycjiiwiary.com\\\/pl\\\/#organization\"},\"potentialAction\":[{\"@type\":\"SearchAction\",\"target\":{\"@type\":\"EntryPoint\",\"urlTemplate\":\"https:\\\/\\\/wobronietradycjiiwiary.com\\\/pl\\\/?s={search_term_string}\"},\"query-input\":{\"@type\":\"PropertyValueSpecification\",\"valueRequired\":true,\"valueName\":\"search_term_string\"}}],\"inLanguage\":\"pl-PL\"},{\"@type\":\"Organization\",\"@id\":\"https:\\\/\\\/wobronietradycjiiwiary.com\\\/pl\\\/#organization\",\"name\":\"Tradycja i Wiara\",\"url\":\"https:\\\/\\\/wobronietradycjiiwiary.com\\\/pl\\\/\",\"logo\":{\"@type\":\"ImageObject\",\"inLanguage\":\"pl-PL\",\"@id\":\"https:\\\/\\\/wobronietradycjiiwiary.com\\\/pl\\\/#\\\/schema\\\/logo\\\/image\\\/\",\"url\":\"https:\\\/\\\/i0.wp.com\\\/wobronietradycjiiwiary.com\\\/wp-content\\\/uploads\\\/2015\\\/10\\\/cropped-st-peters-dome-vatican.jpg?fit=940%2C198&ssl=1\",\"contentUrl\":\"https:\\\/\\\/i0.wp.com\\\/wobronietradycjiiwiary.com\\\/wp-content\\\/uploads\\\/2015\\\/10\\\/cropped-st-peters-dome-vatican.jpg?fit=940%2C198&ssl=1\",\"width\":940,\"height\":198,\"caption\":\"Tradycja i Wiara\"},\"image\":{\"@id\":\"https:\\\/\\\/wobronietradycjiiwiary.com\\\/pl\\\/#\\\/schema\\\/logo\\\/image\\\/\"},\"sameAs\":[\"https:\\\/\\\/www.facebook.com\\\/Tradycja-i-Wiara-108813920592249\"]},{\"@type\":\"Person\",\"@id\":\"https:\\\/\\\/wobronietradycjiiwiary.com\\\/pl\\\/#\\\/schema\\\/person\\\/2d6180ce6abcb681fef0daab7816e8f3\",\"name\":\"Traditio et Fides\",\"sameAs\":[\"https:\\\/\\\/traditionundglauben.com\"],\"url\":\"https:\\\/\\\/wobronietradycjiiwiary.com\\\/pl\\\/author\\\/wobronietradycjiiwiary\\\/\"}]}<\/script>\n<!-- \/ Yoast SEO plugin. -->","yoast_head_json":{"title":"\u015aw. Maria Magdalena de Pazzi - Tradycja i Wiara","description":"\u015aw. Maria Magdalena de Pazzi demony \u015bwi\u0119to\u015b\u0107 dr\u0119czenia","robots":{"index":"index","follow":"follow","max-snippet":"max-snippet:-1","max-image-preview":"max-image-preview:large","max-video-preview":"max-video-preview:-1"},"canonical":"https:\/\/wobronietradycjiiwiary.com\/pl\/sw-maria-magdalena-de-pazzi-25-maj\/","og_locale":"pl_PL","og_type":"article","og_title":"\u015aw. Maria Magdalena de Pazzi - Tradycja i Wiara","og_description":"\u015aw. Maria Magdalena de Pazzi demony \u015bwi\u0119to\u015b\u0107 dr\u0119czenia","og_url":"https:\/\/wobronietradycjiiwiary.com\/pl\/sw-maria-magdalena-de-pazzi-25-maj\/","og_site_name":"Tradycja i Wiara","article_publisher":"https:\/\/www.facebook.com\/Tradycja-i-Wiara-108813920592249","article_published_time":"2014-05-24T15:59:35+00:00","article_modified_time":"2025-02-07T14:11:45+00:00","og_image":[{"width":250,"height":320,"url":"https:\/\/i0.wp.com\/wobronietradycjiiwiary.com\/wp-content\/uploads\/2014\/05\/88d99-magdalenapazzi4.jpg?fit=250%2C320&ssl=1","type":"image\/jpeg"}],"author":"Traditio et Fides","twitter_card":"summary_large_image","twitter_misc":{"Napisane przez":"Traditio et Fides","Szacowany czas czytania":"7 minut"},"schema":{"@context":"https:\/\/schema.org","@graph":[{"@type":"Article","@id":"https:\/\/wobronietradycjiiwiary.com\/sw-maria-magdalena-de-pazzi-25-maj\/#article","isPartOf":{"@id":"https:\/\/wobronietradycjiiwiary.com\/sw-maria-magdalena-de-pazzi-25-maj\/"},"author":{"name":"Traditio et Fides","@id":"https:\/\/wobronietradycjiiwiary.com\/pl\/#\/schema\/person\/2d6180ce6abcb681fef0daab7816e8f3"},"headline":"\u015aw. Maria Magdalena de Pazzi","datePublished":"2014-05-24T15:59:35+00:00","dateModified":"2025-02-07T14:11:45+00:00","mainEntityOfPage":{"@id":"https:\/\/wobronietradycjiiwiary.com\/sw-maria-magdalena-de-pazzi-25-maj\/"},"wordCount":1450,"publisher":{"@id":"https:\/\/wobronietradycjiiwiary.com\/pl\/#organization"},"image":{"@id":"https:\/\/wobronietradycjiiwiary.com\/sw-maria-magdalena-de-pazzi-25-maj\/#primaryimage"},"thumbnailUrl":"https:\/\/wobronietradycjiiwiary.com\/wp-content\/uploads\/2014\/05\/88d99-magdalenapazzi4.jpg","keywords":["demony","dr\u0119czenia","mistyka","Premium","\u015bw. Magdalena da Pazzi"],"articleSection":["Teologia ascetyczna"],"inLanguage":"pl-PL"},{"@type":"WebPage","@id":"https:\/\/wobronietradycjiiwiary.com\/sw-maria-magdalena-de-pazzi-25-maj\/","url":"https:\/\/wobronietradycjiiwiary.com\/sw-maria-magdalena-de-pazzi-25-maj\/","name":"\u015aw. Maria Magdalena de Pazzi - Tradycja i Wiara","isPartOf":{"@id":"https:\/\/wobronietradycjiiwiary.com\/pl\/#website"},"primaryImageOfPage":{"@id":"https:\/\/wobronietradycjiiwiary.com\/sw-maria-magdalena-de-pazzi-25-maj\/#primaryimage"},"image":{"@id":"https:\/\/wobronietradycjiiwiary.com\/sw-maria-magdalena-de-pazzi-25-maj\/#primaryimage"},"thumbnailUrl":"https:\/\/wobronietradycjiiwiary.com\/wp-content\/uploads\/2014\/05\/88d99-magdalenapazzi4.jpg","datePublished":"2014-05-24T15:59:35+00:00","dateModified":"2025-02-07T14:11:45+00:00","description":"\u015aw. Maria Magdalena de Pazzi demony \u015bwi\u0119to\u015b\u0107 dr\u0119czenia","breadcrumb":{"@id":"https:\/\/wobronietradycjiiwiary.com\/sw-maria-magdalena-de-pazzi-25-maj\/#breadcrumb"},"inLanguage":"pl-PL","potentialAction":[{"@type":"ReadAction","target":["https:\/\/wobronietradycjiiwiary.com\/sw-maria-magdalena-de-pazzi-25-maj\/"]}]},{"@type":"ImageObject","inLanguage":"pl-PL","@id":"https:\/\/wobronietradycjiiwiary.com\/sw-maria-magdalena-de-pazzi-25-maj\/#primaryimage","url":"https:\/\/wobronietradycjiiwiary.com\/wp-content\/uploads\/2014\/05\/88d99-magdalenapazzi4.jpg","contentUrl":"https:\/\/wobronietradycjiiwiary.com\/wp-content\/uploads\/2014\/05\/88d99-magdalenapazzi4.jpg","width":250,"height":320},{"@type":"BreadcrumbList","@id":"https:\/\/wobronietradycjiiwiary.com\/sw-maria-magdalena-de-pazzi-25-maj\/#breadcrumb","itemListElement":[{"@type":"ListItem","position":1,"name":"Strona g\u0142\u00f3wna","item":"https:\/\/wobronietradycjiiwiary.com\/"},{"@type":"ListItem","position":2,"name":"\u015aw. Maria Magdalena de Pazzi"}]},{"@type":"WebSite","@id":"https:\/\/wobronietradycjiiwiary.com\/pl\/#website","url":"https:\/\/wobronietradycjiiwiary.com\/pl\/","name":"Tradycja i Wiara","description":"Portal dla katolik\u00f3w.","publisher":{"@id":"https:\/\/wobronietradycjiiwiary.com\/pl\/#organization"},"potentialAction":[{"@type":"SearchAction","target":{"@type":"EntryPoint","urlTemplate":"https:\/\/wobronietradycjiiwiary.com\/pl\/?s={search_term_string}"},"query-input":{"@type":"PropertyValueSpecification","valueRequired":true,"valueName":"search_term_string"}}],"inLanguage":"pl-PL"},{"@type":"Organization","@id":"https:\/\/wobronietradycjiiwiary.com\/pl\/#organization","name":"Tradycja i Wiara","url":"https:\/\/wobronietradycjiiwiary.com\/pl\/","logo":{"@type":"ImageObject","inLanguage":"pl-PL","@id":"https:\/\/wobronietradycjiiwiary.com\/pl\/#\/schema\/logo\/image\/","url":"https:\/\/i0.wp.com\/wobronietradycjiiwiary.com\/wp-content\/uploads\/2015\/10\/cropped-st-peters-dome-vatican.jpg?fit=940%2C198&ssl=1","contentUrl":"https:\/\/i0.wp.com\/wobronietradycjiiwiary.com\/wp-content\/uploads\/2015\/10\/cropped-st-peters-dome-vatican.jpg?fit=940%2C198&ssl=1","width":940,"height":198,"caption":"Tradycja i Wiara"},"image":{"@id":"https:\/\/wobronietradycjiiwiary.com\/pl\/#\/schema\/logo\/image\/"},"sameAs":["https:\/\/www.facebook.com\/Tradycja-i-Wiara-108813920592249"]},{"@type":"Person","@id":"https:\/\/wobronietradycjiiwiary.com\/pl\/#\/schema\/person\/2d6180ce6abcb681fef0daab7816e8f3","name":"Traditio et Fides","sameAs":["https:\/\/traditionundglauben.com"],"url":"https:\/\/wobronietradycjiiwiary.com\/pl\/author\/wobronietradycjiiwiary\/"}]}},"jetpack_publicize_connections":[],"jetpack_sharing_enabled":true,"jetpack_likes_enabled":true,"jetpack_shortlink":"https:\/\/wp.me\/pc04Sd-lW","jetpack-related-posts":[{"id":105216,"url":"https:\/\/wobronietradycjiiwiary.com\/pl\/poulain-sj-v-proby-zsylane-przez-boga-kontemplatykom-rozdzial-xxiv-istoty-i-rodzaje-prob-73-%c2%a7-7-osaczenie-diabelskie-iii-2\/","url_meta":{"origin":1360,"position":0},"title":"Poulain SJ: V. Pr\u00f3by zsy\u0142ane przez Boga kontemplatykom. Rozdzia\u0142 XXIV. Istoty i rodzaje pr\u00f3b (74). \u00a7 7. Osaczenie diabelskie (III)","author":"Prospector Veritatis","date":"3 pa\u017adziernika 2019","format":false,"excerpt":"76. Drugi stopie\u0144 obsesji polega na przykro\u015bciach, niekiedy wprost strasznych, zadawanych organom zmys\u0142owym. Przejd\u017amy kolejno wszystkie zmys\u0142y i powiedzmy, czego do\u015bwiadcza\u0142o wielu \u015bwi\u0119tych [21]. 77. Wzrok cierpia\u0142 nieraz z powodu scen, w kt\u00f3rych szatan wyst\u0119powa\u0142 w straszliwych kszta\u0142tach, raz jako zbrojny cz\u0142owiek, inny raz w postaci zwierz\u0105t gro\u017anych lub wstr\u0119tnych,\u2026","rel":"","context":"W \u201eAutorzy \u017cycia duchowego&quot;","block_context":{"text":"Autorzy \u017cycia duchowego","link":"https:\/\/wobronietradycjiiwiary.com\/pl\/category\/duchowosc\/autorzy\/"},"img":{"alt_text":"","src":"https:\/\/i0.wp.com\/wobronietradycjiiwiary.com\/wp-content\/uploads\/2019\/10\/peter-paul-rubens-die-wunder-des-hl-ignatius-von-loyola.jpg?resize=350%2C200&ssl=1","width":350,"height":200,"srcset":"https:\/\/i0.wp.com\/wobronietradycjiiwiary.com\/wp-content\/uploads\/2019\/10\/peter-paul-rubens-die-wunder-des-hl-ignatius-von-loyola.jpg?resize=350%2C200&ssl=1 1x, https:\/\/i0.wp.com\/wobronietradycjiiwiary.com\/wp-content\/uploads\/2019\/10\/peter-paul-rubens-die-wunder-des-hl-ignatius-von-loyola.jpg?resize=525%2C300&ssl=1 1.5x, https:\/\/i0.wp.com\/wobronietradycjiiwiary.com\/wp-content\/uploads\/2019\/10\/peter-paul-rubens-die-wunder-des-hl-ignatius-von-loyola.jpg?resize=700%2C400&ssl=1 2x, https:\/\/i0.wp.com\/wobronietradycjiiwiary.com\/wp-content\/uploads\/2019\/10\/peter-paul-rubens-die-wunder-des-hl-ignatius-von-loyola.jpg?resize=1050%2C600&ssl=1 3x"},"classes":[]},{"id":116537,"url":"https:\/\/wobronietradycjiiwiary.com\/pl\/27-go-maja-zywot-swietej-maryi-magdaleny-de-pazzis-karmelitanki-2-2-2\/","url_meta":{"origin":1360,"position":1},"title":"27-go Maja. \u017bywot \u015bwi\u0119tej Maryi Magdaleny de Pazzis, Karmelitanki.","author":"Traditio et Fides","date":"27 maja 2024","format":false,"excerpt":"\"Plusy ujemne\" stan\u00f3w mistycznych, to jest oczyszczenia, kt\u00f3rych do\u015bwiadcza\u0142a \u015bw. Magdalena da Pazzis mog\u0105 skutecznie zniech\u0119ci\u0107 do drogi mistycznej. Cierpia\u0142a na bulimi\u0119, bicie przez z\u0142e duchy, napady my\u015bli samob\u00f3jczych i czyn\u00f3w, dr\u0119czenia i osaczenia i chwilowe op\u0119tanie, tak i\u017c nie mia\u0142a w\u0142adzy nad swoim cia\u0142em. Ponadto jej wsp\u00f3\u0142siostry uwa\u017ca\u0142y j\u0105\u2026","rel":"","context":"W \u201e05. \u015awi\u0119ta w maju&quot;","block_context":{"text":"05. \u015awi\u0119ta w maju","link":"https:\/\/wobronietradycjiiwiary.com\/pl\/category\/duchowosc\/liturgia-i-liturgika\/rozwazania\/rok-liturgiczny\/swieta-w-maju\/"},"img":{"alt_text":"","src":"https:\/\/i0.wp.com\/wobronietradycjiiwiary.com\/wp-content\/uploads\/2021\/05\/Magdalena_di_Pazzi_-_WGA16308.jpg?resize=350%2C200&ssl=1","width":350,"height":200,"srcset":"https:\/\/i0.wp.com\/wobronietradycjiiwiary.com\/wp-content\/uploads\/2021\/05\/Magdalena_di_Pazzi_-_WGA16308.jpg?resize=350%2C200&ssl=1 1x, https:\/\/i0.wp.com\/wobronietradycjiiwiary.com\/wp-content\/uploads\/2021\/05\/Magdalena_di_Pazzi_-_WGA16308.jpg?resize=525%2C300&ssl=1 1.5x, https:\/\/i0.wp.com\/wobronietradycjiiwiary.com\/wp-content\/uploads\/2021\/05\/Magdalena_di_Pazzi_-_WGA16308.jpg?resize=700%2C400&ssl=1 2x"},"classes":[]},{"id":140877,"url":"https:\/\/wobronietradycjiiwiary.com\/pl\/27-go-maja-zywot-swietej-maryi-magdaleny-de-pazzis-karmelitanki-2-2-2-2\/","url_meta":{"origin":1360,"position":2},"title":"27-go Maja. \u017bywot \u015bwi\u0119tej Maryi Magdaleny de Pazzis, Karmelitanki.","author":"Traditio et Fides","date":"27 maja 2025","format":false,"excerpt":"\"Plusy ujemne\" stan\u00f3w mistycznych, to jest oczyszczenia, kt\u00f3rych do\u015bwiadcza\u0142a \u015bw. Magdalena da Pazzis mog\u0105 skutecznie zniech\u0119ci\u0107 do drogi mistycznej. Cierpia\u0142a na bulimi\u0119, bicie przez z\u0142e duchy, napady my\u015bli samob\u00f3jczych i czyn\u00f3w, dr\u0119czenia i osaczenia i chwilowe op\u0119tanie, tak i\u017c nie mia\u0142a w\u0142adzy nad swoim cia\u0142em. Ponadto jej wsp\u00f3\u0142siostry uwa\u017ca\u0142y j\u0105\u2026","rel":"","context":"W \u201e05. \u015awi\u0119ta w maju&quot;","block_context":{"text":"05. \u015awi\u0119ta w maju","link":"https:\/\/wobronietradycjiiwiary.com\/pl\/category\/duchowosc\/liturgia-i-liturgika\/rozwazania\/rok-liturgiczny\/swieta-w-maju\/"},"img":{"alt_text":"","src":"https:\/\/i0.wp.com\/wobronietradycjiiwiary.com\/wp-content\/uploads\/2021\/05\/Magdalena_di_Pazzi_-_WGA16308.jpg?resize=350%2C200&ssl=1","width":350,"height":200,"srcset":"https:\/\/i0.wp.com\/wobronietradycjiiwiary.com\/wp-content\/uploads\/2021\/05\/Magdalena_di_Pazzi_-_WGA16308.jpg?resize=350%2C200&ssl=1 1x, https:\/\/i0.wp.com\/wobronietradycjiiwiary.com\/wp-content\/uploads\/2021\/05\/Magdalena_di_Pazzi_-_WGA16308.jpg?resize=525%2C300&ssl=1 1.5x, https:\/\/i0.wp.com\/wobronietradycjiiwiary.com\/wp-content\/uploads\/2021\/05\/Magdalena_di_Pazzi_-_WGA16308.jpg?resize=700%2C400&ssl=1 2x"},"classes":[]},{"id":165932,"url":"https:\/\/wobronietradycjiiwiary.com\/pl\/27-go-maja-zywot-swietej-maryi-magdaleny-de-pazzis-karmelitanki-2-2-2-2-2\/","url_meta":{"origin":1360,"position":3},"title":"27-go Maja. \u017bywot \u015bwi\u0119tej Maryi Magdaleny de Pazzis, Karmelitanki.","author":"Traditio et Fides","date":"27 maja 2026","format":false,"excerpt":"\"Plusy ujemne\" stan\u00f3w mistycznych, to jest oczyszczenia, kt\u00f3rych do\u015bwiadcza\u0142a \u015bw. Magdalena da Pazzis mog\u0105 skutecznie zniech\u0119ci\u0107 do drogi mistycznej. Cierpia\u0142a na bulimi\u0119, bicie przez z\u0142e duchy, napady my\u015bli samob\u00f3jczych i czyn\u00f3w, dr\u0119czenia i osaczenia i chwilowe op\u0119tanie, tak i\u017c nie mia\u0142a w\u0142adzy nad swoim cia\u0142em. Ponadto jej wsp\u00f3\u0142siostry uwa\u017ca\u0142y j\u0105\u2026","rel":"","context":"W \u201e05. \u015awi\u0119ta w maju&quot;","block_context":{"text":"05. \u015awi\u0119ta w maju","link":"https:\/\/wobronietradycjiiwiary.com\/pl\/category\/duchowosc\/liturgia-i-liturgika\/rozwazania\/rok-liturgiczny\/swieta-w-maju\/"},"img":{"alt_text":"","src":"https:\/\/i0.wp.com\/wobronietradycjiiwiary.com\/wp-content\/uploads\/2021\/05\/Magdalena_di_Pazzi_-_WGA16308.jpg?resize=350%2C200&ssl=1","width":350,"height":200,"srcset":"https:\/\/i0.wp.com\/wobronietradycjiiwiary.com\/wp-content\/uploads\/2021\/05\/Magdalena_di_Pazzi_-_WGA16308.jpg?resize=350%2C200&ssl=1 1x, https:\/\/i0.wp.com\/wobronietradycjiiwiary.com\/wp-content\/uploads\/2021\/05\/Magdalena_di_Pazzi_-_WGA16308.jpg?resize=525%2C300&ssl=1 1.5x, https:\/\/i0.wp.com\/wobronietradycjiiwiary.com\/wp-content\/uploads\/2021\/05\/Magdalena_di_Pazzi_-_WGA16308.jpg?resize=700%2C400&ssl=1 2x"},"classes":[]},{"id":40207,"url":"https:\/\/wobronietradycjiiwiary.com\/pl\/poulain-sj-v-proby-zsylane-przez-boga-kontemplatykom-rozdzial-xxiv-istoty-i-rodzaje-prob-73-%c2%a7-7-osaczenie-diabelskie-iii\/","url_meta":{"origin":1360,"position":4},"title":"Poulain SJ: V. Pr\u00f3by zsy\u0142ane przez Boga kontemplatykom. Rozdzia\u0142 XXIV. Istoty i rodzaje pr\u00f3b (74). \u00a7 7. Osaczenie diabelskie (III)","author":"Prospector Veritatis","date":"5 lutego 2021","format":false,"excerpt":"76. Drugi stopie\u0144 obsesji polega na przykro\u015bciach, niekiedy wprost strasznych, zadawanych organom zmys\u0142owym. Przejd\u017amy kolejno wszystkie zmys\u0142y i powiedzmy, czego do\u015bwiadcza\u0142o wielu \u015bwi\u0119tych [21]. 77. Wzrok cierpia\u0142 nieraz z powodu scen, w kt\u00f3rych szatan wyst\u0119powa\u0142 w straszliwych kszta\u0142tach, raz jako zbrojny cz\u0142owiek, inny raz w postaci zwierz\u0105t gro\u017anych lub wstr\u0119tnych,\u2026","rel":"","context":"W \u201eAutorzy \u017cycia duchowego&quot;","block_context":{"text":"Autorzy \u017cycia duchowego","link":"https:\/\/wobronietradycjiiwiary.com\/pl\/category\/duchowosc\/autorzy\/"},"img":{"alt_text":"","src":"https:\/\/i0.wp.com\/wobronietradycjiiwiary.com\/wp-content\/uploads\/2019\/10\/peter-paul-rubens-die-wunder-des-hl-ignatius-von-loyola.jpg?resize=350%2C200&ssl=1","width":350,"height":200,"srcset":"https:\/\/i0.wp.com\/wobronietradycjiiwiary.com\/wp-content\/uploads\/2019\/10\/peter-paul-rubens-die-wunder-des-hl-ignatius-von-loyola.jpg?resize=350%2C200&ssl=1 1x, https:\/\/i0.wp.com\/wobronietradycjiiwiary.com\/wp-content\/uploads\/2019\/10\/peter-paul-rubens-die-wunder-des-hl-ignatius-von-loyola.jpg?resize=525%2C300&ssl=1 1.5x, https:\/\/i0.wp.com\/wobronietradycjiiwiary.com\/wp-content\/uploads\/2019\/10\/peter-paul-rubens-die-wunder-des-hl-ignatius-von-loyola.jpg?resize=700%2C400&ssl=1 2x, https:\/\/i0.wp.com\/wobronietradycjiiwiary.com\/wp-content\/uploads\/2019\/10\/peter-paul-rubens-die-wunder-des-hl-ignatius-von-loyola.jpg?resize=1050%2C600&ssl=1 3x"},"classes":[]},{"id":90866,"url":"https:\/\/wobronietradycjiiwiary.com\/pl\/27-go-maja-zywot-swietej-maryi-magdaleny-de-pazzis-karmelitanki-2-2\/","url_meta":{"origin":1360,"position":5},"title":"27-go Maja. \u017bywot \u015bwi\u0119tej Maryi Magdaleny de Pazzis, Karmelitanki.","author":"Traditio et Fides","date":"27 maja 2023","format":false,"excerpt":"\"Plusy ujemne\" stan\u00f3w mistycznych, to jest oczyszczenia, kt\u00f3rych do\u015bwiadcza\u0142a \u015bw. Magdalena da Pazzis mog\u0105 skutecznie zniech\u0119ci\u0107 do drogi mistycznej. Cierpia\u0142a na bulimi\u0119, bicie przez z\u0142e duchy, napady my\u015bli samob\u00f3jczych i czyn\u00f3w, dr\u0119czenia i osaczenia i chwilowe op\u0119tanie, tak i\u017c nie mia\u0142a w\u0142adzy nad swoim cia\u0142em. Ponadto jej wsp\u00f3\u0142siostry uwa\u017ca\u0142y j\u0105\u2026","rel":"","context":"W \u201e05. \u015awi\u0119ta w maju&quot;","block_context":{"text":"05. \u015awi\u0119ta w maju","link":"https:\/\/wobronietradycjiiwiary.com\/pl\/category\/duchowosc\/liturgia-i-liturgika\/rozwazania\/rok-liturgiczny\/swieta-w-maju\/"},"img":{"alt_text":"","src":"https:\/\/i0.wp.com\/wobronietradycjiiwiary.com\/wp-content\/uploads\/2021\/05\/Magdalena_di_Pazzi_-_WGA16308.jpg?resize=350%2C200&ssl=1","width":350,"height":200,"srcset":"https:\/\/i0.wp.com\/wobronietradycjiiwiary.com\/wp-content\/uploads\/2021\/05\/Magdalena_di_Pazzi_-_WGA16308.jpg?resize=350%2C200&ssl=1 1x, https:\/\/i0.wp.com\/wobronietradycjiiwiary.com\/wp-content\/uploads\/2021\/05\/Magdalena_di_Pazzi_-_WGA16308.jpg?resize=525%2C300&ssl=1 1.5x, https:\/\/i0.wp.com\/wobronietradycjiiwiary.com\/wp-content\/uploads\/2021\/05\/Magdalena_di_Pazzi_-_WGA16308.jpg?resize=700%2C400&ssl=1 2x"},"classes":[]}],"amp_enabled":true,"jetpack_featured_media_url":"https:\/\/wobronietradycjiiwiary.com\/wp-content\/uploads\/2014\/05\/88d99-magdalenapazzi4.jpg","_links":{"self":[{"href":"https:\/\/wobronietradycjiiwiary.com\/pl\/wp-json\/wp\/v2\/posts\/1360","targetHints":{"allow":["GET"]}}],"collection":[{"href":"https:\/\/wobronietradycjiiwiary.com\/pl\/wp-json\/wp\/v2\/posts"}],"about":[{"href":"https:\/\/wobronietradycjiiwiary.com\/pl\/wp-json\/wp\/v2\/types\/post"}],"author":[{"embeddable":true,"href":"https:\/\/wobronietradycjiiwiary.com\/pl\/wp-json\/wp\/v2\/users\/60508433"}],"replies":[{"embeddable":true,"href":"https:\/\/wobronietradycjiiwiary.com\/pl\/wp-json\/wp\/v2\/comments?post=1360"}],"version-history":[{"count":1,"href":"https:\/\/wobronietradycjiiwiary.com\/pl\/wp-json\/wp\/v2\/posts\/1360\/revisions"}],"predecessor-version":[{"id":55412,"href":"https:\/\/wobronietradycjiiwiary.com\/pl\/wp-json\/wp\/v2\/posts\/1360\/revisions\/55412"}],"wp:featuredmedia":[{"embeddable":true,"href":"https:\/\/wobronietradycjiiwiary.com\/pl\/wp-json\/wp\/v2\/media\/1429"}],"wp:attachment":[{"href":"https:\/\/wobronietradycjiiwiary.com\/pl\/wp-json\/wp\/v2\/media?parent=1360"}],"wp:term":[{"taxonomy":"category","embeddable":true,"href":"https:\/\/wobronietradycjiiwiary.com\/pl\/wp-json\/wp\/v2\/categories?post=1360"},{"taxonomy":"post_tag","embeddable":true,"href":"https:\/\/wobronietradycjiiwiary.com\/pl\/wp-json\/wp\/v2\/tags?post=1360"}],"curies":[{"name":"wp","href":"https:\/\/api.w.org\/{rel}","templated":true}]}}