{"id":132812,"date":"2025-02-25T10:01:55","date_gmt":"2025-02-25T09:01:55","guid":{"rendered":"https:\/\/wobronietradycjiiwiary.com\/?p=132812"},"modified":"2025-02-27T19:49:28","modified_gmt":"2025-02-27T18:49:28","slug":"abp-vigano-kamienie-wolac-beda","status":"publish","type":"post","link":"https:\/\/wobronietradycjiiwiary.com\/pl\/abp-vigano-kamienie-wolac-beda\/","title":{"rendered":"Abp. Vigano: Kamienie wo\u0142a\u0107 b\u0119d\u0105"},"content":{"rendered":"<div id=\"bsf_rt_marker\"><\/div>\n<p class=\"wp-block-paragraph\"><\/p>\n\n\n\n<p class=\"has-text-color has-link-color wp-elements-1 wp-block-paragraph\" style=\"color:#b91ad9\">Ostatnie o\u015bwiadczenie arcybiskupa Vigano dla ludzi o mocnych nerwach. My chyba nadal nie zdajemy sobie sprawy z tego,  jak\u0105 <a href=\"https:\/\/pl.wikipedia.org\/wiki\/Augiasz\">stajni\u0105 Augiasza<\/a> jest Watykan. Brakuje jednak Herkulesa, kt\u00f3ry by j\u0105 oczy\u015bci\u0142. Komentarz do wypowiedzi arcybiskupa nast\u0105pi p\u00f3\u017aniej.<\/p>\n\n\n\n<p class=\"wp-block-paragraph\"><\/p>\n\n\n\n<h2 class=\"wp-block-heading\">O\u015bwiadczenie Arcybiskupa Carlo Marii Vigan\u00f2 w sprawie sytuacji Ko\u015bcio\u0142a i papiestwa<\/h2>\n\n\n\n<figure class=\"wp-block-embed is-type-rich is-provider-embed-handler wp-block-embed-embed-handler wp-embed-aspect-16-9 wp-has-aspect-ratio\"><div class=\"wp-block-embed__wrapper\">\n<span class=\"embed-youtube\" style=\"text-align:center; display: block;\"><iframe class=\"youtube-player\" width=\"580\" height=\"327\" src=\"https:\/\/www.youtube.com\/embed\/k5AEPbKfxRY?feature=oembed&#038;version=3&#038;rel=1&#038;showsearch=0&#038;showinfo=1&#038;iv_load_policy=1&#038;fs=1&#038;hl=pl-PL&#038;autohide=2&#038;wmode=transparent\" allowfullscreen=\"true\" style=\"border:0;\" sandbox=\"allow-scripts allow-same-origin allow-popups allow-presentation allow-popups-to-escape-sandbox\"><\/iframe><\/span>\n<\/div><\/figure>\n\n\n\n<p class=\"wp-block-paragraph\"><em>Powiadam wam, gdyby oni milczeli,<br \/><\/em><em>kamienie by wo\u0142a\u0142y.<\/em><\/p>\n\n\n\n<p class=\"wp-block-paragraph\"><em>Powiadam wam, je\u015bli oni b\u0119d\u0105 milcze\u0107,<br \/><\/em><em>kamienie b\u0119d\u0105 wo\u0142a\u0107.<\/em><\/p>\n\n\n\n<p class=\"wp-block-paragraph\">\u0141k 19:40<\/p>\n\n\n\n<p class=\"has-text-align-justify wp-block-paragraph\">Sprzeczne informacje podawane na temat stanu zdrowia Jorge Mario Bergoglio rzucaj\u0105 niepokoj\u0105ce \u015bwiat\u0142o na spos\u00f3b zarz\u0105dzania komunikacj\u0105 Watykanu. S\u0105 tacy, kt\u00f3rzy uwa\u017caj\u0105, \u017ce \u201epapie\u017c ju\u017c nie \u017cyje\u201d i \u017ce ten fakt jest ukrywany przed opini\u0105 publiczn\u0105. Oczywiste jest, \u017ce Watykan i g\u0142\u0119boki ko\u015bci\u00f3\u0142 bergoglia\u0144ski s\u0105 w panice i zrobi\u0105 wszystko, aby zgromadzi\u0107 konsensus kardyna\u0142\u00f3w wok\u00f3\u0142 nazwiska kogo\u015b, kto b\u0119dzie kontynuowa\u0142&nbsp;<em>rewolucj\u0119 bergoglia\u0144sk\u0105<\/em>&nbsp;. S\u0105 tacy, kt\u00f3rzy maj\u0105 interes w pogrzebaniu w\u0142asnych zbrodni \u2013 wraz z przest\u0119pstwami Bergoglio \u2013 podczas gdy w Stanach Zjednoczonych dochodzi do bezpo\u015bredniego starcia Konferencji Biskup\u00f3w USA z Administracj\u0105 Trumpa, po tym jak skandal dotycz\u0105cy funduszy Agencji ds. Rozwoju Mi\u0119dzynarodowego (USAID) ujawni\u0142 wsp\u00f3\u0142udzia\u0142 Ko\u015bcio\u0142a katolickiego w dochodowym biznesie imigracyjnym.<\/p>\n\n\n\n<p class=\"has-text-align-justify wp-block-paragraph\">Trzeba zapobiec temu, aby post\u0119powa hierarchia zapewni\u0142a, \u017ce \u200b\u200bjeden z nich b\u0119dzie nast\u0119pc\u0105 Bergoglia, czyli kolejnym uzurpatorem na tronie Piotrowym, kt\u00f3ry b\u0119dzie dziedzicem i kontynuatorem poprzedniego. Zanim wbije si\u0119 ostatni gw\u00f3\u017ad\u017a do trumny Bergoglia, konieczne i pilne jest zatem, aby rzuci\u0107 \u015bwiat\u0142o na uzurpacj\u0119, kt\u00f3rej si\u0119 dopu\u015bci\u0142, i na okupacj\u0119 Ko\u015bcio\u0142a katolickiego przez skorumpowan\u0105 i zdradzieck\u0105 hierarchi\u0119, kt\u00f3rej jedynym celem jest zniszczenie go od wewn\u0105trz.<\/p>\n\n\n\n<p class=\"has-text-align-justify wp-block-paragraph\">Manewry mafii z Saint Gallen we wsp\u00f3\u0142pracy z ultra-post\u0119pow\u0105 lewic\u0105; bezkarne przest\u0119pstwa Theodore&#8217;a McCarricka; rola McCarricka w administracjach Demokrat\u00f3w; wp\u0142yw, jaki McCarrick wywar\u0142 na uzyskanie nominacji biskupich dla swoich \u201enast\u0119pc\u00f3w\u201d \u2013 kt\u00f3rzy s\u0105 homoseksualistami i skorumpowani \u2013 wyznaczonych do zajmowania kluczowych stanowisk w USA i w Watykanie; praca McCarricka jako \u0142\u0105cznika Bergoglio z chi\u0144skim re\u017cimem komunistycznym w celu uzyskania podpisania Tajnego Porozumienia ze Stolic\u0105 Apostolsk\u0105; rola jezuit\u00f3w w promowaniu globalistycznej agendy; skandaliczne, ci\u0105g\u0142e tuszowanie przez Bergoglio znanych nadu\u017cy\u0107 i zbocze\u0144c\u00f3w; tuszowanie dossier na temat watyka\u0144skiej siatki korupcyjnej, dostarczonego przez papie\u017ca seniora Benedykta XVI Bergoglio w kwietniu 2013 r. i w sprawie kt\u00f3rego do tej pory nie podj\u0119to \u017cadnych dzia\u0142a\u0144; Rola Bergoglio w zbrodni przeciwko ludzko\u015bci, jak\u0105 jest \u201epandemia Covid\u201d i narzucenie szczepionek; cyniczne wykorzystywanie nielegalnych imigrant\u00f3w w celu zniszczenia tkanki spo\u0142ecznej Zachodu: wszystko to i wi\u0119cej potwierdza, \u017ce \u200b\u200bko\u015bci\u00f3\u0142 Bergoglia jest nie tylko wsp\u00f3lnikiem w wywrotowym planie \u015awiatowego Forum Ekonomicznego, ale tak\u017ce g\u0142\u00f3wnym protagonist\u0105. Wierni maj\u0105 prawo pozna\u0107 pe\u0142n\u0105 prawd\u0119 o wszystkich tych wydarzeniach.<\/p>\n\n\n\n<p class=\"has-text-align-justify wp-block-paragraph\">Po latach k\u0142amstw, udawania i milczenia konieczne jest przyznanie si\u0119 do oszustwa Jorge Mario Bergoglio i postawienie go przed s\u0105dem, przywracaj\u0105c prawd\u0119 i sprawiedliwo\u015b\u0107, kt\u00f3rych domaga\u0142y si\u0119 ofiary jego represji, jego zastraszaj\u0105cych dzia\u0142a\u0144 i jego wsp\u00f3\u0142udzia\u0142u w zbrodniach jego pod\u017cegaczy i protegowanych. Konieczne s\u0105 dochodzenia w sprawie jego przesz\u0142ego \u017cycia, zbrodni, kt\u00f3re pope\u0142ni\u0142 w Argentynie (dlatego nigdy nie wr\u00f3ci\u0142 jako \u201epapie\u017c\u201d do swojego rodzinnego kraju) oraz w sprawie niejasnych wydarze\u0144, kt\u00f3re rzekomo mia\u0142yby na celu osobiste pope\u0142nienie przez Jorge Mario Bergoglio molestowania seksualnego m\u0142odych jezuit\u00f3w, gdy by\u0142 mistrzem nowicjatu w Argentynie. Nale\u017cy wyja\u015bni\u0107, czy Tomas Ricardo Arizaga (znany jako Tomasito), kt\u00f3ry zmar\u0142 20 lipca 2014 r. w wieku 11 lat, a nast\u0119pnie zosta\u0142 skremowany i pochowany w 2019 r. na Cmentarzu Teuto\u0144skim w Watykanie po usuni\u0119ciu z\u0119b\u00f3w, jest rzeczywi\u015bcie synem Bergoglio, jak kr\u0105\u017c\u0105 od dawna plotki i jak sugeruj\u0105 liczne elementy.<\/p>\n\n\n\n<p class=\"has-text-align-justify wp-block-paragraph\">Mi\u0119dzynarodowy sojusz przest\u0119pczy zjednoczy\u0142 si\u0142y wywrotowe, aby wyeliminowa\u0107 Benedykta XVI, zmuszaj\u0105c go do rezygnacji i zast\u0119puj\u0105c emisariuszem globalizmu. Sam kardyna\u0142 Godfried Danneels przyzna\u0142 to, odnosz\u0105c si\u0119 do mafii Saint Gallen; McCarrick powt\u00f3rzy\u0142 to przemawiaj\u0105c na Uniwersytecie Villanova 11 pa\u017adziernika 2013 r.; prezes i za\u0142o\u017cyciel&nbsp;<em>Voices of Progress<\/em>&nbsp;\u2013 grupy nacisku zajmuj\u0105cej si\u0119 zmianami klimatycznymi, migracjami i innymi kwestiami przebudzenia \u2013 zaplanowa\u0142 to, omawiaj\u0105c to z Johnem Podest\u0105 (szefem kampanii Hillary Clinton) w e-mailach opublikowanych przez Wikileaks (&nbsp;<a href=\"https:\/\/wikileaks.org\/podesta-emails\/emailid\/57579\">tutaj<\/a>&nbsp;).<\/p>\n\n\n\n<p class=\"has-text-align-justify wp-block-paragraph\">\u201eKatolicka Wiosna\u201d wykorzysta\u0142a Jorge Mario Bergoglio, skorumpowan\u0105 i zwrotn\u0105 posta\u0107, oszuka\u0144czo narzucon\u0105 Ko\u015bcio\u0142owi Katolickiemu jako \u201epapie\u017ca\u201d. Zwracamy si\u0119 do w\u0142adz Stan\u00f3w Zjednoczonych Ameryki i Argentyny o dostarczenie dokument\u00f3w i dowod\u00f3w na te fakty. Udowodni to, \u017ce Jorge Mario Bergoglio nigdy nie by\u0142 papie\u017cem Ko\u015bcio\u0142a Katolickiego: wszystkie jego akty rz\u0105dowe i nauczania s\u0105 niewa\u017cne i niewa\u017cne, a wszystkie jego nominacje s\u0105 niewa\u017cne i niewa\u017cne, w tym tych kardyna\u0142\u00f3w, kt\u00f3rzy wybior\u0105 jego nast\u0119pc\u0119.<\/p>\n\n\n\n<p class=\"has-text-align-justify wp-block-paragraph\">Nadszed\u0142 czas, aby odwa\u017cnie stan\u0105\u0107 twarz\u0105 w twarz z prawd\u0105, aby wyzwolenie Ko\u015bcio\u0142a katolickiego od wywrotowc\u00f3w, kt\u00f3rzy okupowali go zbyt d\u0142ugo, aby go zniszczy\u0107, by\u0142o&nbsp;<em>wyzwoleniem radykalnym i autentycznym<\/em>, a tak\u017ce aby wsp\u00f3lnicy oszustwa \u2013 kt\u00f3rzy wci\u0105\u017c s\u0105 w Watykanie i prze\u017cyj\u0105 Bergoglio \u2013 mogli zosta\u0107 odkryci i postawieni przed s\u0105dem, zanim ich przest\u0119pcze dzia\u0142ania zniszcz\u0105 dowody pope\u0142nionych przez nich przest\u0119pstw.<\/p>\n\n\n\n<p class=\"wp-block-paragraph\">+ Carlo Maria Vigan\u00f2,&nbsp;<em>Arcybiskup<\/em><\/p>\n\n\n\n<div class=\"wp-block-cover aligncenter\" style=\"min-height:361px;aspect-ratio:unset;\"><img fetchpriority=\"high\" decoding=\"async\" width=\"524\" height=\"539\" data-attachment-id=\"115630\" data-permalink=\"https:\/\/wobronietradycjiiwiary.com\/pl\/church-militant-o-naduzyciach-seksualnych-w-bractwie-sw-piusa-x-nowy-cykl\/ec48bf44892c29b895741920e0bdef09-2\/\" data-orig-file=\"https:\/\/wobronietradycjiiwiary.com\/wp-content\/uploads\/2024\/04\/ec48bf44892c29b895741920e0bdef09.jpg\" data-orig-size=\"524,539\" data-comments-opened=\"1\" data-image-meta=\"{&quot;aperture&quot;:&quot;0&quot;,&quot;credit&quot;:&quot;&quot;,&quot;camera&quot;:&quot;&quot;,&quot;caption&quot;:&quot;&quot;,&quot;created_timestamp&quot;:&quot;0&quot;,&quot;copyright&quot;:&quot;&quot;,&quot;focal_length&quot;:&quot;0&quot;,&quot;iso&quot;:&quot;0&quot;,&quot;shutter_speed&quot;:&quot;0&quot;,&quot;title&quot;:&quot;&quot;,&quot;orientation&quot;:&quot;0&quot;}\" data-image-title=\"ec48bf44892c29b895741920e0bdef09\" data-image-description=\"\" data-image-caption=\"\" data-large-file=\"https:\/\/wobronietradycjiiwiary.com\/wp-content\/uploads\/2024\/04\/ec48bf44892c29b895741920e0bdef09.jpg\" class=\"wp-block-cover__image-background wp-image-115630\" alt=\"\" src=\"https:\/\/wobronietradycjiiwiary.com\/wp-content\/uploads\/2024\/04\/ec48bf44892c29b895741920e0bdef09.jpg\" style=\"object-position:57% 0%\" data-object-fit=\"cover\" data-object-position=\"57% 0%\" srcset=\"https:\/\/wobronietradycjiiwiary.com\/wp-content\/uploads\/2024\/04\/ec48bf44892c29b895741920e0bdef09.jpg 524w, https:\/\/wobronietradycjiiwiary.com\/wp-content\/uploads\/2024\/04\/ec48bf44892c29b895741920e0bdef09-450x463.jpg 450w, https:\/\/wobronietradycjiiwiary.com\/wp-content\/uploads\/2024\/04\/ec48bf44892c29b895741920e0bdef09-292x300.jpg 292w, https:\/\/wobronietradycjiiwiary.com\/wp-content\/uploads\/2024\/04\/ec48bf44892c29b895741920e0bdef09-146x150.jpg 146w, https:\/\/wobronietradycjiiwiary.com\/wp-content\/uploads\/2024\/04\/ec48bf44892c29b895741920e0bdef09-12x12.jpg 12w, https:\/\/wobronietradycjiiwiary.com\/wp-content\/uploads\/2024\/04\/ec48bf44892c29b895741920e0bdef09-58x60.jpg 58w, https:\/\/wobronietradycjiiwiary.com\/wp-content\/uploads\/2024\/04\/ec48bf44892c29b895741920e0bdef09-87x90.jpg 87w\" sizes=\"(max-width: 524px) 100vw, 524px\" \/><span aria-hidden=\"true\" class=\"wp-block-cover__background has-background-dim\"><\/span><div class=\"wp-block-cover__inner-container is-layout-flow wp-block-cover-is-layout-flow\">\n<p class=\"has-text-align-center has-large-font-size wp-block-paragraph\"><mark style=\"background-color:rgba(0, 0, 0, 0)\" class=\"has-inline-color has-luminous-vivid-amber-color\"><strong>Spodoba\u0142o si\u0119? Wspieraj nas!<\/strong><\/mark><\/p>\n\n\n\n<p class=\"has-text-align-center wp-block-paragraph\"><strong>Kart\u0105, paypalem lub bezpo\u015brednim przelewem<\/strong>.<\/p>\n\n\n\n<p class=\"has-text-align-center wp-block-paragraph\" style=\"font-size:39px\"><a aria-label=\" (opens in a new tab)\" class=\"ek-link\" href=\"https:\/\/donate.stripe.com\/6oE7uNfHU4nXe2I7su\" target=\"_blank\" rel=\"noreferrer noopener\"><mark style=\"background-color:rgba(0, 0, 0, 0)\" class=\"has-inline-color has-white-color\"><strong>Datki<\/strong> <\/mark><\/a><\/p>\n<\/div><\/div>\n","protected":false},"excerpt":{"rendered":"<p>Ostatnia wypowied\u017a abp. Vigano na temat skandali w Ko\u015bciele.<\/p>\n","protected":false},"author":60508433,"featured_media":64189,"comment_status":"open","ping_status":"open","sticky":false,"template":"","format":"standard","meta":{"_bbp_topic_count":0,"_bbp_reply_count":0,"_bbp_total_topic_count":0,"_bbp_total_reply_count":0,"_bbp_voice_count":0,"_bbp_anonymous_reply_count":0,"_bbp_topic_count_hidden":0,"_bbp_reply_count_hidden":0,"_bbp_forum_subforum_count":0,"_editorskit_title_hidden":false,"_editorskit_reading_time":0,"_editorskit_is_block_options_detached":false,"_editorskit_block_options_position":"{}","_coblocks_attr":"","_coblocks_dimensions":"","_coblocks_responsive_height":"","_coblocks_accordion_ie_support":"","_exactmetrics_skip_tracking":false,"_jetpack_newsletter_access":"","_jetpack_dont_email_post_to_subs":false,"_jetpack_newsletter_tier_id":0,"_jetpack_memberships_contains_paywalled_content":false,"_wpcom_ai_launchpad_first_post":false,"_jetpack_feature_clip_id":0,"_jetpack_memberships_contains_paid_content":false,"footnotes":"","jetpack_publicize_message":"","jetpack_publicize_feature_enabled":true,"jetpack_social_post_already_shared":false,"jetpack_social_options":{"image_generator_settings":{"template":"highway","enabled":false},"version":2},"_wpas_customize_per_network":false,"jetpack_post_was_ever_published":false},"categories":[610131775,610131215,610131186],"tags":[948866,20517497,610133465,610132639,929174],"class_list":["post-132812","post","type-post","status-publish","format-standard","has-post-thumbnail","hentry","category-abp-vigano","category-autorzy-polemiczni","category-polemika","tag-bergoglio","tag-konklawe","tag-skandale","tag-vigano","tag-watykan"],"yoast_head":"<!-- This site is optimized with the Yoast SEO plugin v28.3 - https:\/\/yoast.com\/product\/yoast-seo-wordpress\/ -->\n<title>Abp. Vigano: Kamienie wo\u0142a\u0107 b\u0119d\u0105 - Tradycja i Wiara<\/title>\n<meta name=\"robots\" content=\"index, follow, max-snippet:-1, max-image-preview:large, max-video-preview:-1\" \/>\n<link rel=\"canonical\" href=\"https:\/\/wobronietradycjiiwiary.com\/pl\/abp-vigano-kamienie-wolac-beda\/\" \/>\n<meta property=\"og:locale\" content=\"pl_PL\" \/>\n<meta property=\"og:type\" content=\"article\" \/>\n<meta property=\"og:title\" content=\"Abp. Vigano: Kamienie wo\u0142a\u0107 b\u0119d\u0105 - Tradycja i Wiara\" \/>\n<meta property=\"og:description\" content=\"Ostatnia wypowied\u017a abp. Vigano na temat skandali w Ko\u015bciele.\" \/>\n<meta property=\"og:url\" content=\"https:\/\/wobronietradycjiiwiary.com\/pl\/abp-vigano-kamienie-wolac-beda\/\" \/>\n<meta property=\"og:site_name\" content=\"Tradycja i Wiara\" \/>\n<meta property=\"article:publisher\" content=\"https:\/\/www.facebook.com\/Tradycja-i-Wiara-108813920592249\" \/>\n<meta property=\"article:published_time\" content=\"2025-02-25T09:01:55+00:00\" \/>\n<meta property=\"article:modified_time\" content=\"2025-02-27T18:49:28+00:00\" \/>\n<meta property=\"og:image\" content=\"https:\/\/wobronietradycjiiwiary.com\/wp-content\/uploads\/2022\/03\/Card-Domenichino-Domenico-Zampieri-Portrait-of-Cardinal-Agucchi-e1647363115706.jpg\" \/>\n\t<meta property=\"og:image:width\" content=\"464\" \/>\n\t<meta property=\"og:image:height\" content=\"490\" \/>\n\t<meta property=\"og:image:type\" content=\"image\/jpeg\" \/>\n<meta name=\"author\" content=\"Traditio et Fides\" \/>\n<meta name=\"twitter:card\" content=\"summary_large_image\" \/>\n<meta name=\"twitter:label1\" content=\"Napisane przez\" \/>\n\t<meta name=\"twitter:data1\" content=\"Traditio et Fides\" \/>\n\t<meta name=\"twitter:label2\" content=\"Szacowany czas czytania\" \/>\n\t<meta name=\"twitter:data2\" content=\"5 minut\" \/>\n<script type=\"application\/ld+json\" class=\"yoast-schema-graph\">{\"@context\":\"https:\\\/\\\/schema.org\",\"@graph\":[{\"@type\":\"Article\",\"@id\":\"https:\\\/\\\/wobronietradycjiiwiary.com\\\/pl\\\/abp-vigano-kamienie-wolac-beda\\\/#article\",\"isPartOf\":{\"@id\":\"https:\\\/\\\/wobronietradycjiiwiary.com\\\/pl\\\/abp-vigano-kamienie-wolac-beda\\\/\"},\"author\":{\"name\":\"Traditio et Fides\",\"@id\":\"https:\\\/\\\/wobronietradycjiiwiary.com\\\/pl\\\/#\\\/schema\\\/person\\\/2d6180ce6abcb681fef0daab7816e8f3\"},\"headline\":\"Abp. Vigano: Kamienie wo\u0142a\u0107 b\u0119d\u0105\",\"datePublished\":\"2025-02-25T09:01:55+00:00\",\"dateModified\":\"2025-02-27T18:49:28+00:00\",\"mainEntityOfPage\":{\"@id\":\"https:\\\/\\\/wobronietradycjiiwiary.com\\\/pl\\\/abp-vigano-kamienie-wolac-beda\\\/\"},\"wordCount\":927,\"commentCount\":0,\"publisher\":{\"@id\":\"https:\\\/\\\/wobronietradycjiiwiary.com\\\/pl\\\/#organization\"},\"image\":{\"@id\":\"https:\\\/\\\/wobronietradycjiiwiary.com\\\/pl\\\/abp-vigano-kamienie-wolac-beda\\\/#primaryimage\"},\"thumbnailUrl\":\"https:\\\/\\\/wobronietradycjiiwiary.com\\\/wp-content\\\/uploads\\\/2022\\\/03\\\/Card-Domenichino-Domenico-Zampieri-Portrait-of-Cardinal-Agucchi-e1647363115706.jpg\",\"keywords\":[\"Bergoglio\",\"konklawe\",\"skandale\",\"Vigano\",\"Watykan\"],\"articleSection\":[\"Abp. Vigano\",\"Autorzy polemiczni\",\"Polemika\"],\"inLanguage\":\"pl-PL\",\"potentialAction\":[{\"@type\":\"CommentAction\",\"name\":\"Comment\",\"target\":[\"https:\\\/\\\/wobronietradycjiiwiary.com\\\/pl\\\/abp-vigano-kamienie-wolac-beda\\\/#respond\"]}]},{\"@type\":\"WebPage\",\"@id\":\"https:\\\/\\\/wobronietradycjiiwiary.com\\\/pl\\\/abp-vigano-kamienie-wolac-beda\\\/\",\"url\":\"https:\\\/\\\/wobronietradycjiiwiary.com\\\/pl\\\/abp-vigano-kamienie-wolac-beda\\\/\",\"name\":\"Abp. Vigano: Kamienie wo\u0142a\u0107 b\u0119d\u0105 - Tradycja i Wiara\",\"isPartOf\":{\"@id\":\"https:\\\/\\\/wobronietradycjiiwiary.com\\\/pl\\\/#website\"},\"primaryImageOfPage\":{\"@id\":\"https:\\\/\\\/wobronietradycjiiwiary.com\\\/pl\\\/abp-vigano-kamienie-wolac-beda\\\/#primaryimage\"},\"image\":{\"@id\":\"https:\\\/\\\/wobronietradycjiiwiary.com\\\/pl\\\/abp-vigano-kamienie-wolac-beda\\\/#primaryimage\"},\"thumbnailUrl\":\"https:\\\/\\\/wobronietradycjiiwiary.com\\\/wp-content\\\/uploads\\\/2022\\\/03\\\/Card-Domenichino-Domenico-Zampieri-Portrait-of-Cardinal-Agucchi-e1647363115706.jpg\",\"datePublished\":\"2025-02-25T09:01:55+00:00\",\"dateModified\":\"2025-02-27T18:49:28+00:00\",\"breadcrumb\":{\"@id\":\"https:\\\/\\\/wobronietradycjiiwiary.com\\\/pl\\\/abp-vigano-kamienie-wolac-beda\\\/#breadcrumb\"},\"inLanguage\":\"pl-PL\",\"potentialAction\":[{\"@type\":\"ReadAction\",\"target\":[\"https:\\\/\\\/wobronietradycjiiwiary.com\\\/pl\\\/abp-vigano-kamienie-wolac-beda\\\/\"]}]},{\"@type\":\"ImageObject\",\"inLanguage\":\"pl-PL\",\"@id\":\"https:\\\/\\\/wobronietradycjiiwiary.com\\\/pl\\\/abp-vigano-kamienie-wolac-beda\\\/#primaryimage\",\"url\":\"https:\\\/\\\/wobronietradycjiiwiary.com\\\/wp-content\\\/uploads\\\/2022\\\/03\\\/Card-Domenichino-Domenico-Zampieri-Portrait-of-Cardinal-Agucchi-e1647363115706.jpg\",\"contentUrl\":\"https:\\\/\\\/wobronietradycjiiwiary.com\\\/wp-content\\\/uploads\\\/2022\\\/03\\\/Card-Domenichino-Domenico-Zampieri-Portrait-of-Cardinal-Agucchi-e1647363115706.jpg\",\"width\":464,\"height\":490},{\"@type\":\"BreadcrumbList\",\"@id\":\"https:\\\/\\\/wobronietradycjiiwiary.com\\\/pl\\\/abp-vigano-kamienie-wolac-beda\\\/#breadcrumb\",\"itemListElement\":[{\"@type\":\"ListItem\",\"position\":1,\"name\":\"Strona g\u0142\u00f3wna\",\"item\":\"https:\\\/\\\/wobronietradycjiiwiary.com\\\/\"},{\"@type\":\"ListItem\",\"position\":2,\"name\":\"Abp. Vigano: Kamienie wo\u0142a\u0107 b\u0119d\u0105\"}]},{\"@type\":\"WebSite\",\"@id\":\"https:\\\/\\\/wobronietradycjiiwiary.com\\\/pl\\\/#website\",\"url\":\"https:\\\/\\\/wobronietradycjiiwiary.com\\\/pl\\\/\",\"name\":\"Tradycja i Wiara\",\"description\":\"Portal dla katolik\u00f3w.\",\"publisher\":{\"@id\":\"https:\\\/\\\/wobronietradycjiiwiary.com\\\/pl\\\/#organization\"},\"potentialAction\":[{\"@type\":\"SearchAction\",\"target\":{\"@type\":\"EntryPoint\",\"urlTemplate\":\"https:\\\/\\\/wobronietradycjiiwiary.com\\\/pl\\\/?s={search_term_string}\"},\"query-input\":{\"@type\":\"PropertyValueSpecification\",\"valueRequired\":true,\"valueName\":\"search_term_string\"}}],\"inLanguage\":\"pl-PL\"},{\"@type\":\"Organization\",\"@id\":\"https:\\\/\\\/wobronietradycjiiwiary.com\\\/pl\\\/#organization\",\"name\":\"Tradycja i Wiara\",\"url\":\"https:\\\/\\\/wobronietradycjiiwiary.com\\\/pl\\\/\",\"logo\":{\"@type\":\"ImageObject\",\"inLanguage\":\"pl-PL\",\"@id\":\"https:\\\/\\\/wobronietradycjiiwiary.com\\\/pl\\\/#\\\/schema\\\/logo\\\/image\\\/\",\"url\":\"https:\\\/\\\/i0.wp.com\\\/wobronietradycjiiwiary.com\\\/wp-content\\\/uploads\\\/2015\\\/10\\\/cropped-st-peters-dome-vatican.jpg?fit=940%2C198&ssl=1\",\"contentUrl\":\"https:\\\/\\\/i0.wp.com\\\/wobronietradycjiiwiary.com\\\/wp-content\\\/uploads\\\/2015\\\/10\\\/cropped-st-peters-dome-vatican.jpg?fit=940%2C198&ssl=1\",\"width\":940,\"height\":198,\"caption\":\"Tradycja i Wiara\"},\"image\":{\"@id\":\"https:\\\/\\\/wobronietradycjiiwiary.com\\\/pl\\\/#\\\/schema\\\/logo\\\/image\\\/\"},\"sameAs\":[\"https:\\\/\\\/www.facebook.com\\\/Tradycja-i-Wiara-108813920592249\"]},{\"@type\":\"Person\",\"@id\":\"https:\\\/\\\/wobronietradycjiiwiary.com\\\/pl\\\/#\\\/schema\\\/person\\\/2d6180ce6abcb681fef0daab7816e8f3\",\"name\":\"Traditio et Fides\",\"sameAs\":[\"https:\\\/\\\/traditionundglauben.com\"],\"url\":\"https:\\\/\\\/wobronietradycjiiwiary.com\\\/pl\\\/author\\\/wobronietradycjiiwiary\\\/\"}]}<\/script>\n<!-- \/ Yoast SEO plugin. -->","yoast_head_json":{"title":"Abp. Vigano: Kamienie wo\u0142a\u0107 b\u0119d\u0105 - Tradycja i Wiara","robots":{"index":"index","follow":"follow","max-snippet":"max-snippet:-1","max-image-preview":"max-image-preview:large","max-video-preview":"max-video-preview:-1"},"canonical":"https:\/\/wobronietradycjiiwiary.com\/pl\/abp-vigano-kamienie-wolac-beda\/","og_locale":"pl_PL","og_type":"article","og_title":"Abp. Vigano: Kamienie wo\u0142a\u0107 b\u0119d\u0105 - Tradycja i Wiara","og_description":"Ostatnia wypowied\u017a abp. Vigano na temat skandali w Ko\u015bciele.","og_url":"https:\/\/wobronietradycjiiwiary.com\/pl\/abp-vigano-kamienie-wolac-beda\/","og_site_name":"Tradycja i Wiara","article_publisher":"https:\/\/www.facebook.com\/Tradycja-i-Wiara-108813920592249","article_published_time":"2025-02-25T09:01:55+00:00","article_modified_time":"2025-02-27T18:49:28+00:00","og_image":[{"width":464,"height":490,"url":"https:\/\/wobronietradycjiiwiary.com\/wp-content\/uploads\/2022\/03\/Card-Domenichino-Domenico-Zampieri-Portrait-of-Cardinal-Agucchi-e1647363115706.jpg","type":"image\/jpeg"}],"author":"Traditio et Fides","twitter_card":"summary_large_image","twitter_misc":{"Napisane przez":"Traditio et Fides","Szacowany czas czytania":"5 minut"},"schema":{"@context":"https:\/\/schema.org","@graph":[{"@type":"Article","@id":"https:\/\/wobronietradycjiiwiary.com\/pl\/abp-vigano-kamienie-wolac-beda\/#article","isPartOf":{"@id":"https:\/\/wobronietradycjiiwiary.com\/pl\/abp-vigano-kamienie-wolac-beda\/"},"author":{"name":"Traditio et Fides","@id":"https:\/\/wobronietradycjiiwiary.com\/pl\/#\/schema\/person\/2d6180ce6abcb681fef0daab7816e8f3"},"headline":"Abp. Vigano: Kamienie wo\u0142a\u0107 b\u0119d\u0105","datePublished":"2025-02-25T09:01:55+00:00","dateModified":"2025-02-27T18:49:28+00:00","mainEntityOfPage":{"@id":"https:\/\/wobronietradycjiiwiary.com\/pl\/abp-vigano-kamienie-wolac-beda\/"},"wordCount":927,"commentCount":0,"publisher":{"@id":"https:\/\/wobronietradycjiiwiary.com\/pl\/#organization"},"image":{"@id":"https:\/\/wobronietradycjiiwiary.com\/pl\/abp-vigano-kamienie-wolac-beda\/#primaryimage"},"thumbnailUrl":"https:\/\/wobronietradycjiiwiary.com\/wp-content\/uploads\/2022\/03\/Card-Domenichino-Domenico-Zampieri-Portrait-of-Cardinal-Agucchi-e1647363115706.jpg","keywords":["Bergoglio","konklawe","skandale","Vigano","Watykan"],"articleSection":["Abp. Vigano","Autorzy polemiczni","Polemika"],"inLanguage":"pl-PL","potentialAction":[{"@type":"CommentAction","name":"Comment","target":["https:\/\/wobronietradycjiiwiary.com\/pl\/abp-vigano-kamienie-wolac-beda\/#respond"]}]},{"@type":"WebPage","@id":"https:\/\/wobronietradycjiiwiary.com\/pl\/abp-vigano-kamienie-wolac-beda\/","url":"https:\/\/wobronietradycjiiwiary.com\/pl\/abp-vigano-kamienie-wolac-beda\/","name":"Abp. Vigano: Kamienie wo\u0142a\u0107 b\u0119d\u0105 - Tradycja i Wiara","isPartOf":{"@id":"https:\/\/wobronietradycjiiwiary.com\/pl\/#website"},"primaryImageOfPage":{"@id":"https:\/\/wobronietradycjiiwiary.com\/pl\/abp-vigano-kamienie-wolac-beda\/#primaryimage"},"image":{"@id":"https:\/\/wobronietradycjiiwiary.com\/pl\/abp-vigano-kamienie-wolac-beda\/#primaryimage"},"thumbnailUrl":"https:\/\/wobronietradycjiiwiary.com\/wp-content\/uploads\/2022\/03\/Card-Domenichino-Domenico-Zampieri-Portrait-of-Cardinal-Agucchi-e1647363115706.jpg","datePublished":"2025-02-25T09:01:55+00:00","dateModified":"2025-02-27T18:49:28+00:00","breadcrumb":{"@id":"https:\/\/wobronietradycjiiwiary.com\/pl\/abp-vigano-kamienie-wolac-beda\/#breadcrumb"},"inLanguage":"pl-PL","potentialAction":[{"@type":"ReadAction","target":["https:\/\/wobronietradycjiiwiary.com\/pl\/abp-vigano-kamienie-wolac-beda\/"]}]},{"@type":"ImageObject","inLanguage":"pl-PL","@id":"https:\/\/wobronietradycjiiwiary.com\/pl\/abp-vigano-kamienie-wolac-beda\/#primaryimage","url":"https:\/\/wobronietradycjiiwiary.com\/wp-content\/uploads\/2022\/03\/Card-Domenichino-Domenico-Zampieri-Portrait-of-Cardinal-Agucchi-e1647363115706.jpg","contentUrl":"https:\/\/wobronietradycjiiwiary.com\/wp-content\/uploads\/2022\/03\/Card-Domenichino-Domenico-Zampieri-Portrait-of-Cardinal-Agucchi-e1647363115706.jpg","width":464,"height":490},{"@type":"BreadcrumbList","@id":"https:\/\/wobronietradycjiiwiary.com\/pl\/abp-vigano-kamienie-wolac-beda\/#breadcrumb","itemListElement":[{"@type":"ListItem","position":1,"name":"Strona g\u0142\u00f3wna","item":"https:\/\/wobronietradycjiiwiary.com\/"},{"@type":"ListItem","position":2,"name":"Abp. Vigano: Kamienie wo\u0142a\u0107 b\u0119d\u0105"}]},{"@type":"WebSite","@id":"https:\/\/wobronietradycjiiwiary.com\/pl\/#website","url":"https:\/\/wobronietradycjiiwiary.com\/pl\/","name":"Tradycja i Wiara","description":"Portal dla katolik\u00f3w.","publisher":{"@id":"https:\/\/wobronietradycjiiwiary.com\/pl\/#organization"},"potentialAction":[{"@type":"SearchAction","target":{"@type":"EntryPoint","urlTemplate":"https:\/\/wobronietradycjiiwiary.com\/pl\/?s={search_term_string}"},"query-input":{"@type":"PropertyValueSpecification","valueRequired":true,"valueName":"search_term_string"}}],"inLanguage":"pl-PL"},{"@type":"Organization","@id":"https:\/\/wobronietradycjiiwiary.com\/pl\/#organization","name":"Tradycja i Wiara","url":"https:\/\/wobronietradycjiiwiary.com\/pl\/","logo":{"@type":"ImageObject","inLanguage":"pl-PL","@id":"https:\/\/wobronietradycjiiwiary.com\/pl\/#\/schema\/logo\/image\/","url":"https:\/\/i0.wp.com\/wobronietradycjiiwiary.com\/wp-content\/uploads\/2015\/10\/cropped-st-peters-dome-vatican.jpg?fit=940%2C198&ssl=1","contentUrl":"https:\/\/i0.wp.com\/wobronietradycjiiwiary.com\/wp-content\/uploads\/2015\/10\/cropped-st-peters-dome-vatican.jpg?fit=940%2C198&ssl=1","width":940,"height":198,"caption":"Tradycja i Wiara"},"image":{"@id":"https:\/\/wobronietradycjiiwiary.com\/pl\/#\/schema\/logo\/image\/"},"sameAs":["https:\/\/www.facebook.com\/Tradycja-i-Wiara-108813920592249"]},{"@type":"Person","@id":"https:\/\/wobronietradycjiiwiary.com\/pl\/#\/schema\/person\/2d6180ce6abcb681fef0daab7816e8f3","name":"Traditio et Fides","sameAs":["https:\/\/traditionundglauben.com"],"url":"https:\/\/wobronietradycjiiwiary.com\/pl\/author\/wobronietradycjiiwiary\/"}]}},"jetpack_publicize_connections":[],"jetpack_sharing_enabled":true,"jetpack_likes_enabled":true,"jetpack_shortlink":"https:\/\/wp.me\/pc04Sd-yy8","jetpack-related-posts":[{"id":160820,"url":"https:\/\/wobronietradycjiiwiary.com\/pl\/abp-vigano-o-stosunkach-fsspx-z-watykanem\/","url_meta":{"origin":132812,"position":0},"title":"Abp. Vigano o stosunkach FSSPX z Watykanem","author":"Traditio et Fides","date":"13 lutego 2026","format":false,"excerpt":"Stanowisko abp. Vigano na temat ostatnich rozm\u00f3w FSSPX z Watykanem.","rel":"","context":"W \u201eAbp. Vigano&quot;","block_context":{"text":"Abp. Vigano","link":"https:\/\/wobronietradycjiiwiary.com\/pl\/category\/polemika\/autorzy-polemiczni\/abp-vigano\/"},"img":{"alt_text":"","src":"https:\/\/i0.wp.com\/wobronietradycjiiwiary.com\/wp-content\/uploads\/2026\/02\/NSC_BLMU_SCAR_DG_1-001.jpg?resize=350%2C200&ssl=1","width":350,"height":200,"srcset":"https:\/\/i0.wp.com\/wobronietradycjiiwiary.com\/wp-content\/uploads\/2026\/02\/NSC_BLMU_SCAR_DG_1-001.jpg?resize=350%2C200&ssl=1 1x, https:\/\/i0.wp.com\/wobronietradycjiiwiary.com\/wp-content\/uploads\/2026\/02\/NSC_BLMU_SCAR_DG_1-001.jpg?resize=525%2C300&ssl=1 1.5x, https:\/\/i0.wp.com\/wobronietradycjiiwiary.com\/wp-content\/uploads\/2026\/02\/NSC_BLMU_SCAR_DG_1-001.jpg?resize=700%2C400&ssl=1 2x"},"classes":[]},{"id":32354,"url":"https:\/\/wobronietradycjiiwiary.com\/pl\/list-arcybiskupa-vigano-lub-sobor-wszystkiemu-winny-1-z-5\/","url_meta":{"origin":132812,"position":1},"title":"List arcybiskupa Vigano lub Sob\u00f3r wszystkiemu winny (1 z 6)","author":"Traditio et Fides","date":"23 czerwca 2020","format":false,"excerpt":"W poni\u017cszym li\u015bcie arcybiskupa Vigan\u00f2 nie ma w sumie nic nowego. Znajduj\u0105ce si\u0119 w nim argumenty pojawiaj\u0105 si\u0119 od lat na stronach zwi\u0105zanych z FSSPX, na stronach sedewakantystycznych, tradycjonalistycznych oraz na r\u00f3\u017cnych blogach, tak\u017ce u nas. Nowo\u015b\u0107 polega jednak na tym, \u017ce argumenty te padaj\u0105 z pi\u00f3ra katolickiego arcybiskupa, wy\u015bwi\u0119conego\u2026","rel":"","context":"W \u201eAbp. Vigano&quot;","block_context":{"text":"Abp. Vigano","link":"https:\/\/wobronietradycjiiwiary.com\/pl\/category\/polemika\/autorzy-polemiczni\/abp-vigano\/"},"img":{"alt_text":"","src":"https:\/\/i0.wp.com\/wobronietradycjiiwiary.com\/wp-content\/uploads\/2020\/06\/Saint_Januarius.jpg?resize=350%2C200&ssl=1","width":350,"height":200,"srcset":"https:\/\/i0.wp.com\/wobronietradycjiiwiary.com\/wp-content\/uploads\/2020\/06\/Saint_Januarius.jpg?resize=350%2C200&ssl=1 1x, https:\/\/i0.wp.com\/wobronietradycjiiwiary.com\/wp-content\/uploads\/2020\/06\/Saint_Januarius.jpg?resize=525%2C300&ssl=1 1.5x, https:\/\/i0.wp.com\/wobronietradycjiiwiary.com\/wp-content\/uploads\/2020\/06\/Saint_Januarius.jpg?resize=700%2C400&ssl=1 2x"},"classes":[]},{"id":32366,"url":"https:\/\/wobronietradycjiiwiary.com\/pl\/list-arcybiskupa-vigano-lub-sobor-wszystkiemu-winny-4-z-5\/","url_meta":{"origin":132812,"position":2},"title":"List arcybiskupa Vigano lub Sob\u00f3r wszystkiemu winny (4 z 6)","author":"Traditio et Fides","date":"14 lipca 2020","format":false,"excerpt":"Czy oni naprawd\u0119 tego nie widz\u0105, czy s\u0105 zbyt tch\u00f3rzliwi, by si\u0119 temu przeciwstawi\u0107? Wydaje si\u0119, \u017ce raczej to drugie, a skoro wierno\u015b\u0107 Soborowi by\u0142 przez tyle lat faktycznym katolickim credo, to zakwestionowanie Soboru r\u00f3wna si\u0119 zakwestionowaniu w\u0142asnej biografii i w\u0142asnych decyzji, a to ma\u0142o kto potrafi. Niepokoj\u0105ce jest to,\u2026","rel":"","context":"W \u201eAbp. Vigano&quot;","block_context":{"text":"Abp. Vigano","link":"https:\/\/wobronietradycjiiwiary.com\/pl\/category\/polemika\/autorzy-polemiczni\/abp-vigano\/"},"img":{"alt_text":"","src":"https:\/\/i0.wp.com\/wobronietradycjiiwiary.com\/wp-content\/uploads\/2020\/06\/Saint_Januarius.jpg?resize=350%2C200&ssl=1","width":350,"height":200,"srcset":"https:\/\/i0.wp.com\/wobronietradycjiiwiary.com\/wp-content\/uploads\/2020\/06\/Saint_Januarius.jpg?resize=350%2C200&ssl=1 1x, https:\/\/i0.wp.com\/wobronietradycjiiwiary.com\/wp-content\/uploads\/2020\/06\/Saint_Januarius.jpg?resize=525%2C300&ssl=1 1.5x, https:\/\/i0.wp.com\/wobronietradycjiiwiary.com\/wp-content\/uploads\/2020\/06\/Saint_Januarius.jpg?resize=700%2C400&ssl=1 2x"},"classes":[]},{"id":32374,"url":"https:\/\/wobronietradycjiiwiary.com\/pl\/list-arcybiskupa-vigano-lub-sobor-wszystkiemu-winny-6-z-6\/","url_meta":{"origin":132812,"position":3},"title":"List arcybiskupa Vigano lub Sob\u00f3r wszystkiemu winny (6 z 6)","author":"Traditio et Fides","date":"28 lipca 2020","format":false,"excerpt":"Abp. Vigano pisze o zaufaniu prze\u0142o\u017conym oraz o byciu \"sp\u00f3jnym\", to jest w zgodzie z samym sob\u0105. By\u0107 mo\u017ce to \"bycie sp\u00f3jnym\" jest r\u00f3wnoznaczne z robieniem kariery, a mo\u017ce nie. Nie tylko arcybiskup zosta\u0142 oszukany, ale i my wszyscy. Przez wszystkich posoborowych papie\u017cy, najd\u0142u\u017cej przez Jana Paw\u0142a II, kt\u00f3rego pontyfikat\u2026","rel":"","context":"W \u201eAbp. Vigano&quot;","block_context":{"text":"Abp. Vigano","link":"https:\/\/wobronietradycjiiwiary.com\/pl\/category\/polemika\/autorzy-polemiczni\/abp-vigano\/"},"img":{"alt_text":"","src":"https:\/\/i0.wp.com\/wobronietradycjiiwiary.com\/wp-content\/uploads\/2020\/06\/Saint_Januarius.jpg?resize=350%2C200&ssl=1","width":350,"height":200,"srcset":"https:\/\/i0.wp.com\/wobronietradycjiiwiary.com\/wp-content\/uploads\/2020\/06\/Saint_Januarius.jpg?resize=350%2C200&ssl=1 1x, https:\/\/i0.wp.com\/wobronietradycjiiwiary.com\/wp-content\/uploads\/2020\/06\/Saint_Januarius.jpg?resize=525%2C300&ssl=1 1.5x, https:\/\/i0.wp.com\/wobronietradycjiiwiary.com\/wp-content\/uploads\/2020\/06\/Saint_Januarius.jpg?resize=700%2C400&ssl=1 2x"},"classes":[]},{"id":32357,"url":"https:\/\/wobronietradycjiiwiary.com\/pl\/list-arcybiskupa-vigano-lub-sobor-wszystkiemu-winny-2-z-5\/","url_meta":{"origin":132812,"position":4},"title":"List arcybiskupa Vigano lub Sob\u00f3r wszystkiemu winny (2 z 6)","author":"Traditio et Fides","date":"30 czerwca 2020","format":false,"excerpt":"Abp. Vigano s\u0142usznie zwraca uwag\u0119 na r\u00f3wni\u0119 pochy\u0142\u0105 argumentu biskupa Schneidera. Je\u015bli bowiem p\u00f3\u017aniejszym Sob\u00f3r zawsze mo\u017ce zaktualizowa\u0107 twierdzenia Soboru poprzedniego, to z trwa\u0142o\u015bci nauki Ko\u015bcio\u0142a nie pozostanie nic przed czym przestrzega\u0142a ju\u017c encyklika Pascendi. To, \u017ce \"doktryny s\u0105 dzi\u015b trudne do zaakceptowania\", jak to ujmuje biskup Schneider, nie znaczy\u2026","rel":"","context":"W \u201eAbp. Vigano&quot;","block_context":{"text":"Abp. Vigano","link":"https:\/\/wobronietradycjiiwiary.com\/pl\/category\/polemika\/autorzy-polemiczni\/abp-vigano\/"},"img":{"alt_text":"","src":"https:\/\/i0.wp.com\/wobronietradycjiiwiary.com\/wp-content\/uploads\/2020\/06\/Saint_Januarius.jpg?resize=350%2C200&ssl=1","width":350,"height":200,"srcset":"https:\/\/i0.wp.com\/wobronietradycjiiwiary.com\/wp-content\/uploads\/2020\/06\/Saint_Januarius.jpg?resize=350%2C200&ssl=1 1x, https:\/\/i0.wp.com\/wobronietradycjiiwiary.com\/wp-content\/uploads\/2020\/06\/Saint_Januarius.jpg?resize=525%2C300&ssl=1 1.5x, https:\/\/i0.wp.com\/wobronietradycjiiwiary.com\/wp-content\/uploads\/2020\/06\/Saint_Januarius.jpg?resize=700%2C400&ssl=1 2x"},"classes":[]},{"id":32386,"url":"https:\/\/wobronietradycjiiwiary.com\/pl\/list-arcybiskupa-vigano-lub-sobor-wszystkiemu-winny-3-z-6\/","url_meta":{"origin":132812,"position":5},"title":"List arcybiskupa Vigano lub Sob\u00f3r wszystkiemu winny (3 z 6)","author":"Traditio et Fides","date":"7 lipca 2020","format":false,"excerpt":"Wielokrotnie zastanawiali\u015bmy si\u0119 na tym blogu nad tym, czy kto\u015b - to jest hierarcha ko\u015bcielny - kt\u00f3ry przejrzy na oczy stwierdzaj\u0105c, czym naprawd\u0119 jest posoborowie, da temu wyraz. Abp. Vigano przejrza\u0142 i przem\u00f3wi\u0142. Mo\u017cna by mu zarzuci\u0107, \u017ce skoro jest milionerem, ca\u0142\u0105 karier\u0119 i \u017cycie ma ju\u017c za sob\u0105, to\u2026","rel":"","context":"W \u201eAbp. Vigano&quot;","block_context":{"text":"Abp. Vigano","link":"https:\/\/wobronietradycjiiwiary.com\/pl\/category\/polemika\/autorzy-polemiczni\/abp-vigano\/"},"img":{"alt_text":"","src":"https:\/\/i0.wp.com\/wobronietradycjiiwiary.com\/wp-content\/uploads\/2020\/06\/Saint_Januarius.jpg?resize=350%2C200&ssl=1","width":350,"height":200,"srcset":"https:\/\/i0.wp.com\/wobronietradycjiiwiary.com\/wp-content\/uploads\/2020\/06\/Saint_Januarius.jpg?resize=350%2C200&ssl=1 1x, https:\/\/i0.wp.com\/wobronietradycjiiwiary.com\/wp-content\/uploads\/2020\/06\/Saint_Januarius.jpg?resize=525%2C300&ssl=1 1.5x, https:\/\/i0.wp.com\/wobronietradycjiiwiary.com\/wp-content\/uploads\/2020\/06\/Saint_Januarius.jpg?resize=700%2C400&ssl=1 2x"},"classes":[]}],"amp_enabled":true,"jetpack_featured_media_url":"https:\/\/wobronietradycjiiwiary.com\/wp-content\/uploads\/2022\/03\/Card-Domenichino-Domenico-Zampieri-Portrait-of-Cardinal-Agucchi-e1647363115706.jpg","_links":{"self":[{"href":"https:\/\/wobronietradycjiiwiary.com\/pl\/wp-json\/wp\/v2\/posts\/132812","targetHints":{"allow":["GET"]}}],"collection":[{"href":"https:\/\/wobronietradycjiiwiary.com\/pl\/wp-json\/wp\/v2\/posts"}],"about":[{"href":"https:\/\/wobronietradycjiiwiary.com\/pl\/wp-json\/wp\/v2\/types\/post"}],"author":[{"embeddable":true,"href":"https:\/\/wobronietradycjiiwiary.com\/pl\/wp-json\/wp\/v2\/users\/60508433"}],"replies":[{"embeddable":true,"href":"https:\/\/wobronietradycjiiwiary.com\/pl\/wp-json\/wp\/v2\/comments?post=132812"}],"version-history":[{"count":9,"href":"https:\/\/wobronietradycjiiwiary.com\/pl\/wp-json\/wp\/v2\/posts\/132812\/revisions"}],"predecessor-version":[{"id":132855,"href":"https:\/\/wobronietradycjiiwiary.com\/pl\/wp-json\/wp\/v2\/posts\/132812\/revisions\/132855"}],"wp:featuredmedia":[{"embeddable":true,"href":"https:\/\/wobronietradycjiiwiary.com\/pl\/wp-json\/wp\/v2\/media\/64189"}],"wp:attachment":[{"href":"https:\/\/wobronietradycjiiwiary.com\/pl\/wp-json\/wp\/v2\/media?parent=132812"}],"wp:term":[{"taxonomy":"category","embeddable":true,"href":"https:\/\/wobronietradycjiiwiary.com\/pl\/wp-json\/wp\/v2\/categories?post=132812"},{"taxonomy":"post_tag","embeddable":true,"href":"https:\/\/wobronietradycjiiwiary.com\/pl\/wp-json\/wp\/v2\/tags?post=132812"}],"curies":[{"name":"wp","href":"https:\/\/api.w.org\/{rel}","templated":true}]}}