{"id":132475,"date":"2025-02-24T10:00:00","date_gmt":"2025-02-24T09:00:00","guid":{"rendered":"https:\/\/wobronietradycjiiwiary.com\/?p=132475"},"modified":"2025-03-03T11:55:05","modified_gmt":"2025-03-03T10:55:05","slug":"sw-tomasz-o-poscie-1-z-8-czy-post-jest-aktem-cnoty","status":"publish","type":"post","link":"https:\/\/wobronietradycjiiwiary.com\/pl\/sw-tomasz-o-poscie-1-z-8-czy-post-jest-aktem-cnoty\/","title":{"rendered":"\u015aw. Tomasz, O po\u015bcie, (1 z 8). Czy post jest aktem cnoty?"},"content":{"rendered":"<div id=\"bsf_rt_marker\"><\/div><p>Post jest wtedy aktem cnotliwym, gdy towarzyszy mu &#8222;prawy rozum&#8221; (ratio recta), to jest s\u0142uszna zasada nim kieruj\u0105ca. Post ma&hellip;<\/p>\n<div style=\"text-align: center\">\n<p>&nbsp;<\/p>\n<\/div>\n<h2 style=\"border: 5px solid #0000A0;padding: 1em;text-align: center\"><span style=\"color: #000000\">Pe\u0142en dost\u0119p dla <span style=\"color: #00ccff\"><a style=\"color: #00ccff\" href=\"https:\/\/wobronietradycjiiwiary.com\/subskrypcje-2\/\" target=\"_blank\" rel=\"noopener\">subskrybent\u00f3w<\/a><\/span>.<\/span><br \/>\n<span style=\"color: #3366ff\"><a style=\"color: #3366ff\" href=\"https:\/\/wobronietradycjiiwiary.com\/account\/login\/\" target=\"_blank\" rel=\"noopener\"><span style=\"color: #00ccff\">Zaloguj<\/span><\/a> <\/span>si\u0119 lub przejd\u017a do <a href=\"https:\/\/wobronietradycjiiwiary.com\/register\/\"><span style=\"color: #3366ff\">Rejestracji<\/span><\/a>.<\/h2>\n<div>\n<p style=\"text-align: center\"><a href=\"https:\/\/wobronietradycjiiwiary.com\/pl\/subskrypcje-2\/cennik\/\" target=\"_blank\" rel=\"noopener\"><span style=\"color: #000080;font-size: 24pt\"><strong>Nowe ni\u017csze ceny<\/strong><\/span><\/a><\/p>\n<p style=\"text-align: center\"><strong><span style=\"font-size: 18pt;color: #000080\">P\u0142atno\u015b\u0107 kart\u0105<\/span><\/strong><\/p>\n<\/div>\n<h3 style=\"text-align: center\"><a href=\"https:\/\/wobronietradycjiiwiary.com\/pl\/subskrypcje-2\/automatyczne\/indywidualne\/\" target=\"_blank\" rel=\"noopener\"><img fetchpriority=\"high\" decoding=\"async\" class=\"alignnone size-medium wp-image-80433\" src=\"https:\/\/wobronietradycjiiwiary.com\/wp-content\/uploads\/2022\/11\/Unbenannt-1-Online-1-300x202.jpg\" alt=\"\" width=\"300\" height=\"202\" srcset=\"https:\/\/wobronietradycjiiwiary.com\/wp-content\/uploads\/2022\/11\/Unbenannt-1-Online-1-300x202.jpg 300w, https:\/\/wobronietradycjiiwiary.com\/wp-content\/uploads\/2022\/11\/Unbenannt-1-Online-1-150x101.jpg 150w, https:\/\/wobronietradycjiiwiary.com\/wp-content\/uploads\/2022\/11\/Unbenannt-1-Online-1-18x12.jpg 18w, https:\/\/wobronietradycjiiwiary.com\/wp-content\/uploads\/2022\/11\/Unbenannt-1-Online-1.jpg 446w\" sizes=\"(max-width: 300px) 100vw, 300px\" \/><\/a><\/h3>\n<p style=\"text-align: center\"><strong><span style=\"font-size: 18pt;color: #000080\">P\u0142atno\u015b\u0107 przelewem<\/span><\/strong><\/p>\n<p><a href=\"https:\/\/wobronietradycjiiwiary.com\/pl\/subskrypcje-2\/automatyczne\/indywidualne\/\" target=\"_blank\" rel=\"noopener\"><img decoding=\"async\" class=\"size-medium wp-image-80434 aligncenter\" src=\"https:\/\/wobronietradycjiiwiary.com\/wp-content\/uploads\/2022\/11\/Unbenannt-1-Przelewem-300x137.jpg\" alt=\"\" width=\"300\" height=\"137\" srcset=\"https:\/\/wobronietradycjiiwiary.com\/wp-content\/uploads\/2022\/11\/Unbenannt-1-Przelewem-300x137.jpg 300w, https:\/\/wobronietradycjiiwiary.com\/wp-content\/uploads\/2022\/11\/Unbenannt-1-Przelewem-450x206.jpg 450w, https:\/\/wobronietradycjiiwiary.com\/wp-content\/uploads\/2022\/11\/Unbenannt-1-Przelewem-600x274.jpg 600w, https:\/\/wobronietradycjiiwiary.com\/wp-content\/uploads\/2022\/11\/Unbenannt-1-Przelewem-150x69.jpg 150w, https:\/\/wobronietradycjiiwiary.com\/wp-content\/uploads\/2022\/11\/Unbenannt-1-Przelewem-18x8.jpg 18w, https:\/\/wobronietradycjiiwiary.com\/wp-content\/uploads\/2022\/11\/Unbenannt-1-Przelewem.jpg 676w\" sizes=\"(max-width: 300px) 100vw, 300px\" \/><\/a><\/p>\n<p style=\"text-align: center\"><strong><span style=\"font-size: 18pt;color: #000080\">P\u0142atno\u015b\u0107 kart\u0105 do 6 os\u00f3b<\/span><\/strong><\/p>\n<p><a href=\"https:\/\/wobronietradycjiiwiary.com\/pl\/rodzinne\/\" target=\"_blank\" rel=\"noopener\"><img decoding=\"async\" class=\"size-medium wp-image-80435 aligncenter\" src=\"https:\/\/wobronietradycjiiwiary.com\/wp-content\/uploads\/2022\/11\/Unbenannt-1-Rodzinna-300x208.jpg\" alt=\"\" width=\"300\" height=\"208\" srcset=\"https:\/\/wobronietradycjiiwiary.com\/wp-content\/uploads\/2022\/11\/Unbenannt-1-Rodzinna-300x208.jpg 300w, https:\/\/wobronietradycjiiwiary.com\/wp-content\/uploads\/2022\/11\/Unbenannt-1-Rodzinna-150x104.jpg 150w, https:\/\/wobronietradycjiiwiary.com\/wp-content\/uploads\/2022\/11\/Unbenannt-1-Rodzinna-18x12.jpg 18w, https:\/\/wobronietradycjiiwiary.com\/wp-content\/uploads\/2022\/11\/Unbenannt-1-Rodzinna.jpg 448w\" sizes=\"(max-width: 300px) 100vw, 300px\" \/><\/a><\/p>\n<h3 style=\"text-align: center\"><\/h3>\n<h1 style=\"text-align: center\"><\/h1>\n","protected":false},"excerpt":{"rendered":"<p>O tym, czy post jest aktem cnotliwym.<\/p>\n","protected":false},"author":60508433,"featured_media":132478,"comment_status":"open","ping_status":"open","sticky":false,"template":"","format":"standard","meta":{"_coblocks_attr":"","_coblocks_dimensions":"","_coblocks_responsive_height":"","_coblocks_accordion_ie_support":"","_exactmetrics_skip_tracking":false,"_jetpack_newsletter_access":"","_jetpack_dont_email_post_to_subs":false,"_jetpack_newsletter_tier_id":0,"_jetpack_memberships_contains_paywalled_content":false,"_wpcom_ai_launchpad_first_post":false,"_jetpack_feature_clip_id":0,"_jetpack_memberships_contains_paid_content":false,"footnotes":"","jetpack_publicize_message":"","jetpack_publicize_feature_enabled":true,"jetpack_social_post_already_shared":true,"jetpack_social_options":{"image_generator_settings":{"template":"highway","enabled":false},"version":2},"_wpas_customize_per_network":false,"jetpack_post_was_ever_published":false},"categories":[610131185,610135277,40321200],"tags":[610135309,610134566,610132133],"class_list":["post-132475","post","type-post","status-publish","format-standard","has-post-thumbnail","hentry","category-doktryna","category-post","category-teologia-moralna","tag-akt-cnotliwy","tag-cnota","tag-restricted"],"yoast_head":"<!-- This site is optimized with the Yoast SEO plugin v28.3 - https:\/\/yoast.com\/product\/yoast-seo-wordpress\/ -->\n<title>\u015aw. Tomasz, O po\u015bcie, (1 z 8). Czy post jest aktem cnoty? - Tradycja i Wiara<\/title>\n<meta name=\"robots\" content=\"index, follow, max-snippet:-1, max-image-preview:large, max-video-preview:-1\" \/>\n<link rel=\"canonical\" href=\"https:\/\/wobronietradycjiiwiary.com\/pl\/sw-tomasz-o-poscie-1-z-8-czy-post-jest-aktem-cnoty\/\" \/>\n<meta property=\"og:locale\" content=\"pl_PL\" \/>\n<meta property=\"og:type\" content=\"article\" \/>\n<meta property=\"og:title\" content=\"\u015aw. Tomasz, O po\u015bcie, (1 z 8). Czy post jest aktem cnoty? - Tradycja i Wiara\" \/>\n<meta property=\"og:description\" content=\"O tym, czy post jest aktem cnotliwym.\" \/>\n<meta property=\"og:url\" content=\"https:\/\/wobronietradycjiiwiary.com\/pl\/sw-tomasz-o-poscie-1-z-8-czy-post-jest-aktem-cnoty\/\" \/>\n<meta property=\"og:site_name\" content=\"Tradycja i Wiara\" \/>\n<meta property=\"article:publisher\" content=\"https:\/\/www.facebook.com\/Tradycja-i-Wiara-108813920592249\" \/>\n<meta property=\"article:published_time\" content=\"2025-02-24T09:00:00+00:00\" \/>\n<meta property=\"article:modified_time\" content=\"2025-03-03T10:55:05+00:00\" \/>\n<meta property=\"og:image\" content=\"https:\/\/wobronietradycjiiwiary.com\/wp-content\/uploads\/2025\/02\/monks-at-table-1024x602-1.png\" \/>\n\t<meta property=\"og:image:width\" content=\"1024\" \/>\n\t<meta property=\"og:image:height\" content=\"602\" \/>\n\t<meta property=\"og:image:type\" content=\"image\/png\" \/>\n<meta name=\"author\" content=\"Traditio et Fides\" \/>\n<meta name=\"twitter:card\" content=\"summary_large_image\" \/>\n<meta name=\"twitter:label1\" content=\"Napisane przez\" \/>\n\t<meta name=\"twitter:data1\" content=\"Traditio et Fides\" \/>\n\t<meta name=\"twitter:label2\" content=\"Szacowany czas czytania\" \/>\n\t<meta name=\"twitter:data2\" content=\"12 minut\" \/>\n<script type=\"application\/ld+json\" class=\"yoast-schema-graph\">{\"@context\":\"https:\\\/\\\/schema.org\",\"@graph\":[{\"@type\":\"Article\",\"@id\":\"https:\\\/\\\/wobronietradycjiiwiary.com\\\/sw-tomasz-o-poscie-1-z-8-czy-post-jest-aktem-cnoty\\\/#article\",\"isPartOf\":{\"@id\":\"https:\\\/\\\/wobronietradycjiiwiary.com\\\/sw-tomasz-o-poscie-1-z-8-czy-post-jest-aktem-cnoty\\\/\"},\"author\":{\"name\":\"Traditio et Fides\",\"@id\":\"https:\\\/\\\/wobronietradycjiiwiary.com\\\/pl\\\/#\\\/schema\\\/person\\\/2d6180ce6abcb681fef0daab7816e8f3\"},\"headline\":\"\u015aw. Tomasz, O po\u015bcie, (1 z 8). Czy post jest aktem cnoty?\",\"datePublished\":\"2025-02-24T09:00:00+00:00\",\"dateModified\":\"2025-03-03T10:55:05+00:00\",\"mainEntityOfPage\":{\"@id\":\"https:\\\/\\\/wobronietradycjiiwiary.com\\\/sw-tomasz-o-poscie-1-z-8-czy-post-jest-aktem-cnoty\\\/\"},\"wordCount\":1112,\"commentCount\":0,\"publisher\":{\"@id\":\"https:\\\/\\\/wobronietradycjiiwiary.com\\\/pl\\\/#organization\"},\"image\":{\"@id\":\"https:\\\/\\\/wobronietradycjiiwiary.com\\\/sw-tomasz-o-poscie-1-z-8-czy-post-jest-aktem-cnoty\\\/#primaryimage\"},\"thumbnailUrl\":\"https:\\\/\\\/wobronietradycjiiwiary.com\\\/wp-content\\\/uploads\\\/2025\\\/02\\\/monks-at-table-1024x602-1.png\",\"keywords\":[\"akt cnotliwy\",\"cnota\",\"Restricted\"],\"articleSection\":[\"Doktryna\",\"Post\",\"Teologia moralna\"],\"inLanguage\":\"pl-PL\",\"potentialAction\":[{\"@type\":\"CommentAction\",\"name\":\"Comment\",\"target\":[\"https:\\\/\\\/wobronietradycjiiwiary.com\\\/sw-tomasz-o-poscie-1-z-8-czy-post-jest-aktem-cnoty\\\/#respond\"]}]},{\"@type\":\"WebPage\",\"@id\":\"https:\\\/\\\/wobronietradycjiiwiary.com\\\/sw-tomasz-o-poscie-1-z-8-czy-post-jest-aktem-cnoty\\\/\",\"url\":\"https:\\\/\\\/wobronietradycjiiwiary.com\\\/sw-tomasz-o-poscie-1-z-8-czy-post-jest-aktem-cnoty\\\/\",\"name\":\"\u015aw. Tomasz, O po\u015bcie, (1 z 8). Czy post jest aktem cnoty? - Tradycja i Wiara\",\"isPartOf\":{\"@id\":\"https:\\\/\\\/wobronietradycjiiwiary.com\\\/pl\\\/#website\"},\"primaryImageOfPage\":{\"@id\":\"https:\\\/\\\/wobronietradycjiiwiary.com\\\/sw-tomasz-o-poscie-1-z-8-czy-post-jest-aktem-cnoty\\\/#primaryimage\"},\"image\":{\"@id\":\"https:\\\/\\\/wobronietradycjiiwiary.com\\\/sw-tomasz-o-poscie-1-z-8-czy-post-jest-aktem-cnoty\\\/#primaryimage\"},\"thumbnailUrl\":\"https:\\\/\\\/wobronietradycjiiwiary.com\\\/wp-content\\\/uploads\\\/2025\\\/02\\\/monks-at-table-1024x602-1.png\",\"datePublished\":\"2025-02-24T09:00:00+00:00\",\"dateModified\":\"2025-03-03T10:55:05+00:00\",\"breadcrumb\":{\"@id\":\"https:\\\/\\\/wobronietradycjiiwiary.com\\\/sw-tomasz-o-poscie-1-z-8-czy-post-jest-aktem-cnoty\\\/#breadcrumb\"},\"inLanguage\":\"pl-PL\",\"potentialAction\":[{\"@type\":\"ReadAction\",\"target\":[\"https:\\\/\\\/wobronietradycjiiwiary.com\\\/sw-tomasz-o-poscie-1-z-8-czy-post-jest-aktem-cnoty\\\/\"]}]},{\"@type\":\"ImageObject\",\"inLanguage\":\"pl-PL\",\"@id\":\"https:\\\/\\\/wobronietradycjiiwiary.com\\\/sw-tomasz-o-poscie-1-z-8-czy-post-jest-aktem-cnoty\\\/#primaryimage\",\"url\":\"https:\\\/\\\/wobronietradycjiiwiary.com\\\/wp-content\\\/uploads\\\/2025\\\/02\\\/monks-at-table-1024x602-1.png\",\"contentUrl\":\"https:\\\/\\\/wobronietradycjiiwiary.com\\\/wp-content\\\/uploads\\\/2025\\\/02\\\/monks-at-table-1024x602-1.png\",\"width\":1024,\"height\":602},{\"@type\":\"BreadcrumbList\",\"@id\":\"https:\\\/\\\/wobronietradycjiiwiary.com\\\/sw-tomasz-o-poscie-1-z-8-czy-post-jest-aktem-cnoty\\\/#breadcrumb\",\"itemListElement\":[{\"@type\":\"ListItem\",\"position\":1,\"name\":\"Strona g\u0142\u00f3wna\",\"item\":\"https:\\\/\\\/wobronietradycjiiwiary.com\\\/\"},{\"@type\":\"ListItem\",\"position\":2,\"name\":\"\u015aw. Tomasz, O po\u015bcie, (1 z 8). Czy post jest aktem cnoty?\"}]},{\"@type\":\"WebSite\",\"@id\":\"https:\\\/\\\/wobronietradycjiiwiary.com\\\/pl\\\/#website\",\"url\":\"https:\\\/\\\/wobronietradycjiiwiary.com\\\/pl\\\/\",\"name\":\"Tradycja i Wiara\",\"description\":\"Portal dla katolik\u00f3w.\",\"publisher\":{\"@id\":\"https:\\\/\\\/wobronietradycjiiwiary.com\\\/pl\\\/#organization\"},\"potentialAction\":[{\"@type\":\"SearchAction\",\"target\":{\"@type\":\"EntryPoint\",\"urlTemplate\":\"https:\\\/\\\/wobronietradycjiiwiary.com\\\/pl\\\/?s={search_term_string}\"},\"query-input\":{\"@type\":\"PropertyValueSpecification\",\"valueRequired\":true,\"valueName\":\"search_term_string\"}}],\"inLanguage\":\"pl-PL\"},{\"@type\":\"Organization\",\"@id\":\"https:\\\/\\\/wobronietradycjiiwiary.com\\\/pl\\\/#organization\",\"name\":\"Tradycja i Wiara\",\"url\":\"https:\\\/\\\/wobronietradycjiiwiary.com\\\/pl\\\/\",\"logo\":{\"@type\":\"ImageObject\",\"inLanguage\":\"pl-PL\",\"@id\":\"https:\\\/\\\/wobronietradycjiiwiary.com\\\/pl\\\/#\\\/schema\\\/logo\\\/image\\\/\",\"url\":\"https:\\\/\\\/i0.wp.com\\\/wobronietradycjiiwiary.com\\\/wp-content\\\/uploads\\\/2015\\\/10\\\/cropped-st-peters-dome-vatican.jpg?fit=940%2C198&ssl=1\",\"contentUrl\":\"https:\\\/\\\/i0.wp.com\\\/wobronietradycjiiwiary.com\\\/wp-content\\\/uploads\\\/2015\\\/10\\\/cropped-st-peters-dome-vatican.jpg?fit=940%2C198&ssl=1\",\"width\":940,\"height\":198,\"caption\":\"Tradycja i Wiara\"},\"image\":{\"@id\":\"https:\\\/\\\/wobronietradycjiiwiary.com\\\/pl\\\/#\\\/schema\\\/logo\\\/image\\\/\"},\"sameAs\":[\"https:\\\/\\\/www.facebook.com\\\/Tradycja-i-Wiara-108813920592249\"]},{\"@type\":\"Person\",\"@id\":\"https:\\\/\\\/wobronietradycjiiwiary.com\\\/pl\\\/#\\\/schema\\\/person\\\/2d6180ce6abcb681fef0daab7816e8f3\",\"name\":\"Traditio et Fides\",\"sameAs\":[\"https:\\\/\\\/traditionundglauben.com\"],\"url\":\"https:\\\/\\\/wobronietradycjiiwiary.com\\\/pl\\\/author\\\/wobronietradycjiiwiary\\\/\"}]}<\/script>\n<!-- \/ Yoast SEO plugin. -->","yoast_head_json":{"title":"\u015aw. Tomasz, O po\u015bcie, (1 z 8). Czy post jest aktem cnoty? - Tradycja i Wiara","robots":{"index":"index","follow":"follow","max-snippet":"max-snippet:-1","max-image-preview":"max-image-preview:large","max-video-preview":"max-video-preview:-1"},"canonical":"https:\/\/wobronietradycjiiwiary.com\/pl\/sw-tomasz-o-poscie-1-z-8-czy-post-jest-aktem-cnoty\/","og_locale":"pl_PL","og_type":"article","og_title":"\u015aw. Tomasz, O po\u015bcie, (1 z 8). Czy post jest aktem cnoty? - Tradycja i Wiara","og_description":"O tym, czy post jest aktem cnotliwym.","og_url":"https:\/\/wobronietradycjiiwiary.com\/pl\/sw-tomasz-o-poscie-1-z-8-czy-post-jest-aktem-cnoty\/","og_site_name":"Tradycja i Wiara","article_publisher":"https:\/\/www.facebook.com\/Tradycja-i-Wiara-108813920592249","article_published_time":"2025-02-24T09:00:00+00:00","article_modified_time":"2025-03-03T10:55:05+00:00","og_image":[{"width":1024,"height":602,"url":"https:\/\/wobronietradycjiiwiary.com\/wp-content\/uploads\/2025\/02\/monks-at-table-1024x602-1.png","type":"image\/png"}],"author":"Traditio et Fides","twitter_card":"summary_large_image","twitter_misc":{"Napisane przez":"Traditio et Fides","Szacowany czas czytania":"12 minut"},"schema":{"@context":"https:\/\/schema.org","@graph":[{"@type":"Article","@id":"https:\/\/wobronietradycjiiwiary.com\/sw-tomasz-o-poscie-1-z-8-czy-post-jest-aktem-cnoty\/#article","isPartOf":{"@id":"https:\/\/wobronietradycjiiwiary.com\/sw-tomasz-o-poscie-1-z-8-czy-post-jest-aktem-cnoty\/"},"author":{"name":"Traditio et Fides","@id":"https:\/\/wobronietradycjiiwiary.com\/pl\/#\/schema\/person\/2d6180ce6abcb681fef0daab7816e8f3"},"headline":"\u015aw. Tomasz, O po\u015bcie, (1 z 8). Czy post jest aktem cnoty?","datePublished":"2025-02-24T09:00:00+00:00","dateModified":"2025-03-03T10:55:05+00:00","mainEntityOfPage":{"@id":"https:\/\/wobronietradycjiiwiary.com\/sw-tomasz-o-poscie-1-z-8-czy-post-jest-aktem-cnoty\/"},"wordCount":1112,"commentCount":0,"publisher":{"@id":"https:\/\/wobronietradycjiiwiary.com\/pl\/#organization"},"image":{"@id":"https:\/\/wobronietradycjiiwiary.com\/sw-tomasz-o-poscie-1-z-8-czy-post-jest-aktem-cnoty\/#primaryimage"},"thumbnailUrl":"https:\/\/wobronietradycjiiwiary.com\/wp-content\/uploads\/2025\/02\/monks-at-table-1024x602-1.png","keywords":["akt cnotliwy","cnota","Restricted"],"articleSection":["Doktryna","Post","Teologia moralna"],"inLanguage":"pl-PL","potentialAction":[{"@type":"CommentAction","name":"Comment","target":["https:\/\/wobronietradycjiiwiary.com\/sw-tomasz-o-poscie-1-z-8-czy-post-jest-aktem-cnoty\/#respond"]}]},{"@type":"WebPage","@id":"https:\/\/wobronietradycjiiwiary.com\/sw-tomasz-o-poscie-1-z-8-czy-post-jest-aktem-cnoty\/","url":"https:\/\/wobronietradycjiiwiary.com\/sw-tomasz-o-poscie-1-z-8-czy-post-jest-aktem-cnoty\/","name":"\u015aw. Tomasz, O po\u015bcie, (1 z 8). Czy post jest aktem cnoty? - Tradycja i Wiara","isPartOf":{"@id":"https:\/\/wobronietradycjiiwiary.com\/pl\/#website"},"primaryImageOfPage":{"@id":"https:\/\/wobronietradycjiiwiary.com\/sw-tomasz-o-poscie-1-z-8-czy-post-jest-aktem-cnoty\/#primaryimage"},"image":{"@id":"https:\/\/wobronietradycjiiwiary.com\/sw-tomasz-o-poscie-1-z-8-czy-post-jest-aktem-cnoty\/#primaryimage"},"thumbnailUrl":"https:\/\/wobronietradycjiiwiary.com\/wp-content\/uploads\/2025\/02\/monks-at-table-1024x602-1.png","datePublished":"2025-02-24T09:00:00+00:00","dateModified":"2025-03-03T10:55:05+00:00","breadcrumb":{"@id":"https:\/\/wobronietradycjiiwiary.com\/sw-tomasz-o-poscie-1-z-8-czy-post-jest-aktem-cnoty\/#breadcrumb"},"inLanguage":"pl-PL","potentialAction":[{"@type":"ReadAction","target":["https:\/\/wobronietradycjiiwiary.com\/sw-tomasz-o-poscie-1-z-8-czy-post-jest-aktem-cnoty\/"]}]},{"@type":"ImageObject","inLanguage":"pl-PL","@id":"https:\/\/wobronietradycjiiwiary.com\/sw-tomasz-o-poscie-1-z-8-czy-post-jest-aktem-cnoty\/#primaryimage","url":"https:\/\/wobronietradycjiiwiary.com\/wp-content\/uploads\/2025\/02\/monks-at-table-1024x602-1.png","contentUrl":"https:\/\/wobronietradycjiiwiary.com\/wp-content\/uploads\/2025\/02\/monks-at-table-1024x602-1.png","width":1024,"height":602},{"@type":"BreadcrumbList","@id":"https:\/\/wobronietradycjiiwiary.com\/sw-tomasz-o-poscie-1-z-8-czy-post-jest-aktem-cnoty\/#breadcrumb","itemListElement":[{"@type":"ListItem","position":1,"name":"Strona g\u0142\u00f3wna","item":"https:\/\/wobronietradycjiiwiary.com\/"},{"@type":"ListItem","position":2,"name":"\u015aw. Tomasz, O po\u015bcie, (1 z 8). Czy post jest aktem cnoty?"}]},{"@type":"WebSite","@id":"https:\/\/wobronietradycjiiwiary.com\/pl\/#website","url":"https:\/\/wobronietradycjiiwiary.com\/pl\/","name":"Tradycja i Wiara","description":"Portal dla katolik\u00f3w.","publisher":{"@id":"https:\/\/wobronietradycjiiwiary.com\/pl\/#organization"},"potentialAction":[{"@type":"SearchAction","target":{"@type":"EntryPoint","urlTemplate":"https:\/\/wobronietradycjiiwiary.com\/pl\/?s={search_term_string}"},"query-input":{"@type":"PropertyValueSpecification","valueRequired":true,"valueName":"search_term_string"}}],"inLanguage":"pl-PL"},{"@type":"Organization","@id":"https:\/\/wobronietradycjiiwiary.com\/pl\/#organization","name":"Tradycja i Wiara","url":"https:\/\/wobronietradycjiiwiary.com\/pl\/","logo":{"@type":"ImageObject","inLanguage":"pl-PL","@id":"https:\/\/wobronietradycjiiwiary.com\/pl\/#\/schema\/logo\/image\/","url":"https:\/\/i0.wp.com\/wobronietradycjiiwiary.com\/wp-content\/uploads\/2015\/10\/cropped-st-peters-dome-vatican.jpg?fit=940%2C198&ssl=1","contentUrl":"https:\/\/i0.wp.com\/wobronietradycjiiwiary.com\/wp-content\/uploads\/2015\/10\/cropped-st-peters-dome-vatican.jpg?fit=940%2C198&ssl=1","width":940,"height":198,"caption":"Tradycja i Wiara"},"image":{"@id":"https:\/\/wobronietradycjiiwiary.com\/pl\/#\/schema\/logo\/image\/"},"sameAs":["https:\/\/www.facebook.com\/Tradycja-i-Wiara-108813920592249"]},{"@type":"Person","@id":"https:\/\/wobronietradycjiiwiary.com\/pl\/#\/schema\/person\/2d6180ce6abcb681fef0daab7816e8f3","name":"Traditio et Fides","sameAs":["https:\/\/traditionundglauben.com"],"url":"https:\/\/wobronietradycjiiwiary.com\/pl\/author\/wobronietradycjiiwiary\/"}]}},"jetpack_publicize_connections":[],"jetpack_sharing_enabled":true,"jetpack_likes_enabled":true,"jetpack_shortlink":"https:\/\/wp.me\/pc04Sd-ysH","jetpack-related-posts":[{"id":133723,"url":"https:\/\/wobronietradycjiiwiary.com\/pl\/sw-tomasz-o-poscie-2-z-8-czy-post-jest-aktem-wstrzemiezliwosci\/","url_meta":{"origin":132475,"position":0},"title":"\u015aw. Tomasz, O po\u015bcie, (2 z 8). Czy post jest aktem wstrzemi\u0119\u017aliwo\u015bci?","author":"Traditio et Fides","date":"3 marca 2025","format":false,"excerpt":"O po\u015bcie w kontek\u015bcie wstrzemi\u0119\u017aliwo\u015bci.","rel":"","context":"W \u201eDoktryna&quot;","block_context":{"text":"Doktryna","link":"https:\/\/wobronietradycjiiwiary.com\/pl\/category\/doktryna\/"},"img":{"alt_text":"","src":"https:\/\/i0.wp.com\/wobronietradycjiiwiary.com\/wp-content\/uploads\/2025\/02\/monks-at-table-1024x602-1.png?resize=350%2C200&ssl=1","width":350,"height":200,"srcset":"https:\/\/i0.wp.com\/wobronietradycjiiwiary.com\/wp-content\/uploads\/2025\/02\/monks-at-table-1024x602-1.png?resize=350%2C200&ssl=1 1x, https:\/\/i0.wp.com\/wobronietradycjiiwiary.com\/wp-content\/uploads\/2025\/02\/monks-at-table-1024x602-1.png?resize=525%2C300&ssl=1 1.5x, https:\/\/i0.wp.com\/wobronietradycjiiwiary.com\/wp-content\/uploads\/2025\/02\/monks-at-table-1024x602-1.png?resize=700%2C400&ssl=1 2x"},"classes":[]},{"id":7922,"url":"https:\/\/wobronietradycjiiwiary.com\/pl\/czy-protestanci-sa-anonimowymi-katolikami-raczej-nie-sa\/","url_meta":{"origin":132475,"position":1},"title":"Czy protestanci s\u0105 \u201eanonimowymi katolikami\u201d? Raczej nie s\u0105.","author":"Traditio et Fides","date":"4 grudnia 2015","format":false,"excerpt":"Status quaestionis Nasz sta\u0142y czytelnik przes\u0142a\u0142 nam nast\u0119puj\u0105c\u0105 wypowied\u017a: W momencie przyj\u0119cia sakramentu chrztu przez heretyka czy schizmatyka (b\u0119d\u0105cego jeszcze dzieckiem), staje si\u0119 on cz\u0142onkiem Ko\u015bcio\u0142a Katolickiego. Dopiero w miar\u0119 rozwoju przyjmuje tre\u015bci heretyckie stawiaj\u0105c si\u0119 poza Ko\u015bcio\u0142em. Co skomentowali\u015bmy nast\u0119puj\u0105co: Z tym automatycznym cz\u0142onkostwem Ko\u015bcio\u0142a Katolickiego to nie jeste\u015bmy\u2026","rel":"","context":"W \u201eProtestantyzm&quot;","block_context":{"text":"Protestantyzm","link":"https:\/\/wobronietradycjiiwiary.com\/pl\/category\/polemika\/protestantyzm\/"},"img":{"alt_text":"","src":"https:\/\/i0.wp.com\/wobronietradycjiiwiary.com\/wp-content\/uploads\/2015\/12\/7250400318_994c57aa36.jpg?resize=350%2C200&ssl=1","width":350,"height":200},"classes":[]},{"id":3147,"url":"https:\/\/wobronietradycjiiwiary.com\/pl\/wiara-fides-a-ufnosc-fiducia-w-ujeciu-teologii-katolickiej\/","url_meta":{"origin":132475,"position":2},"title":"Wiara (fides) a ufno\u015b\u0107 (fiducia) w uj\u0119ciu teologii katolickiej. Wiara (fides) aktem intelektu (cz. 1 z 7)","author":"Traditio et Fides","date":"9 stycznia 2015","format":false,"excerpt":"W katolickim rozumieniu wiara jest aktem intelektu, nie uczu\u0107, gdy\u017c jedynie za trwa\u0142ym aktem poznania mo\u017ce p\u00f3j\u015b\u0107 wola.","rel":"","context":"W \u201eProtestantyzm&quot;","block_context":{"text":"Protestantyzm","link":"https:\/\/wobronietradycjiiwiary.com\/pl\/category\/polemika\/protestantyzm\/"},"img":{"alt_text":"","src":"https:\/\/i0.wp.com\/wobronietradycjiiwiary.com\/wp-content\/uploads\/2015\/01\/fides-monk.jpg?resize=350%2C200&ssl=1","width":350,"height":200,"srcset":"https:\/\/i0.wp.com\/wobronietradycjiiwiary.com\/wp-content\/uploads\/2015\/01\/fides-monk.jpg?resize=350%2C200&ssl=1 1x, https:\/\/i0.wp.com\/wobronietradycjiiwiary.com\/wp-content\/uploads\/2015\/01\/fides-monk.jpg?resize=525%2C300&ssl=1 1.5x"},"classes":[]},{"id":36373,"url":"https:\/\/wobronietradycjiiwiary.com\/pl\/munus-ministerium-lub-raz-jeszcze-o-rezygnacji-benedykta-czy-rozszerzenie-urzedu-piotrowego-jest-mozliwe-8-z-15\/","url_meta":{"origin":132475,"position":3},"title":"Munus, ministerium lub raz jeszcze o rezygnacji Benedykta. Czy rozszerzenie Urz\u0119du Piotrowego jest mo\u017cliwe? (8 z 14)","author":"Traditio et Fides","date":"24 wrze\u015bnia 2020","format":false,"excerpt":"Czy rozszerzenie Urz\u0119du Piotrowego jest mo\u017cliwe? Nie jest, gdy\u017c papiestwo jest instytucj\u0105 Bosk\u0105, to jest iure divino, a nie instytucj\u0105 ko\u015bcieln\u0105, to jest iure ecclesiastico. Ko\u015bci\u00f3\u0142 nie ma w\u0142adzy zmieniania czego\u015b, co zleci\u0142 mu sam Chrystus, tym bardziej \u017caden papie\u017c. Sam Chrystus udzieli\u0142 prymatu \u015bw. Piotrowi, a nie Kolegium Aposto\u0142\u00f3w\u2026","rel":"","context":"W \u201eMunus i ministerium&quot;","block_context":{"text":"Munus i ministerium","link":"https:\/\/wobronietradycjiiwiary.com\/pl\/category\/polemika\/kosciol-posoborowy\/papieze\/benedykt-xvi-abdykacja\/munus-i-ministerium\/"},"img":{"alt_text":"","src":"https:\/\/i0.wp.com\/wobronietradycjiiwiary.com\/wp-content\/uploads\/2020\/08\/55964fe89b88629484f8a2f799bb6bf9-medieval-manuscript-medieval-art.jpg?resize=350%2C200&ssl=1","width":350,"height":200},"classes":[]},{"id":9797,"url":"https:\/\/wobronietradycjiiwiary.com\/pl\/polemika-czy-protestanci-sa-anonimowymi-katolikami-raczej-nie-sa-komentarz\/","url_meta":{"origin":132475,"position":4},"title":"Polemika: Czy protestanci s\u0105 \u201eanonimowymi katolikami\u201d? Raczej nie s\u0105. Komentarz","author":"Traditio et Fides","date":"21 lipca 2016","format":false,"excerpt":"Wreszczie polemika W naszym artykule na temat chrztu w protestantyzmie napisali\u015bmy, \u017ce tak te sprawy widzimy i jeste\u015bmy otwarci na polemik\u0119. Wreszcie nadesz\u0142a, ale wydaje nam si\u0119, \u017ce si\u0119 w argumentacji mijamy, gdy\u017c nasz artyku\u0142 dotyczy\u0142 kwestii chrztu protestanta trwaj\u0105cego w niewiedzy niepokonalnej, a nades\u0142any tekst zdaje si\u0119 odczytywa\u0107 ten\u2026","rel":"","context":"W \u201eFSSPX&quot;","block_context":{"text":"FSSPX","link":"https:\/\/wobronietradycjiiwiary.com\/pl\/category\/polemika\/kosciol-posoborowy\/tradycjonalizm\/fsspx\/"},"img":{"alt_text":"","src":"https:\/\/i0.wp.com\/wobronietradycjiiwiary.com\/wp-content\/uploads\/2016\/07\/popeboniface-l.jpg?resize=350%2C200&ssl=1","width":350,"height":200,"srcset":"https:\/\/i0.wp.com\/wobronietradycjiiwiary.com\/wp-content\/uploads\/2016\/07\/popeboniface-l.jpg?resize=350%2C200&ssl=1 1x, https:\/\/i0.wp.com\/wobronietradycjiiwiary.com\/wp-content\/uploads\/2016\/07\/popeboniface-l.jpg?resize=525%2C300&ssl=1 1.5x"},"classes":[]},{"id":42667,"url":"https:\/\/wobronietradycjiiwiary.com\/pl\/kard-gousset-o-sumieniu-pewnym-i-sumieniu-watpliwym-6-o-dzialaniu-przy-sumieniu-watpliwym-iii\/","url_meta":{"origin":132475,"position":5},"title":"Kard. Gousset, O sumieniu pewnym i sumieniu w\u0105tpliwym. (6) O dzia\u0142aniu przy sumieniu w\u0105tpliwym (iii)","author":"Traditio et Fides","date":"3 marca 2021","format":false,"excerpt":"Stosuj\u0105c og\u00f3ln\u0105 zasad\u0119 odno\u015bnie w\u0105tpliwo\u015bci teoretycznej \u0142atwo zdecydowa\u0107, czy przyj\u0119cie szczepionki na COVID jest godziwe. Jest!","rel":"","context":"W \u201eDoktryna&quot;","block_context":{"text":"Doktryna","link":"https:\/\/wobronietradycjiiwiary.com\/pl\/category\/doktryna\/"},"img":{"alt_text":"","src":"https:\/\/i0.wp.com\/wobronietradycjiiwiary.com\/wp-content\/uploads\/2015\/02\/reims.jpg?resize=350%2C200&ssl=1","width":350,"height":200},"classes":[]}],"jetpack_featured_media_url":"https:\/\/wobronietradycjiiwiary.com\/wp-content\/uploads\/2025\/02\/monks-at-table-1024x602-1.png","_links":{"self":[{"href":"https:\/\/wobronietradycjiiwiary.com\/pl\/wp-json\/wp\/v2\/posts\/132475","targetHints":{"allow":["GET"]}}],"collection":[{"href":"https:\/\/wobronietradycjiiwiary.com\/pl\/wp-json\/wp\/v2\/posts"}],"about":[{"href":"https:\/\/wobronietradycjiiwiary.com\/pl\/wp-json\/wp\/v2\/types\/post"}],"author":[{"embeddable":true,"href":"https:\/\/wobronietradycjiiwiary.com\/pl\/wp-json\/wp\/v2\/users\/60508433"}],"replies":[{"embeddable":true,"href":"https:\/\/wobronietradycjiiwiary.com\/pl\/wp-json\/wp\/v2\/comments?post=132475"}],"version-history":[{"count":16,"href":"https:\/\/wobronietradycjiiwiary.com\/pl\/wp-json\/wp\/v2\/posts\/132475\/revisions"}],"predecessor-version":[{"id":133740,"href":"https:\/\/wobronietradycjiiwiary.com\/pl\/wp-json\/wp\/v2\/posts\/132475\/revisions\/133740"}],"wp:featuredmedia":[{"embeddable":true,"href":"https:\/\/wobronietradycjiiwiary.com\/pl\/wp-json\/wp\/v2\/media\/132478"}],"wp:attachment":[{"href":"https:\/\/wobronietradycjiiwiary.com\/pl\/wp-json\/wp\/v2\/media?parent=132475"}],"wp:term":[{"taxonomy":"category","embeddable":true,"href":"https:\/\/wobronietradycjiiwiary.com\/pl\/wp-json\/wp\/v2\/categories?post=132475"},{"taxonomy":"post_tag","embeddable":true,"href":"https:\/\/wobronietradycjiiwiary.com\/pl\/wp-json\/wp\/v2\/tags?post=132475"}],"curies":[{"name":"wp","href":"https:\/\/api.w.org\/{rel}","templated":true}]}}