{"id":130934,"date":"2025-02-11T10:33:09","date_gmt":"2025-02-11T09:33:09","guid":{"rendered":"https:\/\/wobronietradycjiiwiary.com\/?p=130934"},"modified":"2025-02-13T11:46:40","modified_gmt":"2025-02-13T10:46:40","slug":"11-go-lutego-objawienia-nmp-w-lourdes-czytania-brewiarzowe","status":"publish","type":"post","link":"https:\/\/wobronietradycjiiwiary.com\/pl\/11-go-lutego-objawienia-nmp-w-lourdes-czytania-brewiarzowe\/","title":{"rendered":"11-go Lutego. Objawienia NMP w Lourdes &#8211; Czytania Brewiarzowe"},"content":{"rendered":"<div id=\"bsf_rt_marker\"><\/div>\n<h2 class=\"wp-block-heading has-vivid-red-color has-text-color has-link-color wp-elements-1\"><strong><em>Lekcja 1<\/em><\/strong><\/h2>\n\n\n\n<p class=\"wp-block-paragraph\"><mark style=\"background-color:rgba(0, 0, 0, 0)\" class=\"has-inline-color has-vivid-red-color\">Z Przys\u0142\u00f3w Salomona<br><em>Prz 8:12-17<\/em><\/mark><br>12&nbsp;Ja, m\u0105dro\u015b\u0107 mieszkam w radzie, a przy my\u015blach \u0107wiczonych bywam.<br>13&nbsp;Boja\u017a\u0144 Pa\u0144ska nienawidzi z\u0142o\u015bci:pych\u0105 i hardo\u015bci\u0105, i drog\u0105 z\u0142\u0105, i usty dwuj\u0119zycznemi brzydz\u0119 si\u0119.<br>14&nbsp;Moja jest rada i prawo\u015b\u0107, moja jest roztropno\u015b\u0107, moje jest m\u0119stwo.<br>15&nbsp;Przez mi\u0119 kr\u00f3lowie kr\u00f3luj\u0105, i prawodawcy stanowi\u0105 sprawiedliwo\u015b\u0107.<br>16&nbsp;Przez mi\u0119 ksi\u0105\u017c\u0119ta panuj\u0105, i mocarze skazuj\u0105 sprawiedliwie.<br>17&nbsp;Ja mi\u0142uj\u0119 tych, kt\u00f3rzy mi\u0119 mi\u0142uj\u0105: a kt\u00f3rzy rano czuj\u0105 do mnie, najd\u0105 mi\u0119.<br><mark style=\"background-color:rgba(0, 0, 0, 0)\" class=\"has-inline-color has-vivid-red-color\"><em>\u2123.<\/em>&nbsp;<\/mark>Ty za\u015b, Panie, zmi\u0142uj si\u0119 nad nami.<br><em><mark style=\"background-color:rgba(0, 0, 0, 0)\" class=\"has-inline-color has-vivid-red-color\">\u211f.<\/mark><\/em>&nbsp;Bogu niech b\u0119d\u0105 dzi\u0119ki.<\/p>\n\n\n\n<p class=\"wp-block-paragraph\"><mark style=\"background-color:rgba(0, 0, 0, 0)\" class=\"has-inline-color has-vivid-red-color\"><em>\u211f.<\/em>&nbsp;<\/mark>M\u0105dro\u015b\u0107, kt\u00f3ra dosi\u0119ga tedy od ko\u0144ca a\u017c do ko\u0144ca mocnie i rozrz\u0105dza wszytko wdzi\u0119cznie, zbudowa\u0142a sobie dom.<br><mark style=\"background-color:rgba(0, 0, 0, 0)\" class=\"has-inline-color has-vivid-red-color\">* <\/mark>Oto przybytek Bo\u017cy z lud\u017ami.<br><em><mark style=\"background-color:rgba(0, 0, 0, 0)\" class=\"has-inline-color has-vivid-red-color\">\u2123.<\/mark><\/em>&nbsp;Widzia\u0142em \u015bwi\u0119te miasto Jeruzalem nowe, zgotowane jako oblubienic\u0119 ubran\u0105 m\u0119\u017cowi swemu.<br><em><mark style=\"background-color:rgba(0, 0, 0, 0)\" class=\"has-inline-color has-vivid-red-color\">\u211f.<\/mark><\/em>&nbsp;Oto przybytek Bo\u017cy z lud\u017ami.<\/p>\n\n\n\n<h2 class=\"wp-block-heading has-vivid-red-color has-text-color has-link-color wp-elements-2\"><strong><em>Lekcja 2<\/em><\/strong><\/h2>\n\n\n\n<p class=\"wp-block-paragraph\"><em><mark style=\"background-color:rgba(0, 0, 0, 0)\" class=\"has-inline-color has-vivid-red-color\">Prz 8:18-25<\/mark><\/em><br>18&nbsp;Przy mnie s\u0105 bogactwa i s\u0142awa, pyszne maj\u0119tno\u015bci i sprawiedliwo\u015b\u0107.<br>19&nbsp;Lepszy bowiem jest owoc m\u00f3j ni\u017c z\u0142oto i kamienie drogie: a urodzaje moje ni\u017c \u015brebro wyborne.<br>20&nbsp;Na drogach sprawiedliwo\u015bci chodz\u0119, w po\u015brodku \u015bcie\u017cek s\u0105dowych:<br>21&nbsp;Abych ubogaci\u0142a te, kt\u00f3rzy mi\u0119 mi\u0142uj\u0105, i skarby ich abym nape\u0142ni\u0142a.<br>22&nbsp;Pan mi\u0119 posi\u0105g\u0142 na pocz\u0105tku dr\u00f3g swoich, pierw\u00e9j ni\u017ali co czyni\u0142 z pocz\u0105tku.<br>23&nbsp;Od wiekum jest zrz\u0105dzona i z starodawna, pierw\u00e9j ni\u017ali si\u0119 ziemia sta\u0142a.<br>24&nbsp;Jeszcze nie by\u0142o przepa\u015bci, a jam ju\u017c pocz\u0119ta by\u0142a: ani jeszcze \u017ar\u00f3d\u0142a w\u00f3d by\u0142y wynikn\u0119\u0142y:<br>25&nbsp;Ani jeszcze g\u00f3ry ci\u0119\u017ck\u0105 wielko\u015bci\u0105 by\u0142y stan\u0119\u0142y przed pag\u00f3rkami, jam si\u0119 rodzi\u0142a.<br><em><mark style=\"background-color:rgba(0, 0, 0, 0)\" class=\"has-inline-color has-vivid-red-color\">\u2123.<\/mark><\/em>&nbsp;Ty za\u015b, Panie, zmi\u0142uj si\u0119 nad nami.<br><em><mark style=\"background-color:rgba(0, 0, 0, 0)\" class=\"has-inline-color has-vivid-red-color\">\u211f.<\/mark><\/em>&nbsp;Bogu niech b\u0119d\u0105 dzi\u0119ki.<\/p>\n\n\n\n<p class=\"wp-block-paragraph\"><mark style=\"background-color:rgba(0, 0, 0, 0)\" class=\"has-inline-color has-vivid-red-color\"><em>\u211f.<\/em>&nbsp;<\/mark>Jako t\u0119cza ja\u015bniej\u0105ca si\u0119 pi\u0119knie mi\u0119dzy jasnemi ob\u0142okami, jako kwiat r\u00f3\u017cej we dni wiosny i jako lilie, kt\u00f3re s\u0105 nad ciek\u0105c\u0105 wod\u0105.<br><mark style=\"background-color:rgba(0, 0, 0, 0)\" class=\"has-inline-color has-vivid-red-color\">*<\/mark> Tak \u015bwieci Panna niepokalana.<br><em><mark style=\"background-color:rgba(0, 0, 0, 0)\" class=\"has-inline-color has-vivid-red-color\">\u2123.<\/mark><\/em>&nbsp;\u0141uk m\u00f3j po\u0142o\u017c\u0119 na ob\u0142okach, i b\u0119dzie znakiem przymierza mi\u0119dzy wami.<br><mark style=\"background-color:rgba(0, 0, 0, 0)\" class=\"has-inline-color has-vivid-red-color\"><em>\u211f.<\/em>&nbsp;<\/mark>Tak \u015bwieci Panna niepokalana.<\/p>\n\n\n\n<h1 class=\"wp-block-heading has-vivid-red-color has-text-color has-link-color has-medium-font-size wp-elements-3\"><strong><em>Lekcja 3<\/em><\/strong><\/h1>\n\n\n\n<p class=\"wp-block-paragraph\"><em><mark style=\"background-color:rgba(0, 0, 0, 0)\" class=\"has-inline-color has-vivid-red-color\">Prz 8:34-36; 9:1-5<\/mark><\/em><br>34&nbsp;B\u0142ogos\u0142awiony cz\u0142owiek, kt\u00f3ry mi\u0119 s\u0142ucha: i kt\u00f3ry czuje u drzwi moich na ka\u017cdy dzie\u0144, i pilnuje u podwoj\u00f3w drzwi moich.<br>35&nbsp;Kto mi\u0119 najdzie, najdzie \u017cywot i wyczerpnie zbawienie od Pana.<br>36&nbsp;Ale kto przeciw mnie zgrzeszy, obrazi dusz\u0119 swoj\u0119. Wszyscy, kt\u00f3rzy mi\u0119 nienawidz\u0105, kochaj\u0105 si\u0119 w \u015bmierci.<br>1&nbsp;M\u0105dro\u015b\u0107 zbudowa\u0142a sobie dom, wyciosa\u0142a siedm filar\u00f3w.<br>2&nbsp;Ofiarowa\u0142a ofiary swoje, roztworzy\u0142a wino i st\u00f3\u0142 sw\u00f3j wystawi\u0142a.<br>3&nbsp;Pos\u0142a\u0142a dziewki swe, aby przyzwa\u0142y, na zamek i na mury miejskie:<br>4&nbsp;Je\u017ali kto jest maluczkim, niechaj przyjdzie do mnie. I g\u0142upcom m\u00f3wi\u0142a:<br>5&nbsp;P\u00f3jd\u017acie, po\u017cywajcie chleba mego i pijcie wino, kt\u00f3rem wam roztworzy\u0142a.<br><em><mark style=\"background-color:rgba(0, 0, 0, 0)\" class=\"has-inline-color has-vivid-red-color\">\u2123.<\/mark><\/em>&nbsp;Ty za\u015b, Panie, zmi\u0142uj si\u0119 nad nami.<br><mark style=\"background-color:rgba(0, 0, 0, 0)\" class=\"has-inline-color has-vivid-red-color\"><em>\u211f.<\/em>&nbsp;<\/mark>Bogu niech b\u0119d\u0105 dzi\u0119ki.<\/p>\n\n\n\n<p class=\"wp-block-paragraph\"><em><mark style=\"background-color:rgba(0, 0, 0, 0)\" class=\"has-inline-color has-vivid-red-color\">\u211f.<\/mark><\/em>&nbsp;Wsta\u0144, przyjaci\u00f3\u0142ko moja, pi\u0119kna moja, a przyjd\u017a, go\u0142\u0119bico moja.<br><mark style=\"background-color:rgba(0, 0, 0, 0)\" class=\"has-inline-color has-vivid-red-color\">*<\/mark> Uka\u017c mi oblicze twoje, niechaj g\u0142os tw\u00f3j zabrzmi w uszach moich.<br><mark style=\"background-color:rgba(0, 0, 0, 0)\" class=\"has-inline-color has-vivid-red-color\"><em>\u2123.<\/em>&nbsp;<\/mark>G\u0142os synogarlice s\u0142yszan jest w ziemi nasz\u00e9j.<br><em><mark style=\"background-color:rgba(0, 0, 0, 0)\" class=\"has-inline-color has-vivid-red-color\">\u211f.<\/mark><\/em>&nbsp;Uka\u017c mi oblicze twoje, niechaj g\u0142os tw\u00f3j zabrzmi w uszach moich.<br><em><mark style=\"background-color:rgba(0, 0, 0, 0)\" class=\"has-inline-color has-vivid-red-color\">\u2123.<\/mark><\/em>&nbsp;Chwa\u0142a Ojcu i Synowi, * i Duchowi \u015awi\u0119temu.<br><mark style=\"background-color:rgba(0, 0, 0, 0)\" class=\"has-inline-color has-vivid-red-color\"><em>\u211f.<\/em>&nbsp;<\/mark>Uka\u017c mi oblicze twoje, niechaj g\u0142os tw\u00f3j zabrzmi w uszach moich.<\/p>\n\n\n\n<h2 class=\"wp-block-heading has-vivid-red-color has-text-color has-link-color wp-elements-4\"><strong><em>Lekcja 4<\/em><\/strong><\/h2>\n\n\n\n<p class=\"has-text-align-justify wp-block-paragraph\"><mark style=\"background-color:rgba(0, 0, 0, 0)\" class=\"has-inline-color has-vivid-red-color\"><strong><em>W<\/em><\/strong> <\/mark>czwartym roku od dogmatycznej definicji Niepokalanego Pocz\u0119cia Naj\u015bwi\u0119tszej Dziewicy, na brzegu rzeki Gave w pobli\u017cu miasta Lourdes w diecezji Tarbes we Francji, sama Dziewica w zakolu ska\u0142y nad grot\u0105 Massabiele cz\u0119sto ukazywa\u0142a si\u0119 pewnej dziewczynie, zwanej w j\u0119zyku ludowym Bernadette, rzeczywi\u015bcie bardzo biednej, ale szlachetnej i pobo\u017cnej. Niepokalana Dziewica ukaza\u0142a si\u0119 z m\u0142odym i mi\u0142ym wygl\u0105dem, ubrana w bia\u0142\u0105 szat\u0119 i bia\u0142y welon, przepasana niebieskim pasem; ozdobi\u0142a swoje bose stopy z\u0142ot\u0105 r\u00f3\u017c\u0105. <\/p>\n\n\n\n<p class=\"has-text-align-justify wp-block-paragraph\">Pierwszego dnia objawienia, kt\u00f3re mia\u0142o miejsce jedenastego lutego tysi\u0105c osiemset pi\u0119\u0107dziesi\u0105tego \u00f3smego roku, nauczy\u0142a dziewczynk\u0119 znaku krzy\u017ca, kt\u00f3ry mia\u0142 by\u0107 nale\u017cycie i pobo\u017cnie wykonany, i zach\u0119ci\u0142a j\u0105 swoim przyk\u0142adem do odmawiania \u015bwi\u0119tego r\u00f3\u017ca\u0144ca, odwracaj\u0105c r\u0119k\u0105 koronk\u0119, kt\u00f3ra wcze\u015bniej zwisa\u0142a z jej ramienia; co zapewni\u0142a r\u00f3wnie\u017c w innych objawieniach. <\/p>\n\n\n\n<p class=\"has-text-align-justify wp-block-paragraph\">Drugiego dnia objawienia dziewczyna w prostocie swego serca, obawiaj\u0105c si\u0119 diabelskiego oszustwa, obla\u0142a Dziewic\u0119 wod\u0105 \u015bwi\u0119con\u0105; ale b\u0142ogos\u0142awiona Dziewica, u\u015bmiechaj\u0105c si\u0119 \u0142agodnie, ukaza\u0142a jej swoje oblicze bardziej \u017cyczliwie. <\/p>\n\n\n\n<p class=\"has-text-align-justify wp-block-paragraph\">A kiedy ukaza\u0142a si\u0119 po raz trzeci, zaprosi\u0142a dziewczyn\u0119 do groty na pi\u0119tna\u015bcie dni. Potem cz\u0119sto zwraca\u0142a si\u0119 do niej, a nast\u0119pnie rozkaza\u0142a, aby og\u0142oszono to kap\u0142anom, aby zbudowano tam kaplic\u0119 i zbli\u017cano si\u0119 tam na b\u0142agania w spos\u00f3b uroczysty. Ponadto rozkaza\u0142a, aby ze \u017ar\u00f3d\u0142a, kt\u00f3re do tej pory by\u0142o ukryte pod piaskiem, ale teraz mia\u0142o wybuchn\u0105\u0107, mog\u0142a pi\u0107 wod\u0119 i przez ni\u0105 si\u0119 oczy\u015bci\u0107. Wreszcie w \u015bwi\u0119to Zwiastowania, na gor\u0105ce pytanie dziewczynki o imi\u0119 Dziewicy, kt\u00f3rej wygl\u0105d tak cz\u0119sto uwa\u017cano za godny, Dziewica, przy\u0142o\u017cywszy r\u0119ce do piersi i wznosz\u0105c oczy ku niebu, odpowiedzia\u0142a: Jestem Niepokalane Pocz\u0119cie.<\/p>\n\n\n\n<p class=\"wp-block-paragraph\"><em><mark style=\"background-color:rgba(0, 0, 0, 0)\" class=\"has-inline-color has-vivid-red-color\">\u2123.<\/mark><\/em>&nbsp;Ty za\u015b, Panie, zmi\u0142uj si\u0119 nad nami.<br><em><mark style=\"background-color:rgba(0, 0, 0, 0)\" class=\"has-inline-color has-vivid-red-color\">\u211f.<\/mark><\/em>&nbsp;Bogu niech b\u0119d\u0105 dzi\u0119ki.<\/p>\n\n\n\n<p class=\"wp-block-paragraph\"><mark style=\"background-color:rgba(0, 0, 0, 0)\" class=\"has-inline-color has-vivid-red-color\"><em>\u211f.<\/em>&nbsp;<\/mark>Kt\u00f3ra\u017c to jest, kt\u00f3ra idzie jako zorza powstaj\u0105ca.<br><mark style=\"background-color:rgba(0, 0, 0, 0)\" class=\"has-inline-color has-vivid-red-color\">* <\/mark>Pi\u0119kna jako ksi\u0119\u017cyc, wybrana jako s\u0142o\u0144ce.<br><em><mark style=\"background-color:rgba(0, 0, 0, 0)\" class=\"has-inline-color has-vivid-red-color\">\u2123.<\/mark><\/em>&nbsp;Ta jest go\u0142\u0119bica moja, doskona\u0142a moja, niepokalana moja.<br><em><mark style=\"background-color:rgba(0, 0, 0, 0)\" class=\"has-inline-color has-vivid-red-color\">\u211f.<\/mark><\/em>&nbsp;Pi\u0119kna jako ksi\u0119\u017cyc, wybrana jako s\u0142once.<\/p>\n\n\n\n<h2 class=\"wp-block-heading has-vivid-red-color has-text-color has-link-color wp-elements-5\"><strong><em>Lekcja 5<\/em><\/strong><\/h2>\n\n\n\n<p class=\"has-text-align-justify wp-block-paragraph\">Rozpowszechniaj\u0105ca si\u0119 s\u0142awa \u0142ask, kt\u00f3re wierni rzekomo otrzymywali w \u015bwi\u0119tej grocie, z czasem powi\u0119kszy\u0142a zgromadzenie ludzi, kt\u00f3rych \u015bwi\u0119to\u015b\u0107 miejsca wzywa\u0142a do groty<strong><em>.<\/em><\/strong> Dlatego biskup Tarbes, poruszony s\u0142aw\u0105 cud\u00f3w i czysto\u015bci\u0105 dziewczynki, po prawnym zbadaniu wydarze\u0144, zatwierdzi\u0142 swoim dekretem znaki objawienia jako nadprzyrodzone i zezwoli\u0142 na kult Niepokalanej Dziewicy w tej samej grocie. <\/p>\n\n\n\n<p class=\"has-text-align-justify wp-block-paragraph\">Wkr\u00f3tce zbudowano kaplic\u0119: od tego dnia prawie niezliczone t\u0142umy wiernych, w celu modlitwy i b\u0142agania, z Francji, Belgii, W\u0142och, Hiszpanii i innych prowincji Europy, a tak\u017ce z odleg\u0142ych region\u00f3w Ameryki, przybywa\u0142y tam ka\u017cdego roku, a imi\u0119 Niepokalanej z Lourdes sta\u0142o si\u0119 s\u0142awne w krajach na ca\u0142ym \u015bwiecie. Woda ze \u017ar\u00f3d\u0142a, niesiona do wszystkich cz\u0119\u015bci \u015bwiata, przywraca\u0142a zdrowie chorym. A \u015bwiat katolicki, pami\u0119taj\u0105c o tak wielkich \u0142askach, zbudowa\u0142 tam \u015bwi\u0119te sanktuaria z cudown\u0105 prac\u0105. <\/p>\n\n\n\n<p class=\"has-text-align-justify wp-block-paragraph\">Niezliczone sztandary, jakby pomniki otrzymanych dobrodziejstw, wysy\u0142ane tam przez miasta i narody, zdobi\u0105 sanktuarium Dziewicy wspania\u0142ymi ozdobami. W tej jakby w\u0142asnej siedzibie Niepokalana Dziewica jest nieustannie czczona: w dzie\u0144 modlitwami, \u015bpiewem religijnym i innymi uroczystymi ceremoniami; a noc\u0105 uroczystymi b\u0142aganiami, przez kt\u00f3re prawie niesko\u0144czone t\u0142umy pielgrzym\u00f3w id\u0105 ze \u015bwiecami i zapalonymi pochodniami i \u015bpiewaj\u0105 chwa\u0142\u0119 b\u0142ogos\u0142awionej Dziewicy.<br><em><mark style=\"background-color:rgba(0, 0, 0, 0)\" class=\"has-inline-color has-vivid-red-color\">\u2123.<\/mark><\/em>\u00a0Ty za\u015b, Panie, zmi\u0142uj si\u0119 nad nami.<br><mark style=\"background-color:rgba(0, 0, 0, 0)\" class=\"has-inline-color has-vivid-red-color\"><em>\u211f.<\/em>\u00a0<\/mark>Bogu niech b\u0119d\u0105 dzi\u0119ki.<\/p>\n\n\n\n<p class=\"wp-block-paragraph\"><em><mark style=\"background-color:rgba(0, 0, 0, 0)\" class=\"has-inline-color has-vivid-red-color\">\u211f.<\/mark><\/em>&nbsp;I b\u0119dzie w ostateczne dni przygotowana g\u00f3ra Panny Marji na wierzchu g\u00f3r, i wywy\u017cszy si\u0119 nad nieba, i p\u00f3jd\u0105 t\u00e9\u017c wiele ludzi, i rzekn\u0105:<br><mark style=\"background-color:rgba(0, 0, 0, 0)\" class=\"has-inline-color has-vivid-red-color\">* <\/mark>Chod\u017acie, a wst\u0105pmy na g\u00f3r\u0119.<br><mark style=\"background-color:rgba(0, 0, 0, 0)\" class=\"has-inline-color has-vivid-red-color\"><em>\u2123.<\/em>&nbsp;<\/mark>Jako wesel\u0105cych si\u0119 wszystkich mieszkanie jest w tobie.<br><em><mark style=\"background-color:rgba(0, 0, 0, 0)\" class=\"has-inline-color has-vivid-red-color\">\u211f.<\/mark><\/em>&nbsp;Chod\u017acie, a wst\u0105pmy na g\u00f3r\u0119.<\/p>\n\n\n\n<h2 class=\"wp-block-heading has-vivid-red-color has-text-color has-link-color wp-elements-6\"><strong><em>Lekcja 6<\/em><\/strong><\/h2>\n\n\n\n<p class=\"has-text-align-justify wp-block-paragraph\">Wszyscy z pewno\u015bci\u0105 wiedz\u0105<strong><em>,<\/em><\/strong>\u017ce tego rodzaju pielgrzymki wzbudzi\u0142y wiar\u0119 w \u015bwiecie, kt\u00f3ry sta\u0142 si\u0119 zimny, dusza wzros\u0142a do wyznawania prawa chrze\u015bcija\u0144skiego i w cudowny spos\u00f3b rozpowszechni\u0142a kult Niepokalanej Dziewicy. W tym wspania\u0142ym wyznaniu wiary lud chrze\u015bcija\u0144ski ma kap\u0142an\u00f3w jako przyw\u00f3dc\u00f3w, kt\u00f3rzy prowadz\u0105 sw\u00f3j lud st\u0105d. Sami \u015bwi\u0119ci biskupi r\u00f3wnie\u017c cz\u0119sto odwiedzaj\u0105 \u015bwi\u0119te miejsce, prowadz\u0105 pielgrzymki i bior\u0105 udzia\u0142 w bardziej uroczystych \u015bwi\u0119tach. <\/p>\n\n\n\n<p class=\"has-text-align-justify wp-block-paragraph\">Nierzadko mo\u017cna zaobserwowa\u0107 ojc\u00f3w Ko\u015bcio\u0142a rzymskiego zbli\u017caj\u0105cych si\u0119 do pokornych pielgrzym\u00f3w. Nawet ci rzymscy papie\u017ce, ze wzgl\u0119du na swoj\u0105 pobo\u017cno\u015b\u0107 wobec Niepokalanej z Lourdes, wzmocnili \u015bwi\u0119te sanktuarium najszlachetniejszymi darami. Pius dziewi\u0105ty, ze \u015bwi\u0119tymi odpustami, wyr\u00f3\u017cni\u0142 je przywilejem arcybractwa i tytu\u0142em bazyliki mniejszej; i nakaza\u0142, aby obraz Bogurodzicy, z uroczystym obrz\u0119dem za po\u015brednictwem jego legata apostolskiego we Francji, zosta\u0142 ozdobiony koron\u0105. Leon XIII nada\u0142 r\u00f3wnie\u017c niezliczone korzy\u015bci, udzieli\u0142 odpust\u00f3w w spos\u00f3b jubileuszowy w dwudziestym pi\u0105tym roku Objawienia, promowa\u0142 pielgrzymki swoim autorytetem i s\u0142owem oraz zorganizowa\u0142 uroczyste po\u015bwi\u0119cenie Ko\u015bcio\u0142a pod tytu\u0142em R\u00f3\u017ca\u0144ca. <\/p>\n\n\n\n<p class=\"has-text-align-justify wp-block-paragraph\">Skumulowa\u0142 zakres tych korzy\u015bci, gdy z pro\u015bb\u0105 wielu biskup\u00f3w \u0142askawie przyzna\u0142 uroczyste \u015bwi\u0119to, kt\u00f3re ma by\u0107 obchodzone pod tytu\u0142em Objawienia Naj\u015bwi\u0119tszej Maryi Panny Niepokalanej z odpowiednim Oficjum i w\u0142a\u015bciw\u0105 Msz\u0105 \u015awi\u0119t\u0105. Wreszcie najwy\u017cszy papie\u017c Pius dziesi\u0105ty, ze wzgl\u0119du na swoj\u0105 pobo\u017cno\u015b\u0107 wobec Bogurodzicy i przychylaj\u0105c si\u0119 do \u017cycze\u0144 wielu \u015bwi\u0119tych biskup\u00f3w, rozszerzy\u0142 to samo \u015bwi\u0119to na Ko\u015bci\u00f3\u0142 powszechny.<\/p>\n\n\n\n<p class=\"wp-block-paragraph\"><br><em><mark style=\"background-color:rgba(0, 0, 0, 0)\" class=\"has-inline-color has-vivid-red-color\">\u2123.<\/mark><\/em>&nbsp;Ty za\u015b, Panie, zmi\u0142uj si\u0119 nad nami.<br><em><mark style=\"background-color:rgba(0, 0, 0, 0)\" class=\"has-inline-color has-vivid-red-color\">\u211f.<\/mark><\/em>&nbsp;Bogu niech b\u0119d\u0105 dzi\u0119ki.<\/p>\n\n\n\n<p class=\"wp-block-paragraph\"><mark style=\"background-color:rgba(0, 0, 0, 0)\" class=\"has-inline-color has-vivid-red-color\"><em>\u211f.<\/em>&nbsp;<\/mark>Uprzedzi\u0142e\u015b j\u0105, Panie, w b\u0142ogos\u0142awie\u0144stie s\u0142odko\u015bci, w\u0142o\u017cy\u0142e\u015b na g\u0142ow\u0119 jej.<br><mark style=\"background-color:rgba(0, 0, 0, 0)\" class=\"has-inline-color has-vivid-red-color\">*<\/mark> Koron\u0119 z kamienia drogiego.<br><em><mark style=\"background-color:rgba(0, 0, 0, 0)\" class=\"has-inline-color has-vivid-red-color\">\u2123.<\/mark><\/em>&nbsp;Wielka jest chwa\u0142a jego w zbawieniu twojem: s\u0142aw\u0119 i wielk\u0105 ozdob\u0119 na\u0144 w\u0142o\u017cysz.<br><em><mark style=\"background-color:rgba(0, 0, 0, 0)\" class=\"has-inline-color has-vivid-red-color\">\u211f<\/mark>.<\/em>&nbsp;Koron\u0119 z kamienia drogiego.<br><em><mark style=\"background-color:rgba(0, 0, 0, 0)\" class=\"has-inline-color has-vivid-red-color\">\u2123.<\/mark><\/em>&nbsp;Chwa\u0142a Ojcu i Synowi, * i Duchowi \u015awi\u0119temu.<br><mark style=\"background-color:rgba(0, 0, 0, 0)\" class=\"has-inline-color has-vivid-red-color\"><em>\u211f.<\/em>&nbsp;<\/mark>Koron\u0119 z kamienia drogiego.<\/p>\n\n\n\n<h2 class=\"wp-block-heading has-vivid-red-color has-text-color has-link-color wp-elements-7\"><strong><em>Lekcja 7<\/em><\/strong><\/h2>\n\n\n\n<p class=\"wp-block-paragraph\"><mark style=\"background-color:rgba(0, 0, 0, 0)\" class=\"has-inline-color has-vivid-red-color\">Czytanie z Ewangelii \u015bwi\u0119tej wed\u0142ug \u0141ukasza.<br><em>\u0141k 1:26-31<\/em><\/mark><\/p>\n\n\n\n<p class=\"has-text-align-justify has-medium-font-size wp-block-paragraph\">Onego czasu: Pos\u0142any jest Anio\u0142 Gabriel od Boga do miasta galilejskiego, kt\u00f3re zwano Nazaret, do Panny po\u015blubionej m\u0119\u017cowi, kt\u00f3remu by\u0142o na imi\u0119 J\u00f3zef, z domu Dawidowego, a imi\u0119 Panny Maryja. I wszed\u0142szy do Niej Anio\u0142 rzek\u0142: \u00abB\u0105d\u017a pozdrowiona, \u0142aski pe\u0142na, Pan z Tob\u0105, b\u0142ogos\u0142awiona\u015b Ty mi\u0119dzy niewiastami\u00bb.<br>A Ona, gdy pos\u0142ysza\u0142a, zatrwo\u017cy\u0142a si\u0119 na s\u0142owa jego i rozwa\u017ca\u0142a, c\u00f3\u017c by to by\u0142o za pozdrowienie. I rzek\u0142 Jej Anio\u0142: \u00abNie l\u0119kaj si\u0119, Maryjo, albowiem znalaz\u0142a\u015b \u0142ask\u0119 u Boga! Oto poczniesz w \u0142onie i porodzisz syna, i nadasz Mu imi\u0119 Jezus\u00bb.<\/p>\n\n\n\n<p class=\"wp-block-paragraph\"><mark style=\"background-color:rgba(0, 0, 0, 0)\" class=\"has-inline-color has-vivid-red-color\">Homilia \u015bwi\u0119tego Bernarda, opata z Clairvaux.<\/mark><\/p>\n\n\n\n<p class=\"wp-block-paragraph\"><em><mark style=\"background-color:rgba(0, 0, 0, 0)\" class=\"has-inline-color has-vivid-red-color\">2. na temat tego tekstu.<\/mark><\/em><\/p>\n\n\n\n<p class=\"has-text-align-justify wp-block-paragraph\"><strong><em><mark style=\"background-color:rgba(0, 0, 0, 0)\" class=\"has-inline-color has-vivid-red-color\">R<\/mark><\/em><\/strong>aduj<strong> <\/strong>si\u0119, ojcze Adamie, a jeszcze bardziej ty, matko Ewo, ty, kt\u00f3ra jeste\u015b \u017ar\u00f3d\u0142em wszystkiego i ruin\u0105 wszystkich, i nieszcz\u0119\u015bliw\u0105 przyczyn\u0105 ich ruiny, zanim ich urodzi\u0142a\u015b. B\u0105d\u017acie pocieszeni zar\u00f3wno w waszej c\u00f3rce, jak i w takiej c\u00f3rce; ale przede wszystkim w tobie, kobieto, z kt\u00f3rej przysz\u0142o pierwsze z\u0142o i kt\u00f3ra rzuci\u0142a swoj\u0105 obelg\u0119 na wszystkie kobiety. Nadszed\u0142 czas, aby obelga zosta\u0142a zdj\u0119ta i aby m\u0119\u017cczyzna nie mia\u0142 nic do powiedzenia przeciwko kobiecie. Na pocz\u0105tku, gdy nieroztropnie zacz\u0105\u0142 si\u0119 usprawiedliwia\u0107, nie skrupi\u0142 si\u0119, by zrzuci\u0107 win\u0119 na ni\u0105, m\u00f3wi\u0105c: Niewiasta, kt\u00f3r\u0105 mi da\u0142e\u015b, aby by\u0142a ze mn\u0105, da\u0142a mi z drzewa i zjad\u0142em. Dlatego, Ewo, oddaj si\u0119 Maryi Matce, oddaj si\u0119 c\u00f3rce, niech c\u00f3rka odpowie za matk\u0119, niech zdejmie z siebie wyrzuty matki, niech wynagrodzi ojcu win\u0119 matki, bo je\u015bli m\u0119\u017cczyzna upad\u0142 przez kobiet\u0119, to przez kobiet\u0119 zosta\u0142 wskrzeszony.<br><em><mark style=\"background-color:rgba(0, 0, 0, 0)\" class=\"has-inline-color has-vivid-red-color\">\u2123.<\/mark><\/em>&nbsp;Ty za\u015b, Panie, zmi\u0142uj si\u0119 nad nami.<br><em><mark style=\"background-color:rgba(0, 0, 0, 0)\" class=\"has-inline-color has-vivid-red-color\">\u211f.<\/mark><\/em>&nbsp;Bogu niech b\u0119d\u0105 dzi\u0119ki.<\/p>\n\n\n\n<p class=\"wp-block-paragraph\"><mark style=\"background-color:rgba(0, 0, 0, 0)\" class=\"has-inline-color has-vivid-red-color\"><em>\u211f.<\/em>&nbsp;<\/mark>Tu ergo invoca Dominum, loquere Regi pro nobis.<br><mark style=\"background-color:rgba(0, 0, 0, 0)\" class=\"has-inline-color has-vivid-red-color\">* <\/mark>Et libera nos de morte.<br><mark style=\"background-color:rgba(0, 0, 0, 0)\" class=\"has-inline-color has-vivid-red-color\"><em>\u2123.<\/em>&nbsp;<\/mark>Omnes sitientes, venite ad aquas, et haurietis salutem a Domino.<br><em><mark style=\"background-color:rgba(0, 0, 0, 0)\" class=\"has-inline-color has-vivid-red-color\">\u211f.<\/mark><\/em>&nbsp;Et libera nos de morte.<\/p>\n\n\n\n<h2 class=\"wp-block-heading has-vivid-red-color has-text-color has-link-color wp-elements-8\"><strong><em>Lekcja 8<\/em><\/strong><\/h2>\n\n\n\n<p class=\"has-text-align-justify wp-block-paragraph\"><strong><em><mark style=\"background-color:rgba(0, 0, 0, 0)\" class=\"has-inline-color has-vivid-red-color\">C<\/mark><\/em><\/strong>o powiedzia\u0142e\u015b, Adamie? Niewiasta, kt\u00f3r\u0105 mi da\u0142e\u015b, aby by\u0142a ze mn\u0105, da\u0142a mi z drzewa i zjad\u0142em. S\u0105 to gniewne s\u0142owa, kt\u00f3rymi raczej powi\u0119kszasz ni\u017c umniejszasz swoje przest\u0119pstwo. Niemniej jednak M\u0105dro\u015b\u0107 pokona\u0142a twoj\u0105 z\u0142o\u015bliwo\u015b\u0107. B\u00f3g prosi\u0142 ci\u0119, aby znalaz\u0142 w tobie okazj\u0119 do przebaczenia, ale poniewa\u017c jej nie znalaz\u0142, szuka\u0142 jej i znalaz\u0142 w skarbcu swego mi\u0142osierdzia. Jedna niewiasta odpowiada za drug\u0105; m\u0105dra za g\u0142upi\u0105; pokorna za pyszn\u0105; za t\u0119, kt\u00f3ra da\u0142a ci z drzewa \u015bmierci, inna daje ci skosztowa\u0107 z drzewa \u017cywota; za t\u0119, kt\u00f3ra przynios\u0142a ci gorzki pokarm grzechu, inna daje ci s\u0142odkie owoce sprawiedliwo\u015bci. Przeto\u017c nie oskar\u017caj wi\u0119cej niewiasty, ale dzi\u0119kuj\u0105c m\u00f3w: Panie, niewiasta, kt\u00f3r\u0105\u015b mi da\u0142, da\u0142a mi z drzewa \u017cywota, i jad\u0142em, i s\u0142odsze jest w ustach moich ni\u017c mi\u00f3d, bo\u015b mi\u0119 o\u017cywi\u0142\u201d. Ps. cxviii. 103, 93. Oto z tego powodu anio\u0142 Gabriel zosta\u0142 pos\u0142any do Dziewicy, do najbardziej czcigodnej z niewiast, niewiasty wspanialszej ni\u017c wszystkie niewiasty, odnowicielki tych, kt\u00f3rzy byli przed ni\u0105, i o\u017cywicielki tych, kt\u00f3rzy przyjd\u0105 po niej.<br><em><mark style=\"background-color:rgba(0, 0, 0, 0)\" class=\"has-inline-color has-vivid-red-color\">\u2123.<\/mark><\/em>&nbsp;Ty za\u015b, Panie, zmi\u0142uj si\u0119 nad nami.<br><mark style=\"background-color:rgba(0, 0, 0, 0)\" class=\"has-inline-color has-vivid-red-color\"><em>\u211f.<\/em>&nbsp;<\/mark>Bogu niech b\u0119d\u0105 dzi\u0119ki.<\/p>\n\n\n\n<p class=\"wp-block-paragraph\"><mark style=\"background-color:rgba(0, 0, 0, 0)\" class=\"has-inline-color has-vivid-red-color\"><em>\u211f.<\/em>&nbsp;<\/mark>Naszczepi\u0142 Pan B\u00f3g raj rozkoszy, wywi\u00f3d\u0142 drzewo \u017cywota w po\u015br\u00f3d niego.<br><mark style=\"background-color:rgba(0, 0, 0, 0)\" class=\"has-inline-color has-vivid-red-color\">*<\/mark> A rzeka wychodzi\u0142a z miejsca rozkoszy.<br><mark style=\"background-color:rgba(0, 0, 0, 0)\" class=\"has-inline-color has-vivid-red-color\"><em>\u2123.<\/em>&nbsp;<\/mark>Szczepy twoje rajskie, Panno Marjo.<br><mark style=\"background-color:rgba(0, 0, 0, 0)\" class=\"has-inline-color has-vivid-red-color\"><em>\u211f.<\/em>&nbsp;<\/mark>A rzeka wychodzi\u0142a z miejsca rozkoszy.<br><em><mark style=\"background-color:rgba(0, 0, 0, 0)\" class=\"has-inline-color has-vivid-red-color\">\u2123<\/mark>.<\/em>&nbsp;Chwa\u0142a Ojcu i Synowi, * i Duchowi \u015awi\u0119temu.<br><em><mark style=\"background-color:rgba(0, 0, 0, 0)\" class=\"has-inline-color has-vivid-red-color\">\u211f.<\/mark><\/em>&nbsp;A rzeka wychodzi\u0142a z miejsca rozkoszy.<\/p>\n\n\n\n<h2 class=\"wp-block-heading has-text-align-justify has-vivid-red-color has-text-color has-link-color wp-elements-9\"><strong><em>Lekcja 9<\/em><\/strong><\/h2>\n\n\n\n<p class=\"has-text-align-justify wp-block-paragraph\"><strong><em><mark style=\"background-color:rgba(0, 0, 0, 0)\" class=\"has-inline-color has-vivid-red-color\">C<\/mark><\/em><\/strong>zy\u017c nie o tej c\u00f3rce twojej, o Adamie, m\u00f3wi\u0142 B\u00f3g, gdy rzek\u0142 do w\u0119\u017ca: Wprowadzam nieprzyja\u017a\u0144 mi\u0119dzy ciebie a niewiast\u0119? A je\u015bli nadal w\u0105tpisz, \u017ce m\u00f3wi o Maryi, pos\u0142uchaj, co nast\u0119puje: Ona zmia\u017cd\u017cy ci g\u0142ow\u0119. Kto odni\u00f3s\u0142 to zwyci\u0119stwo opr\u00f3cz Maryi? Ona zniweczy\u0142a wszystkie podst\u0119py szatana, czy to w celu ska\u017cenia jej cia\u0142a, czy zranienia jej duszy. Czy\u017c to nie o niej m\u00f3wi\u0142 Salomon, m\u00f3wi\u0105c: Kt\u00f3\u017c znajdzie cnotliw\u0105 niewiast\u0119? Prov. xxxi. 10. M\u0119drzec zna\u0142 s\u0142abo\u015bci kobiet, jak kruche s\u0105 w ciele i jak zmienne w umy\u015ble. Ale przeczyta\u0142, \u017ce B\u00f3g obieca\u0142, i\u017c wr\u00f3g, kt\u00f3ry zwyci\u0119\u017cy\u0142 za pomoc\u0105 kobiety, zostanie przez kobiet\u0119 pokonany, i uwierzy\u0142. Ale dziwi\u0142 si\u0119 bardzo i powiedzia\u0142: Kto znajdzie cnotliw\u0105 kobiet\u0119? To znaczy, je\u015bli nasze zbawienie i przywr\u00f3cenie tego, co zosta\u0142o utracone, oraz ostateczny triumf nad wrogiem jest w r\u0119kach kobiety, to musi by\u0107 znaleziona cnotliwa kobieta, gotowa do pracy w tej sprawie<br><em><mark style=\"background-color:rgba(0, 0, 0, 0)\" class=\"has-inline-color has-vivid-red-color\">\u2123<\/mark>.<\/em>&nbsp;Ty za\u015b, Panie, zmi\u0142uj si\u0119 nad nami.<br><em><mark style=\"background-color:rgba(0, 0, 0, 0)\" class=\"has-inline-color has-vivid-red-color\">\u211f.<\/mark><\/em>&nbsp;Bogu niech b\u0119d\u0105 dzi\u0119ki.<\/p>\n\n\n\n<p class=\"wp-block-paragraph\"><strong><em><mark style=\"background-color:rgba(0, 0, 0, 0)\" class=\"has-inline-color has-vivid-red-color\">M<\/mark><\/em><\/strong>\u00f3dlmy si\u0119.<br><strong><em><mark style=\"background-color:rgba(0, 0, 0, 0)\" class=\"has-inline-color has-vivid-red-color\">B<\/mark><\/em><\/strong>o\u017ce, kt\u00f3ry przez Niepokalane Pocz\u0119cie Naj\u015bw. Panny godne mieszkanie Synowi swemu zgotowa\u0142e\u015b; spraw, prosimy Ci\u0119, aby\u015bmy, kt\u00f3rzy tej\u017ce Dziewicy ukazanie si\u0119 uroczy\u015bcie obchodzimy, zbawienia duszy i cia\u0142a dost\u0105pili.<br><strong><em><mark style=\"background-color:rgba(0, 0, 0, 0)\" class=\"has-inline-color has-vivid-red-color\">P<\/mark><\/em><\/strong>rzez tego\u017c naszego Pana Jezusa Chrystusa, Twojego Syna: kt\u00f3ry z Tob\u0105 \u017cyje i kr\u00f3luje w jedno\u015bci Ducha \u015awi\u0119tego B\u00f3g, przez wszystkie wieki wiek\u00f3w.<br><em><mark style=\"background-color:rgba(0, 0, 0, 0)\" class=\"has-inline-color has-vivid-red-color\">\u211f.<\/mark><\/em>&nbsp;Amen.<\/p>\n\n\n","protected":false},"excerpt":{"rendered":"<p>Czytania brewiarzowe na \u015bwi\u0119to MB z Lourdes.<\/p>\n","protected":false},"author":60508433,"featured_media":130938,"comment_status":"open","ping_status":"open","sticky":false,"template":"","format":"standard","meta":{"_bbp_topic_count":0,"_bbp_reply_count":0,"_bbp_total_topic_count":0,"_bbp_total_reply_count":0,"_bbp_voice_count":0,"_bbp_anonymous_reply_count":0,"_bbp_topic_count_hidden":0,"_bbp_reply_count_hidden":0,"_bbp_forum_subforum_count":0,"_editorskit_title_hidden":false,"_editorskit_reading_time":0,"_editorskit_is_block_options_detached":false,"_editorskit_block_options_position":"{}","_coblocks_attr":"","_coblocks_dimensions":"","_coblocks_responsive_height":"","_coblocks_accordion_ie_support":"","_exactmetrics_skip_tracking":false,"_jetpack_newsletter_access":"","_jetpack_dont_email_post_to_subs":false,"_jetpack_newsletter_tier_id":0,"_jetpack_memberships_contains_paywalled_content":false,"_wpcom_ai_launchpad_first_post":false,"_jetpack_feature_clip_id":0,"_jetpack_memberships_contains_paid_content":false,"footnotes":"","jetpack_publicize_message":"","jetpack_publicize_feature_enabled":true,"jetpack_social_post_already_shared":true,"jetpack_social_options":{"image_generator_settings":{"template":"highway","enabled":false},"version":2},"_wpas_customize_per_network":false,"jetpack_post_was_ever_published":false},"categories":[610131155,610135054,610132042],"tags":[610135265,610131054],"class_list":["post-130934","post","type-post","status-publish","format-standard","has-post-thumbnail","hentry","category-rozwazania","category-w-brewiarzu","category-zywoty-swietych","tag-11-lutego","tag-lourdes"],"yoast_head":"<!-- This site is optimized with the Yoast SEO plugin v28.4 - https:\/\/yoast.com\/product\/yoast-seo-wordpress\/ -->\n<title>11-go Lutego. Objawienia NMP w Lourdes - Czytania Brewiarzowe - Tradycja i Wiara<\/title>\n<meta name=\"robots\" content=\"index, follow, max-snippet:-1, max-image-preview:large, max-video-preview:-1\" \/>\n<link rel=\"canonical\" href=\"https:\/\/wobronietradycjiiwiary.com\/pl\/11-go-lutego-objawienia-nmp-w-lourdes-czytania-brewiarzowe\/\" \/>\n<meta property=\"og:locale\" content=\"pl_PL\" \/>\n<meta property=\"og:type\" content=\"article\" \/>\n<meta property=\"og:title\" content=\"11-go Lutego. Objawienia NMP w Lourdes - Czytania Brewiarzowe - Tradycja i Wiara\" \/>\n<meta property=\"og:description\" content=\"Czytania brewiarzowe na \u015bwi\u0119to MB z Lourdes.\" \/>\n<meta property=\"og:url\" content=\"https:\/\/wobronietradycjiiwiary.com\/pl\/11-go-lutego-objawienia-nmp-w-lourdes-czytania-brewiarzowe\/\" \/>\n<meta property=\"og:site_name\" content=\"Tradycja i Wiara\" \/>\n<meta property=\"article:publisher\" content=\"https:\/\/www.facebook.com\/Tradycja-i-Wiara-108813920592249\" \/>\n<meta property=\"article:published_time\" content=\"2025-02-11T09:33:09+00:00\" \/>\n<meta property=\"article:modified_time\" content=\"2025-02-13T10:46:40+00:00\" \/>\n<meta property=\"og:image\" content=\"https:\/\/wobronietradycjiiwiary.com\/wp-content\/uploads\/2025\/02\/Lourdes.jpg\" \/>\n\t<meta property=\"og:image:width\" content=\"825\" \/>\n\t<meta property=\"og:image:height\" content=\"960\" \/>\n\t<meta property=\"og:image:type\" content=\"image\/jpeg\" \/>\n<meta name=\"author\" content=\"Traditio et Fides\" \/>\n<meta name=\"twitter:card\" content=\"summary_large_image\" \/>\n<meta name=\"twitter:label1\" content=\"Napisane przez\" \/>\n\t<meta name=\"twitter:data1\" content=\"Traditio et Fides\" \/>\n\t<meta name=\"twitter:label2\" content=\"Szacowany czas czytania\" \/>\n\t<meta name=\"twitter:data2\" content=\"13 minut\" \/>\n<script type=\"application\/ld+json\" class=\"yoast-schema-graph\">{\"@context\":\"https:\\\/\\\/schema.org\",\"@graph\":[{\"@type\":\"Article\",\"@id\":\"https:\\\/\\\/wobronietradycjiiwiary.com\\\/11-go-lutego-objawienia-nmp-w-lourdes-czytania-brewiarzowe\\\/#article\",\"isPartOf\":{\"@id\":\"https:\\\/\\\/wobronietradycjiiwiary.com\\\/11-go-lutego-objawienia-nmp-w-lourdes-czytania-brewiarzowe\\\/\"},\"author\":{\"name\":\"Traditio et Fides\",\"@id\":\"https:\\\/\\\/wobronietradycjiiwiary.com\\\/pl\\\/#\\\/schema\\\/person\\\/2d6180ce6abcb681fef0daab7816e8f3\"},\"headline\":\"11-go Lutego. Objawienia NMP w Lourdes &#8211; Czytania Brewiarzowe\",\"datePublished\":\"2025-02-11T09:33:09+00:00\",\"dateModified\":\"2025-02-13T10:46:40+00:00\",\"mainEntityOfPage\":{\"@id\":\"https:\\\/\\\/wobronietradycjiiwiary.com\\\/11-go-lutego-objawienia-nmp-w-lourdes-czytania-brewiarzowe\\\/\"},\"wordCount\":2567,\"commentCount\":0,\"publisher\":{\"@id\":\"https:\\\/\\\/wobronietradycjiiwiary.com\\\/pl\\\/#organization\"},\"image\":{\"@id\":\"https:\\\/\\\/wobronietradycjiiwiary.com\\\/11-go-lutego-objawienia-nmp-w-lourdes-czytania-brewiarzowe\\\/#primaryimage\"},\"thumbnailUrl\":\"https:\\\/\\\/wobronietradycjiiwiary.com\\\/wp-content\\\/uploads\\\/2025\\\/02\\\/Lourdes.jpg\",\"keywords\":[\"11 lutego\",\"Lourdes\"],\"articleSection\":[\"Rozwa\u017cania liturgiczne\",\"W Brewiarzu\",\"\u017bywoty \u015awi\u0119tych\"],\"inLanguage\":\"pl-PL\",\"potentialAction\":[{\"@type\":\"CommentAction\",\"name\":\"Comment\",\"target\":[\"https:\\\/\\\/wobronietradycjiiwiary.com\\\/11-go-lutego-objawienia-nmp-w-lourdes-czytania-brewiarzowe\\\/#respond\"]}]},{\"@type\":\"WebPage\",\"@id\":\"https:\\\/\\\/wobronietradycjiiwiary.com\\\/11-go-lutego-objawienia-nmp-w-lourdes-czytania-brewiarzowe\\\/\",\"url\":\"https:\\\/\\\/wobronietradycjiiwiary.com\\\/11-go-lutego-objawienia-nmp-w-lourdes-czytania-brewiarzowe\\\/\",\"name\":\"11-go Lutego. Objawienia NMP w Lourdes - Czytania Brewiarzowe - Tradycja i Wiara\",\"isPartOf\":{\"@id\":\"https:\\\/\\\/wobronietradycjiiwiary.com\\\/pl\\\/#website\"},\"primaryImageOfPage\":{\"@id\":\"https:\\\/\\\/wobronietradycjiiwiary.com\\\/11-go-lutego-objawienia-nmp-w-lourdes-czytania-brewiarzowe\\\/#primaryimage\"},\"image\":{\"@id\":\"https:\\\/\\\/wobronietradycjiiwiary.com\\\/11-go-lutego-objawienia-nmp-w-lourdes-czytania-brewiarzowe\\\/#primaryimage\"},\"thumbnailUrl\":\"https:\\\/\\\/wobronietradycjiiwiary.com\\\/wp-content\\\/uploads\\\/2025\\\/02\\\/Lourdes.jpg\",\"datePublished\":\"2025-02-11T09:33:09+00:00\",\"dateModified\":\"2025-02-13T10:46:40+00:00\",\"breadcrumb\":{\"@id\":\"https:\\\/\\\/wobronietradycjiiwiary.com\\\/11-go-lutego-objawienia-nmp-w-lourdes-czytania-brewiarzowe\\\/#breadcrumb\"},\"inLanguage\":\"pl-PL\",\"potentialAction\":[{\"@type\":\"ReadAction\",\"target\":[\"https:\\\/\\\/wobronietradycjiiwiary.com\\\/11-go-lutego-objawienia-nmp-w-lourdes-czytania-brewiarzowe\\\/\"]}]},{\"@type\":\"ImageObject\",\"inLanguage\":\"pl-PL\",\"@id\":\"https:\\\/\\\/wobronietradycjiiwiary.com\\\/11-go-lutego-objawienia-nmp-w-lourdes-czytania-brewiarzowe\\\/#primaryimage\",\"url\":\"https:\\\/\\\/wobronietradycjiiwiary.com\\\/wp-content\\\/uploads\\\/2025\\\/02\\\/Lourdes.jpg\",\"contentUrl\":\"https:\\\/\\\/wobronietradycjiiwiary.com\\\/wp-content\\\/uploads\\\/2025\\\/02\\\/Lourdes.jpg\",\"width\":825,\"height\":960},{\"@type\":\"BreadcrumbList\",\"@id\":\"https:\\\/\\\/wobronietradycjiiwiary.com\\\/11-go-lutego-objawienia-nmp-w-lourdes-czytania-brewiarzowe\\\/#breadcrumb\",\"itemListElement\":[{\"@type\":\"ListItem\",\"position\":1,\"name\":\"Strona g\u0142\u00f3wna\",\"item\":\"https:\\\/\\\/wobronietradycjiiwiary.com\\\/\"},{\"@type\":\"ListItem\",\"position\":2,\"name\":\"11-go Lutego. Objawienia NMP w Lourdes &#8211; Czytania Brewiarzowe\"}]},{\"@type\":\"WebSite\",\"@id\":\"https:\\\/\\\/wobronietradycjiiwiary.com\\\/pl\\\/#website\",\"url\":\"https:\\\/\\\/wobronietradycjiiwiary.com\\\/pl\\\/\",\"name\":\"Tradycja i Wiara\",\"description\":\"Portal dla katolik\u00f3w.\",\"publisher\":{\"@id\":\"https:\\\/\\\/wobronietradycjiiwiary.com\\\/pl\\\/#organization\"},\"potentialAction\":[{\"@type\":\"SearchAction\",\"target\":{\"@type\":\"EntryPoint\",\"urlTemplate\":\"https:\\\/\\\/wobronietradycjiiwiary.com\\\/pl\\\/?s={search_term_string}\"},\"query-input\":{\"@type\":\"PropertyValueSpecification\",\"valueRequired\":true,\"valueName\":\"search_term_string\"}}],\"inLanguage\":\"pl-PL\"},{\"@type\":\"Organization\",\"@id\":\"https:\\\/\\\/wobronietradycjiiwiary.com\\\/pl\\\/#organization\",\"name\":\"Tradycja i Wiara\",\"url\":\"https:\\\/\\\/wobronietradycjiiwiary.com\\\/pl\\\/\",\"logo\":{\"@type\":\"ImageObject\",\"inLanguage\":\"pl-PL\",\"@id\":\"https:\\\/\\\/wobronietradycjiiwiary.com\\\/pl\\\/#\\\/schema\\\/logo\\\/image\\\/\",\"url\":\"https:\\\/\\\/i0.wp.com\\\/wobronietradycjiiwiary.com\\\/wp-content\\\/uploads\\\/2015\\\/10\\\/cropped-st-peters-dome-vatican.jpg?fit=940%2C198&ssl=1\",\"contentUrl\":\"https:\\\/\\\/i0.wp.com\\\/wobronietradycjiiwiary.com\\\/wp-content\\\/uploads\\\/2015\\\/10\\\/cropped-st-peters-dome-vatican.jpg?fit=940%2C198&ssl=1\",\"width\":940,\"height\":198,\"caption\":\"Tradycja i Wiara\"},\"image\":{\"@id\":\"https:\\\/\\\/wobronietradycjiiwiary.com\\\/pl\\\/#\\\/schema\\\/logo\\\/image\\\/\"},\"sameAs\":[\"https:\\\/\\\/www.facebook.com\\\/Tradycja-i-Wiara-108813920592249\"]},{\"@type\":\"Person\",\"@id\":\"https:\\\/\\\/wobronietradycjiiwiary.com\\\/pl\\\/#\\\/schema\\\/person\\\/2d6180ce6abcb681fef0daab7816e8f3\",\"name\":\"Traditio et Fides\",\"sameAs\":[\"https:\\\/\\\/traditionundglauben.com\"],\"url\":\"https:\\\/\\\/wobronietradycjiiwiary.com\\\/pl\\\/author\\\/wobronietradycjiiwiary\\\/\"}]}<\/script>\n<!-- \/ Yoast SEO plugin. -->","yoast_head_json":{"title":"11-go Lutego. Objawienia NMP w Lourdes - Czytania Brewiarzowe - Tradycja i Wiara","robots":{"index":"index","follow":"follow","max-snippet":"max-snippet:-1","max-image-preview":"max-image-preview:large","max-video-preview":"max-video-preview:-1"},"canonical":"https:\/\/wobronietradycjiiwiary.com\/pl\/11-go-lutego-objawienia-nmp-w-lourdes-czytania-brewiarzowe\/","og_locale":"pl_PL","og_type":"article","og_title":"11-go Lutego. Objawienia NMP w Lourdes - Czytania Brewiarzowe - Tradycja i Wiara","og_description":"Czytania brewiarzowe na \u015bwi\u0119to MB z Lourdes.","og_url":"https:\/\/wobronietradycjiiwiary.com\/pl\/11-go-lutego-objawienia-nmp-w-lourdes-czytania-brewiarzowe\/","og_site_name":"Tradycja i Wiara","article_publisher":"https:\/\/www.facebook.com\/Tradycja-i-Wiara-108813920592249","article_published_time":"2025-02-11T09:33:09+00:00","article_modified_time":"2025-02-13T10:46:40+00:00","og_image":[{"width":825,"height":960,"url":"https:\/\/wobronietradycjiiwiary.com\/wp-content\/uploads\/2025\/02\/Lourdes.jpg","type":"image\/jpeg"}],"author":"Traditio et Fides","twitter_card":"summary_large_image","twitter_misc":{"Napisane przez":"Traditio et Fides","Szacowany czas czytania":"13 minut"},"schema":{"@context":"https:\/\/schema.org","@graph":[{"@type":"Article","@id":"https:\/\/wobronietradycjiiwiary.com\/11-go-lutego-objawienia-nmp-w-lourdes-czytania-brewiarzowe\/#article","isPartOf":{"@id":"https:\/\/wobronietradycjiiwiary.com\/11-go-lutego-objawienia-nmp-w-lourdes-czytania-brewiarzowe\/"},"author":{"name":"Traditio et Fides","@id":"https:\/\/wobronietradycjiiwiary.com\/pl\/#\/schema\/person\/2d6180ce6abcb681fef0daab7816e8f3"},"headline":"11-go Lutego. Objawienia NMP w Lourdes &#8211; Czytania Brewiarzowe","datePublished":"2025-02-11T09:33:09+00:00","dateModified":"2025-02-13T10:46:40+00:00","mainEntityOfPage":{"@id":"https:\/\/wobronietradycjiiwiary.com\/11-go-lutego-objawienia-nmp-w-lourdes-czytania-brewiarzowe\/"},"wordCount":2567,"commentCount":0,"publisher":{"@id":"https:\/\/wobronietradycjiiwiary.com\/pl\/#organization"},"image":{"@id":"https:\/\/wobronietradycjiiwiary.com\/11-go-lutego-objawienia-nmp-w-lourdes-czytania-brewiarzowe\/#primaryimage"},"thumbnailUrl":"https:\/\/wobronietradycjiiwiary.com\/wp-content\/uploads\/2025\/02\/Lourdes.jpg","keywords":["11 lutego","Lourdes"],"articleSection":["Rozwa\u017cania liturgiczne","W Brewiarzu","\u017bywoty \u015awi\u0119tych"],"inLanguage":"pl-PL","potentialAction":[{"@type":"CommentAction","name":"Comment","target":["https:\/\/wobronietradycjiiwiary.com\/11-go-lutego-objawienia-nmp-w-lourdes-czytania-brewiarzowe\/#respond"]}]},{"@type":"WebPage","@id":"https:\/\/wobronietradycjiiwiary.com\/11-go-lutego-objawienia-nmp-w-lourdes-czytania-brewiarzowe\/","url":"https:\/\/wobronietradycjiiwiary.com\/11-go-lutego-objawienia-nmp-w-lourdes-czytania-brewiarzowe\/","name":"11-go Lutego. Objawienia NMP w Lourdes - Czytania Brewiarzowe - Tradycja i Wiara","isPartOf":{"@id":"https:\/\/wobronietradycjiiwiary.com\/pl\/#website"},"primaryImageOfPage":{"@id":"https:\/\/wobronietradycjiiwiary.com\/11-go-lutego-objawienia-nmp-w-lourdes-czytania-brewiarzowe\/#primaryimage"},"image":{"@id":"https:\/\/wobronietradycjiiwiary.com\/11-go-lutego-objawienia-nmp-w-lourdes-czytania-brewiarzowe\/#primaryimage"},"thumbnailUrl":"https:\/\/wobronietradycjiiwiary.com\/wp-content\/uploads\/2025\/02\/Lourdes.jpg","datePublished":"2025-02-11T09:33:09+00:00","dateModified":"2025-02-13T10:46:40+00:00","breadcrumb":{"@id":"https:\/\/wobronietradycjiiwiary.com\/11-go-lutego-objawienia-nmp-w-lourdes-czytania-brewiarzowe\/#breadcrumb"},"inLanguage":"pl-PL","potentialAction":[{"@type":"ReadAction","target":["https:\/\/wobronietradycjiiwiary.com\/11-go-lutego-objawienia-nmp-w-lourdes-czytania-brewiarzowe\/"]}]},{"@type":"ImageObject","inLanguage":"pl-PL","@id":"https:\/\/wobronietradycjiiwiary.com\/11-go-lutego-objawienia-nmp-w-lourdes-czytania-brewiarzowe\/#primaryimage","url":"https:\/\/wobronietradycjiiwiary.com\/wp-content\/uploads\/2025\/02\/Lourdes.jpg","contentUrl":"https:\/\/wobronietradycjiiwiary.com\/wp-content\/uploads\/2025\/02\/Lourdes.jpg","width":825,"height":960},{"@type":"BreadcrumbList","@id":"https:\/\/wobronietradycjiiwiary.com\/11-go-lutego-objawienia-nmp-w-lourdes-czytania-brewiarzowe\/#breadcrumb","itemListElement":[{"@type":"ListItem","position":1,"name":"Strona g\u0142\u00f3wna","item":"https:\/\/wobronietradycjiiwiary.com\/"},{"@type":"ListItem","position":2,"name":"11-go Lutego. Objawienia NMP w Lourdes &#8211; Czytania Brewiarzowe"}]},{"@type":"WebSite","@id":"https:\/\/wobronietradycjiiwiary.com\/pl\/#website","url":"https:\/\/wobronietradycjiiwiary.com\/pl\/","name":"Tradycja i Wiara","description":"Portal dla katolik\u00f3w.","publisher":{"@id":"https:\/\/wobronietradycjiiwiary.com\/pl\/#organization"},"potentialAction":[{"@type":"SearchAction","target":{"@type":"EntryPoint","urlTemplate":"https:\/\/wobronietradycjiiwiary.com\/pl\/?s={search_term_string}"},"query-input":{"@type":"PropertyValueSpecification","valueRequired":true,"valueName":"search_term_string"}}],"inLanguage":"pl-PL"},{"@type":"Organization","@id":"https:\/\/wobronietradycjiiwiary.com\/pl\/#organization","name":"Tradycja i Wiara","url":"https:\/\/wobronietradycjiiwiary.com\/pl\/","logo":{"@type":"ImageObject","inLanguage":"pl-PL","@id":"https:\/\/wobronietradycjiiwiary.com\/pl\/#\/schema\/logo\/image\/","url":"https:\/\/i0.wp.com\/wobronietradycjiiwiary.com\/wp-content\/uploads\/2015\/10\/cropped-st-peters-dome-vatican.jpg?fit=940%2C198&ssl=1","contentUrl":"https:\/\/i0.wp.com\/wobronietradycjiiwiary.com\/wp-content\/uploads\/2015\/10\/cropped-st-peters-dome-vatican.jpg?fit=940%2C198&ssl=1","width":940,"height":198,"caption":"Tradycja i Wiara"},"image":{"@id":"https:\/\/wobronietradycjiiwiary.com\/pl\/#\/schema\/logo\/image\/"},"sameAs":["https:\/\/www.facebook.com\/Tradycja-i-Wiara-108813920592249"]},{"@type":"Person","@id":"https:\/\/wobronietradycjiiwiary.com\/pl\/#\/schema\/person\/2d6180ce6abcb681fef0daab7816e8f3","name":"Traditio et Fides","sameAs":["https:\/\/traditionundglauben.com"],"url":"https:\/\/wobronietradycjiiwiary.com\/pl\/author\/wobronietradycjiiwiary\/"}]}},"jetpack_publicize_connections":[],"jetpack_sharing_enabled":true,"jetpack_likes_enabled":true,"jetpack_shortlink":"https:\/\/wp.me\/pc04Sd-y3Q","jetpack-related-posts":[{"id":160138,"url":"https:\/\/wobronietradycjiiwiary.com\/pl\/11-go-lutego-objawienia-nmp-w-lourdes-czytania-brewiarzowe-2\/","url_meta":{"origin":130934,"position":0},"title":"11-go Lutego. Objawienia NMP w Lourdes &#8211; Czytania Brewiarzowe","author":"Traditio et Fides","date":"11 lutego 2026","format":false,"excerpt":"Czytania brewiarzowe na \u015bwi\u0119to MB z Lourdes.","rel":"","context":"W \u201eRozwa\u017cania liturgiczne&quot;","block_context":{"text":"Rozwa\u017cania liturgiczne","link":"https:\/\/wobronietradycjiiwiary.com\/pl\/category\/duchowosc\/liturgia-i-liturgika\/rozwazania\/"},"img":{"alt_text":"","src":"https:\/\/i0.wp.com\/wobronietradycjiiwiary.com\/wp-content\/uploads\/2025\/02\/Lourdes.jpg?resize=350%2C200&ssl=1","width":350,"height":200,"srcset":"https:\/\/i0.wp.com\/wobronietradycjiiwiary.com\/wp-content\/uploads\/2025\/02\/Lourdes.jpg?resize=350%2C200&ssl=1 1x, https:\/\/i0.wp.com\/wobronietradycjiiwiary.com\/wp-content\/uploads\/2025\/02\/Lourdes.jpg?resize=525%2C300&ssl=1 1.5x, https:\/\/i0.wp.com\/wobronietradycjiiwiary.com\/wp-content\/uploads\/2025\/02\/Lourdes.jpg?resize=700%2C400&ssl=1 2x"},"classes":[]},{"id":65462,"url":"https:\/\/wobronietradycjiiwiary.com\/pl\/czytania-postne-brewiarza-trydenckiego-28\/","url_meta":{"origin":130934,"position":1},"title":"Czytania postne Brewiarza Trydenckiego. Wtorek w czwartym tygodniu Wlk. Postu","author":"Traditio et Fides","date":"29 marca 2022","format":false,"excerpt":"Czytania Brewiarza Trydenckiego na wtorek w czwartym tygodniu Wielkiego Postu.","rel":"","context":"W \u201eDuchowo\u015b\u0107&quot;","block_context":{"text":"Duchowo\u015b\u0107","link":"https:\/\/wobronietradycjiiwiary.com\/pl\/category\/duchowosc\/"},"img":{"alt_text":"","src":"https:\/\/i0.wp.com\/wobronietradycjiiwiary.com\/wp-content\/uploads\/2022\/03\/MOnks-praying.jpg?resize=350%2C200&ssl=1","width":350,"height":200,"srcset":"https:\/\/i0.wp.com\/wobronietradycjiiwiary.com\/wp-content\/uploads\/2022\/03\/MOnks-praying.jpg?resize=350%2C200&ssl=1 1x, https:\/\/i0.wp.com\/wobronietradycjiiwiary.com\/wp-content\/uploads\/2022\/03\/MOnks-praying.jpg?resize=525%2C300&ssl=1 1.5x"},"classes":[]},{"id":66414,"url":"https:\/\/wobronietradycjiiwiary.com\/pl\/czytania-postne-brewiarza-trydenckiego-44\/","url_meta":{"origin":130934,"position":2},"title":"Czytania postne Brewiarza Trydenckiego","author":"Traditio et Fides","date":"13 kwietnia 2022","format":false,"excerpt":"Czytania Brewiarza Trydenckiego na \u015arod\u0119 Wielkiego Tygodnia.","rel":"","context":"W \u201eDuchowo\u015b\u0107&quot;","block_context":{"text":"Duchowo\u015b\u0107","link":"https:\/\/wobronietradycjiiwiary.com\/pl\/category\/duchowosc\/"},"img":{"alt_text":"","src":"https:\/\/i0.wp.com\/wobronietradycjiiwiary.com\/wp-content\/uploads\/2022\/03\/MOnks-praying.jpg?resize=350%2C200&ssl=1","width":350,"height":200,"srcset":"https:\/\/i0.wp.com\/wobronietradycjiiwiary.com\/wp-content\/uploads\/2022\/03\/MOnks-praying.jpg?resize=350%2C200&ssl=1 1x, https:\/\/i0.wp.com\/wobronietradycjiiwiary.com\/wp-content\/uploads\/2022\/03\/MOnks-praying.jpg?resize=525%2C300&ssl=1 1.5x"},"classes":[]},{"id":63993,"url":"https:\/\/wobronietradycjiiwiary.com\/pl\/czytania-postne-brewiarza-trydenckiego-13\/","url_meta":{"origin":130934,"position":3},"title":"Czytania postne Brewiarza Trydenckiego. Poniedzia\u0142ek w drugim tygodniu Wlk. Postu","author":"Traditio et Fides","date":"14 marca 2022","format":false,"excerpt":"Czytania brewiarzowe na poniedzia\u0142ek drugiego tygodnia Wielkiego Postu.","rel":"","context":"W \u201eDuchowo\u015b\u0107&quot;","block_context":{"text":"Duchowo\u015b\u0107","link":"https:\/\/wobronietradycjiiwiary.com\/pl\/category\/duchowosc\/"},"img":{"alt_text":"","src":"https:\/\/i0.wp.com\/wobronietradycjiiwiary.com\/wp-content\/uploads\/2022\/03\/MOnks-praying.jpg?resize=350%2C200&ssl=1","width":350,"height":200,"srcset":"https:\/\/i0.wp.com\/wobronietradycjiiwiary.com\/wp-content\/uploads\/2022\/03\/MOnks-praying.jpg?resize=350%2C200&ssl=1 1x, https:\/\/i0.wp.com\/wobronietradycjiiwiary.com\/wp-content\/uploads\/2022\/03\/MOnks-praying.jpg?resize=525%2C300&ssl=1 1.5x"},"classes":[]},{"id":63128,"url":"https:\/\/wobronietradycjiiwiary.com\/pl\/czytania-postne-brewiarza-trydenckiego-6\/","url_meta":{"origin":130934,"position":4},"title":"Czytania postne Brewiarza Trydenckiego. Poniedzia\u0142ek w pierwszym tygodniu Wlk. Postu","author":"Traditio et Fides","date":"7 marca 2022","format":false,"excerpt":"Czytania Brewiarza Trydenckiego na poniedzia\u0142ek w pierwszym tygodniu Wielkiego Postu","rel":"","context":"W \u201eDuchowo\u015b\u0107&quot;","block_context":{"text":"Duchowo\u015b\u0107","link":"https:\/\/wobronietradycjiiwiary.com\/pl\/category\/duchowosc\/"},"img":{"alt_text":"","src":"https:\/\/i0.wp.com\/wobronietradycjiiwiary.com\/wp-content\/uploads\/2022\/03\/MOnks-praying.jpg?resize=350%2C200&ssl=1","width":350,"height":200,"srcset":"https:\/\/i0.wp.com\/wobronietradycjiiwiary.com\/wp-content\/uploads\/2022\/03\/MOnks-praying.jpg?resize=350%2C200&ssl=1 1x, https:\/\/i0.wp.com\/wobronietradycjiiwiary.com\/wp-content\/uploads\/2022\/03\/MOnks-praying.jpg?resize=525%2C300&ssl=1 1.5x"},"classes":[]},{"id":66392,"url":"https:\/\/wobronietradycjiiwiary.com\/pl\/czytania-postne-brewiarza-trydenckiego-41\/","url_meta":{"origin":130934,"position":5},"title":"Czytania postne Brewiarza Trydenckiego. Niedziela Palmowa","author":"Traditio et Fides","date":"10 kwietnia 2022","format":false,"excerpt":"Czytania Brewiarza Trydenckiego na Niedziel\u0119 Palmow\u0105.","rel":"","context":"W \u201eDuchowo\u015b\u0107&quot;","block_context":{"text":"Duchowo\u015b\u0107","link":"https:\/\/wobronietradycjiiwiary.com\/pl\/category\/duchowosc\/"},"img":{"alt_text":"","src":"https:\/\/i0.wp.com\/wobronietradycjiiwiary.com\/wp-content\/uploads\/2022\/03\/MOnks-praying.jpg?resize=350%2C200&ssl=1","width":350,"height":200,"srcset":"https:\/\/i0.wp.com\/wobronietradycjiiwiary.com\/wp-content\/uploads\/2022\/03\/MOnks-praying.jpg?resize=350%2C200&ssl=1 1x, https:\/\/i0.wp.com\/wobronietradycjiiwiary.com\/wp-content\/uploads\/2022\/03\/MOnks-praying.jpg?resize=525%2C300&ssl=1 1.5x"},"classes":[]}],"amp_enabled":true,"jetpack_featured_media_url":"https:\/\/wobronietradycjiiwiary.com\/wp-content\/uploads\/2025\/02\/Lourdes.jpg","_links":{"self":[{"href":"https:\/\/wobronietradycjiiwiary.com\/pl\/wp-json\/wp\/v2\/posts\/130934","targetHints":{"allow":["GET"]}}],"collection":[{"href":"https:\/\/wobronietradycjiiwiary.com\/pl\/wp-json\/wp\/v2\/posts"}],"about":[{"href":"https:\/\/wobronietradycjiiwiary.com\/pl\/wp-json\/wp\/v2\/types\/post"}],"author":[{"embeddable":true,"href":"https:\/\/wobronietradycjiiwiary.com\/pl\/wp-json\/wp\/v2\/users\/60508433"}],"replies":[{"embeddable":true,"href":"https:\/\/wobronietradycjiiwiary.com\/pl\/wp-json\/wp\/v2\/comments?post=130934"}],"version-history":[{"count":28,"href":"https:\/\/wobronietradycjiiwiary.com\/pl\/wp-json\/wp\/v2\/posts\/130934\/revisions"}],"predecessor-version":[{"id":131402,"href":"https:\/\/wobronietradycjiiwiary.com\/pl\/wp-json\/wp\/v2\/posts\/130934\/revisions\/131402"}],"wp:featuredmedia":[{"embeddable":true,"href":"https:\/\/wobronietradycjiiwiary.com\/pl\/wp-json\/wp\/v2\/media\/130938"}],"wp:attachment":[{"href":"https:\/\/wobronietradycjiiwiary.com\/pl\/wp-json\/wp\/v2\/media?parent=130934"}],"wp:term":[{"taxonomy":"category","embeddable":true,"href":"https:\/\/wobronietradycjiiwiary.com\/pl\/wp-json\/wp\/v2\/categories?post=130934"},{"taxonomy":"post_tag","embeddable":true,"href":"https:\/\/wobronietradycjiiwiary.com\/pl\/wp-json\/wp\/v2\/tags?post=130934"}],"curies":[{"name":"wp","href":"https:\/\/api.w.org\/{rel}","templated":true}]}}