{"id":129719,"date":"2025-02-04T08:09:00","date_gmt":"2025-02-04T07:09:00","guid":{"rendered":"https:\/\/wobronietradycjiiwiary.com\/?p=129719"},"modified":"2025-02-10T12:15:30","modified_gmt":"2025-02-10T11:15:30","slug":"semipelagianizm-i-nizsze-swiecenia","status":"publish","type":"post","link":"https:\/\/wobronietradycjiiwiary.com\/pl\/semipelagianizm-i-nizsze-swiecenia\/","title":{"rendered":"Semipelagianizm i ni\u017csze \u015bwi\u0119cenia"},"content":{"rendered":"<div id=\"bsf_rt_marker\"><\/div>\n<p class=\"wp-block-paragraph\"><\/p>\n\n\n\n<p class=\"has-text-align-justify wp-block-paragraph\">Pisz\u0105cy te s\u0142owa jaki\u015b czas temu postanowi\u0142 przesta\u0107 zastanawia\u0107 si\u0119 nad tym, \u201ekiedy to on to wszystko przeczyta\u201d. Zacz\u0105\u0142 po prostu czyta\u0107 grube tomy zdanie po zdaniu w ramach porannej lektury duchowej. <\/p>\n\n\n\n<p class=\"has-text-align-justify wp-block-paragraph\">Post\u0119powanie to jest skuteczne i owocne. Kilka zda\u0144 codziennie rano zawsze przeczyta\u0107 mo\u017cna, a pierwsze tre\u015bci dnia pozostawiaj\u0105 na nas sw\u00f3j \u015blad a\u017c do wieczora.<\/p>\n\n\n\n<p class=\"has-text-align-justify wp-block-paragraph\">Pod wp\u0142ywem lektury dogmatyki Diekampa-J\u00fcssena autor z przera\u017ceniem u\u015bwiadomi\u0142 sobie, \u017ce mia\u0142 pogl\u0105dy zbli\u017cone do semipelagianizmu. <\/p>\n\n\n\n<p class=\"has-text-align-justify wp-block-paragraph\">Co ciekawe uwa\u017ca\u0142 swoje je za ortodoksyjne, a o pot\u0119pieniu semipelagianizmu w VI wieku przez Ko\u015bci\u00f3\u0142 wiedzia\u0142.<\/p>\n\n\n\n<h2 class=\"wp-block-heading has-medium-font-size\">A czym jest semipelagianizm?<\/h2>\n\n\n\n<p class=\"has-text-align-justify wp-block-paragraph\">Najpro\u015bciej rzecz ujmuj\u0105c, jest to herezja podkre\u015blaj\u0105ca prymat woli nad \u0142ask\u0105 w procesie zbawienia. <\/p>\n\n\n\n<p class=\"has-text-align-justify wp-block-paragraph\">Poniewa\u017c mn\u00f3stwo indywidualnych rozterek autora okazuje si\u0119 mie\u0107 zasi\u0119g uniwersalny, skoro wyst\u0119puj\u0105 one tak\u017ce u innych katolik\u00f3w, tote\u017c dziel\u0105c si\u0119 swoimi przemy\u015bleniami pragnie pom\u00f3c innym.<\/p>\n\n\n\n<p class=\"has-text-align-justify wp-block-paragraph\">Okazuje si\u0119, \u017ce stwierdzony semipelagianizm autora wyp\u0142ywa z jego formacji Novus Ordo.<\/p>\n\n\n\n<p class=\"has-text-align-justify wp-block-paragraph\">Szczeg\u00f3lnie cz\u0142onkowie lub raczej \u201eofiary\u201d r\u00f3\u017cnych <a href=\"https:\/\/wobronietradycjiiwiary.com\/pl\/category\/polemika\/kosciol-posoborowy\/nowe-ruchy-w-kosciele\/\">ruch\u00f3w odnowy<\/a> Vat. II jak oazy, Ruch Rodzin Nazareta\u0144skich, Opus Dei, Legio Christi do\u015bwiadczaj\u0105 tego, \u017ce nigdy nie jest dosy\u0107, nigdy cz\u0142owiek nie jest wystarczaj\u0105co dobry, \u015bwi\u0119ty, skuteczny \u2026 etc. <\/p>\n\n\n\n<p class=\"has-text-align-justify wp-block-paragraph\">Nie chodzi jedynie o dzia\u0142alno\u015b\u0107 zewn\u0119trzn\u0105, ale o wizj\u0119 samego siebie. Skoro tak r\u00f3\u017cni ludzie do\u015bwiadczaj\u0105 tego samego, to przyczyna musi by\u0107 systemowa i jedna.<\/p>\n\n\n\n<p class=\"has-text-align-justify wp-block-paragraph\">Franciszek na pocz\u0105tku swojego pontyfikatu w <em><a href=\"https:\/\/www.vatican.va\/content\/francesco\/pl\/apost_exhortations\/documents\/papa-francesco_esortazione-ap_20131124_evangelii-gaudium.html\">Evangelium Gaudii<\/a> (94) <\/em>przestrzega\u0142 przed tradycjonalistami pisz\u0105c:<\/p>\n\n\n\n<blockquote class=\"wp-block-quote is-layout-flow wp-block-quote-is-layout-flow\">\n<p class=\"has-text-align-justify has-medium-font-size wp-block-paragraph\">Drugim [niebezpiecze\u0144stwem] jest zwracaj\u0105cy si\u0119 ku sobie i <strong>prometejski<\/strong> <strong>neopelagianizm<\/strong> tych, kt\u00f3rzy w ostateczno\u015bci licz\u0105 tylko na w\u0142asne si\u0142y i stawiaj\u0105 siebie wy\u017cej od innych, poniewa\u017c zachowuj\u0105 okre\u015blone normy, albo poniewa\u017c s\u0105 niewzruszenie wierni wobec pewnego katolickiego stylu z przesz\u0142o\u015bci.<\/p>\n<\/blockquote>\n\n\n\n<p class=\"has-text-align-justify wp-block-paragraph\">Autor uzna\u0142 w\u00f3wczas te s\u0142owa za be\u0142kot oraz dow\u00f3d na to, \u017ce Franciszek nie rozumie znaczenia wyraz\u00f3w obcych ani te\u017c nie zna historii Ko\u015bcio\u0142a. <\/p>\n\n\n\n<p class=\"has-text-align-justify wp-block-paragraph\">Przecie\u017c nowy pelagianizm, to jest przekonanie o tym, \u017ce dojdziemy do zbawienia o w\u0142asnych si\u0142ach,  z pewno\u015bci\u0105 nam nie grozi.<\/p>\n\n\n\n<p class=\"has-text-align-justify wp-block-paragraph\">Ci nieliczni, kt\u00f3rzy jeszcze jakie\u015b \u017cycie moralne lub ascetyczne praktykuj\u0105 \u2013 to jest konserwatywni katolicy &#8211; licz\u0105 na to, \u017ce w\u0142a\u015bnie dzi\u0119ki tym czynno\u015bci\u0105 jakie\u015b \u0142aski otrzymaj\u0105.<\/p>\n\n\n\n<p class=\"has-text-align-justify wp-block-paragraph\">Tymczasem cytowana wypowied\u017a Bergoglio zawiera mimo wszystko, jak <a href=\"https:\/\/pl.wikipedia.org\/wiki\/Radio_Erewa%C5%84\">dowcipy o Radiu Erewa\u0144<\/a>, troch\u0119 prawdy. Trzeba bowiem czyta\u0107 \u201esemipelagianizm\u201d, nie \u201epelagianizm\u201d. <\/p>\n\n\n\n<p class=\"has-text-align-justify wp-block-paragraph\">Ska\u017ceni s\u0105 nim nie tradycjonali\u015bci, ale posoborowi odnowiciele. <\/p>\n\n\n\n<p class=\"has-text-align-justify wp-block-paragraph\">Ponadto \u201esemipelagianizm\u201d by\u0142 inwektyw\u0105 jansenist\u00f3w skierowan\u0105 przeciwko jezuitom, zatem niejako \u201e<a href=\"https:\/\/www.monergism.com\/thethreshold\/articles\/onsite\/semi-pelagian.html\">herezj\u0105 w\u0142asn\u0105<\/a>\u201d zakonu Franciszka.<\/p>\n\n\n\n<h2 class=\"wp-block-heading\">Niedob\u00f3r \u0142aski i posoborowie<\/h2>\n\n\n\n<p class=\"has-text-align-justify wp-block-paragraph\">Pisz\u0105cy te s\u0142owa uwa\u017ca, \u017ce skoro w Novus Ordo tak ustawicznie jeste\u015bmy \u201eniedo\u017cywieni \u0142ask\u0105\u201d, tote\u017c zupe\u0142nie stracili\u015bmy z oczu jej rol\u0119 w procesie zbawienia. <\/p>\n\n\n\n<p class=\"has-text-align-justify wp-block-paragraph\">Chocia\u017c <em>Traktat o \u0142asce<\/em> jest najbardziej rozbudowanym traktatem dogmatyki, to autor na swoich studiach teologicznych w og\u00f3le go nie przerabia\u0142.<\/p>\n\n\n\n<p class=\"has-text-align-justify wp-block-paragraph\">Co ciekawe posoborowie jako takie \u0142ask\u0105 si\u0119 ma\u0142o co zajmuje. Pocz\u0105tkowo nie\u015bmia\u0142o, a za Franciszka ju\u017c ca\u0142kowicie otwarcie propaguje teori\u0119 powszechnego zbawienia.<\/p>\n\n\n\n<p class=\"has-medium-font-size wp-block-paragraph\">W jaki spos\u00f3b?<\/p>\n\n\n\n<p class=\"has-text-align-justify wp-block-paragraph\">Pisali\u015bmy ju\u017c o tym w naszej krytyce teologii <a href=\"https:\/\/wobronietradycjiiwiary.com\/pl\/teologia-ciala-lub-przeklad-z-janopawlowego-na-nasz-7-z-teologia-jp2-teoria-powszechnego-zbawienia\/\">Karola Wojty\u0142y<\/a> reasumuj\u0105c jego podej\u015bcie w spos\u00f3b nast\u0119puj\u0105cy:<\/p>\n\n\n\n<blockquote class=\"wp-block-quote is-layout-flow wp-block-quote-is-layout-flow\">\n<p class=\"has-text-align-justify has-medium-font-size wp-block-paragraph\">[\u2026] poprzez Wcielenie wszyscy ludzie zostali zbawieni, oboj\u0119tnie, czy o tym wiedz\u0105, czy nie, czy przyjmuj\u0105, czy nie i poprzez samo Wcielenie \u201eistniej\u0105 w Chrystusie\u201d i to \u201eod pocz\u0105tku\u201d, czyli od Adama i Ewy.<\/p>\n\n\n\n<p class=\"has-text-align-justify has-medium-font-size wp-block-paragraph\">Zatem wszyscy zostali odkupieni i zbawieni od pocz\u0105tku \u015bwiata a\u017c do ko\u0144ca czas\u00f3w, ot tak ca\u0142o\u015bciowo, odg\u00f3rnie i gremialnie.<\/p>\n<\/blockquote>\n\n\n\n<p class=\"wp-block-paragraph\">Sam Wojty\u0142a pisze:<\/p>\n\n\n\n<blockquote class=\"wp-block-quote is-layout-flow wp-block-quote-is-layout-flow\">\n<p class=\"has-text-align-justify has-medium-font-size wp-block-paragraph\">Albowiem On, Syn Bo\u017cy,&nbsp;<strong>przez Wcielenie swoje&nbsp;<em>zjednoczy\u0142 si\u0119 jako\u015b z ka\u017cdym cz\u0142owiekiem.<\/em><\/strong><\/p>\n<\/blockquote>\n\n\n\n<p class=\"has-text-align-justify wp-block-paragraph\">Wypowied\u017a tak jest bliska herezji (<em>haeresim proxima<\/em>), chocia\u017c os\u0142abiona ulubionym przez Papie\u017ca Polaka przys\u0142\u00f3wkiem \u201ejako\u015b\u201d. &nbsp;<\/p>\n\n\n\n<p class=\"has-text-align-justify wp-block-paragraph\">Zale\u017cnie od tego, jak to \u201ejako\u015b\u201d zostanie zinterpretowane wska\u017anik na skali \u201eprawowierno\u015b\u0107\u201d &#8211; \u201eherezja\u201d przesunie si\u0119 w jedn\u0105 lub w drug\u0105 stron\u0119.<\/p>\n\n\n\n<p class=\"has-text-align-justify wp-block-paragraph\">Za\u0142\u00f3\u017cmy, \u017ce Chrystus \u201ezjednoczy\u0142 si\u0119\u201d i to nie \u201ejako\u015b\u201d, ale faktycznie z ca\u0142ym rodzajem ludzkim. Je\u015bli Chrystus<\/p>\n\n\n\n<blockquote class=\"wp-block-quote is-layout-flow wp-block-quote-is-layout-flow\">\n<p class=\"has-text-align-justify has-medium-font-size wp-block-paragraph\">\u201eprzez Wcielenie zjednoczy\u0142 si\u0119 [\u2026] z ka\u017cdym cz\u0142owiekiem\u201d,<\/p>\n<\/blockquote>\n\n\n\n<p class=\"wp-block-paragraph\"><\/p>\n\n\n\n<ul class=\"wp-block-list\">\n<li>Bez znaczenia jest fakt Odkupienia \u2013 \u015bmierci Chrystusa na krzy\u017cu,<\/p><ul><li>Przy tej opcji ca\u0142e \u017cycie i dzia\u0142anie Chrystusa by\u0142oby zb\u0119dne.<\/li><\/ul><ul><li>Chrystus m\u00f3g\u0142by zgin\u0105\u0107 w rzezi niewini\u0105tek, a w\u0142a\u015bciwie ju\u017c w \u0142onie Maryi, gdy\u017c poprzez \u201eWcielenie\u201d teologia rozumie pierwsz\u0105 chwil\u0119 dziewiczego pocz\u0119cia;<\/li><\/ul>\n\n<ul class=\"wp-block-list\">\n\n<li>\u015amier\u0107 krzy\u017cowa Chrystusa b\u0119d\u0105ca zado\u015b\u0107uczynieniem sprawiedliwo\u015bci Ojca za grzechy ca\u0142ej ludzko\u015bci oraz wyrwaniem jej spod panowania diab\u0142a i \u015bmierci, nie mia\u0142aby sensu, skoro Zbawienie i Odkupieniem mia\u0142oby miejsce r\u00f3wnocze\u015bnie jedynie poprzez fakt samego Wcielenia.<\/li>\n\n<\/ul>\n\n<\/li>\n<\/ul>\n\n\n\n<ul class=\"wp-block-list\">\n<li>Bez znaczenia jest, czy kto\u015b nauk\u0119 Chrystusa przyjmuje czy te\u017c nie.<\/p><ul><li>Skoro fakt Wcielenia jest jako taki zbawczy i odkupie\u0144czy, to nie wymaga on \u017cadnego przyzwolenia ludzkiej woli.<\/li><\/ul>\n\n<ul class=\"wp-block-list\">\n\n<li>Cz\u0142owiek jest odg\u00f3rnie zbawiany, czy tego chce czy nie.<\/li>\n\n<\/ul>\n\n<\/li>\n<\/ul>\n\n\n\n<ul class=\"wp-block-list\">\n<li>Bez znaczenia jest grzech pierworodny i chrzest.<\/p><ul><li>Skoro ka\u017cdy jest zbawiany poprzez sam fakt Wcielenia, to grzech pierworodny albo nie istnieje albo nie ma znaczenia.<\/li><\/ul>\n\n<ul class=\"wp-block-list\">\n\n<li>Chrzest staje si\u0119 przez to niekonieczny.<\/li>\n\n<\/ul>\n\n<\/li>\n<\/ul>\n\n\n\n<ul class=\"wp-block-list\">\n<li>Bez znaczenia jest \u0142aska,<ul><li>Skoro cz\u0142owiek nie potrzebuje chrztu,<\/li><\/ul>\n<ul class=\"wp-block-list\">\n<li>to nie potrzebuje on \u017cadnych innych sakrament\u00f3w zawieraj\u0105cych \u0142ask\u0119.<\/li>\n<\/ul>\n<\/li>\n<\/ul>\n\n\n\n<p class=\"wp-block-paragraph\"><\/p>\n\n\n\n<p class=\"wp-block-paragraph\">I niestety prost\u0105 konsekwencj\u0105 my\u015bli Jana Paw\u0142a II jest <a href=\"https:\/\/pch24.pl\/wszystkie-religie-prowadza-do-boga-franciszek-wyglosil-powazna-herezje\/\">wypowied\u017a<\/a> Bergoglio:<\/p>\n\n\n\n<blockquote class=\"wp-block-quote is-layout-flow wp-block-quote-is-layout-flow\">\n<p class=\"has-medium-font-size wp-block-paragraph\">Wszystkie religie prowadz\u0105 do Boga.<\/p>\n<\/blockquote>\n\n\n\n<p class=\"has-text-align-justify wp-block-paragraph\">Z punktu widzenia religii katolickiej tylko ona jedna prowadzi do Boga. Wszystkie inne natomiast, b\u0119d\u0105c wymys\u0142em demon\u00f3w, prowadz\u0105 do piek\u0142a.<\/p>\n\n\n\n<p class=\"has-text-align-justify wp-block-paragraph\">Je\u015bli natomiast przez sam fakt z\u0142\u0105czenia si\u0119 Boga z rodzajem ludzkim, jak chcieli De Lubac i Wojty\u0142a, ka\u017cdy cz\u0142owiek jako cz\u0119\u015b\u0107 ludzko\u015bci jest zbawiany, to faktycznie ka\u017cda religia, b\u0119d\u0105ca produktem tych zbawionych ludzi, jest r\u00f3wnie dobra. <\/p>\n\n\n\n<p class=\"has-text-align-justify wp-block-paragraph\">R\u00f3\u017cnice religii mi\u0119dzy sob\u0105 s\u0105 jedynie efektem kultury, historii, okoliczno\u015bci etc.<\/p>\n\n\n\n<p class=\"has-text-align-justify wp-block-paragraph\">Dlatego te\u017c Jan Pawe\u0142 II m\u00f3g\u0142 ob\u015bciskiwa\u0107 si\u0119 z rabinami, mu\u0142\u0142ami, animistami i kto wie z kim jeszcze, skoro wszyscy \u2013 chc\u0105c nie chc\u0105c \u2013 byli \u201ebra\u0107mi w Chrystusie\u201d lub \u201eanonimowymi chrze\u015bcijanami\u201d, jak chcia\u0142 Karl Rahner. <\/p>\n\n\n\n<p class=\"has-text-align-justify wp-block-paragraph\">St\u0105d spotkania w Asy\u017cu s\u0105 z punktu widzenia posoborowia jak najbardziej sp\u00f3jne. Z punktu widzenia katolicyzmu takimi nie s\u0105.<\/p>\n\n\n\n<p class=\"has-text-align-justify wp-block-paragraph\">Dowiedli\u015bmy zatem, \u017ce posoborowie propaguje teori\u0119 powszechnego zbawienia. Likwiduj\u0105c w ten spos\u00f3b zar\u00f3wno konieczno\u015b\u0107 nauczania o \u0142asce jak i sam\u0105 \u0142ask\u0119.<\/p>\n\n\n\n<p class=\"has-text-align-justify wp-block-paragraph\">Przez zmian\u0119 rytu udzielania wszystkich sakrament\u00f3w, najbardziej jednak kap\u0142a\u0144stwa, wszyscy otrzymujemy mniej \u0142aski. Trudno wi\u0119c uzna\u0107 nam konieczno\u015b\u0107 czego\u015b, czego nie posiadamy.<\/p>\n\n\n\n<p class=\"has-text-align-justify wp-block-paragraph\">\u0141aska przep\u0142ywa od Boga przez kap\u0142an\u00f3w, a ci <a href=\"https:\/\/wobronietradycjiiwiary.com\/pl\/atak-na-kaplanstwo-zaczal-sie-od-zniesienia-nizszych-swiecen\/\">po zniesieniu ni\u017cszych \u015bwi\u0119ce\u0144<\/a> w roku 1968, pozbawieni zostali pi\u0119ciu na siedem \u015bwi\u0119ce\u0144. <\/p>\n\n\n\n<p class=\"has-text-align-justify wp-block-paragraph\">Dzi\u0119ki temu \u201egorzej przewodz\u0105\u201d \u0142ask\u0119, co sprawia, \u017ce nawet przy zachowaniu dotychczasowego rytu sakrament\u00f3w my wszyscy przyst\u0119puj\u0105c do sakrament\u00f3w otrzymaliby\u015bmy mniej \u0142aski. <\/p>\n\n\n\n<p class=\"has-text-align-justify wp-block-paragraph\">Dla pewno\u015bci jednak ryt wszystkich sakrament\u00f3w zosta\u0142 ca\u0142kowicie zmieniony, wi\u0119c z przedsoborowej \u0142aski nie pozosta\u0142o prawie nic.<\/p>\n\n\n\n<p class=\"wp-block-paragraph\"><\/p>\n\n\n\n<h2 class=\"wp-block-heading\">Czy \u0142aska jest odczuwalna?<\/h2>\n\n\n\n<p class=\"has-text-align-justify wp-block-paragraph\">Je\u015bli pokazaliby\u015bmy niniejszy wpis jakiemu\u015b ksi\u0119dzu lub teologowi tkwi\u0105cemu w posoborowym paradygmacie, ten wy\u015bmia\u0142by go jako \u201eezoteryczny\u201d, \u201enawiedzony\u201d, \u201enasi\u0105kni\u0119ty my\u015bleniem magicznym\u201d etc.<\/p>\n\n\n\n<p class=\"has-text-align-justify wp-block-paragraph\">Ale przyparty do muru musia\u0142by albo zaprzeczy\u0107 istnieniu \u0142aski jako takiej albo przekazywalno\u015bci jej przez kap\u0142an\u00f3w. \u0141aska jest nadprzyrodzonym darem Boga, realnie r\u00f3\u017cnym si\u0119 od umys\u0142u wiernego.<\/p>\n\n\n\n<p class=\"has-text-align-justify wp-block-paragraph\">Dlatego wierny sobie \u0142aski nie \u201eroi\u201d ani nie wymy\u015bla, ale jej realnie do\u015bwiadcza. Je\u015bli \u0142aska jako taka istnieje to musi ona jako\u015b by\u0107 przekazywana.<\/p>\n\n\n\n<p class=\"has-medium-font-size wp-block-paragraph\">Czy posoborowie faktycznie milczy o \u0142asce?<\/p>\n\n\n\n<p class=\"has-text-align-justify wp-block-paragraph\">Bior\u0105c do r\u0105k <em>Nowy Katechizm<\/em> musimy stwierdzi\u0107, \u017ce tego nie robi. Ten wprawdzie \u0142ask\u0119 omawia (Nr. 1996-2005), ale czyni to ma\u0142o gruntownie i precyzyjnie.<\/p>\n\n\n\n<p class=\"has-text-align-justify wp-block-paragraph\">We\u017amy na przyk\u0142ad Nr. 2005, kt\u00f3ry m\u00f3g\u0142by zacytowa\u0107 nasz posoborowy ksi\u0105dz dowodz\u0105c tego, \u017ce \u0142aska jest niedo\u015bwiadczalna:<\/p>\n\n\n\n<blockquote class=\"wp-block-quote is-layout-flow wp-block-quote-is-layout-flow\">\n<p class=\"has-text-align-justify has-medium-font-size wp-block-paragraph\"><strong>2005<\/strong>&nbsp;\u0141aska, nale\u017c\u0105c do porz\u0105dku nadprzyrodzonego,<em>&nbsp;wymyka si\u0119 naszemu do\u015bwiadczeniu<\/em>&nbsp;i mo\u017ce by\u0107 poznana jedynie przez wiar\u0119. <\/p>\n\n\n\n<p class=\"has-text-align-justify has-medium-font-size wp-block-paragraph\">Tak wi\u0119c nie mo\u017cemy opiera\u0107 si\u0119 na naszych odczuciach czy naszych uczynkach, by na ich podstawie wnioskowa\u0107, \u017ce jeste\u015bmy usprawiedliwieni i zbawieni. [\u2026]\n<\/blockquote>\n\n\n\n<p class=\"has-text-align-justify wp-block-paragraph\">Interpretacja powy\u017cszego fragmentu zale\u017cy od tego, jak rozumiemy \u201edo\u015bwiadczenie\u201d oraz  wyra\u017cenie \u201epoznana przez wiar\u0119\u201d.<\/p>\n\n\n\n<p class=\"has-text-align-justify wp-block-paragraph\">Je\u015bli mowa tutaj o do\u015bwiadczeniu zmys\u0142owym, typowym dla grzesznika (<em>peccator<\/em>), to jest dla cz\u0142owieka nie znajduj\u0105cego si\u0119 w stanie \u0142aski, to faktycznie \u0142aska tego rodzaju do\u015bwiadczeniu si\u0119 wymyka.<\/p>\n\n\n\n<p class=\"has-text-align-justify wp-block-paragraph\">Je\u015bli jednak mowa o \u201edo\u015bwiadczeniu\u201d sprawiedliwego (<em>iustus<\/em>), to jest cz\u0142owieka w stanie \u0142aski, to ten poprzez chrzest lub usprawiedliwienie otrzymuje przecie\u017c zmys\u0142 wiary (<em>sensus fidei<\/em>), to jest nadprzyrodzon\u0105 zdolno\u015b\u0107 uczestniczenia w \u017cyciu Tr\u00f3jcy \u015awi\u0119tej. <\/p>\n\n\n\n<p class=\"has-text-align-justify wp-block-paragraph\">Tr\u00f3jjedyny B\u00f3g w nim zamieszkuje a on sam \u2013 b\u0119d\u0105c \u015bwi\u0105tyni\u0105 Boga \u2013 tak\u017ce uczestniczy w \u017cyciu Bo\u017cym. Jak wi\u0119c w tym przypadku \u0142aska \u201ewymyka si\u0119 naszemu do\u015bwiadczeniu\u201d?<\/p>\n\n\n\n<p class=\"has-text-align-justify wp-block-paragraph\">Ponadto co znaczy, \u017ce \u0142aska jest \u201epoznana przez wiar\u0119\u201d. Czy w rozumieniu konstrukt\u00f3w teologicznych lub kategorii Kanta czy te\u017c odpoznana przez <em>sensus fidei<\/em> wierz\u0105cego? <\/p>\n\n\n\n<p class=\"has-text-align-justify wp-block-paragraph\">Czy wierz\u0105cy \u201eroi\u201d sobie, \u017ce \u0142aska istnieje, bo go tak nauczono, czy te\u017c b\u0119d\u0105c w stanie \u0142aski tej\u017ce \u0142aski doznaje?<\/p>\n\n\n\n<p class=\"has-text-align-justify wp-block-paragraph\">Cytowana powy\u017cej wypowied\u017a Nowego Katechizmu zdaje si\u0119 sprzeciwia\u0107 twierdzeniom <em>Exsultate Deo<\/em> &#8211; Dekretu dla Ormian (1439) Soboru Florenckiego, kt\u00f3ry m\u00f3wi\u0105c o skutkach Eucharystii stwierdza:<\/p>\n\n\n\n<blockquote class=\"wp-block-quote is-layout-flow wp-block-quote-is-layout-flow\">\n<p class=\"has-text-align-justify has-medium-font-size wp-block-paragraph\">Wszystkie skutki, jakie materialny pokarm i nap\u00f3j wywo\u0142uj\u0105 w \u017cyciu cielesnym, a wi\u0119c podtrzymywanie (<em>sustentando<\/em>), wzrastanie (<em>augendo<\/em>), regeneracja (<em>reparando<\/em>), przyjemno\u015b\u0107 (<em>delectando<\/em>), sakrament ten wywo\u0142uje w odniesieniu do \u017cycia duchowego. <\/p>\n\n\n\n<p class=\"has-text-align-justify has-medium-font-size wp-block-paragraph\">Jak m\u00f3wi papie\u017c Urban, odnawiamy w nim wdzi\u0119czn\u0105 pami\u0119\u0107 o m\u0119ce Zbawiciela, odrywamy si\u0119 od z\u0142a, umacniamy w dobru, post\u0119pujemy we wzro\u015bcie cn\u00f3t i \u0142ask. (DH 1322, <em>Breviarium Fidei<\/em> 286)<\/p>\n<\/blockquote>\n\n\n\n<p class=\"has-text-align-justify wp-block-paragraph\">Ko\u015bci\u00f3\u0142 pos\u0142uguje si\u0119 tutaj analogi\u0105: tak jak odczuwamy pokarm cielesny w \u017cyciu cielesnym \u2013 tak samo odczuwamy pokarm duchowy w \u017cyciu duchowym. <\/p>\n\n\n\n<p class=\"has-text-align-justify wp-block-paragraph\">O ile cz\u0142owiek jedz\u0105c podtrzymywania (<em>sustentandum<\/em>), wzrastania (<em>augendum<\/em>) i regeneracji (<em>reparandum<\/em>) \u017cycia faktycznie nie odczuwa, o tyle przyjemno\u015b\u0107 (<em>delectandum<\/em>) odczuwa\u0107 musi. Przecie\u017c nikt nie powie:<\/p>\n\n\n\n<blockquote class=\"wp-block-quote is-layout-flow wp-block-quote-is-layout-flow\">\n<p class=\"has-text-align-justify has-medium-font-size wp-block-paragraph\">\u201eSmakuje mi, tyle, \u017ce tego nie odczuwam\u201d.<\/p>\n<\/blockquote>\n\n\n\n<p class=\"has-text-align-justify wp-block-paragraph\">\u015aw. Tomasz z Akwinu pisz\u0105c o dzia\u0142aniach Eucharystii stwierdza (Summ. Theol. III, 79, a. 1 ad 2):<\/p>\n\n\n\n<blockquote class=\"wp-block-quote is-layout-flow wp-block-quote-is-layout-flow\">\n<p class=\"has-text-align-justify has-medium-font-size wp-block-paragraph\">\u201e[\u2026] Et ideo per hoc sacramentum, quantum est ex sui virtute, non solum habitus gratiae et virtutis confertur, sed etiam excitatur in actum, secundum illud II Cor. V,&nbsp;<em>caritas Christi urget nos<\/em>. <\/p>\n\n\n\n<p class=\"has-text-align-justify has-medium-font-size wp-block-paragraph\">Et inde est quod ex virtute huius sacramenti anima spiritualiter reficitur, per hoc quod anima <strong>delectatur<\/strong>, et quodammodo inebriatur dulcedine bonitatis divinae, secundum illud Cant. V,&nbsp;<em>comedite, amici, et bibite; et inebriamini, carissimi<\/em>.\u201c<\/p>\n<\/blockquote>\n\n\n\n<blockquote class=\"wp-block-quote is-layout-flow wp-block-quote-is-layout-flow\">\n<p class=\"has-text-align-justify has-medium-font-size wp-block-paragraph\">Tote\u017c w mocy sakramentu Eucharystii jest nie tylko udzielenie cz\u0142owiekowi \u0142aski i usprawnienie go przez cnot\u0119, ale tak\u017ce pobudzenie go do czynu, bo jak m\u00f3wi Aposto\u0142 (2 Kor 5): \u201eMi\u0142o\u015b\u0107 Chrystusa przynagla nas&#8221;. <\/p>\n\n\n\n<p class=\"has-text-align-justify has-medium-font-size wp-block-paragraph\">St\u0105d te\u017c na mocy tego\u017c sakramentu dusza jest duchowo orze\u017awiana, przez co <strong>dusza odczuwa przyjemno\u015b\u0107<\/strong> (<em>delectatur<\/em>), ilekro\u0107 upaja si\u0119 s\u0142odycz\u0105 boskiej dobroci, jak m\u00f3wi <em>Pie\u015b\u0144 nad Pie\u015bniami<\/em> (Pnp 5) \u201eJedzcie\u017c, przyjaciele, pijcie, upajajcie si\u0119, najdro\u017csi&#8221;.<\/p>\n<\/blockquote>\n\n\n\n<p class=\"has-text-align-justify wp-block-paragraph\">Przedsoborowy Ko\u015bci\u00f3\u0142 g\u0142osi\u0142 zatem, i\u017c \u0142aska jest do\u015bwiadczalna, czego dowodz\u0105 powy\u017csze zdania o Eucharystii.<\/p>\n\n\n\n<p class=\"has-text-align-justify wp-block-paragraph\">W kontek\u015bcie sakramentu pokuty mowa jest ponadto o \u201eg\u0142\u0119bokim pokoju\u201d, kt\u00f3rego po spowiedzi niejednokrotnie do\u015bwiadczaj\u0105 dusze wiernych. <\/p>\n\n\n\n<p class=\"has-text-align-justify wp-block-paragraph\">Je\u015bli zatem \u0142aska istnieje, to musi by\u0107 w jakim\u015b stopniu do\u015bwiadczalna. Je\u015bli natomiast \u0142aski nie ma, to do\u015bwiadczy\u0107 jej nie spos\u00f3b.<\/p>\n\n\n\n<h2 class=\"wp-block-heading\">O semipelagianizmie praktycznym<\/h2>\n\n\n\n<p class=\"has-text-align-justify wp-block-paragraph\">Wr\u00f3\u0107my teraz do semipelagianizmu. Autor jak przypuszczalnie wi\u0119kszo\u015b\u0107 posoborowych katolik\u00f3w d\u0142ugo s\u0105dzi\u0142, \u017ce zbawienie zale\u017cy wy\u0142\u0105cznie od wysi\u0142ku jego woli. <\/p>\n\n\n\n<p class=\"has-text-align-justify wp-block-paragraph\">\u0141aski bowiem w swoim \u017cyciu rzadko do\u015bwiadcza\u0142. Mocno prze\u017cy\u0142 swoj\u0105 pierwsz\u0105 spowied\u017a i pierwsz\u0105 komuni\u0119. Nie do\u015bwiadczy\u0142 jednak niczego podczas bierzmowania.<\/p>\n\n\n\n<p class=\"has-text-align-justify wp-block-paragraph\">Potem okazjonalnie do\u015bwiadcza\u0142 \u0142aski na spowiedzi i komunii, ale dosy\u0107 rzadko.<\/p>\n\n\n\n<p class=\"has-text-align-justify wp-block-paragraph\">Autor nigdy nie kwestionowa\u0142, \u017ce \u0142aska istnieje. Nie s\u0105dzi\u0142 te\u017c, \u017ce sam si\u0119 zbawia. Jako\u015b jednak uwa\u017ca\u0142, \u017ce najwyra\u017aniej za ma\u0142o si\u0119 stara, by \u0142aski do\u015bwiadczy\u0107.<\/p>\n\n\n\n<p class=\"has-text-align-justify wp-block-paragraph\"><em>Novus Ordo<\/em> by\u0142 dla autora ci\u0105g\u0142ym i stale niewystarczaj\u0105cym wysi\u0142kiem woli. Ci\u0105g\u0142ym samoprzezwyci\u0119\u017ceniem. Najmniej samozaparcia wymaga\u0142a modlitwa osobista, najwi\u0119cej ka\u017cda Msza <em>Novus Ordo<\/em>.<\/p>\n\n\n\n<p class=\"has-text-align-justify wp-block-paragraph\">Autor czu\u0142 si\u0119 jak sportowiec, kt\u00f3ry ca\u0142y czas trenuje, nie widz\u0105c u siebie \u017cadnych post\u0119p\u00f3w. By\u0142 w stanie \u0142aski, pracowa\u0142 nad sob\u0105, stara\u0142 si\u0119, ale rezultat\u00f3w nie by\u0142o.<\/p>\n\n\n\n<p class=\"has-medium-font-size wp-block-paragraph\">A mo\u017ce mu si\u0119 tak tylko wydawa\u0142o?<\/p>\n\n\n\n<p class=\"has-text-align-justify wp-block-paragraph\">Raczej si\u0119 nie wydawa\u0142o. Wyobra\u017amy sobie kogo\u015b, kto za ma\u0142o je, wydaje mu si\u0119 jednak, \u017ce je wystarczaj\u0105co du\u017co.<\/p>\n\n\n\n<p class=\"has-text-align-justify wp-block-paragraph\">Nie rozumie przeto, \u017ce jedzenie mo\u017ce mie\u0107 jakikolwiek wp\u0142yw na jego wydolno\u015b\u0107 i wydajno\u015b\u0107. Anorektycy i anorektyczki wiedz\u0105, \u017ce po jakim\u015b czasie odczucie g\u0142odu zanika. <\/p>\n\n\n\n<p class=\"has-text-align-justify wp-block-paragraph\">Cz\u0142owiek nie jest g\u0142odny, je\u015b\u0107 mu si\u0119 nie chce, a swojej osowia\u0142o\u015bci zupe\u0142nie nie \u0142\u0105czy z jedzeniem.<\/p>\n\n\n\n<p class=\"has-text-align-justify wp-block-paragraph\">Do tego w\u0142a\u015bnie mo\u017cemy por\u00f3wna\u0107 posoborowe \u201eniedo\u017cywienie \u0142ask\u0105\u201d. Nic dziwnego, \u017ce ludzie w tym stanie zaczynaj\u0105 wyra\u017ca\u0107 semipelagia\u0144skie pogl\u0105dy.<a id=\"_ftnref1\" href=\"#_ftn1\">[1]<\/a> <\/p>\n\n\n\n<p class=\"has-text-align-justify wp-block-paragraph\">Semipelagianizm herezj\u0105 dotycz\u0105c\u0105 \u0142aski, b\u0119d\u0105c\u0105 reakcj\u0105 na nauczania \u015bw. Augustyna.<\/p>\n\n\n\n<p class=\"has-text-align-justify wp-block-paragraph\">Reprezentowali j\u0105 mnisi po\u0142udniowej Galli i tacy autorzy jak Jan Kasjan, \u015bw. Wincenty z Lerynu oraz Faust z Riez. <\/p>\n\n\n\n<p class=\"has-text-align-justify wp-block-paragraph\">Semipelagianizm pot\u0119piono (DH 722 sq., 397 sq.) na Drugim Synodzie z Orange (529), co potwierdzi\u0142 papie\u017c Bonifacy II (530-532).<\/p>\n\n\n\n<p class=\"wp-block-paragraph\">Jak ujmuje to w swojej dogmatyce Ott:<\/p>\n\n\n\n<blockquote class=\"wp-block-quote is-layout-flow wp-block-quote-is-layout-flow\">\n<p class=\"has-text-align-justify has-medium-font-size wp-block-paragraph\">Semipelagianizm uznaje nadprzyrodzone wyniesienie cz\u0142owieka, grzech pierworodny i konieczno\u015b\u0107 wewn\u0119trznej nadprzyrodzonej \u0142aski dla przygotowania do usprawiedliwienia i osi\u0105gni\u0119cia zbawienia, ale ogranicza konieczno\u015b\u0107 i darmowo\u015b\u0107 \u0142aski.<\/p>\n<\/blockquote>\n\n\n\n<blockquote class=\"wp-block-quote is-layout-flow wp-block-quote-is-layout-flow\">\n<p class=\"has-text-align-justify has-medium-font-size wp-block-paragraph\">D\u0105\u017c\u0105c do zachowania wolno\u015bci woli i osobistej wsp\u00f3\u0142pracy cz\u0142owieka w procesie u\u015bwi\u0119cenia, tw\u00f3rcy b\u0142\u0119du [semipelagianizmu] doszli do nast\u0119puj\u0105cych wniosk\u00f3w:<\/p>\n<\/blockquote>\n\n\n\n<blockquote class=\"wp-block-quote is-layout-flow wp-block-quote-is-layout-flow\">\n<p class=\"has-text-align-justify has-medium-font-size wp-block-paragraph\">a) Podstawowe pragnienie zbawienia wyp\u0142ywa z naturalnych mocy cz\u0142owieka (<em>initium fidei<\/em>, <em>pius credulitatis affectus, pia studia<\/em>).<\/p>\n<\/blockquote>\n\n\n\n<blockquote class=\"wp-block-quote is-layout-flow wp-block-quote-is-layout-flow\">\n<p class=\"has-text-align-justify has-medium-font-size wp-block-paragraph\">b) Cz\u0142owiek nie potrzebuje nadprzyrodzonej pomocy, by wytrwa\u0107 w cnocie do ko\u0144ca.<\/p>\n<\/blockquote>\n\n\n\n<blockquote class=\"wp-block-quote is-layout-flow wp-block-quote-is-layout-flow\">\n<p class=\"has-text-align-justify has-medium-font-size wp-block-paragraph\">c) Cz\u0142owiek mo\u017ce zas\u0142u\u017cy\u0107 <em>de congruo<\/em> na pierwsz\u0105 \u0142ask\u0119 poprzez swoje w\u0142asne naturalne wysi\u0142ki.<\/p>\n<\/blockquote>\n\n\n\n<p class=\"wp-block-paragraph\">Autor ku swojemu zawstydzeniu przyzna\u0107 musi, \u017ce powy\u017csze pogl\u0105dy by\u0142y mu bliskie.<\/p>\n\n\n\n<p class=\"wp-block-paragraph\">Ad a)<\/p>\n\n\n\n<p class=\"has-text-align-justify wp-block-paragraph\">Przypuszczalnie pod wp\u0142ywem oaz oraz <a href=\"https:\/\/wobronietradycjiiwiary.com\/pl\/teologia-ciala-lub-przeklad-z-janopawlowego-na-nasz-6-z-teologia-jp2-ontologizm-i-immanentyzm\/\">immanentyzmu<\/a> Jana Paw\u0142a II, kt\u00f3rym nasi\u0105kn\u0105\u0142 mimowolnie na studiach, autor d\u0142ugo s\u0105dzi\u0142, \u017ce ka\u017cdy cz\u0142owiek ma jakby naturaln\u0105 wol\u0119 d\u0105\u017cenia do zbawienia.<\/p>\n\n\n\n<p class=\"has-text-align-justify wp-block-paragraph\">Tak jednak nie jest. Ju\u017c samo pragnienie zbawienia jest dzie\u0142em \u0142aski. To B\u00f3g powoduje w nas to, \u017ce chcemy by\u0107 przez Niego odkupieni i zbawieni.<\/p>\n\n\n\n<p class=\"has-text-align-justify wp-block-paragraph\">Sob\u00f3r Watyka\u0144ski I twierdzi co prawda w <em>Dei Filius<\/em> (DH 3004, 3026), \u017ce ka\u017cdy cz\u0142owiek na mocy jedynie rozumu mo\u017ce doj\u015b\u0107 do poznania istnienia Boga,<a href=\"#_ftn2\" id=\"_ftnref2\">[2]<\/a> ale poznanie istnienia Boga i wola zbawienia przez tego\u017c Boga to dwie r\u00f3\u017cne rzeczy. Pierwsze d\u0105\u017cenie jest naturalne, drugie nadprzyrodzone. &nbsp;<\/p>\n\n\n\n<p class=\"wp-block-paragraph\">Ad b)<\/p>\n\n\n\n<p class=\"has-text-align-justify wp-block-paragraph\">Poprzez \u201ewytrwanie w cnocie do ko\u0144ca\u201d Ko\u015bci\u00f3\u0142 rozumie wytrwanie na drodze zbawienia, to jest brak apostazji od wiary.<a id=\"_ftnref3\" href=\"#_ftn3\">[3]<\/a> Tym bowiem jest tzw. <em>virtus perseverantiae<\/em> \u2013 \u201ecnota wytrwa\u0142o\u015bci\u201d.&nbsp; Autor rzeczywi\u015bcie przypuszcza\u0142, \u017ce to, czy umrze w stanie \u0142aski zale\u017cy od jego stara\u0144 za \u017cycia.<\/p>\n\n\n\n<p class=\"has-text-align-justify wp-block-paragraph\">Okazuje si\u0119 jednak, \u017ce, zgodnie do wytrwania w \u0142asce do ko\u0144ca (<em>perseverantia finalis<\/em>) konieczna jest szczeg\u00f3lna \u0142aska od Boga.<a id=\"_ftnref4\" href=\"#_ftn4\">[4]<\/a> Mo\u017cna co prawda o t\u0119 \u0142ask\u0119 prosi\u0107, ale nie mo\u017cna jej samodzielnie \u201ewygenerowa\u0107\u201d.<\/p>\n\n\n\n<p class=\"wp-block-paragraph\">Ad c)<\/p>\n\n\n\n<p class=\"has-text-align-justify wp-block-paragraph\">Autor d\u0142ugie lata s\u0105dzi\u0142, \u017ce jego zas\u0142ugi do spodziewanych \u0142ask maj\u0105 si\u0119 w relacji 1:1 albo maj\u0105 si\u0119 w jakiejkolwiek relacji. Je\u015bli jak\u0105\u015b swoj\u0105 zas\u0142ug\u0119 do \u201eautomatu Bo\u017cej \u0142aski\u201d wrzuci, to odpowiedni\u0105 \u0142ask\u0119 otrzyma. Tyle za post, tyle za modlitw\u0119, tyle za trud dnia.<\/p>\n\n\n\n<p class=\"has-text-align-justify wp-block-paragraph\">To, nieco upraszczaj\u0105c, rozumie teologia przez zas\u0142ugi<em> de congruo<\/em>. Tymczasem w udzielanych nam przez Boga \u0142askach nie ma \u017cadnej proporcjonalno\u015bci do naszych uczynk\u00f3w.<\/p>\n\n\n\n<p class=\"has-text-align-justify wp-block-paragraph\">Jednym Pan B\u00f3g \u0142aski udziela, a innymi nie. \u015aw. Teresa z Avila i jej wsp\u00f3\u0142siostry d\u0142ugo zastanawia\u0142y si\u0119 nad tym, dlaczego akurat na ni\u0105, te \u0142aski mistyczne \u201epad\u0142y\u201d. Jak wiadomo przyk\u0142adn\u0105 zakonnic\u0105 nie by\u0142a, o czym sama pisze. Poniewa\u017c Pan B\u00f3g tak chcia\u0142 i wiedzia\u0142, co robi.<\/p>\n\n\n\n<p class=\"has-text-align-justify wp-block-paragraph\">Dopiero pod wp\u0142ywem wnikliwej lektury grubej, przedsoborowej dogmatyki autor rozpozna\u0142 swoje b\u0142\u0119dy. Jest odt\u0105d bardziej odpr\u0119\u017cony, bo \u201eprawie\u201d wszystko robi B\u00f3g.<\/p>\n\n\n\n<h2 class=\"wp-block-heading has-medium-font-size\"> \u0141askono\u015bna Msza Trydencka<\/h2>\n\n\n\n<p class=\"has-text-align-justify wp-block-paragraph\">B\u0142\u0119dy pope\u0142ni\u0142 dlatego, \u017ce by\u0142 \u201e\u0142ask\u0105 niedo\u017cywiony\u201d i przypuszczalnie gdzie\u015b te pogl\u0105dy us\u0142ysza\u0142. Dopiero od roku 2012 zacz\u0105\u0142 odczuwa\u0107 \u0142ask\u0119 wylewaj\u0105c\u0105 si\u0119 z trydenckiego brewiarza, nie m\u00f3wi\u0105c ju\u017c o \u0142askach Mszy Trydenckiej.<\/p>\n\n\n\n<p class=\"has-text-align-justify wp-block-paragraph\">Autor faktycznie wymiernie te ostatnie odczuwa. Tu\u017c po Mszy du\u017co mniej si\u0119 irytuje. Jest cierpliwszy, spokojniejszy i bardziej wyrozumia\u0142y, chocia\u017c w analogicznej sytuacji przed Msz\u0105 reagowa\u0142 skrajnie inaczej.<\/p>\n\n\n\n<p class=\"has-text-align-justify wp-block-paragraph\">Tego rodzaju dozna\u0144 po Mszy Novus Ordo nie ma. Jest poirytowany przed, podczas i po. Niekiedy po Mszy Trydenckiej czuje si\u0119 nawet fizycznie lepiej. Znikaj\u0105 bole\u015bci i niedomagania, zanika zm\u0119czenie.<\/p>\n\n\n\n<p class=\"has-text-align-justify wp-block-paragraph\">Wr\u00f3\u0107my jednak do ni\u017cszych \u015bwi\u0119ce\u0144. Tak jak my wszyscy jeste\u015bmy \u201eniedo\u017cywieni\u201d posoborowymi sakramentami, tak te\u017c ksi\u0119\u017ca s\u0105 \u201eniedo\u017cywieni\u201d brakiem ni\u017cszych \u015bwi\u0119ce\u0144, co wp\u0142ywa na ich \u017cycie duchowe, intelektualne i moralne. <\/p>\n\n\n\n<p class=\"has-text-align-justify wp-block-paragraph\">Brakuje im tego wyposa\u017cenia lub narz\u0119dzi \u0142aski, kt\u00f3rymi dysponowa\u0142y poprzednie pokolenia kap\u0142an\u00f3w. To bardzo niesprawiedliwie, bo z pozoru maj\u0105 \u0142atwiej, a faktycznie trudniej.<\/p>\n\n\n\n<p class=\"has-text-align-justify wp-block-paragraph\">By\u0107 mo\u017ce trwanie w posoborowo\u015bci tak licznych kap\u0142an\u00f3w jest zwi\u0105zane nie tylko z wygod\u0105, ale &nbsp;tak\u017ce z brakiem ni\u017cszych \u015bwi\u0119ce\u0144. By\u0107 mo\u017ce dzi\u0119ki nim by przejrzeli.<\/p>\n\n\n\n<p class=\"has-text-align-justify wp-block-paragraph\">Je\u015bli przyjmiemy realno\u015b\u0107 \u0142aski, to jej brak konsekwentnie doprowadzi\u0107 musi do jakiej\u015b wi\u0119kszej lub mniejszej herezji. Z niedoboru duchowego bierze si\u0119 niedob\u00f3r doktrynalny, co t\u0142umaczy obecny stan Ko\u015bcio\u0142a.<\/p>\n\n\n\n<p class=\"has-text-align-justify wp-block-paragraph\">Jak wida\u0107 na przyk\u0142adzie autora nawet cz\u0142owiek korzystaj\u0105cy ze wszystkich mo\u017cliwo\u015bci <em>Novus Ordo<\/em> pozostaje \u201eniedo\u017cywiony \u0142ask\u0105\u201d i przez to jest bez wgl\u0105du w Bo\u017c\u0105 rzeczywisto\u015b\u0107.<\/p>\n\n\n\n<p class=\"has-text-align-justify wp-block-paragraph\">St\u0105d te\u017c zniesienie ni\u017cszych \u015bwi\u0119ce\u0144 by\u0142o przemy\u015blan\u0105 strategicznie decyzj\u0105. Za\u015blepiaj\u0105c najpierw pasterzy za\u015blepiono nast\u0119pnie owce.<\/p>\n\n\n\n<hr class=\"wp-block-separator has-alpha-channel-opacity\"\/>\n\n\n\n<p class=\"has-small-font-size wp-block-paragraph\" style=\"line-height:1.1\"><a href=\"#_ftnref1\" id=\"_ftn1\">[1]<\/a> Za Ott, <em>Grundriss der Dogmatik<\/em>, Bonn 2010, 324.<\/p>\n\n\n\n<p class=\"has-text-align-justify has-small-font-size wp-block-paragraph\" style=\"line-height:1.1\"><a id=\"_ftn2\" href=\"#_ftnref2\"><em><strong>[2]<\/strong><\/em><\/a><em> Dei Filius<\/em>, rozdz. II, \u201eTa sama \u015bwi\u0119ta Matka Ko\u015bci\u00f3\u0142 utrzymuje i naucza, \u017ce naturalnym \u015bwiat\u0142em ludzkiego rozumu mo\u017cna z rzeczy stworzonych na pewno pozna\u0107 Boga, pocz\u0105tek i cel wszystkich rzeczy: \u201eAlbowiem od stworzenia \u015bwiata niewidzialne Jego przymioty staj\u0105 si\u0119 widzialne dla umys\u0142u przez Jego dzie\u0142a&#8221; (Rz 1, 20). (BF 641) \u201eTemu to Bo\u017cemu objawieniu nale\u017cy przypisa\u0107, \u017ce to, co spo\u015br\u00f3d Bo\u017cych spraw samo przez si\u0119 nie jest dost\u0119pne dla ludzkiego rozumu, tak\u017ce w obecnym po\u0142o\u017ceniu rodzaju ludzkiego mog\u0105 wszyscy \u0142atwo pozna\u0107, z ca\u0142\u0105 pewno\u015bci\u0105 i bez domieszki b\u0142\u0119du.\u201d (BF 642)<\/p>\n\n\n\n<p class=\"has-text-align-justify has-small-font-size wp-block-paragraph\" style=\"line-height:1.1\"><a id=\"_ftn3\" href=\"#_ftnref3\">[3]<\/a> Por. Diekamp-J\u00fcssen, <em>Katholische Dogmatik<\/em>, Will 2012, 702-706.<\/p>\n\n\n\n<p class=\"has-small-font-size wp-block-paragraph\" style=\"line-height:1.1\"><a href=\"#_ftnref4\" id=\"_ftn4\">[4]<\/a> Tam\u017ce, 703.<\/p>\n\n\n\n<div class=\"wp-block-cover aligncenter\" style=\"min-height:361px;aspect-ratio:unset;\"><img fetchpriority=\"high\" decoding=\"async\" width=\"524\" height=\"539\" data-attachment-id=\"115630\" data-permalink=\"https:\/\/wobronietradycjiiwiary.com\/pl\/church-militant-o-naduzyciach-seksualnych-w-bractwie-sw-piusa-x-nowy-cykl\/ec48bf44892c29b895741920e0bdef09-2\/\" data-orig-file=\"https:\/\/wobronietradycjiiwiary.com\/wp-content\/uploads\/2024\/04\/ec48bf44892c29b895741920e0bdef09.jpg\" data-orig-size=\"524,539\" data-comments-opened=\"1\" data-image-meta=\"{&quot;aperture&quot;:&quot;0&quot;,&quot;credit&quot;:&quot;&quot;,&quot;camera&quot;:&quot;&quot;,&quot;caption&quot;:&quot;&quot;,&quot;created_timestamp&quot;:&quot;0&quot;,&quot;copyright&quot;:&quot;&quot;,&quot;focal_length&quot;:&quot;0&quot;,&quot;iso&quot;:&quot;0&quot;,&quot;shutter_speed&quot;:&quot;0&quot;,&quot;title&quot;:&quot;&quot;,&quot;orientation&quot;:&quot;0&quot;}\" data-image-title=\"ec48bf44892c29b895741920e0bdef09\" data-image-description=\"\" data-image-caption=\"\" data-large-file=\"https:\/\/wobronietradycjiiwiary.com\/wp-content\/uploads\/2024\/04\/ec48bf44892c29b895741920e0bdef09.jpg\" class=\"wp-block-cover__image-background wp-image-115630\" alt=\"\" src=\"https:\/\/wobronietradycjiiwiary.com\/wp-content\/uploads\/2024\/04\/ec48bf44892c29b895741920e0bdef09.jpg\" style=\"object-position:57% 0%\" data-object-fit=\"cover\" data-object-position=\"57% 0%\" srcset=\"https:\/\/wobronietradycjiiwiary.com\/wp-content\/uploads\/2024\/04\/ec48bf44892c29b895741920e0bdef09.jpg 524w, https:\/\/wobronietradycjiiwiary.com\/wp-content\/uploads\/2024\/04\/ec48bf44892c29b895741920e0bdef09-450x463.jpg 450w, https:\/\/wobronietradycjiiwiary.com\/wp-content\/uploads\/2024\/04\/ec48bf44892c29b895741920e0bdef09-292x300.jpg 292w, https:\/\/wobronietradycjiiwiary.com\/wp-content\/uploads\/2024\/04\/ec48bf44892c29b895741920e0bdef09-146x150.jpg 146w, https:\/\/wobronietradycjiiwiary.com\/wp-content\/uploads\/2024\/04\/ec48bf44892c29b895741920e0bdef09-12x12.jpg 12w, https:\/\/wobronietradycjiiwiary.com\/wp-content\/uploads\/2024\/04\/ec48bf44892c29b895741920e0bdef09-58x60.jpg 58w, https:\/\/wobronietradycjiiwiary.com\/wp-content\/uploads\/2024\/04\/ec48bf44892c29b895741920e0bdef09-87x90.jpg 87w\" sizes=\"(max-width: 524px) 100vw, 524px\" \/><span aria-hidden=\"true\" class=\"wp-block-cover__background has-background-dim\"><\/span><div class=\"wp-block-cover__inner-container is-layout-flow wp-block-cover-is-layout-flow\">\n<p class=\"has-text-align-center has-large-font-size wp-block-paragraph\"><mark style=\"background-color:rgba(0, 0, 0, 0)\" class=\"has-inline-color has-luminous-vivid-amber-color\"><strong>Spodoba\u0142o si\u0119? Wspieraj nas!<\/strong><\/mark><\/p>\n\n\n\n<p class=\"has-text-align-center wp-block-paragraph\"><strong>Kart\u0105, paypalem lub bezpo\u015brednim przelewem<\/strong>.<\/p>\n\n\n\n<p class=\"has-text-align-center wp-block-paragraph\" style=\"font-size:39px\"><a aria-label=\" (opens in a new tab)\" class=\"ek-link\" href=\"https:\/\/donate.stripe.com\/6oE7uNfHU4nXe2I7su\" target=\"_blank\" rel=\"noreferrer noopener\"><mark style=\"background-color:rgba(0, 0, 0, 0)\" class=\"has-inline-color has-white-color\"><strong>Datki<\/strong> <\/mark><\/a><\/p>\n<\/div><\/div>\n","protected":false},"excerpt":{"rendered":"<p>O odczuwalno\u015bci \u0142aski, semipelagianizmie i Novus Ordo.<\/p>\n","protected":false},"author":60508433,"featured_media":129720,"comment_status":"open","ping_status":"open","sticky":false,"template":"","format":"standard","meta":{"_bbp_topic_count":0,"_bbp_reply_count":0,"_bbp_total_topic_count":0,"_bbp_total_reply_count":0,"_bbp_voice_count":0,"_bbp_anonymous_reply_count":0,"_bbp_topic_count_hidden":0,"_bbp_reply_count_hidden":0,"_bbp_forum_subforum_count":0,"_editorskit_title_hidden":false,"_editorskit_reading_time":0,"_editorskit_is_block_options_detached":false,"_editorskit_block_options_position":"{}","_coblocks_attr":"","_coblocks_dimensions":"","_coblocks_responsive_height":"","_coblocks_accordion_ie_support":"","_exactmetrics_skip_tracking":false,"_jetpack_newsletter_access":"","_jetpack_dont_email_post_to_subs":false,"_jetpack_newsletter_tier_id":0,"_jetpack_memberships_contains_paywalled_content":false,"_wpcom_ai_launchpad_first_post":false,"_jetpack_feature_clip_id":0,"_jetpack_memberships_contains_paid_content":false,"footnotes":"","jetpack_publicize_message":"{title}\n\n{excerpt}\n\n{url}","jetpack_publicize_feature_enabled":true,"jetpack_social_post_already_shared":true,"jetpack_social_options":{"image_generator_settings":{"template":"highway","default_image_id":0,"font":"","enabled":false},"version":2},"_wpas_customize_per_network":false,"jetpack_post_was_ever_published":false},"categories":[610133926,610131185,610135235],"tags":[38540658,610134969,610132343,610135210],"class_list":["post-129719","post","type-post","status-publish","format-standard","has-post-thumbnail","hentry","category-byrne","category-doktryna","category-komentarze-do-byrne","tag-nauka-o-lasce","tag-nizsze-swiecenia","tag-reforma-liturgiczna","tag-semipelagianizm"],"yoast_head":"<!-- This site is optimized with the Yoast SEO plugin v28.3 - https:\/\/yoast.com\/product\/yoast-seo-wordpress\/ -->\n<title>Semipelagianizm i ni\u017csze \u015bwi\u0119cenia - Tradycja i Wiara<\/title>\n<meta name=\"robots\" content=\"index, follow, max-snippet:-1, max-image-preview:large, max-video-preview:-1\" \/>\n<link rel=\"canonical\" href=\"https:\/\/wobronietradycjiiwiary.com\/pl\/semipelagianizm-i-nizsze-swiecenia\/\" \/>\n<meta property=\"og:locale\" content=\"pl_PL\" \/>\n<meta property=\"og:type\" content=\"article\" \/>\n<meta property=\"og:title\" content=\"Semipelagianizm i ni\u017csze \u015bwi\u0119cenia - Tradycja i Wiara\" \/>\n<meta property=\"og:description\" content=\"O odczuwalno\u015bci \u0142aski, semipelagianizmie i Novus Ordo.\" \/>\n<meta property=\"og:url\" content=\"https:\/\/wobronietradycjiiwiary.com\/pl\/semipelagianizm-i-nizsze-swiecenia\/\" \/>\n<meta property=\"og:site_name\" content=\"Tradycja i Wiara\" \/>\n<meta property=\"article:publisher\" content=\"https:\/\/www.facebook.com\/Tradycja-i-Wiara-108813920592249\" \/>\n<meta property=\"article:published_time\" content=\"2025-02-04T07:09:00+00:00\" \/>\n<meta property=\"article:modified_time\" content=\"2025-02-10T11:15:30+00:00\" \/>\n<meta property=\"og:image\" content=\"https:\/\/wobronietradycjiiwiary.com\/wp-content\/uploads\/2025\/02\/347786493_f9632c25a2.jpg\" \/>\n\t<meta property=\"og:image:width\" content=\"281\" \/>\n\t<meta property=\"og:image:height\" content=\"500\" \/>\n\t<meta property=\"og:image:type\" content=\"image\/jpeg\" \/>\n<meta name=\"author\" content=\"Traditio et Fides\" \/>\n<meta name=\"twitter:card\" content=\"summary_large_image\" \/>\n<meta name=\"twitter:label1\" content=\"Napisane przez\" \/>\n\t<meta name=\"twitter:data1\" content=\"Traditio et Fides\" \/>\n\t<meta name=\"twitter:label2\" content=\"Szacowany czas czytania\" \/>\n\t<meta name=\"twitter:data2\" content=\"14 minut\" \/>\n<script type=\"application\/ld+json\" class=\"yoast-schema-graph\">{\"@context\":\"https:\\\/\\\/schema.org\",\"@graph\":[{\"@type\":\"Article\",\"@id\":\"https:\\\/\\\/wobronietradycjiiwiary.com\\\/semipelagianizm-i-nizsze-swiecenia\\\/#article\",\"isPartOf\":{\"@id\":\"https:\\\/\\\/wobronietradycjiiwiary.com\\\/semipelagianizm-i-nizsze-swiecenia\\\/\"},\"author\":{\"name\":\"Traditio et Fides\",\"@id\":\"https:\\\/\\\/wobronietradycjiiwiary.com\\\/pl\\\/#\\\/schema\\\/person\\\/2d6180ce6abcb681fef0daab7816e8f3\"},\"headline\":\"Semipelagianizm i ni\u017csze \u015bwi\u0119cenia\",\"datePublished\":\"2025-02-04T07:09:00+00:00\",\"dateModified\":\"2025-02-10T11:15:30+00:00\",\"mainEntityOfPage\":{\"@id\":\"https:\\\/\\\/wobronietradycjiiwiary.com\\\/semipelagianizm-i-nizsze-swiecenia\\\/\"},\"wordCount\":3187,\"commentCount\":0,\"publisher\":{\"@id\":\"https:\\\/\\\/wobronietradycjiiwiary.com\\\/pl\\\/#organization\"},\"image\":{\"@id\":\"https:\\\/\\\/wobronietradycjiiwiary.com\\\/semipelagianizm-i-nizsze-swiecenia\\\/#primaryimage\"},\"thumbnailUrl\":\"https:\\\/\\\/wobronietradycjiiwiary.com\\\/wp-content\\\/uploads\\\/2025\\\/02\\\/347786493_f9632c25a2.jpg\",\"keywords\":[\"Nauka o \u0142asce\",\"ni\u017csze \u015bwi\u0119cenia\",\"reforma liturgiczna\",\"semipelagianizm\"],\"articleSection\":[\"Byrne, \\\"Msza dialogowana\\\"\",\"Doktryna\",\"Komentarze w\u0142asne do Byrne\"],\"inLanguage\":\"pl-PL\",\"potentialAction\":[{\"@type\":\"CommentAction\",\"name\":\"Comment\",\"target\":[\"https:\\\/\\\/wobronietradycjiiwiary.com\\\/semipelagianizm-i-nizsze-swiecenia\\\/#respond\"]}]},{\"@type\":\"WebPage\",\"@id\":\"https:\\\/\\\/wobronietradycjiiwiary.com\\\/semipelagianizm-i-nizsze-swiecenia\\\/\",\"url\":\"https:\\\/\\\/wobronietradycjiiwiary.com\\\/semipelagianizm-i-nizsze-swiecenia\\\/\",\"name\":\"Semipelagianizm i ni\u017csze \u015bwi\u0119cenia - Tradycja i Wiara\",\"isPartOf\":{\"@id\":\"https:\\\/\\\/wobronietradycjiiwiary.com\\\/pl\\\/#website\"},\"primaryImageOfPage\":{\"@id\":\"https:\\\/\\\/wobronietradycjiiwiary.com\\\/semipelagianizm-i-nizsze-swiecenia\\\/#primaryimage\"},\"image\":{\"@id\":\"https:\\\/\\\/wobronietradycjiiwiary.com\\\/semipelagianizm-i-nizsze-swiecenia\\\/#primaryimage\"},\"thumbnailUrl\":\"https:\\\/\\\/wobronietradycjiiwiary.com\\\/wp-content\\\/uploads\\\/2025\\\/02\\\/347786493_f9632c25a2.jpg\",\"datePublished\":\"2025-02-04T07:09:00+00:00\",\"dateModified\":\"2025-02-10T11:15:30+00:00\",\"breadcrumb\":{\"@id\":\"https:\\\/\\\/wobronietradycjiiwiary.com\\\/semipelagianizm-i-nizsze-swiecenia\\\/#breadcrumb\"},\"inLanguage\":\"pl-PL\",\"potentialAction\":[{\"@type\":\"ReadAction\",\"target\":[\"https:\\\/\\\/wobronietradycjiiwiary.com\\\/semipelagianizm-i-nizsze-swiecenia\\\/\"]}]},{\"@type\":\"ImageObject\",\"inLanguage\":\"pl-PL\",\"@id\":\"https:\\\/\\\/wobronietradycjiiwiary.com\\\/semipelagianizm-i-nizsze-swiecenia\\\/#primaryimage\",\"url\":\"https:\\\/\\\/wobronietradycjiiwiary.com\\\/wp-content\\\/uploads\\\/2025\\\/02\\\/347786493_f9632c25a2.jpg\",\"contentUrl\":\"https:\\\/\\\/wobronietradycjiiwiary.com\\\/wp-content\\\/uploads\\\/2025\\\/02\\\/347786493_f9632c25a2.jpg\",\"width\":281,\"height\":500},{\"@type\":\"BreadcrumbList\",\"@id\":\"https:\\\/\\\/wobronietradycjiiwiary.com\\\/semipelagianizm-i-nizsze-swiecenia\\\/#breadcrumb\",\"itemListElement\":[{\"@type\":\"ListItem\",\"position\":1,\"name\":\"Strona g\u0142\u00f3wna\",\"item\":\"https:\\\/\\\/wobronietradycjiiwiary.com\\\/\"},{\"@type\":\"ListItem\",\"position\":2,\"name\":\"Semipelagianizm i ni\u017csze \u015bwi\u0119cenia\"}]},{\"@type\":\"WebSite\",\"@id\":\"https:\\\/\\\/wobronietradycjiiwiary.com\\\/pl\\\/#website\",\"url\":\"https:\\\/\\\/wobronietradycjiiwiary.com\\\/pl\\\/\",\"name\":\"Tradycja i Wiara\",\"description\":\"Portal dla katolik\u00f3w.\",\"publisher\":{\"@id\":\"https:\\\/\\\/wobronietradycjiiwiary.com\\\/pl\\\/#organization\"},\"potentialAction\":[{\"@type\":\"SearchAction\",\"target\":{\"@type\":\"EntryPoint\",\"urlTemplate\":\"https:\\\/\\\/wobronietradycjiiwiary.com\\\/pl\\\/?s={search_term_string}\"},\"query-input\":{\"@type\":\"PropertyValueSpecification\",\"valueRequired\":true,\"valueName\":\"search_term_string\"}}],\"inLanguage\":\"pl-PL\"},{\"@type\":\"Organization\",\"@id\":\"https:\\\/\\\/wobronietradycjiiwiary.com\\\/pl\\\/#organization\",\"name\":\"Tradycja i Wiara\",\"url\":\"https:\\\/\\\/wobronietradycjiiwiary.com\\\/pl\\\/\",\"logo\":{\"@type\":\"ImageObject\",\"inLanguage\":\"pl-PL\",\"@id\":\"https:\\\/\\\/wobronietradycjiiwiary.com\\\/pl\\\/#\\\/schema\\\/logo\\\/image\\\/\",\"url\":\"https:\\\/\\\/i0.wp.com\\\/wobronietradycjiiwiary.com\\\/wp-content\\\/uploads\\\/2015\\\/10\\\/cropped-st-peters-dome-vatican.jpg?fit=940%2C198&ssl=1\",\"contentUrl\":\"https:\\\/\\\/i0.wp.com\\\/wobronietradycjiiwiary.com\\\/wp-content\\\/uploads\\\/2015\\\/10\\\/cropped-st-peters-dome-vatican.jpg?fit=940%2C198&ssl=1\",\"width\":940,\"height\":198,\"caption\":\"Tradycja i Wiara\"},\"image\":{\"@id\":\"https:\\\/\\\/wobronietradycjiiwiary.com\\\/pl\\\/#\\\/schema\\\/logo\\\/image\\\/\"},\"sameAs\":[\"https:\\\/\\\/www.facebook.com\\\/Tradycja-i-Wiara-108813920592249\"]},{\"@type\":\"Person\",\"@id\":\"https:\\\/\\\/wobronietradycjiiwiary.com\\\/pl\\\/#\\\/schema\\\/person\\\/2d6180ce6abcb681fef0daab7816e8f3\",\"name\":\"Traditio et Fides\",\"sameAs\":[\"https:\\\/\\\/traditionundglauben.com\"],\"url\":\"https:\\\/\\\/wobronietradycjiiwiary.com\\\/pl\\\/author\\\/wobronietradycjiiwiary\\\/\"}]}<\/script>\n<!-- \/ Yoast SEO plugin. -->","yoast_head_json":{"title":"Semipelagianizm i ni\u017csze \u015bwi\u0119cenia - Tradycja i Wiara","robots":{"index":"index","follow":"follow","max-snippet":"max-snippet:-1","max-image-preview":"max-image-preview:large","max-video-preview":"max-video-preview:-1"},"canonical":"https:\/\/wobronietradycjiiwiary.com\/pl\/semipelagianizm-i-nizsze-swiecenia\/","og_locale":"pl_PL","og_type":"article","og_title":"Semipelagianizm i ni\u017csze \u015bwi\u0119cenia - Tradycja i Wiara","og_description":"O odczuwalno\u015bci \u0142aski, semipelagianizmie i Novus Ordo.","og_url":"https:\/\/wobronietradycjiiwiary.com\/pl\/semipelagianizm-i-nizsze-swiecenia\/","og_site_name":"Tradycja i Wiara","article_publisher":"https:\/\/www.facebook.com\/Tradycja-i-Wiara-108813920592249","article_published_time":"2025-02-04T07:09:00+00:00","article_modified_time":"2025-02-10T11:15:30+00:00","og_image":[{"width":281,"height":500,"url":"https:\/\/wobronietradycjiiwiary.com\/wp-content\/uploads\/2025\/02\/347786493_f9632c25a2.jpg","type":"image\/jpeg"}],"author":"Traditio et Fides","twitter_card":"summary_large_image","twitter_misc":{"Napisane przez":"Traditio et Fides","Szacowany czas czytania":"14 minut"},"schema":{"@context":"https:\/\/schema.org","@graph":[{"@type":"Article","@id":"https:\/\/wobronietradycjiiwiary.com\/semipelagianizm-i-nizsze-swiecenia\/#article","isPartOf":{"@id":"https:\/\/wobronietradycjiiwiary.com\/semipelagianizm-i-nizsze-swiecenia\/"},"author":{"name":"Traditio et Fides","@id":"https:\/\/wobronietradycjiiwiary.com\/pl\/#\/schema\/person\/2d6180ce6abcb681fef0daab7816e8f3"},"headline":"Semipelagianizm i ni\u017csze \u015bwi\u0119cenia","datePublished":"2025-02-04T07:09:00+00:00","dateModified":"2025-02-10T11:15:30+00:00","mainEntityOfPage":{"@id":"https:\/\/wobronietradycjiiwiary.com\/semipelagianizm-i-nizsze-swiecenia\/"},"wordCount":3187,"commentCount":0,"publisher":{"@id":"https:\/\/wobronietradycjiiwiary.com\/pl\/#organization"},"image":{"@id":"https:\/\/wobronietradycjiiwiary.com\/semipelagianizm-i-nizsze-swiecenia\/#primaryimage"},"thumbnailUrl":"https:\/\/wobronietradycjiiwiary.com\/wp-content\/uploads\/2025\/02\/347786493_f9632c25a2.jpg","keywords":["Nauka o \u0142asce","ni\u017csze \u015bwi\u0119cenia","reforma liturgiczna","semipelagianizm"],"articleSection":["Byrne, \"Msza dialogowana\"","Doktryna","Komentarze w\u0142asne do Byrne"],"inLanguage":"pl-PL","potentialAction":[{"@type":"CommentAction","name":"Comment","target":["https:\/\/wobronietradycjiiwiary.com\/semipelagianizm-i-nizsze-swiecenia\/#respond"]}]},{"@type":"WebPage","@id":"https:\/\/wobronietradycjiiwiary.com\/semipelagianizm-i-nizsze-swiecenia\/","url":"https:\/\/wobronietradycjiiwiary.com\/semipelagianizm-i-nizsze-swiecenia\/","name":"Semipelagianizm i ni\u017csze \u015bwi\u0119cenia - Tradycja i Wiara","isPartOf":{"@id":"https:\/\/wobronietradycjiiwiary.com\/pl\/#website"},"primaryImageOfPage":{"@id":"https:\/\/wobronietradycjiiwiary.com\/semipelagianizm-i-nizsze-swiecenia\/#primaryimage"},"image":{"@id":"https:\/\/wobronietradycjiiwiary.com\/semipelagianizm-i-nizsze-swiecenia\/#primaryimage"},"thumbnailUrl":"https:\/\/wobronietradycjiiwiary.com\/wp-content\/uploads\/2025\/02\/347786493_f9632c25a2.jpg","datePublished":"2025-02-04T07:09:00+00:00","dateModified":"2025-02-10T11:15:30+00:00","breadcrumb":{"@id":"https:\/\/wobronietradycjiiwiary.com\/semipelagianizm-i-nizsze-swiecenia\/#breadcrumb"},"inLanguage":"pl-PL","potentialAction":[{"@type":"ReadAction","target":["https:\/\/wobronietradycjiiwiary.com\/semipelagianizm-i-nizsze-swiecenia\/"]}]},{"@type":"ImageObject","inLanguage":"pl-PL","@id":"https:\/\/wobronietradycjiiwiary.com\/semipelagianizm-i-nizsze-swiecenia\/#primaryimage","url":"https:\/\/wobronietradycjiiwiary.com\/wp-content\/uploads\/2025\/02\/347786493_f9632c25a2.jpg","contentUrl":"https:\/\/wobronietradycjiiwiary.com\/wp-content\/uploads\/2025\/02\/347786493_f9632c25a2.jpg","width":281,"height":500},{"@type":"BreadcrumbList","@id":"https:\/\/wobronietradycjiiwiary.com\/semipelagianizm-i-nizsze-swiecenia\/#breadcrumb","itemListElement":[{"@type":"ListItem","position":1,"name":"Strona g\u0142\u00f3wna","item":"https:\/\/wobronietradycjiiwiary.com\/"},{"@type":"ListItem","position":2,"name":"Semipelagianizm i ni\u017csze \u015bwi\u0119cenia"}]},{"@type":"WebSite","@id":"https:\/\/wobronietradycjiiwiary.com\/pl\/#website","url":"https:\/\/wobronietradycjiiwiary.com\/pl\/","name":"Tradycja i Wiara","description":"Portal dla katolik\u00f3w.","publisher":{"@id":"https:\/\/wobronietradycjiiwiary.com\/pl\/#organization"},"potentialAction":[{"@type":"SearchAction","target":{"@type":"EntryPoint","urlTemplate":"https:\/\/wobronietradycjiiwiary.com\/pl\/?s={search_term_string}"},"query-input":{"@type":"PropertyValueSpecification","valueRequired":true,"valueName":"search_term_string"}}],"inLanguage":"pl-PL"},{"@type":"Organization","@id":"https:\/\/wobronietradycjiiwiary.com\/pl\/#organization","name":"Tradycja i Wiara","url":"https:\/\/wobronietradycjiiwiary.com\/pl\/","logo":{"@type":"ImageObject","inLanguage":"pl-PL","@id":"https:\/\/wobronietradycjiiwiary.com\/pl\/#\/schema\/logo\/image\/","url":"https:\/\/i0.wp.com\/wobronietradycjiiwiary.com\/wp-content\/uploads\/2015\/10\/cropped-st-peters-dome-vatican.jpg?fit=940%2C198&ssl=1","contentUrl":"https:\/\/i0.wp.com\/wobronietradycjiiwiary.com\/wp-content\/uploads\/2015\/10\/cropped-st-peters-dome-vatican.jpg?fit=940%2C198&ssl=1","width":940,"height":198,"caption":"Tradycja i Wiara"},"image":{"@id":"https:\/\/wobronietradycjiiwiary.com\/pl\/#\/schema\/logo\/image\/"},"sameAs":["https:\/\/www.facebook.com\/Tradycja-i-Wiara-108813920592249"]},{"@type":"Person","@id":"https:\/\/wobronietradycjiiwiary.com\/pl\/#\/schema\/person\/2d6180ce6abcb681fef0daab7816e8f3","name":"Traditio et Fides","sameAs":["https:\/\/traditionundglauben.com"],"url":"https:\/\/wobronietradycjiiwiary.com\/pl\/author\/wobronietradycjiiwiary\/"}]}},"jetpack_publicize_connections":[],"jetpack_sharing_enabled":true,"jetpack_likes_enabled":true,"jetpack_shortlink":"https:\/\/wp.me\/pc04Sd-xKf","jetpack-related-posts":[{"id":128220,"url":"https:\/\/wobronietradycjiiwiary.com\/pl\/carol-byrne-msza-dialogowana-108-1-z-129-dlaczego-nizsze-swiecenia-nalezy-oskarzac-o-nieautentycznosc-1\/","url_meta":{"origin":129719,"position":0},"title":"Carol Byrne, &#8220;Msza dialogowana&#8221;. (108.1 z 153). Dlaczego ni\u017csze \u015bwi\u0119cenia nale\u017cy oskar\u017ca\u0107 o \u201enieautentyczno\u015b\u0107\u201d? (1)","author":"Traditio et Fides","date":"14 stycznia 2025","format":false,"excerpt":"O zarzucie \"nieautentyczno\u015bci\" w ocenie ni\u017cszych \u015bwi\u0119ce\u0144.","rel":"","context":"W \u201eByrne, \"Msza dialogowana\"&quot;","block_context":{"text":"Byrne, \"Msza dialogowana\"","link":"https:\/\/wobronietradycjiiwiary.com\/pl\/category\/doktryna\/teologia-liturgii\/byrne-doktryna\/byrne\/"},"img":{"alt_text":"","src":"https:\/\/i0.wp.com\/wobronietradycjiiwiary.com\/wp-content\/uploads\/2019\/10\/carreno-de-miranda.jpg?resize=350%2C200&ssl=1","width":350,"height":200,"srcset":"https:\/\/i0.wp.com\/wobronietradycjiiwiary.com\/wp-content\/uploads\/2019\/10\/carreno-de-miranda.jpg?resize=350%2C200&ssl=1 1x, https:\/\/i0.wp.com\/wobronietradycjiiwiary.com\/wp-content\/uploads\/2019\/10\/carreno-de-miranda.jpg?resize=525%2C300&ssl=1 1.5x, https:\/\/i0.wp.com\/wobronietradycjiiwiary.com\/wp-content\/uploads\/2019\/10\/carreno-de-miranda.jpg?resize=700%2C400&ssl=1 2x"},"classes":[]},{"id":131614,"url":"https:\/\/wobronietradycjiiwiary.com\/pl\/kohorta-nizszych-swiecen-lub-guz-kaplanstwa\/","url_meta":{"origin":129719,"position":1},"title":"Kohorta ni\u017cszych \u015bwi\u0119ce\u0144 lub &#8220;guz kap\u0142a\u0144stwa&#8221;","author":"Traditio et Fides","date":"17 lutego 2025","format":false,"excerpt":"O ni\u017cszych \u015bwi\u0119ceniach i \u017cyciu \u015bwieckich, kt\u00f3rzy kiedy\u015b takie \u015bwi\u0119cenia otrzymali.","rel":"","context":"W \u201eDoktryna&quot;","block_context":{"text":"Doktryna","link":"https:\/\/wobronietradycjiiwiary.com\/pl\/category\/doktryna\/"},"img":{"alt_text":"","src":"https:\/\/i0.wp.com\/wobronietradycjiiwiary.com\/wp-content\/uploads\/2025\/02\/Liszt_Soutane_intro.jpg?resize=350%2C200&ssl=1","width":350,"height":200},"classes":[]},{"id":123997,"url":"https:\/\/wobronietradycjiiwiary.com\/pl\/carol-byrne-msza-dialogowana-102-2-z-129-nizsze-swiecenia-duchowne-zniesione-z-powodu-aktywnego-uczestnictwa-swieckich-ii\/","url_meta":{"origin":129719,"position":2},"title":"Carol Byrne, &#8220;Msza dialogowana&#8221;. (102.2 z 153). Ni\u017csze \u015bwi\u0119cenia duchowne zniesione z powodu \u201eaktywnego uczestnictwa\u201d \u015bwieckich (ii)","author":"Traditio et Fides","date":"12 listopada 2024","format":false,"excerpt":"Pawe\u0142 VI przyjmuje antyklerykalny program post\u0119powc\u00f3w Kiedy w 1972 r. opublikowano\u00a0Ministeria quaedam, by\u0142o oczywiste, \u017ce dokument zosta\u0142 sporz\u0105dzony w ramach koncepcyjnych \u201enowej teologii\u201d i \u017ce Pawe\u0142 VI po prostu bezkrytycznie przyj\u0105\u0142 idee Congara na temat tego, jak sprawy powinny wygl\u0105da\u0107 w Ko\u015bciele. Uzasadnienie papie\u017ca dla upadku ni\u017cszych \u015bwi\u0119ce\u0144 by\u0142o nast\u0119puj\u0105ce:\u2026","rel":"","context":"W \u201eByrne, \"Msza dialogowana\"&quot;","block_context":{"text":"Byrne, \"Msza dialogowana\"","link":"https:\/\/wobronietradycjiiwiary.com\/pl\/category\/doktryna\/teologia-liturgii\/byrne-doktryna\/byrne\/"},"img":{"alt_text":"","src":"https:\/\/i0.wp.com\/wobronietradycjiiwiary.com\/wp-content\/uploads\/2019\/10\/carreno-de-miranda.jpg?resize=350%2C200&ssl=1","width":350,"height":200,"srcset":"https:\/\/i0.wp.com\/wobronietradycjiiwiary.com\/wp-content\/uploads\/2019\/10\/carreno-de-miranda.jpg?resize=350%2C200&ssl=1 1x, https:\/\/i0.wp.com\/wobronietradycjiiwiary.com\/wp-content\/uploads\/2019\/10\/carreno-de-miranda.jpg?resize=525%2C300&ssl=1 1.5x, https:\/\/i0.wp.com\/wobronietradycjiiwiary.com\/wp-content\/uploads\/2019\/10\/carreno-de-miranda.jpg?resize=700%2C400&ssl=1 2x"},"classes":[]},{"id":124404,"url":"https:\/\/wobronietradycjiiwiary.com\/pl\/carol-byrne-msza-dialogowana-nizsze-swiecenia-wazna-sprawa\/","url_meta":{"origin":129719,"position":3},"title":"Carol Byrne, &#8220;Msza dialogowana&#8221;. (103 z 153). Ni\u017csze \u015bwi\u0119cenia &#8211; wa\u017cna sprawa","author":"Traditio et Fides","date":"27 listopada 2024","format":false,"excerpt":"O zaletach ni\u017cszych \u015bwi\u0119ce\u0144.","rel":"","context":"W \u201eByrne, \"Msza dialogowana\"&quot;","block_context":{"text":"Byrne, \"Msza dialogowana\"","link":"https:\/\/wobronietradycjiiwiary.com\/pl\/category\/doktryna\/teologia-liturgii\/byrne-doktryna\/byrne\/"},"img":{"alt_text":"","src":"https:\/\/i0.wp.com\/wobronietradycjiiwiary.com\/wp-content\/uploads\/2019\/10\/carreno-de-miranda.jpg?resize=350%2C200&ssl=1","width":350,"height":200,"srcset":"https:\/\/i0.wp.com\/wobronietradycjiiwiary.com\/wp-content\/uploads\/2019\/10\/carreno-de-miranda.jpg?resize=350%2C200&ssl=1 1x, https:\/\/i0.wp.com\/wobronietradycjiiwiary.com\/wp-content\/uploads\/2019\/10\/carreno-de-miranda.jpg?resize=525%2C300&ssl=1 1.5x, https:\/\/i0.wp.com\/wobronietradycjiiwiary.com\/wp-content\/uploads\/2019\/10\/carreno-de-miranda.jpg?resize=700%2C400&ssl=1 2x"},"classes":[]},{"id":124073,"url":"https:\/\/wobronietradycjiiwiary.com\/pl\/carol-byrne-msza-dialogowana-103-1-z-129\/","url_meta":{"origin":129719,"position":4},"title":"Carol Byrne, &#8220;Msza dialogowana&#8221;. Ni\u017csze \u015bwi\u0119cenia zniesione ze wzgl\u0119du na &#8220;aktywny udzia\u0142&#8221; \u015bwieckich (103.1 z 153).","author":"Traditio et Fides","date":"19 listopada 2024","format":false,"excerpt":"O dalszych konsekwencjach zniesienia ni\u017cszych \u015bwi\u0119ce\u0144.","rel":"","context":"W \u201eByrne, \"Msza dialogowana\"&quot;","block_context":{"text":"Byrne, \"Msza dialogowana\"","link":"https:\/\/wobronietradycjiiwiary.com\/pl\/category\/doktryna\/teologia-liturgii\/byrne-doktryna\/byrne\/"},"img":{"alt_text":"","src":"https:\/\/i0.wp.com\/wobronietradycjiiwiary.com\/wp-content\/uploads\/2019\/10\/carreno-de-miranda.jpg?resize=350%2C200&ssl=1","width":350,"height":200,"srcset":"https:\/\/i0.wp.com\/wobronietradycjiiwiary.com\/wp-content\/uploads\/2019\/10\/carreno-de-miranda.jpg?resize=350%2C200&ssl=1 1x, https:\/\/i0.wp.com\/wobronietradycjiiwiary.com\/wp-content\/uploads\/2019\/10\/carreno-de-miranda.jpg?resize=525%2C300&ssl=1 1.5x, https:\/\/i0.wp.com\/wobronietradycjiiwiary.com\/wp-content\/uploads\/2019\/10\/carreno-de-miranda.jpg?resize=700%2C400&ssl=1 2x"},"classes":[]},{"id":129267,"url":"https:\/\/wobronietradycjiiwiary.com\/pl\/carol-byrne-msza-dialogowana-109-z-145-prawdziwosc-swiecen-nizszych\/","url_meta":{"origin":129719,"position":5},"title":"Carol Byrne, &#8220;Msza dialogowana&#8221;. (109 z 153). Prawdziwo\u015b\u0107 \u015bwi\u0119ce\u0144 ni\u017cszych","author":"Traditio et Fides","date":"28 stycznia 2025","format":false,"excerpt":"O znaczeniu ni\u017cszych \u015bwi\u0119ce\u0144.","rel":"","context":"W \u201eByrne, \"Msza dialogowana\"&quot;","block_context":{"text":"Byrne, \"Msza dialogowana\"","link":"https:\/\/wobronietradycjiiwiary.com\/pl\/category\/doktryna\/teologia-liturgii\/byrne-doktryna\/byrne\/"},"img":{"alt_text":"","src":"https:\/\/i0.wp.com\/wobronietradycjiiwiary.com\/wp-content\/uploads\/2021\/03\/carreno-de-miranda.jpg?resize=350%2C200&ssl=1","width":350,"height":200,"srcset":"https:\/\/i0.wp.com\/wobronietradycjiiwiary.com\/wp-content\/uploads\/2021\/03\/carreno-de-miranda.jpg?resize=350%2C200&ssl=1 1x, https:\/\/i0.wp.com\/wobronietradycjiiwiary.com\/wp-content\/uploads\/2021\/03\/carreno-de-miranda.jpg?resize=525%2C300&ssl=1 1.5x, https:\/\/i0.wp.com\/wobronietradycjiiwiary.com\/wp-content\/uploads\/2021\/03\/carreno-de-miranda.jpg?resize=700%2C400&ssl=1 2x"},"classes":[]}],"amp_enabled":true,"jetpack_featured_media_url":"https:\/\/wobronietradycjiiwiary.com\/wp-content\/uploads\/2025\/02\/347786493_f9632c25a2.jpg","_links":{"self":[{"href":"https:\/\/wobronietradycjiiwiary.com\/pl\/wp-json\/wp\/v2\/posts\/129719","targetHints":{"allow":["GET"]}}],"collection":[{"href":"https:\/\/wobronietradycjiiwiary.com\/pl\/wp-json\/wp\/v2\/posts"}],"about":[{"href":"https:\/\/wobronietradycjiiwiary.com\/pl\/wp-json\/wp\/v2\/types\/post"}],"author":[{"embeddable":true,"href":"https:\/\/wobronietradycjiiwiary.com\/pl\/wp-json\/wp\/v2\/users\/60508433"}],"replies":[{"embeddable":true,"href":"https:\/\/wobronietradycjiiwiary.com\/pl\/wp-json\/wp\/v2\/comments?post=129719"}],"version-history":[{"count":47,"href":"https:\/\/wobronietradycjiiwiary.com\/pl\/wp-json\/wp\/v2\/posts\/129719\/revisions"}],"predecessor-version":[{"id":129878,"href":"https:\/\/wobronietradycjiiwiary.com\/pl\/wp-json\/wp\/v2\/posts\/129719\/revisions\/129878"}],"wp:featuredmedia":[{"embeddable":true,"href":"https:\/\/wobronietradycjiiwiary.com\/pl\/wp-json\/wp\/v2\/media\/129720"}],"wp:attachment":[{"href":"https:\/\/wobronietradycjiiwiary.com\/pl\/wp-json\/wp\/v2\/media?parent=129719"}],"wp:term":[{"taxonomy":"category","embeddable":true,"href":"https:\/\/wobronietradycjiiwiary.com\/pl\/wp-json\/wp\/v2\/categories?post=129719"},{"taxonomy":"post_tag","embeddable":true,"href":"https:\/\/wobronietradycjiiwiary.com\/pl\/wp-json\/wp\/v2\/tags?post=129719"}],"curies":[{"name":"wp","href":"https:\/\/api.w.org\/{rel}","templated":true}]}}