{"id":129465,"date":"2025-01-28T13:57:02","date_gmt":"2025-01-28T12:57:02","guid":{"rendered":"https:\/\/wobronietradycjiiwiary.com\/?p=129465"},"modified":"2025-02-07T21:15:44","modified_gmt":"2025-02-07T20:15:44","slug":"czy-dozyjemy-czarnej-ksiegi-novus-ordo","status":"publish","type":"post","link":"https:\/\/wobronietradycjiiwiary.com\/pl\/czy-dozyjemy-czarnej-ksiegi-novus-ordo\/","title":{"rendered":"Czy do\u017cyjemy &#8220;Czarnej Ksi\u0119gi Novus Ordo&#8221;?"},"content":{"rendered":"<div id=\"bsf_rt_marker\"><\/div>\n<p class=\"wp-block-paragraph\"><\/p>\n\n\n\n<p class=\"has-text-align-justify wp-block-paragraph\">Upadek komunizmu przypad\u0142 na pocz\u0105tek studi\u00f3w teologicznych autora. Pami\u0119ta przegl\u0105danie ksi\u0105\u017cek w pobliskiej ksi\u0119garni uniwersyteckiej obs\u0142uguj\u0105cej kilka uczelni i wydzia\u0142\u00f3w oraz pi\u0119trz\u0105ce si\u0119 na sto\u0142a lektury minionej epoki, kt\u00f3re z dnia na dzie\u0144 sta\u0142y si\u0119 bezu\u017cyteczne. <\/p>\n\n\n\n<p class=\"has-text-align-justify wp-block-paragraph\">Autorowi \u017cal by\u0142o tych wszystkich student\u00f3w, wyk\u0142adowc\u00f3w czy naukowc\u00f3w, kt\u00f3rych dziedzina nagle zapad\u0142a im si\u0119 nagle pod nogami &#8211; podobnie jak ich w\u0142asne kariery. Wszystkim tym, co by\u0142o przed rokiem 1989 normatywne po roku 1989 mo\u017cna by\u0142o w piecu napali\u0107.<\/p>\n\n\n\n<p class=\"has-text-align-justify wp-block-paragraph\">Kolejno nast\u0105pi\u0142o zatrz\u0119sienie &#8220;literatury rozliczeniowej&#8221;, reprinty ksi\u0105\u017cek wydanych uprzednio na Zachodzie, jak np. <a href=\"https:\/\/docer.pl\/doc\/x001e55\">&#8220;Czarna Ksi\u0119ga Cenzury PRL<\/a>&#8221; i jej podobne. <\/p>\n\n\n\n<p class=\"has-text-align-justify wp-block-paragraph\">Autor by\u0142 ju\u017c przedtem u\u015bwiadomiony, zna\u0142 So\u0142\u017cenicyna, czyta\u0142 <em>Kultur\u0119 Parysk\u0105<\/em> i podobne emigracyjne publikacje, wi\u0119c a\u017c tak\u0105 nowo\u015bci\u0105 to wszystko dla niego nie by\u0142o. <\/p>\n\n\n\n<p class=\"has-text-align-justify wp-block-paragraph\">Jednak post\u0119powanie cenzury w latach 1970-tych wobec plagi stonki ziemniaczanej nadal robi\u0142o wra\u017cenie. Najlepszym sposobem dowiedzenia si\u0119 tego, co si\u0119 faktycznie w Polsce dzia\u0142o, by\u0142o przeczytanie tych informacji,  kt\u00f3rych cenzura nie zwalnia\u0142a. <\/p>\n\n\n\n<p class=\"has-text-align-justify wp-block-paragraph\">Ludzie wiedzieli, \u017ce byli ok\u0142amywani, ale z pewno\u015bci\u0105 nie domy\u015blali si\u0119 do jakiego stopnia. Jak zwykle rozliczaniem przesz\u0142o\u015bci zaj\u0119li si\u0119 m\u0142odzi ludzie, kt\u00f3rych ta przesz\u0142o\u015b\u0107 nie dotyczy\u0142a. Dzia\u0142o si\u0119 jak os\u0142awionym &#8220;<a href=\"https:\/\/pl.wikipedia.org\/wiki\/Pryszczaci\">pokoleniem pryszczatych<\/a>&#8221; na pocz\u0105tku lat 1950-tych. <\/p>\n\n\n\n<p class=\"has-text-align-justify wp-block-paragraph\">Zajmowali si\u0119 przesz\u0142o\u015bci\u0105 tak\u017ce dlatego, \u017ce niczym w tera\u017aniejszo\u015bci nie ryzykowali, spodziewaj\u0105c si\u0119 szybkiej naukowej, biznesowej lub politycznej kariery.<\/p>\n\n\n\n<p class=\"has-text-align-justify wp-block-paragraph\">Auto zaczynaj\u0105c swoje studia zupe\u0142nie nie liczy\u0142 si\u0119 z upadkiem komunizmu, nastawiaj\u0105c si\u0119 na jakie\u015b heroiczno-pustelnicze \u017cycie na obrze\u017cach. W sumie takowe te\u017c dzisiaj prowadzi, czemu komunizm nie jest winny. <\/p>\n\n\n\n<p class=\"has-text-align-justify wp-block-paragraph\">Zastanawia si\u0119 r\u00f3wnie\u017c, czy do\u017cyje upadku Novus Ordo, &#8220;teologicznego rewizjonizmu&#8221;, literatury rozliczeniowej, w kt\u00f3r\u0105 i teraz si\u0119 wpisuje &#8211; s\u0142owem zmiany teologicznego paradygmatu. <\/p>\n\n\n\n<p class=\"has-text-align-justify wp-block-paragraph\">Tego faktycznie nie wie, bo uwa\u017ca &#8211; parafrazuj\u0105c znane porzekad\u0142o, \u017ce &#8220;ameryka\u0144skie jask\u00f3\u0142ki nie czyni\u0105 wiosny&#8221;. <\/p>\n\n\n\n<blockquote class=\"wp-block-quote is-layout-flow wp-block-quote-is-layout-flow\">\n<p class=\"has-medium-font-size wp-block-paragraph\">Dlaczego ameryka\u0144skie?<\/p>\n<\/blockquote>\n\n\n\n<p class=\"has-text-align-justify wp-block-paragraph\">Poniewa\u017c &#8220;teologiczny rewizjonizm&#8221; najbardziej obecny jest w USA, w\u015br\u00f3d tradycjonalist\u00f3w, tak\u017ce z kr\u0119g\u00f3w FSSPX czy sedewakantyst\u00f3w. <\/p>\n\n\n\n<p class=\"has-text-align-justify wp-block-paragraph\">Rzec nawet mo\u017cna, \u017ce stale kontynuowan\u0105 &#8220;Czarn\u0105 Ksi\u0119g\u0105 Novus Ordo&#8221; jest sedewakantystyczny blog<em><a href=\"https:\/\/novusordowatch.org\/wire\/\"> Novus Ordo Wire<\/a><\/em>, gdzie sporo dobrych i prawdziwych rzeczy, sporo agresji i przek\u0142ama\u0144, sporo te\u017c opinii, kt\u00f3re mo\u017cna przyj\u0105\u0107 lub odrzuci\u0107. <\/p>\n\n\n\n<p class=\"has-text-align-justify wp-block-paragraph\">Swoist\u0105 &#8220;Ksi\u0119g\u0105 Cenzury&#8221; jest nadal kontynuowany blog o nazwie <a href=\"https:\/\/en-denzingerbergoglio.com\/\">Bergoglio-Denzinger<\/a> por\u00f3wnuj\u0105cy wypowiedzi Franciszka z autentycznym, tak\u017ce z posoborowym Urz\u0119dem Magisterskim Ko\u015bcio\u0142a.<\/p>\n\n\n\n<p class=\"has-text-align-justify wp-block-paragraph\">Podobnie jak w \u015bwieckiej historii &#8220;przedstawiciele spiskowej teorii dziej\u00f3w&#8221; okazali si\u0119 realistami, podobnie jak najgorsze opinie na temat socjalizmu ferowane ju\u017c w 1920-tych latach okaza\u0142y si\u0119 smutn\u0105 prawd\u0105. <\/p>\n\n\n\n<p class=\"has-text-align-justify wp-block-paragraph\">Tak te\u017c wsp\u00f3\u0142czesne &#8220;odlotowe pogl\u0105dy tradycjonalist\u00f3w&#8221; kiedy\u015b wejd\u0105 do mainstreamu i uczy\u0107 si\u0119 ich b\u0119d\u0105 przyszli seminarzy\u015bci. <\/p>\n\n\n\n<p class=\"has-text-align-justify wp-block-paragraph\">Jednak porzucenie Novus Ordo jest du\u017co trudniejsze. Nie tylko dlatego, \u017ce zapewnia on ksi\u0119\u017com, katechetom, publicystom katolickim etc. byt, ale tak\u017ce dlatego, \u017ce dotyczy on spraw niewidzialnych i nadprzyrodzonych. <\/p>\n\n\n\n<p class=\"has-text-align-justify wp-block-paragraph\">Jak dowie\u015b\u0107, \u017ce co\u015b jest &#8220;duchowo skuteczne&#8221; lub &#8220;dzia\u0142a&#8221;, a jak, \u017ce &#8220;nie dzia\u0142a&#8221;. Aby t\u0119 tez\u0119 o &#8220;skuteczno\u015bci nadprzyrodzono\u015bci w liturgii&#8221; w og\u00f3le dopu\u015bci\u0107, nale\u017ca\u0142oby mie\u0107 jakie\u015b ziarno wiary, kt\u00f3rej Novus Ordo nie zapewnia. <\/p>\n\n\n\n<p class=\"has-text-align-justify wp-block-paragraph\">Wsp\u00f3\u0142cze\u015bni wierni id\u0105 albo w kierunku ateizmu albo fideizmu czy emocjonalnego janopaw\u0142izmu wypieraj\u0105cego rzeczywisto\u015b\u0107.<\/p>\n\n\n\n<p class=\"has-text-align-justify wp-block-paragraph\">A ta ostatnia jest przera\u017caj\u0105ca, bo kto wie, czy to, czego do\u015bwiadczamy za Bergoglio nie jest jedynie wierzcho\u0142kiem g\u00f3ry lodowej. <\/p>\n\n\n\n<p class=\"has-text-align-justify wp-block-paragraph\">Autor czyta w ramach swojej porannej lektury duchowej dogmatyczny traktat na temat \u0142aski i zastanawia si\u0119, gdzie te\u017c to wszystko (tj. \u0142aska) jest? <\/p>\n\n\n\n<p class=\"has-text-align-justify wp-block-paragraph\">Owszem, w swoim w\u0142asnym \u017cyciu faktycznie do\u015bwiadcza wiele z tego, o czym czyta, ale mimo to zastanawia si\u0119 nad tym, czy dogmatyka ma racj\u0119?<\/p>\n\n\n\n<p class=\"wp-block-paragraph\">Traktuj\u0105c dogmatyk\u0119 jak aksjomatyk\u0119 lub fizyk\u0119 przyj\u0105\u0107 trzeba:<\/p>\n\n\n\n<ol class=\"wp-block-list\">\n<li>Je\u015bli jest \u0142aska, to jest\n<ul class=\"wp-block-list\">\n<li>a,<\/li>\n\n\n\n<li>b,<\/li>\n\n\n\n<li>c,<\/li>\n\n\n\n<li>d etc.<\/li>\n<\/ul>\n<\/li>\n<\/ol>\n\n\n\n<p class=\"wp-block-paragraph\"><\/p>\n\n\n\n<p class=\"has-text-align-justify wp-block-paragraph\">Z kolei, gdy (a) do (d) nie ma, to nie ma te\u017c \u0142aski. <\/p>\n\n\n\n<p class=\"has-text-align-justify wp-block-paragraph\">A jedyny pow\u00f3d pozbawienia \u0142aski to, wedle aksjomatycznej dogmatyki, \u017cycie w grzechu ci\u0119\u017ckim. <\/p>\n\n\n\n<p class=\"has-text-align-justify wp-block-paragraph\">Wygl\u0105da wi\u0119c na to, \u017ce wi\u0119kszo\u015b\u0107 ksi\u0119\u017cy i katolik\u00f3w \u015bwieckich w\u0142a\u015bnie w tym stanie si\u0119 znajduje, w przeciwnym razie trudno wyt\u0142umaczy\u0107 ich pogl\u0105dy. <\/p>\n\n\n\n<p class=\"has-text-align-justify wp-block-paragraph\">Przypomina to sytuacj\u0119 kogo\u015b, kto w podr\u0119czniku fizyki czyta o sta\u0142ej grawitacji ziemskiej (G = 6,67259 \u00b7 10<sup>\u201311<\/sup>&nbsp;N \u00b7 m<sup>2<\/sup>\/kg<sup>2<\/sup>), podczas gdy wszystko naoko\u0142o, z powodu zmiany ziemskiego pola grawitacyjnego, znajduje si\u0119 w stanie lekkiej niewa\u017cko\u015bci. <\/p>\n\n\n\n<p class=\"has-text-align-justify wp-block-paragraph\">Por\u00f3wnanie to kuleje, bo nawet lekka zmiana pola grawitacyjnego ziemi zaowocowa\u0142aby kataklizmami, ale jakiego\u015b por\u00f3wnania u\u017cy\u0107 trzeba. <\/p>\n\n\n\n<p class=\"has-text-align-justify wp-block-paragraph\">Nasz fizyk amator liczy i liczy, sprawdza i sprawdza, kwestionuje Newtona, a\u017c dochodzi do wniosku o przesuni\u0119ciu pola grawitacyjnego, co wszystko wyja\u015bnia. Jednak jego odkrycie pozostaje niezauwa\u017cone, bo wyst\u0119puje wsz\u0119dzie, podczas gdy wszystkie inne wyniki bada\u0144 s\u0105 od lat fa\u0142szowane.<\/p>\n\n\n\n<p class=\"wp-block-paragraph\">Z pomiarami czegokolwiek nie jest a\u017c tak prosto, bo b\u0142\u0105d mo\u017ce by\u0107 w:<\/p>\n\n\n\n<ul class=\"wp-block-list\">\n<li>podmiocie mierz\u0105cym,<\/li>\n<\/ul>\n\n\n\n<ul class=\"wp-block-list\">\n<li>urz\u0105dzeniu pomiarowym,<\/li>\n<\/ul>\n\n\n\n<ul class=\"wp-block-list\">\n<li>technice pomiaru,<\/li>\n<\/ul>\n\n\n\n<ul class=\"wp-block-list\">\n<li>teorii interpretowania danych <\/li>\n<\/ul>\n\n\n\n<ul class=\"wp-block-list\">\n<li>innych.<\/li>\n<\/ul>\n\n\n\n<p class=\"wp-block-paragraph\"><\/p>\n\n\n\n<p class=\"has-text-align-justify wp-block-paragraph\">By\u0107 mo\u017ce nasz fizyk nie zaakceptuje popularnej teologicznej tezy, \u017ce &#8220;z t\u0105 grawitacj\u0105 to r\u00f3\u017cnie bywa, raz jest tak, a raz siak&#8221;. <\/p>\n\n\n\n<p class=\"has-text-align-justify wp-block-paragraph\">&#8220;Czasy si\u0119 zmieni\u0142y, a wraz z nimi grawitacja. &#8220;Skoro nawet w fizyce trudno czego\u015b dowie\u015b\u0107, to co dopiero w teologii, przynajmniej w tym \u017cyciu? <\/p>\n\n\n\n<p class=\"has-text-align-justify wp-block-paragraph\">W momencie \u015bmierci, podczas S\u0105du Szczeg\u00f3\u0142owego wie si\u0119 wszystko, podobnie jak podczas S\u0105du Ostatecznego. <\/p>\n\n\n\n<p class=\"has-text-align-justify wp-block-paragraph\">Ale nawet &#8220;delikatny rewizjonizm teologiczny&#8221;, kt\u00f3ry przecie\u017c kiedy\u015b nast\u0105pi\u0107 musi, rodzaj Tridentinum II dla Vaticanum II, u\u015bwiadomi ludziom, jak bardzo si\u0119 mylili i jak bardzo byli oszukiwani. <\/p>\n\n\n\n<p class=\"has-text-align-justify wp-block-paragraph\">Prezentowano im pogl\u0105dy, dzi\u0119ki kt\u00f3rym prawie wcale nie mogli si\u0119 zbawi\u0107.<\/p>\n\n\n\n<p class=\"has-text-align-justify wp-block-paragraph\">O ile teologia Novus Ordo do Benedykta XVI jak babka, na dwoje wr\u00f3\u017cy\u0142a, to od Franciszka, a w sumie od niezrealizowanej abdykacji Benedykta mamy apostazj\u0119 i herezj\u0119 po\u0142\u0105czon\u0105 z ca\u0142kowit\u0105 normalizacj\u0105 \u017cycia w grzechu ci\u0119\u017ckim. <\/p>\n\n\n\n<p class=\"has-text-align-justify wp-block-paragraph\">Ludzie przekonani, \u017ce robi\u0105 dobrze, rzekomo uniewa\u017cniaj\u0105c wa\u017cne ma\u0142\u017ce\u0144stwa wed\u0142ug <em>Mitis Dominus<\/em> <em>Iudex<\/em>, przyst\u0119puj\u0105cy do komunii \u017cyj\u0105c w cudzo\u0142\u00f3stwie lub konkubinatach wed\u0142ug <em>Amoris Laetitia<\/em> lub daj\u0105c b\u0142ogos\u0142awi\u0107 swoje homoseksualne zwi\u0105zki wed\u0142ug <em>Fiducia supplicans<\/em> etc. robi\u0105 faktycznie \u017ale i zd\u0105\u017caj\u0105 do piek\u0142a. <\/p>\n\n\n\n<p class=\"has-text-align-justify wp-block-paragraph\">Co prawda maj\u0105 &#8220;papierek&#8221;, ale od anty-papie\u017ca Anty-Ko\u015bcio\u0142a.<\/p>\n\n\n\n<p class=\"has-text-align-justify wp-block-paragraph\">Jak\u017ce przera\u017ceni b\u0119d\u0105 w chwili S\u0105du Szczeg\u00f3\u0142owego, jak\u017ce z\u0142orzeczy\u0107 b\u0119d\u0105 w piekle, jak\u017ce winni staj\u0105 si\u0119 wszyscy, kt\u00f3rzy o tym wiedz\u0105, ale ich nie informuj\u0105. <\/p>\n\n\n\n<p class=\"has-text-align-justify wp-block-paragraph\">Faktycznie powstaj\u0105 pytania o ignorancj\u0119 niepokonaln\u0105 oraz o zalety mentalno\u015bci ofiary (<em>victim mentality<\/em>). Ludzie zawsze rzadziej wybieraj\u0105 drog\u0119 terapii, w naszym przypadku przez wiedz\u0119 i do\u015bwiadczenie <em>sacrum<\/em>.<\/p>\n\n\n<div class=\"wp-block-image\">\n<figure class=\"aligncenter size-full\"><img fetchpriority=\"high\" decoding=\"async\" width=\"460\" height=\"350\" data-attachment-id=\"129477\" data-permalink=\"https:\/\/wobronietradycjiiwiary.com\/pl\/czy-dozyjemy-czarnej-ksiegi-novus-ordo\/6762a1f204c78\/\" data-orig-file=\"https:\/\/wobronietradycjiiwiary.com\/wp-content\/uploads\/2025\/01\/6762a1f204c78.jpeg\" data-orig-size=\"460,350\" data-comments-opened=\"1\" data-image-meta=\"{&quot;aperture&quot;:&quot;0&quot;,&quot;credit&quot;:&quot;&quot;,&quot;camera&quot;:&quot;&quot;,&quot;caption&quot;:&quot;&quot;,&quot;created_timestamp&quot;:&quot;0&quot;,&quot;copyright&quot;:&quot;&quot;,&quot;focal_length&quot;:&quot;0&quot;,&quot;iso&quot;:&quot;0&quot;,&quot;shutter_speed&quot;:&quot;0&quot;,&quot;title&quot;:&quot;&quot;,&quot;orientation&quot;:&quot;0&quot;}\" data-image-title=\"6762a1f204c78\" data-image-description=\"\" data-image-caption=\"\" data-large-file=\"https:\/\/wobronietradycjiiwiary.com\/wp-content\/uploads\/2025\/01\/6762a1f204c78.jpeg\" src=\"https:\/\/wobronietradycjiiwiary.com\/wp-content\/uploads\/2025\/01\/6762a1f204c78.jpeg\" alt=\"\" class=\"wp-image-129477\" srcset=\"https:\/\/wobronietradycjiiwiary.com\/wp-content\/uploads\/2025\/01\/6762a1f204c78.jpeg 460w, https:\/\/wobronietradycjiiwiary.com\/wp-content\/uploads\/2025\/01\/6762a1f204c78-450x342.jpeg 450w, https:\/\/wobronietradycjiiwiary.com\/wp-content\/uploads\/2025\/01\/6762a1f204c78-300x228.jpeg 300w, https:\/\/wobronietradycjiiwiary.com\/wp-content\/uploads\/2025\/01\/6762a1f204c78-150x114.jpeg 150w, https:\/\/wobronietradycjiiwiary.com\/wp-content\/uploads\/2025\/01\/6762a1f204c78-16x12.jpeg 16w, https:\/\/wobronietradycjiiwiary.com\/wp-content\/uploads\/2025\/01\/6762a1f204c78-79x60.jpeg 79w, https:\/\/wobronietradycjiiwiary.com\/wp-content\/uploads\/2025\/01\/6762a1f204c78-118x90.jpeg 118w\" sizes=\"(max-width: 460px) 100vw, 460px\" \/><\/figure>\n<\/div>\n\n\n<p class=\"wp-block-paragraph\"><\/p>\n\n\n\n<p class=\"has-text-align-justify wp-block-paragraph\">Sob\u00f3r Trydencki (1545-63) stanowi\u0142 nie tylko pot\u0119pienie protestantyzmu, ale r\u00f3wnie\u017c doprecyzowanie nauki katolickiej, np. na temat grzechu pierworodnego czy sakrament\u00f3w. <\/p>\n\n\n\n<p class=\"has-text-align-justify wp-block-paragraph\">Nast\u0105pi\u0142 28 lat po wyst\u0105pieniu Lutra w 1517 i 15 lat po &#8220;samoidentyfikacji&#8221; protestant\u00f3w jako nie-katolik\u00f3w. <\/p>\n\n\n\n<p class=\"has-text-align-justify wp-block-paragraph\">Dopiero bowiem Wyznanie Augsburskie (1530) ustali\u0142o, \u017ce wyznawcy nowej wiary nie s\u0105 katolikami pragn\u0105cymi zreformowa\u0107 Ko\u015bci\u00f3\u0142, ale nowym wyznaniem, alternatywn\u0105 religi\u0105.<\/p>\n\n\n\n<p class=\"has-text-align-justify wp-block-paragraph\">Mo\u017cna wi\u0119c rzec, \u017ce Trydent nast\u0105pi\u0142 raczej szybko ni\u017c wolno, a szybsze zwo\u0142anie Soboru uniemo\u017cliwia\u0142y tak samo wojny religijne jak i niegodni papie\u017ce. Pierwsze musia\u0142y jako\u015b usta\u0107, drudzy wymrze\u0107, co trwa\u0142o ca\u0142e 28 lat. <\/p>\n\n\n\n<p class=\"has-text-align-justify wp-block-paragraph\">Dla por\u00f3wnanie &#8220;rewizjonistyczny Sob\u00f3r&#8221; musia\u0142by odby\u0107 si\u0119 w 1993 roku, by zachowa\u0107 podobne proporcje. Wtedy jednak prze\u017cywali\u015bmy &#8220;sza\u0142 janopaw\u0142izmu&#8221; po\u0142\u0105czony z triumfalizmem nad pokonan\u0105 komun\u0105.<\/p>\n\n\n\n<p class=\"has-text-align-justify wp-block-paragraph\">Sytuacja nie by\u0142a jednak tak op\u0142akana jak obecnie, bo istnieli katoliccy teologowie zdolni pewne kwestie rozwik\u0142a\u0107 i ustali\u0107. <\/p>\n\n\n\n<p class=\"has-text-align-justify wp-block-paragraph\">Nie trzeba by\u0142o przestawia\u0107 dotychczasowego Magisterium o 180 stopni, skoro ju\u017c niegodny, ale zawsze papie\u017c Leon X pot\u0119pi\u0142 w bulli<em> Exsurge Domine <\/em>(1520) Lutra.  <\/p>\n\n\n\n<p class=\"has-text-align-justify wp-block-paragraph\">Nie trzeba by\u0142o wynajdywa\u0107 ko\u0142a na nowo, mo\u017cna by\u0142o trzyma\u0107 si\u0119 tego, co by\u0142o i co nieco uzupe\u0142ni\u0107.<\/p>\n\n\n\n<p class=\"has-text-align-justify wp-block-paragraph\">Przysz\u0142y &#8220;rewizjonistyczny Sob\u00f3r&#8221; b\u0119dzie mia\u0142 trudniej, bo nie wiadomo za bardzo, gdzie zacz\u0105\u0107. Pisz\u0105cy te s\u0142owa pot\u0119pi\u0142 by wszystkich posoborowych papie\u017cy, chocia\u017c s\u0142abszymi cenzurami ni\u017c heretyka Bergoglio. <\/p>\n\n\n\n<p class=\"has-text-align-justify wp-block-paragraph\">Napi\u0119tnowa\u0142 by te\u017c liturgiczno-teologiczne poczynania wszystkich papie\u017cy od Piusa X pocz\u0105wszy, kt\u00f3ry jako pierwszy ten precedens &#8220;karnawa\u0142u reform&#8221; wprowadzi\u0142. <\/p>\n\n\n\n<p class=\"has-text-align-justify wp-block-paragraph\">Zdaniem autora to w\u0142a\u015bnie reformy Piusa X doprowadzi\u0142y do &#8220;pierwszego t\u0105pni\u0119cia pola grawitacyjnego Ko\u015bcio\u0142a&#8221;.<\/p>\n\n\n\n<p class=\"has-text-align-justify wp-block-paragraph\">Autor jest sedewakantyst\u0105 nowszej daty, gdy\u017c utrzymuje, \u017ce po \u015bmierci Benedykta XVI 31.12.2022 nie mamy ju\u017c \u017cadnego papie\u017ca. <\/p>\n\n\n\n<p class=\"has-text-align-justify wp-block-paragraph\">Nie jest jednak sedewakantyst\u0105 roku 1958, gdy\u017c nie przyjmuje, \u017ce od tego roku z braku wa\u017cnych papie\u017cy nie ma ju\u017c \u017cadnych wa\u017cnych biskup\u00f3w, \u017cadnych ksi\u0119\u017cy i \u017cadnych wa\u017cnych sakrament\u00f3w, pomijaj\u0105c chrzest. <\/p>\n\n\n\n<p class=\"has-text-align-justify wp-block-paragraph\">Wydaje mu si\u0119 to nie do pogodzenia z Bosk\u0105 Opatrzno\u015bci\u0105, ani te\u017c nie przekonuj\u0105 go argumenty (<a href=\"https:\/\/wobronietradycjiiwiary.com\/pl\/usprawiedliwienie-wlasnego-tchorzostwa-lub-biskup-schneider-nie-ma-racji-2-z-4\/\">teza <\/a><a href=\"https:\/\/wobronietradycjiiwiary.com\/pl\/kardynal-giuseppe-siri-1906-1989-szkic-sylwetki\/\">kardyna\u0142a Siri<\/a>) przeciwko papiestwu Jana XXIII. <\/p>\n\n\n\n<p class=\"has-text-align-justify wp-block-paragraph\">Uwa\u017ca te\u017c, \u017ce \u017caden z posoborowych papie\u017cy formalnej herezji nie pope\u0142ni\u0142, chocia\u017c zas\u0142u\u017cyli na s\u0142absze <a href=\"https:\/\/wobronietradycjiiwiary.com\/pl\/category\/doktryna\/teologia-jako-nauka\/censurae\/\">cenzury<\/a>. <\/p>\n\n\n\n<p class=\"has-text-align-justify wp-block-paragraph\"><a href=\"https:\/\/wobronietradycjiiwiary.com\/pl\/category\/polemika\/papiez-franciszek\/antypapiez\/\">Bergoglio <\/a>g\u0142osi co prawda na prawo i na lewo formalne herezje, ale nigdy nie by\u0142 on papie\u017cem, poniewa\u017c <a href=\"https:\/\/wobronietradycjiiwiary.com\/pl\/category\/doktryna\/teologia-jako-nauka\/censurae\/\">Benedykt <\/a>nie abdykowa\u0142. <\/p>\n\n\n\n<p class=\"has-text-align-justify wp-block-paragraph\">Skoro Bergoglio papie\u017cem nie jest, to dla kwestii <a href=\"https:\/\/wobronietradycjiiwiary.com\/pl\/category\/doktryna\/papiestwo\/nieomylnosc-papieska\/\">nieomylno\u015bci <\/a>papieskiej jego osoba znaczenia nie ma. <\/p>\n\n\n\n<p class=\"has-text-align-justify wp-block-paragraph\">Gdyby by\u0142 papie\u017cem, to przez herezj\u0119 utraci\u0142by urz\u0105d, a skoro nim nie jest, to nie utraci\u0142 tego, czego nie ma.<\/p>\n\n\n\n<p class=\"has-text-align-justify wp-block-paragraph\">Zatem kwestia &#8220;pontyfikatu&#8221; Bergoglio a\u017c tak\u0105 zagwozdk\u0105 dla przysz\u0142ego rewizjonistycznego Soboru nie jest, bo bardzo \u0142atwo j\u0105 rozwi\u0105za\u0107. <\/p>\n\n\n\n<p class=\"has-text-align-justify wp-block-paragraph\">Du\u017co trudniejsze jest wykre\u015blenie ca\u0142ej historii Ko\u015bcio\u0142a od roku 1962, bo autor naprawd\u0119 nie wie, co si\u0119 w posoborowiu ostoi. <\/p>\n\n\n\n<p class=\"has-text-align-justify wp-block-paragraph\">Wsz\u0119dzie, gdzie zajrze\u0107 brakuje &#8220;grawitacji&#8221;, wszystko jest zmienione i zafa\u0142szowane. O ile sprawy zatajane przez cenzur\u0119 mo\u017cna by\u0142o naocznie sprawdzi\u0107, np. tu<\/p>\n\n\n\n<p class=\"wp-block-paragraph\"><\/p>\n\n\n\n<figure class=\"wp-block-image alignwide size-full\"><img decoding=\"async\" width=\"431\" height=\"154\" data-attachment-id=\"129502\" data-permalink=\"https:\/\/wobronietradycjiiwiary.com\/pl\/czy-dozyjemy-czarnej-ksiegi-novus-ordo\/cenzura\/\" data-orig-file=\"https:\/\/wobronietradycjiiwiary.com\/wp-content\/uploads\/2025\/01\/Cenzura.png\" data-orig-size=\"431,154\" data-comments-opened=\"1\" data-image-meta=\"{&quot;aperture&quot;:&quot;0&quot;,&quot;credit&quot;:&quot;&quot;,&quot;camera&quot;:&quot;&quot;,&quot;caption&quot;:&quot;&quot;,&quot;created_timestamp&quot;:&quot;0&quot;,&quot;copyright&quot;:&quot;&quot;,&quot;focal_length&quot;:&quot;0&quot;,&quot;iso&quot;:&quot;0&quot;,&quot;shutter_speed&quot;:&quot;0&quot;,&quot;title&quot;:&quot;&quot;,&quot;orientation&quot;:&quot;0&quot;}\" data-image-title=\"Cenzura\" data-image-description=\"\" data-image-caption=\"\" data-large-file=\"https:\/\/wobronietradycjiiwiary.com\/wp-content\/uploads\/2025\/01\/Cenzura.png\" src=\"https:\/\/wobronietradycjiiwiary.com\/wp-content\/uploads\/2025\/01\/Cenzura.png\" alt=\"\" class=\"wp-image-129502\" srcset=\"https:\/\/wobronietradycjiiwiary.com\/wp-content\/uploads\/2025\/01\/Cenzura.png 431w, https:\/\/wobronietradycjiiwiary.com\/wp-content\/uploads\/2025\/01\/Cenzura-300x107.png 300w, https:\/\/wobronietradycjiiwiary.com\/wp-content\/uploads\/2025\/01\/Cenzura-150x54.png 150w, https:\/\/wobronietradycjiiwiary.com\/wp-content\/uploads\/2025\/01\/Cenzura-18x6.png 18w, https:\/\/wobronietradycjiiwiary.com\/wp-content\/uploads\/2025\/01\/Cenzura-168x60.png 168w, https:\/\/wobronietradycjiiwiary.com\/wp-content\/uploads\/2025\/01\/Cenzura-252x90.png 252w\" sizes=\"(max-width: 431px) 100vw, 431px\" \/><\/figure>\n\n\n\n<p class=\"wp-block-paragraph\"><\/p>\n\n\n\n<p class=\"has-text-align-justify wp-block-paragraph\">o tyle sprawdzenie &#8220;teologicznej zgodno\u015bci z nadprzyrodzono\u015bci\u0105&#8221; jest trudniejsze. Przecie\u017c dla naszych kochanych duchownych fakt, \u017ce na Tridentin\u0119 &#8220;ludzie wal\u0105 drzwiami i oknami&#8221; nie jest \u017cadnym argumentem. <\/p>\n\n\n\n<p class=\"has-text-align-justify wp-block-paragraph\">Je\u015bli nawet tak robi\u0105, to czyni\u0105 tak kieruj\u0105c si\u0119 niew\u0142a\u015bciwymi motywami (&#8220;je\u015bli intryga, to grubymi ni\u0107mi szyta&#8221; Mi\u015b). Przecie\u017c czyja\u015b &#8220;wra\u017cliwo\u015b\u0107 estetyczna&#8221;, jak s\u0105dz\u0105 nasi ksi\u0119\u017ca, nie jest argumentem przeciwko &#8220;postanowieniom Soboru&#8221;.<\/p>\n\n\n\n<p class=\"has-text-align-justify wp-block-paragraph\">Najsmutniejsze konsekwencje Novus Ordo objawiaj\u0105 si\u0119 w\u0142a\u015bnie w dziedzinie nadprzyrodzono\u015bci. W kwestii oceny zjawisk nadprzyrodzonych, op\u0119ta\u0144, wizji, objawie\u0144 etc. <\/p>\n\n\n\n<p class=\"has-text-align-justify wp-block-paragraph\">Autor t\u0142umacz\u0105c dzisiaj <a href=\"https:\/\/wobronietradycjiiwiary.com\/pl\/category\/doktryna\/kanonizacje\/benedykt-xiv-doctrina-de-servorum-dei-beatificatione\/\">Benedykta XIV<\/a> zastanawia\u0142 si\u0119, kto te\u017c sobie to dzisiaj przeczyta i co z tego zrozumia patrz\u0105c na wszystko przez posoborowe okulary. <\/p>\n\n\n\n<p class=\"has-text-align-justify wp-block-paragraph\">Mamy &#8220;mistyczk\u0119&#8221; <a href=\"https:\/\/wobronietradycjiiwiary.com\/pl\/category\/duchowosc\/mistyka-i-pseudomistyka\/faustyna-kowalska\/\">Faustyn\u0119<\/a>, mamy <a href=\"https:\/\/wobronietradycjiiwiary.com\/pl\/category\/polemika\/kosciol-posoborowy\/nowe-ruchy-w-kosciele\/medjugorie\/\">Medjugorje<\/a>, a sami <a href=\"https:\/\/gloria.tv\/post\/6WS91x1AjCDTBpkcL6miaoE4s\">egzorcy\u015bci przyznaj\u0105<\/a>, \u017ce nie maj\u0105 o niczym poj\u0119cia, skoro przejmuj\u0105 praktyki New Age.  <\/p>\n\n\n\n<p class=\"has-text-align-justify wp-block-paragraph\">Ko\u015bci\u00f3\u0142 straci\u0142 z oczu to, w czym powinien by\u0107 ekspertem &#8211; wymiar nadprzyrodzony, walk\u0119 z diab\u0142em i zbawienie dusz.<\/p>\n\n\n\n<blockquote class=\"wp-block-quote is-layout-flow wp-block-quote-is-layout-flow\">\n<p class=\"has-medium-font-size wp-block-paragraph\">A kiedy si\u0119 to odmieni?<\/p>\n<\/blockquote>\n\n\n\n<p class=\"has-text-align-justify wp-block-paragraph\">Niepr\u0119dko. Autor oczekuje jakiej\u015b formy spopielenia <em>Novus Ordo<\/em>, na wz\u00f3r <a href=\"https:\/\/wobronietradycjiiwiary.com\/pl\/pozary-w-kalifornii-lub-ktory-przyjdzie-sadzic-swiat-ogniem\/\">po\u017car\u00f3w w Kalifornii<\/a>. Niestety zgin\u0105 w tym sprawiedliwi z niesprawiedliwymi pospo\u0142u, bo Pan B\u00f3g karze zbiorowo. Amen.<\/p>\n\n\n\n<div class=\"wp-block-cover aligncenter\" style=\"min-height:361px;aspect-ratio:unset;\"><img decoding=\"async\" width=\"524\" height=\"539\" data-attachment-id=\"115630\" data-permalink=\"https:\/\/wobronietradycjiiwiary.com\/pl\/church-militant-o-naduzyciach-seksualnych-w-bractwie-sw-piusa-x-nowy-cykl\/ec48bf44892c29b895741920e0bdef09-2\/\" data-orig-file=\"https:\/\/wobronietradycjiiwiary.com\/wp-content\/uploads\/2024\/04\/ec48bf44892c29b895741920e0bdef09.jpg\" data-orig-size=\"524,539\" data-comments-opened=\"1\" data-image-meta=\"{&quot;aperture&quot;:&quot;0&quot;,&quot;credit&quot;:&quot;&quot;,&quot;camera&quot;:&quot;&quot;,&quot;caption&quot;:&quot;&quot;,&quot;created_timestamp&quot;:&quot;0&quot;,&quot;copyright&quot;:&quot;&quot;,&quot;focal_length&quot;:&quot;0&quot;,&quot;iso&quot;:&quot;0&quot;,&quot;shutter_speed&quot;:&quot;0&quot;,&quot;title&quot;:&quot;&quot;,&quot;orientation&quot;:&quot;0&quot;}\" data-image-title=\"ec48bf44892c29b895741920e0bdef09\" data-image-description=\"\" data-image-caption=\"\" data-large-file=\"https:\/\/wobronietradycjiiwiary.com\/wp-content\/uploads\/2024\/04\/ec48bf44892c29b895741920e0bdef09.jpg\" class=\"wp-block-cover__image-background wp-image-115630\" alt=\"\" src=\"https:\/\/wobronietradycjiiwiary.com\/wp-content\/uploads\/2024\/04\/ec48bf44892c29b895741920e0bdef09.jpg\" style=\"object-position:57% 0%\" data-object-fit=\"cover\" data-object-position=\"57% 0%\" srcset=\"https:\/\/wobronietradycjiiwiary.com\/wp-content\/uploads\/2024\/04\/ec48bf44892c29b895741920e0bdef09.jpg 524w, https:\/\/wobronietradycjiiwiary.com\/wp-content\/uploads\/2024\/04\/ec48bf44892c29b895741920e0bdef09-450x463.jpg 450w, https:\/\/wobronietradycjiiwiary.com\/wp-content\/uploads\/2024\/04\/ec48bf44892c29b895741920e0bdef09-292x300.jpg 292w, https:\/\/wobronietradycjiiwiary.com\/wp-content\/uploads\/2024\/04\/ec48bf44892c29b895741920e0bdef09-146x150.jpg 146w, https:\/\/wobronietradycjiiwiary.com\/wp-content\/uploads\/2024\/04\/ec48bf44892c29b895741920e0bdef09-12x12.jpg 12w, https:\/\/wobronietradycjiiwiary.com\/wp-content\/uploads\/2024\/04\/ec48bf44892c29b895741920e0bdef09-58x60.jpg 58w, https:\/\/wobronietradycjiiwiary.com\/wp-content\/uploads\/2024\/04\/ec48bf44892c29b895741920e0bdef09-87x90.jpg 87w\" sizes=\"(max-width: 524px) 100vw, 524px\" \/><span aria-hidden=\"true\" class=\"wp-block-cover__background has-background-dim\"><\/span><div class=\"wp-block-cover__inner-container is-layout-flow wp-block-cover-is-layout-flow\">\n<p class=\"has-text-align-center has-large-font-size wp-block-paragraph\"><mark style=\"background-color:rgba(0, 0, 0, 0)\" class=\"has-inline-color has-luminous-vivid-amber-color\"><strong>Spodoba\u0142o si\u0119? Wspieraj nas!<\/strong><\/mark><\/p>\n\n\n\n<p class=\"has-text-align-center wp-block-paragraph\"><strong>Kart\u0105, paypalem lub bezpo\u015brednim przelewem<\/strong>.<\/p>\n\n\n\n<p class=\"has-text-align-center wp-block-paragraph\" style=\"font-size:39px\"><a aria-label=\" (opens in a new tab)\" class=\"ek-link\" href=\"https:\/\/donate.stripe.com\/6oE7uNfHU4nXe2I7su\" target=\"_blank\" rel=\"noreferrer noopener\"><mark style=\"background-color:rgba(0, 0, 0, 0)\" class=\"has-inline-color has-white-color\"><strong>Datki<\/strong> <\/mark><\/a><\/p>\n<\/div><\/div>\n\n\n\n<p class=\"wp-block-paragraph\"><\/p>\n","protected":false},"excerpt":{"rendered":"<p>O tym, czy do\u017cyjemy rozliczenia Novus Ordo.<\/p>\n","protected":false},"author":60508433,"featured_media":129476,"comment_status":"open","ping_status":"open","sticky":false,"template":"","format":"standard","meta":{"_bbp_topic_count":0,"_bbp_reply_count":0,"_bbp_total_topic_count":0,"_bbp_total_reply_count":0,"_bbp_voice_count":0,"_bbp_anonymous_reply_count":0,"_bbp_topic_count_hidden":0,"_bbp_reply_count_hidden":0,"_bbp_forum_subforum_count":0,"_editorskit_title_hidden":false,"_editorskit_reading_time":0,"_editorskit_is_block_options_detached":false,"_editorskit_block_options_position":"{}","_coblocks_attr":"","_coblocks_dimensions":"","_coblocks_responsive_height":"","_coblocks_accordion_ie_support":"","_exactmetrics_skip_tracking":false,"_jetpack_newsletter_access":"","_jetpack_dont_email_post_to_subs":false,"_jetpack_newsletter_tier_id":0,"_jetpack_memberships_contains_paywalled_content":false,"_wpcom_ai_launchpad_first_post":false,"_jetpack_feature_clip_id":0,"_jetpack_memberships_contains_paid_content":false,"footnotes":"","jetpack_publicize_message":"","jetpack_publicize_feature_enabled":true,"jetpack_social_post_already_shared":false,"jetpack_social_options":{"image_generator_settings":{"template":"highway","enabled":false},"version":2},"_wpas_customize_per_network":false,"jetpack_post_was_ever_published":false},"categories":[610131184,610133723],"tags":[],"class_list":["post-129465","post","type-post","status-publish","format-standard","has-post-thumbnail","hentry","category-duchowosc","category-novus-ordo"],"yoast_head":"<!-- This site is optimized with the Yoast SEO plugin v28.4 - https:\/\/yoast.com\/product\/yoast-seo-wordpress\/ -->\n<title>Czy do\u017cyjemy &quot;Czarnej Ksi\u0119gi Novus Ordo&quot;? - Tradycja i Wiara<\/title>\n<meta name=\"robots\" content=\"index, follow, max-snippet:-1, max-image-preview:large, max-video-preview:-1\" \/>\n<link rel=\"canonical\" href=\"https:\/\/wobronietradycjiiwiary.com\/pl\/czy-dozyjemy-czarnej-ksiegi-novus-ordo\/\" \/>\n<meta property=\"og:locale\" content=\"pl_PL\" \/>\n<meta property=\"og:type\" content=\"article\" \/>\n<meta property=\"og:title\" content=\"Czy do\u017cyjemy &quot;Czarnej Ksi\u0119gi Novus Ordo&quot;? - Tradycja i Wiara\" \/>\n<meta property=\"og:description\" content=\"O tym, czy do\u017cyjemy rozliczenia Novus Ordo.\" \/>\n<meta property=\"og:url\" content=\"https:\/\/wobronietradycjiiwiary.com\/pl\/czy-dozyjemy-czarnej-ksiegi-novus-ordo\/\" \/>\n<meta property=\"og:site_name\" content=\"Tradycja i Wiara\" \/>\n<meta property=\"article:publisher\" content=\"https:\/\/www.facebook.com\/Tradycja-i-Wiara-108813920592249\" \/>\n<meta property=\"article:published_time\" content=\"2025-01-28T12:57:02+00:00\" \/>\n<meta property=\"article:modified_time\" content=\"2025-02-07T20:15:44+00:00\" \/>\n<meta property=\"og:image\" content=\"https:\/\/wobronietradycjiiwiary.com\/wp-content\/uploads\/2025\/01\/16_Buchverbrennung.jpg\" \/>\n\t<meta property=\"og:image:width\" content=\"450\" \/>\n\t<meta property=\"og:image:height\" content=\"246\" \/>\n\t<meta property=\"og:image:type\" content=\"image\/jpeg\" \/>\n<meta name=\"author\" content=\"Traditio et Fides\" \/>\n<meta name=\"twitter:card\" content=\"summary_large_image\" \/>\n<meta name=\"twitter:label1\" content=\"Napisane przez\" \/>\n\t<meta name=\"twitter:data1\" content=\"Traditio et Fides\" \/>\n\t<meta name=\"twitter:label2\" content=\"Szacowany czas czytania\" \/>\n\t<meta name=\"twitter:data2\" content=\"11 minut\" \/>\n<script type=\"application\/ld+json\" class=\"yoast-schema-graph\">{\"@context\":\"https:\\\/\\\/schema.org\",\"@graph\":[{\"@type\":\"Article\",\"@id\":\"https:\\\/\\\/wobronietradycjiiwiary.com\\\/czy-dozyjemy-czarnej-ksiegi-novus-ordo\\\/#article\",\"isPartOf\":{\"@id\":\"https:\\\/\\\/wobronietradycjiiwiary.com\\\/czy-dozyjemy-czarnej-ksiegi-novus-ordo\\\/\"},\"author\":{\"name\":\"Traditio et Fides\",\"@id\":\"https:\\\/\\\/wobronietradycjiiwiary.com\\\/pl\\\/#\\\/schema\\\/person\\\/2d6180ce6abcb681fef0daab7816e8f3\"},\"headline\":\"Czy do\u017cyjemy &#8220;Czarnej Ksi\u0119gi Novus Ordo&#8221;?\",\"datePublished\":\"2025-01-28T12:57:02+00:00\",\"dateModified\":\"2025-02-07T20:15:44+00:00\",\"mainEntityOfPage\":{\"@id\":\"https:\\\/\\\/wobronietradycjiiwiary.com\\\/czy-dozyjemy-czarnej-ksiegi-novus-ordo\\\/\"},\"wordCount\":1892,\"commentCount\":0,\"publisher\":{\"@id\":\"https:\\\/\\\/wobronietradycjiiwiary.com\\\/pl\\\/#organization\"},\"image\":{\"@id\":\"https:\\\/\\\/wobronietradycjiiwiary.com\\\/czy-dozyjemy-czarnej-ksiegi-novus-ordo\\\/#primaryimage\"},\"thumbnailUrl\":\"https:\\\/\\\/wobronietradycjiiwiary.com\\\/wp-content\\\/uploads\\\/2025\\\/01\\\/16_Buchverbrennung.jpg\",\"articleSection\":[\"Duchowo\u015b\u0107\",\"Novus Ordo\"],\"inLanguage\":\"pl-PL\",\"potentialAction\":[{\"@type\":\"CommentAction\",\"name\":\"Comment\",\"target\":[\"https:\\\/\\\/wobronietradycjiiwiary.com\\\/czy-dozyjemy-czarnej-ksiegi-novus-ordo\\\/#respond\"]}]},{\"@type\":\"WebPage\",\"@id\":\"https:\\\/\\\/wobronietradycjiiwiary.com\\\/czy-dozyjemy-czarnej-ksiegi-novus-ordo\\\/\",\"url\":\"https:\\\/\\\/wobronietradycjiiwiary.com\\\/czy-dozyjemy-czarnej-ksiegi-novus-ordo\\\/\",\"name\":\"Czy do\u017cyjemy \\\"Czarnej Ksi\u0119gi Novus Ordo\\\"? - Tradycja i Wiara\",\"isPartOf\":{\"@id\":\"https:\\\/\\\/wobronietradycjiiwiary.com\\\/pl\\\/#website\"},\"primaryImageOfPage\":{\"@id\":\"https:\\\/\\\/wobronietradycjiiwiary.com\\\/czy-dozyjemy-czarnej-ksiegi-novus-ordo\\\/#primaryimage\"},\"image\":{\"@id\":\"https:\\\/\\\/wobronietradycjiiwiary.com\\\/czy-dozyjemy-czarnej-ksiegi-novus-ordo\\\/#primaryimage\"},\"thumbnailUrl\":\"https:\\\/\\\/wobronietradycjiiwiary.com\\\/wp-content\\\/uploads\\\/2025\\\/01\\\/16_Buchverbrennung.jpg\",\"datePublished\":\"2025-01-28T12:57:02+00:00\",\"dateModified\":\"2025-02-07T20:15:44+00:00\",\"breadcrumb\":{\"@id\":\"https:\\\/\\\/wobronietradycjiiwiary.com\\\/czy-dozyjemy-czarnej-ksiegi-novus-ordo\\\/#breadcrumb\"},\"inLanguage\":\"pl-PL\",\"potentialAction\":[{\"@type\":\"ReadAction\",\"target\":[\"https:\\\/\\\/wobronietradycjiiwiary.com\\\/czy-dozyjemy-czarnej-ksiegi-novus-ordo\\\/\"]}]},{\"@type\":\"ImageObject\",\"inLanguage\":\"pl-PL\",\"@id\":\"https:\\\/\\\/wobronietradycjiiwiary.com\\\/czy-dozyjemy-czarnej-ksiegi-novus-ordo\\\/#primaryimage\",\"url\":\"https:\\\/\\\/wobronietradycjiiwiary.com\\\/wp-content\\\/uploads\\\/2025\\\/01\\\/16_Buchverbrennung.jpg\",\"contentUrl\":\"https:\\\/\\\/wobronietradycjiiwiary.com\\\/wp-content\\\/uploads\\\/2025\\\/01\\\/16_Buchverbrennung.jpg\",\"width\":450,\"height\":246},{\"@type\":\"BreadcrumbList\",\"@id\":\"https:\\\/\\\/wobronietradycjiiwiary.com\\\/czy-dozyjemy-czarnej-ksiegi-novus-ordo\\\/#breadcrumb\",\"itemListElement\":[{\"@type\":\"ListItem\",\"position\":1,\"name\":\"Strona g\u0142\u00f3wna\",\"item\":\"https:\\\/\\\/wobronietradycjiiwiary.com\\\/\"},{\"@type\":\"ListItem\",\"position\":2,\"name\":\"Czy do\u017cyjemy &#8220;Czarnej Ksi\u0119gi Novus Ordo&#8221;?\"}]},{\"@type\":\"WebSite\",\"@id\":\"https:\\\/\\\/wobronietradycjiiwiary.com\\\/pl\\\/#website\",\"url\":\"https:\\\/\\\/wobronietradycjiiwiary.com\\\/pl\\\/\",\"name\":\"Tradycja i Wiara\",\"description\":\"Portal dla katolik\u00f3w.\",\"publisher\":{\"@id\":\"https:\\\/\\\/wobronietradycjiiwiary.com\\\/pl\\\/#organization\"},\"potentialAction\":[{\"@type\":\"SearchAction\",\"target\":{\"@type\":\"EntryPoint\",\"urlTemplate\":\"https:\\\/\\\/wobronietradycjiiwiary.com\\\/pl\\\/?s={search_term_string}\"},\"query-input\":{\"@type\":\"PropertyValueSpecification\",\"valueRequired\":true,\"valueName\":\"search_term_string\"}}],\"inLanguage\":\"pl-PL\"},{\"@type\":\"Organization\",\"@id\":\"https:\\\/\\\/wobronietradycjiiwiary.com\\\/pl\\\/#organization\",\"name\":\"Tradycja i Wiara\",\"url\":\"https:\\\/\\\/wobronietradycjiiwiary.com\\\/pl\\\/\",\"logo\":{\"@type\":\"ImageObject\",\"inLanguage\":\"pl-PL\",\"@id\":\"https:\\\/\\\/wobronietradycjiiwiary.com\\\/pl\\\/#\\\/schema\\\/logo\\\/image\\\/\",\"url\":\"https:\\\/\\\/i0.wp.com\\\/wobronietradycjiiwiary.com\\\/wp-content\\\/uploads\\\/2015\\\/10\\\/cropped-st-peters-dome-vatican.jpg?fit=940%2C198&ssl=1\",\"contentUrl\":\"https:\\\/\\\/i0.wp.com\\\/wobronietradycjiiwiary.com\\\/wp-content\\\/uploads\\\/2015\\\/10\\\/cropped-st-peters-dome-vatican.jpg?fit=940%2C198&ssl=1\",\"width\":940,\"height\":198,\"caption\":\"Tradycja i Wiara\"},\"image\":{\"@id\":\"https:\\\/\\\/wobronietradycjiiwiary.com\\\/pl\\\/#\\\/schema\\\/logo\\\/image\\\/\"},\"sameAs\":[\"https:\\\/\\\/www.facebook.com\\\/Tradycja-i-Wiara-108813920592249\"]},{\"@type\":\"Person\",\"@id\":\"https:\\\/\\\/wobronietradycjiiwiary.com\\\/pl\\\/#\\\/schema\\\/person\\\/2d6180ce6abcb681fef0daab7816e8f3\",\"name\":\"Traditio et Fides\",\"sameAs\":[\"https:\\\/\\\/traditionundglauben.com\"],\"url\":\"https:\\\/\\\/wobronietradycjiiwiary.com\\\/pl\\\/author\\\/wobronietradycjiiwiary\\\/\"}]}<\/script>\n<!-- \/ Yoast SEO plugin. -->","yoast_head_json":{"title":"Czy do\u017cyjemy \"Czarnej Ksi\u0119gi Novus Ordo\"? - Tradycja i Wiara","robots":{"index":"index","follow":"follow","max-snippet":"max-snippet:-1","max-image-preview":"max-image-preview:large","max-video-preview":"max-video-preview:-1"},"canonical":"https:\/\/wobronietradycjiiwiary.com\/pl\/czy-dozyjemy-czarnej-ksiegi-novus-ordo\/","og_locale":"pl_PL","og_type":"article","og_title":"Czy do\u017cyjemy \"Czarnej Ksi\u0119gi Novus Ordo\"? - Tradycja i Wiara","og_description":"O tym, czy do\u017cyjemy rozliczenia Novus Ordo.","og_url":"https:\/\/wobronietradycjiiwiary.com\/pl\/czy-dozyjemy-czarnej-ksiegi-novus-ordo\/","og_site_name":"Tradycja i Wiara","article_publisher":"https:\/\/www.facebook.com\/Tradycja-i-Wiara-108813920592249","article_published_time":"2025-01-28T12:57:02+00:00","article_modified_time":"2025-02-07T20:15:44+00:00","og_image":[{"width":450,"height":246,"url":"https:\/\/wobronietradycjiiwiary.com\/wp-content\/uploads\/2025\/01\/16_Buchverbrennung.jpg","type":"image\/jpeg"}],"author":"Traditio et Fides","twitter_card":"summary_large_image","twitter_misc":{"Napisane przez":"Traditio et Fides","Szacowany czas czytania":"11 minut"},"schema":{"@context":"https:\/\/schema.org","@graph":[{"@type":"Article","@id":"https:\/\/wobronietradycjiiwiary.com\/czy-dozyjemy-czarnej-ksiegi-novus-ordo\/#article","isPartOf":{"@id":"https:\/\/wobronietradycjiiwiary.com\/czy-dozyjemy-czarnej-ksiegi-novus-ordo\/"},"author":{"name":"Traditio et Fides","@id":"https:\/\/wobronietradycjiiwiary.com\/pl\/#\/schema\/person\/2d6180ce6abcb681fef0daab7816e8f3"},"headline":"Czy do\u017cyjemy &#8220;Czarnej Ksi\u0119gi Novus Ordo&#8221;?","datePublished":"2025-01-28T12:57:02+00:00","dateModified":"2025-02-07T20:15:44+00:00","mainEntityOfPage":{"@id":"https:\/\/wobronietradycjiiwiary.com\/czy-dozyjemy-czarnej-ksiegi-novus-ordo\/"},"wordCount":1892,"commentCount":0,"publisher":{"@id":"https:\/\/wobronietradycjiiwiary.com\/pl\/#organization"},"image":{"@id":"https:\/\/wobronietradycjiiwiary.com\/czy-dozyjemy-czarnej-ksiegi-novus-ordo\/#primaryimage"},"thumbnailUrl":"https:\/\/wobronietradycjiiwiary.com\/wp-content\/uploads\/2025\/01\/16_Buchverbrennung.jpg","articleSection":["Duchowo\u015b\u0107","Novus Ordo"],"inLanguage":"pl-PL","potentialAction":[{"@type":"CommentAction","name":"Comment","target":["https:\/\/wobronietradycjiiwiary.com\/czy-dozyjemy-czarnej-ksiegi-novus-ordo\/#respond"]}]},{"@type":"WebPage","@id":"https:\/\/wobronietradycjiiwiary.com\/czy-dozyjemy-czarnej-ksiegi-novus-ordo\/","url":"https:\/\/wobronietradycjiiwiary.com\/czy-dozyjemy-czarnej-ksiegi-novus-ordo\/","name":"Czy do\u017cyjemy \"Czarnej Ksi\u0119gi Novus Ordo\"? - Tradycja i Wiara","isPartOf":{"@id":"https:\/\/wobronietradycjiiwiary.com\/pl\/#website"},"primaryImageOfPage":{"@id":"https:\/\/wobronietradycjiiwiary.com\/czy-dozyjemy-czarnej-ksiegi-novus-ordo\/#primaryimage"},"image":{"@id":"https:\/\/wobronietradycjiiwiary.com\/czy-dozyjemy-czarnej-ksiegi-novus-ordo\/#primaryimage"},"thumbnailUrl":"https:\/\/wobronietradycjiiwiary.com\/wp-content\/uploads\/2025\/01\/16_Buchverbrennung.jpg","datePublished":"2025-01-28T12:57:02+00:00","dateModified":"2025-02-07T20:15:44+00:00","breadcrumb":{"@id":"https:\/\/wobronietradycjiiwiary.com\/czy-dozyjemy-czarnej-ksiegi-novus-ordo\/#breadcrumb"},"inLanguage":"pl-PL","potentialAction":[{"@type":"ReadAction","target":["https:\/\/wobronietradycjiiwiary.com\/czy-dozyjemy-czarnej-ksiegi-novus-ordo\/"]}]},{"@type":"ImageObject","inLanguage":"pl-PL","@id":"https:\/\/wobronietradycjiiwiary.com\/czy-dozyjemy-czarnej-ksiegi-novus-ordo\/#primaryimage","url":"https:\/\/wobronietradycjiiwiary.com\/wp-content\/uploads\/2025\/01\/16_Buchverbrennung.jpg","contentUrl":"https:\/\/wobronietradycjiiwiary.com\/wp-content\/uploads\/2025\/01\/16_Buchverbrennung.jpg","width":450,"height":246},{"@type":"BreadcrumbList","@id":"https:\/\/wobronietradycjiiwiary.com\/czy-dozyjemy-czarnej-ksiegi-novus-ordo\/#breadcrumb","itemListElement":[{"@type":"ListItem","position":1,"name":"Strona g\u0142\u00f3wna","item":"https:\/\/wobronietradycjiiwiary.com\/"},{"@type":"ListItem","position":2,"name":"Czy do\u017cyjemy &#8220;Czarnej Ksi\u0119gi Novus Ordo&#8221;?"}]},{"@type":"WebSite","@id":"https:\/\/wobronietradycjiiwiary.com\/pl\/#website","url":"https:\/\/wobronietradycjiiwiary.com\/pl\/","name":"Tradycja i Wiara","description":"Portal dla katolik\u00f3w.","publisher":{"@id":"https:\/\/wobronietradycjiiwiary.com\/pl\/#organization"},"potentialAction":[{"@type":"SearchAction","target":{"@type":"EntryPoint","urlTemplate":"https:\/\/wobronietradycjiiwiary.com\/pl\/?s={search_term_string}"},"query-input":{"@type":"PropertyValueSpecification","valueRequired":true,"valueName":"search_term_string"}}],"inLanguage":"pl-PL"},{"@type":"Organization","@id":"https:\/\/wobronietradycjiiwiary.com\/pl\/#organization","name":"Tradycja i Wiara","url":"https:\/\/wobronietradycjiiwiary.com\/pl\/","logo":{"@type":"ImageObject","inLanguage":"pl-PL","@id":"https:\/\/wobronietradycjiiwiary.com\/pl\/#\/schema\/logo\/image\/","url":"https:\/\/i0.wp.com\/wobronietradycjiiwiary.com\/wp-content\/uploads\/2015\/10\/cropped-st-peters-dome-vatican.jpg?fit=940%2C198&ssl=1","contentUrl":"https:\/\/i0.wp.com\/wobronietradycjiiwiary.com\/wp-content\/uploads\/2015\/10\/cropped-st-peters-dome-vatican.jpg?fit=940%2C198&ssl=1","width":940,"height":198,"caption":"Tradycja i Wiara"},"image":{"@id":"https:\/\/wobronietradycjiiwiary.com\/pl\/#\/schema\/logo\/image\/"},"sameAs":["https:\/\/www.facebook.com\/Tradycja-i-Wiara-108813920592249"]},{"@type":"Person","@id":"https:\/\/wobronietradycjiiwiary.com\/pl\/#\/schema\/person\/2d6180ce6abcb681fef0daab7816e8f3","name":"Traditio et Fides","sameAs":["https:\/\/traditionundglauben.com"],"url":"https:\/\/wobronietradycjiiwiary.com\/pl\/author\/wobronietradycjiiwiary\/"}]}},"jetpack_publicize_connections":[],"jetpack_sharing_enabled":true,"jetpack_likes_enabled":true,"jetpack_shortlink":"https:\/\/wp.me\/pc04Sd-xG9","jetpack-related-posts":[{"id":19963,"url":"https:\/\/wobronietradycjiiwiary.com\/pl\/peter-kwasniewski-i-uzupelnienie-egzorcyzmu-chrzcielnego\/","url_meta":{"origin":129465,"position":0},"title":"Peter Kwasniewski i uzupe\u0142nienie egzorcyzmu chrzcielnego","author":"Traditio et Fides","date":"25 kwietnia 2019","format":false,"excerpt":"W dzisiejszym artykule Petera Kwasniewskiego na onepeterfive omawiana jest kwestia, czy ochrzczeni w rycie Novus Ordo mog\u0105 dodatkowo prosi\u0107 o egzorcyzm chrzcielny w Vetus Ordo. Kwasniewski cytuj\u0105c czterech ksi\u0119\u017cy twierdzi, \u017ce nie mog\u0105, co by\u0142o i nasz\u0105 odpowiedzi\u0105 przed laty. Obecnie poszerzamy nasz\u0105 odpowied\u017a: Prosi\u0107 teoretycznie mog\u0105, ale praktycznie niczego\u2026","rel":"","context":"W \u201eLiturgia i liturgika&quot;","block_context":{"text":"Liturgia i liturgika","link":"https:\/\/wobronietradycjiiwiary.com\/pl\/category\/duchowosc\/liturgia-i-liturgika\/"},"img":{"alt_text":"","src":"https:\/\/i0.wp.com\/wobronietradycjiiwiary.com\/wp-content\/uploads\/2019\/04\/chrzest.jpg?resize=350%2C200&ssl=1","width":350,"height":200,"srcset":"https:\/\/i0.wp.com\/wobronietradycjiiwiary.com\/wp-content\/uploads\/2019\/04\/chrzest.jpg?resize=350%2C200&ssl=1 1x, https:\/\/i0.wp.com\/wobronietradycjiiwiary.com\/wp-content\/uploads\/2019\/04\/chrzest.jpg?resize=525%2C300&ssl=1 1.5x, https:\/\/i0.wp.com\/wobronietradycjiiwiary.com\/wp-content\/uploads\/2019\/04\/chrzest.jpg?resize=700%2C400&ssl=1 2x"},"classes":[]},{"id":53743,"url":"https:\/\/wobronietradycjiiwiary.com\/pl\/w-novus-ordo-lud-swietuje-sam-siebie-lub-przekonujace-rozwiazanie-sprzecznosci\/","url_meta":{"origin":129465,"position":1},"title":"\u201eW Novus Ordo lud \u015bwi\u0119tuje sam siebie\u201d lub przekonuj\u0105ce rozwi\u0105zanie sprzeczno\u015bci","author":"Traditio et Fides","date":"5 pa\u017adziernika 2021","format":false,"excerpt":"To, co w Polsce wydaje si\u0119 gorsz\u0105cym nadu\u017cyciem liturgicznym jest po prostu konsekwencj\u0105 Novus Ordo. Z w\u0142a\u015bciwej perspektywy, wedle kt\u00f3rej to lud jest w\u0142a\u015bciwym leiturgosem sprzeczno\u015bci rozwi\u0105zuj\u0105 si\u0119 same.","rel":"","context":"W \u201eAd 3) 5. Rola Jungmanna&quot;","block_context":{"text":"Ad 3) 5. Rola Jungmanna","link":"https:\/\/wobronietradycjiiwiary.com\/pl\/category\/doktryna\/teologia-liturgii\/byrne-doktryna\/byrne\/komentarze-do-byrne\/ad-3-pius-xii-ku-zagladzie-komentarze-do-byrne\/ad-3-5-rola-jungmanna-ad-3-pius-xii-ku-zagladzie-komentarze-do-byrne\/"},"img":{"alt_text":"","src":"https:\/\/i0.wp.com\/wobronietradycjiiwiary.com\/wp-content\/uploads\/2021\/10\/8d67243807a033a2c9c742445e319965.jpg?resize=350%2C200&ssl=1","width":350,"height":200},"classes":[]},{"id":53852,"url":"https:\/\/wobronietradycjiiwiary.com\/pl\/konserwatyzm-liturgiczny-novus-ordo-to-kwadratura-kola\/","url_meta":{"origin":129465,"position":2},"title":"Konserwatyzm liturgiczny Novus Ordo to kwadratura ko\u0142a","author":"Traditio et Fides","date":"12 pa\u017adziernika 2021","format":false,"excerpt":"\"Hermeneutyka ci\u0105g\u0142o\u015bci\" od pocz\u0105tku skazana by\u0142a na niepowodzenie, gdy\u017c Novus Ordo z katolicyzmem pogodzi\u0107 si\u0119 nie da. To dwie r\u00f3\u017cne religie.","rel":"","context":"W \u201eAd 3) 5. Rola Jungmanna&quot;","block_context":{"text":"Ad 3) 5. Rola Jungmanna","link":"https:\/\/wobronietradycjiiwiary.com\/pl\/category\/doktryna\/teologia-liturgii\/byrne-doktryna\/byrne\/komentarze-do-byrne\/ad-3-pius-xii-ku-zagladzie-komentarze-do-byrne\/ad-3-5-rola-jungmanna-ad-3-pius-xii-ku-zagladzie-komentarze-do-byrne\/"},"img":{"alt_text":"","src":"https:\/\/i0.wp.com\/wobronietradycjiiwiary.com\/wp-content\/uploads\/2021\/10\/823a1b4625dfeb4c6041df2e9c36610f-jacques-demons.jpg?resize=350%2C200&ssl=1","width":350,"height":200,"srcset":"https:\/\/i0.wp.com\/wobronietradycjiiwiary.com\/wp-content\/uploads\/2021\/10\/823a1b4625dfeb4c6041df2e9c36610f-jacques-demons.jpg?resize=350%2C200&ssl=1 1x, https:\/\/i0.wp.com\/wobronietradycjiiwiary.com\/wp-content\/uploads\/2021\/10\/823a1b4625dfeb4c6041df2e9c36610f-jacques-demons.jpg?resize=525%2C300&ssl=1 1.5x"},"classes":[]},{"id":72509,"url":"https:\/\/wobronietradycjiiwiary.com\/pl\/demony-kpia-z-trojcy-swietej-bo-sie-jej-boja\/","url_meta":{"origin":129465,"position":3},"title":"Demony kpi\u0105 z Tr\u00f3jcy \u015awi\u0119tej, bo si\u0119 jej boj\u0105 lub znowu o liturgii","author":"Traditio et Fides","date":"28 czerwca 2022","format":false,"excerpt":"O tym, jak i dlaczego liturgiczne wezwanie Tr\u00f3jcy \u015awi\u0119tej \"dzia\u0142a\".","rel":"","context":"W \u201eDuchowo\u015b\u0107&quot;","block_context":{"text":"Duchowo\u015b\u0107","link":"https:\/\/wobronietradycjiiwiary.com\/pl\/category\/duchowosc\/"},"img":{"alt_text":"","src":"https:\/\/i0.wp.com\/wobronietradycjiiwiary.com\/wp-content\/uploads\/2022\/06\/tumblr_nl2gm9F73b1u9rrrqo1_1280.jpg?resize=350%2C200&ssl=1","width":350,"height":200,"srcset":"https:\/\/i0.wp.com\/wobronietradycjiiwiary.com\/wp-content\/uploads\/2022\/06\/tumblr_nl2gm9F73b1u9rrrqo1_1280.jpg?resize=350%2C200&ssl=1 1x, https:\/\/i0.wp.com\/wobronietradycjiiwiary.com\/wp-content\/uploads\/2022\/06\/tumblr_nl2gm9F73b1u9rrrqo1_1280.jpg?resize=525%2C300&ssl=1 1.5x, https:\/\/i0.wp.com\/wobronietradycjiiwiary.com\/wp-content\/uploads\/2022\/06\/tumblr_nl2gm9F73b1u9rrrqo1_1280.jpg?resize=700%2C400&ssl=1 2x, https:\/\/i0.wp.com\/wobronietradycjiiwiary.com\/wp-content\/uploads\/2022\/06\/tumblr_nl2gm9F73b1u9rrrqo1_1280.jpg?resize=1050%2C600&ssl=1 3x"},"classes":[]},{"id":91777,"url":"https:\/\/wobronietradycjiiwiary.com\/pl\/to-zmien-pan-zawod-lub-o-ruchu-liturgicznym\/","url_meta":{"origin":129465,"position":4},"title":"&#8220;To zmie\u0144 Pan zaw\u00f3d&#8221; lub o Ruchu Liturgicznym","author":"Traditio et Fides","date":"9 maja 2023","format":false,"excerpt":"Pewna czytelniczka wzi\u0105wszy sobie do serca powielkanocne kazanie \u015bw. Grzegorza Wielkiego o zawodach zakazanych, b\u0119d\u0105cy komentarzem do tego, \u017ce po Zmartwychwstaniu \u015bw. Piotr wr\u00f3ci\u0142 do rybactwa, ale \u015bw. Mateusz nie wr\u00f3ci\u0142 ju\u017c do celnictwa, zapyta\u0142a autora, czy to jedynie dla aposto\u0142\u00f3w istnia\u0142y zawody zakazane, czy te\u017c kategoria zawodu zakazanego obowi\u0105zuje\u2026","rel":"","context":"W \u201eAd 3) 8. Przygotowanie do Novus Ordo&quot;","block_context":{"text":"Ad 3) 8. Przygotowanie do Novus Ordo","link":"https:\/\/wobronietradycjiiwiary.com\/pl\/category\/doktryna\/teologia-liturgii\/byrne-doktryna\/byrne\/komentarze-do-byrne\/ad-3-pius-xii-ku-zagladzie-komentarze-do-byrne\/ad-3-8-przygotowanie-do-novus-ordo-ad-3-pius-xii-ku-zagladzie-komentarze-do-byrne\/"},"img":{"alt_text":"","src":"https:\/\/i0.wp.com\/wobronietradycjiiwiary.com\/wp-content\/uploads\/2023\/05\/P_Villanueva_Messe_im_Lateran.jpg?resize=350%2C200&ssl=1","width":350,"height":200,"srcset":"https:\/\/i0.wp.com\/wobronietradycjiiwiary.com\/wp-content\/uploads\/2023\/05\/P_Villanueva_Messe_im_Lateran.jpg?resize=350%2C200&ssl=1 1x, https:\/\/i0.wp.com\/wobronietradycjiiwiary.com\/wp-content\/uploads\/2023\/05\/P_Villanueva_Messe_im_Lateran.jpg?resize=525%2C300&ssl=1 1.5x"},"classes":[]},{"id":51599,"url":"https:\/\/wobronietradycjiiwiary.com\/pl\/biskup-mutsaerts-korekta-traditionis-custodes-mile-widziana\/","url_meta":{"origin":129465,"position":5},"title":"Biskup Mutsaerts: Korekta [Traditionis Custodes] mile widziana","author":"Traditio et Fides","date":"9 sierpnia 2021","format":false,"excerpt":"Holenderski biskup Rob Mutsaerts ponownie krytykuje Traditionis Custodes.","rel":"","context":"W \u201eTraditionis Custodes&quot;","block_context":{"text":"Traditionis Custodes","link":"https:\/\/wobronietradycjiiwiary.com\/pl\/category\/polemika\/kosciol-posoborowy\/papieze\/papiez-franciszek\/traditionis-custodes\/"},"img":{"alt_text":"","src":"https:\/\/i0.wp.com\/wobronietradycjiiwiary.com\/wp-content\/uploads\/2021\/08\/Saint_Michael_and_the_Dragon.jpg?resize=350%2C200&ssl=1","width":350,"height":200},"classes":[]}],"amp_enabled":true,"jetpack_featured_media_url":"https:\/\/wobronietradycjiiwiary.com\/wp-content\/uploads\/2025\/01\/16_Buchverbrennung.jpg","_links":{"self":[{"href":"https:\/\/wobronietradycjiiwiary.com\/pl\/wp-json\/wp\/v2\/posts\/129465","targetHints":{"allow":["GET"]}}],"collection":[{"href":"https:\/\/wobronietradycjiiwiary.com\/pl\/wp-json\/wp\/v2\/posts"}],"about":[{"href":"https:\/\/wobronietradycjiiwiary.com\/pl\/wp-json\/wp\/v2\/types\/post"}],"author":[{"embeddable":true,"href":"https:\/\/wobronietradycjiiwiary.com\/pl\/wp-json\/wp\/v2\/users\/60508433"}],"replies":[{"embeddable":true,"href":"https:\/\/wobronietradycjiiwiary.com\/pl\/wp-json\/wp\/v2\/comments?post=129465"}],"version-history":[{"count":56,"href":"https:\/\/wobronietradycjiiwiary.com\/pl\/wp-json\/wp\/v2\/posts\/129465\/revisions"}],"predecessor-version":[{"id":129658,"href":"https:\/\/wobronietradycjiiwiary.com\/pl\/wp-json\/wp\/v2\/posts\/129465\/revisions\/129658"}],"wp:featuredmedia":[{"embeddable":true,"href":"https:\/\/wobronietradycjiiwiary.com\/pl\/wp-json\/wp\/v2\/media\/129476"}],"wp:attachment":[{"href":"https:\/\/wobronietradycjiiwiary.com\/pl\/wp-json\/wp\/v2\/media?parent=129465"}],"wp:term":[{"taxonomy":"category","embeddable":true,"href":"https:\/\/wobronietradycjiiwiary.com\/pl\/wp-json\/wp\/v2\/categories?post=129465"},{"taxonomy":"post_tag","embeddable":true,"href":"https:\/\/wobronietradycjiiwiary.com\/pl\/wp-json\/wp\/v2\/tags?post=129465"}],"curies":[{"name":"wp","href":"https:\/\/api.w.org\/{rel}","templated":true}]}}