{"id":129288,"date":"2025-01-28T08:00:00","date_gmt":"2025-01-28T07:00:00","guid":{"rendered":"https:\/\/wobronietradycjiiwiary.com\/?p=129288"},"modified":"2025-02-07T20:27:01","modified_gmt":"2025-02-07T19:27:01","slug":"to-nie-niekompetencja-oni-dokladnie-wiedza-co-robia","status":"publish","type":"post","link":"https:\/\/wobronietradycjiiwiary.com\/pl\/to-nie-niekompetencja-oni-dokladnie-wiedza-co-robia\/","title":{"rendered":"To nie niekompetencja, oni dok\u0142adnie wiedz\u0105, co robi\u0105"},"content":{"rendered":"<div id=\"bsf_rt_marker\"><\/div>\n<p class=\"wp-block-paragraph\"><\/p>\n\n\n\n<p class=\"has-text-align-justify wp-block-paragraph\">Autor stwierdza, \u017ce jest wi\u0119kszym liturgicznym realist\u0105 od Carol Byrne. Brytyjska autorka stale <a href=\"https:\/\/wobronietradycjiiwiary.com\/pl\/carol-byrne-msza-dialogowana-109-z-145-prawdziwosc-swiecen-nizszych\/\">sugeruje<\/a>, \u017ce post\u0119powi teologowie, kt\u00f3rzy doprowadzili do zniesienia ni\u017cszych \u015bwi\u0119ce\u0144 uczynili tak na skutek swoich zwichrowanych teologicznych pogl\u0105d\u00f3w. <\/p>\n\n\n\n<p class=\"has-text-align-justify wp-block-paragraph\">Poniewa\u017c nie znali prawdy o ni\u017cszych \u015bwi\u0119ceniach i dlatego te\u017c je znie\u015bli. Autor idzie o krok dalej s\u0105dz\u0105c, \u017ce wspomniani teologowie ca\u0142\u0105 prawd\u0119 o ni\u017cszych \u015bwi\u0119ceniach znali i w\u0142a\u015bnie dlatego je znie\u015bli.<\/p>\n\n\n\n<p class=\"has-text-align-justify wp-block-paragraph\">Zak\u0142adaj\u0105c, \u017ce B\u00f3g jest istot\u0105 nadprzyrodzon\u0105, a kap\u0142an ma w nadprzyrodzono\u015bci uczestniczy\u0107, by j\u0105 wiernym przekaza\u0107, ni\u017csze \u015bwi\u0119cenia maj\u0105 jak najbardziej sens, b\u0119d\u0105c <a href=\"https:\/\/wobronietradycjiiwiary.com\/pl\/carol-byrne-msza-dialogowana-109-z-145-prawdziwosc-swiecen-nizszych\/\">podzespo\u0142ami <\/a>lub cz\u0119\u015bciami sk\u0142adowymi diakonatu. <\/p>\n\n\n\n<p class=\"has-text-align-justify wp-block-paragraph\">B\u00f3g jest do tego stopnia \u015bwi\u0119ty i wymagaj\u0105cy, \u017ce im wi\u0119cej \u015bwi\u0119ce\u0144 i przygotowa\u0144 do Jego s\u0142u\u017cby tym dla kap\u0142ana lepiej.<\/p>\n\n\n\n<p class=\"has-text-align-justify wp-block-paragraph\">Zak\u0142adaj\u0105c natomiast, \u017ce Boga nie ma, a Ko\u015bci\u00f3\u0142 jest takim samym stowarzyszeniem jak np. Klub Mi\u0142o\u015bnik\u00f3w Waty Cukrowej w\u00f3wczas ani wy\u017csze ani ni\u017csze \u015bwi\u0119cenia sensu nie maj\u0105. <\/p>\n\n\n\n<p class=\"has-text-align-justify wp-block-paragraph\">Tego rodzaju klub musi mie\u0107 jak\u0105\u015b organizacj\u0119 i zarz\u0105d, ale nic nie przemawia przeciwko pe\u0142nej jego demokratyzacji.<\/p>\n\n\n\n<p class=\"has-text-align-justify wp-block-paragraph\">Autor nie rozumie, dlaczego znosz\u0105c ni\u017csze \u015bwi\u0119cenia reformatorzy stan\u0119li w p\u00f3\u0142 drogi nie znosz\u0105c kap\u0142a\u0144stwa jako takiego. <\/p>\n\n\n\n<p class=\"has-text-align-justify wp-block-paragraph\">Wtedy nic by ju\u017c nas od &#8222;kochanych protestant\u00f3w&#8221; nie r\u00f3\u017cni\u0142o, kt\u00f3rzy sakramentalnego kap\u0142a\u0144stwa nie maj\u0105.<\/p>\n\n\n\n<p class=\"has-text-align-justify wp-block-paragraph\">W sumie nie maj\u0105 \u017cadnego, bo kaznodzieje (<em>Preacher, Prediger<\/em>) s\u0105 \u015bwieckimi powo\u0142anymi do danej pos\u0142ugi przez dan\u0105 wsp\u00f3lnot\u0119. Ale na pe\u0142ne zniesienie kap\u0142a\u0144stwa musimy poczeka\u0107 do decyzji Franciszka II lub Franciszka III.<\/p>\n\n\n\n<p class=\"has-text-align-justify wp-block-paragraph\">Pisz\u0105cy te s\u0142owa od lat szuka jakiego\u015b potwierdzenia swojej tezy, \u017ce Watykan zna wymiar \u015bwi\u0119to\u015bci i w\u0142a\u015bnie dlatego go zwalcza. Wydaje si\u0119, \u017ce autor znalaz\u0142 co\u015b, co jego tez\u0119 potwierdza. <\/p>\n\n\n\n<p class=\"has-text-align-justify wp-block-paragraph\">Chodzi o wypowied\u017a zmar\u0142ego egzorcysty, o. Amortha, kt\u00f3ry w wywiadzie z 2000 roku dla czasopisma <em>30 Giorni<\/em> opowiada o pewnym ciekawym zaj\u015bciu w Watykanie, maj\u0105cym miejsce pod koniec pontyfikatu Jana Paw\u0142a II.<\/p>\n\n\n\n<p class=\"has-text-align-justify wp-block-paragraph\">Wywiad zosta\u0142 przedrukowany w ameryka\u0144skim <em><a href=\"https:\/\/christianorder.com\/features\/feature_1996-06-07_b.html\">Christian Order<\/a><\/em>,  kt\u00f3rego interesuj\u0105ce nas fragmenty niniejszym zacytujemy (<strong>podkre\u015blenia <\/strong>nasze): <\/p>\n\n\n\n<blockquote class=\"wp-block-quote is-layout-flow wp-block-quote-is-layout-flow\">\n<p class=\"has-medium-font-size wp-block-paragraph\"><strong>POSTSCRIPTUM<\/strong><\/p>\n<\/blockquote>\n\n\n\n<blockquote class=\"wp-block-quote has-medium-font-size is-layout-flow wp-block-quote-is-layout-flow\">\n<p class=\"wp-block-paragraph\"><strong>Luty 2002<\/strong><\/p>\n<\/blockquote>\n\n\n\n<blockquote class=\"wp-block-quote is-layout-flow wp-block-quote-is-layout-flow\">\n<p class=\"has-medium-font-size wp-block-paragraph\"><strong>St\u0119pienie Miecza Egzorcyzm\u00f3w<\/strong><\/p>\n<\/blockquote>\n\n\n\n<blockquote class=\"wp-block-quote is-layout-flow wp-block-quote-is-layout-flow\">\n<p class=\"has-text-align-justify has-medium-font-size wp-block-paragraph\">Podczas gdy Harry Potter trywializuje okultyzm na zewn\u0105trz, ojciec Gabriele Amorth, za\u0142o\u017cyciel i honorowy prezes Mi\u0119dzynarodowego Stowarzyszenia Egzorcyst\u00f3w, narzeka na wysi\u0142ki Watykanu, <strong>by st\u0142umi\u0107 moc egzorcyst\u00f3w od wewn\u0105trz<\/strong>. <\/p>\n\n\n\n<p class=\"has-text-align-justify has-medium-font-size wp-block-paragraph\">W niedawnym wywiadzie opublikowanym we w\u0142oskim miesi\u0119czniku&nbsp;<em>30 Giorni <\/em>[nr 6, 2001], [Amorth] wypowiedzia\u0142 si\u0119 na temat nowego obrz\u0119du egzorcyzm\u00f3w opracowywanego przez Kongregacj\u0119 ds. Kultu Bo\u017cego:<\/p>\n<\/blockquote>\n\n\n\n<blockquote class=\"wp-block-quote is-layout-flow wp-block-quote-is-layout-flow\">\n<p class=\"has-text-align-justify has-medium-font-size wp-block-paragraph\"><em>\u201eMy wszyscy egzorcy\u015bci, wypr\u00f3bowuj\u0105c modlitwy nowego Rytu [egzorcyzm\u00f3w] ad interim, udowodnili\u015bmy, \u017ce s\u0105 one <strong>ca\u0142kowicie nieskuteczne<\/strong>. Ale z drugiej strony,&nbsp;obrz\u0119d chrztu dzieci wypad\u0142 jeszcze gorzej. <\/em><\/p>\n\n\n\n<p class=\"has-text-align-justify has-medium-font-size wp-block-paragraph\"><em>Zosta\u0142 ca\u0142kowicie&nbsp;przerobiony, tak \u017ce egzorcyzm przeciwko szatanowi zosta\u0142 niemal ca\u0142kowicie&nbsp;wyeliminowany<\/em>&nbsp;&#8230;&nbsp;<em>Ich intencj\u0105 by\u0142o uzbrojenie nas w t\u0119py miecz. Niekt\u00f3re skuteczne modlitwy zosta\u0142y anulowane, modlitwy licz\u0105ce dwana\u015bcie wiek\u00f3w historii. <strong>Zosta\u0142y wpisane nowe, nieskuteczne modlitwy<\/strong><\/em>&nbsp;\u201d .<\/p>\n<\/blockquote>\n\n\n\n<blockquote class=\"wp-block-quote is-layout-flow wp-block-quote-is-layout-flow\">\n<p class=\"has-text-align-justify has-medium-font-size wp-block-paragraph\">Jego jedyn\u0105 desk\u0105 ratunku, jak wyja\u015bni\u0142, by\u0142o to, \u017ce nadal mo\u017cna uzyska\u0107 pozwolenie na korzystanie z tradycyjnego obrz\u0119du [egzorcyzmu]. <\/p>\n\n\n\n<p class=\"has-text-align-justify has-medium-font-size wp-block-paragraph\">Ponadto gorzko narzeka\u0142, \u017ce 150 przeszkolonym i kanonicznie mianowanym egzorcystom <em>\u201ezabroniono&nbsp;wzi\u0119cia udzia\u0142u w publicznej audiencji papieskiej na placu \u015awi\u0119tego Piotra.<\/em>&nbsp;(To)&nbsp;<em>m\u00f3wi wiele o tym, jak egzorcystom Ko\u015bcio\u0142a utrudnia si\u0119&nbsp;ich pos\u0142ug\u0119, jak bardzo s\u0105 \u017ale widziani przez tak wiele ko\u015bcielnych autorytet\u00f3w\u201d.<\/em><\/p>\n<\/blockquote>\n\n\n\n<blockquote class=\"wp-block-quote has-medium-font-size is-layout-flow wp-block-quote-is-layout-flow\">\n<p class=\"wp-block-paragraph\">[&#8230;]\n\n\n\n<p class=\"wp-block-paragraph\">Komentuj\u0105c powy\u017csze wykluczenie 150 egzorcyst\u00f3w, [Amorth] doda\u0142:<\/p>\n<\/blockquote>\n\n\n\n<blockquote class=\"wp-block-quote has-medium-font-size is-layout-flow wp-block-quote-is-layout-flow\">\n<p class=\"has-text-align-justify wp-block-paragraph\"><em>\u201eDym Szatana wdziera si\u0119 wsz\u0119dzie, wsz\u0119dzie. By\u0107 mo\u017ce&nbsp;nie zostali\u015bmy wpuszczeni na audiencj\u0119 u papie\u017ca, poniewa\u017c obawiano si\u0119,&nbsp;<strong>\u017ce wszyscy ci egzorcy\u015bci mogli wyp\u0119dzi\u0107 legiony demon\u00f3w&nbsp;, kt\u00f3re zal\u0119g\u0142y si\u0119 w Watykanie<\/strong>\u201d.<\/em><\/p>\n<\/blockquote>\n\n\n\n<blockquote class=\"wp-block-quote is-layout-flow wp-block-quote-is-layout-flow\">\n<p class=\"has-medium-font-size wp-block-paragraph\">\u201eOjciec \u017cartuje, prawda?\u201d \u2013 odpar\u0142 zaskoczony rozm\u00f3wca, na co ojciec Amorth odrzek\u0142:<\/p>\n<\/blockquote>\n\n\n\n<blockquote class=\"wp-block-quote is-layout-flow wp-block-quote-is-layout-flow\">\n<p class=\"has-text-align-justify has-medium-font-size wp-block-paragraph\"><em>\u201eMo\u017ce to tak brzmie\u0107, ale nie s\u0105dz\u0119, \u017ceby to by\u0142 \u017cart.&nbsp;Nie mam w\u0105tpliwo\u015bci, \u017ce diabe\u0142 <em>przede wszystkim<\/em> kusi wy\u017csz\u0105 hierarchi\u0119 Ko\u015bcio\u0142a&nbsp;, tak jak kusi ka\u017cd\u0105 wy\u017csz\u0105 hierarchi\u0119\u201d.<\/em><\/p>\n<\/blockquote>\n\n\n\n<p class=\"has-text-align-justify wp-block-paragraph\">Wypowied\u017a ta jest dosy\u0107 pora\u017caj\u0105ca. Patrz\u0105c na to \u015bwieckimi oczyma z zewn\u0105trz mo\u017cna by przypuszcza\u0107, \u017ce Nowy Ryt Egzorcyzmu jest dlatego tak nieskuteczny, poniewa\u017c zosta\u0142 napisany przez niekompetentnych ludzi, kt\u00f3rzy pewnych rzeczy nie wiedzieli. <\/p>\n\n\n\n<p class=\"has-text-align-justify wp-block-paragraph\">Ale zakaz wst\u0119pu na audiencj\u0119 papiesk\u0105 dla egzorcyst\u00f3w \u015bwiadczy jednak o tym, \u017ce ci, kt\u00f3rzy ten zakaz wydali &#8211; przypuszczalnie kard. Dziwisz &#8211; dok\u0142adnie w moc egzorcyzm\u00f3w i egzorcyst\u00f3w wierzyli. <\/p>\n\n\n\n<p class=\"has-text-align-justify wp-block-paragraph\">Skoro Jan Pawe\u0142 II spotyka\u0142 si\u0119 z ka\u017cdym, to dlaczego nie z egzorcystami?<\/p>\n\n\n\n<p class=\"has-text-align-justify wp-block-paragraph\">O. Amorth sugeruje, \u017ce albo egzorcy\u015bci sam\u0105 swoj\u0105 obecno\u015bci\u0105 mogli wyp\u0119dzi\u0107 obecne w Watykanie demony albo te\u017c sobie to wyp\u0119dzenie zaplanowali. <\/p>\n\n\n\n<p class=\"has-text-align-justify wp-block-paragraph\">Byli przecie\u017c w przesz\u0142o\u015bci \u015bwi\u0119ci (np. \u015bw. Katarzyna ze Sieny), kt\u00f3rzy demony widzieli i sam\u0105 swoj\u0105 obecno\u015bci\u0105 je wyp\u0119dzali, ale to raczej rzadkie i niepowi\u0105zane z urz\u0119dem. <\/p>\n\n\n\n<p class=\"has-text-align-justify wp-block-paragraph\">Autor nie wie, czy poza samym egzorcyzmem egzorcy\u015bci maj\u0105 jaki\u015b dodatkowy dar postrzegania nadprzyrodzonej rzeczywisto\u015bci. <\/p>\n\n\n\n<p class=\"has-text-align-justify wp-block-paragraph\">My\u015bli jednak, \u017ce du\u017co szybciej mog\u0105 zaobserwowa\u0107 oznaki op\u0119tania ni\u017c kto\u015b, kto jest ich do\u015bwiadcze\u0144 pozbawiony.<\/p>\n\n\n\n<p class=\"has-text-align-justify wp-block-paragraph\">By\u0107 mo\u017ce zobaczyliby, \u017ce ten kardyna\u0142 jest op\u0119tany, ten i tamten r\u00f3wnie\u017c. Mo\u017ce faktycznie egzorcy\u015bci s\u0105 tak znienawidzeni przez demony, \u017ce nie chcia\u0142y doprowadzi\u0107 do obecno\u015bci tych ksi\u0119\u017cy w swoim miejscu zamieszkania &#8211; to jest w Watykanie. <\/p>\n\n\n\n<p class=\"has-text-align-justify wp-block-paragraph\">Wyda\u0142y rozkaz i pos\u0142uszni im go wykonali. Mia\u0142o to miejsce 25 lat temu, a od tego czasu sprawy post\u0105pi\u0142y naprz\u00f3d.<\/p>\n\n\n\n<p class=\"has-text-align-justify wp-block-paragraph\">Pisz\u0105cy te s\u0142owa by\u0142 przez kilka dni w Watykanie na pocz\u0105tku lat 1990-tych. \u017badnych demon\u00f3w nie czu\u0142 ani nie widzia\u0142, ale wtedy nie by\u0142 tak wra\u017cliwy duchowo jak obecnie. <\/p>\n\n\n\n<p class=\"has-text-align-justify wp-block-paragraph\">Demon\u00f3w nadal nie widzi, ale mocno czuje atmosfer\u0119 otaczaj\u0105c\u0105 ludzi lub miejsca, co utrudnia mu \u017cycie. <\/p>\n\n\n\n<p class=\"has-text-align-justify wp-block-paragraph\">W swoim ostatnim miejscu zatrudnienia czu\u0142 si\u0119 tak, jakby porusza\u0142 si\u0119 w\u015br\u00f3d ciemnych, wulkanicznych opar\u00f3w, a wszystko oblepione by\u0142o lepkim brudem.<\/p>\n\n\n\n<p class=\"has-text-align-justify wp-block-paragraph\">Niewykluczone, \u017ce w\u0142a\u015bnie do tego brudu klei\u0142y si\u0119 demony, niewykluczone, \u017ce egzorcy\u015bci widz\u0105 i czuj\u0105 wi\u0119cej.<\/p>\n\n\n\n<p class=\"has-text-align-justify wp-block-paragraph\">Niestety nie tylko Nowy Ryt Egzorcyzm\u00f3w sk\u0142ada si\u0119 z &#8222;ca\u0142kowicie nieskutecznych modlitw&#8221;. Ca\u0142y Novus Ordo si\u0119 z takowych sk\u0142ada. <\/p>\n\n\n\n<p class=\"has-text-align-justify wp-block-paragraph\">Oczywi\u015bcie, \u017ce skuteczno\u015b\u0107 egzorcyzm\u00f3w szybciej i wyra\u017aniej stwierdzi\u0107 ni\u017c np. skuteczno\u015b\u0107 brewiarza Jednak\u017ce w przypadku zmiany ca\u0142ej liturgii stwierdzi\u0107 mo\u017cna, \u017ce ci, kt\u00f3rzy j\u0105 zmienili dok\u0142adnie wiedzieli, co robi\u0105. <\/p>\n\n\n\n<p class=\"has-text-align-justify wp-block-paragraph\">Przecie\u017c kardyna\u0142-ateista ch\u0119tnie by egzorcyst\u00f3w na audiencj\u0119 wpu\u015bci\u0142, by powy\u015bmiewa\u0107 si\u0119 z tych &#8222;\u015bredniowiecznych prze\u017cytk\u00f3w&#8221;, kt\u00f3re niczego nie zmieniaj\u0105 ani niczego nie znacz\u0105. <\/p>\n\n\n\n<p class=\"has-text-align-justify wp-block-paragraph\">Natomiast kardyna\u0142-satanista tego nie zrobi, by nie narazi\u0107 si\u0119 swojemu &#8222;szefowi&#8221;, to jest diab\u0142u.<\/p>\n\n\n\n<p class=\"wp-block-paragraph\">Ci\u0119\u017cko to zaakceptowa\u0107, ale taka jest niestety rzeczywisto\u015b\u0107, kt\u00f3r\u0105 zak\u0142ada\u0142 tak\u017ce o. Amorth <a href=\"https:\/\/wiadomosci.wp.pl\/sekta-satanistow-dziala-w-sercu-watykanu-papiez-wie-6032747338969729a\">m\u00f3wi\u0105c <\/a>o &#8222;satanistach w Watykanie&#8221;. <\/p>\n\n\n\n<p class=\"wp-block-paragraph\"><\/p>\n\n\n\n<div class=\"wp-block-cover aligncenter\" style=\"min-height:361px;aspect-ratio:unset;\"><img fetchpriority=\"high\" decoding=\"async\" width=\"524\" height=\"539\" data-attachment-id=\"115630\" data-permalink=\"https:\/\/wobronietradycjiiwiary.com\/pl\/church-militant-o-naduzyciach-seksualnych-w-bractwie-sw-piusa-x-nowy-cykl\/ec48bf44892c29b895741920e0bdef09-2\/\" data-orig-file=\"https:\/\/wobronietradycjiiwiary.com\/wp-content\/uploads\/2024\/04\/ec48bf44892c29b895741920e0bdef09.jpg\" data-orig-size=\"524,539\" data-comments-opened=\"1\" data-image-meta=\"{&quot;aperture&quot;:&quot;0&quot;,&quot;credit&quot;:&quot;&quot;,&quot;camera&quot;:&quot;&quot;,&quot;caption&quot;:&quot;&quot;,&quot;created_timestamp&quot;:&quot;0&quot;,&quot;copyright&quot;:&quot;&quot;,&quot;focal_length&quot;:&quot;0&quot;,&quot;iso&quot;:&quot;0&quot;,&quot;shutter_speed&quot;:&quot;0&quot;,&quot;title&quot;:&quot;&quot;,&quot;orientation&quot;:&quot;0&quot;}\" data-image-title=\"ec48bf44892c29b895741920e0bdef09\" data-image-description=\"\" data-image-caption=\"\" data-large-file=\"https:\/\/wobronietradycjiiwiary.com\/wp-content\/uploads\/2024\/04\/ec48bf44892c29b895741920e0bdef09.jpg\" class=\"wp-block-cover__image-background wp-image-115630\" alt=\"\" src=\"https:\/\/wobronietradycjiiwiary.com\/wp-content\/uploads\/2024\/04\/ec48bf44892c29b895741920e0bdef09.jpg\" style=\"object-position:57% 0%\" data-object-fit=\"cover\" data-object-position=\"57% 0%\" srcset=\"https:\/\/wobronietradycjiiwiary.com\/wp-content\/uploads\/2024\/04\/ec48bf44892c29b895741920e0bdef09.jpg 524w, https:\/\/wobronietradycjiiwiary.com\/wp-content\/uploads\/2024\/04\/ec48bf44892c29b895741920e0bdef09-450x463.jpg 450w, https:\/\/wobronietradycjiiwiary.com\/wp-content\/uploads\/2024\/04\/ec48bf44892c29b895741920e0bdef09-292x300.jpg 292w, https:\/\/wobronietradycjiiwiary.com\/wp-content\/uploads\/2024\/04\/ec48bf44892c29b895741920e0bdef09-146x150.jpg 146w, https:\/\/wobronietradycjiiwiary.com\/wp-content\/uploads\/2024\/04\/ec48bf44892c29b895741920e0bdef09-12x12.jpg 12w, https:\/\/wobronietradycjiiwiary.com\/wp-content\/uploads\/2024\/04\/ec48bf44892c29b895741920e0bdef09-58x60.jpg 58w, https:\/\/wobronietradycjiiwiary.com\/wp-content\/uploads\/2024\/04\/ec48bf44892c29b895741920e0bdef09-87x90.jpg 87w\" sizes=\"(max-width: 524px) 100vw, 524px\" \/><span aria-hidden=\"true\" class=\"wp-block-cover__background has-background-dim\"><\/span><div class=\"wp-block-cover__inner-container is-layout-flow wp-block-cover-is-layout-flow\">\n<p class=\"has-text-align-center has-large-font-size wp-block-paragraph\"><mark style=\"background-color:rgba(0, 0, 0, 0)\" class=\"has-inline-color has-luminous-vivid-amber-color\"><strong>Spodoba\u0142o si\u0119? Wspieraj nas!<\/strong><\/mark><\/p>\n\n\n\n<p class=\"has-text-align-center wp-block-paragraph\"><strong>Kart\u0105, paypalem lub bezpo\u015brednim przelewem<\/strong>.<\/p>\n\n\n\n<p class=\"has-text-align-center wp-block-paragraph\" style=\"font-size:39px\"><a aria-label=\" (opens in a new tab)\" class=\"ek-link\" href=\"https:\/\/donate.stripe.com\/6oE7uNfHU4nXe2I7su\" target=\"_blank\" rel=\"noreferrer noopener\"><mark style=\"background-color:rgba(0, 0, 0, 0)\" class=\"has-inline-color has-white-color\"><strong>Datki<\/strong> <\/mark><\/a><\/p>\n<\/div><\/div>\n\n\n\n<p class=\"wp-block-paragraph\"><\/p>\n","protected":false},"excerpt":{"rendered":"<p>O tym, dlaczego nie wpuszczono egzorcyst\u00f3w do Watykanu.<\/p>\n","protected":false},"author":60508433,"featured_media":129299,"comment_status":"open","ping_status":"open","sticky":false,"template":"","format":"standard","meta":{"_coblocks_attr":"","_coblocks_dimensions":"","_coblocks_responsive_height":"","_coblocks_accordion_ie_support":"","_exactmetrics_skip_tracking":false,"_jetpack_newsletter_access":"","_jetpack_dont_email_post_to_subs":false,"_jetpack_newsletter_tier_id":0,"_jetpack_memberships_contains_paywalled_content":false,"_wpcom_ai_launchpad_first_post":false,"_jetpack_feature_clip_id":0,"_jetpack_memberships_contains_paid_content":false,"footnotes":"","jetpack_publicize_message":"","jetpack_publicize_feature_enabled":true,"jetpack_social_post_already_shared":true,"jetpack_social_options":{"image_generator_settings":{"template":"highway","enabled":false},"version":2},"_wpas_customize_per_network":false,"jetpack_post_was_ever_published":false},"categories":[610131185],"tags":[],"class_list":["post-129288","post","type-post","status-publish","format-standard","has-post-thumbnail","hentry","category-doktryna"],"yoast_head":"<!-- This site is optimized with the Yoast SEO plugin v28.3 - https:\/\/yoast.com\/product\/yoast-seo-wordpress\/ -->\n<title>To nie niekompetencja, oni dok\u0142adnie wiedz\u0105, co robi\u0105 - Tradycja i Wiara<\/title>\n<meta name=\"robots\" content=\"index, follow, max-snippet:-1, max-image-preview:large, max-video-preview:-1\" \/>\n<link rel=\"canonical\" href=\"https:\/\/wobronietradycjiiwiary.com\/pl\/to-nie-niekompetencja-oni-dokladnie-wiedza-co-robia\/\" \/>\n<meta property=\"og:locale\" content=\"pl_PL\" \/>\n<meta property=\"og:type\" content=\"article\" \/>\n<meta property=\"og:title\" content=\"To nie niekompetencja, oni dok\u0142adnie wiedz\u0105, co robi\u0105 - Tradycja i Wiara\" \/>\n<meta property=\"og:description\" content=\"O tym, dlaczego nie wpuszczono egzorcyst\u00f3w do Watykanu.\" \/>\n<meta property=\"og:url\" content=\"https:\/\/wobronietradycjiiwiary.com\/pl\/to-nie-niekompetencja-oni-dokladnie-wiedza-co-robia\/\" \/>\n<meta property=\"og:site_name\" content=\"Tradycja i Wiara\" \/>\n<meta property=\"article:publisher\" content=\"https:\/\/www.facebook.com\/Tradycja-i-Wiara-108813920592249\" \/>\n<meta property=\"article:published_time\" content=\"2025-01-28T07:00:00+00:00\" \/>\n<meta property=\"article:modified_time\" content=\"2025-02-07T19:27:01+00:00\" \/>\n<meta property=\"og:image\" content=\"https:\/\/wobronietradycjiiwiary.com\/wp-content\/uploads\/2025\/01\/Dem3.jpeg\" \/>\n\t<meta property=\"og:image:width\" content=\"225\" \/>\n\t<meta property=\"og:image:height\" content=\"225\" \/>\n\t<meta property=\"og:image:type\" content=\"image\/jpeg\" \/>\n<meta name=\"author\" content=\"Traditio et Fides\" \/>\n<meta name=\"twitter:card\" content=\"summary_large_image\" \/>\n<meta name=\"twitter:label1\" content=\"Napisane przez\" \/>\n\t<meta name=\"twitter:data1\" content=\"Traditio et Fides\" \/>\n\t<meta name=\"twitter:label2\" content=\"Szacowany czas czytania\" \/>\n\t<meta name=\"twitter:data2\" content=\"5 minut\" \/>\n<script type=\"application\/ld+json\" class=\"yoast-schema-graph\">{\"@context\":\"https:\\\/\\\/schema.org\",\"@graph\":[{\"@type\":\"Article\",\"@id\":\"https:\\\/\\\/wobronietradycjiiwiary.com\\\/to-nie-niekompetencja-oni-dokladnie-wiedza-co-robia\\\/#article\",\"isPartOf\":{\"@id\":\"https:\\\/\\\/wobronietradycjiiwiary.com\\\/to-nie-niekompetencja-oni-dokladnie-wiedza-co-robia\\\/\"},\"author\":{\"name\":\"Traditio et Fides\",\"@id\":\"https:\\\/\\\/wobronietradycjiiwiary.com\\\/pl\\\/#\\\/schema\\\/person\\\/2d6180ce6abcb681fef0daab7816e8f3\"},\"headline\":\"To nie niekompetencja, oni dok\u0142adnie wiedz\u0105, co robi\u0105\",\"datePublished\":\"2025-01-28T07:00:00+00:00\",\"dateModified\":\"2025-02-07T19:27:01+00:00\",\"mainEntityOfPage\":{\"@id\":\"https:\\\/\\\/wobronietradycjiiwiary.com\\\/to-nie-niekompetencja-oni-dokladnie-wiedza-co-robia\\\/\"},\"wordCount\":1214,\"commentCount\":0,\"publisher\":{\"@id\":\"https:\\\/\\\/wobronietradycjiiwiary.com\\\/pl\\\/#organization\"},\"image\":{\"@id\":\"https:\\\/\\\/wobronietradycjiiwiary.com\\\/to-nie-niekompetencja-oni-dokladnie-wiedza-co-robia\\\/#primaryimage\"},\"thumbnailUrl\":\"https:\\\/\\\/wobronietradycjiiwiary.com\\\/wp-content\\\/uploads\\\/2025\\\/01\\\/Dem3.jpeg\",\"articleSection\":[\"Doktryna\"],\"inLanguage\":\"pl-PL\",\"potentialAction\":[{\"@type\":\"CommentAction\",\"name\":\"Comment\",\"target\":[\"https:\\\/\\\/wobronietradycjiiwiary.com\\\/to-nie-niekompetencja-oni-dokladnie-wiedza-co-robia\\\/#respond\"]}]},{\"@type\":\"WebPage\",\"@id\":\"https:\\\/\\\/wobronietradycjiiwiary.com\\\/to-nie-niekompetencja-oni-dokladnie-wiedza-co-robia\\\/\",\"url\":\"https:\\\/\\\/wobronietradycjiiwiary.com\\\/to-nie-niekompetencja-oni-dokladnie-wiedza-co-robia\\\/\",\"name\":\"To nie niekompetencja, oni dok\u0142adnie wiedz\u0105, co robi\u0105 - Tradycja i Wiara\",\"isPartOf\":{\"@id\":\"https:\\\/\\\/wobronietradycjiiwiary.com\\\/pl\\\/#website\"},\"primaryImageOfPage\":{\"@id\":\"https:\\\/\\\/wobronietradycjiiwiary.com\\\/to-nie-niekompetencja-oni-dokladnie-wiedza-co-robia\\\/#primaryimage\"},\"image\":{\"@id\":\"https:\\\/\\\/wobronietradycjiiwiary.com\\\/to-nie-niekompetencja-oni-dokladnie-wiedza-co-robia\\\/#primaryimage\"},\"thumbnailUrl\":\"https:\\\/\\\/wobronietradycjiiwiary.com\\\/wp-content\\\/uploads\\\/2025\\\/01\\\/Dem3.jpeg\",\"datePublished\":\"2025-01-28T07:00:00+00:00\",\"dateModified\":\"2025-02-07T19:27:01+00:00\",\"breadcrumb\":{\"@id\":\"https:\\\/\\\/wobronietradycjiiwiary.com\\\/to-nie-niekompetencja-oni-dokladnie-wiedza-co-robia\\\/#breadcrumb\"},\"inLanguage\":\"pl-PL\",\"potentialAction\":[{\"@type\":\"ReadAction\",\"target\":[\"https:\\\/\\\/wobronietradycjiiwiary.com\\\/to-nie-niekompetencja-oni-dokladnie-wiedza-co-robia\\\/\"]}]},{\"@type\":\"ImageObject\",\"inLanguage\":\"pl-PL\",\"@id\":\"https:\\\/\\\/wobronietradycjiiwiary.com\\\/to-nie-niekompetencja-oni-dokladnie-wiedza-co-robia\\\/#primaryimage\",\"url\":\"https:\\\/\\\/wobronietradycjiiwiary.com\\\/wp-content\\\/uploads\\\/2025\\\/01\\\/Dem3.jpeg\",\"contentUrl\":\"https:\\\/\\\/wobronietradycjiiwiary.com\\\/wp-content\\\/uploads\\\/2025\\\/01\\\/Dem3.jpeg\",\"width\":225,\"height\":225},{\"@type\":\"BreadcrumbList\",\"@id\":\"https:\\\/\\\/wobronietradycjiiwiary.com\\\/to-nie-niekompetencja-oni-dokladnie-wiedza-co-robia\\\/#breadcrumb\",\"itemListElement\":[{\"@type\":\"ListItem\",\"position\":1,\"name\":\"Strona g\u0142\u00f3wna\",\"item\":\"https:\\\/\\\/wobronietradycjiiwiary.com\\\/\"},{\"@type\":\"ListItem\",\"position\":2,\"name\":\"To nie niekompetencja, oni dok\u0142adnie wiedz\u0105, co robi\u0105\"}]},{\"@type\":\"WebSite\",\"@id\":\"https:\\\/\\\/wobronietradycjiiwiary.com\\\/pl\\\/#website\",\"url\":\"https:\\\/\\\/wobronietradycjiiwiary.com\\\/pl\\\/\",\"name\":\"Tradycja i Wiara\",\"description\":\"Portal dla katolik\u00f3w.\",\"publisher\":{\"@id\":\"https:\\\/\\\/wobronietradycjiiwiary.com\\\/pl\\\/#organization\"},\"potentialAction\":[{\"@type\":\"SearchAction\",\"target\":{\"@type\":\"EntryPoint\",\"urlTemplate\":\"https:\\\/\\\/wobronietradycjiiwiary.com\\\/pl\\\/?s={search_term_string}\"},\"query-input\":{\"@type\":\"PropertyValueSpecification\",\"valueRequired\":true,\"valueName\":\"search_term_string\"}}],\"inLanguage\":\"pl-PL\"},{\"@type\":\"Organization\",\"@id\":\"https:\\\/\\\/wobronietradycjiiwiary.com\\\/pl\\\/#organization\",\"name\":\"Tradycja i Wiara\",\"url\":\"https:\\\/\\\/wobronietradycjiiwiary.com\\\/pl\\\/\",\"logo\":{\"@type\":\"ImageObject\",\"inLanguage\":\"pl-PL\",\"@id\":\"https:\\\/\\\/wobronietradycjiiwiary.com\\\/pl\\\/#\\\/schema\\\/logo\\\/image\\\/\",\"url\":\"https:\\\/\\\/i0.wp.com\\\/wobronietradycjiiwiary.com\\\/wp-content\\\/uploads\\\/2015\\\/10\\\/cropped-st-peters-dome-vatican.jpg?fit=940%2C198&ssl=1\",\"contentUrl\":\"https:\\\/\\\/i0.wp.com\\\/wobronietradycjiiwiary.com\\\/wp-content\\\/uploads\\\/2015\\\/10\\\/cropped-st-peters-dome-vatican.jpg?fit=940%2C198&ssl=1\",\"width\":940,\"height\":198,\"caption\":\"Tradycja i Wiara\"},\"image\":{\"@id\":\"https:\\\/\\\/wobronietradycjiiwiary.com\\\/pl\\\/#\\\/schema\\\/logo\\\/image\\\/\"},\"sameAs\":[\"https:\\\/\\\/www.facebook.com\\\/Tradycja-i-Wiara-108813920592249\"]},{\"@type\":\"Person\",\"@id\":\"https:\\\/\\\/wobronietradycjiiwiary.com\\\/pl\\\/#\\\/schema\\\/person\\\/2d6180ce6abcb681fef0daab7816e8f3\",\"name\":\"Traditio et Fides\",\"sameAs\":[\"https:\\\/\\\/traditionundglauben.com\"],\"url\":\"https:\\\/\\\/wobronietradycjiiwiary.com\\\/pl\\\/author\\\/wobronietradycjiiwiary\\\/\"}]}<\/script>\n<!-- \/ Yoast SEO plugin. -->","yoast_head_json":{"title":"To nie niekompetencja, oni dok\u0142adnie wiedz\u0105, co robi\u0105 - Tradycja i Wiara","robots":{"index":"index","follow":"follow","max-snippet":"max-snippet:-1","max-image-preview":"max-image-preview:large","max-video-preview":"max-video-preview:-1"},"canonical":"https:\/\/wobronietradycjiiwiary.com\/pl\/to-nie-niekompetencja-oni-dokladnie-wiedza-co-robia\/","og_locale":"pl_PL","og_type":"article","og_title":"To nie niekompetencja, oni dok\u0142adnie wiedz\u0105, co robi\u0105 - Tradycja i Wiara","og_description":"O tym, dlaczego nie wpuszczono egzorcyst\u00f3w do Watykanu.","og_url":"https:\/\/wobronietradycjiiwiary.com\/pl\/to-nie-niekompetencja-oni-dokladnie-wiedza-co-robia\/","og_site_name":"Tradycja i Wiara","article_publisher":"https:\/\/www.facebook.com\/Tradycja-i-Wiara-108813920592249","article_published_time":"2025-01-28T07:00:00+00:00","article_modified_time":"2025-02-07T19:27:01+00:00","og_image":[{"width":225,"height":225,"url":"https:\/\/wobronietradycjiiwiary.com\/wp-content\/uploads\/2025\/01\/Dem3.jpeg","type":"image\/jpeg"}],"author":"Traditio et Fides","twitter_card":"summary_large_image","twitter_misc":{"Napisane przez":"Traditio et Fides","Szacowany czas czytania":"5 minut"},"schema":{"@context":"https:\/\/schema.org","@graph":[{"@type":"Article","@id":"https:\/\/wobronietradycjiiwiary.com\/to-nie-niekompetencja-oni-dokladnie-wiedza-co-robia\/#article","isPartOf":{"@id":"https:\/\/wobronietradycjiiwiary.com\/to-nie-niekompetencja-oni-dokladnie-wiedza-co-robia\/"},"author":{"name":"Traditio et Fides","@id":"https:\/\/wobronietradycjiiwiary.com\/pl\/#\/schema\/person\/2d6180ce6abcb681fef0daab7816e8f3"},"headline":"To nie niekompetencja, oni dok\u0142adnie wiedz\u0105, co robi\u0105","datePublished":"2025-01-28T07:00:00+00:00","dateModified":"2025-02-07T19:27:01+00:00","mainEntityOfPage":{"@id":"https:\/\/wobronietradycjiiwiary.com\/to-nie-niekompetencja-oni-dokladnie-wiedza-co-robia\/"},"wordCount":1214,"commentCount":0,"publisher":{"@id":"https:\/\/wobronietradycjiiwiary.com\/pl\/#organization"},"image":{"@id":"https:\/\/wobronietradycjiiwiary.com\/to-nie-niekompetencja-oni-dokladnie-wiedza-co-robia\/#primaryimage"},"thumbnailUrl":"https:\/\/wobronietradycjiiwiary.com\/wp-content\/uploads\/2025\/01\/Dem3.jpeg","articleSection":["Doktryna"],"inLanguage":"pl-PL","potentialAction":[{"@type":"CommentAction","name":"Comment","target":["https:\/\/wobronietradycjiiwiary.com\/to-nie-niekompetencja-oni-dokladnie-wiedza-co-robia\/#respond"]}]},{"@type":"WebPage","@id":"https:\/\/wobronietradycjiiwiary.com\/to-nie-niekompetencja-oni-dokladnie-wiedza-co-robia\/","url":"https:\/\/wobronietradycjiiwiary.com\/to-nie-niekompetencja-oni-dokladnie-wiedza-co-robia\/","name":"To nie niekompetencja, oni dok\u0142adnie wiedz\u0105, co robi\u0105 - Tradycja i Wiara","isPartOf":{"@id":"https:\/\/wobronietradycjiiwiary.com\/pl\/#website"},"primaryImageOfPage":{"@id":"https:\/\/wobronietradycjiiwiary.com\/to-nie-niekompetencja-oni-dokladnie-wiedza-co-robia\/#primaryimage"},"image":{"@id":"https:\/\/wobronietradycjiiwiary.com\/to-nie-niekompetencja-oni-dokladnie-wiedza-co-robia\/#primaryimage"},"thumbnailUrl":"https:\/\/wobronietradycjiiwiary.com\/wp-content\/uploads\/2025\/01\/Dem3.jpeg","datePublished":"2025-01-28T07:00:00+00:00","dateModified":"2025-02-07T19:27:01+00:00","breadcrumb":{"@id":"https:\/\/wobronietradycjiiwiary.com\/to-nie-niekompetencja-oni-dokladnie-wiedza-co-robia\/#breadcrumb"},"inLanguage":"pl-PL","potentialAction":[{"@type":"ReadAction","target":["https:\/\/wobronietradycjiiwiary.com\/to-nie-niekompetencja-oni-dokladnie-wiedza-co-robia\/"]}]},{"@type":"ImageObject","inLanguage":"pl-PL","@id":"https:\/\/wobronietradycjiiwiary.com\/to-nie-niekompetencja-oni-dokladnie-wiedza-co-robia\/#primaryimage","url":"https:\/\/wobronietradycjiiwiary.com\/wp-content\/uploads\/2025\/01\/Dem3.jpeg","contentUrl":"https:\/\/wobronietradycjiiwiary.com\/wp-content\/uploads\/2025\/01\/Dem3.jpeg","width":225,"height":225},{"@type":"BreadcrumbList","@id":"https:\/\/wobronietradycjiiwiary.com\/to-nie-niekompetencja-oni-dokladnie-wiedza-co-robia\/#breadcrumb","itemListElement":[{"@type":"ListItem","position":1,"name":"Strona g\u0142\u00f3wna","item":"https:\/\/wobronietradycjiiwiary.com\/"},{"@type":"ListItem","position":2,"name":"To nie niekompetencja, oni dok\u0142adnie wiedz\u0105, co robi\u0105"}]},{"@type":"WebSite","@id":"https:\/\/wobronietradycjiiwiary.com\/pl\/#website","url":"https:\/\/wobronietradycjiiwiary.com\/pl\/","name":"Tradycja i Wiara","description":"Portal dla katolik\u00f3w.","publisher":{"@id":"https:\/\/wobronietradycjiiwiary.com\/pl\/#organization"},"potentialAction":[{"@type":"SearchAction","target":{"@type":"EntryPoint","urlTemplate":"https:\/\/wobronietradycjiiwiary.com\/pl\/?s={search_term_string}"},"query-input":{"@type":"PropertyValueSpecification","valueRequired":true,"valueName":"search_term_string"}}],"inLanguage":"pl-PL"},{"@type":"Organization","@id":"https:\/\/wobronietradycjiiwiary.com\/pl\/#organization","name":"Tradycja i Wiara","url":"https:\/\/wobronietradycjiiwiary.com\/pl\/","logo":{"@type":"ImageObject","inLanguage":"pl-PL","@id":"https:\/\/wobronietradycjiiwiary.com\/pl\/#\/schema\/logo\/image\/","url":"https:\/\/i0.wp.com\/wobronietradycjiiwiary.com\/wp-content\/uploads\/2015\/10\/cropped-st-peters-dome-vatican.jpg?fit=940%2C198&ssl=1","contentUrl":"https:\/\/i0.wp.com\/wobronietradycjiiwiary.com\/wp-content\/uploads\/2015\/10\/cropped-st-peters-dome-vatican.jpg?fit=940%2C198&ssl=1","width":940,"height":198,"caption":"Tradycja i Wiara"},"image":{"@id":"https:\/\/wobronietradycjiiwiary.com\/pl\/#\/schema\/logo\/image\/"},"sameAs":["https:\/\/www.facebook.com\/Tradycja-i-Wiara-108813920592249"]},{"@type":"Person","@id":"https:\/\/wobronietradycjiiwiary.com\/pl\/#\/schema\/person\/2d6180ce6abcb681fef0daab7816e8f3","name":"Traditio et Fides","sameAs":["https:\/\/traditionundglauben.com"],"url":"https:\/\/wobronietradycjiiwiary.com\/pl\/author\/wobronietradycjiiwiary\/"}]}},"jetpack_publicize_connections":[],"jetpack_sharing_enabled":true,"jetpack_likes_enabled":true,"jetpack_shortlink":"https:\/\/wp.me\/pc04Sd-xDi","jetpack-related-posts":[{"id":131614,"url":"https:\/\/wobronietradycjiiwiary.com\/pl\/kohorta-nizszych-swiecen-lub-guz-kaplanstwa\/","url_meta":{"origin":129288,"position":0},"title":"Kohorta ni\u017cszych \u015bwi\u0119ce\u0144 lub &#8222;guz kap\u0142a\u0144stwa&#8221;","author":"Traditio et Fides","date":"17 lutego 2025","format":false,"excerpt":"O ni\u017cszych \u015bwi\u0119ceniach i \u017cyciu \u015bwieckich, kt\u00f3rzy kiedy\u015b takie \u015bwi\u0119cenia otrzymali.","rel":"","context":"W \u201eDoktryna&quot;","block_context":{"text":"Doktryna","link":"https:\/\/wobronietradycjiiwiary.com\/pl\/category\/doktryna\/"},"img":{"alt_text":"","src":"https:\/\/i0.wp.com\/wobronietradycjiiwiary.com\/wp-content\/uploads\/2025\/02\/Liszt_Soutane_intro.jpg?resize=350%2C200&ssl=1","width":350,"height":200},"classes":[]},{"id":128850,"url":"https:\/\/wobronietradycjiiwiary.com\/pl\/wyretuszowana-doktryna-lub-auctorem-fidei-1794-o-niezbywalnosci-nizszych-swiecen\/","url_meta":{"origin":129288,"position":1},"title":"Wyretuszowana doktryna lub \u201eAuctorem fidei\u201d (1794) o niezbywalno\u015bci ni\u017cszych \u015bwi\u0119ce\u0144","author":"Traditio et Fides","date":"21 stycznia 2025","format":false,"excerpt":"O podobie\u0144stwie pomi\u0119dzy pot\u0119pionymi twierdzeniami w \"Auctorem fidei\" a postanowieniami w \"Ministeria quaedam\".","rel":"","context":"W \u201eDoktryna&quot;","block_context":{"text":"Doktryna","link":"https:\/\/wobronietradycjiiwiary.com\/pl\/category\/doktryna\/"},"img":{"alt_text":"","src":"https:\/\/i0.wp.com\/wobronietradycjiiwiary.com\/wp-content\/uploads\/2025\/01\/IMG_0740-1-rotated.jpg?resize=350%2C200&ssl=1","width":350,"height":200},"classes":[]},{"id":124085,"url":"https:\/\/wobronietradycjiiwiary.com\/pl\/ministeria-quaedam-lub-planowany-brak-przychowku\/","url_meta":{"origin":129288,"position":2},"title":"Ministeria quaedam lub planowany brak przych\u00f3wku","author":"Traditio et Fides","date":"19 listopada 2024","format":false,"excerpt":"Tradycyjne stopnie \u015bwi\u0119ce\u0144, kt\u00f3rymi s\u0105 \u015bwi\u0119cenia: ostiariatu, lektoratu, egzorcystatu, akolitatu, subdiakonatu, diakonatu, prezbiteratu zak\u0142adaj\u0105 sta\u0142y dop\u0142yw m\u0119\u017cczyzn, kt\u00f3rzy takowe \u015bwi\u0119cenia posiadaj\u0105 lub posiada\u0107 pragn\u0105. \u015awi\u0119cenia od 4. do 7. wymagane s\u0105 do sprawowania liturgii, gdy\u017c tylko stopniom od akolity wzwy\u017c wolno by\u0142o dotyka\u0107 po\u015bwi\u0119conych naczy\u0144 sakralnych. Poniewa\u017c seminarzy\u015bci stopniowo \u015bwi\u0119cenia\u2026","rel":"","context":"W \u201eKomentarze w\u0142asne do Byrne&quot;","block_context":{"text":"Komentarze w\u0142asne do Byrne","link":"https:\/\/wobronietradycjiiwiary.com\/pl\/category\/doktryna\/teologia-liturgii\/byrne-doktryna\/byrne\/komentarze-do-byrne\/"},"img":{"alt_text":"","src":"https:\/\/i0.wp.com\/wobronietradycjiiwiary.com\/wp-content\/uploads\/2024\/11\/SS.jpg?resize=350%2C200&ssl=1","width":350,"height":200,"srcset":"https:\/\/i0.wp.com\/wobronietradycjiiwiary.com\/wp-content\/uploads\/2024\/11\/SS.jpg?resize=350%2C200&ssl=1 1x, https:\/\/i0.wp.com\/wobronietradycjiiwiary.com\/wp-content\/uploads\/2024\/11\/SS.jpg?resize=525%2C300&ssl=1 1.5x, https:\/\/i0.wp.com\/wobronietradycjiiwiary.com\/wp-content\/uploads\/2024\/11\/SS.jpg?resize=700%2C400&ssl=1 2x"},"classes":[]},{"id":124629,"url":"https:\/\/wobronietradycjiiwiary.com\/pl\/atak-na-kaplanstwo-zaczal-sie-od-zniesienia-nizszych-swiecen\/","url_meta":{"origin":129288,"position":3},"title":"&#8222;Atak na kap\u0142a\u0144stwo&#8221; zacz\u0105\u0142 si\u0119 od zniesienia ni\u017cszych \u015bwi\u0119ce\u0144","author":"Traditio et Fides","date":"3 grudnia 2024","format":false,"excerpt":"O znaczeniu ni\u017cszych \u015bwi\u0119ce\u0144 w przekazie \u0142aski.","rel":"","context":"W \u201eDuchowo\u015b\u0107&quot;","block_context":{"text":"Duchowo\u015b\u0107","link":"https:\/\/wobronietradycjiiwiary.com\/pl\/category\/duchowosc\/"},"img":{"alt_text":"","src":"https:\/\/i0.wp.com\/wobronietradycjiiwiary.com\/wp-content\/uploads\/2024\/12\/Luther-Priesterweihe-Priestermangel-Limburg.jpg?resize=350%2C200&ssl=1","width":350,"height":200,"srcset":"https:\/\/i0.wp.com\/wobronietradycjiiwiary.com\/wp-content\/uploads\/2024\/12\/Luther-Priesterweihe-Priestermangel-Limburg.jpg?resize=350%2C200&ssl=1 1x, https:\/\/i0.wp.com\/wobronietradycjiiwiary.com\/wp-content\/uploads\/2024\/12\/Luther-Priesterweihe-Priestermangel-Limburg.jpg?resize=525%2C300&ssl=1 1.5x, https:\/\/i0.wp.com\/wobronietradycjiiwiary.com\/wp-content\/uploads\/2024\/12\/Luther-Priesterweihe-Priestermangel-Limburg.jpg?resize=700%2C400&ssl=1 2x"},"classes":[]},{"id":129696,"url":"https:\/\/wobronietradycjiiwiary.com\/pl\/carol-byrne-msza-dialogowana-110-z-145-postawy-wobec-swiecen-nizszych-w-okresie-przed-i-po-ruchu-liturgicznym\/","url_meta":{"origin":129288,"position":4},"title":"Carol Byrne, &#8222;Msza dialogowana&#8221;. (110 z 153). Postawy wobec \u015bwi\u0119ce\u0144 ni\u017cszych w okresie przed i po ruchu liturgicznym.","author":"Traditio et Fides","date":"4 lutego 2025","format":false,"excerpt":"Neomarksistowskie korzenie zniesienia ni\u017cszych \u015bwi\u0119ce\u0144.","rel":"","context":"W \u201eByrne, \"Msza dialogowana\"&quot;","block_context":{"text":"Byrne, \"Msza dialogowana\"","link":"https:\/\/wobronietradycjiiwiary.com\/pl\/category\/doktryna\/teologia-liturgii\/byrne-doktryna\/byrne\/"},"img":{"alt_text":"","src":"https:\/\/i0.wp.com\/wobronietradycjiiwiary.com\/wp-content\/uploads\/2019\/10\/carreno-de-miranda.jpg?resize=350%2C200&ssl=1","width":350,"height":200,"srcset":"https:\/\/i0.wp.com\/wobronietradycjiiwiary.com\/wp-content\/uploads\/2019\/10\/carreno-de-miranda.jpg?resize=350%2C200&ssl=1 1x, https:\/\/i0.wp.com\/wobronietradycjiiwiary.com\/wp-content\/uploads\/2019\/10\/carreno-de-miranda.jpg?resize=525%2C300&ssl=1 1.5x, https:\/\/i0.wp.com\/wobronietradycjiiwiary.com\/wp-content\/uploads\/2019\/10\/carreno-de-miranda.jpg?resize=700%2C400&ssl=1 2x"},"classes":[]},{"id":127390,"url":"https:\/\/wobronietradycjiiwiary.com\/pl\/carol-byrne-msza-dialogowana-106-z-129-nie-cala-prawda-ani-nawet-jej-polowa\/","url_meta":{"origin":129288,"position":5},"title":"Carol Byrne, &#8222;Msza dialogowana&#8221;. (106 z 153). Nie ca\u0142a prawda, ani nawet jej po\u0142owa.","author":"Traditio et Fides","date":"31 grudnia 2024","format":false,"excerpt":"O \u015bwi\u0119ceniach ni\u017cszych i ich znaczeniu.","rel":"","context":"W \u201eByrne, \"Msza dialogowana\"&quot;","block_context":{"text":"Byrne, \"Msza dialogowana\"","link":"https:\/\/wobronietradycjiiwiary.com\/pl\/category\/doktryna\/teologia-liturgii\/byrne-doktryna\/byrne\/"},"img":{"alt_text":"","src":"https:\/\/i0.wp.com\/wobronietradycjiiwiary.com\/wp-content\/uploads\/2019\/10\/carreno-de-miranda.jpg?resize=350%2C200&ssl=1","width":350,"height":200,"srcset":"https:\/\/i0.wp.com\/wobronietradycjiiwiary.com\/wp-content\/uploads\/2019\/10\/carreno-de-miranda.jpg?resize=350%2C200&ssl=1 1x, https:\/\/i0.wp.com\/wobronietradycjiiwiary.com\/wp-content\/uploads\/2019\/10\/carreno-de-miranda.jpg?resize=525%2C300&ssl=1 1.5x, https:\/\/i0.wp.com\/wobronietradycjiiwiary.com\/wp-content\/uploads\/2019\/10\/carreno-de-miranda.jpg?resize=700%2C400&ssl=1 2x"},"classes":[]}],"jetpack_featured_media_url":"https:\/\/wobronietradycjiiwiary.com\/wp-content\/uploads\/2025\/01\/Dem3.jpeg","_links":{"self":[{"href":"https:\/\/wobronietradycjiiwiary.com\/pl\/wp-json\/wp\/v2\/posts\/129288","targetHints":{"allow":["GET"]}}],"collection":[{"href":"https:\/\/wobronietradycjiiwiary.com\/pl\/wp-json\/wp\/v2\/posts"}],"about":[{"href":"https:\/\/wobronietradycjiiwiary.com\/pl\/wp-json\/wp\/v2\/types\/post"}],"author":[{"embeddable":true,"href":"https:\/\/wobronietradycjiiwiary.com\/pl\/wp-json\/wp\/v2\/users\/60508433"}],"replies":[{"embeddable":true,"href":"https:\/\/wobronietradycjiiwiary.com\/pl\/wp-json\/wp\/v2\/comments?post=129288"}],"version-history":[{"count":47,"href":"https:\/\/wobronietradycjiiwiary.com\/pl\/wp-json\/wp\/v2\/posts\/129288\/revisions"}],"predecessor-version":[{"id":129648,"href":"https:\/\/wobronietradycjiiwiary.com\/pl\/wp-json\/wp\/v2\/posts\/129288\/revisions\/129648"}],"wp:featuredmedia":[{"embeddable":true,"href":"https:\/\/wobronietradycjiiwiary.com\/pl\/wp-json\/wp\/v2\/media\/129299"}],"wp:attachment":[{"href":"https:\/\/wobronietradycjiiwiary.com\/pl\/wp-json\/wp\/v2\/media?parent=129288"}],"wp:term":[{"taxonomy":"category","embeddable":true,"href":"https:\/\/wobronietradycjiiwiary.com\/pl\/wp-json\/wp\/v2\/categories?post=129288"},{"taxonomy":"post_tag","embeddable":true,"href":"https:\/\/wobronietradycjiiwiary.com\/pl\/wp-json\/wp\/v2\/tags?post=129288"}],"curies":[{"name":"wp","href":"https:\/\/api.w.org\/{rel}","templated":true}]}}