{"id":127308,"date":"2025-01-08T08:15:50","date_gmt":"2025-01-08T07:15:50","guid":{"rendered":"https:\/\/wobronietradycjiiwiary.com\/?p=127308"},"modified":"2025-02-10T11:29:46","modified_gmt":"2025-02-10T10:29:46","slug":"8-go-stycznia-zywot-swietego-seweryna-opata-4","status":"publish","type":"post","link":"https:\/\/wobronietradycjiiwiary.com\/pl\/8-go-stycznia-zywot-swietego-seweryna-opata-4\/","title":{"rendered":"8-go Stycznia. \u017bywot \u015bwi\u0119tego Seweryna, Opata."},"content":{"rendered":"<div id=\"bsf_rt_marker\"><\/div>\n<p class=\"has-text-align-center wp-block-paragraph\"><em>(\u017by\u0142 oko\u0142o roku Pa\u0144skiego 480).<\/em><\/p>\n\n\n\n<figure class=\"wp-block-image\"><a href=\"https:\/\/pl.wikisource.org\/wiki\/Plik:%C5%BBywoty_%C5%9Bw._Pa%C5%84skich_na_wszystkie_dnie_roku-Inicja%C5%82-S.png\"><img decoding=\"async\" src=\"https:\/\/upload.wikimedia.org\/wikipedia\/commons\/thumb\/a\/a3\/%C5%BBywoty_%C5%9Bw._Pa%C5%84skich_na_wszystkie_dnie_roku-Inicja%C5%82-S.png\/55px-%C5%BBywoty_%C5%9Bw._Pa%C5%84skich_na_wszystkie_dnie_roku-Inicja%C5%82-S.png\" alt=\"S\"\/><\/a><\/figure>\n\n\n\n<p class=\"has-text-align-justify wp-block-paragraph\">Sk\u0105d ten \u015awi\u0119ty pochodzi\u0142, sk\u0105d przyszed\u0142, nikt nie wiedzia\u0142 za \u017cycia jego i my nie wiemy do dzi\u015b dnia. Gdy go razu jednego pyta\u0142 o to przyjaciel, kap\u0142an Pirmeniusz, tak\u0105 da\u0142 mu odpowied\u017a: \u201eCo s\u0142uga Bo\u017cy ma opowiada\u0107 o swej ojczy\u017anie i o swem pochodzeniu? Dla chrze\u015bcijanina ojczyzn\u0105 Niebo \u2014 i o tej ojczy\u017anie pami\u0119tajmy.\u201c S\u0105dz\u0105c po mowie, zwyczajach, postaci, zdaje si\u0119, \u017ce pochodzi\u0142 ze Wschodu lub z Afryki, \u017ce si\u0119 chowa\u0142 mi\u0119dzy pustelnikami, zanim przyby\u0142 nad Dunaj, do krain nale\u017c\u0105cych do dzisiejszej Austryi. By\u0142 wspania\u0142ej postaci, kt\u00f3ra wzbudza\u0142a mimowolny szacunek. Na go\u0142em ciele nosi\u0142 d\u0142ug\u0105, ubog\u0105 szat\u0119. Zim\u0105 i latem chodzi\u0142 boso i z go\u0142\u0105 g\u0142ow\u0105. Dzie\u0144 po\u015bwi\u0119ca\u0142 na modlitw\u0119 i rozmy\u015blania, i dopiero po zachodzie s\u0142o\u0144ca posila\u0142 si\u0119 lich\u0105 straw\u0105.<\/p>\n\n\n\n<p class=\"has-text-align-justify wp-block-paragraph\"><br>\u2009Mimo surowego \u017cycia by\u0142 nader uprzejmy i ludzki dla ka\u017cdego. Czasy, w kt\u00f3rych si\u0119 zjawi\u0142 \u2014 by\u0142o to w po\u0142owie 5-go wieku \u2014 by\u0142y op\u0142akane dla cesarstwa Rzymskiego.\u00a0Attyla, kr\u00f3l Hunn\u00f3w, kt\u00f3ry si\u0119 zwa\u0142 \u201ebiczem Bo\u017cym\u201c, najecha\u0142 z dzik\u0105 sw\u0105 hord\u0105 prowincye rzymskie, krainy nad Dunajem, pal\u0105c i pustosz\u0105c miasta i sio\u0142a, w pie\u0144 wycinaj\u0105c mieszka\u0144c\u00f3w.<br>\u2009Seweryn rozpocz\u0105\u0142 prac\u0119 misyonarsk\u0105 w osadzie Asturys, niedaleko dzisiejszego Wiednia. B\u00f3g mu objawi\u0142, \u017ce na to miasto przyjdzie straszna plaga. Wi\u0119c wzywa\u0142 mieszka\u0144c\u00f3w do pokuty, upomina\u0142, \u017ceby modlitw\u0105, postem i ja\u0142mu\u017cn\u0105 b\u0142agali Boga o odwr\u00f3cenie nieszcz\u0119\u015bcia. Ludzie \u015bmiali si\u0119 z niego i z jego przepowiedni. Seweryn opu\u015bci\u0142 wi\u0119c to miasto i osiad\u0142 w mie\u015bcie Komanis. Niebawem nadci\u0105gn\u0105\u0142 nieprzyjaciel, napad\u0142 na mieszka\u0144c\u00f3w w Asturys, miasto zr\u00f3wna\u0142 z ziemi\u0105, a obywateli wymordowa\u0142 a\u017c do jednego, u kt\u00f3rego mieszka\u0142 by\u0142 Seweryn.<\/p>\n\n\n\n<p class=\"has-text-align-justify wp-block-paragraph\">I w Komanis zapowiada\u0142 pomst\u0119 Pana Boga, wo\u0142a\u0142 do pokuty \u2014 wtem przybywa on jeden jedyny, kt\u00f3ry by\u0142 uszed\u0142 pogromu i opowiedzia\u0142 okropny koniec swego miasta. Przel\u0119kli si\u0119 Koma\u0144czycy, jak Niniwici wo\u0142ali w po\u015bcie i modlitwie do Boga, i B\u00f3g ich wys\u0142ucha\u0142. Nieprzyjaciel nadci\u0105gn\u0105\u0142, ju\u017c podst\u0105pi\u0142 pod mury, naraz powsta\u0142o wielkie trz\u0119sienie ziemi, czem przera\u017cone hordy najezdc\u00f3w rozpierzch\u0142y si\u0119 na wszystkie strony, i miasto ocala\u0142o.<br><\/p>\n\n\n\n<p class=\"has-text-align-justify wp-block-paragraph\">Te i inne przepowiednie, kt\u00f3re si\u0119 zi\u015bci\u0142y, i cuda, kt\u00f3re Seweryn czyni\u0142, rozs\u0142awi\u0142y imi\u0119 jego daleko.<\/p>\n\n\n\n<p class=\"has-text-align-justify wp-block-paragraph\"><br>\u2009Mieszka\u0144cy miasta Fawiany (dzisiejszy Wiede\u0144) cierpieli wielki g\u0142\u00f3d, gdy\u017c Dunaj zamarz\u0142 zbyt wcze\u015bnie, st\u0105d statki ze zbo\u017cem nie mog\u0142y dop\u0142yn\u0105\u0107. W tym ucisku zaprosili do siebie Seweryna. Wzywa\u0142 ich, jak zwykle, do pokuty. Ludzie ch\u0119tnie s\u0142uchali, pokut\u0119 czynili, i sta\u0142o si\u0119, \u017ce lody p\u0119k\u0142y na rzece, odp\u0142yn\u0119\u0142y, i statki ze zbo\u017cem mog\u0142y dotrze\u0107 do miasta. Po kazaniu, kt\u00f3re mia\u0142 do ludu, Seweryn wracaj\u0105c do domu napotka\u0142 bogat\u0105, lecz chciw\u0105 na zyski niewiast\u0119, kt\u00f3ra wiele zbo\u017ca by\u0142a tanio zakupi\u0142a, lecz przechowywa\u0142a je w ukryciu, czekaj\u0105c, a\u017c si\u0119 cena jeszcze wi\u0119cej podniesie. Z o\u015bwiecenia Boskiego przenikn\u0105\u0142 jej serce i tak si\u0119 do niej odezwie: \u201eJeste\u015b chrze\u015bcijank\u0105 i szlachetnego rodu, a taka\u015b chciwa! Strze\u017c si\u0119, ratuj si\u0119 zawczasu, rozdaj, co masz, na ubogich.\u201c Wp\u0142yw tego \u015awi\u0119tego by\u0142 wielki. Nawracali si\u0119 i najgorsi grzesznicy.<br><\/p>\n\n\n\n<p class=\"has-text-align-justify wp-block-paragraph\">\u2009Seweryn postanowi\u0142 usun\u0105\u0107 si\u0119 od zgie\u0142ku \u015bwiata, by tem lepiej s\u0142u\u017cy\u0107 Bogu. Obra\u0142 sobie niedaleko pustelni\u0119, i tu oddawa\u0142 si\u0119 modlitwie i umartwieniu, nie przyj\u0105wszy ofiarowanej sobie godno\u015bci Biskupiej. Zwolna przybywa\u0142o do\u0144 niema\u0142o m\u0119\u017c\u00f3w, kt\u00f3rzy pragn\u0119li go na\u015bladowa\u0107. Pobudowali sobie sza\u0142asy, \u017cyli po klasztornemu, buduj\u0105c si\u0119 nauk\u0105 i przyk\u0142adem \u015awi\u0119tego. Z czasem powsta\u0142a tam osada, wie\u015b\u00a0Seweringa, p\u00f3\u017aniej przezwana\u00a0Heiligenstadt czyli miasto \u015awi\u0119tych, albowiem niema\u0142o \u015bwi\u0119tych M\u0119\u017c\u00f3w st\u0105d wysz\u0142o. Kto tylko potrzebowa\u0142 porady i ratunku, przybywa\u0142 do Seweryna, a on s\u0142u\u017cy\u0142 ka\u017cdemu. B\u00f3g wspiera\u0142 te\u017c prac\u0119 s\u0142ugi Swego cudami. I tak mi\u0119dzy innemi uzdrowi\u0142 12-letniego ch\u0142opca chromego na r\u0119kach i nogach, przywracaj\u0105c zdrowie tr\u0119dowatym, \u015blepym i niemym. Gdy rzeka Dunaj wyla\u0142a daleko i szeroko oko\u0142o osady Kinzig, Seweryn uczyni\u0142 znak Krzy\u017ca \u015bwi\u0119tego, woda ust\u0105pi\u0142a, i po dzi\u015b dzie\u0144 mimo wylew\u00f3w, nie dochodzi do miejsca, gdzie stoi ko\u015bci\u00f3\u0142. Najmilszymi przyjaci\u00f3\u0142mi byli mu ubodzy i utrapieni. Gdzie tylko si\u0119 zjawi\u0142, zostawia\u0142 po sobie \u015blady nauki i dobrych uczynk\u00f3w. Mieszka\u0144com Passawy i Salzburga przepowiedzia\u0142 zgub\u0119 je\u015bli si\u0119 nie poprawi\u0105. I przysz\u0142o zatracenie. Miasto obr\u00f3cono w perzyn\u0119, bo kr\u00f3l Merul\u00f3w, Odoaker (Ottokar), ci\u0105gn\u0105c z sw\u0105 hord\u0105 do W\u0142och, odwiedzi\u0142 \u015bwi\u0119tego Seweryna w jego pustelni, okryty miasto p\u0142aszcza sk\u00f3r\u0105 zwierz\u0119cia. Pozna\u0142 go jednak Seweryn i rzek\u0142: \u201eId\u017a, bracie ubogo odziany, ale wnet b\u0119dziesz m\u00f3g\u0142 rozdawa\u0107 wielkie skarby.\u201c Przepowiednia zi\u015bci\u0142a si\u0119. Odoaker bowiem zaj\u0105\u0142 W\u0142ochy. Napisa\u0142 wi\u0119c list do Seweryna, dzi\u0119kuj\u0105c mu za szcz\u0119\u015bliw\u0105 przepowiedni\u0119 i obiecuj\u0105c, \u017ce wszystko uczyni, o co go tylko poprosi. Seweryn prosi\u0142, aby wygna\u0144c\u00f3w i je\u0144c\u00f3w wypu\u015bci\u0142 z niewoli, co te\u017c kr\u00f3l ch\u0119tnie uczyni\u0142.<\/p>\n\n\n\n<p class=\"has-text-align-justify wp-block-paragraph\"><br>\u2009Blizko trzydzie\u015bci lat aposto\u0142owa\u0142 Seweryn w rozmaitych stronach, a B\u00f3g pracy jego b\u0142ogos\u0142awi\u0142 i chrze\u015bcija\u0144stwo osta\u0142o si\u0119 mimo tyle z\u0142ego.<\/p>\n\n\n\n<p class=\"has-text-align-justify wp-block-paragraph\"><br>\u2009Czuj\u0105c nadchodz\u0105cy koniec, przepowiedzia\u0142 dzie\u0144 i godzin\u0119 swej \u015bmierci, ciesz\u0105c si\u0119, \u017ce ju\u017c idzie do Pana po zap\u0142at\u0119. Przyj\u0105wszy z wielkiem nabo\u017ce\u0144stwem ostatnie\u00a0Sakramenta \u015bwi\u0119te, braci\u0119 sw\u0105, wsp\u00f3\u0142pracownik\u00f3w, upomnia\u0142 by si\u0119 wzajemnie mi\u0142owali, nast\u0119pnie ka\u017cdego z osobna u\u015bcisn\u0105wszy, udzieli\u0142 b\u0142ogos\u0142awie\u0144stwa. Poprosi\u0142 ich te\u017c, by \u015bpiewali Psalm jaki, a gdy dla p\u0142aczu nie mogli, sam zanuci\u0142:\u00a0Omnis spiritus laudet Dominum \u2014 Niech wszelki duch chwali Pana \u2014 i tak skona\u0142 dnia 8 stycznia roku 482. Cia\u0142o jego niezepsute, s\u0142odko woniej\u0105ce, przeniesiono do Neapolu, gdzie wspania\u0142y na cze\u015b\u0107 jego wybudowany jest klasztor.<br><\/p>\n\n\n\n<h3 class=\"wp-block-heading\"><strong>Nauka moralna.<\/strong><\/h3>\n\n\n\n<p class=\"wp-block-paragraph\">\u2009\u015awi\u0119ty Seweryn z wielkiej \u017carliwo\u015bci o zbawienie dusz z dalekich przyby\u0142 kraj\u00f3w, by o\u015bwieca\u0107, poucza\u0107, nawraca\u0107. Niejeden nie dba nawet o w\u0142asn\u0105 dusz\u0119.<br>\u2009Dla przeb\u0142agania gniewu Pana Boga ten Aposto\u0142 kraj\u00f3w Naddunajskich poleca\u0142 modlitw\u0119, post i ja\u0142mu\u017cn\u0119.<br>\u2009Zbawienny to i wypr\u00f3bowany spos\u00f3b.<br>\u2009Mamy liczne wyroki Pisma \u015bw. o wielkiej skuteczno\u015bci tych trzech najprzedniejszych dobrych uczynk\u00f3w. Modlitw\u0105 i postem Niniwici przeb\u0142agali gniew Pana Boga, odwr\u00f3cili zapowiedzian\u0105 przez Proroka Jonasza zag\u0142ad\u0119.<br>\u2009O ja\u0142mu\u017cnie m\u00f3wi Pismo \u015bwi\u0119te,\u00a0\u017ce g\u0142adzi grzechy (Tob. 12, 6). Ale to si\u0119 nie tak ma rozumie\u0107, jakby przez ja\u0142mu\u017cn\u0119 odpuszcza\u0142y si\u0119 grzechy wprost, bo grzechy odpuszczaj\u0105 si\u0119 tylko przez \u017cal doskona\u0142y, przez szczer\u0105 spowied\u017a i rozgrzeszenie kap\u0142a\u0144skie; lecz ja\u0142mu\u017cna\u00a0wyprasza u Boga \u0142ask\u0119 o\u015bwiecenia rozumu, poznania stanu duszy, \u0142ask\u0119 \u017calu, odprawienia dobrej spowiedzi i nawr\u00f3cenia si\u0119.<\/p>\n\n\n\n<p class=\"has-text-align-justify wp-block-paragraph\"><br>\u2009Przez ja\u0142mu\u017cn\u0119 g\u0142adz\u0105 si\u0119\u00a0kary doczesne za grzechy odpuszczone. Ja\u0142mu\u017cna czyni, \u017ce cz\u0142owiek dost\u0105pi mi\u0142osierdzia i zbawienia. (Tob. 12). B\u00f3g patrz\u0105c na mi\u0142osierdzie, \u015bwiadczone ubogim, potrzebuj\u0105cym, odwr\u00f3ci wiele pokus, da moc naprzeciw z\u0142emu, dopomo\u017ce do zwyci\u0119stwa.\u00a0B\u0142ogos\u0142awieni mi\u0142osierni, albowiem oni mi\u0142osierdzia dost\u0105pi\u0105. W taki spos\u00f3b mo\u017ce by\u0107 kluczem do Nieba, nie m\u00f3wi\u0105c ju\u017c nic o nagrodzie doczesnej. Ja\u0142mu\u017cna nie zubo\u017cy. B\u00f3g b\u0142ogos\u0142awi pracy, przedsi\u0119wzi\u0119ciom \u2014 ma tysi\u0105czne sposoby wynagrodzenia za uczynno\u015b\u0107, za mi\u0142osierdzie, wy\u015bwiadczone bli\u017aniemu.<br><\/p>\n\n\n\n<h3 class=\"wp-block-heading\"><strong>Modlitwa.<\/strong><\/h3>\n\n\n\n<blockquote class=\"wp-block-quote is-layout-flow wp-block-quote-is-layout-flow\"><p>\u2009Bo\u017ce, kt\u00f3ry\u015b przez \u015bwi\u0119tego Seweryna wielu grzesznik\u00f3w do czynienia godnych owoc\u00f3w pokuty przywodzi\u0107 raczy\u0142: spraw mi\u0142o\u015bciwie, aby\u015bmy za wstawieniem si\u0119 jego, szczerem do Ciebie nawr\u00f3ceniem odwr\u00f3cili nale\u017cne nam przed sprawiedliwo\u015bci\u0105 Twoj\u0105 za grzechy nasze kary. Przez Pana naszego Jezusa Chrystusa, kt\u00f3ry z Bogiem Ojcem i Duchem \u015bwi\u0119tym \u017cyje i kr\u00f3luje na wieki wiek\u00f3w. Amen.<\/p><\/blockquote>\n\n\n\n<figure class=\"wp-block-table\"><table><tbody><tr><td>\u2217&nbsp;&nbsp;&nbsp;&nbsp;&nbsp;&nbsp;&nbsp;&nbsp;&nbsp;&nbsp;&nbsp;&nbsp;&nbsp;&nbsp;&nbsp;&nbsp;&nbsp;&nbsp;&nbsp;&nbsp;\u2217<br>\u2217<\/td><\/tr><\/tbody><\/table><\/figure>\n\n\n\n<p class=\"wp-block-paragraph\"><em>Opr\u00f3cz tego obchodzi Ko\u015bci\u00f3\u0142 \u015bwi\u0119ty pami\u0105tk\u0119 nast\u0119puj\u0105cych \u015awi\u0119tych Pa\u0144skich, zamieszczonych w rzymskiem martyrologium:<\/em><\/p>\n\n\n\n<p class=\"has-text-align-justify wp-block-paragraph\">\u2009<strong>Dnia 8-go stycznia<\/strong>&nbsp;w Beauvais we Francyi \u015bw.&nbsp;Lucyana, Kap\u0142ana i \u015bwi\u0119tych&nbsp;Maksymiana i Juliana; dwaj ostatni zostali mieczem \u015bci\u0119ci przez swych prze\u015bladowc\u00f3w; natomiast \u015bw.&nbsp;Lucyan, przyby\u0142y z \u015bwi\u0119tym Dyonizym do Francyi, r\u00f3wn\u0105 zyska\u0142 palm\u0119 m\u0119cze\u0144sk\u0105, poniewa\u017c mimo okrutnego biczowania nie przesta\u0142 wychwala\u0107 Imienia Jezus. \u2014 Tego samego dnia \u015bwi\u0119tego&nbsp;Eugenianusa, M\u0119czennika. \u2014 W Libii \u015bw.&nbsp;Teofila i Helladiusa, kt\u00f3rzy nasamprz\u00f3d gro\u017anie zostali ubiczowani, p\u00f3\u017aniej na ostrych skorupach rozszarpani, a nareszcie w ogie\u0144 wrzuceni. \u2014 W Wenecyi pochowanie zw\u0142ok \u015bw.&nbsp;Laurentego Justyniana, pierwszego Patryarchy miejscowego; wskutek jego g\u0142\u0119bokiej nauki i wielkiej pe\u0142ni niebia\u0144skiej m\u0105dro\u015bci zaliczy\u0142 go Aleksander III w poczet \u015awi\u0119tych; jego uroczysto\u015b\u0107 obchodzi si\u0119 5-go wrze\u015bnia. \u2014 W Hierapolis we Frygii \u015bw.&nbsp;Apolinarego, Biskupa, kt\u00f3ry za panowania Marka Antoniusza wielce by\u0142 powa\u017cany wskutek swej \u015bwi\u0105tobliwo\u015bci i g\u0142\u0119bokiej nauki. \u2014 W Neapolu w Kampanii dzie\u0144 pami\u0105tkowy \u015bw.&nbsp;Seweryna, Biskupa a brata \u015bw. Wiktoryna, M\u0119czennika; po \u017cyciu pe\u0142nem cn\u00f3t i \u015bwi\u0105tobliwo\u015bci poszed\u0142 na wieczny spoczynek. \u2014 W Pawii \u015bw.&nbsp;Maksyma, Biskupa i Wyznawcy. \u2014 W Ratysbonie \u015bw.&nbsp;Erharda, Biskupa. \u2014 W Metzu \u015bw.&nbsp;Patiensa, Biskupa. \u2014&nbsp;Tego samego dnia u Noryk\u00f3w \u015bw.&nbsp;Seweryna, Opata, kt\u00f3ry jako Aposto\u0142 tych narod\u00f3w, szerzy\u0142 mi\u0119dzy niemi Wiar\u0119 \u015bw. Cia\u0142o jego na rozkaz Bo\u017cy przeniesione zosta\u0142o do Neapolu i tam\u017ce pochowane w klasztorze San Severino.<\/p>\n","protected":false},"excerpt":{"rendered":"<p>\u015bw. Seweryn przyby\u0142 z Bliskiego Wschodu, by nawr\u00f3ci\u0107 Austri\u0119 i nawraca\u0107 do pokuty podczas w\u0119dr\u00f3wki lud\u00f3w, gdzie jeden bicz Bo\u017cy nast\u0119powa\u0142 po drugim. Jedni pos\u0142uchali go, inni nie.<\/p>\n","protected":false},"author":60508433,"featured_media":40725,"comment_status":"open","ping_status":"open","sticky":false,"template":"","format":"standard","meta":{"_bbp_topic_count":0,"_bbp_reply_count":0,"_bbp_total_topic_count":0,"_bbp_total_reply_count":0,"_bbp_voice_count":0,"_bbp_anonymous_reply_count":0,"_bbp_topic_count_hidden":0,"_bbp_reply_count_hidden":0,"_bbp_forum_subforum_count":0,"_editorskit_title_hidden":false,"_editorskit_reading_time":0,"_editorskit_is_block_options_detached":false,"_editorskit_block_options_position":"{}","_coblocks_attr":"","_coblocks_dimensions":"","_coblocks_responsive_height":"","_coblocks_accordion_ie_support":"","_exactmetrics_skip_tracking":false,"_jetpack_newsletter_access":"","_jetpack_dont_email_post_to_subs":false,"_jetpack_newsletter_tier_id":0,"_jetpack_memberships_contains_paywalled_content":false,"_wpcom_ai_launchpad_first_post":false,"_jetpack_feature_clip_id":0,"_jetpack_memberships_contains_paid_content":false,"footnotes":"","jetpack_publicize_message":"{title}\n\n{excerpt}\n\n{url}","jetpack_publicize_feature_enabled":true,"jetpack_social_post_already_shared":false,"jetpack_social_options":{"image_generator_settings":{"template":"highway","default_image_id":0,"font":"","enabled":false},"version":2},"_wpas_customize_per_network":false,"jetpack_post_was_ever_published":false},"categories":[610131816,610131184,336375535,610134932,610131268,610131155,610132042],"tags":[610133352],"class_list":["post-127308","post","type-post","status-publish","format-standard","has-post-thumbnail","hentry","category-swieta-w-styczniu","category-duchowosc","category-liturgia-i-liturgika","category-mescy-swieci","category-rok-liturgiczny","category-rozwazania","category-zywoty-swietych","tag-mescy-swieci"],"yoast_head":"<!-- This site is optimized with the Yoast SEO plugin v28.4 - https:\/\/yoast.com\/product\/yoast-seo-wordpress\/ -->\n<title>8-go Stycznia. \u017bywot \u015bwi\u0119tego Seweryna, Opata. - Tradycja i Wiara<\/title>\n<meta name=\"robots\" content=\"index, follow, max-snippet:-1, max-image-preview:large, max-video-preview:-1\" \/>\n<link rel=\"canonical\" href=\"https:\/\/wobronietradycjiiwiary.com\/pl\/8-go-stycznia-zywot-swietego-seweryna-opata-4\/\" \/>\n<meta property=\"og:locale\" content=\"pl_PL\" \/>\n<meta property=\"og:type\" content=\"article\" \/>\n<meta property=\"og:title\" content=\"8-go Stycznia. \u017bywot \u015bwi\u0119tego Seweryna, Opata. - Tradycja i Wiara\" \/>\n<meta property=\"og:description\" content=\"\u015bw. Seweryn przyby\u0142 z Bliskiego Wschodu, by nawr\u00f3ci\u0107 Austri\u0119 i nawraca\u0107 do pokuty podczas w\u0119dr\u00f3wki lud\u00f3w, gdzie jeden bicz Bo\u017cy nast\u0119powa\u0142 po drugim. Jedni pos\u0142uchali go, inni nie.\" \/>\n<meta property=\"og:url\" content=\"https:\/\/wobronietradycjiiwiary.com\/pl\/8-go-stycznia-zywot-swietego-seweryna-opata-4\/\" \/>\n<meta property=\"og:site_name\" content=\"Tradycja i Wiara\" \/>\n<meta property=\"article:publisher\" content=\"https:\/\/www.facebook.com\/Tradycja-i-Wiara-108813920592249\" \/>\n<meta property=\"article:published_time\" content=\"2025-01-08T07:15:50+00:00\" \/>\n<meta property=\"article:modified_time\" content=\"2025-02-10T10:29:46+00:00\" \/>\n<meta property=\"og:image\" content=\"https:\/\/wobronietradycjiiwiary.com\/wp-content\/uploads\/2021\/01\/Severinus.jpg\" \/>\n\t<meta property=\"og:image:width\" content=\"220\" \/>\n\t<meta property=\"og:image:height\" content=\"312\" \/>\n\t<meta property=\"og:image:type\" content=\"image\/jpeg\" \/>\n<meta name=\"author\" content=\"Traditio et Fides\" \/>\n<meta name=\"twitter:card\" content=\"summary_large_image\" \/>\n<meta name=\"twitter:label1\" content=\"Napisane przez\" \/>\n\t<meta name=\"twitter:data1\" content=\"Traditio et Fides\" \/>\n\t<meta name=\"twitter:label2\" content=\"Szacowany czas czytania\" \/>\n\t<meta name=\"twitter:data2\" content=\"8 minut\" \/>\n<script type=\"application\/ld+json\" class=\"yoast-schema-graph\">{\"@context\":\"https:\\\/\\\/schema.org\",\"@graph\":[{\"@type\":\"Article\",\"@id\":\"https:\\\/\\\/wobronietradycjiiwiary.com\\\/8-go-stycznia-zywot-swietego-seweryna-opata-4\\\/#article\",\"isPartOf\":{\"@id\":\"https:\\\/\\\/wobronietradycjiiwiary.com\\\/8-go-stycznia-zywot-swietego-seweryna-opata-4\\\/\"},\"author\":{\"name\":\"Traditio et Fides\",\"@id\":\"https:\\\/\\\/wobronietradycjiiwiary.com\\\/pl\\\/#\\\/schema\\\/person\\\/2d6180ce6abcb681fef0daab7816e8f3\"},\"headline\":\"8-go Stycznia. \u017bywot \u015bwi\u0119tego Seweryna, Opata.\",\"datePublished\":\"2025-01-08T07:15:50+00:00\",\"dateModified\":\"2025-02-10T10:29:46+00:00\",\"mainEntityOfPage\":{\"@id\":\"https:\\\/\\\/wobronietradycjiiwiary.com\\\/8-go-stycznia-zywot-swietego-seweryna-opata-4\\\/\"},\"wordCount\":1686,\"commentCount\":0,\"publisher\":{\"@id\":\"https:\\\/\\\/wobronietradycjiiwiary.com\\\/pl\\\/#organization\"},\"image\":{\"@id\":\"https:\\\/\\\/wobronietradycjiiwiary.com\\\/8-go-stycznia-zywot-swietego-seweryna-opata-4\\\/#primaryimage\"},\"thumbnailUrl\":\"https:\\\/\\\/wobronietradycjiiwiary.com\\\/wp-content\\\/uploads\\\/2021\\\/01\\\/Severinus.jpg\",\"keywords\":[\"m\u0119scy \u015bwi\u0119ci\"],\"articleSection\":[\"01. \u015awi\u0119ta w styczniu\",\"Duchowo\u015b\u0107\",\"Liturgia i liturgika\",\"M\u0119scy \u015bwi\u0119ci\",\"Rok liturgiczny\",\"Rozwa\u017cania liturgiczne\",\"\u017bywoty \u015awi\u0119tych\"],\"inLanguage\":\"pl-PL\",\"potentialAction\":[{\"@type\":\"CommentAction\",\"name\":\"Comment\",\"target\":[\"https:\\\/\\\/wobronietradycjiiwiary.com\\\/8-go-stycznia-zywot-swietego-seweryna-opata-4\\\/#respond\"]}]},{\"@type\":\"WebPage\",\"@id\":\"https:\\\/\\\/wobronietradycjiiwiary.com\\\/8-go-stycznia-zywot-swietego-seweryna-opata-4\\\/\",\"url\":\"https:\\\/\\\/wobronietradycjiiwiary.com\\\/8-go-stycznia-zywot-swietego-seweryna-opata-4\\\/\",\"name\":\"8-go Stycznia. \u017bywot \u015bwi\u0119tego Seweryna, Opata. - Tradycja i Wiara\",\"isPartOf\":{\"@id\":\"https:\\\/\\\/wobronietradycjiiwiary.com\\\/pl\\\/#website\"},\"primaryImageOfPage\":{\"@id\":\"https:\\\/\\\/wobronietradycjiiwiary.com\\\/8-go-stycznia-zywot-swietego-seweryna-opata-4\\\/#primaryimage\"},\"image\":{\"@id\":\"https:\\\/\\\/wobronietradycjiiwiary.com\\\/8-go-stycznia-zywot-swietego-seweryna-opata-4\\\/#primaryimage\"},\"thumbnailUrl\":\"https:\\\/\\\/wobronietradycjiiwiary.com\\\/wp-content\\\/uploads\\\/2021\\\/01\\\/Severinus.jpg\",\"datePublished\":\"2025-01-08T07:15:50+00:00\",\"dateModified\":\"2025-02-10T10:29:46+00:00\",\"breadcrumb\":{\"@id\":\"https:\\\/\\\/wobronietradycjiiwiary.com\\\/8-go-stycznia-zywot-swietego-seweryna-opata-4\\\/#breadcrumb\"},\"inLanguage\":\"pl-PL\",\"potentialAction\":[{\"@type\":\"ReadAction\",\"target\":[\"https:\\\/\\\/wobronietradycjiiwiary.com\\\/8-go-stycznia-zywot-swietego-seweryna-opata-4\\\/\"]}]},{\"@type\":\"ImageObject\",\"inLanguage\":\"pl-PL\",\"@id\":\"https:\\\/\\\/wobronietradycjiiwiary.com\\\/8-go-stycznia-zywot-swietego-seweryna-opata-4\\\/#primaryimage\",\"url\":\"https:\\\/\\\/wobronietradycjiiwiary.com\\\/wp-content\\\/uploads\\\/2021\\\/01\\\/Severinus.jpg\",\"contentUrl\":\"https:\\\/\\\/wobronietradycjiiwiary.com\\\/wp-content\\\/uploads\\\/2021\\\/01\\\/Severinus.jpg\",\"width\":220,\"height\":312},{\"@type\":\"BreadcrumbList\",\"@id\":\"https:\\\/\\\/wobronietradycjiiwiary.com\\\/8-go-stycznia-zywot-swietego-seweryna-opata-4\\\/#breadcrumb\",\"itemListElement\":[{\"@type\":\"ListItem\",\"position\":1,\"name\":\"Strona g\u0142\u00f3wna\",\"item\":\"https:\\\/\\\/wobronietradycjiiwiary.com\\\/\"},{\"@type\":\"ListItem\",\"position\":2,\"name\":\"8-go Stycznia. \u017bywot \u015bwi\u0119tego Seweryna, Opata.\"}]},{\"@type\":\"WebSite\",\"@id\":\"https:\\\/\\\/wobronietradycjiiwiary.com\\\/pl\\\/#website\",\"url\":\"https:\\\/\\\/wobronietradycjiiwiary.com\\\/pl\\\/\",\"name\":\"Tradycja i Wiara\",\"description\":\"Portal dla katolik\u00f3w.\",\"publisher\":{\"@id\":\"https:\\\/\\\/wobronietradycjiiwiary.com\\\/pl\\\/#organization\"},\"potentialAction\":[{\"@type\":\"SearchAction\",\"target\":{\"@type\":\"EntryPoint\",\"urlTemplate\":\"https:\\\/\\\/wobronietradycjiiwiary.com\\\/pl\\\/?s={search_term_string}\"},\"query-input\":{\"@type\":\"PropertyValueSpecification\",\"valueRequired\":true,\"valueName\":\"search_term_string\"}}],\"inLanguage\":\"pl-PL\"},{\"@type\":\"Organization\",\"@id\":\"https:\\\/\\\/wobronietradycjiiwiary.com\\\/pl\\\/#organization\",\"name\":\"Tradycja i Wiara\",\"url\":\"https:\\\/\\\/wobronietradycjiiwiary.com\\\/pl\\\/\",\"logo\":{\"@type\":\"ImageObject\",\"inLanguage\":\"pl-PL\",\"@id\":\"https:\\\/\\\/wobronietradycjiiwiary.com\\\/pl\\\/#\\\/schema\\\/logo\\\/image\\\/\",\"url\":\"https:\\\/\\\/i0.wp.com\\\/wobronietradycjiiwiary.com\\\/wp-content\\\/uploads\\\/2015\\\/10\\\/cropped-st-peters-dome-vatican.jpg?fit=940%2C198&ssl=1\",\"contentUrl\":\"https:\\\/\\\/i0.wp.com\\\/wobronietradycjiiwiary.com\\\/wp-content\\\/uploads\\\/2015\\\/10\\\/cropped-st-peters-dome-vatican.jpg?fit=940%2C198&ssl=1\",\"width\":940,\"height\":198,\"caption\":\"Tradycja i Wiara\"},\"image\":{\"@id\":\"https:\\\/\\\/wobronietradycjiiwiary.com\\\/pl\\\/#\\\/schema\\\/logo\\\/image\\\/\"},\"sameAs\":[\"https:\\\/\\\/www.facebook.com\\\/Tradycja-i-Wiara-108813920592249\"]},{\"@type\":\"Person\",\"@id\":\"https:\\\/\\\/wobronietradycjiiwiary.com\\\/pl\\\/#\\\/schema\\\/person\\\/2d6180ce6abcb681fef0daab7816e8f3\",\"name\":\"Traditio et Fides\",\"sameAs\":[\"https:\\\/\\\/traditionundglauben.com\"],\"url\":\"https:\\\/\\\/wobronietradycjiiwiary.com\\\/pl\\\/author\\\/wobronietradycjiiwiary\\\/\"}]}<\/script>\n<!-- \/ Yoast SEO plugin. -->","yoast_head_json":{"title":"8-go Stycznia. \u017bywot \u015bwi\u0119tego Seweryna, Opata. - Tradycja i Wiara","robots":{"index":"index","follow":"follow","max-snippet":"max-snippet:-1","max-image-preview":"max-image-preview:large","max-video-preview":"max-video-preview:-1"},"canonical":"https:\/\/wobronietradycjiiwiary.com\/pl\/8-go-stycznia-zywot-swietego-seweryna-opata-4\/","og_locale":"pl_PL","og_type":"article","og_title":"8-go Stycznia. \u017bywot \u015bwi\u0119tego Seweryna, Opata. - Tradycja i Wiara","og_description":"\u015bw. Seweryn przyby\u0142 z Bliskiego Wschodu, by nawr\u00f3ci\u0107 Austri\u0119 i nawraca\u0107 do pokuty podczas w\u0119dr\u00f3wki lud\u00f3w, gdzie jeden bicz Bo\u017cy nast\u0119powa\u0142 po drugim. Jedni pos\u0142uchali go, inni nie.","og_url":"https:\/\/wobronietradycjiiwiary.com\/pl\/8-go-stycznia-zywot-swietego-seweryna-opata-4\/","og_site_name":"Tradycja i Wiara","article_publisher":"https:\/\/www.facebook.com\/Tradycja-i-Wiara-108813920592249","article_published_time":"2025-01-08T07:15:50+00:00","article_modified_time":"2025-02-10T10:29:46+00:00","og_image":[{"width":220,"height":312,"url":"https:\/\/wobronietradycjiiwiary.com\/wp-content\/uploads\/2021\/01\/Severinus.jpg","type":"image\/jpeg"}],"author":"Traditio et Fides","twitter_card":"summary_large_image","twitter_misc":{"Napisane przez":"Traditio et Fides","Szacowany czas czytania":"8 minut"},"schema":{"@context":"https:\/\/schema.org","@graph":[{"@type":"Article","@id":"https:\/\/wobronietradycjiiwiary.com\/8-go-stycznia-zywot-swietego-seweryna-opata-4\/#article","isPartOf":{"@id":"https:\/\/wobronietradycjiiwiary.com\/8-go-stycznia-zywot-swietego-seweryna-opata-4\/"},"author":{"name":"Traditio et Fides","@id":"https:\/\/wobronietradycjiiwiary.com\/pl\/#\/schema\/person\/2d6180ce6abcb681fef0daab7816e8f3"},"headline":"8-go Stycznia. \u017bywot \u015bwi\u0119tego Seweryna, Opata.","datePublished":"2025-01-08T07:15:50+00:00","dateModified":"2025-02-10T10:29:46+00:00","mainEntityOfPage":{"@id":"https:\/\/wobronietradycjiiwiary.com\/8-go-stycznia-zywot-swietego-seweryna-opata-4\/"},"wordCount":1686,"commentCount":0,"publisher":{"@id":"https:\/\/wobronietradycjiiwiary.com\/pl\/#organization"},"image":{"@id":"https:\/\/wobronietradycjiiwiary.com\/8-go-stycznia-zywot-swietego-seweryna-opata-4\/#primaryimage"},"thumbnailUrl":"https:\/\/wobronietradycjiiwiary.com\/wp-content\/uploads\/2021\/01\/Severinus.jpg","keywords":["m\u0119scy \u015bwi\u0119ci"],"articleSection":["01. \u015awi\u0119ta w styczniu","Duchowo\u015b\u0107","Liturgia i liturgika","M\u0119scy \u015bwi\u0119ci","Rok liturgiczny","Rozwa\u017cania liturgiczne","\u017bywoty \u015awi\u0119tych"],"inLanguage":"pl-PL","potentialAction":[{"@type":"CommentAction","name":"Comment","target":["https:\/\/wobronietradycjiiwiary.com\/8-go-stycznia-zywot-swietego-seweryna-opata-4\/#respond"]}]},{"@type":"WebPage","@id":"https:\/\/wobronietradycjiiwiary.com\/8-go-stycznia-zywot-swietego-seweryna-opata-4\/","url":"https:\/\/wobronietradycjiiwiary.com\/8-go-stycznia-zywot-swietego-seweryna-opata-4\/","name":"8-go Stycznia. \u017bywot \u015bwi\u0119tego Seweryna, Opata. - Tradycja i Wiara","isPartOf":{"@id":"https:\/\/wobronietradycjiiwiary.com\/pl\/#website"},"primaryImageOfPage":{"@id":"https:\/\/wobronietradycjiiwiary.com\/8-go-stycznia-zywot-swietego-seweryna-opata-4\/#primaryimage"},"image":{"@id":"https:\/\/wobronietradycjiiwiary.com\/8-go-stycznia-zywot-swietego-seweryna-opata-4\/#primaryimage"},"thumbnailUrl":"https:\/\/wobronietradycjiiwiary.com\/wp-content\/uploads\/2021\/01\/Severinus.jpg","datePublished":"2025-01-08T07:15:50+00:00","dateModified":"2025-02-10T10:29:46+00:00","breadcrumb":{"@id":"https:\/\/wobronietradycjiiwiary.com\/8-go-stycznia-zywot-swietego-seweryna-opata-4\/#breadcrumb"},"inLanguage":"pl-PL","potentialAction":[{"@type":"ReadAction","target":["https:\/\/wobronietradycjiiwiary.com\/8-go-stycznia-zywot-swietego-seweryna-opata-4\/"]}]},{"@type":"ImageObject","inLanguage":"pl-PL","@id":"https:\/\/wobronietradycjiiwiary.com\/8-go-stycznia-zywot-swietego-seweryna-opata-4\/#primaryimage","url":"https:\/\/wobronietradycjiiwiary.com\/wp-content\/uploads\/2021\/01\/Severinus.jpg","contentUrl":"https:\/\/wobronietradycjiiwiary.com\/wp-content\/uploads\/2021\/01\/Severinus.jpg","width":220,"height":312},{"@type":"BreadcrumbList","@id":"https:\/\/wobronietradycjiiwiary.com\/8-go-stycznia-zywot-swietego-seweryna-opata-4\/#breadcrumb","itemListElement":[{"@type":"ListItem","position":1,"name":"Strona g\u0142\u00f3wna","item":"https:\/\/wobronietradycjiiwiary.com\/"},{"@type":"ListItem","position":2,"name":"8-go Stycznia. \u017bywot \u015bwi\u0119tego Seweryna, Opata."}]},{"@type":"WebSite","@id":"https:\/\/wobronietradycjiiwiary.com\/pl\/#website","url":"https:\/\/wobronietradycjiiwiary.com\/pl\/","name":"Tradycja i Wiara","description":"Portal dla katolik\u00f3w.","publisher":{"@id":"https:\/\/wobronietradycjiiwiary.com\/pl\/#organization"},"potentialAction":[{"@type":"SearchAction","target":{"@type":"EntryPoint","urlTemplate":"https:\/\/wobronietradycjiiwiary.com\/pl\/?s={search_term_string}"},"query-input":{"@type":"PropertyValueSpecification","valueRequired":true,"valueName":"search_term_string"}}],"inLanguage":"pl-PL"},{"@type":"Organization","@id":"https:\/\/wobronietradycjiiwiary.com\/pl\/#organization","name":"Tradycja i Wiara","url":"https:\/\/wobronietradycjiiwiary.com\/pl\/","logo":{"@type":"ImageObject","inLanguage":"pl-PL","@id":"https:\/\/wobronietradycjiiwiary.com\/pl\/#\/schema\/logo\/image\/","url":"https:\/\/i0.wp.com\/wobronietradycjiiwiary.com\/wp-content\/uploads\/2015\/10\/cropped-st-peters-dome-vatican.jpg?fit=940%2C198&ssl=1","contentUrl":"https:\/\/i0.wp.com\/wobronietradycjiiwiary.com\/wp-content\/uploads\/2015\/10\/cropped-st-peters-dome-vatican.jpg?fit=940%2C198&ssl=1","width":940,"height":198,"caption":"Tradycja i Wiara"},"image":{"@id":"https:\/\/wobronietradycjiiwiary.com\/pl\/#\/schema\/logo\/image\/"},"sameAs":["https:\/\/www.facebook.com\/Tradycja-i-Wiara-108813920592249"]},{"@type":"Person","@id":"https:\/\/wobronietradycjiiwiary.com\/pl\/#\/schema\/person\/2d6180ce6abcb681fef0daab7816e8f3","name":"Traditio et Fides","sameAs":["https:\/\/traditionundglauben.com"],"url":"https:\/\/wobronietradycjiiwiary.com\/pl\/author\/wobronietradycjiiwiary\/"}]}},"jetpack_publicize_connections":[],"jetpack_sharing_enabled":true,"jetpack_likes_enabled":true,"jetpack_shortlink":"https:\/\/wp.me\/pc04Sd-x7m","jetpack-related-posts":[{"id":110436,"url":"https:\/\/wobronietradycjiiwiary.com\/pl\/8-go-stycznia-zywot-swietego-seweryna-opata-3\/","url_meta":{"origin":127308,"position":0},"title":"8-go Stycznia. \u017bywot \u015bwi\u0119tego Seweryna, Opata.","author":"Traditio et Fides","date":"8 stycznia 2024","format":false,"excerpt":"\u015bw. Seweryn przyby\u0142 z Bliskiego Wschodu, by nawr\u00f3ci\u0107 Austri\u0119 i nawraca\u0107 do pokuty podczas w\u0119dr\u00f3wki lud\u00f3w, gdzie jeden bicz Bo\u017cy nast\u0119powa\u0142 po drugim. Jedni pos\u0142uchali go, inni nie.","rel":"","context":"W \u201e01. \u015awi\u0119ta w styczniu&quot;","block_context":{"text":"01. \u015awi\u0119ta w styczniu","link":"https:\/\/wobronietradycjiiwiary.com\/pl\/category\/duchowosc\/liturgia-i-liturgika\/rozwazania\/rok-liturgiczny\/swieta-w-styczniu\/"},"img":{"alt_text":"","src":"https:\/\/i0.wp.com\/wobronietradycjiiwiary.com\/wp-content\/uploads\/2021\/01\/Severinus.jpg?resize=350%2C200&ssl=1","width":350,"height":200},"classes":[]},{"id":158355,"url":"https:\/\/wobronietradycjiiwiary.com\/pl\/8-go-stycznia-zywot-swietego-seweryna-opata-4-2\/","url_meta":{"origin":127308,"position":1},"title":"8-go Stycznia. \u017bywot \u015bwi\u0119tego Seweryna, Opata.","author":"Traditio et Fides","date":"8 stycznia 2026","format":false,"excerpt":"\u015bw. Seweryn przyby\u0142 z Bliskiego Wschodu, by nawr\u00f3ci\u0107 Austri\u0119 i nawraca\u0107 do pokuty podczas w\u0119dr\u00f3wki lud\u00f3w, gdzie jeden bicz Bo\u017cy nast\u0119powa\u0142 po drugim. Jedni pos\u0142uchali go, inni nie.","rel":"","context":"W \u201e01. \u015awi\u0119ta w styczniu&quot;","block_context":{"text":"01. \u015awi\u0119ta w styczniu","link":"https:\/\/wobronietradycjiiwiary.com\/pl\/category\/duchowosc\/liturgia-i-liturgika\/rozwazania\/rok-liturgiczny\/swieta-w-styczniu\/"},"img":{"alt_text":"","src":"https:\/\/i0.wp.com\/wobronietradycjiiwiary.com\/wp-content\/uploads\/2021\/01\/Severinus.jpg?resize=350%2C200&ssl=1","width":350,"height":200},"classes":[]},{"id":116541,"url":"https:\/\/wobronietradycjiiwiary.com\/pl\/23-go-maja-zywot-blogoslawionego-jedrzeja-boboli-meczennika-2-2-2\/","url_meta":{"origin":127308,"position":2},"title":"23-go Maja. \u017bywot b\u0142ogos\u0142awionego J\u0119drzeja Boboli, M\u0119czennika.","author":"Traditio et Fides","date":"23 maja 2024","format":false,"excerpt":"I jak tu wierzy\u0107 w ekumenizm, skoro \u015bw. Andrzej Bobola zosta\u0142 zam\u0119czony i to jak okrutnie przez prawos\u0142awnych Kozak\u00f3w. Niestety cia\u0142o z\u0142o\u017cone na warszawskim Mokotowie jako\u015b na tamtejszych jezuit\u00f3w nie promieniuje. \u015awi\u0119ci te\u017c maj\u0105 ograniczone pole dzia\u0142ania, gdy w gr\u0119 wchodzi wolno\u015b\u0107 ludzka.","rel":"","context":"W \u201e05. \u015awi\u0119ta w maju&quot;","block_context":{"text":"05. \u015awi\u0119ta w maju","link":"https:\/\/wobronietradycjiiwiary.com\/pl\/category\/duchowosc\/liturgia-i-liturgika\/rozwazania\/rok-liturgiczny\/swieta-w-maju\/"},"img":{"alt_text":"","src":"https:\/\/i0.wp.com\/wobronietradycjiiwiary.com\/wp-content\/uploads\/2021\/05\/bobola_potrafi-sie-bronic_398.jpg?resize=350%2C200&ssl=1","width":350,"height":200,"srcset":"https:\/\/i0.wp.com\/wobronietradycjiiwiary.com\/wp-content\/uploads\/2021\/05\/bobola_potrafi-sie-bronic_398.jpg?resize=350%2C200&ssl=1 1x, https:\/\/i0.wp.com\/wobronietradycjiiwiary.com\/wp-content\/uploads\/2021\/05\/bobola_potrafi-sie-bronic_398.jpg?resize=525%2C300&ssl=1 1.5x, https:\/\/i0.wp.com\/wobronietradycjiiwiary.com\/wp-content\/uploads\/2021\/05\/bobola_potrafi-sie-bronic_398.jpg?resize=700%2C400&ssl=1 2x"},"classes":[]},{"id":140885,"url":"https:\/\/wobronietradycjiiwiary.com\/pl\/23-go-maja-zywot-blogoslawionego-jedrzeja-boboli-meczennika-2-2-2-2\/","url_meta":{"origin":127308,"position":3},"title":"23-go Maja. \u017bywot b\u0142ogos\u0142awionego J\u0119drzeja Boboli, M\u0119czennika.","author":"Traditio et Fides","date":"23 maja 2025","format":false,"excerpt":"I jak tu wierzy\u0107 w ekumenizm, skoro \u015bw. Andrzej Bobola zosta\u0142 zam\u0119czony i to jak okrutnie przez prawos\u0142awnych Kozak\u00f3w. Niestety cia\u0142o z\u0142o\u017cone na warszawskim Mokotowie jako\u015b na tamtejszych jezuit\u00f3w nie promieniuje. \u015awi\u0119ci te\u017c maj\u0105 ograniczone pole dzia\u0142ania, gdy w gr\u0119 wchodzi wolno\u015b\u0107 ludzka.","rel":"","context":"W \u201e05. \u015awi\u0119ta w maju&quot;","block_context":{"text":"05. \u015awi\u0119ta w maju","link":"https:\/\/wobronietradycjiiwiary.com\/pl\/category\/duchowosc\/liturgia-i-liturgika\/rozwazania\/rok-liturgiczny\/swieta-w-maju\/"},"img":{"alt_text":"","src":"https:\/\/i0.wp.com\/wobronietradycjiiwiary.com\/wp-content\/uploads\/2021\/05\/bobola_potrafi-sie-bronic_398.jpg?resize=350%2C200&ssl=1","width":350,"height":200,"srcset":"https:\/\/i0.wp.com\/wobronietradycjiiwiary.com\/wp-content\/uploads\/2021\/05\/bobola_potrafi-sie-bronic_398.jpg?resize=350%2C200&ssl=1 1x, https:\/\/i0.wp.com\/wobronietradycjiiwiary.com\/wp-content\/uploads\/2021\/05\/bobola_potrafi-sie-bronic_398.jpg?resize=525%2C300&ssl=1 1.5x, https:\/\/i0.wp.com\/wobronietradycjiiwiary.com\/wp-content\/uploads\/2021\/05\/bobola_potrafi-sie-bronic_398.jpg?resize=700%2C400&ssl=1 2x"},"classes":[]},{"id":165942,"url":"https:\/\/wobronietradycjiiwiary.com\/pl\/23-go-maja-zywot-blogoslawionego-jedrzeja-boboli-meczennika-2-2-2-2-2\/","url_meta":{"origin":127308,"position":4},"title":"23-go Maja. \u017bywot b\u0142ogos\u0142awionego J\u0119drzeja Boboli, M\u0119czennika.","author":"Traditio et Fides","date":"23 maja 2026","format":false,"excerpt":"I jak tu wierzy\u0107 w ekumenizm, skoro \u015bw. Andrzej Bobola zosta\u0142 zam\u0119czony i to jak okrutnie przez prawos\u0142awnych Kozak\u00f3w. Niestety cia\u0142o z\u0142o\u017cone na warszawskim Mokotowie jako\u015b na tamtejszych jezuit\u00f3w nie promieniuje. \u015awi\u0119ci te\u017c maj\u0105 ograniczone pole dzia\u0142ania, gdy w gr\u0119 wchodzi wolno\u015b\u0107 ludzka.","rel":"","context":"W \u201e05. \u015awi\u0119ta w maju&quot;","block_context":{"text":"05. \u015awi\u0119ta w maju","link":"https:\/\/wobronietradycjiiwiary.com\/pl\/category\/duchowosc\/liturgia-i-liturgika\/rozwazania\/rok-liturgiczny\/swieta-w-maju\/"},"img":{"alt_text":"","src":"https:\/\/i0.wp.com\/wobronietradycjiiwiary.com\/wp-content\/uploads\/2021\/05\/bobola_potrafi-sie-bronic_398.jpg?resize=350%2C200&ssl=1","width":350,"height":200,"srcset":"https:\/\/i0.wp.com\/wobronietradycjiiwiary.com\/wp-content\/uploads\/2021\/05\/bobola_potrafi-sie-bronic_398.jpg?resize=350%2C200&ssl=1 1x, https:\/\/i0.wp.com\/wobronietradycjiiwiary.com\/wp-content\/uploads\/2021\/05\/bobola_potrafi-sie-bronic_398.jpg?resize=525%2C300&ssl=1 1.5x, https:\/\/i0.wp.com\/wobronietradycjiiwiary.com\/wp-content\/uploads\/2021\/05\/bobola_potrafi-sie-bronic_398.jpg?resize=700%2C400&ssl=1 2x"},"classes":[]},{"id":133412,"url":"https:\/\/wobronietradycjiiwiary.com\/pl\/8-go-marca-zywot-swietego-jana-bozego-zalozyciela-zakonu-2-2-2-2\/","url_meta":{"origin":127308,"position":5},"title":"8-go Marca. \u017bywot \u015bwi\u0119tego Jana Bo\u017cego, Za\u0142o\u017cyciela Zakonu.","author":"Traditio et Fides","date":"8 marca 2025","format":false,"excerpt":"Ile\u017c przyg\u00f3d i upokorze\u0144 musia\u0142 prze\u017cy\u0107 \u015bw. Jan Bo\u017cy, by z \u017co\u0142daka sta\u0107 si\u0119 opiekunem chorych. I Pan B\u00f3g przygotowywa\u0142 go krok po kroku na zamierzonego dzie\u0142a.","rel":"","context":"W \u201e03. \u015awi\u0119ta w marcu&quot;","block_context":{"text":"03. \u015awi\u0119ta w marcu","link":"https:\/\/wobronietradycjiiwiary.com\/pl\/category\/duchowosc\/liturgia-i-liturgika\/rozwazania\/rok-liturgiczny\/swieta-w-marcu\/"},"img":{"alt_text":"","src":"https:\/\/i0.wp.com\/wobronietradycjiiwiary.com\/wp-content\/uploads\/2021\/03\/John_of_god_murillo.jpg?resize=350%2C200&ssl=1","width":350,"height":200,"srcset":"https:\/\/i0.wp.com\/wobronietradycjiiwiary.com\/wp-content\/uploads\/2021\/03\/John_of_god_murillo.jpg?resize=350%2C200&ssl=1 1x, https:\/\/i0.wp.com\/wobronietradycjiiwiary.com\/wp-content\/uploads\/2021\/03\/John_of_god_murillo.jpg?resize=525%2C300&ssl=1 1.5x, https:\/\/i0.wp.com\/wobronietradycjiiwiary.com\/wp-content\/uploads\/2021\/03\/John_of_god_murillo.jpg?resize=700%2C400&ssl=1 2x"},"classes":[]}],"amp_enabled":true,"jetpack_featured_media_url":"https:\/\/wobronietradycjiiwiary.com\/wp-content\/uploads\/2021\/01\/Severinus.jpg","_links":{"self":[{"href":"https:\/\/wobronietradycjiiwiary.com\/pl\/wp-json\/wp\/v2\/posts\/127308","targetHints":{"allow":["GET"]}}],"collection":[{"href":"https:\/\/wobronietradycjiiwiary.com\/pl\/wp-json\/wp\/v2\/posts"}],"about":[{"href":"https:\/\/wobronietradycjiiwiary.com\/pl\/wp-json\/wp\/v2\/types\/post"}],"author":[{"embeddable":true,"href":"https:\/\/wobronietradycjiiwiary.com\/pl\/wp-json\/wp\/v2\/users\/60508433"}],"replies":[{"embeddable":true,"href":"https:\/\/wobronietradycjiiwiary.com\/pl\/wp-json\/wp\/v2\/comments?post=127308"}],"version-history":[{"count":1,"href":"https:\/\/wobronietradycjiiwiary.com\/pl\/wp-json\/wp\/v2\/posts\/127308\/revisions"}],"predecessor-version":[{"id":127354,"href":"https:\/\/wobronietradycjiiwiary.com\/pl\/wp-json\/wp\/v2\/posts\/127308\/revisions\/127354"}],"wp:featuredmedia":[{"embeddable":true,"href":"https:\/\/wobronietradycjiiwiary.com\/pl\/wp-json\/wp\/v2\/media\/40725"}],"wp:attachment":[{"href":"https:\/\/wobronietradycjiiwiary.com\/pl\/wp-json\/wp\/v2\/media?parent=127308"}],"wp:term":[{"taxonomy":"category","embeddable":true,"href":"https:\/\/wobronietradycjiiwiary.com\/pl\/wp-json\/wp\/v2\/categories?post=127308"},{"taxonomy":"post_tag","embeddable":true,"href":"https:\/\/wobronietradycjiiwiary.com\/pl\/wp-json\/wp\/v2\/tags?post=127308"}],"curies":[{"name":"wp","href":"https:\/\/api.w.org\/{rel}","templated":true}]}}