{"id":126617,"date":"2024-12-24T19:00:55","date_gmt":"2024-12-24T18:00:55","guid":{"rendered":"https:\/\/wobronietradycjiiwiary.com\/?p=126617"},"modified":"2025-02-07T15:56:49","modified_gmt":"2025-02-07T14:56:49","slug":"proprium-missae-boze-narodzenia-msza-w-dzien-2-2","status":"publish","type":"post","link":"https:\/\/wobronietradycjiiwiary.com\/pl\/proprium-missae-boze-narodzenia-msza-w-dzien-2-2\/","title":{"rendered":"Proprium missae &#8211; Bo\u017ce Narodzenia Msza w dzie\u0144"},"content":{"rendered":"<div id=\"bsf_rt_marker\"><\/div><p><span class=\"embed-youtube\" style=\"text-align:center; display: block;\"><iframe class=\"youtube-player\" width=\"580\" height=\"327\" src=\"https:\/\/www.youtube.com\/embed\/JP2Nwqc6gJE?version=3&#038;rel=1&#038;showsearch=0&#038;showinfo=1&#038;iv_load_policy=1&#038;fs=1&#038;hl=pl-PL&#038;autohide=2&#038;wmode=transparent\" allowfullscreen=\"true\" style=\"border:0;\" sandbox=\"allow-scripts allow-same-origin allow-popups allow-presentation allow-popups-to-escape-sandbox\"><\/iframe><\/span><\/p>\n<p>&nbsp;<\/p>\n<table>\n<tbody>\n<tr>\n<td colspan=\"2\" width=\"631\"><strong><u>Introit<\/u><\/strong><u>: <\/u><em>Izaj<u>. 9, 6.<\/u><\/em><\/td>\n<\/tr>\n<tr>\n<td width=\"312\">Puer natus est nobis, et filius datus est nobis: cu\u00adjus imperium super humerum ejus: et vocabitur nomen ejus, magni consilii Angelus. \u2014 <em>Ps. <\/em>Cantate Domino canticum novum :quia mirabilia fecit. <em>f. <\/em>Gloria.<\/td>\n<td width=\"319\">&#8221; <em>Dzieci\u0105tko si\u0119 nam narodzi\u0142o, <\/em>i Syn nam jest dany: kt\u00f3rego panowanie sta\u0142o si\u0119 na ramieniu Jego, i nazw\u0105 Imi\u0119 Jego wielkiej rady Anio\u0142. \u2014 <em>Ps. 97, I. <\/em>\u015apiewajcie Panu pie\u015b\u0144 now\u0105: bo uczy\u00adni\u0142 cuda. <em>f. <\/em>Chwa\u0142a Ojcu&#8230;<\/td>\n<\/tr>\n<\/tbody>\n<\/table>\n<table>\n<tbody>\n<tr>\n<td colspan=\"2\" width=\"631\"><u>Kolekta<\/u><\/td>\n<\/tr>\n<tr>\n<td width=\"312\">Concede, quesumus, omnipotens De\u00adus :ut nos Unigeniti tui nova per carnem nativitas liberet; quos sub peccati jugo vetusta servitus tenet. Per eumdem D\u00f3minum.<\/td>\n<td width=\"319\">Daj nam, pro\u00adsimy Ci\u0119 Wszechmog\u0105cy Bo\u00ad\u017ce, aby <em>nowe, wed\u0142ug cia\u0142a, narodzenie <\/em>Jednorodzonego Syna Twego, wyzwoli\u0142o nas z jarzma grzechu, kt\u00f3ry nas od dawna w niewoli trzyma. Przez tego\u017c Pana&#8230;<\/td>\n<\/tr>\n<\/tbody>\n<\/table>\n<p><span class=\"embed-youtube\" style=\"text-align:center; display: block;\"><iframe class=\"youtube-player\" width=\"580\" height=\"327\" src=\"https:\/\/www.youtube.com\/embed\/LpyLNp3B7I4?version=3&#038;rel=1&#038;showsearch=0&#038;showinfo=1&#038;iv_load_policy=1&#038;fs=1&#038;hl=pl-PL&#038;autohide=2&#038;wmode=transparent\" allowfullscreen=\"true\" style=\"border:0;\" sandbox=\"allow-scripts allow-same-origin allow-popups allow-presentation allow-popups-to-escape-sandbox\"><\/iframe><\/span><\/p>\n<p>&nbsp;<\/p>\n<table>\n<tbody>\n<tr>\n<td colspan=\"2\" width=\"631\"><strong><u>Gradua\u0142 <\/u><\/strong><em><u>Ps. 97<\/u><\/em><u>, <em>3 i 2<\/em><\/u><\/td>\n<\/tr>\n<tr>\n<td width=\"312\">Viderunt om\u00adnes fines terrae salutare Dei nostri: jubilate Deo omnis terra. <em>f. <\/em>Notum fecit D\u00f3minus salutare suum: ante conspectum gentium revelavit justitiam suam.<\/td>\n<td width=\"319\">Ogl\u0105da\u0142y wszystkie kraje ziemi zbawienie Boga na\u00adszego. Wykrzykujcie wszy\u00adstka ziemio : <em>f. <\/em>Objawi\u0142 Pan zbawienie swoje : przed oczyma pogan\u00f3w oznajmi\u0142 sprawiedliwo\u015b\u0107 swoj\u0105.<\/td>\n<\/tr>\n<\/tbody>\n<\/table>\n<p><span class=\"embed-youtube\" style=\"text-align:center; display: block;\"><iframe class=\"youtube-player\" width=\"580\" height=\"327\" src=\"https:\/\/www.youtube.com\/embed\/UsQdWzDzSKw?version=3&#038;rel=1&#038;showsearch=0&#038;showinfo=1&#038;iv_load_policy=1&#038;fs=1&#038;hl=pl-PL&#038;autohide=2&#038;wmode=transparent\" allowfullscreen=\"true\" style=\"border:0;\" sandbox=\"allow-scripts allow-same-origin allow-popups allow-presentation allow-popups-to-escape-sandbox\"><\/iframe><\/span><\/p>\n<p>&nbsp;<\/p>\n<table>\n<tbody>\n<tr>\n<td colspan=\"2\" width=\"631\"><strong><u>Alleluja, <\/u><\/strong><u>alleluja.<\/u><\/td>\n<\/tr>\n<tr>\n<td width=\"312\">Dies sanctificatus illuxit nobis: venite gentes, et adorate D\u00f3minum: quia h\u00f3die descendit lux magna super terram. Alleluia.<\/td>\n<td width=\"319\">Dzie\u0144 po\u015bwi\u0119cenia zaja\u015bnia\u0142 nam : p\u00f3jd\u017acie narody i uwielbiajcie Pana: albowiem <em>dzi\u015b \u015bwiat\u0142o\u015b\u0107 wielka zst\u0105pi\u0142a na ziemi\u0119. <\/em>Alleluja.<\/td>\n<\/tr>\n<\/tbody>\n<\/table>\n<p><span class=\"embed-youtube\" style=\"text-align:center; display: block;\"><iframe class=\"youtube-player\" width=\"580\" height=\"327\" src=\"https:\/\/www.youtube.com\/embed\/2KrE2MC8uYM?version=3&#038;rel=1&#038;showsearch=0&#038;showinfo=1&#038;iv_load_policy=1&#038;fs=1&#038;hl=pl-PL&#038;autohide=2&#038;wmode=transparent\" allowfullscreen=\"true\" style=\"border:0;\" sandbox=\"allow-scripts allow-same-origin allow-popups allow-presentation allow-popups-to-escape-sandbox\"><\/iframe><\/span><\/p>\n<p>&nbsp;<\/p>\n<table>\n<tbody>\n<tr>\n<td colspan=\"2\" width=\"631\"><u>Offertorium <em>Ps. 88, 12-15<\/em><\/u><\/td>\n<\/tr>\n<tr>\n<td width=\"312\">Tui sunt caeli, et tua est terra, orbem terrarum, et plenitudinem ejus tu fundasti: justitia et judicium praeparatio sedis tuae.<\/td>\n<td width=\"319\">Twoje\u0107 s\u0105 niebiosa, i Twoja te\u017c jest ziemia : Ty\u015b ugrun\u00adtowa\u0142 okr\u0105g ziemi i nape\u0142\u00adnienie jej : <em>Sprawiedliwo\u015b\u0107 i s\u0105d s\u0105 przygotowanie stolicy Twojej.<\/em><\/td>\n<\/tr>\n<\/tbody>\n<\/table>\n<p><span class=\"embed-youtube\" style=\"text-align:center; display: block;\"><iframe class=\"youtube-player\" width=\"580\" height=\"327\" src=\"https:\/\/www.youtube.com\/embed\/lg2brCGOH8E?version=3&#038;rel=1&#038;showsearch=0&#038;showinfo=1&#038;iv_load_policy=1&#038;fs=1&#038;hl=pl-PL&#038;autohide=2&#038;wmode=transparent\" allowfullscreen=\"true\" style=\"border:0;\" sandbox=\"allow-scripts allow-same-origin allow-popups allow-presentation allow-popups-to-escape-sandbox\"><\/iframe><\/span><\/p>\n<p>&nbsp;<\/p>\n<table>\n<tbody>\n<tr>\n<td colspan=\"2\" width=\"631\"><strong><u>Komunia<\/u> <em><u>Ps. 97, 3<\/u><\/em><\/strong><\/td>\n<\/tr>\n<tr>\n<td width=\"312\">Viderunt om\u00adnes fines terrae salutare Dei nostri.<\/td>\n<td width=\"319\">Ogl\u0105\u00adda\u0142y wszystkie kraje ziemi zbawienie Boga naszego.<\/td>\n<\/tr>\n<\/tbody>\n<\/table>\n","protected":false},"excerpt":{"rendered":"<p>&nbsp; Introit: Izaj. 9, 6. Puer natus est nobis, et filius datus est nobis: cu\u00adjus imperium super humerum ejus: et vocabitur nomen ejus, magni consilii Angelus. \u2014 Ps. Cantate Domino canticum novum :quia mirabilia fecit. f. Gloria. &#8221; Dzieci\u0105tko si\u0119 nam narodzi\u0142o, i Syn nam jest dany: kt\u00f3rego panowanie sta\u0142o si\u0119 na ramieniu Jego, i [&hellip;]<\/p>\n","protected":false},"author":119394841,"featured_media":100352,"comment_status":"open","ping_status":"open","sticky":false,"template":"","format":"standard","meta":{"_bbp_topic_count":0,"_bbp_reply_count":0,"_bbp_total_topic_count":0,"_bbp_total_reply_count":0,"_bbp_voice_count":0,"_bbp_anonymous_reply_count":0,"_bbp_topic_count_hidden":0,"_bbp_reply_count_hidden":0,"_bbp_forum_subforum_count":0,"_editorskit_title_hidden":false,"_editorskit_reading_time":0,"_editorskit_is_block_options_detached":false,"_editorskit_block_options_position":"{}","_coblocks_attr":"","_coblocks_dimensions":"","_coblocks_responsive_height":"","_coblocks_accordion_ie_support":"","_exactmetrics_skip_tracking":false,"_jetpack_newsletter_access":"","_jetpack_dont_email_post_to_subs":false,"_jetpack_newsletter_tier_id":0,"_jetpack_memberships_contains_paywalled_content":false,"_wpcom_ai_launchpad_first_post":false,"_jetpack_feature_clip_id":0,"_jetpack_memberships_contains_paid_content":false,"footnotes":"","jetpack_publicize_message":"{title}\n\n{excerpt}\n\n{url}","jetpack_publicize_feature_enabled":true,"jetpack_social_post_already_shared":true,"jetpack_social_options":{"image_generator_settings":{"template":"highway","default_image_id":0,"font":"","enabled":false},"version":2},"_wpas_customize_per_network":false,"jetpack_post_was_ever_published":false},"categories":[610131184,336375535,5647912,610133975,20472889],"tags":[],"class_list":["post-126617","post","type-post","status-publish","format-standard","has-post-thumbnail","hentry","category-duchowosc","category-liturgia-i-liturgika","category-msza-trydencka","category-czas-bozego-narodzenia","category-proprium"],"yoast_head":"<!-- This site is optimized with the Yoast SEO plugin v28.4 - https:\/\/yoast.com\/product\/yoast-seo-wordpress\/ -->\n<title>Proprium missae - Bo\u017ce Narodzenia Msza w dzie\u0144 - Tradycja i Wiara<\/title>\n<meta name=\"robots\" content=\"index, follow, max-snippet:-1, max-image-preview:large, max-video-preview:-1\" \/>\n<link rel=\"canonical\" href=\"https:\/\/wobronietradycjiiwiary.com\/pl\/proprium-missae-boze-narodzenia-msza-w-dzien-2-2\/\" \/>\n<meta property=\"og:locale\" content=\"pl_PL\" \/>\n<meta property=\"og:type\" content=\"article\" \/>\n<meta property=\"og:title\" content=\"Proprium missae - Bo\u017ce Narodzenia Msza w dzie\u0144 - Tradycja i Wiara\" \/>\n<meta property=\"og:description\" content=\"&nbsp; Introit: Izaj. 9, 6. Puer natus est nobis, et filius datus est nobis: cu\u00adjus imperium super humerum ejus: et vocabitur nomen ejus, magni consilii Angelus. \u2014 Ps. Cantate Domino canticum novum :quia mirabilia fecit. f. Gloria. &#8221; Dzieci\u0105tko si\u0119 nam narodzi\u0142o, i Syn nam jest dany: kt\u00f3rego panowanie sta\u0142o si\u0119 na ramieniu Jego, i [&hellip;]\" \/>\n<meta property=\"og:url\" content=\"https:\/\/wobronietradycjiiwiary.com\/pl\/proprium-missae-boze-narodzenia-msza-w-dzien-2-2\/\" \/>\n<meta property=\"og:site_name\" content=\"Tradycja i Wiara\" \/>\n<meta property=\"article:publisher\" content=\"https:\/\/www.facebook.com\/Tradycja-i-Wiara-108813920592249\" \/>\n<meta property=\"article:published_time\" content=\"2024-12-24T18:00:55+00:00\" \/>\n<meta property=\"article:modified_time\" content=\"2025-02-07T14:56:49+00:00\" \/>\n<meta property=\"og:image\" content=\"https:\/\/wobronietradycjiiwiary.com\/wp-content\/uploads\/2016\/12\/rogier-van-der-weyden-bladelin-altar-middelburger-altar-mitteltafel-geburt-christi-10253.jpg\" \/>\n\t<meta property=\"og:image:width\" content=\"1866\" \/>\n\t<meta property=\"og:image:height\" content=\"1920\" \/>\n\t<meta property=\"og:image:type\" content=\"image\/jpeg\" \/>\n<meta name=\"author\" content=\"mariuszjerzy\" \/>\n<meta name=\"twitter:card\" content=\"summary_large_image\" \/>\n<meta name=\"twitter:label1\" content=\"Napisane przez\" \/>\n\t<meta name=\"twitter:data1\" content=\"mariuszjerzy\" \/>\n\t<meta name=\"twitter:label2\" content=\"Szacowany czas czytania\" \/>\n\t<meta name=\"twitter:data2\" content=\"2 minuty\" \/>\n<script type=\"application\/ld+json\" class=\"yoast-schema-graph\">{\"@context\":\"https:\\\/\\\/schema.org\",\"@graph\":[{\"@type\":\"Article\",\"@id\":\"https:\\\/\\\/wobronietradycjiiwiary.com\\\/proprium-missae-boze-narodzenia-msza-w-dzien-2-2\\\/#article\",\"isPartOf\":{\"@id\":\"https:\\\/\\\/wobronietradycjiiwiary.com\\\/proprium-missae-boze-narodzenia-msza-w-dzien-2-2\\\/\"},\"author\":{\"name\":\"mariuszjerzy\",\"@id\":\"https:\\\/\\\/wobronietradycjiiwiary.com\\\/pl\\\/#\\\/schema\\\/person\\\/595d3fb6f55eae9326175d092b63d851\"},\"headline\":\"Proprium missae &#8211; Bo\u017ce Narodzenia Msza w dzie\u0144\",\"datePublished\":\"2024-12-24T18:00:55+00:00\",\"dateModified\":\"2025-02-07T14:56:49+00:00\",\"mainEntityOfPage\":{\"@id\":\"https:\\\/\\\/wobronietradycjiiwiary.com\\\/proprium-missae-boze-narodzenia-msza-w-dzien-2-2\\\/\"},\"wordCount\":364,\"commentCount\":0,\"publisher\":{\"@id\":\"https:\\\/\\\/wobronietradycjiiwiary.com\\\/pl\\\/#organization\"},\"image\":{\"@id\":\"https:\\\/\\\/wobronietradycjiiwiary.com\\\/proprium-missae-boze-narodzenia-msza-w-dzien-2-2\\\/#primaryimage\"},\"thumbnailUrl\":\"https:\\\/\\\/wobronietradycjiiwiary.com\\\/wp-content\\\/uploads\\\/2016\\\/12\\\/rogier-van-der-weyden-bladelin-altar-middelburger-altar-mitteltafel-geburt-christi-10253.jpg\",\"articleSection\":[\"Duchowo\u015b\u0107\",\"Liturgia i liturgika\",\"Msza Trydencka\",\"Okres Bo\u017cego Narodzenia\",\"Proprium\"],\"inLanguage\":\"pl-PL\",\"potentialAction\":[{\"@type\":\"CommentAction\",\"name\":\"Comment\",\"target\":[\"https:\\\/\\\/wobronietradycjiiwiary.com\\\/proprium-missae-boze-narodzenia-msza-w-dzien-2-2\\\/#respond\"]}]},{\"@type\":\"WebPage\",\"@id\":\"https:\\\/\\\/wobronietradycjiiwiary.com\\\/proprium-missae-boze-narodzenia-msza-w-dzien-2-2\\\/\",\"url\":\"https:\\\/\\\/wobronietradycjiiwiary.com\\\/proprium-missae-boze-narodzenia-msza-w-dzien-2-2\\\/\",\"name\":\"Proprium missae - Bo\u017ce Narodzenia Msza w dzie\u0144 - Tradycja i Wiara\",\"isPartOf\":{\"@id\":\"https:\\\/\\\/wobronietradycjiiwiary.com\\\/pl\\\/#website\"},\"primaryImageOfPage\":{\"@id\":\"https:\\\/\\\/wobronietradycjiiwiary.com\\\/proprium-missae-boze-narodzenia-msza-w-dzien-2-2\\\/#primaryimage\"},\"image\":{\"@id\":\"https:\\\/\\\/wobronietradycjiiwiary.com\\\/proprium-missae-boze-narodzenia-msza-w-dzien-2-2\\\/#primaryimage\"},\"thumbnailUrl\":\"https:\\\/\\\/wobronietradycjiiwiary.com\\\/wp-content\\\/uploads\\\/2016\\\/12\\\/rogier-van-der-weyden-bladelin-altar-middelburger-altar-mitteltafel-geburt-christi-10253.jpg\",\"datePublished\":\"2024-12-24T18:00:55+00:00\",\"dateModified\":\"2025-02-07T14:56:49+00:00\",\"breadcrumb\":{\"@id\":\"https:\\\/\\\/wobronietradycjiiwiary.com\\\/proprium-missae-boze-narodzenia-msza-w-dzien-2-2\\\/#breadcrumb\"},\"inLanguage\":\"pl-PL\",\"potentialAction\":[{\"@type\":\"ReadAction\",\"target\":[\"https:\\\/\\\/wobronietradycjiiwiary.com\\\/proprium-missae-boze-narodzenia-msza-w-dzien-2-2\\\/\"]}]},{\"@type\":\"ImageObject\",\"inLanguage\":\"pl-PL\",\"@id\":\"https:\\\/\\\/wobronietradycjiiwiary.com\\\/proprium-missae-boze-narodzenia-msza-w-dzien-2-2\\\/#primaryimage\",\"url\":\"https:\\\/\\\/wobronietradycjiiwiary.com\\\/wp-content\\\/uploads\\\/2016\\\/12\\\/rogier-van-der-weyden-bladelin-altar-middelburger-altar-mitteltafel-geburt-christi-10253.jpg\",\"contentUrl\":\"https:\\\/\\\/wobronietradycjiiwiary.com\\\/wp-content\\\/uploads\\\/2016\\\/12\\\/rogier-van-der-weyden-bladelin-altar-middelburger-altar-mitteltafel-geburt-christi-10253.jpg\",\"width\":1866,\"height\":1920},{\"@type\":\"BreadcrumbList\",\"@id\":\"https:\\\/\\\/wobronietradycjiiwiary.com\\\/proprium-missae-boze-narodzenia-msza-w-dzien-2-2\\\/#breadcrumb\",\"itemListElement\":[{\"@type\":\"ListItem\",\"position\":1,\"name\":\"Strona g\u0142\u00f3wna\",\"item\":\"https:\\\/\\\/wobronietradycjiiwiary.com\\\/\"},{\"@type\":\"ListItem\",\"position\":2,\"name\":\"Proprium missae &#8211; Bo\u017ce Narodzenia Msza w dzie\u0144\"}]},{\"@type\":\"WebSite\",\"@id\":\"https:\\\/\\\/wobronietradycjiiwiary.com\\\/pl\\\/#website\",\"url\":\"https:\\\/\\\/wobronietradycjiiwiary.com\\\/pl\\\/\",\"name\":\"Tradycja i Wiara\",\"description\":\"Portal dla katolik\u00f3w.\",\"publisher\":{\"@id\":\"https:\\\/\\\/wobronietradycjiiwiary.com\\\/pl\\\/#organization\"},\"potentialAction\":[{\"@type\":\"SearchAction\",\"target\":{\"@type\":\"EntryPoint\",\"urlTemplate\":\"https:\\\/\\\/wobronietradycjiiwiary.com\\\/pl\\\/?s={search_term_string}\"},\"query-input\":{\"@type\":\"PropertyValueSpecification\",\"valueRequired\":true,\"valueName\":\"search_term_string\"}}],\"inLanguage\":\"pl-PL\"},{\"@type\":\"Organization\",\"@id\":\"https:\\\/\\\/wobronietradycjiiwiary.com\\\/pl\\\/#organization\",\"name\":\"Tradycja i Wiara\",\"url\":\"https:\\\/\\\/wobronietradycjiiwiary.com\\\/pl\\\/\",\"logo\":{\"@type\":\"ImageObject\",\"inLanguage\":\"pl-PL\",\"@id\":\"https:\\\/\\\/wobronietradycjiiwiary.com\\\/pl\\\/#\\\/schema\\\/logo\\\/image\\\/\",\"url\":\"https:\\\/\\\/i0.wp.com\\\/wobronietradycjiiwiary.com\\\/wp-content\\\/uploads\\\/2015\\\/10\\\/cropped-st-peters-dome-vatican.jpg?fit=940%2C198&ssl=1\",\"contentUrl\":\"https:\\\/\\\/i0.wp.com\\\/wobronietradycjiiwiary.com\\\/wp-content\\\/uploads\\\/2015\\\/10\\\/cropped-st-peters-dome-vatican.jpg?fit=940%2C198&ssl=1\",\"width\":940,\"height\":198,\"caption\":\"Tradycja i Wiara\"},\"image\":{\"@id\":\"https:\\\/\\\/wobronietradycjiiwiary.com\\\/pl\\\/#\\\/schema\\\/logo\\\/image\\\/\"},\"sameAs\":[\"https:\\\/\\\/www.facebook.com\\\/Tradycja-i-Wiara-108813920592249\"]},{\"@type\":\"Person\",\"@id\":\"https:\\\/\\\/wobronietradycjiiwiary.com\\\/pl\\\/#\\\/schema\\\/person\\\/595d3fb6f55eae9326175d092b63d851\",\"name\":\"mariuszjerzy\",\"url\":\"https:\\\/\\\/wobronietradycjiiwiary.com\\\/pl\\\/author\\\/mariuszjerzy\\\/\"}]}<\/script>\n<!-- \/ Yoast SEO plugin. -->","yoast_head_json":{"title":"Proprium missae - Bo\u017ce Narodzenia Msza w dzie\u0144 - Tradycja i Wiara","robots":{"index":"index","follow":"follow","max-snippet":"max-snippet:-1","max-image-preview":"max-image-preview:large","max-video-preview":"max-video-preview:-1"},"canonical":"https:\/\/wobronietradycjiiwiary.com\/pl\/proprium-missae-boze-narodzenia-msza-w-dzien-2-2\/","og_locale":"pl_PL","og_type":"article","og_title":"Proprium missae - Bo\u017ce Narodzenia Msza w dzie\u0144 - Tradycja i Wiara","og_description":"&nbsp; Introit: Izaj. 9, 6. Puer natus est nobis, et filius datus est nobis: cu\u00adjus imperium super humerum ejus: et vocabitur nomen ejus, magni consilii Angelus. \u2014 Ps. Cantate Domino canticum novum :quia mirabilia fecit. f. Gloria. &#8221; Dzieci\u0105tko si\u0119 nam narodzi\u0142o, i Syn nam jest dany: kt\u00f3rego panowanie sta\u0142o si\u0119 na ramieniu Jego, i [&hellip;]","og_url":"https:\/\/wobronietradycjiiwiary.com\/pl\/proprium-missae-boze-narodzenia-msza-w-dzien-2-2\/","og_site_name":"Tradycja i Wiara","article_publisher":"https:\/\/www.facebook.com\/Tradycja-i-Wiara-108813920592249","article_published_time":"2024-12-24T18:00:55+00:00","article_modified_time":"2025-02-07T14:56:49+00:00","og_image":[{"width":1866,"height":1920,"url":"https:\/\/wobronietradycjiiwiary.com\/wp-content\/uploads\/2016\/12\/rogier-van-der-weyden-bladelin-altar-middelburger-altar-mitteltafel-geburt-christi-10253.jpg","type":"image\/jpeg"}],"author":"mariuszjerzy","twitter_card":"summary_large_image","twitter_misc":{"Napisane przez":"mariuszjerzy","Szacowany czas czytania":"2 minuty"},"schema":{"@context":"https:\/\/schema.org","@graph":[{"@type":"Article","@id":"https:\/\/wobronietradycjiiwiary.com\/proprium-missae-boze-narodzenia-msza-w-dzien-2-2\/#article","isPartOf":{"@id":"https:\/\/wobronietradycjiiwiary.com\/proprium-missae-boze-narodzenia-msza-w-dzien-2-2\/"},"author":{"name":"mariuszjerzy","@id":"https:\/\/wobronietradycjiiwiary.com\/pl\/#\/schema\/person\/595d3fb6f55eae9326175d092b63d851"},"headline":"Proprium missae &#8211; Bo\u017ce Narodzenia Msza w dzie\u0144","datePublished":"2024-12-24T18:00:55+00:00","dateModified":"2025-02-07T14:56:49+00:00","mainEntityOfPage":{"@id":"https:\/\/wobronietradycjiiwiary.com\/proprium-missae-boze-narodzenia-msza-w-dzien-2-2\/"},"wordCount":364,"commentCount":0,"publisher":{"@id":"https:\/\/wobronietradycjiiwiary.com\/pl\/#organization"},"image":{"@id":"https:\/\/wobronietradycjiiwiary.com\/proprium-missae-boze-narodzenia-msza-w-dzien-2-2\/#primaryimage"},"thumbnailUrl":"https:\/\/wobronietradycjiiwiary.com\/wp-content\/uploads\/2016\/12\/rogier-van-der-weyden-bladelin-altar-middelburger-altar-mitteltafel-geburt-christi-10253.jpg","articleSection":["Duchowo\u015b\u0107","Liturgia i liturgika","Msza Trydencka","Okres Bo\u017cego Narodzenia","Proprium"],"inLanguage":"pl-PL","potentialAction":[{"@type":"CommentAction","name":"Comment","target":["https:\/\/wobronietradycjiiwiary.com\/proprium-missae-boze-narodzenia-msza-w-dzien-2-2\/#respond"]}]},{"@type":"WebPage","@id":"https:\/\/wobronietradycjiiwiary.com\/proprium-missae-boze-narodzenia-msza-w-dzien-2-2\/","url":"https:\/\/wobronietradycjiiwiary.com\/proprium-missae-boze-narodzenia-msza-w-dzien-2-2\/","name":"Proprium missae - Bo\u017ce Narodzenia Msza w dzie\u0144 - Tradycja i Wiara","isPartOf":{"@id":"https:\/\/wobronietradycjiiwiary.com\/pl\/#website"},"primaryImageOfPage":{"@id":"https:\/\/wobronietradycjiiwiary.com\/proprium-missae-boze-narodzenia-msza-w-dzien-2-2\/#primaryimage"},"image":{"@id":"https:\/\/wobronietradycjiiwiary.com\/proprium-missae-boze-narodzenia-msza-w-dzien-2-2\/#primaryimage"},"thumbnailUrl":"https:\/\/wobronietradycjiiwiary.com\/wp-content\/uploads\/2016\/12\/rogier-van-der-weyden-bladelin-altar-middelburger-altar-mitteltafel-geburt-christi-10253.jpg","datePublished":"2024-12-24T18:00:55+00:00","dateModified":"2025-02-07T14:56:49+00:00","breadcrumb":{"@id":"https:\/\/wobronietradycjiiwiary.com\/proprium-missae-boze-narodzenia-msza-w-dzien-2-2\/#breadcrumb"},"inLanguage":"pl-PL","potentialAction":[{"@type":"ReadAction","target":["https:\/\/wobronietradycjiiwiary.com\/proprium-missae-boze-narodzenia-msza-w-dzien-2-2\/"]}]},{"@type":"ImageObject","inLanguage":"pl-PL","@id":"https:\/\/wobronietradycjiiwiary.com\/proprium-missae-boze-narodzenia-msza-w-dzien-2-2\/#primaryimage","url":"https:\/\/wobronietradycjiiwiary.com\/wp-content\/uploads\/2016\/12\/rogier-van-der-weyden-bladelin-altar-middelburger-altar-mitteltafel-geburt-christi-10253.jpg","contentUrl":"https:\/\/wobronietradycjiiwiary.com\/wp-content\/uploads\/2016\/12\/rogier-van-der-weyden-bladelin-altar-middelburger-altar-mitteltafel-geburt-christi-10253.jpg","width":1866,"height":1920},{"@type":"BreadcrumbList","@id":"https:\/\/wobronietradycjiiwiary.com\/proprium-missae-boze-narodzenia-msza-w-dzien-2-2\/#breadcrumb","itemListElement":[{"@type":"ListItem","position":1,"name":"Strona g\u0142\u00f3wna","item":"https:\/\/wobronietradycjiiwiary.com\/"},{"@type":"ListItem","position":2,"name":"Proprium missae &#8211; Bo\u017ce Narodzenia Msza w dzie\u0144"}]},{"@type":"WebSite","@id":"https:\/\/wobronietradycjiiwiary.com\/pl\/#website","url":"https:\/\/wobronietradycjiiwiary.com\/pl\/","name":"Tradycja i Wiara","description":"Portal dla katolik\u00f3w.","publisher":{"@id":"https:\/\/wobronietradycjiiwiary.com\/pl\/#organization"},"potentialAction":[{"@type":"SearchAction","target":{"@type":"EntryPoint","urlTemplate":"https:\/\/wobronietradycjiiwiary.com\/pl\/?s={search_term_string}"},"query-input":{"@type":"PropertyValueSpecification","valueRequired":true,"valueName":"search_term_string"}}],"inLanguage":"pl-PL"},{"@type":"Organization","@id":"https:\/\/wobronietradycjiiwiary.com\/pl\/#organization","name":"Tradycja i Wiara","url":"https:\/\/wobronietradycjiiwiary.com\/pl\/","logo":{"@type":"ImageObject","inLanguage":"pl-PL","@id":"https:\/\/wobronietradycjiiwiary.com\/pl\/#\/schema\/logo\/image\/","url":"https:\/\/i0.wp.com\/wobronietradycjiiwiary.com\/wp-content\/uploads\/2015\/10\/cropped-st-peters-dome-vatican.jpg?fit=940%2C198&ssl=1","contentUrl":"https:\/\/i0.wp.com\/wobronietradycjiiwiary.com\/wp-content\/uploads\/2015\/10\/cropped-st-peters-dome-vatican.jpg?fit=940%2C198&ssl=1","width":940,"height":198,"caption":"Tradycja i Wiara"},"image":{"@id":"https:\/\/wobronietradycjiiwiary.com\/pl\/#\/schema\/logo\/image\/"},"sameAs":["https:\/\/www.facebook.com\/Tradycja-i-Wiara-108813920592249"]},{"@type":"Person","@id":"https:\/\/wobronietradycjiiwiary.com\/pl\/#\/schema\/person\/595d3fb6f55eae9326175d092b63d851","name":"mariuszjerzy","url":"https:\/\/wobronietradycjiiwiary.com\/pl\/author\/mariuszjerzy\/"}]}},"jetpack_publicize_connections":[],"jetpack_sharing_enabled":true,"jetpack_likes_enabled":true,"jetpack_shortlink":"https:\/\/wp.me\/pc04Sd-wWd","jetpack-related-posts":[{"id":157103,"url":"https:\/\/wobronietradycjiiwiary.com\/pl\/proprium-missae-boze-narodzenia-msza-w-dzien-2-2-2\/","url_meta":{"origin":126617,"position":0},"title":"Proprium missae &#8211; Bo\u017ce Narodzenia Msza w dzie\u0144","author":"mariuszjerzy","date":"25 grudnia 2025","format":false,"excerpt":"\u00a0 Introit: Izaj. 9, 6. Puer natus est nobis, et filius datus est nobis: cu\u00adjus imperium super humerum ejus: et vocabitur nomen ejus, magni consilii Angelus. \u2014 Ps. Cantate Domino canticum novum :quia mirabilia fecit. f. Gloria. \" Dzieci\u0105tko si\u0119 nam narodzi\u0142o, i Syn nam jest dany: kt\u00f3rego panowanie sta\u0142o\u2026","rel":"","context":"W \u201eDuchowo\u015b\u0107&quot;","block_context":{"text":"Duchowo\u015b\u0107","link":"https:\/\/wobronietradycjiiwiary.com\/pl\/category\/duchowosc\/"},"img":{"alt_text":"","src":"https:\/\/i0.wp.com\/wobronietradycjiiwiary.com\/wp-content\/uploads\/2016\/12\/rogier-van-der-weyden-bladelin-altar-middelburger-altar-mitteltafel-geburt-christi-10253.jpg?resize=350%2C200&ssl=1","width":350,"height":200,"srcset":"https:\/\/i0.wp.com\/wobronietradycjiiwiary.com\/wp-content\/uploads\/2016\/12\/rogier-van-der-weyden-bladelin-altar-middelburger-altar-mitteltafel-geburt-christi-10253.jpg?resize=350%2C200&ssl=1 1x, https:\/\/i0.wp.com\/wobronietradycjiiwiary.com\/wp-content\/uploads\/2016\/12\/rogier-van-der-weyden-bladelin-altar-middelburger-altar-mitteltafel-geburt-christi-10253.jpg?resize=525%2C300&ssl=1 1.5x, https:\/\/i0.wp.com\/wobronietradycjiiwiary.com\/wp-content\/uploads\/2016\/12\/rogier-van-der-weyden-bladelin-altar-middelburger-altar-mitteltafel-geburt-christi-10253.jpg?resize=700%2C400&ssl=1 2x, https:\/\/i0.wp.com\/wobronietradycjiiwiary.com\/wp-content\/uploads\/2016\/12\/rogier-van-der-weyden-bladelin-altar-middelburger-altar-mitteltafel-geburt-christi-10253.jpg?resize=1050%2C600&ssl=1 3x, https:\/\/i0.wp.com\/wobronietradycjiiwiary.com\/wp-content\/uploads\/2016\/12\/rogier-van-der-weyden-bladelin-altar-middelburger-altar-mitteltafel-geburt-christi-10253.jpg?resize=1400%2C800&ssl=1 4x"},"classes":[]},{"id":108943,"url":"https:\/\/wobronietradycjiiwiary.com\/pl\/proprium-missae-boze-narodzenia-msza-w-dzien-4-2\/","url_meta":{"origin":126617,"position":1},"title":"Proprium missae &#8211; Bo\u017ce Narodzenia Msza w dzie\u0144","author":"Traditio et Fides","date":"25 grudnia 2023","format":false,"excerpt":"Proprium na Msz\u0119 Bo\u017cego Narodzenia w dzie\u0144.","rel":"","context":"W \u201eDuchowo\u015b\u0107&quot;","block_context":{"text":"Duchowo\u015b\u0107","link":"https:\/\/wobronietradycjiiwiary.com\/pl\/category\/duchowosc\/"},"img":{"alt_text":"","src":"https:\/\/i0.wp.com\/wobronietradycjiiwiary.com\/wp-content\/uploads\/2022\/12\/rogier-van-der-weyden-bladelin-altar-middelburger-altar-mitteltafel-geburt-christi-10253.jpg?resize=350%2C200&ssl=1","width":350,"height":200,"srcset":"https:\/\/i0.wp.com\/wobronietradycjiiwiary.com\/wp-content\/uploads\/2022\/12\/rogier-van-der-weyden-bladelin-altar-middelburger-altar-mitteltafel-geburt-christi-10253.jpg?resize=350%2C200&ssl=1 1x, https:\/\/i0.wp.com\/wobronietradycjiiwiary.com\/wp-content\/uploads\/2022\/12\/rogier-van-der-weyden-bladelin-altar-middelburger-altar-mitteltafel-geburt-christi-10253.jpg?resize=525%2C300&ssl=1 1.5x, https:\/\/i0.wp.com\/wobronietradycjiiwiary.com\/wp-content\/uploads\/2022\/12\/rogier-van-der-weyden-bladelin-altar-middelburger-altar-mitteltafel-geburt-christi-10253.jpg?resize=700%2C400&ssl=1 2x, https:\/\/i0.wp.com\/wobronietradycjiiwiary.com\/wp-content\/uploads\/2022\/12\/rogier-van-der-weyden-bladelin-altar-middelburger-altar-mitteltafel-geburt-christi-10253.jpg?resize=1050%2C600&ssl=1 3x, https:\/\/i0.wp.com\/wobronietradycjiiwiary.com\/wp-content\/uploads\/2022\/12\/rogier-van-der-weyden-bladelin-altar-middelburger-altar-mitteltafel-geburt-christi-10253.jpg?resize=1400%2C800&ssl=1 4x"},"classes":[]},{"id":11079,"url":"https:\/\/wobronietradycjiiwiary.com\/pl\/proprium-missae-boze-narodzenia-msza-w-dzien\/","url_meta":{"origin":126617,"position":2},"title":"Proprium missae &#8211; Bo\u017ce Narodzenia Msza w dzie\u0144","author":"Traditio et Fides","date":"25 grudnia 2016","format":false,"excerpt":"\u00a0 Introit: Izaj. 9, 6. Puer natus est nobis, et filius datus est nobis: cu\u00adjus imperium super humerum ejus: et vocabitur nomen ejus, magni consilii Angelus. \u2014 Ps. Cantate Domino canticum novum :quia mirabilia fecit. f. Gloria. \" Dzieci\u0105tko si\u0119 nam narodzi\u0142o, i Syn nam jest dany: kt\u00f3rego panowanie sta\u0142o\u2026","rel":"","context":"W \u201eProprium&quot;","block_context":{"text":"Proprium","link":"https:\/\/wobronietradycjiiwiary.com\/pl\/category\/duchowosc\/liturgia-i-liturgika\/msza-trydencka\/proprium\/"},"img":{"alt_text":"","src":"https:\/\/i0.wp.com\/wobronietradycjiiwiary.com\/wp-content\/uploads\/2016\/12\/rogier-van-der-weyden-bladelin-altar-middelburger-altar-mitteltafel-geburt-christi-10253.jpg?resize=350%2C200&ssl=1","width":350,"height":200,"srcset":"https:\/\/i0.wp.com\/wobronietradycjiiwiary.com\/wp-content\/uploads\/2016\/12\/rogier-van-der-weyden-bladelin-altar-middelburger-altar-mitteltafel-geburt-christi-10253.jpg?resize=350%2C200&ssl=1 1x, https:\/\/i0.wp.com\/wobronietradycjiiwiary.com\/wp-content\/uploads\/2016\/12\/rogier-van-der-weyden-bladelin-altar-middelburger-altar-mitteltafel-geburt-christi-10253.jpg?resize=525%2C300&ssl=1 1.5x, https:\/\/i0.wp.com\/wobronietradycjiiwiary.com\/wp-content\/uploads\/2016\/12\/rogier-van-der-weyden-bladelin-altar-middelburger-altar-mitteltafel-geburt-christi-10253.jpg?resize=700%2C400&ssl=1 2x, https:\/\/i0.wp.com\/wobronietradycjiiwiary.com\/wp-content\/uploads\/2016\/12\/rogier-van-der-weyden-bladelin-altar-middelburger-altar-mitteltafel-geburt-christi-10253.jpg?resize=1050%2C600&ssl=1 3x, https:\/\/i0.wp.com\/wobronietradycjiiwiary.com\/wp-content\/uploads\/2016\/12\/rogier-van-der-weyden-bladelin-altar-middelburger-altar-mitteltafel-geburt-christi-10253.jpg?resize=1400%2C800&ssl=1 4x"},"classes":[]},{"id":25996,"url":"https:\/\/wobronietradycjiiwiary.com\/pl\/proprium-missae-boze-narodzenia-msza-w-dzien-3\/","url_meta":{"origin":126617,"position":3},"title":"Proprium missae &#8211; Bo\u017ce Narodzenia Msza w dzie\u0144","author":"Traditio et Fides","date":"24 grudnia 2019","format":false,"excerpt":"\u00a0 Introit: Izaj. 9, 6. Puer natus est nobis, et filius datus est nobis: cu\u00adjus imperium super humerum ejus: et vocabitur nomen ejus, magni consilii Angelus. \u2014 Ps. Cantate Domino canticum novum :quia mirabilia fecit. f. Gloria. \" Dzieci\u0105tko si\u0119 nam narodzi\u0142o, i Syn nam jest dany: kt\u00f3rego panowanie sta\u0142o\u2026","rel":"","context":"W \u201eProprium&quot;","block_context":{"text":"Proprium","link":"https:\/\/wobronietradycjiiwiary.com\/pl\/category\/duchowosc\/liturgia-i-liturgika\/msza-trydencka\/proprium\/"},"img":{"alt_text":"","src":"https:\/\/i0.wp.com\/wobronietradycjiiwiary.com\/wp-content\/uploads\/2019\/12\/rogier-van-der-weyden-bladelin-altar-middelburger-altar-mitteltafel-geburt-christi-10253-scaled.jpg?resize=350%2C200&ssl=1","width":350,"height":200,"srcset":"https:\/\/i0.wp.com\/wobronietradycjiiwiary.com\/wp-content\/uploads\/2019\/12\/rogier-van-der-weyden-bladelin-altar-middelburger-altar-mitteltafel-geburt-christi-10253-scaled.jpg?resize=350%2C200&ssl=1 1x, https:\/\/i0.wp.com\/wobronietradycjiiwiary.com\/wp-content\/uploads\/2019\/12\/rogier-van-der-weyden-bladelin-altar-middelburger-altar-mitteltafel-geburt-christi-10253-scaled.jpg?resize=525%2C300&ssl=1 1.5x, https:\/\/i0.wp.com\/wobronietradycjiiwiary.com\/wp-content\/uploads\/2019\/12\/rogier-van-der-weyden-bladelin-altar-middelburger-altar-mitteltafel-geburt-christi-10253-scaled.jpg?resize=700%2C400&ssl=1 2x, https:\/\/i0.wp.com\/wobronietradycjiiwiary.com\/wp-content\/uploads\/2019\/12\/rogier-van-der-weyden-bladelin-altar-middelburger-altar-mitteltafel-geburt-christi-10253-scaled.jpg?resize=1050%2C600&ssl=1 3x, https:\/\/i0.wp.com\/wobronietradycjiiwiary.com\/wp-content\/uploads\/2019\/12\/rogier-van-der-weyden-bladelin-altar-middelburger-altar-mitteltafel-geburt-christi-10253-scaled.jpg?resize=1400%2C800&ssl=1 4x"},"classes":[]},{"id":22144,"url":"https:\/\/wobronietradycjiiwiary.com\/pl\/proprium-missae-boze-narodzenia-msza-w-dzien-2\/","url_meta":{"origin":126617,"position":4},"title":"Proprium missae &#8211; Bo\u017ce Narodzenia Msza w dzie\u0144","author":"mariuszjerzy","date":"25 grudnia 2017","format":false,"excerpt":"\u00a0 Introit: Izaj. 9, 6. Puer natus est nobis, et filius datus est nobis: cu\u00adjus imperium super humerum ejus: et vocabitur nomen ejus, magni consilii Angelus. \u2014 Ps. Cantate Domino canticum novum :quia mirabilia fecit. f. Gloria. \" Dzieci\u0105tko si\u0119 nam narodzi\u0142o, i Syn nam jest dany: kt\u00f3rego panowanie sta\u0142o\u2026","rel":"","context":"W \u201eDuchowo\u015b\u0107&quot;","block_context":{"text":"Duchowo\u015b\u0107","link":"https:\/\/wobronietradycjiiwiary.com\/pl\/category\/duchowosc\/"},"img":{"alt_text":"","src":"https:\/\/i0.wp.com\/wobronietradycjiiwiary.com\/wp-content\/uploads\/2016\/12\/rogier-van-der-weyden-bladelin-altar-middelburger-altar-mitteltafel-geburt-christi-10253.jpg?resize=350%2C200&ssl=1","width":350,"height":200,"srcset":"https:\/\/i0.wp.com\/wobronietradycjiiwiary.com\/wp-content\/uploads\/2016\/12\/rogier-van-der-weyden-bladelin-altar-middelburger-altar-mitteltafel-geburt-christi-10253.jpg?resize=350%2C200&ssl=1 1x, https:\/\/i0.wp.com\/wobronietradycjiiwiary.com\/wp-content\/uploads\/2016\/12\/rogier-van-der-weyden-bladelin-altar-middelburger-altar-mitteltafel-geburt-christi-10253.jpg?resize=525%2C300&ssl=1 1.5x, https:\/\/i0.wp.com\/wobronietradycjiiwiary.com\/wp-content\/uploads\/2016\/12\/rogier-van-der-weyden-bladelin-altar-middelburger-altar-mitteltafel-geburt-christi-10253.jpg?resize=700%2C400&ssl=1 2x, https:\/\/i0.wp.com\/wobronietradycjiiwiary.com\/wp-content\/uploads\/2016\/12\/rogier-van-der-weyden-bladelin-altar-middelburger-altar-mitteltafel-geburt-christi-10253.jpg?resize=1050%2C600&ssl=1 3x, https:\/\/i0.wp.com\/wobronietradycjiiwiary.com\/wp-content\/uploads\/2016\/12\/rogier-van-der-weyden-bladelin-altar-middelburger-altar-mitteltafel-geburt-christi-10253.jpg?resize=1400%2C800&ssl=1 4x"},"classes":[]},{"id":40446,"url":"https:\/\/wobronietradycjiiwiary.com\/pl\/proprium-missae-boze-narodzenia-msza-w-dzien-4\/","url_meta":{"origin":126617,"position":5},"title":"Proprium missae &#8211; Bo\u017ce Narodzenia Msza w dzie\u0144","author":"Traditio et Fides","date":"25 grudnia 2022","format":false,"excerpt":"Proprium na Msz\u0119 Bo\u017cego Narodzenia w dzie\u0144.","rel":"","context":"W \u201eProprium&quot;","block_context":{"text":"Proprium","link":"https:\/\/wobronietradycjiiwiary.com\/pl\/category\/duchowosc\/liturgia-i-liturgika\/msza-trydencka\/proprium\/"},"img":{"alt_text":"","src":"https:\/\/i0.wp.com\/wobronietradycjiiwiary.com\/wp-content\/uploads\/2022\/12\/rogier-van-der-weyden-bladelin-altar-middelburger-altar-mitteltafel-geburt-christi-10253.jpg?resize=350%2C200&ssl=1","width":350,"height":200,"srcset":"https:\/\/i0.wp.com\/wobronietradycjiiwiary.com\/wp-content\/uploads\/2022\/12\/rogier-van-der-weyden-bladelin-altar-middelburger-altar-mitteltafel-geburt-christi-10253.jpg?resize=350%2C200&ssl=1 1x, https:\/\/i0.wp.com\/wobronietradycjiiwiary.com\/wp-content\/uploads\/2022\/12\/rogier-van-der-weyden-bladelin-altar-middelburger-altar-mitteltafel-geburt-christi-10253.jpg?resize=525%2C300&ssl=1 1.5x, https:\/\/i0.wp.com\/wobronietradycjiiwiary.com\/wp-content\/uploads\/2022\/12\/rogier-van-der-weyden-bladelin-altar-middelburger-altar-mitteltafel-geburt-christi-10253.jpg?resize=700%2C400&ssl=1 2x, https:\/\/i0.wp.com\/wobronietradycjiiwiary.com\/wp-content\/uploads\/2022\/12\/rogier-van-der-weyden-bladelin-altar-middelburger-altar-mitteltafel-geburt-christi-10253.jpg?resize=1050%2C600&ssl=1 3x, https:\/\/i0.wp.com\/wobronietradycjiiwiary.com\/wp-content\/uploads\/2022\/12\/rogier-van-der-weyden-bladelin-altar-middelburger-altar-mitteltafel-geburt-christi-10253.jpg?resize=1400%2C800&ssl=1 4x"},"classes":[]}],"amp_enabled":true,"jetpack_featured_media_url":"https:\/\/wobronietradycjiiwiary.com\/wp-content\/uploads\/2016\/12\/rogier-van-der-weyden-bladelin-altar-middelburger-altar-mitteltafel-geburt-christi-10253.jpg","_links":{"self":[{"href":"https:\/\/wobronietradycjiiwiary.com\/pl\/wp-json\/wp\/v2\/posts\/126617","targetHints":{"allow":["GET"]}}],"collection":[{"href":"https:\/\/wobronietradycjiiwiary.com\/pl\/wp-json\/wp\/v2\/posts"}],"about":[{"href":"https:\/\/wobronietradycjiiwiary.com\/pl\/wp-json\/wp\/v2\/types\/post"}],"author":[{"embeddable":true,"href":"https:\/\/wobronietradycjiiwiary.com\/pl\/wp-json\/wp\/v2\/users\/119394841"}],"replies":[{"embeddable":true,"href":"https:\/\/wobronietradycjiiwiary.com\/pl\/wp-json\/wp\/v2\/comments?post=126617"}],"version-history":[{"count":1,"href":"https:\/\/wobronietradycjiiwiary.com\/pl\/wp-json\/wp\/v2\/posts\/126617\/revisions"}],"predecessor-version":[{"id":126620,"href":"https:\/\/wobronietradycjiiwiary.com\/pl\/wp-json\/wp\/v2\/posts\/126617\/revisions\/126620"}],"wp:featuredmedia":[{"embeddable":true,"href":"https:\/\/wobronietradycjiiwiary.com\/pl\/wp-json\/wp\/v2\/media\/100352"}],"wp:attachment":[{"href":"https:\/\/wobronietradycjiiwiary.com\/pl\/wp-json\/wp\/v2\/media?parent=126617"}],"wp:term":[{"taxonomy":"category","embeddable":true,"href":"https:\/\/wobronietradycjiiwiary.com\/pl\/wp-json\/wp\/v2\/categories?post=126617"},{"taxonomy":"post_tag","embeddable":true,"href":"https:\/\/wobronietradycjiiwiary.com\/pl\/wp-json\/wp\/v2\/tags?post=126617"}],"curies":[{"name":"wp","href":"https:\/\/api.w.org\/{rel}","templated":true}]}}