{"id":124243,"date":"2024-12-12T08:15:17","date_gmt":"2024-12-12T07:15:17","guid":{"rendered":"https:\/\/wobronietradycjiiwiary.com\/?p=124243"},"modified":"2025-02-10T11:14:21","modified_gmt":"2025-02-10T10:14:21","slug":"12-go-grudnia-zywot-swietej-otylii-ksieni-2-2-2-2","status":"publish","type":"post","link":"https:\/\/wobronietradycjiiwiary.com\/pl\/12-go-grudnia-zywot-swietej-otylii-ksieni-2-2-2-2\/","title":{"rendered":"12-go Grudnia. \u017bywot \u015bwi\u0119tej Otylii, Ksieni."},"content":{"rendered":"<div id=\"bsf_rt_marker\"><\/div>\n<p class=\"has-text-align-center wp-block-paragraph\"><em>(\u017by\u0142a oko\u0142o roku Pa\u0144skiego 720).<\/em><\/p>\n\n\n\n<figure class=\"wp-block-image\"><a href=\"https:\/\/pl.wikisource.org\/wiki\/Plik:%C5%BBywoty_%C5%9Bw._Pa%C5%84skich_na_wszystkie_dnie_roku-Inicja%C5%82-O.png\"><img decoding=\"async\" src=\"https:\/\/upload.wikimedia.org\/wikipedia\/commons\/thumb\/6\/60\/%C5%BBywoty_%C5%9Bw._Pa%C5%84skich_na_wszystkie_dnie_roku-Inicja%C5%82-O.png\/57px-%C5%BBywoty_%C5%9Bw._Pa%C5%84skich_na_wszystkie_dnie_roku-Inicja%C5%82-O.png\" alt=\"O\"\/><\/a><\/figure>\n\n\n\n<p class=\"has-text-align-justify wp-block-paragraph\">O kilka mil od Strasburgu wida\u0107 na g\u00f3rze 2500 st\u00f3p wysokiej, gruzy zamku i klasztoru \u017ce\u0144skiego Hohenburga. Za\u0142o\u017cycielem tego klasztoru by\u0142 ksi\u0105\u017c\u0119 alzacki, Etikon I. Pobo\u017cna jego ma\u0142\u017conka Berezynda powi\u0142a mu oko\u0142o roku 662 c\u00f3reczk\u0119, ale dzieci\u0119 by\u0142o niewidome i nieurodne. Dumny i pop\u0119dliwy Etiko uwa\u017ca\u0142 w tem sromot\u0119 domu swego i chcia\u0142 w uniesieniu dzieci\u0119 zg\u0142adzi\u0107. Przestraszona matka powierzy\u0142a je s\u0142u\u017cebnej, a po roku krewnej w klasztorze Palme. Tu ochrzci\u0142 dziewcz\u0105tko Eberhard, Opat klasztoru i nada\u0142 jej imi\u0119 Otylii. Po chrzcie odzyska\u0142o dzieci\u0119 wzrok i wypi\u0119knia\u0142o na twarzy.<\/p>\n\n\n\n<p class=\"has-text-align-justify wp-block-paragraph\"><br>\u2009Pod troskliw\u0105 opiek\u0105 zakonnic ros\u0142a Otylia nie tylko w latach, ale i w nauce i cnocie i sta\u0142a si\u0119 wkr\u00f3tce mi\u0142a i nadobn\u0105 dziewic\u0105. T\u0119skni\u0105c do rodzic\u00f3w i braci, pragn\u0119\u0142a ich odwiedzi\u0107, ale zawzi\u0119ty ojciec wzbroni\u0142 jej powrotu. Gdy matka nie mog\u0142a zatwardzia\u0142ego serca m\u0119\u017ca zmi\u0119kczy\u0107, poprosi\u0142a Otylia brata Hugona, ulubie\u0144ca Etikona, aby ojca przeb\u0142aga\u0142. Ten uczyni\u0142, co m\u00f3g\u0142, ale uporu ojca prze\u0142ama\u0107 nie zdo\u0142a\u0142. S\u0105dz\u0105c, \u017ce osobiste zjawienie si\u0119 c\u00f3rki wi\u0119cej podzia\u0142a na ojcu, ani\u017celi pro\u015bby i b\u0142agania, i \u017ce widok odepchni\u0119tej a cudem Boskim uleczonej i kwitn\u0105cej panienki obudzi w sercu Etikona mi\u0142o\u015b\u0107 ojcowsk\u0105, wprowadzi\u0142 potajemnie ukochan\u0105 siostrzyczk\u0119 do zamku. Czyn ten przyp\u0142aci\u0142 niestety \u017cyciem, a Otylia z bole\u015bci\u0105 serca musia\u0142a wr\u00f3ci\u0107 do klasztoru.<\/p>\n\n\n\n<p class=\"has-text-align-justify wp-block-paragraph\"><br>\u2009Och\u0142on\u0105wszy z gniewu i upami\u0119tawszy si\u0119, pocz\u0105\u0142 ksi\u0105\u017c\u0119 \u017ca\u0142owa\u0107 zbrodniczego czynu i pozwoli\u0142 wr\u00f3ci\u0107 c\u00f3rce do domu, poczem powierzy\u0142 j\u0105 jednej zakonnicy i kaza\u0142 jej pe\u0142ni\u0107 obowi\u0105zki prostej s\u0142u\u017cebnicy. Otylia pokornie podzi\u0119kowa\u0142a za pozwolenie powrotu i znosi\u0142a poni\u017cenie z tak pobo\u017cn\u0105 cierpliwo\u015bci\u0105, \u017ce nareszcie zmi\u0119kczy\u0142a serce ojca i wp\u0142yn\u0119\u0142a na ca\u0142kowit\u0105 jego zmian\u0119. Po chwilowem jednak\u017ce zwyci\u0119stwie przysz\u0142y na ni\u0105 inne utrapienia. Czar jej wdzi\u0119k\u00f3w i bogactwa ojca zwabi\u0142y do zamku wiele m\u0142odzie\u017cy, ubiegaj\u0105cej si\u0119 o jej wzgl\u0119dy. Jednemu z nich sprzyja\u0142 widocznie ksi\u0105\u017c\u0119 i namawia\u0142 Otyli\u0119, aby mu odda\u0142a r\u0119k\u0119. Dziewica, kt\u00f3ra przesz\u0142a d\u0142ug\u0105 i tward\u0105 szko\u0142\u0119 cierpie\u0144 i pozna\u0142a pr\u00f3\u017cno\u015b\u0107 uciech \u015bwiatowych, umi\u0142owa\u0142a Chrystusa i uczyni\u0142a \u015blub, \u017ce Jemu po\u015bwi\u0119ci dziewictwo i ca\u0142e swe \u017cycie. O\u015bwiadczy\u0142a przeto paniczowi, \u017ce nigdy nie p\u00f3jdzie za m\u0105\u017c, gdy\u017c ma Oblubie\u0144ca w Zbawicielu.<\/p>\n\n\n\n<p class=\"has-text-align-justify wp-block-paragraph\"><br>\u2009Zap\u0142on\u0105\u0142 gniewem Etikon i chc\u0105c prze\u0142ama\u0107 op\u00f3r c\u00f3rki, str\u0105ci\u0142 j\u0105 znowu do rz\u0119du s\u0142u\u017cebnic. Wkr\u00f3tce spostrzeg\u0142 j\u0105, gdy sz\u0142a do chorego, a gdy na zapytanie, dok\u0105d idzie, otrzyma\u0142 odpowied\u017a: \u201eNios\u0119 choremu troch\u0119 m\u0105ki j\u0119czmiennej, aby si\u0119 mia\u0142 czem posili\u0107\u201c, rzek\u0142 wzruszony: \u201eKochana c\u00f3rko, wszystko ci wynagrodz\u0119.\u201c Oko\u0142o roku 680 darowa\u0142 jej zamek Hohenburg i zamieni\u0142 go na klasztor \u017ce\u0144ski. Lecz nie dosy\u0107 na tem, sam bowiem podda\u0142 si\u0119 pod kierunek m\u0105drej i bogobojnej c\u00f3rki, zasi\u0119ga\u0142 jej rad w sprawach doczesnych i wiecznych, wi\u00f3d\u0142 \u017cywot pokutniczy i pojednany z lud\u017ami i Bogiem umar\u0142 \u015bmierci\u0105 przyk\u0142adn\u0105 dnia 20 lutego roku 690.<\/p>\n\n\n\n<p class=\"has-text-align-justify wp-block-paragraph\"><br>\u2009Poniewa\u017c Hohenburg by\u0142 pierwszym \u017ce\u0144skim klasztorem w Alzacyi, a rozg\u0142os cn\u00f3t Otylii daleko si\u0119 rozchodzi\u0142, nie dziw, \u017ce wiele panien z najpierwszych rodzin wst\u0119powa\u0142o do zakonu, kt\u00f3ry wkr\u00f3tce liczy\u0142 130 mniszek. Otylia sta\u0142a na ich czele jako ksieni i kochaj\u0105ca matka i budowa\u0142a je wi\u0119cej w\u0142asnym przyk\u0142adem, ani\u017celi nauk\u0105 i napomnieniami. Du\u017co czasu po\u015bwi\u0119ci\u0142a modlitwie i czytaniu Pisma \u015bwi\u0119tego. Surow\u0105 by\u0142a dla siebie, \u0142agodn\u0105 i mi\u0142osiern\u0105 dla drugich, mianowicie dla biednych i chorych. Pokarmem jej by\u0142 chleb owsiany, napojem woda, \u0142o\u017cem nied\u017awiedzia sk\u00f3ra, poduszk\u0105 kamie\u0144, a mi\u0142o\u015b\u0107 jej ku Bogu i ofiarno\u015b\u0107 dla podw\u0142adnych nie mia\u0142a granic. Regu\u0142a, wed\u0142ug kt\u00f3rej zarz\u0105dza\u0142a klasztorem, by\u0142a prawdopodobnie Benedykty\u0144ska, w kt\u00f3rej miejsce wst\u0105pi\u0142a w jedenastym wieku regu\u0142a \u015bwi\u0119tego Augustyna.<\/p>\n\n\n\n<p class=\"has-text-align-justify wp-block-paragraph\"><br>\u2009Poniewa\u017c chorym, kalekom i os\u0142abionym trudno by\u0142o podej\u015b\u0107 pod g\u00f3r\u0119,\u00a0wystawi\u0142a u podn\u00f3\u017ca Hohenburga szpital wielki dla ubogich, chorych i pielgrzym\u00f3w z przybudowanym do niego ko\u015bcio\u0142em. P\u00f3\u017aniej za\u0142o\u017cy\u0142a obok ko\u015bcio\u0142a klasztor dla starszych zakonnic, aby im da\u0107 sposobno\u015b\u0107 do \u0107wiczenia si\u0119 w dzie\u0142ach mi\u0142osierdzia. Wielkim tym zak\u0142adem zarz\u0105dza\u0142a m\u0105drze i ogl\u0119dnie; sama schodzi\u0142a codziennie przez wiele lat na d\u00f3\u0142, aby opatrywa\u0107 chorych, \u015bwiadczy\u0107 dobrze ubogim, a B\u00f3g wynagradza\u0142 jej te starania stokrotnemi \u0142askami. Szczeg\u00f3ln\u0105 cze\u015b\u0107 i wdzi\u0119czno\u015b\u0107 okazywa\u0142a \u015bw. Janowi za odzyskanie wzroku przy Chrzcie \u015bwi\u0119tym. Pod jego wezwaniem wystawi\u0142a na Hohenburgu ko\u015bci\u00f3\u0142ek z maluczk\u0105 celk\u0105, gdzie niejedn\u0105 godzin\u0119 w samotno\u015bci przep\u0119dza\u0142a na mod\u0142ach i rozmy\u015blaniach.<\/p>\n\n\n\n<p class=\"has-text-align-justify wp-block-paragraph\">\u2009Gdy B\u00f3g jej objawi\u0142 blizki koniec \u017cycia pe\u0142nego cierpie\u0144 i zas\u0142ug, zawo\u0142a\u0142a siostry zakonne do kaplicy \u015bwi\u0119tego Jana, udzieli\u0142a im ostatnich upomnie\u0144 i popad\u0142a w zachwycenie. Nie widz\u0105c w ukochanej matce oznaki \u017cycia, pocz\u0119\u0142y zakonnice rzewnie p\u0142aka\u0107 i okrywa\u0107 g\u0142ow\u0119 jej i r\u0119ce poca\u0142unkami. Przebudziwszy si\u0119 wszak\u017ce Otylia, z \u017calem zawo\u0142a\u0142a: \u201eAch czemu przerwa\u0142y\u015bcie mi b\u0142ogi spok\u00f3j i spoczynek? Za spraw\u0105 \u0142aski Bo\u017cej by\u0142am u \u015bwi\u0119tej \u0141ucyi, Dziewicy, i u\u017cywa\u0142am takich rozkoszy, jakich j\u0119zyk nie wypowie, oko nie widzia\u0142o, a ucho nie s\u0142ysza\u0142o!\u201c Potem przyj\u0119\u0142a Komuni\u0119 \u015bwi\u0119t\u0105 i spokojnie zasn\u0119\u0142a dnia 13 grudnia w roku 720. Cuda przy jej grobie, zwanym dzi\u015b Odilienbergiem, dziej\u0105 si\u0119 po dzi\u015b dzie\u0144. Szczeg\u00f3lniejszej od niej pomocy i ulgi doznaj\u0105 chorzy na g\u0142ow\u0119 i oczy.<\/p>\n\n\n\n<h3 class=\"wp-block-heading\"><br><strong>Nauka moralna.<\/strong><\/h3>\n\n\n\n<p class=\"has-text-align-justify wp-block-paragraph\">\u2009Gdy \u015bw. Otylia przysz\u0142a na \u015bwiat, by\u0142a niewidom\u0105 i brzydk\u0105. Obie te u\u0142omno\u015bci s\u0105 niejako obrazem stanu ka\u017cdego dziecka przy urodzeniu. Spodoba\u0142o si\u0119 Bogu uwolni\u0107 j\u0105 od tych u\u0142omno\u015bci i wykaza\u0107 tem nadprzyrodzone skutki \u015bwi\u0119tego Sakramentu.<\/p>\n\n\n\n<p class=\"has-text-align-justify wp-block-paragraph\"><br>\u2009Przy akcie Chrztu \u015bwi\u0119tego bowiem odradzamy si\u0119 skutkiem \u0142aski Bo\u017cej, tj. wyst\u0119pujemy z szeregu istot grzesznego Adama a wst\u0119pujemy do Kr\u00f3lestwa Chrystusowego. Aktem urodzenia otrzymali\u015bmy \u017cycie naturalne, stali\u015bmy si\u0119 cz\u0142onkami ludzko\u015bci; przez akt sakramentalnego odrodzenia uzyskali\u015bmy \u017cywot nadprzyrodzony, stali\u015bmy si\u0119 cz\u0142onkami Ko\u015bcio\u0142a Chrystusowego, mistycznego Cia\u0142a Pana Jezusa. \u015awi\u0119ty Pawe\u0142 w li\u015bcie swym do Galat\u00f3w m\u00f3wi w rozdz. 3, wierszu 27:\u00a0\u201eBo kt\u00f3rzykolwiek jeste\u015bcie ochrzceni w Chrystusie, oblekli\u015bcie si\u0119 w Chrystusa.\u201c<\/p>\n\n\n\n<p class=\"has-text-align-justify wp-block-paragraph\"><br>\u2009Przy akcie Chrztu \u015bwi\u0119tego otrzymali\u015bmy nadto\u00a0\u0142ask\u0119 usprawiedliwienia, tj. wskutek zas\u0142ug Chrystusa Pana oczy\u015bcili\u015bmy si\u0119 z winy i kary grzechu pierworodnego, a je\u017celi kto przyj\u0105\u0142 Chrzest \u015bw. w wieku p\u00f3\u017aniejszym, oczy\u015bci\u0142 si\u0119 z winy i uwolni\u0142 od kary za grzechy osobiste. Opr\u00f3cz tego pozyskali\u015bmy \u0142ask\u0119 u\u015bwi\u0119caj\u0105c\u0105, obejmuj\u0105c\u0105 w sobie cnoty wiary, nadziei i mi\u0142o\u015bci. Nikt, \u017cadne pi\u00f3ro nie zdo\u0142a opisa\u0107 wa\u017cno\u015bci i wielko\u015bci tej \u0142aski, skutkiem\u00a0kt\u00f3rej stajemy si\u0119 synami Boga Ojca, Boga Syna i Boga Ducha \u015bwi\u0119tego, dziedzicami Kr\u00f3lestwa niebieskiego, bra\u0107mi i wsp\u00f3\u0142spadkobiercami Jezusa Chrystusa. W Niebie i w wieczno\u015bci poznamy ca\u0142\u0105 warto\u015b\u0107 nadprzyrodzonego, od Boga pochodz\u0105cego \u017cywota. Kto umiera zaraz po Chrzcie, ten staje si\u0119 uczestnikiem tego szcz\u0119\u015bcia natychmiast, nie zdzia\u0142awszy nic dobrego na \u015bwiecie.<\/p>\n\n\n\n<p class=\"wp-block-paragraph\"><br>\u2009Chrzest \u015bwi\u0119ty wycisn\u0105\u0142 nadal na duszy naszej\u00a0niezatarte znami\u0119, \u017ce jeste\u015bmy dzie\u0107mi Boga i uczestnikami Chrystusa. Znami\u0119 to\u00a0uprawnia\u00a0nas do wszystkich \u0142ask i przywilej\u00f3w chrze\u015bcijanina katolika, tj. do przyjmowania innych Sakrament\u00f3w, uczestniczenia we Mszy \u015bwi\u0119tej i odpustach ko\u015bcielnych; ale zarazem zobowi\u0119zuje nas do zachowywania przepis\u00f3w i pe\u0142nienia obowi\u0105zk\u00f3w nakazanych przez Ko\u015bci\u00f3\u0142, np. modlitw, post\u00f3w i ja\u0142mu\u017cn. Korzystajmy przeto skwapliwie z tych \u0142ask Chrztu \u015bw. i id\u017amy za przyk\u0142adem \u015bw. Otylii, kt\u00f3ra niech b\u0119dzie or\u0119downiczk\u0105 nasz\u0105.<\/p>\n\n\n\n<p class=\"wp-block-paragraph\"><br><strong>Modlitwa.<\/strong><\/p>\n\n\n\n<blockquote class=\"wp-block-quote is-layout-flow wp-block-quote-is-layout-flow\"><p>\u2009O Bo\u017ce, zechciej nas opatrzy\u0107 czujno\u015bci\u0105 oczu i wstrzemi\u0119\u017aliwo\u015bci\u0105 wzroku, aby\u015bmy tym zmys\u0142em nie grzeszyli. Za przyczyn\u0105 \u015bwi\u0119tej Otylii racz sprawi\u0107, aby\u015bmy nie tylko byli wolnymi od \u015blepoty cielesnej, ale i od wszelkich chor\u00f3b duszy, wywo\u0142anych nadu\u017cyciem wzroku. Amen.<br><em>Opr\u00f3cz tego obchodzi Ko\u015bci\u00f3\u0142 \u015bwi\u0119ty pami\u0105tk\u0119 nast\u0119puj\u0105cych \u015awi\u0119tych Pa\u0144skich, zamieszczonych w rzymskiem martyrologium:<\/em><\/p><\/blockquote>\n\n\n\n<p class=\"has-text-align-justify wp-block-paragraph\">\u2009<strong>Dnia 12-go grudnia<\/strong>&nbsp;w Rzymie uroczysto\u015b\u0107 \u015bw.&nbsp;Synezyusza, M\u0119czennika, wy\u015bwi\u0119conego za \u015bw. Ksykstusa, Papie\u017ca na lektora, kt\u00f3ry wielu pogan nawr\u00f3ci\u0142 do wiary. Gdy oskar\u017cono go za to przed cesarzem Aurelianem, kaza\u0142 go ten\u017ce \u015bci\u0105\u0107. \u2014 W Aleksandryi m\u0119cze\u0144stwo \u015bw.&nbsp;Epimacha i Aleksandra, co ponie\u015bli za cesarza Decyusza d\u0142ugotrwa\u0142e wi\u0119zienie i najr\u00f3\u017cnorodniejsze m\u0119czarnie, a\u017c wreszcie dla niewzruszonej sta\u0142o\u015bci we wierze skazani zostali na \u015bmier\u0107 w ogniu. \u2014 Tam\u017ce \u015bmier\u0107 m\u0119cze\u0144ska \u015bw.&nbsp;Ammonaryi, Dziewicy, \u015bw.&nbsp;Merkuryi, Dyonizyi&nbsp;i drugiej jeszcze&nbsp;Ammonaryi; pierwsza ponios\u0142a za tego\u017c samego Decyusza niewypowiedziane m\u0119czarnie, zanim zako\u0144czy\u0142a szcz\u0119\u015bliwie pod mieczem. Poniewa\u017c s\u0119dzia wstydzi\u0142 si\u0119, \u017ce niewiasty nie us\u0142ucha\u0142y rozkaz\u00f3w jego i obawiaj\u0105c si\u0119, aby czasem wszystkie narz\u0119dzia m\u0119cze\u0144skie nie zawiod\u0142y tak\u017ce i u pozosta\u0142ych trzech, kaza\u0142 je natychmiast straci\u0107. \u2014 Tego\u017c dnia m\u0119cze\u0144stwo \u015bw.&nbsp;Hermogena i Donata z 22 towarzyszami. \u2014 W Trewirze \u015bmier\u0107 m\u0119cze\u0144ska \u015bw.&nbsp;Maksencyusza, Konstancyusza, Krescencyusza, Justyna i towarzysz\u00f3w&nbsp;w Dyoklecya\u0144skiem prze\u015bladowaniu za starosty Rykcyowara.<\/p>\n","protected":false},"excerpt":{"rendered":"<p>\u015aw. Otylia odzyska\u0142a wzrok i wypi\u0119knia\u0142a przez chrzest. Dlaczego? Bo \u015blepot\u0119 i brzydot\u0119 wywo\u0142uj\u0105 demony, kt\u00f3re po chrzcie trac\u0105 swoje prawa.<\/p>\n","protected":false},"author":60508433,"featured_media":40174,"comment_status":"open","ping_status":"open","sticky":false,"template":"","format":"standard","meta":{"_bbp_topic_count":0,"_bbp_reply_count":0,"_bbp_total_topic_count":0,"_bbp_total_reply_count":0,"_bbp_voice_count":0,"_bbp_anonymous_reply_count":0,"_bbp_topic_count_hidden":0,"_bbp_reply_count_hidden":0,"_bbp_forum_subforum_count":0,"_editorskit_title_hidden":false,"_editorskit_reading_time":0,"_editorskit_is_block_options_detached":false,"_editorskit_block_options_position":"{}","_coblocks_attr":"","_coblocks_dimensions":"","_coblocks_responsive_height":"","_coblocks_accordion_ie_support":"","_exactmetrics_skip_tracking":false,"_jetpack_newsletter_access":"","_jetpack_dont_email_post_to_subs":false,"_jetpack_newsletter_tier_id":0,"_jetpack_memberships_contains_paywalled_content":false,"_wpcom_ai_launchpad_first_post":false,"_jetpack_feature_clip_id":0,"_jetpack_memberships_contains_paid_content":false,"footnotes":"","jetpack_publicize_message":"{title}\n\n{excerpt}\n\n{url}","jetpack_publicize_feature_enabled":true,"jetpack_social_post_already_shared":true,"jetpack_social_options":{"image_generator_settings":{"template":"highway","default_image_id":0,"font":"","enabled":false},"version":2},"_wpas_customize_per_network":false,"jetpack_post_was_ever_published":false},"categories":[610131827,610131184,336375535,610131155,610132042],"tags":[],"class_list":["post-124243","post","type-post","status-publish","format-standard","has-post-thumbnail","hentry","category-swieta-w-grudniu","category-duchowosc","category-liturgia-i-liturgika","category-rozwazania","category-zywoty-swietych"],"yoast_head":"<!-- This site is optimized with the Yoast SEO plugin v28.4 - https:\/\/yoast.com\/product\/yoast-seo-wordpress\/ -->\n<title>12-go Grudnia. \u017bywot \u015bwi\u0119tej Otylii, Ksieni. - Tradycja i Wiara<\/title>\n<meta name=\"robots\" content=\"index, follow, max-snippet:-1, max-image-preview:large, max-video-preview:-1\" \/>\n<link rel=\"canonical\" href=\"https:\/\/wobronietradycjiiwiary.com\/pl\/12-go-grudnia-zywot-swietej-otylii-ksieni-2-2-2-2\/\" \/>\n<meta property=\"og:locale\" content=\"pl_PL\" \/>\n<meta property=\"og:type\" content=\"article\" \/>\n<meta property=\"og:title\" content=\"12-go Grudnia. \u017bywot \u015bwi\u0119tej Otylii, Ksieni. - Tradycja i Wiara\" \/>\n<meta property=\"og:description\" content=\"\u015aw. Otylia odzyska\u0142a wzrok i wypi\u0119knia\u0142a przez chrzest. Dlaczego? Bo \u015blepot\u0119 i brzydot\u0119 wywo\u0142uj\u0105 demony, kt\u00f3re po chrzcie trac\u0105 swoje prawa.\" \/>\n<meta property=\"og:url\" content=\"https:\/\/wobronietradycjiiwiary.com\/pl\/12-go-grudnia-zywot-swietej-otylii-ksieni-2-2-2-2\/\" \/>\n<meta property=\"og:site_name\" content=\"Tradycja i Wiara\" \/>\n<meta property=\"article:publisher\" content=\"https:\/\/www.facebook.com\/Tradycja-i-Wiara-108813920592249\" \/>\n<meta property=\"article:published_time\" content=\"2024-12-12T07:15:17+00:00\" \/>\n<meta property=\"article:modified_time\" content=\"2025-02-10T10:14:21+00:00\" \/>\n<meta property=\"og:image\" content=\"https:\/\/wobronietradycjiiwiary.com\/wp-content\/uploads\/2020\/12\/otillia-e1607337181974.jpg\" \/>\n\t<meta property=\"og:image:width\" content=\"687\" \/>\n\t<meta property=\"og:image:height\" content=\"606\" \/>\n\t<meta property=\"og:image:type\" content=\"image\/jpeg\" \/>\n<meta name=\"author\" content=\"Traditio et Fides\" \/>\n<meta name=\"twitter:card\" content=\"summary_large_image\" \/>\n<meta name=\"twitter:label1\" content=\"Napisane przez\" \/>\n\t<meta name=\"twitter:data1\" content=\"Traditio et Fides\" \/>\n\t<meta name=\"twitter:label2\" content=\"Szacowany czas czytania\" \/>\n\t<meta name=\"twitter:data2\" content=\"8 minut\" \/>\n<script type=\"application\/ld+json\" class=\"yoast-schema-graph\">{\"@context\":\"https:\\\/\\\/schema.org\",\"@graph\":[{\"@type\":\"Article\",\"@id\":\"https:\\\/\\\/wobronietradycjiiwiary.com\\\/12-go-grudnia-zywot-swietej-otylii-ksieni-2-2-2-2\\\/#article\",\"isPartOf\":{\"@id\":\"https:\\\/\\\/wobronietradycjiiwiary.com\\\/12-go-grudnia-zywot-swietej-otylii-ksieni-2-2-2-2\\\/\"},\"author\":{\"name\":\"Traditio et Fides\",\"@id\":\"https:\\\/\\\/wobronietradycjiiwiary.com\\\/pl\\\/#\\\/schema\\\/person\\\/2d6180ce6abcb681fef0daab7816e8f3\"},\"headline\":\"12-go Grudnia. \u017bywot \u015bwi\u0119tej Otylii, Ksieni.\",\"datePublished\":\"2024-12-12T07:15:17+00:00\",\"dateModified\":\"2025-02-10T10:14:21+00:00\",\"mainEntityOfPage\":{\"@id\":\"https:\\\/\\\/wobronietradycjiiwiary.com\\\/12-go-grudnia-zywot-swietej-otylii-ksieni-2-2-2-2\\\/\"},\"wordCount\":1670,\"commentCount\":0,\"publisher\":{\"@id\":\"https:\\\/\\\/wobronietradycjiiwiary.com\\\/pl\\\/#organization\"},\"image\":{\"@id\":\"https:\\\/\\\/wobronietradycjiiwiary.com\\\/12-go-grudnia-zywot-swietej-otylii-ksieni-2-2-2-2\\\/#primaryimage\"},\"thumbnailUrl\":\"https:\\\/\\\/wobronietradycjiiwiary.com\\\/wp-content\\\/uploads\\\/2020\\\/12\\\/otillia-e1607337181974.jpg\",\"articleSection\":[\"12. \u015awi\u0119ta w grudniu\",\"Duchowo\u015b\u0107\",\"Liturgia i liturgika\",\"Rozwa\u017cania liturgiczne\",\"\u017bywoty \u015awi\u0119tych\"],\"inLanguage\":\"pl-PL\",\"potentialAction\":[{\"@type\":\"CommentAction\",\"name\":\"Comment\",\"target\":[\"https:\\\/\\\/wobronietradycjiiwiary.com\\\/12-go-grudnia-zywot-swietej-otylii-ksieni-2-2-2-2\\\/#respond\"]}]},{\"@type\":\"WebPage\",\"@id\":\"https:\\\/\\\/wobronietradycjiiwiary.com\\\/12-go-grudnia-zywot-swietej-otylii-ksieni-2-2-2-2\\\/\",\"url\":\"https:\\\/\\\/wobronietradycjiiwiary.com\\\/12-go-grudnia-zywot-swietej-otylii-ksieni-2-2-2-2\\\/\",\"name\":\"12-go Grudnia. \u017bywot \u015bwi\u0119tej Otylii, Ksieni. - Tradycja i Wiara\",\"isPartOf\":{\"@id\":\"https:\\\/\\\/wobronietradycjiiwiary.com\\\/pl\\\/#website\"},\"primaryImageOfPage\":{\"@id\":\"https:\\\/\\\/wobronietradycjiiwiary.com\\\/12-go-grudnia-zywot-swietej-otylii-ksieni-2-2-2-2\\\/#primaryimage\"},\"image\":{\"@id\":\"https:\\\/\\\/wobronietradycjiiwiary.com\\\/12-go-grudnia-zywot-swietej-otylii-ksieni-2-2-2-2\\\/#primaryimage\"},\"thumbnailUrl\":\"https:\\\/\\\/wobronietradycjiiwiary.com\\\/wp-content\\\/uploads\\\/2020\\\/12\\\/otillia-e1607337181974.jpg\",\"datePublished\":\"2024-12-12T07:15:17+00:00\",\"dateModified\":\"2025-02-10T10:14:21+00:00\",\"breadcrumb\":{\"@id\":\"https:\\\/\\\/wobronietradycjiiwiary.com\\\/12-go-grudnia-zywot-swietej-otylii-ksieni-2-2-2-2\\\/#breadcrumb\"},\"inLanguage\":\"pl-PL\",\"potentialAction\":[{\"@type\":\"ReadAction\",\"target\":[\"https:\\\/\\\/wobronietradycjiiwiary.com\\\/12-go-grudnia-zywot-swietej-otylii-ksieni-2-2-2-2\\\/\"]}]},{\"@type\":\"ImageObject\",\"inLanguage\":\"pl-PL\",\"@id\":\"https:\\\/\\\/wobronietradycjiiwiary.com\\\/12-go-grudnia-zywot-swietej-otylii-ksieni-2-2-2-2\\\/#primaryimage\",\"url\":\"https:\\\/\\\/wobronietradycjiiwiary.com\\\/wp-content\\\/uploads\\\/2020\\\/12\\\/otillia-e1607337181974.jpg\",\"contentUrl\":\"https:\\\/\\\/wobronietradycjiiwiary.com\\\/wp-content\\\/uploads\\\/2020\\\/12\\\/otillia-e1607337181974.jpg\",\"width\":687,\"height\":606},{\"@type\":\"BreadcrumbList\",\"@id\":\"https:\\\/\\\/wobronietradycjiiwiary.com\\\/12-go-grudnia-zywot-swietej-otylii-ksieni-2-2-2-2\\\/#breadcrumb\",\"itemListElement\":[{\"@type\":\"ListItem\",\"position\":1,\"name\":\"Strona g\u0142\u00f3wna\",\"item\":\"https:\\\/\\\/wobronietradycjiiwiary.com\\\/\"},{\"@type\":\"ListItem\",\"position\":2,\"name\":\"12-go Grudnia. \u017bywot \u015bwi\u0119tej Otylii, Ksieni.\"}]},{\"@type\":\"WebSite\",\"@id\":\"https:\\\/\\\/wobronietradycjiiwiary.com\\\/pl\\\/#website\",\"url\":\"https:\\\/\\\/wobronietradycjiiwiary.com\\\/pl\\\/\",\"name\":\"Tradycja i Wiara\",\"description\":\"Portal dla katolik\u00f3w.\",\"publisher\":{\"@id\":\"https:\\\/\\\/wobronietradycjiiwiary.com\\\/pl\\\/#organization\"},\"potentialAction\":[{\"@type\":\"SearchAction\",\"target\":{\"@type\":\"EntryPoint\",\"urlTemplate\":\"https:\\\/\\\/wobronietradycjiiwiary.com\\\/pl\\\/?s={search_term_string}\"},\"query-input\":{\"@type\":\"PropertyValueSpecification\",\"valueRequired\":true,\"valueName\":\"search_term_string\"}}],\"inLanguage\":\"pl-PL\"},{\"@type\":\"Organization\",\"@id\":\"https:\\\/\\\/wobronietradycjiiwiary.com\\\/pl\\\/#organization\",\"name\":\"Tradycja i Wiara\",\"url\":\"https:\\\/\\\/wobronietradycjiiwiary.com\\\/pl\\\/\",\"logo\":{\"@type\":\"ImageObject\",\"inLanguage\":\"pl-PL\",\"@id\":\"https:\\\/\\\/wobronietradycjiiwiary.com\\\/pl\\\/#\\\/schema\\\/logo\\\/image\\\/\",\"url\":\"https:\\\/\\\/i0.wp.com\\\/wobronietradycjiiwiary.com\\\/wp-content\\\/uploads\\\/2015\\\/10\\\/cropped-st-peters-dome-vatican.jpg?fit=940%2C198&ssl=1\",\"contentUrl\":\"https:\\\/\\\/i0.wp.com\\\/wobronietradycjiiwiary.com\\\/wp-content\\\/uploads\\\/2015\\\/10\\\/cropped-st-peters-dome-vatican.jpg?fit=940%2C198&ssl=1\",\"width\":940,\"height\":198,\"caption\":\"Tradycja i Wiara\"},\"image\":{\"@id\":\"https:\\\/\\\/wobronietradycjiiwiary.com\\\/pl\\\/#\\\/schema\\\/logo\\\/image\\\/\"},\"sameAs\":[\"https:\\\/\\\/www.facebook.com\\\/Tradycja-i-Wiara-108813920592249\"]},{\"@type\":\"Person\",\"@id\":\"https:\\\/\\\/wobronietradycjiiwiary.com\\\/pl\\\/#\\\/schema\\\/person\\\/2d6180ce6abcb681fef0daab7816e8f3\",\"name\":\"Traditio et Fides\",\"sameAs\":[\"https:\\\/\\\/traditionundglauben.com\"],\"url\":\"https:\\\/\\\/wobronietradycjiiwiary.com\\\/pl\\\/author\\\/wobronietradycjiiwiary\\\/\"}]}<\/script>\n<!-- \/ Yoast SEO plugin. -->","yoast_head_json":{"title":"12-go Grudnia. \u017bywot \u015bwi\u0119tej Otylii, Ksieni. - Tradycja i Wiara","robots":{"index":"index","follow":"follow","max-snippet":"max-snippet:-1","max-image-preview":"max-image-preview:large","max-video-preview":"max-video-preview:-1"},"canonical":"https:\/\/wobronietradycjiiwiary.com\/pl\/12-go-grudnia-zywot-swietej-otylii-ksieni-2-2-2-2\/","og_locale":"pl_PL","og_type":"article","og_title":"12-go Grudnia. \u017bywot \u015bwi\u0119tej Otylii, Ksieni. - Tradycja i Wiara","og_description":"\u015aw. Otylia odzyska\u0142a wzrok i wypi\u0119knia\u0142a przez chrzest. Dlaczego? Bo \u015blepot\u0119 i brzydot\u0119 wywo\u0142uj\u0105 demony, kt\u00f3re po chrzcie trac\u0105 swoje prawa.","og_url":"https:\/\/wobronietradycjiiwiary.com\/pl\/12-go-grudnia-zywot-swietej-otylii-ksieni-2-2-2-2\/","og_site_name":"Tradycja i Wiara","article_publisher":"https:\/\/www.facebook.com\/Tradycja-i-Wiara-108813920592249","article_published_time":"2024-12-12T07:15:17+00:00","article_modified_time":"2025-02-10T10:14:21+00:00","og_image":[{"width":687,"height":606,"url":"https:\/\/wobronietradycjiiwiary.com\/wp-content\/uploads\/2020\/12\/otillia-e1607337181974.jpg","type":"image\/jpeg"}],"author":"Traditio et Fides","twitter_card":"summary_large_image","twitter_misc":{"Napisane przez":"Traditio et Fides","Szacowany czas czytania":"8 minut"},"schema":{"@context":"https:\/\/schema.org","@graph":[{"@type":"Article","@id":"https:\/\/wobronietradycjiiwiary.com\/12-go-grudnia-zywot-swietej-otylii-ksieni-2-2-2-2\/#article","isPartOf":{"@id":"https:\/\/wobronietradycjiiwiary.com\/12-go-grudnia-zywot-swietej-otylii-ksieni-2-2-2-2\/"},"author":{"name":"Traditio et Fides","@id":"https:\/\/wobronietradycjiiwiary.com\/pl\/#\/schema\/person\/2d6180ce6abcb681fef0daab7816e8f3"},"headline":"12-go Grudnia. \u017bywot \u015bwi\u0119tej Otylii, Ksieni.","datePublished":"2024-12-12T07:15:17+00:00","dateModified":"2025-02-10T10:14:21+00:00","mainEntityOfPage":{"@id":"https:\/\/wobronietradycjiiwiary.com\/12-go-grudnia-zywot-swietej-otylii-ksieni-2-2-2-2\/"},"wordCount":1670,"commentCount":0,"publisher":{"@id":"https:\/\/wobronietradycjiiwiary.com\/pl\/#organization"},"image":{"@id":"https:\/\/wobronietradycjiiwiary.com\/12-go-grudnia-zywot-swietej-otylii-ksieni-2-2-2-2\/#primaryimage"},"thumbnailUrl":"https:\/\/wobronietradycjiiwiary.com\/wp-content\/uploads\/2020\/12\/otillia-e1607337181974.jpg","articleSection":["12. \u015awi\u0119ta w grudniu","Duchowo\u015b\u0107","Liturgia i liturgika","Rozwa\u017cania liturgiczne","\u017bywoty \u015awi\u0119tych"],"inLanguage":"pl-PL","potentialAction":[{"@type":"CommentAction","name":"Comment","target":["https:\/\/wobronietradycjiiwiary.com\/12-go-grudnia-zywot-swietej-otylii-ksieni-2-2-2-2\/#respond"]}]},{"@type":"WebPage","@id":"https:\/\/wobronietradycjiiwiary.com\/12-go-grudnia-zywot-swietej-otylii-ksieni-2-2-2-2\/","url":"https:\/\/wobronietradycjiiwiary.com\/12-go-grudnia-zywot-swietej-otylii-ksieni-2-2-2-2\/","name":"12-go Grudnia. \u017bywot \u015bwi\u0119tej Otylii, Ksieni. - Tradycja i Wiara","isPartOf":{"@id":"https:\/\/wobronietradycjiiwiary.com\/pl\/#website"},"primaryImageOfPage":{"@id":"https:\/\/wobronietradycjiiwiary.com\/12-go-grudnia-zywot-swietej-otylii-ksieni-2-2-2-2\/#primaryimage"},"image":{"@id":"https:\/\/wobronietradycjiiwiary.com\/12-go-grudnia-zywot-swietej-otylii-ksieni-2-2-2-2\/#primaryimage"},"thumbnailUrl":"https:\/\/wobronietradycjiiwiary.com\/wp-content\/uploads\/2020\/12\/otillia-e1607337181974.jpg","datePublished":"2024-12-12T07:15:17+00:00","dateModified":"2025-02-10T10:14:21+00:00","breadcrumb":{"@id":"https:\/\/wobronietradycjiiwiary.com\/12-go-grudnia-zywot-swietej-otylii-ksieni-2-2-2-2\/#breadcrumb"},"inLanguage":"pl-PL","potentialAction":[{"@type":"ReadAction","target":["https:\/\/wobronietradycjiiwiary.com\/12-go-grudnia-zywot-swietej-otylii-ksieni-2-2-2-2\/"]}]},{"@type":"ImageObject","inLanguage":"pl-PL","@id":"https:\/\/wobronietradycjiiwiary.com\/12-go-grudnia-zywot-swietej-otylii-ksieni-2-2-2-2\/#primaryimage","url":"https:\/\/wobronietradycjiiwiary.com\/wp-content\/uploads\/2020\/12\/otillia-e1607337181974.jpg","contentUrl":"https:\/\/wobronietradycjiiwiary.com\/wp-content\/uploads\/2020\/12\/otillia-e1607337181974.jpg","width":687,"height":606},{"@type":"BreadcrumbList","@id":"https:\/\/wobronietradycjiiwiary.com\/12-go-grudnia-zywot-swietej-otylii-ksieni-2-2-2-2\/#breadcrumb","itemListElement":[{"@type":"ListItem","position":1,"name":"Strona g\u0142\u00f3wna","item":"https:\/\/wobronietradycjiiwiary.com\/"},{"@type":"ListItem","position":2,"name":"12-go Grudnia. \u017bywot \u015bwi\u0119tej Otylii, Ksieni."}]},{"@type":"WebSite","@id":"https:\/\/wobronietradycjiiwiary.com\/pl\/#website","url":"https:\/\/wobronietradycjiiwiary.com\/pl\/","name":"Tradycja i Wiara","description":"Portal dla katolik\u00f3w.","publisher":{"@id":"https:\/\/wobronietradycjiiwiary.com\/pl\/#organization"},"potentialAction":[{"@type":"SearchAction","target":{"@type":"EntryPoint","urlTemplate":"https:\/\/wobronietradycjiiwiary.com\/pl\/?s={search_term_string}"},"query-input":{"@type":"PropertyValueSpecification","valueRequired":true,"valueName":"search_term_string"}}],"inLanguage":"pl-PL"},{"@type":"Organization","@id":"https:\/\/wobronietradycjiiwiary.com\/pl\/#organization","name":"Tradycja i Wiara","url":"https:\/\/wobronietradycjiiwiary.com\/pl\/","logo":{"@type":"ImageObject","inLanguage":"pl-PL","@id":"https:\/\/wobronietradycjiiwiary.com\/pl\/#\/schema\/logo\/image\/","url":"https:\/\/i0.wp.com\/wobronietradycjiiwiary.com\/wp-content\/uploads\/2015\/10\/cropped-st-peters-dome-vatican.jpg?fit=940%2C198&ssl=1","contentUrl":"https:\/\/i0.wp.com\/wobronietradycjiiwiary.com\/wp-content\/uploads\/2015\/10\/cropped-st-peters-dome-vatican.jpg?fit=940%2C198&ssl=1","width":940,"height":198,"caption":"Tradycja i Wiara"},"image":{"@id":"https:\/\/wobronietradycjiiwiary.com\/pl\/#\/schema\/logo\/image\/"},"sameAs":["https:\/\/www.facebook.com\/Tradycja-i-Wiara-108813920592249"]},{"@type":"Person","@id":"https:\/\/wobronietradycjiiwiary.com\/pl\/#\/schema\/person\/2d6180ce6abcb681fef0daab7816e8f3","name":"Traditio et Fides","sameAs":["https:\/\/traditionundglauben.com"],"url":"https:\/\/wobronietradycjiiwiary.com\/pl\/author\/wobronietradycjiiwiary\/"}]}},"jetpack_publicize_connections":[],"jetpack_sharing_enabled":true,"jetpack_likes_enabled":true,"jetpack_shortlink":"https:\/\/wp.me\/pc04Sd-wjV","jetpack-related-posts":[{"id":2626,"url":"https:\/\/wobronietradycjiiwiary.com\/pl\/medjugorie-kosciol-juz-sie-wypowiedzial-negatywnie\/","url_meta":{"origin":124243,"position":0},"title":"Medjugorje: Ko\u015bci\u00f3\u0142 si\u0119 ju\u017c wypowiedzia\u0142 &#8211; negatywnie. O\u015bwiadczenie biskupa miejsca. (1 z 4)","author":"Traditio et Fides","date":"9 listopada 2014","format":false,"excerpt":"W\u015br\u00f3d zwolennik\u00f3w rzekomych objawie\u0144 w Medjugorje, do kt\u00f3rych nale\u017cy tak\u017ce sporo ksi\u0119\u017cy, g\u0142\u00f3wnie proweniencji charyzmatycznej, napotka\u0107 mo\u017cna stwierdzenie powtarzane niby mantra, \u017ce \u201eKo\u015bci\u00f3\u0142 si\u0119 jeszcze nie wypowiedzia\u0142\u201d i dlatego mo\u017cna zar\u00f3wno przyjmowa\u0107 autentyczno\u015b\u0107 tych objawie\u0144 jak i do Medjugorje je\u017adzi\u0107. Zwa\u017caj\u0105c na fakt, i\u017c rzekome objawienia trwaj\u0105 od 1981 roku,\u2026","rel":"","context":"W \u201eBiskup miejsca o Medjugorje&quot;","block_context":{"text":"Biskup miejsca o Medjugorje","link":"https:\/\/wobronietradycjiiwiary.com\/pl\/category\/polemika\/kosciol-posoborowy\/nowe-ruchy-w-kosciele\/medjugorie\/biskup-miejsca\/"},"img":{"alt_text":"","src":"https:\/\/i0.wp.com\/wobronietradycjiiwiary.com\/wp-content\/uploads\/2020\/04\/133e8a2ee9e722e62c12c861d27671b9.jpg?resize=350%2C200&ssl=1","width":350,"height":200},"classes":[]},{"id":45709,"url":"https:\/\/wobronietradycjiiwiary.com\/pl\/kieran-tapsell1-prawo-kanoniczne-na-temat-seksualnego-wykorzystywania-dzieci-na-przestrzeni-wiekow\/","url_meta":{"origin":124243,"position":1},"title":"Kieran Tapsell[1], Prawo kanoniczne na temat seksualnego wykorzystywania dzieci na przestrzeni wiek\u00f3w. (1 z 10) Definicja poj\u0119\u0107.","author":"Traditio et Fides","date":"12 kwietnia 2021","format":false,"excerpt":"Pierwsze cz\u0119\u015b\u0107 artyku\u0142u Kierana Tapsella ukazuj\u0105ca ustawy przeciwko gwa\u0142tom na dzieciach w prawie rzymskim.","rel":"","context":"W \u201eKieran Tapsell&quot;","block_context":{"text":"Kieran Tapsell","link":"https:\/\/wobronietradycjiiwiary.com\/pl\/category\/polemika\/kosciol-posoborowy\/naduzycia-seksualne-w-kosciele\/pedofilia-w-kosciele\/ujecie-prawnokanoniczne\/kieran-tapsell\/"},"img":{"alt_text":"","src":"https:\/\/i0.wp.com\/wobronietradycjiiwiary.com\/wp-content\/uploads\/2021\/04\/5a_custom-c97d567881449557cb29cecbe29939c91d37544e-s800-c85.jpg?resize=350%2C200&ssl=1","width":350,"height":200,"srcset":"https:\/\/i0.wp.com\/wobronietradycjiiwiary.com\/wp-content\/uploads\/2021\/04\/5a_custom-c97d567881449557cb29cecbe29939c91d37544e-s800-c85.jpg?resize=350%2C200&ssl=1 1x, https:\/\/i0.wp.com\/wobronietradycjiiwiary.com\/wp-content\/uploads\/2021\/04\/5a_custom-c97d567881449557cb29cecbe29939c91d37544e-s800-c85.jpg?resize=525%2C300&ssl=1 1.5x, https:\/\/i0.wp.com\/wobronietradycjiiwiary.com\/wp-content\/uploads\/2021\/04\/5a_custom-c97d567881449557cb29cecbe29939c91d37544e-s800-c85.jpg?resize=700%2C400&ssl=1 2x"},"classes":[]},{"id":82380,"url":"https:\/\/wobronietradycjiiwiary.com\/pl\/12-go-grudnia-zywot-swietej-otylii-ksieni-2-2\/","url_meta":{"origin":124243,"position":2},"title":"12-go Grudnia. \u017bywot \u015bwi\u0119tej Otylii, Ksieni.","author":"Traditio et Fides","date":"12 grudnia 2022","format":false,"excerpt":"\u015aw. Otylia odzyska\u0142a wzrok i wypi\u0119knia\u0142a przez chrzest. Dlaczego? Bo \u015blepot\u0119 i brzydot\u0119 wywo\u0142uj\u0105 demony, kt\u00f3re po chrzcie trac\u0105 swoje prawa.","rel":"","context":"W \u201e12. \u015awi\u0119ta w grudniu&quot;","block_context":{"text":"12. \u015awi\u0119ta w grudniu","link":"https:\/\/wobronietradycjiiwiary.com\/pl\/category\/duchowosc\/liturgia-i-liturgika\/rozwazania\/rok-liturgiczny\/swieta-w-grudniu\/"},"img":{"alt_text":"","src":"https:\/\/i0.wp.com\/wobronietradycjiiwiary.com\/wp-content\/uploads\/2020\/12\/otillia-e1607337181974.jpg?resize=350%2C200&ssl=1","width":350,"height":200,"srcset":"https:\/\/i0.wp.com\/wobronietradycjiiwiary.com\/wp-content\/uploads\/2020\/12\/otillia-e1607337181974.jpg?resize=350%2C200&ssl=1 1x, https:\/\/i0.wp.com\/wobronietradycjiiwiary.com\/wp-content\/uploads\/2020\/12\/otillia-e1607337181974.jpg?resize=525%2C300&ssl=1 1.5x"},"classes":[]},{"id":52112,"url":"https:\/\/wobronietradycjiiwiary.com\/pl\/12-go-grudnia-zywot-swietej-otylii-ksieni-2\/","url_meta":{"origin":124243,"position":3},"title":"12-go Grudnia. \u017bywot \u015bwi\u0119tej Otylii, Ksieni.","author":"Traditio et Fides","date":"12 grudnia 2021","format":false,"excerpt":"\u015aw. Otylia odzyska\u0142a wzrok i wypi\u0119knia\u0142a przez chrzest. Dlaczego? Bo \u015blepot\u0119 i brzydot\u0119 wywo\u0142uj\u0105 demony, kt\u00f3re po chrzcie trac\u0105 swoje prawa.","rel":"","context":"W \u201e12. \u015awi\u0119ta w grudniu&quot;","block_context":{"text":"12. \u015awi\u0119ta w grudniu","link":"https:\/\/wobronietradycjiiwiary.com\/pl\/category\/duchowosc\/liturgia-i-liturgika\/rozwazania\/rok-liturgiczny\/swieta-w-grudniu\/"},"img":{"alt_text":"","src":"https:\/\/i0.wp.com\/wobronietradycjiiwiary.com\/wp-content\/uploads\/2020\/12\/otillia-e1607337181974.jpg?resize=350%2C200&ssl=1","width":350,"height":200,"srcset":"https:\/\/i0.wp.com\/wobronietradycjiiwiary.com\/wp-content\/uploads\/2020\/12\/otillia-e1607337181974.jpg?resize=350%2C200&ssl=1 1x, https:\/\/i0.wp.com\/wobronietradycjiiwiary.com\/wp-content\/uploads\/2020\/12\/otillia-e1607337181974.jpg?resize=525%2C300&ssl=1 1.5x"},"classes":[]},{"id":40171,"url":"https:\/\/wobronietradycjiiwiary.com\/pl\/12-go-grudnia-zywot-swietej-otylii-ksieni\/","url_meta":{"origin":124243,"position":4},"title":"12-go Grudnia. \u017bywot \u015bwi\u0119tej Otylii, Ksieni.","author":"Traditio et Fides","date":"12 grudnia 2020","format":false,"excerpt":"\u015aw. Otylia odzyska\u0142a wzrok i wypi\u0119knia\u0142a przez chrzest. Dlaczego? Bo \u015blepot\u0119 i brzydot\u0119 wywo\u0142uj\u0105 demony, kt\u00f3re po chrzcie trac\u0105 swoje prawa.","rel":"","context":"W \u201e12. \u015awi\u0119ta w grudniu&quot;","block_context":{"text":"12. \u015awi\u0119ta w grudniu","link":"https:\/\/wobronietradycjiiwiary.com\/pl\/category\/duchowosc\/liturgia-i-liturgika\/rozwazania\/rok-liturgiczny\/swieta-w-grudniu\/"},"img":{"alt_text":"","src":"https:\/\/i0.wp.com\/wobronietradycjiiwiary.com\/wp-content\/uploads\/2020\/12\/otillia-e1607337181974.jpg?resize=350%2C200&ssl=1","width":350,"height":200,"srcset":"https:\/\/i0.wp.com\/wobronietradycjiiwiary.com\/wp-content\/uploads\/2020\/12\/otillia-e1607337181974.jpg?resize=350%2C200&ssl=1 1x, https:\/\/i0.wp.com\/wobronietradycjiiwiary.com\/wp-content\/uploads\/2020\/12\/otillia-e1607337181974.jpg?resize=525%2C300&ssl=1 1.5x"},"classes":[]},{"id":108447,"url":"https:\/\/wobronietradycjiiwiary.com\/pl\/12-go-grudnia-zywot-swietej-otylii-ksieni-2-2-2\/","url_meta":{"origin":124243,"position":5},"title":"12-go Grudnia. \u017bywot \u015bwi\u0119tej Otylii, Ksieni.","author":"Traditio et Fides","date":"12 grudnia 2023","format":false,"excerpt":"\u015aw. Otylia odzyska\u0142a wzrok i wypi\u0119knia\u0142a przez chrzest. Dlaczego? Bo \u015blepot\u0119 i brzydot\u0119 wywo\u0142uj\u0105 demony, kt\u00f3re po chrzcie trac\u0105 swoje prawa.","rel":"","context":"W \u201e12. \u015awi\u0119ta w grudniu&quot;","block_context":{"text":"12. \u015awi\u0119ta w grudniu","link":"https:\/\/wobronietradycjiiwiary.com\/pl\/category\/duchowosc\/liturgia-i-liturgika\/rozwazania\/rok-liturgiczny\/swieta-w-grudniu\/"},"img":{"alt_text":"","src":"https:\/\/i0.wp.com\/wobronietradycjiiwiary.com\/wp-content\/uploads\/2020\/12\/otillia-e1607337181974.jpg?resize=350%2C200&ssl=1","width":350,"height":200,"srcset":"https:\/\/i0.wp.com\/wobronietradycjiiwiary.com\/wp-content\/uploads\/2020\/12\/otillia-e1607337181974.jpg?resize=350%2C200&ssl=1 1x, https:\/\/i0.wp.com\/wobronietradycjiiwiary.com\/wp-content\/uploads\/2020\/12\/otillia-e1607337181974.jpg?resize=525%2C300&ssl=1 1.5x"},"classes":[]}],"amp_enabled":true,"jetpack_featured_media_url":"https:\/\/wobronietradycjiiwiary.com\/wp-content\/uploads\/2020\/12\/otillia-e1607337181974.jpg","_links":{"self":[{"href":"https:\/\/wobronietradycjiiwiary.com\/pl\/wp-json\/wp\/v2\/posts\/124243","targetHints":{"allow":["GET"]}}],"collection":[{"href":"https:\/\/wobronietradycjiiwiary.com\/pl\/wp-json\/wp\/v2\/posts"}],"about":[{"href":"https:\/\/wobronietradycjiiwiary.com\/pl\/wp-json\/wp\/v2\/types\/post"}],"author":[{"embeddable":true,"href":"https:\/\/wobronietradycjiiwiary.com\/pl\/wp-json\/wp\/v2\/users\/60508433"}],"replies":[{"embeddable":true,"href":"https:\/\/wobronietradycjiiwiary.com\/pl\/wp-json\/wp\/v2\/comments?post=124243"}],"version-history":[{"count":1,"href":"https:\/\/wobronietradycjiiwiary.com\/pl\/wp-json\/wp\/v2\/posts\/124243\/revisions"}],"predecessor-version":[{"id":124543,"href":"https:\/\/wobronietradycjiiwiary.com\/pl\/wp-json\/wp\/v2\/posts\/124243\/revisions\/124543"}],"wp:featuredmedia":[{"embeddable":true,"href":"https:\/\/wobronietradycjiiwiary.com\/pl\/wp-json\/wp\/v2\/media\/40174"}],"wp:attachment":[{"href":"https:\/\/wobronietradycjiiwiary.com\/pl\/wp-json\/wp\/v2\/media?parent=124243"}],"wp:term":[{"taxonomy":"category","embeddable":true,"href":"https:\/\/wobronietradycjiiwiary.com\/pl\/wp-json\/wp\/v2\/categories?post=124243"},{"taxonomy":"post_tag","embeddable":true,"href":"https:\/\/wobronietradycjiiwiary.com\/pl\/wp-json\/wp\/v2\/tags?post=124243"}],"curies":[{"name":"wp","href":"https:\/\/api.w.org\/{rel}","templated":true}]}}