{"id":123496,"date":"2024-10-23T21:51:14","date_gmt":"2024-10-23T19:51:14","guid":{"rendered":"https:\/\/wobronietradycjiiwiary.com\/?p=123496"},"modified":"2026-08-25T15:49:54","modified_gmt":"2026-08-25T13:49:54","slug":"kard-eijk-lub-bo-ludzie-mieli-pralki-i-lodowki","status":"publish","type":"post","link":"https:\/\/wobronietradycjiiwiary.com\/pl\/kard-eijk-lub-bo-ludzie-mieli-pralki-i-lodowki\/","title":{"rendered":"Kard. Eijk lub &#8220;bo ludzie mieli pralki i lod\u00f3wki&#8221;"},"content":{"rendered":"<div id=\"bsf_rt_marker\"><\/div>\n<p class=\"has-text-align-justify wp-block-paragraph\">Pisz\u0105cy te s\u0142owa przeczytawszy wywiad z prymasem Holandii i arcybiskupem Utrechtu Willemem Eijkem u\u015bwiadomi\u0142 sobie jak astronomiczna odleg\u0142o\u015b\u0107 dzieli zapatrywania tradycjonalist\u00f3w od pogl\u0105d\u00f3w nawet stosunkowo katolickich i konserwatywnych kardyna\u0142\u00f3w.<\/p>\n\n\n\n<p class=\"wp-block-paragraph\">Kardyna\u0142 Eijk jako jeden z niewielu kardyna\u0142\u00f3w ws\u0142awi\u0142 si\u0119 <a href=\"https:\/\/www.ncregister.com\/blog\/cardinal-eijk-pope-francis-needed-to-give-clarity-on-intercommunion\">krytyk\u0105 Franciszka<\/a> stwierdzaj\u0105c:<\/p>\n\n\n\n<blockquote class=\"wp-block-quote is-layout-flow wp-block-quote-is-layout-flow\">\n<p class=\"has-text-align-justify has-medium-font-size wp-block-paragraph\">Zauwa\u017cam, \u017ce biskupi, a przede wszystkim Nast\u0119pca Piotra, nie zachowuj\u0105 i nie przekazuj\u0105 wiernie i w jedno\u015bci depozytu wiary zawartego w \u015awi\u0119tej Tradycji i Pi\u015bmie \u015awi\u0119tym, nie mog\u0119 nie pomy\u015ble\u0107 o artykule 675 Katechizmu Ko\u015bcio\u0142a Katolickiego:<\/p>\n<\/blockquote>\n\n\n\n<blockquote class=\"wp-block-quote is-layout-flow wp-block-quote-is-layout-flow\">\n<p class=\"has-medium-font-size wp-block-paragraph\"><strong>\u201eOstateczna pr\u00f3ba Ko\u015bcio\u0142a\u201d<\/strong><\/p>\n<\/blockquote>\n\n\n\n<blockquote class=\"wp-block-quote is-layout-flow wp-block-quote-is-layout-flow\">\n<p class=\"has-text-align-justify has-medium-font-size wp-block-paragraph\">Przed drugim przyj\u015bciem Chrystusa Ko\u015bci\u00f3\u0142 musi przej\u015b\u0107 przez ostateczn\u0105 pr\u00f3b\u0119, kt\u00f3ra zachwieje wiar\u0105 wielu wierz\u0105cych. <\/p>\n\n\n\n<p class=\"has-text-align-justify has-medium-font-size wp-block-paragraph\">Prze\u015bladowania, kt\u00f3re towarzysz\u0105 jej pielgrzymce na ziemi, ods\u0142oni\u0105 \u201etajemnic\u0119 nieprawo\u015bci\u201d w formie religijnego oszustwa oferuj\u0105cego ludziom pozorne rozwi\u0105zanie ich problem\u00f3w za cen\u0119 odst\u0119pstwa od prawdy\u201d.<\/p>\n<\/blockquote>\n\n\n\n<p class=\"wp-block-paragraph\"><\/p>\n\n\n\n<p class=\"has-text-align-justify wp-block-paragraph\">To faktyczne mocne stwierdzenia pochodz\u0105ce z kraju, gdzie pod wzgl\u0119dem katolicyzmu ju\u017c gorzej by\u0107 nie mo\u017ce. <\/p>\n\n\n\n<p class=\"has-text-align-justify wp-block-paragraph\">Pocieszaj\u0105cym jest jednak, \u017ce to akurat Holendrzy jak kard. Eijk i bp. <a href=\"https:\/\/wobronietradycjiiwiary.com\/pl?s=Mutsaerts\">Mutsaerts <\/a>nale\u017c\u0105 do niewielu nielicznych krytykuj\u0105cych Bergoglio.<\/p>\n\n\n\n<blockquote class=\"wp-block-quote is-layout-flow wp-block-quote-is-layout-flow\">\n<p class=\"has-text-align-justify has-medium-font-size wp-block-paragraph\">A czy od nich przyjdzie ocalenie?<\/p>\n<\/blockquote>\n\n\n\n<p class=\"has-text-align-justify wp-block-paragraph\">Niestety nie, poniewa\u017c zbyt mocno tkwi\u0105 jeszcze w paradygmacie Novus Ordo. Jednym z dogmat\u00f3w posoborowia jest bowiem twierdzenie, i\u017c to sekularyzacja, nie Sob\u00f3r, wywo\u0142a\u0142a dalsz\u0105 sekularyzacj\u0119 i konsekwentnie apostazj\u0119. <\/p>\n\n\n\n<p class=\"has-text-align-justify wp-block-paragraph\">Fakty s\u0105 inne to Sob\u00f3r wywo\u0142a\u0142 sekularyzacj\u0119, a w\u0142a\u015bciwie wywo\u0142a\u0142y j\u0105 ju\u017c zmiany liturgiczne reformy Wielkiego Tygodnia z 1955 roku.<\/p>\n\n\n\n<p class=\"has-text-align-justify wp-block-paragraph\">I to w\u0142a\u015bnie Holandia mniej wi\u0119cej w tym okresie wprowadzi\u0142a zmian\u0119 katechizacji z odpytywania katechizmu do metody lu\u017anych kartek (patrz r\u00f3\u017cowa kolumna), o czym \u015bwiadcz\u0105 statystyki holenderskie znalezione <a href=\"https:\/\/www.ecclesiadei.nl\/rkstat\/index.html\">tu<\/a>: <\/p>\n\n\n<div class=\"wp-block-image\">\n<figure class=\"aligncenter size-full\"><img fetchpriority=\"high\" decoding=\"async\" width=\"977\" height=\"601\" data-attachment-id=\"123502\" data-permalink=\"https:\/\/wobronietradycjiiwiary.com\/pl\/kard-eijk-lub-bo-ludzie-mieli-pralki-i-lodowki\/ordinations-and-resignations1\/\" data-orig-file=\"https:\/\/wobronietradycjiiwiary.com\/wp-content\/uploads\/2024\/10\/Ordinations-and-resignations1.png\" data-orig-size=\"977,601\" data-comments-opened=\"1\" data-image-meta=\"{&quot;aperture&quot;:&quot;0&quot;,&quot;credit&quot;:&quot;&quot;,&quot;camera&quot;:&quot;&quot;,&quot;caption&quot;:&quot;&quot;,&quot;created_timestamp&quot;:&quot;0&quot;,&quot;copyright&quot;:&quot;&quot;,&quot;focal_length&quot;:&quot;0&quot;,&quot;iso&quot;:&quot;0&quot;,&quot;shutter_speed&quot;:&quot;0&quot;,&quot;title&quot;:&quot;&quot;,&quot;orientation&quot;:&quot;0&quot;}\" data-image-title=\"Ordinations and resignations1\" data-image-description=\"\" data-image-caption=\"\" data-large-file=\"https:\/\/wobronietradycjiiwiary.com\/wp-content\/uploads\/2024\/10\/Ordinations-and-resignations1.png\" src=\"https:\/\/wobronietradycjiiwiary.com\/wp-content\/uploads\/2024\/10\/Ordinations-and-resignations1.png\" alt=\"\" class=\"wp-image-123502\" srcset=\"https:\/\/wobronietradycjiiwiary.com\/wp-content\/uploads\/2024\/10\/Ordinations-and-resignations1.png 977w, https:\/\/wobronietradycjiiwiary.com\/wp-content\/uploads\/2024\/10\/Ordinations-and-resignations1-450x277.png 450w, https:\/\/wobronietradycjiiwiary.com\/wp-content\/uploads\/2024\/10\/Ordinations-and-resignations1-600x369.png 600w, https:\/\/wobronietradycjiiwiary.com\/wp-content\/uploads\/2024\/10\/Ordinations-and-resignations1-300x185.png 300w, https:\/\/wobronietradycjiiwiary.com\/wp-content\/uploads\/2024\/10\/Ordinations-and-resignations1-150x92.png 150w, https:\/\/wobronietradycjiiwiary.com\/wp-content\/uploads\/2024\/10\/Ordinations-and-resignations1-768x472.png 768w, https:\/\/wobronietradycjiiwiary.com\/wp-content\/uploads\/2024\/10\/Ordinations-and-resignations1-18x12.png 18w, https:\/\/wobronietradycjiiwiary.com\/wp-content\/uploads\/2024\/10\/Ordinations-and-resignations1-98x60.png 98w, https:\/\/wobronietradycjiiwiary.com\/wp-content\/uploads\/2024\/10\/Ordinations-and-resignations1-146x90.png 146w\" sizes=\"(max-width: 977px) 100vw, 977px\" \/><figcaption class=\"wp-element-caption\"><em>\u015awi\u0119cenia i rezygnacja z kap\u0142a\u0144stwa<\/em><\/figcaption><\/figure>\n<\/div>\n\n\n<p class=\"wp-block-paragraph\"><\/p>\n\n\n\n<p class=\"wp-block-paragraph\">Ale przyjrzyjmy si\u0119 tak\u017ce innym holenderskim statystykom:<\/p>\n\n\n\n<figure class=\"wp-block-image size-full\"><img decoding=\"async\" width=\"1020\" height=\"562\" data-attachment-id=\"123503\" data-permalink=\"https:\/\/wobronietradycjiiwiary.com\/pl\/kard-eijk-lub-bo-ludzie-mieli-pralki-i-lodowki\/mass-attendance\/\" data-orig-file=\"https:\/\/wobronietradycjiiwiary.com\/wp-content\/uploads\/2024\/10\/Mass-attendance.png\" data-orig-size=\"1020,562\" data-comments-opened=\"1\" data-image-meta=\"{&quot;aperture&quot;:&quot;0&quot;,&quot;credit&quot;:&quot;&quot;,&quot;camera&quot;:&quot;&quot;,&quot;caption&quot;:&quot;&quot;,&quot;created_timestamp&quot;:&quot;0&quot;,&quot;copyright&quot;:&quot;&quot;,&quot;focal_length&quot;:&quot;0&quot;,&quot;iso&quot;:&quot;0&quot;,&quot;shutter_speed&quot;:&quot;0&quot;,&quot;title&quot;:&quot;&quot;,&quot;orientation&quot;:&quot;0&quot;}\" data-image-title=\"Mass attendance\" data-image-description=\"\" data-image-caption=\"\" data-large-file=\"https:\/\/wobronietradycjiiwiary.com\/wp-content\/uploads\/2024\/10\/Mass-attendance.png\" src=\"https:\/\/wobronietradycjiiwiary.com\/wp-content\/uploads\/2024\/10\/Mass-attendance.png\" alt=\"\" class=\"wp-image-123503\" srcset=\"https:\/\/wobronietradycjiiwiary.com\/wp-content\/uploads\/2024\/10\/Mass-attendance.png 1020w, https:\/\/wobronietradycjiiwiary.com\/wp-content\/uploads\/2024\/10\/Mass-attendance-450x248.png 450w, https:\/\/wobronietradycjiiwiary.com\/wp-content\/uploads\/2024\/10\/Mass-attendance-600x331.png 600w, https:\/\/wobronietradycjiiwiary.com\/wp-content\/uploads\/2024\/10\/Mass-attendance-300x165.png 300w, https:\/\/wobronietradycjiiwiary.com\/wp-content\/uploads\/2024\/10\/Mass-attendance-150x83.png 150w, https:\/\/wobronietradycjiiwiary.com\/wp-content\/uploads\/2024\/10\/Mass-attendance-768x423.png 768w, https:\/\/wobronietradycjiiwiary.com\/wp-content\/uploads\/2024\/10\/Mass-attendance-18x10.png 18w, https:\/\/wobronietradycjiiwiary.com\/wp-content\/uploads\/2024\/10\/Mass-attendance-109x60.png 109w, https:\/\/wobronietradycjiiwiary.com\/wp-content\/uploads\/2024\/10\/Mass-attendance-163x90.png 163w\" sizes=\"(max-width: 1020px) 100vw, 1020px\" \/><figcaption class=\"wp-element-caption\"><em>Uczestnictwo we Mszy \u015aw.<\/em><\/figcaption><\/figure>\n\n\n<div class=\"wp-block-image\">\n<figure class=\"aligncenter size-full\"><img decoding=\"async\" width=\"1020\" height=\"562\" data-attachment-id=\"123504\" data-permalink=\"https:\/\/wobronietradycjiiwiary.com\/pl\/kard-eijk-lub-bo-ludzie-mieli-pralki-i-lodowki\/ordinations-and-resigantions\/\" data-orig-file=\"https:\/\/wobronietradycjiiwiary.com\/wp-content\/uploads\/2024\/10\/Ordinations-and-resigantions.png\" data-orig-size=\"1020,562\" data-comments-opened=\"1\" data-image-meta=\"{&quot;aperture&quot;:&quot;0&quot;,&quot;credit&quot;:&quot;&quot;,&quot;camera&quot;:&quot;&quot;,&quot;caption&quot;:&quot;&quot;,&quot;created_timestamp&quot;:&quot;0&quot;,&quot;copyright&quot;:&quot;&quot;,&quot;focal_length&quot;:&quot;0&quot;,&quot;iso&quot;:&quot;0&quot;,&quot;shutter_speed&quot;:&quot;0&quot;,&quot;title&quot;:&quot;&quot;,&quot;orientation&quot;:&quot;0&quot;}\" data-image-title=\"Ordinations and resigantions\" data-image-description=\"\" data-image-caption=\"\" data-large-file=\"https:\/\/wobronietradycjiiwiary.com\/wp-content\/uploads\/2024\/10\/Ordinations-and-resigantions.png\" src=\"https:\/\/wobronietradycjiiwiary.com\/wp-content\/uploads\/2024\/10\/Ordinations-and-resigantions.png\" alt=\"\" class=\"wp-image-123504\" srcset=\"https:\/\/wobronietradycjiiwiary.com\/wp-content\/uploads\/2024\/10\/Ordinations-and-resigantions.png 1020w, https:\/\/wobronietradycjiiwiary.com\/wp-content\/uploads\/2024\/10\/Ordinations-and-resigantions-450x248.png 450w, https:\/\/wobronietradycjiiwiary.com\/wp-content\/uploads\/2024\/10\/Ordinations-and-resigantions-600x331.png 600w, https:\/\/wobronietradycjiiwiary.com\/wp-content\/uploads\/2024\/10\/Ordinations-and-resigantions-300x165.png 300w, https:\/\/wobronietradycjiiwiary.com\/wp-content\/uploads\/2024\/10\/Ordinations-and-resigantions-150x83.png 150w, https:\/\/wobronietradycjiiwiary.com\/wp-content\/uploads\/2024\/10\/Ordinations-and-resigantions-768x423.png 768w, https:\/\/wobronietradycjiiwiary.com\/wp-content\/uploads\/2024\/10\/Ordinations-and-resigantions-18x10.png 18w, https:\/\/wobronietradycjiiwiary.com\/wp-content\/uploads\/2024\/10\/Ordinations-and-resigantions-109x60.png 109w, https:\/\/wobronietradycjiiwiary.com\/wp-content\/uploads\/2024\/10\/Ordinations-and-resigantions-163x90.png 163w\" sizes=\"(max-width: 1020px) 100vw, 1020px\" \/><figcaption class=\"wp-element-caption\"><em>\u015awi\u0119cenia i rezygnacje z kap\u0142a\u0144stwa<\/em><\/figcaption><\/figure>\n<\/div>\n\n<div class=\"wp-block-image\">\n<figure class=\"aligncenter size-full\"><img loading=\"lazy\" decoding=\"async\" width=\"600\" height=\"397\" data-attachment-id=\"123506\" data-permalink=\"https:\/\/wobronietradycjiiwiary.com\/pl\/kard-eijk-lub-bo-ludzie-mieli-pralki-i-lodowki\/ordinations-leavings-balance\/\" data-orig-file=\"https:\/\/wobronietradycjiiwiary.com\/wp-content\/uploads\/2024\/10\/Ordinations-leavings-balance.png\" data-orig-size=\"600,397\" data-comments-opened=\"1\" data-image-meta=\"{&quot;aperture&quot;:&quot;0&quot;,&quot;credit&quot;:&quot;&quot;,&quot;camera&quot;:&quot;&quot;,&quot;caption&quot;:&quot;&quot;,&quot;created_timestamp&quot;:&quot;0&quot;,&quot;copyright&quot;:&quot;&quot;,&quot;focal_length&quot;:&quot;0&quot;,&quot;iso&quot;:&quot;0&quot;,&quot;shutter_speed&quot;:&quot;0&quot;,&quot;title&quot;:&quot;&quot;,&quot;orientation&quot;:&quot;0&quot;}\" data-image-title=\"Ordinations leavings balance\" data-image-description=\"\" data-image-caption=\"\" data-large-file=\"https:\/\/wobronietradycjiiwiary.com\/wp-content\/uploads\/2024\/10\/Ordinations-leavings-balance.png\" src=\"https:\/\/wobronietradycjiiwiary.com\/wp-content\/uploads\/2024\/10\/Ordinations-leavings-balance.png\" alt=\"\" class=\"wp-image-123506\" srcset=\"https:\/\/wobronietradycjiiwiary.com\/wp-content\/uploads\/2024\/10\/Ordinations-leavings-balance.png 600w, https:\/\/wobronietradycjiiwiary.com\/wp-content\/uploads\/2024\/10\/Ordinations-leavings-balance-450x298.png 450w, https:\/\/wobronietradycjiiwiary.com\/wp-content\/uploads\/2024\/10\/Ordinations-leavings-balance-590x390.png 590w, https:\/\/wobronietradycjiiwiary.com\/wp-content\/uploads\/2024\/10\/Ordinations-leavings-balance-300x199.png 300w, https:\/\/wobronietradycjiiwiary.com\/wp-content\/uploads\/2024\/10\/Ordinations-leavings-balance-150x99.png 150w, https:\/\/wobronietradycjiiwiary.com\/wp-content\/uploads\/2024\/10\/Ordinations-leavings-balance-18x12.png 18w, https:\/\/wobronietradycjiiwiary.com\/wp-content\/uploads\/2024\/10\/Ordinations-leavings-balance-91x60.png 91w, https:\/\/wobronietradycjiiwiary.com\/wp-content\/uploads\/2024\/10\/Ordinations-leavings-balance-136x90.png 136w\" sizes=\"(max-width: 600px) 100vw, 600px\" \/><figcaption class=\"wp-element-caption\"><em>Stosunek nowych \u015bwi\u0119ce\u0144 do rezygnacji z kap\u0142a\u0144stw<\/em>a<\/figcaption><\/figure>\n<\/div>\n\n<div class=\"wp-block-image\">\n<figure class=\"aligncenter size-full\"><img loading=\"lazy\" decoding=\"async\" width=\"1020\" height=\"562\" data-attachment-id=\"123509\" data-permalink=\"https:\/\/wobronietradycjiiwiary.com\/pl\/kard-eijk-lub-bo-ludzie-mieli-pralki-i-lodowki\/other-sacraments-1\/\" data-orig-file=\"https:\/\/wobronietradycjiiwiary.com\/wp-content\/uploads\/2024\/10\/Other-sacraments-1.png\" data-orig-size=\"1020,562\" data-comments-opened=\"1\" data-image-meta=\"{&quot;aperture&quot;:&quot;0&quot;,&quot;credit&quot;:&quot;&quot;,&quot;camera&quot;:&quot;&quot;,&quot;caption&quot;:&quot;&quot;,&quot;created_timestamp&quot;:&quot;0&quot;,&quot;copyright&quot;:&quot;&quot;,&quot;focal_length&quot;:&quot;0&quot;,&quot;iso&quot;:&quot;0&quot;,&quot;shutter_speed&quot;:&quot;0&quot;,&quot;title&quot;:&quot;&quot;,&quot;orientation&quot;:&quot;0&quot;}\" data-image-title=\"Other sacraments 1\" data-image-description=\"\" data-image-caption=\"\" data-large-file=\"https:\/\/wobronietradycjiiwiary.com\/wp-content\/uploads\/2024\/10\/Other-sacraments-1.png\" src=\"https:\/\/wobronietradycjiiwiary.com\/wp-content\/uploads\/2024\/10\/Other-sacraments-1.png\" alt=\"\" class=\"wp-image-123509\" srcset=\"https:\/\/wobronietradycjiiwiary.com\/wp-content\/uploads\/2024\/10\/Other-sacraments-1.png 1020w, https:\/\/wobronietradycjiiwiary.com\/wp-content\/uploads\/2024\/10\/Other-sacraments-1-450x248.png 450w, https:\/\/wobronietradycjiiwiary.com\/wp-content\/uploads\/2024\/10\/Other-sacraments-1-600x331.png 600w, https:\/\/wobronietradycjiiwiary.com\/wp-content\/uploads\/2024\/10\/Other-sacraments-1-300x165.png 300w, https:\/\/wobronietradycjiiwiary.com\/wp-content\/uploads\/2024\/10\/Other-sacraments-1-150x83.png 150w, https:\/\/wobronietradycjiiwiary.com\/wp-content\/uploads\/2024\/10\/Other-sacraments-1-768x423.png 768w, https:\/\/wobronietradycjiiwiary.com\/wp-content\/uploads\/2024\/10\/Other-sacraments-1-18x10.png 18w, https:\/\/wobronietradycjiiwiary.com\/wp-content\/uploads\/2024\/10\/Other-sacraments-1-109x60.png 109w, https:\/\/wobronietradycjiiwiary.com\/wp-content\/uploads\/2024\/10\/Other-sacraments-1-163x90.png 163w\" sizes=\"(max-width: 1020px) 100vw, 1020px\" \/><figcaption class=\"wp-element-caption\"><em>Inne sakramenty<\/em><\/figcaption><\/figure>\n<\/div>\n\n<div class=\"wp-block-image\">\n<figure class=\"aligncenter size-full\"><img loading=\"lazy\" decoding=\"async\" width=\"1020\" height=\"562\" data-attachment-id=\"123510\" data-permalink=\"https:\/\/wobronietradycjiiwiary.com\/pl\/kard-eijk-lub-bo-ludzie-mieli-pralki-i-lodowki\/other-sacraments\/\" data-orig-file=\"https:\/\/wobronietradycjiiwiary.com\/wp-content\/uploads\/2024\/10\/Other-sacraments.png\" data-orig-size=\"1020,562\" data-comments-opened=\"1\" data-image-meta=\"{&quot;aperture&quot;:&quot;0&quot;,&quot;credit&quot;:&quot;&quot;,&quot;camera&quot;:&quot;&quot;,&quot;caption&quot;:&quot;&quot;,&quot;created_timestamp&quot;:&quot;0&quot;,&quot;copyright&quot;:&quot;&quot;,&quot;focal_length&quot;:&quot;0&quot;,&quot;iso&quot;:&quot;0&quot;,&quot;shutter_speed&quot;:&quot;0&quot;,&quot;title&quot;:&quot;&quot;,&quot;orientation&quot;:&quot;0&quot;}\" data-image-title=\"Other sacraments\" data-image-description=\"\" data-image-caption=\"\" data-large-file=\"https:\/\/wobronietradycjiiwiary.com\/wp-content\/uploads\/2024\/10\/Other-sacraments.png\" src=\"https:\/\/wobronietradycjiiwiary.com\/wp-content\/uploads\/2024\/10\/Other-sacraments.png\" alt=\"\" class=\"wp-image-123510\" srcset=\"https:\/\/wobronietradycjiiwiary.com\/wp-content\/uploads\/2024\/10\/Other-sacraments.png 1020w, https:\/\/wobronietradycjiiwiary.com\/wp-content\/uploads\/2024\/10\/Other-sacraments-450x248.png 450w, https:\/\/wobronietradycjiiwiary.com\/wp-content\/uploads\/2024\/10\/Other-sacraments-600x331.png 600w, https:\/\/wobronietradycjiiwiary.com\/wp-content\/uploads\/2024\/10\/Other-sacraments-300x165.png 300w, https:\/\/wobronietradycjiiwiary.com\/wp-content\/uploads\/2024\/10\/Other-sacraments-150x83.png 150w, https:\/\/wobronietradycjiiwiary.com\/wp-content\/uploads\/2024\/10\/Other-sacraments-768x423.png 768w, https:\/\/wobronietradycjiiwiary.com\/wp-content\/uploads\/2024\/10\/Other-sacraments-18x10.png 18w, https:\/\/wobronietradycjiiwiary.com\/wp-content\/uploads\/2024\/10\/Other-sacraments-109x60.png 109w, https:\/\/wobronietradycjiiwiary.com\/wp-content\/uploads\/2024\/10\/Other-sacraments-163x90.png 163w\" sizes=\"(max-width: 1020px) 100vw, 1020px\" \/><figcaption class=\"wp-element-caption\"><em>Inne sakramenty<\/em><\/figcaption><\/figure>\n<\/div>\n\n\n<p class=\"has-text-align-justify wp-block-paragraph\">Zauwa\u017cmy, \u017ce w Holandii, jak i w innych krajach, kryzys zacz\u0105\u0142 si\u0119 dok\u0142adnie po Reformach Wielkiego Tygodnia (1955-1956), o kt\u00f3rych poczyta\u0107 mo\u017cna sobie <a href=\"https:\/\/vademecumliturgiczne.pl\/2019\/04\/14\/reforma-wielkiego-tygodnia-w-latach-1951-1956-od-liturgii-do-teologii-sladem-wiodacych-myslicieli-ks-stefano-carusi-ibp\/\">tu<\/a>.<\/p>\n\n\n\n<p class=\"has-text-align-justify wp-block-paragraph\">Pisz\u0105cy te s\u0142owa przygotowa\u0142 sobie te statystyki holenderskie jeszcze w czasach, gdy my\u015bla\u0142, \u017ce mo\u017ce kogo\u015b przekona. <\/p>\n\n\n\n<p class=\"has-text-align-justify wp-block-paragraph\">Okazuje si\u0119, \u017ce nomenklatura Novus Ordo, bo trudno nazwa\u0107 ich inaczej, na wszelkie argumenty jest g\u0142ucha, powtarzaj\u0105c swoj\u0105 mantr\u0119:<\/p>\n\n\n\n<p class=\"has-medium-font-size wp-block-paragraph\">\u201eTo, nie Sob\u00f3r &#8211; to sekularyzacja, a na ni\u0105 nie mo\u017cemy nic poradzi\u0107.\u201c<\/p>\n\n\n\n<p class=\"has-text-align-justify wp-block-paragraph\">Autorowi wydaje si\u0119, \u017ce wszyscy ksi\u0119\u017ca uczyli si\u0119 chyba z jednego i tego samego podr\u0119cznika, na wz\u00f3r \u00f3wczesnego &#8220;Podr\u0119cznika agitatora&#8221; lub &#8220;Kr\u00f3tkiego kursu historii WkP(b)&#8221;, bo w r\u00f3\u017cnych krajach Europy napotka\u0142 dok\u0142adnie na te same argumenty, powtarzane tak\u017ce przez kardyna\u0142a Eijka w ostatnim <a href=\"https:\/\/rorate-caeli.blogspot.com\/2024\/10\/dutch-cardinal-dont-repeat-our-mistakes.html\">wywiadzie <\/a>opublikowanym w <em>Rorate Caeli<\/em>:<\/p>\n\n\n\n<blockquote class=\"wp-block-quote is-layout-flow wp-block-quote-is-layout-flow\">\n<p class=\"has-text-align-justify has-medium-font-size wp-block-paragraph\">Eijk: Sekularyzacja zacz\u0119\u0142a si\u0119 od rosn\u0105cego dobrobytu. Umo\u017cliwi\u0142a ludziom \u017cycie indywidualne, oderwane od spo\u0142eczno\u015bci. Jednostki stawiaj\u0105 siebie w centrum i staj\u0105 si\u0119 swoim w\u0142asnym papie\u017cem, \u017ce tak powiem: wybieraj\u0105 w\u0142asn\u0105 interpretacj\u0119 religijn\u0105 i w\u0142asne warto\u015bci etyczne. <\/p>\n\n\n\n<p class=\"has-text-align-justify has-medium-font-size wp-block-paragraph\">W rezultacie trac\u0105 wi\u0119\u017a z ko\u015bcio\u0142em. Dobrobyt prowadzi do indywidualizacji, a indywidualizacja prowadzi do sekularyzacji. Taka jest kolejno\u015b\u0107. <\/p>\n\n\n\n<p class=\"has-text-align-justify has-medium-font-size wp-block-paragraph\">W Holandii wydarzy\u0142o si\u0119 to szybko, szczeg\u00f3lnie w latach 60., kiedy dobrobyt wzr\u00f3s\u0142 w niespotykanym dot\u0105d tempie. <strong>Nagle, na przyk\u0142ad, ka\u017cdy mia\u0142 pralk\u0119 i lod\u00f3wk\u0119<\/strong>.<\/p>\n<\/blockquote>\n\n\n\n<p class=\"wp-block-paragraph\"><\/p>\n\n\n\n<p class=\"has-text-align-justify wp-block-paragraph\">Autora poirytowa\u0142o szczeg\u00f3lnie ostatnie zdanie:<\/p>\n\n\n\n<blockquote class=\"wp-block-quote is-layout-flow wp-block-quote-is-layout-flow\">\n<p class=\"has-medium-font-size wp-block-paragraph\"><strong>Nagle, [&#8230;], ka\u017cdy mia\u0142 pralk\u0119 i lod\u00f3wk\u0119<\/strong>.<\/p>\n<\/blockquote>\n\n\n\n<p class=\"has-text-align-justify wp-block-paragraph\">Zatem, gdyby ludzie nadal prali w balii i ch\u0142odzili lodem wyr\u0105banym zim\u0105, to religia by kwit\u0142a, a ko\u015bcio\u0142y p\u0119ka\u0142y w szwach, prawda? <\/p>\n\n\n\n<p class=\"has-text-align-justify wp-block-paragraph\">Kard. Eijk nie jest cz\u0142owiekiem g\u0142upim, skoro najpierw by\u0142 lekarzem, potem ksi\u0119dzem, sko\u0144czy\u0142 przynajmniej dwa fakultety i zrobi\u0142 karier\u0119 w Ko\u015bciele.<\/p>\n\n\n\n<p class=\"has-text-align-justify wp-block-paragraph\">Jak\u017ce wi\u0119c mo\u017ce nie wiedzie\u0107, \u017ce powtarza stare komunistyczne argumenty o religii jako &#8220;opium ludu&#8221; (Marks) wzgl\u0119dnie &#8220;opium dla ludu&#8221; (<a href=\"https:\/\/www.marxists.org\/polski\/lenin\/1905\/12\/soc_a_rel.htm#:~:text=Religia%20%E2%80%94%20to%20opium%20ludu.,ju%C5%BC%20tylko%20na%20wp%C3%B3%C5%82%20niewolnikiem.\">Lenin<\/a>), oczywi\u015bcie takiego, kt\u00f3ry pralki i lod\u00f3wki nie posiada\u0142.<\/p>\n\n\n\n<p class=\"has-text-align-justify wp-block-paragraph\">Najwyra\u017aniej racj\u0119 maj\u0105 Amisze nie korzystaj\u0105c z elektryczno\u015bci, bo jak cz\u0142owiek raz pralk\u0119 do domu wpu\u015bci, to natychmiast nast\u0119puje apostazja. <\/p>\n\n\n\n<p class=\"has-text-align-justify wp-block-paragraph\">Argumentacja kardyna\u0142a sugerowa\u0142aby, \u017ce religijni s\u0105 lub byli jedynie ludzie biedni, co przecie\u017c prawd\u0105 nie jest, bo bogate kraje arabskie s\u0105 przecie\u017c bardzo religijne. Religia to fa\u0142szywa, ale jednak jaka\u015b religia.<\/p>\n\n\n\n<p class=\"has-text-align-justify wp-block-paragraph\">Dobrobyt nie prowadzi do indywidualizacji, bo to w\u0142a\u015bnie ludzie bogaci znaj\u0105 warto\u015b\u0107 networkingu, znajomo\u015bci i wp\u0142yw\u00f3w biznesowych. <\/p>\n\n\n\n<p class=\"has-text-align-justify wp-block-paragraph\">S\u0105 du\u017co mniej indywidualistyczni i autarktyczni ni\u017c ludzie biedni, bo wiedz\u0105, \u017ce bez odpowiedniej sieci stosunk\u00f3w niczego nie za\u0142atwi\u0105.<\/p>\n\n\n\n<p class=\"has-text-align-justify wp-block-paragraph\">Ale porzu\u0107my b\u0142\u0119dn\u0105 ocen\u0119 wymiaru ziemskiego przez kardyna\u0142a, a skupmy si\u0119 na tym, \u017ce ca\u0142kowicie nie dostrzega on wymiaru i znaczenia \u0142aski. <\/p>\n\n\n\n<p class=\"has-text-align-justify wp-block-paragraph\">Naszym zdaniem, zgodnie z pogl\u0105dem, kt\u00f3ry nazywamy &#8216;realizmem liturgicznym&#8217; zmiany liturgiczne wprowadzi\u0142y mniejszy wylew \u0142aski na Ko\u015bci\u00f3\u0142, a przez to sekularyzacj\u0119. I to nie po raz pierwszy w historii, gdy\u017c:<\/p>\n\n\n\n<ol class=\"wp-block-list\">\n<li style=\"line-height:1.5\">Pierwsza sekularyzacja powsta\u0142a przez protestantyzm i wojny religijne, kt\u00f3re wyr\u017cn\u0119\u0142y ksi\u0119\u017cy i zakonnice oraz poburzy\u0142y ko\u015bcio\u0142y &gt; mniej Mszy, mniej modl\u0105cych si\u0119  = mniejszy wylew \u0142aski.<\/li>\n\n\n\n<li style=\"line-height:1.5\">Druga sekularyzacja nasta\u0142a przez <a href=\"https:\/\/pl.wikipedia.org\/wiki\/J%C3%B3zefinizm\">j\u00f3zefinizm <\/a>i wprowadzon\u0105 przez niego kasat\u0119 zakon\u00f3w (1780-1790) w monarchii austro-w\u0119gierskiej &gt; mniej Mszy, mniej modl\u0105cych si\u0119  = mniejszy wylew \u0142aski.<\/li>\n\n\n\n<li style=\"line-height:1.5\">Trzecia sekularyzacja mia\u0142a miejsce przez Rewolucj\u0119 Francusk\u0105 zwi\u0105zan\u0105 z wyr\u017cni\u0119ciem ksi\u0119\u017cy, zakonnic, zburzeniem ko\u015bcio\u0142\u00f3w &gt; mniej Mszy, mniej modl\u0105cych si\u0119  = mniejszy wylew \u0142aski.<\/li>\n\n\n\n<li style=\"line-height:1.5\">Czwarta sekularyzacja nast\u0105pi\u0142a przez wojny napoleo\u0144skie, kt\u00f3re wsz\u0119dzie wprowadza\u0142 francuskie porz\u0105dki zwi\u0105zan\u0105 z nimi sekularyzacj\u0119  &gt; mniej Mszy, mniej modl\u0105cych si\u0119  = mniejszy wylew \u0142aski.<\/li>\n\n\n\n<li style=\"line-height:1.5\">Kolejne sekularyzacja mia\u0142y miejsce tam, gdzie libera\u0142owie i wolnomularze przejmowali w\u0142adz\u0119, co mia\u0142o miejsce w r\u00f3\u017cnych krajach. Czwarta sekularyzacja nast\u0105pi\u0142a przez wojny napoleo\u0144skie, kt\u00f3re wsz\u0119dzie wprowadza\u0142 francuskie porz\u0105dki zwi\u0105zan\u0105 z nimi sekularyzacj\u0119 &gt; mniej Mszy, mniej modl\u0105cych si\u0119 = mniejszy wylew \u0142aski.<\/li>\n\n\n\n<li style=\"line-height:1.5\">Nast\u0119pna sekularyzacja mia\u0142a miejsce przez dwie Wojny \u015awiatowe, Rewolucj\u0119 Bolszewick\u0105, Wojn\u0119 w Hiszpanii   &gt; mniej Mszy, mniej modl\u0105cych si\u0119  = mniejszy wylew \u0142aski.<\/li>\n<\/ol>\n\n\n\n<p class=\"wp-block-paragraph\"><\/p>\n\n\n\n<p class=\"has-text-align-justify wp-block-paragraph\">Wyobra\u017amy sobie, \u017ce przez ka\u017cdy ubytek Mszy i mod\u0142\u00f3w gaszone by\u0142y kolejne ogniska \u0142aski. <\/p>\n\n\n\n<p class=\"has-text-align-justify wp-block-paragraph\">Zatem sekularyzacja, w rozumieniu braku przep\u0142ywu \u0142aski, faktycznie dosy\u0107 daleko post\u0105pi\u0142a, zanim Jan XXIII powzi\u0105\u0142 z 1960 roku pomys\u0142 wprowadzenia jej do Ko\u015bcio\u0142a.<\/p>\n\n\n\n<p class=\"wp-block-paragraph\"><\/p>\n\n\n\n<p class=\"has-text-align-justify wp-block-paragraph\">Tymczasem \u0142aska jest czym\u015b realnym i koniecznym do prowadzenia nadprzyrodzonego \u017cycia. Je\u015bli cz\u0142owiek nie ma \u015bwiat\u0142a automatycznie ginie w mroku. <\/p>\n\n\n\n<p class=\"has-text-align-justify wp-block-paragraph\">Ludzie pozbawieni duchowego pokarmu zacz\u0119li w Holandii i poza ni\u0105 szuka\u0107 \u015bwiatowych pociech, kt\u00f3re ich nie zaspokoi\u0142y, skoro stworzeni zostali na obraz i podobie\u0144stwo Bo\u017ce.<\/p>\n\n\n\n<p class=\"has-text-align-justify wp-block-paragraph\">Kardyna\u0142 Eijk winien przecie\u017c wiedzie\u0107, \u017ce zapa\u015b\u0107 katolicyzmu nie spowodowa\u0142a zapadu zainteresowa\u0144 religijnych lub zainteresowa\u0144 duchowo\u015bci\u0105, o czym\u015b \u015bwiadczy powstanie sekt i popularno\u015b\u0107 religii Wschodu. <\/p>\n\n\n\n<p class=\"has-text-align-justify wp-block-paragraph\">Ludzie nie maj\u0105 obecnie <em>religion<\/em>, ale <em>spirituality<\/em>. Zatem zainteresowanie transcendencj\u0105 i szukanie jej le\u017cy w naturze cz\u0142owieka, oboj\u0119tnie czy ma pralk\u0119 czy te\u017c jest jej pozbawiony.<\/p>\n\n\n\n<p class=\"has-text-align-justify wp-block-paragraph\">Uczestnicz\u0105cy w Msza Trydenckich do\u015bwiadczaj\u0105 realizmu i realno\u015bci \u0142aski, zatem czego\u015b, czego w Novus Ordo zostali pozbawieni. \u0141aska jak pokarm \u017cywi, jak s\u0142o\u0144ce o\u015bwieca, jak ogie\u0144 grzeje. <\/p>\n\n\n\n<p class=\"has-text-align-justify wp-block-paragraph\">\u0141aska jest czym\u015b realnym i koniecznym, gdy\u017c B\u00f3g i prawdy wiary nie s\u0105 z tego \u015bwiata. Akt religijny nie jest ani aktem intelektualnym, ani etycznym. <\/p>\n\n\n\n<p class=\"has-text-align-justify wp-block-paragraph\">Jest czym\u015b nadprzyrodzonym, do czego cz\u0142owiek sam z siebie nie jest zdolny. I w\u0142a\u015bnie do przekazu \u0142aski s\u0142u\u017cy Ko\u015bci\u00f3\u0142.<\/p>\n\n\n\n<p class=\"has-text-align-justify wp-block-paragraph\">Bergoglio doskonale o tym wie, gdy\u017c ukr\u00f3ca wszystko, co jest \u0142askono\u015bne i mno\u017cy skandale, kt\u00f3re ka\u017c\u0105 stawia\u0107 pytanie o realno\u015b\u0107 \u0142aski, skoro ksi\u0119\u017ca, biskupi i kardyna\u0142owie tak grzesz\u0105. <\/p>\n\n\n\n<p class=\"has-text-align-justify wp-block-paragraph\">Kardyna\u0142 Eijk jest przypuszczalnie jednym z lepszych obecnych kardyna\u0142\u00f3w, ale postrzegaj\u0105cym Ko\u015bci\u00f3\u0142 w wymiarach spo\u0142ecznych, jako pewne stowarzyszenie z okre\u015blon\u0105 etyczno-organizacyjn\u0105 ofert\u0105.<\/p>\n\n\n\n<blockquote class=\"wp-block-quote is-layout-flow wp-block-quote-is-layout-flow\">\n<p class=\"has-medium-font-size wp-block-paragraph\">COMMUNIO: Jak wygl\u0105da sytuacja dzisiaj?<\/p>\n\n\n\n<p class=\"has-text-align-justify has-medium-font-size wp-block-paragraph\">Eijk: W 2012 r. mieli\u015bmy jeszcze 250 000 wiernych. Po okresie koronawirusa liczba ta spad\u0142a do mniej ni\u017c 90 000, a teraz wynosi oko\u0142o 100 000. Stanowi to oko\u0142o 2,5 proc. zarejestrowanych katolik\u00f3w.&nbsp;<\/p>\n\n\n\n<p class=\"has-medium-font-size wp-block-paragraph\">COMMUNIO: Czy jako arcybiskup nie czuje si\u0119 Pan zniech\u0119cony?<\/p>\n\n\n\n<p class=\"has-text-align-justify has-medium-font-size wp-block-paragraph\">Eijk: Nie, nie ma. Widzimy fakt sekularyzacji, ale te\u017c co\u015b z tym robimy. Kilka diecezji jest w trakcie tworzenia projekt\u00f3w misyjnych w parafiach. Nie siedzisz przed zdesperowanym cz\u0142owiekiem.<\/p>\n\n\n\n<p class=\"has-medium-font-size wp-block-paragraph\">COMMUNIO: Czy mo\u017ce Jego Eminencja poda\u0107 jakie\u015b przyk\u0142ady?<\/p>\n<\/blockquote>\n\n\n\n<blockquote class=\"wp-block-quote is-layout-flow wp-block-quote-is-layout-flow\">\n<p class=\"has-text-align-justify has-medium-font-size wp-block-paragraph\">Eijk: Jednym z przyk\u0142ad\u00f3w jest kurs Alpha, kt\u00f3ry zosta\u0142 opracowany przez pastora anglika\u0144skiego w Londynie. <\/p>\n\n\n\n<p class=\"has-text-align-justify has-medium-font-size wp-block-paragraph\">Chcia\u0142 on przyci\u0105gn\u0105\u0107 wi\u0119cej os\u00f3b do swojego ko\u015bcio\u0142a i przygotowa\u0142 kurs trwaj\u0105cy oko\u0142o 10 wieczor\u00f3w. W prosty spos\u00f3b wyja\u015bnia, kim jest Jezus, jak mo\u017cemy Go pozna\u0107 i czym jest Biblia. Ka\u017cde spotkanie zaczyna si\u0119 od wprowadzenia, po kt\u00f3rym nast\u0119puje dyskusja i wsp\u00f3lny posi\u0142ek. <\/p>\n\n\n\n<p class=\"has-text-align-justify has-medium-font-size wp-block-paragraph\">Ten posi\u0142ek jest wa\u017cny dla budowania spo\u0142eczno\u015bci. Inn\u0105 inicjatyw\u0105 jest Niedziela Rodzinna, na kt\u00f3r\u0105 zapraszani s\u0105 pierwszokomunijni, konfirmanci i ich rodzice. Istnieje osobna katecheza dla ka\u017cdej grupy wiekowej. W tak\u0105 niedziel\u0119 mo\u017cesz mie\u0107 stu wi\u0119cej wiernych. <\/p>\n\n\n\n<p class=\"has-text-align-justify has-medium-font-size wp-block-paragraph\">A anga\u017cuj\u0105c rodzic\u00f3w w katechez\u0119, umo\u017cliwiasz rodzinom kontynuowanie rozm\u00f3w o swojej wierze w domu. To robi du\u017c\u0105 r\u00f3\u017cnic\u0119. Kiedy mam konfirmacj\u0119 po serii takich rodzinnych niedziel, widz\u0119, \u017ce ko\u015bci\u00f3\u0142 jest pe\u0142niejszy, \u017ce jest obecnych wi\u0119cej m\u0142odych ludzi i dzieci.<\/p>\n\n\n\n<p class=\"has-medium-font-size wp-block-paragraph\">COMMUNIO: Co mo\u017cna zrobi\u0107, aby zapewni\u0107, \u017ce te projekty b\u0119d\u0105 mia\u0142y nadal wp\u0142yw i b\u0119d\u0105 trwa\u0142e?<\/p>\n\n\n\n<blockquote class=\"wp-block-quote is-layout-flow wp-block-quote-is-layout-flow\">\n<p class=\"has-text-align-justify has-medium-font-size wp-block-paragraph\">Eijk: W nadchodz\u0105cych latach archidiecezja utrechcka b\u0119dzie wspiera\u0107 parafie w dalszym rozwijaniu ich zaanga\u017cowania misyjnego. <\/p>\n\n\n\n<p class=\"has-text-align-justify has-medium-font-size wp-block-paragraph\">W ka\u017cdym razie wa\u017cne jest, aby katecheza by\u0142a kontynuowana po bierzmowaniu. Zach\u0119camy r\u00f3wnie\u017c ksi\u0119\u017cy do tworzenia grup m\u0142odzie\u017cowych w parafiach. Organizujemy r\u00f3wnie\u017c kursy przygotowania do ma\u0142\u017ce\u0144stwa oparte na modelu w\u0142oskim, cho\u0107 nadal na niewielk\u0105 skal\u0119. <\/p>\n\n\n\n<p class=\"has-text-align-justify has-medium-font-size wp-block-paragraph\">Kursy te trwaj\u0105 pi\u0119\u0107 wieczor\u00f3w i modlimy si\u0119 z uczestnikami, co jest nowo\u015bci\u0105 dla wielu. Podczas kursu omawiamy r\u00f3wnie\u017c teologi\u0119 cia\u0142a i nauczanie Ko\u015bcio\u0142a na temat antykoncepcji i naturalnej kontroli urodze\u0144. <\/p>\n\n\n\n<p class=\"has-text-align-justify has-medium-font-size wp-block-paragraph\">Wi\u0119kszo\u015b\u0107 m\u0142odych uczestnik\u00f3w reaguje na to pozytywnie, zw\u0142aszcza \u017ce teraz wiemy wi\u0119cej o wadach pigu\u0142ki antykoncepcyjnej.<\/p>\n\n\n\n<p class=\"wp-block-paragraph\"><\/p>\n\n\n\n<p class=\"wp-block-paragraph\"><\/p>\n<\/blockquote>\n<\/blockquote>\n\n\n\n<p class=\"wp-block-paragraph\">Sp\u00f3jrzmy na te propozycje z tradycjonalistycznej perspektywy:<\/p>\n\n\n\n<ul class=\"wp-block-list\">\n<li>Kursy Alfa s\u0105 protestanckie i do protestantyzmu prowadz\u0105.<\/li>\n\n\n\n<li>Katolicyzm to nie tylko Biblia, ale przede wszystkim Tradycja.<\/li>\n\n\n\n<li>Wsp\u00f3lny posi\u0142ek spo\u017cy\u0107 mo\u017cna te\u017c gdzie indziej.<\/li>\n\n\n\n<li><a href=\"https:\/\/wobronietradycjiiwiary.com\/pl\/category\/polemika\/kosciol-posoborowy\/jan-pawel-ii-krytyka\/teologia-ciala\/\">Teologia cia\u0142a <\/a>jest gnostyck\u0105 herezj\u0105.<\/li>\n\n\n\n<li>Naturalna metoda jest r\u00f3wnie\u017c antykoncepcj\u0105.<\/li>\n<\/ul>\n\n\n\n<p class=\"wp-block-paragraph\"><\/p>\n\n\n\n<p class=\"has-text-align-justify wp-block-paragraph\">Mo\u017cna by rzec, \u017ce lepiej to ni\u017c nic, ale czy ludzie z tym skonfrontowani naprawd\u0119 poznaj\u0105 bogactwo Ko\u015bcio\u0142a i jego nadprzyrodzony wymiar. <\/p>\n\n\n\n<p class=\"has-text-align-justify wp-block-paragraph\">Kardyna\u0142 Eijk najwyra\u017aniej te\u017c go nie zna, bo m\u00f3wi\u0142by inaczej. Wiele os\u00f3b m\u00f3wi o swoim drugim nawr\u00f3ceniu z katolicyzmu Novus Ordo na tradycjonalizm. <\/p>\n\n\n\n<p class=\"has-text-align-justify wp-block-paragraph\">Po przej\u015bciu tego Rubikonu trudno si\u0119 wr\u00f3ci\u0107 i akceptowa\u0107 jako katolickie, co si\u0119 obecnie za katolickie uwa\u017ca.<\/p>\n\n\n\n<p class=\"has-text-align-justify wp-block-paragraph\">W sumie dobrze, \u017ce \u017cyjemy za Franciszka, kt\u00f3ry pokazuje nam, do czego te wszystkie kompromisy ze \u015bwiatem prowadz\u0105 i jak zgubnym jest i by\u0142o posoborowie.<\/p>\n\n\n\n<p class=\"has-text-align-justify wp-block-paragraph\">Niestety okazuje si\u0119, \u017ce nawet odwa\u017cni i konserwatywni kardyna\u0142owie s\u0105 na ten wymiar, kt\u00f3ry jest dla nas oczywisty, \u015blepi. <\/p>\n\n\n\n<p class=\"has-text-align-justify wp-block-paragraph\">Przecie\u017c cz\u0142owiek, kt\u00f3ry wierzy w realno\u015b\u0107 piek\u0142a oraz wyb\u00f3r mi\u0119dzy niebiesk\u0105 szcz\u0119\u015bliwo\u015bci\u0105 i pot\u0119pieniem wiecznym my\u015bli i m\u00f3wi inaczej.<\/p>\n\n\n\n<p class=\"has-text-align-justify wp-block-paragraph\">Oczywi\u015bcie, \u017ce jest <a href=\"https:\/\/wobronietradycjiiwiary.com\/pl\/category\/doktryna\/predestynacja-reprobacja\/\">predestynacja i reprobacja,<\/a> a B\u00f3g sam wybiera tych, kt\u00f3rych chce zbawi\u0107, ale jak ludzie maj\u0105 dokona\u0107 wyboru maj\u0105c tak zafa\u0142szowany obraz Ko\u015bcio\u0142a. <\/p>\n\n\n\n<p class=\"has-text-align-justify wp-block-paragraph\">Zafa\u0142szowany, bo pozbawiony odniesienia do celu nadprzyrodzonego i prawdziwy, bo jedynie ziemski i obfituj\u0105cy w skandale. A tymczasem ludzie przychodz\u0105 i prosz\u0105 o chrzest:<\/p>\n\n\n\n<blockquote class=\"wp-block-quote is-layout-flow wp-block-quote-is-layout-flow\">\n<p class=\"has-text-align-justify has-medium-font-size wp-block-paragraph\">Eijk: We wszystkich parafiach widzimy coraz wi\u0119cej m\u0142odych ludzi prosz\u0105cych o chrzest lub bierzmowanie, ludzi w wieku od 20 do 50 lat, kt\u00f3rzy pojawiaj\u0105 si\u0119 znik\u0105d, \u017ce tak powiem. <\/p>\n\n\n\n<p class=\"has-text-align-justify has-medium-font-size wp-block-paragraph\">To nie s\u0105 ogromne liczby, ale to pozytywny znak. Co\u015b dzia\u0142a. To pokolenie nie ma kryteri\u00f3w rozr\u00f3\u017cniania dobra od z\u0142a. Nie maj\u0105 sta\u0142ego punktu w \u017cyciu i nie wiedz\u0105, jaki jest ich cel. Ale te pytania pojawiaj\u0105 si\u0119 naturalnie.&nbsp;<\/p>\n<\/blockquote>\n\n\n\n<p class=\"has-text-align-justify wp-block-paragraph\">I takie cz\u0142owiek przychodzi do kardyna\u0142a Eijka, pyta o sens i przyczyn\u0119 upadku Ko\u015bcio\u0142a i dowiaduje si\u0119, \u017ce to wszystko przez lod\u00f3wki i pralki. M\u00f3j Bo\u017ce.<\/p>\n\n\n\n<div class=\"wp-block-cover aligncenter\" style=\"min-height:361px;aspect-ratio:unset;\"><img loading=\"lazy\" decoding=\"async\" width=\"524\" height=\"539\" data-attachment-id=\"115630\" data-permalink=\"https:\/\/wobronietradycjiiwiary.com\/pl\/church-militant-o-naduzyciach-seksualnych-w-bractwie-sw-piusa-x-nowy-cykl\/ec48bf44892c29b895741920e0bdef09-2\/\" data-orig-file=\"https:\/\/wobronietradycjiiwiary.com\/wp-content\/uploads\/2024\/04\/ec48bf44892c29b895741920e0bdef09.jpg\" data-orig-size=\"524,539\" data-comments-opened=\"1\" data-image-meta=\"{&quot;aperture&quot;:&quot;0&quot;,&quot;credit&quot;:&quot;&quot;,&quot;camera&quot;:&quot;&quot;,&quot;caption&quot;:&quot;&quot;,&quot;created_timestamp&quot;:&quot;0&quot;,&quot;copyright&quot;:&quot;&quot;,&quot;focal_length&quot;:&quot;0&quot;,&quot;iso&quot;:&quot;0&quot;,&quot;shutter_speed&quot;:&quot;0&quot;,&quot;title&quot;:&quot;&quot;,&quot;orientation&quot;:&quot;0&quot;}\" data-image-title=\"ec48bf44892c29b895741920e0bdef09\" data-image-description=\"\" data-image-caption=\"\" data-large-file=\"https:\/\/wobronietradycjiiwiary.com\/wp-content\/uploads\/2024\/04\/ec48bf44892c29b895741920e0bdef09.jpg\" class=\"wp-block-cover__image-background wp-image-115630\" alt=\"\" src=\"https:\/\/wobronietradycjiiwiary.com\/wp-content\/uploads\/2024\/04\/ec48bf44892c29b895741920e0bdef09.jpg\" style=\"object-position:57% 0%\" data-object-fit=\"cover\" data-object-position=\"57% 0%\" srcset=\"https:\/\/wobronietradycjiiwiary.com\/wp-content\/uploads\/2024\/04\/ec48bf44892c29b895741920e0bdef09.jpg 524w, https:\/\/wobronietradycjiiwiary.com\/wp-content\/uploads\/2024\/04\/ec48bf44892c29b895741920e0bdef09-450x463.jpg 450w, https:\/\/wobronietradycjiiwiary.com\/wp-content\/uploads\/2024\/04\/ec48bf44892c29b895741920e0bdef09-292x300.jpg 292w, https:\/\/wobronietradycjiiwiary.com\/wp-content\/uploads\/2024\/04\/ec48bf44892c29b895741920e0bdef09-146x150.jpg 146w, https:\/\/wobronietradycjiiwiary.com\/wp-content\/uploads\/2024\/04\/ec48bf44892c29b895741920e0bdef09-12x12.jpg 12w, https:\/\/wobronietradycjiiwiary.com\/wp-content\/uploads\/2024\/04\/ec48bf44892c29b895741920e0bdef09-58x60.jpg 58w, https:\/\/wobronietradycjiiwiary.com\/wp-content\/uploads\/2024\/04\/ec48bf44892c29b895741920e0bdef09-87x90.jpg 87w\" sizes=\"(max-width: 524px) 100vw, 524px\" \/><span aria-hidden=\"true\" class=\"wp-block-cover__background has-background-dim\"><\/span><div class=\"wp-block-cover__inner-container is-layout-flow wp-block-cover-is-layout-flow\">\n<p class=\"has-text-align-center has-large-font-size wp-block-paragraph\"><mark style=\"background-color:rgba(0, 0, 0, 0)\" class=\"has-inline-color has-luminous-vivid-amber-color\"><strong>Spodoba\u0142o si\u0119? Wspieraj nas!<\/strong><\/mark><\/p>\n\n\n\n<p class=\"has-text-align-center wp-block-paragraph\"><strong>Kart\u0105, paypalem lub bezpo\u015brednim przelewem<\/strong>.<\/p>\n\n\n\n<p class=\"has-text-align-center wp-block-paragraph\" style=\"font-size:39px\"><a aria-label=\" (opens in a new tab)\" class=\"ek-link\" href=\"https:\/\/donate.stripe.com\/6oE7uNfHU4nXe2I7su\" target=\"_blank\" rel=\"noreferrer noopener\"><mark style=\"background-color:rgba(0, 0, 0, 0)\" class=\"has-inline-color has-white-color\"><strong>Datki<\/strong> <\/mark><\/a><\/p>\n<\/div><\/div>\n","protected":false},"excerpt":{"rendered":"<p>O ocenie pogl\u0105d\u00f3w kardyna\u0142a Eijka z tradycjonalistycznej perspektywy.<\/p>\n","protected":false},"author":60508433,"featured_media":123542,"comment_status":"open","ping_status":"open","sticky":false,"template":"","format":"standard","meta":{"_bbp_topic_count":0,"_bbp_reply_count":0,"_bbp_total_topic_count":0,"_bbp_total_reply_count":0,"_bbp_voice_count":0,"_bbp_anonymous_reply_count":0,"_bbp_topic_count_hidden":0,"_bbp_reply_count_hidden":0,"_bbp_forum_subforum_count":0,"_editorskit_title_hidden":false,"_editorskit_reading_time":0,"_editorskit_is_block_options_detached":false,"_editorskit_block_options_position":"{}","_coblocks_attr":"","_coblocks_dimensions":"","_coblocks_responsive_height":"","_coblocks_accordion_ie_support":"","_exactmetrics_skip_tracking":false,"_jetpack_newsletter_access":"","_jetpack_dont_email_post_to_subs":false,"_jetpack_newsletter_tier_id":0,"_jetpack_memberships_contains_paywalled_content":false,"_wpcom_ai_launchpad_first_post":false,"_jetpack_feature_clip_id":0,"_jetpack_memberships_contains_paid_content":false,"footnotes":"","jetpack_publicize_message":"{title}\n\n{excerpt}\n\n{url}","jetpack_publicize_feature_enabled":true,"jetpack_social_post_already_shared":true,"jetpack_social_options":{"image_generator_settings":{"template":"highway","default_image_id":0,"font":"","enabled":false},"version":2},"_wpas_customize_per_network":false,"jetpack_post_was_ever_published":false},"categories":[610135777,610131282,610136335,80248953,40321200],"tags":[583462354],"class_list":["post-123496","post","type-post","status-publish","format-standard","has-post-thumbnail","hentry","category-naturalna-metoda-planowania-rodziny","category-etyka-seksualna","category-kard-eijk","category-kosciol-posoborowy","category-teologia-moralna","tag-naturalna-metoda-planowania-rodziny"],"yoast_head":"<!-- This site is optimized with the Yoast SEO plugin v28.3 - https:\/\/yoast.com\/product\/yoast-seo-wordpress\/ -->\n<title>Kard. Eijk lub &quot;bo ludzie mieli pralki i lod\u00f3wki&quot; - Tradycja i Wiara<\/title>\n<meta name=\"robots\" content=\"index, follow, max-snippet:-1, max-image-preview:large, max-video-preview:-1\" \/>\n<link rel=\"canonical\" href=\"https:\/\/wobronietradycjiiwiary.com\/pl\/kard-eijk-lub-bo-ludzie-mieli-pralki-i-lodowki\/\" \/>\n<meta property=\"og:locale\" content=\"pl_PL\" \/>\n<meta property=\"og:type\" content=\"article\" \/>\n<meta property=\"og:title\" content=\"Kard. Eijk lub &quot;bo ludzie mieli pralki i lod\u00f3wki&quot; - Tradycja i Wiara\" \/>\n<meta property=\"og:description\" content=\"O ocenie pogl\u0105d\u00f3w kardyna\u0142a Eijka z tradycjonalistycznej perspektywy.\" \/>\n<meta property=\"og:url\" content=\"https:\/\/wobronietradycjiiwiary.com\/pl\/kard-eijk-lub-bo-ludzie-mieli-pralki-i-lodowki\/\" \/>\n<meta property=\"og:site_name\" content=\"Tradycja i Wiara\" \/>\n<meta property=\"article:publisher\" content=\"https:\/\/www.facebook.com\/Tradycja-i-Wiara-108813920592249\" \/>\n<meta property=\"article:published_time\" content=\"2024-10-23T19:51:14+00:00\" \/>\n<meta property=\"article:modified_time\" content=\"2026-08-25T13:49:54+00:00\" \/>\n<meta property=\"og:image\" content=\"https:\/\/wobronietradycjiiwiary.com\/wp-content\/uploads\/2024\/10\/cardinal-richelieu.jpg\" \/>\n\t<meta property=\"og:image:width\" content=\"600\" \/>\n\t<meta property=\"og:image:height\" content=\"600\" \/>\n\t<meta property=\"og:image:type\" content=\"image\/jpeg\" \/>\n<meta name=\"author\" content=\"Traditio et Fides\" \/>\n<meta name=\"twitter:card\" content=\"summary_large_image\" \/>\n<meta name=\"twitter:label1\" content=\"Napisane przez\" \/>\n\t<meta name=\"twitter:data1\" content=\"Traditio et Fides\" \/>\n\t<meta name=\"twitter:label2\" content=\"Szacowany czas czytania\" \/>\n\t<meta name=\"twitter:data2\" content=\"9 minut\" \/>\n<script type=\"application\/ld+json\" class=\"yoast-schema-graph\">{\"@context\":\"https:\\\/\\\/schema.org\",\"@graph\":[{\"@type\":\"Article\",\"@id\":\"https:\\\/\\\/wobronietradycjiiwiary.com\\\/kard-eijk-lub-bo-ludzie-mieli-pralki-i-lodowki\\\/#article\",\"isPartOf\":{\"@id\":\"https:\\\/\\\/wobronietradycjiiwiary.com\\\/kard-eijk-lub-bo-ludzie-mieli-pralki-i-lodowki\\\/\"},\"author\":{\"name\":\"Traditio et Fides\",\"@id\":\"https:\\\/\\\/wobronietradycjiiwiary.com\\\/pl\\\/#\\\/schema\\\/person\\\/2d6180ce6abcb681fef0daab7816e8f3\"},\"headline\":\"Kard. Eijk lub &#8220;bo ludzie mieli pralki i lod\u00f3wki&#8221;\",\"datePublished\":\"2024-10-23T19:51:14+00:00\",\"dateModified\":\"2026-08-25T13:49:54+00:00\",\"mainEntityOfPage\":{\"@id\":\"https:\\\/\\\/wobronietradycjiiwiary.com\\\/kard-eijk-lub-bo-ludzie-mieli-pralki-i-lodowki\\\/\"},\"wordCount\":2132,\"commentCount\":0,\"publisher\":{\"@id\":\"https:\\\/\\\/wobronietradycjiiwiary.com\\\/pl\\\/#organization\"},\"image\":{\"@id\":\"https:\\\/\\\/wobronietradycjiiwiary.com\\\/kard-eijk-lub-bo-ludzie-mieli-pralki-i-lodowki\\\/#primaryimage\"},\"thumbnailUrl\":\"https:\\\/\\\/wobronietradycjiiwiary.com\\\/wp-content\\\/uploads\\\/2024\\\/10\\\/cardinal-richelieu.jpg\",\"keywords\":[\"naturalna metoda planowania rodziny\"],\"articleSection\":[\"\\\"Naturalna\\\" metoda planowania rodziny\",\"Etyka seksualna\",\"Kard. Eijk\",\"Ko\u015bci\u00f3\u0142 posoborowy\",\"Teologia moralna\"],\"inLanguage\":\"pl-PL\",\"potentialAction\":[{\"@type\":\"CommentAction\",\"name\":\"Comment\",\"target\":[\"https:\\\/\\\/wobronietradycjiiwiary.com\\\/kard-eijk-lub-bo-ludzie-mieli-pralki-i-lodowki\\\/#respond\"]}]},{\"@type\":\"WebPage\",\"@id\":\"https:\\\/\\\/wobronietradycjiiwiary.com\\\/kard-eijk-lub-bo-ludzie-mieli-pralki-i-lodowki\\\/\",\"url\":\"https:\\\/\\\/wobronietradycjiiwiary.com\\\/kard-eijk-lub-bo-ludzie-mieli-pralki-i-lodowki\\\/\",\"name\":\"Kard. Eijk lub \\\"bo ludzie mieli pralki i lod\u00f3wki\\\" - Tradycja i Wiara\",\"isPartOf\":{\"@id\":\"https:\\\/\\\/wobronietradycjiiwiary.com\\\/pl\\\/#website\"},\"primaryImageOfPage\":{\"@id\":\"https:\\\/\\\/wobronietradycjiiwiary.com\\\/kard-eijk-lub-bo-ludzie-mieli-pralki-i-lodowki\\\/#primaryimage\"},\"image\":{\"@id\":\"https:\\\/\\\/wobronietradycjiiwiary.com\\\/kard-eijk-lub-bo-ludzie-mieli-pralki-i-lodowki\\\/#primaryimage\"},\"thumbnailUrl\":\"https:\\\/\\\/wobronietradycjiiwiary.com\\\/wp-content\\\/uploads\\\/2024\\\/10\\\/cardinal-richelieu.jpg\",\"datePublished\":\"2024-10-23T19:51:14+00:00\",\"dateModified\":\"2026-08-25T13:49:54+00:00\",\"breadcrumb\":{\"@id\":\"https:\\\/\\\/wobronietradycjiiwiary.com\\\/kard-eijk-lub-bo-ludzie-mieli-pralki-i-lodowki\\\/#breadcrumb\"},\"inLanguage\":\"pl-PL\",\"potentialAction\":[{\"@type\":\"ReadAction\",\"target\":[\"https:\\\/\\\/wobronietradycjiiwiary.com\\\/kard-eijk-lub-bo-ludzie-mieli-pralki-i-lodowki\\\/\"]}]},{\"@type\":\"ImageObject\",\"inLanguage\":\"pl-PL\",\"@id\":\"https:\\\/\\\/wobronietradycjiiwiary.com\\\/kard-eijk-lub-bo-ludzie-mieli-pralki-i-lodowki\\\/#primaryimage\",\"url\":\"https:\\\/\\\/wobronietradycjiiwiary.com\\\/wp-content\\\/uploads\\\/2024\\\/10\\\/cardinal-richelieu.jpg\",\"contentUrl\":\"https:\\\/\\\/wobronietradycjiiwiary.com\\\/wp-content\\\/uploads\\\/2024\\\/10\\\/cardinal-richelieu.jpg\",\"width\":600,\"height\":600},{\"@type\":\"BreadcrumbList\",\"@id\":\"https:\\\/\\\/wobronietradycjiiwiary.com\\\/kard-eijk-lub-bo-ludzie-mieli-pralki-i-lodowki\\\/#breadcrumb\",\"itemListElement\":[{\"@type\":\"ListItem\",\"position\":1,\"name\":\"Strona g\u0142\u00f3wna\",\"item\":\"https:\\\/\\\/wobronietradycjiiwiary.com\\\/\"},{\"@type\":\"ListItem\",\"position\":2,\"name\":\"Kard. Eijk lub &#8222;bo ludzie mieli pralki i lod\u00f3wki&#8220;\"}]},{\"@type\":\"WebSite\",\"@id\":\"https:\\\/\\\/wobronietradycjiiwiary.com\\\/pl\\\/#website\",\"url\":\"https:\\\/\\\/wobronietradycjiiwiary.com\\\/pl\\\/\",\"name\":\"Tradycja i Wiara\",\"description\":\"Portal dla katolik\u00f3w.\",\"publisher\":{\"@id\":\"https:\\\/\\\/wobronietradycjiiwiary.com\\\/pl\\\/#organization\"},\"potentialAction\":[{\"@type\":\"SearchAction\",\"target\":{\"@type\":\"EntryPoint\",\"urlTemplate\":\"https:\\\/\\\/wobronietradycjiiwiary.com\\\/pl\\\/?s={search_term_string}\"},\"query-input\":{\"@type\":\"PropertyValueSpecification\",\"valueRequired\":true,\"valueName\":\"search_term_string\"}}],\"inLanguage\":\"pl-PL\"},{\"@type\":\"Organization\",\"@id\":\"https:\\\/\\\/wobronietradycjiiwiary.com\\\/pl\\\/#organization\",\"name\":\"Tradycja i Wiara\",\"url\":\"https:\\\/\\\/wobronietradycjiiwiary.com\\\/pl\\\/\",\"logo\":{\"@type\":\"ImageObject\",\"inLanguage\":\"pl-PL\",\"@id\":\"https:\\\/\\\/wobronietradycjiiwiary.com\\\/pl\\\/#\\\/schema\\\/logo\\\/image\\\/\",\"url\":\"https:\\\/\\\/i0.wp.com\\\/wobronietradycjiiwiary.com\\\/wp-content\\\/uploads\\\/2015\\\/10\\\/cropped-st-peters-dome-vatican.jpg?fit=940%2C198&ssl=1\",\"contentUrl\":\"https:\\\/\\\/i0.wp.com\\\/wobronietradycjiiwiary.com\\\/wp-content\\\/uploads\\\/2015\\\/10\\\/cropped-st-peters-dome-vatican.jpg?fit=940%2C198&ssl=1\",\"width\":940,\"height\":198,\"caption\":\"Tradycja i Wiara\"},\"image\":{\"@id\":\"https:\\\/\\\/wobronietradycjiiwiary.com\\\/pl\\\/#\\\/schema\\\/logo\\\/image\\\/\"},\"sameAs\":[\"https:\\\/\\\/www.facebook.com\\\/Tradycja-i-Wiara-108813920592249\"]},{\"@type\":\"Person\",\"@id\":\"https:\\\/\\\/wobronietradycjiiwiary.com\\\/pl\\\/#\\\/schema\\\/person\\\/2d6180ce6abcb681fef0daab7816e8f3\",\"name\":\"Traditio et Fides\",\"sameAs\":[\"https:\\\/\\\/traditionundglauben.com\"],\"url\":\"https:\\\/\\\/wobronietradycjiiwiary.com\\\/pl\\\/author\\\/wobronietradycjiiwiary\\\/\"}]}<\/script>\n<!-- \/ Yoast SEO plugin. -->","yoast_head_json":{"title":"Kard. Eijk lub \"bo ludzie mieli pralki i lod\u00f3wki\" - Tradycja i Wiara","robots":{"index":"index","follow":"follow","max-snippet":"max-snippet:-1","max-image-preview":"max-image-preview:large","max-video-preview":"max-video-preview:-1"},"canonical":"https:\/\/wobronietradycjiiwiary.com\/pl\/kard-eijk-lub-bo-ludzie-mieli-pralki-i-lodowki\/","og_locale":"pl_PL","og_type":"article","og_title":"Kard. Eijk lub \"bo ludzie mieli pralki i lod\u00f3wki\" - Tradycja i Wiara","og_description":"O ocenie pogl\u0105d\u00f3w kardyna\u0142a Eijka z tradycjonalistycznej perspektywy.","og_url":"https:\/\/wobronietradycjiiwiary.com\/pl\/kard-eijk-lub-bo-ludzie-mieli-pralki-i-lodowki\/","og_site_name":"Tradycja i Wiara","article_publisher":"https:\/\/www.facebook.com\/Tradycja-i-Wiara-108813920592249","article_published_time":"2024-10-23T19:51:14+00:00","article_modified_time":"2026-08-25T13:49:54+00:00","og_image":[{"width":600,"height":600,"url":"https:\/\/wobronietradycjiiwiary.com\/wp-content\/uploads\/2024\/10\/cardinal-richelieu.jpg","type":"image\/jpeg"}],"author":"Traditio et Fides","twitter_card":"summary_large_image","twitter_misc":{"Napisane przez":"Traditio et Fides","Szacowany czas czytania":"9 minut"},"schema":{"@context":"https:\/\/schema.org","@graph":[{"@type":"Article","@id":"https:\/\/wobronietradycjiiwiary.com\/kard-eijk-lub-bo-ludzie-mieli-pralki-i-lodowki\/#article","isPartOf":{"@id":"https:\/\/wobronietradycjiiwiary.com\/kard-eijk-lub-bo-ludzie-mieli-pralki-i-lodowki\/"},"author":{"name":"Traditio et Fides","@id":"https:\/\/wobronietradycjiiwiary.com\/pl\/#\/schema\/person\/2d6180ce6abcb681fef0daab7816e8f3"},"headline":"Kard. Eijk lub &#8220;bo ludzie mieli pralki i lod\u00f3wki&#8221;","datePublished":"2024-10-23T19:51:14+00:00","dateModified":"2026-08-25T13:49:54+00:00","mainEntityOfPage":{"@id":"https:\/\/wobronietradycjiiwiary.com\/kard-eijk-lub-bo-ludzie-mieli-pralki-i-lodowki\/"},"wordCount":2132,"commentCount":0,"publisher":{"@id":"https:\/\/wobronietradycjiiwiary.com\/pl\/#organization"},"image":{"@id":"https:\/\/wobronietradycjiiwiary.com\/kard-eijk-lub-bo-ludzie-mieli-pralki-i-lodowki\/#primaryimage"},"thumbnailUrl":"https:\/\/wobronietradycjiiwiary.com\/wp-content\/uploads\/2024\/10\/cardinal-richelieu.jpg","keywords":["naturalna metoda planowania rodziny"],"articleSection":["\"Naturalna\" metoda planowania rodziny","Etyka seksualna","Kard. Eijk","Ko\u015bci\u00f3\u0142 posoborowy","Teologia moralna"],"inLanguage":"pl-PL","potentialAction":[{"@type":"CommentAction","name":"Comment","target":["https:\/\/wobronietradycjiiwiary.com\/kard-eijk-lub-bo-ludzie-mieli-pralki-i-lodowki\/#respond"]}]},{"@type":"WebPage","@id":"https:\/\/wobronietradycjiiwiary.com\/kard-eijk-lub-bo-ludzie-mieli-pralki-i-lodowki\/","url":"https:\/\/wobronietradycjiiwiary.com\/kard-eijk-lub-bo-ludzie-mieli-pralki-i-lodowki\/","name":"Kard. Eijk lub \"bo ludzie mieli pralki i lod\u00f3wki\" - Tradycja i Wiara","isPartOf":{"@id":"https:\/\/wobronietradycjiiwiary.com\/pl\/#website"},"primaryImageOfPage":{"@id":"https:\/\/wobronietradycjiiwiary.com\/kard-eijk-lub-bo-ludzie-mieli-pralki-i-lodowki\/#primaryimage"},"image":{"@id":"https:\/\/wobronietradycjiiwiary.com\/kard-eijk-lub-bo-ludzie-mieli-pralki-i-lodowki\/#primaryimage"},"thumbnailUrl":"https:\/\/wobronietradycjiiwiary.com\/wp-content\/uploads\/2024\/10\/cardinal-richelieu.jpg","datePublished":"2024-10-23T19:51:14+00:00","dateModified":"2026-08-25T13:49:54+00:00","breadcrumb":{"@id":"https:\/\/wobronietradycjiiwiary.com\/kard-eijk-lub-bo-ludzie-mieli-pralki-i-lodowki\/#breadcrumb"},"inLanguage":"pl-PL","potentialAction":[{"@type":"ReadAction","target":["https:\/\/wobronietradycjiiwiary.com\/kard-eijk-lub-bo-ludzie-mieli-pralki-i-lodowki\/"]}]},{"@type":"ImageObject","inLanguage":"pl-PL","@id":"https:\/\/wobronietradycjiiwiary.com\/kard-eijk-lub-bo-ludzie-mieli-pralki-i-lodowki\/#primaryimage","url":"https:\/\/wobronietradycjiiwiary.com\/wp-content\/uploads\/2024\/10\/cardinal-richelieu.jpg","contentUrl":"https:\/\/wobronietradycjiiwiary.com\/wp-content\/uploads\/2024\/10\/cardinal-richelieu.jpg","width":600,"height":600},{"@type":"BreadcrumbList","@id":"https:\/\/wobronietradycjiiwiary.com\/kard-eijk-lub-bo-ludzie-mieli-pralki-i-lodowki\/#breadcrumb","itemListElement":[{"@type":"ListItem","position":1,"name":"Strona g\u0142\u00f3wna","item":"https:\/\/wobronietradycjiiwiary.com\/"},{"@type":"ListItem","position":2,"name":"Kard. Eijk lub &#8222;bo ludzie mieli pralki i lod\u00f3wki&#8220;"}]},{"@type":"WebSite","@id":"https:\/\/wobronietradycjiiwiary.com\/pl\/#website","url":"https:\/\/wobronietradycjiiwiary.com\/pl\/","name":"Tradycja i Wiara","description":"Portal dla katolik\u00f3w.","publisher":{"@id":"https:\/\/wobronietradycjiiwiary.com\/pl\/#organization"},"potentialAction":[{"@type":"SearchAction","target":{"@type":"EntryPoint","urlTemplate":"https:\/\/wobronietradycjiiwiary.com\/pl\/?s={search_term_string}"},"query-input":{"@type":"PropertyValueSpecification","valueRequired":true,"valueName":"search_term_string"}}],"inLanguage":"pl-PL"},{"@type":"Organization","@id":"https:\/\/wobronietradycjiiwiary.com\/pl\/#organization","name":"Tradycja i Wiara","url":"https:\/\/wobronietradycjiiwiary.com\/pl\/","logo":{"@type":"ImageObject","inLanguage":"pl-PL","@id":"https:\/\/wobronietradycjiiwiary.com\/pl\/#\/schema\/logo\/image\/","url":"https:\/\/i0.wp.com\/wobronietradycjiiwiary.com\/wp-content\/uploads\/2015\/10\/cropped-st-peters-dome-vatican.jpg?fit=940%2C198&ssl=1","contentUrl":"https:\/\/i0.wp.com\/wobronietradycjiiwiary.com\/wp-content\/uploads\/2015\/10\/cropped-st-peters-dome-vatican.jpg?fit=940%2C198&ssl=1","width":940,"height":198,"caption":"Tradycja i Wiara"},"image":{"@id":"https:\/\/wobronietradycjiiwiary.com\/pl\/#\/schema\/logo\/image\/"},"sameAs":["https:\/\/www.facebook.com\/Tradycja-i-Wiara-108813920592249"]},{"@type":"Person","@id":"https:\/\/wobronietradycjiiwiary.com\/pl\/#\/schema\/person\/2d6180ce6abcb681fef0daab7816e8f3","name":"Traditio et Fides","sameAs":["https:\/\/traditionundglauben.com"],"url":"https:\/\/wobronietradycjiiwiary.com\/pl\/author\/wobronietradycjiiwiary\/"}]}},"jetpack_publicize_connections":[],"jetpack_sharing_enabled":true,"jetpack_likes_enabled":true,"jetpack_shortlink":"https:\/\/wp.me\/pc04Sd-w7S","jetpack-related-posts":[{"id":14252,"url":"https:\/\/wobronietradycjiiwiary.com\/pl\/wprowadzenie-do-cyklu-kosciol-i-asmodeusz-don-pietro-leone-b-1-z-7-zycie-dziecko-i-metoda-naturalna\/","url_meta":{"origin":123496,"position":0},"title":"Wprowadzenie do cyklu \u201eKo\u015bci\u00f3\u0142 i Asmodeusz\u201d Don Pietro Leone. B. (1 z 7) \u017bycie, dziecko i metoda\u00a0naturalna \u00a0","author":"Traditio et Fides","date":"30 czerwca 2017","format":false,"excerpt":"Czy w katolicyzmie chodzi o dziecko lub o katolickiej antykoncepcji Marsjanin lub inny kosmita przeniesiony na pewien czas na ziemi\u0119 i zdany wy\u0142\u0105cznie na obserwacj\u0119 prasy katolickiej, organizacji katolickich oraz takich oddolnych przesi\u0119wzi\u0119\u0107 jak blogi czy gloria.tv zapytany, o co w sumie w katolicyzmie chodzi, odrzek\u0142by, \u017ce o dziecko oraz\u2026","rel":"","context":"W \u201e\"Naturalna\" metoda planowania rodziny&quot;","block_context":{"text":"\"Naturalna\" metoda planowania rodziny","link":"https:\/\/wobronietradycjiiwiary.com\/pl\/category\/doktryna\/teologia-moralna\/malzenstwo\/stosunki-seksualne-w-malzenstwie\/naturalna-metoda-planowania-rodziny\/"},"img":{"alt_text":"enhanced-buzz-23785-1458319648-8","src":"https:\/\/wobronietradycjiiwiaryblog.files.wordpress.com\/2017\/06\/enhanced-buzz-23785-1458319648-8.jpg?w=350&h=200&crop=1","width":350,"height":200},"classes":[]},{"id":22095,"url":"https:\/\/wobronietradycjiiwiary.com\/pl\/wprowadzenie-do-cyklu-kosciol-i-asmodeusz-don-pietro-leone-b-1-z-zycie-dziecko-i-metoda-naturalna\/","url_meta":{"origin":123496,"position":1},"title":"Wprowadzenie do cyklu \u201eKo\u015bci\u00f3\u0142 i Asmodeusz\u201d Don Pietro Leone. B. (1 z 7)  \u017bycie, dziecko i metoda naturalna","author":"Traditio et Fides","date":"30 czerwca 2017","format":false,"excerpt":"Czy w katolicyzmie chodzi o dziecko lub o katolickiej antykoncepcji Marsjanin lub inny kosmita przeniesiony na pewien czas na ziemi\u0119 i zdany wy\u0142\u0105cznie na obserwacj\u0119 prasy katolickiej, organizacji katolickich oraz takich oddolnych przesi\u0119wzi\u0119\u0107 jak blogi czy gloria.tv zapytany, o co w sumie w katolicyzmie chodzi, odrzek\u0142by, \u017ce o dziecko oraz\u2026","rel":"","context":"W \u201e\"Naturalna\" metoda planowania rodziny&quot;","block_context":{"text":"\"Naturalna\" metoda planowania rodziny","link":"https:\/\/wobronietradycjiiwiary.com\/pl\/category\/doktryna\/teologia-moralna\/malzenstwo\/stosunki-seksualne-w-malzenstwie\/naturalna-metoda-planowania-rodziny\/"},"img":{"alt_text":"","src":"https:\/\/i0.wp.com\/wobronietradycjiiwiary.com\/wp-content\/uploads\/2017\/06\/enhanced-buzz-23785-1458319648-8.jpg?resize=350%2C200&ssl=1","width":350,"height":200},"classes":[]},{"id":151798,"url":"https:\/\/wobronietradycjiiwiary.com\/pl\/robert-l-kmita-naturalne-planowanie-rodziny-dlaczego-to-okreslenie-jest-bledne\/","url_meta":{"origin":123496,"position":2},"title":"Robert L. Kmita, &#8220;Naturalne planowanie rodziny&#8221;: dlaczego to okre\u015blenie jest b\u0142\u0119dne","author":"Traditio et Fides","date":"1 wrze\u015bnia 2025","format":false,"excerpt":"O tym, \u017ce \"naturalna\" metoda planowania rodziny naturalna nie jest.","rel":"","context":"W \u201e\"Naturalna\" metoda planowania rodziny&quot;","block_context":{"text":"\"Naturalna\" metoda planowania rodziny","link":"https:\/\/wobronietradycjiiwiary.com\/pl\/category\/doktryna\/teologia-moralna\/malzenstwo\/stosunki-seksualne-w-malzenstwie\/naturalna-metoda-planowania-rodziny\/"},"img":{"alt_text":"","src":"https:\/\/i0.wp.com\/wobronietradycjiiwiary.com\/wp-content\/uploads\/2025\/09\/family.jpg?resize=350%2C200&ssl=1","width":350,"height":200,"srcset":"https:\/\/i0.wp.com\/wobronietradycjiiwiary.com\/wp-content\/uploads\/2025\/09\/family.jpg?resize=350%2C200&ssl=1 1x, https:\/\/i0.wp.com\/wobronietradycjiiwiary.com\/wp-content\/uploads\/2025\/09\/family.jpg?resize=525%2C300&ssl=1 1.5x"},"classes":[]},{"id":14380,"url":"https:\/\/wobronietradycjiiwiary.com\/pl\/wprowadzenie-do-cyklu-kosciol-i-asmodeusz-don-pietro-leone-b-7-z-7-wspolzycie-w-okresie-nieplodnym-orzeczenia-kosciola-iv\/","url_meta":{"origin":123496,"position":3},"title":"Wprowadzenie do cyklu \u201eKo\u015bci\u00f3\u0142 i Asmodeusz\u201d Don Pietro Leone. B. (7 z 7) Wsp\u00f3\u0142\u017cycie w okresie niep\u0142odnym. Orzeczenia Ko\u015bcio\u0142a\u00a0(iv) \u00a0","author":"Traditio et Fides","date":"21 lipca 2017","format":false,"excerpt":"\u00a01 Vote Humanae Vitae Wracaj\u0105c teraz do chronologicznej kolejno\u015bci przytoczymy po\u00a0Gaudium et Spes(1965) fragment\u00a0Humanae vitae\u00a0(1968) dotycz\u0105cy wsp\u00f3\u0142\u017cycia w okresie niep\u0142odnym: [...] Jest to niestety fragment wewn\u0119trznie sprzeczny, gdy\u017c: zapobiega\u0107 pocz\u0119ciu wsp\u00f3\u0142\u017cyj\u0105c w okresie niep\u0142odno\u015bci wolno, zapobiega\u0107 pocz\u0119ciu wsp\u00f3\u0142\u017cyj\u0105c przy zastosowaniu \u015brodk\u00f3w antykoncepcyjnych nie wolno. Ale przecie\u017c cel: zapobie\u017cenie pocz\u0119ciu jest\u2026","rel":"","context":"W \u201eDon Pietro Leone&quot;","block_context":{"text":"Don Pietro Leone","link":"https:\/\/wobronietradycjiiwiary.com\/pl\/category\/polemika\/autorzy-polemiczni\/don-pietro-leone\/"},"img":{"alt_text":"enhanced-buzz-23785-1458319648-8","src":"https:\/\/wobronietradycjiiwiaryblog.files.wordpress.com\/2017\/06\/enhanced-buzz-23785-1458319648-8.jpg?w=350&h=200&crop=1","width":350,"height":200},"classes":[]},{"id":22099,"url":"https:\/\/wobronietradycjiiwiary.com\/pl\/hanna-malzenstwo-po-katolicku-czyli-co-zamiast-naturalnej-planowania-rodziny\/","url_meta":{"origin":123496,"position":4},"title":"Hanna: Ma\u0142\u017ce\u0144stwo po katolicku, czyli co zamiast Naturalnej Metody Planowania Rodziny?","author":"Hanna","date":"25 lipca 2017","format":false,"excerpt":"O wsp\u00f3\u0142\u017cyciu, dzietno\u015bci i mankamentach \"naturalnej\" metody planowania rodziny.","rel":"","context":"W \u201e\"Naturalna\" metoda planowania rodziny&quot;","block_context":{"text":"\"Naturalna\" metoda planowania rodziny","link":"https:\/\/wobronietradycjiiwiary.com\/pl\/category\/doktryna\/teologia-moralna\/malzenstwo\/stosunki-seksualne-w-malzenstwie\/naturalna-metoda-planowania-rodziny\/"},"img":{"alt_text":"","src":"https:\/\/i0.wp.com\/wobronietradycjiiwiary.com\/wp-content\/uploads\/2017\/07\/holy-family-2.jpg?resize=350%2C200&ssl=1","width":350,"height":200,"srcset":"https:\/\/i0.wp.com\/wobronietradycjiiwiary.com\/wp-content\/uploads\/2017\/07\/holy-family-2.jpg?resize=350%2C200&ssl=1 1x, https:\/\/i0.wp.com\/wobronietradycjiiwiary.com\/wp-content\/uploads\/2017\/07\/holy-family-2.jpg?resize=525%2C300&ssl=1 1.5x, https:\/\/i0.wp.com\/wobronietradycjiiwiary.com\/wp-content\/uploads\/2017\/07\/holy-family-2.jpg?resize=700%2C400&ssl=1 2x"},"classes":[]},{"id":151831,"url":"https:\/\/wobronietradycjiiwiary.com\/pl\/naturalna-metoda-nie-jest-naturalna\/","url_meta":{"origin":123496,"position":5},"title":"&#8220;Naturalna&#8221; metoda nie jest naturalna","author":"Traditio et Fides","date":"1 wrze\u015bnia 2025","format":false,"excerpt":"O nienaturalno\u015bci metody \"naturalnej\".","rel":"","context":"W \u201e\"Naturalna\" metoda planowania rodziny&quot;","block_context":{"text":"\"Naturalna\" metoda planowania rodziny","link":"https:\/\/wobronietradycjiiwiary.com\/pl\/category\/doktryna\/teologia-moralna\/malzenstwo\/stosunki-seksualne-w-malzenstwie\/naturalna-metoda-planowania-rodziny\/"},"img":{"alt_text":"","src":"https:\/\/i0.wp.com\/wobronietradycjiiwiary.com\/wp-content\/uploads\/2025\/09\/1600x900-Family-Tip-13-The-Art-of-Catholic-Storytelling.jpg?resize=350%2C200&ssl=1","width":350,"height":200,"srcset":"https:\/\/i0.wp.com\/wobronietradycjiiwiary.com\/wp-content\/uploads\/2025\/09\/1600x900-Family-Tip-13-The-Art-of-Catholic-Storytelling.jpg?resize=350%2C200&ssl=1 1x, https:\/\/i0.wp.com\/wobronietradycjiiwiary.com\/wp-content\/uploads\/2025\/09\/1600x900-Family-Tip-13-The-Art-of-Catholic-Storytelling.jpg?resize=525%2C300&ssl=1 1.5x, https:\/\/i0.wp.com\/wobronietradycjiiwiary.com\/wp-content\/uploads\/2025\/09\/1600x900-Family-Tip-13-The-Art-of-Catholic-Storytelling.jpg?resize=700%2C400&ssl=1 2x, https:\/\/i0.wp.com\/wobronietradycjiiwiary.com\/wp-content\/uploads\/2025\/09\/1600x900-Family-Tip-13-The-Art-of-Catholic-Storytelling.jpg?resize=1050%2C600&ssl=1 3x, https:\/\/i0.wp.com\/wobronietradycjiiwiary.com\/wp-content\/uploads\/2025\/09\/1600x900-Family-Tip-13-The-Art-of-Catholic-Storytelling.jpg?resize=1400%2C800&ssl=1 4x"},"classes":[]}],"amp_enabled":true,"jetpack_featured_media_url":"https:\/\/wobronietradycjiiwiary.com\/wp-content\/uploads\/2024\/10\/cardinal-richelieu.jpg","_links":{"self":[{"href":"https:\/\/wobronietradycjiiwiary.com\/pl\/wp-json\/wp\/v2\/posts\/123496","targetHints":{"allow":["GET"]}}],"collection":[{"href":"https:\/\/wobronietradycjiiwiary.com\/pl\/wp-json\/wp\/v2\/posts"}],"about":[{"href":"https:\/\/wobronietradycjiiwiary.com\/pl\/wp-json\/wp\/v2\/types\/post"}],"author":[{"embeddable":true,"href":"https:\/\/wobronietradycjiiwiary.com\/pl\/wp-json\/wp\/v2\/users\/60508433"}],"replies":[{"embeddable":true,"href":"https:\/\/wobronietradycjiiwiary.com\/pl\/wp-json\/wp\/v2\/comments?post=123496"}],"version-history":[{"count":61,"href":"https:\/\/wobronietradycjiiwiary.com\/pl\/wp-json\/wp\/v2\/posts\/123496\/revisions"}],"predecessor-version":[{"id":159165,"href":"https:\/\/wobronietradycjiiwiary.com\/pl\/wp-json\/wp\/v2\/posts\/123496\/revisions\/159165"}],"wp:featuredmedia":[{"embeddable":true,"href":"https:\/\/wobronietradycjiiwiary.com\/pl\/wp-json\/wp\/v2\/media\/123542"}],"wp:attachment":[{"href":"https:\/\/wobronietradycjiiwiary.com\/pl\/wp-json\/wp\/v2\/media?parent=123496"}],"wp:term":[{"taxonomy":"category","embeddable":true,"href":"https:\/\/wobronietradycjiiwiary.com\/pl\/wp-json\/wp\/v2\/categories?post=123496"},{"taxonomy":"post_tag","embeddable":true,"href":"https:\/\/wobronietradycjiiwiary.com\/pl\/wp-json\/wp\/v2\/tags?post=123496"}],"curies":[{"name":"wp","href":"https:\/\/api.w.org\/{rel}","templated":true}]}}