{"id":121813,"date":"2024-10-22T08:15:57","date_gmt":"2024-10-22T06:15:57","guid":{"rendered":"https:\/\/wobronietradycjiiwiary.com\/?p=121813"},"modified":"2025-02-10T11:14:33","modified_gmt":"2025-02-10T10:14:33","slug":"22-go-pazdziernika-zywot-swietego-gallusa-opata-2-2-2","status":"publish","type":"post","link":"https:\/\/wobronietradycjiiwiary.com\/pl\/22-go-pazdziernika-zywot-swietego-gallusa-opata-2-2-2\/","title":{"rendered":"22-go Pa\u017adziernika. \u017bywot \u015bwi\u0119tego Gallusa, Opata."},"content":{"rendered":"<div id=\"bsf_rt_marker\"><\/div>\n<p class=\"has-text-align-center wp-block-paragraph\">(\u017by\u0142 oko\u0142o roku Pa\u0144skiego 646).<\/p>\n\n\n\n<figure class=\"wp-block-image\"><a href=\"https:\/\/pl.wikisource.org\/wiki\/Plik:%C5%BBywoty_%C5%9Bw._Pa%C5%84skich_na_wszystkie_dnie_roku-Inicja%C5%82-W.png\"><img decoding=\"async\" src=\"https:\/\/upload.wikimedia.org\/wikipedia\/commons\/thumb\/8\/8f\/%C5%BBywoty_%C5%9Bw._Pa%C5%84skich_na_wszystkie_dnie_roku-Inicja%C5%82-W.png\/75px-%C5%BBywoty_%C5%9Bw._Pa%C5%84skich_na_wszystkie_dnie_roku-Inicja%C5%82-W.png\" alt=\"W\"\/><\/a><\/figure>\n\n\n\n<p class=\"has-text-align-justify wp-block-paragraph\">Wdzi\u0119czno\u015b\u0107, powinna cze\u015b\u0107 i uwielbienie nie pozwalaj\u0105 nam w dniu dzisiejszym pomin\u0105\u0107 wysokich zas\u0142ug \u015bwi\u0119tego Gallusa, Za\u0142o\u017cyciela s\u0142ynnego klasztoru St. Gallen, kt\u00f3ry skarbami cnoty, nauki i sztuki \u017cywi\u0142 i wzbogaca\u0142 p\u00f3\u0142 Europy przez dziesi\u0119\u0107 wiek\u00f3w. Wielki ten s\u0142uga Bo\u017cy by\u0142 potomkiem znakomitej rodziny irlandzkiej, pobiera\u0142 nauk\u0119 w klasztorze Benchor pod sterem \u015bwi\u0119tego Kolumbana i jako kap\u0142an-zakonnik towarzyszy\u0142 swemu nauczycielowi z jedenastu bra\u0107mi do Gallii. Podziela\u0142 wiernie losy swego duchownego przewodnika, przebywa\u0142 z nim razem w Lukseuil, zosta\u0142 z nim wygnany z Burgundyi i przeni\u00f3s\u0142 si\u0119 do wschodniej Szwajcaryi. Obaj siedli na po\u0142udniowej kraw\u0119dzi jeziora zurychskiego pod miasteczkiem Tuggen, aby tamtejszym poganom g\u0142osi\u0107 Ewangeli\u0119, ale nie znale\u017ali pos\u0142uchu. W \u015bwi\u0119tym zapale powrzuca\u0142 Gallus ich bo\u017cyszcza w jezioro, popali\u0142 ich drewniane b\u00f3\u017anice, co tak rozgniewa\u0142o Helwet\u00f3w, \u017ce sponiewierali misyonarzy i zmusili ich do szukania ocalenia w ucieczce. Przyj\u0119ci go\u015bcinnie przez proboszcza Arbo\u0144skiego Willimara, wystawili za jego pomoc\u0105 kilka cel pod Bregency\u0105 i tym sposobem dali pierwszy pocz\u0105tek klasztorowi Mehrerau. Poniewa\u017c jednak ta ziemia dosta\u0142a si\u0119 pod w\u0142adz\u0119 kr\u00f3la burgundzkiego Teodoryka, kt\u00f3ry by\u0142 wrogiem \u015bwi\u0119tego Kolumbana, uwa\u017ca\u0142 ten\u017ce za konieczno\u015b\u0107 wynie\u015b\u0107 si\u0119 z braci\u0105 zakonn\u0105 do W\u0142och. Gallus zapad\u0142 by\u0142 na febr\u0119 i musia\u0142 pozosta\u0107 w Arbonie, gdzie pod opiek\u0105 dwu duchownych, Magnusa i Teodora, szcz\u0119\u015bliwie odzyska\u0142 zdrowie.<br>\u2009Aby dalej wie\u015b\u0107 \u017cycie samotne, wyszuka\u0142 Gallus pod przewodem Hildebarda, dyakona parafii Arbo\u0144skiej stosown\u0105 ustro\u0144 i znalaz\u0142 j\u0105 na wy\u017cynach, gdzie rzeczka Steinach staczaj\u0105c si\u0119 z wysokiej ska\u0142y, tworzy pi\u0119kny wodospad. Tu ukl\u0105k\u0142 i prosi\u0142 Boga, aby mu pozwoli\u0142 w tem miejscu wystawi\u0107 dom po\u015bwi\u0119cony Swej czci i chwale. Nast\u0119pnie wr\u00f3ci\u0142 do Arbony, aby po\u017cegna\u0107 proboszcza i zabra\u0107 z sob\u0105 swych uczni\u00f3w Magnusa i Teodora. Wtem pojawia si\u0119 goniec ksi\u0119cia Alleman\u00f3w Gunzona z pro\u015bb\u0105 przed Willimarem, aby z Gallusem si\u0119 stawi\u0142 na dworze jego pana w Ueberdingen, gdy\u017c c\u00f3rka jego op\u0119tana przez z\u0142ego ducha, tarza si\u0119 po pod\u0142odze ze spienionemi usty i tak silnie si\u0119 szamoce, \u017ce czterech m\u0119\u017cczyzn nie mo\u017ce jej utrzyma\u0107. Pokorny Gallus nie chcia\u0142 towarzyszy\u0107 Willimarowi, lecz po\u015bpieszy\u0142 z Magnusem i Teodorem do pustelni nad rzek\u0105 Steinach i ukry\u0142 si\u0119 w lesie Sennewaldzkim, gdzie go przyj\u0105\u0142 go\u015bcinnie Jan, dyakon. Ulegaj\u0105c wreszcie usilnym pro\u015bbom strapionego ksi\u0119cia, uda\u0142 si\u0119 do\u0144, uzdrawiaj\u0105c chor\u0105 zapomoc\u0105 modlitwy i k\u0142adzenia r\u0105k. Gunzon obdarzy\u0142 go hojnie i kaza\u0142 hrabiemu Arbonu dopom\u00f3dz mu w wystawieniu celi.<\/p>\n\n\n\n<p class=\"has-text-align-justify wp-block-paragraph\"><br>\u2009W roku 615 zebra\u0142o si\u0119 w Konstancyi kilku Biskup\u00f3w, wielu kap\u0142an\u00f3w i \u015bwieckich, aby osieroconemu ko\u015bcio\u0142owi da\u0107 nowego Biskupa. Na osobne zaproszenie Gunzona stawi\u0142 si\u0119 tak\u017ce Gallus wraz z Magnusem i Janem dyakonem. Wszystkie g\u0142osy pad\u0142y na\u00a0Gallusa, jako m\u0119\u017ca mi\u0142ego Bogu, maj\u0105cego w tych stronach wielkie znaczenie, oczytanego w Pi\u015bmie \u015bwi\u0119tem, m\u0105drego, sprawiedliwego, nieskalanego i szczodrobliwego ojca wd\u00f3w i sierot. Gallus jednak o\u015bwiadczy\u0142: \u201eCo m\u00f3wicie, jest dobre, gdyby tylko by\u0142o prawd\u0105. Pomnijcie na to, \u017ce prawo ko\u015bcielne zakazuje wybiera\u0107 cudzoziemca na Biskupa; ale ot\u00f3\u017c macie przed sob\u0105 Jana dyakona. On jest synem tej ziemi i posiada wszystkie przez was wymienione przymioty.\u201c Za rad\u0105 te\u017c jego wybrano Jana i wy\u015bwi\u0119cono, a Gallus przem\u00f3wi\u0142 do wyborc\u00f3w tak przekonywaj\u0105co, i\u017c wszyscy ze wzruszeniem zawo\u0142ali: \u201eDuch Bo\u017cy odezwa\u0142 si\u0119 z ust tego m\u0119\u017ca.\u201c Gallus wr\u00f3ci\u0142 do swej pustelni, dro\u017cszej mu od godno\u015bci Biskupiej.<\/p>\n\n\n\n<p class=\"has-text-align-justify wp-block-paragraph\">\u2009R\u0105czo tedy przyst\u0105pi\u0142 do dzie\u0142a wraz z bra\u0107mi, kt\u00f3rych liczba znacznie wzros\u0142a, aby sobie urz\u0105dzi\u0107 nowe miejsce pobytu. Po nocnym ch\u00f3rze wychodzili razem do dziewiczego lasu, aby \u015bcina\u0107 odwieczne drzewa, odstrasza\u0107 dzikie zwierz\u0119ta, spulchnia\u0107 twardy grunt, kopa\u0107 rowy, stawia\u0107 groble i nie spocz\u0105\u0107, p\u00f3ki nie dokonaj\u0105 zamierzonego dzie\u0142a. Wtem pojawili si\u0119 w roku 625 zakonnicy z Lukseuil ze smutn\u0105 nowin\u0105, \u017ce Opat Eustazy umar\u0142, i b\u0142agali Gallusa, aby zaj\u0105\u0142 jego miejsce. Gallus nie przyj\u0105\u0142 ofiarowanej godno\u015bci i pozosta\u0142 przy braci zakonnej, kt\u00f3r\u0105 wed\u0142ug regu\u0142y \u015bw. Kolumbana rz\u0105dzi\u0142 z \u0142agodno\u015bci\u0105 i powag\u0105 ojcowsk\u0105. Po kilku latach stan\u0105\u0142 w tym ustroniu \u0142adny klasztor, przybytek pokoju, gdzie lud okoliczny lubi\u0142 si\u0119 zbiera\u0107, szukaj\u0105c rady i pomocy w potrzebach materyalnych i duchowych. Niestrudzony Gallus g\u0142osi\u0142 Ewangeli\u0119 nad Renem i po obu stronach jeziora Bode\u0144skiego, zyskuj\u0105c coraz wi\u0119cej dusz dla Nieba. Niweczy\u0142 ostatnie szcz\u0105tki poga\u0144stwa, co mu si\u0119 udawa\u0142o tem \u0142atwiej, \u017ce powszechnie uchodzi\u0142 za cudotw\u00f3rc\u0119.<\/p>\n\n\n\n<p class=\"has-text-align-justify wp-block-paragraph\"><br>\u2009Doszed\u0142 do 95-go roku \u017cycia i na nim zi\u015bci\u0142o si\u0119 te\u017c przys\u0142owie: \u201eJakie \u017cycie, taka \u015bmier\u0107.\u201c \u015amier\u0107 go spotka\u0142a w\u015br\u00f3d pracy oko\u0142o czci Bo\u017cej i zbawienia dusz. Przyjaciel i wielbiciel jego Willimar prosi\u0142 go, aby w dniu uroczysto\u015bci \u015bwi\u0119tego Micha\u0142a powiedzia\u0142 w Arbonie kazanie wobec licznie zgromadzonych wiernych.<\/p>\n\n\n\n<p class=\"has-text-align-justify wp-block-paragraph\"><br>\u2009W dniu oznaczonym przyby\u0142 czcigodny starzec do Arbony ze s\u0142owem Bo\u017cem i powiedzia\u0142 kazanie, niestety ostatnie w swem \u017cyciu. Zapad\u0142 bowiem natychmiast na gor\u0105czk\u0119, kt\u00f3ra reszt\u0119 si\u0142 jego strawi\u0142a; skona\u0142 dnia 16-go pa\u017adziernika. Drogie jego zw\u0142oki odprowadzi\u0142y liczne rzesze ludu do klasztoru i z\u0142o\u017cy\u0142y je w grobach ko\u015bcielnych. Nad mogi\u0142\u0105 jego dzia\u0142o si\u0119 tyle cud\u00f3w, \u017ce miejsce to wkr\u00f3tce zwiedza\u0107 pocz\u0119\u0142y t\u0142umy pielgrzym\u00f3w.<\/p>\n\n\n\n<h3 class=\"wp-block-heading\"><br><strong>Nauka moralna.<\/strong><\/h3>\n\n\n\n<p class=\"wp-block-paragraph\"><\/p>\n\n\n\n<p class=\"has-text-align-justify wp-block-paragraph\">\u2009Szcz\u0119\u015bliwymi godzi si\u0119 nazwa\u0107 tych, co wiernie s\u0142u\u017c\u0105 Bogu. Staraj\u0105c si\u0119 \u017cy\u0107 wed\u0142ug woli Bo\u017cej, dbaj\u0105 o swoje i swych bli\u017anich zbawienie, osi\u0105gaj\u0105 cel swego pobytu na ziemi w spos\u00f3b najw\u0142a\u015bciwszy, Bogu najmilszy, a dla siebie najkorzystniejszy; ale wr\u00f3\u0107my do \u015bw. Gallusa i jego fundacyi. Po \u015bmierci \u015bw. Opata uczniowie jego dalej prowadzili\u00a0rozpocz\u0119te przez niego dzie\u0142o. Wzbogaceni licznemi darowiznami, zamienili ubo\u017cuchn\u0105 jego cel\u0119 na wspania\u0142e opactwo, obejmuj\u0105ce ko\u015bci\u00f3\u0142 i rozleg\u0142y klasztor. Naoko\u0142o klasztoru osiadali okoliczni mieszka\u0144cy, a z tych ma\u0142ych pocz\u0105tk\u00f3w powsta\u0142a ludna wie\u015b, a p\u00f3\u017aniej tera\u017aniejsze miasto St. Gallen. Klasztor by\u0142 przybytkiem sztuk i nauk, kt\u00f3remi si\u0119 zajmowali ksi\u0119\u017ca i braciszkowie, rz\u0105dz\u0105cy si\u0119 regu\u0142\u0105 \u015bwi\u0119tego Benedykta. Braciszkowie byli rze\u017abiarzami i malarzami, wyrabiali jedwabne i aksamitne ornaty, przetykane z\u0142otem i srebrem, przepisywali ksi\u0105\u017cki, zdobne pi\u0119knemi malowid\u0142ami. Ksi\u0119\u017ca zajmowali si\u0119 nauk\u0105 i kszta\u0142cili j\u0119zyk, spoczywaj\u0105cy pod\u00f3wczas jeszcze w zarodku. Wielu z nich by\u0142o s\u0142ynnymi teologami, inni znali si\u0119 gruntownie na muzyce i astronomii, drudzy ws\u0142awili si\u0119 darem poezyi i wymowy, uczyli m\u0142odzie\u017c, zbiegaj\u0105c\u0105 si\u0119 do nich ze wszystkich stron \u015bwiata \u0142aciny i greczyzny. Klasztor by\u0142 ogniskiem, z kt\u00f3rego promienie \u015bwiat\u0142a rozchodzi\u0142y si\u0119 daleko i szeroko. Szko\u0142y klasztorne mia\u0142y rozg\u0142o\u015bn\u0105 s\u0142aw\u0119, a zakonnik\u00f3w powo\u0142ywano w odleg\u0142e strony do zak\u0142adania klasztor\u00f3w benedykty\u0144skich. Dzia\u0142ania tego przes\u0142awnego opactwa by\u0142y b\u0142ogie i wielce obfite w owoce.<br><\/p>\n\n\n\n<h3 class=\"wp-block-heading\"><strong>Modlitwa.<\/strong><\/h3>\n\n\n\n<blockquote class=\"wp-block-quote is-layout-flow wp-block-quote-is-layout-flow\"><p>\u2009Bo\u017ce wszechmog\u0105cy, prosimy Ci\u0119 za przyczyn\u0105 \u015bwi\u0119tego Gallusa, a\u017ceby wiara, kt\u00f3r\u0105 on wszczepi\u0142 w serca wsp\u00f3\u0142czesnych, nie wygas\u0142a w ich praprawnukach. Niechaj id\u0105 za przyk\u0142adem tego \u015awi\u0119tego, a staraj\u0105c si\u0119 o Tw\u0105 \u0142ask\u0119, niech ko\u0144cz\u0105 ten \u017cywot doczesny w nadziei wiekuistej nagrody, kt\u00f3r\u0105 przyobieca\u0142e\u015b wszystkim tym, co Ci wiernie s\u0142u\u017c\u0105. Przez Pana naszego Jezusa Chrystusa, kt\u00f3ry kr\u00f3luje w Niebie i na ziemi. Amen.<\/p><\/blockquote>\n\n\n\n<p class=\"has-text-align-justify wp-block-paragraph\"><em>Opr\u00f3cz tego obchodzi Ko\u015bci\u00f3\u0142 \u015bwi\u0119ty pami\u0105tk\u0119 nast\u0119puj\u0105cych \u015awi\u0119tych Pa\u0144skich, zamieszczonych w rzymskiem martyrologium:<\/em><\/p>\n\n\n\n<p class=\"has-text-align-justify wp-block-paragraph\">\u2009<strong>Dnia 22-go pa\u017adziernika<\/strong>&nbsp;w Jerozolimie m\u0119cze\u0144stwo \u015bw.&nbsp;Marka, Biskupa, kt\u00f3ry odznaczy\u0142 si\u0119 cnot\u0105 i uczono\u015bci\u0105 a jako pierwszy chrze\u015bcijanin tego\u017c miasta otrzyma\u0142 godno\u015b\u0107 Biskupi\u0105. Ze cesarza Antonina osi\u0119gn\u0105\u0142 palm\u0119 m\u0119cze\u0144stwa. \u2014 W Adryanopolu w Tracyi \u015bmier\u0107 m\u0119cze\u0144ska \u015bw.&nbsp;Filipa, Biskupa, \u015bw.&nbsp;Sewera, Kap\u0142ana, i \u015bw.&nbsp;Euzebiusza i Hermesa, kt\u00f3rzy za odst\u0119pczego Juliana po m\u0119kach wi\u0119ziennych i biczowaniu skazani zostali na \u015bmier\u0107 ogniow\u0105. \u2014 R\u00f3wnie\u017c m\u0119cze\u0144stwo \u015bwi\u0119tego&nbsp;Aleksandra, Biskupa, \u015bw.&nbsp;Herakliusza, \u017bo\u0142nierza i&nbsp;ich towarzyszy. \u2014 W Fermo w Marchiach pami\u0105tka \u015bw.&nbsp;Filipa, Biskupa. \u2014 W Hueska w Hiszpanii \u015bmier\u0107 m\u0119cze\u0144ska \u015bw.&nbsp;Numilo i Alodyi, Si\u00f3str i Dziewic, co przez Saracen\u00f3w stracone zosta\u0142y za sw\u0105 wiar\u0119. \u2014 Pod Koloni\u0105 uroczysto\u015b\u0107 \u015bw.&nbsp;Korduli, towarzyszki \u015bw. Urszuli; z pocz\u0105tku przestraszona m\u0119cze\u0144stwem i \u015bmierci\u0105 innych, ukrywa\u0142a si\u0119; lecz dnia nast\u0119pnego dobrowolnie i m\u0119\u017cnie stawi\u0142a si\u0119 przed barbarzy\u0144c\u00f3w i jako ostatnia z owej gromady Dziewic zosta\u0142a ozdobiona koron\u0105 zwyci\u0119stwa. \u2014 W Hierapolis we Frygii pami\u0105tka \u015bw.&nbsp;Abercyusza, \u017cyj\u0105cego za czas\u00f3w cesarza Marka Antonina. \u2014 W Rouen uroczysto\u015b\u0107 \u015bw.&nbsp;Melaniusza, Biskupa, kt\u00f3rego Papie\u017c \u015bw. Stefan wy\u015bwi\u0119ci\u0142 na Biskupa i pos\u0142a\u0142 do Francyi dla g\u0142oszenia Ewangelii. \u2014 W Toskanii uroczysto\u015b\u0107 \u015bw.&nbsp;Donata Scota, Biskupa z Fiesoli. \u2014 W Weronie uroczysto\u015b\u0107 \u015bw.&nbsp;Weremunda, Biskupa i Wyznawcy. \u2014 W Jerozolimie pami\u0105tka \u015bw.&nbsp;Maryi Salome, kt\u00f3ra wed\u0142ug podania Ewangelii opiekowa\u0142a si\u0119 zw\u0142okami Pana Jezusa.<\/p>\n","protected":false},"excerpt":{"rendered":"<p>Miasto St. Gallen pochodzi od \u015bw. Gallusa, kt\u00f3ry wybra\u0142 je sobie na miejsce wygnania. Nic nie pozostaje wolne od dzia\u0142ania Bo\u017cej Opatrzno\u015bci.<\/p>\n","protected":false},"author":60508433,"featured_media":38413,"comment_status":"open","ping_status":"open","sticky":false,"template":"","format":"standard","meta":{"_bbp_topic_count":0,"_bbp_reply_count":0,"_bbp_total_topic_count":0,"_bbp_total_reply_count":0,"_bbp_voice_count":0,"_bbp_anonymous_reply_count":0,"_bbp_topic_count_hidden":0,"_bbp_reply_count_hidden":0,"_bbp_forum_subforum_count":0,"_editorskit_title_hidden":false,"_editorskit_reading_time":0,"_editorskit_is_block_options_detached":false,"_editorskit_block_options_position":"{}","_coblocks_attr":"","_coblocks_dimensions":"","_coblocks_responsive_height":"","_coblocks_accordion_ie_support":"","_exactmetrics_skip_tracking":false,"_jetpack_newsletter_access":"","_jetpack_dont_email_post_to_subs":false,"_jetpack_newsletter_tier_id":0,"_jetpack_memberships_contains_paywalled_content":false,"_wpcom_ai_launchpad_first_post":false,"_jetpack_feature_clip_id":0,"_jetpack_memberships_contains_paid_content":false,"footnotes":"","jetpack_publicize_message":"{title}\n\n{excerpt}\n\n{url}","jetpack_publicize_feature_enabled":true,"jetpack_social_post_already_shared":true,"jetpack_social_options":{"image_generator_settings":{"template":"highway","default_image_id":0,"font":"","enabled":false},"version":2},"_wpas_customize_per_network":false,"jetpack_post_was_ever_published":false},"categories":[610131825,610131184,336375535,610131268,610131155],"tags":[],"class_list":["post-121813","post","type-post","status-publish","format-standard","has-post-thumbnail","hentry","category-swieta-w-pazdzierniku","category-duchowosc","category-liturgia-i-liturgika","category-rok-liturgiczny","category-rozwazania"],"yoast_head":"<!-- This site is optimized with the Yoast SEO plugin v28.4 - https:\/\/yoast.com\/product\/yoast-seo-wordpress\/ -->\n<title>22-go Pa\u017adziernika. \u017bywot \u015bwi\u0119tego Gallusa, Opata. - Tradycja i Wiara<\/title>\n<meta name=\"robots\" content=\"index, follow, max-snippet:-1, max-image-preview:large, max-video-preview:-1\" \/>\n<link rel=\"canonical\" href=\"https:\/\/wobronietradycjiiwiary.com\/pl\/22-go-pazdziernika-zywot-swietego-gallusa-opata-2-2-2\/\" \/>\n<meta property=\"og:locale\" content=\"pl_PL\" \/>\n<meta property=\"og:type\" content=\"article\" \/>\n<meta property=\"og:title\" content=\"22-go Pa\u017adziernika. \u017bywot \u015bwi\u0119tego Gallusa, Opata. - Tradycja i Wiara\" \/>\n<meta property=\"og:description\" content=\"Miasto St. Gallen pochodzi od \u015bw. Gallusa, kt\u00f3ry wybra\u0142 je sobie na miejsce wygnania. Nic nie pozostaje wolne od dzia\u0142ania Bo\u017cej Opatrzno\u015bci.\" \/>\n<meta property=\"og:url\" content=\"https:\/\/wobronietradycjiiwiary.com\/pl\/22-go-pazdziernika-zywot-swietego-gallusa-opata-2-2-2\/\" \/>\n<meta property=\"og:site_name\" content=\"Tradycja i Wiara\" \/>\n<meta property=\"article:publisher\" content=\"https:\/\/www.facebook.com\/Tradycja-i-Wiara-108813920592249\" \/>\n<meta property=\"article:published_time\" content=\"2024-10-22T06:15:57+00:00\" \/>\n<meta property=\"article:modified_time\" content=\"2025-02-10T10:14:33+00:00\" \/>\n<meta property=\"og:image\" content=\"https:\/\/wobronietradycjiiwiary.com\/wp-content\/uploads\/2020\/10\/Gallus5.jpg\" \/>\n\t<meta property=\"og:image:width\" content=\"987\" \/>\n\t<meta property=\"og:image:height\" content=\"1131\" \/>\n\t<meta property=\"og:image:type\" content=\"image\/jpeg\" \/>\n<meta name=\"author\" content=\"Traditio et Fides\" \/>\n<meta name=\"twitter:card\" content=\"summary_large_image\" \/>\n<meta name=\"twitter:label1\" content=\"Napisane przez\" \/>\n\t<meta name=\"twitter:data1\" content=\"Traditio et Fides\" \/>\n\t<meta name=\"twitter:label2\" content=\"Szacowany czas czytania\" \/>\n\t<meta name=\"twitter:data2\" content=\"8 minut\" \/>\n<script type=\"application\/ld+json\" class=\"yoast-schema-graph\">{\"@context\":\"https:\\\/\\\/schema.org\",\"@graph\":[{\"@type\":\"Article\",\"@id\":\"https:\\\/\\\/wobronietradycjiiwiary.com\\\/22-go-pazdziernika-zywot-swietego-gallusa-opata-2-2-2\\\/#article\",\"isPartOf\":{\"@id\":\"https:\\\/\\\/wobronietradycjiiwiary.com\\\/22-go-pazdziernika-zywot-swietego-gallusa-opata-2-2-2\\\/\"},\"author\":{\"name\":\"Traditio et Fides\",\"@id\":\"https:\\\/\\\/wobronietradycjiiwiary.com\\\/pl\\\/#\\\/schema\\\/person\\\/2d6180ce6abcb681fef0daab7816e8f3\"},\"headline\":\"22-go Pa\u017adziernika. \u017bywot \u015bwi\u0119tego Gallusa, Opata.\",\"datePublished\":\"2024-10-22T06:15:57+00:00\",\"dateModified\":\"2025-02-10T10:14:33+00:00\",\"mainEntityOfPage\":{\"@id\":\"https:\\\/\\\/wobronietradycjiiwiary.com\\\/22-go-pazdziernika-zywot-swietego-gallusa-opata-2-2-2\\\/\"},\"wordCount\":1593,\"commentCount\":0,\"publisher\":{\"@id\":\"https:\\\/\\\/wobronietradycjiiwiary.com\\\/pl\\\/#organization\"},\"image\":{\"@id\":\"https:\\\/\\\/wobronietradycjiiwiary.com\\\/22-go-pazdziernika-zywot-swietego-gallusa-opata-2-2-2\\\/#primaryimage\"},\"thumbnailUrl\":\"https:\\\/\\\/wobronietradycjiiwiary.com\\\/wp-content\\\/uploads\\\/2020\\\/10\\\/Gallus5.jpg\",\"articleSection\":[\"10. \u015awi\u0119ta w pa\u017adzierniku\",\"Duchowo\u015b\u0107\",\"Liturgia i liturgika\",\"Rok liturgiczny\",\"Rozwa\u017cania liturgiczne\"],\"inLanguage\":\"pl-PL\",\"potentialAction\":[{\"@type\":\"CommentAction\",\"name\":\"Comment\",\"target\":[\"https:\\\/\\\/wobronietradycjiiwiary.com\\\/22-go-pazdziernika-zywot-swietego-gallusa-opata-2-2-2\\\/#respond\"]}]},{\"@type\":\"WebPage\",\"@id\":\"https:\\\/\\\/wobronietradycjiiwiary.com\\\/22-go-pazdziernika-zywot-swietego-gallusa-opata-2-2-2\\\/\",\"url\":\"https:\\\/\\\/wobronietradycjiiwiary.com\\\/22-go-pazdziernika-zywot-swietego-gallusa-opata-2-2-2\\\/\",\"name\":\"22-go Pa\u017adziernika. \u017bywot \u015bwi\u0119tego Gallusa, Opata. - Tradycja i Wiara\",\"isPartOf\":{\"@id\":\"https:\\\/\\\/wobronietradycjiiwiary.com\\\/pl\\\/#website\"},\"primaryImageOfPage\":{\"@id\":\"https:\\\/\\\/wobronietradycjiiwiary.com\\\/22-go-pazdziernika-zywot-swietego-gallusa-opata-2-2-2\\\/#primaryimage\"},\"image\":{\"@id\":\"https:\\\/\\\/wobronietradycjiiwiary.com\\\/22-go-pazdziernika-zywot-swietego-gallusa-opata-2-2-2\\\/#primaryimage\"},\"thumbnailUrl\":\"https:\\\/\\\/wobronietradycjiiwiary.com\\\/wp-content\\\/uploads\\\/2020\\\/10\\\/Gallus5.jpg\",\"datePublished\":\"2024-10-22T06:15:57+00:00\",\"dateModified\":\"2025-02-10T10:14:33+00:00\",\"breadcrumb\":{\"@id\":\"https:\\\/\\\/wobronietradycjiiwiary.com\\\/22-go-pazdziernika-zywot-swietego-gallusa-opata-2-2-2\\\/#breadcrumb\"},\"inLanguage\":\"pl-PL\",\"potentialAction\":[{\"@type\":\"ReadAction\",\"target\":[\"https:\\\/\\\/wobronietradycjiiwiary.com\\\/22-go-pazdziernika-zywot-swietego-gallusa-opata-2-2-2\\\/\"]}]},{\"@type\":\"ImageObject\",\"inLanguage\":\"pl-PL\",\"@id\":\"https:\\\/\\\/wobronietradycjiiwiary.com\\\/22-go-pazdziernika-zywot-swietego-gallusa-opata-2-2-2\\\/#primaryimage\",\"url\":\"https:\\\/\\\/wobronietradycjiiwiary.com\\\/wp-content\\\/uploads\\\/2020\\\/10\\\/Gallus5.jpg\",\"contentUrl\":\"https:\\\/\\\/wobronietradycjiiwiary.com\\\/wp-content\\\/uploads\\\/2020\\\/10\\\/Gallus5.jpg\",\"width\":987,\"height\":1131},{\"@type\":\"BreadcrumbList\",\"@id\":\"https:\\\/\\\/wobronietradycjiiwiary.com\\\/22-go-pazdziernika-zywot-swietego-gallusa-opata-2-2-2\\\/#breadcrumb\",\"itemListElement\":[{\"@type\":\"ListItem\",\"position\":1,\"name\":\"Strona g\u0142\u00f3wna\",\"item\":\"https:\\\/\\\/wobronietradycjiiwiary.com\\\/\"},{\"@type\":\"ListItem\",\"position\":2,\"name\":\"22-go Pa\u017adziernika. \u017bywot \u015bwi\u0119tego Gallusa, Opata.\"}]},{\"@type\":\"WebSite\",\"@id\":\"https:\\\/\\\/wobronietradycjiiwiary.com\\\/pl\\\/#website\",\"url\":\"https:\\\/\\\/wobronietradycjiiwiary.com\\\/pl\\\/\",\"name\":\"Tradycja i Wiara\",\"description\":\"Portal dla katolik\u00f3w.\",\"publisher\":{\"@id\":\"https:\\\/\\\/wobronietradycjiiwiary.com\\\/pl\\\/#organization\"},\"potentialAction\":[{\"@type\":\"SearchAction\",\"target\":{\"@type\":\"EntryPoint\",\"urlTemplate\":\"https:\\\/\\\/wobronietradycjiiwiary.com\\\/pl\\\/?s={search_term_string}\"},\"query-input\":{\"@type\":\"PropertyValueSpecification\",\"valueRequired\":true,\"valueName\":\"search_term_string\"}}],\"inLanguage\":\"pl-PL\"},{\"@type\":\"Organization\",\"@id\":\"https:\\\/\\\/wobronietradycjiiwiary.com\\\/pl\\\/#organization\",\"name\":\"Tradycja i Wiara\",\"url\":\"https:\\\/\\\/wobronietradycjiiwiary.com\\\/pl\\\/\",\"logo\":{\"@type\":\"ImageObject\",\"inLanguage\":\"pl-PL\",\"@id\":\"https:\\\/\\\/wobronietradycjiiwiary.com\\\/pl\\\/#\\\/schema\\\/logo\\\/image\\\/\",\"url\":\"https:\\\/\\\/i0.wp.com\\\/wobronietradycjiiwiary.com\\\/wp-content\\\/uploads\\\/2015\\\/10\\\/cropped-st-peters-dome-vatican.jpg?fit=940%2C198&ssl=1\",\"contentUrl\":\"https:\\\/\\\/i0.wp.com\\\/wobronietradycjiiwiary.com\\\/wp-content\\\/uploads\\\/2015\\\/10\\\/cropped-st-peters-dome-vatican.jpg?fit=940%2C198&ssl=1\",\"width\":940,\"height\":198,\"caption\":\"Tradycja i Wiara\"},\"image\":{\"@id\":\"https:\\\/\\\/wobronietradycjiiwiary.com\\\/pl\\\/#\\\/schema\\\/logo\\\/image\\\/\"},\"sameAs\":[\"https:\\\/\\\/www.facebook.com\\\/Tradycja-i-Wiara-108813920592249\"]},{\"@type\":\"Person\",\"@id\":\"https:\\\/\\\/wobronietradycjiiwiary.com\\\/pl\\\/#\\\/schema\\\/person\\\/2d6180ce6abcb681fef0daab7816e8f3\",\"name\":\"Traditio et Fides\",\"sameAs\":[\"https:\\\/\\\/traditionundglauben.com\"],\"url\":\"https:\\\/\\\/wobronietradycjiiwiary.com\\\/pl\\\/author\\\/wobronietradycjiiwiary\\\/\"}]}<\/script>\n<!-- \/ Yoast SEO plugin. -->","yoast_head_json":{"title":"22-go Pa\u017adziernika. \u017bywot \u015bwi\u0119tego Gallusa, Opata. - Tradycja i Wiara","robots":{"index":"index","follow":"follow","max-snippet":"max-snippet:-1","max-image-preview":"max-image-preview:large","max-video-preview":"max-video-preview:-1"},"canonical":"https:\/\/wobronietradycjiiwiary.com\/pl\/22-go-pazdziernika-zywot-swietego-gallusa-opata-2-2-2\/","og_locale":"pl_PL","og_type":"article","og_title":"22-go Pa\u017adziernika. \u017bywot \u015bwi\u0119tego Gallusa, Opata. - Tradycja i Wiara","og_description":"Miasto St. Gallen pochodzi od \u015bw. Gallusa, kt\u00f3ry wybra\u0142 je sobie na miejsce wygnania. Nic nie pozostaje wolne od dzia\u0142ania Bo\u017cej Opatrzno\u015bci.","og_url":"https:\/\/wobronietradycjiiwiary.com\/pl\/22-go-pazdziernika-zywot-swietego-gallusa-opata-2-2-2\/","og_site_name":"Tradycja i Wiara","article_publisher":"https:\/\/www.facebook.com\/Tradycja-i-Wiara-108813920592249","article_published_time":"2024-10-22T06:15:57+00:00","article_modified_time":"2025-02-10T10:14:33+00:00","og_image":[{"width":987,"height":1131,"url":"https:\/\/wobronietradycjiiwiary.com\/wp-content\/uploads\/2020\/10\/Gallus5.jpg","type":"image\/jpeg"}],"author":"Traditio et Fides","twitter_card":"summary_large_image","twitter_misc":{"Napisane przez":"Traditio et Fides","Szacowany czas czytania":"8 minut"},"schema":{"@context":"https:\/\/schema.org","@graph":[{"@type":"Article","@id":"https:\/\/wobronietradycjiiwiary.com\/22-go-pazdziernika-zywot-swietego-gallusa-opata-2-2-2\/#article","isPartOf":{"@id":"https:\/\/wobronietradycjiiwiary.com\/22-go-pazdziernika-zywot-swietego-gallusa-opata-2-2-2\/"},"author":{"name":"Traditio et Fides","@id":"https:\/\/wobronietradycjiiwiary.com\/pl\/#\/schema\/person\/2d6180ce6abcb681fef0daab7816e8f3"},"headline":"22-go Pa\u017adziernika. \u017bywot \u015bwi\u0119tego Gallusa, Opata.","datePublished":"2024-10-22T06:15:57+00:00","dateModified":"2025-02-10T10:14:33+00:00","mainEntityOfPage":{"@id":"https:\/\/wobronietradycjiiwiary.com\/22-go-pazdziernika-zywot-swietego-gallusa-opata-2-2-2\/"},"wordCount":1593,"commentCount":0,"publisher":{"@id":"https:\/\/wobronietradycjiiwiary.com\/pl\/#organization"},"image":{"@id":"https:\/\/wobronietradycjiiwiary.com\/22-go-pazdziernika-zywot-swietego-gallusa-opata-2-2-2\/#primaryimage"},"thumbnailUrl":"https:\/\/wobronietradycjiiwiary.com\/wp-content\/uploads\/2020\/10\/Gallus5.jpg","articleSection":["10. \u015awi\u0119ta w pa\u017adzierniku","Duchowo\u015b\u0107","Liturgia i liturgika","Rok liturgiczny","Rozwa\u017cania liturgiczne"],"inLanguage":"pl-PL","potentialAction":[{"@type":"CommentAction","name":"Comment","target":["https:\/\/wobronietradycjiiwiary.com\/22-go-pazdziernika-zywot-swietego-gallusa-opata-2-2-2\/#respond"]}]},{"@type":"WebPage","@id":"https:\/\/wobronietradycjiiwiary.com\/22-go-pazdziernika-zywot-swietego-gallusa-opata-2-2-2\/","url":"https:\/\/wobronietradycjiiwiary.com\/22-go-pazdziernika-zywot-swietego-gallusa-opata-2-2-2\/","name":"22-go Pa\u017adziernika. \u017bywot \u015bwi\u0119tego Gallusa, Opata. - Tradycja i Wiara","isPartOf":{"@id":"https:\/\/wobronietradycjiiwiary.com\/pl\/#website"},"primaryImageOfPage":{"@id":"https:\/\/wobronietradycjiiwiary.com\/22-go-pazdziernika-zywot-swietego-gallusa-opata-2-2-2\/#primaryimage"},"image":{"@id":"https:\/\/wobronietradycjiiwiary.com\/22-go-pazdziernika-zywot-swietego-gallusa-opata-2-2-2\/#primaryimage"},"thumbnailUrl":"https:\/\/wobronietradycjiiwiary.com\/wp-content\/uploads\/2020\/10\/Gallus5.jpg","datePublished":"2024-10-22T06:15:57+00:00","dateModified":"2025-02-10T10:14:33+00:00","breadcrumb":{"@id":"https:\/\/wobronietradycjiiwiary.com\/22-go-pazdziernika-zywot-swietego-gallusa-opata-2-2-2\/#breadcrumb"},"inLanguage":"pl-PL","potentialAction":[{"@type":"ReadAction","target":["https:\/\/wobronietradycjiiwiary.com\/22-go-pazdziernika-zywot-swietego-gallusa-opata-2-2-2\/"]}]},{"@type":"ImageObject","inLanguage":"pl-PL","@id":"https:\/\/wobronietradycjiiwiary.com\/22-go-pazdziernika-zywot-swietego-gallusa-opata-2-2-2\/#primaryimage","url":"https:\/\/wobronietradycjiiwiary.com\/wp-content\/uploads\/2020\/10\/Gallus5.jpg","contentUrl":"https:\/\/wobronietradycjiiwiary.com\/wp-content\/uploads\/2020\/10\/Gallus5.jpg","width":987,"height":1131},{"@type":"BreadcrumbList","@id":"https:\/\/wobronietradycjiiwiary.com\/22-go-pazdziernika-zywot-swietego-gallusa-opata-2-2-2\/#breadcrumb","itemListElement":[{"@type":"ListItem","position":1,"name":"Strona g\u0142\u00f3wna","item":"https:\/\/wobronietradycjiiwiary.com\/"},{"@type":"ListItem","position":2,"name":"22-go Pa\u017adziernika. \u017bywot \u015bwi\u0119tego Gallusa, Opata."}]},{"@type":"WebSite","@id":"https:\/\/wobronietradycjiiwiary.com\/pl\/#website","url":"https:\/\/wobronietradycjiiwiary.com\/pl\/","name":"Tradycja i Wiara","description":"Portal dla katolik\u00f3w.","publisher":{"@id":"https:\/\/wobronietradycjiiwiary.com\/pl\/#organization"},"potentialAction":[{"@type":"SearchAction","target":{"@type":"EntryPoint","urlTemplate":"https:\/\/wobronietradycjiiwiary.com\/pl\/?s={search_term_string}"},"query-input":{"@type":"PropertyValueSpecification","valueRequired":true,"valueName":"search_term_string"}}],"inLanguage":"pl-PL"},{"@type":"Organization","@id":"https:\/\/wobronietradycjiiwiary.com\/pl\/#organization","name":"Tradycja i Wiara","url":"https:\/\/wobronietradycjiiwiary.com\/pl\/","logo":{"@type":"ImageObject","inLanguage":"pl-PL","@id":"https:\/\/wobronietradycjiiwiary.com\/pl\/#\/schema\/logo\/image\/","url":"https:\/\/i0.wp.com\/wobronietradycjiiwiary.com\/wp-content\/uploads\/2015\/10\/cropped-st-peters-dome-vatican.jpg?fit=940%2C198&ssl=1","contentUrl":"https:\/\/i0.wp.com\/wobronietradycjiiwiary.com\/wp-content\/uploads\/2015\/10\/cropped-st-peters-dome-vatican.jpg?fit=940%2C198&ssl=1","width":940,"height":198,"caption":"Tradycja i Wiara"},"image":{"@id":"https:\/\/wobronietradycjiiwiary.com\/pl\/#\/schema\/logo\/image\/"},"sameAs":["https:\/\/www.facebook.com\/Tradycja-i-Wiara-108813920592249"]},{"@type":"Person","@id":"https:\/\/wobronietradycjiiwiary.com\/pl\/#\/schema\/person\/2d6180ce6abcb681fef0daab7816e8f3","name":"Traditio et Fides","sameAs":["https:\/\/traditionundglauben.com"],"url":"https:\/\/wobronietradycjiiwiary.com\/pl\/author\/wobronietradycjiiwiary\/"}]}},"jetpack_publicize_connections":[],"jetpack_sharing_enabled":true,"jetpack_likes_enabled":true,"jetpack_shortlink":"https:\/\/wp.me\/pc04Sd-vGJ","jetpack-related-posts":[{"id":38408,"url":"https:\/\/wobronietradycjiiwiary.com\/pl\/22-go-pazdziernika-zywot-swietego-gallusa-opata\/","url_meta":{"origin":121813,"position":0},"title":"22-go Pa\u017adziernika. \u017bywot \u015bwi\u0119tego Gallusa, Opata.","author":"Traditio et Fides","date":"22 pa\u017adziernika 2020","format":false,"excerpt":"Miasto St. Gallen pochodzi od \u015bw. Gallusa, kt\u00f3ry wybra\u0142 je sobie na miejsce wygnania. Nic nie pozostaje wolne od dzia\u0142ania Bo\u017cej Opatrzno\u015bci.","rel":"","context":"W \u201e10. \u015awi\u0119ta w pa\u017adzierniku&quot;","block_context":{"text":"10. \u015awi\u0119ta w pa\u017adzierniku","link":"https:\/\/wobronietradycjiiwiary.com\/pl\/category\/duchowosc\/liturgia-i-liturgika\/rozwazania\/rok-liturgiczny\/swieta-w-pazdzierniku\/"},"img":{"alt_text":"","src":"https:\/\/i0.wp.com\/wobronietradycjiiwiary.com\/wp-content\/uploads\/2020\/10\/Gallus5.jpg?resize=350%2C200&ssl=1","width":350,"height":200,"srcset":"https:\/\/i0.wp.com\/wobronietradycjiiwiary.com\/wp-content\/uploads\/2020\/10\/Gallus5.jpg?resize=350%2C200&ssl=1 1x, https:\/\/i0.wp.com\/wobronietradycjiiwiary.com\/wp-content\/uploads\/2020\/10\/Gallus5.jpg?resize=525%2C300&ssl=1 1.5x, https:\/\/i0.wp.com\/wobronietradycjiiwiary.com\/wp-content\/uploads\/2020\/10\/Gallus5.jpg?resize=700%2C400&ssl=1 2x"},"classes":[]},{"id":38416,"url":"https:\/\/wobronietradycjiiwiary.com\/pl\/22-go-pazdziernika-zywot-swietego-gallusa-opata-2\/","url_meta":{"origin":121813,"position":1},"title":"22-go Pa\u017adziernika. \u017bywot \u015bwi\u0119tego Gallusa, Opata.","author":"Traditio et Fides","date":"22 pa\u017adziernika 2022","format":false,"excerpt":"Miasto St. Gallen pochodzi od \u015bw. Gallusa, kt\u00f3ry wybra\u0142 je sobie na miejsce wygnania. Nic nie pozostaje wolne od dzia\u0142ania Bo\u017cej Opatrzno\u015bci.","rel":"","context":"W \u201e10. \u015awi\u0119ta w pa\u017adzierniku&quot;","block_context":{"text":"10. \u015awi\u0119ta w pa\u017adzierniku","link":"https:\/\/wobronietradycjiiwiary.com\/pl\/category\/duchowosc\/liturgia-i-liturgika\/rozwazania\/rok-liturgiczny\/swieta-w-pazdzierniku\/"},"img":{"alt_text":"","src":"https:\/\/i0.wp.com\/wobronietradycjiiwiary.com\/wp-content\/uploads\/2020\/10\/Gallus5.jpg?resize=350%2C200&ssl=1","width":350,"height":200,"srcset":"https:\/\/i0.wp.com\/wobronietradycjiiwiary.com\/wp-content\/uploads\/2020\/10\/Gallus5.jpg?resize=350%2C200&ssl=1 1x, https:\/\/i0.wp.com\/wobronietradycjiiwiary.com\/wp-content\/uploads\/2020\/10\/Gallus5.jpg?resize=525%2C300&ssl=1 1.5x, https:\/\/i0.wp.com\/wobronietradycjiiwiary.com\/wp-content\/uploads\/2020\/10\/Gallus5.jpg?resize=700%2C400&ssl=1 2x"},"classes":[]},{"id":51987,"url":"https:\/\/wobronietradycjiiwiary.com\/pl\/22-go-pazdziernika-zywot-swietego-gallusa-opata-3\/","url_meta":{"origin":121813,"position":2},"title":"22-go Pa\u017adziernika. \u017bywot \u015bwi\u0119tego Gallusa, Opata.","author":"Traditio et Fides","date":"22 pa\u017adziernika 2021","format":false,"excerpt":"Miasto St. Gallen pochodzi od \u015bw. Gallusa, kt\u00f3ry wybra\u0142 je sobie na miejsce wygnania. Nic nie pozostaje wolne od dzia\u0142ania Bo\u017cej Opatrzno\u015bci.","rel":"","context":"W \u201e10. \u015awi\u0119ta w pa\u017adzierniku&quot;","block_context":{"text":"10. \u015awi\u0119ta w pa\u017adzierniku","link":"https:\/\/wobronietradycjiiwiary.com\/pl\/category\/duchowosc\/liturgia-i-liturgika\/rozwazania\/rok-liturgiczny\/swieta-w-pazdzierniku\/"},"img":{"alt_text":"","src":"https:\/\/i0.wp.com\/wobronietradycjiiwiary.com\/wp-content\/uploads\/2020\/10\/Gallus5.jpg?resize=350%2C200&ssl=1","width":350,"height":200,"srcset":"https:\/\/i0.wp.com\/wobronietradycjiiwiary.com\/wp-content\/uploads\/2020\/10\/Gallus5.jpg?resize=350%2C200&ssl=1 1x, https:\/\/i0.wp.com\/wobronietradycjiiwiary.com\/wp-content\/uploads\/2020\/10\/Gallus5.jpg?resize=525%2C300&ssl=1 1.5x, https:\/\/i0.wp.com\/wobronietradycjiiwiary.com\/wp-content\/uploads\/2020\/10\/Gallus5.jpg?resize=700%2C400&ssl=1 2x"},"classes":[]},{"id":104442,"url":"https:\/\/wobronietradycjiiwiary.com\/pl\/22-go-pazdziernika-zywot-swietego-gallusa-opata-2-2\/","url_meta":{"origin":121813,"position":3},"title":"22-go Pa\u017adziernika. \u017bywot \u015bwi\u0119tego Gallusa, Opata.","author":"Traditio et Fides","date":"22 pa\u017adziernika 2023","format":false,"excerpt":"Miasto St. Gallen pochodzi od \u015bw. Gallusa, kt\u00f3ry wybra\u0142 je sobie na miejsce wygnania. Nic nie pozostaje wolne od dzia\u0142ania Bo\u017cej Opatrzno\u015bci.","rel":"","context":"W \u201e10. \u015awi\u0119ta w pa\u017adzierniku&quot;","block_context":{"text":"10. \u015awi\u0119ta w pa\u017adzierniku","link":"https:\/\/wobronietradycjiiwiary.com\/pl\/category\/duchowosc\/liturgia-i-liturgika\/rozwazania\/rok-liturgiczny\/swieta-w-pazdzierniku\/"},"img":{"alt_text":"","src":"https:\/\/i0.wp.com\/wobronietradycjiiwiary.com\/wp-content\/uploads\/2020\/10\/Gallus5.jpg?resize=350%2C200&ssl=1","width":350,"height":200,"srcset":"https:\/\/i0.wp.com\/wobronietradycjiiwiary.com\/wp-content\/uploads\/2020\/10\/Gallus5.jpg?resize=350%2C200&ssl=1 1x, https:\/\/i0.wp.com\/wobronietradycjiiwiary.com\/wp-content\/uploads\/2020\/10\/Gallus5.jpg?resize=525%2C300&ssl=1 1.5x, https:\/\/i0.wp.com\/wobronietradycjiiwiary.com\/wp-content\/uploads\/2020\/10\/Gallus5.jpg?resize=700%2C400&ssl=1 2x"},"classes":[]},{"id":154657,"url":"https:\/\/wobronietradycjiiwiary.com\/pl\/22-go-pazdziernika-zywot-swietego-gallusa-opata-2-2-3\/","url_meta":{"origin":121813,"position":4},"title":"22-go Pa\u017adziernika. \u017bywot \u015bwi\u0119tego Gallusa, Opata.","author":"Traditio et Fides","date":"22 pa\u017adziernika 2025","format":false,"excerpt":"Miasto St. Gallen pochodzi od \u015bw. Gallusa, kt\u00f3ry wybra\u0142 je sobie na miejsce wygnania. Nic nie pozostaje wolne od dzia\u0142ania Bo\u017cej Opatrzno\u015bci.","rel":"","context":"W \u201e10. \u015awi\u0119ta w pa\u017adzierniku&quot;","block_context":{"text":"10. \u015awi\u0119ta w pa\u017adzierniku","link":"https:\/\/wobronietradycjiiwiary.com\/pl\/category\/duchowosc\/liturgia-i-liturgika\/rozwazania\/rok-liturgiczny\/swieta-w-pazdzierniku\/"},"img":{"alt_text":"","src":"https:\/\/i0.wp.com\/wobronietradycjiiwiary.com\/wp-content\/uploads\/2020\/10\/Gallus5.jpg?resize=350%2C200&ssl=1","width":350,"height":200,"srcset":"https:\/\/i0.wp.com\/wobronietradycjiiwiary.com\/wp-content\/uploads\/2020\/10\/Gallus5.jpg?resize=350%2C200&ssl=1 1x, https:\/\/i0.wp.com\/wobronietradycjiiwiary.com\/wp-content\/uploads\/2020\/10\/Gallus5.jpg?resize=525%2C300&ssl=1 1.5x, https:\/\/i0.wp.com\/wobronietradycjiiwiary.com\/wp-content\/uploads\/2020\/10\/Gallus5.jpg?resize=700%2C400&ssl=1 2x"},"classes":[]},{"id":51642,"url":"https:\/\/wobronietradycjiiwiary.com\/pl\/moje-czy-ducha-swietego-o-pochodzeniu-reform-liturgicznych\/","url_meta":{"origin":121813,"position":5},"title":"Moje czy Ducha \u015awi\u0119tego? O pochodzeniu reform liturgicznych.","author":"Traditio et Fides","date":"10 sierpnia 2021","format":false,"excerpt":"Sk\u0105d wiemy, \u017ce co\u015b pochodzi od Ducha \u015awi\u0119tego? Po naprawd\u0119 d\u0142ugotrwa\u0142ych skutkach. Wi\u0119c Ruch Liturgiczny od Boga nie by\u0142","rel":"","context":"W \u201eAd 3) 4. Kongresy liturgiczne i liturgiczna anarchia&quot;","block_context":{"text":"Ad 3) 4. Kongresy liturgiczne i liturgiczna anarchia","link":"https:\/\/wobronietradycjiiwiary.com\/pl\/category\/doktryna\/teologia-liturgii\/byrne-doktryna\/byrne\/komentarze-do-byrne\/ad-3-pius-xii-ku-zagladzie-komentarze-do-byrne\/ad-3-4-kongresy-liturgiczne-i-liturgiczna-anarchia\/"},"img":{"alt_text":"","src":"https:\/\/i0.wp.com\/wobronietradycjiiwiary.com\/wp-content\/uploads\/2021\/08\/jesus-demon-possessed-man-pigs.jpg?resize=350%2C200&ssl=1","width":350,"height":200,"srcset":"https:\/\/i0.wp.com\/wobronietradycjiiwiary.com\/wp-content\/uploads\/2021\/08\/jesus-demon-possessed-man-pigs.jpg?resize=350%2C200&ssl=1 1x, https:\/\/i0.wp.com\/wobronietradycjiiwiary.com\/wp-content\/uploads\/2021\/08\/jesus-demon-possessed-man-pigs.jpg?resize=525%2C300&ssl=1 1.5x, https:\/\/i0.wp.com\/wobronietradycjiiwiary.com\/wp-content\/uploads\/2021\/08\/jesus-demon-possessed-man-pigs.jpg?resize=700%2C400&ssl=1 2x"},"classes":[]}],"amp_enabled":true,"jetpack_featured_media_url":"https:\/\/wobronietradycjiiwiary.com\/wp-content\/uploads\/2020\/10\/Gallus5.jpg","_links":{"self":[{"href":"https:\/\/wobronietradycjiiwiary.com\/pl\/wp-json\/wp\/v2\/posts\/121813","targetHints":{"allow":["GET"]}}],"collection":[{"href":"https:\/\/wobronietradycjiiwiary.com\/pl\/wp-json\/wp\/v2\/posts"}],"about":[{"href":"https:\/\/wobronietradycjiiwiary.com\/pl\/wp-json\/wp\/v2\/types\/post"}],"author":[{"embeddable":true,"href":"https:\/\/wobronietradycjiiwiary.com\/pl\/wp-json\/wp\/v2\/users\/60508433"}],"replies":[{"embeddable":true,"href":"https:\/\/wobronietradycjiiwiary.com\/pl\/wp-json\/wp\/v2\/comments?post=121813"}],"version-history":[{"count":1,"href":"https:\/\/wobronietradycjiiwiary.com\/pl\/wp-json\/wp\/v2\/posts\/121813\/revisions"}],"predecessor-version":[{"id":121830,"href":"https:\/\/wobronietradycjiiwiary.com\/pl\/wp-json\/wp\/v2\/posts\/121813\/revisions\/121830"}],"wp:featuredmedia":[{"embeddable":true,"href":"https:\/\/wobronietradycjiiwiary.com\/pl\/wp-json\/wp\/v2\/media\/38413"}],"wp:attachment":[{"href":"https:\/\/wobronietradycjiiwiary.com\/pl\/wp-json\/wp\/v2\/media?parent=121813"}],"wp:term":[{"taxonomy":"category","embeddable":true,"href":"https:\/\/wobronietradycjiiwiary.com\/pl\/wp-json\/wp\/v2\/categories?post=121813"},{"taxonomy":"post_tag","embeddable":true,"href":"https:\/\/wobronietradycjiiwiary.com\/pl\/wp-json\/wp\/v2\/tags?post=121813"}],"curies":[{"name":"wp","href":"https:\/\/api.w.org\/{rel}","templated":true}]}}