{"id":121812,"date":"2024-10-23T08:15:56","date_gmt":"2024-10-23T06:15:56","guid":{"rendered":"https:\/\/wobronietradycjiiwiary.com\/?p=121812"},"modified":"2025-02-10T11:14:33","modified_gmt":"2025-02-10T10:14:33","slug":"23-go-pazdziernika-zywot-swietego-jana-kapistrana-franciszkanina-2-2-2","status":"publish","type":"post","link":"https:\/\/wobronietradycjiiwiary.com\/pl\/23-go-pazdziernika-zywot-swietego-jana-kapistrana-franciszkanina-2-2-2\/","title":{"rendered":"23-go Pa\u017adziernika. \u017bywot \u015bwi\u0119tego Jana Kapistrana, Franciszkanina."},"content":{"rendered":"<div id=\"bsf_rt_marker\"><\/div>\n<p class=\"has-text-align-center wp-block-paragraph\">(\u017by\u0142 oko\u0142o roku Pa\u0144skiego 1456).<\/p>\n\n\n\n<figure class=\"wp-block-image\"><a href=\"https:\/\/pl.wikisource.org\/wiki\/Plik:%C5%BBywoty_%C5%9Bw._Pa%C5%84skich_na_wszystkie_dnie_roku-Inicja%C5%82-J.png\"><img decoding=\"async\" src=\"https:\/\/upload.wikimedia.org\/wikipedia\/commons\/thumb\/0\/01\/%C5%BBywoty_%C5%9Bw._Pa%C5%84skich_na_wszystkie_dnie_roku-Inicja%C5%82-J.png\/56px-%C5%BBywoty_%C5%9Bw._Pa%C5%84skich_na_wszystkie_dnie_roku-Inicja%C5%82-J.png\" alt=\"J\"\/><\/a><\/figure>\n\n\n\n<p class=\"has-text-align-justify wp-block-paragraph\">Jan, zwany Kapistranem od rodzinnego miasta Kapistrano, le\u017c\u0105cego na po\u0142udnie od Neapolu, przyszed\u0142 na \u015bwiat w r. 1386 i by\u0142 synem szlachcica niemieckiego. Rodzice dali mu staranne wychowanie, odpowiednie wysokim jego zdolno\u015bciom. Na uniwersytecie w Perud\u017cyi przyk\u0142ada\u0142 si\u0119 do prawa kanonicznego i cywilnego, jako te\u017c z\u0142o\u017cy\u0142 z odznaczeniem egzamin na doktora obojga praw. Zaszczycaj\u0105cy go sw\u0105 \u0142ask\u0105 W\u0142adys\u0142aw, kr\u00f3l neapolita\u0144ski, mianowa\u0142 go s\u0119dzi\u0105 w Perud\u017cyi, mie\u015bcie wydartem Papie\u017cowi. Jan zas\u0142yn\u0105\u0142 z m\u0105dro\u015bci i wielkiego zami\u0142owania sprawiedliwo\u015bci, ale nie mniej z \u0142agodno\u015bci i dobroci. Jeden z najznamienitszych mieszczan zar\u0119czy\u0142 go ze sw\u0105 c\u00f3rk\u0105 jedynaczk\u0105, kt\u00f3re to ma\u0142\u017ce\u0144stwo jednak za szczeg\u00f3lnem zrz\u0105dzeniem woli Boskiej do skutku nie przysz\u0142o. Niezad\u0142ugo bowiem powstali Perud\u017cyanie przeciw W\u0142adys\u0142awowi, pragn\u0105c si\u0119 wybi\u0107 z pod jego rz\u0105d\u00f3w i wr\u00f3ci\u0107 pod pastora\u0142 Papieski. Jan, jako wierny poddany kr\u00f3la, chcia\u0142 w tej sprawie po\u015bredniczy\u0107, ale rokoszanie pojmali go i zamkn\u0119li w warownej wie\u017cy, gdzie przesiedzia\u0142 kilka miesi\u0119cy w ciemno\u015bci i wielkiej n\u0119dzy. Zawi\u00f3d\u0142szy si\u0119 w nadziei, \u017ce W\u0142adys\u0142aw go oswobodzi, wy\u0142ama\u0142 si\u0119 z wi\u0119zienia, ale nie mog\u0105c si\u0119 pozby\u0107 p\u0119taj\u0105cych nogi kajdan, schwytany i na wi\u0119ksze cierpienia wystawiony zosta\u0142. W ciemno\u015bciach celi wi\u0119ziennej o\u015bwiecony \u0142ask\u0105 Niebios, przyszed\u0142 do przekonania, \u017ce lepiej zawierzy\u0107 Bogu, ani\u017celi ksi\u0105\u017c\u0119tom, \u017ce nadzieje ziemskie, dobra doczesne i wzi\u0119to\u015b\u0107 u ludzi s\u0105 czczem marzeniem, i \u017ce korzystniej wst\u0105pi\u0107 w s\u0142u\u017cb\u0119 wiekuistego Kr\u00f3la Nieba i ziemi. My\u015bli te i gorliwe mod\u0142y do Wszechmocnego wywo\u0142a\u0142y w nim niez\u0142omne postanowienie wst\u0105pienia do zakonu \u015bwi\u0119tego Franciszka Serafickiego.<\/p>\n\n\n\n<p class=\"has-text-align-justify wp-block-paragraph\"><br>\u2009Za cen\u0119 160,000 frank\u00f3w odzyska\u0142 wolno\u015b\u0107, rozdzieli\u0142 reszt\u0119 maj\u0105tku pomi\u0119dzy ubogich, i licz\u0105c lat trzydzie\u015bci poprosi\u0142 o habit w klasztorze Perud\u017cy\u0144skim. Dopiero po wypr\u00f3bowaniu jego szczerego powo\u0142ania i pokory przyj\u0119to go do nowicyatu.<\/p>\n\n\n\n<p class=\"has-text-align-justify wp-block-paragraph\"><br>\u2009Z nies\u0142ychan\u0105 ochot\u0105 odda\u0142 si\u0119 obowi\u0105zkom przepisanym przez regu\u0142\u0119, wyprzedza\u0142 wszystkich w postach i czuwaniu, modlitwach i pokucie, pod sterem \u015bwi\u0119tego Bernardyna, kt\u00f3ry by\u0142 jego nauczycielem, czyni\u0142 olbrzymie post\u0119py w teologii i wy\u015bwi\u0119cony zosta\u0142 na kap\u0142ana w roku 1420.<\/p>\n\n\n\n<p class=\"has-text-align-justify wp-block-paragraph\"><br>\u2009W\u0142adze klasztorne poruczy\u0142y mu urz\u0105d kaznodziei postnego i godno\u015b\u0107 t\u0119 piastowa\u0142 przez lat prawie czterdzie\u015bci w\u015br\u00f3d wiernych, odszczepie\u0144c\u00f3w i niechrze\u015bcijan z wielkim skutkiem i nies\u0142ychanem po\u015bwi\u0119ceniem. Pomi\u0119dzy Kapistrano w Neapolita\u0144skiem i Trydentem w Tyrolu, niemasz prawie miasta, w kt\u00f3remby nie by\u0142 z kazalnicy zagrzmia\u0142 dono\u015bny g\u0142os jego. Nizkiej by\u0142 on postaci, bladego oblicza i wychud\u0142y jak szczapa, ale gdzie si\u0119 tylko ukaza\u0142 na ambonie, tam ka\u017cde oko zwil\u017ca\u0142o si\u0119 \u0142z\u0105 i mi\u0119k\u0142y najzatwardzialsze serca. Wskutek kaza\u0144 nie tylko si\u0119 jednali ludzie z Bogiem i bli\u017animi, nie tylko wyrzekali si\u0119 grzechu i szatana, ale zak\u0142adali szpitale, lazarety dla chorych, klasztory i inne zak\u0142ady dobroczynne, nie \u017ca\u0142uj\u0105c koszt\u00f3w i nak\u0142adu. Nat\u0142ok pobo\u017cnych bywa\u0142 zawsze taki, \u017ce najobszerniejsza \u015bwi\u0105tynia pomie\u015bci\u0107 ich nie mog\u0142a, gdy\u017c liczba ich dochodzi\u0142a 80 \u2014100,000. Powag\u0105 i m\u0105dro\u015bci\u0105 tego cz\u0142onka zakonu \u017cebraczego pos\u0142ugiwali si\u0119 Papie\u017ce Marcin V i Eugeni VI, aby wyt\u0119pi\u0107 sekt\u0119 fraticell\u00f3w, za\u0142atwia\u0107 wa\u017cne sprawy z dworami francuskim, burgundzkim, sabaudzkim i innemi pa\u0144stwami w\u0142oskiemi. Pr\u00f3cz tego popiera\u0142 w swym Zakonie powa\u017cne studya, \u015bcis\u0142e zachowanie regu\u0142y i sze\u015bcioletnimi zabiegami wyjedna\u0142 u Papie\u017ca zaliczenie swego nauczyciela Bernardyna do zast\u0119pu \u015awi\u0119tych Pa\u0144skich.<\/p>\n\n\n\n<p class=\"has-text-align-justify wp-block-paragraph\"><br>\u2009W roku 1451 wys\u0142a\u0142 go Papie\u017c Miko\u0142aj V na pro\u015bb\u0119 cesarza Fryderyka III, jako generalnego inkwizytora do Niemiec i poleci\u0142 mu, aby si\u0142\u0105 swej powagi i pot\u0119g\u0105 swej wymowy nawraca\u0142 Husyt\u00f3w w Czechach i Morawii i o\u017cywi\u0142 podupad\u0142\u0105 wiar\u0119. Podr\u00f3\u017c jego przez Karynty\u0119 i Styry\u0119 do Austryi\u00a0by\u0142a podobn\u0105 do tryumfalnego pochodu. Wsz\u0119dzie wychodzi\u0142 na jego spotkanie lud i duchowie\u0144stwo z krzy\u017cami, chor\u0105gwiami i relikwiami w\u015br\u00f3d odg\u0142osu pieni nabo\u017cnych i Psalm\u00f3w. Wszyscy go ogl\u0105da\u0107 i widzie\u0107 pragn\u0119li, a lubo prawi\u0142 po \u0142acinie i t\u0142\u00f3macz powtarza\u0142 jego my\u015bli, wszyscy ca\u0142emi godzinami s\u0142uchali przem\u00f3wie\u0144 jego. Wielu Husyt\u00f3w na Morawach nawr\u00f3ci\u0142 a poniewa\u017c wzbroniony mu by\u0142 wst\u0119p do Bawaryi, odbywa\u0142 liczne i cudami ws\u0142awione misye w Saksonii, \u015al\u0105sku, Polsce, Frankonii, Turyngii i Bawaryi. W Augsburgu uzdrowi\u0142 wielu chorych, a kazania jego tak b\u0142ogi i zbawienny wywar\u0142y skutek, \u017ce wywieziono ca\u0142y w\u00f3z talii kart, kostek i innych gier hazardowych za miasto, gdzie je u\u0142o\u017cono w wielki stos i spalono.<br><\/p>\n\n\n\n<p class=\"has-text-align-justify wp-block-paragraph\">\u2009W roku 1453 sprawi\u0142a wie\u015b\u0107 o zdobyciu Konstantynopola i pobiciu cesarstwa greckiego przez Turk\u00f3w wielki pop\u0142och i przera\u017cenie w \u015bwiecie chrze\u015bcija\u0144skim. Papie\u017c Miko\u0142aj V wezwa\u0142 wiernych do wyprawy krzy\u017cowej przeciw najezdnikom, ale g\u0142os jego nie znalaz\u0142 pos\u0142uchu. Cesarz Fryderyk zwo\u0142a\u0142 sejm do Ratysbony, p\u00f3\u017aniej do Frankfurtu. Stan\u0105\u0142 tam i Jan, zach\u0119caj\u0105c do boju z zawzi\u0119tym wrogiem chrze\u015bcija\u0144stwa i do stawienia mu czo\u0142a; ale wymowa jego okaza\u0142a si\u0119 bezskuteczn\u0105 wobec samolubstwa i opiesza\u0142o\u015bci ksi\u0105\u017c\u0105t rzeszy.<\/p>\n\n\n\n<p class=\"has-text-align-justify wp-block-paragraph\"><br>\u2009Tymczasem po\u0142o\u017cenie W\u0119gier stawa\u0142o si\u0119 coraz gro\u017aniejszem. Su\u0142tan Mahomet II ruszy\u0142 z ogromn\u0105 armi\u0105 l\u0105dow\u0105 i niezmiern\u0105 flot\u0105 na Dunaju ku miastu Bia\u0142ogrodowi, b\u0119d\u0105cemu kluczem W\u0119gier. Jan, kt\u00f3rego wymowa skuteczniej dzia\u0142a\u0142a na lud prosty, ani\u017celi na ksi\u0105\u017c\u0105t, zebra\u0142 spor\u0105 liczb\u0119 wojownik\u00f3w, po\u015bpieszy\u0142 z ni\u0105 do W\u0119gier, wezwa\u0142 do obrony wiary i spowodowa\u0142 mieszka\u0144c\u00f3w do pochwycenia or\u0119\u017ca. Maj\u0105c wszystko na oku i kieruj\u0105c wszystkiem, zebra\u0142 razem z hetmanem Janem Korwinem oko\u0142o 60,000 \u017co\u0142nierza i po\u015bpieszy\u0142 na odsiecz Bia\u0142ogrodu.<\/p>\n\n\n\n<p class=\"has-text-align-justify wp-block-paragraph\"><br>\u2009Prawda, \u017ce armia ta ani w uzbrojeniu, ani co do ilo\u015bci, ani te\u017c pod wzgl\u0119dem karno\u015bci nie zdo\u0142a\u0142a sprosta\u0107 dziesi\u0119\u0107kro\u0107 liczniejszemu nieprzyjacielowi, ale bosy zakonnik wynagradza\u0142 te niedostatki sw\u0105 ufno\u015bci\u0105 w Bogu. Jan z krzy\u017cem, Korwin z mieczem w d\u0142oni przed nadej\u015bciem su\u0142tana z armi\u0105 l\u0105dow\u0105 uderzyli na flot\u0119 i wi\u0119ksz\u0105 jej cz\u0119\u015b\u0107 zniszczyli. Potem rozpocz\u0105\u0142 si\u0119 straszny b\u00f3j i rze\u017a pod murami Bia\u0142ogrodu ze zmiennem szcz\u0119\u015bciem. Kapistran dokazywa\u0142 cud\u00f3w m\u0119stwa i waleczno\u015bci we wszystkich punktach zagro\u017conych, przebiega\u0142 szyki walcz\u0105cych, ju\u017c to pieszo, lub konno w\u015br\u00f3d grzmotu dzia\u0142 i gradu kul, chwal\u0105c m\u0119\u017cnych, zach\u0119caj\u0105c znu\u017conych i pocieszaj\u0105c zw\u0105tpia\u0142ych. Szcz\u0119\u015bcie zdawa\u0142o si\u0119 sprzyja\u0107 Turkom; ju\u017c stan\u0119li na przedmie\u015bciu, ju\u017c b\u0142yszcza\u0142 p\u00f3\u0142ksi\u0119\u017cyc na wie\u017cycach, ju\u017c by\u0142 uciek\u0142 dow\u00f3dca twierdzy, ju\u017c straci\u0142 nadziej\u0119 Korwin, ju\u017c zabrzmia\u0142y sygna\u0142y do uderzenia na ca\u0142e miasto, wtem chwyta Kapistran sztandar, staje na szczycie mur\u00f3w fortecznych i nawo\u0142uje swoich do ponowienia walki; Turcy cofaj\u0105 si\u0119 i zostawiaj\u0105 ogromne stosy poleg\u0142ych, kryj\u0105c si\u0119 poza sza\u0144ce. \u2014 Korwin zakaza\u0142 \u015bciga\u0107 przewa\u017caj\u0105cego si\u0142\u0105 wroga, ale\u00a0Kapistran uderza na czele 4,000 krzy\u017cowc\u00f3w z has\u0142em w ustach: \u201eJezus i Marya\u201c na ob\u00f3z turecki, k\u0142adzie trupem 24,000 muzu\u0142man\u00f3w, a ostatecznie zdobywa ca\u0142y tabor i wszystkie dzia\u0142a. Tak si\u0119 zako\u0144czy\u0142 wa\u017cny dla W\u0119gier i chrze\u015bcija\u0144skiej Europy dzie\u0144 22 lipca 1456, ws\u0142awiony po wszystkie wieki bohaterstwem Kapistrana. Uwiadomiony o tem zwyci\u0119stwie Papie\u017c Kalikst III, nakaza\u0142, aby corocznie 6 sierpnia, jako w dniu zwyci\u0119stwa, na wieczn\u0105 pami\u0105tk\u0119 tej chwa\u0142y obchodzono w ca\u0142em chrze\u015bcija\u0144stwie uroczysto\u015b\u0107\u00a0Przemienienia Pa\u0144skiego. Wskutek zbytecznego wysilenia i zara\u017conego powietrza rozchorowa\u0142 si\u0119 Jan i przewieziony zosta\u0142 do Illoku. Kr\u00f3l w\u0119gierski W\u0142adys\u0142aw przyby\u0142 do niego z Wiednia, pragn\u0105c go utrzyma\u0107 przy \u017cyciu, ale Kr\u00f3l niebieski powo\u0142a\u0142 chorego do wiecznego \u017cywota w dniu 23 pa\u017cdziernika roku 1456. \u017bal by\u0142 powszechny, wszystkie miasta w\u0142oskie i niemieckie, gdzie si\u0119 upami\u0119tni\u0142 swemi kazaniami, wyprawi\u0142y mu uroczyste egzekwie, a W\u0119grzy, uwa\u017caj\u0105c go za \u015awi\u0119tego, pielgrzymowali do jego grobu, kt\u00f3ry wkr\u00f3tce zas\u0142yn\u0105\u0142 cudami. Papie\u017c Leon X zezwoli\u0142 na jego cze\u015b\u0107 w mie\u015bcie Kapistrano; Aleksander VIII kanonizowa\u0142 go w r. 1690, ale dopiero Benedykt XIII og\u0142osi\u0142 Bull\u0105 w r. 1724 jego wyniesienie na godno\u015b\u0107 \u015awi\u0119tego.<\/p>\n\n\n\n<h3 class=\"wp-block-heading\"><br><strong>Nauka moralna.<\/strong><\/h3>\n\n\n\n<p class=\"has-text-align-justify wp-block-paragraph\">\u2009Powiadaj\u0105 o \u015bwi\u0119tym Janie Kapistranie, \u017ce ten dawniejszy s\u0142ynny prawnik i doktor, s\u0119dzia i ulubieniec kr\u00f3lewski, wsiad\u0142 pewnego dnia w zszarza\u0142ym habicie na os\u0142a, a odwr\u00f3cony ty\u0142em do g\u0142owy zwierz\u0119cia, przeje\u017cd\u017ca\u0142 przez najludniejsze ulice miasta, wystawiaj\u0105c si\u0119 pokornie na ur\u0105gowiska i szyderstwa przechodni\u00f3w. C\u00f3\u017c go do tego spowodowa\u0142o?<\/p>\n\n\n\n<p class=\"has-text-align-justify wp-block-paragraph\"><br>\u20091)\u00a0Pokora czyni nas mi\u0142ymi Bogu. Psalmista Pa\u0144ski m\u00f3wi: \u201eKt\u00f3\u017c jako Pan B\u00f3g nasz, kt\u00f3ry mieszka na wysoko\u015bci, a na nizkie rzeczy patrzy na Niebie i na ziemi?\u201c (Psalm 112, 5\u20146). Znaczy to, \u017ce B\u00f3g jako najwy\u017cszy Pan i jedynie prawdziwy B\u00f3g szczeg\u00f3lne znajduje upodobanie w pokorze. Izajasz Prorok pisze: \u201eBo tak m\u00f3wi Wysoki i wynios\u0142y mieszkaj\u0105cy w wieczno\u015bci, a \u015bwi\u0119te Imi\u0119 Jego na wysoko\u015bci i w \u015bwi\u0105tyni mieszkaj\u0105cy, a ze skruszonymi uni\u017conym duchem, aby o\u017cywi\u0142 ducha zni\u017conych, a\u017ceby o\u017cywi\u0142 ducha skruszonych.\u201c Daniel Prorok wo\u0142a: \u201eWy \u015awi\u0119ci i w sercu pokorni, chwalcie Pana.\u201c Chwa\u0142a bowiem jest Mu najmilsz\u0105 z ust pokornych. Naj\u015bwi\u0119tsza Panna o\u015bwiadcza wyra\u017anie, dlaczego J\u0105 B\u00f3g tak umi\u0142owa\u0142 i wyszczeg\u00f3lni\u0142, m\u00f3wi\u0105c: \u201ePan raczy spojrze\u0107 \u0142askawie na niegodn\u0105 s\u0142ug\u0119 Swoj\u0105,\u201c (\u0141uk. 1, 48). \u015awi\u0119ta Magdalena de Pazzis na pytanie, czemu B\u00f3g mi\u0142uje prostodusznych i pokornych odpowiada temi s\u0142owy: \u201ePrzyczyn\u0105 tego jest pokora, bo ta przyci\u0105ga Boga jak magnes do duszy cz\u0142owieka.\u201c Powiedzmy przeto z Judyt\u0105 (Jud. 8, 16): \u201eI przeto\u017c ukorzmy Mu dusze nasze, a b\u0119d\u0105c w duchu uni\u017conym s\u0142u\u017c\u0105c Mu, m\u00f3wmy p\u0142acz\u0105c Panu, aby wed\u0142ug woli Swojej tak uczyni\u0142 z nami mi\u0142osierdzie Swoje.\u201c<\/p>\n\n\n\n<p class=\"has-text-align-justify wp-block-paragraph\"><br>\u20092)\u00a0Pokora jedna nam \u0142ask\u0119 i przychylno\u015b\u0107 Bosk\u0105. Pismo \u015bw. powtarza kilkakrotnie, \u017ce B\u00f3g wstr\u0119t czuje do dumnych, a \u0142askaw jest na pokornych. \u0141aski Pa\u0144skie nazywa Jan \u015bwi\u0119ty\u00a0zdrojami \u017cywej wody. \u201eWoda stacza si\u0119 na d\u00f3\u0142, nie idzie pod g\u00f3r\u0119, \u0142aska Bo\u017ca sp\u0142ywa w g\u0142\u0119bie serc pokornych, nie w dusze nad\u0119te dum\u0105 i zarozumia\u0142o\u015bci\u0105. Doliny s\u0105 o wiele \u017cyzniejsze od g\u00f3r.\u201c M\u00f3wi to r\u00f3wnie\u017c ju\u017c Psalmista Pa\u0144ski, i\u017c wynios\u0142o\u015bci bywaj\u0105 cz\u0119sto nagiemi ska\u0142ami, z kt\u00f3rych stacza si\u0119 deszcz o\u017cywczy, u\u017cyzniaj\u0105c doliny zas\u0142onione od mro\u017anych wiatr\u00f3w. Historya nas uczy, \u017ce dumni i napuszeni s\u0105 pozbawieni \u0142ask i wewn\u0119trznego spokoju, pe\u0142ni trosk i dra\u017cliwo\u015bci, wystawieni na burze pokus i nami\u0119tno\u015bci, a pokorni s\u0105 bogaci w \u0142aski, spok\u00f3j, wesele, nadzieje i serdeczne pociechy, m\u0119stwo i rozliczne cnoty.<\/p>\n\n\n\n<h3 class=\"wp-block-heading\"><br><strong>Modlitwa.<\/strong><\/h3>\n\n\n\n<blockquote class=\"wp-block-quote is-layout-flow wp-block-quote-is-layout-flow\"><p>\u2009Bo\u017ce, kt\u00f3ry\u015b zas\u0142ugami i nauk\u0105 \u015bwi\u0119tego Jana, Ko\u015bci\u00f3\u0142 Tw\u00f3j przedziwnie\u00a0u\u015bwietni\u0142, i przez niego nad wrogami chrze\u015bcija\u0144stwa przez moc przenaj\u015bwi\u0119tszego Imienia Jezus, wiernym da\u0142 odnie\u015b\u0107 zwyci\u0119stwo, spraw mi\u0142o\u015bciwie, prosimy, aby\u015bmy nieprzyjaci\u00f3\u0142 naszych za jego po\u015brednictwem przemagaj\u0105c na ziemi, nagrody razem z nim dost\u0105pili w Niebie. Przez Pana naszego Jezusa Chrystusa. Amen.<\/p><\/blockquote>\n\n\n\n<p class=\"has-text-align-justify wp-block-paragraph\"><em>Opr\u00f3cz tego obchodzi Ko\u015bci\u00f3\u0142 \u015bwi\u0119ty pami\u0105tk\u0119 nast\u0119puj\u0105cych \u015awi\u0119tych Pa\u0144skich, zamieszczonych w rzymskiem martyrologium:<\/em><\/p>\n\n\n\n<p class=\"has-text-align-justify wp-block-paragraph\">\u2009<strong>Dnia 23-go pa\u017adziernika<\/strong>&nbsp;pod Kadyksem w Hiszpanii w okr\u0119gu Urso m\u0119cze\u0144stwo \u015bw.&nbsp;Serwanda i Germana; w prze\u015bladowaniu Dyoklecya\u0144skiem kaza\u0142 namiestnik Viator obu Wyznawc\u00f3w biczowa\u0107, os\u0142abi\u0107 g\u0142odem i pragnieniem i ci\u0119\u017ckimi \u0142a\u0144cuchami okutych wlec z miejsca na miejsce; wko\u0144cu wyda\u0142 rozkaz ich \u015bci\u0119cia. Germana pochowano w Merydzie a Serwanda w Sewilli. \u2014 W Antyochii w Syryi \u015bmier\u0107 m\u0119cze\u0144ska \u015bw.&nbsp;Teodora, Kap\u0142ana; schwytany za panowania bezbo\u017cnego Juliana, zosta\u0142 rozci\u0105gni\u0119ty na torturach a po wielu m\u0119czarniach palony pochodniami. Lecz, \u017ce mimo to nie przestawa\u0142 uznawa\u0107 Chrystusa jako Syna Bo\u017cego, wi\u0119c mieczem katowskim zadano \u017cyciu jego ostatni cios. \u2014 W Granadzie w Hiszpanii uroczysto\u015b\u0107 \u015bw.&nbsp;Piotra Paschazyusza, Biskupa z Jaeny z zakonu Mercedaryusz\u00f3w, m\u0119czonego dnia 6 grudnia. \u2014 W Konstantynopolu pami\u0105tka \u015bw.&nbsp;Ignacego, Patryarchy. Dlatego, i\u017c napomina\u0142 cesarza Bardasa za wyp\u0119dzenie swej \u017cony, nawiedza\u0142 go ten\u017ce r\u00f3\u017cnemi krzywdami, a wko\u0144cu pos\u0142a\u0142 go na wygnanie. P\u00f3\u017aniej jednak\u017ce za wstawieniem si\u0119 Papie\u017ca Miko\u0142aja m\u00f3g\u0142 znowu powr\u00f3ci\u0107 i umar\u0142 spokojnie w Panu. \u2014 W Bordeaux uroczysto\u015b\u0107 \u015bw.&nbsp;Seweryna, Wyznawcy. \u2014 W Rouen pami\u0105tka \u015bw.&nbsp;Romana, Biskupa. \u2014 Pod Salerno uroczysto\u015b\u0107 \u015bw.&nbsp;Verusa, Biskupa. \u2014 W okolicy Amiens pami\u0105tka \u015bw.&nbsp;Domicyusza, Kap\u0142ana. \u2014 W obwodzie Poitiers uroczysto\u015b\u0107 \u015bw.&nbsp;Benedykta, Wyznawcy. \u2014 W Illok na W\u0119grzech uroczysto\u015b\u0107 \u015bw.&nbsp;Jana Kapistrana, Wyznawcy z zakonu Franciszka\u0144skiego, s\u0142awnego \u017cyciem \u015bw. i gorliwo\u015bci\u0105 oko\u0142o rozszerzania wiary. Moc\u0105 swej modlitwy i cud\u00f3w pobi\u0142 ogromne wojsko tureckie i twierdz\u0119 Bia\u0142ogr\u00f3d uwolni\u0142 od obl\u0119\u017cenia.<\/p>\n","protected":false},"excerpt":{"rendered":"<p>\u015bw. Jan Kapistran prze\u017cy\u0142 sporo osobistych katastrof zanim jego kaznodziejski g\u0142os zmi\u0119kcza\u0142 serca i nawraca\u0142 heretyk\u00f3w. Wszystko trwa.<\/p>\n","protected":false},"author":60508433,"featured_media":38422,"comment_status":"open","ping_status":"open","sticky":false,"template":"","format":"standard","meta":{"_bbp_topic_count":0,"_bbp_reply_count":0,"_bbp_total_topic_count":0,"_bbp_total_reply_count":0,"_bbp_voice_count":0,"_bbp_anonymous_reply_count":0,"_bbp_topic_count_hidden":0,"_bbp_reply_count_hidden":0,"_bbp_forum_subforum_count":0,"_editorskit_title_hidden":false,"_editorskit_reading_time":0,"_editorskit_is_block_options_detached":false,"_editorskit_block_options_position":"{}","_coblocks_attr":"","_coblocks_dimensions":"","_coblocks_responsive_height":"","_coblocks_accordion_ie_support":"","_exactmetrics_skip_tracking":false,"_jetpack_newsletter_access":"","_jetpack_dont_email_post_to_subs":false,"_jetpack_newsletter_tier_id":0,"_jetpack_memberships_contains_paywalled_content":false,"_wpcom_ai_launchpad_first_post":false,"_jetpack_feature_clip_id":0,"_jetpack_memberships_contains_paid_content":false,"footnotes":"","jetpack_publicize_message":"{title}\n\n{excerpt}\n\n{url}","jetpack_publicize_feature_enabled":true,"jetpack_social_post_already_shared":true,"jetpack_social_options":{"image_generator_settings":{"template":"highway","default_image_id":0,"font":"","enabled":false},"version":2},"_wpas_customize_per_network":false,"jetpack_post_was_ever_published":false},"categories":[610131825,610131184,336375535,610131268,610131155],"tags":[],"class_list":["post-121812","post","type-post","status-publish","format-standard","has-post-thumbnail","hentry","category-swieta-w-pazdzierniku","category-duchowosc","category-liturgia-i-liturgika","category-rok-liturgiczny","category-rozwazania"],"yoast_head":"<!-- This site is optimized with the Yoast SEO plugin v28.4 - https:\/\/yoast.com\/product\/yoast-seo-wordpress\/ -->\n<title>23-go Pa\u017adziernika. \u017bywot \u015bwi\u0119tego Jana Kapistrana, Franciszkanina. - Tradycja i Wiara<\/title>\n<meta name=\"robots\" content=\"index, follow, max-snippet:-1, max-image-preview:large, max-video-preview:-1\" \/>\n<link rel=\"canonical\" href=\"https:\/\/wobronietradycjiiwiary.com\/pl\/23-go-pazdziernika-zywot-swietego-jana-kapistrana-franciszkanina-2-2-2\/\" \/>\n<meta property=\"og:locale\" content=\"pl_PL\" \/>\n<meta property=\"og:type\" content=\"article\" \/>\n<meta property=\"og:title\" content=\"23-go Pa\u017adziernika. \u017bywot \u015bwi\u0119tego Jana Kapistrana, Franciszkanina. - Tradycja i Wiara\" \/>\n<meta property=\"og:description\" content=\"\u015bw. Jan Kapistran prze\u017cy\u0142 sporo osobistych katastrof zanim jego kaznodziejski g\u0142os zmi\u0119kcza\u0142 serca i nawraca\u0142 heretyk\u00f3w. Wszystko trwa.\" \/>\n<meta property=\"og:url\" content=\"https:\/\/wobronietradycjiiwiary.com\/pl\/23-go-pazdziernika-zywot-swietego-jana-kapistrana-franciszkanina-2-2-2\/\" \/>\n<meta property=\"og:site_name\" content=\"Tradycja i Wiara\" \/>\n<meta property=\"article:publisher\" content=\"https:\/\/www.facebook.com\/Tradycja-i-Wiara-108813920592249\" \/>\n<meta property=\"article:published_time\" content=\"2024-10-23T06:15:56+00:00\" \/>\n<meta property=\"article:modified_time\" content=\"2025-02-10T10:14:33+00:00\" \/>\n<meta property=\"og:image\" content=\"https:\/\/wobronietradycjiiwiary.com\/wp-content\/uploads\/2020\/10\/Saint_John_of_Capistrano_-_Johannes_von_Capestrano.jpg\" \/>\n\t<meta property=\"og:image:width\" content=\"851\" \/>\n\t<meta property=\"og:image:height\" content=\"1607\" \/>\n\t<meta property=\"og:image:type\" content=\"image\/jpeg\" \/>\n<meta name=\"author\" content=\"Traditio et Fides\" \/>\n<meta name=\"twitter:card\" content=\"summary_large_image\" \/>\n<meta name=\"twitter:label1\" content=\"Napisane przez\" \/>\n\t<meta name=\"twitter:data1\" content=\"Traditio et Fides\" \/>\n\t<meta name=\"twitter:label2\" content=\"Szacowany czas czytania\" \/>\n\t<meta name=\"twitter:data2\" content=\"11 minut\" \/>\n<script type=\"application\/ld+json\" class=\"yoast-schema-graph\">{\"@context\":\"https:\\\/\\\/schema.org\",\"@graph\":[{\"@type\":\"Article\",\"@id\":\"https:\\\/\\\/wobronietradycjiiwiary.com\\\/23-go-pazdziernika-zywot-swietego-jana-kapistrana-franciszkanina-2-2-2\\\/#article\",\"isPartOf\":{\"@id\":\"https:\\\/\\\/wobronietradycjiiwiary.com\\\/23-go-pazdziernika-zywot-swietego-jana-kapistrana-franciszkanina-2-2-2\\\/\"},\"author\":{\"name\":\"Traditio et Fides\",\"@id\":\"https:\\\/\\\/wobronietradycjiiwiary.com\\\/pl\\\/#\\\/schema\\\/person\\\/2d6180ce6abcb681fef0daab7816e8f3\"},\"headline\":\"23-go Pa\u017adziernika. \u017bywot \u015bwi\u0119tego Jana Kapistrana, Franciszkanina.\",\"datePublished\":\"2024-10-23T06:15:56+00:00\",\"dateModified\":\"2025-02-10T10:14:33+00:00\",\"mainEntityOfPage\":{\"@id\":\"https:\\\/\\\/wobronietradycjiiwiary.com\\\/23-go-pazdziernika-zywot-swietego-jana-kapistrana-franciszkanina-2-2-2\\\/\"},\"wordCount\":2281,\"commentCount\":0,\"publisher\":{\"@id\":\"https:\\\/\\\/wobronietradycjiiwiary.com\\\/pl\\\/#organization\"},\"image\":{\"@id\":\"https:\\\/\\\/wobronietradycjiiwiary.com\\\/23-go-pazdziernika-zywot-swietego-jana-kapistrana-franciszkanina-2-2-2\\\/#primaryimage\"},\"thumbnailUrl\":\"https:\\\/\\\/wobronietradycjiiwiary.com\\\/wp-content\\\/uploads\\\/2020\\\/10\\\/Saint_John_of_Capistrano_-_Johannes_von_Capestrano.jpg\",\"articleSection\":[\"10. \u015awi\u0119ta w pa\u017adzierniku\",\"Duchowo\u015b\u0107\",\"Liturgia i liturgika\",\"Rok liturgiczny\",\"Rozwa\u017cania liturgiczne\"],\"inLanguage\":\"pl-PL\",\"potentialAction\":[{\"@type\":\"CommentAction\",\"name\":\"Comment\",\"target\":[\"https:\\\/\\\/wobronietradycjiiwiary.com\\\/23-go-pazdziernika-zywot-swietego-jana-kapistrana-franciszkanina-2-2-2\\\/#respond\"]}]},{\"@type\":\"WebPage\",\"@id\":\"https:\\\/\\\/wobronietradycjiiwiary.com\\\/23-go-pazdziernika-zywot-swietego-jana-kapistrana-franciszkanina-2-2-2\\\/\",\"url\":\"https:\\\/\\\/wobronietradycjiiwiary.com\\\/23-go-pazdziernika-zywot-swietego-jana-kapistrana-franciszkanina-2-2-2\\\/\",\"name\":\"23-go Pa\u017adziernika. \u017bywot \u015bwi\u0119tego Jana Kapistrana, Franciszkanina. - Tradycja i Wiara\",\"isPartOf\":{\"@id\":\"https:\\\/\\\/wobronietradycjiiwiary.com\\\/pl\\\/#website\"},\"primaryImageOfPage\":{\"@id\":\"https:\\\/\\\/wobronietradycjiiwiary.com\\\/23-go-pazdziernika-zywot-swietego-jana-kapistrana-franciszkanina-2-2-2\\\/#primaryimage\"},\"image\":{\"@id\":\"https:\\\/\\\/wobronietradycjiiwiary.com\\\/23-go-pazdziernika-zywot-swietego-jana-kapistrana-franciszkanina-2-2-2\\\/#primaryimage\"},\"thumbnailUrl\":\"https:\\\/\\\/wobronietradycjiiwiary.com\\\/wp-content\\\/uploads\\\/2020\\\/10\\\/Saint_John_of_Capistrano_-_Johannes_von_Capestrano.jpg\",\"datePublished\":\"2024-10-23T06:15:56+00:00\",\"dateModified\":\"2025-02-10T10:14:33+00:00\",\"breadcrumb\":{\"@id\":\"https:\\\/\\\/wobronietradycjiiwiary.com\\\/23-go-pazdziernika-zywot-swietego-jana-kapistrana-franciszkanina-2-2-2\\\/#breadcrumb\"},\"inLanguage\":\"pl-PL\",\"potentialAction\":[{\"@type\":\"ReadAction\",\"target\":[\"https:\\\/\\\/wobronietradycjiiwiary.com\\\/23-go-pazdziernika-zywot-swietego-jana-kapistrana-franciszkanina-2-2-2\\\/\"]}]},{\"@type\":\"ImageObject\",\"inLanguage\":\"pl-PL\",\"@id\":\"https:\\\/\\\/wobronietradycjiiwiary.com\\\/23-go-pazdziernika-zywot-swietego-jana-kapistrana-franciszkanina-2-2-2\\\/#primaryimage\",\"url\":\"https:\\\/\\\/wobronietradycjiiwiary.com\\\/wp-content\\\/uploads\\\/2020\\\/10\\\/Saint_John_of_Capistrano_-_Johannes_von_Capestrano.jpg\",\"contentUrl\":\"https:\\\/\\\/wobronietradycjiiwiary.com\\\/wp-content\\\/uploads\\\/2020\\\/10\\\/Saint_John_of_Capistrano_-_Johannes_von_Capestrano.jpg\",\"width\":851,\"height\":1607},{\"@type\":\"BreadcrumbList\",\"@id\":\"https:\\\/\\\/wobronietradycjiiwiary.com\\\/23-go-pazdziernika-zywot-swietego-jana-kapistrana-franciszkanina-2-2-2\\\/#breadcrumb\",\"itemListElement\":[{\"@type\":\"ListItem\",\"position\":1,\"name\":\"Strona g\u0142\u00f3wna\",\"item\":\"https:\\\/\\\/wobronietradycjiiwiary.com\\\/\"},{\"@type\":\"ListItem\",\"position\":2,\"name\":\"23-go Pa\u017adziernika. \u017bywot \u015bwi\u0119tego Jana Kapistrana, Franciszkanina.\"}]},{\"@type\":\"WebSite\",\"@id\":\"https:\\\/\\\/wobronietradycjiiwiary.com\\\/pl\\\/#website\",\"url\":\"https:\\\/\\\/wobronietradycjiiwiary.com\\\/pl\\\/\",\"name\":\"Tradycja i Wiara\",\"description\":\"Portal dla katolik\u00f3w.\",\"publisher\":{\"@id\":\"https:\\\/\\\/wobronietradycjiiwiary.com\\\/pl\\\/#organization\"},\"potentialAction\":[{\"@type\":\"SearchAction\",\"target\":{\"@type\":\"EntryPoint\",\"urlTemplate\":\"https:\\\/\\\/wobronietradycjiiwiary.com\\\/pl\\\/?s={search_term_string}\"},\"query-input\":{\"@type\":\"PropertyValueSpecification\",\"valueRequired\":true,\"valueName\":\"search_term_string\"}}],\"inLanguage\":\"pl-PL\"},{\"@type\":\"Organization\",\"@id\":\"https:\\\/\\\/wobronietradycjiiwiary.com\\\/pl\\\/#organization\",\"name\":\"Tradycja i Wiara\",\"url\":\"https:\\\/\\\/wobronietradycjiiwiary.com\\\/pl\\\/\",\"logo\":{\"@type\":\"ImageObject\",\"inLanguage\":\"pl-PL\",\"@id\":\"https:\\\/\\\/wobronietradycjiiwiary.com\\\/pl\\\/#\\\/schema\\\/logo\\\/image\\\/\",\"url\":\"https:\\\/\\\/i0.wp.com\\\/wobronietradycjiiwiary.com\\\/wp-content\\\/uploads\\\/2015\\\/10\\\/cropped-st-peters-dome-vatican.jpg?fit=940%2C198&ssl=1\",\"contentUrl\":\"https:\\\/\\\/i0.wp.com\\\/wobronietradycjiiwiary.com\\\/wp-content\\\/uploads\\\/2015\\\/10\\\/cropped-st-peters-dome-vatican.jpg?fit=940%2C198&ssl=1\",\"width\":940,\"height\":198,\"caption\":\"Tradycja i Wiara\"},\"image\":{\"@id\":\"https:\\\/\\\/wobronietradycjiiwiary.com\\\/pl\\\/#\\\/schema\\\/logo\\\/image\\\/\"},\"sameAs\":[\"https:\\\/\\\/www.facebook.com\\\/Tradycja-i-Wiara-108813920592249\"]},{\"@type\":\"Person\",\"@id\":\"https:\\\/\\\/wobronietradycjiiwiary.com\\\/pl\\\/#\\\/schema\\\/person\\\/2d6180ce6abcb681fef0daab7816e8f3\",\"name\":\"Traditio et Fides\",\"sameAs\":[\"https:\\\/\\\/traditionundglauben.com\"],\"url\":\"https:\\\/\\\/wobronietradycjiiwiary.com\\\/pl\\\/author\\\/wobronietradycjiiwiary\\\/\"}]}<\/script>\n<!-- \/ Yoast SEO plugin. -->","yoast_head_json":{"title":"23-go Pa\u017adziernika. \u017bywot \u015bwi\u0119tego Jana Kapistrana, Franciszkanina. - Tradycja i Wiara","robots":{"index":"index","follow":"follow","max-snippet":"max-snippet:-1","max-image-preview":"max-image-preview:large","max-video-preview":"max-video-preview:-1"},"canonical":"https:\/\/wobronietradycjiiwiary.com\/pl\/23-go-pazdziernika-zywot-swietego-jana-kapistrana-franciszkanina-2-2-2\/","og_locale":"pl_PL","og_type":"article","og_title":"23-go Pa\u017adziernika. \u017bywot \u015bwi\u0119tego Jana Kapistrana, Franciszkanina. - Tradycja i Wiara","og_description":"\u015bw. Jan Kapistran prze\u017cy\u0142 sporo osobistych katastrof zanim jego kaznodziejski g\u0142os zmi\u0119kcza\u0142 serca i nawraca\u0142 heretyk\u00f3w. Wszystko trwa.","og_url":"https:\/\/wobronietradycjiiwiary.com\/pl\/23-go-pazdziernika-zywot-swietego-jana-kapistrana-franciszkanina-2-2-2\/","og_site_name":"Tradycja i Wiara","article_publisher":"https:\/\/www.facebook.com\/Tradycja-i-Wiara-108813920592249","article_published_time":"2024-10-23T06:15:56+00:00","article_modified_time":"2025-02-10T10:14:33+00:00","og_image":[{"width":851,"height":1607,"url":"https:\/\/wobronietradycjiiwiary.com\/wp-content\/uploads\/2020\/10\/Saint_John_of_Capistrano_-_Johannes_von_Capestrano.jpg","type":"image\/jpeg"}],"author":"Traditio et Fides","twitter_card":"summary_large_image","twitter_misc":{"Napisane przez":"Traditio et Fides","Szacowany czas czytania":"11 minut"},"schema":{"@context":"https:\/\/schema.org","@graph":[{"@type":"Article","@id":"https:\/\/wobronietradycjiiwiary.com\/23-go-pazdziernika-zywot-swietego-jana-kapistrana-franciszkanina-2-2-2\/#article","isPartOf":{"@id":"https:\/\/wobronietradycjiiwiary.com\/23-go-pazdziernika-zywot-swietego-jana-kapistrana-franciszkanina-2-2-2\/"},"author":{"name":"Traditio et Fides","@id":"https:\/\/wobronietradycjiiwiary.com\/pl\/#\/schema\/person\/2d6180ce6abcb681fef0daab7816e8f3"},"headline":"23-go Pa\u017adziernika. \u017bywot \u015bwi\u0119tego Jana Kapistrana, Franciszkanina.","datePublished":"2024-10-23T06:15:56+00:00","dateModified":"2025-02-10T10:14:33+00:00","mainEntityOfPage":{"@id":"https:\/\/wobronietradycjiiwiary.com\/23-go-pazdziernika-zywot-swietego-jana-kapistrana-franciszkanina-2-2-2\/"},"wordCount":2281,"commentCount":0,"publisher":{"@id":"https:\/\/wobronietradycjiiwiary.com\/pl\/#organization"},"image":{"@id":"https:\/\/wobronietradycjiiwiary.com\/23-go-pazdziernika-zywot-swietego-jana-kapistrana-franciszkanina-2-2-2\/#primaryimage"},"thumbnailUrl":"https:\/\/wobronietradycjiiwiary.com\/wp-content\/uploads\/2020\/10\/Saint_John_of_Capistrano_-_Johannes_von_Capestrano.jpg","articleSection":["10. \u015awi\u0119ta w pa\u017adzierniku","Duchowo\u015b\u0107","Liturgia i liturgika","Rok liturgiczny","Rozwa\u017cania liturgiczne"],"inLanguage":"pl-PL","potentialAction":[{"@type":"CommentAction","name":"Comment","target":["https:\/\/wobronietradycjiiwiary.com\/23-go-pazdziernika-zywot-swietego-jana-kapistrana-franciszkanina-2-2-2\/#respond"]}]},{"@type":"WebPage","@id":"https:\/\/wobronietradycjiiwiary.com\/23-go-pazdziernika-zywot-swietego-jana-kapistrana-franciszkanina-2-2-2\/","url":"https:\/\/wobronietradycjiiwiary.com\/23-go-pazdziernika-zywot-swietego-jana-kapistrana-franciszkanina-2-2-2\/","name":"23-go Pa\u017adziernika. \u017bywot \u015bwi\u0119tego Jana Kapistrana, Franciszkanina. - Tradycja i Wiara","isPartOf":{"@id":"https:\/\/wobronietradycjiiwiary.com\/pl\/#website"},"primaryImageOfPage":{"@id":"https:\/\/wobronietradycjiiwiary.com\/23-go-pazdziernika-zywot-swietego-jana-kapistrana-franciszkanina-2-2-2\/#primaryimage"},"image":{"@id":"https:\/\/wobronietradycjiiwiary.com\/23-go-pazdziernika-zywot-swietego-jana-kapistrana-franciszkanina-2-2-2\/#primaryimage"},"thumbnailUrl":"https:\/\/wobronietradycjiiwiary.com\/wp-content\/uploads\/2020\/10\/Saint_John_of_Capistrano_-_Johannes_von_Capestrano.jpg","datePublished":"2024-10-23T06:15:56+00:00","dateModified":"2025-02-10T10:14:33+00:00","breadcrumb":{"@id":"https:\/\/wobronietradycjiiwiary.com\/23-go-pazdziernika-zywot-swietego-jana-kapistrana-franciszkanina-2-2-2\/#breadcrumb"},"inLanguage":"pl-PL","potentialAction":[{"@type":"ReadAction","target":["https:\/\/wobronietradycjiiwiary.com\/23-go-pazdziernika-zywot-swietego-jana-kapistrana-franciszkanina-2-2-2\/"]}]},{"@type":"ImageObject","inLanguage":"pl-PL","@id":"https:\/\/wobronietradycjiiwiary.com\/23-go-pazdziernika-zywot-swietego-jana-kapistrana-franciszkanina-2-2-2\/#primaryimage","url":"https:\/\/wobronietradycjiiwiary.com\/wp-content\/uploads\/2020\/10\/Saint_John_of_Capistrano_-_Johannes_von_Capestrano.jpg","contentUrl":"https:\/\/wobronietradycjiiwiary.com\/wp-content\/uploads\/2020\/10\/Saint_John_of_Capistrano_-_Johannes_von_Capestrano.jpg","width":851,"height":1607},{"@type":"BreadcrumbList","@id":"https:\/\/wobronietradycjiiwiary.com\/23-go-pazdziernika-zywot-swietego-jana-kapistrana-franciszkanina-2-2-2\/#breadcrumb","itemListElement":[{"@type":"ListItem","position":1,"name":"Strona g\u0142\u00f3wna","item":"https:\/\/wobronietradycjiiwiary.com\/"},{"@type":"ListItem","position":2,"name":"23-go Pa\u017adziernika. \u017bywot \u015bwi\u0119tego Jana Kapistrana, Franciszkanina."}]},{"@type":"WebSite","@id":"https:\/\/wobronietradycjiiwiary.com\/pl\/#website","url":"https:\/\/wobronietradycjiiwiary.com\/pl\/","name":"Tradycja i Wiara","description":"Portal dla katolik\u00f3w.","publisher":{"@id":"https:\/\/wobronietradycjiiwiary.com\/pl\/#organization"},"potentialAction":[{"@type":"SearchAction","target":{"@type":"EntryPoint","urlTemplate":"https:\/\/wobronietradycjiiwiary.com\/pl\/?s={search_term_string}"},"query-input":{"@type":"PropertyValueSpecification","valueRequired":true,"valueName":"search_term_string"}}],"inLanguage":"pl-PL"},{"@type":"Organization","@id":"https:\/\/wobronietradycjiiwiary.com\/pl\/#organization","name":"Tradycja i Wiara","url":"https:\/\/wobronietradycjiiwiary.com\/pl\/","logo":{"@type":"ImageObject","inLanguage":"pl-PL","@id":"https:\/\/wobronietradycjiiwiary.com\/pl\/#\/schema\/logo\/image\/","url":"https:\/\/i0.wp.com\/wobronietradycjiiwiary.com\/wp-content\/uploads\/2015\/10\/cropped-st-peters-dome-vatican.jpg?fit=940%2C198&ssl=1","contentUrl":"https:\/\/i0.wp.com\/wobronietradycjiiwiary.com\/wp-content\/uploads\/2015\/10\/cropped-st-peters-dome-vatican.jpg?fit=940%2C198&ssl=1","width":940,"height":198,"caption":"Tradycja i Wiara"},"image":{"@id":"https:\/\/wobronietradycjiiwiary.com\/pl\/#\/schema\/logo\/image\/"},"sameAs":["https:\/\/www.facebook.com\/Tradycja-i-Wiara-108813920592249"]},{"@type":"Person","@id":"https:\/\/wobronietradycjiiwiary.com\/pl\/#\/schema\/person\/2d6180ce6abcb681fef0daab7816e8f3","name":"Traditio et Fides","sameAs":["https:\/\/traditionundglauben.com"],"url":"https:\/\/wobronietradycjiiwiary.com\/pl\/author\/wobronietradycjiiwiary\/"}]}},"jetpack_publicize_connections":[],"jetpack_sharing_enabled":true,"jetpack_likes_enabled":true,"jetpack_shortlink":"https:\/\/wp.me\/pc04Sd-vGI","jetpack-related-posts":[{"id":39868,"url":"https:\/\/wobronietradycjiiwiary.com\/pl\/24-go-listopada-zywot-swietego-jana-od-krzyza\/","url_meta":{"origin":121812,"position":0},"title":"24-go Listopada. \u017bywot \u015bwi\u0119tego Jana od Krzy\u017ca.","author":"Traditio et Fides","date":"24 listopada 2020","format":false,"excerpt":"Przed poznaniem \u015bw. Teresy z Avila \u015bw. Jan od Krzy\u017ca pragn\u0105\u0142 zosta\u0107 kartuzem, by mie\u0107 spok\u00f3j, a Pan B\u00f3g kaza\u0142 mu dzia\u0142a\u0107 i reformowa\u0107 Karmel. Przeszed\u0142 z r\u0105k wsp\u00f3\u0142braci wiele cierpie\u0144 do dos\u0142ownych tortur w\u0142\u0105cznie, uciek\u0142 z jednego klasztoru spuszczaj\u0105c si\u0119 z okna po linie, a pod koniec \u017cycia wybra\u0142\u2026","rel":"","context":"W \u201e11. \u015awi\u0119ta w listopadzie&quot;","block_context":{"text":"11. \u015awi\u0119ta w listopadzie","link":"https:\/\/wobronietradycjiiwiary.com\/pl\/category\/duchowosc\/liturgia-i-liturgika\/rozwazania\/rok-liturgiczny\/swieta-w-listopadzie\/"},"img":{"alt_text":"","src":"https:\/\/i0.wp.com\/wobronietradycjiiwiary.com\/wp-content\/uploads\/2020\/11\/Johannes-vom-Kreuz.jpg?resize=350%2C200&ssl=1","width":350,"height":200},"classes":[]},{"id":39873,"url":"https:\/\/wobronietradycjiiwiary.com\/pl\/24-go-listopada-zywot-swietego-jana-od-krzyza-2\/","url_meta":{"origin":121812,"position":1},"title":"24-go Listopada. \u017bywot \u015bwi\u0119tego Jana od Krzy\u017ca.","author":"Traditio et Fides","date":"24 listopada 2022","format":false,"excerpt":"Przed poznaniem \u015bw. Teresy z Avila \u015bw. Jan od Krzy\u017ca pragn\u0105\u0142 zosta\u0107 kartuzem, by mie\u0107 spok\u00f3j, a Pan B\u00f3g kaza\u0142 mu dzia\u0142a\u0107 i reformowa\u0107 Karmel. Przeszed\u0142 z r\u0105k wsp\u00f3\u0142braci wiele cierpie\u0144 do dos\u0142ownych tortur w\u0142\u0105cznie, uciek\u0142 z jednego klasztoru spuszczaj\u0105c si\u0119 z okna po linie, a pod koniec \u017cycia wybra\u0142\u2026","rel":"","context":"W \u201e11. \u015awi\u0119ta w listopadzie&quot;","block_context":{"text":"11. \u015awi\u0119ta w listopadzie","link":"https:\/\/wobronietradycjiiwiary.com\/pl\/category\/duchowosc\/liturgia-i-liturgika\/rozwazania\/rok-liturgiczny\/swieta-w-listopadzie\/"},"img":{"alt_text":"","src":"https:\/\/i0.wp.com\/wobronietradycjiiwiary.com\/wp-content\/uploads\/2020\/11\/Johannes-vom-Kreuz.jpg?resize=350%2C200&ssl=1","width":350,"height":200},"classes":[]},{"id":52079,"url":"https:\/\/wobronietradycjiiwiary.com\/pl\/24-go-listopada-zywot-swietego-jana-od-krzyza-3\/","url_meta":{"origin":121812,"position":2},"title":"24-go Listopada. \u017bywot \u015bwi\u0119tego Jana od Krzy\u017ca.","author":"Traditio et Fides","date":"24 listopada 2021","format":false,"excerpt":"Przed poznaniem \u015bw. Teresy z Avila \u015bw. Jan od Krzy\u017ca pragn\u0105\u0142 zosta\u0107 kartuzem, by mie\u0107 spok\u00f3j, a Pan B\u00f3g kaza\u0142 mu dzia\u0142a\u0107 i reformowa\u0107 Karmel. Przeszed\u0142 z r\u0105k wsp\u00f3\u0142braci wiele cierpie\u0144 do dos\u0142ownych tortur w\u0142\u0105cznie, uciek\u0142 z jednego klasztoru spuszczaj\u0105c si\u0119 z okna po linie, a pod koniec \u017cycia wybra\u0142\u2026","rel":"","context":"W \u201e11. \u015awi\u0119ta w listopadzie&quot;","block_context":{"text":"11. \u015awi\u0119ta w listopadzie","link":"https:\/\/wobronietradycjiiwiary.com\/pl\/category\/duchowosc\/liturgia-i-liturgika\/rozwazania\/rok-liturgiczny\/swieta-w-listopadzie\/"},"img":{"alt_text":"","src":"https:\/\/i0.wp.com\/wobronietradycjiiwiary.com\/wp-content\/uploads\/2020\/11\/Johannes-vom-Kreuz.jpg?resize=350%2C200&ssl=1","width":350,"height":200},"classes":[]},{"id":44617,"url":"https:\/\/wobronietradycjiiwiary.com\/pl\/17-go-marca-zywot-blogoslawionego-jana-sarkandra-meczennika-2\/","url_meta":{"origin":121812,"position":3},"title":"17-go Marca. \u017bywot b\u0142ogos\u0142awionego Jana Sarkandra, M\u0119czennika.","author":"Traditio et Fides","date":"17 marca 2022","format":false,"excerpt":"W mi\u0119dzyczasie \u015bwi\u0119ty Jan Sarkander jest ma\u0142o ekumenicznym \u015bwi\u0119tym, skoro zam\u0119czony zosta\u0142 przez heretyk\u00f3w nie chc\u0105c wyjawi\u0107 tajemnicy spowiedzi. A m\u0119cze\u0144stwo trwa\u0142o d\u0142ugo i by\u0142o bolesne. I wydaje si\u0119, \u017ce poprzez \u015bmier\u0107, \u017ar\u00f3de\u0142ko i kult \u015bw. Jan osi\u0105gn\u0105\u0142 po \u015bmierci wi\u0119cej ni\u017c za \u017cycia.","rel":"","context":"W \u201e03. \u015awi\u0119ta w marcu&quot;","block_context":{"text":"03. \u015awi\u0119ta w marcu","link":"https:\/\/wobronietradycjiiwiary.com\/pl\/category\/duchowosc\/liturgia-i-liturgika\/rozwazania\/rok-liturgiczny\/swieta-w-marcu\/"},"img":{"alt_text":"","src":"https:\/\/i0.wp.com\/wobronietradycjiiwiary.com\/wp-content\/uploads\/2021\/03\/John-Sarkander.jpg?resize=350%2C200&ssl=1","width":350,"height":200,"srcset":"https:\/\/i0.wp.com\/wobronietradycjiiwiary.com\/wp-content\/uploads\/2021\/03\/John-Sarkander.jpg?resize=350%2C200&ssl=1 1x, https:\/\/i0.wp.com\/wobronietradycjiiwiary.com\/wp-content\/uploads\/2021\/03\/John-Sarkander.jpg?resize=525%2C300&ssl=1 1.5x, https:\/\/i0.wp.com\/wobronietradycjiiwiary.com\/wp-content\/uploads\/2021\/03\/John-Sarkander.jpg?resize=700%2C400&ssl=1 2x, https:\/\/i0.wp.com\/wobronietradycjiiwiary.com\/wp-content\/uploads\/2021\/03\/John-Sarkander.jpg?resize=1050%2C600&ssl=1 3x"},"classes":[]},{"id":43750,"url":"https:\/\/wobronietradycjiiwiary.com\/pl\/17-go-marca-zywot-blogoslawionego-jana-sarkandra-meczennika\/","url_meta":{"origin":121812,"position":4},"title":"17-go Marca. \u017bywot b\u0142ogos\u0142awionego Jana Sarkandra, M\u0119czennika.","author":"Traditio et Fides","date":"17 marca 2021","format":false,"excerpt":"W mi\u0119dzyczasie \u015bwi\u0119ty Jan Sarkander jest ma\u0142o ekumenicznym \u015bwi\u0119tym, skoro zam\u0119czony zosta\u0142 przez heretyk\u00f3w nie chc\u0105c wyjawi\u0107 tajemnicy spowiedzi. A m\u0119cze\u0144stwo trwa\u0142o d\u0142ugo i by\u0142o bolesne. I wydaje si\u0119, \u017ce poprzez \u015bmier\u0107, \u017ar\u00f3de\u0142ko i kult \u015bw. Jan osi\u0105gn\u0105\u0142 po \u015bmierci wi\u0119cej ni\u017c za \u017cycia.","rel":"","context":"W \u201e03. \u015awi\u0119ta w marcu&quot;","block_context":{"text":"03. \u015awi\u0119ta w marcu","link":"https:\/\/wobronietradycjiiwiary.com\/pl\/category\/duchowosc\/liturgia-i-liturgika\/rozwazania\/rok-liturgiczny\/swieta-w-marcu\/"},"img":{"alt_text":"","src":"https:\/\/i0.wp.com\/wobronietradycjiiwiary.com\/wp-content\/uploads\/2021\/03\/John-Sarkander.jpg?resize=350%2C200&ssl=1","width":350,"height":200,"srcset":"https:\/\/i0.wp.com\/wobronietradycjiiwiary.com\/wp-content\/uploads\/2021\/03\/John-Sarkander.jpg?resize=350%2C200&ssl=1 1x, https:\/\/i0.wp.com\/wobronietradycjiiwiary.com\/wp-content\/uploads\/2021\/03\/John-Sarkander.jpg?resize=525%2C300&ssl=1 1.5x, https:\/\/i0.wp.com\/wobronietradycjiiwiary.com\/wp-content\/uploads\/2021\/03\/John-Sarkander.jpg?resize=700%2C400&ssl=1 2x, https:\/\/i0.wp.com\/wobronietradycjiiwiary.com\/wp-content\/uploads\/2021\/03\/John-Sarkander.jpg?resize=1050%2C600&ssl=1 3x"},"classes":[]},{"id":86351,"url":"https:\/\/wobronietradycjiiwiary.com\/pl\/17-go-marca-zywot-blogoslawionego-jana-sarkandra-meczennika-2-2\/","url_meta":{"origin":121812,"position":5},"title":"17-go Marca. \u017bywot b\u0142ogos\u0142awionego Jana Sarkandra, M\u0119czennika.","author":"Traditio et Fides","date":"17 marca 2023","format":false,"excerpt":"W mi\u0119dzyczasie \u015bwi\u0119ty Jan Sarkander jest ma\u0142o ekumenicznym \u015bwi\u0119tym, skoro zam\u0119czony zosta\u0142 przez heretyk\u00f3w nie chc\u0105c wyjawi\u0107 tajemnicy spowiedzi. A m\u0119cze\u0144stwo trwa\u0142o d\u0142ugo i by\u0142o bolesne. I wydaje si\u0119, \u017ce poprzez \u015bmier\u0107, \u017ar\u00f3de\u0142ko i kult \u015bw. Jan osi\u0105gn\u0105\u0142 po \u015bmierci wi\u0119cej ni\u017c za \u017cycia.","rel":"","context":"W \u201e03. \u015awi\u0119ta w marcu&quot;","block_context":{"text":"03. \u015awi\u0119ta w marcu","link":"https:\/\/wobronietradycjiiwiary.com\/pl\/category\/duchowosc\/liturgia-i-liturgika\/rozwazania\/rok-liturgiczny\/swieta-w-marcu\/"},"img":{"alt_text":"","src":"https:\/\/i0.wp.com\/wobronietradycjiiwiary.com\/wp-content\/uploads\/2021\/03\/John-Sarkander.jpg?resize=350%2C200&ssl=1","width":350,"height":200,"srcset":"https:\/\/i0.wp.com\/wobronietradycjiiwiary.com\/wp-content\/uploads\/2021\/03\/John-Sarkander.jpg?resize=350%2C200&ssl=1 1x, https:\/\/i0.wp.com\/wobronietradycjiiwiary.com\/wp-content\/uploads\/2021\/03\/John-Sarkander.jpg?resize=525%2C300&ssl=1 1.5x, https:\/\/i0.wp.com\/wobronietradycjiiwiary.com\/wp-content\/uploads\/2021\/03\/John-Sarkander.jpg?resize=700%2C400&ssl=1 2x, https:\/\/i0.wp.com\/wobronietradycjiiwiary.com\/wp-content\/uploads\/2021\/03\/John-Sarkander.jpg?resize=1050%2C600&ssl=1 3x"},"classes":[]}],"amp_enabled":true,"jetpack_featured_media_url":"https:\/\/wobronietradycjiiwiary.com\/wp-content\/uploads\/2020\/10\/Saint_John_of_Capistrano_-_Johannes_von_Capestrano.jpg","_links":{"self":[{"href":"https:\/\/wobronietradycjiiwiary.com\/pl\/wp-json\/wp\/v2\/posts\/121812","targetHints":{"allow":["GET"]}}],"collection":[{"href":"https:\/\/wobronietradycjiiwiary.com\/pl\/wp-json\/wp\/v2\/posts"}],"about":[{"href":"https:\/\/wobronietradycjiiwiary.com\/pl\/wp-json\/wp\/v2\/types\/post"}],"author":[{"embeddable":true,"href":"https:\/\/wobronietradycjiiwiary.com\/pl\/wp-json\/wp\/v2\/users\/60508433"}],"replies":[{"embeddable":true,"href":"https:\/\/wobronietradycjiiwiary.com\/pl\/wp-json\/wp\/v2\/comments?post=121812"}],"version-history":[{"count":1,"href":"https:\/\/wobronietradycjiiwiary.com\/pl\/wp-json\/wp\/v2\/posts\/121812\/revisions"}],"predecessor-version":[{"id":121831,"href":"https:\/\/wobronietradycjiiwiary.com\/pl\/wp-json\/wp\/v2\/posts\/121812\/revisions\/121831"}],"wp:featuredmedia":[{"embeddable":true,"href":"https:\/\/wobronietradycjiiwiary.com\/pl\/wp-json\/wp\/v2\/media\/38422"}],"wp:attachment":[{"href":"https:\/\/wobronietradycjiiwiary.com\/pl\/wp-json\/wp\/v2\/media?parent=121812"}],"wp:term":[{"taxonomy":"category","embeddable":true,"href":"https:\/\/wobronietradycjiiwiary.com\/pl\/wp-json\/wp\/v2\/categories?post=121812"},{"taxonomy":"post_tag","embeddable":true,"href":"https:\/\/wobronietradycjiiwiary.com\/pl\/wp-json\/wp\/v2\/tags?post=121812"}],"curies":[{"name":"wp","href":"https:\/\/api.w.org\/{rel}","templated":true}]}}