{"id":120309,"date":"2024-09-02T11:16:42","date_gmt":"2024-09-02T09:16:42","guid":{"rendered":"https:\/\/wobronietradycjiiwiary.com\/?p=120309"},"modified":"2025-02-10T11:14:33","modified_gmt":"2025-02-10T10:14:33","slug":"juz-sie-zmierzcha-lub-jesienne-modlitwy-do-aniolow","status":"publish","type":"post","link":"https:\/\/wobronietradycjiiwiary.com\/pl\/juz-sie-zmierzcha-lub-jesienne-modlitwy-do-aniolow\/","title":{"rendered":"&#8220;Ju\u017c si\u0119 zmierzcha&#8221; lub jesienne modlitwy do anio\u0142\u00f3w"},"content":{"rendered":"<div id=\"bsf_rt_marker\"><\/div>\n<h2 class=\"wp-block-heading\">O oktawach<\/h2>\n\n\n\n<p class=\"has-text-align-justify wp-block-paragraph\">Wczoraj pisz\u0105cy te s\u0142owa zmieni\u0142 brewiarz trydencki z letniego (<em>pars aestiva<\/em>) na jesienny (<em>pars autumnalis<\/em>). <\/p>\n\n\n\n<p class=\"has-text-align-justify wp-block-paragraph\">Przy okazji odkry\u0142 w cz\u0119\u015bci przeznaczonej dla niekt\u00f3rych diecezji, jak dla diecezji Tours, z kt\u00f3rej brewiarz pochodzi, nieznane \u015bwi\u0119to duplex z oktaw\u0105. Jest nim \u015bwi\u0119to Anio\u0142\u00f3w Str\u00f3\u017c\u00f3w obchodzone w pierwsz\u0105 niedziel\u0119 wrze\u015bnia z oktaw\u0105.<\/p>\n\n\n\n<p class=\"has-medium-font-size wp-block-paragraph\">    A co to znaczy, \u017ce z oktaw\u0105?<\/p>\n\n\n\n<p class=\"has-text-align-justify wp-block-paragraph\">Rubryki brewiarza trydenckiego, kt\u00f3rych w tym miejscu omawia\u0107 nie b\u0119dziemy, a kt\u00f3re znale\u017a\u0107 mo\u017cna <a href=\"https:\/\/www.divinumofficium.com\/www\/horas\/Help\/rubrics.html#DA\">tu<\/a>, stanowi\u0105 o tym, co, kiedy i dlaczego ma swoj\u0105 oktaw\u0119. <\/p>\n\n\n\n<p class=\"has-text-align-justify wp-block-paragraph\">Jedynie najwa\u017cniejsze \u015bwi\u0119ta mia\u0142y swoje oktawy, to jest Msze danego \u015bwi\u0119ta i czytania brewiarzowe przez ca\u0142e osiem dni, st\u0105d te\u017c nazwa &#8220;oktawa&#8221; od \u0142acinskiego <em>octo <\/em>&#8211; &#8216;osiem&#8217;. <\/p>\n\n\n\n<p class=\"has-text-align-justify wp-block-paragraph\">Tote\u017c przyznanie jakiemu\u015b \u015bwi\u0119tu oktawy stanowi najwy\u017csz\u0105 form\u0119 jego \u00f6 wyr\u00f3\u017cnienia.<\/p>\n\n\n\n<p class=\"has-text-align-justify wp-block-paragraph\">Tego rodzaju \u015bwi\u0119tami by\u0142y:<\/p>\n\n\n\n<ol class=\"wp-block-list\">\n<li>Bo\u017ce Narodzenie,<\/li>\n\n\n\n<li>\u015aw. Szczepana M\u0119czennika,<\/li>\n\n\n\n<li>\u015aw. Jana Aposto\u0142a,<\/li>\n\n\n\n<li>\u015aw. M\u0142odziank\u00f3w,<\/li>\n\n\n\n<li>Objawienie Pa\u0144skie<\/li>\n\n\n\n<li>Narodzenie Jana Chrzciciela,<\/li>\n\n\n\n<li>Bo\u017ce Cia\u0142o,<\/li>\n\n\n\n<li>\u015aw. Piotra i Paw\u0142a,<\/li>\n\n\n\n<li>\u015aw. Wawrzy\u0144ca M\u0119czennika,<\/li>\n\n\n\n<li>Wniebowzi\u0119cie NMP,<\/li>\n\n\n\n<li>Narodziny NMP,<\/li>\n\n\n\n<li>Wszystkich \u015awi\u0119tych.<\/li>\n<\/ol>\n\n\n\n<p class=\"wp-block-paragraph\"><\/p>\n\n\n\n<p class=\"has-text-align-justify wp-block-paragraph\">Rubryki trydenckie przewiduj\u0105 tak\u017ce oktawy na \u015bwi\u0119to po\u015bwi\u0119cenia w\u0142asnego ko\u015bcio\u0142a lub na \u015bwi\u0119ta w kalendarzu w\u0142asnym diecezji. St\u0105d te\u017c mo\u017cliwe by\u0142o, \u017ce jaka\u015b diecezja obchodzi\u0142a \u015bwi\u0119ta z oktaw\u0105 w innych rejonach  nieznane.<\/p>\n\n\n\n<p class=\"has-text-align-justify wp-block-paragraph\">Ale Ko\u015bci\u00f3\u0142 jest zawsze czym\u015b lokalnym, wi\u0119c znaczenie ma to, co jest u nas, a nie gdzie indziej. Zwyczeje liturgiczne (<em>consuetudines<\/em>) traktowane by\u0142y przed Soborem powa\u017cnie. <\/p>\n\n\n\n<p class=\"has-text-align-justify wp-block-paragraph\">A kiedy jaki\u015b zwyczaj (<em>consuetudo<\/em>) trwa\u0142 gdzie\u015b ponad 80 lat, to z czasem nabywa\u0142 mocy prawa.<\/p>\n\n\n\n<p class=\"has-text-align-justify wp-block-paragraph\">I tak w archidiecezji Tours do roku 1911, to jest do reform brewiarzowych Piusa X, w pierwsz\u0105 niedziel\u0119 wrze\u015bnia obchodzono \u015bwi\u0119to \u015awi\u0119tych Anio\u0142\u00f3w Str\u00f3\u017c\u00f3w i to od razu oktaw\u0105. <\/p>\n\n\n\n<p class=\"has-text-align-justify wp-block-paragraph\">Teksty brewiarzowe brane by\u0142y ze <a href=\"https:\/\/www.divinumofficium.com\/cgi-bin\/horas\/officium.pl\">\u015bwi\u0119ta Anio\u0142\u00f3w Str\u00f3\u017c\u00f3w<\/a> obchodzonego 2. pa\u017adziernika w ca\u0142ym Ko\u015bciele, a czytania na oktaw\u0119 by\u0142y w\u0142asne.<\/p>\n\n\n\n<p class=\"has-text-align-justify wp-block-paragraph\">Z punktu widzenia liturgii tego rodzaju \u015bwi\u0119to celebrowanew niedziel\u0119 i to z oktaw\u0105 by\u0142o niesamowitym &#8220;\u0142adunkiem duchowo\u015bci&#8221;, jakby odpalon\u0105 bomb\u0105 \u015bwi\u0119to\u015bci i to odpalan\u0105 przez osiem dni z rz\u0119du. <\/p>\n\n\n\n<p class=\"has-text-align-justify wp-block-paragraph\">Je\u015bli za\u0142o\u017cymy, \u017ce modlitwy liturgiczne dzia\u0142aj\u0105, to <a href=\"https:\/\/wobronietradycjiiwiary.com\/pl?s=oktawy\">oktawy<\/a>, o kt\u00f3rych by\u0142a ju\u017c mowa, dzia\u0142aj\u0105 bardziej.<\/p>\n\n\n\n<h2 class=\"wp-block-heading\">\u015awi\u0119ta anielskie jesieni\u0105 i w ci\u0105gu roku<\/h2>\n\n\n\n<p class=\"wp-block-paragraph\">Autor u\u015bwiadomi\u0142 sobie, \u017ce \u015bwi\u0105t anielskich jest w okresie jesiennym ca\u0142kiem sporo, gdy\u017c w tym czasie obchodzimy:<\/p>\n\n\n\n<p class=\"wp-block-paragraph\"><\/p>\n\n\n\n<ul class=\"wp-block-list\">\n<li>29. wrze\u015bnia \u015bw. Micha\u0142a Archanio\u0142a &#8211; <em>In Dedicatione S. Michaelis Archangeli<\/em>,<\/li>\n\n\n\n<li>2. pa\u017adziernika \u015bw. Anio\u0142\u00f3w Str\u00f3\u017c\u00f3w,<\/li>\n\n\n\n<li>w pierwsz\u0105 niedziel\u0119 wrze\u015bnia  \u015aw. Anio\u0142\u00f3w Str\u00f3\u017c\u00f3w w niekt\u00f3rych diecezjach, <\/li>\n\n\n\n<li>w pierwszym tygodniu wrze\u015bnia Oktaw\u0119 \u015bwi\u0119ta \u015bw. Anio\u0142\u00f3w Str\u00f3\u017c\u00f3w. <\/li>\n<\/ul>\n\n\n\n<p class=\"wp-block-paragraph\"><\/p>\n\n\n\n<p class=\"wp-block-paragraph\">Poza tym \u015bwi\u0119tujemy:<\/p>\n\n\n\n<ul class=\"wp-block-list\">\n<li>8. maja \u015bw. Objawienia \u015bw. Micha\u0142a Archanio\u0142a,<\/li>\n\n\n\n<li>24. marca \u015bw. Gabriela Archanio\u0142a (w kalendarzach diecezjalnych),<\/li>\n\n\n\n<li>26. kwietnia \u015bw. Rafa\u0142a Archanio\u0142a (w kalendarzach diecezjalnych).<\/li>\n<\/ul>\n\n\n\n<p class=\"wp-block-paragraph\"><\/p>\n\n\n\n<p class=\"wp-block-paragraph\">Jak wida\u0107 \u015bwi\u0105t tych by\u0142o niema\u0142o, a w Novus Ordo pozosta\u0142y jedynie dwa:<\/p>\n\n\n\n<ul class=\"wp-block-list\">\n<li>29. wrze\u015bnia \u015aw. Archanio\u0142\u00f3w Micha\u0142a, Gabriela i Rafa\u0142a,<\/li>\n\n\n\n<li>2. pa\u017adziernika \u015aw. Anio\u0142\u00f3w Str\u00f3\u017c\u00f3w.<\/li>\n<\/ul>\n\n\n\n<p class=\"wp-block-paragraph\"><\/p>\n\n\n\n<p class=\"has-text-align-justify wp-block-paragraph\">Ju\u017c Carol Byrne <a href=\"https:\/\/wobronietradycjiiwiary.com\/pl\/carol-byrne-msza-dialogowana-88-1-z-129-sw-michala-kolejne-niechciane-swieto-reformatorow\/\">ubolewa<\/a>, podobnie jak <a href=\"https:\/\/wobronietradycjiiwiary.com\/pl?s=Gargano\">my<\/a>, nad redukcj\u0105 i racjonalizacj\u0105 \u015bwi\u0105t anielskich, co najbardziej rzuca si\u0119 w oczy 29. wrze\u015bnia, kiedy to z trzech \u015bwi\u0105t \u015bw. Anio\u0142\u00f3w Archanio\u0142\u00f3w zrobiono jedno. <\/p>\n\n\n\n<p class=\"has-text-align-justify wp-block-paragraph\">Mo\u017cna by zapyta\u0107, dlaczego redukowa\u0107 co\u015b, czego rzekomo nie ma? <\/p>\n\n\n\n<p class=\"has-text-align-justify wp-block-paragraph\">Przecie\u017c moderni\u015bci i racjonali\u015bci w anio\u0142y nie wierz\u0105, wi\u0119c komu to przeszkadza, \u017ce te nieistniej\u0105ce anio\u0142y maj\u0105 jedno \u015bwi\u0119to wi\u0119cej lub mniej?<\/p>\n\n\n\n<p class=\"has-text-align-justify wp-block-paragraph\"><\/p>\n\n\n<div class=\"wp-block-image\">\n<figure class=\"aligncenter size-full\"><img fetchpriority=\"high\" decoding=\"async\" width=\"330\" height=\"330\" data-attachment-id=\"120356\" data-permalink=\"https:\/\/wobronietradycjiiwiary.com\/pl\/juz-sie-zmierzcha-lub-jesienne-modlitwy-do-aniolow\/may_the_4th_be_with_you_star_wars_day-1\/\" data-orig-file=\"https:\/\/wobronietradycjiiwiary.com\/wp-content\/uploads\/2024\/09\/May_the_4th_be_with_you_Star_Wars_Day-1.gif\" data-orig-size=\"330,330\" data-comments-opened=\"1\" data-image-meta=\"{&quot;aperture&quot;:&quot;0&quot;,&quot;credit&quot;:&quot;&quot;,&quot;camera&quot;:&quot;&quot;,&quot;caption&quot;:&quot;&quot;,&quot;created_timestamp&quot;:&quot;0&quot;,&quot;copyright&quot;:&quot;&quot;,&quot;focal_length&quot;:&quot;0&quot;,&quot;iso&quot;:&quot;0&quot;,&quot;shutter_speed&quot;:&quot;0&quot;,&quot;title&quot;:&quot;&quot;,&quot;orientation&quot;:&quot;0&quot;}\" data-image-title=\"May_the_4th_be_with_you_(Star_Wars_Day) (1)\" data-image-description=\"\" data-image-caption=\"\" data-large-file=\"https:\/\/wobronietradycjiiwiary.com\/wp-content\/uploads\/2024\/09\/May_the_4th_be_with_you_Star_Wars_Day-1.gif\" src=\"https:\/\/wobronietradycjiiwiary.com\/wp-content\/uploads\/2024\/09\/May_the_4th_be_with_you_Star_Wars_Day-1.gif\" alt=\"\" class=\"wp-image-120356\"\/><figcaption class=\"wp-element-caption\"><em>Gwiezdne Wojny &#8211; nowa \u015bwiecka tradycja<\/em><\/figcaption><\/figure>\n<\/div>\n\n\n<p class=\"has-text-align-justify wp-block-paragraph\">Obecnie w USA obchodzi si\u0119 4. maja nieoficjalnie Dzie\u0144 Gwiezdnych Wojen (<a href=\"https:\/\/de.wikipedia.org\/wiki\/Star_Wars_Day\">Star Wars Day<\/a>), kt\u00f3re zawdzi\u0119cza swoje istnienie grze s\u0142\u00f3w: &#8220;may, the fourth&#8221; (czwartego maja) i &#8220;may the force be with you&#8221; (Niechaj moc b\u0119dzie z Tob\u0105). <\/p>\n\n\n\n<p class=\"has-text-align-justify wp-block-paragraph\">Chyba jednak najbardziej zagorzali wielbiciele Gwiezdnych Wojen nie uwa\u017caj\u0105, \u017ce s\u0105 to wydarzenia realne, a \u015bwi\u0119to, chocia\u017c nieoficjalnie, obchodz\u0105. I tak jak gorszy pieni\u0105dz wypiera lepszy, tak gorsza lepsz\u0105, bo katolick\u0105, cho\u0107 nieistniej\u0105ca.<\/p>\n\n\n\n<script async src=\"https:\/\/pagead2.googlesyndication.com\/pagead\/js\/adsbygoogle.js?client=ca-pub-1329642704887632\"\n     crossorigin=\"anonymous\"><\/script>\n<ins class=\"adsbygoogle\"\n     style=\"display:block; text-align:center;\"\n     data-ad-layout=\"in-article\"\n     data-ad-format=\"fluid\"\n     data-ad-client=\"ca-pub-1329642704887632\"\n     data-ad-slot=\"8468107488\"><\/ins>\n<script>\n     (adsbygoogle = window.adsbygoogle || []).push({});\n<\/script>\n\n\n\n<p class=\"has-text-align-justify wp-block-paragraph\">Ot\u00f3\u017c z perspektywy nieistnienia anio\u0142\u00f3w usuwanie ich \u015bwi\u0105t by\u0142oby zb\u0119dne, zb\u0119dne nie jest jedynie wtedy, gdy przyjmie si\u0119, i\u017c:<\/p>\n\n\n\n<ul class=\"wp-block-list\">\n<li>anio\u0142owie istniej\u0105,<\/li>\n\n\n\n<li>dzia\u0142aj\u0105 na tym i na tamtym \u015bwiecie,<\/li>\n\n\n\n<li>obchodzenie ich \u015bwi\u0105t zwi\u0119ksza ich moc w tym \u015bwiecie <\/li>\n\n\n\n<li>oraz pomniejsza dzia\u0142anie mocy ciemno\u015bci.<\/li>\n<\/ul>\n\n\n\n<p class=\"wp-block-paragraph\"><\/p>\n\n\n\n<p class=\"has-text-align-justify wp-block-paragraph\">Autor zastanawia\u0142 si\u0119 dzisiaj, dlaczego to<a href=\"https:\/\/de.wikipedia.org\/wiki\/Erzbistum_Tours\"> archidiecezja Tours <\/a> przyzna\u0142a obchodom \u015bw. Anio\u0142\u00f3w Str\u00f3\u017c\u00f3w a\u017c niedziel\u0119 z oktaw\u0105 podnosz\u0105c too \u015bwi\u0119to do rangi r\u00f3wnej np. Bo\u017cemu Cia\u0142u lub Wielkiej Nocy?<\/p>\n\n\n\n<p class=\"has-text-align-justify wp-block-paragraph\">Tego niestety nie wiemy, by\u0107 mo\u017ce \u015bwi\u0119to to obchodzone by\u0142o z oktaw\u0105 tak\u017ce w innych diecezjach, bo sam fakt, \u017ce autor jedynie brewiarz z Tours posiada nie znaczy jeszcze, \u017ce gdzie indziej takich obchod\u00f3w nie by\u0142o. <\/p>\n\n\n\n<p class=\"has-text-align-justify wp-block-paragraph\">By\u0107 mo\u017ce tak\u017ce gdzie indziej odczuwano, \u017ce jesieni\u0105 do anio\u0142\u00f3w bardziej modli\u0107 si\u0119 trzeba, by os\u0142abi\u0107 dzia\u0142ania mocy ciemno\u015bci.<\/p>\n\n\n\n<script async src=\"https:\/\/pagead2.googlesyndication.com\/pagead\/js\/adsbygoogle.js?client=ca-pub-1329642704887632\"\r\n     crossorigin=\"anonymous\"><\/script>\r\n<ins class=\"adsbygoogle\"\r\n     style=\"display:block; text-align:center;\"\r\n     data-ad-layout=\"in-article\"\r\n     data-ad-format=\"fluid\"\r\n     data-ad-client=\"ca-pub-1329642704887632\"\r\n     data-ad-slot=\"8468107488\"><\/ins>\r\n<script>\r\n     (adsbygoogle = window.adsbygoogle || []).push({});\r\n<\/script>\n\n\n\n<p class=\"has-text-align-justify wp-block-paragraph\">Z\u0142e duchy nie bez podstawy nazywane s\u0105 w\u0142a\u015bnie &#8220;mocami ciemno\u015bci&#8221; (<em>potestates tenebrarum<\/em>), poniewa\u017c w ciemno\u015bciach, kt\u00f3re zapadaj\u0105 w\u0142a\u015bnie jesieni\u0105, wi\u0119cej im wolno.<\/p>\n\n\n\n<p class=\"has-text-align-justify wp-block-paragraph\">\u015awiadcz\u0105 o tym <a href=\"https:\/\/traumabasedmindcontrol.com\/index.php\/festen-2024\/\">satanistyczne i okultystyczne<\/a> \u015bwi\u0119ta, kt\u00f3rych na jesieni robi si\u0119 jakby wi\u0119cej. Jest ciemno, zatem ciemne moce dzia\u0142aj\u0105. Jak uj\u0105\u0142 to autor tekstu &#8220;Ju\u017c si\u0119 zmierzcha&#8221; Wac\u0142awa z Szamotu\u0142 :<\/p>\n\n\n\n<p class=\"has-medium-font-size wp-block-paragraph\">Ju\u017c si\u0119 zmierzcha, nadchodzi noc,<\/p>\n\n\n\n<p class=\"has-medium-font-size wp-block-paragraph\">pro\u015bmy Boga o&nbsp;pomoc ,<\/p>\n\n\n\n<p class=\"has-medium-font-size wp-block-paragraph\">aby od z\u0142ych czart\u00f3w nas obroni\u0142,<\/p>\n\n\n\n<p class=\"has-medium-font-size wp-block-paragraph\">   kt\u00f3rzy najwi\u0119cej w ciemno\u015bci<\/p>\n\n\n\n<p class=\"has-medium-font-size wp-block-paragraph\">   u\u017cywaj\u0105 swej chytro\u015bci<\/p>\n\n\n\n<p class=\"wp-block-paragraph\"><\/p>\n\n\n\n<figure class=\"wp-block-embed is-type-video is-provider-youtube wp-block-embed-youtube wp-embed-aspect-16-9 wp-has-aspect-ratio\"><div class=\"wp-block-embed__wrapper\">\n<span class=\"embed-youtube\" style=\"text-align:center; display: block;\"><iframe class=\"youtube-player\" width=\"580\" height=\"327\" src=\"https:\/\/www.youtube.com\/embed\/gR68qiisDZM?version=3&#038;rel=1&#038;showsearch=0&#038;showinfo=1&#038;iv_load_policy=1&#038;fs=1&#038;hl=pl-PL&#038;autohide=2&#038;wmode=transparent\" allowfullscreen=\"true\" style=\"border:0;\" sandbox=\"allow-scripts allow-same-origin allow-popups allow-presentation allow-popups-to-escape-sandbox\"><\/iframe><\/span>\n<\/div><\/figure>\n\n\n\n<p class=\"wp-block-paragraph\"><\/p>\n\n\n\n<h2 class=\"wp-block-heading\">Symbole nie s\u0105 tylko symboliczne<\/h2>\n\n\n\n<p class=\"wp-block-paragraph\"><\/p>\n\n\n\n<p class=\"has-medium-font-size wp-block-paragraph\">    Ale dlaczego tak jest?<\/p>\n\n\n\n<p class=\"wp-block-paragraph\"><\/p>\n\n\n\n<p class=\"has-text-align-justify wp-block-paragraph\">Wydaje si\u0119, \u017ce demony my\u015bl\u0105 i postrzegaj\u0105 <a href=\"https:\/\/wobronietradycjiiwiary.com\/pl\/opetani-i-demoniczne-postrzeganie-rzeczywistosci\/\">symbolami<\/a>, tak i\u017c pewne symbole je przyci\u0105gaj\u0105, jak stwierdza \u015bw. Tomasz z Akwinu (Summ. theol. Ia, q. 115 5 o., 5 ad 1) cytuj\u0105c \u015bw. Augustyna. <\/p>\n\n\n\n<script async src=\"https:\/\/pagead2.googlesyndication.com\/pagead\/js\/adsbygoogle.js?client=ca-pub-1329642704887632\"\r\n     crossorigin=\"anonymous\"><\/script>\r\n<ins class=\"adsbygoogle\"\r\n     style=\"display:block; text-align:center;\"\r\n     data-ad-layout=\"in-article\"\r\n     data-ad-format=\"fluid\"\r\n     data-ad-client=\"ca-pub-1329642704887632\"\r\n     data-ad-slot=\"8468107488\"><\/ins>\r\n<script>\r\n     (adsbygoogle = window.adsbygoogle || []).push({});\r\n<\/script>\n\n\n\n<p class=\"has-text-align-justify wp-block-paragraph\">Ten ostatni podaje, \u017ce demony &#8220;przybywaj\u0105 pod pewn\u0105 konstelacj\u0105&#8221; planet (<em>sub certa constellatione<\/em> <em>veniunt<\/em>).<\/p>\n\n\n\n<p class=\"has-text-align-justify has-medium-font-size wp-block-paragraph\">  A czym jest taka konstelacja? <\/p>\n\n\n\n<p class=\"has-text-align-justify wp-block-paragraph\">W\u0142a\u015bnie pewnym symbolem.  Poniewa\u017c konstelacje jesienne staj\u0105 si\u0119 &#8220;przyjazne demonom&#8221;, tote\u017c te z tego korzystaj\u0105.<\/p>\n\n\n\n<p class=\"wp-block-paragraph\"><\/p>\n\n\n\n<p class=\"has-medium-font-size wp-block-paragraph\">  A dlaczego symbole i konstelacje?<\/p>\n\n\n\n<p class=\"has-text-align-justify wp-block-paragraph\">Autor uwa\u017ca, \u017ce trzeba w tym miejscu si\u0119gn\u0105\u0107 po Platona, by wyja\u015bni\u0107 metafizycznie rzecz raz na zawsze. Po prostu \u015bwiat nadprzyrodzony komunikowany jest nam za pomoc\u0105 symboli.<\/p>\n\n\n\n<script async src=\"https:\/\/pagead2.googlesyndication.com\/pagead\/js\/adsbygoogle.js?client=ca-pub-1329642704887632\"\r\n     crossorigin=\"anonymous\"><\/script>\r\n<ins class=\"adsbygoogle\"\r\n     style=\"display:block; text-align:center;\"\r\n     data-ad-layout=\"in-article\"\r\n     data-ad-format=\"fluid\"\r\n     data-ad-client=\"ca-pub-1329642704887632\"\r\n     data-ad-slot=\"8468107488\"><\/ins>\r\n<script>\r\n     (adsbygoogle = window.adsbygoogle || []).push({});\r\n<\/script>\n\n\n\n<p class=\"has-text-align-justify wp-block-paragraph\">Symbole te nie tylko go symbolizuj\u0105, w rozumieniu &#8220;reprezentowa\u0107 co\u015b za pomoc\u0105 symbolu&#8221;, ale go uobecniaj\u0105 w tym znaczeniu, \u017ce symbol jest mniejsz\u0105 cz\u0119\u015bci\u0105 lub &#8220;przewodnikiem&#8221; (w fizykalnym znaczeniu) tego, co symbolizuje. <\/p>\n\n\n\n<p class=\"has-text-align-justify wp-block-paragraph\">Wyobra\u017amy sobie kawa\u0142ki roztopionego \u017celaza, wyrzucanego z pieca hutniczego. To, co spada na pod\u0142og\u0119 jest symbolem \u017celaza w piecu. Jest tym samym, tylko w mniejszej ilo\u015bci.<\/p>\n\n\n\n<p class=\"wp-block-paragraph\"><\/p>\n\n\n<div class=\"wp-block-image\">\n<figure class=\"aligncenter size-full is-resized\"><img decoding=\"async\" width=\"940\" height=\"626\" data-attachment-id=\"120324\" data-permalink=\"https:\/\/wobronietradycjiiwiary.com\/pl\/juz-sie-zmierzcha-lub-jesienne-modlitwy-do-aniolow\/437377_r0_940\/\" data-orig-file=\"https:\/\/wobronietradycjiiwiary.com\/wp-content\/uploads\/2024\/09\/437377_r0_940.jpg\" data-orig-size=\"940,626\" data-comments-opened=\"1\" data-image-meta=\"{&quot;aperture&quot;:&quot;0&quot;,&quot;credit&quot;:&quot;&quot;,&quot;camera&quot;:&quot;&quot;,&quot;caption&quot;:&quot;&quot;,&quot;created_timestamp&quot;:&quot;0&quot;,&quot;copyright&quot;:&quot;&quot;,&quot;focal_length&quot;:&quot;0&quot;,&quot;iso&quot;:&quot;0&quot;,&quot;shutter_speed&quot;:&quot;0&quot;,&quot;title&quot;:&quot;&quot;,&quot;orientation&quot;:&quot;0&quot;}\" data-image-title=\"437377_r0_940\" data-image-description=\"\" data-image-caption=\"\" data-large-file=\"https:\/\/wobronietradycjiiwiary.com\/wp-content\/uploads\/2024\/09\/437377_r0_940.jpg\" src=\"https:\/\/wobronietradycjiiwiary.com\/wp-content\/uploads\/2024\/09\/437377_r0_940.jpg\" alt=\"\" class=\"wp-image-120324\" style=\"width:694px;height:auto\" srcset=\"https:\/\/wobronietradycjiiwiary.com\/wp-content\/uploads\/2024\/09\/437377_r0_940.jpg 940w, https:\/\/wobronietradycjiiwiary.com\/wp-content\/uploads\/2024\/09\/437377_r0_940-450x300.jpg 450w, https:\/\/wobronietradycjiiwiary.com\/wp-content\/uploads\/2024\/09\/437377_r0_940-600x400.jpg 600w, https:\/\/wobronietradycjiiwiary.com\/wp-content\/uploads\/2024\/09\/437377_r0_940-300x200.jpg 300w, https:\/\/wobronietradycjiiwiary.com\/wp-content\/uploads\/2024\/09\/437377_r0_940-150x100.jpg 150w, https:\/\/wobronietradycjiiwiary.com\/wp-content\/uploads\/2024\/09\/437377_r0_940-768x511.jpg 768w, https:\/\/wobronietradycjiiwiary.com\/wp-content\/uploads\/2024\/09\/437377_r0_940-18x12.jpg 18w, https:\/\/wobronietradycjiiwiary.com\/wp-content\/uploads\/2024\/09\/437377_r0_940-90x60.jpg 90w, https:\/\/wobronietradycjiiwiary.com\/wp-content\/uploads\/2024\/09\/437377_r0_940-135x90.jpg 135w\" sizes=\"(max-width: 940px) 100vw, 940px\" \/><\/figure>\n<\/div>\n\n\n<p class=\"wp-block-paragraph\"><\/p>\n\n\n\n<p class=\"has-text-align-justify wp-block-paragraph\">I w\u0142a\u015bnie tak realistycznie pojmowa\u0142o \u015aredniowiecze i wyros\u0142a na\u0144 teologia symbole i znaki, o czym ju\u017c pisali\u015bmy <a href=\"https:\/\/wobronietradycjiiwiary.com\/pl\/sakramentalia-3-z-okreslenie-sakramentaliow-teoria-znaku\/\">tu<\/a>. <\/p>\n\n\n\n<p class=\"has-text-align-justify wp-block-paragraph\">Znak sakramentalny nie jest li tylko czym\u015b wymy\u015blonym, jak np. @ oznaczaj\u0105cym znak przed wstawieniem domeny internetowej.<\/p>\n\n\n\n<p class=\"wp-block-paragraph\"><\/p>\n\n\n\n<p class=\"has-text-align-justify wp-block-paragraph\">Znak jest tym, co to, co oznacza zawiera, poniewa\u017c jest jego &#8220;realistycznym (znakiem) symbolem&#8221; w powy\u017cszym tego s\u0142owa znaczeniu. Symbol jest jakby lustrem odzwierciedlaj\u0105cym rzeczywisto\u015b\u0107 w relacji 1:1.<\/p>\n\n\n\n<script async src=\"https:\/\/pagead2.googlesyndication.com\/pagead\/js\/adsbygoogle.js?client=ca-pub-1329642704887632\"\r\n     crossorigin=\"anonymous\"><\/script>\r\n<ins class=\"adsbygoogle\"\r\n     style=\"display:block; text-align:center;\"\r\n     data-ad-layout=\"in-article\"\r\n     data-ad-format=\"fluid\"\r\n     data-ad-client=\"ca-pub-1329642704887632\"\r\n     data-ad-slot=\"8468107488\"><\/ins>\r\n<script>\r\n     (adsbygoogle = window.adsbygoogle || []).push({});\r\n<\/script>\n\n\n\n<p class=\"has-text-align-justify wp-block-paragraph\">Skoro zatem astronomiczny jesienny uk\u0142ad planet jest symbolem demon\u00f3w, to ju\u017c przez sam\u0105 swoj\u0105 obecno\u015b\u0107 te demony zwo\u0142uje. A na konstelacje planet niestety nic nie poradzimy.<\/p>\n\n\n\n<p class=\"has-medium-font-size wp-block-paragraph\">     A dlaczego tak jest?<\/p>\n\n\n\n<p class=\"has-text-align-justify wp-block-paragraph\">Poniewa\u017c Pan B\u00f3g tak \u015bwiat stworzy\u0142 i lepiej z Nim nie dyskutowa\u0107. Demony te\u017c gdzie\u015b przebywa\u0107 musz\u0105, mianowicie w &#8220;ciemnym powietrzu&#8221; <em>(aer caliginosus<\/em>), jak okre\u015bli\u0142 to \u015bw. Tomasz (Summ. Theol. Ia, q. 64, a.4), patrz nasz <a href=\"https:\/\/wobronietradycjiiwiary.com\/pl\/zarys-angelologii-19-z-miejsce-przebywania-demonow-oraz-ich-zadania\/\">cykl angelologiczny<\/a> i te\u017c co\u015b musz\u0105 robi\u0107.<\/p>\n\n\n\n<p class=\"has-text-align-justify wp-block-paragraph\">Skoro s\u0105 one narz\u0119dziem Boga s\u0142u\u017c\u0105cym do karania grzesznik\u00f3w i wychowywania sprawiedliwych to zupe\u0142nie bezczynne by\u0107 nie mog\u0105. Aby by\u0142a jaka\u015b r\u00f3\u017cnorodno\u015b\u0107 w naturze, tote\u017c naturalnym jest, \u017ce ich dzia\u0142anie r\u00f3\u017cni\u0107 zale\u017ce\u0107 musi od p\u00f3r roku. <\/p>\n\n\n\n<p class=\"has-text-align-justify wp-block-paragraph\">Skoro wszystko jest sezonowe i cykliczne w naturze, to dlaczego demony nie mia\u0142yby podlega\u0107 temu rytmowi? Jake relacjonuje <a href=\"https:\/\/wobronietradycjiiwiary.com\/pl\/psellus-pseczytany-lub-nowe-zrodlo-wiedzy-na-temat-demonow-i-satanizmu\/\">Psellus <\/a>s\u0105 te\u017c takie bardziej lub mniej zwi\u0105zane z natur\u0105.<\/p>\n\n\n\n<script async src=\"https:\/\/pagead2.googlesyndication.com\/pagead\/js\/adsbygoogle.js?client=ca-pub-1329642704887632\"\r\n     crossorigin=\"anonymous\"><\/script>\r\n<ins class=\"adsbygoogle\"\r\n     style=\"display:block; text-align:center;\"\r\n     data-ad-layout=\"in-article\"\r\n     data-ad-format=\"fluid\"\r\n     data-ad-client=\"ca-pub-1329642704887632\"\r\n     data-ad-slot=\"8468107488\"><\/ins>\r\n<script>\r\n     (adsbygoogle = window.adsbygoogle || []).push({});\r\n<\/script>\n\n\n\n<p class=\"has-text-align-justify wp-block-paragraph\">Niewykluczone, \u017ce wszystkie te jesienne depresje i chandry to w\u0142a\u015bnie ich sprawka. Ko\u015bci\u00f3\u0142 o tym ju\u017c wiedzia\u0142, przez co ustanowi\u0142 \u015bwi\u0119ta anielskie, nawet z oktaw\u0105, w\u0142a\u015bnie jesieni\u0105, by w\u0142a\u015bnie jesiennym atakom sprosta\u0107. <\/p>\n\n\n\n<p class=\"has-text-align-justify wp-block-paragraph\">W pa\u017adzierniku i tak wszyscy odmawiamy r\u00f3\u017caniec, wi\u0119c ochrona jaka\u015b jest i mo\u017ce w\u0142a\u015bnie dlatego pa\u017adziernik jest miesi\u0105cem r\u00f3\u017ca\u0144cowym.<\/p>\n\n\n\n<p class=\"has-text-align-justify wp-block-paragraph\">M\u00f3dlmy si\u0119 zatem jesieni\u0105 wi\u0119cej do anio\u0142\u00f3w, np. <a href=\"http:\/\/www.aniol.org.pl\/site\/index.php?option=com_content&amp;view=article&amp;id=142:litania-do-swietych-aniolow&amp;catid=12:zastep-rycerstwa-swietego-michala-archaniola&amp;Itemid=92\">Litani\u0105 do Anio\u0142\u00f3w Str\u00f3\u017c\u00f3w<\/a>, aby nas chronili przed mocami ciemno\u015bci. Amen.<\/p>\n\n\n\n<script async src=\"https:\/\/pagead2.googlesyndication.com\/pagead\/js\/adsbygoogle.js?client=ca-pub-1329642704887632\"\r\n     crossorigin=\"anonymous\"><\/script>\r\n<ins class=\"adsbygoogle\"\r\n     style=\"display:block; text-align:center;\"\r\n     data-ad-layout=\"in-article\"\r\n     data-ad-format=\"fluid\"\r\n     data-ad-client=\"ca-pub-1329642704887632\"\r\n     data-ad-slot=\"8468107488\"><\/ins>\r\n<script>\r\n     (adsbygoogle = window.adsbygoogle || []).push({});\r\n<\/script>\n\n\n\n<h3 class=\"wp-block-heading\">Litania do \u015awi\u0119tych Anio\u0142\u00f3w<\/h3>\n\n\n\n<p class=\"wp-block-paragraph\">Panie, zmi\u0142uj si\u0119 nad nami.<br>Chryste, zmi\u0142uj si\u0119 nad nami.<br>Panie zmi\u0142uj si\u0119 nad nami.<br>Chryste, us\u0142ysz nas.<br>Chryste, wys\u0142uchaj nas.<\/p>\n\n\n\n<p class=\"wp-block-paragraph\">Ojcze z nieba Bo\u017ce, Stworzycielu Anio\u0142\u00f3w,&nbsp;&nbsp;&nbsp;&nbsp;&nbsp;&nbsp;&nbsp;<em>zmi\u0142uj si\u0119 nad nami<\/em>.<br>\u015awi\u0119ta Tr\u00f3jco Jedyny Bo\u017ce, w\u0142adco Anio\u0142\u00f3w,<br>Duchu \u015awi\u0119ty Bo\u017ce, \u017cycie Anio\u0142\u00f3w,<br>\u015awi\u0119ta Tr\u00f3jco Jedyny Bo\u017ce, szcz\u0119\u015bcie Anio\u0142\u00f3w,<br>\u015awi\u0119ta Maryjo,&nbsp;&nbsp;&nbsp;&nbsp;&nbsp;&nbsp;&nbsp;<em>m\u00f3dl si\u0119 za nami<\/em>.<br>Kr\u00f3lowo Anio\u0142\u00f3w,<br>\u015awi\u0119ty J\u00f3zefie,<\/p>\n\n\n\n<p class=\"wp-block-paragraph\"><br>Wszystkie \u015bwi\u0119te ch\u00f3ry b\u0142ogos\u0142awionych Duch\u00f3w,&nbsp;&nbsp;&nbsp;&nbsp;&nbsp;&nbsp;&nbsp;<em>m\u00f3dlcie si\u0119 za nami<\/em>.<br>\u015awi\u0119ci Serafini, Anio\u0142owie mi\u0142o\u015bci,<br>\u015awi\u0119ci Cherubini, Anio\u0142owie s\u0142owa,<br>\u015awi\u0119ci Anio\u0142owie z ch\u00f3ru Tron\u00f3w,<br>\u015awi\u0119ci Anio\u0142owie \u017cycia,<br>\u015awi\u0119ci Anio\u0142owie wielbi\u0105cy Boga,<br>\u015awi\u0119ci Anio\u0142owie ch\u00f3ru Panowania,<br>\u015awi\u0119ci Anio\u0142owie ch\u00f3ru Pot\u0119g,<br>\u015awi\u0119ci Anio\u0142owie ch\u00f3ru Ksi\u0105\u017c\u0105t,<br>\u015awi\u0119ci Anio\u0142owie ch\u00f3ru Mocy,<\/p>\n\n\n\n<p class=\"wp-block-paragraph\"><br>\u015awi\u0119ty Michale Archaniele,&nbsp;&nbsp;&nbsp;&nbsp;&nbsp;&nbsp;&nbsp;<em>m\u00f3dl si\u0119 za nami<\/em>.<br>Zwyci\u0119zco Lucyfera,<br>Aniele wiary i pokory,<br>Str\u00f3\u017cu sakramentu chorych,<br>Patronie umieraj\u0105cych,<br>Wodzu niebieskich zast\u0119p\u00f3w,<br>Ratunku dusz zagubionych,<\/p>\n\n\n\n<p class=\"wp-block-paragraph\"><br>\u015awi\u0119ty Gabrielu Archaniele,<br>Aniele Zwiastowania,<br>Wierny wys\u0142anniku Bo\u017cy,<br>Aniele nadziei i pokoju,<br>Opiekunie s\u0142ug i s\u0142u\u017cebnic Bo\u017cych,<br>Str\u00f3\u017cu Chrztu \u015awi\u0119tego,<br>Patronie kap\u0142an\u00f3w,<\/p>\n\n\n\n<p class=\"wp-block-paragraph\">\u015awi\u0119ty Rafale Archaniele,<br>Aniele mi\u0142o\u015bci Bo\u017cej,<br>Zwyci\u0119zco z\u0142ego ducha,<br>Wspomo\u017cycielu w ka\u017cdej potrzebie,<br>Aniele cierpienia i uzdrowienia,<br>Patronie lekarzy, podr\u00f3\u017cnych i pielgrzym\u00f3w,<\/p>\n\n\n\n<p class=\"wp-block-paragraph\">Wielcy \u015awi\u0119ci Archanio\u0142owie,&nbsp;&nbsp;&nbsp;&nbsp;&nbsp;&nbsp;&nbsp;<em>m\u00f3dlcie si\u0119 za nami<\/em>.<br>Anio\u0142owie pe\u0142ni\u0105cy s\u0142u\u017cb\u0119 przed tronem Bo\u017cym,<br>Anio\u0142owie pe\u0142ni\u0105cy s\u0142u\u017cb\u0119 dla nas ludzi,<br>\u015awi\u0119ci Anio\u0142owie Str\u00f3\u017cowie,<\/p>\n\n\n\n<p class=\"wp-block-paragraph\">Pomocnicy w naszych potrzebach,<br>\u015awiat\u0142a w naszych ciemno\u015bciach,<br>Oparcie nasze w ka\u017cdym niebezpiecze\u0144stwie,<br>Upominaj\u0105cy nas przez g\u0142os sumienia,<br>Or\u0119downicy nasi przed Bo\u017cym tronem,<br>Tarczo broni\u0105ca nas przed z\u0142ym duchem,<\/p>\n\n\n\n<p class=\"wp-block-paragraph\">Nasi stali towarzysze,<br>Nasi pewni przewodnicy,<br>Nasi wierni przyjaciele,<br>Nasi roztropni doradcy,<br>Daj\u0105cy nam przyk\u0142ad natychmiastowego pos\u0142usze\u0144stwa,<br>Pocieszyciele w opuszczeniu,<br>Odbicie pokory i rado\u015bci,<\/p>\n\n\n\n<p class=\"wp-block-paragraph\">Anio\u0142owie naszych rodzin,<br>Anio\u0142owie naszych kap\u0142an\u00f3w i duszpasterzy,<br>Anio\u0142owie naszych dzieci,<br>Anio\u0142owie naszej ojczyzny,<br>Anio\u0142owie Ko\u015bcio\u0142a \u015awi\u0119tego,<\/p>\n\n\n\n<p class=\"wp-block-paragraph\">Wszyscy \u015awi\u0119ci Anio\u0142owie,<br>B\u0105d\u017acie z nami w \u017cyciu,<br>B\u0105d\u017acie z nami przy \u015bmierci,<br>W niebie wam za to podzi\u0119kujemy !<\/p>\n\n\n\n<p class=\"wp-block-paragraph\">Baranku Bo\u017cy, kt\u00f3ry g\u0142adzisz grzechy \u015bwiata,<br>&nbsp;&nbsp;&nbsp;&nbsp;&nbsp;&nbsp;&nbsp;<em>przepu\u015b\u0107 nam, Panie.<\/em><br>Baranku Bo\u017cy, kt\u00f3ry g\u0142adzisz grzechy \u015bwiata,<br>&nbsp;&nbsp;&nbsp;&nbsp;&nbsp;&nbsp;&nbsp;<em>wys\u0142uchaj nas, Panie.<\/em><br>Baranku Bo\u017cy, kt\u00f3ry g\u0142adzisz grzechy \u015bwiata,<br>&nbsp;&nbsp;&nbsp;&nbsp;&nbsp;&nbsp;&nbsp;<em>zmi\u0142uj si\u0119 nad nami.<\/em><\/p>\n\n\n\n<p class=\"wp-block-paragraph\">P.  B\u00f3g rozkaza\u0142 swoim Anio\u0142om.<br>W.  Aby ci\u0119 strzegli na wszystkich Twych drogach.<\/p>\n\n\n\n<p class=\"has-text-align-justify wp-block-paragraph\">M\u00f3dlmy si\u0119:<br>Wszechmog\u0105cy wieczny Bo\u017ce, udziel nam pomocy Twych Niebia\u0144skich zast\u0119p\u00f3w, aby nas strzeg\u0142y przed napa\u015bciami z\u0142ego ducha i&nbsp;aby\u015bmy przez Najdro\u017csz\u0105 Krew Pana naszego Jezusa Chrystusa i&nbsp;przyczyn\u0119 Naj\u015bwi\u0119tszej i&nbsp;Niepokalanej Dziewicy Maryi uwolnieni od wszelkiego nieszcz\u0119\u015bcia mogli Ci s\u0142u\u017cy\u0107 w pokoju.<\/p>\n\n\n\n<p class=\"has-text-align-justify wp-block-paragraph\">Przez Chrystusa Pana naszego. Amen.<\/p>\n\n\n\n<div class=\"wp-block-cover aligncenter\" style=\"min-height:361px;aspect-ratio:unset;\"><img decoding=\"async\" width=\"524\" height=\"539\" data-attachment-id=\"115630\" data-permalink=\"https:\/\/wobronietradycjiiwiary.com\/pl\/church-militant-o-naduzyciach-seksualnych-w-bractwie-sw-piusa-x-nowy-cykl\/ec48bf44892c29b895741920e0bdef09-2\/\" data-orig-file=\"https:\/\/wobronietradycjiiwiary.com\/wp-content\/uploads\/2024\/04\/ec48bf44892c29b895741920e0bdef09.jpg\" data-orig-size=\"524,539\" data-comments-opened=\"1\" data-image-meta=\"{&quot;aperture&quot;:&quot;0&quot;,&quot;credit&quot;:&quot;&quot;,&quot;camera&quot;:&quot;&quot;,&quot;caption&quot;:&quot;&quot;,&quot;created_timestamp&quot;:&quot;0&quot;,&quot;copyright&quot;:&quot;&quot;,&quot;focal_length&quot;:&quot;0&quot;,&quot;iso&quot;:&quot;0&quot;,&quot;shutter_speed&quot;:&quot;0&quot;,&quot;title&quot;:&quot;&quot;,&quot;orientation&quot;:&quot;0&quot;}\" data-image-title=\"ec48bf44892c29b895741920e0bdef09\" data-image-description=\"\" data-image-caption=\"\" data-large-file=\"https:\/\/wobronietradycjiiwiary.com\/wp-content\/uploads\/2024\/04\/ec48bf44892c29b895741920e0bdef09.jpg\" class=\"wp-block-cover__image-background wp-image-115630\" alt=\"\" src=\"https:\/\/wobronietradycjiiwiary.com\/wp-content\/uploads\/2024\/04\/ec48bf44892c29b895741920e0bdef09.jpg\" style=\"object-position:57% 0%\" data-object-fit=\"cover\" data-object-position=\"57% 0%\" srcset=\"https:\/\/wobronietradycjiiwiary.com\/wp-content\/uploads\/2024\/04\/ec48bf44892c29b895741920e0bdef09.jpg 524w, https:\/\/wobronietradycjiiwiary.com\/wp-content\/uploads\/2024\/04\/ec48bf44892c29b895741920e0bdef09-450x463.jpg 450w, https:\/\/wobronietradycjiiwiary.com\/wp-content\/uploads\/2024\/04\/ec48bf44892c29b895741920e0bdef09-292x300.jpg 292w, https:\/\/wobronietradycjiiwiary.com\/wp-content\/uploads\/2024\/04\/ec48bf44892c29b895741920e0bdef09-146x150.jpg 146w, https:\/\/wobronietradycjiiwiary.com\/wp-content\/uploads\/2024\/04\/ec48bf44892c29b895741920e0bdef09-12x12.jpg 12w, https:\/\/wobronietradycjiiwiary.com\/wp-content\/uploads\/2024\/04\/ec48bf44892c29b895741920e0bdef09-58x60.jpg 58w, https:\/\/wobronietradycjiiwiary.com\/wp-content\/uploads\/2024\/04\/ec48bf44892c29b895741920e0bdef09-87x90.jpg 87w\" sizes=\"(max-width: 524px) 100vw, 524px\" \/><span aria-hidden=\"true\" class=\"wp-block-cover__background has-background-dim\"><\/span><div class=\"wp-block-cover__inner-container is-layout-flow wp-block-cover-is-layout-flow\">\n<p class=\"has-text-align-center has-large-font-size wp-block-paragraph\"><mark style=\"background-color:rgba(0, 0, 0, 0)\" class=\"has-inline-color has-luminous-vivid-amber-color\"><strong>Spodoba\u0142o si\u0119? Wspieraj nas!<\/strong><\/mark><\/p>\n\n\n\n<p class=\"has-text-align-center wp-block-paragraph\"><strong>Kart\u0105, paypalem lub bezpo\u015brednim przelewem<\/strong>.<\/p>\n\n\n\n<p class=\"has-text-align-center wp-block-paragraph\" style=\"font-size:39px\"><a aria-label=\" (opens in a new tab)\" class=\"ek-link\" href=\"https:\/\/donate.stripe.com\/6oE7uNfHU4nXe2I7su\" target=\"_blank\" rel=\"noreferrer noopener\"><mark style=\"background-color:rgba(0, 0, 0, 0)\" class=\"has-inline-color has-white-color\"><strong>Datki<\/strong> <\/mark><\/a><\/p>\n<\/div><\/div>\n\n\n\n<p class=\"wp-block-paragraph\"><\/p>\n","protected":false},"excerpt":{"rendered":"<p>O konieczno\u015bci modlitwy do anio\u0142\u00f3w jesieni\u0105.<\/p>\n","protected":false},"author":60508433,"featured_media":120330,"comment_status":"open","ping_status":"open","sticky":false,"template":"","format":"standard","meta":{"_bbp_topic_count":0,"_bbp_reply_count":0,"_bbp_total_topic_count":0,"_bbp_total_reply_count":0,"_bbp_voice_count":0,"_bbp_anonymous_reply_count":0,"_bbp_topic_count_hidden":0,"_bbp_reply_count_hidden":0,"_bbp_forum_subforum_count":0,"_editorskit_title_hidden":false,"_editorskit_reading_time":0,"_editorskit_is_block_options_detached":false,"_editorskit_block_options_position":"{}","_coblocks_attr":"","_coblocks_dimensions":"","_coblocks_responsive_height":"","_coblocks_accordion_ie_support":"","_exactmetrics_skip_tracking":false,"_jetpack_newsletter_access":"","_jetpack_dont_email_post_to_subs":false,"_jetpack_newsletter_tier_id":0,"_jetpack_memberships_contains_paywalled_content":false,"_wpcom_ai_launchpad_first_post":false,"_jetpack_feature_clip_id":0,"_jetpack_memberships_contains_paid_content":false,"footnotes":"","jetpack_publicize_message":"{title}\n\n{excerpt}\n\n{url}","jetpack_publicize_feature_enabled":true,"jetpack_social_post_already_shared":true,"jetpack_social_options":{"image_generator_settings":{"template":"highway","default_image_id":0,"font":"","enabled":false},"version":2},"_wpas_customize_per_network":false,"jetpack_post_was_ever_published":false},"categories":[1467178,610131184,336375535,610131268],"tags":[],"class_list":["post-120309","post","type-post","status-publish","format-standard","has-post-thumbnail","hentry","category-angelologia","category-duchowosc","category-liturgia-i-liturgika","category-rok-liturgiczny"],"yoast_head":"<!-- This site is optimized with the Yoast SEO plugin v28.4 - https:\/\/yoast.com\/product\/yoast-seo-wordpress\/ -->\n<title>&quot;Ju\u017c si\u0119 zmierzcha&quot; lub jesienne modlitwy do anio\u0142\u00f3w - Tradycja i Wiara<\/title>\n<meta name=\"robots\" content=\"index, follow, max-snippet:-1, max-image-preview:large, max-video-preview:-1\" \/>\n<link rel=\"canonical\" href=\"https:\/\/wobronietradycjiiwiary.com\/pl\/juz-sie-zmierzcha-lub-jesienne-modlitwy-do-aniolow\/\" \/>\n<meta property=\"og:locale\" content=\"pl_PL\" \/>\n<meta property=\"og:type\" content=\"article\" \/>\n<meta property=\"og:title\" content=\"&quot;Ju\u017c si\u0119 zmierzcha&quot; lub jesienne modlitwy do anio\u0142\u00f3w - Tradycja i Wiara\" \/>\n<meta property=\"og:description\" content=\"O konieczno\u015bci modlitwy do anio\u0142\u00f3w jesieni\u0105.\" \/>\n<meta property=\"og:url\" content=\"https:\/\/wobronietradycjiiwiary.com\/pl\/juz-sie-zmierzcha-lub-jesienne-modlitwy-do-aniolow\/\" \/>\n<meta property=\"og:site_name\" content=\"Tradycja i Wiara\" \/>\n<meta property=\"article:publisher\" content=\"https:\/\/www.facebook.com\/Tradycja-i-Wiara-108813920592249\" \/>\n<meta property=\"article:published_time\" content=\"2024-09-02T09:16:42+00:00\" \/>\n<meta property=\"article:modified_time\" content=\"2025-02-10T10:14:33+00:00\" \/>\n<meta property=\"og:image\" content=\"https:\/\/wobronietradycjiiwiary.com\/wp-content\/uploads\/2024\/09\/gi-angel-band.jpg\" \/>\n\t<meta property=\"og:image:width\" content=\"385\" \/>\n\t<meta property=\"og:image:height\" content=\"278\" \/>\n\t<meta property=\"og:image:type\" content=\"image\/jpeg\" \/>\n<meta name=\"author\" content=\"Traditio et Fides\" \/>\n<meta name=\"twitter:card\" content=\"summary_large_image\" \/>\n<meta name=\"twitter:label1\" content=\"Napisane przez\" \/>\n\t<meta name=\"twitter:data1\" content=\"Traditio et Fides\" \/>\n\t<meta name=\"twitter:label2\" content=\"Szacowany czas czytania\" \/>\n\t<meta name=\"twitter:data2\" content=\"11 minut\" \/>\n<script type=\"application\/ld+json\" class=\"yoast-schema-graph\">{\"@context\":\"https:\\\/\\\/schema.org\",\"@graph\":[{\"@type\":\"Article\",\"@id\":\"https:\\\/\\\/wobronietradycjiiwiary.com\\\/juz-sie-zmierzcha-lub-jesienne-modlitwy-do-aniolow\\\/#article\",\"isPartOf\":{\"@id\":\"https:\\\/\\\/wobronietradycjiiwiary.com\\\/juz-sie-zmierzcha-lub-jesienne-modlitwy-do-aniolow\\\/\"},\"author\":{\"name\":\"Traditio et Fides\",\"@id\":\"https:\\\/\\\/wobronietradycjiiwiary.com\\\/pl\\\/#\\\/schema\\\/person\\\/2d6180ce6abcb681fef0daab7816e8f3\"},\"headline\":\"&#8220;Ju\u017c si\u0119 zmierzcha&#8221; lub jesienne modlitwy do anio\u0142\u00f3w\",\"datePublished\":\"2024-09-02T09:16:42+00:00\",\"dateModified\":\"2025-02-10T10:14:33+00:00\",\"mainEntityOfPage\":{\"@id\":\"https:\\\/\\\/wobronietradycjiiwiary.com\\\/juz-sie-zmierzcha-lub-jesienne-modlitwy-do-aniolow\\\/\"},\"wordCount\":2071,\"commentCount\":2,\"publisher\":{\"@id\":\"https:\\\/\\\/wobronietradycjiiwiary.com\\\/pl\\\/#organization\"},\"image\":{\"@id\":\"https:\\\/\\\/wobronietradycjiiwiary.com\\\/juz-sie-zmierzcha-lub-jesienne-modlitwy-do-aniolow\\\/#primaryimage\"},\"thumbnailUrl\":\"https:\\\/\\\/wobronietradycjiiwiary.com\\\/wp-content\\\/uploads\\\/2024\\\/09\\\/gi-angel-band.jpg\",\"articleSection\":[\"Angelologia\",\"Duchowo\u015b\u0107\",\"Liturgia i liturgika\",\"Rok liturgiczny\"],\"inLanguage\":\"pl-PL\",\"potentialAction\":[{\"@type\":\"CommentAction\",\"name\":\"Comment\",\"target\":[\"https:\\\/\\\/wobronietradycjiiwiary.com\\\/juz-sie-zmierzcha-lub-jesienne-modlitwy-do-aniolow\\\/#respond\"]}]},{\"@type\":\"WebPage\",\"@id\":\"https:\\\/\\\/wobronietradycjiiwiary.com\\\/juz-sie-zmierzcha-lub-jesienne-modlitwy-do-aniolow\\\/\",\"url\":\"https:\\\/\\\/wobronietradycjiiwiary.com\\\/juz-sie-zmierzcha-lub-jesienne-modlitwy-do-aniolow\\\/\",\"name\":\"\\\"Ju\u017c si\u0119 zmierzcha\\\" lub jesienne modlitwy do anio\u0142\u00f3w - Tradycja i Wiara\",\"isPartOf\":{\"@id\":\"https:\\\/\\\/wobronietradycjiiwiary.com\\\/pl\\\/#website\"},\"primaryImageOfPage\":{\"@id\":\"https:\\\/\\\/wobronietradycjiiwiary.com\\\/juz-sie-zmierzcha-lub-jesienne-modlitwy-do-aniolow\\\/#primaryimage\"},\"image\":{\"@id\":\"https:\\\/\\\/wobronietradycjiiwiary.com\\\/juz-sie-zmierzcha-lub-jesienne-modlitwy-do-aniolow\\\/#primaryimage\"},\"thumbnailUrl\":\"https:\\\/\\\/wobronietradycjiiwiary.com\\\/wp-content\\\/uploads\\\/2024\\\/09\\\/gi-angel-band.jpg\",\"datePublished\":\"2024-09-02T09:16:42+00:00\",\"dateModified\":\"2025-02-10T10:14:33+00:00\",\"breadcrumb\":{\"@id\":\"https:\\\/\\\/wobronietradycjiiwiary.com\\\/juz-sie-zmierzcha-lub-jesienne-modlitwy-do-aniolow\\\/#breadcrumb\"},\"inLanguage\":\"pl-PL\",\"potentialAction\":[{\"@type\":\"ReadAction\",\"target\":[\"https:\\\/\\\/wobronietradycjiiwiary.com\\\/juz-sie-zmierzcha-lub-jesienne-modlitwy-do-aniolow\\\/\"]}]},{\"@type\":\"ImageObject\",\"inLanguage\":\"pl-PL\",\"@id\":\"https:\\\/\\\/wobronietradycjiiwiary.com\\\/juz-sie-zmierzcha-lub-jesienne-modlitwy-do-aniolow\\\/#primaryimage\",\"url\":\"https:\\\/\\\/wobronietradycjiiwiary.com\\\/wp-content\\\/uploads\\\/2024\\\/09\\\/gi-angel-band.jpg\",\"contentUrl\":\"https:\\\/\\\/wobronietradycjiiwiary.com\\\/wp-content\\\/uploads\\\/2024\\\/09\\\/gi-angel-band.jpg\",\"width\":385,\"height\":278},{\"@type\":\"BreadcrumbList\",\"@id\":\"https:\\\/\\\/wobronietradycjiiwiary.com\\\/juz-sie-zmierzcha-lub-jesienne-modlitwy-do-aniolow\\\/#breadcrumb\",\"itemListElement\":[{\"@type\":\"ListItem\",\"position\":1,\"name\":\"Strona g\u0142\u00f3wna\",\"item\":\"https:\\\/\\\/wobronietradycjiiwiary.com\\\/\"},{\"@type\":\"ListItem\",\"position\":2,\"name\":\"&#8220;Ju\u017c si\u0119 zmierzcha&#8221; lub jesienne modlitwy do anio\u0142\u00f3w\"}]},{\"@type\":\"WebSite\",\"@id\":\"https:\\\/\\\/wobronietradycjiiwiary.com\\\/pl\\\/#website\",\"url\":\"https:\\\/\\\/wobronietradycjiiwiary.com\\\/pl\\\/\",\"name\":\"Tradycja i Wiara\",\"description\":\"Portal dla katolik\u00f3w.\",\"publisher\":{\"@id\":\"https:\\\/\\\/wobronietradycjiiwiary.com\\\/pl\\\/#organization\"},\"potentialAction\":[{\"@type\":\"SearchAction\",\"target\":{\"@type\":\"EntryPoint\",\"urlTemplate\":\"https:\\\/\\\/wobronietradycjiiwiary.com\\\/pl\\\/?s={search_term_string}\"},\"query-input\":{\"@type\":\"PropertyValueSpecification\",\"valueRequired\":true,\"valueName\":\"search_term_string\"}}],\"inLanguage\":\"pl-PL\"},{\"@type\":\"Organization\",\"@id\":\"https:\\\/\\\/wobronietradycjiiwiary.com\\\/pl\\\/#organization\",\"name\":\"Tradycja i Wiara\",\"url\":\"https:\\\/\\\/wobronietradycjiiwiary.com\\\/pl\\\/\",\"logo\":{\"@type\":\"ImageObject\",\"inLanguage\":\"pl-PL\",\"@id\":\"https:\\\/\\\/wobronietradycjiiwiary.com\\\/pl\\\/#\\\/schema\\\/logo\\\/image\\\/\",\"url\":\"https:\\\/\\\/i0.wp.com\\\/wobronietradycjiiwiary.com\\\/wp-content\\\/uploads\\\/2015\\\/10\\\/cropped-st-peters-dome-vatican.jpg?fit=940%2C198&ssl=1\",\"contentUrl\":\"https:\\\/\\\/i0.wp.com\\\/wobronietradycjiiwiary.com\\\/wp-content\\\/uploads\\\/2015\\\/10\\\/cropped-st-peters-dome-vatican.jpg?fit=940%2C198&ssl=1\",\"width\":940,\"height\":198,\"caption\":\"Tradycja i Wiara\"},\"image\":{\"@id\":\"https:\\\/\\\/wobronietradycjiiwiary.com\\\/pl\\\/#\\\/schema\\\/logo\\\/image\\\/\"},\"sameAs\":[\"https:\\\/\\\/www.facebook.com\\\/Tradycja-i-Wiara-108813920592249\"]},{\"@type\":\"Person\",\"@id\":\"https:\\\/\\\/wobronietradycjiiwiary.com\\\/pl\\\/#\\\/schema\\\/person\\\/2d6180ce6abcb681fef0daab7816e8f3\",\"name\":\"Traditio et Fides\",\"sameAs\":[\"https:\\\/\\\/traditionundglauben.com\"],\"url\":\"https:\\\/\\\/wobronietradycjiiwiary.com\\\/pl\\\/author\\\/wobronietradycjiiwiary\\\/\"}]}<\/script>\n<!-- \/ Yoast SEO plugin. -->","yoast_head_json":{"title":"\"Ju\u017c si\u0119 zmierzcha\" lub jesienne modlitwy do anio\u0142\u00f3w - Tradycja i Wiara","robots":{"index":"index","follow":"follow","max-snippet":"max-snippet:-1","max-image-preview":"max-image-preview:large","max-video-preview":"max-video-preview:-1"},"canonical":"https:\/\/wobronietradycjiiwiary.com\/pl\/juz-sie-zmierzcha-lub-jesienne-modlitwy-do-aniolow\/","og_locale":"pl_PL","og_type":"article","og_title":"\"Ju\u017c si\u0119 zmierzcha\" lub jesienne modlitwy do anio\u0142\u00f3w - Tradycja i Wiara","og_description":"O konieczno\u015bci modlitwy do anio\u0142\u00f3w jesieni\u0105.","og_url":"https:\/\/wobronietradycjiiwiary.com\/pl\/juz-sie-zmierzcha-lub-jesienne-modlitwy-do-aniolow\/","og_site_name":"Tradycja i Wiara","article_publisher":"https:\/\/www.facebook.com\/Tradycja-i-Wiara-108813920592249","article_published_time":"2024-09-02T09:16:42+00:00","article_modified_time":"2025-02-10T10:14:33+00:00","og_image":[{"width":385,"height":278,"url":"https:\/\/wobronietradycjiiwiary.com\/wp-content\/uploads\/2024\/09\/gi-angel-band.jpg","type":"image\/jpeg"}],"author":"Traditio et Fides","twitter_card":"summary_large_image","twitter_misc":{"Napisane przez":"Traditio et Fides","Szacowany czas czytania":"11 minut"},"schema":{"@context":"https:\/\/schema.org","@graph":[{"@type":"Article","@id":"https:\/\/wobronietradycjiiwiary.com\/juz-sie-zmierzcha-lub-jesienne-modlitwy-do-aniolow\/#article","isPartOf":{"@id":"https:\/\/wobronietradycjiiwiary.com\/juz-sie-zmierzcha-lub-jesienne-modlitwy-do-aniolow\/"},"author":{"name":"Traditio et Fides","@id":"https:\/\/wobronietradycjiiwiary.com\/pl\/#\/schema\/person\/2d6180ce6abcb681fef0daab7816e8f3"},"headline":"&#8220;Ju\u017c si\u0119 zmierzcha&#8221; lub jesienne modlitwy do anio\u0142\u00f3w","datePublished":"2024-09-02T09:16:42+00:00","dateModified":"2025-02-10T10:14:33+00:00","mainEntityOfPage":{"@id":"https:\/\/wobronietradycjiiwiary.com\/juz-sie-zmierzcha-lub-jesienne-modlitwy-do-aniolow\/"},"wordCount":2071,"commentCount":2,"publisher":{"@id":"https:\/\/wobronietradycjiiwiary.com\/pl\/#organization"},"image":{"@id":"https:\/\/wobronietradycjiiwiary.com\/juz-sie-zmierzcha-lub-jesienne-modlitwy-do-aniolow\/#primaryimage"},"thumbnailUrl":"https:\/\/wobronietradycjiiwiary.com\/wp-content\/uploads\/2024\/09\/gi-angel-band.jpg","articleSection":["Angelologia","Duchowo\u015b\u0107","Liturgia i liturgika","Rok liturgiczny"],"inLanguage":"pl-PL","potentialAction":[{"@type":"CommentAction","name":"Comment","target":["https:\/\/wobronietradycjiiwiary.com\/juz-sie-zmierzcha-lub-jesienne-modlitwy-do-aniolow\/#respond"]}]},{"@type":"WebPage","@id":"https:\/\/wobronietradycjiiwiary.com\/juz-sie-zmierzcha-lub-jesienne-modlitwy-do-aniolow\/","url":"https:\/\/wobronietradycjiiwiary.com\/juz-sie-zmierzcha-lub-jesienne-modlitwy-do-aniolow\/","name":"\"Ju\u017c si\u0119 zmierzcha\" lub jesienne modlitwy do anio\u0142\u00f3w - Tradycja i Wiara","isPartOf":{"@id":"https:\/\/wobronietradycjiiwiary.com\/pl\/#website"},"primaryImageOfPage":{"@id":"https:\/\/wobronietradycjiiwiary.com\/juz-sie-zmierzcha-lub-jesienne-modlitwy-do-aniolow\/#primaryimage"},"image":{"@id":"https:\/\/wobronietradycjiiwiary.com\/juz-sie-zmierzcha-lub-jesienne-modlitwy-do-aniolow\/#primaryimage"},"thumbnailUrl":"https:\/\/wobronietradycjiiwiary.com\/wp-content\/uploads\/2024\/09\/gi-angel-band.jpg","datePublished":"2024-09-02T09:16:42+00:00","dateModified":"2025-02-10T10:14:33+00:00","breadcrumb":{"@id":"https:\/\/wobronietradycjiiwiary.com\/juz-sie-zmierzcha-lub-jesienne-modlitwy-do-aniolow\/#breadcrumb"},"inLanguage":"pl-PL","potentialAction":[{"@type":"ReadAction","target":["https:\/\/wobronietradycjiiwiary.com\/juz-sie-zmierzcha-lub-jesienne-modlitwy-do-aniolow\/"]}]},{"@type":"ImageObject","inLanguage":"pl-PL","@id":"https:\/\/wobronietradycjiiwiary.com\/juz-sie-zmierzcha-lub-jesienne-modlitwy-do-aniolow\/#primaryimage","url":"https:\/\/wobronietradycjiiwiary.com\/wp-content\/uploads\/2024\/09\/gi-angel-band.jpg","contentUrl":"https:\/\/wobronietradycjiiwiary.com\/wp-content\/uploads\/2024\/09\/gi-angel-band.jpg","width":385,"height":278},{"@type":"BreadcrumbList","@id":"https:\/\/wobronietradycjiiwiary.com\/juz-sie-zmierzcha-lub-jesienne-modlitwy-do-aniolow\/#breadcrumb","itemListElement":[{"@type":"ListItem","position":1,"name":"Strona g\u0142\u00f3wna","item":"https:\/\/wobronietradycjiiwiary.com\/"},{"@type":"ListItem","position":2,"name":"&#8220;Ju\u017c si\u0119 zmierzcha&#8221; lub jesienne modlitwy do anio\u0142\u00f3w"}]},{"@type":"WebSite","@id":"https:\/\/wobronietradycjiiwiary.com\/pl\/#website","url":"https:\/\/wobronietradycjiiwiary.com\/pl\/","name":"Tradycja i Wiara","description":"Portal dla katolik\u00f3w.","publisher":{"@id":"https:\/\/wobronietradycjiiwiary.com\/pl\/#organization"},"potentialAction":[{"@type":"SearchAction","target":{"@type":"EntryPoint","urlTemplate":"https:\/\/wobronietradycjiiwiary.com\/pl\/?s={search_term_string}"},"query-input":{"@type":"PropertyValueSpecification","valueRequired":true,"valueName":"search_term_string"}}],"inLanguage":"pl-PL"},{"@type":"Organization","@id":"https:\/\/wobronietradycjiiwiary.com\/pl\/#organization","name":"Tradycja i Wiara","url":"https:\/\/wobronietradycjiiwiary.com\/pl\/","logo":{"@type":"ImageObject","inLanguage":"pl-PL","@id":"https:\/\/wobronietradycjiiwiary.com\/pl\/#\/schema\/logo\/image\/","url":"https:\/\/i0.wp.com\/wobronietradycjiiwiary.com\/wp-content\/uploads\/2015\/10\/cropped-st-peters-dome-vatican.jpg?fit=940%2C198&ssl=1","contentUrl":"https:\/\/i0.wp.com\/wobronietradycjiiwiary.com\/wp-content\/uploads\/2015\/10\/cropped-st-peters-dome-vatican.jpg?fit=940%2C198&ssl=1","width":940,"height":198,"caption":"Tradycja i Wiara"},"image":{"@id":"https:\/\/wobronietradycjiiwiary.com\/pl\/#\/schema\/logo\/image\/"},"sameAs":["https:\/\/www.facebook.com\/Tradycja-i-Wiara-108813920592249"]},{"@type":"Person","@id":"https:\/\/wobronietradycjiiwiary.com\/pl\/#\/schema\/person\/2d6180ce6abcb681fef0daab7816e8f3","name":"Traditio et Fides","sameAs":["https:\/\/traditionundglauben.com"],"url":"https:\/\/wobronietradycjiiwiary.com\/pl\/author\/wobronietradycjiiwiary\/"}]}},"jetpack_publicize_connections":[],"jetpack_sharing_enabled":true,"jetpack_likes_enabled":true,"jetpack_shortlink":"https:\/\/wp.me\/pc04Sd-vit","jetpack-related-posts":[{"id":154835,"url":"https:\/\/wobronietradycjiiwiary.com\/pl\/juz-sie-zmierzcha-lub-jesienne-modlitwy-do-aniolow-2\/","url_meta":{"origin":120309,"position":0},"title":"&#8220;Ju\u017c si\u0119 zmierzcha&#8221; lub jesienne modlitwy do anio\u0142\u00f3w","author":"Traditio et Fides","date":"2 pa\u017adziernika 2025","format":false,"excerpt":"O konieczno\u015bci modlitwy do anio\u0142\u00f3w jesieni\u0105.","rel":"","context":"W \u201eAngelologia&quot;","block_context":{"text":"Angelologia","link":"https:\/\/wobronietradycjiiwiary.com\/pl\/category\/doktryna\/teologia-dogmatyczna\/angelologia\/"},"img":{"alt_text":"","src":"https:\/\/i0.wp.com\/wobronietradycjiiwiary.com\/wp-content\/uploads\/2024\/09\/gi-angel-band.jpg?resize=350%2C200&ssl=1","width":350,"height":200},"classes":[]},{"id":128061,"url":"https:\/\/wobronietradycjiiwiary.com\/pl\/utracone-skarby-oktawa-objawienia-panskiego\/","url_meta":{"origin":120309,"position":1},"title":"Utracone skarby: Oktawa Objawienia Pa\u0144skiego","author":"Traditio et Fides","date":"10 stycznia 2025","format":false,"excerpt":"O znaczeniu i skutkach oktawy Epifanii.","rel":"","context":"W \u201eDuchowo\u015b\u0107&quot;","block_context":{"text":"Duchowo\u015b\u0107","link":"https:\/\/wobronietradycjiiwiary.com\/pl\/category\/duchowosc\/"},"img":{"alt_text":"","src":"https:\/\/i0.wp.com\/wobronietradycjiiwiary.com\/wp-content\/uploads\/2025\/01\/adolf-luben-farmer-family-at-church.jpg?resize=350%2C200&ssl=1","width":350,"height":200},"classes":[]},{"id":165645,"url":"https:\/\/wobronietradycjiiwiary.com\/pl\/oktawa-wniebowstapienia-lub-rozwazanie-tajemnic-wiary\/","url_meta":{"origin":120309,"position":2},"title":"Oktawa Wniebowst\u0105pienia lub rozwa\u017canie tajemnic wiary.","author":"Traditio et Fides","date":"15 maja 2026","format":false,"excerpt":"O po\u017cytku rozwa\u017ca\u0144 na temat Wniebowst\u0105pienia.","rel":"","context":"W \u201eDoktryna&quot;","block_context":{"text":"Doktryna","link":"https:\/\/wobronietradycjiiwiary.com\/pl\/category\/doktryna\/"},"img":{"alt_text":"","src":"https:\/\/i0.wp.com\/wobronietradycjiiwiary.com\/wp-content\/uploads\/2026\/05\/csm_2014-05-27__64ea9976___Christi_Himmelfahrt_Darstadt_264a11abe1.jpg?resize=350%2C200&ssl=1","width":350,"height":200,"srcset":"https:\/\/i0.wp.com\/wobronietradycjiiwiary.com\/wp-content\/uploads\/2026\/05\/csm_2014-05-27__64ea9976___Christi_Himmelfahrt_Darstadt_264a11abe1.jpg?resize=350%2C200&ssl=1 1x, https:\/\/i0.wp.com\/wobronietradycjiiwiary.com\/wp-content\/uploads\/2026\/05\/csm_2014-05-27__64ea9976___Christi_Himmelfahrt_Darstadt_264a11abe1.jpg?resize=525%2C300&ssl=1 1.5x, https:\/\/i0.wp.com\/wobronietradycjiiwiary.com\/wp-content\/uploads\/2026\/05\/csm_2014-05-27__64ea9976___Christi_Himmelfahrt_Darstadt_264a11abe1.jpg?resize=700%2C400&ssl=1 2x, https:\/\/i0.wp.com\/wobronietradycjiiwiary.com\/wp-content\/uploads\/2026\/05\/csm_2014-05-27__64ea9976___Christi_Himmelfahrt_Darstadt_264a11abe1.jpg?resize=1050%2C600&ssl=1 3x"},"classes":[]},{"id":145495,"url":"https:\/\/wobronietradycjiiwiary.com\/pl\/brewiarz-trydencki-na-oktawe-bozego-ciala-sobota\/","url_meta":{"origin":120309,"position":3},"title":"Brewiarz Trydencki na Oktaw\u0119 Bo\u017cego Cia\u0142a &#8211; Sobota","author":"Traditio et Fides","date":"21 czerwca 2025","format":false,"excerpt":"Brewiarz Trydencki na Oktaw\u0119 Bo\u017cego Cia\u0142a - Sobota.","rel":"","context":"W \u201eBo\u017ce Cia\u0142o z Oktaw\u0105&quot;","block_context":{"text":"Bo\u017ce Cia\u0142o z Oktaw\u0105","link":"https:\/\/wobronietradycjiiwiary.com\/pl\/category\/duchowosc\/liturgia-i-liturgika\/rozwazania\/rok-liturgiczny\/boze-cialo-z-oktawa\/"},"img":{"alt_text":"","src":"https:\/\/i0.wp.com\/wobronietradycjiiwiary.com\/wp-content\/uploads\/2019\/06\/adolf_friedrich_erdmann_von_menzel_026-scaled.jpg?resize=350%2C200&ssl=1","width":350,"height":200,"srcset":"https:\/\/i0.wp.com\/wobronietradycjiiwiary.com\/wp-content\/uploads\/2019\/06\/adolf_friedrich_erdmann_von_menzel_026-scaled.jpg?resize=350%2C200&ssl=1 1x, https:\/\/i0.wp.com\/wobronietradycjiiwiary.com\/wp-content\/uploads\/2019\/06\/adolf_friedrich_erdmann_von_menzel_026-scaled.jpg?resize=525%2C300&ssl=1 1.5x, https:\/\/i0.wp.com\/wobronietradycjiiwiary.com\/wp-content\/uploads\/2019\/06\/adolf_friedrich_erdmann_von_menzel_026-scaled.jpg?resize=700%2C400&ssl=1 2x, https:\/\/i0.wp.com\/wobronietradycjiiwiary.com\/wp-content\/uploads\/2019\/06\/adolf_friedrich_erdmann_von_menzel_026-scaled.jpg?resize=1050%2C600&ssl=1 3x, https:\/\/i0.wp.com\/wobronietradycjiiwiary.com\/wp-content\/uploads\/2019\/06\/adolf_friedrich_erdmann_von_menzel_026-scaled.jpg?resize=1400%2C800&ssl=1 4x"},"classes":[]},{"id":155890,"url":"https:\/\/wobronietradycjiiwiary.com\/pl\/oktawa-wszystkich-swietych-w-brewiarzu-trzeci-dzien\/","url_meta":{"origin":120309,"position":4},"title":"Oktawa Wszystkich \u015awi\u0119tych w Brewiarzu. Trzeci dzie\u0144.","author":"Traditio et Fides","date":"3 listopada 2025","format":false,"excerpt":"Brewiarz Trydencki na oktaw\u0119 Wszystkich \u015awi\u0119tych. Dzie\u0144 trzeci.","rel":"","context":"W \u201e11. listopad&quot;","block_context":{"text":"11. listopad","link":"https:\/\/wobronietradycjiiwiary.com\/pl\/category\/duchowosc\/liturgia-i-liturgika\/rozwazania\/zywoty-swietych\/w-brewiarzu\/11-listopad\/"},"img":{"alt_text":"","src":"https:\/\/i0.wp.com\/wobronietradycjiiwiary.com\/wp-content\/uploads\/2025\/11\/unnamed.webp?resize=350%2C200&ssl=1","width":350,"height":200},"classes":[]},{"id":145419,"url":"https:\/\/wobronietradycjiiwiary.com\/pl\/brewiarz-trydencki-na-oktawe-bozego-ciala-piatek\/","url_meta":{"origin":120309,"position":5},"title":"Brewiarz Trydencki na Oktaw\u0119 Bo\u017cego Cia\u0142a &#8211; Pi\u0105tek","author":"Traditio et Fides","date":"20 czerwca 2025","format":false,"excerpt":"Brewiarz Trydencki na Oktaw\u0119 Bo\u017cego Cia\u0142a - Pi\u0105tek.","rel":"","context":"W \u201eBo\u017ce Cia\u0142o z Oktaw\u0105&quot;","block_context":{"text":"Bo\u017ce Cia\u0142o z Oktaw\u0105","link":"https:\/\/wobronietradycjiiwiary.com\/pl\/category\/duchowosc\/liturgia-i-liturgika\/rozwazania\/rok-liturgiczny\/boze-cialo-z-oktawa\/"},"img":{"alt_text":"","src":"https:\/\/i0.wp.com\/wobronietradycjiiwiary.com\/wp-content\/uploads\/2019\/06\/adolf_friedrich_erdmann_von_menzel_026-scaled.jpg?resize=350%2C200&ssl=1","width":350,"height":200,"srcset":"https:\/\/i0.wp.com\/wobronietradycjiiwiary.com\/wp-content\/uploads\/2019\/06\/adolf_friedrich_erdmann_von_menzel_026-scaled.jpg?resize=350%2C200&ssl=1 1x, https:\/\/i0.wp.com\/wobronietradycjiiwiary.com\/wp-content\/uploads\/2019\/06\/adolf_friedrich_erdmann_von_menzel_026-scaled.jpg?resize=525%2C300&ssl=1 1.5x, https:\/\/i0.wp.com\/wobronietradycjiiwiary.com\/wp-content\/uploads\/2019\/06\/adolf_friedrich_erdmann_von_menzel_026-scaled.jpg?resize=700%2C400&ssl=1 2x, https:\/\/i0.wp.com\/wobronietradycjiiwiary.com\/wp-content\/uploads\/2019\/06\/adolf_friedrich_erdmann_von_menzel_026-scaled.jpg?resize=1050%2C600&ssl=1 3x, https:\/\/i0.wp.com\/wobronietradycjiiwiary.com\/wp-content\/uploads\/2019\/06\/adolf_friedrich_erdmann_von_menzel_026-scaled.jpg?resize=1400%2C800&ssl=1 4x"},"classes":[]}],"amp_enabled":true,"jetpack_featured_media_url":"https:\/\/wobronietradycjiiwiary.com\/wp-content\/uploads\/2024\/09\/gi-angel-band.jpg","_links":{"self":[{"href":"https:\/\/wobronietradycjiiwiary.com\/pl\/wp-json\/wp\/v2\/posts\/120309","targetHints":{"allow":["GET"]}}],"collection":[{"href":"https:\/\/wobronietradycjiiwiary.com\/pl\/wp-json\/wp\/v2\/posts"}],"about":[{"href":"https:\/\/wobronietradycjiiwiary.com\/pl\/wp-json\/wp\/v2\/types\/post"}],"author":[{"embeddable":true,"href":"https:\/\/wobronietradycjiiwiary.com\/pl\/wp-json\/wp\/v2\/users\/60508433"}],"replies":[{"embeddable":true,"href":"https:\/\/wobronietradycjiiwiary.com\/pl\/wp-json\/wp\/v2\/comments?post=120309"}],"version-history":[{"count":73,"href":"https:\/\/wobronietradycjiiwiary.com\/pl\/wp-json\/wp\/v2\/posts\/120309\/revisions"}],"predecessor-version":[{"id":121262,"href":"https:\/\/wobronietradycjiiwiary.com\/pl\/wp-json\/wp\/v2\/posts\/120309\/revisions\/121262"}],"wp:featuredmedia":[{"embeddable":true,"href":"https:\/\/wobronietradycjiiwiary.com\/pl\/wp-json\/wp\/v2\/media\/120330"}],"wp:attachment":[{"href":"https:\/\/wobronietradycjiiwiary.com\/pl\/wp-json\/wp\/v2\/media?parent=120309"}],"wp:term":[{"taxonomy":"category","embeddable":true,"href":"https:\/\/wobronietradycjiiwiary.com\/pl\/wp-json\/wp\/v2\/categories?post=120309"},{"taxonomy":"post_tag","embeddable":true,"href":"https:\/\/wobronietradycjiiwiary.com\/pl\/wp-json\/wp\/v2\/tags?post=120309"}],"curies":[{"name":"wp","href":"https:\/\/api.w.org\/{rel}","templated":true}]}}