{"id":11861,"date":"2017-04-04T08:00:32","date_gmt":"2017-04-04T06:00:32","guid":{"rendered":"https:\/\/wobronietradycjiiwiary.com\/?p=11861"},"modified":"2025-02-07T15:52:11","modified_gmt":"2025-02-07T14:52:11","slug":"hilary-white-franciszek-jest-papiezem-dotad-az-papiez-nie-powie-ze-nim-nie-jest","status":"publish","type":"post","link":"https:\/\/wobronietradycjiiwiary.com\/pl\/hilary-white-franciszek-jest-papiezem-dotad-az-papiez-nie-powie-ze-nim-nie-jest\/","title":{"rendered":"Hilary White, Franciszek jest papie\u017cem dot\u0105d a\u017c papie\u017c nie powie, \u017ce nim nie jest"},"content":{"rendered":"<div id=\"bsf_rt_marker\"><\/div><p>Niniejszym publikujemy artyku\u0142 Hilary White z The Remnant w znakomitym t\u0142umaczeniu naszej t\u0142umaczki i czytelniczki Hanny, kt\u00f3rej nie mo\u017cemy nachwali\u0107,&hellip;<\/p>\n<div style=\"text-align: center\">\n<p>&nbsp;<\/p>\n<\/div>\n<h2 style=\"border: 5px solid #0000A0;padding: 1em;text-align: center\"><span style=\"color: #000000\">Pe\u0142en dost\u0119p dla <span style=\"color: #00ccff\"><a style=\"color: #00ccff\" href=\"https:\/\/wobronietradycjiiwiary.com\/subskrypcje-2\/\" target=\"_blank\" rel=\"noopener\">subskrybent\u00f3w<\/a><\/span>.<\/span><br \/>\n<span style=\"color: #3366ff\"><a style=\"color: #3366ff\" href=\"https:\/\/wobronietradycjiiwiary.com\/account\/login\/\" target=\"_blank\" rel=\"noopener\"><span style=\"color: #00ccff\">Zaloguj<\/span><\/a> <\/span>si\u0119 lub przejd\u017a do <a href=\"https:\/\/wobronietradycjiiwiary.com\/register\/\"><span style=\"color: #3366ff\">Rejestracji<\/span><\/a>.<\/h2>\n<div>\n<p style=\"text-align: center\"><a href=\"https:\/\/wobronietradycjiiwiary.com\/pl\/subskrypcje-2\/cennik\/\" target=\"_blank\" rel=\"noopener\"><span style=\"color: #000080;font-size: 24pt\"><strong>Nowe ni\u017csze ceny<\/strong><\/span><\/a><\/p>\n<p style=\"text-align: center\"><strong><span style=\"font-size: 18pt;color: #000080\">P\u0142atno\u015b\u0107 kart\u0105<\/span><\/strong><\/p>\n<\/div>\n<h3 style=\"text-align: center\"><a href=\"https:\/\/wobronietradycjiiwiary.com\/pl\/subskrypcje-2\/automatyczne\/indywidualne\/\" target=\"_blank\" rel=\"noopener\"><img fetchpriority=\"high\" decoding=\"async\" class=\"alignnone size-medium wp-image-80433\" src=\"https:\/\/wobronietradycjiiwiary.com\/wp-content\/uploads\/2022\/11\/Unbenannt-1-Online-1-300x202.jpg\" alt=\"\" width=\"300\" height=\"202\" srcset=\"https:\/\/wobronietradycjiiwiary.com\/wp-content\/uploads\/2022\/11\/Unbenannt-1-Online-1-300x202.jpg 300w, https:\/\/wobronietradycjiiwiary.com\/wp-content\/uploads\/2022\/11\/Unbenannt-1-Online-1-150x101.jpg 150w, https:\/\/wobronietradycjiiwiary.com\/wp-content\/uploads\/2022\/11\/Unbenannt-1-Online-1-18x12.jpg 18w, https:\/\/wobronietradycjiiwiary.com\/wp-content\/uploads\/2022\/11\/Unbenannt-1-Online-1.jpg 446w\" sizes=\"(max-width: 300px) 100vw, 300px\" \/><\/a><\/h3>\n<p style=\"text-align: center\"><strong><span style=\"font-size: 18pt;color: #000080\">P\u0142atno\u015b\u0107 przelewem<\/span><\/strong><\/p>\n<p><a href=\"https:\/\/wobronietradycjiiwiary.com\/pl\/subskrypcje-2\/automatyczne\/indywidualne\/\" target=\"_blank\" rel=\"noopener\"><img decoding=\"async\" class=\"size-medium wp-image-80434 aligncenter\" src=\"https:\/\/wobronietradycjiiwiary.com\/wp-content\/uploads\/2022\/11\/Unbenannt-1-Przelewem-300x137.jpg\" alt=\"\" width=\"300\" height=\"137\" srcset=\"https:\/\/wobronietradycjiiwiary.com\/wp-content\/uploads\/2022\/11\/Unbenannt-1-Przelewem-300x137.jpg 300w, https:\/\/wobronietradycjiiwiary.com\/wp-content\/uploads\/2022\/11\/Unbenannt-1-Przelewem-450x206.jpg 450w, https:\/\/wobronietradycjiiwiary.com\/wp-content\/uploads\/2022\/11\/Unbenannt-1-Przelewem-600x274.jpg 600w, https:\/\/wobronietradycjiiwiary.com\/wp-content\/uploads\/2022\/11\/Unbenannt-1-Przelewem-150x69.jpg 150w, https:\/\/wobronietradycjiiwiary.com\/wp-content\/uploads\/2022\/11\/Unbenannt-1-Przelewem-18x8.jpg 18w, https:\/\/wobronietradycjiiwiary.com\/wp-content\/uploads\/2022\/11\/Unbenannt-1-Przelewem.jpg 676w\" sizes=\"(max-width: 300px) 100vw, 300px\" \/><\/a><\/p>\n<p style=\"text-align: center\"><strong><span style=\"font-size: 18pt;color: #000080\">P\u0142atno\u015b\u0107 kart\u0105 do 6 os\u00f3b<\/span><\/strong><\/p>\n<p><a href=\"https:\/\/wobronietradycjiiwiary.com\/pl\/rodzinne\/\" target=\"_blank\" rel=\"noopener\"><img decoding=\"async\" class=\"size-medium wp-image-80435 aligncenter\" src=\"https:\/\/wobronietradycjiiwiary.com\/wp-content\/uploads\/2022\/11\/Unbenannt-1-Rodzinna-300x208.jpg\" alt=\"\" width=\"300\" height=\"208\" srcset=\"https:\/\/wobronietradycjiiwiary.com\/wp-content\/uploads\/2022\/11\/Unbenannt-1-Rodzinna-300x208.jpg 300w, https:\/\/wobronietradycjiiwiary.com\/wp-content\/uploads\/2022\/11\/Unbenannt-1-Rodzinna-150x104.jpg 150w, https:\/\/wobronietradycjiiwiary.com\/wp-content\/uploads\/2022\/11\/Unbenannt-1-Rodzinna-18x12.jpg 18w, https:\/\/wobronietradycjiiwiary.com\/wp-content\/uploads\/2022\/11\/Unbenannt-1-Rodzinna.jpg 448w\" sizes=\"(max-width: 300px) 100vw, 300px\" \/><\/a><\/p>\n<h3 style=\"text-align: center\"><\/h3>\n<h1 style=\"text-align: center\"><\/h1>\n","protected":false},"excerpt":{"rendered":"<p>Niniejszym publikujemy artyku\u0142 Hilary White z The Remnant w znakomitym t\u0142umaczeniu naszej t\u0142umaczki i czytelniczki Hanny, kt\u00f3rej nie mo\u017cemy nachwali\u0107,&hellip; &nbsp; Pe\u0142en dost\u0119p dla subskrybent\u00f3w. Zaloguj si\u0119 lub przejd\u017a do Rejestracji. Nowe ni\u017csze ceny P\u0142atno\u015b\u0107 kart\u0105 P\u0142atno\u015b\u0107 przelewem P\u0142atno\u015b\u0107 kart\u0105 do 6 os\u00f3b<\/p>\n","protected":false},"author":93612346,"featured_media":0,"comment_status":"closed","ping_status":"closed","sticky":false,"template":"","format":"standard","meta":{"_bbp_topic_count":0,"_bbp_reply_count":0,"_bbp_total_topic_count":0,"_bbp_total_reply_count":0,"_bbp_voice_count":0,"_bbp_anonymous_reply_count":0,"_bbp_topic_count_hidden":0,"_bbp_reply_count_hidden":0,"_bbp_forum_subforum_count":0,"_editorskit_title_hidden":false,"_editorskit_reading_time":0,"_editorskit_is_block_options_detached":false,"_editorskit_block_options_position":"{}","_coblocks_attr":"","_coblocks_dimensions":"","_coblocks_responsive_height":"","_coblocks_accordion_ie_support":"","_exactmetrics_skip_tracking":false,"_jetpack_newsletter_access":"","_jetpack_dont_email_post_to_subs":false,"_jetpack_newsletter_tier_id":0,"_jetpack_memberships_contains_paywalled_content":false,"_wpcom_ai_launchpad_first_post":false,"_jetpack_feature_clip_id":0,"_jetpack_memberships_contains_paid_content":false,"footnotes":"","jetpack_publicize_message":"{title}\n\n{excerpt}\n\n{url}","jetpack_publicize_feature_enabled":true,"jetpack_social_post_already_shared":true,"jetpack_social_options":{"image_generator_settings":{"template":"highway","default_image_id":0,"font":"","enabled":false},"version":2},"_wpas_customize_per_network":false,"jetpack_post_was_ever_published":false},"categories":[610131215,9305214,610131186],"tags":[610130684,59936161,610130690,567992477,610132133],"class_list":["post-11861","post","type-post","status-publish","format-standard","hentry","category-autorzy-polemiczni","category-hilary-white","category-polemika","tag-ann-barnhardt","tag-antypapiez","tag-papiez-franciszek","tag-pontyfikat-bergoglio","tag-restricted"],"yoast_head":"<!-- This site is optimized with the Yoast SEO plugin v28.4 - https:\/\/yoast.com\/product\/yoast-seo-wordpress\/ -->\n<title>Hilary White, Franciszek jest papie\u017cem dot\u0105d a\u017c papie\u017c nie powie, \u017ce nim nie jest - Tradycja i Wiara<\/title>\n<meta name=\"robots\" content=\"index, follow, max-snippet:-1, max-image-preview:large, max-video-preview:-1\" \/>\n<link rel=\"canonical\" href=\"https:\/\/wobronietradycjiiwiary.com\/pl\/hilary-white-franciszek-jest-papiezem-dotad-az-papiez-nie-powie-ze-nim-nie-jest\/\" \/>\n<meta property=\"og:locale\" content=\"pl_PL\" \/>\n<meta property=\"og:type\" content=\"article\" \/>\n<meta property=\"og:title\" content=\"Hilary White, Franciszek jest papie\u017cem dot\u0105d a\u017c papie\u017c nie powie, \u017ce nim nie jest - Tradycja i Wiara\" \/>\n<meta property=\"og:description\" content=\"Niniejszym publikujemy artyku\u0142 Hilary White z The Remnant w znakomitym t\u0142umaczeniu naszej t\u0142umaczki i czytelniczki Hanny, kt\u00f3rej nie mo\u017cemy nachwali\u0107,&hellip; &nbsp; Pe\u0142en dost\u0119p dla subskrybent\u00f3w. Zaloguj si\u0119 lub przejd\u017a do Rejestracji. Nowe ni\u017csze ceny P\u0142atno\u015b\u0107 kart\u0105 P\u0142atno\u015b\u0107 przelewem P\u0142atno\u015b\u0107 kart\u0105 do 6 os\u00f3b\" \/>\n<meta property=\"og:url\" content=\"https:\/\/wobronietradycjiiwiary.com\/pl\/hilary-white-franciszek-jest-papiezem-dotad-az-papiez-nie-powie-ze-nim-nie-jest\/\" \/>\n<meta property=\"og:site_name\" content=\"Tradycja i Wiara\" \/>\n<meta property=\"article:publisher\" content=\"https:\/\/www.facebook.com\/Tradycja-i-Wiara-108813920592249\" \/>\n<meta property=\"article:published_time\" content=\"2017-04-04T06:00:32+00:00\" \/>\n<meta property=\"article:modified_time\" content=\"2025-02-07T14:52:11+00:00\" \/>\n<meta property=\"og:image\" content=\"https:\/\/wobronietradycjiiwiary.com\/wp-content\/uploads\/2017\/03\/40e0e40ae0e25fe694f0ea49612a372e.jpg\" \/>\n<meta name=\"author\" content=\"Hanna\" \/>\n<meta name=\"twitter:card\" content=\"summary_large_image\" \/>\n<meta name=\"twitter:label1\" content=\"Napisane przez\" \/>\n\t<meta name=\"twitter:data1\" content=\"Hanna\" \/>\n\t<meta name=\"twitter:label2\" content=\"Szacowany czas czytania\" \/>\n\t<meta name=\"twitter:data2\" content=\"19 minut\" \/>\n<script type=\"application\/ld+json\" class=\"yoast-schema-graph\">{\"@context\":\"https:\\\/\\\/schema.org\",\"@graph\":[{\"@type\":\"Article\",\"@id\":\"https:\\\/\\\/wobronietradycjiiwiary.com\\\/hilary-white-franciszek-jest-papiezem-dotad-az-papiez-nie-powie-ze-nim-nie-jest\\\/#article\",\"isPartOf\":{\"@id\":\"https:\\\/\\\/wobronietradycjiiwiary.com\\\/hilary-white-franciszek-jest-papiezem-dotad-az-papiez-nie-powie-ze-nim-nie-jest\\\/\"},\"author\":{\"name\":\"Hanna\",\"@id\":\"https:\\\/\\\/wobronietradycjiiwiary.com\\\/pl\\\/#\\\/schema\\\/person\\\/bae98ade3924cc3e068ca07dd7bcd61f\"},\"headline\":\"Hilary White, Franciszek jest papie\u017cem dot\u0105d a\u017c papie\u017c nie powie, \u017ce nim nie jest\",\"datePublished\":\"2017-04-04T06:00:32+00:00\",\"dateModified\":\"2025-02-07T14:52:11+00:00\",\"mainEntityOfPage\":{\"@id\":\"https:\\\/\\\/wobronietradycjiiwiary.com\\\/hilary-white-franciszek-jest-papiezem-dotad-az-papiez-nie-powie-ze-nim-nie-jest\\\/\"},\"wordCount\":3893,\"publisher\":{\"@id\":\"https:\\\/\\\/wobronietradycjiiwiary.com\\\/pl\\\/#organization\"},\"image\":{\"@id\":\"https:\\\/\\\/wobronietradycjiiwiary.com\\\/hilary-white-franciszek-jest-papiezem-dotad-az-papiez-nie-powie-ze-nim-nie-jest\\\/#primaryimage\"},\"thumbnailUrl\":\"https:\\\/\\\/wobronietradycjiiwiary.com\\\/wp-content\\\/uploads\\\/2017\\\/03\\\/40e0e40ae0e25fe694f0ea49612a372e.jpg\",\"keywords\":[\"Ann Barnhardt\",\"antypapie\u017c\",\"Papie\u017c Franciszek\",\"pontyfikat Bergoglio\",\"Restricted\"],\"articleSection\":[\"Autorzy polemiczni\",\"Hilary White\",\"Polemika\"],\"inLanguage\":\"pl-PL\"},{\"@type\":\"WebPage\",\"@id\":\"https:\\\/\\\/wobronietradycjiiwiary.com\\\/hilary-white-franciszek-jest-papiezem-dotad-az-papiez-nie-powie-ze-nim-nie-jest\\\/\",\"url\":\"https:\\\/\\\/wobronietradycjiiwiary.com\\\/hilary-white-franciszek-jest-papiezem-dotad-az-papiez-nie-powie-ze-nim-nie-jest\\\/\",\"name\":\"Hilary White, Franciszek jest papie\u017cem dot\u0105d a\u017c papie\u017c nie powie, \u017ce nim nie jest - Tradycja i Wiara\",\"isPartOf\":{\"@id\":\"https:\\\/\\\/wobronietradycjiiwiary.com\\\/pl\\\/#website\"},\"primaryImageOfPage\":{\"@id\":\"https:\\\/\\\/wobronietradycjiiwiary.com\\\/hilary-white-franciszek-jest-papiezem-dotad-az-papiez-nie-powie-ze-nim-nie-jest\\\/#primaryimage\"},\"image\":{\"@id\":\"https:\\\/\\\/wobronietradycjiiwiary.com\\\/hilary-white-franciszek-jest-papiezem-dotad-az-papiez-nie-powie-ze-nim-nie-jest\\\/#primaryimage\"},\"thumbnailUrl\":\"https:\\\/\\\/wobronietradycjiiwiary.com\\\/wp-content\\\/uploads\\\/2017\\\/03\\\/40e0e40ae0e25fe694f0ea49612a372e.jpg\",\"datePublished\":\"2017-04-04T06:00:32+00:00\",\"dateModified\":\"2025-02-07T14:52:11+00:00\",\"breadcrumb\":{\"@id\":\"https:\\\/\\\/wobronietradycjiiwiary.com\\\/hilary-white-franciszek-jest-papiezem-dotad-az-papiez-nie-powie-ze-nim-nie-jest\\\/#breadcrumb\"},\"inLanguage\":\"pl-PL\",\"potentialAction\":[{\"@type\":\"ReadAction\",\"target\":[\"https:\\\/\\\/wobronietradycjiiwiary.com\\\/hilary-white-franciszek-jest-papiezem-dotad-az-papiez-nie-powie-ze-nim-nie-jest\\\/\"]}]},{\"@type\":\"ImageObject\",\"inLanguage\":\"pl-PL\",\"@id\":\"https:\\\/\\\/wobronietradycjiiwiary.com\\\/hilary-white-franciszek-jest-papiezem-dotad-az-papiez-nie-powie-ze-nim-nie-jest\\\/#primaryimage\",\"url\":\"https:\\\/\\\/wobronietradycjiiwiary.com\\\/wp-content\\\/uploads\\\/2017\\\/03\\\/40e0e40ae0e25fe694f0ea49612a372e.jpg\",\"contentUrl\":\"https:\\\/\\\/wobronietradycjiiwiary.com\\\/wp-content\\\/uploads\\\/2017\\\/03\\\/40e0e40ae0e25fe694f0ea49612a372e.jpg\"},{\"@type\":\"BreadcrumbList\",\"@id\":\"https:\\\/\\\/wobronietradycjiiwiary.com\\\/hilary-white-franciszek-jest-papiezem-dotad-az-papiez-nie-powie-ze-nim-nie-jest\\\/#breadcrumb\",\"itemListElement\":[{\"@type\":\"ListItem\",\"position\":1,\"name\":\"Strona g\u0142\u00f3wna\",\"item\":\"https:\\\/\\\/wobronietradycjiiwiary.com\\\/\"},{\"@type\":\"ListItem\",\"position\":2,\"name\":\"Hilary White, Franciszek jest papie\u017cem dot\u0105d a\u017c papie\u017c nie powie, \u017ce nim nie jest\"}]},{\"@type\":\"WebSite\",\"@id\":\"https:\\\/\\\/wobronietradycjiiwiary.com\\\/pl\\\/#website\",\"url\":\"https:\\\/\\\/wobronietradycjiiwiary.com\\\/pl\\\/\",\"name\":\"Tradycja i Wiara\",\"description\":\"Portal dla katolik\u00f3w.\",\"publisher\":{\"@id\":\"https:\\\/\\\/wobronietradycjiiwiary.com\\\/pl\\\/#organization\"},\"potentialAction\":[{\"@type\":\"SearchAction\",\"target\":{\"@type\":\"EntryPoint\",\"urlTemplate\":\"https:\\\/\\\/wobronietradycjiiwiary.com\\\/pl\\\/?s={search_term_string}\"},\"query-input\":{\"@type\":\"PropertyValueSpecification\",\"valueRequired\":true,\"valueName\":\"search_term_string\"}}],\"inLanguage\":\"pl-PL\"},{\"@type\":\"Organization\",\"@id\":\"https:\\\/\\\/wobronietradycjiiwiary.com\\\/pl\\\/#organization\",\"name\":\"Tradycja i Wiara\",\"url\":\"https:\\\/\\\/wobronietradycjiiwiary.com\\\/pl\\\/\",\"logo\":{\"@type\":\"ImageObject\",\"inLanguage\":\"pl-PL\",\"@id\":\"https:\\\/\\\/wobronietradycjiiwiary.com\\\/pl\\\/#\\\/schema\\\/logo\\\/image\\\/\",\"url\":\"https:\\\/\\\/i0.wp.com\\\/wobronietradycjiiwiary.com\\\/wp-content\\\/uploads\\\/2015\\\/10\\\/cropped-st-peters-dome-vatican.jpg?fit=940%2C198&ssl=1\",\"contentUrl\":\"https:\\\/\\\/i0.wp.com\\\/wobronietradycjiiwiary.com\\\/wp-content\\\/uploads\\\/2015\\\/10\\\/cropped-st-peters-dome-vatican.jpg?fit=940%2C198&ssl=1\",\"width\":940,\"height\":198,\"caption\":\"Tradycja i Wiara\"},\"image\":{\"@id\":\"https:\\\/\\\/wobronietradycjiiwiary.com\\\/pl\\\/#\\\/schema\\\/logo\\\/image\\\/\"},\"sameAs\":[\"https:\\\/\\\/www.facebook.com\\\/Tradycja-i-Wiara-108813920592249\"]},{\"@type\":\"Person\",\"@id\":\"https:\\\/\\\/wobronietradycjiiwiary.com\\\/pl\\\/#\\\/schema\\\/person\\\/bae98ade3924cc3e068ca07dd7bcd61f\",\"name\":\"Hanna\",\"url\":\"https:\\\/\\\/wobronietradycjiiwiary.com\\\/pl\\\/author\\\/hanna1199\\\/\"}]}<\/script>\n<!-- \/ Yoast SEO plugin. -->","yoast_head_json":{"title":"Hilary White, Franciszek jest papie\u017cem dot\u0105d a\u017c papie\u017c nie powie, \u017ce nim nie jest - Tradycja i Wiara","robots":{"index":"index","follow":"follow","max-snippet":"max-snippet:-1","max-image-preview":"max-image-preview:large","max-video-preview":"max-video-preview:-1"},"canonical":"https:\/\/wobronietradycjiiwiary.com\/pl\/hilary-white-franciszek-jest-papiezem-dotad-az-papiez-nie-powie-ze-nim-nie-jest\/","og_locale":"pl_PL","og_type":"article","og_title":"Hilary White, Franciszek jest papie\u017cem dot\u0105d a\u017c papie\u017c nie powie, \u017ce nim nie jest - Tradycja i Wiara","og_description":"Niniejszym publikujemy artyku\u0142 Hilary White z The Remnant w znakomitym t\u0142umaczeniu naszej t\u0142umaczki i czytelniczki Hanny, kt\u00f3rej nie mo\u017cemy nachwali\u0107,&hellip; &nbsp; Pe\u0142en dost\u0119p dla subskrybent\u00f3w. Zaloguj si\u0119 lub przejd\u017a do Rejestracji. Nowe ni\u017csze ceny P\u0142atno\u015b\u0107 kart\u0105 P\u0142atno\u015b\u0107 przelewem P\u0142atno\u015b\u0107 kart\u0105 do 6 os\u00f3b","og_url":"https:\/\/wobronietradycjiiwiary.com\/pl\/hilary-white-franciszek-jest-papiezem-dotad-az-papiez-nie-powie-ze-nim-nie-jest\/","og_site_name":"Tradycja i Wiara","article_publisher":"https:\/\/www.facebook.com\/Tradycja-i-Wiara-108813920592249","article_published_time":"2017-04-04T06:00:32+00:00","article_modified_time":"2025-02-07T14:52:11+00:00","og_image":[{"url":"https:\/\/wobronietradycjiiwiary.com\/wp-content\/uploads\/2017\/03\/40e0e40ae0e25fe694f0ea49612a372e.jpg","type":"","width":"","height":""}],"author":"Hanna","twitter_card":"summary_large_image","twitter_misc":{"Napisane przez":"Hanna","Szacowany czas czytania":"19 minut"},"schema":{"@context":"https:\/\/schema.org","@graph":[{"@type":"Article","@id":"https:\/\/wobronietradycjiiwiary.com\/hilary-white-franciszek-jest-papiezem-dotad-az-papiez-nie-powie-ze-nim-nie-jest\/#article","isPartOf":{"@id":"https:\/\/wobronietradycjiiwiary.com\/hilary-white-franciszek-jest-papiezem-dotad-az-papiez-nie-powie-ze-nim-nie-jest\/"},"author":{"name":"Hanna","@id":"https:\/\/wobronietradycjiiwiary.com\/pl\/#\/schema\/person\/bae98ade3924cc3e068ca07dd7bcd61f"},"headline":"Hilary White, Franciszek jest papie\u017cem dot\u0105d a\u017c papie\u017c nie powie, \u017ce nim nie jest","datePublished":"2017-04-04T06:00:32+00:00","dateModified":"2025-02-07T14:52:11+00:00","mainEntityOfPage":{"@id":"https:\/\/wobronietradycjiiwiary.com\/hilary-white-franciszek-jest-papiezem-dotad-az-papiez-nie-powie-ze-nim-nie-jest\/"},"wordCount":3893,"publisher":{"@id":"https:\/\/wobronietradycjiiwiary.com\/pl\/#organization"},"image":{"@id":"https:\/\/wobronietradycjiiwiary.com\/hilary-white-franciszek-jest-papiezem-dotad-az-papiez-nie-powie-ze-nim-nie-jest\/#primaryimage"},"thumbnailUrl":"https:\/\/wobronietradycjiiwiary.com\/wp-content\/uploads\/2017\/03\/40e0e40ae0e25fe694f0ea49612a372e.jpg","keywords":["Ann Barnhardt","antypapie\u017c","Papie\u017c Franciszek","pontyfikat Bergoglio","Restricted"],"articleSection":["Autorzy polemiczni","Hilary White","Polemika"],"inLanguage":"pl-PL"},{"@type":"WebPage","@id":"https:\/\/wobronietradycjiiwiary.com\/hilary-white-franciszek-jest-papiezem-dotad-az-papiez-nie-powie-ze-nim-nie-jest\/","url":"https:\/\/wobronietradycjiiwiary.com\/hilary-white-franciszek-jest-papiezem-dotad-az-papiez-nie-powie-ze-nim-nie-jest\/","name":"Hilary White, Franciszek jest papie\u017cem dot\u0105d a\u017c papie\u017c nie powie, \u017ce nim nie jest - Tradycja i Wiara","isPartOf":{"@id":"https:\/\/wobronietradycjiiwiary.com\/pl\/#website"},"primaryImageOfPage":{"@id":"https:\/\/wobronietradycjiiwiary.com\/hilary-white-franciszek-jest-papiezem-dotad-az-papiez-nie-powie-ze-nim-nie-jest\/#primaryimage"},"image":{"@id":"https:\/\/wobronietradycjiiwiary.com\/hilary-white-franciszek-jest-papiezem-dotad-az-papiez-nie-powie-ze-nim-nie-jest\/#primaryimage"},"thumbnailUrl":"https:\/\/wobronietradycjiiwiary.com\/wp-content\/uploads\/2017\/03\/40e0e40ae0e25fe694f0ea49612a372e.jpg","datePublished":"2017-04-04T06:00:32+00:00","dateModified":"2025-02-07T14:52:11+00:00","breadcrumb":{"@id":"https:\/\/wobronietradycjiiwiary.com\/hilary-white-franciszek-jest-papiezem-dotad-az-papiez-nie-powie-ze-nim-nie-jest\/#breadcrumb"},"inLanguage":"pl-PL","potentialAction":[{"@type":"ReadAction","target":["https:\/\/wobronietradycjiiwiary.com\/hilary-white-franciszek-jest-papiezem-dotad-az-papiez-nie-powie-ze-nim-nie-jest\/"]}]},{"@type":"ImageObject","inLanguage":"pl-PL","@id":"https:\/\/wobronietradycjiiwiary.com\/hilary-white-franciszek-jest-papiezem-dotad-az-papiez-nie-powie-ze-nim-nie-jest\/#primaryimage","url":"https:\/\/wobronietradycjiiwiary.com\/wp-content\/uploads\/2017\/03\/40e0e40ae0e25fe694f0ea49612a372e.jpg","contentUrl":"https:\/\/wobronietradycjiiwiary.com\/wp-content\/uploads\/2017\/03\/40e0e40ae0e25fe694f0ea49612a372e.jpg"},{"@type":"BreadcrumbList","@id":"https:\/\/wobronietradycjiiwiary.com\/hilary-white-franciszek-jest-papiezem-dotad-az-papiez-nie-powie-ze-nim-nie-jest\/#breadcrumb","itemListElement":[{"@type":"ListItem","position":1,"name":"Strona g\u0142\u00f3wna","item":"https:\/\/wobronietradycjiiwiary.com\/"},{"@type":"ListItem","position":2,"name":"Hilary White, Franciszek jest papie\u017cem dot\u0105d a\u017c papie\u017c nie powie, \u017ce nim nie jest"}]},{"@type":"WebSite","@id":"https:\/\/wobronietradycjiiwiary.com\/pl\/#website","url":"https:\/\/wobronietradycjiiwiary.com\/pl\/","name":"Tradycja i Wiara","description":"Portal dla katolik\u00f3w.","publisher":{"@id":"https:\/\/wobronietradycjiiwiary.com\/pl\/#organization"},"potentialAction":[{"@type":"SearchAction","target":{"@type":"EntryPoint","urlTemplate":"https:\/\/wobronietradycjiiwiary.com\/pl\/?s={search_term_string}"},"query-input":{"@type":"PropertyValueSpecification","valueRequired":true,"valueName":"search_term_string"}}],"inLanguage":"pl-PL"},{"@type":"Organization","@id":"https:\/\/wobronietradycjiiwiary.com\/pl\/#organization","name":"Tradycja i Wiara","url":"https:\/\/wobronietradycjiiwiary.com\/pl\/","logo":{"@type":"ImageObject","inLanguage":"pl-PL","@id":"https:\/\/wobronietradycjiiwiary.com\/pl\/#\/schema\/logo\/image\/","url":"https:\/\/i0.wp.com\/wobronietradycjiiwiary.com\/wp-content\/uploads\/2015\/10\/cropped-st-peters-dome-vatican.jpg?fit=940%2C198&ssl=1","contentUrl":"https:\/\/i0.wp.com\/wobronietradycjiiwiary.com\/wp-content\/uploads\/2015\/10\/cropped-st-peters-dome-vatican.jpg?fit=940%2C198&ssl=1","width":940,"height":198,"caption":"Tradycja i Wiara"},"image":{"@id":"https:\/\/wobronietradycjiiwiary.com\/pl\/#\/schema\/logo\/image\/"},"sameAs":["https:\/\/www.facebook.com\/Tradycja-i-Wiara-108813920592249"]},{"@type":"Person","@id":"https:\/\/wobronietradycjiiwiary.com\/pl\/#\/schema\/person\/bae98ade3924cc3e068ca07dd7bcd61f","name":"Hanna","url":"https:\/\/wobronietradycjiiwiary.com\/pl\/author\/hanna1199\/"}]}},"jetpack_publicize_connections":[],"jetpack_sharing_enabled":true,"jetpack_likes_enabled":true,"jetpack_shortlink":"https:\/\/wp.me\/pc04Sd-35j","jetpack-related-posts":[{"id":9579,"url":"https:\/\/wobronietradycjiiwiary.com\/pl\/franciszek-antypapiezem-wedlug-ann-barnhardt\/","url_meta":{"origin":11861,"position":0},"title":"Franciszek antypapie\u017cem wed\u0142ug Ann Barnhardt","author":"Traditio et Fides","date":"22 czerwca 2016","format":false,"excerpt":"Chocia\u017c przygotowali\u015bmy sporo spokojnych wpis\u00f3w z dzia\u0142u filozofii i teologii wieczystej, to nast\u0105pi w tym miejscu kolejny aktualny wpis dotycz\u0105cy tego, o czym m\u00f3wi i pisze obecnie katolicki \u015bwiat angloj\u0119zyczny. Dzi\u0119ki bratniej stronie onepeterfive.com dowiedzieli\u015bmy si\u0119 o kolejnym bij\u0105cym w trzewia artykule Ann Barnhardt, z kt\u00f3rym Steven Skojec dosy\u0107 spolegliwie\u2026","rel":"","context":"W \u201e3. Benedykt XVI&quot;","block_context":{"text":"3. Benedykt XVI","link":"https:\/\/wobronietradycjiiwiary.com\/pl\/category\/polemika\/kosciol-posoborowy\/papieze\/benedykt-xvi-abdykacja\/"},"img":{"alt_text":"","src":"https:\/\/i0.wp.com\/wobronietradycjiiwiary.com\/wp-content\/uploads\/2016\/06\/the-fall-of-the-rebellious-angels.jpg?resize=350%2C200&ssl=1","width":350,"height":200,"srcset":"https:\/\/i0.wp.com\/wobronietradycjiiwiary.com\/wp-content\/uploads\/2016\/06\/the-fall-of-the-rebellious-angels.jpg?resize=350%2C200&ssl=1 1x, https:\/\/i0.wp.com\/wobronietradycjiiwiary.com\/wp-content\/uploads\/2016\/06\/the-fall-of-the-rebellious-angels.jpg?resize=525%2C300&ssl=1 1.5x, https:\/\/i0.wp.com\/wobronietradycjiiwiary.com\/wp-content\/uploads\/2016\/06\/the-fall-of-the-rebellious-angels.jpg?resize=700%2C400&ssl=1 2x"},"classes":[]},{"id":11324,"url":"https:\/\/wobronietradycjiiwiary.com\/pl\/ann-barnhardt-i-analityczne-ciecie-miecza\/","url_meta":{"origin":11861,"position":1},"title":"Ann Barnhardt i analityczne ci\u0119cie miecza","author":"Traditio et Fides","date":"28 stycznia 2017","format":false,"excerpt":"Niniejszym przedstawiamy w kolejnym bardzo dobrym t\u0142umaczeniu naszego czytelnika efati tekst Ann Barnhardt Poci\u0105\u0107 ten bzdet rozwiewaj\u0105cy wi\u0119kszo\u015b\u0107 w\u0105tpliwo\u015bci, z kt\u00f3rymi walcz\u0105 wierni katolicy. Tekst ten tak bardzo m\u00f3wi z serca naszej redakcji, \u017ce pisz\u0105cy te s\u0142owa chcia\u0142by Ann Barnhardt obj\u0105\u0107 i u\u015bciska\u0107 i dobrze, \u017ce zadecydowa\u0142 \u017cy\u0107 w celibacie,\u2026","rel":"","context":"W \u201eAnn Barnhardt&quot;","block_context":{"text":"Ann Barnhardt","link":"https:\/\/wobronietradycjiiwiary.com\/pl\/category\/polemika\/autorzy-polemiczni\/ann-barnhardt\/"},"img":{"alt_text":"","src":"https:\/\/i0.wp.com\/wobronietradycjiiwiary.com\/wp-content\/uploads\/2017\/01\/1-15-judith-titian_1515-1.jpg?resize=350%2C200&ssl=1","width":350,"height":200,"srcset":"https:\/\/i0.wp.com\/wobronietradycjiiwiary.com\/wp-content\/uploads\/2017\/01\/1-15-judith-titian_1515-1.jpg?resize=350%2C200&ssl=1 1x, https:\/\/i0.wp.com\/wobronietradycjiiwiary.com\/wp-content\/uploads\/2017\/01\/1-15-judith-titian_1515-1.jpg?resize=525%2C300&ssl=1 1.5x"},"classes":[]},{"id":14165,"url":"https:\/\/wobronietradycjiiwiary.com\/pl\/ann-barnhardt-w-aferze-kawalerow-maltanskich-chodzi-o-pranie-brudnych-pieniedzy\/","url_meta":{"origin":11861,"position":2},"title":"Ann Barnhardt: W aferze Kawaler\u00f3w Malta\u0144skich chodzi o pranie brudnych pieni\u0119dzy","author":"Traditio et Fides","date":"17 czerwca 2017","format":false,"excerpt":"\u00a0 Jako \u017ar\u00f3d\u0142o i uzupe\u0142nienie do naszego wpisu o za\u0142atwianiu sobie 30 milion\u00f3w euro poprzez kardyna\u0142a Parolina b\u0119d\u0105cego wst\u0119pem do artyku\u0142u Hilary White\u00a0\u00a0pragniemy \u00a0na poparcie naszych tez zacytowa\u0107 trzeci podcast Ann Barnhardt. \u00a0Barnhardt twierdzi (od ca. 35 minuty tego podcastu), i\u017c ca\u0142a afera z przej\u0119ciem w\u0142adzy w Zakonie Malta\u0144skim przez\u2026","rel":"","context":"W \u201eAnn Barnhardt&quot;","block_context":{"text":"Ann Barnhardt","link":"https:\/\/wobronietradycjiiwiary.com\/pl\/category\/polemika\/autorzy-polemiczni\/ann-barnhardt\/"},"img":{"alt_text":"hb_59.40","src":"https:\/\/i0.wp.com\/wobronietradycjiiwiary.com\/wp-content\/uploads\/2017\/06\/hb_59-40.jpg?resize=350%2C200&ssl=1","width":350,"height":200,"srcset":"https:\/\/i0.wp.com\/wobronietradycjiiwiary.com\/wp-content\/uploads\/2017\/06\/hb_59-40.jpg?resize=350%2C200&ssl=1 1x, https:\/\/i0.wp.com\/wobronietradycjiiwiary.com\/wp-content\/uploads\/2017\/06\/hb_59-40.jpg?resize=525%2C300&ssl=1 1.5x, https:\/\/i0.wp.com\/wobronietradycjiiwiary.com\/wp-content\/uploads\/2017\/06\/hb_59-40.jpg?resize=700%2C400&ssl=1 2x, https:\/\/i0.wp.com\/wobronietradycjiiwiary.com\/wp-content\/uploads\/2017\/06\/hb_59-40.jpg?resize=1050%2C600&ssl=1 3x"},"classes":[]},{"id":11276,"url":"https:\/\/wobronietradycjiiwiary.com\/pl\/hilary-white-i-papieski-totalitaryzm\/","url_meta":{"origin":11861,"position":3},"title":"Hilary White i papieski totalitaryzm","author":"Traditio et Fides","date":"22 stycznia 2017","format":false,"excerpt":"Bardzo cieszymy si\u0119, i\u017c mo\u017cemy tak szybko przedstawi\u0107 artyku\u0142 Hilary White Ile palc\u00f3w pokazuje teraz Franciszek? Amoris Laetitia i poddanie si\u0119. w bardzo dobrym i debiutanckim przek\u0142adzie naszego czytelnika publikuj\u0105cego pod pseudonimem Petrus Vratislaviensis z kosmetycznymi poprawkami redakcji. \u00a0Prosimy o oklaski dla debiutanta na zach\u0119t\u0119, \u017ceby nam wszystkim \u0142adnie tak\u017ce\u2026","rel":"","context":"W \u201eAutorzy polemiczni&quot;","block_context":{"text":"Autorzy polemiczni","link":"https:\/\/wobronietradycjiiwiary.com\/pl\/category\/polemika\/autorzy-polemiczni\/"},"img":{"alt_text":"","src":"https:\/\/i0.wp.com\/wobronietradycjiiwiary.com\/wp-content\/uploads\/2017\/01\/judith-and-holofernes-vasari.jpg?resize=350%2C200&ssl=1","width":350,"height":200},"classes":[]},{"id":9743,"url":"https:\/\/wobronietradycjiiwiary.com\/pl\/no-i-wykrakalismy-lub-czy-benedykt-xvi-ustapil-pod-naciskiem\/","url_meta":{"origin":11861,"position":4},"title":"No i wykrakali\u015bmy lub Czy Benedykt XVI ust\u0105pi\u0142 pod naciskiem?","author":"Traditio et Fides","date":"4 lipca 2016","format":false,"excerpt":"Dzisiejsze blogi katolickie donosz\u0105 o kolejnym wywiadzie papie\u017ca (w sumie antypapie\u017ca, ale do udowodnienia tej tezy ponad wszelk\u0105 w\u0105tpliwo\u015b\u0107 lub zniesienia go z urz\u0119du b\u0119dziemy go tak nadal tytu\u0142owa\u0107) Franciszka dla prasy argenty\u0144skiej, w kt\u00f3rej Franciszek m\u00f3wi o Benedykcie: \u201eBy\u0142 rewolucjonist\u0105. [...] Jego [Benedykta] zachowanie by\u0142o bez zarzutu. Jego rezygnacja\u2026","rel":"","context":"W \u201e3. Benedykt XVI&quot;","block_context":{"text":"3. Benedykt XVI","link":"https:\/\/wobronietradycjiiwiary.com\/pl\/category\/polemika\/kosciol-posoborowy\/papieze\/benedykt-xvi-abdykacja\/"},"img":{"alt_text":"","src":"https:\/\/i0.wp.com\/wobronietradycjiiwiary.com\/wp-content\/uploads\/2016\/07\/tumblr_mb90sn4kh11qbhp9xo1_1280.jpg?resize=350%2C200&ssl=1","width":350,"height":200,"srcset":"https:\/\/i0.wp.com\/wobronietradycjiiwiary.com\/wp-content\/uploads\/2016\/07\/tumblr_mb90sn4kh11qbhp9xo1_1280.jpg?resize=350%2C200&ssl=1 1x, https:\/\/i0.wp.com\/wobronietradycjiiwiary.com\/wp-content\/uploads\/2016\/07\/tumblr_mb90sn4kh11qbhp9xo1_1280.jpg?resize=525%2C300&ssl=1 1.5x, https:\/\/i0.wp.com\/wobronietradycjiiwiary.com\/wp-content\/uploads\/2016\/07\/tumblr_mb90sn4kh11qbhp9xo1_1280.jpg?resize=700%2C400&ssl=1 2x"},"classes":[]},{"id":108638,"url":"https:\/\/wobronietradycjiiwiary.com\/pl\/czy-papiez-jest-katolikiem-lub-anglojezyczna-konferencja-na-youtube\/","url_meta":{"origin":11861,"position":5},"title":"&#8220;Czy papie\u017c jest katolikiem?&#8221; lub angloj\u0119zyczna konferencja na youtube","author":"Traditio et Fides","date":"11 grudnia 2023","format":false,"excerpt":"O konferencji pt. \"Czy papie\u017c jest katolikiem?\"","rel":"","context":"W \u201e4. Franciszek&quot;","block_context":{"text":"4. Franciszek","link":"https:\/\/wobronietradycjiiwiary.com\/pl\/category\/polemika\/kosciol-posoborowy\/papieze\/papiez-franciszek\/"},"img":{"alt_text":"","src":"https:\/\/i0.wp.com\/wobronietradycjiiwiary.com\/wp-content\/uploads\/2023\/12\/web3-saint-michael-evil-prayer-eugecc80ne-delacroix-public-domain.jpg?resize=350%2C200&ssl=1","width":350,"height":200,"srcset":"https:\/\/i0.wp.com\/wobronietradycjiiwiary.com\/wp-content\/uploads\/2023\/12\/web3-saint-michael-evil-prayer-eugecc80ne-delacroix-public-domain.jpg?resize=350%2C200&ssl=1 1x, https:\/\/i0.wp.com\/wobronietradycjiiwiary.com\/wp-content\/uploads\/2023\/12\/web3-saint-michael-evil-prayer-eugecc80ne-delacroix-public-domain.jpg?resize=525%2C300&ssl=1 1.5x"},"classes":[]}],"amp_enabled":true,"jetpack_featured_media_url":"","_links":{"self":[{"href":"https:\/\/wobronietradycjiiwiary.com\/pl\/wp-json\/wp\/v2\/posts\/11861","targetHints":{"allow":["GET"]}}],"collection":[{"href":"https:\/\/wobronietradycjiiwiary.com\/pl\/wp-json\/wp\/v2\/posts"}],"about":[{"href":"https:\/\/wobronietradycjiiwiary.com\/pl\/wp-json\/wp\/v2\/types\/post"}],"author":[{"embeddable":true,"href":"https:\/\/wobronietradycjiiwiary.com\/pl\/wp-json\/wp\/v2\/users\/93612346"}],"replies":[{"embeddable":true,"href":"https:\/\/wobronietradycjiiwiary.com\/pl\/wp-json\/wp\/v2\/comments?post=11861"}],"version-history":[{"count":1,"href":"https:\/\/wobronietradycjiiwiary.com\/pl\/wp-json\/wp\/v2\/posts\/11861\/revisions"}],"predecessor-version":[{"id":60227,"href":"https:\/\/wobronietradycjiiwiary.com\/pl\/wp-json\/wp\/v2\/posts\/11861\/revisions\/60227"}],"wp:attachment":[{"href":"https:\/\/wobronietradycjiiwiary.com\/pl\/wp-json\/wp\/v2\/media?parent=11861"}],"wp:term":[{"taxonomy":"category","embeddable":true,"href":"https:\/\/wobronietradycjiiwiary.com\/pl\/wp-json\/wp\/v2\/categories?post=11861"},{"taxonomy":"post_tag","embeddable":true,"href":"https:\/\/wobronietradycjiiwiary.com\/pl\/wp-json\/wp\/v2\/tags?post=11861"}],"curies":[{"name":"wp","href":"https:\/\/api.w.org\/{rel}","templated":true}]}}