{"id":118526,"date":"2026-07-26T08:15:29","date_gmt":"2026-07-26T06:15:29","guid":{"rendered":"https:\/\/wobronietradycjiiwiary.com\/?p=118526"},"modified":"2025-07-09T09:23:56","modified_gmt":"2025-07-09T07:23:56","slug":"26-go-lipca-zywot-swietej-anny-matki-najswietszej-maryi-panny-2-2-2","status":"publish","type":"post","link":"https:\/\/wobronietradycjiiwiary.com\/pl\/26-go-lipca-zywot-swietej-anny-matki-najswietszej-maryi-panny-2-2-2\/","title":{"rendered":"26-go Lipca. \u017bywot \u015bwi\u0119tej Anny, Matki Naj\u015bwi\u0119tszej Maryi Panny."},"content":{"rendered":"<div id=\"bsf_rt_marker\"><\/div>\n<p class=\"has-text-align-center wp-block-paragraph\">(\u017by\u0142a oko\u0142o roku 5-go przed przyj\u015bciem Pa\u0144skiem).<\/p>\n\n\n\n<figure class=\"wp-block-image\"><a href=\"https:\/\/pl.wikisource.org\/wiki\/Plik:%C5%BBywoty_%C5%9Bw._Pa%C5%84skich_na_wszystkie_dnie_roku-Inicja%C5%82-%C5%9A.png\"><img decoding=\"async\" src=\"https:\/\/upload.wikimedia.org\/wikipedia\/commons\/thumb\/2\/2f\/%C5%BBywoty_%C5%9Bw._Pa%C5%84skich_na_wszystkie_dnie_roku-Inicja%C5%82-%C5%9A.png\/58px-%C5%BBywoty_%C5%9Bw._Pa%C5%84skich_na_wszystkie_dnie_roku-Inicja%C5%82-%C5%9A.png\" alt=\"\u015a\"\/><\/a><\/figure>\n\n\n\n<p class=\"has-text-align-justify wp-block-paragraph\">\u015awi\u0119ta Anna, matka Naj\u015bw. Maryi Panny, przysz\u0142a na \u015bwiat w Betleemie, oko\u0142o 70-ciu lat przed narodzeniem Chrystusa Pana i pochodzi\u0142a z kr\u00f3lewskiego rodu Dawida. By\u0142a bogat\u0105 w cnoty, kt\u00f3re j\u0105 wywy\u017csza\u0142y ponad wszystkie inne c\u00f3ry Izraela. Mieszka\u0142a w Nazarecie i po\u015blubi\u0142a Joachima, m\u0119\u017ca nie tylko obfituj\u0105cego w dobra doczesne, ale odznaczaj\u0105cego si\u0119 szczer\u0105 pobo\u017cno\u015bci\u0105 i boja\u017ani\u0105 Bo\u017c\u0105. Ma\u0142\u017ce\u0144stwo to \u0142\u0105czy\u0142 w\u0119ze\u0142 jak najszczerszej mi\u0142o\u015bci; ale do zupe\u0142nego szcz\u0119\u015bcia jednej rzeczy im brak\u0142o, tj. potomstwa.<\/p>\n\n\n\n<p class=\"has-text-align-justify wp-block-paragraph\">Poniewa\u017c bezdzietno\u015b\u0107 uchodzi\u0142a u Izraelit\u00f3w za ha\u0144b\u0119, oboje przeto w\u015br\u00f3d \u0142ez, westchnie\u0144 i mod\u0142\u00f3w b\u0142agali Boga o dzieci\u0119, kt\u00f3reby \u015bcie\u015bni\u0142o w\u0119ze\u0142 wzajemnej mi\u0119dzy nimi mi\u0142o\u015bci; i aby u Najwy\u017cszego wyjedna\u0107 sobie t\u0119 \u0142ask\u0119, nie szcz\u0119dzili ani ofiar, ani ja\u0142mu\u017cn.<\/p>\n\n\n\n<p class=\"has-text-align-justify wp-block-paragraph\">Zdarzy\u0142o si\u0119, i\u017c gdy razu pewnego Joachim przyni\u00f3s\u0142 wed\u0142ug swego zwyczaju najwi\u0119ksz\u0105 ofiar\u0119 do \u015bwi\u0105tyni Pa\u0144skiej, i z tego powodu pierwszy mia\u0142 prawo przyst\u0105pi\u0107 z ni\u0105 do o\u0142tarza, kap\u0142an odprawiaj\u0105cy nabo\u017ce\u0144stwo odepchn\u0105\u0142 go publicznie. Nie do\u015b\u0107 na tem, jeszcze w te s\u0142owa g\u0142o\u015bno do niego si\u0119 odezwa\u0142: \u201eOdst\u0105p st\u0105d starcze, na kt\u00f3rego stadle ma\u0142\u017ce\u0144skiem ci\u0105\u017cy sromota bezp\u0142odno\u015bci.\u201c Zniewaga ona tak g\u0142\u0119boko dotkn\u0119\u0142a Joachima, \u017ce nie wr\u00f3ci\u0142 do \u017cony, lecz poszed\u0142 do swej trzody pas\u0105cej si\u0119 w g\u00f3rach, i \u017cali\u0142 si\u0119 przed Bogiem na swe strapienie.<\/p>\n\n\n\n<p class=\"has-text-align-justify wp-block-paragraph\">Porzucona przez m\u0119\u017ca Anna b\u0142aga\u0142a Boga w nieustannych mod\u0142ach, aby j\u0105 i m\u0119\u017ca pocieszy\u0107 raczy\u0142 i przychyli\u0142 si\u0119 do ich gor\u0105cych \u017cycze\u0144, \u015blubuj\u0105c uroczy\u015bcie, \u017ce dzieci\u0119, jakiemby j\u0105 uszcz\u0119\u015bliwi\u0107 zechcia\u0142, odda na wy\u0142\u0105czn\u0105 Jego s\u0142u\u017cb\u0119. Gdy tak w ogrodzie pod drzewem figowem w\u015br\u00f3d rzewnego p\u0142aczu zasy\u0142a\u0142a mod\u0142y do Stw\u00f3rcy, zjawi\u0142 si\u0119 przed ni\u0105 Anio\u0142, o\u015bwiadczaj\u0105c jej, i\u017c porodzi c\u00f3rk\u0119 i nazwie j\u0105 Marya; b\u0119dzie to dziewica \u0142aski pe\u0142na, przedmiot powszechnego podziwu i od lat dzieci\u0119cych s\u0142u\u017cebnica Bo\u017ca. \u2014 Podobne widzenie mia\u0142 Joachim i wr\u00f3ci\u0142 niebawem do opuszczonej ma\u0142\u017conki.<\/p>\n\n\n\n<p class=\"has-text-align-justify wp-block-paragraph\">Trudno opisa\u0107 szcz\u0119\u015bcie ma\u0142\u017conk\u00f3w i wszystkich krewnych Joachima, gdy si\u0119 przepowiednia Anio\u0142a zi\u015bci\u0142a i s\u0119dziwa ju\u017c Anna dzieci\u0119 przecudnej urody na ramionach piastowa\u0107 zacz\u0119\u0142a. W o\u015bmdziesi\u0105t dni po narodzeniu Maryi zanios\u0142a Anna z m\u0119\u017cem \u015bliczne niemowl\u0119 do \u015bwi\u0105tyni, aby je po\u015bwi\u0119ci\u0107 Bogu i spe\u0142ni\u0107 przepisan\u0105 prawem ofiar\u0119. Przed o\u0142tarzem za\u015b ponowili oboje \u015blub, \u017ce swego czasu wr\u00f3c\u0105 z c\u00f3reczk\u0105 do \u015bwi\u0105tyni i po\u015bwi\u0119c\u0105 j\u0105 s\u0142u\u017cbie Najwy\u017cszego. Po trzech latach dotrzymali obietnicy i wr\u00f3cili z dzieci\u0119ciem do przybytku Pa\u0144skiego. Jakkolwiek gor\u0105co pragn\u0119li zatrzyma\u0107 u siebie jedynaczk\u0119 w Nazarecie, pos\u0142usze\u0144stwo powinne Bogu by\u0142o u nich silniejsze od rodzicielskiej mi\u0142o\u015bci. Marya wst\u0105pi\u0142a do szeregu s\u0142u\u017cebnic \u015bwi\u0105tyni, a wzruszeni rodzice z\u0142o\u017cyli ostatni poca\u0142unek na dziewiczem czole, przewiduj\u0105c, \u017ce najdro\u017cszego dzieci\u0119cia ju\u017c na tym \u015bwiecie nie ujrz\u0105. Niezad\u0142ugo potem umar\u0142 Joachim, a w kilka lat p\u00f3\u017aniej pod\u0105\u017cy\u0142a za nim jego wierna po\u0142owica do swego Stw\u00f3rcy.<\/p>\n\n\n\n<p class=\"has-text-align-justify wp-block-paragraph\">Na Wschodzie oddawano Annie ju\u017c w najdawniejszych czasach cze\u015b\u0107 przynale\u017cn\u0105 \u015awi\u0119tym Pa\u0144skim. Pod jej te\u017c wezwaniem wystawi\u0142 cesarz Justynian I roku Pa\u0144skiego 550 w Konstantynopolu wspania\u0142y Ko\u015bci\u00f3\u0142, a Justynian II drug\u0105 \u015bwi\u0105tyni\u0119 w roku 705, w kt\u00f3rej pi\u0119\u0107 lat p\u00f3\u017aniej z\u0142o\u017cono jej \u015bwi\u0119te szcz\u0105tki. Cze\u015b\u0107 \u015bwi\u0119tej Anny aprobowana przez Stolic\u0119 \u015bwi\u0119t\u0105, poczyna si\u0119 dopiero w roku 1378. Papie\u017c Urban VI zezwoli\u0142 na ni\u0105 wskutek usilnych pro\u015bb i nalega\u0144 Anglik\u00f3w, sk\u0105d rozesz\u0142a si\u0119 dopiero po ca\u0142ej Europie ku powszechnej rado\u015bci bogobojnych Jej wielbicieli. Przyczyni\u0142y si\u0119 za\u015b do tego nie ma\u0142o cuda przez \u015bwi\u0119t\u0105 Ann\u0119 zdzia\u0142ane.<\/p>\n\n\n\n<p class=\"has-text-align-justify wp-block-paragraph\">\u2009Wielka ta \u015awi\u0119ta jest opiekunk\u0105 ub\u00f3stwa, a wesp\u00f3\u0142 z Joachimem Patronk\u0105 stade\u0142 ma\u0142\u017ce\u0144skich. W stronach za\u015b\u00a0obfituj\u0105cych w kopalnie srebra, napotka\u0107 mo\u017cna g\u0119sto rozsiane ko\u015bcio\u0142y i kaplice na jej cze\u015b\u0107 wystawione; g\u00f3rnicy bowiem owych kopal\u0144 czcz\u0105 w niej sw\u0105 or\u0119downiczk\u0119.<br><\/p>\n\n\n\n<h2 class=\"wp-block-heading\"><strong>Nauka moralna.<\/strong><\/h2>\n\n\n\n<p class=\"has-text-align-justify wp-block-paragraph\">\u2009\u201ePo owocach poznacie drzewo\u201c, m\u00f3wi dawne przys\u0142owie. Cnoty i zalety c\u00f3rki \u015bwiadcz\u0105 o m\u0105dro\u015bci i pieczo\u0142owito\u015bci matki. \u015aw. Anna wszczepi\u0142a w ukochane dzieci\u0119 to, co sama posiada\u0142a, tj. zami\u0142owanie cnoty i czu\u0142e serce, cze\u015b\u0107 Boga, zarody boja\u017ani Bo\u017cej i panie\u0144skiej wstydliwo\u015bci, g\u0142\u0119boki szacunek objawienia Bo\u017cego, dzieci\u0119ce zaufanie do obietnic Boskich, nieprzeparty poci\u0105g do samotno\u015bci, wstr\u0119t do powab\u00f3w tego \u015bwiata, szczer\u0105 pokor\u0119, w kt\u00f3rej Najwy\u017cszy tak wielkie znajduje upodobanie. Nieraz opowiada\u0142a c\u00f3reczce szczeg\u00f3\u0142y i wydarzenia z \u017cywota niewiast \u015bwi\u0119tobliwych, jakiemi np. by\u0142y Rut, Estera, Judyt i inne, s\u0142yn\u0105ce z \u0142agodno\u015bci, mi\u0142osierdzia, cierpliwo\u015bci bia\u0142og\u0142owy Starego Zakonu. Strzeg\u0142a ona pilnie i bacznie u Maryi drogocennej per\u0142y niewinno\u015bci, kt\u00f3r\u0105 Marya zas\u0142yn\u0119\u0142a w dziejach \u015bwiata jako niedo\u015bcig\u0142y wz\u00f3r niepokalanego dziewictwa i czysto\u015bci. Dzi\u0119ki przeto, cze\u015b\u0107 i s\u0142awa matce, kt\u00f3ra doczeka\u0142a si\u0119 takiej c\u00f3rki, wychowa\u0142a tak\u0105 dziewic\u0119.<\/p>\n\n\n\n<p class=\"has-text-align-justify wp-block-paragraph\">Uwa\u017cmy tak\u017ce pr\u00f3cz tego jeszcze, jakie jest matki chrze\u015bcija\u0144skiej powo\u0142anie. Daje ona dzieci\u0119ciu tylko to, co sama posiada. Ale matka chrze\u015bcija\u0144ska, kt\u00f3ra przez Sakrament Chrztu \u015bwi\u0119tego sta\u0142a si\u0119 c\u00f3r\u0105 Bo\u017c\u0105, o\u015bwiecon\u0105 nauk\u0105 Ewangelii \u015bwi\u0119tej, karmiona cia\u0142em i krwi\u0105 Zbawiciela, wi\u0119cej da\u0107 mo\u017ce swemu dzieci\u0119ciu, ani\u017celi \u015bwi\u0119ta Anna swej c\u00f3reczce. Zani\u00f3s\u0142szy bowiem owoc \u017cywota swego do ko\u015bcio\u0142a, aby je obmy\u0107 z ka\u0142u grzechu pierworodnego i uczyni\u0107 je uczestnikiem \u0142aski Bo\u017cej, winna o to si\u0119 stara\u0107, aby dzieci\u0119 skarbu tego nie zmarnowa\u0142o i utraci\u0142o. Kl\u0119ka przy ko\u0142ysce, tuli dzieci\u0119 do swego boku, uczy je poczyna\u0107 i ko\u0144czy\u0107 dzie\u0144 modlitw\u0105, ca\u0142uje serdecznie, widz\u0105c w niem przybytek Ducha \u015bw. i istot\u0119, kt\u00f3ra ma kiedy\u015b przyj\u0105\u0107 Przenaj\u015bwi\u0119tsz\u0105 Hosty\u0119, przestrzega i czuwa pilnie nad tem, a\u017ceby na delikatn\u0105 dziecin\u0119 nie pad\u0142a kiedy\u015b zaraza grzechu, ponawia cz\u0119sto z niem nauki, jak trzeba przestrzega\u0107 boja\u017ani Bo\u017cej, pokory, pos\u0142usze\u0144stwa, uprzejmo\u015bci wzgl\u0119dem ubogich i nawiedzonych chorob\u0105, zwraca jego uwag\u0119 na \u015awi\u0119tych Pa\u0144skich, kt\u00f3rzy z tych cn\u00f3t s\u0142yn\u0119li, o\u017cywia w niem nadziej\u0119 wiecznej nagrody i rado\u015bci niebieskich.<\/p>\n\n\n\n<p class=\"has-text-align-justify wp-block-paragraph\">Czemu\u017c jest tylu rodzic\u00f3w na \u015bwiecie, a mianowicie matek, co nie pami\u0119taj\u0105 i nie chc\u0105 tego wiedzie\u0107, \u017ce ich dzieci s\u0105 w\u0142asno\u015bci\u0105 Bo\u017c\u0105, i \u017ce B\u00f3g si\u0119 o nie kiedy\u015b dopomni. \u015awi\u0119ta Anna nigdy tego z oka nie spuszcza\u0142a; dlatego te\u017c dzieci\u0119, kt\u00f3re wymodli\u0142a sobie u Niebios gor\u0105cemi mod\u0142ami, czuwaniem nocnem, obfitym \u0142ez potokiem, sowit\u0105 ja\u0142mu\u017cn\u0105, ofiarowa\u0142a temu\u017c Bogu, od kt\u00f3rego je otrzyma\u0142a. Nieska\u017cone i niepokalane z\u0142o\u017cy\u0142a je w r\u0119ce Ojca niebieskiego. Mili Czytelnicy! m\u00f3dlcie si\u0119 za matki chrze\u015bcija\u0144skie, pro\u015bcie Boga, aby si\u0119 t\u0105 prawd\u0105 na wskro\u015b przej\u0119\u0142y, a\u017ceby nigdy nie zapomnia\u0142y, \u017ce\u00a0przyjdzie im kiedy\u015b zda\u0107 ci\u0119\u017cki przed Bogiem rachunek, je\u015bli skutkiem ich niedbalstwa i oboj\u0119tno\u015bci dziatki ich zbocz\u0105 z drogi cnoty i zapomn\u0105 \u015blub\u00f3w ustami ojca i matki chrzestnej wyznanych.<\/p>\n\n\n\n<h2 class=\"wp-block-heading\"><br><strong>Modlitwa.<\/strong><\/h2>\n\n\n\n<blockquote class=\"wp-block-quote is-layout-flow wp-block-quote-is-layout-flow\"><p>\u2009Bo\u017ce, kt\u00f3ry b\u0142ogos\u0142awion\u0105 Ann\u0119 przez nadane jej \u0142aski uczyni\u0142e\u015b by\u0107 godn\u0105 Rodzicielk\u0105 Matki jednorodzonego Syna Twego, dozw\u00f3l niech obchodz\u0105c Jej uroczysto\u015b\u0107, uczuwamy skutki Jej opieki. Przez Pana naszego Jezusa Chrystusa, kt\u00f3ry kr\u00f3luje w Niebie i na ziemi. Amen.<\/p><\/blockquote>\n\n\n\n<figure class=\"wp-block-table\"><table><tbody><tr><td>\u2217&nbsp;&nbsp;&nbsp;&nbsp;&nbsp;&nbsp;&nbsp;&nbsp;&nbsp;&nbsp;&nbsp;&nbsp;&nbsp;&nbsp;&nbsp;&nbsp;&nbsp;&nbsp;&nbsp;&nbsp;\u2217<br>\u2217<\/td><\/tr><\/tbody><\/table><\/figure>\n\n\n\n<p class=\"wp-block-paragraph\">\u2009<em>Opr\u00f3cz tego obchodzi Ko\u015bci\u00f3\u0142 \u015bwi\u0119ty pami\u0105tk\u0119 nast\u0119puj\u0105cych \u015awi\u0119tych Pa\u0144skich, zamieszczonych w rzymskiem martyrologium:<\/em><\/p>\n\n\n\n<p class=\"has-text-align-justify wp-block-paragraph\">\u2009<strong>Dnia 26-go lipca<\/strong>&nbsp;zgon \u015bw.&nbsp;Anny, Matki Naj\u015bw. Maryi Panny. \u2014 W Filippi w Macedonii m\u0119cze\u0144stwo \u015bw.&nbsp;Erasta, kt\u00f3ry przez Aposto\u0142a Narod\u00f3w na Biskupa tego\u017c miasta powo\u0142any, tam\u017ce zdoby\u0142 sobie tak\u017ce palm\u0119 m\u0119cze\u0144stwa. \u2014 W Rzymie przy Via Latina \u015bmier\u0107 m\u0119cze\u0144ska \u015awi\u0119tych&nbsp;Symfroniusza, Olympiusza, Teodulusa i Euksoperyi, kt\u00f3rzy (pod\u0142ug akt \u015bwi\u0119tego Stefana, Papie\u017ca) przez \u015bmier\u0107 w p\u0142omieniach zas\u0142u\u017cyli sobie na chwa\u0142\u0119 Niebios. \u2014 W Porto uroczysto\u015b\u0107 \u015bw.&nbsp;Hyacynta, M\u0119czennika, kt\u00f3remu \u017car ognia ani fale wodne szkody \u017cadnej wyrz\u0105dzi\u0107 nie mog\u0142y. Wko\u0144cu stracono go mieczem pod cesarzem Trajanem i konsulem Leoncyuszem. Relikwie jego pochowa\u0142a Matrona Julia w swej posiad\u0142o\u015bci pod miastem. \u2014 W Rzymie pami\u0105tka \u015bw.&nbsp;Pastora, Kap\u0142ana, pod kt\u00f3rego imieniem przy Viminalis stoi ko\u015bci\u00f3\u0142 tytularny, pod wezwaniem \u015bw. Pudencyany. \u2014 W Weronie uroczysto\u015b\u0107 \u015bw.&nbsp;Walensa, Biskupa i Wyznawcy. \u2014 W klasztorze Padalirone pod Mantu\u0105 pami\u0105tka \u015bw.&nbsp;Szymona, Mnicha i Pustelnika, kt\u00f3ry po wielu dzie\u0142ach cudownych dost\u0105pi\u0142 w wysokim wieku spokoju wiecznego.<\/p>\n","protected":false},"excerpt":{"rendered":"<p>Chocia\u017c Matka Boska &#8220;zwyk\u0142\u0105 dziewczyn\u0105 z Nazaretu&#8221; nie by\u0142a, to mia\u0142a ona zwyk\u0142ych rodzic\u00f3w, kt\u00f3rzy, w przeciwie\u0144stwie od niej, nie byli zachowani od grzechu pierworodnego. Jak uk\u0142ada\u0142y im si\u0119 relacje? Tego nie wiemy, ale mo\u017cemy za\u0142o\u017cy\u0107, \u017ce Maryja, w przeciwie\u0144stwie do licznych innych kobiet, nie mia\u0142a tendencji do winienia w\u0142asnej matki za wszystko. Na\u015bladujmy j\u0105 przynajmniej w tym.<\/p>\n","protected":false},"author":60508433,"featured_media":51094,"comment_status":"open","ping_status":"open","sticky":false,"template":"","format":"standard","meta":{"_bbp_topic_count":0,"_bbp_reply_count":0,"_bbp_total_topic_count":0,"_bbp_total_reply_count":0,"_bbp_voice_count":0,"_bbp_anonymous_reply_count":0,"_bbp_topic_count_hidden":0,"_bbp_reply_count_hidden":0,"_bbp_forum_subforum_count":0,"_editorskit_title_hidden":false,"_editorskit_reading_time":0,"_editorskit_is_block_options_detached":false,"_editorskit_block_options_position":"{}","_coblocks_attr":"","_coblocks_dimensions":"","_coblocks_responsive_height":"","_coblocks_accordion_ie_support":"","_exactmetrics_skip_tracking":false,"_jetpack_newsletter_access":"","_jetpack_dont_email_post_to_subs":false,"_jetpack_newsletter_tier_id":0,"_jetpack_memberships_contains_paywalled_content":false,"_wpcom_ai_launchpad_first_post":false,"_jetpack_feature_clip_id":0,"_jetpack_memberships_contains_paid_content":false,"footnotes":"","jetpack_publicize_message":"{title}\n\n{excerpt}\n\n{url}","jetpack_publicize_feature_enabled":true,"jetpack_social_post_already_shared":true,"jetpack_social_options":{"image_generator_settings":{"template":"highway","default_image_id":0,"font":"","enabled":false},"version":2},"_wpas_customize_per_network":false,"jetpack_post_was_ever_published":false},"categories":[610131822,610131184,336375535],"tags":[],"class_list":["post-118526","post","type-post","status-publish","format-standard","has-post-thumbnail","hentry","category-swieta-w-lipcu","category-duchowosc","category-liturgia-i-liturgika"],"yoast_head":"<!-- This site is optimized with the Yoast SEO plugin v28.3 - https:\/\/yoast.com\/product\/yoast-seo-wordpress\/ -->\n<title>26-go Lipca. \u017bywot \u015bwi\u0119tej Anny, Matki Naj\u015bwi\u0119tszej Maryi Panny. - Tradycja i Wiara<\/title>\n<meta name=\"robots\" content=\"index, follow, max-snippet:-1, max-image-preview:large, max-video-preview:-1\" \/>\n<link rel=\"canonical\" href=\"https:\/\/wobronietradycjiiwiary.com\/pl\/26-go-lipca-zywot-swietej-anny-matki-najswietszej-maryi-panny-2-2-2\/\" \/>\n<meta property=\"og:locale\" content=\"pl_PL\" \/>\n<meta property=\"og:type\" content=\"article\" \/>\n<meta property=\"og:title\" content=\"26-go Lipca. \u017bywot \u015bwi\u0119tej Anny, Matki Naj\u015bwi\u0119tszej Maryi Panny. - Tradycja i Wiara\" \/>\n<meta property=\"og:description\" content=\"Chocia\u017c Matka Boska &quot;zwyk\u0142\u0105 dziewczyn\u0105 z Nazaretu&quot; nie by\u0142a, to mia\u0142a ona zwyk\u0142ych rodzic\u00f3w, kt\u00f3rzy, w przeciwie\u0144stwie od niej, nie byli zachowani od grzechu pierworodnego. Jak uk\u0142ada\u0142y im si\u0119 relacje? Tego nie wiemy, ale mo\u017cemy za\u0142o\u017cy\u0107, \u017ce Maryja, w przeciwie\u0144stwie do licznych innych kobiet, nie mia\u0142a tendencji do winienia w\u0142asnej matki za wszystko. Na\u015bladujmy j\u0105 przynajmniej w tym.\" \/>\n<meta property=\"og:url\" content=\"https:\/\/wobronietradycjiiwiary.com\/pl\/26-go-lipca-zywot-swietej-anny-matki-najswietszej-maryi-panny-2-2-2\/\" \/>\n<meta property=\"og:site_name\" content=\"Tradycja i Wiara\" \/>\n<meta property=\"article:publisher\" content=\"https:\/\/www.facebook.com\/Tradycja-i-Wiara-108813920592249\" \/>\n<meta property=\"article:published_time\" content=\"2026-07-26T06:15:29+00:00\" \/>\n<meta property=\"og:image\" content=\"https:\/\/wobronietradycjiiwiary.com\/wp-content\/uploads\/2021\/07\/Anna_Selbdritt.jpg\" \/>\n\t<meta property=\"og:image:width\" content=\"500\" \/>\n\t<meta property=\"og:image:height\" content=\"600\" \/>\n\t<meta property=\"og:image:type\" content=\"image\/jpeg\" \/>\n<meta name=\"author\" content=\"Traditio et Fides\" \/>\n<meta name=\"twitter:card\" content=\"summary_large_image\" \/>\n<meta name=\"twitter:label1\" content=\"Napisane przez\" \/>\n\t<meta name=\"twitter:data1\" content=\"Traditio et Fides\" \/>\n\t<meta name=\"twitter:label2\" content=\"Szacowany czas czytania\" \/>\n\t<meta name=\"twitter:data2\" content=\"8 minut\" \/>\n<script type=\"application\/ld+json\" class=\"yoast-schema-graph\">{\"@context\":\"https:\\\/\\\/schema.org\",\"@graph\":[{\"@type\":\"Article\",\"@id\":\"https:\\\/\\\/wobronietradycjiiwiary.com\\\/26-go-lipca-zywot-swietej-anny-matki-najswietszej-maryi-panny-2-2-2\\\/#article\",\"isPartOf\":{\"@id\":\"https:\\\/\\\/wobronietradycjiiwiary.com\\\/26-go-lipca-zywot-swietej-anny-matki-najswietszej-maryi-panny-2-2-2\\\/\"},\"author\":{\"name\":\"Traditio et Fides\",\"@id\":\"https:\\\/\\\/wobronietradycjiiwiary.com\\\/pl\\\/#\\\/schema\\\/person\\\/2d6180ce6abcb681fef0daab7816e8f3\"},\"headline\":\"26-go Lipca. \u017bywot \u015bwi\u0119tej Anny, Matki Naj\u015bwi\u0119tszej Maryi Panny.\",\"datePublished\":\"2026-07-26T06:15:29+00:00\",\"mainEntityOfPage\":{\"@id\":\"https:\\\/\\\/wobronietradycjiiwiary.com\\\/26-go-lipca-zywot-swietej-anny-matki-najswietszej-maryi-panny-2-2-2\\\/\"},\"wordCount\":1611,\"commentCount\":0,\"publisher\":{\"@id\":\"https:\\\/\\\/wobronietradycjiiwiary.com\\\/pl\\\/#organization\"},\"image\":{\"@id\":\"https:\\\/\\\/wobronietradycjiiwiary.com\\\/26-go-lipca-zywot-swietej-anny-matki-najswietszej-maryi-panny-2-2-2\\\/#primaryimage\"},\"thumbnailUrl\":\"https:\\\/\\\/wobronietradycjiiwiary.com\\\/wp-content\\\/uploads\\\/2021\\\/07\\\/Anna_Selbdritt.jpg\",\"articleSection\":[\"07. \u015awi\u0119ta w lipcu\",\"Duchowo\u015b\u0107\",\"Liturgia i liturgika\"],\"inLanguage\":\"pl-PL\",\"potentialAction\":[{\"@type\":\"CommentAction\",\"name\":\"Comment\",\"target\":[\"https:\\\/\\\/wobronietradycjiiwiary.com\\\/26-go-lipca-zywot-swietej-anny-matki-najswietszej-maryi-panny-2-2-2\\\/#respond\"]}]},{\"@type\":\"WebPage\",\"@id\":\"https:\\\/\\\/wobronietradycjiiwiary.com\\\/26-go-lipca-zywot-swietej-anny-matki-najswietszej-maryi-panny-2-2-2\\\/\",\"url\":\"https:\\\/\\\/wobronietradycjiiwiary.com\\\/26-go-lipca-zywot-swietej-anny-matki-najswietszej-maryi-panny-2-2-2\\\/\",\"name\":\"26-go Lipca. \u017bywot \u015bwi\u0119tej Anny, Matki Naj\u015bwi\u0119tszej Maryi Panny. - Tradycja i Wiara\",\"isPartOf\":{\"@id\":\"https:\\\/\\\/wobronietradycjiiwiary.com\\\/pl\\\/#website\"},\"primaryImageOfPage\":{\"@id\":\"https:\\\/\\\/wobronietradycjiiwiary.com\\\/26-go-lipca-zywot-swietej-anny-matki-najswietszej-maryi-panny-2-2-2\\\/#primaryimage\"},\"image\":{\"@id\":\"https:\\\/\\\/wobronietradycjiiwiary.com\\\/26-go-lipca-zywot-swietej-anny-matki-najswietszej-maryi-panny-2-2-2\\\/#primaryimage\"},\"thumbnailUrl\":\"https:\\\/\\\/wobronietradycjiiwiary.com\\\/wp-content\\\/uploads\\\/2021\\\/07\\\/Anna_Selbdritt.jpg\",\"datePublished\":\"2026-07-26T06:15:29+00:00\",\"breadcrumb\":{\"@id\":\"https:\\\/\\\/wobronietradycjiiwiary.com\\\/26-go-lipca-zywot-swietej-anny-matki-najswietszej-maryi-panny-2-2-2\\\/#breadcrumb\"},\"inLanguage\":\"pl-PL\",\"potentialAction\":[{\"@type\":\"ReadAction\",\"target\":[\"https:\\\/\\\/wobronietradycjiiwiary.com\\\/26-go-lipca-zywot-swietej-anny-matki-najswietszej-maryi-panny-2-2-2\\\/\"]}]},{\"@type\":\"ImageObject\",\"inLanguage\":\"pl-PL\",\"@id\":\"https:\\\/\\\/wobronietradycjiiwiary.com\\\/26-go-lipca-zywot-swietej-anny-matki-najswietszej-maryi-panny-2-2-2\\\/#primaryimage\",\"url\":\"https:\\\/\\\/wobronietradycjiiwiary.com\\\/wp-content\\\/uploads\\\/2021\\\/07\\\/Anna_Selbdritt.jpg\",\"contentUrl\":\"https:\\\/\\\/wobronietradycjiiwiary.com\\\/wp-content\\\/uploads\\\/2021\\\/07\\\/Anna_Selbdritt.jpg\",\"width\":500,\"height\":600},{\"@type\":\"BreadcrumbList\",\"@id\":\"https:\\\/\\\/wobronietradycjiiwiary.com\\\/26-go-lipca-zywot-swietej-anny-matki-najswietszej-maryi-panny-2-2-2\\\/#breadcrumb\",\"itemListElement\":[{\"@type\":\"ListItem\",\"position\":1,\"name\":\"Strona g\u0142\u00f3wna\",\"item\":\"https:\\\/\\\/wobronietradycjiiwiary.com\\\/\"},{\"@type\":\"ListItem\",\"position\":2,\"name\":\"26-go Lipca. \u017bywot \u015bwi\u0119tej Anny, Matki Naj\u015bwi\u0119tszej Maryi Panny.\"}]},{\"@type\":\"WebSite\",\"@id\":\"https:\\\/\\\/wobronietradycjiiwiary.com\\\/pl\\\/#website\",\"url\":\"https:\\\/\\\/wobronietradycjiiwiary.com\\\/pl\\\/\",\"name\":\"Tradycja i Wiara\",\"description\":\"Portal dla katolik\u00f3w.\",\"publisher\":{\"@id\":\"https:\\\/\\\/wobronietradycjiiwiary.com\\\/pl\\\/#organization\"},\"potentialAction\":[{\"@type\":\"SearchAction\",\"target\":{\"@type\":\"EntryPoint\",\"urlTemplate\":\"https:\\\/\\\/wobronietradycjiiwiary.com\\\/pl\\\/?s={search_term_string}\"},\"query-input\":{\"@type\":\"PropertyValueSpecification\",\"valueRequired\":true,\"valueName\":\"search_term_string\"}}],\"inLanguage\":\"pl-PL\"},{\"@type\":\"Organization\",\"@id\":\"https:\\\/\\\/wobronietradycjiiwiary.com\\\/pl\\\/#organization\",\"name\":\"Tradycja i Wiara\",\"url\":\"https:\\\/\\\/wobronietradycjiiwiary.com\\\/pl\\\/\",\"logo\":{\"@type\":\"ImageObject\",\"inLanguage\":\"pl-PL\",\"@id\":\"https:\\\/\\\/wobronietradycjiiwiary.com\\\/pl\\\/#\\\/schema\\\/logo\\\/image\\\/\",\"url\":\"https:\\\/\\\/i0.wp.com\\\/wobronietradycjiiwiary.com\\\/wp-content\\\/uploads\\\/2015\\\/10\\\/cropped-st-peters-dome-vatican.jpg?fit=940%2C198&ssl=1\",\"contentUrl\":\"https:\\\/\\\/i0.wp.com\\\/wobronietradycjiiwiary.com\\\/wp-content\\\/uploads\\\/2015\\\/10\\\/cropped-st-peters-dome-vatican.jpg?fit=940%2C198&ssl=1\",\"width\":940,\"height\":198,\"caption\":\"Tradycja i Wiara\"},\"image\":{\"@id\":\"https:\\\/\\\/wobronietradycjiiwiary.com\\\/pl\\\/#\\\/schema\\\/logo\\\/image\\\/\"},\"sameAs\":[\"https:\\\/\\\/www.facebook.com\\\/Tradycja-i-Wiara-108813920592249\"]},{\"@type\":\"Person\",\"@id\":\"https:\\\/\\\/wobronietradycjiiwiary.com\\\/pl\\\/#\\\/schema\\\/person\\\/2d6180ce6abcb681fef0daab7816e8f3\",\"name\":\"Traditio et Fides\",\"sameAs\":[\"https:\\\/\\\/traditionundglauben.com\"],\"url\":\"https:\\\/\\\/wobronietradycjiiwiary.com\\\/pl\\\/author\\\/wobronietradycjiiwiary\\\/\"}]}<\/script>\n<!-- \/ Yoast SEO plugin. -->","yoast_head_json":{"title":"26-go Lipca. \u017bywot \u015bwi\u0119tej Anny, Matki Naj\u015bwi\u0119tszej Maryi Panny. - Tradycja i Wiara","robots":{"index":"index","follow":"follow","max-snippet":"max-snippet:-1","max-image-preview":"max-image-preview:large","max-video-preview":"max-video-preview:-1"},"canonical":"https:\/\/wobronietradycjiiwiary.com\/pl\/26-go-lipca-zywot-swietej-anny-matki-najswietszej-maryi-panny-2-2-2\/","og_locale":"pl_PL","og_type":"article","og_title":"26-go Lipca. \u017bywot \u015bwi\u0119tej Anny, Matki Naj\u015bwi\u0119tszej Maryi Panny. - Tradycja i Wiara","og_description":"Chocia\u017c Matka Boska \"zwyk\u0142\u0105 dziewczyn\u0105 z Nazaretu\" nie by\u0142a, to mia\u0142a ona zwyk\u0142ych rodzic\u00f3w, kt\u00f3rzy, w przeciwie\u0144stwie od niej, nie byli zachowani od grzechu pierworodnego. Jak uk\u0142ada\u0142y im si\u0119 relacje? Tego nie wiemy, ale mo\u017cemy za\u0142o\u017cy\u0107, \u017ce Maryja, w przeciwie\u0144stwie do licznych innych kobiet, nie mia\u0142a tendencji do winienia w\u0142asnej matki za wszystko. Na\u015bladujmy j\u0105 przynajmniej w tym.","og_url":"https:\/\/wobronietradycjiiwiary.com\/pl\/26-go-lipca-zywot-swietej-anny-matki-najswietszej-maryi-panny-2-2-2\/","og_site_name":"Tradycja i Wiara","article_publisher":"https:\/\/www.facebook.com\/Tradycja-i-Wiara-108813920592249","article_published_time":"2026-07-26T06:15:29+00:00","og_image":[{"width":500,"height":600,"url":"https:\/\/wobronietradycjiiwiary.com\/wp-content\/uploads\/2021\/07\/Anna_Selbdritt.jpg","type":"image\/jpeg"}],"author":"Traditio et Fides","twitter_card":"summary_large_image","twitter_misc":{"Napisane przez":"Traditio et Fides","Szacowany czas czytania":"8 minut"},"schema":{"@context":"https:\/\/schema.org","@graph":[{"@type":"Article","@id":"https:\/\/wobronietradycjiiwiary.com\/26-go-lipca-zywot-swietej-anny-matki-najswietszej-maryi-panny-2-2-2\/#article","isPartOf":{"@id":"https:\/\/wobronietradycjiiwiary.com\/26-go-lipca-zywot-swietej-anny-matki-najswietszej-maryi-panny-2-2-2\/"},"author":{"name":"Traditio et Fides","@id":"https:\/\/wobronietradycjiiwiary.com\/pl\/#\/schema\/person\/2d6180ce6abcb681fef0daab7816e8f3"},"headline":"26-go Lipca. \u017bywot \u015bwi\u0119tej Anny, Matki Naj\u015bwi\u0119tszej Maryi Panny.","datePublished":"2026-07-26T06:15:29+00:00","mainEntityOfPage":{"@id":"https:\/\/wobronietradycjiiwiary.com\/26-go-lipca-zywot-swietej-anny-matki-najswietszej-maryi-panny-2-2-2\/"},"wordCount":1611,"commentCount":0,"publisher":{"@id":"https:\/\/wobronietradycjiiwiary.com\/pl\/#organization"},"image":{"@id":"https:\/\/wobronietradycjiiwiary.com\/26-go-lipca-zywot-swietej-anny-matki-najswietszej-maryi-panny-2-2-2\/#primaryimage"},"thumbnailUrl":"https:\/\/wobronietradycjiiwiary.com\/wp-content\/uploads\/2021\/07\/Anna_Selbdritt.jpg","articleSection":["07. \u015awi\u0119ta w lipcu","Duchowo\u015b\u0107","Liturgia i liturgika"],"inLanguage":"pl-PL","potentialAction":[{"@type":"CommentAction","name":"Comment","target":["https:\/\/wobronietradycjiiwiary.com\/26-go-lipca-zywot-swietej-anny-matki-najswietszej-maryi-panny-2-2-2\/#respond"]}]},{"@type":"WebPage","@id":"https:\/\/wobronietradycjiiwiary.com\/26-go-lipca-zywot-swietej-anny-matki-najswietszej-maryi-panny-2-2-2\/","url":"https:\/\/wobronietradycjiiwiary.com\/26-go-lipca-zywot-swietej-anny-matki-najswietszej-maryi-panny-2-2-2\/","name":"26-go Lipca. \u017bywot \u015bwi\u0119tej Anny, Matki Naj\u015bwi\u0119tszej Maryi Panny. - Tradycja i Wiara","isPartOf":{"@id":"https:\/\/wobronietradycjiiwiary.com\/pl\/#website"},"primaryImageOfPage":{"@id":"https:\/\/wobronietradycjiiwiary.com\/26-go-lipca-zywot-swietej-anny-matki-najswietszej-maryi-panny-2-2-2\/#primaryimage"},"image":{"@id":"https:\/\/wobronietradycjiiwiary.com\/26-go-lipca-zywot-swietej-anny-matki-najswietszej-maryi-panny-2-2-2\/#primaryimage"},"thumbnailUrl":"https:\/\/wobronietradycjiiwiary.com\/wp-content\/uploads\/2021\/07\/Anna_Selbdritt.jpg","datePublished":"2026-07-26T06:15:29+00:00","breadcrumb":{"@id":"https:\/\/wobronietradycjiiwiary.com\/26-go-lipca-zywot-swietej-anny-matki-najswietszej-maryi-panny-2-2-2\/#breadcrumb"},"inLanguage":"pl-PL","potentialAction":[{"@type":"ReadAction","target":["https:\/\/wobronietradycjiiwiary.com\/26-go-lipca-zywot-swietej-anny-matki-najswietszej-maryi-panny-2-2-2\/"]}]},{"@type":"ImageObject","inLanguage":"pl-PL","@id":"https:\/\/wobronietradycjiiwiary.com\/26-go-lipca-zywot-swietej-anny-matki-najswietszej-maryi-panny-2-2-2\/#primaryimage","url":"https:\/\/wobronietradycjiiwiary.com\/wp-content\/uploads\/2021\/07\/Anna_Selbdritt.jpg","contentUrl":"https:\/\/wobronietradycjiiwiary.com\/wp-content\/uploads\/2021\/07\/Anna_Selbdritt.jpg","width":500,"height":600},{"@type":"BreadcrumbList","@id":"https:\/\/wobronietradycjiiwiary.com\/26-go-lipca-zywot-swietej-anny-matki-najswietszej-maryi-panny-2-2-2\/#breadcrumb","itemListElement":[{"@type":"ListItem","position":1,"name":"Strona g\u0142\u00f3wna","item":"https:\/\/wobronietradycjiiwiary.com\/"},{"@type":"ListItem","position":2,"name":"26-go Lipca. \u017bywot \u015bwi\u0119tej Anny, Matki Naj\u015bwi\u0119tszej Maryi Panny."}]},{"@type":"WebSite","@id":"https:\/\/wobronietradycjiiwiary.com\/pl\/#website","url":"https:\/\/wobronietradycjiiwiary.com\/pl\/","name":"Tradycja i Wiara","description":"Portal dla katolik\u00f3w.","publisher":{"@id":"https:\/\/wobronietradycjiiwiary.com\/pl\/#organization"},"potentialAction":[{"@type":"SearchAction","target":{"@type":"EntryPoint","urlTemplate":"https:\/\/wobronietradycjiiwiary.com\/pl\/?s={search_term_string}"},"query-input":{"@type":"PropertyValueSpecification","valueRequired":true,"valueName":"search_term_string"}}],"inLanguage":"pl-PL"},{"@type":"Organization","@id":"https:\/\/wobronietradycjiiwiary.com\/pl\/#organization","name":"Tradycja i Wiara","url":"https:\/\/wobronietradycjiiwiary.com\/pl\/","logo":{"@type":"ImageObject","inLanguage":"pl-PL","@id":"https:\/\/wobronietradycjiiwiary.com\/pl\/#\/schema\/logo\/image\/","url":"https:\/\/i0.wp.com\/wobronietradycjiiwiary.com\/wp-content\/uploads\/2015\/10\/cropped-st-peters-dome-vatican.jpg?fit=940%2C198&ssl=1","contentUrl":"https:\/\/i0.wp.com\/wobronietradycjiiwiary.com\/wp-content\/uploads\/2015\/10\/cropped-st-peters-dome-vatican.jpg?fit=940%2C198&ssl=1","width":940,"height":198,"caption":"Tradycja i Wiara"},"image":{"@id":"https:\/\/wobronietradycjiiwiary.com\/pl\/#\/schema\/logo\/image\/"},"sameAs":["https:\/\/www.facebook.com\/Tradycja-i-Wiara-108813920592249"]},{"@type":"Person","@id":"https:\/\/wobronietradycjiiwiary.com\/pl\/#\/schema\/person\/2d6180ce6abcb681fef0daab7816e8f3","name":"Traditio et Fides","sameAs":["https:\/\/traditionundglauben.com"],"url":"https:\/\/wobronietradycjiiwiary.com\/pl\/author\/wobronietradycjiiwiary\/"}]}},"jetpack_publicize_connections":[],"jetpack_sharing_enabled":true,"jetpack_likes_enabled":true,"jetpack_shortlink":"https:\/\/wp.me\/pc04Sd-uPI","jetpack-related-posts":[{"id":147300,"url":"https:\/\/wobronietradycjiiwiary.com\/pl\/26-go-lipca-zywot-swietej-anny-matki-najswietszej-maryi-panny-2-2-3\/","url_meta":{"origin":118526,"position":0},"title":"26-go Lipca. \u017bywot \u015bwi\u0119tej Anny, Matki Naj\u015bwi\u0119tszej Maryi Panny.","author":"Traditio et Fides","date":"26 lipca 2025","format":false,"excerpt":"Chocia\u017c Matka Boska \"zwyk\u0142\u0105 dziewczyn\u0105 z Nazaretu\" nie by\u0142a, to mia\u0142a ona zwyk\u0142ych rodzic\u00f3w, kt\u00f3rzy, w przeciwie\u0144stwie od niej, nie byli zachowani od grzechu pierworodnego. Jak uk\u0142ada\u0142y im si\u0119 relacje? Tego nie wiemy, ale mo\u017cemy za\u0142o\u017cy\u0107, \u017ce Maryja, w przeciwie\u0144stwie do licznych innych kobiet, nie mia\u0142a tendencji do winienia w\u0142asnej\u2026","rel":"","context":"W \u201e07. \u015awi\u0119ta w lipcu&quot;","block_context":{"text":"07. \u015awi\u0119ta w lipcu","link":"https:\/\/wobronietradycjiiwiary.com\/pl\/category\/duchowosc\/liturgia-i-liturgika\/rozwazania\/rok-liturgiczny\/swieta-w-lipcu\/"},"img":{"alt_text":"","src":"https:\/\/i0.wp.com\/wobronietradycjiiwiary.com\/wp-content\/uploads\/2021\/07\/Anna_Selbdritt.jpg?resize=350%2C200&ssl=1","width":350,"height":200},"classes":[]},{"id":120515,"url":"https:\/\/wobronietradycjiiwiary.com\/pl\/8-go-wrzesnia-uroczystosc-narodzenia-najswietszej-maryi-panny-2-2-2\/","url_meta":{"origin":118526,"position":1},"title":"8-go Wrze\u015bnia. Uroczysto\u015b\u0107 Narodzenia Naj\u015bwi\u0119tszej Maryi Panny.","author":"Traditio et Fides","date":"8 wrze\u015bnia 2024","format":false,"excerpt":"NMP jest najlepszym przyk\u0142adem na to, \u017ce jednostka w historii co\u015b znaczy, a zw\u0142aszcza w historii zbawienia. Ca\u0142e pokolenia niejako na ni\u0105 \"pracowa\u0142y\" i ka\u017cdy grzech obr\u00f3ci\u0142 si\u0119 na dobre. Krzepi\u0105ce.","rel":"","context":"W \u201e09. \u015awi\u0119ta we wrze\u015bniu&quot;","block_context":{"text":"09. \u015awi\u0119ta we wrze\u015bniu","link":"https:\/\/wobronietradycjiiwiary.com\/pl\/category\/duchowosc\/liturgia-i-liturgika\/rozwazania\/rok-liturgiczny\/swieta-we-wrzesniu\/"},"img":{"alt_text":"","src":"https:\/\/i0.wp.com\/wobronietradycjiiwiary.com\/wp-content\/uploads\/2021\/09\/Birth_of_St_Mary_in_Santa_Maria_Novella_in_Firenze_by_Domenico_Ghirlandaio.jpg?resize=350%2C200&ssl=1","width":350,"height":200,"srcset":"https:\/\/i0.wp.com\/wobronietradycjiiwiary.com\/wp-content\/uploads\/2021\/09\/Birth_of_St_Mary_in_Santa_Maria_Novella_in_Firenze_by_Domenico_Ghirlandaio.jpg?resize=350%2C200&ssl=1 1x, https:\/\/i0.wp.com\/wobronietradycjiiwiary.com\/wp-content\/uploads\/2021\/09\/Birth_of_St_Mary_in_Santa_Maria_Novella_in_Firenze_by_Domenico_Ghirlandaio.jpg?resize=525%2C300&ssl=1 1.5x, https:\/\/i0.wp.com\/wobronietradycjiiwiary.com\/wp-content\/uploads\/2021\/09\/Birth_of_St_Mary_in_Santa_Maria_Novella_in_Firenze_by_Domenico_Ghirlandaio.jpg?resize=700%2C400&ssl=1 2x, https:\/\/i0.wp.com\/wobronietradycjiiwiary.com\/wp-content\/uploads\/2021\/09\/Birth_of_St_Mary_in_Santa_Maria_Novella_in_Firenze_by_Domenico_Ghirlandaio.jpg?resize=1050%2C600&ssl=1 3x"},"classes":[]},{"id":100745,"url":"https:\/\/wobronietradycjiiwiary.com\/pl\/8-go-wrzesnia-uroczystosc-narodzenia-najswietszej-maryi-panny-2-2\/","url_meta":{"origin":118526,"position":2},"title":"8-go Wrze\u015bnia. Uroczysto\u015b\u0107 Narodzenia Naj\u015bwi\u0119tszej Maryi Panny.","author":"Traditio et Fides","date":"8 wrze\u015bnia 2023","format":false,"excerpt":"NMP jest najlepszym przyk\u0142adem na to, \u017ce jednostka w historii co\u015b znaczy, a zw\u0142aszcza w historii zbawienia. Ca\u0142e pokolenia niejako na ni\u0105 \"pracowa\u0142y\" i ka\u017cdy grzech obr\u00f3ci\u0142 si\u0119 na dobre. Krzepi\u0105ce.","rel":"","context":"W \u201e09. \u015awi\u0119ta we wrze\u015bniu&quot;","block_context":{"text":"09. \u015awi\u0119ta we wrze\u015bniu","link":"https:\/\/wobronietradycjiiwiary.com\/pl\/category\/duchowosc\/liturgia-i-liturgika\/rozwazania\/rok-liturgiczny\/swieta-we-wrzesniu\/"},"img":{"alt_text":"","src":"https:\/\/i0.wp.com\/wobronietradycjiiwiary.com\/wp-content\/uploads\/2021\/09\/Birth_of_St_Mary_in_Santa_Maria_Novella_in_Firenze_by_Domenico_Ghirlandaio.jpg?resize=350%2C200&ssl=1","width":350,"height":200,"srcset":"https:\/\/i0.wp.com\/wobronietradycjiiwiary.com\/wp-content\/uploads\/2021\/09\/Birth_of_St_Mary_in_Santa_Maria_Novella_in_Firenze_by_Domenico_Ghirlandaio.jpg?resize=350%2C200&ssl=1 1x, https:\/\/i0.wp.com\/wobronietradycjiiwiary.com\/wp-content\/uploads\/2021\/09\/Birth_of_St_Mary_in_Santa_Maria_Novella_in_Firenze_by_Domenico_Ghirlandaio.jpg?resize=525%2C300&ssl=1 1.5x, https:\/\/i0.wp.com\/wobronietradycjiiwiary.com\/wp-content\/uploads\/2021\/09\/Birth_of_St_Mary_in_Santa_Maria_Novella_in_Firenze_by_Domenico_Ghirlandaio.jpg?resize=700%2C400&ssl=1 2x, https:\/\/i0.wp.com\/wobronietradycjiiwiary.com\/wp-content\/uploads\/2021\/09\/Birth_of_St_Mary_in_Santa_Maria_Novella_in_Firenze_by_Domenico_Ghirlandaio.jpg?resize=1050%2C600&ssl=1 3x"},"classes":[]},{"id":152179,"url":"https:\/\/wobronietradycjiiwiary.com\/pl\/8-go-wrzesnia-uroczystosc-narodzenia-najswietszej-maryi-panny-2-2-2-2\/","url_meta":{"origin":118526,"position":3},"title":"8-go Wrze\u015bnia. Uroczysto\u015b\u0107 Narodzenia Naj\u015bwi\u0119tszej Maryi Panny.","author":"Traditio et Fides","date":"8 wrze\u015bnia 2025","format":false,"excerpt":"NMP jest najlepszym przyk\u0142adem na to, \u017ce jednostka w historii co\u015b znaczy, a zw\u0142aszcza w historii zbawienia.","rel":"","context":"W \u201e09. \u015awi\u0119ta we wrze\u015bniu&quot;","block_context":{"text":"09. \u015awi\u0119ta we wrze\u015bniu","link":"https:\/\/wobronietradycjiiwiary.com\/pl\/category\/duchowosc\/liturgia-i-liturgika\/rozwazania\/rok-liturgiczny\/swieta-we-wrzesniu\/"},"img":{"alt_text":"","src":"https:\/\/i0.wp.com\/wobronietradycjiiwiary.com\/wp-content\/uploads\/2021\/09\/Birth_of_St_Mary_in_Santa_Maria_Novella_in_Firenze_by_Domenico_Ghirlandaio.jpg?resize=350%2C200&ssl=1","width":350,"height":200,"srcset":"https:\/\/i0.wp.com\/wobronietradycjiiwiary.com\/wp-content\/uploads\/2021\/09\/Birth_of_St_Mary_in_Santa_Maria_Novella_in_Firenze_by_Domenico_Ghirlandaio.jpg?resize=350%2C200&ssl=1 1x, https:\/\/i0.wp.com\/wobronietradycjiiwiary.com\/wp-content\/uploads\/2021\/09\/Birth_of_St_Mary_in_Santa_Maria_Novella_in_Firenze_by_Domenico_Ghirlandaio.jpg?resize=525%2C300&ssl=1 1.5x, https:\/\/i0.wp.com\/wobronietradycjiiwiary.com\/wp-content\/uploads\/2021\/09\/Birth_of_St_Mary_in_Santa_Maria_Novella_in_Firenze_by_Domenico_Ghirlandaio.jpg?resize=700%2C400&ssl=1 2x, https:\/\/i0.wp.com\/wobronietradycjiiwiary.com\/wp-content\/uploads\/2021\/09\/Birth_of_St_Mary_in_Santa_Maria_Novella_in_Firenze_by_Domenico_Ghirlandaio.jpg?resize=1050%2C600&ssl=1 3x"},"classes":[]},{"id":102849,"url":"https:\/\/wobronietradycjiiwiary.com\/pl\/15-go-wrzesnia-uroczystosc-siedmiu-bolesci-matki-bozej\/","url_meta":{"origin":118526,"position":4},"title":"15-go wrze\u015bnia. Uroczysto\u015b\u0107 Siedmiu Bole\u015bci Matki Bo\u017cej.","author":"Traditio et Fides","date":"15 wrze\u015bnia 2023","format":false,"excerpt":"\u015awi\u0119to Matki Boskiej Bolesnej.","rel":"","context":"W \u201e09. \u015awi\u0119ta we wrze\u015bniu&quot;","block_context":{"text":"09. \u015awi\u0119ta we wrze\u015bniu","link":"https:\/\/wobronietradycjiiwiary.com\/pl\/category\/duchowosc\/liturgia-i-liturgika\/rozwazania\/rok-liturgiczny\/swieta-we-wrzesniu\/"},"img":{"alt_text":"","src":"https:\/\/i0.wp.com\/wobronietradycjiiwiary.com\/wp-content\/uploads\/2023\/09\/As-Sete-Dores-da-Virgem-Maria.jpg?resize=350%2C200&ssl=1","width":350,"height":200,"srcset":"https:\/\/i0.wp.com\/wobronietradycjiiwiary.com\/wp-content\/uploads\/2023\/09\/As-Sete-Dores-da-Virgem-Maria.jpg?resize=350%2C200&ssl=1 1x, https:\/\/i0.wp.com\/wobronietradycjiiwiary.com\/wp-content\/uploads\/2023\/09\/As-Sete-Dores-da-Virgem-Maria.jpg?resize=525%2C300&ssl=1 1.5x, https:\/\/i0.wp.com\/wobronietradycjiiwiary.com\/wp-content\/uploads\/2023\/09\/As-Sete-Dores-da-Virgem-Maria.jpg?resize=700%2C400&ssl=1 2x"},"classes":[]},{"id":153270,"url":"https:\/\/wobronietradycjiiwiary.com\/pl\/15-go-wrzesnia-uroczystosc-siedmiu-bolesci-matki-bozej-2\/","url_meta":{"origin":118526,"position":5},"title":"15-go wrze\u015bnia. Uroczysto\u015b\u0107 Siedmiu Bole\u015bci Matki Bo\u017cej.","author":"Traditio et Fides","date":"15 wrze\u015bnia 2025","format":false,"excerpt":"\u015awi\u0119to Matki Boskiej Bolesnej.","rel":"","context":"W \u201e09. \u015awi\u0119ta we wrze\u015bniu&quot;","block_context":{"text":"09. \u015awi\u0119ta we wrze\u015bniu","link":"https:\/\/wobronietradycjiiwiary.com\/pl\/category\/duchowosc\/liturgia-i-liturgika\/rozwazania\/rok-liturgiczny\/swieta-we-wrzesniu\/"},"img":{"alt_text":"","src":"https:\/\/i0.wp.com\/wobronietradycjiiwiary.com\/wp-content\/uploads\/2023\/09\/As-Sete-Dores-da-Virgem-Maria.jpg?resize=350%2C200&ssl=1","width":350,"height":200,"srcset":"https:\/\/i0.wp.com\/wobronietradycjiiwiary.com\/wp-content\/uploads\/2023\/09\/As-Sete-Dores-da-Virgem-Maria.jpg?resize=350%2C200&ssl=1 1x, https:\/\/i0.wp.com\/wobronietradycjiiwiary.com\/wp-content\/uploads\/2023\/09\/As-Sete-Dores-da-Virgem-Maria.jpg?resize=525%2C300&ssl=1 1.5x, https:\/\/i0.wp.com\/wobronietradycjiiwiary.com\/wp-content\/uploads\/2023\/09\/As-Sete-Dores-da-Virgem-Maria.jpg?resize=700%2C400&ssl=1 2x"},"classes":[]}],"amp_enabled":true,"jetpack_featured_media_url":"https:\/\/wobronietradycjiiwiary.com\/wp-content\/uploads\/2021\/07\/Anna_Selbdritt.jpg","_links":{"self":[{"href":"https:\/\/wobronietradycjiiwiary.com\/pl\/wp-json\/wp\/v2\/posts\/118526","targetHints":{"allow":["GET"]}}],"collection":[{"href":"https:\/\/wobronietradycjiiwiary.com\/pl\/wp-json\/wp\/v2\/posts"}],"about":[{"href":"https:\/\/wobronietradycjiiwiary.com\/pl\/wp-json\/wp\/v2\/types\/post"}],"author":[{"embeddable":true,"href":"https:\/\/wobronietradycjiiwiary.com\/pl\/wp-json\/wp\/v2\/users\/60508433"}],"replies":[{"embeddable":true,"href":"https:\/\/wobronietradycjiiwiary.com\/pl\/wp-json\/wp\/v2\/comments?post=118526"}],"version-history":[{"count":1,"href":"https:\/\/wobronietradycjiiwiary.com\/pl\/wp-json\/wp\/v2\/posts\/118526\/revisions"}],"predecessor-version":[{"id":118585,"href":"https:\/\/wobronietradycjiiwiary.com\/pl\/wp-json\/wp\/v2\/posts\/118526\/revisions\/118585"}],"wp:featuredmedia":[{"embeddable":true,"href":"https:\/\/wobronietradycjiiwiary.com\/pl\/wp-json\/wp\/v2\/media\/51094"}],"wp:attachment":[{"href":"https:\/\/wobronietradycjiiwiary.com\/pl\/wp-json\/wp\/v2\/media?parent=118526"}],"wp:term":[{"taxonomy":"category","embeddable":true,"href":"https:\/\/wobronietradycjiiwiary.com\/pl\/wp-json\/wp\/v2\/categories?post=118526"},{"taxonomy":"post_tag","embeddable":true,"href":"https:\/\/wobronietradycjiiwiary.com\/pl\/wp-json\/wp\/v2\/tags?post=118526"}],"curies":[{"name":"wp","href":"https:\/\/api.w.org\/{rel}","templated":true}]}}