{"id":117660,"date":"2024-06-25T08:15:37","date_gmt":"2024-06-25T06:15:37","guid":{"rendered":"https:\/\/wobronietradycjiiwiary.com\/?p=117660"},"modified":"2025-02-10T11:14:45","modified_gmt":"2025-02-10T10:14:45","slug":"25-go-czerwca-zywot-swietej-emmy-wdowy-2-2-2","status":"publish","type":"post","link":"https:\/\/wobronietradycjiiwiary.com\/pl\/25-go-czerwca-zywot-swietej-emmy-wdowy-2-2-2\/","title":{"rendered":"25-go Czerwca. \u017bywot \u015bwi\u0119tej Emmy, Wdowy."},"content":{"rendered":"<div id=\"bsf_rt_marker\"><\/div>\n<p class=\"has-text-align-center wp-block-paragraph\"><em>(\u017by\u0142a oko\u0142o roku Pa\u0144skiego 1040).<\/em><\/p>\n\n\n\n<figure class=\"wp-block-image\"><a href=\"https:\/\/pl.wikisource.org\/wiki\/Plik:%C5%BBywoty_%C5%9Bw._Pa%C5%84skich_na_wszystkie_dnie_roku-Inicja%C5%82-W.png\"><img decoding=\"async\" src=\"https:\/\/upload.wikimedia.org\/wikipedia\/commons\/thumb\/8\/8f\/%C5%BBywoty_%C5%9Bw._Pa%C5%84skich_na_wszystkie_dnie_roku-Inicja%C5%82-W.png\/75px-%C5%BBywoty_%C5%9Bw._Pa%C5%84skich_na_wszystkie_dnie_roku-Inicja%C5%82-W.png\" alt=\"W\"\/><\/a><\/figure>\n\n\n\n<p class=\"has-text-align-justify wp-block-paragraph\">Wspania\u0142y ko\u015bci\u00f3\u0142 Biskupi w Gurku, pod Klagenfurtem, jest od blizko tysi\u0105ca lat \u015bwiadkiem mi\u0142o\u015bci pe\u0142nej wiary, z jak\u0105 \u015bwi\u0119ta Emma \u2014 Hemma, jak w\u0142a\u015bciwie imi\u0119 jej pisa\u0107 nale\u017cy \u2014 urz\u0105dzi\u0142a to siedlisko nauki religii, chrze\u015bcija\u0144skiego umoralnienia i czci Boga.<\/p>\n\n\n\n<p class=\"has-text-align-justify wp-block-paragraph\">Urodzi\u0142a si\u0119 ona w Karyntyi roku Pa\u0144skiego 983; by\u0142a c\u00f3rk\u0105 mo\u017cnego hrabiego Engelberta Peilensteina i matki hrabianki Tuty, krewnej cesarza Henryka II. Pod troskliw\u0105 opiek\u0105 pobo\u017cnych rodzic\u00f3w rozwija\u0142 si\u0119 jej umys\u0142 i serce w szlachetno\u015bci i boja\u017cni Bo\u017cej, a wychowania doko\u0144czy\u0142 cesarz razem ze sw\u0105 ma\u0142\u017conk\u0105 \u015bwi\u0119t\u0105 Kunegund\u0105. W m\u0142odym jeszcze wieku posz\u0142a za m\u0105\u017c za hrabiego Wilhelma Friesach, kt\u00f3ry w pobo\u017cno\u015bci r\u00f3wna\u0142 jej jak najzupe\u0142niej. Od dnia zawarcia \u015blub\u00f3w ma\u0142\u017ce\u0144skich bywali oboje codziennie na Mszy \u015bwi\u0119tej, i co Niedziel\u0119 przyst\u0119powali do Sto\u0142u Pa\u0144skiego.<\/p>\n\n\n\n<p class=\"has-text-align-justify wp-block-paragraph\">\u2009Ma\u0142\u017ce\u0144stwo to pob\u0142ogos\u0142awi\u0142 Pan B\u00f3g dwoma ch\u0142opcami i wychowali ich pobo\u017cni rodzice w pos\u0142usze\u0144stwie i pobo\u017cno\u015bci, jak\u0105 sami byli przej\u0119ci.<\/p>\n\n\n\n<p class=\"has-text-align-justify wp-block-paragraph\">Posiada\u0142 Wilhelm w Friesach i Zeltschach bogate kopalnie z\u0142ota i srebra, w kt\u00f3rych liczni robotnicy, pomimo i\u017c du\u017co zarabiali, pod \u017cadnym wzgl\u0119dem nie okazywali wdzi\u0119czno\u015bci.<\/p>\n\n\n\n<p class=\"has-text-align-justify wp-block-paragraph\">Pewnego razu zniewolony by\u0142 Wilhelm podpisa\u0107 wyrok \u015bmierci na robotnika, kt\u00f3ry pope\u0142ni\u0142 zbrodni\u0119. Z tego powodu zaprzysi\u0119gli mu inni zemst\u0119, kt\u00f3r\u0105 w ten spos\u00f3b\u00a0urzeczywistnili, i\u017c mu zabili obu synk\u00f3w, gdy ci nic nie przeczuwaj\u0105c, zwiedzili kopalnie. Z powodu straty dziatek dotkni\u0119ci byli rodzice niewypowiedzian\u0105 bole\u015bci\u0105. Emma p\u0142aka\u0142a dzie\u0144 i noc nad grobem swych ulubie\u0144c\u00f3w, znajduj\u0105c jedynie ulg\u0119 w modlitwie; zarazem b\u0142aga\u0142a Boga o \u0142ask\u0119 i przebaczenie grzechu zab\u00f3jcom. Przeciwnie Wilhelm zawrza\u0142 zemst\u0105, zebra\u0142 oddzia\u0142 \u017co\u0142nierzy, napad\u0142 na obwarowanych robotnik\u00f3w, a zwyci\u0119\u017cywszy ich w bitwie, wielu z nich pozabija\u0142, s\u0105dz\u0105c, \u017ce si\u0119 tym sposobem zem\u015bci za \u015bmier\u0107 syn\u00f3w. Rozlane jednak\u017ce strumienie krwi nie o\u017cywi\u0142y mu dzieci, przeciwnie wzbudzi\u0142y w nim zgryzoty sumienia, i\u017c obok winnych zada\u0142 \u015bmier\u0107 r\u00f3wnie\u017c wielu niewinnym. Rozpacz\u0105 miotany i nie mog\u0105c znie\u015b\u0107 \u017calu ma\u0142\u017conki, obl\u00f3k\u0142 si\u0119 w szaty pokutnicze, udaj\u0105c si\u0119 na pielgrzymk\u0119 do Rzymu, aby tam szuka\u0107 spokoju u grobu \u015bw. M\u0119czennik\u00f3w. Po szczerym \u017calu uzyska\u0142 odpuszczenie grzech\u00f3w od Papie\u017ca samego, poczem wracaj\u0105c do domu, w drodze umar\u0142.<\/p>\n\n\n\n<p class=\"has-text-align-justify wp-block-paragraph\">Zosta\u0142a tedy Emma bezdzietn\u0105 wdow\u0105, maj\u0105c po tylu dotkliwych stratach serce zakrwawione i tylko w modlitwie i udzielaniu ja\u0142mu\u017cny szuka\u0142a ukojenia bole\u015bci.<\/p>\n\n\n\n<p class=\"has-text-align-justify wp-block-paragraph\">Wys\u0142ucha\u0142 Pan B\u00f3g wreszcie jej mod\u0142\u00f3w i natchn\u0105\u0142 j\u0105 my\u015bl\u0105 utworzenia nowej rodziny, kt\u00f3ra j\u0105 prze\u017cy\u0107 mia\u0142a.<\/p>\n\n\n\n<p class=\"has-text-align-justify wp-block-paragraph\">Zbudowa\u0142a ona bowiem na cze\u015b\u0107 Matki Boskiej Bolesnej w lesistej dolinie Gurku wspania\u0142y klasztor \u017ce\u0144ski, obdarzy\u0142a go sowicie funduszami na utrzymanie siedmdziesi\u0119ciu dziewic, i obok niego ufundowa\u0142a klasztor dla dwudziestu zakonnik\u00f3w, kt\u00f3rzy mieli mie\u0107 piecz\u0119 nad nabo\u017ce\u0144stwem i nad duszpasterstwem.<\/p>\n\n\n\n<p class=\"has-text-align-justify wp-block-paragraph\">Wspania\u0142emi temi budowlami osobi\u015bcie kierowa\u0142a i codziennie sama wyp\u0142aca\u0142a robotnikom. Gdy w ko\u0144cu budowle zupe\u0142nie uko\u0144czy\u0142a, rozda\u0142a ksi\u0105\u017c\u0119cy maj\u0105tek na ko\u015bcio\u0142y i klasztory, uprosiwszy sobie z wielk\u0105 pokor\u0105 u w\u0142adzy ko\u015bcielnej \u0142ask\u0119 o przyj\u0119cie jej na zakonnic\u0119 tego\u017c klasztoru.<\/p>\n\n\n\n<p class=\"has-text-align-justify wp-block-paragraph\">W ubogiej sukni zakonnej prze\u017cy\u0142a jeszcze trzy lata w\u015br\u00f3d pracy i modlitwy i tam te\u017c zako\u0144czy\u0142a \u017cywot doczesny w r. 1045. Du\u017co cud\u00f3w zdarzy\u0142o si\u0119 na jej grobie, a wojna z Turkami op\u00f3\u017ani\u0142a jej przyj\u0119cie w poczet \u015awi\u0119tych Pa\u0144skich. Dopiero bowiem Papie\u017c Pius II og\u0142osi\u0142 j\u0105 jako \u015awi\u0119t\u0105, a klasztor ten zosta\u0142 potem Stolic\u0105 Biskupi\u0105.<\/p>\n\n\n\n<h2 class=\"wp-block-heading\"><br><strong>Nauka moralna.<\/strong><\/h2>\n\n\n\n<p class=\"has-text-align-justify wp-block-paragraph\">\u2009\u017bywot \u015bwi\u0119tej Emmy wykazuje nam, w jak blizkiej styczno\u015bci wzajemnej znajduj\u0105 si\u0119 dwa uczucia ziemskie: rado\u015b\u0107 i smutek i jak \u0142atwo i niespodzianie nieraz z jednego uczucia przechodzimy w drugie.<\/p>\n\n\n\n<p class=\"has-text-align-justify wp-block-paragraph\">A\u017ceby\u015bmy w tych zmieniaj\u0105cych si\u0119 uczuciach nie tracili spokoju, tak potrzebnego dla ka\u017cdego chrze\u015bcijanina, nale\u017cy nam rok rocznie uroczy\u015bcie obchodzi\u0107 dzie\u0144 \u015bwi\u0119ta w\u0142asnego Patrona lub Patronki, albowiem imi\u0119 to przywodzi nam na my\u015bl dzie\u0144 wa\u017cny, w kt\u00f3rym otrzymali\u015bmy Chrzest \u015bwi\u0119ty, przez kt\u00f3ry oczyszczeni z grzechu pierworodnego stali\u015bmy si\u0119 przez to prawdziwemi dzie\u0107mi Jezusa Chrystusa.<\/p>\n\n\n\n<p class=\"has-text-align-justify wp-block-paragraph\">Przed przyj\u0119ciem Chrztu \u015bw. zamkni\u0119t\u0105 nam by\u0142a droga do zbawienia. Przez Chrzest \u015bwi\u0119ty stajemy si\u0119 zupe\u0142nie innemi istotami; przed Chrztem \u015bw. byli\u015bmy dzie\u0107mi gniewu Bo\u017cego, a po Chrzcie \u015bwi\u0119tym dzie\u0107mi mi\u0142o\u015bci i upodobania.<\/p>\n\n\n\n<p class=\"has-text-align-justify wp-block-paragraph\">Przez otrzymanie imienia \u015bwi\u0119tego Patrona lub Patronki w Imi\u0119 Ojca, Syna i Ducha \u015bwi\u0119tego, udzieli\u0142 nam Pan B\u00f3g trojakich nadprzyrodzonych zdolno\u015bci. W Imi\u0119 Ojca otrzymujemy zdolno\u015b\u0107 wierzenia w to, czego uczy po wszystkie czasy Jezus Chrystus, Aposto\u0142owie i Ko\u015bci\u00f3\u0142 \u015bwi\u0119ty. W Imi\u0119 Syna otrzymujemy zdolno\u015b\u0107 ufno\u015bci w to, co Jezus Chrystus zapowiedzia\u0142 i co nam przypadnie w udziale po otrzymaniu Sakrament\u00f3w \u015bwi\u0119tych. W Imi\u0119 Ducha \u015bwi\u0119tego za\u015b otrzymujemy zdolno\u015b\u0107 mi\u0142owania Boga z ca\u0142ego serca, z ca\u0142ej duszy i ze wszystkich si\u0142 naszych.<\/p>\n\n\n\n<p class=\"has-text-align-justify wp-block-paragraph\">Imi\u0119, kt\u00f3re otrzyma\u0142e\u015b na Chrzcie \u015bwi\u0119tym, przypomina ci, \u017ce Duch \u015bwi\u0119ty odda\u0142 ci\u0119 w opiek\u0119 Ko\u015bcio\u0142a katolickiego, Matki Boskiej, \u015bwi\u0119tego Anio\u0142a Str\u00f3\u017ca i wszystkich \u015awi\u0119tych, aby ta opieka dopomaga\u0142a ci do jak najwi\u0119kszego rozwoju si\u0142 twoich umys\u0142owych w wierze, nadziei i mi\u0142o\u015bci.<\/p>\n\n\n\n<p class=\"has-text-align-justify wp-block-paragraph\">Jak daleko post\u0105pi\u0107 mo\u017cesz w tych zdolno\u015bciach, daje ci dow\u00f3d i zarazem przyk\u0142ad \u015bwi\u0119ta Emma, kt\u00f3ra, upadaj\u0105c nieomal pod brzemieniem cierpienia duszy, okazywa\u0142a gorliwo\u015b\u0107 w czci ku Bogu i pe\u0142n\u0105\u00a0ofiarno\u015bci mi\u0142o\u015b\u0107 ku bli\u017anim swoim; drugim za\u015b przyk\u0142adem b\u0119dzie ci przez ca\u0142e \u017cycie Patron lub Patronka, kt\u00f3rych imi\u0119 nosisz. Oni te\u017c znosili cierpienia w \u017cyciu doczesnem a przetrwawszy je m\u0119\u017cnie do ko\u0144ca, zyskali w nagrod\u0119 szcz\u0119\u015bliwo\u015b\u0107 wieczn\u0105.<br><\/p>\n\n\n\n<h2 class=\"wp-block-heading\"><strong>Modlitwa.<\/strong><\/h2>\n\n\n\n<blockquote class=\"wp-block-quote is-layout-flow wp-block-quote-is-layout-flow\"><p>\u2009Bo\u017ce, za przyk\u0142adem \u015bwi\u0119tej Emmy, udziel nam sta\u0142o\u015bci i m\u0119stwa, aby\u015bmy cierpienia, kt\u00f3remi nas nieraz dla wypr\u00f3bowania duszy naszej dotykasz, znosili cierpliwie i przez to stawali si\u0119 coraz godniejszymi szcz\u0119\u015bcia, jakie w Niebie przeznaczasz tym, kt\u00f3rzy ufno\u015bci w Tobie nie trac\u0105. Przez Pana naszego Jezusa Chrystusa. Amen.<\/p><\/blockquote>\n\n\n\n<figure class=\"wp-block-table\"><table><tbody><tr><td>\u2217&nbsp;&nbsp;&nbsp;&nbsp;&nbsp;&nbsp;&nbsp;&nbsp;&nbsp;&nbsp;&nbsp;&nbsp;&nbsp;&nbsp;&nbsp;&nbsp;&nbsp;&nbsp;&nbsp;&nbsp;\u2217<br>\u2217<\/td><\/tr><\/tbody><\/table><\/figure>\n\n\n\n<p class=\"wp-block-paragraph\">\u2009<em>Opr\u00f3cz tego obchodzi Ko\u015bci\u00f3\u0142 \u015bwi\u0119ty pami\u0105tk\u0119 nast\u0119puj\u0105cych \u015awi\u0119tych Pa\u0144skich, zamieszczonych w rzymskiem martyrologium:<\/em><\/p>\n\n\n\n<p class=\"has-text-align-justify wp-block-paragraph\">\u2009<strong>Dnia 25-go czerwca<\/strong>&nbsp;w okolicy Goglietto pod Nusco uroczysto\u015b\u0107 \u015bw.&nbsp;Wilhelma, Wyznawcy, za\u0142o\u017cyciela zakonu Pustelnik\u00f3w z Monte Vergine. \u2014 Pod Bere\u0105 pami\u0105tka \u015bw.&nbsp;Sozypatra, ucznia \u015bw. Paw\u0142a, Aposto\u0142a. \u2014 W Rzymie \u015bmier\u0107 m\u0119cze\u0144ska \u015bw.&nbsp;\u0141ucyi, Dziewicy z 22&nbsp;towarzyszami cierpienia. \u2014 W Aleksandryi m\u0119cze\u0144s\u0142wo \u015bw.&nbsp;Gallikana. Przed nawr\u00f3ceniem swojem by\u0142 konsulem, dost\u0105pi\u0142 nawet zaszczytu tryumfu i cieszy\u0142 si\u0119 wielkiem powa\u017caniem cesarza Konstantyna. Gdy z namowy dw\u00f3ch braci, \u015bw. Jana i Paw\u0142a, przyj\u0105\u0142 wiar\u0119 chrze\u015bcija\u0144sk\u0105, usun\u0105\u0142 si\u0119 z \u015bw. Hilaryuszem do Ostyi i po\u015bwi\u0119ci\u0142 zupe\u0142nie mi\u0142o\u015bci bli\u017aniego i piel\u0119gnowaniu chorych; gdy si\u0119 to roznios\u0142o, gromadzili si\u0119 ludzie z dalekich okolic, aby z podziwieniem ogl\u0105da\u0107 by\u0142ego patrycyusza i konsula, jak my\u0142 ubogim nogi, nakrywa\u0142 sto\u0142y, polewa\u0142 im r\u0119ce wod\u0105, chorych wi\u00f3d\u0142 z lub\u0105 pieczo\u0142owito\u015bci\u0105 i spe\u0142nia\u0142 wszelkie uczynki mi\u0142osierdzia. Kiedy go Julian Odst\u0119pca wydali\u0142 z Ostyi, uda\u0142 si\u0119 do Aleksandryi i zosta\u0142 tam przez s\u0119dziego Raucyana skazany na \u015bci\u0119cie, poniewa\u017c z obrzydzeniem odpar\u0142 od siebie \u017c\u0105danie ofiarowania bo\u017ckom. \u2014 W Sibapolis w Syryi m\u0119cze\u0144stwo \u015bw.&nbsp;Febronii, Dziewicy, co w prze\u015bladowaniu Dyoklecyana znios\u0142a za starosty Lyzimacha wiele m\u0105k za sw\u0105 prawowierno\u015b\u0107 i czysto\u015b\u0107; najpierw j\u0105 ubiczowano i rozpi\u0119to na torturach, potem rozdzierano \u017celaznymi grzebieniami i palono pochodniami; nast\u0119pnie wybito jej z\u0119by i oderzni\u0119to piersi. Wreszcie stracono j\u0105 mieczem i ozdobiona tak wielu krwistymi klejnotami, po\u015bpieszy\u0142a naprzeciw niebieskiego oblubie\u0144ca. \u2014 W Besan\u00e7on we Francyi uroczysto\u015b\u0107 \u015bw.&nbsp;Antydyusza, Biskupa, zabitego przez Wandal\u00f3w dla wiary katolickiej. \u2014 Pod Reggio uroczysto\u015b\u0107 \u015bw.&nbsp;Prospera Akwitana, Biskupa; uposa\u017cony wielk\u0105 uczono\u015bci\u0105 i cnot\u0105, broni\u0142 odwa\u017cnie wiary katolickiej przeciwko pelagianom. \u2014 W Turynie uroczysto\u015b\u0107 \u015bw.&nbsp;Maksyma, Biskupa i Wyznawcy, s\u0142ynnego pobo\u017cno\u015bci\u0105 nie mniej jak wykszta\u0142ceniem. \u2014 W Holandyi pami\u0105tka \u015bw.&nbsp;Adelberta, Wyznawcy, ucznia \u015bw. Willibrorda, Biskupa.<\/p>\n","protected":false},"excerpt":{"rendered":"<p>\u015aw. Emma po wyj\u015bciu za m\u0105\u017c nie zaniecha\u0142a praktyk religijnych, ale je zwi\u0119kszy\u0142a. Musia\u0142a strasznie prze\u017cy\u0107 zamordowanie w\u0142asnych syn\u00f3w i pyta\u0142a si\u0119 Pana Boga, dlaczego to dopu\u015bci\u0142. Jej m\u0105\u017c stwierdziwszy, \u017ce zemsta \u017cycia synom nie przywr\u00f3ci, odby\u0142 pokut\u0119 publiczn\u0105 za grzech publiczny. \u015aw. Emma pozbawiona w\u0142asnej rodziny za\u0142o\u017cy\u0142a now\u0105 &#8211; zakonn\u0105. Tak te\u017c bywa.<\/p>\n","protected":false},"author":60508433,"featured_media":49616,"comment_status":"open","ping_status":"open","sticky":false,"template":"","format":"standard","meta":{"_bbp_topic_count":0,"_bbp_reply_count":0,"_bbp_total_topic_count":0,"_bbp_total_reply_count":0,"_bbp_voice_count":0,"_bbp_anonymous_reply_count":0,"_bbp_topic_count_hidden":0,"_bbp_reply_count_hidden":0,"_bbp_forum_subforum_count":0,"_editorskit_title_hidden":false,"_editorskit_reading_time":0,"_editorskit_is_block_options_detached":false,"_editorskit_block_options_position":"{}","_coblocks_attr":"","_coblocks_dimensions":"","_coblocks_responsive_height":"","_coblocks_accordion_ie_support":"","_exactmetrics_skip_tracking":false,"_jetpack_newsletter_access":"","_jetpack_dont_email_post_to_subs":false,"_jetpack_newsletter_tier_id":0,"_jetpack_memberships_contains_paywalled_content":false,"_wpcom_ai_launchpad_first_post":false,"_jetpack_feature_clip_id":0,"_jetpack_memberships_contains_paid_content":false,"footnotes":"","jetpack_publicize_message":"{title}\n\n{excerpt}\n\n{url}","jetpack_publicize_feature_enabled":true,"jetpack_social_post_already_shared":true,"jetpack_social_options":{"image_generator_settings":{"template":"highway","default_image_id":0,"font":"","enabled":false},"version":2},"_wpas_customize_per_network":false,"jetpack_post_was_ever_published":false},"categories":[610131821,610131184,336375535],"tags":[],"class_list":["post-117660","post","type-post","status-publish","format-standard","has-post-thumbnail","hentry","category-swieta-w-czerwcu","category-duchowosc","category-liturgia-i-liturgika"],"yoast_head":"<!-- This site is optimized with the Yoast SEO plugin v28.4 - https:\/\/yoast.com\/product\/yoast-seo-wordpress\/ -->\n<title>25-go Czerwca. \u017bywot \u015bwi\u0119tej Emmy, Wdowy. - Tradycja i Wiara<\/title>\n<meta name=\"robots\" content=\"index, follow, max-snippet:-1, max-image-preview:large, max-video-preview:-1\" \/>\n<link rel=\"canonical\" href=\"https:\/\/wobronietradycjiiwiary.com\/pl\/25-go-czerwca-zywot-swietej-emmy-wdowy-2-2-2\/\" \/>\n<meta property=\"og:locale\" content=\"pl_PL\" \/>\n<meta property=\"og:type\" content=\"article\" \/>\n<meta property=\"og:title\" content=\"25-go Czerwca. \u017bywot \u015bwi\u0119tej Emmy, Wdowy. - Tradycja i Wiara\" \/>\n<meta property=\"og:description\" content=\"\u015aw. Emma po wyj\u015bciu za m\u0105\u017c nie zaniecha\u0142a praktyk religijnych, ale je zwi\u0119kszy\u0142a. Musia\u0142a strasznie prze\u017cy\u0107 zamordowanie w\u0142asnych syn\u00f3w i pyta\u0142a si\u0119 Pana Boga, dlaczego to dopu\u015bci\u0142. Jej m\u0105\u017c stwierdziwszy, \u017ce zemsta \u017cycia synom nie przywr\u00f3ci, odby\u0142 pokut\u0119 publiczn\u0105 za grzech publiczny. \u015aw. Emma pozbawiona w\u0142asnej rodziny za\u0142o\u017cy\u0142a now\u0105 - zakonn\u0105. Tak te\u017c bywa.\" \/>\n<meta property=\"og:url\" content=\"https:\/\/wobronietradycjiiwiary.com\/pl\/25-go-czerwca-zywot-swietej-emmy-wdowy-2-2-2\/\" \/>\n<meta property=\"og:site_name\" content=\"Tradycja i Wiara\" \/>\n<meta property=\"article:publisher\" content=\"https:\/\/www.facebook.com\/Tradycja-i-Wiara-108813920592249\" \/>\n<meta property=\"article:published_time\" content=\"2024-06-25T06:15:37+00:00\" \/>\n<meta property=\"article:modified_time\" content=\"2025-02-10T10:14:45+00:00\" \/>\n<meta property=\"og:image\" content=\"https:\/\/wobronietradycjiiwiary.com\/wp-content\/uploads\/2021\/06\/Emma_Hemma_von_Gurk_Bopp_1510-1.jpg\" \/>\n\t<meta property=\"og:image:width\" content=\"628\" \/>\n\t<meta property=\"og:image:height\" content=\"1022\" \/>\n\t<meta property=\"og:image:type\" content=\"image\/jpeg\" \/>\n<meta name=\"author\" content=\"Traditio et Fides\" \/>\n<meta name=\"twitter:card\" content=\"summary_large_image\" \/>\n<meta name=\"twitter:label1\" content=\"Napisane przez\" \/>\n\t<meta name=\"twitter:data1\" content=\"Traditio et Fides\" \/>\n\t<meta name=\"twitter:label2\" content=\"Szacowany czas czytania\" \/>\n\t<meta name=\"twitter:data2\" content=\"7 minut\" \/>\n<script type=\"application\/ld+json\" class=\"yoast-schema-graph\">{\"@context\":\"https:\\\/\\\/schema.org\",\"@graph\":[{\"@type\":\"Article\",\"@id\":\"https:\\\/\\\/wobronietradycjiiwiary.com\\\/25-go-czerwca-zywot-swietej-emmy-wdowy-2-2-2\\\/#article\",\"isPartOf\":{\"@id\":\"https:\\\/\\\/wobronietradycjiiwiary.com\\\/25-go-czerwca-zywot-swietej-emmy-wdowy-2-2-2\\\/\"},\"author\":{\"name\":\"Traditio et Fides\",\"@id\":\"https:\\\/\\\/wobronietradycjiiwiary.com\\\/pl\\\/#\\\/schema\\\/person\\\/2d6180ce6abcb681fef0daab7816e8f3\"},\"headline\":\"25-go Czerwca. \u017bywot \u015bwi\u0119tej Emmy, Wdowy.\",\"datePublished\":\"2024-06-25T06:15:37+00:00\",\"dateModified\":\"2025-02-10T10:14:45+00:00\",\"mainEntityOfPage\":{\"@id\":\"https:\\\/\\\/wobronietradycjiiwiary.com\\\/25-go-czerwca-zywot-swietej-emmy-wdowy-2-2-2\\\/\"},\"wordCount\":1496,\"commentCount\":0,\"publisher\":{\"@id\":\"https:\\\/\\\/wobronietradycjiiwiary.com\\\/pl\\\/#organization\"},\"image\":{\"@id\":\"https:\\\/\\\/wobronietradycjiiwiary.com\\\/25-go-czerwca-zywot-swietej-emmy-wdowy-2-2-2\\\/#primaryimage\"},\"thumbnailUrl\":\"https:\\\/\\\/wobronietradycjiiwiary.com\\\/wp-content\\\/uploads\\\/2021\\\/06\\\/Emma_Hemma_von_Gurk_Bopp_1510-1.jpg\",\"articleSection\":[\"06. \u015awi\u0119ta w czerwcu\",\"Duchowo\u015b\u0107\",\"Liturgia i liturgika\"],\"inLanguage\":\"pl-PL\",\"potentialAction\":[{\"@type\":\"CommentAction\",\"name\":\"Comment\",\"target\":[\"https:\\\/\\\/wobronietradycjiiwiary.com\\\/25-go-czerwca-zywot-swietej-emmy-wdowy-2-2-2\\\/#respond\"]}]},{\"@type\":\"WebPage\",\"@id\":\"https:\\\/\\\/wobronietradycjiiwiary.com\\\/25-go-czerwca-zywot-swietej-emmy-wdowy-2-2-2\\\/\",\"url\":\"https:\\\/\\\/wobronietradycjiiwiary.com\\\/25-go-czerwca-zywot-swietej-emmy-wdowy-2-2-2\\\/\",\"name\":\"25-go Czerwca. \u017bywot \u015bwi\u0119tej Emmy, Wdowy. - Tradycja i Wiara\",\"isPartOf\":{\"@id\":\"https:\\\/\\\/wobronietradycjiiwiary.com\\\/pl\\\/#website\"},\"primaryImageOfPage\":{\"@id\":\"https:\\\/\\\/wobronietradycjiiwiary.com\\\/25-go-czerwca-zywot-swietej-emmy-wdowy-2-2-2\\\/#primaryimage\"},\"image\":{\"@id\":\"https:\\\/\\\/wobronietradycjiiwiary.com\\\/25-go-czerwca-zywot-swietej-emmy-wdowy-2-2-2\\\/#primaryimage\"},\"thumbnailUrl\":\"https:\\\/\\\/wobronietradycjiiwiary.com\\\/wp-content\\\/uploads\\\/2021\\\/06\\\/Emma_Hemma_von_Gurk_Bopp_1510-1.jpg\",\"datePublished\":\"2024-06-25T06:15:37+00:00\",\"dateModified\":\"2025-02-10T10:14:45+00:00\",\"breadcrumb\":{\"@id\":\"https:\\\/\\\/wobronietradycjiiwiary.com\\\/25-go-czerwca-zywot-swietej-emmy-wdowy-2-2-2\\\/#breadcrumb\"},\"inLanguage\":\"pl-PL\",\"potentialAction\":[{\"@type\":\"ReadAction\",\"target\":[\"https:\\\/\\\/wobronietradycjiiwiary.com\\\/25-go-czerwca-zywot-swietej-emmy-wdowy-2-2-2\\\/\"]}]},{\"@type\":\"ImageObject\",\"inLanguage\":\"pl-PL\",\"@id\":\"https:\\\/\\\/wobronietradycjiiwiary.com\\\/25-go-czerwca-zywot-swietej-emmy-wdowy-2-2-2\\\/#primaryimage\",\"url\":\"https:\\\/\\\/wobronietradycjiiwiary.com\\\/wp-content\\\/uploads\\\/2021\\\/06\\\/Emma_Hemma_von_Gurk_Bopp_1510-1.jpg\",\"contentUrl\":\"https:\\\/\\\/wobronietradycjiiwiary.com\\\/wp-content\\\/uploads\\\/2021\\\/06\\\/Emma_Hemma_von_Gurk_Bopp_1510-1.jpg\",\"width\":628,\"height\":1022},{\"@type\":\"BreadcrumbList\",\"@id\":\"https:\\\/\\\/wobronietradycjiiwiary.com\\\/25-go-czerwca-zywot-swietej-emmy-wdowy-2-2-2\\\/#breadcrumb\",\"itemListElement\":[{\"@type\":\"ListItem\",\"position\":1,\"name\":\"Strona g\u0142\u00f3wna\",\"item\":\"https:\\\/\\\/wobronietradycjiiwiary.com\\\/\"},{\"@type\":\"ListItem\",\"position\":2,\"name\":\"25-go Czerwca. \u017bywot \u015bwi\u0119tej Emmy, Wdowy.\"}]},{\"@type\":\"WebSite\",\"@id\":\"https:\\\/\\\/wobronietradycjiiwiary.com\\\/pl\\\/#website\",\"url\":\"https:\\\/\\\/wobronietradycjiiwiary.com\\\/pl\\\/\",\"name\":\"Tradycja i Wiara\",\"description\":\"Portal dla katolik\u00f3w.\",\"publisher\":{\"@id\":\"https:\\\/\\\/wobronietradycjiiwiary.com\\\/pl\\\/#organization\"},\"potentialAction\":[{\"@type\":\"SearchAction\",\"target\":{\"@type\":\"EntryPoint\",\"urlTemplate\":\"https:\\\/\\\/wobronietradycjiiwiary.com\\\/pl\\\/?s={search_term_string}\"},\"query-input\":{\"@type\":\"PropertyValueSpecification\",\"valueRequired\":true,\"valueName\":\"search_term_string\"}}],\"inLanguage\":\"pl-PL\"},{\"@type\":\"Organization\",\"@id\":\"https:\\\/\\\/wobronietradycjiiwiary.com\\\/pl\\\/#organization\",\"name\":\"Tradycja i Wiara\",\"url\":\"https:\\\/\\\/wobronietradycjiiwiary.com\\\/pl\\\/\",\"logo\":{\"@type\":\"ImageObject\",\"inLanguage\":\"pl-PL\",\"@id\":\"https:\\\/\\\/wobronietradycjiiwiary.com\\\/pl\\\/#\\\/schema\\\/logo\\\/image\\\/\",\"url\":\"https:\\\/\\\/i0.wp.com\\\/wobronietradycjiiwiary.com\\\/wp-content\\\/uploads\\\/2015\\\/10\\\/cropped-st-peters-dome-vatican.jpg?fit=940%2C198&ssl=1\",\"contentUrl\":\"https:\\\/\\\/i0.wp.com\\\/wobronietradycjiiwiary.com\\\/wp-content\\\/uploads\\\/2015\\\/10\\\/cropped-st-peters-dome-vatican.jpg?fit=940%2C198&ssl=1\",\"width\":940,\"height\":198,\"caption\":\"Tradycja i Wiara\"},\"image\":{\"@id\":\"https:\\\/\\\/wobronietradycjiiwiary.com\\\/pl\\\/#\\\/schema\\\/logo\\\/image\\\/\"},\"sameAs\":[\"https:\\\/\\\/www.facebook.com\\\/Tradycja-i-Wiara-108813920592249\"]},{\"@type\":\"Person\",\"@id\":\"https:\\\/\\\/wobronietradycjiiwiary.com\\\/pl\\\/#\\\/schema\\\/person\\\/2d6180ce6abcb681fef0daab7816e8f3\",\"name\":\"Traditio et Fides\",\"sameAs\":[\"https:\\\/\\\/traditionundglauben.com\"],\"url\":\"https:\\\/\\\/wobronietradycjiiwiary.com\\\/pl\\\/author\\\/wobronietradycjiiwiary\\\/\"}]}<\/script>\n<!-- \/ Yoast SEO plugin. -->","yoast_head_json":{"title":"25-go Czerwca. \u017bywot \u015bwi\u0119tej Emmy, Wdowy. - Tradycja i Wiara","robots":{"index":"index","follow":"follow","max-snippet":"max-snippet:-1","max-image-preview":"max-image-preview:large","max-video-preview":"max-video-preview:-1"},"canonical":"https:\/\/wobronietradycjiiwiary.com\/pl\/25-go-czerwca-zywot-swietej-emmy-wdowy-2-2-2\/","og_locale":"pl_PL","og_type":"article","og_title":"25-go Czerwca. \u017bywot \u015bwi\u0119tej Emmy, Wdowy. - Tradycja i Wiara","og_description":"\u015aw. Emma po wyj\u015bciu za m\u0105\u017c nie zaniecha\u0142a praktyk religijnych, ale je zwi\u0119kszy\u0142a. Musia\u0142a strasznie prze\u017cy\u0107 zamordowanie w\u0142asnych syn\u00f3w i pyta\u0142a si\u0119 Pana Boga, dlaczego to dopu\u015bci\u0142. Jej m\u0105\u017c stwierdziwszy, \u017ce zemsta \u017cycia synom nie przywr\u00f3ci, odby\u0142 pokut\u0119 publiczn\u0105 za grzech publiczny. \u015aw. Emma pozbawiona w\u0142asnej rodziny za\u0142o\u017cy\u0142a now\u0105 - zakonn\u0105. Tak te\u017c bywa.","og_url":"https:\/\/wobronietradycjiiwiary.com\/pl\/25-go-czerwca-zywot-swietej-emmy-wdowy-2-2-2\/","og_site_name":"Tradycja i Wiara","article_publisher":"https:\/\/www.facebook.com\/Tradycja-i-Wiara-108813920592249","article_published_time":"2024-06-25T06:15:37+00:00","article_modified_time":"2025-02-10T10:14:45+00:00","og_image":[{"width":628,"height":1022,"url":"https:\/\/wobronietradycjiiwiary.com\/wp-content\/uploads\/2021\/06\/Emma_Hemma_von_Gurk_Bopp_1510-1.jpg","type":"image\/jpeg"}],"author":"Traditio et Fides","twitter_card":"summary_large_image","twitter_misc":{"Napisane przez":"Traditio et Fides","Szacowany czas czytania":"7 minut"},"schema":{"@context":"https:\/\/schema.org","@graph":[{"@type":"Article","@id":"https:\/\/wobronietradycjiiwiary.com\/25-go-czerwca-zywot-swietej-emmy-wdowy-2-2-2\/#article","isPartOf":{"@id":"https:\/\/wobronietradycjiiwiary.com\/25-go-czerwca-zywot-swietej-emmy-wdowy-2-2-2\/"},"author":{"name":"Traditio et Fides","@id":"https:\/\/wobronietradycjiiwiary.com\/pl\/#\/schema\/person\/2d6180ce6abcb681fef0daab7816e8f3"},"headline":"25-go Czerwca. \u017bywot \u015bwi\u0119tej Emmy, Wdowy.","datePublished":"2024-06-25T06:15:37+00:00","dateModified":"2025-02-10T10:14:45+00:00","mainEntityOfPage":{"@id":"https:\/\/wobronietradycjiiwiary.com\/25-go-czerwca-zywot-swietej-emmy-wdowy-2-2-2\/"},"wordCount":1496,"commentCount":0,"publisher":{"@id":"https:\/\/wobronietradycjiiwiary.com\/pl\/#organization"},"image":{"@id":"https:\/\/wobronietradycjiiwiary.com\/25-go-czerwca-zywot-swietej-emmy-wdowy-2-2-2\/#primaryimage"},"thumbnailUrl":"https:\/\/wobronietradycjiiwiary.com\/wp-content\/uploads\/2021\/06\/Emma_Hemma_von_Gurk_Bopp_1510-1.jpg","articleSection":["06. \u015awi\u0119ta w czerwcu","Duchowo\u015b\u0107","Liturgia i liturgika"],"inLanguage":"pl-PL","potentialAction":[{"@type":"CommentAction","name":"Comment","target":["https:\/\/wobronietradycjiiwiary.com\/25-go-czerwca-zywot-swietej-emmy-wdowy-2-2-2\/#respond"]}]},{"@type":"WebPage","@id":"https:\/\/wobronietradycjiiwiary.com\/25-go-czerwca-zywot-swietej-emmy-wdowy-2-2-2\/","url":"https:\/\/wobronietradycjiiwiary.com\/25-go-czerwca-zywot-swietej-emmy-wdowy-2-2-2\/","name":"25-go Czerwca. \u017bywot \u015bwi\u0119tej Emmy, Wdowy. - Tradycja i Wiara","isPartOf":{"@id":"https:\/\/wobronietradycjiiwiary.com\/pl\/#website"},"primaryImageOfPage":{"@id":"https:\/\/wobronietradycjiiwiary.com\/25-go-czerwca-zywot-swietej-emmy-wdowy-2-2-2\/#primaryimage"},"image":{"@id":"https:\/\/wobronietradycjiiwiary.com\/25-go-czerwca-zywot-swietej-emmy-wdowy-2-2-2\/#primaryimage"},"thumbnailUrl":"https:\/\/wobronietradycjiiwiary.com\/wp-content\/uploads\/2021\/06\/Emma_Hemma_von_Gurk_Bopp_1510-1.jpg","datePublished":"2024-06-25T06:15:37+00:00","dateModified":"2025-02-10T10:14:45+00:00","breadcrumb":{"@id":"https:\/\/wobronietradycjiiwiary.com\/25-go-czerwca-zywot-swietej-emmy-wdowy-2-2-2\/#breadcrumb"},"inLanguage":"pl-PL","potentialAction":[{"@type":"ReadAction","target":["https:\/\/wobronietradycjiiwiary.com\/25-go-czerwca-zywot-swietej-emmy-wdowy-2-2-2\/"]}]},{"@type":"ImageObject","inLanguage":"pl-PL","@id":"https:\/\/wobronietradycjiiwiary.com\/25-go-czerwca-zywot-swietej-emmy-wdowy-2-2-2\/#primaryimage","url":"https:\/\/wobronietradycjiiwiary.com\/wp-content\/uploads\/2021\/06\/Emma_Hemma_von_Gurk_Bopp_1510-1.jpg","contentUrl":"https:\/\/wobronietradycjiiwiary.com\/wp-content\/uploads\/2021\/06\/Emma_Hemma_von_Gurk_Bopp_1510-1.jpg","width":628,"height":1022},{"@type":"BreadcrumbList","@id":"https:\/\/wobronietradycjiiwiary.com\/25-go-czerwca-zywot-swietej-emmy-wdowy-2-2-2\/#breadcrumb","itemListElement":[{"@type":"ListItem","position":1,"name":"Strona g\u0142\u00f3wna","item":"https:\/\/wobronietradycjiiwiary.com\/"},{"@type":"ListItem","position":2,"name":"25-go Czerwca. \u017bywot \u015bwi\u0119tej Emmy, Wdowy."}]},{"@type":"WebSite","@id":"https:\/\/wobronietradycjiiwiary.com\/pl\/#website","url":"https:\/\/wobronietradycjiiwiary.com\/pl\/","name":"Tradycja i Wiara","description":"Portal dla katolik\u00f3w.","publisher":{"@id":"https:\/\/wobronietradycjiiwiary.com\/pl\/#organization"},"potentialAction":[{"@type":"SearchAction","target":{"@type":"EntryPoint","urlTemplate":"https:\/\/wobronietradycjiiwiary.com\/pl\/?s={search_term_string}"},"query-input":{"@type":"PropertyValueSpecification","valueRequired":true,"valueName":"search_term_string"}}],"inLanguage":"pl-PL"},{"@type":"Organization","@id":"https:\/\/wobronietradycjiiwiary.com\/pl\/#organization","name":"Tradycja i Wiara","url":"https:\/\/wobronietradycjiiwiary.com\/pl\/","logo":{"@type":"ImageObject","inLanguage":"pl-PL","@id":"https:\/\/wobronietradycjiiwiary.com\/pl\/#\/schema\/logo\/image\/","url":"https:\/\/i0.wp.com\/wobronietradycjiiwiary.com\/wp-content\/uploads\/2015\/10\/cropped-st-peters-dome-vatican.jpg?fit=940%2C198&ssl=1","contentUrl":"https:\/\/i0.wp.com\/wobronietradycjiiwiary.com\/wp-content\/uploads\/2015\/10\/cropped-st-peters-dome-vatican.jpg?fit=940%2C198&ssl=1","width":940,"height":198,"caption":"Tradycja i Wiara"},"image":{"@id":"https:\/\/wobronietradycjiiwiary.com\/pl\/#\/schema\/logo\/image\/"},"sameAs":["https:\/\/www.facebook.com\/Tradycja-i-Wiara-108813920592249"]},{"@type":"Person","@id":"https:\/\/wobronietradycjiiwiary.com\/pl\/#\/schema\/person\/2d6180ce6abcb681fef0daab7816e8f3","name":"Traditio et Fides","sameAs":["https:\/\/traditionundglauben.com"],"url":"https:\/\/wobronietradycjiiwiary.com\/pl\/author\/wobronietradycjiiwiary\/"}]}},"jetpack_publicize_connections":[],"jetpack_sharing_enabled":true,"jetpack_likes_enabled":true,"jetpack_shortlink":"https:\/\/wp.me\/pc04Sd-uBK","jetpack-related-posts":[{"id":143940,"url":"https:\/\/wobronietradycjiiwiary.com\/pl\/25-go-czerwca-zywot-swietej-emmy-wdowy-2-2-2-2\/","url_meta":{"origin":117660,"position":0},"title":"25-go Czerwca. \u017bywot \u015bwi\u0119tej Emmy, Wdowy.","author":"Traditio et Fides","date":"25 czerwca 2025","format":false,"excerpt":"\u015aw. Emma po wyj\u015bciu za m\u0105\u017c nie zaniecha\u0142a praktyk religijnych, ale je zwi\u0119kszy\u0142a. Musia\u0142a strasznie prze\u017cy\u0107 zamordowanie w\u0142asnych syn\u00f3w i pyta\u0142a si\u0119 Pana Boga, dlaczego to dopu\u015bci\u0142. Jej m\u0105\u017c stwierdziwszy, \u017ce zemsta \u017cycia synom nie przywr\u00f3ci, odby\u0142 pokut\u0119 publiczn\u0105 za grzech publiczny. \u015aw. Emma pozbawiona w\u0142asnej rodziny za\u0142o\u017cy\u0142a now\u0105 -\u2026","rel":"","context":"W \u201e06. \u015awi\u0119ta w czerwcu&quot;","block_context":{"text":"06. \u015awi\u0119ta w czerwcu","link":"https:\/\/wobronietradycjiiwiary.com\/pl\/category\/duchowosc\/liturgia-i-liturgika\/rozwazania\/rok-liturgiczny\/swieta-w-czerwcu\/"},"img":{"alt_text":"","src":"https:\/\/i0.wp.com\/wobronietradycjiiwiary.com\/wp-content\/uploads\/2021\/06\/Emma_Hemma_von_Gurk_Bopp_1510-1.jpg?resize=350%2C200&ssl=1","width":350,"height":200,"srcset":"https:\/\/i0.wp.com\/wobronietradycjiiwiary.com\/wp-content\/uploads\/2021\/06\/Emma_Hemma_von_Gurk_Bopp_1510-1.jpg?resize=350%2C200&ssl=1 1x, https:\/\/i0.wp.com\/wobronietradycjiiwiary.com\/wp-content\/uploads\/2021\/06\/Emma_Hemma_von_Gurk_Bopp_1510-1.jpg?resize=525%2C300&ssl=1 1.5x"},"classes":[]},{"id":166242,"url":"https:\/\/wobronietradycjiiwiary.com\/pl\/25-go-czerwca-zywot-swietej-emmy-wdowy-2-2-2-2-2\/","url_meta":{"origin":117660,"position":1},"title":"25-go Czerwca. \u017bywot \u015bwi\u0119tej Emmy, Wdowy.","author":"Traditio et Fides","date":"25 czerwca 2026","format":false,"excerpt":"\u015aw. Emma po wyj\u015bciu za m\u0105\u017c nie zaniecha\u0142a praktyk religijnych, ale je zwi\u0119kszy\u0142a. Musia\u0142a strasznie prze\u017cy\u0107 zamordowanie w\u0142asnych syn\u00f3w i pyta\u0142a si\u0119 Pana Boga, dlaczego to dopu\u015bci\u0142. Jej m\u0105\u017c stwierdziwszy, \u017ce zemsta \u017cycia synom nie przywr\u00f3ci, odby\u0142 pokut\u0119 publiczn\u0105 za grzech publiczny. \u015aw. Emma pozbawiona w\u0142asnej rodziny za\u0142o\u017cy\u0142a now\u0105 -\u2026","rel":"","context":"W \u201e06. \u015awi\u0119ta w czerwcu&quot;","block_context":{"text":"06. \u015awi\u0119ta w czerwcu","link":"https:\/\/wobronietradycjiiwiary.com\/pl\/category\/duchowosc\/liturgia-i-liturgika\/rozwazania\/rok-liturgiczny\/swieta-w-czerwcu\/"},"img":{"alt_text":"","src":"https:\/\/i0.wp.com\/wobronietradycjiiwiary.com\/wp-content\/uploads\/2021\/06\/Emma_Hemma_von_Gurk_Bopp_1510-1.jpg?resize=350%2C200&ssl=1","width":350,"height":200,"srcset":"https:\/\/i0.wp.com\/wobronietradycjiiwiary.com\/wp-content\/uploads\/2021\/06\/Emma_Hemma_von_Gurk_Bopp_1510-1.jpg?resize=350%2C200&ssl=1 1x, https:\/\/i0.wp.com\/wobronietradycjiiwiary.com\/wp-content\/uploads\/2021\/06\/Emma_Hemma_von_Gurk_Bopp_1510-1.jpg?resize=525%2C300&ssl=1 1.5x"},"classes":[]},{"id":93194,"url":"https:\/\/wobronietradycjiiwiary.com\/pl\/25-go-czerwca-zywot-swietej-emmy-wdowy-2-2\/","url_meta":{"origin":117660,"position":2},"title":"25-go Czerwca. \u017bywot \u015bwi\u0119tej Emmy, Wdowy.","author":"Traditio et Fides","date":"25 czerwca 2023","format":false,"excerpt":"\u015aw. Emma po wyj\u015bciu za m\u0105\u017c nie zaniecha\u0142a praktyk religijnych, ale je zwi\u0119kszy\u0142a. Musia\u0142a strasznie prze\u017cy\u0107 zamordowanie w\u0142asnych syn\u00f3w i pyta\u0142a si\u0119 Pana Boga, dlaczego to dopu\u015bci\u0142. Jej m\u0105\u017c stwierdziwszy, \u017ce zemsta \u017cycia synom nie przywr\u00f3ci, odby\u0142 pokut\u0119 publiczn\u0105 za grzech publiczny. \u015aw. Emma pozbawiona w\u0142asnej rodziny za\u0142o\u017cy\u0142a now\u0105 -\u2026","rel":"","context":"W \u201e06. \u015awi\u0119ta w czerwcu&quot;","block_context":{"text":"06. \u015awi\u0119ta w czerwcu","link":"https:\/\/wobronietradycjiiwiary.com\/pl\/category\/duchowosc\/liturgia-i-liturgika\/rozwazania\/rok-liturgiczny\/swieta-w-czerwcu\/"},"img":{"alt_text":"","src":"https:\/\/i0.wp.com\/wobronietradycjiiwiary.com\/wp-content\/uploads\/2021\/06\/Emma_Hemma_von_Gurk_Bopp_1510-1.jpg?resize=350%2C200&ssl=1","width":350,"height":200,"srcset":"https:\/\/i0.wp.com\/wobronietradycjiiwiary.com\/wp-content\/uploads\/2021\/06\/Emma_Hemma_von_Gurk_Bopp_1510-1.jpg?resize=350%2C200&ssl=1 1x, https:\/\/i0.wp.com\/wobronietradycjiiwiary.com\/wp-content\/uploads\/2021\/06\/Emma_Hemma_von_Gurk_Bopp_1510-1.jpg?resize=525%2C300&ssl=1 1.5x"},"classes":[]},{"id":49609,"url":"https:\/\/wobronietradycjiiwiary.com\/pl\/25-go-czerwca-zywot-swietej-emmy-wdowy\/","url_meta":{"origin":117660,"position":3},"title":"25-go Czerwca. \u017bywot \u015bwi\u0119tej Emmy, Wdowy.","author":"Traditio et Fides","date":"25 czerwca 2021","format":false,"excerpt":"\u015aw. Emma po wyj\u015bciu za m\u0105\u017c nie zaniecha\u0142a praktyk religijnych, ale je zwi\u0119kszy\u0142a. Musia\u0142a strasznie prze\u017cy\u0107 zamordowanie w\u0142asnych syn\u00f3w i pyta\u0142a si\u0119 Pana Boga, dlaczego to dopu\u015bci\u0142. Jej m\u0105\u017c stwierdziwszy, \u017ce zemsta \u017cycia synom nie przywr\u00f3ci, odby\u0142 pokut\u0119 publiczn\u0105 za grzech publiczny. \u015aw. Emma pozbawiona w\u0142asnej rodziny za\u0142o\u017cy\u0142a now\u0105 -\u2026","rel":"","context":"W \u201e06. \u015awi\u0119ta w czerwcu&quot;","block_context":{"text":"06. \u015awi\u0119ta w czerwcu","link":"https:\/\/wobronietradycjiiwiary.com\/pl\/category\/duchowosc\/liturgia-i-liturgika\/rozwazania\/rok-liturgiczny\/swieta-w-czerwcu\/"},"img":{"alt_text":"","src":"https:\/\/i0.wp.com\/wobronietradycjiiwiary.com\/wp-content\/uploads\/2021\/06\/Emma_Hemma_von_Gurk_Bopp_1510-1.jpg?resize=350%2C200&ssl=1","width":350,"height":200,"srcset":"https:\/\/i0.wp.com\/wobronietradycjiiwiary.com\/wp-content\/uploads\/2021\/06\/Emma_Hemma_von_Gurk_Bopp_1510-1.jpg?resize=350%2C200&ssl=1 1x, https:\/\/i0.wp.com\/wobronietradycjiiwiary.com\/wp-content\/uploads\/2021\/06\/Emma_Hemma_von_Gurk_Bopp_1510-1.jpg?resize=525%2C300&ssl=1 1.5x"},"classes":[]},{"id":71154,"url":"https:\/\/wobronietradycjiiwiary.com\/pl\/25-go-czerwca-zywot-swietej-emmy-wdowy-2\/","url_meta":{"origin":117660,"position":4},"title":"25-go Czerwca. \u017bywot \u015bwi\u0119tej Emmy, Wdowy.","author":"Traditio et Fides","date":"25 czerwca 2022","format":false,"excerpt":"\u015aw. Emma po wyj\u015bciu za m\u0105\u017c nie zaniecha\u0142a praktyk religijnych, ale je zwi\u0119kszy\u0142a. Musia\u0142a strasznie prze\u017cy\u0107 zamordowanie w\u0142asnych syn\u00f3w i pyta\u0142a si\u0119 Pana Boga, dlaczego to dopu\u015bci\u0142. Jej m\u0105\u017c stwierdziwszy, \u017ce zemsta \u017cycia synom nie przywr\u00f3ci, odby\u0142 pokut\u0119 publiczn\u0105 za grzech publiczny. \u015aw. Emma pozbawiona w\u0142asnej rodziny za\u0142o\u017cy\u0142a now\u0105 -\u2026","rel":"","context":"W \u201e06. \u015awi\u0119ta w czerwcu&quot;","block_context":{"text":"06. \u015awi\u0119ta w czerwcu","link":"https:\/\/wobronietradycjiiwiary.com\/pl\/category\/duchowosc\/liturgia-i-liturgika\/rozwazania\/rok-liturgiczny\/swieta-w-czerwcu\/"},"img":{"alt_text":"","src":"https:\/\/i0.wp.com\/wobronietradycjiiwiary.com\/wp-content\/uploads\/2021\/06\/Emma_Hemma_von_Gurk_Bopp_1510-1.jpg?resize=350%2C200&ssl=1","width":350,"height":200,"srcset":"https:\/\/i0.wp.com\/wobronietradycjiiwiary.com\/wp-content\/uploads\/2021\/06\/Emma_Hemma_von_Gurk_Bopp_1510-1.jpg?resize=350%2C200&ssl=1 1x, https:\/\/i0.wp.com\/wobronietradycjiiwiary.com\/wp-content\/uploads\/2021\/06\/Emma_Hemma_von_Gurk_Bopp_1510-1.jpg?resize=525%2C300&ssl=1 1.5x"},"classes":[]},{"id":95448,"url":"https:\/\/wobronietradycjiiwiary.com\/pl\/21-go-lipca-zywot-swietej-kunegundy-kingi-ksieznej-polskiej-2-2\/","url_meta":{"origin":117660,"position":5},"title":"21-go Lipca. \u017bywot \u015bwi\u0119tej Kunegundy\/Kingi, Ksi\u0119\u017cnej Polskiej.","author":"Traditio et Fides","date":"21 lipca 2023","format":false,"excerpt":"\u015bw. Kungegunda lub Kinga polska, dla odr\u00f3\u017cnienia od \u015bw. Kunegundy Luksemburskiej tak skutecznie wymigiwa\u0142a si\u0119 od obowi\u0105zk\u00f3w ma\u0142\u017ce\u0144skich, \u017ce jej m\u0105\u017c dla w ko\u0144cu za wygran\u0105. Ba\u0142a si\u0119 w\u0142asnej zmys\u0142owo\u015bci i wiedzia\u0142a, \u017ce \u015bwi\u0119t\u0105 nie jest. Pan B\u00f3g nagrodzi\u0142, bo znalaz\u0142a s\u00f3l w Wieliczce.","rel":"","context":"W \u201e07. \u015awi\u0119ta w lipcu&quot;","block_context":{"text":"07. \u015awi\u0119ta w lipcu","link":"https:\/\/wobronietradycjiiwiary.com\/pl\/category\/duchowosc\/liturgia-i-liturgika\/rozwazania\/rok-liturgiczny\/swieta-w-lipcu\/"},"img":{"alt_text":"","src":"https:\/\/i0.wp.com\/wobronietradycjiiwiary.com\/wp-content\/uploads\/2021\/07\/Kinga1.jpeg?resize=350%2C200&ssl=1","width":350,"height":200},"classes":[]}],"amp_enabled":true,"jetpack_featured_media_url":"https:\/\/wobronietradycjiiwiary.com\/wp-content\/uploads\/2021\/06\/Emma_Hemma_von_Gurk_Bopp_1510-1.jpg","_links":{"self":[{"href":"https:\/\/wobronietradycjiiwiary.com\/pl\/wp-json\/wp\/v2\/posts\/117660","targetHints":{"allow":["GET"]}}],"collection":[{"href":"https:\/\/wobronietradycjiiwiary.com\/pl\/wp-json\/wp\/v2\/posts"}],"about":[{"href":"https:\/\/wobronietradycjiiwiary.com\/pl\/wp-json\/wp\/v2\/types\/post"}],"author":[{"embeddable":true,"href":"https:\/\/wobronietradycjiiwiary.com\/pl\/wp-json\/wp\/v2\/users\/60508433"}],"replies":[{"embeddable":true,"href":"https:\/\/wobronietradycjiiwiary.com\/pl\/wp-json\/wp\/v2\/comments?post=117660"}],"version-history":[{"count":1,"href":"https:\/\/wobronietradycjiiwiary.com\/pl\/wp-json\/wp\/v2\/posts\/117660\/revisions"}],"predecessor-version":[{"id":117709,"href":"https:\/\/wobronietradycjiiwiary.com\/pl\/wp-json\/wp\/v2\/posts\/117660\/revisions\/117709"}],"wp:featuredmedia":[{"embeddable":true,"href":"https:\/\/wobronietradycjiiwiary.com\/pl\/wp-json\/wp\/v2\/media\/49616"}],"wp:attachment":[{"href":"https:\/\/wobronietradycjiiwiary.com\/pl\/wp-json\/wp\/v2\/media?parent=117660"}],"wp:term":[{"taxonomy":"category","embeddable":true,"href":"https:\/\/wobronietradycjiiwiary.com\/pl\/wp-json\/wp\/v2\/categories?post=117660"},{"taxonomy":"post_tag","embeddable":true,"href":"https:\/\/wobronietradycjiiwiary.com\/pl\/wp-json\/wp\/v2\/tags?post=117660"}],"curies":[{"name":"wp","href":"https:\/\/api.w.org\/{rel}","templated":true}]}}