{"id":117659,"date":"2024-06-26T08:15:35","date_gmt":"2024-06-26T06:15:35","guid":{"rendered":"https:\/\/wobronietradycjiiwiary.com\/?p=117659"},"modified":"2025-02-10T11:14:45","modified_gmt":"2025-02-10T10:14:45","slug":"26-go-czerwca-zywot-swietych-meczennikow-braci-jana-i-pawla-2-2-2","status":"publish","type":"post","link":"https:\/\/wobronietradycjiiwiary.com\/pl\/26-go-czerwca-zywot-swietych-meczennikow-braci-jana-i-pawla-2-2-2\/","title":{"rendered":"26-go Czerwca. \u017bywot \u015bwi\u0119tych M\u0119czennik\u00f3w, braci Jana i Paw\u0142a."},"content":{"rendered":"<div id=\"bsf_rt_marker\"><\/div>\n<p class=\"has-text-align-center wp-block-paragraph\"><em>(\u017byli oko\u0142o roku Pa\u0144skiego 360).<\/em><\/p>\n\n\n\n<figure class=\"wp-block-image\"><a href=\"https:\/\/pl.wikisource.org\/wiki\/Plik:%C5%BBywoty_%C5%9Bw._Pa%C5%84skich_na_wszystkie_dnie_roku-Inicja%C5%82-O.png\"><img decoding=\"async\" src=\"https:\/\/upload.wikimedia.org\/wikipedia\/commons\/thumb\/6\/60\/%C5%BBywoty_%C5%9Bw._Pa%C5%84skich_na_wszystkie_dnie_roku-Inicja%C5%82-O.png\/57px-%C5%BBywoty_%C5%9Bw._Pa%C5%84skich_na_wszystkie_dnie_roku-Inicja%C5%82-O.png\" alt=\"O\"\/><\/a><\/figure>\n\n\n\n<p class=\"has-text-align-justify wp-block-paragraph\">Obaj bracia rodzeni Jan i Pawe\u0142 s\u0105 znakomit\u0105 ozdob\u0105 Ko\u015bcio\u0142a katolickiego, a zarazem \u015bwietnym przyk\u0142adem dla bogatych i mo\u017cnych tego \u015bwiata, aby wiedzieli jakim sposobem winni okazywa\u0107 cnoty oraz czynami dowodzi\u0107, \u017ce s\u0105 wiernymi wyznawcami Boga.<\/p>\n\n\n\n<p class=\"has-text-align-justify wp-block-paragraph\">Kiedy cesarz Konstantyn urz\u0105dzi\u0142 \u015bwietny dw\u00f3r c\u00f3rce \u2014 niedawno cudem na grobie \u015bw. Agnieszki uzdrowionej, a ona c\u00f3rka zaraz z\u0142o\u017cy\u0142a uroczysty \u015blub zachowania dziewiczej czysto\u015bci \u2014 powo\u0142a\u0142 cesarz obu \u2014 m\u0142odzie\u0144c\u00f3w na najwy\u017csze urz\u0119da przy tym dworze. Upatrzy\u0142 ich sobie za\u015b dlatego, gdy\u017c byli wysoko wykszta\u0142conymi i odznaczali si\u0119 religijno\u015bci\u0105 i czysto\u015bci\u0105 obyczaj\u00f3w.<\/p>\n\n\n\n<p class=\"has-text-align-justify wp-block-paragraph\"><br>Zaszczyt ten z wdzi\u0119czno\u015bci\u0105 przyj\u0119li m\u0142odzie\u0144cy, staj\u0105c si\u0119 zarazem tem hojniejszymi wobec ubogich i chorych.<\/p>\n\n\n\n<p class=\"has-text-align-justify wp-block-paragraph\">Bogobojna cesarzowa u\u0142atwia\u0142a im owo&nbsp;dzie\u0142o mi\u0142osierdzia i wr\u0119cza\u0142a zarazem znaczne sumy, aby je obracali na wsparcie nieszcz\u0119\u015bliwych i cierpi\u0105cych bli\u017anich; umieraj\u0105c za\u015b zostawi\u0142a im ca\u0142y maj\u0105tek do dowolnego u\u017cytku, wiedz\u0105c, \u017ce skutecznie u\u017cyty zostanie na cele dobroczynne.<br><\/p>\n\n\n\n<p class=\"has-text-align-justify wp-block-paragraph\">Jan i Pawe\u0142 na dworze tym tak d\u0142ugo byli czynnymi i pe\u0142nili mi\u0142osierdzie, dop\u00f3ki nie wst\u0105pi\u0142 na tron cesarz Julian, kt\u00f3rego nazwano apostat\u0105 (odszczepie\u0144cem), albowiem wyrzek\u0142 si\u0119 chrze\u015bcija\u0144stwa, zosta\u0142 poganinem i usi\u0142owa\u0142 lud chrze\u015bcija\u0144ski zniewoli\u0107 do poga\u0144stwa.<\/p>\n\n\n\n<p class=\"has-text-align-justify wp-block-paragraph\">Wobec tych okoliczno\u015bci obaj bracia z\u0142o\u017cyli urz\u0119dy i wiedli odt\u0105d \u017cycie prywatne. Cesarz Julian czu\u0142 si\u0119 ust\u0105pieniem ich dotkni\u0119ty i wszelkiemi si\u0142ami stara\u0142 si\u0119 obu braci spowodowa\u0107, aby dawniejsze urz\u0119dy napowr\u00f3t przyj\u0119li. Dali mu oni jednak\u017ce na to tak\u0105 odpowied\u017a: \u201ePoprzednik\u00f3w twych chrze\u015bcija\u0144skich czcili\u015bmy i z rado\u015bci\u0105 ofiarowali\u015bmy im nasze us\u0142ugi, ale z tob\u0105, cesarzu, kt\u00f3ry si\u0119 Chrystusa wypierasz, nic wsp\u00f3lnego mie\u0107 nie chcemy.\u201c Cesarz na one zuchwa\u0142e s\u0142owa gro\u017ab\u0105 odpowiedzia\u0142, i\u017c je\u017celi w przeci\u0105gu dziesi\u0119ciu dni do \u017cycze\u0144 jego si\u0119 nie sk\u0142oni\u0105, to niew\u0105tpliwie s\u0142uszna za to ich spotka kara. Wierni s\u0142udzy Boga odgadli, \u017ce \u017cycie ich zagro\u017cone, rozdzielili maj\u0105tek pomi\u0119dzy ubogich i przyst\u0105piwszy do Sto\u0142u Pa\u0144skiego, przygotowali si\u0119 na \u015bmier\u0107.<\/p>\n\n\n\n<p class=\"has-text-align-justify wp-block-paragraph\">Po up\u0142ywie dni dziesi\u0119ciu przyby\u0142 Terencyan, dow\u00f3dca przybocznej stra\u017cy cesarskiej, do domu braci, postawi\u0142 na stole pos\u0105g bo\u017cka Jowisza i rozkaza\u0142 im w imieniu cesarza, aby natychmiast bo\u017ckowi ofiar\u0119 z\u0142o\u017cyli. Na to wezwanie odpowiedzieli: \u201eW sprawach pa\u0144stwa pos\u0142uszni jeste\u015bmy cesarzowi, ale w sprawach religii tylko Boga s\u0142ucha\u0107 b\u0119dziemy. Nie uznajemy bowiem bog\u00f3w poga\u0144skich za nic innego, jak za bezw\u0142adne ba\u0142wany, a czci\u0107 tylko b\u0119dziemy Boga prawdziwego, w Tr\u00f3jcy jedynego.\u201c<\/p>\n\n\n\n<p class=\"has-text-align-justify wp-block-paragraph\">Terencyan zagrozi\u0142 im \u015bmierci\u0105, je\u015bli nie us\u0142uchaj\u0105 i aby ich nastraszy\u0107, kaza\u0142 opodal wykopa\u0107 d\u00f3\u0142 dla nich na gr\u00f3b, je\u015bli jego rozkazom b\u0119d\u0105 si\u0119 sprzeciwia\u0107.<\/p>\n\n\n\n<p class=\"has-text-align-justify wp-block-paragraph\">Bracia sta\u0142ymi byli w wierze w Chrystusa, to te\u017c Terencyan maj\u0105c wyra\u017any rozkaz cesarza, d\u0142ugo si\u0119 nie namy\u015bla\u0142, lecz kaza\u0142 ich porwa\u0107 i zabi\u0107 na miejscu; cia\u0142a ich z\u0142o\u017cy\u0142 w \u015bwie\u017co wykopanym grobie, a potem rozg\u0142osi\u0142 publicznie, \u017ce bracia Jan i Pawe\u0142 poszli na wygnanie.<\/p>\n\n\n\n<p class=\"has-text-align-justify wp-block-paragraph\">Niezad\u0142ugo po zabiciu braci M\u0119czennik\u00f3w z\u0142y duch ow\u0142adn\u0105\u0142 syna Terencyuszowego. Za zrz\u0105dzeniem Boskiem \u017c\u0105da\u0142 \u00f3w syn, aby go zaprowadzono do domu braci Jana i Paw\u0142a. Ze wstr\u0119tem ojciec na to przysta\u0142, a gdy zbli\u017cyli si\u0119 do grobu \u015bwi\u0119tych M\u0119czennik\u00f3w, czart z cia\u0142a op\u0119tanego ust\u0105pi\u0142 w chwili, gdy \u00f3w syn stan\u0105\u0142 na ich grobie, nie wiedz\u0105c jak si\u0119 tam dosta\u0142. Cud ten otworzy\u0142 ojcu oczy i pozna\u0142, czem owi bracia byli, kt\u00f3rych kaza\u0142 zabi\u0107; \u017ca\u0142owa\u0142 nast\u0119pnie, \u017ce si\u0119 da\u0142 sk\u0142oni\u0107 cesarzowi do pope\u0142nienia zbrodni, wyjawi\u0142 wszystko synowi i razem z nim przyj\u0105\u0142 Chrzest \u015bwi\u0119ty. Obaj potem cz\u0119sto si\u0119 modlili na grobie \u015bwi\u0119tych Braci, a cesarz Julian gdy si\u0119 o tem dowiedzia\u0142, kaza\u0142 ich obu \u015bci\u0105\u0107 i w tem&nbsp;samem miejscu pochowa\u0107. Wkr\u00f3tce jednak\u017ce i cesarza Juliana spotka\u0142a kara za grzechy \u017cywota. W bitwie przeciwko Persom zraniony strza\u0142\u0105 niebezpiecznie w piersi, wzni\u00f3s\u0142 r\u0119ce zbroczone krwi\u0105 z piersi p\u0142yn\u0105c\u0105 ku Niebu, wo\u0142aj\u0105c w bole\u015bciach: \u201eZwyci\u0119\u017cy\u0142e\u015b Galilejczyku!\u201c<\/p>\n\n\n\n<p class=\"has-text-align-justify wp-block-paragraph\">Nast\u0119pca jego, cesarz Jowian, stara\u0142 si\u0119 o ile zdo\u0142a\u0142, uczci\u0107 pami\u0119\u0107 przyjaci\u00f3\u0142 swych Jana i Paw\u0142a i w miejscu gdzie sta\u0142 dom, nad grobem ich wystawi\u0142 wspania\u0142y ko\u015bci\u00f3\u0142. Papie\u017c Damazy I po\u015bwi\u0119ci\u0142 ten ko\u015bci\u00f3\u0142 i odda\u0142 go pod opiek\u0119 \u015bwi\u0119tych M\u0119czennik\u00f3w Jana i Paw\u0142a. Pan B\u00f3g zrz\u0105dzi\u0142, \u017ce na grobie ich dzia\u0142o si\u0119 wiele cud\u00f3w. Imiona ich przyj\u0119to do cichych modlitw we Mszy \u015bwi\u0119tej i w litanii do Wszystkich \u015awi\u0119tych.<\/p>\n\n\n\n<h2 class=\"wp-block-heading\"><strong>Nauka moralna.<\/strong><\/h2>\n\n\n\n<blockquote class=\"wp-block-quote is-layout-flow wp-block-quote-is-layout-flow\">\n<p class=\"wp-block-paragraph\">\u2009Prosimy Ci\u0119, Wszechmog\u0105cy i wieczny Bo\u017ce, spraw mi\u0142o\u015bciwie, aby\u015bmy zbawiennej na duszy doznali pociechy, obchodz\u0105c uroczyst\u0105 pami\u0105tk\u0119 \u015bwi\u0119tych Jana i Paw\u0142a, kt\u00f3rzy jak przez krew i wiar\u0119 zjednoczeni byli, tak i w m\u0119cze\u0144stwie za ni\u0105 poniesionem, okazali godnymi siebie bra\u0107mi rodzonymi. Przez Pana naszego Jezusa Chrystusa, kt\u00f3ry kr\u00f3luje w Niebie i na ziemi. Amen.<\/p>\n<\/blockquote>\n\n\n\n<figure class=\"wp-block-table\"><table><tbody><tr><td>\u2217&nbsp;&nbsp;&nbsp;&nbsp;&nbsp;&nbsp;&nbsp;&nbsp;&nbsp;&nbsp;&nbsp;&nbsp;&nbsp;&nbsp;&nbsp;&nbsp;&nbsp;&nbsp;&nbsp;&nbsp;\u2217<br>\u2217<\/td><\/tr><\/tbody><\/table><\/figure>\n\n\n\n<p class=\"wp-block-paragraph\">\u2009<em>Opr\u00f3cz tego obchodzi Ko\u015bci\u00f3\u0142 \u015bwi\u0119ty pami\u0105tk\u0119 nast\u0119puj\u0105cych \u015awi\u0119tych Pa\u0144skich, zamieszczonych w rzymskiem martyrologium:<\/em><\/p>\n\n\n\n<p class=\"has-text-align-justify wp-block-paragraph\">\u2009<strong>Dnia 26-go czerwca<\/strong>&nbsp;w Rzymie przy Caelius m\u0119cze\u0144stwo \u015bw. Braci&nbsp;Jana i Paw\u0142a. Jan by\u0142 mistrzem dworu, Pawe\u0142 sekretarzem Konstancyi, c\u00f3rki cesarza Konstantyna; p\u00f3\u017aniej pod cesarzem Julianem, odst\u0119pc\u0105, oboje \u015bci\u0119ci zostali, osi\u0119gn\u0105wszy przez to koron\u0119 m\u0119cze\u0144stwa. \u2014 Pod Tryentem \u015bmier\u0107 m\u0119cze\u0144ska \u015bw.&nbsp;Wigiliusza, kt\u00f3ry, usi\u0142uj\u0105c do reszty wyt\u0119pi\u0107&nbsp;pozosta\u0142o\u015bci po bo\u017ckach poga\u0144skich, zosta\u0142 gradem kamieni obsypany przez rozgniewanych i zdzicza\u0142ych pogan, i tak \u017cycie swe odda\u0142 za Chrystusa. \u2014 W Kordowie w Hiszpanii uroczysto\u015b\u0107 m\u0142odziutkiego M\u0119czennika&nbsp;Pelagiusza; za jego sta\u0142o\u015b\u0107 w Wierze \u015bwi\u0119tej kaza\u0142 mu kalif Abderrhaman wszystkie cz\u0142onki, jeden po drugim, poodrywa\u0107, przez co zgotowa\u0142 mu wspania\u0142\u0105 i chwalebn\u0105 \u015bmier\u0107 m\u0119cze\u0144sk\u0105. \u2014 Pod Valenciennes cierpienia \u015bwi\u0119tego&nbsp;Salwiusza, Biskupa z Angouleme i \u015bw.&nbsp;Superyusza. \u2014 Tak samo pami\u0105tka \u015bw.&nbsp;Antelma, Biskupa z Bellay. \u2014 W okolicy Poitiers uroczysto\u015b\u0107 \u015bw.&nbsp;Maksencyusza, Kap\u0142ana i Wyznawcy, obdarzonego przez Boga darem czynienia cud\u00f3w. \u2014 W Tessalonice pami\u0105tka \u015bw.&nbsp;Dawida, Pustelnika. \u2014 Tego\u017c dnia uroczysto\u015b\u0107 \u015bw.&nbsp;Persewerandy, Dziewicy.<\/p>\n","protected":false},"excerpt":{"rendered":"<p>\u015aw. Jan i Pawe\u0142 nale\u017c\u0105 do orszaku m\u0119czennik\u00f3w zabitych podczas panowania Juliana Apostaty. Wst\u0105pienie tego cesarza na tron i przywr\u00f3cenie poga\u0144stwa musia\u0142o by\u0107 szokiem dla chrze\u015bcijan, kt\u00f3rzy tak d\u0142ugo modlili si\u0119 o wolno\u015b\u0107 religii. Ale byli i m\u0119czennicy i powr\u00f3t katolickich biskup\u00f3w zes\u0142anych uprzednio przez arian. Wi\u0119c ze wszystkiego mo\u017cna dobro wyprowadzi\u0107.<\/p>\n","protected":false},"author":60508433,"featured_media":49624,"comment_status":"open","ping_status":"open","sticky":false,"template":"","format":"standard","meta":{"_bbp_topic_count":0,"_bbp_reply_count":0,"_bbp_total_topic_count":0,"_bbp_total_reply_count":0,"_bbp_voice_count":0,"_bbp_anonymous_reply_count":0,"_bbp_topic_count_hidden":0,"_bbp_reply_count_hidden":0,"_bbp_forum_subforum_count":0,"_editorskit_title_hidden":false,"_editorskit_reading_time":0,"_editorskit_is_block_options_detached":false,"_editorskit_block_options_position":"{}","_coblocks_attr":"","_coblocks_dimensions":"","_coblocks_responsive_height":"","_coblocks_accordion_ie_support":"","_exactmetrics_skip_tracking":false,"_jetpack_newsletter_access":"","_jetpack_dont_email_post_to_subs":false,"_jetpack_newsletter_tier_id":0,"_jetpack_memberships_contains_paywalled_content":false,"_wpcom_ai_launchpad_first_post":false,"_jetpack_feature_clip_id":0,"_jetpack_memberships_contains_paid_content":false,"footnotes":"","jetpack_publicize_message":"{title}\n\n{excerpt}\n\n{url}","jetpack_publicize_feature_enabled":true,"jetpack_social_post_already_shared":true,"jetpack_social_options":{"image_generator_settings":{"template":"highway","default_image_id":0,"font":"","enabled":false},"version":2},"_wpas_customize_per_network":false,"jetpack_post_was_ever_published":false},"categories":[610131821,610131184,336375535],"tags":[],"class_list":["post-117659","post","type-post","status-publish","format-standard","has-post-thumbnail","hentry","category-swieta-w-czerwcu","category-duchowosc","category-liturgia-i-liturgika"],"yoast_head":"<!-- This site is optimized with the Yoast SEO plugin v28.4 - https:\/\/yoast.com\/product\/yoast-seo-wordpress\/ -->\n<title>26-go Czerwca. \u017bywot \u015bwi\u0119tych M\u0119czennik\u00f3w, braci Jana i Paw\u0142a. - Tradycja i Wiara<\/title>\n<meta name=\"robots\" content=\"index, follow, max-snippet:-1, max-image-preview:large, max-video-preview:-1\" \/>\n<link rel=\"canonical\" href=\"https:\/\/wobronietradycjiiwiary.com\/pl\/26-go-czerwca-zywot-swietych-meczennikow-braci-jana-i-pawla-2-2-2\/\" \/>\n<meta property=\"og:locale\" content=\"pl_PL\" \/>\n<meta property=\"og:type\" content=\"article\" \/>\n<meta property=\"og:title\" content=\"26-go Czerwca. \u017bywot \u015bwi\u0119tych M\u0119czennik\u00f3w, braci Jana i Paw\u0142a. - Tradycja i Wiara\" \/>\n<meta property=\"og:description\" content=\"\u015aw. Jan i Pawe\u0142 nale\u017c\u0105 do orszaku m\u0119czennik\u00f3w zabitych podczas panowania Juliana Apostaty. Wst\u0105pienie tego cesarza na tron i przywr\u00f3cenie poga\u0144stwa musia\u0142o by\u0107 szokiem dla chrze\u015bcijan, kt\u00f3rzy tak d\u0142ugo modlili si\u0119 o wolno\u015b\u0107 religii. Ale byli i m\u0119czennicy i powr\u00f3t katolickich biskup\u00f3w zes\u0142anych uprzednio przez arian. Wi\u0119c ze wszystkiego mo\u017cna dobro wyprowadzi\u0107.\" \/>\n<meta property=\"og:url\" content=\"https:\/\/wobronietradycjiiwiary.com\/pl\/26-go-czerwca-zywot-swietych-meczennikow-braci-jana-i-pawla-2-2-2\/\" \/>\n<meta property=\"og:site_name\" content=\"Tradycja i Wiara\" \/>\n<meta property=\"article:publisher\" content=\"https:\/\/www.facebook.com\/Tradycja-i-Wiara-108813920592249\" \/>\n<meta property=\"article:published_time\" content=\"2024-06-26T06:15:35+00:00\" \/>\n<meta property=\"article:modified_time\" content=\"2025-02-10T10:14:45+00:00\" \/>\n<meta property=\"og:image\" content=\"https:\/\/wobronietradycjiiwiary.com\/wp-content\/uploads\/2021\/06\/Johannes_und_Paulus.jpg\" \/>\n\t<meta property=\"og:image:width\" content=\"904\" \/>\n\t<meta property=\"og:image:height\" content=\"1468\" \/>\n\t<meta property=\"og:image:type\" content=\"image\/jpeg\" \/>\n<meta name=\"author\" content=\"Traditio et Fides\" \/>\n<meta name=\"twitter:card\" content=\"summary_large_image\" \/>\n<meta name=\"twitter:label1\" content=\"Napisane przez\" \/>\n\t<meta name=\"twitter:data1\" content=\"Traditio et Fides\" \/>\n\t<meta name=\"twitter:label2\" content=\"Szacowany czas czytania\" \/>\n\t<meta name=\"twitter:data2\" content=\"6 minut\" \/>\n<script type=\"application\/ld+json\" class=\"yoast-schema-graph\">{\"@context\":\"https:\\\/\\\/schema.org\",\"@graph\":[{\"@type\":\"Article\",\"@id\":\"https:\\\/\\\/wobronietradycjiiwiary.com\\\/26-go-czerwca-zywot-swietych-meczennikow-braci-jana-i-pawla-2-2-2\\\/#article\",\"isPartOf\":{\"@id\":\"https:\\\/\\\/wobronietradycjiiwiary.com\\\/26-go-czerwca-zywot-swietych-meczennikow-braci-jana-i-pawla-2-2-2\\\/\"},\"author\":{\"name\":\"Traditio et Fides\",\"@id\":\"https:\\\/\\\/wobronietradycjiiwiary.com\\\/pl\\\/#\\\/schema\\\/person\\\/2d6180ce6abcb681fef0daab7816e8f3\"},\"headline\":\"26-go Czerwca. \u017bywot \u015bwi\u0119tych M\u0119czennik\u00f3w, braci Jana i Paw\u0142a.\",\"datePublished\":\"2024-06-26T06:15:35+00:00\",\"dateModified\":\"2025-02-10T10:14:45+00:00\",\"mainEntityOfPage\":{\"@id\":\"https:\\\/\\\/wobronietradycjiiwiary.com\\\/26-go-czerwca-zywot-swietych-meczennikow-braci-jana-i-pawla-2-2-2\\\/\"},\"wordCount\":1158,\"commentCount\":0,\"publisher\":{\"@id\":\"https:\\\/\\\/wobronietradycjiiwiary.com\\\/pl\\\/#organization\"},\"image\":{\"@id\":\"https:\\\/\\\/wobronietradycjiiwiary.com\\\/26-go-czerwca-zywot-swietych-meczennikow-braci-jana-i-pawla-2-2-2\\\/#primaryimage\"},\"thumbnailUrl\":\"https:\\\/\\\/wobronietradycjiiwiary.com\\\/wp-content\\\/uploads\\\/2021\\\/06\\\/Johannes_und_Paulus.jpg\",\"articleSection\":[\"06. \u015awi\u0119ta w czerwcu\",\"Duchowo\u015b\u0107\",\"Liturgia i liturgika\"],\"inLanguage\":\"pl-PL\",\"potentialAction\":[{\"@type\":\"CommentAction\",\"name\":\"Comment\",\"target\":[\"https:\\\/\\\/wobronietradycjiiwiary.com\\\/26-go-czerwca-zywot-swietych-meczennikow-braci-jana-i-pawla-2-2-2\\\/#respond\"]}]},{\"@type\":\"WebPage\",\"@id\":\"https:\\\/\\\/wobronietradycjiiwiary.com\\\/26-go-czerwca-zywot-swietych-meczennikow-braci-jana-i-pawla-2-2-2\\\/\",\"url\":\"https:\\\/\\\/wobronietradycjiiwiary.com\\\/26-go-czerwca-zywot-swietych-meczennikow-braci-jana-i-pawla-2-2-2\\\/\",\"name\":\"26-go Czerwca. \u017bywot \u015bwi\u0119tych M\u0119czennik\u00f3w, braci Jana i Paw\u0142a. - Tradycja i Wiara\",\"isPartOf\":{\"@id\":\"https:\\\/\\\/wobronietradycjiiwiary.com\\\/pl\\\/#website\"},\"primaryImageOfPage\":{\"@id\":\"https:\\\/\\\/wobronietradycjiiwiary.com\\\/26-go-czerwca-zywot-swietych-meczennikow-braci-jana-i-pawla-2-2-2\\\/#primaryimage\"},\"image\":{\"@id\":\"https:\\\/\\\/wobronietradycjiiwiary.com\\\/26-go-czerwca-zywot-swietych-meczennikow-braci-jana-i-pawla-2-2-2\\\/#primaryimage\"},\"thumbnailUrl\":\"https:\\\/\\\/wobronietradycjiiwiary.com\\\/wp-content\\\/uploads\\\/2021\\\/06\\\/Johannes_und_Paulus.jpg\",\"datePublished\":\"2024-06-26T06:15:35+00:00\",\"dateModified\":\"2025-02-10T10:14:45+00:00\",\"breadcrumb\":{\"@id\":\"https:\\\/\\\/wobronietradycjiiwiary.com\\\/26-go-czerwca-zywot-swietych-meczennikow-braci-jana-i-pawla-2-2-2\\\/#breadcrumb\"},\"inLanguage\":\"pl-PL\",\"potentialAction\":[{\"@type\":\"ReadAction\",\"target\":[\"https:\\\/\\\/wobronietradycjiiwiary.com\\\/26-go-czerwca-zywot-swietych-meczennikow-braci-jana-i-pawla-2-2-2\\\/\"]}]},{\"@type\":\"ImageObject\",\"inLanguage\":\"pl-PL\",\"@id\":\"https:\\\/\\\/wobronietradycjiiwiary.com\\\/26-go-czerwca-zywot-swietych-meczennikow-braci-jana-i-pawla-2-2-2\\\/#primaryimage\",\"url\":\"https:\\\/\\\/wobronietradycjiiwiary.com\\\/wp-content\\\/uploads\\\/2021\\\/06\\\/Johannes_und_Paulus.jpg\",\"contentUrl\":\"https:\\\/\\\/wobronietradycjiiwiary.com\\\/wp-content\\\/uploads\\\/2021\\\/06\\\/Johannes_und_Paulus.jpg\",\"width\":904,\"height\":1468},{\"@type\":\"BreadcrumbList\",\"@id\":\"https:\\\/\\\/wobronietradycjiiwiary.com\\\/26-go-czerwca-zywot-swietych-meczennikow-braci-jana-i-pawla-2-2-2\\\/#breadcrumb\",\"itemListElement\":[{\"@type\":\"ListItem\",\"position\":1,\"name\":\"Strona g\u0142\u00f3wna\",\"item\":\"https:\\\/\\\/wobronietradycjiiwiary.com\\\/\"},{\"@type\":\"ListItem\",\"position\":2,\"name\":\"26-go Czerwca. \u017bywot \u015bwi\u0119tych M\u0119czennik\u00f3w, braci Jana i Paw\u0142a.\"}]},{\"@type\":\"WebSite\",\"@id\":\"https:\\\/\\\/wobronietradycjiiwiary.com\\\/pl\\\/#website\",\"url\":\"https:\\\/\\\/wobronietradycjiiwiary.com\\\/pl\\\/\",\"name\":\"Tradycja i Wiara\",\"description\":\"Portal dla katolik\u00f3w.\",\"publisher\":{\"@id\":\"https:\\\/\\\/wobronietradycjiiwiary.com\\\/pl\\\/#organization\"},\"potentialAction\":[{\"@type\":\"SearchAction\",\"target\":{\"@type\":\"EntryPoint\",\"urlTemplate\":\"https:\\\/\\\/wobronietradycjiiwiary.com\\\/pl\\\/?s={search_term_string}\"},\"query-input\":{\"@type\":\"PropertyValueSpecification\",\"valueRequired\":true,\"valueName\":\"search_term_string\"}}],\"inLanguage\":\"pl-PL\"},{\"@type\":\"Organization\",\"@id\":\"https:\\\/\\\/wobronietradycjiiwiary.com\\\/pl\\\/#organization\",\"name\":\"Tradycja i Wiara\",\"url\":\"https:\\\/\\\/wobronietradycjiiwiary.com\\\/pl\\\/\",\"logo\":{\"@type\":\"ImageObject\",\"inLanguage\":\"pl-PL\",\"@id\":\"https:\\\/\\\/wobronietradycjiiwiary.com\\\/pl\\\/#\\\/schema\\\/logo\\\/image\\\/\",\"url\":\"https:\\\/\\\/i0.wp.com\\\/wobronietradycjiiwiary.com\\\/wp-content\\\/uploads\\\/2015\\\/10\\\/cropped-st-peters-dome-vatican.jpg?fit=940%2C198&ssl=1\",\"contentUrl\":\"https:\\\/\\\/i0.wp.com\\\/wobronietradycjiiwiary.com\\\/wp-content\\\/uploads\\\/2015\\\/10\\\/cropped-st-peters-dome-vatican.jpg?fit=940%2C198&ssl=1\",\"width\":940,\"height\":198,\"caption\":\"Tradycja i Wiara\"},\"image\":{\"@id\":\"https:\\\/\\\/wobronietradycjiiwiary.com\\\/pl\\\/#\\\/schema\\\/logo\\\/image\\\/\"},\"sameAs\":[\"https:\\\/\\\/www.facebook.com\\\/Tradycja-i-Wiara-108813920592249\"]},{\"@type\":\"Person\",\"@id\":\"https:\\\/\\\/wobronietradycjiiwiary.com\\\/pl\\\/#\\\/schema\\\/person\\\/2d6180ce6abcb681fef0daab7816e8f3\",\"name\":\"Traditio et Fides\",\"sameAs\":[\"https:\\\/\\\/traditionundglauben.com\"],\"url\":\"https:\\\/\\\/wobronietradycjiiwiary.com\\\/pl\\\/author\\\/wobronietradycjiiwiary\\\/\"}]}<\/script>\n<!-- \/ Yoast SEO plugin. -->","yoast_head_json":{"title":"26-go Czerwca. \u017bywot \u015bwi\u0119tych M\u0119czennik\u00f3w, braci Jana i Paw\u0142a. - Tradycja i Wiara","robots":{"index":"index","follow":"follow","max-snippet":"max-snippet:-1","max-image-preview":"max-image-preview:large","max-video-preview":"max-video-preview:-1"},"canonical":"https:\/\/wobronietradycjiiwiary.com\/pl\/26-go-czerwca-zywot-swietych-meczennikow-braci-jana-i-pawla-2-2-2\/","og_locale":"pl_PL","og_type":"article","og_title":"26-go Czerwca. \u017bywot \u015bwi\u0119tych M\u0119czennik\u00f3w, braci Jana i Paw\u0142a. - Tradycja i Wiara","og_description":"\u015aw. Jan i Pawe\u0142 nale\u017c\u0105 do orszaku m\u0119czennik\u00f3w zabitych podczas panowania Juliana Apostaty. Wst\u0105pienie tego cesarza na tron i przywr\u00f3cenie poga\u0144stwa musia\u0142o by\u0107 szokiem dla chrze\u015bcijan, kt\u00f3rzy tak d\u0142ugo modlili si\u0119 o wolno\u015b\u0107 religii. Ale byli i m\u0119czennicy i powr\u00f3t katolickich biskup\u00f3w zes\u0142anych uprzednio przez arian. Wi\u0119c ze wszystkiego mo\u017cna dobro wyprowadzi\u0107.","og_url":"https:\/\/wobronietradycjiiwiary.com\/pl\/26-go-czerwca-zywot-swietych-meczennikow-braci-jana-i-pawla-2-2-2\/","og_site_name":"Tradycja i Wiara","article_publisher":"https:\/\/www.facebook.com\/Tradycja-i-Wiara-108813920592249","article_published_time":"2024-06-26T06:15:35+00:00","article_modified_time":"2025-02-10T10:14:45+00:00","og_image":[{"width":904,"height":1468,"url":"https:\/\/wobronietradycjiiwiary.com\/wp-content\/uploads\/2021\/06\/Johannes_und_Paulus.jpg","type":"image\/jpeg"}],"author":"Traditio et Fides","twitter_card":"summary_large_image","twitter_misc":{"Napisane przez":"Traditio et Fides","Szacowany czas czytania":"6 minut"},"schema":{"@context":"https:\/\/schema.org","@graph":[{"@type":"Article","@id":"https:\/\/wobronietradycjiiwiary.com\/26-go-czerwca-zywot-swietych-meczennikow-braci-jana-i-pawla-2-2-2\/#article","isPartOf":{"@id":"https:\/\/wobronietradycjiiwiary.com\/26-go-czerwca-zywot-swietych-meczennikow-braci-jana-i-pawla-2-2-2\/"},"author":{"name":"Traditio et Fides","@id":"https:\/\/wobronietradycjiiwiary.com\/pl\/#\/schema\/person\/2d6180ce6abcb681fef0daab7816e8f3"},"headline":"26-go Czerwca. \u017bywot \u015bwi\u0119tych M\u0119czennik\u00f3w, braci Jana i Paw\u0142a.","datePublished":"2024-06-26T06:15:35+00:00","dateModified":"2025-02-10T10:14:45+00:00","mainEntityOfPage":{"@id":"https:\/\/wobronietradycjiiwiary.com\/26-go-czerwca-zywot-swietych-meczennikow-braci-jana-i-pawla-2-2-2\/"},"wordCount":1158,"commentCount":0,"publisher":{"@id":"https:\/\/wobronietradycjiiwiary.com\/pl\/#organization"},"image":{"@id":"https:\/\/wobronietradycjiiwiary.com\/26-go-czerwca-zywot-swietych-meczennikow-braci-jana-i-pawla-2-2-2\/#primaryimage"},"thumbnailUrl":"https:\/\/wobronietradycjiiwiary.com\/wp-content\/uploads\/2021\/06\/Johannes_und_Paulus.jpg","articleSection":["06. \u015awi\u0119ta w czerwcu","Duchowo\u015b\u0107","Liturgia i liturgika"],"inLanguage":"pl-PL","potentialAction":[{"@type":"CommentAction","name":"Comment","target":["https:\/\/wobronietradycjiiwiary.com\/26-go-czerwca-zywot-swietych-meczennikow-braci-jana-i-pawla-2-2-2\/#respond"]}]},{"@type":"WebPage","@id":"https:\/\/wobronietradycjiiwiary.com\/26-go-czerwca-zywot-swietych-meczennikow-braci-jana-i-pawla-2-2-2\/","url":"https:\/\/wobronietradycjiiwiary.com\/26-go-czerwca-zywot-swietych-meczennikow-braci-jana-i-pawla-2-2-2\/","name":"26-go Czerwca. \u017bywot \u015bwi\u0119tych M\u0119czennik\u00f3w, braci Jana i Paw\u0142a. - Tradycja i Wiara","isPartOf":{"@id":"https:\/\/wobronietradycjiiwiary.com\/pl\/#website"},"primaryImageOfPage":{"@id":"https:\/\/wobronietradycjiiwiary.com\/26-go-czerwca-zywot-swietych-meczennikow-braci-jana-i-pawla-2-2-2\/#primaryimage"},"image":{"@id":"https:\/\/wobronietradycjiiwiary.com\/26-go-czerwca-zywot-swietych-meczennikow-braci-jana-i-pawla-2-2-2\/#primaryimage"},"thumbnailUrl":"https:\/\/wobronietradycjiiwiary.com\/wp-content\/uploads\/2021\/06\/Johannes_und_Paulus.jpg","datePublished":"2024-06-26T06:15:35+00:00","dateModified":"2025-02-10T10:14:45+00:00","breadcrumb":{"@id":"https:\/\/wobronietradycjiiwiary.com\/26-go-czerwca-zywot-swietych-meczennikow-braci-jana-i-pawla-2-2-2\/#breadcrumb"},"inLanguage":"pl-PL","potentialAction":[{"@type":"ReadAction","target":["https:\/\/wobronietradycjiiwiary.com\/26-go-czerwca-zywot-swietych-meczennikow-braci-jana-i-pawla-2-2-2\/"]}]},{"@type":"ImageObject","inLanguage":"pl-PL","@id":"https:\/\/wobronietradycjiiwiary.com\/26-go-czerwca-zywot-swietych-meczennikow-braci-jana-i-pawla-2-2-2\/#primaryimage","url":"https:\/\/wobronietradycjiiwiary.com\/wp-content\/uploads\/2021\/06\/Johannes_und_Paulus.jpg","contentUrl":"https:\/\/wobronietradycjiiwiary.com\/wp-content\/uploads\/2021\/06\/Johannes_und_Paulus.jpg","width":904,"height":1468},{"@type":"BreadcrumbList","@id":"https:\/\/wobronietradycjiiwiary.com\/26-go-czerwca-zywot-swietych-meczennikow-braci-jana-i-pawla-2-2-2\/#breadcrumb","itemListElement":[{"@type":"ListItem","position":1,"name":"Strona g\u0142\u00f3wna","item":"https:\/\/wobronietradycjiiwiary.com\/"},{"@type":"ListItem","position":2,"name":"26-go Czerwca. \u017bywot \u015bwi\u0119tych M\u0119czennik\u00f3w, braci Jana i Paw\u0142a."}]},{"@type":"WebSite","@id":"https:\/\/wobronietradycjiiwiary.com\/pl\/#website","url":"https:\/\/wobronietradycjiiwiary.com\/pl\/","name":"Tradycja i Wiara","description":"Portal dla katolik\u00f3w.","publisher":{"@id":"https:\/\/wobronietradycjiiwiary.com\/pl\/#organization"},"potentialAction":[{"@type":"SearchAction","target":{"@type":"EntryPoint","urlTemplate":"https:\/\/wobronietradycjiiwiary.com\/pl\/?s={search_term_string}"},"query-input":{"@type":"PropertyValueSpecification","valueRequired":true,"valueName":"search_term_string"}}],"inLanguage":"pl-PL"},{"@type":"Organization","@id":"https:\/\/wobronietradycjiiwiary.com\/pl\/#organization","name":"Tradycja i Wiara","url":"https:\/\/wobronietradycjiiwiary.com\/pl\/","logo":{"@type":"ImageObject","inLanguage":"pl-PL","@id":"https:\/\/wobronietradycjiiwiary.com\/pl\/#\/schema\/logo\/image\/","url":"https:\/\/i0.wp.com\/wobronietradycjiiwiary.com\/wp-content\/uploads\/2015\/10\/cropped-st-peters-dome-vatican.jpg?fit=940%2C198&ssl=1","contentUrl":"https:\/\/i0.wp.com\/wobronietradycjiiwiary.com\/wp-content\/uploads\/2015\/10\/cropped-st-peters-dome-vatican.jpg?fit=940%2C198&ssl=1","width":940,"height":198,"caption":"Tradycja i Wiara"},"image":{"@id":"https:\/\/wobronietradycjiiwiary.com\/pl\/#\/schema\/logo\/image\/"},"sameAs":["https:\/\/www.facebook.com\/Tradycja-i-Wiara-108813920592249"]},{"@type":"Person","@id":"https:\/\/wobronietradycjiiwiary.com\/pl\/#\/schema\/person\/2d6180ce6abcb681fef0daab7816e8f3","name":"Traditio et Fides","sameAs":["https:\/\/traditionundglauben.com"],"url":"https:\/\/wobronietradycjiiwiary.com\/pl\/author\/wobronietradycjiiwiary\/"}]}},"jetpack_publicize_connections":[],"jetpack_sharing_enabled":true,"jetpack_likes_enabled":true,"jetpack_shortlink":"https:\/\/wp.me\/pc04Sd-uBJ","jetpack-related-posts":[{"id":143938,"url":"https:\/\/wobronietradycjiiwiary.com\/pl\/26-go-czerwca-zywot-swietych-meczennikow-braci-jana-i-pawla-2-2-2-2\/","url_meta":{"origin":117659,"position":0},"title":"26-go Czerwca. \u017bywot \u015bwi\u0119tych M\u0119czennik\u00f3w, braci Jana i Paw\u0142a.","author":"Traditio et Fides","date":"26 czerwca 2025","format":false,"excerpt":"\u015aw. Jan i Pawe\u0142 nale\u017c\u0105 do orszaku m\u0119czennik\u00f3w zabitych podczas panowania Juliana Apostaty. Wst\u0105pienie tego cesarza na tron i przywr\u00f3cenie poga\u0144stwa musia\u0142o by\u0107 szokiem dla chrze\u015bcijan, kt\u00f3rzy tak d\u0142ugo modlili si\u0119 o wolno\u015b\u0107 religii. Ale byli i m\u0119czennicy i powr\u00f3t katolickich biskup\u00f3w zes\u0142anych uprzednio przez arian. Wi\u0119c ze wszystkiego mo\u017cna\u2026","rel":"","context":"W \u201e06. \u015awi\u0119ta w czerwcu&quot;","block_context":{"text":"06. \u015awi\u0119ta w czerwcu","link":"https:\/\/wobronietradycjiiwiary.com\/pl\/category\/duchowosc\/liturgia-i-liturgika\/rozwazania\/rok-liturgiczny\/swieta-w-czerwcu\/"},"img":{"alt_text":"","src":"https:\/\/i0.wp.com\/wobronietradycjiiwiary.com\/wp-content\/uploads\/2021\/06\/Johannes_und_Paulus.jpg?resize=350%2C200&ssl=1","width":350,"height":200,"srcset":"https:\/\/i0.wp.com\/wobronietradycjiiwiary.com\/wp-content\/uploads\/2021\/06\/Johannes_und_Paulus.jpg?resize=350%2C200&ssl=1 1x, https:\/\/i0.wp.com\/wobronietradycjiiwiary.com\/wp-content\/uploads\/2021\/06\/Johannes_und_Paulus.jpg?resize=525%2C300&ssl=1 1.5x, https:\/\/i0.wp.com\/wobronietradycjiiwiary.com\/wp-content\/uploads\/2021\/06\/Johannes_und_Paulus.jpg?resize=700%2C400&ssl=1 2x"},"classes":[]},{"id":166241,"url":"https:\/\/wobronietradycjiiwiary.com\/pl\/26-go-czerwca-zywot-swietych-meczennikow-braci-jana-i-pawla-2-2-2-2-2\/","url_meta":{"origin":117659,"position":1},"title":"26-go Czerwca. \u017bywot \u015bwi\u0119tych M\u0119czennik\u00f3w, braci Jana i Paw\u0142a.","author":"Traditio et Fides","date":"26 czerwca 2026","format":false,"excerpt":"\u015aw. Jan i Pawe\u0142 nale\u017c\u0105 do orszaku m\u0119czennik\u00f3w zabitych podczas panowania Juliana Apostaty. Wst\u0105pienie tego cesarza na tron i przywr\u00f3cenie poga\u0144stwa musia\u0142o by\u0107 szokiem dla chrze\u015bcijan, kt\u00f3rzy tak d\u0142ugo modlili si\u0119 o wolno\u015b\u0107 religii. Ale byli i m\u0119czennicy i powr\u00f3t katolickich biskup\u00f3w zes\u0142anych uprzednio przez arian. Wi\u0119c ze wszystkiego mo\u017cna\u2026","rel":"","context":"W \u201e06. \u015awi\u0119ta w czerwcu&quot;","block_context":{"text":"06. \u015awi\u0119ta w czerwcu","link":"https:\/\/wobronietradycjiiwiary.com\/pl\/category\/duchowosc\/liturgia-i-liturgika\/rozwazania\/rok-liturgiczny\/swieta-w-czerwcu\/"},"img":{"alt_text":"","src":"https:\/\/i0.wp.com\/wobronietradycjiiwiary.com\/wp-content\/uploads\/2021\/06\/Johannes_und_Paulus.jpg?resize=350%2C200&ssl=1","width":350,"height":200,"srcset":"https:\/\/i0.wp.com\/wobronietradycjiiwiary.com\/wp-content\/uploads\/2021\/06\/Johannes_und_Paulus.jpg?resize=350%2C200&ssl=1 1x, https:\/\/i0.wp.com\/wobronietradycjiiwiary.com\/wp-content\/uploads\/2021\/06\/Johannes_und_Paulus.jpg?resize=525%2C300&ssl=1 1.5x, https:\/\/i0.wp.com\/wobronietradycjiiwiary.com\/wp-content\/uploads\/2021\/06\/Johannes_und_Paulus.jpg?resize=700%2C400&ssl=1 2x"},"classes":[]},{"id":93193,"url":"https:\/\/wobronietradycjiiwiary.com\/pl\/26-go-czerwca-zywot-swietych-meczennikow-braci-jana-i-pawla-2-2\/","url_meta":{"origin":117659,"position":2},"title":"26-go Czerwca. \u017bywot \u015bwi\u0119tych M\u0119czennik\u00f3w, braci Jana i Paw\u0142a.","author":"Traditio et Fides","date":"26 czerwca 2023","format":false,"excerpt":"\u015aw. Jan i Pawe\u0142 nale\u017c\u0105 do orszaku m\u0119czennik\u00f3w zabitych podczas panowania Juliana Apostaty. Wst\u0105pienie tego cesarza na tron i przywr\u00f3cenie poga\u0144stwa musia\u0142o by\u0107 szokiem dla chrze\u015bcijan, kt\u00f3rzy tak d\u0142ugo modlili si\u0119 o wolno\u015b\u0107 religii. Ale byli i m\u0119czennicy i powr\u00f3t katolickich biskup\u00f3w zes\u0142anych uprzednio przez arian. Wi\u0119c ze wszystkiego mo\u017cna\u2026","rel":"","context":"W \u201e06. \u015awi\u0119ta w czerwcu&quot;","block_context":{"text":"06. \u015awi\u0119ta w czerwcu","link":"https:\/\/wobronietradycjiiwiary.com\/pl\/category\/duchowosc\/liturgia-i-liturgika\/rozwazania\/rok-liturgiczny\/swieta-w-czerwcu\/"},"img":{"alt_text":"","src":"https:\/\/i0.wp.com\/wobronietradycjiiwiary.com\/wp-content\/uploads\/2021\/06\/Johannes_und_Paulus.jpg?resize=350%2C200&ssl=1","width":350,"height":200,"srcset":"https:\/\/i0.wp.com\/wobronietradycjiiwiary.com\/wp-content\/uploads\/2021\/06\/Johannes_und_Paulus.jpg?resize=350%2C200&ssl=1 1x, https:\/\/i0.wp.com\/wobronietradycjiiwiary.com\/wp-content\/uploads\/2021\/06\/Johannes_und_Paulus.jpg?resize=525%2C300&ssl=1 1.5x, https:\/\/i0.wp.com\/wobronietradycjiiwiary.com\/wp-content\/uploads\/2021\/06\/Johannes_und_Paulus.jpg?resize=700%2C400&ssl=1 2x"},"classes":[]},{"id":49619,"url":"https:\/\/wobronietradycjiiwiary.com\/pl\/26-go-czerwca-zywot-swietych-meczennikow-braci-jana-i-pawla\/","url_meta":{"origin":117659,"position":3},"title":"26-go Czerwca. \u017bywot \u015bwi\u0119tych M\u0119czennik\u00f3w, braci Jana i Paw\u0142a.","author":"Traditio et Fides","date":"26 czerwca 2021","format":false,"excerpt":"\u015aw. Jan i Pawe\u0142 nale\u017c\u0105 do orszaku m\u0119czennik\u00f3w zabitych podczas panowania Juliana Apostaty. Wst\u0105pienie tego cesarza na tron i przywr\u00f3cenie poga\u0144stwa musia\u0142o by\u0107 szokiem dla chrze\u015bcijan, kt\u00f3rzy tak d\u0142ugo modlili si\u0119 o wolno\u015b\u0107 religii. Ale byli i m\u0119czennicy i powr\u00f3t katolickich biskup\u00f3w zes\u0142anych uprzednio przez arian. Wi\u0119c ze wszystkiego mo\u017cna\u2026","rel":"","context":"W \u201e06. \u015awi\u0119ta w czerwcu&quot;","block_context":{"text":"06. \u015awi\u0119ta w czerwcu","link":"https:\/\/wobronietradycjiiwiary.com\/pl\/category\/duchowosc\/liturgia-i-liturgika\/rozwazania\/rok-liturgiczny\/swieta-w-czerwcu\/"},"img":{"alt_text":"","src":"https:\/\/i0.wp.com\/wobronietradycjiiwiary.com\/wp-content\/uploads\/2021\/06\/Johannes_und_Paulus.jpg?resize=350%2C200&ssl=1","width":350,"height":200,"srcset":"https:\/\/i0.wp.com\/wobronietradycjiiwiary.com\/wp-content\/uploads\/2021\/06\/Johannes_und_Paulus.jpg?resize=350%2C200&ssl=1 1x, https:\/\/i0.wp.com\/wobronietradycjiiwiary.com\/wp-content\/uploads\/2021\/06\/Johannes_und_Paulus.jpg?resize=525%2C300&ssl=1 1.5x, https:\/\/i0.wp.com\/wobronietradycjiiwiary.com\/wp-content\/uploads\/2021\/06\/Johannes_und_Paulus.jpg?resize=700%2C400&ssl=1 2x"},"classes":[]},{"id":71153,"url":"https:\/\/wobronietradycjiiwiary.com\/pl\/26-go-czerwca-zywot-swietych-meczennikow-braci-jana-i-pawla-2\/","url_meta":{"origin":117659,"position":4},"title":"26-go Czerwca. \u017bywot \u015bwi\u0119tych M\u0119czennik\u00f3w, braci Jana i Paw\u0142a.","author":"Traditio et Fides","date":"26 czerwca 2022","format":false,"excerpt":"\u015aw. Jan i Pawe\u0142 nale\u017c\u0105 do orszaku m\u0119czennik\u00f3w zabitych podczas panowania Juliana Apostaty. Wst\u0105pienie tego cesarza na tron i przywr\u00f3cenie poga\u0144stwa musia\u0142o by\u0107 szokiem dla chrze\u015bcijan, kt\u00f3rzy tak d\u0142ugo modlili si\u0119 o wolno\u015b\u0107 religii. Ale byli i m\u0119czennicy i powr\u00f3t katolickich biskup\u00f3w zes\u0142anych uprzednio przez arian. Wi\u0119c ze wszystkiego mo\u017cna\u2026","rel":"","context":"W \u201e06. \u015awi\u0119ta w czerwcu&quot;","block_context":{"text":"06. \u015awi\u0119ta w czerwcu","link":"https:\/\/wobronietradycjiiwiary.com\/pl\/category\/duchowosc\/liturgia-i-liturgika\/rozwazania\/rok-liturgiczny\/swieta-w-czerwcu\/"},"img":{"alt_text":"","src":"https:\/\/i0.wp.com\/wobronietradycjiiwiary.com\/wp-content\/uploads\/2021\/06\/Johannes_und_Paulus.jpg?resize=350%2C200&ssl=1","width":350,"height":200,"srcset":"https:\/\/i0.wp.com\/wobronietradycjiiwiary.com\/wp-content\/uploads\/2021\/06\/Johannes_und_Paulus.jpg?resize=350%2C200&ssl=1 1x, https:\/\/i0.wp.com\/wobronietradycjiiwiary.com\/wp-content\/uploads\/2021\/06\/Johannes_und_Paulus.jpg?resize=525%2C300&ssl=1 1.5x, https:\/\/i0.wp.com\/wobronietradycjiiwiary.com\/wp-content\/uploads\/2021\/06\/Johannes_und_Paulus.jpg?resize=700%2C400&ssl=1 2x"},"classes":[]},{"id":102202,"url":"https:\/\/wobronietradycjiiwiary.com\/pl\/atila-s-guimaraes-nowe-beatyfikacje-wywoluja-zamieszanie\/","url_meta":{"origin":117659,"position":5},"title":"Atila S. Guimar\u00e3es, Nowe beatyfikacje wywo\u0142uj\u0105 zamieszanie","author":"Traditio et Fides","date":"12 wrze\u015bnia 2023","format":false,"excerpt":"O tym, jak dalece zmiany wprowadzone przez Jana Paw\u0142a II w procesie kanonizacji niszcz\u0105 poj\u0119cie \u015bwi\u0119to\u015bci.","rel":"","context":"W \u201eDoktryna&quot;","block_context":{"text":"Doktryna","link":"https:\/\/wobronietradycjiiwiary.com\/pl\/category\/doktryna\/"},"img":{"alt_text":"","src":"https:\/\/i0.wp.com\/wobronietradycjiiwiary.com\/wp-content\/uploads\/2023\/09\/holy-innocents-04.jpg?resize=350%2C200&ssl=1","width":350,"height":200},"classes":[]}],"amp_enabled":true,"jetpack_featured_media_url":"https:\/\/wobronietradycjiiwiary.com\/wp-content\/uploads\/2021\/06\/Johannes_und_Paulus.jpg","_links":{"self":[{"href":"https:\/\/wobronietradycjiiwiary.com\/pl\/wp-json\/wp\/v2\/posts\/117659","targetHints":{"allow":["GET"]}}],"collection":[{"href":"https:\/\/wobronietradycjiiwiary.com\/pl\/wp-json\/wp\/v2\/posts"}],"about":[{"href":"https:\/\/wobronietradycjiiwiary.com\/pl\/wp-json\/wp\/v2\/types\/post"}],"author":[{"embeddable":true,"href":"https:\/\/wobronietradycjiiwiary.com\/pl\/wp-json\/wp\/v2\/users\/60508433"}],"replies":[{"embeddable":true,"href":"https:\/\/wobronietradycjiiwiary.com\/pl\/wp-json\/wp\/v2\/comments?post=117659"}],"version-history":[{"count":1,"href":"https:\/\/wobronietradycjiiwiary.com\/pl\/wp-json\/wp\/v2\/posts\/117659\/revisions"}],"predecessor-version":[{"id":117717,"href":"https:\/\/wobronietradycjiiwiary.com\/pl\/wp-json\/wp\/v2\/posts\/117659\/revisions\/117717"}],"wp:featuredmedia":[{"embeddable":true,"href":"https:\/\/wobronietradycjiiwiary.com\/pl\/wp-json\/wp\/v2\/media\/49624"}],"wp:attachment":[{"href":"https:\/\/wobronietradycjiiwiary.com\/pl\/wp-json\/wp\/v2\/media?parent=117659"}],"wp:term":[{"taxonomy":"category","embeddable":true,"href":"https:\/\/wobronietradycjiiwiary.com\/pl\/wp-json\/wp\/v2\/categories?post=117659"},{"taxonomy":"post_tag","embeddable":true,"href":"https:\/\/wobronietradycjiiwiary.com\/pl\/wp-json\/wp\/v2\/tags?post=117659"}],"curies":[{"name":"wp","href":"https:\/\/api.w.org\/{rel}","templated":true}]}}