{"id":116162,"date":"2024-04-19T08:00:00","date_gmt":"2024-04-19T06:00:00","guid":{"rendered":"https:\/\/wobronietradycjiiwiary.com\/?p=116162"},"modified":"2025-02-07T15:39:03","modified_gmt":"2025-02-07T14:39:03","slug":"sw-tomasz-z-akwinu-q-81-1-z-4-jak-beda-wygladac-zmartwychpowstali","status":"publish","type":"post","link":"https:\/\/wobronietradycjiiwiary.com\/pl\/sw-tomasz-z-akwinu-q-81-1-z-4-jak-beda-wygladac-zmartwychpowstali\/","title":{"rendered":"\u015aw. Tomasz z Akwinu, Q. 81. (1 z 4). Jak b\u0119d\u0105 wygl\u0105da\u0107 zmartwychpowstali? (i) Czy wszyscy zmartwychwstan\u0105 w wieku dojrza\u0142ej m\u0142odo\u015bci?"},"content":{"rendered":"<div id=\"bsf_rt_marker\"><\/div><p>Zmartwychwstaniemy w wieku dojrza\u0142ej m\u0142odo\u015bci, to jest w wieku chrystusowym, poniewa\u017c jako najdoskonalszy odpowiada ona doskona\u0142o\u015bci zmartwychwstania. ZAGADNIENIE 81 JAK&hellip;<\/p>\n<div style=\"text-align: center\">\n<p>&nbsp;<\/p>\n<\/div>\n<h2 style=\"border: 5px solid #0000A0;padding: 1em;text-align: center\"><span style=\"color: #000000\">Pe\u0142en dost\u0119p dla <span style=\"color: #00ccff\"><a style=\"color: #00ccff\" href=\"https:\/\/wobronietradycjiiwiary.com\/subskrypcje-2\/\" target=\"_blank\" rel=\"noopener\">subskrybent\u00f3w<\/a><\/span>.<\/span><br \/>\n<span style=\"color: #3366ff\"><a style=\"color: #3366ff\" href=\"https:\/\/wobronietradycjiiwiary.com\/account\/login\/\" target=\"_blank\" rel=\"noopener\"><span style=\"color: #00ccff\">Zaloguj<\/span><\/a> <\/span>si\u0119 lub przejd\u017a do <a href=\"https:\/\/wobronietradycjiiwiary.com\/register\/\"><span style=\"color: #3366ff\">Rejestracji<\/span><\/a>.<\/h2>\n<div>\n<p style=\"text-align: center\"><a href=\"https:\/\/wobronietradycjiiwiary.com\/pl\/subskrypcje-2\/cennik\/\" target=\"_blank\" rel=\"noopener\"><span style=\"color: #000080;font-size: 24pt\"><strong>Nowe ni\u017csze ceny<\/strong><\/span><\/a><\/p>\n<p style=\"text-align: center\"><strong><span style=\"font-size: 18pt;color: #000080\">P\u0142atno\u015b\u0107 kart\u0105<\/span><\/strong><\/p>\n<\/div>\n<h3 style=\"text-align: center\"><a href=\"https:\/\/wobronietradycjiiwiary.com\/pl\/subskrypcje-2\/automatyczne\/indywidualne\/\" target=\"_blank\" rel=\"noopener\"><img fetchpriority=\"high\" decoding=\"async\" class=\"alignnone size-medium wp-image-80433\" src=\"https:\/\/wobronietradycjiiwiary.com\/wp-content\/uploads\/2022\/11\/Unbenannt-1-Online-1-300x202.jpg\" alt=\"\" width=\"300\" height=\"202\" srcset=\"https:\/\/wobronietradycjiiwiary.com\/wp-content\/uploads\/2022\/11\/Unbenannt-1-Online-1-300x202.jpg 300w, https:\/\/wobronietradycjiiwiary.com\/wp-content\/uploads\/2022\/11\/Unbenannt-1-Online-1-150x101.jpg 150w, https:\/\/wobronietradycjiiwiary.com\/wp-content\/uploads\/2022\/11\/Unbenannt-1-Online-1-18x12.jpg 18w, https:\/\/wobronietradycjiiwiary.com\/wp-content\/uploads\/2022\/11\/Unbenannt-1-Online-1.jpg 446w\" sizes=\"(max-width: 300px) 100vw, 300px\" \/><\/a><\/h3>\n<p style=\"text-align: center\"><strong><span style=\"font-size: 18pt;color: #000080\">P\u0142atno\u015b\u0107 przelewem<\/span><\/strong><\/p>\n<p><a href=\"https:\/\/wobronietradycjiiwiary.com\/pl\/subskrypcje-2\/automatyczne\/indywidualne\/\" target=\"_blank\" rel=\"noopener\"><img decoding=\"async\" class=\"size-medium wp-image-80434 aligncenter\" src=\"https:\/\/wobronietradycjiiwiary.com\/wp-content\/uploads\/2022\/11\/Unbenannt-1-Przelewem-300x137.jpg\" alt=\"\" width=\"300\" height=\"137\" srcset=\"https:\/\/wobronietradycjiiwiary.com\/wp-content\/uploads\/2022\/11\/Unbenannt-1-Przelewem-300x137.jpg 300w, https:\/\/wobronietradycjiiwiary.com\/wp-content\/uploads\/2022\/11\/Unbenannt-1-Przelewem-450x206.jpg 450w, https:\/\/wobronietradycjiiwiary.com\/wp-content\/uploads\/2022\/11\/Unbenannt-1-Przelewem-600x274.jpg 600w, https:\/\/wobronietradycjiiwiary.com\/wp-content\/uploads\/2022\/11\/Unbenannt-1-Przelewem-150x69.jpg 150w, https:\/\/wobronietradycjiiwiary.com\/wp-content\/uploads\/2022\/11\/Unbenannt-1-Przelewem-18x8.jpg 18w, https:\/\/wobronietradycjiiwiary.com\/wp-content\/uploads\/2022\/11\/Unbenannt-1-Przelewem.jpg 676w\" sizes=\"(max-width: 300px) 100vw, 300px\" \/><\/a><\/p>\n<p style=\"text-align: center\"><strong><span style=\"font-size: 18pt;color: #000080\">P\u0142atno\u015b\u0107 kart\u0105 do 6 os\u00f3b<\/span><\/strong><\/p>\n<p><a href=\"https:\/\/wobronietradycjiiwiary.com\/pl\/rodzinne\/\" target=\"_blank\" rel=\"noopener\"><img decoding=\"async\" class=\"size-medium wp-image-80435 aligncenter\" src=\"https:\/\/wobronietradycjiiwiary.com\/wp-content\/uploads\/2022\/11\/Unbenannt-1-Rodzinna-300x208.jpg\" alt=\"\" width=\"300\" height=\"208\" srcset=\"https:\/\/wobronietradycjiiwiary.com\/wp-content\/uploads\/2022\/11\/Unbenannt-1-Rodzinna-300x208.jpg 300w, https:\/\/wobronietradycjiiwiary.com\/wp-content\/uploads\/2022\/11\/Unbenannt-1-Rodzinna-150x104.jpg 150w, https:\/\/wobronietradycjiiwiary.com\/wp-content\/uploads\/2022\/11\/Unbenannt-1-Rodzinna-18x12.jpg 18w, https:\/\/wobronietradycjiiwiary.com\/wp-content\/uploads\/2022\/11\/Unbenannt-1-Rodzinna.jpg 448w\" sizes=\"(max-width: 300px) 100vw, 300px\" \/><\/a><\/p>\n<h3 style=\"text-align: center\"><\/h3>\n<h1 style=\"text-align: center\"><\/h1>\n","protected":false},"excerpt":{"rendered":"<p>O wieku zmartwychwstania &#8211; jest to wiek dojrza\u0142ej m\u0142odo\u015bci.<\/p>\n","protected":false},"author":60508433,"featured_media":105734,"comment_status":"open","ping_status":"open","sticky":false,"template":"","format":"standard","meta":{"_bbp_topic_count":0,"_bbp_reply_count":0,"_bbp_total_topic_count":0,"_bbp_total_reply_count":0,"_bbp_voice_count":0,"_bbp_anonymous_reply_count":0,"_bbp_topic_count_hidden":0,"_bbp_reply_count_hidden":0,"_bbp_forum_subforum_count":0,"_editorskit_title_hidden":false,"_editorskit_reading_time":0,"_editorskit_is_block_options_detached":false,"_editorskit_block_options_position":"{}","_coblocks_attr":"","_coblocks_dimensions":"","_coblocks_responsive_height":"","_coblocks_accordion_ie_support":"","_exactmetrics_skip_tracking":false,"_jetpack_newsletter_access":"","_jetpack_dont_email_post_to_subs":false,"_jetpack_newsletter_tier_id":0,"_jetpack_memberships_contains_paywalled_content":false,"_wpcom_ai_launchpad_first_post":false,"_jetpack_feature_clip_id":0,"_jetpack_memberships_contains_paid_content":false,"footnotes":"","jetpack_publicize_message":"{title}\n\n{excerpt}\n\n{url}","jetpack_publicize_feature_enabled":true,"jetpack_social_post_already_shared":true,"jetpack_social_options":{"image_generator_settings":{"template":"highway","default_image_id":0,"font":"","enabled":false},"version":2},"_wpas_customize_per_network":false,"jetpack_post_was_ever_published":false},"categories":[610131185,402578791,610134393,610134394],"tags":[610132133],"class_list":["post-116162","post","type-post","status-publish","format-standard","has-post-thumbnail","hentry","category-doktryna","category-rzeczy-ostateczne-eschatologia","category-sw-tomasz-zmartwychwstanie-cial","category-sw-tomasz-zmartwychwstanie-cial-sw-tomasz-zmartwychwstanie-cial","tag-restricted"],"yoast_head":"<!-- This site is optimized with the Yoast SEO plugin v28.3 - https:\/\/yoast.com\/product\/yoast-seo-wordpress\/ -->\n<title>\u015aw. Tomasz z Akwinu, Q. 81. (1 z 4). Jak b\u0119d\u0105 wygl\u0105da\u0107 zmartwychpowstali? (i) Czy wszyscy zmartwychwstan\u0105 w wieku dojrza\u0142ej m\u0142odo\u015bci? - Tradycja i Wiara<\/title>\n<meta name=\"robots\" content=\"index, follow, max-snippet:-1, max-image-preview:large, max-video-preview:-1\" \/>\n<link rel=\"canonical\" href=\"https:\/\/wobronietradycjiiwiary.com\/pl\/sw-tomasz-z-akwinu-q-81-1-z-4-jak-beda-wygladac-zmartwychpowstali\/\" \/>\n<meta property=\"og:locale\" content=\"pl_PL\" \/>\n<meta property=\"og:type\" content=\"article\" \/>\n<meta property=\"og:title\" content=\"\u015aw. Tomasz z Akwinu, Q. 81. (1 z 4). Jak b\u0119d\u0105 wygl\u0105da\u0107 zmartwychpowstali? (i) Czy wszyscy zmartwychwstan\u0105 w wieku dojrza\u0142ej m\u0142odo\u015bci? - Tradycja i Wiara\" \/>\n<meta property=\"og:description\" content=\"O wieku zmartwychwstania - jest to wiek dojrza\u0142ej m\u0142odo\u015bci.\" \/>\n<meta property=\"og:url\" content=\"https:\/\/wobronietradycjiiwiary.com\/pl\/sw-tomasz-z-akwinu-q-81-1-z-4-jak-beda-wygladac-zmartwychpowstali\/\" \/>\n<meta property=\"og:site_name\" content=\"Tradycja i Wiara\" \/>\n<meta property=\"article:publisher\" content=\"https:\/\/www.facebook.com\/Tradycja-i-Wiara-108813920592249\" \/>\n<meta property=\"article:published_time\" content=\"2024-04-19T06:00:00+00:00\" \/>\n<meta property=\"article:modified_time\" content=\"2025-02-07T14:39:03+00:00\" \/>\n<meta property=\"og:image\" content=\"https:\/\/wobronietradycjiiwiary.com\/wp-content\/uploads\/2023\/10\/Auferstehung.jpg\" \/>\n\t<meta property=\"og:image:width\" content=\"674\" \/>\n\t<meta property=\"og:image:height\" content=\"464\" \/>\n\t<meta property=\"og:image:type\" content=\"image\/jpeg\" \/>\n<meta name=\"author\" content=\"Traditio et Fides\" \/>\n<meta name=\"twitter:card\" content=\"summary_large_image\" \/>\n<meta name=\"twitter:label1\" content=\"Napisane przez\" \/>\n\t<meta name=\"twitter:data1\" content=\"Traditio et Fides\" \/>\n\t<meta name=\"twitter:label2\" content=\"Szacowany czas czytania\" \/>\n\t<meta name=\"twitter:data2\" content=\"4 minuty\" \/>\n<script type=\"application\/ld+json\" class=\"yoast-schema-graph\">{\"@context\":\"https:\\\/\\\/schema.org\",\"@graph\":[{\"@type\":\"Article\",\"@id\":\"https:\\\/\\\/wobronietradycjiiwiary.com\\\/sw-tomasz-z-akwinu-q-81-1-z-4-jak-beda-wygladac-zmartwychpowstali\\\/#article\",\"isPartOf\":{\"@id\":\"https:\\\/\\\/wobronietradycjiiwiary.com\\\/sw-tomasz-z-akwinu-q-81-1-z-4-jak-beda-wygladac-zmartwychpowstali\\\/\"},\"author\":{\"name\":\"Traditio et Fides\",\"@id\":\"https:\\\/\\\/wobronietradycjiiwiary.com\\\/pl\\\/#\\\/schema\\\/person\\\/2d6180ce6abcb681fef0daab7816e8f3\"},\"headline\":\"\u015aw. Tomasz z Akwinu, Q. 81. (1 z 4). Jak b\u0119d\u0105 wygl\u0105da\u0107 zmartwychpowstali? (i) Czy wszyscy zmartwychwstan\u0105 w wieku dojrza\u0142ej m\u0142odo\u015bci?\",\"datePublished\":\"2024-04-19T06:00:00+00:00\",\"dateModified\":\"2025-02-07T14:39:03+00:00\",\"mainEntityOfPage\":{\"@id\":\"https:\\\/\\\/wobronietradycjiiwiary.com\\\/sw-tomasz-z-akwinu-q-81-1-z-4-jak-beda-wygladac-zmartwychpowstali\\\/\"},\"wordCount\":745,\"commentCount\":0,\"publisher\":{\"@id\":\"https:\\\/\\\/wobronietradycjiiwiary.com\\\/pl\\\/#organization\"},\"image\":{\"@id\":\"https:\\\/\\\/wobronietradycjiiwiary.com\\\/sw-tomasz-z-akwinu-q-81-1-z-4-jak-beda-wygladac-zmartwychpowstali\\\/#primaryimage\"},\"thumbnailUrl\":\"https:\\\/\\\/wobronietradycjiiwiary.com\\\/wp-content\\\/uploads\\\/2023\\\/10\\\/Auferstehung.jpg\",\"keywords\":[\"Restricted\"],\"articleSection\":[\"Doktryna\",\"Rzeczy ostateczne\",\"Zmartwychwstanie\",\"\u015aw. Tomasz, Zmartwychwstanie cia\u0142\"],\"inLanguage\":\"pl-PL\",\"potentialAction\":[{\"@type\":\"CommentAction\",\"name\":\"Comment\",\"target\":[\"https:\\\/\\\/wobronietradycjiiwiary.com\\\/sw-tomasz-z-akwinu-q-81-1-z-4-jak-beda-wygladac-zmartwychpowstali\\\/#respond\"]}]},{\"@type\":\"WebPage\",\"@id\":\"https:\\\/\\\/wobronietradycjiiwiary.com\\\/sw-tomasz-z-akwinu-q-81-1-z-4-jak-beda-wygladac-zmartwychpowstali\\\/\",\"url\":\"https:\\\/\\\/wobronietradycjiiwiary.com\\\/sw-tomasz-z-akwinu-q-81-1-z-4-jak-beda-wygladac-zmartwychpowstali\\\/\",\"name\":\"\u015aw. Tomasz z Akwinu, Q. 81. (1 z 4). Jak b\u0119d\u0105 wygl\u0105da\u0107 zmartwychpowstali? (i) Czy wszyscy zmartwychwstan\u0105 w wieku dojrza\u0142ej m\u0142odo\u015bci? - Tradycja i Wiara\",\"isPartOf\":{\"@id\":\"https:\\\/\\\/wobronietradycjiiwiary.com\\\/pl\\\/#website\"},\"primaryImageOfPage\":{\"@id\":\"https:\\\/\\\/wobronietradycjiiwiary.com\\\/sw-tomasz-z-akwinu-q-81-1-z-4-jak-beda-wygladac-zmartwychpowstali\\\/#primaryimage\"},\"image\":{\"@id\":\"https:\\\/\\\/wobronietradycjiiwiary.com\\\/sw-tomasz-z-akwinu-q-81-1-z-4-jak-beda-wygladac-zmartwychpowstali\\\/#primaryimage\"},\"thumbnailUrl\":\"https:\\\/\\\/wobronietradycjiiwiary.com\\\/wp-content\\\/uploads\\\/2023\\\/10\\\/Auferstehung.jpg\",\"datePublished\":\"2024-04-19T06:00:00+00:00\",\"dateModified\":\"2025-02-07T14:39:03+00:00\",\"breadcrumb\":{\"@id\":\"https:\\\/\\\/wobronietradycjiiwiary.com\\\/sw-tomasz-z-akwinu-q-81-1-z-4-jak-beda-wygladac-zmartwychpowstali\\\/#breadcrumb\"},\"inLanguage\":\"pl-PL\",\"potentialAction\":[{\"@type\":\"ReadAction\",\"target\":[\"https:\\\/\\\/wobronietradycjiiwiary.com\\\/sw-tomasz-z-akwinu-q-81-1-z-4-jak-beda-wygladac-zmartwychpowstali\\\/\"]}]},{\"@type\":\"ImageObject\",\"inLanguage\":\"pl-PL\",\"@id\":\"https:\\\/\\\/wobronietradycjiiwiary.com\\\/sw-tomasz-z-akwinu-q-81-1-z-4-jak-beda-wygladac-zmartwychpowstali\\\/#primaryimage\",\"url\":\"https:\\\/\\\/wobronietradycjiiwiary.com\\\/wp-content\\\/uploads\\\/2023\\\/10\\\/Auferstehung.jpg\",\"contentUrl\":\"https:\\\/\\\/wobronietradycjiiwiary.com\\\/wp-content\\\/uploads\\\/2023\\\/10\\\/Auferstehung.jpg\",\"width\":674,\"height\":464},{\"@type\":\"BreadcrumbList\",\"@id\":\"https:\\\/\\\/wobronietradycjiiwiary.com\\\/sw-tomasz-z-akwinu-q-81-1-z-4-jak-beda-wygladac-zmartwychpowstali\\\/#breadcrumb\",\"itemListElement\":[{\"@type\":\"ListItem\",\"position\":1,\"name\":\"Strona g\u0142\u00f3wna\",\"item\":\"https:\\\/\\\/wobronietradycjiiwiary.com\\\/\"},{\"@type\":\"ListItem\",\"position\":2,\"name\":\"\u015aw. Tomasz z Akwinu, Q. 81. (1 z 4). Jak b\u0119d\u0105 wygl\u0105da\u0107 zmartwychpowstali? (i) Czy wszyscy zmartwychwstan\u0105 w wieku dojrza\u0142ej m\u0142odo\u015bci?\"}]},{\"@type\":\"WebSite\",\"@id\":\"https:\\\/\\\/wobronietradycjiiwiary.com\\\/pl\\\/#website\",\"url\":\"https:\\\/\\\/wobronietradycjiiwiary.com\\\/pl\\\/\",\"name\":\"Tradycja i Wiara\",\"description\":\"Portal dla katolik\u00f3w.\",\"publisher\":{\"@id\":\"https:\\\/\\\/wobronietradycjiiwiary.com\\\/pl\\\/#organization\"},\"potentialAction\":[{\"@type\":\"SearchAction\",\"target\":{\"@type\":\"EntryPoint\",\"urlTemplate\":\"https:\\\/\\\/wobronietradycjiiwiary.com\\\/pl\\\/?s={search_term_string}\"},\"query-input\":{\"@type\":\"PropertyValueSpecification\",\"valueRequired\":true,\"valueName\":\"search_term_string\"}}],\"inLanguage\":\"pl-PL\"},{\"@type\":\"Organization\",\"@id\":\"https:\\\/\\\/wobronietradycjiiwiary.com\\\/pl\\\/#organization\",\"name\":\"Tradycja i Wiara\",\"url\":\"https:\\\/\\\/wobronietradycjiiwiary.com\\\/pl\\\/\",\"logo\":{\"@type\":\"ImageObject\",\"inLanguage\":\"pl-PL\",\"@id\":\"https:\\\/\\\/wobronietradycjiiwiary.com\\\/pl\\\/#\\\/schema\\\/logo\\\/image\\\/\",\"url\":\"https:\\\/\\\/i0.wp.com\\\/wobronietradycjiiwiary.com\\\/wp-content\\\/uploads\\\/2015\\\/10\\\/cropped-st-peters-dome-vatican.jpg?fit=940%2C198&ssl=1\",\"contentUrl\":\"https:\\\/\\\/i0.wp.com\\\/wobronietradycjiiwiary.com\\\/wp-content\\\/uploads\\\/2015\\\/10\\\/cropped-st-peters-dome-vatican.jpg?fit=940%2C198&ssl=1\",\"width\":940,\"height\":198,\"caption\":\"Tradycja i Wiara\"},\"image\":{\"@id\":\"https:\\\/\\\/wobronietradycjiiwiary.com\\\/pl\\\/#\\\/schema\\\/logo\\\/image\\\/\"},\"sameAs\":[\"https:\\\/\\\/www.facebook.com\\\/Tradycja-i-Wiara-108813920592249\"]},{\"@type\":\"Person\",\"@id\":\"https:\\\/\\\/wobronietradycjiiwiary.com\\\/pl\\\/#\\\/schema\\\/person\\\/2d6180ce6abcb681fef0daab7816e8f3\",\"name\":\"Traditio et Fides\",\"sameAs\":[\"https:\\\/\\\/traditionundglauben.com\"],\"url\":\"https:\\\/\\\/wobronietradycjiiwiary.com\\\/pl\\\/author\\\/wobronietradycjiiwiary\\\/\"}]}<\/script>\n<!-- \/ Yoast SEO plugin. -->","yoast_head_json":{"title":"\u015aw. Tomasz z Akwinu, Q. 81. (1 z 4). Jak b\u0119d\u0105 wygl\u0105da\u0107 zmartwychpowstali? (i) Czy wszyscy zmartwychwstan\u0105 w wieku dojrza\u0142ej m\u0142odo\u015bci? - Tradycja i Wiara","robots":{"index":"index","follow":"follow","max-snippet":"max-snippet:-1","max-image-preview":"max-image-preview:large","max-video-preview":"max-video-preview:-1"},"canonical":"https:\/\/wobronietradycjiiwiary.com\/pl\/sw-tomasz-z-akwinu-q-81-1-z-4-jak-beda-wygladac-zmartwychpowstali\/","og_locale":"pl_PL","og_type":"article","og_title":"\u015aw. Tomasz z Akwinu, Q. 81. (1 z 4). Jak b\u0119d\u0105 wygl\u0105da\u0107 zmartwychpowstali? (i) Czy wszyscy zmartwychwstan\u0105 w wieku dojrza\u0142ej m\u0142odo\u015bci? - Tradycja i Wiara","og_description":"O wieku zmartwychwstania - jest to wiek dojrza\u0142ej m\u0142odo\u015bci.","og_url":"https:\/\/wobronietradycjiiwiary.com\/pl\/sw-tomasz-z-akwinu-q-81-1-z-4-jak-beda-wygladac-zmartwychpowstali\/","og_site_name":"Tradycja i Wiara","article_publisher":"https:\/\/www.facebook.com\/Tradycja-i-Wiara-108813920592249","article_published_time":"2024-04-19T06:00:00+00:00","article_modified_time":"2025-02-07T14:39:03+00:00","og_image":[{"width":674,"height":464,"url":"https:\/\/wobronietradycjiiwiary.com\/wp-content\/uploads\/2023\/10\/Auferstehung.jpg","type":"image\/jpeg"}],"author":"Traditio et Fides","twitter_card":"summary_large_image","twitter_misc":{"Napisane przez":"Traditio et Fides","Szacowany czas czytania":"4 minuty"},"schema":{"@context":"https:\/\/schema.org","@graph":[{"@type":"Article","@id":"https:\/\/wobronietradycjiiwiary.com\/sw-tomasz-z-akwinu-q-81-1-z-4-jak-beda-wygladac-zmartwychpowstali\/#article","isPartOf":{"@id":"https:\/\/wobronietradycjiiwiary.com\/sw-tomasz-z-akwinu-q-81-1-z-4-jak-beda-wygladac-zmartwychpowstali\/"},"author":{"name":"Traditio et Fides","@id":"https:\/\/wobronietradycjiiwiary.com\/pl\/#\/schema\/person\/2d6180ce6abcb681fef0daab7816e8f3"},"headline":"\u015aw. Tomasz z Akwinu, Q. 81. (1 z 4). Jak b\u0119d\u0105 wygl\u0105da\u0107 zmartwychpowstali? (i) Czy wszyscy zmartwychwstan\u0105 w wieku dojrza\u0142ej m\u0142odo\u015bci?","datePublished":"2024-04-19T06:00:00+00:00","dateModified":"2025-02-07T14:39:03+00:00","mainEntityOfPage":{"@id":"https:\/\/wobronietradycjiiwiary.com\/sw-tomasz-z-akwinu-q-81-1-z-4-jak-beda-wygladac-zmartwychpowstali\/"},"wordCount":745,"commentCount":0,"publisher":{"@id":"https:\/\/wobronietradycjiiwiary.com\/pl\/#organization"},"image":{"@id":"https:\/\/wobronietradycjiiwiary.com\/sw-tomasz-z-akwinu-q-81-1-z-4-jak-beda-wygladac-zmartwychpowstali\/#primaryimage"},"thumbnailUrl":"https:\/\/wobronietradycjiiwiary.com\/wp-content\/uploads\/2023\/10\/Auferstehung.jpg","keywords":["Restricted"],"articleSection":["Doktryna","Rzeczy ostateczne","Zmartwychwstanie","\u015aw. Tomasz, Zmartwychwstanie cia\u0142"],"inLanguage":"pl-PL","potentialAction":[{"@type":"CommentAction","name":"Comment","target":["https:\/\/wobronietradycjiiwiary.com\/sw-tomasz-z-akwinu-q-81-1-z-4-jak-beda-wygladac-zmartwychpowstali\/#respond"]}]},{"@type":"WebPage","@id":"https:\/\/wobronietradycjiiwiary.com\/sw-tomasz-z-akwinu-q-81-1-z-4-jak-beda-wygladac-zmartwychpowstali\/","url":"https:\/\/wobronietradycjiiwiary.com\/sw-tomasz-z-akwinu-q-81-1-z-4-jak-beda-wygladac-zmartwychpowstali\/","name":"\u015aw. Tomasz z Akwinu, Q. 81. (1 z 4). Jak b\u0119d\u0105 wygl\u0105da\u0107 zmartwychpowstali? (i) Czy wszyscy zmartwychwstan\u0105 w wieku dojrza\u0142ej m\u0142odo\u015bci? - Tradycja i Wiara","isPartOf":{"@id":"https:\/\/wobronietradycjiiwiary.com\/pl\/#website"},"primaryImageOfPage":{"@id":"https:\/\/wobronietradycjiiwiary.com\/sw-tomasz-z-akwinu-q-81-1-z-4-jak-beda-wygladac-zmartwychpowstali\/#primaryimage"},"image":{"@id":"https:\/\/wobronietradycjiiwiary.com\/sw-tomasz-z-akwinu-q-81-1-z-4-jak-beda-wygladac-zmartwychpowstali\/#primaryimage"},"thumbnailUrl":"https:\/\/wobronietradycjiiwiary.com\/wp-content\/uploads\/2023\/10\/Auferstehung.jpg","datePublished":"2024-04-19T06:00:00+00:00","dateModified":"2025-02-07T14:39:03+00:00","breadcrumb":{"@id":"https:\/\/wobronietradycjiiwiary.com\/sw-tomasz-z-akwinu-q-81-1-z-4-jak-beda-wygladac-zmartwychpowstali\/#breadcrumb"},"inLanguage":"pl-PL","potentialAction":[{"@type":"ReadAction","target":["https:\/\/wobronietradycjiiwiary.com\/sw-tomasz-z-akwinu-q-81-1-z-4-jak-beda-wygladac-zmartwychpowstali\/"]}]},{"@type":"ImageObject","inLanguage":"pl-PL","@id":"https:\/\/wobronietradycjiiwiary.com\/sw-tomasz-z-akwinu-q-81-1-z-4-jak-beda-wygladac-zmartwychpowstali\/#primaryimage","url":"https:\/\/wobronietradycjiiwiary.com\/wp-content\/uploads\/2023\/10\/Auferstehung.jpg","contentUrl":"https:\/\/wobronietradycjiiwiary.com\/wp-content\/uploads\/2023\/10\/Auferstehung.jpg","width":674,"height":464},{"@type":"BreadcrumbList","@id":"https:\/\/wobronietradycjiiwiary.com\/sw-tomasz-z-akwinu-q-81-1-z-4-jak-beda-wygladac-zmartwychpowstali\/#breadcrumb","itemListElement":[{"@type":"ListItem","position":1,"name":"Strona g\u0142\u00f3wna","item":"https:\/\/wobronietradycjiiwiary.com\/"},{"@type":"ListItem","position":2,"name":"\u015aw. Tomasz z Akwinu, Q. 81. (1 z 4). Jak b\u0119d\u0105 wygl\u0105da\u0107 zmartwychpowstali? (i) Czy wszyscy zmartwychwstan\u0105 w wieku dojrza\u0142ej m\u0142odo\u015bci?"}]},{"@type":"WebSite","@id":"https:\/\/wobronietradycjiiwiary.com\/pl\/#website","url":"https:\/\/wobronietradycjiiwiary.com\/pl\/","name":"Tradycja i Wiara","description":"Portal dla katolik\u00f3w.","publisher":{"@id":"https:\/\/wobronietradycjiiwiary.com\/pl\/#organization"},"potentialAction":[{"@type":"SearchAction","target":{"@type":"EntryPoint","urlTemplate":"https:\/\/wobronietradycjiiwiary.com\/pl\/?s={search_term_string}"},"query-input":{"@type":"PropertyValueSpecification","valueRequired":true,"valueName":"search_term_string"}}],"inLanguage":"pl-PL"},{"@type":"Organization","@id":"https:\/\/wobronietradycjiiwiary.com\/pl\/#organization","name":"Tradycja i Wiara","url":"https:\/\/wobronietradycjiiwiary.com\/pl\/","logo":{"@type":"ImageObject","inLanguage":"pl-PL","@id":"https:\/\/wobronietradycjiiwiary.com\/pl\/#\/schema\/logo\/image\/","url":"https:\/\/i0.wp.com\/wobronietradycjiiwiary.com\/wp-content\/uploads\/2015\/10\/cropped-st-peters-dome-vatican.jpg?fit=940%2C198&ssl=1","contentUrl":"https:\/\/i0.wp.com\/wobronietradycjiiwiary.com\/wp-content\/uploads\/2015\/10\/cropped-st-peters-dome-vatican.jpg?fit=940%2C198&ssl=1","width":940,"height":198,"caption":"Tradycja i Wiara"},"image":{"@id":"https:\/\/wobronietradycjiiwiary.com\/pl\/#\/schema\/logo\/image\/"},"sameAs":["https:\/\/www.facebook.com\/Tradycja-i-Wiara-108813920592249"]},{"@type":"Person","@id":"https:\/\/wobronietradycjiiwiary.com\/pl\/#\/schema\/person\/2d6180ce6abcb681fef0daab7816e8f3","name":"Traditio et Fides","sameAs":["https:\/\/traditionundglauben.com"],"url":"https:\/\/wobronietradycjiiwiary.com\/pl\/author\/wobronietradycjiiwiary\/"}]}},"jetpack_publicize_connections":[],"jetpack_sharing_enabled":true,"jetpack_likes_enabled":true,"jetpack_shortlink":"https:\/\/wp.me\/pc04Sd-udA","jetpack-related-posts":[{"id":116175,"url":"https:\/\/wobronietradycjiiwiary.com\/pl\/sw-tomasz-z-akwinu-q-81-3-z-4-jak-beda-wygladac-zmartwychpowstali-iii-czy-wszyscy-zmartwychpowstali-beda-jednej-plci-mianowicie-meskiej\/","url_meta":{"origin":116162,"position":0},"title":"\u015aw. Tomasz z Akwinu, Q. 81. (3 z 4). Jak b\u0119d\u0105 wygl\u0105da\u0107 zmartwychpowstali? (iii) Czy wszyscy zmartwychpowstali b\u0119d\u0105 jednej p\u0142ci, mianowicie m\u0119skiej?","author":"Traditio et Fides","date":"3 maja 2024","format":false,"excerpt":"Artyku\u0142 3 CZY WSZYSCY ZMARTWYCHWSTALI B\u0118D\u0104 JEDNEJ P\u0141CI, MIANOWICIE M\u0118SKIEJ? Zdaje si\u0119, \u017ce wszyscy zmartwychwstali b\u0119d\u0105 p\u0142ci m\u0119skiej, bo: 1. Aposto\u0142 pisze[1]: \u201eWszyscy dojdziemy razem ... do m\u0119\u017ca doskona\u0142ego\". A wi\u0119c po zmartwychwstaniu b\u0119dzie tylko p\u0142e\u0107 m\u0119ska. 2. Glosa do s\u0142\u00f3w Paw\u0142owych tak powiada[2]: w przysz\u0142ym wieku \u201enie b\u0119dzie ju\u017c\u2026","rel":"","context":"W \u201eDoktryna&quot;","block_context":{"text":"Doktryna","link":"https:\/\/wobronietradycjiiwiary.com\/pl\/category\/doktryna\/"},"img":{"alt_text":"","src":"https:\/\/i0.wp.com\/wobronietradycjiiwiary.com\/wp-content\/uploads\/2023\/10\/Auferstehung.jpg?resize=350%2C200&ssl=1","width":350,"height":200,"srcset":"https:\/\/i0.wp.com\/wobronietradycjiiwiary.com\/wp-content\/uploads\/2023\/10\/Auferstehung.jpg?resize=350%2C200&ssl=1 1x, https:\/\/i0.wp.com\/wobronietradycjiiwiary.com\/wp-content\/uploads\/2023\/10\/Auferstehung.jpg?resize=525%2C300&ssl=1 1.5x"},"classes":[]},{"id":116170,"url":"https:\/\/wobronietradycjiiwiary.com\/pl\/sw-tomasz-z-akwinu-q-81-2-z-4-jak-beda-wygladac-zmartwychpowstali-ii-czy-wszyscy-beda-miec-jednakowy-rozmiar\/","url_meta":{"origin":116162,"position":1},"title":"\u015aw. Tomasz z Akwinu, Q. 81. (2 z 4). Jak b\u0119d\u0105 wygl\u0105da\u0107 zmartwychpowstali? (ii) Czy wszyscy b\u0119d\u0105 mie\u0107 jednakowy rozmiar?","author":"Traditio et Fides","date":"26 kwietnia 2024","format":false,"excerpt":"Artyku\u0142 2 CZY WSZYSCY B\u0118D\u0104 MIE\u0106 JEDNAKOWY ROZMIAR CIA\u0141A? Zdaje si\u0119, \u017ce wszyscy zmartwychwstali b\u0119d\u0105 mie\u0107 jednakowy rozmiar cia\u0142a, bo: 1. W cz\u0142owieku mo\u017cna mierzy\u0107 albo mas\u0119 cielesn\u0105, albo ilo\u015b\u0107 trwania. Lecz ilo\u015b\u0107 trwania zostanie we wszystkich sprowadzona do tej samej miary, poniewa\u017c wszyscy zmartwychwstan\u0105 w tym samym wieku. A\u2026","rel":"","context":"W \u201eDoktryna&quot;","block_context":{"text":"Doktryna","link":"https:\/\/wobronietradycjiiwiary.com\/pl\/category\/doktryna\/"},"img":{"alt_text":"","src":"https:\/\/i0.wp.com\/wobronietradycjiiwiary.com\/wp-content\/uploads\/2023\/10\/Auferstehung.jpg?resize=350%2C200&ssl=1","width":350,"height":200,"srcset":"https:\/\/i0.wp.com\/wobronietradycjiiwiary.com\/wp-content\/uploads\/2023\/10\/Auferstehung.jpg?resize=350%2C200&ssl=1 1x, https:\/\/i0.wp.com\/wobronietradycjiiwiary.com\/wp-content\/uploads\/2023\/10\/Auferstehung.jpg?resize=525%2C300&ssl=1 1.5x"},"classes":[]},{"id":116181,"url":"https:\/\/wobronietradycjiiwiary.com\/pl\/sw-tomasz-z-akwinu-q-81-3-z-4-jak-beda-wygladac-zmartwychpowstali-iv-czy-beda-jesc-i-kochac-sie\/","url_meta":{"origin":116162,"position":2},"title":"\u015aw. Tomasz z Akwinu, Q. 81. (4 z 4). Jak b\u0119d\u0105 wygl\u0105da\u0107 zmartwychpowstali? (iv) Czy b\u0119d\u0105 je\u015b\u0107 i kocha\u0107 si\u0119?","author":"Traditio et Fides","date":"10 maja 2024","format":false,"excerpt":"Artyku\u0142 4 CZY U ZMARTWYCHWSTA\u0141YCH B\u0118DZIE \u017bYCIE FIZJOLOGICZNE: CZY B\u0118D\u0104 U\u017bYWA\u0106 POKARMU I KOCHA\u0106 SI\u0118? Zdaje si\u0119, \u017ce u zmartwychwsta\u0142ych b\u0119dzie \u017cycie fizjologiczne, b\u0119d\u0105 u nich czynno\u015bci w\u0142adzy od\u017cywiania i rodzenia, bo: 1. Nasze zmartwychwstanie b\u0119dzie na wz\u00f3r zmartwychwstania Chrystusa. Lecz wed\u0142ug Ewangelii[1] Chrystus po zmartwychwstaniu u\u017cywa\u0142 pokarmu. Zatem i\u2026","rel":"","context":"W \u201eDoktryna&quot;","block_context":{"text":"Doktryna","link":"https:\/\/wobronietradycjiiwiary.com\/pl\/category\/doktryna\/"},"img":{"alt_text":"","src":"https:\/\/i0.wp.com\/wobronietradycjiiwiary.com\/wp-content\/uploads\/2023\/10\/Auferstehung.jpg?resize=350%2C200&ssl=1","width":350,"height":200,"srcset":"https:\/\/i0.wp.com\/wobronietradycjiiwiary.com\/wp-content\/uploads\/2023\/10\/Auferstehung.jpg?resize=350%2C200&ssl=1 1x, https:\/\/i0.wp.com\/wobronietradycjiiwiary.com\/wp-content\/uploads\/2023\/10\/Auferstehung.jpg?resize=525%2C300&ssl=1 1.5x"},"classes":[]},{"id":123615,"url":"https:\/\/wobronietradycjiiwiary.com\/pl\/tomasz-z-akwinu-q-86-1-z-3-wlasciwosci-zmartwychwstalych-cial-potepionych-1-czy-zmartwychwstana-znieksztalcone\/","url_meta":{"origin":116162,"position":3},"title":"Tomasz z Akwinu, Q. 86. (1 z 3). W\u0142a\u015bciwo\u015bci zmartwychwsta\u0142ych cia\u0142 pot\u0119pionych. (1) Czy zmartwychwstan\u0105 zniekszta\u0142cone?","author":"Traditio et Fides","date":"25 pa\u017adziernika 2024","format":false,"excerpt":"Czasami grzech w\u017cera si\u0119 tak w cz\u0142owieka, \u017ce odbija si\u0119 na jego wygl\u0105dzie, st\u0105d pojawia si\u0119 pytanie, czy zmartwychwstali pot\u0119pie\u0144cy b\u0119d\u0105 nosi\u0107 na ciele znaki lub konsekwencje swoich grzech\u00f3w. Jednak m\u00f3wi\u0105 tak - inni tak. Pami\u0119tajmy, \u017ce kiedy\u015b obowi\u0105zywa\u0142y kary cielesne, tak \u017ce ukarany z\u0142odziej m\u00f3g\u0142 zmartwychwsta\u0107 bez obci\u0119tej prawej\u2026","rel":"","context":"W \u201eDoktryna&quot;","block_context":{"text":"Doktryna","link":"https:\/\/wobronietradycjiiwiary.com\/pl\/category\/doktryna\/"},"img":{"alt_text":"","src":"https:\/\/i0.wp.com\/wobronietradycjiiwiary.com\/wp-content\/uploads\/2023\/10\/Auferstehung.jpg?resize=350%2C200&ssl=1","width":350,"height":200,"srcset":"https:\/\/i0.wp.com\/wobronietradycjiiwiary.com\/wp-content\/uploads\/2023\/10\/Auferstehung.jpg?resize=350%2C200&ssl=1 1x, https:\/\/i0.wp.com\/wobronietradycjiiwiary.com\/wp-content\/uploads\/2023\/10\/Auferstehung.jpg?resize=525%2C300&ssl=1 1.5x"},"classes":[]},{"id":106565,"url":"https:\/\/wobronietradycjiiwiary.com\/pl\/sw-tomasz-z-akwinu-znaki-poprzedzajace-sad-q-75-o-zmartwychwstaniu-2-z-3-czy-wszyscy-zmartwychwstana\/","url_meta":{"origin":116162,"position":4},"title":"\u015aw. Tomasz z Akwinu, Znaki poprzedzaj\u0105ce S\u0105d. Q. 75. O Zmartwychwstaniu. (2 z 3). Czy wszyscy zmartwychwstan\u0105?","author":"Traditio et Fides","date":"27 pa\u017adziernika 2023","format":false,"excerpt":"O tym, dlaczego rzeczywi\u015bcie wszyscy zmartwychwstan\u0105.","rel":"","context":"W \u201eDoktryna&quot;","block_context":{"text":"Doktryna","link":"https:\/\/wobronietradycjiiwiary.com\/pl\/category\/doktryna\/"},"img":{"alt_text":"","src":"https:\/\/i0.wp.com\/wobronietradycjiiwiary.com\/wp-content\/uploads\/2023\/10\/Auferstehung.jpg?resize=350%2C200&ssl=1","width":350,"height":200,"srcset":"https:\/\/i0.wp.com\/wobronietradycjiiwiary.com\/wp-content\/uploads\/2023\/10\/Auferstehung.jpg?resize=350%2C200&ssl=1 1x, https:\/\/i0.wp.com\/wobronietradycjiiwiary.com\/wp-content\/uploads\/2023\/10\/Auferstehung.jpg?resize=525%2C300&ssl=1 1.5x"},"classes":[]},{"id":109157,"url":"https:\/\/wobronietradycjiiwiary.com\/pl\/sw-tomasz-z-akwinu-czas-i-sposob-zmartwychwstania-q-77-1-z-4-czy-zmartwychwstanie-dokona-sie-na-koncu-swiata\/","url_meta":{"origin":116162,"position":5},"title":"\u015aw. Tomasz z Akwinu, Czas i spos\u00f3b zmartwychwstania. Q. 77. (1 z 4) Czy zmartwychwstanie dokona si\u0119 na ko\u0144cu \u015bwiata?","author":"Traditio et Fides","date":"29 grudnia 2023","format":false,"excerpt":"O zmartwychwstaniu na ko\u0144cu \u015bwiata i o zmartwychwstaniu przed zmartwychwstaniem Chrystusa.","rel":"","context":"W \u201eDoktryna&quot;","block_context":{"text":"Doktryna","link":"https:\/\/wobronietradycjiiwiary.com\/pl\/category\/doktryna\/"},"img":{"alt_text":"","src":"https:\/\/i0.wp.com\/wobronietradycjiiwiary.com\/wp-content\/uploads\/2023\/10\/Auferstehung.jpg?resize=350%2C200&ssl=1","width":350,"height":200,"srcset":"https:\/\/i0.wp.com\/wobronietradycjiiwiary.com\/wp-content\/uploads\/2023\/10\/Auferstehung.jpg?resize=350%2C200&ssl=1 1x, https:\/\/i0.wp.com\/wobronietradycjiiwiary.com\/wp-content\/uploads\/2023\/10\/Auferstehung.jpg?resize=525%2C300&ssl=1 1.5x"},"classes":[]}],"amp_enabled":true,"jetpack_featured_media_url":"https:\/\/wobronietradycjiiwiary.com\/wp-content\/uploads\/2023\/10\/Auferstehung.jpg","_links":{"self":[{"href":"https:\/\/wobronietradycjiiwiary.com\/pl\/wp-json\/wp\/v2\/posts\/116162","targetHints":{"allow":["GET"]}}],"collection":[{"href":"https:\/\/wobronietradycjiiwiary.com\/pl\/wp-json\/wp\/v2\/posts"}],"about":[{"href":"https:\/\/wobronietradycjiiwiary.com\/pl\/wp-json\/wp\/v2\/types\/post"}],"author":[{"embeddable":true,"href":"https:\/\/wobronietradycjiiwiary.com\/pl\/wp-json\/wp\/v2\/users\/60508433"}],"replies":[{"embeddable":true,"href":"https:\/\/wobronietradycjiiwiary.com\/pl\/wp-json\/wp\/v2\/comments?post=116162"}],"version-history":[{"count":5,"href":"https:\/\/wobronietradycjiiwiary.com\/pl\/wp-json\/wp\/v2\/posts\/116162\/revisions"}],"predecessor-version":[{"id":116171,"href":"https:\/\/wobronietradycjiiwiary.com\/pl\/wp-json\/wp\/v2\/posts\/116162\/revisions\/116171"}],"wp:featuredmedia":[{"embeddable":true,"href":"https:\/\/wobronietradycjiiwiary.com\/pl\/wp-json\/wp\/v2\/media\/105734"}],"wp:attachment":[{"href":"https:\/\/wobronietradycjiiwiary.com\/pl\/wp-json\/wp\/v2\/media?parent=116162"}],"wp:term":[{"taxonomy":"category","embeddable":true,"href":"https:\/\/wobronietradycjiiwiary.com\/pl\/wp-json\/wp\/v2\/categories?post=116162"},{"taxonomy":"post_tag","embeddable":true,"href":"https:\/\/wobronietradycjiiwiary.com\/pl\/wp-json\/wp\/v2\/tags?post=116162"}],"curies":[{"name":"wp","href":"https:\/\/api.w.org\/{rel}","templated":true}]}}