{"id":11585,"date":"2017-03-08T20:29:29","date_gmt":"2017-03-08T19:29:29","guid":{"rendered":"https:\/\/wobronietradycjiiwiary.com\/?p=11585"},"modified":"2025-09-19T11:56:41","modified_gmt":"2025-09-19T09:56:41","slug":"abp-luigi-negri-odpowiedzialnosc-za-abdykacje-benedykta-xvi-znajduje-sie-wewnatrz-i-na-zewnatrz-watykanu","status":"publish","type":"post","link":"https:\/\/wobronietradycjiiwiary.com\/pl\/abp-luigi-negri-odpowiedzialnosc-za-abdykacje-benedykta-xvi-znajduje-sie-wewnatrz-i-na-zewnatrz-watykanu\/","title":{"rendered":"Abp. Luigi Negri: \u201eOdpowiedzialno\u015b\u0107 za abdykacj\u0119 Benedykta XVI. znajduje si\u0119 wewn\u0105trz i na zewn\u0105trz Watykanu\u201d."},"content":{"rendered":"<div id=\"bsf_rt_marker\"><\/div><p>Racja, rzeczywisto\u015b\u0107 i pewno\u015b\u0107 moralna Cz\u0142owiek lubi mie\u0107 racj\u0119. Nie dodamy jednak w tym miejscu, \u201ezw\u0142aszcza wtedy, gdy j\u0105 ma\u201d,&hellip;<\/p>\n<div style=\"text-align: center\">\n<p>&nbsp;<\/p>\n<\/div>\n<h2 style=\"border: 5px solid #0000A0;padding: 1em;text-align: center\"><span style=\"color: #000000\">Pe\u0142en dost\u0119p dla <span style=\"color: #00ccff\"><a style=\"color: #00ccff\" href=\"https:\/\/wobronietradycjiiwiary.com\/subskrypcje-2\/\" target=\"_blank\" rel=\"noopener\">subskrybent\u00f3w<\/a><\/span>.<\/span><br \/>\n<span style=\"color: #3366ff\"><a style=\"color: #3366ff\" href=\"https:\/\/wobronietradycjiiwiary.com\/account\/login\/\" target=\"_blank\" rel=\"noopener\"><span style=\"color: #00ccff\">Zaloguj<\/span><\/a> <\/span>si\u0119 lub przejd\u017a do <a href=\"https:\/\/wobronietradycjiiwiary.com\/register\/\"><span style=\"color: #3366ff\">Rejestracji<\/span><\/a>.<\/h2>\n<div>\n<p style=\"text-align: center\"><a href=\"https:\/\/wobronietradycjiiwiary.com\/pl\/subskrypcje-2\/cennik\/\" target=\"_blank\" rel=\"noopener\"><span style=\"color: #000080;font-size: 24pt\"><strong>Nowe ni\u017csze ceny<\/strong><\/span><\/a><\/p>\n<p style=\"text-align: center\"><strong><span style=\"font-size: 18pt;color: #000080\">P\u0142atno\u015b\u0107 kart\u0105<\/span><\/strong><\/p>\n<\/div>\n<h3 style=\"text-align: center\"><a href=\"https:\/\/wobronietradycjiiwiary.com\/pl\/subskrypcje-2\/automatyczne\/indywidualne\/\" target=\"_blank\" rel=\"noopener\"><img fetchpriority=\"high\" decoding=\"async\" class=\"alignnone size-medium wp-image-80433\" src=\"https:\/\/wobronietradycjiiwiary.com\/wp-content\/uploads\/2022\/11\/Unbenannt-1-Online-1-300x202.jpg\" alt=\"\" width=\"300\" height=\"202\" srcset=\"https:\/\/wobronietradycjiiwiary.com\/wp-content\/uploads\/2022\/11\/Unbenannt-1-Online-1-300x202.jpg 300w, https:\/\/wobronietradycjiiwiary.com\/wp-content\/uploads\/2022\/11\/Unbenannt-1-Online-1-150x101.jpg 150w, https:\/\/wobronietradycjiiwiary.com\/wp-content\/uploads\/2022\/11\/Unbenannt-1-Online-1-18x12.jpg 18w, https:\/\/wobronietradycjiiwiary.com\/wp-content\/uploads\/2022\/11\/Unbenannt-1-Online-1.jpg 446w\" sizes=\"(max-width: 300px) 100vw, 300px\" \/><\/a><\/h3>\n<p style=\"text-align: center\"><strong><span style=\"font-size: 18pt;color: #000080\">P\u0142atno\u015b\u0107 przelewem<\/span><\/strong><\/p>\n<p><a href=\"https:\/\/wobronietradycjiiwiary.com\/pl\/subskrypcje-2\/automatyczne\/indywidualne\/\" target=\"_blank\" rel=\"noopener\"><img decoding=\"async\" class=\"size-medium wp-image-80434 aligncenter\" src=\"https:\/\/wobronietradycjiiwiary.com\/wp-content\/uploads\/2022\/11\/Unbenannt-1-Przelewem-300x137.jpg\" alt=\"\" width=\"300\" height=\"137\" srcset=\"https:\/\/wobronietradycjiiwiary.com\/wp-content\/uploads\/2022\/11\/Unbenannt-1-Przelewem-300x137.jpg 300w, https:\/\/wobronietradycjiiwiary.com\/wp-content\/uploads\/2022\/11\/Unbenannt-1-Przelewem-450x206.jpg 450w, https:\/\/wobronietradycjiiwiary.com\/wp-content\/uploads\/2022\/11\/Unbenannt-1-Przelewem-600x274.jpg 600w, https:\/\/wobronietradycjiiwiary.com\/wp-content\/uploads\/2022\/11\/Unbenannt-1-Przelewem-150x69.jpg 150w, https:\/\/wobronietradycjiiwiary.com\/wp-content\/uploads\/2022\/11\/Unbenannt-1-Przelewem-18x8.jpg 18w, https:\/\/wobronietradycjiiwiary.com\/wp-content\/uploads\/2022\/11\/Unbenannt-1-Przelewem.jpg 676w\" sizes=\"(max-width: 300px) 100vw, 300px\" \/><\/a><\/p>\n<p style=\"text-align: center\"><strong><span style=\"font-size: 18pt;color: #000080\">P\u0142atno\u015b\u0107 kart\u0105 do 6 os\u00f3b<\/span><\/strong><\/p>\n<p><a href=\"https:\/\/wobronietradycjiiwiary.com\/pl\/rodzinne\/\" target=\"_blank\" rel=\"noopener\"><img decoding=\"async\" class=\"size-medium wp-image-80435 aligncenter\" src=\"https:\/\/wobronietradycjiiwiary.com\/wp-content\/uploads\/2022\/11\/Unbenannt-1-Rodzinna-300x208.jpg\" alt=\"\" width=\"300\" height=\"208\" srcset=\"https:\/\/wobronietradycjiiwiary.com\/wp-content\/uploads\/2022\/11\/Unbenannt-1-Rodzinna-300x208.jpg 300w, https:\/\/wobronietradycjiiwiary.com\/wp-content\/uploads\/2022\/11\/Unbenannt-1-Rodzinna-150x104.jpg 150w, https:\/\/wobronietradycjiiwiary.com\/wp-content\/uploads\/2022\/11\/Unbenannt-1-Rodzinna-18x12.jpg 18w, https:\/\/wobronietradycjiiwiary.com\/wp-content\/uploads\/2022\/11\/Unbenannt-1-Rodzinna.jpg 448w\" sizes=\"(max-width: 300px) 100vw, 300px\" \/><\/a><\/p>\n<h3 style=\"text-align: center\"><\/h3>\n<h1 style=\"text-align: center\"><\/h1>\n","protected":false},"excerpt":{"rendered":"<p>Racja, rzeczywisto\u015b\u0107 i pewno\u015b\u0107 moralna Cz\u0142owiek lubi mie\u0107 racj\u0119. Nie dodamy jednak w tym miejscu, \u201ezw\u0142aszcza wtedy, gdy j\u0105 ma\u201d,&hellip; &nbsp; Pe\u0142en dost\u0119p dla subskrybent\u00f3w. Zaloguj si\u0119 lub przejd\u017a do Rejestracji. Nowe ni\u017csze ceny P\u0142atno\u015b\u0107 kart\u0105 P\u0142atno\u015b\u0107 przelewem P\u0142atno\u015b\u0107 kart\u0105 do 6 os\u00f3b<\/p>\n","protected":false},"author":60508433,"featured_media":0,"comment_status":"closed","ping_status":"closed","sticky":false,"template":"","format":"standard","meta":{"_bbp_topic_count":0,"_bbp_reply_count":0,"_bbp_total_topic_count":0,"_bbp_total_reply_count":0,"_bbp_voice_count":0,"_bbp_anonymous_reply_count":0,"_bbp_topic_count_hidden":0,"_bbp_reply_count_hidden":0,"_bbp_forum_subforum_count":0,"_editorskit_title_hidden":false,"_editorskit_reading_time":0,"_editorskit_is_block_options_detached":false,"_editorskit_block_options_position":"{}","_coblocks_attr":"","_coblocks_dimensions":"","_coblocks_responsive_height":"","_coblocks_accordion_ie_support":"","_exactmetrics_skip_tracking":false,"_jetpack_newsletter_access":"","_jetpack_dont_email_post_to_subs":false,"_jetpack_newsletter_tier_id":0,"_jetpack_memberships_contains_paywalled_content":false,"_wpcom_ai_launchpad_first_post":false,"_jetpack_feature_clip_id":0,"_jetpack_memberships_contains_paid_content":false,"footnotes":"","jetpack_publicize_message":"{title}\n\n{excerpt}\n\n{url}","jetpack_publicize_feature_enabled":true,"jetpack_social_post_already_shared":true,"jetpack_social_options":{"image_generator_settings":{"template":"highway","default_image_id":0,"font":"","enabled":false},"version":2},"_wpas_customize_per_network":false,"jetpack_post_was_ever_published":false},"categories":[513020338,610135815,80248953,610135624,610135629,610131186],"tags":[143825880,59936161,176680,610130686,610130690,610132133],"class_list":["post-11585","post","type-post","status-publish","format-standard","hentry","category-benedykt-xvi-abdykacja","category-kard-muller","category-kosciol-posoborowy","category-watykan","category-papieze","category-polemika","tag-abdykacja-benedykta-xvi","tag-antypapiez","tag-benedykt-xvi","tag-kosciol-posoborowy","tag-papiez-franciszek","tag-restricted"],"yoast_head":"<!-- This site is optimized with the Yoast SEO plugin v28.4 - https:\/\/yoast.com\/product\/yoast-seo-wordpress\/ -->\n<title>Abp. Luigi Negri: \u201eOdpowiedzialno\u015b\u0107 za abdykacj\u0119 Benedykta XVI. znajduje si\u0119 wewn\u0105trz i na zewn\u0105trz Watykanu\u201d. - Tradycja i Wiara<\/title>\n<meta name=\"robots\" content=\"index, follow, max-snippet:-1, max-image-preview:large, max-video-preview:-1\" \/>\n<link rel=\"canonical\" href=\"https:\/\/wobronietradycjiiwiary.com\/pl\/abp-luigi-negri-odpowiedzialnosc-za-abdykacje-benedykta-xvi-znajduje-sie-wewnatrz-i-na-zewnatrz-watykanu\/\" \/>\n<meta property=\"og:locale\" content=\"pl_PL\" \/>\n<meta property=\"og:type\" content=\"article\" \/>\n<meta property=\"og:title\" content=\"Abp. Luigi Negri: \u201eOdpowiedzialno\u015b\u0107 za abdykacj\u0119 Benedykta XVI. znajduje si\u0119 wewn\u0105trz i na zewn\u0105trz Watykanu\u201d. - Tradycja i Wiara\" \/>\n<meta property=\"og:description\" content=\"Racja, rzeczywisto\u015b\u0107 i pewno\u015b\u0107 moralna Cz\u0142owiek lubi mie\u0107 racj\u0119. Nie dodamy jednak w tym miejscu, \u201ezw\u0142aszcza wtedy, gdy j\u0105 ma\u201d,&hellip; &nbsp; Pe\u0142en dost\u0119p dla subskrybent\u00f3w. Zaloguj si\u0119 lub przejd\u017a do Rejestracji. Nowe ni\u017csze ceny P\u0142atno\u015b\u0107 kart\u0105 P\u0142atno\u015b\u0107 przelewem P\u0142atno\u015b\u0107 kart\u0105 do 6 os\u00f3b\" \/>\n<meta property=\"og:url\" content=\"https:\/\/wobronietradycjiiwiary.com\/pl\/abp-luigi-negri-odpowiedzialnosc-za-abdykacje-benedykta-xvi-znajduje-sie-wewnatrz-i-na-zewnatrz-watykanu\/\" \/>\n<meta property=\"og:site_name\" content=\"Tradycja i Wiara\" \/>\n<meta property=\"article:publisher\" content=\"https:\/\/www.facebook.com\/Tradycja-i-Wiara-108813920592249\" \/>\n<meta property=\"article:published_time\" content=\"2017-03-08T19:29:29+00:00\" \/>\n<meta property=\"article:modified_time\" content=\"2025-09-19T09:56:41+00:00\" \/>\n<meta property=\"og:image\" content=\"https:\/\/wobronietradycjiiwiary.com\/wp-content\/uploads\/2017\/03\/rothfeld-hieronymus-bosch-03-1200x630-1458831796.jpg\" \/>\n\t<meta property=\"og:image:width\" content=\"1200\" \/>\n\t<meta property=\"og:image:height\" content=\"630\" \/>\n\t<meta property=\"og:image:type\" content=\"image\/jpeg\" \/>\n<meta name=\"author\" content=\"Traditio et Fides\" \/>\n<meta name=\"twitter:card\" content=\"summary_large_image\" \/>\n<meta name=\"twitter:label1\" content=\"Napisane przez\" \/>\n\t<meta name=\"twitter:data1\" content=\"Traditio et Fides\" \/>\n\t<meta name=\"twitter:label2\" content=\"Szacowany czas czytania\" \/>\n\t<meta name=\"twitter:data2\" content=\"15 minut\" \/>\n<script type=\"application\/ld+json\" class=\"yoast-schema-graph\">{\"@context\":\"https:\\\/\\\/schema.org\",\"@graph\":[{\"@type\":\"Article\",\"@id\":\"https:\\\/\\\/wobronietradycjiiwiary.com\\\/abp-luigi-negri-odpowiedzialnosc-za-abdykacje-benedykta-xvi-znajduje-sie-wewnatrz-i-na-zewnatrz-watykanu\\\/#article\",\"isPartOf\":{\"@id\":\"https:\\\/\\\/wobronietradycjiiwiary.com\\\/abp-luigi-negri-odpowiedzialnosc-za-abdykacje-benedykta-xvi-znajduje-sie-wewnatrz-i-na-zewnatrz-watykanu\\\/\"},\"author\":{\"name\":\"Traditio et Fides\",\"@id\":\"https:\\\/\\\/wobronietradycjiiwiary.com\\\/pl\\\/#\\\/schema\\\/person\\\/2d6180ce6abcb681fef0daab7816e8f3\"},\"headline\":\"Abp. Luigi Negri: \u201eOdpowiedzialno\u015b\u0107 za abdykacj\u0119 Benedykta XVI. znajduje si\u0119 wewn\u0105trz i na zewn\u0105trz Watykanu\u201d.\",\"datePublished\":\"2017-03-08T19:29:29+00:00\",\"dateModified\":\"2025-09-19T09:56:41+00:00\",\"mainEntityOfPage\":{\"@id\":\"https:\\\/\\\/wobronietradycjiiwiary.com\\\/abp-luigi-negri-odpowiedzialnosc-za-abdykacje-benedykta-xvi-znajduje-sie-wewnatrz-i-na-zewnatrz-watykanu\\\/\"},\"wordCount\":3020,\"publisher\":{\"@id\":\"https:\\\/\\\/wobronietradycjiiwiary.com\\\/pl\\\/#organization\"},\"image\":{\"@id\":\"https:\\\/\\\/wobronietradycjiiwiary.com\\\/abp-luigi-negri-odpowiedzialnosc-za-abdykacje-benedykta-xvi-znajduje-sie-wewnatrz-i-na-zewnatrz-watykanu\\\/#primaryimage\"},\"thumbnailUrl\":\"https:\\\/\\\/wobronietradycjiiwiary.com\\\/wp-content\\\/uploads\\\/2017\\\/03\\\/rothfeld-hieronymus-bosch-03-1200x630-1458831796.jpg\",\"keywords\":[\"abdykacja Benedykta XVI\",\"antypapie\u017c\",\"Benedykt XVI\",\"Ko\u015bci\u00f3\u0142 posoborowy\",\"Papie\u017c Franciszek\",\"Restricted\"],\"articleSection\":[\"3. Benedykt XVI\",\"Kard. M\u00fcller\",\"Ko\u015bci\u00f3\u0142 posoborowy\",\"Ko\u015bci\u00f3\u0142 w Watykanie\",\"Papie\u017ce\",\"Polemika\"],\"inLanguage\":\"pl-PL\"},{\"@type\":\"WebPage\",\"@id\":\"https:\\\/\\\/wobronietradycjiiwiary.com\\\/abp-luigi-negri-odpowiedzialnosc-za-abdykacje-benedykta-xvi-znajduje-sie-wewnatrz-i-na-zewnatrz-watykanu\\\/\",\"url\":\"https:\\\/\\\/wobronietradycjiiwiary.com\\\/abp-luigi-negri-odpowiedzialnosc-za-abdykacje-benedykta-xvi-znajduje-sie-wewnatrz-i-na-zewnatrz-watykanu\\\/\",\"name\":\"Abp. Luigi Negri: \u201eOdpowiedzialno\u015b\u0107 za abdykacj\u0119 Benedykta XVI. znajduje si\u0119 wewn\u0105trz i na zewn\u0105trz Watykanu\u201d. - Tradycja i Wiara\",\"isPartOf\":{\"@id\":\"https:\\\/\\\/wobronietradycjiiwiary.com\\\/pl\\\/#website\"},\"primaryImageOfPage\":{\"@id\":\"https:\\\/\\\/wobronietradycjiiwiary.com\\\/abp-luigi-negri-odpowiedzialnosc-za-abdykacje-benedykta-xvi-znajduje-sie-wewnatrz-i-na-zewnatrz-watykanu\\\/#primaryimage\"},\"image\":{\"@id\":\"https:\\\/\\\/wobronietradycjiiwiary.com\\\/abp-luigi-negri-odpowiedzialnosc-za-abdykacje-benedykta-xvi-znajduje-sie-wewnatrz-i-na-zewnatrz-watykanu\\\/#primaryimage\"},\"thumbnailUrl\":\"https:\\\/\\\/wobronietradycjiiwiary.com\\\/wp-content\\\/uploads\\\/2017\\\/03\\\/rothfeld-hieronymus-bosch-03-1200x630-1458831796.jpg\",\"datePublished\":\"2017-03-08T19:29:29+00:00\",\"dateModified\":\"2025-09-19T09:56:41+00:00\",\"breadcrumb\":{\"@id\":\"https:\\\/\\\/wobronietradycjiiwiary.com\\\/abp-luigi-negri-odpowiedzialnosc-za-abdykacje-benedykta-xvi-znajduje-sie-wewnatrz-i-na-zewnatrz-watykanu\\\/#breadcrumb\"},\"inLanguage\":\"pl-PL\",\"potentialAction\":[{\"@type\":\"ReadAction\",\"target\":[\"https:\\\/\\\/wobronietradycjiiwiary.com\\\/abp-luigi-negri-odpowiedzialnosc-za-abdykacje-benedykta-xvi-znajduje-sie-wewnatrz-i-na-zewnatrz-watykanu\\\/\"]}]},{\"@type\":\"ImageObject\",\"inLanguage\":\"pl-PL\",\"@id\":\"https:\\\/\\\/wobronietradycjiiwiary.com\\\/abp-luigi-negri-odpowiedzialnosc-za-abdykacje-benedykta-xvi-znajduje-sie-wewnatrz-i-na-zewnatrz-watykanu\\\/#primaryimage\",\"url\":\"https:\\\/\\\/wobronietradycjiiwiary.com\\\/wp-content\\\/uploads\\\/2017\\\/03\\\/rothfeld-hieronymus-bosch-03-1200x630-1458831796.jpg\",\"contentUrl\":\"https:\\\/\\\/wobronietradycjiiwiary.com\\\/wp-content\\\/uploads\\\/2017\\\/03\\\/rothfeld-hieronymus-bosch-03-1200x630-1458831796.jpg\"},{\"@type\":\"BreadcrumbList\",\"@id\":\"https:\\\/\\\/wobronietradycjiiwiary.com\\\/abp-luigi-negri-odpowiedzialnosc-za-abdykacje-benedykta-xvi-znajduje-sie-wewnatrz-i-na-zewnatrz-watykanu\\\/#breadcrumb\",\"itemListElement\":[{\"@type\":\"ListItem\",\"position\":1,\"name\":\"Strona g\u0142\u00f3wna\",\"item\":\"https:\\\/\\\/wobronietradycjiiwiary.com\\\/\"},{\"@type\":\"ListItem\",\"position\":2,\"name\":\"Abp. Luigi Negri: \u201eOdpowiedzialno\u015b\u0107 za abdykacj\u0119 Benedykta XVI. znajduje si\u0119 wewn\u0105trz i na zewn\u0105trz Watykanu\u201d.\"}]},{\"@type\":\"WebSite\",\"@id\":\"https:\\\/\\\/wobronietradycjiiwiary.com\\\/pl\\\/#website\",\"url\":\"https:\\\/\\\/wobronietradycjiiwiary.com\\\/pl\\\/\",\"name\":\"Tradycja i Wiara\",\"description\":\"Portal dla katolik\u00f3w.\",\"publisher\":{\"@id\":\"https:\\\/\\\/wobronietradycjiiwiary.com\\\/pl\\\/#organization\"},\"potentialAction\":[{\"@type\":\"SearchAction\",\"target\":{\"@type\":\"EntryPoint\",\"urlTemplate\":\"https:\\\/\\\/wobronietradycjiiwiary.com\\\/pl\\\/?s={search_term_string}\"},\"query-input\":{\"@type\":\"PropertyValueSpecification\",\"valueRequired\":true,\"valueName\":\"search_term_string\"}}],\"inLanguage\":\"pl-PL\"},{\"@type\":\"Organization\",\"@id\":\"https:\\\/\\\/wobronietradycjiiwiary.com\\\/pl\\\/#organization\",\"name\":\"Tradycja i Wiara\",\"url\":\"https:\\\/\\\/wobronietradycjiiwiary.com\\\/pl\\\/\",\"logo\":{\"@type\":\"ImageObject\",\"inLanguage\":\"pl-PL\",\"@id\":\"https:\\\/\\\/wobronietradycjiiwiary.com\\\/pl\\\/#\\\/schema\\\/logo\\\/image\\\/\",\"url\":\"https:\\\/\\\/i0.wp.com\\\/wobronietradycjiiwiary.com\\\/wp-content\\\/uploads\\\/2015\\\/10\\\/cropped-st-peters-dome-vatican.jpg?fit=940%2C198&ssl=1\",\"contentUrl\":\"https:\\\/\\\/i0.wp.com\\\/wobronietradycjiiwiary.com\\\/wp-content\\\/uploads\\\/2015\\\/10\\\/cropped-st-peters-dome-vatican.jpg?fit=940%2C198&ssl=1\",\"width\":940,\"height\":198,\"caption\":\"Tradycja i Wiara\"},\"image\":{\"@id\":\"https:\\\/\\\/wobronietradycjiiwiary.com\\\/pl\\\/#\\\/schema\\\/logo\\\/image\\\/\"},\"sameAs\":[\"https:\\\/\\\/www.facebook.com\\\/Tradycja-i-Wiara-108813920592249\"]},{\"@type\":\"Person\",\"@id\":\"https:\\\/\\\/wobronietradycjiiwiary.com\\\/pl\\\/#\\\/schema\\\/person\\\/2d6180ce6abcb681fef0daab7816e8f3\",\"name\":\"Traditio et Fides\",\"sameAs\":[\"https:\\\/\\\/traditionundglauben.com\"],\"url\":\"https:\\\/\\\/wobronietradycjiiwiary.com\\\/pl\\\/author\\\/wobronietradycjiiwiary\\\/\"}]}<\/script>\n<!-- \/ Yoast SEO plugin. -->","yoast_head_json":{"title":"Abp. Luigi Negri: \u201eOdpowiedzialno\u015b\u0107 za abdykacj\u0119 Benedykta XVI. znajduje si\u0119 wewn\u0105trz i na zewn\u0105trz Watykanu\u201d. - Tradycja i Wiara","robots":{"index":"index","follow":"follow","max-snippet":"max-snippet:-1","max-image-preview":"max-image-preview:large","max-video-preview":"max-video-preview:-1"},"canonical":"https:\/\/wobronietradycjiiwiary.com\/pl\/abp-luigi-negri-odpowiedzialnosc-za-abdykacje-benedykta-xvi-znajduje-sie-wewnatrz-i-na-zewnatrz-watykanu\/","og_locale":"pl_PL","og_type":"article","og_title":"Abp. Luigi Negri: \u201eOdpowiedzialno\u015b\u0107 za abdykacj\u0119 Benedykta XVI. znajduje si\u0119 wewn\u0105trz i na zewn\u0105trz Watykanu\u201d. - Tradycja i Wiara","og_description":"Racja, rzeczywisto\u015b\u0107 i pewno\u015b\u0107 moralna Cz\u0142owiek lubi mie\u0107 racj\u0119. Nie dodamy jednak w tym miejscu, \u201ezw\u0142aszcza wtedy, gdy j\u0105 ma\u201d,&hellip; &nbsp; Pe\u0142en dost\u0119p dla subskrybent\u00f3w. Zaloguj si\u0119 lub przejd\u017a do Rejestracji. Nowe ni\u017csze ceny P\u0142atno\u015b\u0107 kart\u0105 P\u0142atno\u015b\u0107 przelewem P\u0142atno\u015b\u0107 kart\u0105 do 6 os\u00f3b","og_url":"https:\/\/wobronietradycjiiwiary.com\/pl\/abp-luigi-negri-odpowiedzialnosc-za-abdykacje-benedykta-xvi-znajduje-sie-wewnatrz-i-na-zewnatrz-watykanu\/","og_site_name":"Tradycja i Wiara","article_publisher":"https:\/\/www.facebook.com\/Tradycja-i-Wiara-108813920592249","article_published_time":"2017-03-08T19:29:29+00:00","article_modified_time":"2025-09-19T09:56:41+00:00","og_image":[{"width":1200,"height":630,"url":"https:\/\/wobronietradycjiiwiary.com\/wp-content\/uploads\/2017\/03\/rothfeld-hieronymus-bosch-03-1200x630-1458831796.jpg","type":"image\/jpeg"}],"author":"Traditio et Fides","twitter_card":"summary_large_image","twitter_misc":{"Napisane przez":"Traditio et Fides","Szacowany czas czytania":"15 minut"},"schema":{"@context":"https:\/\/schema.org","@graph":[{"@type":"Article","@id":"https:\/\/wobronietradycjiiwiary.com\/abp-luigi-negri-odpowiedzialnosc-za-abdykacje-benedykta-xvi-znajduje-sie-wewnatrz-i-na-zewnatrz-watykanu\/#article","isPartOf":{"@id":"https:\/\/wobronietradycjiiwiary.com\/abp-luigi-negri-odpowiedzialnosc-za-abdykacje-benedykta-xvi-znajduje-sie-wewnatrz-i-na-zewnatrz-watykanu\/"},"author":{"name":"Traditio et Fides","@id":"https:\/\/wobronietradycjiiwiary.com\/pl\/#\/schema\/person\/2d6180ce6abcb681fef0daab7816e8f3"},"headline":"Abp. Luigi Negri: \u201eOdpowiedzialno\u015b\u0107 za abdykacj\u0119 Benedykta XVI. znajduje si\u0119 wewn\u0105trz i na zewn\u0105trz Watykanu\u201d.","datePublished":"2017-03-08T19:29:29+00:00","dateModified":"2025-09-19T09:56:41+00:00","mainEntityOfPage":{"@id":"https:\/\/wobronietradycjiiwiary.com\/abp-luigi-negri-odpowiedzialnosc-za-abdykacje-benedykta-xvi-znajduje-sie-wewnatrz-i-na-zewnatrz-watykanu\/"},"wordCount":3020,"publisher":{"@id":"https:\/\/wobronietradycjiiwiary.com\/pl\/#organization"},"image":{"@id":"https:\/\/wobronietradycjiiwiary.com\/abp-luigi-negri-odpowiedzialnosc-za-abdykacje-benedykta-xvi-znajduje-sie-wewnatrz-i-na-zewnatrz-watykanu\/#primaryimage"},"thumbnailUrl":"https:\/\/wobronietradycjiiwiary.com\/wp-content\/uploads\/2017\/03\/rothfeld-hieronymus-bosch-03-1200x630-1458831796.jpg","keywords":["abdykacja Benedykta XVI","antypapie\u017c","Benedykt XVI","Ko\u015bci\u00f3\u0142 posoborowy","Papie\u017c Franciszek","Restricted"],"articleSection":["3. Benedykt XVI","Kard. M\u00fcller","Ko\u015bci\u00f3\u0142 posoborowy","Ko\u015bci\u00f3\u0142 w Watykanie","Papie\u017ce","Polemika"],"inLanguage":"pl-PL"},{"@type":"WebPage","@id":"https:\/\/wobronietradycjiiwiary.com\/abp-luigi-negri-odpowiedzialnosc-za-abdykacje-benedykta-xvi-znajduje-sie-wewnatrz-i-na-zewnatrz-watykanu\/","url":"https:\/\/wobronietradycjiiwiary.com\/abp-luigi-negri-odpowiedzialnosc-za-abdykacje-benedykta-xvi-znajduje-sie-wewnatrz-i-na-zewnatrz-watykanu\/","name":"Abp. Luigi Negri: \u201eOdpowiedzialno\u015b\u0107 za abdykacj\u0119 Benedykta XVI. znajduje si\u0119 wewn\u0105trz i na zewn\u0105trz Watykanu\u201d. - Tradycja i Wiara","isPartOf":{"@id":"https:\/\/wobronietradycjiiwiary.com\/pl\/#website"},"primaryImageOfPage":{"@id":"https:\/\/wobronietradycjiiwiary.com\/abp-luigi-negri-odpowiedzialnosc-za-abdykacje-benedykta-xvi-znajduje-sie-wewnatrz-i-na-zewnatrz-watykanu\/#primaryimage"},"image":{"@id":"https:\/\/wobronietradycjiiwiary.com\/abp-luigi-negri-odpowiedzialnosc-za-abdykacje-benedykta-xvi-znajduje-sie-wewnatrz-i-na-zewnatrz-watykanu\/#primaryimage"},"thumbnailUrl":"https:\/\/wobronietradycjiiwiary.com\/wp-content\/uploads\/2017\/03\/rothfeld-hieronymus-bosch-03-1200x630-1458831796.jpg","datePublished":"2017-03-08T19:29:29+00:00","dateModified":"2025-09-19T09:56:41+00:00","breadcrumb":{"@id":"https:\/\/wobronietradycjiiwiary.com\/abp-luigi-negri-odpowiedzialnosc-za-abdykacje-benedykta-xvi-znajduje-sie-wewnatrz-i-na-zewnatrz-watykanu\/#breadcrumb"},"inLanguage":"pl-PL","potentialAction":[{"@type":"ReadAction","target":["https:\/\/wobronietradycjiiwiary.com\/abp-luigi-negri-odpowiedzialnosc-za-abdykacje-benedykta-xvi-znajduje-sie-wewnatrz-i-na-zewnatrz-watykanu\/"]}]},{"@type":"ImageObject","inLanguage":"pl-PL","@id":"https:\/\/wobronietradycjiiwiary.com\/abp-luigi-negri-odpowiedzialnosc-za-abdykacje-benedykta-xvi-znajduje-sie-wewnatrz-i-na-zewnatrz-watykanu\/#primaryimage","url":"https:\/\/wobronietradycjiiwiary.com\/wp-content\/uploads\/2017\/03\/rothfeld-hieronymus-bosch-03-1200x630-1458831796.jpg","contentUrl":"https:\/\/wobronietradycjiiwiary.com\/wp-content\/uploads\/2017\/03\/rothfeld-hieronymus-bosch-03-1200x630-1458831796.jpg"},{"@type":"BreadcrumbList","@id":"https:\/\/wobronietradycjiiwiary.com\/abp-luigi-negri-odpowiedzialnosc-za-abdykacje-benedykta-xvi-znajduje-sie-wewnatrz-i-na-zewnatrz-watykanu\/#breadcrumb","itemListElement":[{"@type":"ListItem","position":1,"name":"Strona g\u0142\u00f3wna","item":"https:\/\/wobronietradycjiiwiary.com\/"},{"@type":"ListItem","position":2,"name":"Abp. Luigi Negri: \u201eOdpowiedzialno\u015b\u0107 za abdykacj\u0119 Benedykta XVI. znajduje si\u0119 wewn\u0105trz i na zewn\u0105trz Watykanu\u201d."}]},{"@type":"WebSite","@id":"https:\/\/wobronietradycjiiwiary.com\/pl\/#website","url":"https:\/\/wobronietradycjiiwiary.com\/pl\/","name":"Tradycja i Wiara","description":"Portal dla katolik\u00f3w.","publisher":{"@id":"https:\/\/wobronietradycjiiwiary.com\/pl\/#organization"},"potentialAction":[{"@type":"SearchAction","target":{"@type":"EntryPoint","urlTemplate":"https:\/\/wobronietradycjiiwiary.com\/pl\/?s={search_term_string}"},"query-input":{"@type":"PropertyValueSpecification","valueRequired":true,"valueName":"search_term_string"}}],"inLanguage":"pl-PL"},{"@type":"Organization","@id":"https:\/\/wobronietradycjiiwiary.com\/pl\/#organization","name":"Tradycja i Wiara","url":"https:\/\/wobronietradycjiiwiary.com\/pl\/","logo":{"@type":"ImageObject","inLanguage":"pl-PL","@id":"https:\/\/wobronietradycjiiwiary.com\/pl\/#\/schema\/logo\/image\/","url":"https:\/\/i0.wp.com\/wobronietradycjiiwiary.com\/wp-content\/uploads\/2015\/10\/cropped-st-peters-dome-vatican.jpg?fit=940%2C198&ssl=1","contentUrl":"https:\/\/i0.wp.com\/wobronietradycjiiwiary.com\/wp-content\/uploads\/2015\/10\/cropped-st-peters-dome-vatican.jpg?fit=940%2C198&ssl=1","width":940,"height":198,"caption":"Tradycja i Wiara"},"image":{"@id":"https:\/\/wobronietradycjiiwiary.com\/pl\/#\/schema\/logo\/image\/"},"sameAs":["https:\/\/www.facebook.com\/Tradycja-i-Wiara-108813920592249"]},{"@type":"Person","@id":"https:\/\/wobronietradycjiiwiary.com\/pl\/#\/schema\/person\/2d6180ce6abcb681fef0daab7816e8f3","name":"Traditio et Fides","sameAs":["https:\/\/traditionundglauben.com"],"url":"https:\/\/wobronietradycjiiwiary.com\/pl\/author\/wobronietradycjiiwiary\/"}]}},"jetpack_publicize_connections":[],"jetpack_sharing_enabled":true,"jetpack_likes_enabled":true,"jetpack_shortlink":"https:\/\/wp.me\/pc04Sd-30R","jetpack-related-posts":[{"id":83158,"url":"https:\/\/wobronietradycjiiwiary.com\/pl\/benedykt-xvi-umiera-bedzie-dobrze\/","url_meta":{"origin":11585,"position":0},"title":"Benedykt XVI umiera &#8211; b\u0119dzie dobrze","author":"Traditio et Fides","date":"28 grudnia 2022","format":false,"excerpt":"O tym, \u017ce \u015bmier\u0107 Benedykta XVI jest dobr\u0105 wiadomo\u015bci\u0105 dla Ko\u015bcio\u0142a.","rel":"","context":"W \u201e3. Benedykt XVI&quot;","block_context":{"text":"3. Benedykt XVI","link":"https:\/\/wobronietradycjiiwiary.com\/pl\/category\/polemika\/kosciol-posoborowy\/papieze\/benedykt-xvi-abdykacja\/"},"img":{"alt_text":"","src":"https:\/\/i0.wp.com\/wobronietradycjiiwiary.com\/wp-content\/uploads\/2022\/12\/El-Greco-El-entierro-del-conde-de-Orgaz-1588-mini.jpg?resize=350%2C200&ssl=1","width":350,"height":200,"srcset":"https:\/\/i0.wp.com\/wobronietradycjiiwiary.com\/wp-content\/uploads\/2022\/12\/El-Greco-El-entierro-del-conde-de-Orgaz-1588-mini.jpg?resize=350%2C200&ssl=1 1x, https:\/\/i0.wp.com\/wobronietradycjiiwiary.com\/wp-content\/uploads\/2022\/12\/El-Greco-El-entierro-del-conde-de-Orgaz-1588-mini.jpg?resize=525%2C300&ssl=1 1.5x, https:\/\/i0.wp.com\/wobronietradycjiiwiary.com\/wp-content\/uploads\/2022\/12\/El-Greco-El-entierro-del-conde-de-Orgaz-1588-mini.jpg?resize=700%2C400&ssl=1 2x, https:\/\/i0.wp.com\/wobronietradycjiiwiary.com\/wp-content\/uploads\/2022\/12\/El-Greco-El-entierro-del-conde-de-Orgaz-1588-mini.jpg?resize=1050%2C600&ssl=1 3x"},"classes":[]},{"id":9579,"url":"https:\/\/wobronietradycjiiwiary.com\/pl\/franciszek-antypapiezem-wedlug-ann-barnhardt\/","url_meta":{"origin":11585,"position":1},"title":"Franciszek antypapie\u017cem wed\u0142ug Ann Barnhardt","author":"Traditio et Fides","date":"22 czerwca 2016","format":false,"excerpt":"Chocia\u017c przygotowali\u015bmy sporo spokojnych wpis\u00f3w z dzia\u0142u filozofii i teologii wieczystej, to nast\u0105pi w tym miejscu kolejny aktualny wpis dotycz\u0105cy tego, o czym m\u00f3wi i pisze obecnie katolicki \u015bwiat angloj\u0119zyczny. Dzi\u0119ki bratniej stronie onepeterfive.com dowiedzieli\u015bmy si\u0119 o kolejnym bij\u0105cym w trzewia artykule Ann Barnhardt, z kt\u00f3rym Steven Skojec dosy\u0107 spolegliwie\u2026","rel":"","context":"W \u201e3. Benedykt XVI&quot;","block_context":{"text":"3. Benedykt XVI","link":"https:\/\/wobronietradycjiiwiary.com\/pl\/category\/polemika\/kosciol-posoborowy\/papieze\/benedykt-xvi-abdykacja\/"},"img":{"alt_text":"","src":"https:\/\/i0.wp.com\/wobronietradycjiiwiary.com\/wp-content\/uploads\/2016\/06\/the-fall-of-the-rebellious-angels.jpg?resize=350%2C200&ssl=1","width":350,"height":200,"srcset":"https:\/\/i0.wp.com\/wobronietradycjiiwiary.com\/wp-content\/uploads\/2016\/06\/the-fall-of-the-rebellious-angels.jpg?resize=350%2C200&ssl=1 1x, https:\/\/i0.wp.com\/wobronietradycjiiwiary.com\/wp-content\/uploads\/2016\/06\/the-fall-of-the-rebellious-angels.jpg?resize=525%2C300&ssl=1 1.5x, https:\/\/i0.wp.com\/wobronietradycjiiwiary.com\/wp-content\/uploads\/2016\/06\/the-fall-of-the-rebellious-angels.jpg?resize=700%2C400&ssl=1 2x"},"classes":[]},{"id":83391,"url":"https:\/\/wobronietradycjiiwiary.com\/pl\/przeczucia-inaczej-lub-czy-benedykt-xvi-byl-katechonem\/","url_meta":{"origin":11585,"position":2},"title":"Przeczucia inaczej lub czy Benedykt XVI by\u0142 &#8220;katechonem&#8221;?","author":"Traditio et Fides","date":"2 stycznia 2023","format":false,"excerpt":"Czy Benedykt XVI by\u0142 \"katechonem\"?","rel":"","context":"W \u201eB XVI \u015bmier\u0107&quot;","block_context":{"text":"B XVI \u015bmier\u0107","link":"https:\/\/wobronietradycjiiwiary.com\/pl\/category\/polemika\/kosciol-posoborowy\/papieze\/benedykt-xvi-abdykacja\/b-xvi-smierc\/"},"img":{"alt_text":"","src":"https:\/\/i0.wp.com\/wobronietradycjiiwiary.com\/wp-content\/uploads\/2023\/01\/Puchatek-i-prosiaczek.jpeg?resize=350%2C200&ssl=1","width":350,"height":200,"srcset":"https:\/\/i0.wp.com\/wobronietradycjiiwiary.com\/wp-content\/uploads\/2023\/01\/Puchatek-i-prosiaczek.jpeg?resize=350%2C200&ssl=1 1x, https:\/\/i0.wp.com\/wobronietradycjiiwiary.com\/wp-content\/uploads\/2023\/01\/Puchatek-i-prosiaczek.jpeg?resize=525%2C300&ssl=1 1.5x, https:\/\/i0.wp.com\/wobronietradycjiiwiary.com\/wp-content\/uploads\/2023\/01\/Puchatek-i-prosiaczek.jpeg?resize=700%2C400&ssl=1 2x"},"classes":[]},{"id":9743,"url":"https:\/\/wobronietradycjiiwiary.com\/pl\/no-i-wykrakalismy-lub-czy-benedykt-xvi-ustapil-pod-naciskiem\/","url_meta":{"origin":11585,"position":3},"title":"No i wykrakali\u015bmy lub Czy Benedykt XVI ust\u0105pi\u0142 pod naciskiem?","author":"Traditio et Fides","date":"4 lipca 2016","format":false,"excerpt":"Dzisiejsze blogi katolickie donosz\u0105 o kolejnym wywiadzie papie\u017ca (w sumie antypapie\u017ca, ale do udowodnienia tej tezy ponad wszelk\u0105 w\u0105tpliwo\u015b\u0107 lub zniesienia go z urz\u0119du b\u0119dziemy go tak nadal tytu\u0142owa\u0107) Franciszka dla prasy argenty\u0144skiej, w kt\u00f3rej Franciszek m\u00f3wi o Benedykcie: \u201eBy\u0142 rewolucjonist\u0105. [...] Jego [Benedykta] zachowanie by\u0142o bez zarzutu. Jego rezygnacja\u2026","rel":"","context":"W \u201e3. Benedykt XVI&quot;","block_context":{"text":"3. Benedykt XVI","link":"https:\/\/wobronietradycjiiwiary.com\/pl\/category\/polemika\/kosciol-posoborowy\/papieze\/benedykt-xvi-abdykacja\/"},"img":{"alt_text":"","src":"https:\/\/i0.wp.com\/wobronietradycjiiwiary.com\/wp-content\/uploads\/2016\/07\/tumblr_mb90sn4kh11qbhp9xo1_1280.jpg?resize=350%2C200&ssl=1","width":350,"height":200,"srcset":"https:\/\/i0.wp.com\/wobronietradycjiiwiary.com\/wp-content\/uploads\/2016\/07\/tumblr_mb90sn4kh11qbhp9xo1_1280.jpg?resize=350%2C200&ssl=1 1x, https:\/\/i0.wp.com\/wobronietradycjiiwiary.com\/wp-content\/uploads\/2016\/07\/tumblr_mb90sn4kh11qbhp9xo1_1280.jpg?resize=525%2C300&ssl=1 1.5x, https:\/\/i0.wp.com\/wobronietradycjiiwiary.com\/wp-content\/uploads\/2016\/07\/tumblr_mb90sn4kh11qbhp9xo1_1280.jpg?resize=700%2C400&ssl=1 2x"},"classes":[]},{"id":10340,"url":"https:\/\/wobronietradycjiiwiary.com\/pl\/teologia-ciala-lub-przeklad-z-janopawlowego-na-nasz-z-teologia-jp2-teoria-powszechnego-zbawienia\/","url_meta":{"origin":11585,"position":4},"title":"JP2 \u017ar\u00f3d\u0142em i szczytem posoborowia lub z janopaw\u0142owego na nasz (8 z 8). Wnioski.","author":"Traditio et Fides","date":"27 stycznia 2017","format":false,"excerpt":"Wnioski praktyczne Zdajemy sobie spraw\u0119, \u017ce zadajemy wielu czytelnikom b\u00f3l, gdy\u017c wszyscy mamy uczucia, a przekaz wiedzy tak\u017ce te uczucia powinien uzgl\u0119dnia\u0107. I dlatego na glorii.tv najpopularniejsze s\u0105 te wpisy, z kt\u00f3rymi wi\u0119kszo\u015b\u0107 u\u017cytkownik\u00f3w mo\u017ce si\u0119 emocjonalnie uto\u017csami\u0107, a nie te kt\u00f3re s\u0105 prawdziwe, bo to trzeba by\u0107 w stanie\u2026","rel":"","context":"W \u201e2. Jan Pawe\u0142 II&quot;","block_context":{"text":"2. Jan Pawe\u0142 II","link":"https:\/\/wobronietradycjiiwiary.com\/pl\/category\/polemika\/kosciol-posoborowy\/papieze\/jan-pawel-ii-krytyka\/"},"img":{"alt_text":"","src":"https:\/\/i0.wp.com\/wobronietradycjiiwiary.com\/wp-content\/uploads\/2016\/09\/fra_angelico_-_entombment_-_wga0515.jpg?resize=350%2C200&ssl=1","width":350,"height":200,"srcset":"https:\/\/i0.wp.com\/wobronietradycjiiwiary.com\/wp-content\/uploads\/2016\/09\/fra_angelico_-_entombment_-_wga0515.jpg?resize=350%2C200&ssl=1 1x, https:\/\/i0.wp.com\/wobronietradycjiiwiary.com\/wp-content\/uploads\/2016\/09\/fra_angelico_-_entombment_-_wga0515.jpg?resize=525%2C300&ssl=1 1.5x, https:\/\/i0.wp.com\/wobronietradycjiiwiary.com\/wp-content\/uploads\/2016\/09\/fra_angelico_-_entombment_-_wga0515.jpg?resize=700%2C400&ssl=1 2x, https:\/\/i0.wp.com\/wobronietradycjiiwiary.com\/wp-content\/uploads\/2016\/09\/fra_angelico_-_entombment_-_wga0515.jpg?resize=1050%2C600&ssl=1 3x"},"classes":[]},{"id":11320,"url":"https:\/\/wobronietradycjiiwiary.com\/pl\/ann-barnhardt-pociac-ten-bzdet-32-pytania-i-dosadne-odpowiedzi-dotyczace-kosciola-katolickiego-i-antypapieza-bergoglio\/","url_meta":{"origin":11585,"position":5},"title":"Ann Barnhardt, Poci\u0105\u0107 ten bzdet: 32 Pytania i dosadne odpowiedzi dotycz\u0105ce Ko\u015bcio\u0142a Katolickiego i antypapie\u017ca Bergoglio","author":"Traditio et Fides","date":"28 stycznia 2017","format":false,"excerpt":"\u00a0 S\u0105dz\u0105c po mojej skrzynce emailowej \u00a0i r\u00f3\u017cnych komentarzach w internecie stwierdzam, \u017ce coraz wi\u0119cej ludzi jest zgorszonych i traci swoj\u0105 wiar\u0119 ka\u017cdego dnia. Jednym z powod\u00f3w, dla kt\u00f3rych s\u0105 zgorszeni jest to, \u017ce wszystko, co czytaj\u0105 na stronach, nale\u017c\u0105cych do konserwatywnego lub tradycjonalistycznego skrzyd\u0142a Ko\u015bcio\u0142a jest g\u0142\u0119boko niesatysfakcjonuj\u0105ce, \u017ceby\u2026","rel":"","context":"W \u201e3. Benedykt XVI&quot;","block_context":{"text":"3. Benedykt XVI","link":"https:\/\/wobronietradycjiiwiary.com\/pl\/category\/polemika\/kosciol-posoborowy\/papieze\/benedykt-xvi-abdykacja\/"},"img":{"alt_text":"","src":"https:\/\/i0.wp.com\/wobronietradycjiiwiary.com\/wp-content\/uploads\/2017\/01\/valentin_de_boulogne_judith_and_holofernes.jpg?resize=350%2C200&ssl=1","width":350,"height":200,"srcset":"https:\/\/i0.wp.com\/wobronietradycjiiwiary.com\/wp-content\/uploads\/2017\/01\/valentin_de_boulogne_judith_and_holofernes.jpg?resize=350%2C200&ssl=1 1x, https:\/\/i0.wp.com\/wobronietradycjiiwiary.com\/wp-content\/uploads\/2017\/01\/valentin_de_boulogne_judith_and_holofernes.jpg?resize=525%2C300&ssl=1 1.5x, https:\/\/i0.wp.com\/wobronietradycjiiwiary.com\/wp-content\/uploads\/2017\/01\/valentin_de_boulogne_judith_and_holofernes.jpg?resize=700%2C400&ssl=1 2x, https:\/\/i0.wp.com\/wobronietradycjiiwiary.com\/wp-content\/uploads\/2017\/01\/valentin_de_boulogne_judith_and_holofernes.jpg?resize=1050%2C600&ssl=1 3x"},"classes":[]}],"amp_enabled":true,"jetpack_featured_media_url":"","_links":{"self":[{"href":"https:\/\/wobronietradycjiiwiary.com\/pl\/wp-json\/wp\/v2\/posts\/11585","targetHints":{"allow":["GET"]}}],"collection":[{"href":"https:\/\/wobronietradycjiiwiary.com\/pl\/wp-json\/wp\/v2\/posts"}],"about":[{"href":"https:\/\/wobronietradycjiiwiary.com\/pl\/wp-json\/wp\/v2\/types\/post"}],"author":[{"embeddable":true,"href":"https:\/\/wobronietradycjiiwiary.com\/pl\/wp-json\/wp\/v2\/users\/60508433"}],"replies":[{"embeddable":true,"href":"https:\/\/wobronietradycjiiwiary.com\/pl\/wp-json\/wp\/v2\/comments?post=11585"}],"version-history":[{"count":1,"href":"https:\/\/wobronietradycjiiwiary.com\/pl\/wp-json\/wp\/v2\/posts\/11585\/revisions"}],"predecessor-version":[{"id":153941,"href":"https:\/\/wobronietradycjiiwiary.com\/pl\/wp-json\/wp\/v2\/posts\/11585\/revisions\/153941"}],"wp:attachment":[{"href":"https:\/\/wobronietradycjiiwiary.com\/pl\/wp-json\/wp\/v2\/media?parent=11585"}],"wp:term":[{"taxonomy":"category","embeddable":true,"href":"https:\/\/wobronietradycjiiwiary.com\/pl\/wp-json\/wp\/v2\/categories?post=11585"},{"taxonomy":"post_tag","embeddable":true,"href":"https:\/\/wobronietradycjiiwiary.com\/pl\/wp-json\/wp\/v2\/tags?post=11585"}],"curies":[{"name":"wp","href":"https:\/\/api.w.org\/{rel}","templated":true}]}}