{"id":113350,"date":"2024-03-19T08:15:27","date_gmt":"2024-03-19T07:15:27","guid":{"rendered":"https:\/\/wobronietradycjiiwiary.com\/?p=113350"},"modified":"2025-02-10T11:49:04","modified_gmt":"2025-02-10T10:49:04","slug":"19-go-marca-zywot-swietego-jozefa-opiekuna-jezusa-chrystusa-2-2-2","status":"publish","type":"post","link":"https:\/\/wobronietradycjiiwiary.com\/pl\/19-go-marca-zywot-swietego-jozefa-opiekuna-jezusa-chrystusa-2-2-2\/","title":{"rendered":"19-go Marca. \u017bywot \u015bwi\u0119tego J\u00f3zefa, Opiekuna Jezusa Chrystusa."},"content":{"rendered":"<div id=\"bsf_rt_marker\"><\/div>\n<p class=\"has-text-align-center wp-block-paragraph\"><em>(\u017by\u0142 z Panem Jezusem).<\/em><\/p>\n\n\n\n<h2 class=\"has-vivid-purple-color has-text-color wp-block-heading\">Czas lektury: 5 minut<\/h2>\n\n\n\n<figure class=\"wp-block-image\"><a href=\"https:\/\/pl.wikisource.org\/wiki\/Plik:%C5%BBywoty_%C5%9Bw._Pa%C5%84skich_na_wszystkie_dnie_roku-Inicja%C5%82-M.png\"><img decoding=\"async\" src=\"https:\/\/upload.wikimedia.org\/wikipedia\/commons\/thumb\/1\/18\/%C5%BBywoty_%C5%9Bw._Pa%C5%84skich_na_wszystkie_dnie_roku-Inicja%C5%82-M.png\/75px-%C5%BBywoty_%C5%9Bw._Pa%C5%84skich_na_wszystkie_dnie_roku-Inicja%C5%82-M.png\" alt=\"M\"\/><\/a><\/figure>\n\n\n\n<p class=\"wp-block-paragraph\">LEKCYA (z ksi\u0119gi Eklezyastyka rozdzia\u0142 45, wiersz 1\u20146).\u2009<\/p>\n\n\n\n<p class=\"has-text-align-justify wp-block-paragraph\">Mi\u0142y Bogu i ludziom, kt\u00f3rego pami\u0105tka jest w b\u0142ogos\u0142awie\u0144stwie. Podobnym go uczyni\u0142 \u015awi\u0119tym w chwale i uczyni\u0142 go wielkim przez strach nieprzyjaci\u00f3\u0142, i na jego s\u0142owa dziwy u\u015bmierzy\u0142. Uczyni\u0142 go zacnym przed oczyma kr\u00f3l\u00f3w i da\u0142 mu rozkazanie przed ludem Swoim i ukaza\u0142 mu chwa\u0142\u0119 Swoj\u0105. Uczyni\u0142 go \u015awi\u0119tym w wierze i w cicho\u015bci jego, i wybra\u0142 go z wszelkiego cia\u0142a; albowiem s\u0142ucha\u0142 go i g\u0142osu jego i wwi\u00f3d\u0142 go w ob\u0142ok, i poda\u0142 mu obliczenie przykazania i zakon \u017cywota i umiej\u0119tno\u015bci.<\/p>\n\n\n\n<p class=\"wp-block-paragraph\"><br>EWANGELIA (Mat. rozdz. 1, w. 18-21).<\/p>\n\n\n\n<p class=\"has-text-align-justify wp-block-paragraph\">\u2009Gdy by\u0142a po\u015blubiona Matka Jezusa, Marya, J\u00f3zefowi, pierwej ni\u015bli si\u0119 zeszli, znaleziona jest w \u017cywocie, maj\u0105ca z Ducha \u015bw. A J\u00f3zef, m\u0105\u017c Jej, b\u0119d\u0105c sprawiedliwym, i nie chc\u0105c Jej os\u0142awia\u0107, chcia\u0142 J\u0105 potajemnie opu\u015bci\u0107. A gdy to my\u015bli\u0142, oto Anio\u0142 Pa\u0144ski&nbsp;ukaza\u0142 mu si\u0119 we \u015bnie, m\u00f3wi\u0105c: J\u00f3zefie, synu Dawid\u00f3w, nie b\u00f3j si\u0119 przyj\u0105\u0107 Maryi, ma\u0142\u017conki twej, albowiem co si\u0119 w Niej urodzi\u0142o, z Ducha \u015bwi\u0119tego jest; a porodzi Syna, i nazwiesz imi\u0119 Jego Jezus, albowiem On zbawi lud Sw\u00f3j od grzech\u00f3w ich.<br><\/p>\n\n\n\n<hr class=\"wp-block-separator\"\/>\n\n\n\n<p class=\"has-text-align-justify wp-block-paragraph\">\u2009Po Bogu i Naj\u015bw. Pannie zajmuje \u015bwi\u0119ty J\u00f3zef pierwsze miejsce mi\u0119dzy \u015awi\u0119tymi. Powo\u0142anie jego na ziemi, jego stosunek do Jezusa Chrystusa i Naj\u015bw. Maryi Panny, jego \u015bwi\u0119to\u015b\u0107, wszystko to by\u0142o czem\u015b odr\u0119bnem, nie mog\u0105cem i\u015b\u0107 w por\u00f3wnanie z powo\u0142aniem, ze stanowiskiem i \u015bwi\u0119to\u015bci\u0105 innych \u015awi\u0119tych Pa\u0144skich. \u015aw. J\u00f3zef bra\u0142 \u017cywy udzia\u0142 w rado\u015bci i smutku Naj\u015bw. Panny, on troszczy\u0142 si\u0119 o dobro doczesne swego Boskiego Wychowa\u0144ca, on te\u017c i we wieczno\u015bci jest przy boku Tego, kt\u00f3rego na ziemi by\u0142 Opiekunem i \u017cywicielem. \u201eM\u0105\u017c wierny b\u0119dzie wielce chwalony, a kto jest str\u00f3\u017cem swego Pana, ten b\u0119dzie uwielbiony.\u201c S\u0142owa te Pisma \u015bwi\u0119tego jak najzupe\u0142niej stosuj\u0105 si\u0119 do \u015bwi\u0119tego J\u00f3zefa, bo nigdzie na \u015bwiecie nie zabrzmi\u0105 s\u0142odkie Imiona \u201eJezus\u201c, \u201eMarya\u201c, a\u017ceby nie przydano na trzeciem miejscu J\u00f3zefa.<br>\u2009Ewangelia \u015bwi\u0119ta ma\u0142o nam wspomina szczeg\u00f3\u0142\u00f3w z \u017cywota \u015bw. J\u00f3zefa. G\u0142\u00f3wnie dowiadujemy si\u0119 z Pisma \u015bw., \u017ce: \u201eJ\u00f3zef, m\u0105\u017c Jej, b\u0119d\u0105c sprawiedliwym.\u201c (Mat. 1, 19). Jest to pochwa\u0142a, jakiej Pismo \u015bwi\u0119te nikomu nie nada\u0142o.<\/p>\n\n\n\n<p class=\"has-text-align-justify wp-block-paragraph\"><br>\u2009\u015awi\u0119ty J\u00f3zef urodzi\u0142 si\u0119 w Betleem, a pochodzi\u0142 z kr\u00f3lewskiego domu Dawida. Ojcowie Ko\u015bcio\u0142a \u015bwi\u0119tego wszyscy s\u0105 tego zdania, \u017ce \u015bwi\u0119ty J\u00f3zef przez szczeg\u00f3ln\u0105 \u0142ask\u0119 Boga wolnym by\u0142 nawet od grzechu powszedniego. Jego zatrudnieniem by\u0142a ciesi\u00f3\u0142ka, i to stanowi\u0142o ca\u0142e utrzymanie \u015bw. Rodziny. \u017be ju\u017c w pierwszej m\u0142odo\u015bci z\u0142o\u017cy\u0142 \u015blub czysto\u015bci, Ojcowie \u015bwi\u0119ci dowodz\u0105 jak nast\u0119puje: \u201eJe\u017celi Jezus Chrystus powierzy\u0142 na krzy\u017cu Sw\u0105 ju\u017c w leciech podesz\u0142\u0105 Matk\u0119 nie komu innemu, jak tylko&nbsp;dziewiczemu&nbsp;Janowi, to jak\u017ceby J\u0105 w Jej m\u0142odych latach m\u00f3g\u0142 by\u0142 powierzy\u0107 \u015bwi\u0119temu J\u00f3zefowi, gdyby on nie by\u0142&nbsp;dziewiczym?\u201c<\/p>\n\n\n\n<p class=\"has-text-align-justify wp-block-paragraph\"><br>\u2009Kiedy J\u00f3zef liczy\u0142 oko\u0142o czterdziestu lat wieku, zarz\u0105dzi\u0142a Opatrzno\u015b\u0107 Boska, \u017ce musia\u0142 si\u0119 z czternastoletni\u0105 Mary\u0105 w \u015bwi\u0105tyni w Jerozolimie zar\u0119czy\u0107.<sup><a href=\"https:\/\/pl.wikisource.org\/wiki\/%C5%BBywot_%C5%9Bwi%C4%99tego_J%C3%B3zefa,_Opiekuna_Jezusa_Chrystusa#cite_note-1\">[1]<\/a><\/sup>&nbsp;U \u017cyd\u00f3w by\u0142o zwyczajem, \u017ce po zar\u0119czynach nie wolno by\u0142o oblubie\u0144cowi przez dziesi\u0119\u0107 do dwunastu miesi\u0119cy oblubienicy swej widzie\u0107, ani tez z ni\u0105 m\u00f3wi\u0107.<\/p>\n\n\n\n<p class=\"has-text-align-justify wp-block-paragraph\"><br>\u2009Jeszcze przed za\u015blubinami zwiastowa\u0142 Archanio\u0142 Gabryel Maryi, \u017ce b\u0119dzie Matk\u0105 Syna Bo\u017cego i Marya pocz\u0119\u0142a z Ducha \u015bw. Po zwiastowaniu uda\u0142a si\u0119 Marya w g\u00f3ry do Swej pokrewnej El\u017cbiety i bawi\u0142a tam przez trzy miesi\u0105ce. Po powrocie do Nazaretu odby\u0142y si\u0119 za\u015blubiny. J\u00f3zef wnet musia\u0142 spostrzedz, \u017ce Marya jest brzemienn\u0105 i zachodzi\u0142 w g\u0142ow\u0119, jakby si\u0119 to sta\u0107 mog\u0142o,&nbsp;poniewa\u017c Jej wielka cnota a\u017c nadto by\u0142a mu znan\u0105. Trapi\u0142 si\u0119 wi\u0119c bardzo, i Marya z nim, gdy\u017c wiedzia\u0142a pow\u00f3d jego zmartwienia, a nie mog\u0142a mu rzeczywistej prawdy wyjawi\u0107, nie chc\u0105c uprzedza\u0107 woli Bo\u017cej. Jako\u017c B\u00f3g Jej nie opu\u015bci\u0142, gdy bowiem J\u00f3zef ju\u017c potajemnie zamierza\u0142 Mary\u0119 opu\u015bci\u0107, zes\u0142a\u0142 Pan Archanio\u0142a Gabryela, kt\u00f3ry ukazawszy mu si\u0119 we \u015bnie, rzek\u0142: \u201eJ\u00f3zefie, synu Dawid\u00f3w, nie b\u00f3j si\u0119 przyj\u0105\u0107 Maryi ma\u0142\u017conki twej. Albowiem co si\u0119 w Niej urodzi\u0142o, jest z Ducha \u015bwi\u0119tego.\u201c (Mat. 1, 20). To widzenie nape\u0142ni\u0142o J\u00f3zefa wielk\u0105 rado\u015bci\u0105, albowiem dowiedzia\u0142 si\u0119, \u017ce jego ma\u0142\u017conka zostanie Matk\u0105 upragnionego Mesyasza, a on wybranym jest na opiekuna Syna Bo\u017cego!<\/p>\n\n\n\n<p class=\"has-text-align-justify wp-block-paragraph\"><br>\u2009Po kilku miesi\u0105cach musia\u0142 si\u0119 na rozkaz cesarski uda\u0107 z Mary\u0105 do Betleem, miasta Dawidowego, aby tam da\u0107 si\u0119 zapisa\u0107. Tu nie znalaz\u0142szy gospody, zniewolony by\u0142 nocowa\u0107 w stajence, gdzie si\u0119 narodzi\u0142 Jezus Chrystus, Zbawiciel \u015bwiata. Marya i J\u00f3zef byli pierwsi, kt\u00f3rzy pad\u0142szy na kolana, oddali pok\u0142on Zbawicielowi. Pokora jego i uwielbienie by\u0142y tak wielkie, \u017ce nie \u015bmia\u0142 si\u0119 Dzieci\u0105tka Boskiego dotkn\u0105\u0107; dopiero gdy Ono samo wyci\u0105gn\u0119\u0142o do niego r\u0105cz\u0119ta, wtedy i J\u00f3zef wzi\u0105\u0142 je na swe r\u0119ce, przycisn\u0105\u0142 do serca i uca\u0142owa\u0142. W o\u015bm dni p\u00f3\u017aniej nast\u0105pi\u0142o obrzezanie i J\u00f3zef nada\u0142 Dzieci\u0119ciu imi\u0119 Jezus, jak Anio\u0142 rozkaza\u0142. W czterdzie\u015bci dni p\u00f3\u017aniej by\u0142 obecnym przy przedstawieniu Jezusa w ko\u015bciele i us\u0142ysza\u0142 prorocze s\u0142owa Symeona, \u017ce \u201eOto ten po\u0142o\u017cony jest na upadek i powstanie wielu, i dusz\u0119 Tw\u0105 w\u0142asn\u0105 przeniknie miecz.\u201c (\u0141uk. 2, 34. 35). Odt\u0105d rozpoczyna si\u0119 szereg utrapie\u0144 i dolegliwo\u015bci. Ucieczka do Egiptu i pobyt tam\u017ce w n\u0119dzy i ub\u00f3stwie, a kiedy si\u0119 wr\u00f3ci\u0142 do Nazaretu, musia\u0142 w pocie czo\u0142a pracowa\u0107 na wy\u017cywienie \u015bwi\u0119tej Rodziny, co dla niego nie by\u0142o dla podesz\u0142ego wieku tak \u0142atwem. Zgubienie Jezusa w Jerozolimie zakrwawi\u0142o jego serce i nape\u0142ni\u0142o \u015bmiertelnym strachem; odnalezienie Go za\u015b w \u015bwi\u0105tyni nieopisan\u0105 rado\u015bci\u0105. Tu o\u015bwiadczy\u0142 Jezus publicznie, \u017ce J\u00f3zef nie jest Jego ojcem, bo gdy Marya ujrzawszy Jezusa pomi\u0119dzy doktorami i \u015bwiadomymi Pisma rzek\u0142a: \u201eSynu, c\u00f3\u017ce\u015b nam tak uczyni\u0142? oto ojciec Tw\u00f3j i Ja \u017ca\u0142o\u015bnie szukali\u015bmy Ci\u0119\u201c \u2014 odpowiedzia\u0142 Jezus: \u201eC\u00f3\u017c jest, \u017ce\u015bcie Mnie szukali? nie wiedzieli\u015bcie, i\u017c w tych rzeczach, kt\u00f3re s\u0105 Ojca Mego, potrzeba, \u017cebym by\u0142?&#8221; (\u0141uk. 2, 48\u201449).<\/p>\n\n\n\n<p class=\"has-text-align-justify wp-block-paragraph\"><br>\u2009Od czasu tej pielgrzymki do \u015bwi\u0105tyni Pismo \u015bwi\u0119te nic o J\u00f3zefie nie wspomina, a co wiemy, to dosz\u0142o do nas przez podanie. J\u00f3zef \u017cy\u0142 trzydzie\u015bci lat od narodzenia Jezusa. Po powrocie z Egiptu \u017cy\u0142 w Nazarecie i jedynie oddawa\u0142 si\u0119 staraniu o utrzymanie \u015bwi\u0119tej Rodziny. \u017be i Jezus mu w rzemio\u015ble pomaga\u0142, o tem niema w\u0105tpliwo\u015bci, bo nie podobna przypu\u015bci\u0107, aby si\u0119 oboj\u0119tnie ci\u0119\u017ckiej pracy Swego \u017cywiciela mia\u0142 przypatrywa\u0107.<\/p>\n\n\n\n<p class=\"has-text-align-justify wp-block-paragraph\"><br>\u2009Kiedy Jezus mia\u0142 publicznie wyst\u0105pi\u0107 jako nauczyciel, sko\u0144czy\u0142 si\u0119 czas opieki dla \u015bwi\u0119tego J\u00f3zefa, a nadszed\u0142 czas zap\u0142aty za sumienne wykonywanie od Boga powierzonego mu urz\u0119du. Koniec \u017cywota J\u00f3zefa by\u0142 najpi\u0119kniejszym, bo go piel\u0119gnowali sam Jezus i Marya. W ostatniej godzinie zar\u0119czy\u0142 mu Jezus: \u201eJam jest zmartwychwstanie i \u017cywot; kto we Mnie wierzy, cho\u0107by i umar\u0142, \u017cyw b\u0119dzie.\u201c (Jan 11, 25\u201426). \u015amier\u0107 jego by\u0142a spokojnem za\u015bni\u0119ciem, st\u0105d te\u017c \u015bwi\u0119ty J\u00f3zef jest Patronem konaj\u0105cych. Niezliczone cuda s\u0105 dowodem jego pot\u0119gi w Niebie i mi\u0142o\u015bci, jak\u0105 otacza tych, kt\u00f3rzy go z ufno\u015bci\u0105 wzywaj\u0105. W dow\u00f3d tego og\u0142osi\u0142 go Papie\u017c Pius IX w roku 1870 Patronem ca\u0142ego Ko\u015bcio\u0142a katolickiego.<\/p>\n\n\n\n<h2 class=\"wp-block-heading\"><br><strong>Nauka moralna.<\/strong><\/h2>\n\n\n\n<p class=\"has-text-align-justify wp-block-paragraph\">\u2009\u015awi\u0119ty J\u00f3zef ju\u017c tu na ziemi dost\u0105pi\u0142 szcz\u0119\u015bcia, \u017ce m\u00f3g\u0142 ze Zbawicielem obcowa\u0107, piastowa\u0107 Go, a nawet by\u0142 Jego opiekunem, czyli zast\u0119powa\u0142 samego Boga Ojca. W takiej \u0142asce b\u0119d\u0105cy \u015awi\u0119ty ma te\u017c u Boga wiele znaczenia i mo\u017ce u Jezusa wszystko wyprosi\u0107. Jezus tu na ziemi by\u0142 mu \u201epos\u0142usznym\u201c i kocha\u0142 go, czy\u017cby teraz w Niebie mia\u0142o si\u0119 to odmieni\u0107? \u015awi\u0119ta Teresa pisze: \u201eObra\u0142am sobie \u015bwi\u0119tego J\u00f3zefa za Patrona, i do niego si\u0119 uciekam we wszystkich sprawach. Nie przypominam sobie, abym kiedy Boga przez jego przyczyn\u0119 o co prosi\u0142a, a nie&nbsp;zosta\u0142a wys\u0142uchan\u0105. Nie zna\u0142am te\u017c \u017cadnego czciciela \u015bwi\u0119tego J\u00f3zefa, kt\u00f3ryby w cnotach nie robi\u0142 znacznych post\u0119p\u00f3w. Jego przyczyna u Boga jest cudown\u0105 dla wszystkich, kt\u00f3rzy si\u0119 do niego z ufno\u015bci\u0105 udaj\u0105. B\u00f3g udzieli\u0142 innym \u015awi\u0119tym moc przybywania nam z pomoc\u0105 w&nbsp;niekt\u00f3rych&nbsp;przypadkach; \u015bwi\u0119ty J\u00f3zef ma za\u015b t\u0119 moc we&nbsp;wszystkich&nbsp;stosunkach \u017cycia naszego nam dopom\u00f3dz.\u201c Mianowicie powinni\u015bmy wzywa\u0107 \u015bwi\u0119tego J\u00f3zefa jako Patrona konaj\u0105cych, aby nam wyprosi\u0142 \u015bmier\u0107 szcz\u0119\u015bliw\u0105 i lekkie skonanie. Miejmy cz\u0119sto na ustach owe s\u0142odkie Imiona: Jezus, Marya, J\u00f3zef! \u201ePostanowi\u0142 go panem domu swego: i ksi\u0105\u017c\u0119ciem wszystkiej dzier\u017cawy swojej.\u201c (Ps. 104, 21).<\/p>\n\n\n\n<h2 class=\"wp-block-heading\"><br><strong>Modlitwa.<\/strong><\/h2>\n\n\n\n<blockquote class=\"wp-block-quote is-layout-flow wp-block-quote-is-layout-flow\"><p>\u2009Prosimy Ci\u0119, Panie, aby\u015bmy przez zas\u0142ugi Oblubie\u0144ca Twej Naj\u015bwi\u0119tszej Rodzicielki pomocy doznali, i\u017cby\u015bmy, czego my sami uprosi\u0107 nie mo\u017cemy, za Jego przyczyn\u0105 otrzymali. Przez Pana naszego, Jezusa Chrystusa. Amen.<\/p><\/blockquote>\n\n\n\n<figure class=\"wp-block-table\"><table><tbody><tr><td>\u2217&nbsp;&nbsp;&nbsp;&nbsp;&nbsp;&nbsp;&nbsp;&nbsp;&nbsp;&nbsp;&nbsp;&nbsp;&nbsp;&nbsp;&nbsp;&nbsp;&nbsp;&nbsp;&nbsp;&nbsp;\u2217<br>\u2217<\/td><\/tr><\/tbody><\/table><\/figure>\n\n\n\n<p class=\"wp-block-paragraph\"><em>Opr\u00f3cz tego obchodzi Ko\u015bci\u00f3\u0142 \u015bwi\u0119ty pami\u0105tk\u0119 nast\u0119puj\u0105cych \u015awi\u0119tych Pa\u0144skich, zamieszczonych w rzymskiem martyrologium:<\/em><\/p>\n\n\n\n<p class=\"has-text-align-justify wp-block-paragraph\">\u2009<strong>Dnia 19-go marca<\/strong>&nbsp;w Judei dzie\u0144 zgonu \u015bw.&nbsp;J\u00f3zefa, Oblubie\u0144ca Naj\u015bw. Maryi Panny; Papie\u017c Pius IX uleg\u0142szy pro\u015bbom \u015bwiata katolickiego, og\u0142osi\u0142 \u015bw. J\u00f3zefa Patronem ca\u0142ego Ko\u015bcio\u0142a. \u2014 W Sorencie \u015bw.&nbsp;Kwinktusa, Kwinktylli, Kwartyilli i Marka z 9 towarzyszami. \u2014 W Nikomedyi \u015bw.&nbsp;Pancharyusza z Rzymu, kt\u00f3ry za czas\u00f3w Dyoklecyana \u015bci\u0119ty zosta\u0142 i tym sposobem pozyska\u0142 koron\u0119 m\u0119cze\u0144sk\u0105. \u2014 Tego\u017c dnia \u015bw.&nbsp;Apoloniusza i Leontyusza. Biskup\u00f3w. \u2014 W Gencie \u015bw.&nbsp;Landoaldusa, Kap\u0142ana z Rzymu i&nbsp;Amantyusza, Dyakona: przez \u015bw. Marcina, Papie\u017ca do Gentu pos\u0142ani celem g\u0142oszenia Ewangelii, zostali po swym zgonie ws\u0142awieni wielu cudami. \u2014 W okolicy Spoleto dzie\u0144 \u015bmierci b\u0142ogos\u0142.&nbsp;Jana, m\u0119\u017ca jak rzadko \u015bwi\u0119tego; przyszed\u0142 on ze Syryi do W\u0142och i zbudowa\u0142 klasztor pod miastem Pinna; tam\u017ce przysposobi\u0142 on przez 44 lata nader wielu syn\u00f3w duchownych do s\u0142u\u017cby Pa\u0144skiej, a\u017c wko\u0144cu bogaty w cnoty zmar\u0142 w spokoju.<\/p>\n","protected":false},"excerpt":{"rendered":"<p>W sumie to paradoksalne, \u017ce Pan B\u00f3g z\u0142o\u017cy\u0142 trosk\u0119 o losy swojego Syna w r\u0119ce zwyk\u0142ego cz\u0142owieka. Ukazuje nam to, \u017ce Opatrzno\u015b\u0107 dzia\u0142a w spos\u00f3b i nadprzyrodzony &#8211; sny &#8211; i naturalny &#8211; ucieczka do Egiptu i powr\u00f3t. Liturgia pos\u0142uguje si\u0119 tekstami o J\u00f3zefie Egipskim, gdy\u017c wsz\u0119dzie s\u0105 paralele i nic nie dzieje si\u0119 na darmo.<\/p>\n","protected":false},"author":60508433,"featured_media":43770,"comment_status":"open","ping_status":"open","sticky":false,"template":"","format":"standard","meta":{"_bbp_topic_count":0,"_bbp_reply_count":0,"_bbp_total_topic_count":0,"_bbp_total_reply_count":0,"_bbp_voice_count":0,"_bbp_anonymous_reply_count":0,"_bbp_topic_count_hidden":0,"_bbp_reply_count_hidden":0,"_bbp_forum_subforum_count":0,"_editorskit_title_hidden":false,"_editorskit_reading_time":0,"_editorskit_is_block_options_detached":false,"_editorskit_block_options_position":"{}","_coblocks_attr":"","_coblocks_dimensions":"","_coblocks_responsive_height":"","_coblocks_accordion_ie_support":"","_exactmetrics_skip_tracking":false,"_jetpack_newsletter_access":"","_jetpack_dont_email_post_to_subs":false,"_jetpack_newsletter_tier_id":0,"_jetpack_memberships_contains_paywalled_content":false,"_wpcom_ai_launchpad_first_post":false,"_jetpack_feature_clip_id":0,"_jetpack_memberships_contains_paid_content":false,"footnotes":"","jetpack_publicize_message":"{title}\n\n{excerpt}\n\n{url}","jetpack_publicize_feature_enabled":true,"jetpack_social_post_already_shared":true,"jetpack_social_options":{"image_generator_settings":{"template":"highway","default_image_id":0,"font":"","enabled":false},"version":2},"_wpas_customize_per_network":false,"jetpack_post_was_ever_published":false},"categories":[610131818,610131184,336375535,610134932,610131155,610132042],"tags":[610133352],"class_list":["post-113350","post","type-post","status-publish","format-standard","has-post-thumbnail","hentry","category-swieta-w-marcu","category-duchowosc","category-liturgia-i-liturgika","category-mescy-swieci","category-rozwazania","category-zywoty-swietych","tag-mescy-swieci"],"yoast_head":"<!-- This site is optimized with the Yoast SEO plugin v28.4 - https:\/\/yoast.com\/product\/yoast-seo-wordpress\/ -->\n<title>19-go Marca. \u017bywot \u015bwi\u0119tego J\u00f3zefa, Opiekuna Jezusa Chrystusa. - Tradycja i Wiara<\/title>\n<meta name=\"robots\" content=\"index, follow, max-snippet:-1, max-image-preview:large, max-video-preview:-1\" \/>\n<link rel=\"canonical\" href=\"https:\/\/wobronietradycjiiwiary.com\/pl\/19-go-marca-zywot-swietego-jozefa-opiekuna-jezusa-chrystusa-2-2-2\/\" \/>\n<meta property=\"og:locale\" content=\"pl_PL\" \/>\n<meta property=\"og:type\" content=\"article\" \/>\n<meta property=\"og:title\" content=\"19-go Marca. \u017bywot \u015bwi\u0119tego J\u00f3zefa, Opiekuna Jezusa Chrystusa. - Tradycja i Wiara\" \/>\n<meta property=\"og:description\" content=\"W sumie to paradoksalne, \u017ce Pan B\u00f3g z\u0142o\u017cy\u0142 trosk\u0119 o losy swojego Syna w r\u0119ce zwyk\u0142ego cz\u0142owieka. Ukazuje nam to, \u017ce Opatrzno\u015b\u0107 dzia\u0142a w spos\u00f3b i nadprzyrodzony - sny - i naturalny - ucieczka do Egiptu i powr\u00f3t. Liturgia pos\u0142uguje si\u0119 tekstami o J\u00f3zefie Egipskim, gdy\u017c wsz\u0119dzie s\u0105 paralele i nic nie dzieje si\u0119 na darmo.\" \/>\n<meta property=\"og:url\" content=\"https:\/\/wobronietradycjiiwiary.com\/pl\/19-go-marca-zywot-swietego-jozefa-opiekuna-jezusa-chrystusa-2-2-2\/\" \/>\n<meta property=\"og:site_name\" content=\"Tradycja i Wiara\" \/>\n<meta property=\"article:publisher\" content=\"https:\/\/www.facebook.com\/Tradycja-i-Wiara-108813920592249\" \/>\n<meta property=\"article:published_time\" content=\"2024-03-19T07:15:27+00:00\" \/>\n<meta property=\"article:modified_time\" content=\"2025-02-10T10:49:04+00:00\" \/>\n<meta property=\"og:image\" content=\"https:\/\/wobronietradycjiiwiary.com\/wp-content\/uploads\/2021\/03\/Jozef.jpg\" \/>\n\t<meta property=\"og:image:width\" content=\"900\" \/>\n\t<meta property=\"og:image:height\" content=\"740\" \/>\n\t<meta property=\"og:image:type\" content=\"image\/jpeg\" \/>\n<meta name=\"author\" content=\"Traditio et Fides\" \/>\n<meta name=\"twitter:card\" content=\"summary_large_image\" \/>\n<meta name=\"twitter:label1\" content=\"Napisane przez\" \/>\n\t<meta name=\"twitter:data1\" content=\"Traditio et Fides\" \/>\n\t<meta name=\"twitter:label2\" content=\"Szacowany czas czytania\" \/>\n\t<meta name=\"twitter:data2\" content=\"9 minut\" \/>\n<script type=\"application\/ld+json\" class=\"yoast-schema-graph\">{\"@context\":\"https:\\\/\\\/schema.org\",\"@graph\":[{\"@type\":\"Article\",\"@id\":\"https:\\\/\\\/wobronietradycjiiwiary.com\\\/19-go-marca-zywot-swietego-jozefa-opiekuna-jezusa-chrystusa-2-2-2\\\/#article\",\"isPartOf\":{\"@id\":\"https:\\\/\\\/wobronietradycjiiwiary.com\\\/19-go-marca-zywot-swietego-jozefa-opiekuna-jezusa-chrystusa-2-2-2\\\/\"},\"author\":{\"name\":\"Traditio et Fides\",\"@id\":\"https:\\\/\\\/wobronietradycjiiwiary.com\\\/pl\\\/#\\\/schema\\\/person\\\/2d6180ce6abcb681fef0daab7816e8f3\"},\"headline\":\"19-go Marca. \u017bywot \u015bwi\u0119tego J\u00f3zefa, Opiekuna Jezusa Chrystusa.\",\"datePublished\":\"2024-03-19T07:15:27+00:00\",\"dateModified\":\"2025-02-10T10:49:04+00:00\",\"mainEntityOfPage\":{\"@id\":\"https:\\\/\\\/wobronietradycjiiwiary.com\\\/19-go-marca-zywot-swietego-jozefa-opiekuna-jezusa-chrystusa-2-2-2\\\/\"},\"wordCount\":1824,\"commentCount\":0,\"publisher\":{\"@id\":\"https:\\\/\\\/wobronietradycjiiwiary.com\\\/pl\\\/#organization\"},\"image\":{\"@id\":\"https:\\\/\\\/wobronietradycjiiwiary.com\\\/19-go-marca-zywot-swietego-jozefa-opiekuna-jezusa-chrystusa-2-2-2\\\/#primaryimage\"},\"thumbnailUrl\":\"https:\\\/\\\/wobronietradycjiiwiary.com\\\/wp-content\\\/uploads\\\/2021\\\/03\\\/Jozef.jpg\",\"keywords\":[\"m\u0119scy \u015bwi\u0119ci\"],\"articleSection\":[\"03. \u015awi\u0119ta w marcu\",\"Duchowo\u015b\u0107\",\"Liturgia i liturgika\",\"M\u0119scy \u015bwi\u0119ci\",\"Rozwa\u017cania liturgiczne\",\"\u017bywoty \u015awi\u0119tych\"],\"inLanguage\":\"pl-PL\",\"potentialAction\":[{\"@type\":\"CommentAction\",\"name\":\"Comment\",\"target\":[\"https:\\\/\\\/wobronietradycjiiwiary.com\\\/19-go-marca-zywot-swietego-jozefa-opiekuna-jezusa-chrystusa-2-2-2\\\/#respond\"]}]},{\"@type\":\"WebPage\",\"@id\":\"https:\\\/\\\/wobronietradycjiiwiary.com\\\/19-go-marca-zywot-swietego-jozefa-opiekuna-jezusa-chrystusa-2-2-2\\\/\",\"url\":\"https:\\\/\\\/wobronietradycjiiwiary.com\\\/19-go-marca-zywot-swietego-jozefa-opiekuna-jezusa-chrystusa-2-2-2\\\/\",\"name\":\"19-go Marca. \u017bywot \u015bwi\u0119tego J\u00f3zefa, Opiekuna Jezusa Chrystusa. - Tradycja i Wiara\",\"isPartOf\":{\"@id\":\"https:\\\/\\\/wobronietradycjiiwiary.com\\\/pl\\\/#website\"},\"primaryImageOfPage\":{\"@id\":\"https:\\\/\\\/wobronietradycjiiwiary.com\\\/19-go-marca-zywot-swietego-jozefa-opiekuna-jezusa-chrystusa-2-2-2\\\/#primaryimage\"},\"image\":{\"@id\":\"https:\\\/\\\/wobronietradycjiiwiary.com\\\/19-go-marca-zywot-swietego-jozefa-opiekuna-jezusa-chrystusa-2-2-2\\\/#primaryimage\"},\"thumbnailUrl\":\"https:\\\/\\\/wobronietradycjiiwiary.com\\\/wp-content\\\/uploads\\\/2021\\\/03\\\/Jozef.jpg\",\"datePublished\":\"2024-03-19T07:15:27+00:00\",\"dateModified\":\"2025-02-10T10:49:04+00:00\",\"breadcrumb\":{\"@id\":\"https:\\\/\\\/wobronietradycjiiwiary.com\\\/19-go-marca-zywot-swietego-jozefa-opiekuna-jezusa-chrystusa-2-2-2\\\/#breadcrumb\"},\"inLanguage\":\"pl-PL\",\"potentialAction\":[{\"@type\":\"ReadAction\",\"target\":[\"https:\\\/\\\/wobronietradycjiiwiary.com\\\/19-go-marca-zywot-swietego-jozefa-opiekuna-jezusa-chrystusa-2-2-2\\\/\"]}]},{\"@type\":\"ImageObject\",\"inLanguage\":\"pl-PL\",\"@id\":\"https:\\\/\\\/wobronietradycjiiwiary.com\\\/19-go-marca-zywot-swietego-jozefa-opiekuna-jezusa-chrystusa-2-2-2\\\/#primaryimage\",\"url\":\"https:\\\/\\\/wobronietradycjiiwiary.com\\\/wp-content\\\/uploads\\\/2021\\\/03\\\/Jozef.jpg\",\"contentUrl\":\"https:\\\/\\\/wobronietradycjiiwiary.com\\\/wp-content\\\/uploads\\\/2021\\\/03\\\/Jozef.jpg\",\"width\":900,\"height\":740},{\"@type\":\"BreadcrumbList\",\"@id\":\"https:\\\/\\\/wobronietradycjiiwiary.com\\\/19-go-marca-zywot-swietego-jozefa-opiekuna-jezusa-chrystusa-2-2-2\\\/#breadcrumb\",\"itemListElement\":[{\"@type\":\"ListItem\",\"position\":1,\"name\":\"Strona g\u0142\u00f3wna\",\"item\":\"https:\\\/\\\/wobronietradycjiiwiary.com\\\/\"},{\"@type\":\"ListItem\",\"position\":2,\"name\":\"19-go Marca. \u017bywot \u015bwi\u0119tego J\u00f3zefa, Opiekuna Jezusa Chrystusa.\"}]},{\"@type\":\"WebSite\",\"@id\":\"https:\\\/\\\/wobronietradycjiiwiary.com\\\/pl\\\/#website\",\"url\":\"https:\\\/\\\/wobronietradycjiiwiary.com\\\/pl\\\/\",\"name\":\"Tradycja i Wiara\",\"description\":\"Portal dla katolik\u00f3w.\",\"publisher\":{\"@id\":\"https:\\\/\\\/wobronietradycjiiwiary.com\\\/pl\\\/#organization\"},\"potentialAction\":[{\"@type\":\"SearchAction\",\"target\":{\"@type\":\"EntryPoint\",\"urlTemplate\":\"https:\\\/\\\/wobronietradycjiiwiary.com\\\/pl\\\/?s={search_term_string}\"},\"query-input\":{\"@type\":\"PropertyValueSpecification\",\"valueRequired\":true,\"valueName\":\"search_term_string\"}}],\"inLanguage\":\"pl-PL\"},{\"@type\":\"Organization\",\"@id\":\"https:\\\/\\\/wobronietradycjiiwiary.com\\\/pl\\\/#organization\",\"name\":\"Tradycja i Wiara\",\"url\":\"https:\\\/\\\/wobronietradycjiiwiary.com\\\/pl\\\/\",\"logo\":{\"@type\":\"ImageObject\",\"inLanguage\":\"pl-PL\",\"@id\":\"https:\\\/\\\/wobronietradycjiiwiary.com\\\/pl\\\/#\\\/schema\\\/logo\\\/image\\\/\",\"url\":\"https:\\\/\\\/i0.wp.com\\\/wobronietradycjiiwiary.com\\\/wp-content\\\/uploads\\\/2015\\\/10\\\/cropped-st-peters-dome-vatican.jpg?fit=940%2C198&ssl=1\",\"contentUrl\":\"https:\\\/\\\/i0.wp.com\\\/wobronietradycjiiwiary.com\\\/wp-content\\\/uploads\\\/2015\\\/10\\\/cropped-st-peters-dome-vatican.jpg?fit=940%2C198&ssl=1\",\"width\":940,\"height\":198,\"caption\":\"Tradycja i Wiara\"},\"image\":{\"@id\":\"https:\\\/\\\/wobronietradycjiiwiary.com\\\/pl\\\/#\\\/schema\\\/logo\\\/image\\\/\"},\"sameAs\":[\"https:\\\/\\\/www.facebook.com\\\/Tradycja-i-Wiara-108813920592249\"]},{\"@type\":\"Person\",\"@id\":\"https:\\\/\\\/wobronietradycjiiwiary.com\\\/pl\\\/#\\\/schema\\\/person\\\/2d6180ce6abcb681fef0daab7816e8f3\",\"name\":\"Traditio et Fides\",\"sameAs\":[\"https:\\\/\\\/traditionundglauben.com\"],\"url\":\"https:\\\/\\\/wobronietradycjiiwiary.com\\\/pl\\\/author\\\/wobronietradycjiiwiary\\\/\"}]}<\/script>\n<!-- \/ Yoast SEO plugin. -->","yoast_head_json":{"title":"19-go Marca. \u017bywot \u015bwi\u0119tego J\u00f3zefa, Opiekuna Jezusa Chrystusa. - Tradycja i Wiara","robots":{"index":"index","follow":"follow","max-snippet":"max-snippet:-1","max-image-preview":"max-image-preview:large","max-video-preview":"max-video-preview:-1"},"canonical":"https:\/\/wobronietradycjiiwiary.com\/pl\/19-go-marca-zywot-swietego-jozefa-opiekuna-jezusa-chrystusa-2-2-2\/","og_locale":"pl_PL","og_type":"article","og_title":"19-go Marca. \u017bywot \u015bwi\u0119tego J\u00f3zefa, Opiekuna Jezusa Chrystusa. - Tradycja i Wiara","og_description":"W sumie to paradoksalne, \u017ce Pan B\u00f3g z\u0142o\u017cy\u0142 trosk\u0119 o losy swojego Syna w r\u0119ce zwyk\u0142ego cz\u0142owieka. Ukazuje nam to, \u017ce Opatrzno\u015b\u0107 dzia\u0142a w spos\u00f3b i nadprzyrodzony - sny - i naturalny - ucieczka do Egiptu i powr\u00f3t. Liturgia pos\u0142uguje si\u0119 tekstami o J\u00f3zefie Egipskim, gdy\u017c wsz\u0119dzie s\u0105 paralele i nic nie dzieje si\u0119 na darmo.","og_url":"https:\/\/wobronietradycjiiwiary.com\/pl\/19-go-marca-zywot-swietego-jozefa-opiekuna-jezusa-chrystusa-2-2-2\/","og_site_name":"Tradycja i Wiara","article_publisher":"https:\/\/www.facebook.com\/Tradycja-i-Wiara-108813920592249","article_published_time":"2024-03-19T07:15:27+00:00","article_modified_time":"2025-02-10T10:49:04+00:00","og_image":[{"width":900,"height":740,"url":"https:\/\/wobronietradycjiiwiary.com\/wp-content\/uploads\/2021\/03\/Jozef.jpg","type":"image\/jpeg"}],"author":"Traditio et Fides","twitter_card":"summary_large_image","twitter_misc":{"Napisane przez":"Traditio et Fides","Szacowany czas czytania":"9 minut"},"schema":{"@context":"https:\/\/schema.org","@graph":[{"@type":"Article","@id":"https:\/\/wobronietradycjiiwiary.com\/19-go-marca-zywot-swietego-jozefa-opiekuna-jezusa-chrystusa-2-2-2\/#article","isPartOf":{"@id":"https:\/\/wobronietradycjiiwiary.com\/19-go-marca-zywot-swietego-jozefa-opiekuna-jezusa-chrystusa-2-2-2\/"},"author":{"name":"Traditio et Fides","@id":"https:\/\/wobronietradycjiiwiary.com\/pl\/#\/schema\/person\/2d6180ce6abcb681fef0daab7816e8f3"},"headline":"19-go Marca. \u017bywot \u015bwi\u0119tego J\u00f3zefa, Opiekuna Jezusa Chrystusa.","datePublished":"2024-03-19T07:15:27+00:00","dateModified":"2025-02-10T10:49:04+00:00","mainEntityOfPage":{"@id":"https:\/\/wobronietradycjiiwiary.com\/19-go-marca-zywot-swietego-jozefa-opiekuna-jezusa-chrystusa-2-2-2\/"},"wordCount":1824,"commentCount":0,"publisher":{"@id":"https:\/\/wobronietradycjiiwiary.com\/pl\/#organization"},"image":{"@id":"https:\/\/wobronietradycjiiwiary.com\/19-go-marca-zywot-swietego-jozefa-opiekuna-jezusa-chrystusa-2-2-2\/#primaryimage"},"thumbnailUrl":"https:\/\/wobronietradycjiiwiary.com\/wp-content\/uploads\/2021\/03\/Jozef.jpg","keywords":["m\u0119scy \u015bwi\u0119ci"],"articleSection":["03. \u015awi\u0119ta w marcu","Duchowo\u015b\u0107","Liturgia i liturgika","M\u0119scy \u015bwi\u0119ci","Rozwa\u017cania liturgiczne","\u017bywoty \u015awi\u0119tych"],"inLanguage":"pl-PL","potentialAction":[{"@type":"CommentAction","name":"Comment","target":["https:\/\/wobronietradycjiiwiary.com\/19-go-marca-zywot-swietego-jozefa-opiekuna-jezusa-chrystusa-2-2-2\/#respond"]}]},{"@type":"WebPage","@id":"https:\/\/wobronietradycjiiwiary.com\/19-go-marca-zywot-swietego-jozefa-opiekuna-jezusa-chrystusa-2-2-2\/","url":"https:\/\/wobronietradycjiiwiary.com\/19-go-marca-zywot-swietego-jozefa-opiekuna-jezusa-chrystusa-2-2-2\/","name":"19-go Marca. \u017bywot \u015bwi\u0119tego J\u00f3zefa, Opiekuna Jezusa Chrystusa. - Tradycja i Wiara","isPartOf":{"@id":"https:\/\/wobronietradycjiiwiary.com\/pl\/#website"},"primaryImageOfPage":{"@id":"https:\/\/wobronietradycjiiwiary.com\/19-go-marca-zywot-swietego-jozefa-opiekuna-jezusa-chrystusa-2-2-2\/#primaryimage"},"image":{"@id":"https:\/\/wobronietradycjiiwiary.com\/19-go-marca-zywot-swietego-jozefa-opiekuna-jezusa-chrystusa-2-2-2\/#primaryimage"},"thumbnailUrl":"https:\/\/wobronietradycjiiwiary.com\/wp-content\/uploads\/2021\/03\/Jozef.jpg","datePublished":"2024-03-19T07:15:27+00:00","dateModified":"2025-02-10T10:49:04+00:00","breadcrumb":{"@id":"https:\/\/wobronietradycjiiwiary.com\/19-go-marca-zywot-swietego-jozefa-opiekuna-jezusa-chrystusa-2-2-2\/#breadcrumb"},"inLanguage":"pl-PL","potentialAction":[{"@type":"ReadAction","target":["https:\/\/wobronietradycjiiwiary.com\/19-go-marca-zywot-swietego-jozefa-opiekuna-jezusa-chrystusa-2-2-2\/"]}]},{"@type":"ImageObject","inLanguage":"pl-PL","@id":"https:\/\/wobronietradycjiiwiary.com\/19-go-marca-zywot-swietego-jozefa-opiekuna-jezusa-chrystusa-2-2-2\/#primaryimage","url":"https:\/\/wobronietradycjiiwiary.com\/wp-content\/uploads\/2021\/03\/Jozef.jpg","contentUrl":"https:\/\/wobronietradycjiiwiary.com\/wp-content\/uploads\/2021\/03\/Jozef.jpg","width":900,"height":740},{"@type":"BreadcrumbList","@id":"https:\/\/wobronietradycjiiwiary.com\/19-go-marca-zywot-swietego-jozefa-opiekuna-jezusa-chrystusa-2-2-2\/#breadcrumb","itemListElement":[{"@type":"ListItem","position":1,"name":"Strona g\u0142\u00f3wna","item":"https:\/\/wobronietradycjiiwiary.com\/"},{"@type":"ListItem","position":2,"name":"19-go Marca. \u017bywot \u015bwi\u0119tego J\u00f3zefa, Opiekuna Jezusa Chrystusa."}]},{"@type":"WebSite","@id":"https:\/\/wobronietradycjiiwiary.com\/pl\/#website","url":"https:\/\/wobronietradycjiiwiary.com\/pl\/","name":"Tradycja i Wiara","description":"Portal dla katolik\u00f3w.","publisher":{"@id":"https:\/\/wobronietradycjiiwiary.com\/pl\/#organization"},"potentialAction":[{"@type":"SearchAction","target":{"@type":"EntryPoint","urlTemplate":"https:\/\/wobronietradycjiiwiary.com\/pl\/?s={search_term_string}"},"query-input":{"@type":"PropertyValueSpecification","valueRequired":true,"valueName":"search_term_string"}}],"inLanguage":"pl-PL"},{"@type":"Organization","@id":"https:\/\/wobronietradycjiiwiary.com\/pl\/#organization","name":"Tradycja i Wiara","url":"https:\/\/wobronietradycjiiwiary.com\/pl\/","logo":{"@type":"ImageObject","inLanguage":"pl-PL","@id":"https:\/\/wobronietradycjiiwiary.com\/pl\/#\/schema\/logo\/image\/","url":"https:\/\/i0.wp.com\/wobronietradycjiiwiary.com\/wp-content\/uploads\/2015\/10\/cropped-st-peters-dome-vatican.jpg?fit=940%2C198&ssl=1","contentUrl":"https:\/\/i0.wp.com\/wobronietradycjiiwiary.com\/wp-content\/uploads\/2015\/10\/cropped-st-peters-dome-vatican.jpg?fit=940%2C198&ssl=1","width":940,"height":198,"caption":"Tradycja i Wiara"},"image":{"@id":"https:\/\/wobronietradycjiiwiary.com\/pl\/#\/schema\/logo\/image\/"},"sameAs":["https:\/\/www.facebook.com\/Tradycja-i-Wiara-108813920592249"]},{"@type":"Person","@id":"https:\/\/wobronietradycjiiwiary.com\/pl\/#\/schema\/person\/2d6180ce6abcb681fef0daab7816e8f3","name":"Traditio et Fides","sameAs":["https:\/\/traditionundglauben.com"],"url":"https:\/\/wobronietradycjiiwiary.com\/pl\/author\/wobronietradycjiiwiary\/"}]}},"jetpack_publicize_connections":[],"jetpack_sharing_enabled":true,"jetpack_likes_enabled":true,"jetpack_shortlink":"https:\/\/wp.me\/pc04Sd-tue","jetpack-related-posts":[{"id":133402,"url":"https:\/\/wobronietradycjiiwiary.com\/pl\/19-go-marca-zywot-swietego-jozefa-opiekuna-jezusa-chrystusa-2-2-2-2\/","url_meta":{"origin":113350,"position":0},"title":"19-go Marca. \u017bywot \u015bwi\u0119tego J\u00f3zefa, Opiekuna Jezusa Chrystusa.","author":"Traditio et Fides","date":"19 marca 2025","format":false,"excerpt":"W sumie to paradoksalne, \u017ce Pan B\u00f3g z\u0142o\u017cy\u0142 trosk\u0119 o losy swojego Syna w r\u0119ce zwyk\u0142ego cz\u0142owieka. Ukazuje nam to, \u017ce Opatrzno\u015b\u0107 dzia\u0142a w spos\u00f3b i nadprzyrodzony - sny - i naturalny - ucieczka do Egiptu i powr\u00f3t. Liturgia pos\u0142uguje si\u0119 tekstami o J\u00f3zefie Egipskim, gdy\u017c wsz\u0119dzie s\u0105 paralele i\u2026","rel":"","context":"W \u201e03. \u015awi\u0119ta w marcu&quot;","block_context":{"text":"03. \u015awi\u0119ta w marcu","link":"https:\/\/wobronietradycjiiwiary.com\/pl\/category\/duchowosc\/liturgia-i-liturgika\/rozwazania\/rok-liturgiczny\/swieta-w-marcu\/"},"img":{"alt_text":"","src":"https:\/\/i0.wp.com\/wobronietradycjiiwiary.com\/wp-content\/uploads\/2021\/03\/Jozef.jpg?resize=350%2C200&ssl=1","width":350,"height":200,"srcset":"https:\/\/i0.wp.com\/wobronietradycjiiwiary.com\/wp-content\/uploads\/2021\/03\/Jozef.jpg?resize=350%2C200&ssl=1 1x, https:\/\/i0.wp.com\/wobronietradycjiiwiary.com\/wp-content\/uploads\/2021\/03\/Jozef.jpg?resize=525%2C300&ssl=1 1.5x, https:\/\/i0.wp.com\/wobronietradycjiiwiary.com\/wp-content\/uploads\/2021\/03\/Jozef.jpg?resize=700%2C400&ssl=1 2x"},"classes":[]},{"id":162048,"url":"https:\/\/wobronietradycjiiwiary.com\/pl\/19-go-marca-zywot-swietego-jozefa-opiekuna-jezusa-chrystusa-2-2-2-2-2\/","url_meta":{"origin":113350,"position":1},"title":"19-go Marca. \u017bywot \u015bwi\u0119tego J\u00f3zefa, Opiekuna Jezusa Chrystusa.","author":"Traditio et Fides","date":"19 marca 2026","format":false,"excerpt":"W sumie to paradoksalne, \u017ce Pan B\u00f3g z\u0142o\u017cy\u0142 trosk\u0119 o losy swojego Syna w r\u0119ce zwyk\u0142ego cz\u0142owieka. Ukazuje nam to, \u017ce Opatrzno\u015b\u0107 dzia\u0142a w spos\u00f3b i nadprzyrodzony - sny - i naturalny - ucieczka do Egiptu i powr\u00f3t. Liturgia pos\u0142uguje si\u0119 tekstami o J\u00f3zefie Egipskim, gdy\u017c wsz\u0119dzie s\u0105 paralele i\u2026","rel":"","context":"W \u201e03. \u015awi\u0119ta w marcu&quot;","block_context":{"text":"03. \u015awi\u0119ta w marcu","link":"https:\/\/wobronietradycjiiwiary.com\/pl\/category\/duchowosc\/liturgia-i-liturgika\/rozwazania\/rok-liturgiczny\/swieta-w-marcu\/"},"img":{"alt_text":"","src":"https:\/\/i0.wp.com\/wobronietradycjiiwiary.com\/wp-content\/uploads\/2021\/03\/Jozef.jpg?resize=350%2C200&ssl=1","width":350,"height":200,"srcset":"https:\/\/i0.wp.com\/wobronietradycjiiwiary.com\/wp-content\/uploads\/2021\/03\/Jozef.jpg?resize=350%2C200&ssl=1 1x, https:\/\/i0.wp.com\/wobronietradycjiiwiary.com\/wp-content\/uploads\/2021\/03\/Jozef.jpg?resize=525%2C300&ssl=1 1.5x, https:\/\/i0.wp.com\/wobronietradycjiiwiary.com\/wp-content\/uploads\/2021\/03\/Jozef.jpg?resize=700%2C400&ssl=1 2x"},"classes":[]},{"id":86348,"url":"https:\/\/wobronietradycjiiwiary.com\/pl\/19-go-marca-zywot-swietego-jozefa-opiekuna-jezusa-chrystusa-2-2\/","url_meta":{"origin":113350,"position":2},"title":"19-go Marca. \u017bywot \u015bwi\u0119tego J\u00f3zefa, Opiekuna Jezusa Chrystusa.","author":"Traditio et Fides","date":"19 marca 2023","format":false,"excerpt":"W sumie to paradoksalne, \u017ce Pan B\u00f3g z\u0142o\u017cy\u0142 trosk\u0119 o losy swojego Syna w r\u0119ce zwyk\u0142ego cz\u0142owieka. Ukazuje nam to, \u017ce Opatrzno\u015b\u0107 dzia\u0142a w spos\u00f3b i nadprzyrodzony - sny - i naturalny - ucieczka do Egiptu i powr\u00f3t. Liturgia pos\u0142uguje si\u0119 tekstami o J\u00f3zefie Egipskim, gdy\u017c wsz\u0119dzie s\u0105 paralele i\u2026","rel":"","context":"W \u201e03. \u015awi\u0119ta w marcu&quot;","block_context":{"text":"03. \u015awi\u0119ta w marcu","link":"https:\/\/wobronietradycjiiwiary.com\/pl\/category\/duchowosc\/liturgia-i-liturgika\/rozwazania\/rok-liturgiczny\/swieta-w-marcu\/"},"img":{"alt_text":"","src":"https:\/\/i0.wp.com\/wobronietradycjiiwiary.com\/wp-content\/uploads\/2021\/03\/Jozef.jpg?resize=350%2C200&ssl=1","width":350,"height":200,"srcset":"https:\/\/i0.wp.com\/wobronietradycjiiwiary.com\/wp-content\/uploads\/2021\/03\/Jozef.jpg?resize=350%2C200&ssl=1 1x, https:\/\/i0.wp.com\/wobronietradycjiiwiary.com\/wp-content\/uploads\/2021\/03\/Jozef.jpg?resize=525%2C300&ssl=1 1.5x, https:\/\/i0.wp.com\/wobronietradycjiiwiary.com\/wp-content\/uploads\/2021\/03\/Jozef.jpg?resize=700%2C400&ssl=1 2x"},"classes":[]},{"id":44615,"url":"https:\/\/wobronietradycjiiwiary.com\/pl\/19-go-marca-zywot-swietego-jozefa-opiekuna-jezusa-chrystusa-2\/","url_meta":{"origin":113350,"position":3},"title":"19-go Marca. \u017bywot \u015bwi\u0119tego J\u00f3zefa, Opiekuna Jezusa Chrystusa.","author":"Traditio et Fides","date":"19 marca 2022","format":false,"excerpt":"W sumie to paradoksalne, \u017ce Pan B\u00f3g z\u0142o\u017cy\u0142 trosk\u0119 o losy swojego Syna w r\u0119ce zwyk\u0142ego cz\u0142owieka. Ukazuje nam to, \u017ce Opatrzno\u015b\u0107 dzia\u0142a w spos\u00f3b i nadprzyrodzony - sny - i naturalny - ucieczka do Egiptu i powr\u00f3t. Liturgia pos\u0142uguje si\u0119 tekstami o J\u00f3zefie Egipskim, gdy\u017c wsz\u0119dzie s\u0105 paralele i\u2026","rel":"","context":"W \u201e03. \u015awi\u0119ta w marcu&quot;","block_context":{"text":"03. \u015awi\u0119ta w marcu","link":"https:\/\/wobronietradycjiiwiary.com\/pl\/category\/duchowosc\/liturgia-i-liturgika\/rozwazania\/rok-liturgiczny\/swieta-w-marcu\/"},"img":{"alt_text":"","src":"https:\/\/i0.wp.com\/wobronietradycjiiwiary.com\/wp-content\/uploads\/2021\/03\/Jozef.jpg?resize=350%2C200&ssl=1","width":350,"height":200,"srcset":"https:\/\/i0.wp.com\/wobronietradycjiiwiary.com\/wp-content\/uploads\/2021\/03\/Jozef.jpg?resize=350%2C200&ssl=1 1x, https:\/\/i0.wp.com\/wobronietradycjiiwiary.com\/wp-content\/uploads\/2021\/03\/Jozef.jpg?resize=525%2C300&ssl=1 1.5x, https:\/\/i0.wp.com\/wobronietradycjiiwiary.com\/wp-content\/uploads\/2021\/03\/Jozef.jpg?resize=700%2C400&ssl=1 2x"},"classes":[]},{"id":43765,"url":"https:\/\/wobronietradycjiiwiary.com\/pl\/19-go-marca-zywot-swietego-jozefa-opiekuna-jezusa-chrystusa\/","url_meta":{"origin":113350,"position":4},"title":"19-go Marca. \u017bywot \u015bwi\u0119tego J\u00f3zefa, Opiekuna Jezusa Chrystusa.","author":"Traditio et Fides","date":"19 marca 2021","format":false,"excerpt":"W sumie to paradoksalne, \u017ce Pan B\u00f3g z\u0142o\u017cy\u0142 trosk\u0119 o losy swojego Syna w r\u0119ce zwyk\u0142ego cz\u0142owieka. Ukazuje nam to, \u017ce Opatrzno\u015b\u0107 dzia\u0142a w spos\u00f3b i nadprzyrodzony - sny - i naturalny - ucieczka do Egiptu i powr\u00f3t. Liturgia pos\u0142uguje si\u0119 tekstami o J\u00f3zefie Egipskim, gdy\u017c wsz\u0119dzie s\u0105 paralele i\u2026","rel":"","context":"W \u201e03. \u015awi\u0119ta w marcu&quot;","block_context":{"text":"03. \u015awi\u0119ta w marcu","link":"https:\/\/wobronietradycjiiwiary.com\/pl\/category\/duchowosc\/liturgia-i-liturgika\/rozwazania\/rok-liturgiczny\/swieta-w-marcu\/"},"img":{"alt_text":"","src":"https:\/\/i0.wp.com\/wobronietradycjiiwiary.com\/wp-content\/uploads\/2021\/03\/Jozef.jpg?resize=350%2C200&ssl=1","width":350,"height":200,"srcset":"https:\/\/i0.wp.com\/wobronietradycjiiwiary.com\/wp-content\/uploads\/2021\/03\/Jozef.jpg?resize=350%2C200&ssl=1 1x, https:\/\/i0.wp.com\/wobronietradycjiiwiary.com\/wp-content\/uploads\/2021\/03\/Jozef.jpg?resize=525%2C300&ssl=1 1.5x, https:\/\/i0.wp.com\/wobronietradycjiiwiary.com\/wp-content\/uploads\/2021\/03\/Jozef.jpg?resize=700%2C400&ssl=1 2x"},"classes":[]},{"id":127372,"url":"https:\/\/wobronietradycjiiwiary.com\/pl\/23-go-stycznia-zywot-swietego-rajmunda-z-pennafort-wyznawcy-2-2\/","url_meta":{"origin":113350,"position":5},"title":"23-go Stycznia. \u017bywot \u015bwi\u0119tego Rajmunda z Pennafort, Wyznawcy.","author":"Traditio et Fides","date":"23 stycznia 2024","format":false,"excerpt":"\u015bw. Rajmund z Penyafort by\u0142 najpierw prawnikiem-kanonist\u0105, zanim zosta\u0142 kaznodziej\u0105, spowiednikiem, zakonnikiem i wp\u0142ywow\u0105 osobisto\u015bci\u0105. Te prawnicze rygory my\u015blenia wyrobi\u0142y w nim rygory \u017cycia.","rel":"","context":"W \u201e01. \u015awi\u0119ta w styczniu&quot;","block_context":{"text":"01. \u015awi\u0119ta w styczniu","link":"https:\/\/wobronietradycjiiwiary.com\/pl\/category\/duchowosc\/liturgia-i-liturgika\/rozwazania\/rok-liturgiczny\/swieta-w-styczniu\/"},"img":{"alt_text":"","src":"https:\/\/i0.wp.com\/wobronietradycjiiwiary.com\/wp-content\/uploads\/2021\/01\/RAIMUND-VON-PENAFORT.jpg?resize=350%2C200&ssl=1","width":350,"height":200},"classes":[]}],"amp_enabled":true,"jetpack_featured_media_url":"https:\/\/wobronietradycjiiwiary.com\/wp-content\/uploads\/2021\/03\/Jozef.jpg","_links":{"self":[{"href":"https:\/\/wobronietradycjiiwiary.com\/pl\/wp-json\/wp\/v2\/posts\/113350","targetHints":{"allow":["GET"]}}],"collection":[{"href":"https:\/\/wobronietradycjiiwiary.com\/pl\/wp-json\/wp\/v2\/posts"}],"about":[{"href":"https:\/\/wobronietradycjiiwiary.com\/pl\/wp-json\/wp\/v2\/types\/post"}],"author":[{"embeddable":true,"href":"https:\/\/wobronietradycjiiwiary.com\/pl\/wp-json\/wp\/v2\/users\/60508433"}],"replies":[{"embeddable":true,"href":"https:\/\/wobronietradycjiiwiary.com\/pl\/wp-json\/wp\/v2\/comments?post=113350"}],"version-history":[{"count":1,"href":"https:\/\/wobronietradycjiiwiary.com\/pl\/wp-json\/wp\/v2\/posts\/113350\/revisions"}],"predecessor-version":[{"id":113381,"href":"https:\/\/wobronietradycjiiwiary.com\/pl\/wp-json\/wp\/v2\/posts\/113350\/revisions\/113381"}],"wp:featuredmedia":[{"embeddable":true,"href":"https:\/\/wobronietradycjiiwiary.com\/pl\/wp-json\/wp\/v2\/media\/43770"}],"wp:attachment":[{"href":"https:\/\/wobronietradycjiiwiary.com\/pl\/wp-json\/wp\/v2\/media?parent=113350"}],"wp:term":[{"taxonomy":"category","embeddable":true,"href":"https:\/\/wobronietradycjiiwiary.com\/pl\/wp-json\/wp\/v2\/categories?post=113350"},{"taxonomy":"post_tag","embeddable":true,"href":"https:\/\/wobronietradycjiiwiary.com\/pl\/wp-json\/wp\/v2\/tags?post=113350"}],"curies":[{"name":"wp","href":"https:\/\/api.w.org\/{rel}","templated":true}]}}