{"id":113288,"date":"2024-03-04T07:00:00","date_gmt":"2024-03-04T06:00:00","guid":{"rendered":"https:\/\/wobronietradycjiiwiary.com\/?p=113288"},"modified":"2025-02-10T11:14:56","modified_gmt":"2025-02-10T10:14:56","slug":"czytania-postne-brewiarza-trydenckiego-poniedzialek-po-trzeciej-niedzieli-wielkiego-postu-quadragesima","status":"publish","type":"post","link":"https:\/\/wobronietradycjiiwiary.com\/pl\/czytania-postne-brewiarza-trydenckiego-poniedzialek-po-trzeciej-niedzieli-wielkiego-postu-quadragesima\/","title":{"rendered":"Czytania postne Brewiarza Trydenckiego. Poniedzia\u0142ek po Trzeciej Niedzieli Wielkiego Postu &#8211; Quadragesima"},"content":{"rendered":"<div id=\"bsf_rt_marker\"><\/div>\t\t<div data-elementor-type=\"wp-post\" data-elementor-id=\"113288\" class=\"elementor elementor-113288\" data-elementor-post-type=\"post\">\n\t\t\t\t<div class=\"elementor-element elementor-element-6c17f0e2 e-flex e-con-boxed e-con e-parent\" data-id=\"6c17f0e2\" data-element_type=\"container\" data-e-type=\"container\">\n\t\t\t\t\t<div class=\"e-con-inner\">\n\t\t\t\t<div class=\"elementor-element elementor-element-62802f9d elementor-widget elementor-widget-text-editor\" data-id=\"62802f9d\" data-element_type=\"widget\" data-e-type=\"widget\" data-widget_type=\"text-editor.default\">\n\t\t\t\t<div class=\"elementor-widget-container\">\n\t\t\t\t\t\t\t\t\t\n<p class=\"wp-block-paragraph\"><em><mark class=\"has-inline-color has-vivid-red-color\" style=\"background-color: rgba(0, 0, 0, 0)\">\u2123.<\/mark><\/em>\u00a0Pob\u0142ogos\u0142aw, ojcze.<br \/><em><mark class=\"has-inline-color has-vivid-red-color\" style=\"background-color: rgba(0, 0, 0, 0)\">B\u0142ogos\u0142awie\u0144stwo.<\/mark>\u00a0<\/em>Czytanie Ewangelii niech b\u0119dzie nam zbawieniem i obron\u0105. Amen.<\/p>\n\n<p class=\"wp-block-paragraph\"><mark class=\"has-inline-color has-vivid-red-color\" style=\"background-color: rgba(0, 0, 0, 0)\"><strong><em>Lekcja 1<\/em><\/strong><br \/><\/mark>Czytanie Ewangelii \u015bwi\u0119tej wed\u0142ug \u0141ukasza<br \/><mark class=\"has-inline-color has-vivid-red-color\" style=\"background-color: rgba(0, 0, 0, 0)\"><em>\u0141k 4:23-30<\/em><\/mark><\/p>\n<blockquote>\n<p><mark class=\"has-inline-color has-vivid-red-color\" style=\"background-color: rgba(0, 0, 0, 0)\"><strong><em>O<\/em><\/strong><\/mark>nego czasu rzek\u0142 Jezus do faryzeusz\u00f3w: \u00abPewnie mi powiecie ow\u0105 przypowie\u015b\u0107: \u201eLekarzu, ulecz samego siebie\u201d. Jako wielkie rzeczy, s\u0142yszeli\u015bmy, \u017ce\u015b czyni\u0142 w Kafarnaum, uczy\u0144\u017ce te\u017c i tu, w ojczy\u017anie swojej\u00bb.<br \/>I rzek\u0142: \u00abZaprawd\u0119 powiadam wam, \u017ce \u017caden prorok nie jest mile przyj\u0119ty w ojczy\u017anie swojej. Prawdziwie powiadam wam, \u017ce cho\u0107 wiele wd\u00f3w by\u0142o w Izraelu za czas\u00f3w Eliasza, gdy niebo si\u0119 zamkn\u0119\u0142o na lat trzy i sze\u015b\u0107 miesi\u0119cy, i by\u0142 g\u0142\u00f3d wielki na ca\u0142ej ziemi, do \u017cadnej z nich nie by\u0142 pos\u0142any Eliasz, jeno do owdowia\u0142ej niewiasty w Sarepcie sydo\u0144skiej. I wielu by\u0142o tr\u0119dowatych w Izraelu za Elizeusza proroka, ale \u017caden z nich nie by\u0142 oczyszczony, jeno Naaman Syryjczyk\u00bb.<br \/>A s\u0142ysz\u0105c to, wszyscy w synagodze zapa\u0142ali gniewem. I powstali, i wyrzucili Go poza miasto, i wywiedli Go na szczyt g\u00f3ry, na kt\u00f3rej miasto ich by\u0142o wzniesione, aby Go str\u0105ci\u0107. A On przeszed\u0142szy po\u015br\u00f3d nich, oddali\u0142 si\u0119.<\/p>\n<\/blockquote>\n\n<p class=\"wp-block-paragraph\">Homilia \u015bwi\u0119tego Ambro\u017cego, Biskupa<br \/><mark class=\"has-inline-color has-vivid-red-color\" style=\"background-color: rgba(0, 0, 0, 0)\"><em>Ksi\u0119ga 4. na rozdz. 4. Ewangelii wg \u015bw. \u0141ukasza, w 2. po\u0142owie<\/em><br \/><strong><em>N<\/em><\/strong><\/mark>iema\u0142a objawia si\u0119 tu zazdro\u015b\u0107, kt\u00f3ra zapominaj\u0105c o nale\u017cnej wsp\u00f3\u0142obywatelom mi\u0142o\u015bci, obraca j\u0105 w srog\u0105 nienawi\u015b\u0107. Zarazem z post\u0119powania i s\u0142\u00f3w Pana wida\u0107, i\u017c daremnie oczekujesz pomocy Boskiego mi\u0142osierdzia, je\u015bli zazdro\u015bcisz komu owoc\u00f3w jego cnoty. Pan bowiem gardzi zazdrosnym i od tych, kt\u00f3rzy dobrodziejstwa Bo\u017ce w innych prze\u015bladuj\u0105, odwraca cuda swej pot\u0119gi. W post\u0119powaniu Pana jako cz\u0142owieka objawia si\u0119 Jego B\u00f3stwo, a to, co w Nim jest dla nas niewidzialne, przez to, co widzialne, si\u0119 ukazuje.<br \/><em><em><mark class=\"has-inline-color has-vivid-red-color\" style=\"background-color: rgba(0, 0, 0, 0)\">\u2123.<\/mark><\/em><\/em>\u00a0Ty za\u015b, Panie, zmi\u0142uj si\u0119 nad nami.<br \/><em><em><mark class=\"has-inline-color has-vivid-red-color\" style=\"background-color: rgba(0, 0, 0, 0)\">\u211f.<\/mark><\/em><\/em>\u00a0Bogu niech b\u0119d\u0105 dzi\u0119ki.<\/p>\n\n<p class=\"wp-block-paragraph\"><em><em><mark class=\"has-inline-color has-vivid-red-color\" style=\"background-color: rgba(0, 0, 0, 0)\">\u211f.<\/mark><\/em><\/em>\u00a0We\u017acie st\u0105d ze sob\u0105 dary i udajcie si\u0119 do w\u0142adcy tej ziemi, a gdy go znajdziecie, pok\u0142o\u0144cie si\u0119 przed nim do ziemi.<br \/>* A B\u00f3g m\u00f3j niechaj sprawi, aby si\u0119 zlitowa\u0142 nad wami i pu\u015bci\u0142 wolno owego brata waszego i tego, kt\u00f3rego trzyma w okowach.<br \/><em><em><mark class=\"has-inline-color has-vivid-red-color\" style=\"background-color: rgba(0, 0, 0, 0)\">\u2123.<\/mark><\/em><\/em>\u00a0We\u017acie, co jest najlepsze z owoc\u00f3w ziemi do waszych naczy\u0144, i zanie\u015bcie owemu cz\u0142owiekowi w darze.<br \/><em><em><mark class=\"has-inline-color has-vivid-red-color\" style=\"background-color: rgba(0, 0, 0, 0)\">\u211f.<\/mark><\/em><\/em>\u00a0A B\u00f3g m\u00f3j niechaj sprawi, aby si\u0119 zlitowa\u0142 nad wami i pu\u015bci\u0142 wolno owego brata waszego i tego, kt\u00f3rego trzyma w okowach.<\/p>\n\n<p class=\"wp-block-paragraph\"><em><em><mark class=\"has-inline-color has-vivid-red-color\" style=\"background-color: rgba(0, 0, 0, 0)\">\u2123.<\/mark><\/em><\/em>\u00a0Pob\u0142ogos\u0142aw, ojcze.<br \/><em><em><mark class=\"has-inline-color has-vivid-red-color\" style=\"background-color: rgba(0, 0, 0, 0)\">B\u0142ogos\u0142awie\u0144stwo.<\/mark><\/em>\u00a0<\/em>Pomoc Bo\u017ca niech b\u0119dzie z nami zawsze. Amen.<\/p>\n\n<p class=\"wp-block-paragraph\"><mark class=\"has-inline-color has-vivid-red-color\" style=\"background-color: rgba(0, 0, 0, 0)\"><strong><em>Lekcja 2<\/em><\/strong><br \/><strong><em>N<\/em><\/strong><\/mark>ie na darmo wi\u0119c Zbawiciel usprawiedliwia si\u0119, i\u017c \u017cadnych cud\u00f3w nie czyni\u0142 w swej ojczy\u017anie, aby przypadkiem kto\u015b z nas nie my\u015bla\u0142, \u017ce sw\u0105 ojczyzn\u0119 ma\u0142o winien kocha\u0107. Nie m\u00f3g\u0142 bowiem Ten nie kocha\u0107 swych wsp\u00f3\u0142obywateli, kt\u00f3ry kocha\u0142 wszystkich, lecz w\u0142a\u015bnie oni przez sw\u0105 zazdro\u015b\u0107 wyzbyli si\u0119 mi\u0142o\u015bci swej ojczyzny. Prawdziwie powiadam wam, \u017ce wiele wd\u00f3w by\u0142o za dni Eliasza. Nie \u017ceby to by\u0142y dni Eliasza, lecz i\u017c Eliasz w nich dzia\u0142a\u0142 albo \u017ce sprawia\u0142 dzie\u0144 tym, kt\u00f3rzy w jego dzie\u0142ach widzieli \u015bwiat\u0142o \u0142aski duchowej i nawracali si\u0119 do Pana. Tote\u017c otwiera\u0142o si\u0119 niebo dla tych, kt\u00f3rzy widzieli wieczne i Bo\u017ce tajemnice; zamyka\u0142o si\u0119 za\u015b w czasie g\u0142odu, gdy nie by\u0142o pe\u0142nej znajomo\u015bci Boga. Lecz o tym obszerniej m\u00f3wi\u0142em, pisz\u0105c o wdowach.<br \/><em><em><mark class=\"has-inline-color has-vivid-red-color\" style=\"background-color: rgba(0, 0, 0, 0)\">\u2123.<\/mark><\/em><\/em>\u00a0Ty za\u015b, Panie, zmi\u0142uj si\u0119 nad nami.<br \/><em><em><mark class=\"has-inline-color has-vivid-red-color\" style=\"background-color: rgba(0, 0, 0, 0)\">\u211f.<\/mark><\/em><\/em>\u00a0Bogu niech b\u0119d\u0105 dzi\u0119ki.<\/p>\n\n<p class=\"wp-block-paragraph\"><em><em><mark class=\"has-inline-color has-vivid-red-color\" style=\"background-color: rgba(0, 0, 0, 0)\">\u211f.<\/mark><\/em><\/em>\u00a0Czy to ten brat wasz najm\u0142odszy, o kt\u00f3rym mi m\u00f3wili\u015bcie? Oby B\u00f3g si\u0119 zmi\u0142owa\u0142 nad tob\u0105, m\u00f3j synu.<br \/>* Odszed\u0142 wi\u0119c J\u00f3zef po\u015bpiesznie do domu i tam si\u0119 rozp\u0142aka\u0142, gdy\u017c \u0142zy nabieg\u0142y mu do oczu i nie m\u00f3g\u0142 nad sob\u0105 zapanowa\u0107.<br \/><em><em><mark class=\"has-inline-color has-vivid-red-color\" style=\"background-color: rgba(0, 0, 0, 0)\">\u2123.<\/mark><\/em><\/em>\u00a0A gdy J\u00f3zef podni\u00f3s\u0142 oczy, ujrza\u0142 stoj\u0105cego przed sob\u0105 Beniamina i ogarn\u0119\u0142o go wielkie wzruszenie na widok brata swego.<br \/><em><em><mark class=\"has-inline-color has-vivid-red-color\" style=\"background-color: rgba(0, 0, 0, 0)\">\u211f.<\/mark><\/em><\/em>\u00a0Odszed\u0142 wi\u0119c J\u00f3zef po\u015bpiesznie do domu i tam si\u0119 rozp\u0142aka\u0142, gdy\u017c \u0142zy nabieg\u0142y mu do oczu i nie m\u00f3g\u0142 nad sob\u0105 zapanowa\u0107.<\/p>\n\n<p class=\"wp-block-paragraph\"><em><em><mark class=\"has-inline-color has-vivid-red-color\" style=\"background-color: rgba(0, 0, 0, 0)\">\u2123.<\/mark><\/em><\/em>\u00a0Pob\u0142ogos\u0142aw, ojcze.<br \/><em><em><mark class=\"has-inline-color has-vivid-red-color\" style=\"background-color: rgba(0, 0, 0, 0)\">B\u0142ogos\u0142awie\u0144stwo.<\/mark><\/em>\u00a0<\/em>Niech Kr\u00f3l Anio\u0142\u00f3w zaprowadzi sw\u00f3j lud do kr\u00f3lestwa na wysoko\u015bci. Amen.<\/p>\n\n<p class=\"wp-block-paragraph\"><mark class=\"has-inline-color has-vivid-red-color\" style=\"background-color: rgba(0, 0, 0, 0)\"><strong><em>Lekcja 3<\/em><\/strong><br \/><strong><em>I<\/em><\/strong>\u00a0<\/mark>wielu by\u0142o tr\u0119dowatych w Izraelu za Elizeusza Proroka, ale \u017caden z nich nie by\u0142 oczyszczony, jeno Naaman Syryjczyk. Jasne, i\u017c te zbawienne s\u0142owa Pana s\u0105 dla nas nauk\u0105 i zach\u0119t\u0105 do gorliwego oddawania czci Bogu i \u017ce nikt zdrowia nie odzyska i choroby tr\u0105du ze swego cia\u0142a si\u0119 nie pozb\u0119dzie, je\u015bli o to z pobo\u017cn\u0105 gorliwo\u015bci\u0105 si\u0119 nie stara. Albowiem nie \u015bpi\u0105cym dobrodziejstwa Bo\u017ce s\u0105 udzielane, ale tym, kt\u00f3rzy czuwaj\u0105. Powiedzieli\u015bmy w innej ksi\u0119dze, i\u017c owa wdowa, do kt\u00f3rej Eliasz by\u0142 skierowany, uprzednio by\u0142a podana jako figura Ko\u015bcio\u0142a. Lud \u017cydowski da\u0142 pocz\u0105tek Ko\u015bcio\u0142owi, aby z\u0142\u0105czy\u0142 si\u0119 z nim \u00f3w lud z obcych zebrany. Lud ten przedtem tr\u0119dowaty, lud poprzednio splamiony (zanim otrzyma\u0142 chrzest mistyczny w rzece), po przyj\u0119ciu chrztu, obmyty z plam cia\u0142a i ducha, ju\u017c nie by\u0142 tr\u0119dowatym, lecz sta\u0142 si\u0119 nieskalan\u0105 dziewic\u0105, bez zmarszczki.<br \/><em><em><mark class=\"has-inline-color has-vivid-red-color\" style=\"background-color: rgba(0, 0, 0, 0)\">\u2123.<\/mark><\/em><\/em>\u00a0Ty za\u015b, Panie, zmi\u0142uj si\u0119 nad nami.<br \/><em><em><mark class=\"has-inline-color has-vivid-red-color\" style=\"background-color: rgba(0, 0, 0, 0)\">\u211f.<\/mark><\/em><\/em>\u00a0Bogu niech b\u0119d\u0105 dzi\u0119ki.<\/p>\n\n<p class=\"wp-block-paragraph\"><em><em><mark class=\"has-inline-color has-vivid-red-color\" style=\"background-color: rgba(0, 0, 0, 0)\">\u211f.<\/mark><\/em><\/em>\u00a0Rzek\u0142 J\u00f3zef jedenastu braciom swoim: Ja jestem J\u00f3zef, kt\u00f3rego sprzedali\u015bcie do Egiptu. Czy jeszcze \u017cyje nasz s\u0119dziwy ojciec, o kt\u00f3rym mi m\u00f3wili\u015bcie?<br \/>* Id\u017acie i sprowad\u017acie go do mnie, aby m\u00f3g\u0142 \u017cy\u0107 dalej.<br \/><em><em><mark class=\"has-inline-color has-vivid-red-color\" style=\"background-color: rgba(0, 0, 0, 0)\">\u2123.<\/mark><\/em><\/em>\u00a0Oto ju\u017c dwa lata trwa g\u0142\u00f3d w tym kraju, a jeszcze zosta\u0142o pi\u0119\u0107 lat, podczas kt\u00f3rych nie b\u0119dzie orki ani \u017cniwa.<br \/><em><em><mark class=\"has-inline-color has-vivid-red-color\" style=\"background-color: rgba(0, 0, 0, 0)\">\u211f.<\/mark><\/em><\/em>\u00a0Id\u017acie i sprowad\u017acie go do mnie, aby m\u00f3g\u0142 \u017cy\u0107 dalej.<br \/><em><em><mark class=\"has-inline-color has-vivid-red-color\" style=\"background-color: rgba(0, 0, 0, 0)\">\u2123.<\/mark><\/em><\/em>\u00a0Chwa\u0142a Ojcu i Synowi, * i Duchowi \u015awi\u0119temu.<br \/><em><em><mark class=\"has-inline-color has-vivid-red-color\" style=\"background-color: rgba(0, 0, 0, 0)\">\u211f.<\/mark><\/em><\/em>\u00a0Id\u017acie i sprowad\u017acie go do mnie, aby m\u00f3g\u0142 \u017cy\u0107 dalej.<\/p>\n\n<p class=\"wp-block-paragraph\"><mark class=\"has-inline-color has-vivid-red-color\" style=\"background-color: rgba(0, 0, 0, 0)\"><strong><em>Modlitwy<\/em><\/strong>\u00a0{Wotywa}<br \/><\/mark><em><em><mark class=\"has-inline-color has-vivid-red-color\" style=\"background-color: rgba(0, 0, 0, 0)\">\u2123.<\/mark><\/em><\/em>\u00a0Panie, wys\u0142uchaj modlitwy mojej.<br \/><em><em><mark class=\"has-inline-color has-vivid-red-color\" style=\"background-color: rgba(0, 0, 0, 0)\">\u211f.<\/mark><\/em><\/em>\u00a0A wo\u0142anie moje niech do Ciebie przyjdzie.<br \/><strong><em><mark class=\"has-inline-color has-vivid-red-color\" style=\"background-color: rgba(0, 0, 0, 0)\">M<\/mark><\/em><\/strong>\u00f3dlmy si\u0119.<br \/><strong><em><mark class=\"has-inline-color has-vivid-red-color\" style=\"background-color: rgba(0, 0, 0, 0)\">B<\/mark><\/em><\/strong>\u0142agamy Ci\u0119, Panie, racz w swej dobroci wla\u0107 w serca nasze \u0142ask\u0119 swoj\u0105, aby\u015bmy, powstrzymuj\u0105c si\u0119 od pokarm\u00f3w mi\u0119snych, i zmys\u0142y nasze od szkodliwych nadu\u017cy\u0107 powstrzyma\u0107 umieli.<br \/><strong><em><mark class=\"has-inline-color has-vivid-red-color\" style=\"background-color: rgba(0, 0, 0, 0)\">P<\/mark><\/em><\/strong>rzez naszego Pana Jezusa Chrystusa, Twojego Syna: kt\u00f3ry z Tob\u0105 \u017cyje i kr\u00f3luje w jedno\u015bci Ducha \u015awi\u0119tego B\u00f3g, przez wszystkie wieki wiek\u00f3w.<br \/><em><mark class=\"has-inline-color has-vivid-red-color\" style=\"background-color: rgba(0, 0, 0, 0)\">\u211f.<\/mark><\/em>\u00a0Amen.<\/p>\n\t\t\t\t\t\t\t\t<\/div>\n\t\t\t\t<\/div>\n\t\t\t\t\t<\/div>\n\t\t\t\t<\/div>\n\t\t\t\t<\/div>\n\t\t","protected":false},"excerpt":{"rendered":"<p>Czytania Brewiarza Trydenckiego na poniedzia\u0142ek po III niedzieli Wielkiego Postu.<\/p>\n","protected":false},"author":119394846,"featured_media":62967,"comment_status":"open","ping_status":"open","sticky":false,"template":"","format":"standard","meta":{"_bbp_topic_count":0,"_bbp_reply_count":0,"_bbp_total_topic_count":0,"_bbp_total_reply_count":0,"_bbp_voice_count":0,"_bbp_anonymous_reply_count":0,"_bbp_topic_count_hidden":0,"_bbp_reply_count_hidden":0,"_bbp_forum_subforum_count":0,"_editorskit_title_hidden":false,"_editorskit_reading_time":0,"_editorskit_is_block_options_detached":false,"_editorskit_block_options_position":"{}","_coblocks_attr":"","_coblocks_dimensions":"","_coblocks_responsive_height":"","_coblocks_accordion_ie_support":"","_exactmetrics_skip_tracking":false,"_jetpack_newsletter_access":"","_jetpack_dont_email_post_to_subs":false,"_jetpack_newsletter_tier_id":0,"_jetpack_memberships_contains_paywalled_content":false,"_wpcom_ai_launchpad_first_post":false,"_jetpack_feature_clip_id":0,"_jetpack_memberships_contains_paid_content":false,"footnotes":"","jetpack_publicize_message":"{title}\n\n{excerpt}\n\n{url}","jetpack_publicize_feature_enabled":true,"jetpack_social_post_already_shared":true,"jetpack_social_options":{"image_generator_settings":{"template":"highway","default_image_id":0,"font":"","enabled":false},"version":2},"_wpas_customize_per_network":false,"jetpack_post_was_ever_published":false},"categories":[610131184,336375535,610131268,610131155],"tags":[610134643],"class_list":["post-113288","post","type-post","status-publish","format-standard","has-post-thumbnail","hentry","category-duchowosc","category-liturgia-i-liturgika","category-rok-liturgiczny","category-rozwazania","tag-czytania-brewiarzowe-na-wielki-post"],"yoast_head":"<!-- This site is optimized with the Yoast SEO plugin v28.4 - https:\/\/yoast.com\/product\/yoast-seo-wordpress\/ -->\n<title>Czytania postne Brewiarza Trydenckiego. Poniedzia\u0142ek po Trzeciej Niedzieli Wielkiego Postu - Quadragesima - Tradycja i Wiara<\/title>\n<meta name=\"robots\" content=\"index, follow, max-snippet:-1, max-image-preview:large, max-video-preview:-1\" \/>\n<link rel=\"canonical\" href=\"https:\/\/wobronietradycjiiwiary.com\/pl\/czytania-postne-brewiarza-trydenckiego-poniedzialek-po-trzeciej-niedzieli-wielkiego-postu-quadragesima\/\" \/>\n<meta property=\"og:locale\" content=\"pl_PL\" \/>\n<meta property=\"og:type\" content=\"article\" \/>\n<meta property=\"og:title\" content=\"Czytania postne Brewiarza Trydenckiego. Poniedzia\u0142ek po Trzeciej Niedzieli Wielkiego Postu - Quadragesima - Tradycja i Wiara\" \/>\n<meta property=\"og:description\" content=\"Czytania Brewiarza Trydenckiego na poniedzia\u0142ek po III niedzieli Wielkiego Postu.\" \/>\n<meta property=\"og:url\" content=\"https:\/\/wobronietradycjiiwiary.com\/pl\/czytania-postne-brewiarza-trydenckiego-poniedzialek-po-trzeciej-niedzieli-wielkiego-postu-quadragesima\/\" \/>\n<meta property=\"og:site_name\" content=\"Tradycja i Wiara\" \/>\n<meta property=\"article:publisher\" content=\"https:\/\/www.facebook.com\/Tradycja-i-Wiara-108813920592249\" \/>\n<meta property=\"article:published_time\" content=\"2024-03-04T06:00:00+00:00\" \/>\n<meta property=\"article:modified_time\" content=\"2025-02-10T10:14:56+00:00\" \/>\n<meta property=\"og:image\" content=\"https:\/\/wobronietradycjiiwiary.com\/wp-content\/uploads\/2022\/03\/MOnks-praying.jpg\" \/>\n\t<meta property=\"og:image:width\" content=\"598\" \/>\n\t<meta property=\"og:image:height\" content=\"427\" \/>\n\t<meta property=\"og:image:type\" content=\"image\/jpeg\" \/>\n<meta name=\"author\" content=\"Prospector Veritatis\" \/>\n<meta name=\"twitter:card\" content=\"summary_large_image\" \/>\n<meta name=\"twitter:label1\" content=\"Napisane przez\" \/>\n\t<meta name=\"twitter:data1\" content=\"Prospector Veritatis\" \/>\n\t<meta name=\"twitter:label2\" content=\"Szacowany czas czytania\" \/>\n\t<meta name=\"twitter:data2\" content=\"5 minut\" \/>\n<script type=\"application\/ld+json\" class=\"yoast-schema-graph\">{\"@context\":\"https:\\\/\\\/schema.org\",\"@graph\":[{\"@type\":\"Article\",\"@id\":\"https:\\\/\\\/wobronietradycjiiwiary.com\\\/czytania-postne-brewiarza-trydenckiego-poniedzialek-po-trzeciej-niedzieli-wielkiego-postu-quadragesima\\\/#article\",\"isPartOf\":{\"@id\":\"https:\\\/\\\/wobronietradycjiiwiary.com\\\/czytania-postne-brewiarza-trydenckiego-poniedzialek-po-trzeciej-niedzieli-wielkiego-postu-quadragesima\\\/\"},\"author\":{\"name\":\"Prospector Veritatis\",\"@id\":\"https:\\\/\\\/wobronietradycjiiwiary.com\\\/pl\\\/#\\\/schema\\\/person\\\/f63e6405621f929c17a9c191b8d16b9d\"},\"headline\":\"Czytania postne Brewiarza Trydenckiego. Poniedzia\u0142ek po Trzeciej Niedzieli Wielkiego Postu &#8211; Quadragesima\",\"datePublished\":\"2024-03-04T06:00:00+00:00\",\"dateModified\":\"2025-02-10T10:14:56+00:00\",\"mainEntityOfPage\":{\"@id\":\"https:\\\/\\\/wobronietradycjiiwiary.com\\\/czytania-postne-brewiarza-trydenckiego-poniedzialek-po-trzeciej-niedzieli-wielkiego-postu-quadragesima\\\/\"},\"wordCount\":13,\"commentCount\":0,\"publisher\":{\"@id\":\"https:\\\/\\\/wobronietradycjiiwiary.com\\\/pl\\\/#organization\"},\"image\":{\"@id\":\"https:\\\/\\\/wobronietradycjiiwiary.com\\\/czytania-postne-brewiarza-trydenckiego-poniedzialek-po-trzeciej-niedzieli-wielkiego-postu-quadragesima\\\/#primaryimage\"},\"thumbnailUrl\":\"https:\\\/\\\/wobronietradycjiiwiary.com\\\/wp-content\\\/uploads\\\/2022\\\/03\\\/MOnks-praying.jpg\",\"keywords\":[\"Czytania Brewiarzowe na Wielki Post\"],\"articleSection\":[\"Duchowo\u015b\u0107\",\"Liturgia i liturgika\",\"Rok liturgiczny\",\"Rozwa\u017cania liturgiczne\"],\"inLanguage\":\"pl-PL\",\"potentialAction\":[{\"@type\":\"CommentAction\",\"name\":\"Comment\",\"target\":[\"https:\\\/\\\/wobronietradycjiiwiary.com\\\/czytania-postne-brewiarza-trydenckiego-poniedzialek-po-trzeciej-niedzieli-wielkiego-postu-quadragesima\\\/#respond\"]}]},{\"@type\":\"WebPage\",\"@id\":\"https:\\\/\\\/wobronietradycjiiwiary.com\\\/czytania-postne-brewiarza-trydenckiego-poniedzialek-po-trzeciej-niedzieli-wielkiego-postu-quadragesima\\\/\",\"url\":\"https:\\\/\\\/wobronietradycjiiwiary.com\\\/czytania-postne-brewiarza-trydenckiego-poniedzialek-po-trzeciej-niedzieli-wielkiego-postu-quadragesima\\\/\",\"name\":\"Czytania postne Brewiarza Trydenckiego. Poniedzia\u0142ek po Trzeciej Niedzieli Wielkiego Postu - Quadragesima - Tradycja i Wiara\",\"isPartOf\":{\"@id\":\"https:\\\/\\\/wobronietradycjiiwiary.com\\\/pl\\\/#website\"},\"primaryImageOfPage\":{\"@id\":\"https:\\\/\\\/wobronietradycjiiwiary.com\\\/czytania-postne-brewiarza-trydenckiego-poniedzialek-po-trzeciej-niedzieli-wielkiego-postu-quadragesima\\\/#primaryimage\"},\"image\":{\"@id\":\"https:\\\/\\\/wobronietradycjiiwiary.com\\\/czytania-postne-brewiarza-trydenckiego-poniedzialek-po-trzeciej-niedzieli-wielkiego-postu-quadragesima\\\/#primaryimage\"},\"thumbnailUrl\":\"https:\\\/\\\/wobronietradycjiiwiary.com\\\/wp-content\\\/uploads\\\/2022\\\/03\\\/MOnks-praying.jpg\",\"datePublished\":\"2024-03-04T06:00:00+00:00\",\"dateModified\":\"2025-02-10T10:14:56+00:00\",\"breadcrumb\":{\"@id\":\"https:\\\/\\\/wobronietradycjiiwiary.com\\\/czytania-postne-brewiarza-trydenckiego-poniedzialek-po-trzeciej-niedzieli-wielkiego-postu-quadragesima\\\/#breadcrumb\"},\"inLanguage\":\"pl-PL\",\"potentialAction\":[{\"@type\":\"ReadAction\",\"target\":[\"https:\\\/\\\/wobronietradycjiiwiary.com\\\/czytania-postne-brewiarza-trydenckiego-poniedzialek-po-trzeciej-niedzieli-wielkiego-postu-quadragesima\\\/\"]}]},{\"@type\":\"ImageObject\",\"inLanguage\":\"pl-PL\",\"@id\":\"https:\\\/\\\/wobronietradycjiiwiary.com\\\/czytania-postne-brewiarza-trydenckiego-poniedzialek-po-trzeciej-niedzieli-wielkiego-postu-quadragesima\\\/#primaryimage\",\"url\":\"https:\\\/\\\/wobronietradycjiiwiary.com\\\/wp-content\\\/uploads\\\/2022\\\/03\\\/MOnks-praying.jpg\",\"contentUrl\":\"https:\\\/\\\/wobronietradycjiiwiary.com\\\/wp-content\\\/uploads\\\/2022\\\/03\\\/MOnks-praying.jpg\",\"width\":598,\"height\":427},{\"@type\":\"BreadcrumbList\",\"@id\":\"https:\\\/\\\/wobronietradycjiiwiary.com\\\/czytania-postne-brewiarza-trydenckiego-poniedzialek-po-trzeciej-niedzieli-wielkiego-postu-quadragesima\\\/#breadcrumb\",\"itemListElement\":[{\"@type\":\"ListItem\",\"position\":1,\"name\":\"Strona g\u0142\u00f3wna\",\"item\":\"https:\\\/\\\/wobronietradycjiiwiary.com\\\/\"},{\"@type\":\"ListItem\",\"position\":2,\"name\":\"Czytania postne Brewiarza Trydenckiego. Poniedzia\u0142ek po Trzeciej Niedzieli Wielkiego Postu &#8211; Quadragesima\"}]},{\"@type\":\"WebSite\",\"@id\":\"https:\\\/\\\/wobronietradycjiiwiary.com\\\/pl\\\/#website\",\"url\":\"https:\\\/\\\/wobronietradycjiiwiary.com\\\/pl\\\/\",\"name\":\"Tradycja i Wiara\",\"description\":\"Portal dla katolik\u00f3w.\",\"publisher\":{\"@id\":\"https:\\\/\\\/wobronietradycjiiwiary.com\\\/pl\\\/#organization\"},\"potentialAction\":[{\"@type\":\"SearchAction\",\"target\":{\"@type\":\"EntryPoint\",\"urlTemplate\":\"https:\\\/\\\/wobronietradycjiiwiary.com\\\/pl\\\/?s={search_term_string}\"},\"query-input\":{\"@type\":\"PropertyValueSpecification\",\"valueRequired\":true,\"valueName\":\"search_term_string\"}}],\"inLanguage\":\"pl-PL\"},{\"@type\":\"Organization\",\"@id\":\"https:\\\/\\\/wobronietradycjiiwiary.com\\\/pl\\\/#organization\",\"name\":\"Tradycja i Wiara\",\"url\":\"https:\\\/\\\/wobronietradycjiiwiary.com\\\/pl\\\/\",\"logo\":{\"@type\":\"ImageObject\",\"inLanguage\":\"pl-PL\",\"@id\":\"https:\\\/\\\/wobronietradycjiiwiary.com\\\/pl\\\/#\\\/schema\\\/logo\\\/image\\\/\",\"url\":\"https:\\\/\\\/i0.wp.com\\\/wobronietradycjiiwiary.com\\\/wp-content\\\/uploads\\\/2015\\\/10\\\/cropped-st-peters-dome-vatican.jpg?fit=940%2C198&ssl=1\",\"contentUrl\":\"https:\\\/\\\/i0.wp.com\\\/wobronietradycjiiwiary.com\\\/wp-content\\\/uploads\\\/2015\\\/10\\\/cropped-st-peters-dome-vatican.jpg?fit=940%2C198&ssl=1\",\"width\":940,\"height\":198,\"caption\":\"Tradycja i Wiara\"},\"image\":{\"@id\":\"https:\\\/\\\/wobronietradycjiiwiary.com\\\/pl\\\/#\\\/schema\\\/logo\\\/image\\\/\"},\"sameAs\":[\"https:\\\/\\\/www.facebook.com\\\/Tradycja-i-Wiara-108813920592249\"]},{\"@type\":\"Person\",\"@id\":\"https:\\\/\\\/wobronietradycjiiwiary.com\\\/pl\\\/#\\\/schema\\\/person\\\/f63e6405621f929c17a9c191b8d16b9d\",\"name\":\"Prospector Veritatis\",\"url\":\"https:\\\/\\\/wobronietradycjiiwiary.com\\\/pl\\\/author\\\/prospectorveritatis\\\/\"}]}<\/script>\n<!-- \/ Yoast SEO plugin. -->","yoast_head_json":{"title":"Czytania postne Brewiarza Trydenckiego. Poniedzia\u0142ek po Trzeciej Niedzieli Wielkiego Postu - Quadragesima - Tradycja i Wiara","robots":{"index":"index","follow":"follow","max-snippet":"max-snippet:-1","max-image-preview":"max-image-preview:large","max-video-preview":"max-video-preview:-1"},"canonical":"https:\/\/wobronietradycjiiwiary.com\/pl\/czytania-postne-brewiarza-trydenckiego-poniedzialek-po-trzeciej-niedzieli-wielkiego-postu-quadragesima\/","og_locale":"pl_PL","og_type":"article","og_title":"Czytania postne Brewiarza Trydenckiego. Poniedzia\u0142ek po Trzeciej Niedzieli Wielkiego Postu - Quadragesima - Tradycja i Wiara","og_description":"Czytania Brewiarza Trydenckiego na poniedzia\u0142ek po III niedzieli Wielkiego Postu.","og_url":"https:\/\/wobronietradycjiiwiary.com\/pl\/czytania-postne-brewiarza-trydenckiego-poniedzialek-po-trzeciej-niedzieli-wielkiego-postu-quadragesima\/","og_site_name":"Tradycja i Wiara","article_publisher":"https:\/\/www.facebook.com\/Tradycja-i-Wiara-108813920592249","article_published_time":"2024-03-04T06:00:00+00:00","article_modified_time":"2025-02-10T10:14:56+00:00","og_image":[{"width":598,"height":427,"url":"https:\/\/wobronietradycjiiwiary.com\/wp-content\/uploads\/2022\/03\/MOnks-praying.jpg","type":"image\/jpeg"}],"author":"Prospector Veritatis","twitter_card":"summary_large_image","twitter_misc":{"Napisane przez":"Prospector Veritatis","Szacowany czas czytania":"5 minut"},"schema":{"@context":"https:\/\/schema.org","@graph":[{"@type":"Article","@id":"https:\/\/wobronietradycjiiwiary.com\/czytania-postne-brewiarza-trydenckiego-poniedzialek-po-trzeciej-niedzieli-wielkiego-postu-quadragesima\/#article","isPartOf":{"@id":"https:\/\/wobronietradycjiiwiary.com\/czytania-postne-brewiarza-trydenckiego-poniedzialek-po-trzeciej-niedzieli-wielkiego-postu-quadragesima\/"},"author":{"name":"Prospector Veritatis","@id":"https:\/\/wobronietradycjiiwiary.com\/pl\/#\/schema\/person\/f63e6405621f929c17a9c191b8d16b9d"},"headline":"Czytania postne Brewiarza Trydenckiego. Poniedzia\u0142ek po Trzeciej Niedzieli Wielkiego Postu &#8211; Quadragesima","datePublished":"2024-03-04T06:00:00+00:00","dateModified":"2025-02-10T10:14:56+00:00","mainEntityOfPage":{"@id":"https:\/\/wobronietradycjiiwiary.com\/czytania-postne-brewiarza-trydenckiego-poniedzialek-po-trzeciej-niedzieli-wielkiego-postu-quadragesima\/"},"wordCount":13,"commentCount":0,"publisher":{"@id":"https:\/\/wobronietradycjiiwiary.com\/pl\/#organization"},"image":{"@id":"https:\/\/wobronietradycjiiwiary.com\/czytania-postne-brewiarza-trydenckiego-poniedzialek-po-trzeciej-niedzieli-wielkiego-postu-quadragesima\/#primaryimage"},"thumbnailUrl":"https:\/\/wobronietradycjiiwiary.com\/wp-content\/uploads\/2022\/03\/MOnks-praying.jpg","keywords":["Czytania Brewiarzowe na Wielki Post"],"articleSection":["Duchowo\u015b\u0107","Liturgia i liturgika","Rok liturgiczny","Rozwa\u017cania liturgiczne"],"inLanguage":"pl-PL","potentialAction":[{"@type":"CommentAction","name":"Comment","target":["https:\/\/wobronietradycjiiwiary.com\/czytania-postne-brewiarza-trydenckiego-poniedzialek-po-trzeciej-niedzieli-wielkiego-postu-quadragesima\/#respond"]}]},{"@type":"WebPage","@id":"https:\/\/wobronietradycjiiwiary.com\/czytania-postne-brewiarza-trydenckiego-poniedzialek-po-trzeciej-niedzieli-wielkiego-postu-quadragesima\/","url":"https:\/\/wobronietradycjiiwiary.com\/czytania-postne-brewiarza-trydenckiego-poniedzialek-po-trzeciej-niedzieli-wielkiego-postu-quadragesima\/","name":"Czytania postne Brewiarza Trydenckiego. Poniedzia\u0142ek po Trzeciej Niedzieli Wielkiego Postu - Quadragesima - Tradycja i Wiara","isPartOf":{"@id":"https:\/\/wobronietradycjiiwiary.com\/pl\/#website"},"primaryImageOfPage":{"@id":"https:\/\/wobronietradycjiiwiary.com\/czytania-postne-brewiarza-trydenckiego-poniedzialek-po-trzeciej-niedzieli-wielkiego-postu-quadragesima\/#primaryimage"},"image":{"@id":"https:\/\/wobronietradycjiiwiary.com\/czytania-postne-brewiarza-trydenckiego-poniedzialek-po-trzeciej-niedzieli-wielkiego-postu-quadragesima\/#primaryimage"},"thumbnailUrl":"https:\/\/wobronietradycjiiwiary.com\/wp-content\/uploads\/2022\/03\/MOnks-praying.jpg","datePublished":"2024-03-04T06:00:00+00:00","dateModified":"2025-02-10T10:14:56+00:00","breadcrumb":{"@id":"https:\/\/wobronietradycjiiwiary.com\/czytania-postne-brewiarza-trydenckiego-poniedzialek-po-trzeciej-niedzieli-wielkiego-postu-quadragesima\/#breadcrumb"},"inLanguage":"pl-PL","potentialAction":[{"@type":"ReadAction","target":["https:\/\/wobronietradycjiiwiary.com\/czytania-postne-brewiarza-trydenckiego-poniedzialek-po-trzeciej-niedzieli-wielkiego-postu-quadragesima\/"]}]},{"@type":"ImageObject","inLanguage":"pl-PL","@id":"https:\/\/wobronietradycjiiwiary.com\/czytania-postne-brewiarza-trydenckiego-poniedzialek-po-trzeciej-niedzieli-wielkiego-postu-quadragesima\/#primaryimage","url":"https:\/\/wobronietradycjiiwiary.com\/wp-content\/uploads\/2022\/03\/MOnks-praying.jpg","contentUrl":"https:\/\/wobronietradycjiiwiary.com\/wp-content\/uploads\/2022\/03\/MOnks-praying.jpg","width":598,"height":427},{"@type":"BreadcrumbList","@id":"https:\/\/wobronietradycjiiwiary.com\/czytania-postne-brewiarza-trydenckiego-poniedzialek-po-trzeciej-niedzieli-wielkiego-postu-quadragesima\/#breadcrumb","itemListElement":[{"@type":"ListItem","position":1,"name":"Strona g\u0142\u00f3wna","item":"https:\/\/wobronietradycjiiwiary.com\/"},{"@type":"ListItem","position":2,"name":"Czytania postne Brewiarza Trydenckiego. Poniedzia\u0142ek po Trzeciej Niedzieli Wielkiego Postu &#8211; Quadragesima"}]},{"@type":"WebSite","@id":"https:\/\/wobronietradycjiiwiary.com\/pl\/#website","url":"https:\/\/wobronietradycjiiwiary.com\/pl\/","name":"Tradycja i Wiara","description":"Portal dla katolik\u00f3w.","publisher":{"@id":"https:\/\/wobronietradycjiiwiary.com\/pl\/#organization"},"potentialAction":[{"@type":"SearchAction","target":{"@type":"EntryPoint","urlTemplate":"https:\/\/wobronietradycjiiwiary.com\/pl\/?s={search_term_string}"},"query-input":{"@type":"PropertyValueSpecification","valueRequired":true,"valueName":"search_term_string"}}],"inLanguage":"pl-PL"},{"@type":"Organization","@id":"https:\/\/wobronietradycjiiwiary.com\/pl\/#organization","name":"Tradycja i Wiara","url":"https:\/\/wobronietradycjiiwiary.com\/pl\/","logo":{"@type":"ImageObject","inLanguage":"pl-PL","@id":"https:\/\/wobronietradycjiiwiary.com\/pl\/#\/schema\/logo\/image\/","url":"https:\/\/i0.wp.com\/wobronietradycjiiwiary.com\/wp-content\/uploads\/2015\/10\/cropped-st-peters-dome-vatican.jpg?fit=940%2C198&ssl=1","contentUrl":"https:\/\/i0.wp.com\/wobronietradycjiiwiary.com\/wp-content\/uploads\/2015\/10\/cropped-st-peters-dome-vatican.jpg?fit=940%2C198&ssl=1","width":940,"height":198,"caption":"Tradycja i Wiara"},"image":{"@id":"https:\/\/wobronietradycjiiwiary.com\/pl\/#\/schema\/logo\/image\/"},"sameAs":["https:\/\/www.facebook.com\/Tradycja-i-Wiara-108813920592249"]},{"@type":"Person","@id":"https:\/\/wobronietradycjiiwiary.com\/pl\/#\/schema\/person\/f63e6405621f929c17a9c191b8d16b9d","name":"Prospector Veritatis","url":"https:\/\/wobronietradycjiiwiary.com\/pl\/author\/prospectorveritatis\/"}]}},"jetpack_publicize_connections":[],"jetpack_sharing_enabled":true,"jetpack_likes_enabled":true,"jetpack_shortlink":"https:\/\/wp.me\/pc04Sd-tte","jetpack-related-posts":[{"id":130016,"url":"https:\/\/wobronietradycjiiwiary.com\/pl\/czytania-postne-brewiarza-trydenckiego-poniedzialek-po-trzeciej-niedzieli-wielkiego-postu-quadragesima-2\/","url_meta":{"origin":113288,"position":0},"title":"Czytania postne Brewiarza Trydenckiego. Poniedzia\u0142ek po Trzeciej Niedzieli Wielkiego Postu &#8211; Quadragesima","author":"Prospector Veritatis","date":"24 marca 2025","format":false,"excerpt":"Czytania Brewiarza Trydenckiego na poniedzia\u0142ek po III niedzieli Wielkiego Postu.","rel":"","context":"W \u201eDuchowo\u015b\u0107&quot;","block_context":{"text":"Duchowo\u015b\u0107","link":"https:\/\/wobronietradycjiiwiary.com\/pl\/category\/duchowosc\/"},"img":{"alt_text":"","src":"https:\/\/i0.wp.com\/wobronietradycjiiwiary.com\/wp-content\/uploads\/2022\/03\/MOnks-praying.jpg?resize=350%2C200&ssl=1","width":350,"height":200,"srcset":"https:\/\/i0.wp.com\/wobronietradycjiiwiary.com\/wp-content\/uploads\/2022\/03\/MOnks-praying.jpg?resize=350%2C200&ssl=1 1x, https:\/\/i0.wp.com\/wobronietradycjiiwiary.com\/wp-content\/uploads\/2022\/03\/MOnks-praying.jpg?resize=525%2C300&ssl=1 1.5x"},"classes":[]},{"id":113295,"url":"https:\/\/wobronietradycjiiwiary.com\/pl\/czytania-postne-brewiarza-trydenckiego-czwartek-po-trzeciej-niedzieli-wielkiego-postu-quadragesima\/","url_meta":{"origin":113288,"position":1},"title":"Czytania postne Brewiarza Trydenckiego. Czwartek po Trzeciej Niedzieli Wielkiego Postu &#8211; Quadragesima","author":"Prospector Veritatis","date":"7 marca 2024","format":false,"excerpt":"Czytania Brewiarza Trydenckiego na czwartek po III niedzieli Wielkiego Postu.","rel":"","context":"W \u201eDuchowo\u015b\u0107&quot;","block_context":{"text":"Duchowo\u015b\u0107","link":"https:\/\/wobronietradycjiiwiary.com\/pl\/category\/duchowosc\/"},"img":{"alt_text":"","src":"https:\/\/i0.wp.com\/wobronietradycjiiwiary.com\/wp-content\/uploads\/2022\/03\/MOnks-praying.jpg?resize=350%2C200&ssl=1","width":350,"height":200,"srcset":"https:\/\/i0.wp.com\/wobronietradycjiiwiary.com\/wp-content\/uploads\/2022\/03\/MOnks-praying.jpg?resize=350%2C200&ssl=1 1x, https:\/\/i0.wp.com\/wobronietradycjiiwiary.com\/wp-content\/uploads\/2022\/03\/MOnks-praying.jpg?resize=525%2C300&ssl=1 1.5x"},"classes":[]},{"id":130013,"url":"https:\/\/wobronietradycjiiwiary.com\/pl\/czytania-postne-brewiarza-trydenckiego-czwartek-po-trzeciej-niedzieli-wielkiego-postu-quadragesima-2\/","url_meta":{"origin":113288,"position":2},"title":"Czytania postne Brewiarza Trydenckiego. Czwartek po Trzeciej Niedzieli Wielkiego Postu &#8211; Quadragesima","author":"Prospector Veritatis","date":"27 marca 2025","format":false,"excerpt":"Czytania Brewiarza Trydenckiego na czwartek po III niedzieli Wielkiego Postu.","rel":"","context":"W \u201eDuchowo\u015b\u0107&quot;","block_context":{"text":"Duchowo\u015b\u0107","link":"https:\/\/wobronietradycjiiwiary.com\/pl\/category\/duchowosc\/"},"img":{"alt_text":"","src":"https:\/\/i0.wp.com\/wobronietradycjiiwiary.com\/wp-content\/uploads\/2022\/03\/MOnks-praying.jpg?resize=350%2C200&ssl=1","width":350,"height":200,"srcset":"https:\/\/i0.wp.com\/wobronietradycjiiwiary.com\/wp-content\/uploads\/2022\/03\/MOnks-praying.jpg?resize=350%2C200&ssl=1 1x, https:\/\/i0.wp.com\/wobronietradycjiiwiary.com\/wp-content\/uploads\/2022\/03\/MOnks-praying.jpg?resize=525%2C300&ssl=1 1.5x"},"classes":[]},{"id":160241,"url":"https:\/\/wobronietradycjiiwiary.com\/pl\/czytania-postne-brewiarza-trydenckiego-czwartek-po-trzeciej-niedzieli-wielkiego-postu-quadragesima-2-2\/","url_meta":{"origin":113288,"position":3},"title":"Czytania postne Brewiarza Trydenckiego. Czwartek po Trzeciej Niedzieli Wielkiego Postu &#8211; Quadragesima","author":"Prospector Veritatis","date":"12 marca 2026","format":false,"excerpt":"Czytania Brewiarza Trydenckiego na czwartek po III niedzieli Wielkiego Postu.","rel":"","context":"W \u201eDuchowo\u015b\u0107&quot;","block_context":{"text":"Duchowo\u015b\u0107","link":"https:\/\/wobronietradycjiiwiary.com\/pl\/category\/duchowosc\/"},"img":{"alt_text":"","src":"https:\/\/i0.wp.com\/wobronietradycjiiwiary.com\/wp-content\/uploads\/2022\/03\/MOnks-praying.jpg?resize=350%2C200&ssl=1","width":350,"height":200,"srcset":"https:\/\/i0.wp.com\/wobronietradycjiiwiary.com\/wp-content\/uploads\/2022\/03\/MOnks-praying.jpg?resize=350%2C200&ssl=1 1x, https:\/\/i0.wp.com\/wobronietradycjiiwiary.com\/wp-content\/uploads\/2022\/03\/MOnks-praying.jpg?resize=525%2C300&ssl=1 1.5x"},"classes":[]},{"id":130008,"url":"https:\/\/wobronietradycjiiwiary.com\/pl\/czytania-postne-brewiarza-trydenckiego-poniedzialek-po-czwartej-niedzieli-wielkiego-postu-quadragesima-2\/","url_meta":{"origin":113288,"position":4},"title":"Czytania postne Brewiarza Trydenckiego. Poniedzia\u0142ek po Czwartej Niedzieli Wielkiego Postu &#8211; Quadragesima","author":"Prospector Veritatis","date":"31 marca 2025","format":false,"excerpt":"Czytania Brewiarza Trydenckiego na poniedzia\u0142ek po IV niedzieli Wielkiego Postu.","rel":"","context":"W \u201eDuchowo\u015b\u0107&quot;","block_context":{"text":"Duchowo\u015b\u0107","link":"https:\/\/wobronietradycjiiwiary.com\/pl\/category\/duchowosc\/"},"img":{"alt_text":"","src":"https:\/\/i0.wp.com\/wobronietradycjiiwiary.com\/wp-content\/uploads\/2022\/03\/MOnks-praying.jpg?resize=350%2C200&ssl=1","width":350,"height":200,"srcset":"https:\/\/i0.wp.com\/wobronietradycjiiwiary.com\/wp-content\/uploads\/2022\/03\/MOnks-praying.jpg?resize=350%2C200&ssl=1 1x, https:\/\/i0.wp.com\/wobronietradycjiiwiary.com\/wp-content\/uploads\/2022\/03\/MOnks-praying.jpg?resize=525%2C300&ssl=1 1.5x"},"classes":[]},{"id":160236,"url":"https:\/\/wobronietradycjiiwiary.com\/pl\/czytania-postne-brewiarza-trydenckiego-poniedzialek-po-czwartej-niedzieli-wielkiego-postu-quadragesima-2-2\/","url_meta":{"origin":113288,"position":5},"title":"Czytania postne Brewiarza Trydenckiego. Poniedzia\u0142ek po Czwartej Niedzieli Wielkiego Postu &#8211; Quadragesima","author":"Prospector Veritatis","date":"16 marca 2026","format":false,"excerpt":"Czytania Brewiarza Trydenckiego na poniedzia\u0142ek po IV niedzieli Wielkiego Postu.","rel":"","context":"W \u201eDuchowo\u015b\u0107&quot;","block_context":{"text":"Duchowo\u015b\u0107","link":"https:\/\/wobronietradycjiiwiary.com\/pl\/category\/duchowosc\/"},"img":{"alt_text":"","src":"https:\/\/i0.wp.com\/wobronietradycjiiwiary.com\/wp-content\/uploads\/2022\/03\/MOnks-praying.jpg?resize=350%2C200&ssl=1","width":350,"height":200,"srcset":"https:\/\/i0.wp.com\/wobronietradycjiiwiary.com\/wp-content\/uploads\/2022\/03\/MOnks-praying.jpg?resize=350%2C200&ssl=1 1x, https:\/\/i0.wp.com\/wobronietradycjiiwiary.com\/wp-content\/uploads\/2022\/03\/MOnks-praying.jpg?resize=525%2C300&ssl=1 1.5x"},"classes":[]}],"amp_enabled":true,"jetpack_featured_media_url":"https:\/\/wobronietradycjiiwiary.com\/wp-content\/uploads\/2022\/03\/MOnks-praying.jpg","_links":{"self":[{"href":"https:\/\/wobronietradycjiiwiary.com\/pl\/wp-json\/wp\/v2\/posts\/113288","targetHints":{"allow":["GET"]}}],"collection":[{"href":"https:\/\/wobronietradycjiiwiary.com\/pl\/wp-json\/wp\/v2\/posts"}],"about":[{"href":"https:\/\/wobronietradycjiiwiary.com\/pl\/wp-json\/wp\/v2\/types\/post"}],"author":[{"embeddable":true,"href":"https:\/\/wobronietradycjiiwiary.com\/pl\/wp-json\/wp\/v2\/users\/119394846"}],"replies":[{"embeddable":true,"href":"https:\/\/wobronietradycjiiwiary.com\/pl\/wp-json\/wp\/v2\/comments?post=113288"}],"version-history":[{"count":11,"href":"https:\/\/wobronietradycjiiwiary.com\/pl\/wp-json\/wp\/v2\/posts\/113288\/revisions"}],"predecessor-version":[{"id":113742,"href":"https:\/\/wobronietradycjiiwiary.com\/pl\/wp-json\/wp\/v2\/posts\/113288\/revisions\/113742"}],"wp:featuredmedia":[{"embeddable":true,"href":"https:\/\/wobronietradycjiiwiary.com\/pl\/wp-json\/wp\/v2\/media\/62967"}],"wp:attachment":[{"href":"https:\/\/wobronietradycjiiwiary.com\/pl\/wp-json\/wp\/v2\/media?parent=113288"}],"wp:term":[{"taxonomy":"category","embeddable":true,"href":"https:\/\/wobronietradycjiiwiary.com\/pl\/wp-json\/wp\/v2\/categories?post=113288"},{"taxonomy":"post_tag","embeddable":true,"href":"https:\/\/wobronietradycjiiwiary.com\/pl\/wp-json\/wp\/v2\/tags?post=113288"}],"curies":[{"name":"wp","href":"https:\/\/api.w.org\/{rel}","templated":true}]}}