{"id":11196,"date":"2017-05-26T08:00:22","date_gmt":"2017-05-26T06:00:22","guid":{"rendered":"https:\/\/wobronietradycjiiwiary.com\/?p=11196"},"modified":"2025-02-07T15:40:08","modified_gmt":"2025-02-07T14:40:08","slug":"sw-tomasz-z-akwinu-o-zlym-duchu-4-z","status":"publish","type":"post","link":"https:\/\/wobronietradycjiiwiary.com\/pl\/sw-tomasz-z-akwinu-o-zlym-duchu-4-z\/","title":{"rendered":"\u015aw. Tomasz z Akwinu o z\u0142ych duchach. (4 z 5). Czy z\u0142y duch mo\u017ce czyni\u0107 cuda?"},"content":{"rendered":"<div id=\"bsf_rt_marker\"><\/div><p>Summa theologiae, Ia, Quaestio 114: Napastliwo\u015b\u0107 z\u0142ych duch\u00f3w. Artyku\u0142 4 CZY Z\u0141E DUCHY MOG\u0104 CZYNI\u0106 PRAWDZIWE CUDY I NIMI UWODZI\u0106&hellip;<\/p>\n<div style=\"text-align: center\">\n<p>&nbsp;<\/p>\n<\/div>\n<h2 style=\"border: 5px solid #0000A0;padding: 1em;text-align: center\"><span style=\"color: #000000\">Pe\u0142en dost\u0119p dla <span style=\"color: #00ccff\"><a style=\"color: #00ccff\" href=\"https:\/\/wobronietradycjiiwiary.com\/subskrypcje-2\/\" target=\"_blank\" rel=\"noopener\">subskrybent\u00f3w<\/a><\/span>.<\/span><br \/>\n<span style=\"color: #3366ff\"><a style=\"color: #3366ff\" href=\"https:\/\/wobronietradycjiiwiary.com\/account\/login\/\" target=\"_blank\" rel=\"noopener\"><span style=\"color: #00ccff\">Zaloguj<\/span><\/a> <\/span>si\u0119 lub przejd\u017a do <a href=\"https:\/\/wobronietradycjiiwiary.com\/register\/\"><span style=\"color: #3366ff\">Rejestracji<\/span><\/a>.<\/h2>\n<div>\n<p style=\"text-align: center\"><a href=\"https:\/\/wobronietradycjiiwiary.com\/pl\/subskrypcje-2\/cennik\/\" target=\"_blank\" rel=\"noopener\"><span style=\"color: #000080;font-size: 24pt\"><strong>Nowe ni\u017csze ceny<\/strong><\/span><\/a><\/p>\n<p style=\"text-align: center\"><strong><span style=\"font-size: 18pt;color: #000080\">P\u0142atno\u015b\u0107 kart\u0105<\/span><\/strong><\/p>\n<\/div>\n<h3 style=\"text-align: center\"><a href=\"https:\/\/wobronietradycjiiwiary.com\/pl\/subskrypcje-2\/automatyczne\/indywidualne\/\" target=\"_blank\" rel=\"noopener\"><img fetchpriority=\"high\" decoding=\"async\" class=\"alignnone size-medium wp-image-80433\" src=\"https:\/\/wobronietradycjiiwiary.com\/wp-content\/uploads\/2022\/11\/Unbenannt-1-Online-1-300x202.jpg\" alt=\"\" width=\"300\" height=\"202\" srcset=\"https:\/\/wobronietradycjiiwiary.com\/wp-content\/uploads\/2022\/11\/Unbenannt-1-Online-1-300x202.jpg 300w, https:\/\/wobronietradycjiiwiary.com\/wp-content\/uploads\/2022\/11\/Unbenannt-1-Online-1-150x101.jpg 150w, https:\/\/wobronietradycjiiwiary.com\/wp-content\/uploads\/2022\/11\/Unbenannt-1-Online-1-18x12.jpg 18w, https:\/\/wobronietradycjiiwiary.com\/wp-content\/uploads\/2022\/11\/Unbenannt-1-Online-1.jpg 446w\" sizes=\"(max-width: 300px) 100vw, 300px\" \/><\/a><\/h3>\n<p style=\"text-align: center\"><strong><span style=\"font-size: 18pt;color: #000080\">P\u0142atno\u015b\u0107 przelewem<\/span><\/strong><\/p>\n<p><a href=\"https:\/\/wobronietradycjiiwiary.com\/pl\/subskrypcje-2\/automatyczne\/indywidualne\/\" target=\"_blank\" rel=\"noopener\"><img decoding=\"async\" class=\"size-medium wp-image-80434 aligncenter\" src=\"https:\/\/wobronietradycjiiwiary.com\/wp-content\/uploads\/2022\/11\/Unbenannt-1-Przelewem-300x137.jpg\" alt=\"\" width=\"300\" height=\"137\" srcset=\"https:\/\/wobronietradycjiiwiary.com\/wp-content\/uploads\/2022\/11\/Unbenannt-1-Przelewem-300x137.jpg 300w, https:\/\/wobronietradycjiiwiary.com\/wp-content\/uploads\/2022\/11\/Unbenannt-1-Przelewem-450x206.jpg 450w, https:\/\/wobronietradycjiiwiary.com\/wp-content\/uploads\/2022\/11\/Unbenannt-1-Przelewem-600x274.jpg 600w, https:\/\/wobronietradycjiiwiary.com\/wp-content\/uploads\/2022\/11\/Unbenannt-1-Przelewem-150x69.jpg 150w, https:\/\/wobronietradycjiiwiary.com\/wp-content\/uploads\/2022\/11\/Unbenannt-1-Przelewem-18x8.jpg 18w, https:\/\/wobronietradycjiiwiary.com\/wp-content\/uploads\/2022\/11\/Unbenannt-1-Przelewem.jpg 676w\" sizes=\"(max-width: 300px) 100vw, 300px\" \/><\/a><\/p>\n<p style=\"text-align: center\"><strong><span style=\"font-size: 18pt;color: #000080\">P\u0142atno\u015b\u0107 kart\u0105 do 6 os\u00f3b<\/span><\/strong><\/p>\n<p><a href=\"https:\/\/wobronietradycjiiwiary.com\/pl\/rodzinne\/\" target=\"_blank\" rel=\"noopener\"><img decoding=\"async\" class=\"size-medium wp-image-80435 aligncenter\" src=\"https:\/\/wobronietradycjiiwiary.com\/wp-content\/uploads\/2022\/11\/Unbenannt-1-Rodzinna-300x208.jpg\" alt=\"\" width=\"300\" height=\"208\" srcset=\"https:\/\/wobronietradycjiiwiary.com\/wp-content\/uploads\/2022\/11\/Unbenannt-1-Rodzinna-300x208.jpg 300w, https:\/\/wobronietradycjiiwiary.com\/wp-content\/uploads\/2022\/11\/Unbenannt-1-Rodzinna-150x104.jpg 150w, https:\/\/wobronietradycjiiwiary.com\/wp-content\/uploads\/2022\/11\/Unbenannt-1-Rodzinna-18x12.jpg 18w, https:\/\/wobronietradycjiiwiary.com\/wp-content\/uploads\/2022\/11\/Unbenannt-1-Rodzinna.jpg 448w\" sizes=\"(max-width: 300px) 100vw, 300px\" \/><\/a><\/p>\n<h3 style=\"text-align: center\"><\/h3>\n<h1 style=\"text-align: center\"><\/h1>\n","protected":false},"excerpt":{"rendered":"<p>O tym, czy z\u0142y duch mo\u017ce czyni\u0107 cuda z komentarzem w\u0142asnym.<\/p>\n","protected":false},"author":60508433,"featured_media":11185,"comment_status":"closed","ping_status":"closed","sticky":false,"template":"","format":"standard","meta":{"_bbp_topic_count":0,"_bbp_reply_count":0,"_bbp_total_topic_count":0,"_bbp_total_reply_count":0,"_bbp_voice_count":0,"_bbp_anonymous_reply_count":0,"_bbp_topic_count_hidden":0,"_bbp_reply_count_hidden":0,"_bbp_forum_subforum_count":0,"_editorskit_title_hidden":false,"_editorskit_reading_time":0,"_editorskit_is_block_options_detached":false,"_editorskit_block_options_position":"{}","_coblocks_attr":"","_coblocks_dimensions":"","_coblocks_responsive_height":"","_coblocks_accordion_ie_support":"","_exactmetrics_skip_tracking":false,"_jetpack_newsletter_access":"","_jetpack_dont_email_post_to_subs":false,"_jetpack_newsletter_tier_id":0,"_jetpack_memberships_contains_paywalled_content":false,"_wpcom_ai_launchpad_first_post":false,"_jetpack_feature_clip_id":0,"_jetpack_memberships_contains_paid_content":false,"footnotes":"","jetpack_publicize_message":"{title}\n\n{excerpt}\n\n{url}","jetpack_publicize_feature_enabled":true,"jetpack_social_post_already_shared":true,"jetpack_social_options":{"image_generator_settings":{"template":"highway","default_image_id":0,"font":"","enabled":false},"version":2},"_wpas_customize_per_network":false,"jetpack_post_was_ever_published":false},"categories":[610131185,555790943],"tags":[573568,555805796,744063,555786885,578289507,610132133,395212329,7979397],"class_list":["post-11196","post","type-post","status-publish","format-standard","has-post-thumbnail","hentry","category-doktryna","category-sw-tomasz-o-zlych-duchach","tag-cuda","tag-cuda-diabelskie","tag-halucynacje","tag-napastliwosc-zlych-duchow","tag-omamy-diabelskie","tag-restricted","tag-teologia-cudow","tag-zly-duch"],"yoast_head":"<!-- This site is optimized with the Yoast SEO plugin v28.4 - https:\/\/yoast.com\/product\/yoast-seo-wordpress\/ -->\n<title>\u015aw. Tomasz z Akwinu o z\u0142ych duchach. (4 z 5). Czy z\u0142y duch mo\u017ce czyni\u0107 cuda? - Tradycja i Wiara<\/title>\n<meta name=\"robots\" content=\"index, follow, max-snippet:-1, max-image-preview:large, max-video-preview:-1\" \/>\n<link rel=\"canonical\" href=\"https:\/\/wobronietradycjiiwiary.com\/pl\/sw-tomasz-z-akwinu-o-zlym-duchu-4-z\/\" \/>\n<meta property=\"og:locale\" content=\"pl_PL\" \/>\n<meta property=\"og:type\" content=\"article\" \/>\n<meta property=\"og:title\" content=\"\u015aw. Tomasz z Akwinu o z\u0142ych duchach. (4 z 5). Czy z\u0142y duch mo\u017ce czyni\u0107 cuda? - Tradycja i Wiara\" \/>\n<meta property=\"og:description\" content=\"O tym, czy z\u0142y duch mo\u017ce czyni\u0107 cuda z komentarzem w\u0142asnym.\" \/>\n<meta property=\"og:url\" content=\"https:\/\/wobronietradycjiiwiary.com\/pl\/sw-tomasz-z-akwinu-o-zlym-duchu-4-z\/\" \/>\n<meta property=\"og:site_name\" content=\"Tradycja i Wiara\" \/>\n<meta property=\"article:publisher\" content=\"https:\/\/www.facebook.com\/Tradycja-i-Wiara-108813920592249\" \/>\n<meta property=\"article:published_time\" content=\"2017-05-26T06:00:22+00:00\" \/>\n<meta property=\"article:modified_time\" content=\"2025-02-07T14:40:08+00:00\" \/>\n<meta property=\"og:image\" content=\"https:\/\/wobronietradycjiiwiary.com\/wp-content\/uploads\/2017\/01\/1medieval_monsters_3274897k.jpg\" \/>\n\t<meta property=\"og:image:width\" content=\"858\" \/>\n\t<meta property=\"og:image:height\" content=\"536\" \/>\n\t<meta property=\"og:image:type\" content=\"image\/jpeg\" \/>\n<meta name=\"author\" content=\"Traditio et Fides\" \/>\n<meta name=\"twitter:card\" content=\"summary_large_image\" \/>\n<meta name=\"twitter:label1\" content=\"Napisane przez\" \/>\n\t<meta name=\"twitter:data1\" content=\"Traditio et Fides\" \/>\n\t<meta name=\"twitter:label2\" content=\"Szacowany czas czytania\" \/>\n\t<meta name=\"twitter:data2\" content=\"11 minut\" \/>\n<script type=\"application\/ld+json\" class=\"yoast-schema-graph\">{\"@context\":\"https:\\\/\\\/schema.org\",\"@graph\":[{\"@type\":\"Article\",\"@id\":\"https:\\\/\\\/wobronietradycjiiwiary.com\\\/sw-tomasz-z-akwinu-o-zlym-duchu-4-z\\\/#article\",\"isPartOf\":{\"@id\":\"https:\\\/\\\/wobronietradycjiiwiary.com\\\/sw-tomasz-z-akwinu-o-zlym-duchu-4-z\\\/\"},\"author\":{\"name\":\"Traditio et Fides\",\"@id\":\"https:\\\/\\\/wobronietradycjiiwiary.com\\\/pl\\\/#\\\/schema\\\/person\\\/2d6180ce6abcb681fef0daab7816e8f3\"},\"headline\":\"\u015aw. Tomasz z Akwinu o z\u0142ych duchach. (4 z 5). Czy z\u0142y duch mo\u017ce czyni\u0107 cuda?\",\"datePublished\":\"2017-05-26T06:00:22+00:00\",\"dateModified\":\"2025-02-07T14:40:08+00:00\",\"mainEntityOfPage\":{\"@id\":\"https:\\\/\\\/wobronietradycjiiwiary.com\\\/sw-tomasz-z-akwinu-o-zlym-duchu-4-z\\\/\"},\"wordCount\":3073,\"publisher\":{\"@id\":\"https:\\\/\\\/wobronietradycjiiwiary.com\\\/pl\\\/#organization\"},\"image\":{\"@id\":\"https:\\\/\\\/wobronietradycjiiwiary.com\\\/sw-tomasz-z-akwinu-o-zlym-duchu-4-z\\\/#primaryimage\"},\"thumbnailUrl\":\"https:\\\/\\\/wobronietradycjiiwiary.com\\\/wp-content\\\/uploads\\\/2017\\\/01\\\/1medieval_monsters_3274897k.jpg\",\"keywords\":[\"Cuda\",\"cuda diabelskie\",\"halucynacje\",\"napastliwo\u015b\u0107 z\u0142ych duch\u00f3w\",\"omamy diabelskie\",\"Restricted\",\"Teologia cud\u00f3w\",\"Z\u0142y duch\"],\"articleSection\":[\"Doktryna\",\"\u015bw. Tomasz o z\u0142ych duchach\"],\"inLanguage\":\"pl-PL\"},{\"@type\":\"WebPage\",\"@id\":\"https:\\\/\\\/wobronietradycjiiwiary.com\\\/sw-tomasz-z-akwinu-o-zlym-duchu-4-z\\\/\",\"url\":\"https:\\\/\\\/wobronietradycjiiwiary.com\\\/sw-tomasz-z-akwinu-o-zlym-duchu-4-z\\\/\",\"name\":\"\u015aw. Tomasz z Akwinu o z\u0142ych duchach. (4 z 5). Czy z\u0142y duch mo\u017ce czyni\u0107 cuda? - Tradycja i Wiara\",\"isPartOf\":{\"@id\":\"https:\\\/\\\/wobronietradycjiiwiary.com\\\/pl\\\/#website\"},\"primaryImageOfPage\":{\"@id\":\"https:\\\/\\\/wobronietradycjiiwiary.com\\\/sw-tomasz-z-akwinu-o-zlym-duchu-4-z\\\/#primaryimage\"},\"image\":{\"@id\":\"https:\\\/\\\/wobronietradycjiiwiary.com\\\/sw-tomasz-z-akwinu-o-zlym-duchu-4-z\\\/#primaryimage\"},\"thumbnailUrl\":\"https:\\\/\\\/wobronietradycjiiwiary.com\\\/wp-content\\\/uploads\\\/2017\\\/01\\\/1medieval_monsters_3274897k.jpg\",\"datePublished\":\"2017-05-26T06:00:22+00:00\",\"dateModified\":\"2025-02-07T14:40:08+00:00\",\"breadcrumb\":{\"@id\":\"https:\\\/\\\/wobronietradycjiiwiary.com\\\/sw-tomasz-z-akwinu-o-zlym-duchu-4-z\\\/#breadcrumb\"},\"inLanguage\":\"pl-PL\",\"potentialAction\":[{\"@type\":\"ReadAction\",\"target\":[\"https:\\\/\\\/wobronietradycjiiwiary.com\\\/sw-tomasz-z-akwinu-o-zlym-duchu-4-z\\\/\"]}]},{\"@type\":\"ImageObject\",\"inLanguage\":\"pl-PL\",\"@id\":\"https:\\\/\\\/wobronietradycjiiwiary.com\\\/sw-tomasz-z-akwinu-o-zlym-duchu-4-z\\\/#primaryimage\",\"url\":\"https:\\\/\\\/wobronietradycjiiwiary.com\\\/wp-content\\\/uploads\\\/2017\\\/01\\\/1medieval_monsters_3274897k.jpg\",\"contentUrl\":\"https:\\\/\\\/wobronietradycjiiwiary.com\\\/wp-content\\\/uploads\\\/2017\\\/01\\\/1medieval_monsters_3274897k.jpg\",\"width\":858,\"height\":536},{\"@type\":\"BreadcrumbList\",\"@id\":\"https:\\\/\\\/wobronietradycjiiwiary.com\\\/sw-tomasz-z-akwinu-o-zlym-duchu-4-z\\\/#breadcrumb\",\"itemListElement\":[{\"@type\":\"ListItem\",\"position\":1,\"name\":\"Strona g\u0142\u00f3wna\",\"item\":\"https:\\\/\\\/wobronietradycjiiwiary.com\\\/\"},{\"@type\":\"ListItem\",\"position\":2,\"name\":\"\u015aw. Tomasz z Akwinu o z\u0142ych duchach. (4 z 5). Czy z\u0142y duch mo\u017ce czyni\u0107 cuda?\"}]},{\"@type\":\"WebSite\",\"@id\":\"https:\\\/\\\/wobronietradycjiiwiary.com\\\/pl\\\/#website\",\"url\":\"https:\\\/\\\/wobronietradycjiiwiary.com\\\/pl\\\/\",\"name\":\"Tradycja i Wiara\",\"description\":\"Portal dla katolik\u00f3w.\",\"publisher\":{\"@id\":\"https:\\\/\\\/wobronietradycjiiwiary.com\\\/pl\\\/#organization\"},\"potentialAction\":[{\"@type\":\"SearchAction\",\"target\":{\"@type\":\"EntryPoint\",\"urlTemplate\":\"https:\\\/\\\/wobronietradycjiiwiary.com\\\/pl\\\/?s={search_term_string}\"},\"query-input\":{\"@type\":\"PropertyValueSpecification\",\"valueRequired\":true,\"valueName\":\"search_term_string\"}}],\"inLanguage\":\"pl-PL\"},{\"@type\":\"Organization\",\"@id\":\"https:\\\/\\\/wobronietradycjiiwiary.com\\\/pl\\\/#organization\",\"name\":\"Tradycja i Wiara\",\"url\":\"https:\\\/\\\/wobronietradycjiiwiary.com\\\/pl\\\/\",\"logo\":{\"@type\":\"ImageObject\",\"inLanguage\":\"pl-PL\",\"@id\":\"https:\\\/\\\/wobronietradycjiiwiary.com\\\/pl\\\/#\\\/schema\\\/logo\\\/image\\\/\",\"url\":\"https:\\\/\\\/i0.wp.com\\\/wobronietradycjiiwiary.com\\\/wp-content\\\/uploads\\\/2015\\\/10\\\/cropped-st-peters-dome-vatican.jpg?fit=940%2C198&ssl=1\",\"contentUrl\":\"https:\\\/\\\/i0.wp.com\\\/wobronietradycjiiwiary.com\\\/wp-content\\\/uploads\\\/2015\\\/10\\\/cropped-st-peters-dome-vatican.jpg?fit=940%2C198&ssl=1\",\"width\":940,\"height\":198,\"caption\":\"Tradycja i Wiara\"},\"image\":{\"@id\":\"https:\\\/\\\/wobronietradycjiiwiary.com\\\/pl\\\/#\\\/schema\\\/logo\\\/image\\\/\"},\"sameAs\":[\"https:\\\/\\\/www.facebook.com\\\/Tradycja-i-Wiara-108813920592249\"]},{\"@type\":\"Person\",\"@id\":\"https:\\\/\\\/wobronietradycjiiwiary.com\\\/pl\\\/#\\\/schema\\\/person\\\/2d6180ce6abcb681fef0daab7816e8f3\",\"name\":\"Traditio et Fides\",\"sameAs\":[\"https:\\\/\\\/traditionundglauben.com\"],\"url\":\"https:\\\/\\\/wobronietradycjiiwiary.com\\\/pl\\\/author\\\/wobronietradycjiiwiary\\\/\"}]}<\/script>\n<!-- \/ Yoast SEO plugin. -->","yoast_head_json":{"title":"\u015aw. Tomasz z Akwinu o z\u0142ych duchach. (4 z 5). Czy z\u0142y duch mo\u017ce czyni\u0107 cuda? - Tradycja i Wiara","robots":{"index":"index","follow":"follow","max-snippet":"max-snippet:-1","max-image-preview":"max-image-preview:large","max-video-preview":"max-video-preview:-1"},"canonical":"https:\/\/wobronietradycjiiwiary.com\/pl\/sw-tomasz-z-akwinu-o-zlym-duchu-4-z\/","og_locale":"pl_PL","og_type":"article","og_title":"\u015aw. Tomasz z Akwinu o z\u0142ych duchach. (4 z 5). Czy z\u0142y duch mo\u017ce czyni\u0107 cuda? - Tradycja i Wiara","og_description":"O tym, czy z\u0142y duch mo\u017ce czyni\u0107 cuda z komentarzem w\u0142asnym.","og_url":"https:\/\/wobronietradycjiiwiary.com\/pl\/sw-tomasz-z-akwinu-o-zlym-duchu-4-z\/","og_site_name":"Tradycja i Wiara","article_publisher":"https:\/\/www.facebook.com\/Tradycja-i-Wiara-108813920592249","article_published_time":"2017-05-26T06:00:22+00:00","article_modified_time":"2025-02-07T14:40:08+00:00","og_image":[{"width":858,"height":536,"url":"https:\/\/wobronietradycjiiwiary.com\/wp-content\/uploads\/2017\/01\/1medieval_monsters_3274897k.jpg","type":"image\/jpeg"}],"author":"Traditio et Fides","twitter_card":"summary_large_image","twitter_misc":{"Napisane przez":"Traditio et Fides","Szacowany czas czytania":"11 minut"},"schema":{"@context":"https:\/\/schema.org","@graph":[{"@type":"Article","@id":"https:\/\/wobronietradycjiiwiary.com\/sw-tomasz-z-akwinu-o-zlym-duchu-4-z\/#article","isPartOf":{"@id":"https:\/\/wobronietradycjiiwiary.com\/sw-tomasz-z-akwinu-o-zlym-duchu-4-z\/"},"author":{"name":"Traditio et Fides","@id":"https:\/\/wobronietradycjiiwiary.com\/pl\/#\/schema\/person\/2d6180ce6abcb681fef0daab7816e8f3"},"headline":"\u015aw. Tomasz z Akwinu o z\u0142ych duchach. (4 z 5). Czy z\u0142y duch mo\u017ce czyni\u0107 cuda?","datePublished":"2017-05-26T06:00:22+00:00","dateModified":"2025-02-07T14:40:08+00:00","mainEntityOfPage":{"@id":"https:\/\/wobronietradycjiiwiary.com\/sw-tomasz-z-akwinu-o-zlym-duchu-4-z\/"},"wordCount":3073,"publisher":{"@id":"https:\/\/wobronietradycjiiwiary.com\/pl\/#organization"},"image":{"@id":"https:\/\/wobronietradycjiiwiary.com\/sw-tomasz-z-akwinu-o-zlym-duchu-4-z\/#primaryimage"},"thumbnailUrl":"https:\/\/wobronietradycjiiwiary.com\/wp-content\/uploads\/2017\/01\/1medieval_monsters_3274897k.jpg","keywords":["Cuda","cuda diabelskie","halucynacje","napastliwo\u015b\u0107 z\u0142ych duch\u00f3w","omamy diabelskie","Restricted","Teologia cud\u00f3w","Z\u0142y duch"],"articleSection":["Doktryna","\u015bw. Tomasz o z\u0142ych duchach"],"inLanguage":"pl-PL"},{"@type":"WebPage","@id":"https:\/\/wobronietradycjiiwiary.com\/sw-tomasz-z-akwinu-o-zlym-duchu-4-z\/","url":"https:\/\/wobronietradycjiiwiary.com\/sw-tomasz-z-akwinu-o-zlym-duchu-4-z\/","name":"\u015aw. Tomasz z Akwinu o z\u0142ych duchach. (4 z 5). Czy z\u0142y duch mo\u017ce czyni\u0107 cuda? - Tradycja i Wiara","isPartOf":{"@id":"https:\/\/wobronietradycjiiwiary.com\/pl\/#website"},"primaryImageOfPage":{"@id":"https:\/\/wobronietradycjiiwiary.com\/sw-tomasz-z-akwinu-o-zlym-duchu-4-z\/#primaryimage"},"image":{"@id":"https:\/\/wobronietradycjiiwiary.com\/sw-tomasz-z-akwinu-o-zlym-duchu-4-z\/#primaryimage"},"thumbnailUrl":"https:\/\/wobronietradycjiiwiary.com\/wp-content\/uploads\/2017\/01\/1medieval_monsters_3274897k.jpg","datePublished":"2017-05-26T06:00:22+00:00","dateModified":"2025-02-07T14:40:08+00:00","breadcrumb":{"@id":"https:\/\/wobronietradycjiiwiary.com\/sw-tomasz-z-akwinu-o-zlym-duchu-4-z\/#breadcrumb"},"inLanguage":"pl-PL","potentialAction":[{"@type":"ReadAction","target":["https:\/\/wobronietradycjiiwiary.com\/sw-tomasz-z-akwinu-o-zlym-duchu-4-z\/"]}]},{"@type":"ImageObject","inLanguage":"pl-PL","@id":"https:\/\/wobronietradycjiiwiary.com\/sw-tomasz-z-akwinu-o-zlym-duchu-4-z\/#primaryimage","url":"https:\/\/wobronietradycjiiwiary.com\/wp-content\/uploads\/2017\/01\/1medieval_monsters_3274897k.jpg","contentUrl":"https:\/\/wobronietradycjiiwiary.com\/wp-content\/uploads\/2017\/01\/1medieval_monsters_3274897k.jpg","width":858,"height":536},{"@type":"BreadcrumbList","@id":"https:\/\/wobronietradycjiiwiary.com\/sw-tomasz-z-akwinu-o-zlym-duchu-4-z\/#breadcrumb","itemListElement":[{"@type":"ListItem","position":1,"name":"Strona g\u0142\u00f3wna","item":"https:\/\/wobronietradycjiiwiary.com\/"},{"@type":"ListItem","position":2,"name":"\u015aw. Tomasz z Akwinu o z\u0142ych duchach. (4 z 5). Czy z\u0142y duch mo\u017ce czyni\u0107 cuda?"}]},{"@type":"WebSite","@id":"https:\/\/wobronietradycjiiwiary.com\/pl\/#website","url":"https:\/\/wobronietradycjiiwiary.com\/pl\/","name":"Tradycja i Wiara","description":"Portal dla katolik\u00f3w.","publisher":{"@id":"https:\/\/wobronietradycjiiwiary.com\/pl\/#organization"},"potentialAction":[{"@type":"SearchAction","target":{"@type":"EntryPoint","urlTemplate":"https:\/\/wobronietradycjiiwiary.com\/pl\/?s={search_term_string}"},"query-input":{"@type":"PropertyValueSpecification","valueRequired":true,"valueName":"search_term_string"}}],"inLanguage":"pl-PL"},{"@type":"Organization","@id":"https:\/\/wobronietradycjiiwiary.com\/pl\/#organization","name":"Tradycja i Wiara","url":"https:\/\/wobronietradycjiiwiary.com\/pl\/","logo":{"@type":"ImageObject","inLanguage":"pl-PL","@id":"https:\/\/wobronietradycjiiwiary.com\/pl\/#\/schema\/logo\/image\/","url":"https:\/\/i0.wp.com\/wobronietradycjiiwiary.com\/wp-content\/uploads\/2015\/10\/cropped-st-peters-dome-vatican.jpg?fit=940%2C198&ssl=1","contentUrl":"https:\/\/i0.wp.com\/wobronietradycjiiwiary.com\/wp-content\/uploads\/2015\/10\/cropped-st-peters-dome-vatican.jpg?fit=940%2C198&ssl=1","width":940,"height":198,"caption":"Tradycja i Wiara"},"image":{"@id":"https:\/\/wobronietradycjiiwiary.com\/pl\/#\/schema\/logo\/image\/"},"sameAs":["https:\/\/www.facebook.com\/Tradycja-i-Wiara-108813920592249"]},{"@type":"Person","@id":"https:\/\/wobronietradycjiiwiary.com\/pl\/#\/schema\/person\/2d6180ce6abcb681fef0daab7816e8f3","name":"Traditio et Fides","sameAs":["https:\/\/traditionundglauben.com"],"url":"https:\/\/wobronietradycjiiwiary.com\/pl\/author\/wobronietradycjiiwiary\/"}]}},"jetpack_publicize_connections":[],"jetpack_sharing_enabled":true,"jetpack_likes_enabled":true,"jetpack_shortlink":"https:\/\/wp.me\/pc04Sd-2UA","jetpack-related-posts":[{"id":11183,"url":"https:\/\/wobronietradycjiiwiary.com\/pl\/sw-tomasz-a-akwinu-o-zlych-duchach-1-z-czy-zle-duchy-napastuja-ludzi\/","url_meta":{"origin":11196,"position":0},"title":"\u015aw. Tomasz a Akwinu o z\u0142ych duchach (1 z 5). Czy z\u0142e duchy napastuj\u0105 ludzi?","author":"Traditio et Fides","date":"16 maja 2017","format":false,"excerpt":"Poniewa\u017c Diekamp-J\u00fcssen jest w swej Dogmatyce w kwestii pokus diabelskich dosy\u0107 oszcz\u0119dny w s\u0142owa, tote\u017c jako lektur\u0119 uzupe\u0142niaj\u0105c\u0105 przytoczymy sukcesywnie ca\u0142\u0105 kwesti\u0119 114 z Summ. Theol. Ia \u015bw. Tomasza traktuj\u0105c\u0105 o Napastliwo\u015bci z\u0142ych duch\u00f3w.[1] Tu i \u00f3wdzie pos\u0142u\u017cymy si\u0119 w\u0142asnym komentarzem, chocia\u017c, naszym zdaniem, Akwinata pisze bardzo jasno i prosto.\u2026","rel":"","context":"W \u201eDemonologia&quot;","block_context":{"text":"Demonologia","link":"https:\/\/wobronietradycjiiwiary.com\/pl\/category\/doktryna\/teologia-dogmatyczna\/demonologia-teologia\/"},"img":{"alt_text":"","src":"https:\/\/i0.wp.com\/wobronietradycjiiwiary.com\/wp-content\/uploads\/2017\/01\/1medieval_monsters_3274897k.jpg?resize=350%2C200&ssl=1","width":350,"height":200,"srcset":"https:\/\/i0.wp.com\/wobronietradycjiiwiary.com\/wp-content\/uploads\/2017\/01\/1medieval_monsters_3274897k.jpg?resize=350%2C200&ssl=1 1x, https:\/\/i0.wp.com\/wobronietradycjiiwiary.com\/wp-content\/uploads\/2017\/01\/1medieval_monsters_3274897k.jpg?resize=525%2C300&ssl=1 1.5x, https:\/\/i0.wp.com\/wobronietradycjiiwiary.com\/wp-content\/uploads\/2017\/01\/1medieval_monsters_3274897k.jpg?resize=700%2C400&ssl=1 2x"},"classes":[]},{"id":11188,"url":"https:\/\/wobronietradycjiiwiary.com\/pl\/sw-tomasz-a-akwinu-o-zlych-duchach-2-z-kuszenie-znamienna-cecha-diabla\/","url_meta":{"origin":11196,"position":1},"title":"\u015aw. Tomasz z Akwinu o z\u0142ych duchach (2 z 5). Kuszenie znamienn\u0105 cech\u0105 diab\u0142a.","author":"Traditio et Fides","date":"19 maja 2017","format":false,"excerpt":"Summa theologiae, Ia, Quaestio 114: Napastliwo\u015b\u0107 z\u0142ych duch\u00f3w Artyku\u0142 2 CZY KUSZENIE JEST ZNAMIENN\u0104 CECH\u0104 DIAB\u0141A ? Zdaje si\u0119, \u017ce kuszenie nie jest znamienn\u0105 cech\u0105 diab\u0142a, bo: W Ksi\u0119dze Rodzaju czytamy: \u201eKusi\u0142 B\u00f3g Abrahama\u201d (Rdz 22,1 Wulgata). Kusi tak\u017ce cia\u0142o i \u015bwiat. M\u00f3wi si\u0119 tak\u017ce: Cz\u0142owiek kusi Boga; cz\u0142owiek kusi\u2026","rel":"","context":"W \u201eDemonologia&quot;","block_context":{"text":"Demonologia","link":"https:\/\/wobronietradycjiiwiary.com\/pl\/category\/doktryna\/teologia-dogmatyczna\/demonologia-teologia\/"},"img":{"alt_text":"","src":"https:\/\/i0.wp.com\/wobronietradycjiiwiary.com\/wp-content\/uploads\/2017\/01\/1medieval_monsters_3274897k.jpg?resize=350%2C200&ssl=1","width":350,"height":200,"srcset":"https:\/\/i0.wp.com\/wobronietradycjiiwiary.com\/wp-content\/uploads\/2017\/01\/1medieval_monsters_3274897k.jpg?resize=350%2C200&ssl=1 1x, https:\/\/i0.wp.com\/wobronietradycjiiwiary.com\/wp-content\/uploads\/2017\/01\/1medieval_monsters_3274897k.jpg?resize=525%2C300&ssl=1 1.5x, https:\/\/i0.wp.com\/wobronietradycjiiwiary.com\/wp-content\/uploads\/2017\/01\/1medieval_monsters_3274897k.jpg?resize=700%2C400&ssl=1 2x"},"classes":[]},{"id":6556,"url":"https:\/\/wobronietradycjiiwiary.com\/pl\/charyzmaty-pomoca-w-przepowiadaniu-wiary-prawdziwej-lub-krotka-nauka-o-charyzmatach-wedlug-sw-tomasza-z-akwinu-5\/","url_meta":{"origin":11196,"position":2},"title":"Charyzmaty pomoc\u0105 w przepowiadaniu wiary prawdziwej lub kr\u00f3tka nauka o charyzmatach wed\u0142ug \u015bw. Tomasza z Akwinu (5 z 6)","author":"Traditio et Fides","date":"9 wrze\u015bnia 2015","format":false,"excerpt":"Rodzaje cud\u00f3w w teologii klasycznej Aby zrozumie\u0107 pe\u0142ni wypowied\u017a \u015bw. Tomasza na temat rodzaj\u00f3w cud\u00f3w, to jest pomi\u0119dzy faktycznymi wydarzeniami (facta vera), a wydarzeniami urojonymi (phantastica facta), o czym mowa w poprzednim wpisie tego cyklu, nale\u017cy przedstawi\u0107 pokr\u00f3tce klasyczn\u0105 teologi\u0119 cudu. Co to znaczy? Ot\u00f3\u017c teologia rozr\u00f3\u017cnia dwa rodzaje cud\u00f3w,\u2026","rel":"","context":"W \u201e\u015bw. Tomasz o charyzmatach&quot;","block_context":{"text":"\u015bw. Tomasz o charyzmatach","link":"https:\/\/wobronietradycjiiwiary.com\/pl\/category\/polemika\/kosciol-posoborowy\/nowe-ruchy-w-kosciele\/ruch-charyzmatyczny\/sw-tomasz-o-charyzmatach\/"},"img":{"alt_text":"Zes\u0142anie","src":"https:\/\/i0.wp.com\/wobronietradycjiiwiary.com\/wp-content\/uploads\/2015\/07\/zesc582anie.jpg?resize=350%2C200&ssl=1","width":350,"height":200},"classes":[]},{"id":11191,"url":"https:\/\/wobronietradycjiiwiary.com\/pl\/sw-tomasz-z-akwinu-o-3-z\/","url_meta":{"origin":11196,"position":3},"title":"\u015aw. Tomasz z Akwinu o z\u0142ych duchach (3 z 5). Diabe\u0142 po\u015bredni\u0105 przyczyn\u0105 grzechu.","author":"Traditio et Fides","date":"23 maja 2017","format":false,"excerpt":"Summa theologiae, Ia, Quaestio 114: Napastliwo\u015b\u0107 z\u0142ych duch\u00f3w. Artyku\u0142 3 CZY POKUSA DIAB\u0141A JEST PRZYCZYN\u0104 WSZYSTKICH GRZECH\u00d3W ? Zdaje si\u0119, \u017ce przyczyn\u0105 wszystkich grzech\u00f3w jest pokusa diab\u0142a, bo: Dionizy [Dionizy-Pseudoareopagita] pisze: \u201eCa\u0142y zesp\u00f3\u0142 z\u0142ych duch\u00f3w jest przyczyn\u0105 wszystkiego z\u0142a dla nich samych i dla innych\u201d[1]. Damascen [\u015bw. Jan Damasce\u0144ski Red.]\u2026","rel":"","context":"W \u201e\u015bw. Tomasz o z\u0142ych duchach&quot;","block_context":{"text":"\u015bw. Tomasz o z\u0142ych duchach","link":"https:\/\/wobronietradycjiiwiary.com\/pl\/category\/doktryna\/teologia-dogmatyczna\/demonologia-teologia\/demon-teor\/sw-tomasz-o-zlych-duchach\/"},"img":{"alt_text":"","src":"https:\/\/i0.wp.com\/wobronietradycjiiwiary.com\/wp-content\/uploads\/2017\/01\/1medieval_monsters_3274897k.jpg?resize=350%2C200&ssl=1","width":350,"height":200,"srcset":"https:\/\/i0.wp.com\/wobronietradycjiiwiary.com\/wp-content\/uploads\/2017\/01\/1medieval_monsters_3274897k.jpg?resize=350%2C200&ssl=1 1x, https:\/\/i0.wp.com\/wobronietradycjiiwiary.com\/wp-content\/uploads\/2017\/01\/1medieval_monsters_3274897k.jpg?resize=525%2C300&ssl=1 1.5x, https:\/\/i0.wp.com\/wobronietradycjiiwiary.com\/wp-content\/uploads\/2017\/01\/1medieval_monsters_3274897k.jpg?resize=700%2C400&ssl=1 2x"},"classes":[]},{"id":20608,"url":"https:\/\/wobronietradycjiiwiary.com\/pl\/eynatten-sposob-rozrozniania-objawien-duchow-czy-sa-dobre-czy-zle-ze-srodkami-zaradczymi-i-egzorcyzmami-przeciwko-zlym-duchom-nekajacym-domy-lub-inne-miejsca\/","url_meta":{"origin":11196,"position":4},"title":"Eynatten, Spos\u00f3b rozr\u00f3\u017cniania objawie\u0144 duch\u00f3w","author":"Traditio et Fides","date":"20 czerwca 2019","format":false,"excerpt":"Spos\u00f3b rozr\u00f3\u017cniania objawie\u0144 duch\u00f3w czy s\u0105 dobre czy z\u0142e: ze \u015brodkami zaradczymi i egzorcyzmami przeciwko z\u0142ym duchom n\u0119kaj\u0105cym domy lub inne miejsca A tutaj omawiany tekst w ca\u0142o\u015bci tym razem bez komentarza: Chocia\u017c dar rozr\u00f3\u017cniania z\u0142ych duch\u00f3w nie jest wszystkim dany, lecz jako szczeg\u00f3lna \u0142aska udzielana jest niekt\u00f3rym, tym niemniej\u2026","rel":"","context":"W \u201eDemonologia praktyczna&quot;","block_context":{"text":"Demonologia praktyczna","link":"https:\/\/wobronietradycjiiwiary.com\/pl\/category\/doktryna\/teologia-dogmatyczna\/demonologia-teologia\/demonologia-praktyczna\/"},"img":{"alt_text":"","src":"https:\/\/i0.wp.com\/wobronietradycjiiwiary.com\/wp-content\/uploads\/2019\/06\/1e98bed17223a4ce0c3100189099a84e.jpg?resize=350%2C200&ssl=1","width":350,"height":200,"srcset":"https:\/\/i0.wp.com\/wobronietradycjiiwiary.com\/wp-content\/uploads\/2019\/06\/1e98bed17223a4ce0c3100189099a84e.jpg?resize=350%2C200&ssl=1 1x, https:\/\/i0.wp.com\/wobronietradycjiiwiary.com\/wp-content\/uploads\/2019\/06\/1e98bed17223a4ce0c3100189099a84e.jpg?resize=525%2C300&ssl=1 1.5x, https:\/\/i0.wp.com\/wobronietradycjiiwiary.com\/wp-content\/uploads\/2019\/06\/1e98bed17223a4ce0c3100189099a84e.jpg?resize=700%2C400&ssl=1 2x"},"classes":[]},{"id":129859,"url":"https:\/\/wobronietradycjiiwiary.com\/pl\/tomasz-z-akwinu-q-89-4-z-8-sadzacy-i-sadzeni-na-sadzie-powszechnym-4-czy-zle-duchy-wykonywac-beda-wyrok\/","url_meta":{"origin":11196,"position":5},"title":"Tomasz z Akwinu, Q. 89. (4 z 8). S\u0105dz\u0105cy i s\u0105dzeni na S\u0105dzie Powszechnym. (4) Czy z\u0142e duchy wykonywa\u0107 b\u0119d\u0105 wyrok?","author":"Traditio et Fides","date":"14 lutego 2025","format":false,"excerpt":"Z\u0142e duchy b\u0119d\u0105 wykonywa\u0107 wyrok nad pot\u0119pionymi.","rel":"","context":"W \u201eDoktryna&quot;","block_context":{"text":"Doktryna","link":"https:\/\/wobronietradycjiiwiary.com\/pl\/category\/doktryna\/"},"img":{"alt_text":"","src":"https:\/\/i0.wp.com\/wobronietradycjiiwiary.com\/wp-content\/uploads\/2023\/10\/Auferstehung.jpg?resize=350%2C200&ssl=1","width":350,"height":200,"srcset":"https:\/\/i0.wp.com\/wobronietradycjiiwiary.com\/wp-content\/uploads\/2023\/10\/Auferstehung.jpg?resize=350%2C200&ssl=1 1x, https:\/\/i0.wp.com\/wobronietradycjiiwiary.com\/wp-content\/uploads\/2023\/10\/Auferstehung.jpg?resize=525%2C300&ssl=1 1.5x"},"classes":[]}],"amp_enabled":true,"jetpack_featured_media_url":"https:\/\/wobronietradycjiiwiary.com\/wp-content\/uploads\/2017\/01\/1medieval_monsters_3274897k.jpg","_links":{"self":[{"href":"https:\/\/wobronietradycjiiwiary.com\/pl\/wp-json\/wp\/v2\/posts\/11196","targetHints":{"allow":["GET"]}}],"collection":[{"href":"https:\/\/wobronietradycjiiwiary.com\/pl\/wp-json\/wp\/v2\/posts"}],"about":[{"href":"https:\/\/wobronietradycjiiwiary.com\/pl\/wp-json\/wp\/v2\/types\/post"}],"author":[{"embeddable":true,"href":"https:\/\/wobronietradycjiiwiary.com\/pl\/wp-json\/wp\/v2\/users\/60508433"}],"replies":[{"embeddable":true,"href":"https:\/\/wobronietradycjiiwiary.com\/pl\/wp-json\/wp\/v2\/comments?post=11196"}],"version-history":[{"count":13,"href":"https:\/\/wobronietradycjiiwiary.com\/pl\/wp-json\/wp\/v2\/posts\/11196\/revisions"}],"predecessor-version":[{"id":117043,"href":"https:\/\/wobronietradycjiiwiary.com\/pl\/wp-json\/wp\/v2\/posts\/11196\/revisions\/117043"}],"wp:featuredmedia":[{"embeddable":true,"href":"https:\/\/wobronietradycjiiwiary.com\/pl\/wp-json\/wp\/v2\/media\/11185"}],"wp:attachment":[{"href":"https:\/\/wobronietradycjiiwiary.com\/pl\/wp-json\/wp\/v2\/media?parent=11196"}],"wp:term":[{"taxonomy":"category","embeddable":true,"href":"https:\/\/wobronietradycjiiwiary.com\/pl\/wp-json\/wp\/v2\/categories?post=11196"},{"taxonomy":"post_tag","embeddable":true,"href":"https:\/\/wobronietradycjiiwiary.com\/pl\/wp-json\/wp\/v2\/tags?post=11196"}],"curies":[{"name":"wp","href":"https:\/\/api.w.org\/{rel}","templated":true}]}}