{"id":110416,"date":"2024-01-05T19:00:31","date_gmt":"2024-01-05T18:00:31","guid":{"rendered":"https:\/\/wobronietradycjiiwiary.com\/?p=110416"},"modified":"2025-02-07T15:57:41","modified_gmt":"2025-02-07T14:57:41","slug":"proprium-missae-na-uroczystosc-objawienia-panskiego-in-epiphania-domini-3-2-2-2","status":"publish","type":"post","link":"https:\/\/wobronietradycjiiwiary.com\/pl\/proprium-missae-na-uroczystosc-objawienia-panskiego-in-epiphania-domini-3-2-2-2\/","title":{"rendered":"Proprium missae na Uroczysto\u015b\u0107 Objawienia Pa\u0144skiego &#8211; In Epiphania Domini"},"content":{"rendered":"<div id=\"bsf_rt_marker\"><\/div><p><\/p>\n<p><span class=\"embed-youtube\" style=\"text-align:center; display: block;\"><iframe class=\"youtube-player\" width=\"580\" height=\"327\" src=\"https:\/\/www.youtube.com\/embed\/cD78-L04ano?version=3&#038;rel=1&#038;showsearch=0&#038;showinfo=1&#038;iv_load_policy=1&#038;fs=1&#038;hl=pl-PL&#038;autohide=2&#038;wmode=transparent\" allowfullscreen=\"true\" style=\"border:0;\" sandbox=\"allow-scripts allow-same-origin allow-popups allow-presentation allow-popups-to-escape-sandbox\"><\/iframe><\/span><\/p>\n<table>\n<tbody>\n<tr>\n<td colspan=\"2\" width=\"614\"><strong><em>INTROITUS<\/em><\/strong><\/td>\n<\/tr>\n<tr>\n<td width=\"307\"><em>Malach 3:1; 1 Par 29:12<\/em><br>\n<strong><em>E<\/em><\/strong>cce, adv\u00e9nit domin\u00e1tor D\u00f3minus: et regnum in manu eius et pot\u00e9stas et imp\u00e9rium<br>\n<em>Ps 71:1<\/em><br>\nDeus, iud\u00edcium tuum Regi da: et iust\u00edtiam tuam F\u00edlio Regis.<br>\n<em>V.<\/em> Gl\u00f3ria Patri, et F\u00edlio, et Spir\u00edtui Sancto.<br>\n<em>R.<\/em> Sicut erat in princ\u00edpio, et nunc, et semper, et in saecula saecul\u00f3rum. Amen<br>\n<strong><em>E<\/em><\/strong>cce, adv\u00e9nit domin\u00e1tor D\u00f3minus: et regnum in manu eius et pot\u00e9stas et imp\u00e9rium<\/td>\n<td width=\"307\"><em>Ml 3:1; 1 Krn 29:12<\/em><br>\n<strong><em>O<\/em><\/strong>to ju\u017c nadszed\u0142 W\u0142adca najwy\u017cszy: a w r\u0119ku Jego kr\u00f3lewska w\u0142adza i moc i rz\u0105dy \u015bwiata.<br>\n<em>Ps 71:1<\/em><br>\nBo\u017ce, przeka\u017c sw\u0105 w\u0142adz\u0119 Kr\u00f3lowi i s\u0105dy swoje temu\u017c potomkowi Kr\u00f3la.<br>\n<em>V.<\/em> Chwa\u0142a Ojcu, i Synowi i Duchowi \u015awi\u0119temu.<br>\n<em>R.<\/em> Jak by\u0142a na pocz\u0105tku, teraz i zawsze i na wieki wiek\u00f3w. Amen.<br>\n<strong><em>O<\/em><\/strong>to ju\u017c nadszed\u0142 W\u0142adca najwy\u017cszy: a w r\u0119ku Jego kr\u00f3lewska w\u0142adza i moc i rz\u0105dy \u015bwiata.<\/td>\n<\/tr>\n<\/tbody>\n<\/table>\n<p><\/p>\n<p><span class=\"embed-youtube\" style=\"text-align:center; display: block;\"><iframe class=\"youtube-player\" width=\"580\" height=\"327\" src=\"https:\/\/www.youtube.com\/embed\/3bVJnWogPl4?version=3&#038;rel=1&#038;showsearch=0&#038;showinfo=1&#038;iv_load_policy=1&#038;fs=1&#038;hl=pl-PL&#038;autohide=2&#038;wmode=transparent\" allowfullscreen=\"true\" style=\"border:0;\" sandbox=\"allow-scripts allow-same-origin allow-popups allow-presentation allow-popups-to-escape-sandbox\"><\/iframe><\/span><\/p>\n<table>\n<tbody>\n<tr>\n<td colspan=\"2\" width=\"614\"><strong><em>GRADUALE<\/em><\/strong><\/td>\n<\/tr>\n<tr>\n<td width=\"307\"><em>Isa 60:6; 60:1<\/em><br>\nOmnes de Saba v\u00e9nient, aurum et thus defer\u00e9ntes, et laudem D\u00f3mino annunti\u00e1ntes.<br>\n<em>V.<\/em> Surge et illumin\u00e1re, Ier\u00fasalem: quia gl\u00f3ria D\u00f3mini super te orta est.<\/td>\n<td width=\"307\"><em>Iz 60:6; 60:1<\/em><br>\nWszyscy ze Saby przyjd\u0105, z\u0142oto i kadzid\u0142o przynosz\u0105c i chwa\u0142\u0119 Pa\u0144sk\u0105 rozg\u0142aszaj\u0105c.<em>V.<\/em> Powsta\u0144, Jeruzalem i zaja\u015bniej: bo chwa\u0142a Pa\u0144ska wzesz\u0142a nad tob\u0105.<\/td>\n<\/tr>\n<\/tbody>\n<\/table>\n<p><\/p>\n<p><span class=\"embed-youtube\" style=\"text-align:center; display: block;\"><iframe class=\"youtube-player\" width=\"580\" height=\"327\" src=\"https:\/\/www.youtube.com\/embed\/s0TG8KVWD14?version=3&#038;rel=1&#038;showsearch=0&#038;showinfo=1&#038;iv_load_policy=1&#038;fs=1&#038;hl=pl-PL&#038;autohide=2&#038;wmode=transparent\" allowfullscreen=\"true\" style=\"border:0;\" sandbox=\"allow-scripts allow-same-origin allow-popups allow-presentation allow-popups-to-escape-sandbox\"><\/iframe><\/span><\/p>\n<table>\n<tbody>\n<tr>\n<td colspan=\"2\" width=\"614\"><strong><em>ALLELUIA<\/em><\/strong><\/td>\n<\/tr>\n<tr>\n<td width=\"307\">Allel\u00faia, allel\u00faia<p><\/p>\n<p><em>Matt 2:2.<\/em><br>\nV\u00eddimus stellam eius in Ori\u00e9nte, et v\u00e9nimus cum mun\u00e9ribus ador\u00e1re D\u00f3minum. Allel\u00faia.<\/p><\/td>\n<td width=\"307\">Alleluja, alleluja.<p><\/p>\n<p><em>Mt 2:2<\/em><br>\nUjrzeli\u015bmy gwiazd\u0119 Jego na wschodzie i przybyli\u015bmy z darami pok\u0142oni\u0107 si\u0119 Panu. Alleluja.<\/p><\/td>\n<\/tr>\n<\/tbody>\n<\/table>\n<p><\/p>\n<p><span class=\"embed-youtube\" style=\"text-align:center; display: block;\"><iframe class=\"youtube-player\" width=\"580\" height=\"327\" src=\"https:\/\/www.youtube.com\/embed\/cpgMXkbGGCI?version=3&#038;rel=1&#038;showsearch=0&#038;showinfo=1&#038;iv_load_policy=1&#038;fs=1&#038;hl=pl-PL&#038;autohide=2&#038;wmode=transparent\" allowfullscreen=\"true\" style=\"border:0;\" sandbox=\"allow-scripts allow-same-origin allow-popups allow-presentation allow-popups-to-escape-sandbox\"><\/iframe><\/span><\/p>\n<table>\n<tbody>\n<tr>\n<td colspan=\"2\" width=\"614\"><strong><em>OFFERTORIUM<\/em><\/strong><\/td>\n<\/tr>\n<tr>\n<td width=\"307\"><em>Ps 71:10-11<\/em><br>\nReges Tharsis, et \u00ednsul\u00e6 m\u00fanera \u00f3fferent: reges Arabum et Saba dona add\u00facent: et ador\u00e1bunt eum omnes reges terr\u00e6, omnes gentes s\u00e9rvient ei.<\/td>\n<td width=\"307\"><em>Ps 71:10-11<\/em><br>\nKr\u00f3lowie Tarszisz i wysp przynios\u0105 dary, kr\u00f3lowie Arabii i Saby z\u0142o\u017c\u0105 danin\u0119. I oddadz\u0105 mu pok\u0142on wszyscy kr\u00f3lowie, wszystkie narody b\u0119d\u0105 mu s\u0142u\u017cy\u0142y.<\/td>\n<\/tr>\n<\/tbody>\n<\/table>\n<p><\/p>\n<p><span class=\"embed-youtube\" style=\"text-align:center; display: block;\"><iframe class=\"youtube-player\" width=\"580\" height=\"327\" src=\"https:\/\/www.youtube.com\/embed\/HP_JshBNuuM?version=3&#038;rel=1&#038;showsearch=0&#038;showinfo=1&#038;iv_load_policy=1&#038;fs=1&#038;hl=pl-PL&#038;autohide=2&#038;wmode=transparent\" allowfullscreen=\"true\" style=\"border:0;\" sandbox=\"allow-scripts allow-same-origin allow-popups allow-presentation allow-popups-to-escape-sandbox\"><\/iframe><\/span><\/p>\n<table>\n<tbody>\n<tr>\n<td colspan=\"2\" width=\"614\"><strong><em>COMMUNIO<\/em><\/strong><\/td>\n<\/tr>\n<tr>\n<td width=\"307\"><em>Matt 2:2<\/em><br>\nV\u00eddimus stellam eius in Ori\u00e9nte, et v\u00e9nimus cum mun\u00e9ribus ador\u00e1re D\u00f3minum.<\/td>\n<td width=\"307\"><em>Mt 2:2<\/em><br>\nUjrzeli\u015bmy gwiazd\u0119 Jego na wschodzie i przybyli\u015bmy z darami pok\u0142oni\u0107 si\u0119 Panu.<\/td>\n<\/tr>\n<\/tbody>\n<\/table>\n\n\n<div style=\"height:100px\" aria-hidden=\"true\" class=\"wp-block-spacer\"><\/div>\n\n\n\n\n","protected":false},"excerpt":{"rendered":"<p>INTROITUS Malach 3:1; 1 Par 29:12 Ecce, adv\u00e9nit domin\u00e1tor D\u00f3minus: et regnum in manu eius et pot\u00e9stas et imp\u00e9rium Ps 71:1 Deus, iud\u00edcium tuum Regi da: et iust\u00edtiam tuam F\u00edlio Regis. V. Gl\u00f3ria Patri, et F\u00edlio, et Spir\u00edtui Sancto. R. Sicut erat in princ\u00edpio, et nunc, et semper, et in saecula saecul\u00f3rum. Amen Ecce, adv\u00e9nit [&hellip;]<\/p>\n","protected":false},"author":60508433,"featured_media":26063,"comment_status":"open","ping_status":"open","sticky":false,"template":"","format":"standard","meta":{"_bbp_topic_count":0,"_bbp_reply_count":0,"_bbp_total_topic_count":0,"_bbp_total_reply_count":0,"_bbp_voice_count":0,"_bbp_anonymous_reply_count":0,"_bbp_topic_count_hidden":0,"_bbp_reply_count_hidden":0,"_bbp_forum_subforum_count":0,"_editorskit_title_hidden":false,"_editorskit_reading_time":0,"_editorskit_is_block_options_detached":false,"_editorskit_block_options_position":"{}","_coblocks_attr":"","_coblocks_dimensions":"","_coblocks_responsive_height":"","_coblocks_accordion_ie_support":"","_exactmetrics_skip_tracking":false,"_jetpack_newsletter_access":"","_jetpack_dont_email_post_to_subs":false,"_jetpack_newsletter_tier_id":0,"_jetpack_memberships_contains_paywalled_content":false,"_wpcom_ai_launchpad_first_post":false,"_jetpack_feature_clip_id":0,"_jetpack_memberships_contains_paid_content":false,"footnotes":"","jetpack_publicize_message":"{title}\n\n{excerpt}\n\n{url}","jetpack_publicize_feature_enabled":true,"jetpack_social_post_already_shared":false,"jetpack_social_options":{"image_generator_settings":{"template":"highway","default_image_id":0,"font":"","enabled":false},"version":2},"_wpas_customize_per_network":false,"jetpack_post_was_ever_published":false},"categories":[610131184,336375535,5647912,610133975,20472889],"tags":[],"class_list":["post-110416","post","type-post","status-publish","format-standard","has-post-thumbnail","hentry","category-duchowosc","category-liturgia-i-liturgika","category-msza-trydencka","category-czas-bozego-narodzenia","category-proprium"],"yoast_head":"<!-- This site is optimized with the Yoast SEO plugin v28.3 - https:\/\/yoast.com\/product\/yoast-seo-wordpress\/ -->\n<title>Proprium missae na Uroczysto\u015b\u0107 Objawienia Pa\u0144skiego - In Epiphania Domini - Tradycja i Wiara<\/title>\n<meta name=\"robots\" content=\"index, follow, max-snippet:-1, max-image-preview:large, max-video-preview:-1\" \/>\n<link rel=\"canonical\" href=\"https:\/\/wobronietradycjiiwiary.com\/pl\/proprium-missae-na-uroczystosc-objawienia-panskiego-in-epiphania-domini-3-2-2-2\/\" \/>\n<meta property=\"og:locale\" content=\"pl_PL\" \/>\n<meta property=\"og:type\" content=\"article\" \/>\n<meta property=\"og:title\" content=\"Proprium missae na Uroczysto\u015b\u0107 Objawienia Pa\u0144skiego - In Epiphania Domini - Tradycja i Wiara\" \/>\n<meta property=\"og:description\" content=\"INTROITUS Malach 3:1; 1 Par 29:12 Ecce, adv\u00e9nit domin\u00e1tor D\u00f3minus: et regnum in manu eius et pot\u00e9stas et imp\u00e9rium Ps 71:1 Deus, iud\u00edcium tuum Regi da: et iust\u00edtiam tuam F\u00edlio Regis. V. Gl\u00f3ria Patri, et F\u00edlio, et Spir\u00edtui Sancto. R. Sicut erat in princ\u00edpio, et nunc, et semper, et in saecula saecul\u00f3rum. Amen Ecce, adv\u00e9nit [&hellip;]\" \/>\n<meta property=\"og:url\" content=\"https:\/\/wobronietradycjiiwiary.com\/pl\/proprium-missae-na-uroczystosc-objawienia-panskiego-in-epiphania-domini-3-2-2-2\/\" \/>\n<meta property=\"og:site_name\" content=\"Tradycja i Wiara\" \/>\n<meta property=\"article:publisher\" content=\"https:\/\/www.facebook.com\/Tradycja-i-Wiara-108813920592249\" \/>\n<meta property=\"article:published_time\" content=\"2024-01-05T18:00:31+00:00\" \/>\n<meta property=\"article:modified_time\" content=\"2025-02-07T14:57:41+00:00\" \/>\n<meta property=\"og:image\" content=\"https:\/\/wobronietradycjiiwiary.com\/wp-content\/uploads\/2020\/01\/epiphania-2017.jpg\" \/>\n\t<meta property=\"og:image:width\" content=\"1600\" \/>\n\t<meta property=\"og:image:height\" content=\"1294\" \/>\n\t<meta property=\"og:image:type\" content=\"image\/jpeg\" \/>\n<meta name=\"author\" content=\"Traditio et Fides\" \/>\n<meta name=\"twitter:card\" content=\"summary_large_image\" \/>\n<meta name=\"twitter:label1\" content=\"Napisane przez\" \/>\n\t<meta name=\"twitter:data1\" content=\"Traditio et Fides\" \/>\n\t<meta name=\"twitter:label2\" content=\"Szacowany czas czytania\" \/>\n\t<meta name=\"twitter:data2\" content=\"2 minuty\" \/>\n<script type=\"application\/ld+json\" class=\"yoast-schema-graph\">{\"@context\":\"https:\\\/\\\/schema.org\",\"@graph\":[{\"@type\":\"Article\",\"@id\":\"https:\\\/\\\/wobronietradycjiiwiary.com\\\/proprium-missae-na-uroczystosc-objawienia-panskiego-in-epiphania-domini-3-2-2-2\\\/#article\",\"isPartOf\":{\"@id\":\"https:\\\/\\\/wobronietradycjiiwiary.com\\\/proprium-missae-na-uroczystosc-objawienia-panskiego-in-epiphania-domini-3-2-2-2\\\/\"},\"author\":{\"name\":\"Traditio et Fides\",\"@id\":\"https:\\\/\\\/wobronietradycjiiwiary.com\\\/pl\\\/#\\\/schema\\\/person\\\/2d6180ce6abcb681fef0daab7816e8f3\"},\"headline\":\"Proprium missae na Uroczysto\u015b\u0107 Objawienia Pa\u0144skiego &#8211; In Epiphania Domini\",\"datePublished\":\"2024-01-05T18:00:31+00:00\",\"dateModified\":\"2025-02-07T14:57:41+00:00\",\"mainEntityOfPage\":{\"@id\":\"https:\\\/\\\/wobronietradycjiiwiary.com\\\/proprium-missae-na-uroczystosc-objawienia-panskiego-in-epiphania-domini-3-2-2-2\\\/\"},\"wordCount\":449,\"commentCount\":0,\"publisher\":{\"@id\":\"https:\\\/\\\/wobronietradycjiiwiary.com\\\/pl\\\/#organization\"},\"image\":{\"@id\":\"https:\\\/\\\/wobronietradycjiiwiary.com\\\/proprium-missae-na-uroczystosc-objawienia-panskiego-in-epiphania-domini-3-2-2-2\\\/#primaryimage\"},\"thumbnailUrl\":\"https:\\\/\\\/wobronietradycjiiwiary.com\\\/wp-content\\\/uploads\\\/2020\\\/01\\\/epiphania-2017.jpg\",\"articleSection\":[\"Duchowo\u015b\u0107\",\"Liturgia i liturgika\",\"Msza Trydencka\",\"Okres Bo\u017cego Narodzenia\",\"Proprium\"],\"inLanguage\":\"pl-PL\",\"potentialAction\":[{\"@type\":\"CommentAction\",\"name\":\"Comment\",\"target\":[\"https:\\\/\\\/wobronietradycjiiwiary.com\\\/proprium-missae-na-uroczystosc-objawienia-panskiego-in-epiphania-domini-3-2-2-2\\\/#respond\"]}]},{\"@type\":\"WebPage\",\"@id\":\"https:\\\/\\\/wobronietradycjiiwiary.com\\\/proprium-missae-na-uroczystosc-objawienia-panskiego-in-epiphania-domini-3-2-2-2\\\/\",\"url\":\"https:\\\/\\\/wobronietradycjiiwiary.com\\\/proprium-missae-na-uroczystosc-objawienia-panskiego-in-epiphania-domini-3-2-2-2\\\/\",\"name\":\"Proprium missae na Uroczysto\u015b\u0107 Objawienia Pa\u0144skiego - In Epiphania Domini - Tradycja i Wiara\",\"isPartOf\":{\"@id\":\"https:\\\/\\\/wobronietradycjiiwiary.com\\\/pl\\\/#website\"},\"primaryImageOfPage\":{\"@id\":\"https:\\\/\\\/wobronietradycjiiwiary.com\\\/proprium-missae-na-uroczystosc-objawienia-panskiego-in-epiphania-domini-3-2-2-2\\\/#primaryimage\"},\"image\":{\"@id\":\"https:\\\/\\\/wobronietradycjiiwiary.com\\\/proprium-missae-na-uroczystosc-objawienia-panskiego-in-epiphania-domini-3-2-2-2\\\/#primaryimage\"},\"thumbnailUrl\":\"https:\\\/\\\/wobronietradycjiiwiary.com\\\/wp-content\\\/uploads\\\/2020\\\/01\\\/epiphania-2017.jpg\",\"datePublished\":\"2024-01-05T18:00:31+00:00\",\"dateModified\":\"2025-02-07T14:57:41+00:00\",\"breadcrumb\":{\"@id\":\"https:\\\/\\\/wobronietradycjiiwiary.com\\\/proprium-missae-na-uroczystosc-objawienia-panskiego-in-epiphania-domini-3-2-2-2\\\/#breadcrumb\"},\"inLanguage\":\"pl-PL\",\"potentialAction\":[{\"@type\":\"ReadAction\",\"target\":[\"https:\\\/\\\/wobronietradycjiiwiary.com\\\/proprium-missae-na-uroczystosc-objawienia-panskiego-in-epiphania-domini-3-2-2-2\\\/\"]}]},{\"@type\":\"ImageObject\",\"inLanguage\":\"pl-PL\",\"@id\":\"https:\\\/\\\/wobronietradycjiiwiary.com\\\/proprium-missae-na-uroczystosc-objawienia-panskiego-in-epiphania-domini-3-2-2-2\\\/#primaryimage\",\"url\":\"https:\\\/\\\/wobronietradycjiiwiary.com\\\/wp-content\\\/uploads\\\/2020\\\/01\\\/epiphania-2017.jpg\",\"contentUrl\":\"https:\\\/\\\/wobronietradycjiiwiary.com\\\/wp-content\\\/uploads\\\/2020\\\/01\\\/epiphania-2017.jpg\",\"width\":1600,\"height\":1294},{\"@type\":\"BreadcrumbList\",\"@id\":\"https:\\\/\\\/wobronietradycjiiwiary.com\\\/proprium-missae-na-uroczystosc-objawienia-panskiego-in-epiphania-domini-3-2-2-2\\\/#breadcrumb\",\"itemListElement\":[{\"@type\":\"ListItem\",\"position\":1,\"name\":\"Strona g\u0142\u00f3wna\",\"item\":\"https:\\\/\\\/wobronietradycjiiwiary.com\\\/\"},{\"@type\":\"ListItem\",\"position\":2,\"name\":\"Proprium missae na Uroczysto\u015b\u0107 Objawienia Pa\u0144skiego &#8211; In Epiphania Domini\"}]},{\"@type\":\"WebSite\",\"@id\":\"https:\\\/\\\/wobronietradycjiiwiary.com\\\/pl\\\/#website\",\"url\":\"https:\\\/\\\/wobronietradycjiiwiary.com\\\/pl\\\/\",\"name\":\"Tradycja i Wiara\",\"description\":\"Portal dla katolik\u00f3w.\",\"publisher\":{\"@id\":\"https:\\\/\\\/wobronietradycjiiwiary.com\\\/pl\\\/#organization\"},\"potentialAction\":[{\"@type\":\"SearchAction\",\"target\":{\"@type\":\"EntryPoint\",\"urlTemplate\":\"https:\\\/\\\/wobronietradycjiiwiary.com\\\/pl\\\/?s={search_term_string}\"},\"query-input\":{\"@type\":\"PropertyValueSpecification\",\"valueRequired\":true,\"valueName\":\"search_term_string\"}}],\"inLanguage\":\"pl-PL\"},{\"@type\":\"Organization\",\"@id\":\"https:\\\/\\\/wobronietradycjiiwiary.com\\\/pl\\\/#organization\",\"name\":\"Tradycja i Wiara\",\"url\":\"https:\\\/\\\/wobronietradycjiiwiary.com\\\/pl\\\/\",\"logo\":{\"@type\":\"ImageObject\",\"inLanguage\":\"pl-PL\",\"@id\":\"https:\\\/\\\/wobronietradycjiiwiary.com\\\/pl\\\/#\\\/schema\\\/logo\\\/image\\\/\",\"url\":\"https:\\\/\\\/i0.wp.com\\\/wobronietradycjiiwiary.com\\\/wp-content\\\/uploads\\\/2015\\\/10\\\/cropped-st-peters-dome-vatican.jpg?fit=940%2C198&ssl=1\",\"contentUrl\":\"https:\\\/\\\/i0.wp.com\\\/wobronietradycjiiwiary.com\\\/wp-content\\\/uploads\\\/2015\\\/10\\\/cropped-st-peters-dome-vatican.jpg?fit=940%2C198&ssl=1\",\"width\":940,\"height\":198,\"caption\":\"Tradycja i Wiara\"},\"image\":{\"@id\":\"https:\\\/\\\/wobronietradycjiiwiary.com\\\/pl\\\/#\\\/schema\\\/logo\\\/image\\\/\"},\"sameAs\":[\"https:\\\/\\\/www.facebook.com\\\/Tradycja-i-Wiara-108813920592249\"]},{\"@type\":\"Person\",\"@id\":\"https:\\\/\\\/wobronietradycjiiwiary.com\\\/pl\\\/#\\\/schema\\\/person\\\/2d6180ce6abcb681fef0daab7816e8f3\",\"name\":\"Traditio et Fides\",\"sameAs\":[\"https:\\\/\\\/traditionundglauben.com\"],\"url\":\"https:\\\/\\\/wobronietradycjiiwiary.com\\\/pl\\\/author\\\/wobronietradycjiiwiary\\\/\"}]}<\/script>\n<!-- \/ Yoast SEO plugin. -->","yoast_head_json":{"title":"Proprium missae na Uroczysto\u015b\u0107 Objawienia Pa\u0144skiego - In Epiphania Domini - Tradycja i Wiara","robots":{"index":"index","follow":"follow","max-snippet":"max-snippet:-1","max-image-preview":"max-image-preview:large","max-video-preview":"max-video-preview:-1"},"canonical":"https:\/\/wobronietradycjiiwiary.com\/pl\/proprium-missae-na-uroczystosc-objawienia-panskiego-in-epiphania-domini-3-2-2-2\/","og_locale":"pl_PL","og_type":"article","og_title":"Proprium missae na Uroczysto\u015b\u0107 Objawienia Pa\u0144skiego - In Epiphania Domini - Tradycja i Wiara","og_description":"INTROITUS Malach 3:1; 1 Par 29:12 Ecce, adv\u00e9nit domin\u00e1tor D\u00f3minus: et regnum in manu eius et pot\u00e9stas et imp\u00e9rium Ps 71:1 Deus, iud\u00edcium tuum Regi da: et iust\u00edtiam tuam F\u00edlio Regis. V. Gl\u00f3ria Patri, et F\u00edlio, et Spir\u00edtui Sancto. R. Sicut erat in princ\u00edpio, et nunc, et semper, et in saecula saecul\u00f3rum. Amen Ecce, adv\u00e9nit [&hellip;]","og_url":"https:\/\/wobronietradycjiiwiary.com\/pl\/proprium-missae-na-uroczystosc-objawienia-panskiego-in-epiphania-domini-3-2-2-2\/","og_site_name":"Tradycja i Wiara","article_publisher":"https:\/\/www.facebook.com\/Tradycja-i-Wiara-108813920592249","article_published_time":"2024-01-05T18:00:31+00:00","article_modified_time":"2025-02-07T14:57:41+00:00","og_image":[{"width":1600,"height":1294,"url":"https:\/\/wobronietradycjiiwiary.com\/wp-content\/uploads\/2020\/01\/epiphania-2017.jpg","type":"image\/jpeg"}],"author":"Traditio et Fides","twitter_card":"summary_large_image","twitter_misc":{"Napisane przez":"Traditio et Fides","Szacowany czas czytania":"2 minuty"},"schema":{"@context":"https:\/\/schema.org","@graph":[{"@type":"Article","@id":"https:\/\/wobronietradycjiiwiary.com\/proprium-missae-na-uroczystosc-objawienia-panskiego-in-epiphania-domini-3-2-2-2\/#article","isPartOf":{"@id":"https:\/\/wobronietradycjiiwiary.com\/proprium-missae-na-uroczystosc-objawienia-panskiego-in-epiphania-domini-3-2-2-2\/"},"author":{"name":"Traditio et Fides","@id":"https:\/\/wobronietradycjiiwiary.com\/pl\/#\/schema\/person\/2d6180ce6abcb681fef0daab7816e8f3"},"headline":"Proprium missae na Uroczysto\u015b\u0107 Objawienia Pa\u0144skiego &#8211; In Epiphania Domini","datePublished":"2024-01-05T18:00:31+00:00","dateModified":"2025-02-07T14:57:41+00:00","mainEntityOfPage":{"@id":"https:\/\/wobronietradycjiiwiary.com\/proprium-missae-na-uroczystosc-objawienia-panskiego-in-epiphania-domini-3-2-2-2\/"},"wordCount":449,"commentCount":0,"publisher":{"@id":"https:\/\/wobronietradycjiiwiary.com\/pl\/#organization"},"image":{"@id":"https:\/\/wobronietradycjiiwiary.com\/proprium-missae-na-uroczystosc-objawienia-panskiego-in-epiphania-domini-3-2-2-2\/#primaryimage"},"thumbnailUrl":"https:\/\/wobronietradycjiiwiary.com\/wp-content\/uploads\/2020\/01\/epiphania-2017.jpg","articleSection":["Duchowo\u015b\u0107","Liturgia i liturgika","Msza Trydencka","Okres Bo\u017cego Narodzenia","Proprium"],"inLanguage":"pl-PL","potentialAction":[{"@type":"CommentAction","name":"Comment","target":["https:\/\/wobronietradycjiiwiary.com\/proprium-missae-na-uroczystosc-objawienia-panskiego-in-epiphania-domini-3-2-2-2\/#respond"]}]},{"@type":"WebPage","@id":"https:\/\/wobronietradycjiiwiary.com\/proprium-missae-na-uroczystosc-objawienia-panskiego-in-epiphania-domini-3-2-2-2\/","url":"https:\/\/wobronietradycjiiwiary.com\/proprium-missae-na-uroczystosc-objawienia-panskiego-in-epiphania-domini-3-2-2-2\/","name":"Proprium missae na Uroczysto\u015b\u0107 Objawienia Pa\u0144skiego - In Epiphania Domini - Tradycja i Wiara","isPartOf":{"@id":"https:\/\/wobronietradycjiiwiary.com\/pl\/#website"},"primaryImageOfPage":{"@id":"https:\/\/wobronietradycjiiwiary.com\/proprium-missae-na-uroczystosc-objawienia-panskiego-in-epiphania-domini-3-2-2-2\/#primaryimage"},"image":{"@id":"https:\/\/wobronietradycjiiwiary.com\/proprium-missae-na-uroczystosc-objawienia-panskiego-in-epiphania-domini-3-2-2-2\/#primaryimage"},"thumbnailUrl":"https:\/\/wobronietradycjiiwiary.com\/wp-content\/uploads\/2020\/01\/epiphania-2017.jpg","datePublished":"2024-01-05T18:00:31+00:00","dateModified":"2025-02-07T14:57:41+00:00","breadcrumb":{"@id":"https:\/\/wobronietradycjiiwiary.com\/proprium-missae-na-uroczystosc-objawienia-panskiego-in-epiphania-domini-3-2-2-2\/#breadcrumb"},"inLanguage":"pl-PL","potentialAction":[{"@type":"ReadAction","target":["https:\/\/wobronietradycjiiwiary.com\/proprium-missae-na-uroczystosc-objawienia-panskiego-in-epiphania-domini-3-2-2-2\/"]}]},{"@type":"ImageObject","inLanguage":"pl-PL","@id":"https:\/\/wobronietradycjiiwiary.com\/proprium-missae-na-uroczystosc-objawienia-panskiego-in-epiphania-domini-3-2-2-2\/#primaryimage","url":"https:\/\/wobronietradycjiiwiary.com\/wp-content\/uploads\/2020\/01\/epiphania-2017.jpg","contentUrl":"https:\/\/wobronietradycjiiwiary.com\/wp-content\/uploads\/2020\/01\/epiphania-2017.jpg","width":1600,"height":1294},{"@type":"BreadcrumbList","@id":"https:\/\/wobronietradycjiiwiary.com\/proprium-missae-na-uroczystosc-objawienia-panskiego-in-epiphania-domini-3-2-2-2\/#breadcrumb","itemListElement":[{"@type":"ListItem","position":1,"name":"Strona g\u0142\u00f3wna","item":"https:\/\/wobronietradycjiiwiary.com\/"},{"@type":"ListItem","position":2,"name":"Proprium missae na Uroczysto\u015b\u0107 Objawienia Pa\u0144skiego &#8211; In Epiphania Domini"}]},{"@type":"WebSite","@id":"https:\/\/wobronietradycjiiwiary.com\/pl\/#website","url":"https:\/\/wobronietradycjiiwiary.com\/pl\/","name":"Tradycja i Wiara","description":"Portal dla katolik\u00f3w.","publisher":{"@id":"https:\/\/wobronietradycjiiwiary.com\/pl\/#organization"},"potentialAction":[{"@type":"SearchAction","target":{"@type":"EntryPoint","urlTemplate":"https:\/\/wobronietradycjiiwiary.com\/pl\/?s={search_term_string}"},"query-input":{"@type":"PropertyValueSpecification","valueRequired":true,"valueName":"search_term_string"}}],"inLanguage":"pl-PL"},{"@type":"Organization","@id":"https:\/\/wobronietradycjiiwiary.com\/pl\/#organization","name":"Tradycja i Wiara","url":"https:\/\/wobronietradycjiiwiary.com\/pl\/","logo":{"@type":"ImageObject","inLanguage":"pl-PL","@id":"https:\/\/wobronietradycjiiwiary.com\/pl\/#\/schema\/logo\/image\/","url":"https:\/\/i0.wp.com\/wobronietradycjiiwiary.com\/wp-content\/uploads\/2015\/10\/cropped-st-peters-dome-vatican.jpg?fit=940%2C198&ssl=1","contentUrl":"https:\/\/i0.wp.com\/wobronietradycjiiwiary.com\/wp-content\/uploads\/2015\/10\/cropped-st-peters-dome-vatican.jpg?fit=940%2C198&ssl=1","width":940,"height":198,"caption":"Tradycja i Wiara"},"image":{"@id":"https:\/\/wobronietradycjiiwiary.com\/pl\/#\/schema\/logo\/image\/"},"sameAs":["https:\/\/www.facebook.com\/Tradycja-i-Wiara-108813920592249"]},{"@type":"Person","@id":"https:\/\/wobronietradycjiiwiary.com\/pl\/#\/schema\/person\/2d6180ce6abcb681fef0daab7816e8f3","name":"Traditio et Fides","sameAs":["https:\/\/traditionundglauben.com"],"url":"https:\/\/wobronietradycjiiwiary.com\/pl\/author\/wobronietradycjiiwiary\/"}]}},"jetpack_publicize_connections":[],"jetpack_sharing_enabled":true,"jetpack_likes_enabled":true,"jetpack_shortlink":"https:\/\/wp.me\/pc04Sd-sIU","jetpack-related-posts":[{"id":16822,"url":"https:\/\/wobronietradycjiiwiary.com\/pl\/proprium-missae-na-uroczystosc-objawienia-panskiego-in-epiphania-domini-2\/","url_meta":{"origin":110416,"position":0},"title":"Proprium missae na Uroczysto\u015b\u0107 Objawienia Pa\u0144skiego &#8211; In Epiphania Domini","author":"Traditio et Fides","date":"5 stycznia 2018","format":false,"excerpt":"INTROITUS Malach 3:1; 1 Par 29:12 Ecce, adv\u00e9nit domin\u00e1tor D\u00f3minus: et regnum in manu eius et pot\u00e9stas et imp\u00e9rium Ps 71:1 Deus, iud\u00edcium tuum Regi da: et iust\u00edtiam tuam F\u00edlio Regis. V. Gl\u00f3ria Patri, et F\u00edlio, et Spir\u00edtui Sancto. R. Sicut erat in princ\u00edpio, et nunc, et semper, et in\u2026","rel":"","context":"W \u201eDuchowo\u015b\u0107&quot;","block_context":{"text":"Duchowo\u015b\u0107","link":"https:\/\/wobronietradycjiiwiary.com\/pl\/category\/duchowosc\/"},"img":{"alt_text":"","src":"https:\/\/i0.wp.com\/wobronietradycjiiwiary.com\/wp-content\/uploads\/2023\/09\/Epifania-Don_Lorenzo_Monaco_002.2.jpg?resize=350%2C200&ssl=1","width":350,"height":200,"srcset":"https:\/\/i0.wp.com\/wobronietradycjiiwiary.com\/wp-content\/uploads\/2023\/09\/Epifania-Don_Lorenzo_Monaco_002.2.jpg?resize=350%2C200&ssl=1 1x, https:\/\/i0.wp.com\/wobronietradycjiiwiary.com\/wp-content\/uploads\/2023\/09\/Epifania-Don_Lorenzo_Monaco_002.2.jpg?resize=525%2C300&ssl=1 1.5x, https:\/\/i0.wp.com\/wobronietradycjiiwiary.com\/wp-content\/uploads\/2023\/09\/Epifania-Don_Lorenzo_Monaco_002.2.jpg?resize=700%2C400&ssl=1 2x, https:\/\/i0.wp.com\/wobronietradycjiiwiary.com\/wp-content\/uploads\/2023\/09\/Epifania-Don_Lorenzo_Monaco_002.2.jpg?resize=1050%2C600&ssl=1 3x"},"classes":[]},{"id":158418,"url":"https:\/\/wobronietradycjiiwiary.com\/pl\/proprium-missae-na-uroczystosc-objawienia-panskiego-in-epiphania-domini-4-2\/","url_meta":{"origin":110416,"position":1},"title":"Proprium missae na Uroczysto\u015b\u0107 Objawienia Pa\u0144skiego &#8211; In Epiphania Domini","author":"mariuszjerzy","date":"5 stycznia 2026","format":false,"excerpt":"INTROITUS Malach 3:1; 1 Par 29:12 Ecce, adv\u00e9nit domin\u00e1tor D\u00f3minus: et regnum in manu eius et pot\u00e9stas et imp\u00e9rium Ps 71:1 Deus, iud\u00edcium tuum Regi da: et iust\u00edtiam tuam F\u00edlio Regis. V. Gl\u00f3ria Patri, et F\u00edlio, et Spir\u00edtui Sancto. R. Sicut erat in princ\u00edpio, et nunc, et semper, et in\u2026","rel":"","context":"W \u201eDuchowo\u015b\u0107&quot;","block_context":{"text":"Duchowo\u015b\u0107","link":"https:\/\/wobronietradycjiiwiary.com\/pl\/category\/duchowosc\/"},"img":{"alt_text":"","src":"https:\/\/i0.wp.com\/wobronietradycjiiwiary.com\/wp-content\/uploads\/2018\/01\/epiphania-2017.jpg?resize=350%2C200&ssl=1","width":350,"height":200,"srcset":"https:\/\/i0.wp.com\/wobronietradycjiiwiary.com\/wp-content\/uploads\/2018\/01\/epiphania-2017.jpg?resize=350%2C200&ssl=1 1x, https:\/\/i0.wp.com\/wobronietradycjiiwiary.com\/wp-content\/uploads\/2018\/01\/epiphania-2017.jpg?resize=525%2C300&ssl=1 1.5x, https:\/\/i0.wp.com\/wobronietradycjiiwiary.com\/wp-content\/uploads\/2018\/01\/epiphania-2017.jpg?resize=700%2C400&ssl=1 2x, https:\/\/i0.wp.com\/wobronietradycjiiwiary.com\/wp-content\/uploads\/2018\/01\/epiphania-2017.jpg?resize=1050%2C600&ssl=1 3x, https:\/\/i0.wp.com\/wobronietradycjiiwiary.com\/wp-content\/uploads\/2018\/01\/epiphania-2017.jpg?resize=1400%2C800&ssl=1 4x"},"classes":[]},{"id":127211,"url":"https:\/\/wobronietradycjiiwiary.com\/pl\/proprium-missae-na-uroczystosc-objawienia-panskiego-in-epiphania-domini-4\/","url_meta":{"origin":110416,"position":2},"title":"Proprium missae na Uroczysto\u015b\u0107 Objawienia Pa\u0144skiego &#8211; In Epiphania Domini","author":"mariuszjerzy","date":"5 stycznia 2025","format":false,"excerpt":"INTROITUS Malach 3:1; 1 Par 29:12 Ecce, adv\u00e9nit domin\u00e1tor D\u00f3minus: et regnum in manu eius et pot\u00e9stas et imp\u00e9rium Ps 71:1 Deus, iud\u00edcium tuum Regi da: et iust\u00edtiam tuam F\u00edlio Regis. V. Gl\u00f3ria Patri, et F\u00edlio, et Spir\u00edtui Sancto. R. Sicut erat in princ\u00edpio, et nunc, et semper, et in\u2026","rel":"","context":"W \u201eDuchowo\u015b\u0107&quot;","block_context":{"text":"Duchowo\u015b\u0107","link":"https:\/\/wobronietradycjiiwiary.com\/pl\/category\/duchowosc\/"},"img":{"alt_text":"","src":"https:\/\/i0.wp.com\/wobronietradycjiiwiary.com\/wp-content\/uploads\/2018\/01\/epiphania-2017.jpg?resize=350%2C200&ssl=1","width":350,"height":200,"srcset":"https:\/\/i0.wp.com\/wobronietradycjiiwiary.com\/wp-content\/uploads\/2018\/01\/epiphania-2017.jpg?resize=350%2C200&ssl=1 1x, https:\/\/i0.wp.com\/wobronietradycjiiwiary.com\/wp-content\/uploads\/2018\/01\/epiphania-2017.jpg?resize=525%2C300&ssl=1 1.5x, https:\/\/i0.wp.com\/wobronietradycjiiwiary.com\/wp-content\/uploads\/2018\/01\/epiphania-2017.jpg?resize=700%2C400&ssl=1 2x, https:\/\/i0.wp.com\/wobronietradycjiiwiary.com\/wp-content\/uploads\/2018\/01\/epiphania-2017.jpg?resize=1050%2C600&ssl=1 3x, https:\/\/i0.wp.com\/wobronietradycjiiwiary.com\/wp-content\/uploads\/2018\/01\/epiphania-2017.jpg?resize=1400%2C800&ssl=1 4x"},"classes":[]},{"id":40743,"url":"https:\/\/wobronietradycjiiwiary.com\/pl\/proprium-missae-uroczystosc-objawienia-panskiego-in-epiphania-domini-3\/","url_meta":{"origin":110416,"position":3},"title":"Proprium missae &#8211; Uroczysto\u015b\u0107 Objawienia Pa\u0144skiego &#8211; In Epiphania Domini","author":"Traditio et Fides","date":"5 stycznia 2022","format":false,"excerpt":"Divinum Officium - Sancta Missa Kalendarz Liturgiczny Zwyczajnej i Nadzwyczajnej Formy Rytu Rzymskiego https:\/\/www.youtube.com\/watch?v=cD78-L04ano INTROITUS Malach 3:1; 1 Par 29:12 Ecce, adv\u00e9nit domin\u00e1tor D\u00f3minus: et regnum in manu eius et pot\u00e9stas et imp\u00e9rium. Ps 71:1 Deus, iud\u00edcium tuum Regi da: et iust\u00edtiam tuam F\u00edlio Regis. V. Gl\u00f3ria Patri, et F\u00edlio,\u2026","rel":"","context":"W \u201eMsza Trydencka&quot;","block_context":{"text":"Msza Trydencka","link":"https:\/\/wobronietradycjiiwiary.com\/pl\/category\/duchowosc\/liturgia-i-liturgika\/msza-trydencka\/"},"img":{"alt_text":"","src":"https:\/\/i0.wp.com\/wobronietradycjiiwiary.com\/wp-content\/uploads\/2022\/01\/epiphania-2017.jpg?resize=350%2C200&ssl=1","width":350,"height":200,"srcset":"https:\/\/i0.wp.com\/wobronietradycjiiwiary.com\/wp-content\/uploads\/2022\/01\/epiphania-2017.jpg?resize=350%2C200&ssl=1 1x, https:\/\/i0.wp.com\/wobronietradycjiiwiary.com\/wp-content\/uploads\/2022\/01\/epiphania-2017.jpg?resize=525%2C300&ssl=1 1.5x, https:\/\/i0.wp.com\/wobronietradycjiiwiary.com\/wp-content\/uploads\/2022\/01\/epiphania-2017.jpg?resize=700%2C400&ssl=1 2x, https:\/\/i0.wp.com\/wobronietradycjiiwiary.com\/wp-content\/uploads\/2022\/01\/epiphania-2017.jpg?resize=1050%2C600&ssl=1 3x, https:\/\/i0.wp.com\/wobronietradycjiiwiary.com\/wp-content\/uploads\/2022\/01\/epiphania-2017.jpg?resize=1400%2C800&ssl=1 4x"},"classes":[]},{"id":40801,"url":"https:\/\/wobronietradycjiiwiary.com\/pl\/proprium-missae-uroczystosc-objawienia-panskiego-in-epiphania-domini-4\/","url_meta":{"origin":110416,"position":4},"title":"Proprium missae &#8211; Uroczysto\u015b\u0107 Objawienia Pa\u0144skiego &#8211; In Epiphania Domini","author":"Traditio et Fides","date":"5 stycznia 2021","format":false,"excerpt":"Divinum Officium - Sancta Missa Kalendarz Liturgiczny Zwyczajnej i Nadzwyczajnej Formy Rytu Rzymskiego https:\/\/www.youtube.com\/watch?v=cD78-L04ano INTROITUS Malach 3:1; 1 Par 29:12 Ecce, adv\u00e9nit domin\u00e1tor D\u00f3minus: et regnum in manu eius et pot\u00e9stas et imp\u00e9rium. Ps 71:1 Deus, iud\u00edcium tuum Regi da: et iust\u00edtiam tuam F\u00edlio Regis. V. Gl\u00f3ria Patri, et F\u00edlio,\u2026","rel":"","context":"W \u201eMsza Trydencka&quot;","block_context":{"text":"Msza Trydencka","link":"https:\/\/wobronietradycjiiwiary.com\/pl\/category\/duchowosc\/liturgia-i-liturgika\/msza-trydencka\/"},"img":{"alt_text":"","src":"https:\/\/i0.wp.com\/wobronietradycjiiwiary.com\/wp-content\/uploads\/2021\/01\/epiphania-2017.jpg?resize=350%2C200&ssl=1","width":350,"height":200,"srcset":"https:\/\/i0.wp.com\/wobronietradycjiiwiary.com\/wp-content\/uploads\/2021\/01\/epiphania-2017.jpg?resize=350%2C200&ssl=1 1x, https:\/\/i0.wp.com\/wobronietradycjiiwiary.com\/wp-content\/uploads\/2021\/01\/epiphania-2017.jpg?resize=525%2C300&ssl=1 1.5x, https:\/\/i0.wp.com\/wobronietradycjiiwiary.com\/wp-content\/uploads\/2021\/01\/epiphania-2017.jpg?resize=700%2C400&ssl=1 2x, https:\/\/i0.wp.com\/wobronietradycjiiwiary.com\/wp-content\/uploads\/2021\/01\/epiphania-2017.jpg?resize=1050%2C600&ssl=1 3x, https:\/\/i0.wp.com\/wobronietradycjiiwiary.com\/wp-content\/uploads\/2021\/01\/epiphania-2017.jpg?resize=1400%2C800&ssl=1 4x"},"classes":[]},{"id":26061,"url":"https:\/\/wobronietradycjiiwiary.com\/pl\/proprium-missae-na-uroczystosc-objawienia-panskiego-in-epiphania-domini-3\/","url_meta":{"origin":110416,"position":5},"title":"Proprium missae na Uroczysto\u015b\u0107 Objawienia Pa\u0144skiego &#8211; In Epiphania Domini","author":"Traditio et Fides","date":"5 stycznia 2020","format":false,"excerpt":"https:\/\/www.youtube.com\/watch?v=cD78-L04ano INTROITUS Malach 3:1; 1 Par 29:12 Ecce, adv\u00e9nit domin\u00e1tor D\u00f3minus: et regnum in manu eius et pot\u00e9stas et imp\u00e9rium Ps 71:1 Deus, iud\u00edcium tuum Regi da: et iust\u00edtiam tuam F\u00edlio Regis. V. Gl\u00f3ria Patri, et F\u00edlio, et Spir\u00edtui Sancto. R. Sicut erat in princ\u00edpio, et nunc, et semper, et\u2026","rel":"","context":"W \u201eMsza Trydencka&quot;","block_context":{"text":"Msza Trydencka","link":"https:\/\/wobronietradycjiiwiary.com\/pl\/category\/duchowosc\/liturgia-i-liturgika\/msza-trydencka\/"},"img":{"alt_text":"","src":"https:\/\/i0.wp.com\/wobronietradycjiiwiary.com\/wp-content\/uploads\/2020\/01\/epiphania-2017.jpg?resize=350%2C200&ssl=1","width":350,"height":200,"srcset":"https:\/\/i0.wp.com\/wobronietradycjiiwiary.com\/wp-content\/uploads\/2020\/01\/epiphania-2017.jpg?resize=350%2C200&ssl=1 1x, https:\/\/i0.wp.com\/wobronietradycjiiwiary.com\/wp-content\/uploads\/2020\/01\/epiphania-2017.jpg?resize=525%2C300&ssl=1 1.5x, https:\/\/i0.wp.com\/wobronietradycjiiwiary.com\/wp-content\/uploads\/2020\/01\/epiphania-2017.jpg?resize=700%2C400&ssl=1 2x, https:\/\/i0.wp.com\/wobronietradycjiiwiary.com\/wp-content\/uploads\/2020\/01\/epiphania-2017.jpg?resize=1050%2C600&ssl=1 3x, https:\/\/i0.wp.com\/wobronietradycjiiwiary.com\/wp-content\/uploads\/2020\/01\/epiphania-2017.jpg?resize=1400%2C800&ssl=1 4x"},"classes":[]}],"amp_enabled":true,"jetpack_featured_media_url":"https:\/\/wobronietradycjiiwiary.com\/wp-content\/uploads\/2020\/01\/epiphania-2017.jpg","_links":{"self":[{"href":"https:\/\/wobronietradycjiiwiary.com\/pl\/wp-json\/wp\/v2\/posts\/110416","targetHints":{"allow":["GET"]}}],"collection":[{"href":"https:\/\/wobronietradycjiiwiary.com\/pl\/wp-json\/wp\/v2\/posts"}],"about":[{"href":"https:\/\/wobronietradycjiiwiary.com\/pl\/wp-json\/wp\/v2\/types\/post"}],"author":[{"embeddable":true,"href":"https:\/\/wobronietradycjiiwiary.com\/pl\/wp-json\/wp\/v2\/users\/60508433"}],"replies":[{"embeddable":true,"href":"https:\/\/wobronietradycjiiwiary.com\/pl\/wp-json\/wp\/v2\/comments?post=110416"}],"version-history":[{"count":1,"href":"https:\/\/wobronietradycjiiwiary.com\/pl\/wp-json\/wp\/v2\/posts\/110416\/revisions"}],"predecessor-version":[{"id":110418,"href":"https:\/\/wobronietradycjiiwiary.com\/pl\/wp-json\/wp\/v2\/posts\/110416\/revisions\/110418"}],"wp:featuredmedia":[{"embeddable":true,"href":"https:\/\/wobronietradycjiiwiary.com\/pl\/wp-json\/wp\/v2\/media\/26063"}],"wp:attachment":[{"href":"https:\/\/wobronietradycjiiwiary.com\/pl\/wp-json\/wp\/v2\/media?parent=110416"}],"wp:term":[{"taxonomy":"category","embeddable":true,"href":"https:\/\/wobronietradycjiiwiary.com\/pl\/wp-json\/wp\/v2\/categories?post=110416"},{"taxonomy":"post_tag","embeddable":true,"href":"https:\/\/wobronietradycjiiwiary.com\/pl\/wp-json\/wp\/v2\/tags?post=110416"}],"curies":[{"name":"wp","href":"https:\/\/api.w.org\/{rel}","templated":true}]}}