{"id":109897,"date":"2023-12-30T19:00:59","date_gmt":"2023-12-30T18:00:59","guid":{"rendered":"https:\/\/wobronietradycjiiwiary.com\/?p=109897"},"modified":"2025-02-07T15:57:41","modified_gmt":"2025-02-07T14:57:41","slug":"proprium-missae-niedziela-w-oktawie-bozego-narodzenia-dominica-infra-octavam-nativitatis-5-2-2","status":"publish","type":"post","link":"https:\/\/wobronietradycjiiwiary.com\/pl\/proprium-missae-niedziela-w-oktawie-bozego-narodzenia-dominica-infra-octavam-nativitatis-5-2-2\/","title":{"rendered":"Proprium missae &#8211; Niedziela w Oktawie Bo\u017cego Narodzenia &#8211; Dominica Infra Octavam Nativitatis"},"content":{"rendered":"<div id=\"bsf_rt_marker\"><\/div><hr \/>\n<pre style=\"text-align: center;\"><span style=\"text-decoration: underline; color: #0000ff;\"><strong><a style=\"color: #0000ff; text-decoration: underline;\" href=\"http:\/\/divinumofficium.com\/cgi-bin\/missa\/missa.pl?date=12-30-2018&amp;lang2=Polski\">Divinum Officium - Sancta Missa<\/a>\r\n<a href=\"http:\/\/www.albert.pulawy.pl\/calendarium\/\"><span style=\"color: #0000ff; text-decoration: underline;\">Kalendarz Liturgiczny Zwyczajnej i Nadzwyczajnej Formy Rytu Rzymskiego<\/span><\/a><\/strong><\/span><\/pre>\n<hr \/>\n<p><span class=\"embed-youtube\" style=\"text-align:center; display: block;\"><iframe class=\"youtube-player\" width=\"580\" height=\"327\" src=\"https:\/\/www.youtube.com\/embed\/cTTBLS8D4yU?version=3&#038;rel=1&#038;showsearch=0&#038;showinfo=1&#038;iv_load_policy=1&#038;fs=1&#038;hl=pl-PL&#038;autohide=2&#038;wmode=transparent\" allowfullscreen=\"true\" style=\"border:0;\" sandbox=\"allow-scripts allow-same-origin allow-popups allow-presentation allow-popups-to-escape-sandbox\"><\/iframe><\/span><\/p>\n<table>\n<tbody>\n<tr>\n<td colspan=\"2\" width=\"614\"><strong><em>Introit<\/em><\/strong><\/td>\n<\/tr>\n<tr>\n<td width=\"307\"><em>Sap 18:14-15<\/em><br \/>\n<strong><em>D<\/em><\/strong>um m\u00e9dium sil\u00e9ntium ten\u00e9rent \u00f3mnia, et nox in suo cursu m\u00e9dium iter h\u00e1beret, omn\u00edpotens Sermo tuus, D\u00f3mine, de coelis a reg\u00e1libus s\u00e9dibus venit<em>Ps 92:1<\/em><br \/>\nD\u00f3minus regn\u00e1vit, dec\u00f3rem ind\u00fatus est: ind\u00fatus est D\u00f3minus fortit\u00fadinem, et pr\u00e6c\u00ednxit se.<br \/>\n<em>V.<\/em> Gl\u00f3ria Patri, et F\u00edlio, et Spir\u00edtui Sancto.<br \/>\n<em>R.<\/em> Sicut erat in princ\u00edpio, et nunc, et semper, et in saecula saecul\u00f3rum. Amen<em>Sap 18:14-15<\/em><br \/>\n<strong><em>D<\/em><\/strong>um m\u00e9dium sil\u00e9ntium ten\u00e9rent \u00f3mnia, et nox in suo cursu m\u00e9dium iter h\u00e1beret, omn\u00edpotens Sermo tuus, D\u00f3mine, de coelis a reg\u00e1libus s\u00e9dibus venit<\/td>\n<td width=\"307\"><em>Mdr 18:14-15<\/em><br \/>\n<strong><em>G<\/em><\/strong>dy wszystko by\u0142o w g\u0142\u0119bokim milczeniu, a noc w swym biegu po\u0142owy drogi dosi\u0119g\u0142a, wszechmocne S\u0142owo Twoje, Panie, zst\u0105pi\u0142o z nieba, z kr\u00f3lewskiego tronu.<em>Ps 92:1<\/em><br \/>\nPan kr\u00f3luje, w majestat si\u0119 obl\u00f3k\u0142; odzia\u0142 si\u0119 Pan w pot\u0119g\u0119 i przepasa\u0142 si\u0119.<br \/>\n<em>V.<\/em> Chwa\u0142a Ojcu, i Synowi i Duchowi \u015awi\u0119temu.<br \/>\n<em>R.<\/em> Jak by\u0142a na pocz\u0105tku, teraz i zawsze i na wieki wiek\u00f3w. Amen.<em>Mdr 18:14-15<\/em><br \/>\n<strong><em>G<\/em><\/strong>dy wszystko by\u0142o w g\u0142\u0119bokim milczeniu, a noc w swym biegu po\u0142owy drogi dosi\u0119g\u0142a, wszechmocne S\u0142owo Twoje, Panie, zst\u0105pi\u0142o z nieba, z kr\u00f3lewskiego tronu.<\/td>\n<\/tr>\n<\/tbody>\n<\/table>\n<p><span class=\"embed-youtube\" style=\"text-align:center; display: block;\"><iframe class=\"youtube-player\" width=\"580\" height=\"327\" src=\"https:\/\/www.youtube.com\/embed\/dlmA6OMBBns?version=3&#038;rel=1&#038;showsearch=0&#038;showinfo=1&#038;iv_load_policy=1&#038;fs=1&#038;hl=pl-PL&#038;autohide=2&#038;wmode=transparent\" allowfullscreen=\"true\" style=\"border:0;\" sandbox=\"allow-scripts allow-same-origin allow-popups allow-presentation allow-popups-to-escape-sandbox\"><\/iframe><\/span><\/p>\n<table>\n<tbody>\n<tr>\n<td colspan=\"2\" width=\"614\"><strong><em>Graduale<\/em><\/strong><\/td>\n<\/tr>\n<tr>\n<td width=\"307\"><em>Ps 44:3; 44:2<\/em><br \/>\nSpeci\u00f3sus forma pr\u00e6 filiis h\u00f3minum: diff\u00fasa est gratia in l\u00e1biis tuis.<br \/>\n<em>V.<\/em> Eruct\u00e1vit cor meum verbum bonum, dico ego \u00f3pera mea Regi: lingua mea c\u00e1lamus scrib\u00e6, vel\u00f3citer scrib\u00e9ntis.<\/td>\n<td width=\"307\"><em>Ps 44:3; 44:2<\/em><br \/>\nPostaci\u0105 Ty\u015b pi\u0119kniejszy nad syn\u00f3w ludzkich, wdzi\u0119k rozla\u0142 si\u0119 na Twoich wargach.<br \/>\n<em>V.<\/em> Z mego serca p\u0142ynie s\u0142owo dobre; pie\u015b\u0144 moj\u0105 \u015bpiewam dla Kr\u00f3la; m\u00f3j j\u0119zyk jest jak rylec sprawnego pisarza.<\/td>\n<\/tr>\n<\/tbody>\n<\/table>\n<p><span class=\"embed-youtube\" style=\"text-align:center; display: block;\"><iframe class=\"youtube-player\" width=\"580\" height=\"327\" src=\"https:\/\/www.youtube.com\/embed\/ZvRz_u4rCSQ?version=3&#038;rel=1&#038;showsearch=0&#038;showinfo=1&#038;iv_load_policy=1&#038;fs=1&#038;hl=pl-PL&#038;autohide=2&#038;wmode=transparent\" allowfullscreen=\"true\" style=\"border:0;\" sandbox=\"allow-scripts allow-same-origin allow-popups allow-presentation allow-popups-to-escape-sandbox\"><\/iframe><\/span><\/p>\n<table>\n<tbody>\n<tr>\n<td colspan=\"2\" width=\"614\"><strong><em>Alleluia<\/em><\/strong><\/td>\n<\/tr>\n<tr>\n<td width=\"307\">Allel\u00faia, allel\u00faia<br \/>\n<em>Ps 92:1.<\/em><br \/>\nD\u00f3minus regn\u00e1vit, dec\u00f3rem \u00ednduit: \u00ednduit D\u00f3minus fortit\u00fadinem, et pr\u00e6c\u00ednxit se virt\u00fate. Allel\u00faia.<\/td>\n<td width=\"307\">Alleluja, alleluja.<br \/>\n<em>Ps 92:1<\/em><br \/>\nPan kr\u00f3luje, w majestat si\u0119 obl\u00f3k\u0142; odzia\u0142 si\u0119 Pan w pot\u0119g\u0119 i przepasa\u0142 si\u0119 moc\u0105. Alleluja.<\/td>\n<\/tr>\n<\/tbody>\n<\/table>\n<p><span class=\"embed-youtube\" style=\"text-align:center; display: block;\"><iframe class=\"youtube-player\" width=\"580\" height=\"327\" src=\"https:\/\/www.youtube.com\/embed\/Sdjgckn4zUI?version=3&#038;rel=1&#038;showsearch=0&#038;showinfo=1&#038;iv_load_policy=1&#038;fs=1&#038;hl=pl-PL&#038;autohide=2&#038;wmode=transparent\" allowfullscreen=\"true\" style=\"border:0;\" sandbox=\"allow-scripts allow-same-origin allow-popups allow-presentation allow-popups-to-escape-sandbox\"><\/iframe><\/span><\/p>\n<table>\n<tbody>\n<tr>\n<td colspan=\"2\" width=\"614\"><strong><em>Offertorium<\/em><\/strong><\/td>\n<\/tr>\n<tr>\n<td width=\"307\">Allel\u00faia, allel\u00faia<br \/>\n<em>Ps 92:1-2<\/em><br \/>\nDeus firm\u00e1vit orbem terr\u00e6, qui non commov\u00e9bitur: par\u00e1ta sedes tua, Deus, ex tunc, a saeculo tu es.<\/td>\n<td width=\"307\">Alleluja, alleluja.<br \/>\n<em>Ps 92:1-2<\/em><br \/>\nB\u00f3g okr\u0105g ziemi utwierdzi\u0142, i\u017c si\u0119 nie poruszy. Od wiek\u00f3w tron Tw\u00f3j niewzruszony, o Bo\u017ce, Ty od wiek\u00f3w jeste\u015b.<\/td>\n<\/tr>\n<\/tbody>\n<\/table>\n<p><span class=\"embed-youtube\" style=\"text-align:center; display: block;\"><iframe class=\"youtube-player\" width=\"580\" height=\"327\" src=\"https:\/\/www.youtube.com\/embed\/GVihkt7IKeY?version=3&#038;rel=1&#038;showsearch=0&#038;showinfo=1&#038;iv_load_policy=1&#038;fs=1&#038;hl=pl-PL&#038;autohide=2&#038;wmode=transparent\" allowfullscreen=\"true\" style=\"border:0;\" sandbox=\"allow-scripts allow-same-origin allow-popups allow-presentation allow-popups-to-escape-sandbox\"><\/iframe><\/span><\/p>\n<table>\n<tbody>\n<tr>\n<td colspan=\"2\" width=\"614\"><strong><em>Communio<\/em><\/strong><\/td>\n<\/tr>\n<tr>\n<td width=\"307\"><em>Matt 2:20<\/em><br \/>\nTolle P\u00faerum et Matrem eius, et vade in terram Isra\u00ebl: def\u00fancti sunt enim, qui qu\u00e6r\u00e9bant \u00e1nimam P\u00faeri.<\/td>\n<td width=\"307\"><em>Mt 2:20<\/em><br \/>\nWe\u017amij Dzieci\u0119 i Matk\u0119 Jego, a id\u017a do ziemi izraelskiej, pomarli bowiem ci, kt\u00f3rzy czyhali na \u017cycie Dzieci\u0119cia.<\/td>\n<\/tr>\n<\/tbody>\n<\/table>\n","protected":false},"excerpt":{"rendered":"<p>Divinum Officium &#8211; Sancta Missa Kalendarz Liturgiczny Zwyczajnej i Nadzwyczajnej Formy Rytu Rzymskiego Introit Sap 18:14-15 Dum m\u00e9dium sil\u00e9ntium ten\u00e9rent \u00f3mnia, et nox in suo cursu m\u00e9dium iter h\u00e1beret, omn\u00edpotens Sermo tuus, D\u00f3mine, de coelis a reg\u00e1libus s\u00e9dibus venitPs 92:1 D\u00f3minus regn\u00e1vit, dec\u00f3rem ind\u00fatus est: ind\u00fatus est D\u00f3minus fortit\u00fadinem, et pr\u00e6c\u00ednxit se. V. Gl\u00f3ria Patri, [&hellip;]<\/p>\n","protected":false},"author":60508433,"featured_media":26052,"comment_status":"open","ping_status":"open","sticky":false,"template":"","format":"standard","meta":{"_bbp_topic_count":0,"_bbp_reply_count":0,"_bbp_total_topic_count":0,"_bbp_total_reply_count":0,"_bbp_voice_count":0,"_bbp_anonymous_reply_count":0,"_bbp_topic_count_hidden":0,"_bbp_reply_count_hidden":0,"_bbp_forum_subforum_count":0,"_editorskit_title_hidden":false,"_editorskit_reading_time":0,"_editorskit_is_block_options_detached":false,"_editorskit_block_options_position":"{}","_coblocks_attr":"","_coblocks_dimensions":"","_coblocks_responsive_height":"","_coblocks_accordion_ie_support":"","_exactmetrics_skip_tracking":false,"_jetpack_newsletter_access":"","_jetpack_dont_email_post_to_subs":false,"_jetpack_newsletter_tier_id":0,"_jetpack_memberships_contains_paywalled_content":false,"_wpcom_ai_launchpad_first_post":false,"_jetpack_feature_clip_id":0,"_jetpack_memberships_contains_paid_content":false,"footnotes":"","jetpack_publicize_message":"{title}\n\n{excerpt}\n\n{url}","jetpack_publicize_feature_enabled":true,"jetpack_social_post_already_shared":false,"jetpack_social_options":{"image_generator_settings":{"template":"highway","default_image_id":0,"font":"","enabled":false},"version":2},"_wpas_customize_per_network":false,"jetpack_post_was_ever_published":false},"categories":[610131184,5647912,20472889],"tags":[],"class_list":["post-109897","post","type-post","status-publish","format-standard","has-post-thumbnail","hentry","category-duchowosc","category-msza-trydencka","category-proprium"],"yoast_head":"<!-- This site is optimized with the Yoast SEO plugin v28.4 - https:\/\/yoast.com\/product\/yoast-seo-wordpress\/ -->\n<title>Proprium missae - Niedziela w Oktawie Bo\u017cego Narodzenia - Dominica Infra Octavam Nativitatis - Tradycja i Wiara<\/title>\n<meta name=\"robots\" content=\"index, follow, max-snippet:-1, max-image-preview:large, max-video-preview:-1\" \/>\n<link rel=\"canonical\" href=\"https:\/\/wobronietradycjiiwiary.com\/pl\/proprium-missae-niedziela-w-oktawie-bozego-narodzenia-dominica-infra-octavam-nativitatis-5-2-2\/\" \/>\n<meta property=\"og:locale\" content=\"pl_PL\" \/>\n<meta property=\"og:type\" content=\"article\" \/>\n<meta property=\"og:title\" content=\"Proprium missae - Niedziela w Oktawie Bo\u017cego Narodzenia - Dominica Infra Octavam Nativitatis - Tradycja i Wiara\" \/>\n<meta property=\"og:description\" content=\"Divinum Officium - Sancta Missa Kalendarz Liturgiczny Zwyczajnej i Nadzwyczajnej Formy Rytu Rzymskiego Introit Sap 18:14-15 Dum m\u00e9dium sil\u00e9ntium ten\u00e9rent \u00f3mnia, et nox in suo cursu m\u00e9dium iter h\u00e1beret, omn\u00edpotens Sermo tuus, D\u00f3mine, de coelis a reg\u00e1libus s\u00e9dibus venitPs 92:1 D\u00f3minus regn\u00e1vit, dec\u00f3rem ind\u00fatus est: ind\u00fatus est D\u00f3minus fortit\u00fadinem, et pr\u00e6c\u00ednxit se. V. Gl\u00f3ria Patri, [&hellip;]\" \/>\n<meta property=\"og:url\" content=\"https:\/\/wobronietradycjiiwiary.com\/pl\/proprium-missae-niedziela-w-oktawie-bozego-narodzenia-dominica-infra-octavam-nativitatis-5-2-2\/\" \/>\n<meta property=\"og:site_name\" content=\"Tradycja i Wiara\" \/>\n<meta property=\"article:publisher\" content=\"https:\/\/www.facebook.com\/Tradycja-i-Wiara-108813920592249\" \/>\n<meta property=\"article:published_time\" content=\"2023-12-30T18:00:59+00:00\" \/>\n<meta property=\"article:modified_time\" content=\"2025-02-07T14:57:41+00:00\" \/>\n<meta property=\"og:image\" content=\"https:\/\/wobronietradycjiiwiary.com\/wp-content\/uploads\/2019\/12\/Heilige-Familie-1.jpg\" \/>\n\t<meta property=\"og:image:width\" content=\"398\" \/>\n\t<meta property=\"og:image:height\" content=\"600\" \/>\n\t<meta property=\"og:image:type\" content=\"image\/jpeg\" \/>\n<meta name=\"author\" content=\"Traditio et Fides\" \/>\n<meta name=\"twitter:card\" content=\"summary_large_image\" \/>\n<meta name=\"twitter:label1\" content=\"Napisane przez\" \/>\n\t<meta name=\"twitter:data1\" content=\"Traditio et Fides\" \/>\n\t<meta name=\"twitter:label2\" content=\"Szacowany czas czytania\" \/>\n\t<meta name=\"twitter:data2\" content=\"3 minuty\" \/>\n<script type=\"application\/ld+json\" class=\"yoast-schema-graph\">{\"@context\":\"https:\\\/\\\/schema.org\",\"@graph\":[{\"@type\":\"Article\",\"@id\":\"https:\\\/\\\/wobronietradycjiiwiary.com\\\/proprium-missae-niedziela-w-oktawie-bozego-narodzenia-dominica-infra-octavam-nativitatis-5-2-2\\\/#article\",\"isPartOf\":{\"@id\":\"https:\\\/\\\/wobronietradycjiiwiary.com\\\/proprium-missae-niedziela-w-oktawie-bozego-narodzenia-dominica-infra-octavam-nativitatis-5-2-2\\\/\"},\"author\":{\"name\":\"Traditio et Fides\",\"@id\":\"https:\\\/\\\/wobronietradycjiiwiary.com\\\/pl\\\/#\\\/schema\\\/person\\\/2d6180ce6abcb681fef0daab7816e8f3\"},\"headline\":\"Proprium missae &#8211; Niedziela w Oktawie Bo\u017cego Narodzenia &#8211; Dominica Infra Octavam Nativitatis\",\"datePublished\":\"2023-12-30T18:00:59+00:00\",\"dateModified\":\"2025-02-07T14:57:41+00:00\",\"mainEntityOfPage\":{\"@id\":\"https:\\\/\\\/wobronietradycjiiwiary.com\\\/proprium-missae-niedziela-w-oktawie-bozego-narodzenia-dominica-infra-octavam-nativitatis-5-2-2\\\/\"},\"wordCount\":536,\"commentCount\":0,\"publisher\":{\"@id\":\"https:\\\/\\\/wobronietradycjiiwiary.com\\\/pl\\\/#organization\"},\"image\":{\"@id\":\"https:\\\/\\\/wobronietradycjiiwiary.com\\\/proprium-missae-niedziela-w-oktawie-bozego-narodzenia-dominica-infra-octavam-nativitatis-5-2-2\\\/#primaryimage\"},\"thumbnailUrl\":\"https:\\\/\\\/wobronietradycjiiwiary.com\\\/wp-content\\\/uploads\\\/2019\\\/12\\\/Heilige-Familie-1.jpg\",\"articleSection\":[\"Duchowo\u015b\u0107\",\"Msza Trydencka\",\"Proprium\"],\"inLanguage\":\"pl-PL\",\"potentialAction\":[{\"@type\":\"CommentAction\",\"name\":\"Comment\",\"target\":[\"https:\\\/\\\/wobronietradycjiiwiary.com\\\/proprium-missae-niedziela-w-oktawie-bozego-narodzenia-dominica-infra-octavam-nativitatis-5-2-2\\\/#respond\"]}]},{\"@type\":\"WebPage\",\"@id\":\"https:\\\/\\\/wobronietradycjiiwiary.com\\\/proprium-missae-niedziela-w-oktawie-bozego-narodzenia-dominica-infra-octavam-nativitatis-5-2-2\\\/\",\"url\":\"https:\\\/\\\/wobronietradycjiiwiary.com\\\/proprium-missae-niedziela-w-oktawie-bozego-narodzenia-dominica-infra-octavam-nativitatis-5-2-2\\\/\",\"name\":\"Proprium missae - Niedziela w Oktawie Bo\u017cego Narodzenia - Dominica Infra Octavam Nativitatis - Tradycja i Wiara\",\"isPartOf\":{\"@id\":\"https:\\\/\\\/wobronietradycjiiwiary.com\\\/pl\\\/#website\"},\"primaryImageOfPage\":{\"@id\":\"https:\\\/\\\/wobronietradycjiiwiary.com\\\/proprium-missae-niedziela-w-oktawie-bozego-narodzenia-dominica-infra-octavam-nativitatis-5-2-2\\\/#primaryimage\"},\"image\":{\"@id\":\"https:\\\/\\\/wobronietradycjiiwiary.com\\\/proprium-missae-niedziela-w-oktawie-bozego-narodzenia-dominica-infra-octavam-nativitatis-5-2-2\\\/#primaryimage\"},\"thumbnailUrl\":\"https:\\\/\\\/wobronietradycjiiwiary.com\\\/wp-content\\\/uploads\\\/2019\\\/12\\\/Heilige-Familie-1.jpg\",\"datePublished\":\"2023-12-30T18:00:59+00:00\",\"dateModified\":\"2025-02-07T14:57:41+00:00\",\"breadcrumb\":{\"@id\":\"https:\\\/\\\/wobronietradycjiiwiary.com\\\/proprium-missae-niedziela-w-oktawie-bozego-narodzenia-dominica-infra-octavam-nativitatis-5-2-2\\\/#breadcrumb\"},\"inLanguage\":\"pl-PL\",\"potentialAction\":[{\"@type\":\"ReadAction\",\"target\":[\"https:\\\/\\\/wobronietradycjiiwiary.com\\\/proprium-missae-niedziela-w-oktawie-bozego-narodzenia-dominica-infra-octavam-nativitatis-5-2-2\\\/\"]}]},{\"@type\":\"ImageObject\",\"inLanguage\":\"pl-PL\",\"@id\":\"https:\\\/\\\/wobronietradycjiiwiary.com\\\/proprium-missae-niedziela-w-oktawie-bozego-narodzenia-dominica-infra-octavam-nativitatis-5-2-2\\\/#primaryimage\",\"url\":\"https:\\\/\\\/wobronietradycjiiwiary.com\\\/wp-content\\\/uploads\\\/2019\\\/12\\\/Heilige-Familie-1.jpg\",\"contentUrl\":\"https:\\\/\\\/wobronietradycjiiwiary.com\\\/wp-content\\\/uploads\\\/2019\\\/12\\\/Heilige-Familie-1.jpg\",\"width\":398,\"height\":600},{\"@type\":\"BreadcrumbList\",\"@id\":\"https:\\\/\\\/wobronietradycjiiwiary.com\\\/proprium-missae-niedziela-w-oktawie-bozego-narodzenia-dominica-infra-octavam-nativitatis-5-2-2\\\/#breadcrumb\",\"itemListElement\":[{\"@type\":\"ListItem\",\"position\":1,\"name\":\"Strona g\u0142\u00f3wna\",\"item\":\"https:\\\/\\\/wobronietradycjiiwiary.com\\\/\"},{\"@type\":\"ListItem\",\"position\":2,\"name\":\"Proprium missae &#8211; Niedziela w Oktawie Bo\u017cego Narodzenia &#8211; Dominica Infra Octavam Nativitatis\"}]},{\"@type\":\"WebSite\",\"@id\":\"https:\\\/\\\/wobronietradycjiiwiary.com\\\/pl\\\/#website\",\"url\":\"https:\\\/\\\/wobronietradycjiiwiary.com\\\/pl\\\/\",\"name\":\"Tradycja i Wiara\",\"description\":\"Portal dla katolik\u00f3w.\",\"publisher\":{\"@id\":\"https:\\\/\\\/wobronietradycjiiwiary.com\\\/pl\\\/#organization\"},\"potentialAction\":[{\"@type\":\"SearchAction\",\"target\":{\"@type\":\"EntryPoint\",\"urlTemplate\":\"https:\\\/\\\/wobronietradycjiiwiary.com\\\/pl\\\/?s={search_term_string}\"},\"query-input\":{\"@type\":\"PropertyValueSpecification\",\"valueRequired\":true,\"valueName\":\"search_term_string\"}}],\"inLanguage\":\"pl-PL\"},{\"@type\":\"Organization\",\"@id\":\"https:\\\/\\\/wobronietradycjiiwiary.com\\\/pl\\\/#organization\",\"name\":\"Tradycja i Wiara\",\"url\":\"https:\\\/\\\/wobronietradycjiiwiary.com\\\/pl\\\/\",\"logo\":{\"@type\":\"ImageObject\",\"inLanguage\":\"pl-PL\",\"@id\":\"https:\\\/\\\/wobronietradycjiiwiary.com\\\/pl\\\/#\\\/schema\\\/logo\\\/image\\\/\",\"url\":\"https:\\\/\\\/i0.wp.com\\\/wobronietradycjiiwiary.com\\\/wp-content\\\/uploads\\\/2015\\\/10\\\/cropped-st-peters-dome-vatican.jpg?fit=940%2C198&ssl=1\",\"contentUrl\":\"https:\\\/\\\/i0.wp.com\\\/wobronietradycjiiwiary.com\\\/wp-content\\\/uploads\\\/2015\\\/10\\\/cropped-st-peters-dome-vatican.jpg?fit=940%2C198&ssl=1\",\"width\":940,\"height\":198,\"caption\":\"Tradycja i Wiara\"},\"image\":{\"@id\":\"https:\\\/\\\/wobronietradycjiiwiary.com\\\/pl\\\/#\\\/schema\\\/logo\\\/image\\\/\"},\"sameAs\":[\"https:\\\/\\\/www.facebook.com\\\/Tradycja-i-Wiara-108813920592249\"]},{\"@type\":\"Person\",\"@id\":\"https:\\\/\\\/wobronietradycjiiwiary.com\\\/pl\\\/#\\\/schema\\\/person\\\/2d6180ce6abcb681fef0daab7816e8f3\",\"name\":\"Traditio et Fides\",\"sameAs\":[\"https:\\\/\\\/traditionundglauben.com\"],\"url\":\"https:\\\/\\\/wobronietradycjiiwiary.com\\\/pl\\\/author\\\/wobronietradycjiiwiary\\\/\"}]}<\/script>\n<!-- \/ Yoast SEO plugin. -->","yoast_head_json":{"title":"Proprium missae - Niedziela w Oktawie Bo\u017cego Narodzenia - Dominica Infra Octavam Nativitatis - Tradycja i Wiara","robots":{"index":"index","follow":"follow","max-snippet":"max-snippet:-1","max-image-preview":"max-image-preview:large","max-video-preview":"max-video-preview:-1"},"canonical":"https:\/\/wobronietradycjiiwiary.com\/pl\/proprium-missae-niedziela-w-oktawie-bozego-narodzenia-dominica-infra-octavam-nativitatis-5-2-2\/","og_locale":"pl_PL","og_type":"article","og_title":"Proprium missae - Niedziela w Oktawie Bo\u017cego Narodzenia - Dominica Infra Octavam Nativitatis - Tradycja i Wiara","og_description":"Divinum Officium - Sancta Missa Kalendarz Liturgiczny Zwyczajnej i Nadzwyczajnej Formy Rytu Rzymskiego Introit Sap 18:14-15 Dum m\u00e9dium sil\u00e9ntium ten\u00e9rent \u00f3mnia, et nox in suo cursu m\u00e9dium iter h\u00e1beret, omn\u00edpotens Sermo tuus, D\u00f3mine, de coelis a reg\u00e1libus s\u00e9dibus venitPs 92:1 D\u00f3minus regn\u00e1vit, dec\u00f3rem ind\u00fatus est: ind\u00fatus est D\u00f3minus fortit\u00fadinem, et pr\u00e6c\u00ednxit se. V. Gl\u00f3ria Patri, [&hellip;]","og_url":"https:\/\/wobronietradycjiiwiary.com\/pl\/proprium-missae-niedziela-w-oktawie-bozego-narodzenia-dominica-infra-octavam-nativitatis-5-2-2\/","og_site_name":"Tradycja i Wiara","article_publisher":"https:\/\/www.facebook.com\/Tradycja-i-Wiara-108813920592249","article_published_time":"2023-12-30T18:00:59+00:00","article_modified_time":"2025-02-07T14:57:41+00:00","og_image":[{"width":398,"height":600,"url":"https:\/\/wobronietradycjiiwiary.com\/wp-content\/uploads\/2019\/12\/Heilige-Familie-1.jpg","type":"image\/jpeg"}],"author":"Traditio et Fides","twitter_card":"summary_large_image","twitter_misc":{"Napisane przez":"Traditio et Fides","Szacowany czas czytania":"3 minuty"},"schema":{"@context":"https:\/\/schema.org","@graph":[{"@type":"Article","@id":"https:\/\/wobronietradycjiiwiary.com\/proprium-missae-niedziela-w-oktawie-bozego-narodzenia-dominica-infra-octavam-nativitatis-5-2-2\/#article","isPartOf":{"@id":"https:\/\/wobronietradycjiiwiary.com\/proprium-missae-niedziela-w-oktawie-bozego-narodzenia-dominica-infra-octavam-nativitatis-5-2-2\/"},"author":{"name":"Traditio et Fides","@id":"https:\/\/wobronietradycjiiwiary.com\/pl\/#\/schema\/person\/2d6180ce6abcb681fef0daab7816e8f3"},"headline":"Proprium missae &#8211; Niedziela w Oktawie Bo\u017cego Narodzenia &#8211; Dominica Infra Octavam Nativitatis","datePublished":"2023-12-30T18:00:59+00:00","dateModified":"2025-02-07T14:57:41+00:00","mainEntityOfPage":{"@id":"https:\/\/wobronietradycjiiwiary.com\/proprium-missae-niedziela-w-oktawie-bozego-narodzenia-dominica-infra-octavam-nativitatis-5-2-2\/"},"wordCount":536,"commentCount":0,"publisher":{"@id":"https:\/\/wobronietradycjiiwiary.com\/pl\/#organization"},"image":{"@id":"https:\/\/wobronietradycjiiwiary.com\/proprium-missae-niedziela-w-oktawie-bozego-narodzenia-dominica-infra-octavam-nativitatis-5-2-2\/#primaryimage"},"thumbnailUrl":"https:\/\/wobronietradycjiiwiary.com\/wp-content\/uploads\/2019\/12\/Heilige-Familie-1.jpg","articleSection":["Duchowo\u015b\u0107","Msza Trydencka","Proprium"],"inLanguage":"pl-PL","potentialAction":[{"@type":"CommentAction","name":"Comment","target":["https:\/\/wobronietradycjiiwiary.com\/proprium-missae-niedziela-w-oktawie-bozego-narodzenia-dominica-infra-octavam-nativitatis-5-2-2\/#respond"]}]},{"@type":"WebPage","@id":"https:\/\/wobronietradycjiiwiary.com\/proprium-missae-niedziela-w-oktawie-bozego-narodzenia-dominica-infra-octavam-nativitatis-5-2-2\/","url":"https:\/\/wobronietradycjiiwiary.com\/proprium-missae-niedziela-w-oktawie-bozego-narodzenia-dominica-infra-octavam-nativitatis-5-2-2\/","name":"Proprium missae - Niedziela w Oktawie Bo\u017cego Narodzenia - Dominica Infra Octavam Nativitatis - Tradycja i Wiara","isPartOf":{"@id":"https:\/\/wobronietradycjiiwiary.com\/pl\/#website"},"primaryImageOfPage":{"@id":"https:\/\/wobronietradycjiiwiary.com\/proprium-missae-niedziela-w-oktawie-bozego-narodzenia-dominica-infra-octavam-nativitatis-5-2-2\/#primaryimage"},"image":{"@id":"https:\/\/wobronietradycjiiwiary.com\/proprium-missae-niedziela-w-oktawie-bozego-narodzenia-dominica-infra-octavam-nativitatis-5-2-2\/#primaryimage"},"thumbnailUrl":"https:\/\/wobronietradycjiiwiary.com\/wp-content\/uploads\/2019\/12\/Heilige-Familie-1.jpg","datePublished":"2023-12-30T18:00:59+00:00","dateModified":"2025-02-07T14:57:41+00:00","breadcrumb":{"@id":"https:\/\/wobronietradycjiiwiary.com\/proprium-missae-niedziela-w-oktawie-bozego-narodzenia-dominica-infra-octavam-nativitatis-5-2-2\/#breadcrumb"},"inLanguage":"pl-PL","potentialAction":[{"@type":"ReadAction","target":["https:\/\/wobronietradycjiiwiary.com\/proprium-missae-niedziela-w-oktawie-bozego-narodzenia-dominica-infra-octavam-nativitatis-5-2-2\/"]}]},{"@type":"ImageObject","inLanguage":"pl-PL","@id":"https:\/\/wobronietradycjiiwiary.com\/proprium-missae-niedziela-w-oktawie-bozego-narodzenia-dominica-infra-octavam-nativitatis-5-2-2\/#primaryimage","url":"https:\/\/wobronietradycjiiwiary.com\/wp-content\/uploads\/2019\/12\/Heilige-Familie-1.jpg","contentUrl":"https:\/\/wobronietradycjiiwiary.com\/wp-content\/uploads\/2019\/12\/Heilige-Familie-1.jpg","width":398,"height":600},{"@type":"BreadcrumbList","@id":"https:\/\/wobronietradycjiiwiary.com\/proprium-missae-niedziela-w-oktawie-bozego-narodzenia-dominica-infra-octavam-nativitatis-5-2-2\/#breadcrumb","itemListElement":[{"@type":"ListItem","position":1,"name":"Strona g\u0142\u00f3wna","item":"https:\/\/wobronietradycjiiwiary.com\/"},{"@type":"ListItem","position":2,"name":"Proprium missae &#8211; Niedziela w Oktawie Bo\u017cego Narodzenia &#8211; Dominica Infra Octavam Nativitatis"}]},{"@type":"WebSite","@id":"https:\/\/wobronietradycjiiwiary.com\/pl\/#website","url":"https:\/\/wobronietradycjiiwiary.com\/pl\/","name":"Tradycja i Wiara","description":"Portal dla katolik\u00f3w.","publisher":{"@id":"https:\/\/wobronietradycjiiwiary.com\/pl\/#organization"},"potentialAction":[{"@type":"SearchAction","target":{"@type":"EntryPoint","urlTemplate":"https:\/\/wobronietradycjiiwiary.com\/pl\/?s={search_term_string}"},"query-input":{"@type":"PropertyValueSpecification","valueRequired":true,"valueName":"search_term_string"}}],"inLanguage":"pl-PL"},{"@type":"Organization","@id":"https:\/\/wobronietradycjiiwiary.com\/pl\/#organization","name":"Tradycja i Wiara","url":"https:\/\/wobronietradycjiiwiary.com\/pl\/","logo":{"@type":"ImageObject","inLanguage":"pl-PL","@id":"https:\/\/wobronietradycjiiwiary.com\/pl\/#\/schema\/logo\/image\/","url":"https:\/\/i0.wp.com\/wobronietradycjiiwiary.com\/wp-content\/uploads\/2015\/10\/cropped-st-peters-dome-vatican.jpg?fit=940%2C198&ssl=1","contentUrl":"https:\/\/i0.wp.com\/wobronietradycjiiwiary.com\/wp-content\/uploads\/2015\/10\/cropped-st-peters-dome-vatican.jpg?fit=940%2C198&ssl=1","width":940,"height":198,"caption":"Tradycja i Wiara"},"image":{"@id":"https:\/\/wobronietradycjiiwiary.com\/pl\/#\/schema\/logo\/image\/"},"sameAs":["https:\/\/www.facebook.com\/Tradycja-i-Wiara-108813920592249"]},{"@type":"Person","@id":"https:\/\/wobronietradycjiiwiary.com\/pl\/#\/schema\/person\/2d6180ce6abcb681fef0daab7816e8f3","name":"Traditio et Fides","sameAs":["https:\/\/traditionundglauben.com"],"url":"https:\/\/wobronietradycjiiwiary.com\/pl\/author\/wobronietradycjiiwiary\/"}]}},"jetpack_publicize_connections":[],"jetpack_sharing_enabled":true,"jetpack_likes_enabled":true,"jetpack_shortlink":"https:\/\/wp.me\/pc04Sd-sAx","jetpack-related-posts":[{"id":19152,"url":"https:\/\/wobronietradycjiiwiary.com\/pl\/proprium-missae-niedziela-w-oktawie-bozego-narodzenia-dominica-infra-octavam-nativitatis-2\/","url_meta":{"origin":109897,"position":0},"title":"Proprium missae &#8211; Niedziela w Oktawie Bo\u017cego Narodzenia &#8211; Dominica Infra Octavam Nativitatis","author":"mariuszjerzy","date":"29 grudnia 2018","format":false,"excerpt":"Divinum Officium - Sancta Missa Kalendarz Liturgiczny Zwyczajnej i Nadzwyczajnej Formy Rytu Rzymskiego https:\/\/www.youtube.com\/watch?v=cTTBLS8D4yU Introit Sap 18:14-15 Dum m\u00e9dium sil\u00e9ntium ten\u00e9rent \u00f3mnia, et nox in suo cursu m\u00e9dium iter h\u00e1beret, omn\u00edpotens Sermo tuus, D\u00f3mine, de coelis a reg\u00e1libus s\u00e9dibus venit Ps 92:1 D\u00f3minus regn\u00e1vit, dec\u00f3rem ind\u00fatus est: ind\u00fatus est D\u00f3minus\u2026","rel":"","context":"W \u201eMsza Trydencka&quot;","block_context":{"text":"Msza Trydencka","link":"https:\/\/wobronietradycjiiwiary.com\/pl\/category\/duchowosc\/liturgia-i-liturgika\/msza-trydencka\/"},"img":{"alt_text":"","src":"https:\/\/i0.wp.com\/img.youtube.com\/vi\/cTTBLS8D4yU\/0.jpg?resize=350%2C200","width":350,"height":200},"classes":[]},{"id":26682,"url":"https:\/\/wobronietradycjiiwiary.com\/pl\/proprium-missae-niedziela-w-oktawie-bozego-narodzenia-dominica-infra-octavam-nativitatis-5\/","url_meta":{"origin":109897,"position":1},"title":"Proprium missae &#8211; Niedziela w Oktawie Bo\u017cego Narodzenia &#8211; Dominica Infra Octavam Nativitatis","author":"mariuszjerzy","date":"26 grudnia 2020","format":false,"excerpt":"Divinum Officium - Sancta Missa Kalendarz Liturgiczny Zwyczajnej i Nadzwyczajnej Formy Rytu Rzymskiego https:\/\/www.youtube.com\/watch?v=cTTBLS8D4yU Introit Sap 18:14-15 Dum m\u00e9dium sil\u00e9ntium ten\u00e9rent \u00f3mnia, et nox in suo cursu m\u00e9dium iter h\u00e1beret, omn\u00edpotens Sermo tuus, D\u00f3mine, de coelis a reg\u00e1libus s\u00e9dibus venitPs 92:1 D\u00f3minus regn\u00e1vit, dec\u00f3rem ind\u00fatus est: ind\u00fatus est D\u00f3minus fortit\u00fadinem,\u2026","rel":"","context":"W \u201eMsza Trydencka&quot;","block_context":{"text":"Msza Trydencka","link":"https:\/\/wobronietradycjiiwiary.com\/pl\/category\/duchowosc\/liturgia-i-liturgika\/msza-trydencka\/"},"img":{"alt_text":"","src":"https:\/\/i0.wp.com\/wobronietradycjiiwiary.com\/wp-content\/uploads\/2019\/12\/Heilige-Familie-1.jpg?resize=350%2C200&ssl=1","width":350,"height":200},"classes":[]},{"id":26050,"url":"https:\/\/wobronietradycjiiwiary.com\/pl\/proprium-missae-niedziela-w-oktawie-bozego-narodzenia-dominica-infra-octavam-nativitatis-3\/","url_meta":{"origin":109897,"position":2},"title":"Proprium missae &#8211; Niedziela w Oktawie Bo\u017cego Narodzenia &#8211; Dominica Infra Octavam Nativitatis","author":"Traditio et Fides","date":"29 grudnia 2019","format":false,"excerpt":"Divinum Officium - Sancta Missa https:\/\/www.youtube.com\/watch?v=cTTBLS8D4yU Introit Sap 18:14-15 Dum m\u00e9dium sil\u00e9ntium ten\u00e9rent \u00f3mnia, et nox in suo cursu m\u00e9dium iter h\u00e1beret, omn\u00edpotens Sermo tuus, D\u00f3mine, de coelis a reg\u00e1libus s\u00e9dibus venitPs 92:1 D\u00f3minus regn\u00e1vit, dec\u00f3rem ind\u00fatus est: ind\u00fatus est D\u00f3minus fortit\u00fadinem, et pr\u00e6c\u00ednxit se. V. Gl\u00f3ria Patri, et F\u00edlio,\u2026","rel":"","context":"W \u201eMsza Trydencka&quot;","block_context":{"text":"Msza Trydencka","link":"https:\/\/wobronietradycjiiwiary.com\/pl\/category\/duchowosc\/liturgia-i-liturgika\/msza-trydencka\/"},"img":{"alt_text":"","src":"https:\/\/i0.wp.com\/wobronietradycjiiwiary.com\/wp-content\/uploads\/2019\/12\/Heilige-Familie-1.jpg?resize=350%2C200&ssl=1","width":350,"height":200},"classes":[]},{"id":26057,"url":"https:\/\/wobronietradycjiiwiary.com\/pl\/proprium-missae-niedziela-w-oktawie-bozego-narodzenia-dominica-infra-octavam-nativitatis-4\/","url_meta":{"origin":109897,"position":3},"title":"Proprium missae &#8211; Niedziela w Oktawie Bo\u017cego Narodzenia &#8211; Dominica Infra Octavam Nativitatis","author":"Traditio et Fides","date":"31 grudnia 2019","format":false,"excerpt":"Divinum Officium - Sancta Missa Kalendarz Liturgiczny Zwyczajnej i Nadzwyczajnej Formy Rytu Rzymskiego https:\/\/www.youtube.com\/watch?v=cTTBLS8D4yU Introit Sap 18:14-15 Dum m\u00e9dium sil\u00e9ntium ten\u00e9rent \u00f3mnia, et nox in suo cursu m\u00e9dium iter h\u00e1beret, omn\u00edpotens Sermo tuus, D\u00f3mine, de coelis a reg\u00e1libus s\u00e9dibus venitPs 92:1 D\u00f3minus regn\u00e1vit, dec\u00f3rem ind\u00fatus est: ind\u00fatus est D\u00f3minus fortit\u00fadinem,\u2026","rel":"","context":"W \u201eMsza Trydencka&quot;","block_context":{"text":"Msza Trydencka","link":"https:\/\/wobronietradycjiiwiary.com\/pl\/category\/duchowosc\/liturgia-i-liturgika\/msza-trydencka\/"},"img":{"alt_text":"","src":"https:\/\/i0.wp.com\/wobronietradycjiiwiary.com\/wp-content\/uploads\/2019\/12\/Heilige-Familie-1.jpg?resize=350%2C200&ssl=1","width":350,"height":200},"classes":[]},{"id":17402,"url":"https:\/\/wobronietradycjiiwiary.com\/pl\/proprium-missae-niedziela-w-oktawie-bozego-narodzenia-dominica-infra-octavam-nativitatis\/","url_meta":{"origin":109897,"position":4},"title":"Proprium missae &#8211; Niedziela w Oktawie Bo\u017cego Narodzenia &#8211; Dominica Infra Octavam Nativitatis","author":"mariuszjerzy","date":"29 grudnia 2018","format":false,"excerpt":"Divinum Officium - Sancta Missa https:\/\/www.youtube.com\/watch?v=cTTBLS8D4yU Introit Sap 18:14-15 Dum m\u00e9dium sil\u00e9ntium ten\u00e9rent \u00f3mnia, et nox in suo cursu m\u00e9dium iter h\u00e1beret, omn\u00edpotens Sermo tuus, D\u00f3mine, de coelis a reg\u00e1libus s\u00e9dibus venit Ps 92:1 D\u00f3minus regn\u00e1vit, dec\u00f3rem ind\u00fatus est: ind\u00fatus est D\u00f3minus fortit\u00fadinem, et pr\u00e6c\u00ednxit se. V. Gl\u00f3ria Patri, et\u2026","rel":"","context":"W \u201eMsza Trydencka&quot;","block_context":{"text":"Msza Trydencka","link":"https:\/\/wobronietradycjiiwiary.com\/pl\/category\/duchowosc\/liturgia-i-liturgika\/msza-trydencka\/"},"img":{"alt_text":"","src":"https:\/\/i0.wp.com\/img.youtube.com\/vi\/cTTBLS8D4yU\/0.jpg?resize=350%2C200","width":350,"height":200},"classes":[]},{"id":16671,"url":"https:\/\/wobronietradycjiiwiary.com\/pl\/proprium-missae-na-niedziele-w-oktawie-bozego-narodzenia-dominica-infra-octavam-nativitatis-2\/","url_meta":{"origin":109897,"position":5},"title":"Proprium missae na Niedziel\u0119 w Oktawie Bo\u017cego Narodzenia &#8211; Dominica Infra Octavam Nativitatis","author":"mariuszjerzy","date":"30 grudnia 2017","format":false,"excerpt":"https:\/\/www.youtube.com\/watch?v=cTTBLS8D4yU Introit Sap 18:14-15. Dum m\u00e9dium sil\u00e9ntium ten\u00e9rent \u00f3mnia, et nox in suo cursu m\u00e9dium iter h\u00e1beret, omn\u00edpotens Sermo tuus, D\u00f3mine, de coelis a reg\u00e1libus s\u00e9dibus venit Ps 92:1 D\u00f3minus regn\u00e1vit, dec\u00f3rem ind\u00fatus est: ind\u00fatus est D\u00f3minus fortit\u00fadinem, et pr\u00e6c\u00ednxit se. V. Gl\u00f3ria Patri, et F\u00edlio, et Spir\u00edtui Sancto. R.\u2026","rel":"","context":"W \u201eDuchowo\u015b\u0107&quot;","block_context":{"text":"Duchowo\u015b\u0107","link":"https:\/\/wobronietradycjiiwiary.com\/pl\/category\/duchowosc\/"},"img":{"alt_text":"","src":"https:\/\/i0.wp.com\/wobronietradycjiiwiary.com\/wp-content\/uploads\/2023\/09\/Heilige-Familie-1.jpg?resize=350%2C200&ssl=1","width":350,"height":200},"classes":[]}],"amp_enabled":true,"jetpack_featured_media_url":"https:\/\/wobronietradycjiiwiary.com\/wp-content\/uploads\/2019\/12\/Heilige-Familie-1.jpg","_links":{"self":[{"href":"https:\/\/wobronietradycjiiwiary.com\/pl\/wp-json\/wp\/v2\/posts\/109897","targetHints":{"allow":["GET"]}}],"collection":[{"href":"https:\/\/wobronietradycjiiwiary.com\/pl\/wp-json\/wp\/v2\/posts"}],"about":[{"href":"https:\/\/wobronietradycjiiwiary.com\/pl\/wp-json\/wp\/v2\/types\/post"}],"author":[{"embeddable":true,"href":"https:\/\/wobronietradycjiiwiary.com\/pl\/wp-json\/wp\/v2\/users\/60508433"}],"replies":[{"embeddable":true,"href":"https:\/\/wobronietradycjiiwiary.com\/pl\/wp-json\/wp\/v2\/comments?post=109897"}],"version-history":[{"count":1,"href":"https:\/\/wobronietradycjiiwiary.com\/pl\/wp-json\/wp\/v2\/posts\/109897\/revisions"}],"predecessor-version":[{"id":109899,"href":"https:\/\/wobronietradycjiiwiary.com\/pl\/wp-json\/wp\/v2\/posts\/109897\/revisions\/109899"}],"wp:featuredmedia":[{"embeddable":true,"href":"https:\/\/wobronietradycjiiwiary.com\/pl\/wp-json\/wp\/v2\/media\/26052"}],"wp:attachment":[{"href":"https:\/\/wobronietradycjiiwiary.com\/pl\/wp-json\/wp\/v2\/media?parent=109897"}],"wp:term":[{"taxonomy":"category","embeddable":true,"href":"https:\/\/wobronietradycjiiwiary.com\/pl\/wp-json\/wp\/v2\/categories?post=109897"},{"taxonomy":"post_tag","embeddable":true,"href":"https:\/\/wobronietradycjiiwiary.com\/pl\/wp-json\/wp\/v2\/tags?post=109897"}],"curies":[{"name":"wp","href":"https:\/\/api.w.org\/{rel}","templated":true}]}}