{"id":108942,"date":"2023-12-25T08:15:07","date_gmt":"2023-12-25T07:15:07","guid":{"rendered":"https:\/\/wobronietradycjiiwiary.com\/?p=108942"},"modified":"2025-02-07T15:57:41","modified_gmt":"2025-02-07T14:57:41","slug":"kazania-do-ewangelii-mszy-trydenckiej-swieta-2-narodzenie-panskie-2-2","status":"publish","type":"post","link":"https:\/\/wobronietradycjiiwiary.com\/pl\/kazania-do-ewangelii-mszy-trydenckiej-swieta-2-narodzenie-panskie-2-2\/","title":{"rendered":"Kazania do Ewangelii Mszy Trydenckiej &#8211; \u015awi\u0119ta 2 &#8211; Narodzenie Pa\u0144skie"},"content":{"rendered":"<div id=\"bsf_rt_marker\"><\/div><h2 align=\"justify\"><img fetchpriority=\"high\" decoding=\"async\" data-attachment-id=\"16750\" data-permalink=\"https:\/\/wobronietradycjiiwiary.com\/pl\/kazania-do-ewangelii-mszy-trydenckiej-niedziele-1-boze-narodzenie\/nativity-birth-of-jesus\/\" data-orig-file=\"https:\/\/wobronietradycjiiwiary.com\/wp-content\/uploads\/2017\/12\/nativity-birth-of-jesus.jpg\" data-orig-size=\"950,966\" data-comments-opened=\"1\" data-image-meta=\"{&quot;aperture&quot;:&quot;0&quot;,&quot;credit&quot;:&quot;&quot;,&quot;camera&quot;:&quot;&quot;,&quot;caption&quot;:&quot;&quot;,&quot;created_timestamp&quot;:&quot;0&quot;,&quot;copyright&quot;:&quot;&quot;,&quot;focal_length&quot;:&quot;0&quot;,&quot;iso&quot;:&quot;0&quot;,&quot;shutter_speed&quot;:&quot;0&quot;,&quot;title&quot;:&quot;&quot;,&quot;orientation&quot;:&quot;0&quot;}\" data-image-title=\"nativity-birth-of-jesus\" data-image-description=\"\" data-image-caption=\"\" data-large-file=\"https:\/\/wobronietradycjiiwiary.com\/wp-content\/uploads\/2017\/12\/nativity-birth-of-jesus.jpg\" class=\"alignnone size-full wp-image-16750\" src=\"https:\/\/wobronietradycjiiwiary.com\/wp-content\/uploads\/2017\/12\/nativity-birth-of-jesus.jpg\" alt=\"nativity-birth-of-jesus\" width=\"950\" height=\"966\" srcset=\"https:\/\/wobronietradycjiiwiary.com\/wp-content\/uploads\/2017\/12\/nativity-birth-of-jesus.jpg 950w, https:\/\/wobronietradycjiiwiary.com\/wp-content\/uploads\/2017\/12\/nativity-birth-of-jesus-450x458.jpg 450w, https:\/\/wobronietradycjiiwiary.com\/wp-content\/uploads\/2017\/12\/nativity-birth-of-jesus-600x610.jpg 600w, https:\/\/wobronietradycjiiwiary.com\/wp-content\/uploads\/2017\/12\/nativity-birth-of-jesus-148x150.jpg 148w, https:\/\/wobronietradycjiiwiary.com\/wp-content\/uploads\/2017\/12\/nativity-birth-of-jesus-295x300.jpg 295w, https:\/\/wobronietradycjiiwiary.com\/wp-content\/uploads\/2017\/12\/nativity-birth-of-jesus-768x781.jpg 768w, https:\/\/wobronietradycjiiwiary.com\/wp-content\/uploads\/2017\/12\/nativity-birth-of-jesus-80x80.jpg 80w\" sizes=\"(max-width: 950px) 100vw, 950px\" \/><\/h2>\n<h2 align=\"justify\"><span style=\"color:#99cc00;\">Ewangelia ze mszy pasterskiej.<\/span><\/h2>\n<blockquote>\n<p align=\"justify\"><span style=\"color:#ff0000;\">\u0141k 2, 1-14<\/span> Onego czasu wydany zosta\u0142 dekret przez cesarza Augusta, aby spisano wszystek \u015bwiat. Pierwszy ten spis odby\u0142 si\u0119, gdy Cyryn by\u0142 wielkorz\u0105dc\u0105 Syrii. Szli tedy wszyscy do spisu, ka\u017cdy do miasta swego. Poszed\u0142 te\u017c i J\u00f3zef z Galilei, z miasta Nazaret, do Judei, do miasta Dawidowego, zwanego Betlejem, jako \u017ce by\u0142 z domu i pokolenia Dawidowego, aby zosta\u0107 wpisanym wraz z Maryj\u0105, za\u015blubion\u0105 sw\u0105 ma\u0142\u017conk\u0105, brzemienn\u0105. I sta\u0142o si\u0119, gdy tam byli, \u017ce wype\u0142ni\u0142y si\u0119 dni, aby porodzi\u0142a. I porodzi\u0142a Syna swego pierworodnego, i owin\u0119\u0142a Go w pieluszki, i z\u0142o\u017cy\u0142a w \u017c\u0142obie: nie by\u0142o bowiem dla nich miejsca w gospodzie. I byli w tej krainie pasterze, czuwaj\u0105cy i odbywaj\u0105cy nocne stra\u017ce nad stadem swoim. A oto Anio\u0142 Pa\u0144ski stan\u0105\u0142 przy nich i jasno\u015b\u0107 Bo\u017ca zewsz\u0105d ich o\u015bwieci\u0142a, tak \u017ce zl\u0119kli si\u0119 boja\u017ani\u0105 wielk\u0105. I rzek\u0142 im Anio\u0142: \u00abNie l\u0119kajcie si\u0119, oto bowiem zwiastuj\u0119 wam rado\u015b\u0107 wielk\u0105, kt\u00f3ra b\u0119dzie wszystkiemu ludowi, \u017ce si\u0119 wam dzi\u015b narodzi\u0142 Zbawiciel, kt\u00f3rym jest Chrystus Pan, w mie\u015bcie Dawidowym. A to b\u0119dzie dla was znakiem: Znajdziecie niemowl\u0119 owini\u0119te w pieluszki i z\u0142o\u017cone w \u017c\u0142obie\u00bb. I nagle zjawi\u0142y si\u0119 z Anio\u0142em zast\u0119py wojska niebieskiego, wielbi\u0105ce Boga i m\u00f3wi\u0105ce: \u00abChwa\u0142a na wysoko\u015bciach Bogu, a na ziemi pok\u00f3j ludziom dobrej woli\u00bb.<\/p>\n<\/blockquote>\n<h2 align=\"justify\"><span style=\"color:#99cc00;\">Homilia ksi\u0119dza Jakuba Wujka TJ\u00a0<\/span><\/h2>\n<p align=\"justify\">A c\u00f3\u017c mniemasz, cz\u0142owiecze, \u017ceby si\u0119 to z przygody sta\u0142o, \u017ce ten kt\u00f3ry jest Panem nieba i ziemi, lata i zimy, dnia i nocy, bogactw i poczciwo\u015bci, nie chcia\u0142 si\u0119 inaczej narodzi\u0107, jeno na drodze w go\u015bci\u0144cu, a ktemu zim\u0105 i w nocy, i w stajni? Jeszcze oto Pan tw\u00f3j ni s\u0142\u00f3wka nie m\u00f3wi, a ju\u017cci jest dziwnym poradnikiem, ju\u017c ci\u0119 samym przyk\u0142adem wielkich rzeczy uczy, ju\u017cci ukazuje, kt\u00f3r\u0119dy masz si\u0119 wr\u00f3ci\u0107 do raju. Narodzi\u0142 si\u0119 w go\u015bcinie na drodze, aby ci\u0119 nauczy\u0142, \u017ce\u015b i ty jest go\u015bciem a podr\u00f3\u017cnym na \u015bwiecie, a i\u017c tu miejsca trwa\u0142ego ani mieszkania wiecznego mie\u0107 nie mo\u017cesz, ale si\u0119 masz \u015bpieszy\u0107 do onej wiecznej ojczyzny. Narodzi\u0142 si\u0119 w Betleem, co si\u0119 wyk\u0142ada w chlebowym domie, i\u017c na to przyszed\u0142 na \u015bwiat, aby ci\u0119 nasyci\u0142 chlebem \u017cywota wiecznego, to jest samym sob\u0105, stawszy si\u0119 chlebem naszym w \u015bwi\u0119tym s\u0142owie jego, a osobliwie w Naj\u015bwi\u0119tszym Sakramencie. Szcz\u0119\u015bliwi a b\u0142ogos\u0142awienie ludzie, kt\u00f3rzy dzisiaj nabo\u017cnie, a z pewnym umy\u015bleniem polepszenia \u017cywota swego, przyst\u0119puj\u0105 do sto\u0142u Bo\u017cego i przyjmuj\u0105 godnie Pana swego w dom serca swego. Bo ci daleko wi\u0119cej maj\u0105 nad one pasterze, kt\u00f3rzy tylko ogl\u0105dali Pana we \u017c\u0142obie, a ci go w sobie nosz\u0105 w ciele swoim, aby go ju\u017c nigdy nie stracili. Zawrzyjcie! Zawrzyjcie, o dusze nabo\u017cne, drzwi serca waszego, kt\u00f3re\u015bcie si\u0119 sta\u0142y uczestnikami skarbu tak wielkiego. Nie dopuszczajcie, aby si\u0119 kto mia\u0142 wkra\u015b\u0107 do domu waszego. Nie ufajcie wi\u0119cej \u015bwiatu, ani czartu, ani cia\u0142u, ani rzeczom, kt\u00f3re im si\u0119 podobaj\u0105, aby nas nie okradli z klejnotu tak drogiego. Narodzi\u0142 si\u0119 w tak wielkim ub\u00f3stwie, aby poha\u0144bi\u0142 \u0142akomstwo nasze nienasycone, a nauczy\u0142 nas gardzi\u0107 \u015bwiatem i marno\u015bciami jego. Narodzi\u0142 si\u0119 w zimie, aby poha\u0144bi\u0142 cielesno\u015bci i rozkosze nasze, kt\u00f3rych zawsze a wsz\u0119dzie szukamy, nie chc\u0105c nic ucierpie\u0107, a\u017ceby nas nauczy\u0142 pokuty, ostro\u015bci a cierpliwo\u015bci, aby\u015bmy sw\u00f3j krzy\u017c za nim nosili ustawicznie.<\/p>\n<p align=\"justify\">Narodzi\u0142 si\u0119 w nocy, w ciemno\u015bci a potajemnie, aby poha\u0144bi\u0142 pych\u0119 nasza, kt\u00f3rzy si\u0119 z rodu i z domu chlubimy i wsz\u0119dzie si\u0119 ze wszystkiem okazywa\u0107 i nad insze przek\u0142ada\u0107 chcemy, a uczy nas pokory, aby\u015bmy w serca swe wst\u0119powali i pilnie uznawali samych siebie. Bo jako pierwszy nasz ojciec Adam przez pych\u0119, przez rozkosz, przez dostatek i niepos\u0142usze\u0144stwo wypad\u0142 z raju i z sob\u0105 nas wszystkich zatraci\u0142, tak za\u015b wt\u00f3ry Adam Zbawiciel a Pan nasz Jezus Chrystus przez pokor\u0119, przez cierpliwo\u015b\u0107, przez ub\u00f3stwo i pos\u0142usze\u0144stwo dobrowolne drog\u0119 nam do raju naprawi\u0142, je\u015bli jedno b\u0119dziem na\u015bladowa\u0107 tropy jego, a je\u015bli b\u0119dziem chcieli z nim co ucierpie\u0107, aby\u015bmy spo\u0142ecznej chwa\u0142y z nim dostali, i przeto\u0107 si\u0119 w takiej pokorze, w takim ub\u00f3stwie i w takim pos\u0142usze\u0144stwie narodzi\u0107 raczy\u0142, kiedy J\u00f3zef i Matka jego czynili dosy\u0107 rozkazaniu cesarza poga\u0144skiego.<\/p>\n<p align=\"justify\">Narodzi\u0142 si\u0119 w stajni i po\u0142o\u017con we \u017c\u0142obie. I\u017c cz\u0142owiek, b\u0119d\u0105c we czci wielkiej w raju, nie by\u0142 wdzi\u0119czen tego, ale si\u0119 podobny byd\u0142u sta\u0142 spro\u015bnemu. Ot\u00f3\u017c Pan przyszed\u0142szy do niego, szuka go w stajni\/ A i\u017cby go nakarmi\u0142 samym sob\u0105, uczyni\u0142 si\u0119 sianem, to jest cia\u0142em, gdy\u017c wszelkie cia\u0142o to jest siano, jako prorok m\u00f3wi, aby mu si\u0119 sta\u0142 pokarmem przystojnym i wcieli\u0142 si\u0119 w niego. C\u00f3\u017c ty czynisz, m\u00f3j mi\u0142y cz\u0142owiecze, i\u017c nie po\u017cywasz tak wielkiej dobroci, a \u0142askawo\u015bci Pana Boga twego? Nie dopuszczajmy, bracia najmilejsi, aby nam mia\u0142 wi\u0119cej smakowa\u0107, kt\u00f3ry inszy pokarm. Bo\u0107 by by\u0142a wielka sromota, b\u0119d\u0105c wezwani na kr\u00f3lewskie gody i niebieskie potrawy, chcie\u0107 jeszcze po\u017cywa\u0107 tych to potraw, niegodnych, smrodliwych, zepsowanych, kt\u00f3re w nas nie sprawi\u0105 nic inszego, jeno wiele z\u0142ych wilgotno\u015bci i sk\u0142onno\u015bci ku grzechom. Gdy\u017c nic inszego nie jest, co nas czyni s\u0142abymi i chorymi, i co nam na koniec \u015bmier\u0107 przynosi, jedno to, \u017ce opuszczamy sw\u00f3j w\u0142asny pokarm, a po\u017cywamy trucizny tej ziemi.<\/p>\n<p align=\"justify\">Nie b\u0105d\u017amy\u017c dla Boga ju\u017c wi\u0119cej byd\u0142em g\u0142upim, aby si\u0119 nam tako\u017c nie przyda\u0142o, jako belteemitom, kt\u00f3rzy skarbu tak wielkiego zaniedbali. Nie byli nigdy n\u0119dzniejsi a nieszcz\u0119\u015bliwsi ludzie na \u015bwiecie. Bo u nich wschodzi\u0142a \u015bwiat\u0142o\u015b\u0107 prawdziwa, a oni jej przecie nie widzieli; u nich by\u0142 \u017cywot prawdziwy a oni nic o nim nie wiedzieli; u nich B\u00f3g zjawi\u0142 si\u0119 w naszym cz\u0142owiecze\u0144stwie, a oni przecie tego nie baczyli. W tak ci\u0119\u017ckiej nocy i w tak wielkich ciemno\u015bciach le\u017celi. My Bogu czy\u0144my dzi\u0119ki nie\u015bmiertelne, kt\u00f3ry nam t\u0119 najweselsz\u0105 nowin\u0119 opowiedzie\u0107 raczy\u0142, a pilnie si\u0119 strze\u017cmy wszelakiej niewdzi\u0119czno\u015bci.<\/p>\n<p align=\"justify\">Bo azali\u017c to nie jest rzecz \u017ca\u0142osna, \u017ce jako naonczas Pan do swych przyszed\u0142szy, nie mia\u0142 u nich miejsca, w stajni le\u017ce\u0107 musia\u0142, tak te\u017c i dzi\u015b u nas chrze\u015bcijan miejsca mie\u0107 nie mo\u017ce? Rozkosz by jego by\u0142a mieszka\u0107 z nami i w nas, a c\u00f3\u017c potym, kiedy miejsca nie ma, gdy\u017c wszystk\u0119 gospod\u0119 serca naszego zast\u0105pi\u0142 czart i \u015bwiat, oni g\u0142\u00f3wni nieprzyjaciele Jego i nasi. O jako\u017c on cz\u0119sto ko\u0142acze u furtki serca naszego, my mu otworzy\u0107 nie chcemy, czyni\u0105c gwoli nieprzyjaci\u00f3\u0142 zbawienia naszego. O jak cz\u0119sto do nas przychodzi w osobie ubogich i pielgrzym\u00f3w, a my go ani przyj\u0105\u0107, ani ogarn\u0105\u0107, ani przyodzia\u0107, ani nakarmi\u0107, ani napoi\u0107 nie chcemy.<\/p>\n<h2 align=\"justify\"><span style=\"color:#99cc00;\">Modlitwa<\/span><\/h2>\n<p align=\"justify\"><span style=\"color:#ff0000;\">M\u00f3dlmy si\u0119.<\/span> Bo\u017ce, Ty\u015b sprawi\u0142, \u017ce ta naj\u015bwi\u0119tsza noc zaja\u015bnia\u0142a blaskiem prawdziwej \u015bwiat\u0142o\u015bci, spraw, prosimy, aby\u015bmy w niebie mogli nasyca\u0107 si\u0119 rado\u015bciami Tego, kt\u00f3rego tajemnicz\u0105 \u015bwiat\u0142o\u015b\u0107 poznali\u015bmy na ziemi: Kt\u00f3ry z Tob\u0105 \u017cyje i kr\u00f3luje w jedno\u015bci Ducha \u015awi\u0119tego B\u00f3g przez wszystkie wieki wiek\u00f3w. Amen<\/p>\n","protected":false},"excerpt":{"rendered":"<p>Ewangelia ze mszy pasterskiej. \u0141k 2, 1-14 Onego czasu wydany zosta\u0142 dekret przez cesarza Augusta, aby spisano wszystek \u015bwiat. Pierwszy ten spis odby\u0142 si\u0119, gdy Cyryn by\u0142 wielkorz\u0105dc\u0105 Syrii. Szli tedy wszyscy do spisu, ka\u017cdy do miasta swego. Poszed\u0142 te\u017c i J\u00f3zef z Galilei, z miasta Nazaret, do Judei, do miasta Dawidowego, zwanego Betlejem, jako [&hellip;]<\/p>\n","protected":false},"author":60508433,"featured_media":22487,"comment_status":"open","ping_status":"open","sticky":false,"template":"","format":"standard","meta":{"_bbp_topic_count":0,"_bbp_reply_count":0,"_bbp_total_topic_count":0,"_bbp_total_reply_count":0,"_bbp_voice_count":0,"_bbp_anonymous_reply_count":0,"_bbp_topic_count_hidden":0,"_bbp_reply_count_hidden":0,"_bbp_forum_subforum_count":0,"_editorskit_title_hidden":false,"_editorskit_reading_time":0,"_editorskit_is_block_options_detached":false,"_editorskit_block_options_position":"{}","_coblocks_attr":"","_coblocks_dimensions":"","_coblocks_responsive_height":"","_coblocks_accordion_ie_support":"","_exactmetrics_skip_tracking":false,"_jetpack_newsletter_access":"","_jetpack_dont_email_post_to_subs":false,"_jetpack_newsletter_tier_id":0,"_jetpack_memberships_contains_paywalled_content":false,"_wpcom_ai_launchpad_first_post":false,"_jetpack_feature_clip_id":0,"_jetpack_memberships_contains_paid_content":false,"footnotes":"","jetpack_publicize_message":"{title}\n\n{excerpt}\n\n{url}","jetpack_publicize_feature_enabled":true,"jetpack_social_post_already_shared":false,"jetpack_social_options":{"image_generator_settings":{"template":"highway","default_image_id":0,"font":"","enabled":false},"version":2},"_wpas_customize_per_network":false,"jetpack_post_was_ever_published":false},"categories":[610131184,610130728],"tags":[],"class_list":["post-108942","post","type-post","status-publish","format-standard","has-post-thumbnail","hentry","category-duchowosc","category-kazania-do-ewangelii-mszy-trydenckiej"],"yoast_head":"<!-- This site is optimized with the Yoast SEO plugin v28.4 - https:\/\/yoast.com\/product\/yoast-seo-wordpress\/ -->\n<title>Kazania do Ewangelii Mszy Trydenckiej - \u015awi\u0119ta 2 - Narodzenie Pa\u0144skie - Tradycja i Wiara<\/title>\n<meta name=\"robots\" content=\"index, follow, max-snippet:-1, max-image-preview:large, max-video-preview:-1\" \/>\n<link rel=\"canonical\" href=\"https:\/\/wobronietradycjiiwiary.com\/pl\/kazania-do-ewangelii-mszy-trydenckiej-swieta-2-narodzenie-panskie-2-2\/\" \/>\n<meta property=\"og:locale\" content=\"pl_PL\" \/>\n<meta property=\"og:type\" content=\"article\" \/>\n<meta property=\"og:title\" content=\"Kazania do Ewangelii Mszy Trydenckiej - \u015awi\u0119ta 2 - Narodzenie Pa\u0144skie - Tradycja i Wiara\" \/>\n<meta property=\"og:description\" content=\"Ewangelia ze mszy pasterskiej. \u0141k 2, 1-14 Onego czasu wydany zosta\u0142 dekret przez cesarza Augusta, aby spisano wszystek \u015bwiat. Pierwszy ten spis odby\u0142 si\u0119, gdy Cyryn by\u0142 wielkorz\u0105dc\u0105 Syrii. Szli tedy wszyscy do spisu, ka\u017cdy do miasta swego. Poszed\u0142 te\u017c i J\u00f3zef z Galilei, z miasta Nazaret, do Judei, do miasta Dawidowego, zwanego Betlejem, jako [&hellip;]\" \/>\n<meta property=\"og:url\" content=\"https:\/\/wobronietradycjiiwiary.com\/pl\/kazania-do-ewangelii-mszy-trydenckiej-swieta-2-narodzenie-panskie-2-2\/\" \/>\n<meta property=\"og:site_name\" content=\"Tradycja i Wiara\" \/>\n<meta property=\"article:publisher\" content=\"https:\/\/www.facebook.com\/Tradycja-i-Wiara-108813920592249\" \/>\n<meta property=\"article:published_time\" content=\"2023-12-25T07:15:07+00:00\" \/>\n<meta property=\"article:modified_time\" content=\"2025-02-07T14:57:41+00:00\" \/>\n<meta property=\"og:image\" content=\"https:\/\/wobronietradycjiiwiary.com\/wp-content\/uploads\/2019\/10\/annunciation-merode-2017-20181.jpg\" \/>\n\t<meta property=\"og:image:width\" content=\"853\" \/>\n\t<meta property=\"og:image:height\" content=\"880\" \/>\n\t<meta property=\"og:image:type\" content=\"image\/jpeg\" \/>\n<meta name=\"author\" content=\"Traditio et Fides\" \/>\n<meta name=\"twitter:card\" content=\"summary_large_image\" \/>\n<meta name=\"twitter:label1\" content=\"Napisane przez\" \/>\n\t<meta name=\"twitter:data1\" content=\"Traditio et Fides\" \/>\n\t<meta name=\"twitter:label2\" content=\"Szacowany czas czytania\" \/>\n\t<meta name=\"twitter:data2\" content=\"6 minut\" \/>\n<script type=\"application\/ld+json\" class=\"yoast-schema-graph\">{\"@context\":\"https:\\\/\\\/schema.org\",\"@graph\":[{\"@type\":\"Article\",\"@id\":\"https:\\\/\\\/wobronietradycjiiwiary.com\\\/kazania-do-ewangelii-mszy-trydenckiej-swieta-2-narodzenie-panskie-2-2\\\/#article\",\"isPartOf\":{\"@id\":\"https:\\\/\\\/wobronietradycjiiwiary.com\\\/kazania-do-ewangelii-mszy-trydenckiej-swieta-2-narodzenie-panskie-2-2\\\/\"},\"author\":{\"name\":\"Traditio et Fides\",\"@id\":\"https:\\\/\\\/wobronietradycjiiwiary.com\\\/pl\\\/#\\\/schema\\\/person\\\/2d6180ce6abcb681fef0daab7816e8f3\"},\"headline\":\"Kazania do Ewangelii Mszy Trydenckiej &#8211; \u015awi\u0119ta 2 &#8211; Narodzenie Pa\u0144skie\",\"datePublished\":\"2023-12-25T07:15:07+00:00\",\"dateModified\":\"2025-02-07T14:57:41+00:00\",\"mainEntityOfPage\":{\"@id\":\"https:\\\/\\\/wobronietradycjiiwiary.com\\\/kazania-do-ewangelii-mszy-trydenckiej-swieta-2-narodzenie-panskie-2-2\\\/\"},\"wordCount\":1299,\"commentCount\":0,\"publisher\":{\"@id\":\"https:\\\/\\\/wobronietradycjiiwiary.com\\\/pl\\\/#organization\"},\"image\":{\"@id\":\"https:\\\/\\\/wobronietradycjiiwiary.com\\\/kazania-do-ewangelii-mszy-trydenckiej-swieta-2-narodzenie-panskie-2-2\\\/#primaryimage\"},\"thumbnailUrl\":\"https:\\\/\\\/wobronietradycjiiwiary.com\\\/wp-content\\\/uploads\\\/2019\\\/10\\\/annunciation-merode-2017-20181.jpg\",\"articleSection\":[\"Duchowo\u015b\u0107\",\"Kazania do Ewangelii Mszy Trydenckiej\"],\"inLanguage\":\"pl-PL\",\"potentialAction\":[{\"@type\":\"CommentAction\",\"name\":\"Comment\",\"target\":[\"https:\\\/\\\/wobronietradycjiiwiary.com\\\/kazania-do-ewangelii-mszy-trydenckiej-swieta-2-narodzenie-panskie-2-2\\\/#respond\"]}]},{\"@type\":\"WebPage\",\"@id\":\"https:\\\/\\\/wobronietradycjiiwiary.com\\\/kazania-do-ewangelii-mszy-trydenckiej-swieta-2-narodzenie-panskie-2-2\\\/\",\"url\":\"https:\\\/\\\/wobronietradycjiiwiary.com\\\/kazania-do-ewangelii-mszy-trydenckiej-swieta-2-narodzenie-panskie-2-2\\\/\",\"name\":\"Kazania do Ewangelii Mszy Trydenckiej - \u015awi\u0119ta 2 - Narodzenie Pa\u0144skie - Tradycja i Wiara\",\"isPartOf\":{\"@id\":\"https:\\\/\\\/wobronietradycjiiwiary.com\\\/pl\\\/#website\"},\"primaryImageOfPage\":{\"@id\":\"https:\\\/\\\/wobronietradycjiiwiary.com\\\/kazania-do-ewangelii-mszy-trydenckiej-swieta-2-narodzenie-panskie-2-2\\\/#primaryimage\"},\"image\":{\"@id\":\"https:\\\/\\\/wobronietradycjiiwiary.com\\\/kazania-do-ewangelii-mszy-trydenckiej-swieta-2-narodzenie-panskie-2-2\\\/#primaryimage\"},\"thumbnailUrl\":\"https:\\\/\\\/wobronietradycjiiwiary.com\\\/wp-content\\\/uploads\\\/2019\\\/10\\\/annunciation-merode-2017-20181.jpg\",\"datePublished\":\"2023-12-25T07:15:07+00:00\",\"dateModified\":\"2025-02-07T14:57:41+00:00\",\"breadcrumb\":{\"@id\":\"https:\\\/\\\/wobronietradycjiiwiary.com\\\/kazania-do-ewangelii-mszy-trydenckiej-swieta-2-narodzenie-panskie-2-2\\\/#breadcrumb\"},\"inLanguage\":\"pl-PL\",\"potentialAction\":[{\"@type\":\"ReadAction\",\"target\":[\"https:\\\/\\\/wobronietradycjiiwiary.com\\\/kazania-do-ewangelii-mszy-trydenckiej-swieta-2-narodzenie-panskie-2-2\\\/\"]}]},{\"@type\":\"ImageObject\",\"inLanguage\":\"pl-PL\",\"@id\":\"https:\\\/\\\/wobronietradycjiiwiary.com\\\/kazania-do-ewangelii-mszy-trydenckiej-swieta-2-narodzenie-panskie-2-2\\\/#primaryimage\",\"url\":\"https:\\\/\\\/wobronietradycjiiwiary.com\\\/wp-content\\\/uploads\\\/2019\\\/10\\\/annunciation-merode-2017-20181.jpg\",\"contentUrl\":\"https:\\\/\\\/wobronietradycjiiwiary.com\\\/wp-content\\\/uploads\\\/2019\\\/10\\\/annunciation-merode-2017-20181.jpg\",\"width\":853,\"height\":880},{\"@type\":\"BreadcrumbList\",\"@id\":\"https:\\\/\\\/wobronietradycjiiwiary.com\\\/kazania-do-ewangelii-mszy-trydenckiej-swieta-2-narodzenie-panskie-2-2\\\/#breadcrumb\",\"itemListElement\":[{\"@type\":\"ListItem\",\"position\":1,\"name\":\"Strona g\u0142\u00f3wna\",\"item\":\"https:\\\/\\\/wobronietradycjiiwiary.com\\\/\"},{\"@type\":\"ListItem\",\"position\":2,\"name\":\"Kazania do Ewangelii Mszy Trydenckiej &#8211; \u015awi\u0119ta 2 &#8211; Narodzenie Pa\u0144skie\"}]},{\"@type\":\"WebSite\",\"@id\":\"https:\\\/\\\/wobronietradycjiiwiary.com\\\/pl\\\/#website\",\"url\":\"https:\\\/\\\/wobronietradycjiiwiary.com\\\/pl\\\/\",\"name\":\"Tradycja i Wiara\",\"description\":\"Portal dla katolik\u00f3w.\",\"publisher\":{\"@id\":\"https:\\\/\\\/wobronietradycjiiwiary.com\\\/pl\\\/#organization\"},\"potentialAction\":[{\"@type\":\"SearchAction\",\"target\":{\"@type\":\"EntryPoint\",\"urlTemplate\":\"https:\\\/\\\/wobronietradycjiiwiary.com\\\/pl\\\/?s={search_term_string}\"},\"query-input\":{\"@type\":\"PropertyValueSpecification\",\"valueRequired\":true,\"valueName\":\"search_term_string\"}}],\"inLanguage\":\"pl-PL\"},{\"@type\":\"Organization\",\"@id\":\"https:\\\/\\\/wobronietradycjiiwiary.com\\\/pl\\\/#organization\",\"name\":\"Tradycja i Wiara\",\"url\":\"https:\\\/\\\/wobronietradycjiiwiary.com\\\/pl\\\/\",\"logo\":{\"@type\":\"ImageObject\",\"inLanguage\":\"pl-PL\",\"@id\":\"https:\\\/\\\/wobronietradycjiiwiary.com\\\/pl\\\/#\\\/schema\\\/logo\\\/image\\\/\",\"url\":\"https:\\\/\\\/i0.wp.com\\\/wobronietradycjiiwiary.com\\\/wp-content\\\/uploads\\\/2015\\\/10\\\/cropped-st-peters-dome-vatican.jpg?fit=940%2C198&ssl=1\",\"contentUrl\":\"https:\\\/\\\/i0.wp.com\\\/wobronietradycjiiwiary.com\\\/wp-content\\\/uploads\\\/2015\\\/10\\\/cropped-st-peters-dome-vatican.jpg?fit=940%2C198&ssl=1\",\"width\":940,\"height\":198,\"caption\":\"Tradycja i Wiara\"},\"image\":{\"@id\":\"https:\\\/\\\/wobronietradycjiiwiary.com\\\/pl\\\/#\\\/schema\\\/logo\\\/image\\\/\"},\"sameAs\":[\"https:\\\/\\\/www.facebook.com\\\/Tradycja-i-Wiara-108813920592249\"]},{\"@type\":\"Person\",\"@id\":\"https:\\\/\\\/wobronietradycjiiwiary.com\\\/pl\\\/#\\\/schema\\\/person\\\/2d6180ce6abcb681fef0daab7816e8f3\",\"name\":\"Traditio et Fides\",\"sameAs\":[\"https:\\\/\\\/traditionundglauben.com\"],\"url\":\"https:\\\/\\\/wobronietradycjiiwiary.com\\\/pl\\\/author\\\/wobronietradycjiiwiary\\\/\"}]}<\/script>\n<!-- \/ Yoast SEO plugin. -->","yoast_head_json":{"title":"Kazania do Ewangelii Mszy Trydenckiej - \u015awi\u0119ta 2 - Narodzenie Pa\u0144skie - Tradycja i Wiara","robots":{"index":"index","follow":"follow","max-snippet":"max-snippet:-1","max-image-preview":"max-image-preview:large","max-video-preview":"max-video-preview:-1"},"canonical":"https:\/\/wobronietradycjiiwiary.com\/pl\/kazania-do-ewangelii-mszy-trydenckiej-swieta-2-narodzenie-panskie-2-2\/","og_locale":"pl_PL","og_type":"article","og_title":"Kazania do Ewangelii Mszy Trydenckiej - \u015awi\u0119ta 2 - Narodzenie Pa\u0144skie - Tradycja i Wiara","og_description":"Ewangelia ze mszy pasterskiej. \u0141k 2, 1-14 Onego czasu wydany zosta\u0142 dekret przez cesarza Augusta, aby spisano wszystek \u015bwiat. Pierwszy ten spis odby\u0142 si\u0119, gdy Cyryn by\u0142 wielkorz\u0105dc\u0105 Syrii. Szli tedy wszyscy do spisu, ka\u017cdy do miasta swego. Poszed\u0142 te\u017c i J\u00f3zef z Galilei, z miasta Nazaret, do Judei, do miasta Dawidowego, zwanego Betlejem, jako [&hellip;]","og_url":"https:\/\/wobronietradycjiiwiary.com\/pl\/kazania-do-ewangelii-mszy-trydenckiej-swieta-2-narodzenie-panskie-2-2\/","og_site_name":"Tradycja i Wiara","article_publisher":"https:\/\/www.facebook.com\/Tradycja-i-Wiara-108813920592249","article_published_time":"2023-12-25T07:15:07+00:00","article_modified_time":"2025-02-07T14:57:41+00:00","og_image":[{"width":853,"height":880,"url":"https:\/\/wobronietradycjiiwiary.com\/wp-content\/uploads\/2019\/10\/annunciation-merode-2017-20181.jpg","type":"image\/jpeg"}],"author":"Traditio et Fides","twitter_card":"summary_large_image","twitter_misc":{"Napisane przez":"Traditio et Fides","Szacowany czas czytania":"6 minut"},"schema":{"@context":"https:\/\/schema.org","@graph":[{"@type":"Article","@id":"https:\/\/wobronietradycjiiwiary.com\/kazania-do-ewangelii-mszy-trydenckiej-swieta-2-narodzenie-panskie-2-2\/#article","isPartOf":{"@id":"https:\/\/wobronietradycjiiwiary.com\/kazania-do-ewangelii-mszy-trydenckiej-swieta-2-narodzenie-panskie-2-2\/"},"author":{"name":"Traditio et Fides","@id":"https:\/\/wobronietradycjiiwiary.com\/pl\/#\/schema\/person\/2d6180ce6abcb681fef0daab7816e8f3"},"headline":"Kazania do Ewangelii Mszy Trydenckiej &#8211; \u015awi\u0119ta 2 &#8211; Narodzenie Pa\u0144skie","datePublished":"2023-12-25T07:15:07+00:00","dateModified":"2025-02-07T14:57:41+00:00","mainEntityOfPage":{"@id":"https:\/\/wobronietradycjiiwiary.com\/kazania-do-ewangelii-mszy-trydenckiej-swieta-2-narodzenie-panskie-2-2\/"},"wordCount":1299,"commentCount":0,"publisher":{"@id":"https:\/\/wobronietradycjiiwiary.com\/pl\/#organization"},"image":{"@id":"https:\/\/wobronietradycjiiwiary.com\/kazania-do-ewangelii-mszy-trydenckiej-swieta-2-narodzenie-panskie-2-2\/#primaryimage"},"thumbnailUrl":"https:\/\/wobronietradycjiiwiary.com\/wp-content\/uploads\/2019\/10\/annunciation-merode-2017-20181.jpg","articleSection":["Duchowo\u015b\u0107","Kazania do Ewangelii Mszy Trydenckiej"],"inLanguage":"pl-PL","potentialAction":[{"@type":"CommentAction","name":"Comment","target":["https:\/\/wobronietradycjiiwiary.com\/kazania-do-ewangelii-mszy-trydenckiej-swieta-2-narodzenie-panskie-2-2\/#respond"]}]},{"@type":"WebPage","@id":"https:\/\/wobronietradycjiiwiary.com\/kazania-do-ewangelii-mszy-trydenckiej-swieta-2-narodzenie-panskie-2-2\/","url":"https:\/\/wobronietradycjiiwiary.com\/kazania-do-ewangelii-mszy-trydenckiej-swieta-2-narodzenie-panskie-2-2\/","name":"Kazania do Ewangelii Mszy Trydenckiej - \u015awi\u0119ta 2 - Narodzenie Pa\u0144skie - Tradycja i Wiara","isPartOf":{"@id":"https:\/\/wobronietradycjiiwiary.com\/pl\/#website"},"primaryImageOfPage":{"@id":"https:\/\/wobronietradycjiiwiary.com\/kazania-do-ewangelii-mszy-trydenckiej-swieta-2-narodzenie-panskie-2-2\/#primaryimage"},"image":{"@id":"https:\/\/wobronietradycjiiwiary.com\/kazania-do-ewangelii-mszy-trydenckiej-swieta-2-narodzenie-panskie-2-2\/#primaryimage"},"thumbnailUrl":"https:\/\/wobronietradycjiiwiary.com\/wp-content\/uploads\/2019\/10\/annunciation-merode-2017-20181.jpg","datePublished":"2023-12-25T07:15:07+00:00","dateModified":"2025-02-07T14:57:41+00:00","breadcrumb":{"@id":"https:\/\/wobronietradycjiiwiary.com\/kazania-do-ewangelii-mszy-trydenckiej-swieta-2-narodzenie-panskie-2-2\/#breadcrumb"},"inLanguage":"pl-PL","potentialAction":[{"@type":"ReadAction","target":["https:\/\/wobronietradycjiiwiary.com\/kazania-do-ewangelii-mszy-trydenckiej-swieta-2-narodzenie-panskie-2-2\/"]}]},{"@type":"ImageObject","inLanguage":"pl-PL","@id":"https:\/\/wobronietradycjiiwiary.com\/kazania-do-ewangelii-mszy-trydenckiej-swieta-2-narodzenie-panskie-2-2\/#primaryimage","url":"https:\/\/wobronietradycjiiwiary.com\/wp-content\/uploads\/2019\/10\/annunciation-merode-2017-20181.jpg","contentUrl":"https:\/\/wobronietradycjiiwiary.com\/wp-content\/uploads\/2019\/10\/annunciation-merode-2017-20181.jpg","width":853,"height":880},{"@type":"BreadcrumbList","@id":"https:\/\/wobronietradycjiiwiary.com\/kazania-do-ewangelii-mszy-trydenckiej-swieta-2-narodzenie-panskie-2-2\/#breadcrumb","itemListElement":[{"@type":"ListItem","position":1,"name":"Strona g\u0142\u00f3wna","item":"https:\/\/wobronietradycjiiwiary.com\/"},{"@type":"ListItem","position":2,"name":"Kazania do Ewangelii Mszy Trydenckiej &#8211; \u015awi\u0119ta 2 &#8211; Narodzenie Pa\u0144skie"}]},{"@type":"WebSite","@id":"https:\/\/wobronietradycjiiwiary.com\/pl\/#website","url":"https:\/\/wobronietradycjiiwiary.com\/pl\/","name":"Tradycja i Wiara","description":"Portal dla katolik\u00f3w.","publisher":{"@id":"https:\/\/wobronietradycjiiwiary.com\/pl\/#organization"},"potentialAction":[{"@type":"SearchAction","target":{"@type":"EntryPoint","urlTemplate":"https:\/\/wobronietradycjiiwiary.com\/pl\/?s={search_term_string}"},"query-input":{"@type":"PropertyValueSpecification","valueRequired":true,"valueName":"search_term_string"}}],"inLanguage":"pl-PL"},{"@type":"Organization","@id":"https:\/\/wobronietradycjiiwiary.com\/pl\/#organization","name":"Tradycja i Wiara","url":"https:\/\/wobronietradycjiiwiary.com\/pl\/","logo":{"@type":"ImageObject","inLanguage":"pl-PL","@id":"https:\/\/wobronietradycjiiwiary.com\/pl\/#\/schema\/logo\/image\/","url":"https:\/\/i0.wp.com\/wobronietradycjiiwiary.com\/wp-content\/uploads\/2015\/10\/cropped-st-peters-dome-vatican.jpg?fit=940%2C198&ssl=1","contentUrl":"https:\/\/i0.wp.com\/wobronietradycjiiwiary.com\/wp-content\/uploads\/2015\/10\/cropped-st-peters-dome-vatican.jpg?fit=940%2C198&ssl=1","width":940,"height":198,"caption":"Tradycja i Wiara"},"image":{"@id":"https:\/\/wobronietradycjiiwiary.com\/pl\/#\/schema\/logo\/image\/"},"sameAs":["https:\/\/www.facebook.com\/Tradycja-i-Wiara-108813920592249"]},{"@type":"Person","@id":"https:\/\/wobronietradycjiiwiary.com\/pl\/#\/schema\/person\/2d6180ce6abcb681fef0daab7816e8f3","name":"Traditio et Fides","sameAs":["https:\/\/traditionundglauben.com"],"url":"https:\/\/wobronietradycjiiwiary.com\/pl\/author\/wobronietradycjiiwiary\/"}]}},"jetpack_publicize_connections":[],"jetpack_sharing_enabled":true,"jetpack_likes_enabled":true,"jetpack_shortlink":"https:\/\/wp.me\/pc04Sd-sl8","jetpack-related-posts":[{"id":157101,"url":"https:\/\/wobronietradycjiiwiary.com\/pl\/kazania-trydenckiego-brewiarza-boze-narodzenie-2\/","url_meta":{"origin":108942,"position":0},"title":"Kazania Trydenckiego Brewiarza: Bo\u017ce Narodzenie","author":"Traditio et Fides","date":"25 grudnia 2025","format":false,"excerpt":"Kazania Brewiarza Trydenckiego na Bo\u017ce Narodzenie.","rel":"","context":"W \u201eDuchowo\u015b\u0107&quot;","block_context":{"text":"Duchowo\u015b\u0107","link":"https:\/\/wobronietradycjiiwiary.com\/pl\/category\/duchowosc\/"},"img":{"alt_text":"","src":"https:\/\/i0.wp.com\/wobronietradycjiiwiary.com\/wp-content\/uploads\/2024\/12\/350px-Brevier-Martin-d-Aragon.jpg?resize=350%2C200&ssl=1","width":350,"height":200},"classes":[]},{"id":126572,"url":"https:\/\/wobronietradycjiiwiary.com\/pl\/kazania-trydenckiego-brewiarza-boze-narodzenie\/","url_meta":{"origin":108942,"position":1},"title":"Kazania Trydenckiego Brewiarza: Bo\u017ce Narodzenie","author":"Traditio et Fides","date":"25 grudnia 2024","format":false,"excerpt":"Kazania Brewiarza Trydenckiego na Bo\u017ce Narodzenie.","rel":"","context":"W \u201eDuchowo\u015b\u0107&quot;","block_context":{"text":"Duchowo\u015b\u0107","link":"https:\/\/wobronietradycjiiwiary.com\/pl\/category\/duchowosc\/"},"img":{"alt_text":"","src":"https:\/\/i0.wp.com\/wobronietradycjiiwiary.com\/wp-content\/uploads\/2024\/12\/350px-Brevier-Martin-d-Aragon.jpg?resize=350%2C200&ssl=1","width":350,"height":200},"classes":[]},{"id":111750,"url":"https:\/\/wobronietradycjiiwiary.com\/pl\/kazania-do-ewangelii-mszy-trydenckiej-niedziele-1-3-niedziela-wlk-postu-3-2-2\/","url_meta":{"origin":108942,"position":2},"title":"Kazania do Ewangelii Mszy Trydenckiej &#8211; Niedziele 1 &#8211; 3. Niedziela Wlk. Postu","author":"Traditio et Fides","date":"3 marca 2024","format":false,"excerpt":"Ewangelia na 3. Niedziel\u0119 Wielkiego Postu \u0141k 11, 14-28 Onego czasu: Wyrzuca\u0142 Jezus czarta, a ten by\u0142 niemy. A gdy wyrzuci\u0142 czarta, przem\u00f3wi\u0142 niemy i zdumia\u0142y si\u0119 rzesze. I m\u00f3wili niekt\u00f3rzy z nich: \u00abPrzez Belzebuba, ksi\u0119cia czartowskiego, wyrzuca czarty\u00bb. A inni, kusz\u0105c, domagali si\u0119 od Niego znaku z nieba. Ale\u2026","rel":"","context":"W \u201eDuchowo\u015b\u0107&quot;","block_context":{"text":"Duchowo\u015b\u0107","link":"https:\/\/wobronietradycjiiwiary.com\/pl\/category\/duchowosc\/"},"img":{"alt_text":"","src":"https:\/\/i0.wp.com\/wobronietradycjiiwiary.com\/wp-content\/uploads\/2019\/10\/annunciation-merode-2017-20181.jpg?resize=350%2C200&ssl=1","width":350,"height":200,"srcset":"https:\/\/i0.wp.com\/wobronietradycjiiwiary.com\/wp-content\/uploads\/2019\/10\/annunciation-merode-2017-20181.jpg?resize=350%2C200&ssl=1 1x, https:\/\/i0.wp.com\/wobronietradycjiiwiary.com\/wp-content\/uploads\/2019\/10\/annunciation-merode-2017-20181.jpg?resize=525%2C300&ssl=1 1.5x, https:\/\/i0.wp.com\/wobronietradycjiiwiary.com\/wp-content\/uploads\/2019\/10\/annunciation-merode-2017-20181.jpg?resize=700%2C400&ssl=1 2x"},"classes":[]},{"id":146704,"url":"https:\/\/wobronietradycjiiwiary.com\/pl\/kazania-do-ewangelii-mszy-trydenckiej-swieta-1-nawiedzenie-panny-maryi-2-2-2\/","url_meta":{"origin":108942,"position":3},"title":"Kazania do Ewangelii Mszy Trydenckiej &#8211; \u015awi\u0119ta 1 &#8211; Nawiedzenie Panny Maryi","author":"Traditio et Fides","date":"2 lipca 2025","format":false,"excerpt":"Kazanie Jakuba Wujka SJ na \u015bwi\u0119to Nawiedzenia NMP.","rel":"","context":"W \u201eDuchowo\u015b\u0107&quot;","block_context":{"text":"Duchowo\u015b\u0107","link":"https:\/\/wobronietradycjiiwiary.com\/pl\/category\/duchowosc\/"},"img":{"alt_text":"","src":"https:\/\/i0.wp.com\/wobronietradycjiiwiary.com\/wp-content\/uploads\/2019\/10\/annunciation-merode-2017-20181.jpg?resize=350%2C200&ssl=1","width":350,"height":200,"srcset":"https:\/\/i0.wp.com\/wobronietradycjiiwiary.com\/wp-content\/uploads\/2019\/10\/annunciation-merode-2017-20181.jpg?resize=350%2C200&ssl=1 1x, https:\/\/i0.wp.com\/wobronietradycjiiwiary.com\/wp-content\/uploads\/2019\/10\/annunciation-merode-2017-20181.jpg?resize=525%2C300&ssl=1 1.5x, https:\/\/i0.wp.com\/wobronietradycjiiwiary.com\/wp-content\/uploads\/2019\/10\/annunciation-merode-2017-20181.jpg?resize=700%2C400&ssl=1 2x"},"classes":[]},{"id":111749,"url":"https:\/\/wobronietradycjiiwiary.com\/pl\/kazania-do-ewangelii-mszy-trydenckiej-swieta-1-nawiedzenie-panny-maryi-2-2\/","url_meta":{"origin":108942,"position":4},"title":"Kazania do Ewangelii Mszy Trydenckiej &#8211; \u015awi\u0119ta 1 &#8211; Nawiedzenie Panny Maryi","author":"Traditio et Fides","date":"25 marca 2024","format":false,"excerpt":"Ewangelia na Nawiedzenie Panny Maryi. \u0141k 1, 39-47 Onego czasu: Powstawszy Maryja uda\u0142a si\u0119 \u015bpiesznie w okolic\u0119 g\u00f3rzyst\u0105 do miasta Judy. I wesz\u0142a do domu Zachariasza i pozdrowi\u0142a El\u017cbiet\u0119. I sta\u0142o si\u0119, skoro us\u0142ysza\u0142a El\u017cbieta pozdrowienie Maryi, skoczy\u0142o dzieci\u0105tko w \u0142onie jej, i nape\u0142niona zosta\u0142a El\u017cbieta Duchem \u015awi\u0119tym, i zawo\u0142a\u0142a\u2026","rel":"","context":"W \u201eDuchowo\u015b\u0107&quot;","block_context":{"text":"Duchowo\u015b\u0107","link":"https:\/\/wobronietradycjiiwiary.com\/pl\/category\/duchowosc\/"},"img":{"alt_text":"","src":"https:\/\/i0.wp.com\/wobronietradycjiiwiary.com\/wp-content\/uploads\/2019\/10\/annunciation-merode-2017-20181.jpg?resize=350%2C200&ssl=1","width":350,"height":200,"srcset":"https:\/\/i0.wp.com\/wobronietradycjiiwiary.com\/wp-content\/uploads\/2019\/10\/annunciation-merode-2017-20181.jpg?resize=350%2C200&ssl=1 1x, https:\/\/i0.wp.com\/wobronietradycjiiwiary.com\/wp-content\/uploads\/2019\/10\/annunciation-merode-2017-20181.jpg?resize=525%2C300&ssl=1 1.5x, https:\/\/i0.wp.com\/wobronietradycjiiwiary.com\/wp-content\/uploads\/2019\/10\/annunciation-merode-2017-20181.jpg?resize=700%2C400&ssl=1 2x"},"classes":[]},{"id":108940,"url":"https:\/\/wobronietradycjiiwiary.com\/pl\/kazania-do-ewangelii-mszy-trydenckiej-swieta-2-swieto-sw-szczepana-2-2\/","url_meta":{"origin":108942,"position":5},"title":"Kazania do Ewangelii Mszy Trydenckiej &#8211; \u015awi\u0119ta 2 &#8211; \u015awi\u0119to \u015bw. Szczepana","author":"Traditio et Fides","date":"26 grudnia 2023","format":false,"excerpt":"\u00a0 Ewangelia na \u015bwi\u0119to \u015bw. Szczepana. Mt 23, 34-39 Onego czasu: M\u00f3wi\u0142 Jezus do uczonych w Pi\u015bmie i faryzeuszy: \u00abOto ja posy\u0142am do was prorok\u00f3w i m\u0119drc\u00f3w i uczonych w Pi\u015bmie, a wielu z nich zabijecie i ukrzy\u017cujecie, a innych ubiczujecie w synagogach waszych i b\u0119dziecie \u015bcigali z miasta do\u2026","rel":"","context":"W \u201eDuchowo\u015b\u0107&quot;","block_context":{"text":"Duchowo\u015b\u0107","link":"https:\/\/wobronietradycjiiwiary.com\/pl\/category\/duchowosc\/"},"img":{"alt_text":"","src":"https:\/\/i0.wp.com\/wobronietradycjiiwiary.com\/wp-content\/uploads\/2019\/10\/annunciation-merode-2017-20181.jpg?resize=350%2C200&ssl=1","width":350,"height":200,"srcset":"https:\/\/i0.wp.com\/wobronietradycjiiwiary.com\/wp-content\/uploads\/2019\/10\/annunciation-merode-2017-20181.jpg?resize=350%2C200&ssl=1 1x, https:\/\/i0.wp.com\/wobronietradycjiiwiary.com\/wp-content\/uploads\/2019\/10\/annunciation-merode-2017-20181.jpg?resize=525%2C300&ssl=1 1.5x, https:\/\/i0.wp.com\/wobronietradycjiiwiary.com\/wp-content\/uploads\/2019\/10\/annunciation-merode-2017-20181.jpg?resize=700%2C400&ssl=1 2x"},"classes":[]}],"amp_enabled":true,"jetpack_featured_media_url":"https:\/\/wobronietradycjiiwiary.com\/wp-content\/uploads\/2019\/10\/annunciation-merode-2017-20181.jpg","_links":{"self":[{"href":"https:\/\/wobronietradycjiiwiary.com\/pl\/wp-json\/wp\/v2\/posts\/108942","targetHints":{"allow":["GET"]}}],"collection":[{"href":"https:\/\/wobronietradycjiiwiary.com\/pl\/wp-json\/wp\/v2\/posts"}],"about":[{"href":"https:\/\/wobronietradycjiiwiary.com\/pl\/wp-json\/wp\/v2\/types\/post"}],"author":[{"embeddable":true,"href":"https:\/\/wobronietradycjiiwiary.com\/pl\/wp-json\/wp\/v2\/users\/60508433"}],"replies":[{"embeddable":true,"href":"https:\/\/wobronietradycjiiwiary.com\/pl\/wp-json\/wp\/v2\/comments?post=108942"}],"version-history":[{"count":1,"href":"https:\/\/wobronietradycjiiwiary.com\/pl\/wp-json\/wp\/v2\/posts\/108942\/revisions"}],"predecessor-version":[{"id":108948,"href":"https:\/\/wobronietradycjiiwiary.com\/pl\/wp-json\/wp\/v2\/posts\/108942\/revisions\/108948"}],"wp:featuredmedia":[{"embeddable":true,"href":"https:\/\/wobronietradycjiiwiary.com\/pl\/wp-json\/wp\/v2\/media\/22487"}],"wp:attachment":[{"href":"https:\/\/wobronietradycjiiwiary.com\/pl\/wp-json\/wp\/v2\/media?parent=108942"}],"wp:term":[{"taxonomy":"category","embeddable":true,"href":"https:\/\/wobronietradycjiiwiary.com\/pl\/wp-json\/wp\/v2\/categories?post=108942"},{"taxonomy":"post_tag","embeddable":true,"href":"https:\/\/wobronietradycjiiwiary.com\/pl\/wp-json\/wp\/v2\/tags?post=108942"}],"curies":[{"name":"wp","href":"https:\/\/api.w.org\/{rel}","templated":true}]}}