{"id":108934,"date":"2023-12-31T08:15:57","date_gmt":"2023-12-31T07:15:57","guid":{"rendered":"https:\/\/wobronietradycjiiwiary.com\/?p=108934"},"modified":"2025-02-10T11:14:56","modified_gmt":"2025-02-10T10:14:56","slug":"31-go-grudnia-zywot-swietego-sylwestra-papieza-3-2","status":"publish","type":"post","link":"https:\/\/wobronietradycjiiwiary.com\/pl\/31-go-grudnia-zywot-swietego-sylwestra-papieza-3-2\/","title":{"rendered":"31-go Grudnia. \u017bywot \u015bwi\u0119tego Sylwestra, Papie\u017ca."},"content":{"rendered":"<div id=\"bsf_rt_marker\"><\/div>\n<p class=\"has-text-align-center wp-block-paragraph\"><em>(\u017by\u0142 oko\u0142o roku Pa\u0144skiego 310).<\/em><\/p>\n\n\n\n<figure class=\"wp-block-image\"><a href=\"https:\/\/pl.wikisource.org\/wiki\/Plik:%C5%BBywoty_%C5%9Bw._Pa%C5%84skich_na_wszystkie_dnie_roku-Inicja%C5%82-M.png\"><img decoding=\"async\" src=\"https:\/\/upload.wikimedia.org\/wikipedia\/commons\/thumb\/1\/18\/%C5%BBywoty_%C5%9Bw._Pa%C5%84skich_na_wszystkie_dnie_roku-Inicja%C5%82-M.png\/75px-%C5%BBywoty_%C5%9Bw._Pa%C5%84skich_na_wszystkie_dnie_roku-Inicja%C5%82-M.png\" alt=\"M\"\/><\/a><\/figure>\n\n\n\n<p class=\"has-text-align-justify wp-block-paragraph\">Mo\u017cnaby to uwa\u017ca\u0107 za szczeg\u00f3lne zrz\u0105dzenie Opatrzno\u015bci Boskiej, i\u017c Ko\u015bci\u00f3\u0142 katolicki w ostatnim dniu roku cywilnego obchodzi pami\u0105tk\u0119 \u015bwi\u0119tobliwego Papie\u017ca, kt\u00f3ry w pami\u0119tnej epoce dziej\u00f3w \u015bwiata zasiada\u0142 na tronie namiestnik\u00f3w Chrystusowych. W porze, w kt\u00f3rej \u015bwi\u0119ty Sylwester zaj\u0105\u0142 Stolic\u0119 Piotra \u015bwi\u0119tego, odni\u00f3s\u0142 nareszcie Ko\u015bci\u00f3\u0142 po trzechsetletniej walce \u015bwietny nad poga\u0144stwem tryumf i przeni\u00f3s\u0142 nabo\u017ce\u0144stwo, odbywaj\u0105ce si\u0119 dotychczas tylko pokryjomu po katakombach i prywatnych mieszkaniach, do wspania\u0142ych katedr i majestatycznych ko\u015bcio\u0142\u00f3w, a g\u0142owa widoma Ko\u015bcio\u0142a zasiad\u0142a w Rzymie na stolicy dumnych cezar\u00f3w.<\/p>\n\n\n\n<p class=\"has-text-align-justify wp-block-paragraph\">O \u017cyciu \u015bwi\u0119tego Sylwestra sk\u0105pe tylko i niepewne podaje historya wiadomo\u015bci, lubo godzi si\u0119 przypu\u015bci\u0107, \u017ce by\u0142 dusz\u0105 wszystkich wielkich wa\u017cnych wydarze\u0144, podnosz\u0105cych i utwierdzaj\u0105cych powag\u0119 Ko\u015bcio\u0142a katolickiego. Zwykle wszystko co dobrem jest i zacnem, dzia\u0142a skrycie i nie podpada pod oczy, gdy tymczasem marno\u015b\u0107 zgie\u0142kliwie si\u0119 naprz\u00f3d wysuwa. Wed\u0142ug \u015bwiadectwa uczonych badacz\u00f3w, urodzi\u0142 si\u0119 Sylwester w Rzymie z rodzic\u00f3w powszechnie szanowanych i oddany zosta\u0142 na wychowanie pobo\u017cnemu kap\u0142anowi Cyrynowi, pod kt\u00f3rego sterem wzrasta\u0142 w nauk\u0119 i cnoty. Zdolno\u015bci jego umys\u0142owe i zalety serca by\u0142y tak wielkie, \u017ce Ko\u015bci\u00f3\u0142 ochoczo go przyj\u0105\u0142 w Sw\u0105 s\u0142u\u017cb\u0119. Papie\u017c Marcelin udzieli\u0142 mu \u015bwi\u0119ce\u0144 kap\u0142a\u0144skich, zanim jeszcze Dyoklecyan nakaza\u0142 dziesi\u0105te i najkrwawsze prze\u015bladowanie chrze\u015bcijan. W gro\u017anych tych czasach na w\u0142os nie zboczy\u0142 z drogi obowi\u0105zk\u00f3w; nie l\u0119kaj\u0105c si\u0119 \u015bmierci, odwiedza\u0142 i\u00a0udziela\u0142 chrze\u015bcijanom b\u0119d\u0105cym w wi\u0119zieniach ostatniej pociechy; nadto wspomaga\u0142 i ratowa\u0142 wed\u0142ug mo\u017cno\u015bci cierpi\u0105cych za wiar\u0119 i zjedna\u0142 sobie tak powszechn\u0105 mi\u0142o\u015b\u0107 i zaufanie, \u017ce po \u015bmierci Papie\u017ca Melchiadesa duchowie\u0144stwo wraz z ludem jednog\u0142o\u015bnie go Papie\u017cem okrzykn\u0119\u0142o; sta\u0142o si\u0119 to w roku 314.<\/p>\n\n\n\n<p class=\"has-text-align-justify wp-block-paragraph\"><br>Panuj\u0105cy w\u00f3wczas cesarz Konstantyn przywr\u00f3ci\u0142 by\u0142 w roku 312 religijny pok\u00f3j i og\u0142osi\u0142 chrze\u015bcija\u0144stwo jako wiar\u0119 obowi\u0119zuj\u0105c\u0105 wszystkich jego poddanych. Na Sylwestrze ci\u0105\u017cy\u0142o tedy trudne zadanie ow\u0105 swobod\u0119 Ko\u015bcio\u0142a uj\u0105\u0107 w ramy m\u0105drego prawodawstwa, utrwali\u0107 j\u0105 i przywie\u015b\u0107 do bujnego rozkwitu. Wszak\u017ce rz\u0105dy jego nie d\u0142ugo si\u0119 cieszy\u0142y po\u017c\u0105danym spokojem, gdy\u017c dwa pot\u0119\u017cne kacerstwa wszcz\u0119\u0142y zaci\u0119ty b\u00f3j z Ko\u015bcio\u0142em. Przyk\u0142ad za\u015b pierwszego odszczepie\u0144stwa da\u0142a sekta Donatyst\u00f3w, kt\u00f3ra si\u0119 krzewi\u0107 pocz\u0119\u0142a mianowicie w Afryce. Ci sekciarze twierdzili, \u017ce Ko\u015bci\u00f3\u0142 sk\u0142ada si\u0119 tylko ze sprawiedliwych, nie z grzesznik\u00f3w i \u017ce wskutek znoszenia czyli tolerancyi (pob\u0142a\u017cliwo\u015bci) grzesznik\u00f3w, przestaje by\u0107 prawdziwym Ko\u015bcio\u0142em; nadto dowodzili, \u017ce kap\u0142an zostaj\u0105cy w stanie grzechu, nie udziela skutecznie Sakrament\u00f3w \u015bwi\u0119tych i \u017ce np. chrzest dany przez niego jest niewa\u017cnym. Sylwester poparty przez cesarza, przed\u0142o\u017cy\u0142 wa\u017cn\u0105 t\u0119 spraw\u0119 zgromadzeniu, obraduj\u0105cemu w mie\u015bcie Arles, na kt\u00f3re si\u0119 zjecha\u0142o dwie\u015bcie Biskup\u00f3w i zatwierdzi\u0142 og\u0142oszony przez nich wyrok.<\/p>\n\n\n\n<p class=\"has-text-align-justify wp-block-paragraph\">Drugiem, lecz daleko gorszem kacerstwem og\u0142oszonem przez kap\u0142ana Aryusza w Aleksandryi, by\u0142a nauka, i\u017c Syn Bo\u017cy, kt\u00f3ry dla zbawienia ludzko\u015bci sta\u0142 si\u0119 cz\u0142owiekiem, nie jest prawdziwym Bogiem, wsp\u00f3\u0142istotnym Ojcu, lecz najzacniejszym cz\u0142owiekiem, kt\u00f3remu dla Jego \u015bwi\u0119to\u015bci oddajemy s\u0142usznie cze\u015b\u0107 Bogu przynale\u017cn\u0105. Papie\u017c i cesarz zwo\u0142ali Sob\u00f3r wszystkich Biskup\u00f3w \u015bwiata katolickiego. Pierwszy ten Sob\u00f3r odby\u0142 si\u0119 w mie\u015bcie bity\u0144skiem Nicei, na kt\u00f3ry w r. 325 zgromadzi\u0142o si\u0119 318 Biskup\u00f3w i wielu znamienitych i s\u0142ynnych Teolog\u00f3w katolickich. Podesz\u0142y wiekiem Papie\u017c nie m\u00f3g\u0142 sam zjecha\u0107 na Sob\u00f3r, lecz wys\u0142a\u0142 na\u0144 dw\u00f3ch kap\u0142an\u00f3w, kt\u00f3rzy wraz z Biskupem hiszpa\u0144skiej dyecezyi Kordowy przewodniczyli obradom tego czcigodnego zgromadzenia, jakiego dotychczas \u015bwiat jeszcze nie ogl\u0105da\u0142. Wonczas te\u017c wszyscy Biskupi jednomy\u015blnie zeznali: \u201eWierzymy w Jezusa Chrystusa, Pana naszego, jednorodzonego Syna Bo\u017cego, kt\u00f3ry jest od wiek\u00f3w prawdziwym Bogiem z prawdziwego Boga, nie stworzonym i wsp\u00f3\u0142istnym Ojcu.\u201c Uchwa\u0142y tego Soboru zatwierdzi\u0142 w Rzymie \u015bw. Sylwester w przytomno\u015bci 272 Biskup\u00f3w, wobec obrazu Naj\u015bw. Panny, kt\u00f3ry w Rzymie Papie\u017c z wdzi\u0119czno\u015bci za koniec prze\u015bladowa\u0144 po\u015bwi\u0119ci\u0142 pod tytu\u0142em: \u201eRado\u015bci chrze\u015bcijan\u201c i na o\u0142tarzu wystawi\u0142. Wszak\u017ce zatwierdzenie to zmierza\u0142o zar\u00f3wno do chwa\u0142y B\u00f3stwa Chrystusa i Jej macierzy\u0144skiej dostojno\u015bci. Za pomoc\u0105 te\u017c cesarza zbudowa\u0142 Sylwester nad grobem Piotra \u015bwi\u0119tego wspania\u0142y ko\u015bci\u00f3\u0142 Watyka\u0144ski, oparty na 80\u00a0marmurowych kolumnach. \u2014 Przez 1100 lat zbiera\u0142y si\u0119 w tym przybytku Pa\u0144skim miliony pielgrzym\u00f3w, aby odda\u0107 ho\u0142d ksi\u0119ciu Aposto\u0142\u00f3w, a\u017c nareszcie w jego miejscu stan\u0119\u0142a tera\u017aniejsza Bazylika \u015bwi\u0119tego Piotra.<\/p>\n\n\n\n<p class=\"has-text-align-justify wp-block-paragraph\">Dwadzie\u015bcia i dwa lata by\u0142 Sylwester sternikiem nawy Ko\u015bcio\u0142a i rz\u0105dzi\u0142 nim m\u0105drze i ogl\u0119dnie, dop\u00f3ki \u0142agodna \u015bmier\u0107 nie przeci\u0119\u0142a w dniu 31 grudnia roku 335 pasma \u017cywota jego.<\/p>\n\n\n\n<h3 class=\"wp-block-heading\"><strong>Nauka moralna.<\/strong><\/h3>\n\n\n\n<p class=\"has-text-align-justify wp-block-paragraph\">\u2009Z ostatnim dniem roku stan\u0119li\u015bmy jakoby w\u00a0wieczorze\u00a0roku. Prawowierny chrze\u015bcijanin, kt\u00f3ry wie, jak wielkim jest dzie\u0144 jeden w \u017cyciu, zwyk\u0142 w wiecz\u00f3r zabiera\u0107 si\u0119 do pobo\u017cnej\u00a0modlitwy wieczornej. I dzisiaj w wielu miejscach panuje ten pi\u0119kny zwyczaj, i\u017c w wiecz\u00f3r \u015bw. Sylwestra zbieraj\u0105 si\u0119 prawowierni chrze\u015bcijanie w domu Bo\u017cym, a\u017ceby odprawi\u0107 wsp\u00f3lnie katolickie mod\u0142y. Je\u017celi wi\u0119c mo\u017cesz, to nie zaniedbuj tej ostatniej w roku s\u0142u\u017cby Bo\u017cej, a je\u017celi nie mo\u017cesz, to odpraw w domu ze swoimi wsp\u00f3lne nabo\u017ce\u0144stwo. Dobra wieczorna modlitwa skhda si\u0119 z\u00a0czterech cz\u0119\u015bci, kiedy sk\u0142adamy Bogu czworak\u0105 ofiar\u0119 wieczorn\u0105.<\/p>\n\n\n\n<p class=\"has-text-align-justify wp-block-paragraph\">\u20091)\u00a0Ofiara dzi\u0119kczynna. Rok sk\u0142ada si\u0119 z wi\u0119cej, ani\u017celi 31 milion\u00f3w sekund. Rozwa\u017cmy zatem, \u017ce B\u00f3g co najmniej tak\u0105 sam\u0105 liczb\u0119 wy\u015bwiadczy\u0142 nam dobrodziejstw w roku, ju\u017c przez to samo, utrzyma\u0142 nas od sekundy do sekundy przy \u017cyciu. Nie m\u00f3g\u0142 nam tego nikt inny uczyni\u0107, jak tylko sam B\u00f3g. Policzmy i to jeszcze, co nam B\u00f3g wy\u015bwiadczy\u0142 dobrego co do duszy i cia\u0142a, co do dar\u00f3w nadprzyrodzonych i dobrodziejstw, a sami b\u0119dziemy musieli przyzna\u0107, \u017ce s\u0105 one niepoliczone. Za to winni\u015bmy wedle wszelkiej s\u0142uszno\u015bci i prawa by\u0107 Bogu gor\u0105co wdzi\u0119cznymi. \u201eJest s\u0142usznem, sprawiedliwem i zbawiennem, \u017ce Ci sk\u0142adamy wsz\u0119dzie i zawsze dzi\u0119ki\u201c, m\u00f3wi Ko\u015bci\u00f3\u0142 \u015bwi\u0119ty podczas Prefacyi. A wi\u0119c z\u0142\u00f3\u017c Bogu w s\u0142owach z ca\u0142ego serca podzi\u0119kowanie.<\/p>\n\n\n\n<p class=\"has-text-align-justify wp-block-paragraph\">\u20092)\u00a0Ofiara b\u0142agalna. Czy \u015bmiemy powiedzie\u0107, \u017ce\u015bmy nie obrazili Boga w roku zesz\u0142ym cho\u0107 jednym grzechem powszednim? Czy\u017c nasza modlitwa, nasza mi\u0142o\u015b\u0107 do bli\u017aniego, s\u0142owa nasze, my\u015bli, sk\u0142onno\u015bci, uczynki i wszystkie zamaiary by\u0142y tak bez nagany, \u017ce najczystsze oko Bo\u017ce nie odkry\u0142oby w nich \u017cadnego grzechu? Chocia\u017cby\u015bmy tylko codziennie dopu\u015bcili si\u0119 grzechu powszedniego, by\u0142oby wtedy 365 grzech\u00f3w. A mo\u017ce i s\u0142usznie boimy si\u0119, \u017ce liczba ich jest wi\u0119ksza, a mi\u0119dzy niemi i ci\u0119\u017ckie si\u0119 znajduj\u0105! A c\u00f3\u017c jest grzechem? Lepiejby by\u0142o dla nas, i\u017cby\u015bmy umarli, jak \u017ceby\u015bmy mieli Boga obrazi\u0107 cho\u0107 raz na dzie\u0144 grzechem powszednim. Czy\u017c to jest wdzi\u0119czno\u015b\u0107 za t\u0119 ca\u0142\u0105 mi\u0142o\u015b\u0107, jak\u0105 nam B\u00f3g przez ca\u0142y rok okazywa\u0142? Jak\u017ceby to by\u0142o, gdyby\u015bmy w tej jeszcze nocy mieli umrze\u0107? \u201eStraszliwie jest wpa\u015b\u0107 w r\u0119ce Boga \u017cywego.\u201c \u2014 Ale zwa\u017cmy, chocia\u017cby\u015bmy przed Bogiem i najwi\u0119kszymi byli grzesznikami, mo\u017cemy to jednak sprawi\u0107, \u017ce dzi\u015b jeszcze wiecz\u00f3r zostaniemy wolnymi od winy, \u017ce B\u00f3g nam wszystko odpu\u015bci, i \u017ce z Nim zupe\u0142nie pojednani, przejdziemy do roku nowego. Zr\u00f3bmy tylko szczery akt doskona\u0142ego \u017calu z postanowieniem wyspowiadania si\u0119 z naszych grzech\u00f3w jak najwcze\u015bniej \u2014 w tej samej chwili jeste\u015bmy z Bogiem pojednani, zmazane s\u0105 nasze winy. B\u00f3g patrzy zn\u00f3w z g\u00f3ry na nas z upodobaniem. \u201eOfiara Bogu duch strapiony,\u00a0serca skruszonego i uni\u017conego,\u00a0Bo\u017ce!\u00a0nie wzgardzisz.\u201c (<a href=\"https:\/\/pl.wikisource.org\/wiki\/Biblia_Wujka_(1923)\/Ksi%C4%99ga_Psalm%C3%B3w_(ca%C5%82o%C5%9B%C4%87)#50:19\">Ps 50, 19<\/a>).<\/p>\n\n\n\n<p class=\"has-text-align-justify wp-block-paragraph\">\u20093)\u00a0Ofiara po\u015bwi\u0119caj\u0105ca. B\u00f3g zamierza darowa\u0107 nam zn\u00f3w jeden rok \u017cycia. C\u00f3\u017c chcemy z nim pocz\u0105\u0107? B\u00f3g daje nam go na to, a\u017ceby\u015bmy Mu s\u0142u\u017cyli w wiernym przestrzeganiu Jego przykaza\u0144; wynagradza nam sowicie ka\u017cd\u0105 nasz\u0105 dobr\u0105 my\u015bl, ka\u017cde dobre s\u0142owo i uczynek. Mo\u017cemy wi\u0119c sobie zgromadzi\u0107 skarb wielki w roku nowym. Ale mo\u017cemy wbrew woli Bo\u017cej sp\u0119dzi\u0107 ten rok w s\u0142u\u017cbie grzechu i zgromadzi\u0107 winy i kary na czas ca\u0142ej wieczno\u015bci. O jak\u017ceby\u015bmy pragn\u0119li w godzin\u0119 \u015bmierci i na S\u0105dzie Bo\u017cym sp\u0119dzi\u0107 inaczej rok ten nowy! Powe\u017amijmy wi\u0119c dzi\u015b w obliczu Boga postanowienie, sp\u0119dzi\u0107 go tak, \u017ceby\u015bmy si\u0119 Bogu podobali, \u017ceby rok ten nowy przyni\u00f3s\u0142 nam obfite b\u0142ogos\u0142awie\u0144stwo Jego i po\u015bwi\u0119\u0107my siebie, \u017cycie i czyny nasze ca\u0142kiem s\u0142u\u017cbie Boga. \u201eNie chcia\u0142e\u015b ofiary i obiaty,\u00a0ca\u0142opalenia,\u00a0i za grzech\u00a0nie upodoba\u0142y Ci si\u0119; tedym rzek\u0142: oto id\u0119, abym czyni\u0142, Bo\u017ce, wol\u0119 Twoj\u0105.\u201c (<a href=\"https:\/\/pl.wikisource.org\/wiki\/Biblia_Wujka_(1923)\/List_do_Hebrajczyk%C3%B3w_(ca%C5%82o%C5%9B%C4%87)#10:5\">\u017byd. 10, 5. 6. 7).<\/a><\/p>\n\n\n\n<p class=\"has-text-align-justify wp-block-paragraph\">\u20094)\u00a0Ofiara b\u0142agalna. Jeste\u015bmy zupe\u0142nie skazani na pomoc Boga. Jeste\u015bmy w niebezpiecze\u0144stwie popadni\u0119cia dzi\u015b jeszcze w grzechy, w kt\u00f3rych mo\u017cemy umrze\u0107; przy w\u0142asnej pomocy jest nam niemo\u017cliwem unikn\u0105\u0107 grzechu w roku nowym. Nadto gro\u017c\u0105 duszom naszym i \u017cyciu naszemu, jako te\u017c otrzymanym darom, ze wszech stron niebezpiecze\u0144stwa. Potrzebujemy sami wszechmocy Bo\u017cej, a\u017ceby ona przy \u017cyciu nas utrzyma\u0142a. On jest naszym Ojcem, a my Jego dzie\u0107mi. Dlatego powe\u017amijmy sobie ufno\u015b\u0107 do Jego mi\u0142o\u015bci, do Jego mocy i m\u0105dro\u015bci i przed\u0142\u00f3\u017cmy Mu po dzieci\u0119cemu nasze pro\u015bby; b\u0142agajmy\u00a0Go o b\u0142ogos\u0142awie\u0144stwo wieczorne\u00a0przy ko\u0144cu dnia i roku.<\/p>\n\n\n\n<h3 class=\"wp-block-heading\"><br><strong>Modlitwa.<\/strong><\/h3>\n\n\n\n<blockquote class=\"wp-block-quote is-layout-flow wp-block-quote-is-layout-flow\"><p>\u2009Spraw \u0142askawie, prosimy, Wszechmog\u0105cy Bo\u017ce, aby czcigodna uroczysto\u015b\u0107 \u015bw. Sylwestra, Wyznawcy Twojego i Najwy\u017cszego Pasterza, przyda\u0142a nam wzrostu w pobo\u017cno\u015bci i zbawienie raczy\u0142a wyjedna\u0107. Przez Pana naszego Jezusa Chrystusa, kt\u00f3ry kr\u00f3luje w Niebie i na ziemi. Amen.<\/p><\/blockquote>\n\n\n\n<figure class=\"wp-block-table\"><table><tbody><tr><td>\u2217&nbsp;&nbsp;&nbsp;&nbsp;&nbsp;&nbsp;&nbsp;&nbsp;&nbsp;&nbsp;&nbsp;&nbsp;&nbsp;&nbsp;&nbsp;&nbsp;&nbsp;&nbsp;&nbsp;&nbsp;\u2217<br>\u2217<\/td><\/tr><\/tbody><\/table><\/figure>\n\n\n\n<p class=\"has-text-align-justify wp-block-paragraph\"><em>Opr\u00f3cz tego obchodzi Ko\u015bci\u00f3\u0142 \u015bwi\u0119ty pami\u0105tk\u0119 nast\u0119puj\u0105cych \u015awi\u0119tych Pa\u0144skich, zamieszczonych w rzymskiem martyrologium:<\/em><\/p>\n\n\n\n<p class=\"has-text-align-justify wp-block-paragraph\">\u2009<strong>Dnia 31-go grudnia<\/strong>&nbsp;w Rzymie uroczysto\u015b\u0107 \u015bw.&nbsp;Sylwestra, Papie\u017ca, kt\u00f3ry ochrzci\u0142 cesarza Konstantyna Wielkiego, potwierdzi\u0142 Sob\u00f3r Nicejski a wko\u0144cu po wielu dzie\u0142ach pe\u0142nych zas\u0142ug spokojnie zasn\u0105\u0142 w Panu. \u2014 R\u00f3wnie\u017c w Rzymie przy Via Salaria w katakombie Pryscylli uroczysto\u015b\u0107 \u015bw.&nbsp;Donaty,&nbsp;Pauliny, Rustyki, Nominandy, Serotiny, Hilaryi i ich towarzyszek. \u2014 Pod Sens m\u0119cze\u0144stwo \u015bw.&nbsp;Sabiniana, Biskupa i \u015bw.&nbsp;Potencyana, kt\u00f3rzy tamdot\u0105d dla g\u0142oszenia Ewangelii wys\u0142ani od Papie\u017ca, ow\u0105 metropol\u0119 wiary swem chwa\u0142y pe\u0142nem wyznaniem u\u015bwietnili. \u2014 R\u00f3wnie\u017c tam\u017ce uroczysto\u015b\u0107 \u015bw.&nbsp;Kolumby, Dziewicy i M\u0119czenniczki, kt\u00f3ra w prze\u015bladowaniu Aurelia\u0144skiem po pr\u00f3bie ogniowej \u015bci\u0119t\u0105 zosta\u0142a. \u2014 W Nikopolis w Bu\u0142garyi wspomnienie \u015bw.&nbsp;Hermesa, Egzorcysty. \u2014 W Katanii na Sycylii m\u0119cze\u0144stwo \u015bw.&nbsp;Stefana, Poncyana, Attalusa, Fabiana, Kornela, Seksta, Flosa, Kwinkcyana, Minerwina i Symplicyana.&nbsp;\u2014 Tego\u017c dnia uroczysto\u015b\u0107 \u015bw.&nbsp;Zotyka, Kap\u0142ana z Rzymu, kt\u00f3ry udawszy si\u0119 do Konstantynopola sta\u0142 si\u0119 opiekunem sierot. \u2014 W Rawennie uroczysto\u015b\u0107 \u015bw.&nbsp;Barbacyana. \u2014 Tego\u017c dnia uroczysto\u015b\u0107 \u015bw.&nbsp;Melanii m\u0142odszej, kt\u00f3ra z Rzymu do Jerozolimy posz\u0142a, gdzie ona w klasztorze \u017ce\u0144skim a m\u0105\u017c jej Poncyan mi\u0119dzy mnichami ca\u0142kiem dzie\u0142om pobo\u017cnym si\u0119 po\u015bwi\u0119cili i oboje doczekali si\u0119 b\u0142ogos\u0142awionego zgonu.<br><\/p>\n","protected":false},"excerpt":{"rendered":"<p>\u015aw. Sylwester wyprowadzi\u0142 Ko\u015bci\u00f3\u0142 z podziemia i sterowa\u0142 nim podczas spor\u00f3w aria\u0144skich i innych herezji, przy chwiejnym Konstantynie i jego nast\u0119pcach. Najwyra\u017aniej nie uwa\u017ca\u0142, \u017ce po przyj\u0119ciu chrztu przez cesarza wszystko b\u0119dzie dobrze i wystarczy poczeka\u0107 na &#8220;triumf Niepokalanego Serca&#8221;. \u017bycie min\u0119\u0142o mu na walce i dyplomacji.<\/p>\n","protected":false},"author":60508433,"featured_media":40440,"comment_status":"open","ping_status":"open","sticky":false,"template":"","format":"standard","meta":{"_bbp_topic_count":0,"_bbp_reply_count":0,"_bbp_total_topic_count":0,"_bbp_total_reply_count":0,"_bbp_voice_count":0,"_bbp_anonymous_reply_count":0,"_bbp_topic_count_hidden":0,"_bbp_reply_count_hidden":0,"_bbp_forum_subforum_count":0,"_editorskit_title_hidden":false,"_editorskit_reading_time":0,"_editorskit_is_block_options_detached":false,"_editorskit_block_options_position":"{}","_coblocks_attr":"","_coblocks_dimensions":"","_coblocks_responsive_height":"","_coblocks_accordion_ie_support":"","_exactmetrics_skip_tracking":false,"_jetpack_newsletter_access":"","_jetpack_dont_email_post_to_subs":false,"_jetpack_newsletter_tier_id":0,"_jetpack_memberships_contains_paywalled_content":false,"_wpcom_ai_launchpad_first_post":false,"_jetpack_feature_clip_id":0,"_jetpack_memberships_contains_paid_content":false,"footnotes":"","jetpack_publicize_message":"{title}\n\n{excerpt}\n\n{url}","jetpack_publicize_feature_enabled":true,"jetpack_social_post_already_shared":true,"jetpack_social_options":{"image_generator_settings":{"template":"highway","default_image_id":0,"font":"","enabled":false},"version":2},"_wpas_customize_per_network":false,"jetpack_post_was_ever_published":false},"categories":[610131827,610131184,336375535,610134932,610131155,610132042],"tags":[],"class_list":["post-108934","post","type-post","status-publish","format-standard","has-post-thumbnail","hentry","category-swieta-w-grudniu","category-duchowosc","category-liturgia-i-liturgika","category-mescy-swieci","category-rozwazania","category-zywoty-swietych"],"yoast_head":"<!-- This site is optimized with the Yoast SEO plugin v28.4 - https:\/\/yoast.com\/product\/yoast-seo-wordpress\/ -->\n<title>31-go Grudnia. \u017bywot \u015bwi\u0119tego Sylwestra, Papie\u017ca. - Tradycja i Wiara<\/title>\n<meta name=\"robots\" content=\"index, follow, max-snippet:-1, max-image-preview:large, max-video-preview:-1\" \/>\n<link rel=\"canonical\" href=\"https:\/\/wobronietradycjiiwiary.com\/pl\/31-go-grudnia-zywot-swietego-sylwestra-papieza-3-2\/\" \/>\n<meta property=\"og:locale\" content=\"pl_PL\" \/>\n<meta property=\"og:type\" content=\"article\" \/>\n<meta property=\"og:title\" content=\"31-go Grudnia. \u017bywot \u015bwi\u0119tego Sylwestra, Papie\u017ca. - Tradycja i Wiara\" \/>\n<meta property=\"og:description\" content=\"\u015aw. Sylwester wyprowadzi\u0142 Ko\u015bci\u00f3\u0142 z podziemia i sterowa\u0142 nim podczas spor\u00f3w aria\u0144skich i innych herezji, przy chwiejnym Konstantynie i jego nast\u0119pcach. Najwyra\u017aniej nie uwa\u017ca\u0142, \u017ce po przyj\u0119ciu chrztu przez cesarza wszystko b\u0119dzie dobrze i wystarczy poczeka\u0107 na &quot;triumf Niepokalanego Serca&quot;. \u017bycie min\u0119\u0142o mu na walce i dyplomacji.\" \/>\n<meta property=\"og:url\" content=\"https:\/\/wobronietradycjiiwiary.com\/pl\/31-go-grudnia-zywot-swietego-sylwestra-papieza-3-2\/\" \/>\n<meta property=\"og:site_name\" content=\"Tradycja i Wiara\" \/>\n<meta property=\"article:publisher\" content=\"https:\/\/www.facebook.com\/Tradycja-i-Wiara-108813920592249\" \/>\n<meta property=\"article:published_time\" content=\"2023-12-31T07:15:57+00:00\" \/>\n<meta property=\"article:modified_time\" content=\"2025-02-10T10:14:56+00:00\" \/>\n<meta property=\"og:image\" content=\"https:\/\/wobronietradycjiiwiary.com\/wp-content\/uploads\/2020\/12\/Sylvester_I_and_Constantine.jpg\" \/>\n\t<meta property=\"og:image:width\" content=\"872\" \/>\n\t<meta property=\"og:image:height\" content=\"560\" \/>\n\t<meta property=\"og:image:type\" content=\"image\/jpeg\" \/>\n<meta name=\"author\" content=\"Traditio et Fides\" \/>\n<meta name=\"twitter:card\" content=\"summary_large_image\" \/>\n<meta name=\"twitter:label1\" content=\"Napisane przez\" \/>\n\t<meta name=\"twitter:data1\" content=\"Traditio et Fides\" \/>\n\t<meta name=\"twitter:label2\" content=\"Szacowany czas czytania\" \/>\n\t<meta name=\"twitter:data2\" content=\"10 minut\" \/>\n<script type=\"application\/ld+json\" class=\"yoast-schema-graph\">{\"@context\":\"https:\\\/\\\/schema.org\",\"@graph\":[{\"@type\":\"Article\",\"@id\":\"https:\\\/\\\/wobronietradycjiiwiary.com\\\/31-go-grudnia-zywot-swietego-sylwestra-papieza-3-2\\\/#article\",\"isPartOf\":{\"@id\":\"https:\\\/\\\/wobronietradycjiiwiary.com\\\/31-go-grudnia-zywot-swietego-sylwestra-papieza-3-2\\\/\"},\"author\":{\"name\":\"Traditio et Fides\",\"@id\":\"https:\\\/\\\/wobronietradycjiiwiary.com\\\/pl\\\/#\\\/schema\\\/person\\\/2d6180ce6abcb681fef0daab7816e8f3\"},\"headline\":\"31-go Grudnia. \u017bywot \u015bwi\u0119tego Sylwestra, Papie\u017ca.\",\"datePublished\":\"2023-12-31T07:15:57+00:00\",\"dateModified\":\"2025-02-10T10:14:56+00:00\",\"mainEntityOfPage\":{\"@id\":\"https:\\\/\\\/wobronietradycjiiwiary.com\\\/31-go-grudnia-zywot-swietego-sylwestra-papieza-3-2\\\/\"},\"wordCount\":2031,\"commentCount\":0,\"publisher\":{\"@id\":\"https:\\\/\\\/wobronietradycjiiwiary.com\\\/pl\\\/#organization\"},\"image\":{\"@id\":\"https:\\\/\\\/wobronietradycjiiwiary.com\\\/31-go-grudnia-zywot-swietego-sylwestra-papieza-3-2\\\/#primaryimage\"},\"thumbnailUrl\":\"https:\\\/\\\/wobronietradycjiiwiary.com\\\/wp-content\\\/uploads\\\/2020\\\/12\\\/Sylvester_I_and_Constantine.jpg\",\"articleSection\":[\"12. \u015awi\u0119ta w grudniu\",\"Duchowo\u015b\u0107\",\"Liturgia i liturgika\",\"M\u0119scy \u015bwi\u0119ci\",\"Rozwa\u017cania liturgiczne\",\"\u017bywoty \u015awi\u0119tych\"],\"inLanguage\":\"pl-PL\",\"potentialAction\":[{\"@type\":\"CommentAction\",\"name\":\"Comment\",\"target\":[\"https:\\\/\\\/wobronietradycjiiwiary.com\\\/31-go-grudnia-zywot-swietego-sylwestra-papieza-3-2\\\/#respond\"]}]},{\"@type\":\"WebPage\",\"@id\":\"https:\\\/\\\/wobronietradycjiiwiary.com\\\/31-go-grudnia-zywot-swietego-sylwestra-papieza-3-2\\\/\",\"url\":\"https:\\\/\\\/wobronietradycjiiwiary.com\\\/31-go-grudnia-zywot-swietego-sylwestra-papieza-3-2\\\/\",\"name\":\"31-go Grudnia. \u017bywot \u015bwi\u0119tego Sylwestra, Papie\u017ca. - Tradycja i Wiara\",\"isPartOf\":{\"@id\":\"https:\\\/\\\/wobronietradycjiiwiary.com\\\/pl\\\/#website\"},\"primaryImageOfPage\":{\"@id\":\"https:\\\/\\\/wobronietradycjiiwiary.com\\\/31-go-grudnia-zywot-swietego-sylwestra-papieza-3-2\\\/#primaryimage\"},\"image\":{\"@id\":\"https:\\\/\\\/wobronietradycjiiwiary.com\\\/31-go-grudnia-zywot-swietego-sylwestra-papieza-3-2\\\/#primaryimage\"},\"thumbnailUrl\":\"https:\\\/\\\/wobronietradycjiiwiary.com\\\/wp-content\\\/uploads\\\/2020\\\/12\\\/Sylvester_I_and_Constantine.jpg\",\"datePublished\":\"2023-12-31T07:15:57+00:00\",\"dateModified\":\"2025-02-10T10:14:56+00:00\",\"breadcrumb\":{\"@id\":\"https:\\\/\\\/wobronietradycjiiwiary.com\\\/31-go-grudnia-zywot-swietego-sylwestra-papieza-3-2\\\/#breadcrumb\"},\"inLanguage\":\"pl-PL\",\"potentialAction\":[{\"@type\":\"ReadAction\",\"target\":[\"https:\\\/\\\/wobronietradycjiiwiary.com\\\/31-go-grudnia-zywot-swietego-sylwestra-papieza-3-2\\\/\"]}]},{\"@type\":\"ImageObject\",\"inLanguage\":\"pl-PL\",\"@id\":\"https:\\\/\\\/wobronietradycjiiwiary.com\\\/31-go-grudnia-zywot-swietego-sylwestra-papieza-3-2\\\/#primaryimage\",\"url\":\"https:\\\/\\\/wobronietradycjiiwiary.com\\\/wp-content\\\/uploads\\\/2020\\\/12\\\/Sylvester_I_and_Constantine.jpg\",\"contentUrl\":\"https:\\\/\\\/wobronietradycjiiwiary.com\\\/wp-content\\\/uploads\\\/2020\\\/12\\\/Sylvester_I_and_Constantine.jpg\",\"width\":872,\"height\":560},{\"@type\":\"BreadcrumbList\",\"@id\":\"https:\\\/\\\/wobronietradycjiiwiary.com\\\/31-go-grudnia-zywot-swietego-sylwestra-papieza-3-2\\\/#breadcrumb\",\"itemListElement\":[{\"@type\":\"ListItem\",\"position\":1,\"name\":\"Strona g\u0142\u00f3wna\",\"item\":\"https:\\\/\\\/wobronietradycjiiwiary.com\\\/\"},{\"@type\":\"ListItem\",\"position\":2,\"name\":\"31-go Grudnia. \u017bywot \u015bwi\u0119tego Sylwestra, Papie\u017ca.\"}]},{\"@type\":\"WebSite\",\"@id\":\"https:\\\/\\\/wobronietradycjiiwiary.com\\\/pl\\\/#website\",\"url\":\"https:\\\/\\\/wobronietradycjiiwiary.com\\\/pl\\\/\",\"name\":\"Tradycja i Wiara\",\"description\":\"Portal dla katolik\u00f3w.\",\"publisher\":{\"@id\":\"https:\\\/\\\/wobronietradycjiiwiary.com\\\/pl\\\/#organization\"},\"potentialAction\":[{\"@type\":\"SearchAction\",\"target\":{\"@type\":\"EntryPoint\",\"urlTemplate\":\"https:\\\/\\\/wobronietradycjiiwiary.com\\\/pl\\\/?s={search_term_string}\"},\"query-input\":{\"@type\":\"PropertyValueSpecification\",\"valueRequired\":true,\"valueName\":\"search_term_string\"}}],\"inLanguage\":\"pl-PL\"},{\"@type\":\"Organization\",\"@id\":\"https:\\\/\\\/wobronietradycjiiwiary.com\\\/pl\\\/#organization\",\"name\":\"Tradycja i Wiara\",\"url\":\"https:\\\/\\\/wobronietradycjiiwiary.com\\\/pl\\\/\",\"logo\":{\"@type\":\"ImageObject\",\"inLanguage\":\"pl-PL\",\"@id\":\"https:\\\/\\\/wobronietradycjiiwiary.com\\\/pl\\\/#\\\/schema\\\/logo\\\/image\\\/\",\"url\":\"https:\\\/\\\/i0.wp.com\\\/wobronietradycjiiwiary.com\\\/wp-content\\\/uploads\\\/2015\\\/10\\\/cropped-st-peters-dome-vatican.jpg?fit=940%2C198&ssl=1\",\"contentUrl\":\"https:\\\/\\\/i0.wp.com\\\/wobronietradycjiiwiary.com\\\/wp-content\\\/uploads\\\/2015\\\/10\\\/cropped-st-peters-dome-vatican.jpg?fit=940%2C198&ssl=1\",\"width\":940,\"height\":198,\"caption\":\"Tradycja i Wiara\"},\"image\":{\"@id\":\"https:\\\/\\\/wobronietradycjiiwiary.com\\\/pl\\\/#\\\/schema\\\/logo\\\/image\\\/\"},\"sameAs\":[\"https:\\\/\\\/www.facebook.com\\\/Tradycja-i-Wiara-108813920592249\"]},{\"@type\":\"Person\",\"@id\":\"https:\\\/\\\/wobronietradycjiiwiary.com\\\/pl\\\/#\\\/schema\\\/person\\\/2d6180ce6abcb681fef0daab7816e8f3\",\"name\":\"Traditio et Fides\",\"sameAs\":[\"https:\\\/\\\/traditionundglauben.com\"],\"url\":\"https:\\\/\\\/wobronietradycjiiwiary.com\\\/pl\\\/author\\\/wobronietradycjiiwiary\\\/\"}]}<\/script>\n<!-- \/ Yoast SEO plugin. -->","yoast_head_json":{"title":"31-go Grudnia. \u017bywot \u015bwi\u0119tego Sylwestra, Papie\u017ca. - Tradycja i Wiara","robots":{"index":"index","follow":"follow","max-snippet":"max-snippet:-1","max-image-preview":"max-image-preview:large","max-video-preview":"max-video-preview:-1"},"canonical":"https:\/\/wobronietradycjiiwiary.com\/pl\/31-go-grudnia-zywot-swietego-sylwestra-papieza-3-2\/","og_locale":"pl_PL","og_type":"article","og_title":"31-go Grudnia. \u017bywot \u015bwi\u0119tego Sylwestra, Papie\u017ca. - Tradycja i Wiara","og_description":"\u015aw. Sylwester wyprowadzi\u0142 Ko\u015bci\u00f3\u0142 z podziemia i sterowa\u0142 nim podczas spor\u00f3w aria\u0144skich i innych herezji, przy chwiejnym Konstantynie i jego nast\u0119pcach. Najwyra\u017aniej nie uwa\u017ca\u0142, \u017ce po przyj\u0119ciu chrztu przez cesarza wszystko b\u0119dzie dobrze i wystarczy poczeka\u0107 na \"triumf Niepokalanego Serca\". \u017bycie min\u0119\u0142o mu na walce i dyplomacji.","og_url":"https:\/\/wobronietradycjiiwiary.com\/pl\/31-go-grudnia-zywot-swietego-sylwestra-papieza-3-2\/","og_site_name":"Tradycja i Wiara","article_publisher":"https:\/\/www.facebook.com\/Tradycja-i-Wiara-108813920592249","article_published_time":"2023-12-31T07:15:57+00:00","article_modified_time":"2025-02-10T10:14:56+00:00","og_image":[{"width":872,"height":560,"url":"https:\/\/wobronietradycjiiwiary.com\/wp-content\/uploads\/2020\/12\/Sylvester_I_and_Constantine.jpg","type":"image\/jpeg"}],"author":"Traditio et Fides","twitter_card":"summary_large_image","twitter_misc":{"Napisane przez":"Traditio et Fides","Szacowany czas czytania":"10 minut"},"schema":{"@context":"https:\/\/schema.org","@graph":[{"@type":"Article","@id":"https:\/\/wobronietradycjiiwiary.com\/31-go-grudnia-zywot-swietego-sylwestra-papieza-3-2\/#article","isPartOf":{"@id":"https:\/\/wobronietradycjiiwiary.com\/31-go-grudnia-zywot-swietego-sylwestra-papieza-3-2\/"},"author":{"name":"Traditio et Fides","@id":"https:\/\/wobronietradycjiiwiary.com\/pl\/#\/schema\/person\/2d6180ce6abcb681fef0daab7816e8f3"},"headline":"31-go Grudnia. \u017bywot \u015bwi\u0119tego Sylwestra, Papie\u017ca.","datePublished":"2023-12-31T07:15:57+00:00","dateModified":"2025-02-10T10:14:56+00:00","mainEntityOfPage":{"@id":"https:\/\/wobronietradycjiiwiary.com\/31-go-grudnia-zywot-swietego-sylwestra-papieza-3-2\/"},"wordCount":2031,"commentCount":0,"publisher":{"@id":"https:\/\/wobronietradycjiiwiary.com\/pl\/#organization"},"image":{"@id":"https:\/\/wobronietradycjiiwiary.com\/31-go-grudnia-zywot-swietego-sylwestra-papieza-3-2\/#primaryimage"},"thumbnailUrl":"https:\/\/wobronietradycjiiwiary.com\/wp-content\/uploads\/2020\/12\/Sylvester_I_and_Constantine.jpg","articleSection":["12. \u015awi\u0119ta w grudniu","Duchowo\u015b\u0107","Liturgia i liturgika","M\u0119scy \u015bwi\u0119ci","Rozwa\u017cania liturgiczne","\u017bywoty \u015awi\u0119tych"],"inLanguage":"pl-PL","potentialAction":[{"@type":"CommentAction","name":"Comment","target":["https:\/\/wobronietradycjiiwiary.com\/31-go-grudnia-zywot-swietego-sylwestra-papieza-3-2\/#respond"]}]},{"@type":"WebPage","@id":"https:\/\/wobronietradycjiiwiary.com\/31-go-grudnia-zywot-swietego-sylwestra-papieza-3-2\/","url":"https:\/\/wobronietradycjiiwiary.com\/31-go-grudnia-zywot-swietego-sylwestra-papieza-3-2\/","name":"31-go Grudnia. \u017bywot \u015bwi\u0119tego Sylwestra, Papie\u017ca. - Tradycja i Wiara","isPartOf":{"@id":"https:\/\/wobronietradycjiiwiary.com\/pl\/#website"},"primaryImageOfPage":{"@id":"https:\/\/wobronietradycjiiwiary.com\/31-go-grudnia-zywot-swietego-sylwestra-papieza-3-2\/#primaryimage"},"image":{"@id":"https:\/\/wobronietradycjiiwiary.com\/31-go-grudnia-zywot-swietego-sylwestra-papieza-3-2\/#primaryimage"},"thumbnailUrl":"https:\/\/wobronietradycjiiwiary.com\/wp-content\/uploads\/2020\/12\/Sylvester_I_and_Constantine.jpg","datePublished":"2023-12-31T07:15:57+00:00","dateModified":"2025-02-10T10:14:56+00:00","breadcrumb":{"@id":"https:\/\/wobronietradycjiiwiary.com\/31-go-grudnia-zywot-swietego-sylwestra-papieza-3-2\/#breadcrumb"},"inLanguage":"pl-PL","potentialAction":[{"@type":"ReadAction","target":["https:\/\/wobronietradycjiiwiary.com\/31-go-grudnia-zywot-swietego-sylwestra-papieza-3-2\/"]}]},{"@type":"ImageObject","inLanguage":"pl-PL","@id":"https:\/\/wobronietradycjiiwiary.com\/31-go-grudnia-zywot-swietego-sylwestra-papieza-3-2\/#primaryimage","url":"https:\/\/wobronietradycjiiwiary.com\/wp-content\/uploads\/2020\/12\/Sylvester_I_and_Constantine.jpg","contentUrl":"https:\/\/wobronietradycjiiwiary.com\/wp-content\/uploads\/2020\/12\/Sylvester_I_and_Constantine.jpg","width":872,"height":560},{"@type":"BreadcrumbList","@id":"https:\/\/wobronietradycjiiwiary.com\/31-go-grudnia-zywot-swietego-sylwestra-papieza-3-2\/#breadcrumb","itemListElement":[{"@type":"ListItem","position":1,"name":"Strona g\u0142\u00f3wna","item":"https:\/\/wobronietradycjiiwiary.com\/"},{"@type":"ListItem","position":2,"name":"31-go Grudnia. \u017bywot \u015bwi\u0119tego Sylwestra, Papie\u017ca."}]},{"@type":"WebSite","@id":"https:\/\/wobronietradycjiiwiary.com\/pl\/#website","url":"https:\/\/wobronietradycjiiwiary.com\/pl\/","name":"Tradycja i Wiara","description":"Portal dla katolik\u00f3w.","publisher":{"@id":"https:\/\/wobronietradycjiiwiary.com\/pl\/#organization"},"potentialAction":[{"@type":"SearchAction","target":{"@type":"EntryPoint","urlTemplate":"https:\/\/wobronietradycjiiwiary.com\/pl\/?s={search_term_string}"},"query-input":{"@type":"PropertyValueSpecification","valueRequired":true,"valueName":"search_term_string"}}],"inLanguage":"pl-PL"},{"@type":"Organization","@id":"https:\/\/wobronietradycjiiwiary.com\/pl\/#organization","name":"Tradycja i Wiara","url":"https:\/\/wobronietradycjiiwiary.com\/pl\/","logo":{"@type":"ImageObject","inLanguage":"pl-PL","@id":"https:\/\/wobronietradycjiiwiary.com\/pl\/#\/schema\/logo\/image\/","url":"https:\/\/i0.wp.com\/wobronietradycjiiwiary.com\/wp-content\/uploads\/2015\/10\/cropped-st-peters-dome-vatican.jpg?fit=940%2C198&ssl=1","contentUrl":"https:\/\/i0.wp.com\/wobronietradycjiiwiary.com\/wp-content\/uploads\/2015\/10\/cropped-st-peters-dome-vatican.jpg?fit=940%2C198&ssl=1","width":940,"height":198,"caption":"Tradycja i Wiara"},"image":{"@id":"https:\/\/wobronietradycjiiwiary.com\/pl\/#\/schema\/logo\/image\/"},"sameAs":["https:\/\/www.facebook.com\/Tradycja-i-Wiara-108813920592249"]},{"@type":"Person","@id":"https:\/\/wobronietradycjiiwiary.com\/pl\/#\/schema\/person\/2d6180ce6abcb681fef0daab7816e8f3","name":"Traditio et Fides","sameAs":["https:\/\/traditionundglauben.com"],"url":"https:\/\/wobronietradycjiiwiary.com\/pl\/author\/wobronietradycjiiwiary\/"}]}},"jetpack_publicize_connections":[],"jetpack_sharing_enabled":true,"jetpack_likes_enabled":true,"jetpack_shortlink":"https:\/\/wp.me\/pc04Sd-sl0","jetpack-related-posts":[{"id":40435,"url":"https:\/\/wobronietradycjiiwiary.com\/pl\/31-go-grudnia-zywot-swietego-sylwestra-papieza\/","url_meta":{"origin":108934,"position":0},"title":"31-go Grudnia. \u017bywot \u015bwi\u0119tego Sylwestra, Papie\u017ca.","author":"Traditio et Fides","date":"31 grudnia 2020","format":false,"excerpt":"\u015aw. Sylwester wyprowadzi\u0142 Ko\u015bci\u00f3\u0142 z podziemia i sterowa\u0142 nim podczas spor\u00f3w aria\u0144skich i innych herezji, przy chwiejnym Konstantynie i jego nast\u0119pcach. Najwyra\u017aniej nie uwa\u017ca\u0142, \u017ce po przyj\u0119ciu chrztu przez cesarza wszystko b\u0119dzie dobrze i wystarczy poczeka\u0107 na \"triumf Niepokalanego Serca\". \u017bycie min\u0119\u0142o mu na walce i dyplomacji.","rel":"","context":"W \u201e12. \u015awi\u0119ta w grudniu&quot;","block_context":{"text":"12. \u015awi\u0119ta w grudniu","link":"https:\/\/wobronietradycjiiwiary.com\/pl\/category\/duchowosc\/liturgia-i-liturgika\/rozwazania\/rok-liturgiczny\/swieta-w-grudniu\/"},"img":{"alt_text":"","src":"https:\/\/i0.wp.com\/wobronietradycjiiwiary.com\/wp-content\/uploads\/2020\/12\/Sylvester_I_and_Constantine.jpg?resize=350%2C200&ssl=1","width":350,"height":200,"srcset":"https:\/\/i0.wp.com\/wobronietradycjiiwiary.com\/wp-content\/uploads\/2020\/12\/Sylvester_I_and_Constantine.jpg?resize=350%2C200&ssl=1 1x, https:\/\/i0.wp.com\/wobronietradycjiiwiary.com\/wp-content\/uploads\/2020\/12\/Sylvester_I_and_Constantine.jpg?resize=525%2C300&ssl=1 1.5x, https:\/\/i0.wp.com\/wobronietradycjiiwiary.com\/wp-content\/uploads\/2020\/12\/Sylvester_I_and_Constantine.jpg?resize=700%2C400&ssl=1 2x"},"classes":[]},{"id":40442,"url":"https:\/\/wobronietradycjiiwiary.com\/pl\/31-go-grudnia-zywot-swietego-sylwestra-papieza-2\/","url_meta":{"origin":108934,"position":1},"title":"31-go Grudnia. \u017bywot \u015bwi\u0119tego Sylwestra, Papie\u017ca.","author":"Traditio et Fides","date":"31 grudnia 2021","format":false,"excerpt":"\u015aw. Sylwester wyprowadzi\u0142 Ko\u015bci\u00f3\u0142 z podziemia i sterowa\u0142 nim podczas spor\u00f3w aria\u0144skich i innych herezji, przy chwiejnym Konstantynie i jego nast\u0119pcach. Najwyra\u017aniej nie uwa\u017ca\u0142, \u017ce po przyj\u0119ciu chrztu przez cesarza wszystko b\u0119dzie dobrze i wystarczy poczeka\u0107 na \"triumf Niepokalanego Serca\". \u017bycie min\u0119\u0142o mu na walce i dyplomacji.","rel":"","context":"W \u201e12. \u015awi\u0119ta w grudniu&quot;","block_context":{"text":"12. \u015awi\u0119ta w grudniu","link":"https:\/\/wobronietradycjiiwiary.com\/pl\/category\/duchowosc\/liturgia-i-liturgika\/rozwazania\/rok-liturgiczny\/swieta-w-grudniu\/"},"img":{"alt_text":"","src":"https:\/\/i0.wp.com\/wobronietradycjiiwiary.com\/wp-content\/uploads\/2020\/12\/Sylvester_I_and_Constantine.jpg?resize=350%2C200&ssl=1","width":350,"height":200,"srcset":"https:\/\/i0.wp.com\/wobronietradycjiiwiary.com\/wp-content\/uploads\/2020\/12\/Sylvester_I_and_Constantine.jpg?resize=350%2C200&ssl=1 1x, https:\/\/i0.wp.com\/wobronietradycjiiwiary.com\/wp-content\/uploads\/2020\/12\/Sylvester_I_and_Constantine.jpg?resize=525%2C300&ssl=1 1.5x, https:\/\/i0.wp.com\/wobronietradycjiiwiary.com\/wp-content\/uploads\/2020\/12\/Sylvester_I_and_Constantine.jpg?resize=700%2C400&ssl=1 2x"},"classes":[]},{"id":40444,"url":"https:\/\/wobronietradycjiiwiary.com\/pl\/31-go-grudnia-zywot-swietego-sylwestra-papieza-3\/","url_meta":{"origin":108934,"position":2},"title":"31-go Grudnia. \u017bywot \u015bwi\u0119tego Sylwestra, Papie\u017ca.","author":"Traditio et Fides","date":"31 grudnia 2022","format":false,"excerpt":"\u015aw. Sylwester wyprowadzi\u0142 Ko\u015bci\u00f3\u0142 z podziemia i sterowa\u0142 nim podczas spor\u00f3w aria\u0144skich i innych herezji, przy chwiejnym Konstantynie i jego nast\u0119pcach. Najwyra\u017aniej nie uwa\u017ca\u0142, \u017ce po przyj\u0119ciu chrztu przez cesarza wszystko b\u0119dzie dobrze i wystarczy poczeka\u0107 na \"triumf Niepokalanego Serca\". \u017bycie min\u0119\u0142o mu na walce i dyplomacji.","rel":"","context":"W \u201e12. \u015awi\u0119ta w grudniu&quot;","block_context":{"text":"12. \u015awi\u0119ta w grudniu","link":"https:\/\/wobronietradycjiiwiary.com\/pl\/category\/duchowosc\/liturgia-i-liturgika\/rozwazania\/rok-liturgiczny\/swieta-w-grudniu\/"},"img":{"alt_text":"","src":"https:\/\/i0.wp.com\/wobronietradycjiiwiary.com\/wp-content\/uploads\/2020\/12\/Sylvester_I_and_Constantine.jpg?resize=350%2C200&ssl=1","width":350,"height":200,"srcset":"https:\/\/i0.wp.com\/wobronietradycjiiwiary.com\/wp-content\/uploads\/2020\/12\/Sylvester_I_and_Constantine.jpg?resize=350%2C200&ssl=1 1x, https:\/\/i0.wp.com\/wobronietradycjiiwiary.com\/wp-content\/uploads\/2020\/12\/Sylvester_I_and_Constantine.jpg?resize=525%2C300&ssl=1 1.5x, https:\/\/i0.wp.com\/wobronietradycjiiwiary.com\/wp-content\/uploads\/2020\/12\/Sylvester_I_and_Constantine.jpg?resize=700%2C400&ssl=1 2x"},"classes":[]},{"id":124224,"url":"https:\/\/wobronietradycjiiwiary.com\/pl\/31-go-grudnia-zywot-swietego-sylwestra-papieza-3-2-2\/","url_meta":{"origin":108934,"position":3},"title":"31-go Grudnia. \u017bywot \u015bwi\u0119tego Sylwestra, Papie\u017ca.","author":"Traditio et Fides","date":"31 grudnia 2024","format":false,"excerpt":"\u015aw. Sylwester wyprowadzi\u0142 Ko\u015bci\u00f3\u0142 z podziemia i sterowa\u0142 nim podczas spor\u00f3w aria\u0144skich i innych herezji, przy chwiejnym Konstantynie i jego nast\u0119pcach. Najwyra\u017aniej nie uwa\u017ca\u0142, \u017ce po przyj\u0119ciu chrztu przez cesarza wszystko b\u0119dzie dobrze i wystarczy poczeka\u0107 na \"triumf Niepokalanego Serca\". \u017bycie min\u0119\u0142o mu na walce i dyplomacji.","rel":"","context":"W \u201e12. \u015awi\u0119ta w grudniu&quot;","block_context":{"text":"12. \u015awi\u0119ta w grudniu","link":"https:\/\/wobronietradycjiiwiary.com\/pl\/category\/duchowosc\/liturgia-i-liturgika\/rozwazania\/rok-liturgiczny\/swieta-w-grudniu\/"},"img":{"alt_text":"","src":"https:\/\/i0.wp.com\/wobronietradycjiiwiary.com\/wp-content\/uploads\/2020\/12\/Sylvester_I_and_Constantine.jpg?resize=350%2C200&ssl=1","width":350,"height":200,"srcset":"https:\/\/i0.wp.com\/wobronietradycjiiwiary.com\/wp-content\/uploads\/2020\/12\/Sylvester_I_and_Constantine.jpg?resize=350%2C200&ssl=1 1x, https:\/\/i0.wp.com\/wobronietradycjiiwiary.com\/wp-content\/uploads\/2020\/12\/Sylvester_I_and_Constantine.jpg?resize=525%2C300&ssl=1 1.5x, https:\/\/i0.wp.com\/wobronietradycjiiwiary.com\/wp-content\/uploads\/2020\/12\/Sylvester_I_and_Constantine.jpg?resize=700%2C400&ssl=1 2x"},"classes":[]},{"id":157090,"url":"https:\/\/wobronietradycjiiwiary.com\/pl\/31-go-grudnia-zywot-swietego-sylwestra-papieza-3-2-2-2\/","url_meta":{"origin":108934,"position":4},"title":"31-go Grudnia. \u017bywot \u015bwi\u0119tego Sylwestra, Papie\u017ca.","author":"Traditio et Fides","date":"31 grudnia 2025","format":false,"excerpt":"\u015aw. Sylwester wyprowadzi\u0142 Ko\u015bci\u00f3\u0142 z podziemia i sterowa\u0142 nim podczas spor\u00f3w aria\u0144skich i innych herezji, przy chwiejnym Konstantynie i jego nast\u0119pcach. Najwyra\u017aniej nie uwa\u017ca\u0142, \u017ce po przyj\u0119ciu chrztu przez cesarza wszystko b\u0119dzie dobrze i wystarczy poczeka\u0107 na \"triumf Niepokalanego Serca\". \u017bycie min\u0119\u0142o mu na walce i dyplomacji.","rel":"","context":"W \u201e12. \u015awi\u0119ta w grudniu&quot;","block_context":{"text":"12. \u015awi\u0119ta w grudniu","link":"https:\/\/wobronietradycjiiwiary.com\/pl\/category\/duchowosc\/liturgia-i-liturgika\/rozwazania\/rok-liturgiczny\/swieta-w-grudniu\/"},"img":{"alt_text":"","src":"https:\/\/i0.wp.com\/wobronietradycjiiwiary.com\/wp-content\/uploads\/2020\/12\/Sylvester_I_and_Constantine.jpg?resize=350%2C200&ssl=1","width":350,"height":200,"srcset":"https:\/\/i0.wp.com\/wobronietradycjiiwiary.com\/wp-content\/uploads\/2020\/12\/Sylvester_I_and_Constantine.jpg?resize=350%2C200&ssl=1 1x, https:\/\/i0.wp.com\/wobronietradycjiiwiary.com\/wp-content\/uploads\/2020\/12\/Sylvester_I_and_Constantine.jpg?resize=525%2C300&ssl=1 1.5x, https:\/\/i0.wp.com\/wobronietradycjiiwiary.com\/wp-content\/uploads\/2020\/12\/Sylvester_I_and_Constantine.jpg?resize=700%2C400&ssl=1 2x"},"classes":[]},{"id":93200,"url":"https:\/\/wobronietradycjiiwiary.com\/pl\/20-go-czerwca-zywot-swietego-sylweryusza-papieza-i-meczennika-2-2\/","url_meta":{"origin":108934,"position":5},"title":"20-go Czerwca. \u017bywot \u015bwi\u0119tego Sylweryusza, Papie\u017ca i M\u0119czennika.","author":"Traditio et Fides","date":"20 czerwca 2023","format":false,"excerpt":"\u015aw. Sylweriusz by\u0142 synem papie\u017ca \u015bw. Hormidasa i sam wpad\u0142 pod ko\u0142a polityki ko\u015bcielnej cesarzowej Teodory. Feministki, kt\u00f3re uwa\u017caj\u0105, \u017ce w dawnych czasach kobiety nie mia\u0142y nic do powiedzenia najwyra\u017aniej nie znaj\u0105 historii Bizancjum, gdzie cesarzowe rz\u0105dzi\u0142y, spiskowa\u0142y i intrygowa\u0142y jak chcia\u0142y, bo ich w\u0142asny ma\u0142\u017conek si\u0119 im nie sprzeciwia\u0142.\u2026","rel":"","context":"W \u201e06. \u015awi\u0119ta w czerwcu&quot;","block_context":{"text":"06. \u015awi\u0119ta w czerwcu","link":"https:\/\/wobronietradycjiiwiary.com\/pl\/category\/duchowosc\/liturgia-i-liturgika\/rozwazania\/rok-liturgiczny\/swieta-w-czerwcu\/"},"img":{"alt_text":"","src":"https:\/\/i0.wp.com\/wobronietradycjiiwiary.com\/wp-content\/uploads\/2021\/06\/st-pope-silverius-lg.jpg?resize=350%2C200&ssl=1","width":350,"height":200,"srcset":"https:\/\/i0.wp.com\/wobronietradycjiiwiary.com\/wp-content\/uploads\/2021\/06\/st-pope-silverius-lg.jpg?resize=350%2C200&ssl=1 1x, https:\/\/i0.wp.com\/wobronietradycjiiwiary.com\/wp-content\/uploads\/2021\/06\/st-pope-silverius-lg.jpg?resize=525%2C300&ssl=1 1.5x, https:\/\/i0.wp.com\/wobronietradycjiiwiary.com\/wp-content\/uploads\/2021\/06\/st-pope-silverius-lg.jpg?resize=700%2C400&ssl=1 2x"},"classes":[]}],"amp_enabled":true,"jetpack_featured_media_url":"https:\/\/wobronietradycjiiwiary.com\/wp-content\/uploads\/2020\/12\/Sylvester_I_and_Constantine.jpg","_links":{"self":[{"href":"https:\/\/wobronietradycjiiwiary.com\/pl\/wp-json\/wp\/v2\/posts\/108934","targetHints":{"allow":["GET"]}}],"collection":[{"href":"https:\/\/wobronietradycjiiwiary.com\/pl\/wp-json\/wp\/v2\/posts"}],"about":[{"href":"https:\/\/wobronietradycjiiwiary.com\/pl\/wp-json\/wp\/v2\/types\/post"}],"author":[{"embeddable":true,"href":"https:\/\/wobronietradycjiiwiary.com\/pl\/wp-json\/wp\/v2\/users\/60508433"}],"replies":[{"embeddable":true,"href":"https:\/\/wobronietradycjiiwiary.com\/pl\/wp-json\/wp\/v2\/comments?post=108934"}],"version-history":[{"count":1,"href":"https:\/\/wobronietradycjiiwiary.com\/pl\/wp-json\/wp\/v2\/posts\/108934\/revisions"}],"predecessor-version":[{"id":108956,"href":"https:\/\/wobronietradycjiiwiary.com\/pl\/wp-json\/wp\/v2\/posts\/108934\/revisions\/108956"}],"wp:featuredmedia":[{"embeddable":true,"href":"https:\/\/wobronietradycjiiwiary.com\/pl\/wp-json\/wp\/v2\/media\/40440"}],"wp:attachment":[{"href":"https:\/\/wobronietradycjiiwiary.com\/pl\/wp-json\/wp\/v2\/media?parent=108934"}],"wp:term":[{"taxonomy":"category","embeddable":true,"href":"https:\/\/wobronietradycjiiwiary.com\/pl\/wp-json\/wp\/v2\/categories?post=108934"},{"taxonomy":"post_tag","embeddable":true,"href":"https:\/\/wobronietradycjiiwiary.com\/pl\/wp-json\/wp\/v2\/tags?post=108934"}],"curies":[{"name":"wp","href":"https:\/\/api.w.org\/{rel}","templated":true}]}}