{"id":108450,"date":"2023-12-15T08:15:18","date_gmt":"2023-12-15T07:15:18","guid":{"rendered":"https:\/\/wobronietradycjiiwiary.com\/?p=108450"},"modified":"2025-02-10T11:14:56","modified_gmt":"2025-02-10T10:14:56","slug":"15-go-grudnia-zywot-swietej-krystyny-sluzebnicy-2-2","status":"publish","type":"post","link":"https:\/\/wobronietradycjiiwiary.com\/pl\/15-go-grudnia-zywot-swietej-krystyny-sluzebnicy-2-2\/","title":{"rendered":"15-go Grudnia. \u017bywot \u015bwi\u0119tej Krystyny, S\u0142u\u017cebnicy."},"content":{"rendered":"<div id=\"bsf_rt_marker\"><\/div>\n<p class=\"has-text-align-center wp-block-paragraph\">(\u017by\u0142a oko\u0142o roku Pa\u0144skiego 342).<\/p>\n\n\n\n<figure class=\"wp-block-image\"><a href=\"https:\/\/pl.wikisource.org\/wiki\/Plik:%C5%BBywoty_%C5%9Bw._Pa%C5%84skich_na_wszystkie_dnie_roku-Inicja%C5%82-D.png\"><img decoding=\"async\" src=\"https:\/\/upload.wikimedia.org\/wikipedia\/commons\/thumb\/9\/9a\/%C5%BBywoty_%C5%9Bw._Pa%C5%84skich_na_wszystkie_dnie_roku-Inicja%C5%82-D.png\/57px-%C5%BBywoty_%C5%9Bw._Pa%C5%84skich_na_wszystkie_dnie_roku-Inicja%C5%82-D.png\" alt=\"D\"\/><\/a><\/figure>\n\n\n\n<p class=\"has-text-align-justify wp-block-paragraph\">Do licznych dowod\u00f3w Boskiego pochodzenia religii katolickiej zaliczy\u0107 nale\u017cy dziwne i cudowne jej rozkrzewienie. Zbawiciel nasz u\u017cy\u0142 do tego takich dr\u00f3g, \u015brodk\u00f3w i sposob\u00f3w, kt\u00f3re do wielko\u015bci zadania, mn\u00f3stwa przeszk\u00f3d, jako te\u017c pot\u0119gi jej przeciwnik\u00f3w i wrog\u00f3w w \u017cadnym prawie nie stoj\u0105 stosunku. Aby nieokrzesany, na p\u00f3\u0142 dziki szczep Iber\u00f3w, mieszkaj\u0105cy nad Czarnem Morzem w dzisiejszym Gurgistanie, przyj\u0105\u0107 na \u0142ono Ko\u015bcio\u0142a \u015bwi\u0119tego, u\u017cy\u0142 Pan B\u00f3g prostej s\u0142u\u017cebnicy, kt\u00f3rej pami\u0105tk\u0119 ten\u017ce Ko\u015bci\u00f3\u0142 w dniu dzisiejszym obchodzi. Imi\u0119 tej niewiasty by\u0142o Krystyana czyli Krystyna.<\/p>\n\n\n\n<p class=\"has-text-align-justify wp-block-paragraph\">Dawni dziejopisarze nie podaj\u0105 nam \u017cadnych szczeg\u00f3\u0142\u00f3w o rodzicach, kraju rodzinnym i m\u0142odo\u015bci Krystyny. Tyle nam tylko wiadomo o kolejach jej \u017cycia, je porwana przez rozb\u00f3jnik\u00f3w, sprzedan\u0105 zosta\u0142a jako niewolnica w Iberyi, gdzie si\u0119 dosta\u0142a w s\u0142u\u017cb\u0119 do ksi\u0119cia panuj\u0105cego w tym kraju. Srog\u0105 by\u0142a jej dola; musia\u0142a bowiem przy lichem po\u017cywieniu nie tylko ci\u0119\u017cko pracowa\u0107, ale doznawa\u0142a rozmaitych zniewag, obelg i dokuczliwo\u015bci. Si\u0142\u0119 czerpa\u0142a jedynie w \u0142asce Bo\u017cej i w nadziei wiecznej nagrody w Niebie, w wiernem wype\u0142nianiu swych obowi\u0105zk\u00f3w i w gor\u0105cej modlitwie. Skromno\u015b\u0107, ofiarno\u015b\u0107, uprzejmo\u015b\u0107 i uczynno\u015b\u0107 jej wzgl\u0119dem czeladzi s\u0142u\u017cebnej, a mianowicie jej niepodejrzana czysto\u015b\u0107 i moralno\u015b\u0107, cnoty nieznane Iberom, zjedna\u0142y jej szacunek powszechny i zaufanie chlebodawc\u00f3w, kt\u00f3rzy zacno\u015b\u0107 niewolnicy uznawali i podziwiali.<\/p>\n\n\n\n<p class=\"has-text-align-justify wp-block-paragraph\">Gdy poganie pytali, czemu w ten spos\u00f3b post\u0119puje i znosi wszystko \u0142agodnie i cierpliwie, odpowiada\u0142a: \u201eChrze\u015bcijank\u0105 jestem, a jako chrze\u015bcijanka jestem zobowi\u0105zan\u0105 s\u0142u\u017cy\u0107 prawdziwemu Bogu jak najwierniej.\u201c Korzystaj\u0105c z podanej sposobno\u015bci, opowiada\u0142a ciekawym o Panu Jezusie, \u015bmierci i \u017cyciu Jego, jako te\u017c o nauce i \u0142askach, jakie z Niego sp\u0142yn\u0119\u0142y na grzeszn\u0105 ludzko\u015b\u0107. Tre\u015b\u0107 tych opowiada\u0144 g\u0142\u0119bokie czyni\u0142a wra\u017cenie na s\u0142uchaj\u0105cych, kt\u00f3rzy z wielkiem zdziwieniem powtarzali innym, co z jej ust s\u0142yszeli.<\/p>\n\n\n\n<p class=\"has-text-align-justify wp-block-paragraph\">By\u0142o zwyczajem w Iberyi, \u017ce matki nosi\u0142y chore dzieci od domu do domu i pyta\u0142y o rad\u0119 drugich, czy nie wiedz\u0105 lekarstwa na t\u0119 chorob\u0119. Mi\u0119dzy innemi przyby\u0142a do Krystyny pewna strapiona niewiasta z chorem dzieci\u0119ciem i pyta\u0142a j\u0105 o rad\u0119, co pocz\u0105\u0107. \u201eNie jest w mej mocy \u2014 odpowiedzia\u0142a \u015bwi\u0119tobliwa dziewica \u2014 uzdrowi\u0107 twe dzieci\u0119, gdy\u017c mo\u017ce to tylko dokaza\u0107 B\u00f3g m\u00f3j i Zbawiciel, Jezus Chrystus, kt\u00f3remu s\u0142u\u017c\u0119.\u201c Nast\u0119pnie u\u0142o\u017cywszy niemowl\u0119 na swem twardem \u0142o\u017cu, ukl\u0119k\u0142a przy niem, pogr\u0105\u017cy\u0142a si\u0119 w gor\u0105cej modlitwie i wym\u00f3wi\u0142a kilkakrotnie Imi\u0119 Jezus. Dzieci\u0119 natychmiast odzyska\u0142o zdrowie i pocz\u0119\u0142o si\u0119 u\u015bmiecha\u0107, a cud ten wywo\u0142a\u0142 wsz\u0119dzie wielkie zdumienie i taki rozg\u0142os, \u017ce kr\u00f3lowa, kt\u00f3ra wraz z\u00a0syneczkiem\u00a0by\u0142a od dawna ob\u0142o\u017cnie chor\u0105, powzi\u0119\u0142a do Krystyny silne zaufanie i za\u017c\u0105da\u0142a od niej, aby jej przywr\u00f3ci\u0142a zdrowie. Jako\u017c wkr\u00f3tce stan\u0105\u0142 przed Krystyn\u0105 pos\u0142aniec kr\u00f3lewski, zapraszaj\u0105cy j\u0105 do pa\u0142acu; ale biedna s\u0142u\u017cebnica nie us\u0142ucha\u0142a wezwania. Zdj\u0105wszy przeto pych\u0119 z serca, kaza\u0142a si\u0119 kr\u00f3lowa wraz z dzieckiem zanie\u015b\u0107 na noszach do Krystyny, i sama j\u0105 prosi\u0142a o ratunek. Biedna s\u0142u\u017cebnica mocno si\u0119 zak\u0142opota\u0142a; z jednej strony bowiem nie uwa\u017ca\u0142a si\u0119 za godn\u0105, aby \u017c\u0105da\u0107 od Boga ponownego cudu, z drugiej czu\u0142a w sercu lito\u015b\u0107 nad niedol\u0105 monarchini. Po kr\u00f3tkim tedy namy\u015ble rzek\u0142a do chorej: \u201eJestem tylko biedn\u0105 grzesznic\u0105 i wiem, \u017ce nikomu pom\u00f3dz nie mog\u0119, ale miej kr\u00f3lowo zaufanie w Jezusie, kt\u00f3ry jest wszechmocny i mi\u0142uje ci\u0119; On ci\u0119 wyleczy.\u201c To rzek\u0142szy, po\u0142o\u017cy\u0142a chore dzieci\u0105tko na dywanie, i ukl\u0119k\u0142a do modlitwy. Wkr\u00f3tce jednak okrzyk rado\u015bci przerwa\u0142 jej pobo\u017cne mod\u0142y; kr\u00f3lowa bowiem i nast\u0119pca tronu uczuli si\u0119 zdrowymi i z\u0142o\u017cyli jej hojne dary wdzi\u0119czno\u015bci. Krystyna nie przyj\u0119\u0142a ich, prosz\u0105c jedynie o to, aby oboje odt\u0105d wyrzekli si\u0119 ba\u0142wochwalstwa i uwierzyli w Jezusa.<\/p>\n\n\n\n<p class=\"has-text-align-justify wp-block-paragraph\"><br>\u2009Uradowany kr\u00f3l przys\u0142a\u0142 cudotw\u00f3rczyni drogocenne podarki i zapewni\u0142 j\u0105 o swej \u0142asce. Krystyna zwr\u00f3ci\u0142a dary, m\u00f3wi\u0105c: \u201eB\u00f3g jest mym doczesnym i wiekuistym skarbem, wi\u0119c jedna tylko nagroda zadowoli\u0107 mnie zdo\u0142a. Niechaj kr\u00f3l z kr\u00f3low\u0105 i ca\u0142\u0105 rodzin\u0105 przyjmie Chrzest \u015bwi\u0119ty i uwierzy w Boga, kt\u00f3ry wsp\u00f3lnie z Matk\u0105 Naj\u015bwi\u0119tsz\u0105 przywr\u00f3ci\u0142 zdrowie jego ma\u0142\u017conce i synowi.\u201c Kr\u00f3lowa o\u015bwiadczy\u0142a, \u017ce us\u0142ucha tej rady, ma\u0142\u017conek jej natomiast nie chcia\u0142 tego uczyni\u0107; B\u00f3g jednak dobrotliwy spe\u0142ni\u0142 gor\u0105ce \u017cyczenie pokornej s\u0142u\u017cebnicy.<br><\/p>\n\n\n\n<p class=\"has-text-align-justify wp-block-paragraph\">\u2009Kt\u00f3\u017cby si\u0119 nie budowa\u0142 pobo\u017cno\u015bci\u0105 biednej s\u0142u\u017cebnicy Krystyny? Kt\u00f3\u017cby nie stara\u0142 si\u0119 by\u0107 jej podobnym? Pobo\u017cno\u015b\u0107 bowiem polega na tem, aby\u015bmy opieraj\u0105c si\u0119 na nauce i \u0142asce Jezusa Chrystusa, usposobieniem wewn\u0119trznem i czynami na zewn\u0105trz okazywali si\u0119 rzeczywistymi czcicielami i s\u0142ugami Pana Jezusa. Celem za\u015b pobo\u017cno\u015bci jest sam B\u00f3g, a pobo\u017cno\u015b\u0107, jak to widzimy u Krystyny, jest nader po\u017cyteczn\u0105.<\/p>\n\n\n\n<p class=\"has-text-align-justify wp-block-paragraph\"><br>\u20091)\u00a0dla nas samych. Jest ona niewyczerpanem \u017ar\u00f3d\u0142em pociechy dla nas o tyle, o ile wiemy, \u017ce w ca\u0142em \u017cyciu i istocie naszej, w darach przyrodzonych i nadprzyrodzonych jeste\u015bmy jedynie zawi\u015bli\u00a0od Boga. On jest jedynym Przewodnikiem naszym, On nam wskaza\u0142 miejsce, stosunki, zaj\u0119cia i powo\u0142anie, w kt\u00f3rem mo\u017cemy w Jego oczach zyska\u0107 sobie zas\u0142ugi. Czy jeste\u015bmy s\u0142ugami, czy ksi\u0105\u017c\u0119tami, czy wyrobnikami, czy mnichami, o to wcale nie chodzi, byleby\u015bmy mieli niewzruszon\u0105 wiar\u0119, \u017ce B\u00f3g na nas zawsze patrzy, gdzie jeste\u015bmy i co czynimy. Ta niewzruszona wiara jest dla nas bod\u017acem, aby\u015bmy wszystkie nasze my\u015bli, zamiary i czyny na cze\u015b\u0107 Jego ofiarowali. Ona nas krzepi nadziej\u0105, \u017ce B\u00f3g nam nigdy nie odm\u00f3wi Swej \u0142aski, a trudy, mozo\u0142y i prace nasze hojnie wynagrodzi. Czy\u017c podobna u\u017cy\u0107 \u017cycia stosowniej i pi\u0119kniej, ni\u017c w s\u0142u\u017cbie Ojca niebieskiego?<\/p>\n\n\n\n<p class=\"has-text-align-justify wp-block-paragraph\">2) Pobo\u017cno\u015b\u0107 jest tak\u017ce po\u017cyteczn\u0105\u00a0dla drugich. Jak s\u0142o\u0144ce promieniami swymi wszystko o\u017cywia, chorych krzepi a zdrowym si\u0142y dodaje, tak i pobo\u017cno\u015b\u0107 chrze\u015bcija\u0144ska, mi\u0142uj\u0105ca i chwal\u0105ca jedynie Boga, dzia\u0142a b\u0142ogo i dobroczynnie na wszystkich bli\u017anich, zach\u0119caj\u0105c ich do na\u015bladowania. S\u0142usznie te\u017c m\u00f3wi Pan Jezus:\u00a0\u201eNie ukrywajcie \u015bwiat\u0142a swego przed lud\u017ami, aby widzieli wasze dobre czyny i chwalili Boga, kt\u00f3ry jest w Niebiesiech.\u201c Pomnijmy na \u015bwi\u0119t\u0105 Krystyn\u0119, jak dobroczynnie i b\u0142ogo dzia\u0142a\u0142a jej pobo\u017cno\u015b\u0107 w Iberyi, a nadto pomnijmy na nagrod\u0119 obiecan\u0105 przez\u00a0Chrystusa:\u00a0\u201eKto do Mnie si\u0119 przyznaje wobec ludzi, do tego Ja si\u0119 przyznam wobec Ojca niebieskiego.\u201c<\/p>\n\n\n\n<p class=\"has-text-align-justify wp-block-paragraph\"><br><strong>Modlitwa.<\/strong>\u2009<\/p>\n\n\n\n<p class=\"has-text-align-justify wp-block-paragraph\">Bo\u017ce, natchnij mnie nienawi\u015bci\u0105 przeciw wszystkiemu, co sprzeciwia si\u0119 woli Twojej \u015bwi\u0119tej. Niechaj poznam i unikam grzeszno\u015bci tego \u015bwiata, a natomiast Tobie wiernie s\u0142u\u017c\u0119, gorliwie i wytrwale id\u0105c drog\u0105 \u015bwi\u0119tych Twoich Przykaza\u0144. Przez Pana naszego Jezusa Chrystusa, kt\u00f3ry kr\u00f3luje w Niebie i na ziemi, po wszystkie wieki wiek\u00f3w. A.<\/p>\n\n\n\n<figure class=\"wp-block-table\"><table><tbody><tr><td>\u2217&nbsp;&nbsp;&nbsp;&nbsp;&nbsp;&nbsp;&nbsp;&nbsp;&nbsp;&nbsp;&nbsp;&nbsp;&nbsp;&nbsp;&nbsp;&nbsp;&nbsp;&nbsp;&nbsp;&nbsp;\u2217<br>\u2217<\/td><\/tr><\/tbody><\/table><\/figure>\n\n\n\n<p class=\"wp-block-paragraph\">\u2009<em>Opr\u00f3cz tego obchodzi Ko\u015bci\u00f3\u0142 \u015bwi\u0119ty pami\u0105tk\u0119 nast\u0119puj\u0105cych \u015awi\u0119tych Pa\u0144skich, zamieszczonych w rzymskiem martyrologium:<\/em><\/p>\n\n\n\n<p class=\"has-text-align-justify wp-block-paragraph\">\u2009<strong>Dnia 15-go grudnia<\/strong>&nbsp;oktawa Niepokalanego Pocz\u0119cia Naj\u015bw. Maryi Panny. \u2014 Tego\u017c dnia \u015bwi\u0119ce\u0144 \u015bw.&nbsp;Euzebiusza, Biskupa z Vercelli, kt\u00f3rego dzie\u0144 zgonu wspomniano ju\u017c w dniu 1 sierpnia, gdy tymczasem uroczysto\u015b\u0107 jego Papie\u017c Benedykt XIII prze\u0142o\u017cy\u0142 na dzie\u0144 jutrzejszy. \u2014 W Rzymie m\u0119cze\u0144stwo \u015bw.&nbsp;Ireneusza, Antoniego, Teodora, Saturnina i Wiktora z 17 towarzyszami&nbsp;za cesarza Waleryana. Maj\u0105c przesz\u0142o o\u015bmdziesi\u0105t lat otrzyma\u0142 od arya\u0144skiego kr\u00f3la Genzeryka rozkaz, aby wyda\u0142 naczynia ko\u015bcielne. Gdy stanowczo opar\u0142 si\u0119 temu, zosta\u0142 wygnany z miasta i mieszka\u0142 d\u0142ugo na ulicy pod go\u0142em niebem, gdy\u017c ka\u017cdemu wzbronionem by\u0142o surowo pozwoli\u0107 mu przebywa\u0107 we w\u0142asnym domu lub na w\u0142asnym gruncie. Wreszcie zamieni\u0142 \u017cywot ziemski, po\u015bwi\u0119cony obronie prawd katolickich, na mieszkanie wieczne. \u2014 W okolicy Orleanu uroczysto\u015b\u0107 \u015bw.&nbsp;Maksymina, Wyznawcy. \u2014 W\u015br\u00f3d Iber\u00f3w nad morzem Czarnem pami\u0105tka \u015bw.&nbsp;Krystyny, S\u0142u\u017cebnicy, kt\u00f3ra cudami swymi nawr\u00f3ci\u0142a szczepy owe za czas\u00f3w Konstantyna do wiary chrze\u015bcija\u0144skiej.<\/p>\n","protected":false},"excerpt":{"rendered":"<p>\u015aw. Krystyna by\u0142a niewolnic\u0105 i s\u0142u\u017c\u0105c\u0105 a dzi\u0119ki wytrwa\u0142o\u015bci w spe\u0142nianiu obowi\u0105zk\u00f3w stanu pozyska\u0142a \u0142ask\u0119 uzdrawiania chorych dzieci.<\/p>\n","protected":false},"author":60508433,"featured_media":58750,"comment_status":"open","ping_status":"open","sticky":false,"template":"","format":"standard","meta":{"_bbp_topic_count":0,"_bbp_reply_count":0,"_bbp_total_topic_count":0,"_bbp_total_reply_count":0,"_bbp_voice_count":0,"_bbp_anonymous_reply_count":0,"_bbp_topic_count_hidden":0,"_bbp_reply_count_hidden":0,"_bbp_forum_subforum_count":0,"_editorskit_title_hidden":false,"_editorskit_reading_time":0,"_editorskit_is_block_options_detached":false,"_editorskit_block_options_position":"{}","_coblocks_attr":"","_coblocks_dimensions":"","_coblocks_responsive_height":"","_coblocks_accordion_ie_support":"","_exactmetrics_skip_tracking":false,"_jetpack_newsletter_access":"","_jetpack_dont_email_post_to_subs":false,"_jetpack_newsletter_tier_id":0,"_jetpack_memberships_contains_paywalled_content":false,"_wpcom_ai_launchpad_first_post":false,"_jetpack_feature_clip_id":0,"_jetpack_memberships_contains_paid_content":false,"footnotes":"","jetpack_publicize_message":"{title}\n\n{excerpt}\n\n{url}","jetpack_publicize_feature_enabled":true,"jetpack_social_post_already_shared":true,"jetpack_social_options":{"image_generator_settings":{"template":"highway","default_image_id":0,"font":"","enabled":false},"version":2},"_wpas_customize_per_network":false,"jetpack_post_was_ever_published":false},"categories":[610131827,610131184,336375535,610131155],"tags":[],"class_list":["post-108450","post","type-post","status-publish","format-standard","has-post-thumbnail","hentry","category-swieta-w-grudniu","category-duchowosc","category-liturgia-i-liturgika","category-rozwazania"],"yoast_head":"<!-- This site is optimized with the Yoast SEO plugin v28.3 - https:\/\/yoast.com\/product\/yoast-seo-wordpress\/ -->\n<title>15-go Grudnia. \u017bywot \u015bwi\u0119tej Krystyny, S\u0142u\u017cebnicy. - Tradycja i Wiara<\/title>\n<meta name=\"robots\" content=\"index, follow, max-snippet:-1, max-image-preview:large, max-video-preview:-1\" \/>\n<link rel=\"canonical\" href=\"https:\/\/wobronietradycjiiwiary.com\/pl\/15-go-grudnia-zywot-swietej-krystyny-sluzebnicy-2-2\/\" \/>\n<meta property=\"og:locale\" content=\"pl_PL\" \/>\n<meta property=\"og:type\" content=\"article\" \/>\n<meta property=\"og:title\" content=\"15-go Grudnia. \u017bywot \u015bwi\u0119tej Krystyny, S\u0142u\u017cebnicy. - Tradycja i Wiara\" \/>\n<meta property=\"og:description\" content=\"\u015aw. Krystyna by\u0142a niewolnic\u0105 i s\u0142u\u017c\u0105c\u0105 a dzi\u0119ki wytrwa\u0142o\u015bci w spe\u0142nianiu obowi\u0105zk\u00f3w stanu pozyska\u0142a \u0142ask\u0119 uzdrawiania chorych dzieci.\" \/>\n<meta property=\"og:url\" content=\"https:\/\/wobronietradycjiiwiary.com\/pl\/15-go-grudnia-zywot-swietej-krystyny-sluzebnicy-2-2\/\" \/>\n<meta property=\"og:site_name\" content=\"Tradycja i Wiara\" \/>\n<meta property=\"article:publisher\" content=\"https:\/\/www.facebook.com\/Tradycja-i-Wiara-108813920592249\" \/>\n<meta property=\"article:published_time\" content=\"2023-12-15T07:15:18+00:00\" \/>\n<meta property=\"article:modified_time\" content=\"2025-02-10T10:14:56+00:00\" \/>\n<meta property=\"og:image\" content=\"https:\/\/wobronietradycjiiwiary.com\/wp-content\/uploads\/2021\/12\/Krystyna.jpg\" \/>\n\t<meta property=\"og:image:width\" content=\"220\" \/>\n\t<meta property=\"og:image:height\" content=\"303\" \/>\n\t<meta property=\"og:image:type\" content=\"image\/jpeg\" \/>\n<meta name=\"author\" content=\"Traditio et Fides\" \/>\n<meta name=\"twitter:card\" content=\"summary_large_image\" \/>\n<meta name=\"twitter:label1\" content=\"Napisane przez\" \/>\n\t<meta name=\"twitter:data1\" content=\"Traditio et Fides\" \/>\n\t<meta name=\"twitter:label2\" content=\"Szacowany czas czytania\" \/>\n\t<meta name=\"twitter:data2\" content=\"7 minut\" \/>\n<script type=\"application\/ld+json\" class=\"yoast-schema-graph\">{\"@context\":\"https:\\\/\\\/schema.org\",\"@graph\":[{\"@type\":\"Article\",\"@id\":\"https:\\\/\\\/wobronietradycjiiwiary.com\\\/15-go-grudnia-zywot-swietej-krystyny-sluzebnicy-2-2\\\/#article\",\"isPartOf\":{\"@id\":\"https:\\\/\\\/wobronietradycjiiwiary.com\\\/15-go-grudnia-zywot-swietej-krystyny-sluzebnicy-2-2\\\/\"},\"author\":{\"name\":\"Traditio et Fides\",\"@id\":\"https:\\\/\\\/wobronietradycjiiwiary.com\\\/pl\\\/#\\\/schema\\\/person\\\/2d6180ce6abcb681fef0daab7816e8f3\"},\"headline\":\"15-go Grudnia. \u017bywot \u015bwi\u0119tej Krystyny, S\u0142u\u017cebnicy.\",\"datePublished\":\"2023-12-15T07:15:18+00:00\",\"dateModified\":\"2025-02-10T10:14:56+00:00\",\"mainEntityOfPage\":{\"@id\":\"https:\\\/\\\/wobronietradycjiiwiary.com\\\/15-go-grudnia-zywot-swietej-krystyny-sluzebnicy-2-2\\\/\"},\"wordCount\":1477,\"commentCount\":0,\"publisher\":{\"@id\":\"https:\\\/\\\/wobronietradycjiiwiary.com\\\/pl\\\/#organization\"},\"image\":{\"@id\":\"https:\\\/\\\/wobronietradycjiiwiary.com\\\/15-go-grudnia-zywot-swietej-krystyny-sluzebnicy-2-2\\\/#primaryimage\"},\"thumbnailUrl\":\"https:\\\/\\\/wobronietradycjiiwiary.com\\\/wp-content\\\/uploads\\\/2021\\\/12\\\/Krystyna.jpg\",\"articleSection\":[\"12. \u015awi\u0119ta w grudniu\",\"Duchowo\u015b\u0107\",\"Liturgia i liturgika\",\"Rozwa\u017cania liturgiczne\"],\"inLanguage\":\"pl-PL\",\"potentialAction\":[{\"@type\":\"CommentAction\",\"name\":\"Comment\",\"target\":[\"https:\\\/\\\/wobronietradycjiiwiary.com\\\/15-go-grudnia-zywot-swietej-krystyny-sluzebnicy-2-2\\\/#respond\"]}]},{\"@type\":\"WebPage\",\"@id\":\"https:\\\/\\\/wobronietradycjiiwiary.com\\\/15-go-grudnia-zywot-swietej-krystyny-sluzebnicy-2-2\\\/\",\"url\":\"https:\\\/\\\/wobronietradycjiiwiary.com\\\/15-go-grudnia-zywot-swietej-krystyny-sluzebnicy-2-2\\\/\",\"name\":\"15-go Grudnia. \u017bywot \u015bwi\u0119tej Krystyny, S\u0142u\u017cebnicy. - Tradycja i Wiara\",\"isPartOf\":{\"@id\":\"https:\\\/\\\/wobronietradycjiiwiary.com\\\/pl\\\/#website\"},\"primaryImageOfPage\":{\"@id\":\"https:\\\/\\\/wobronietradycjiiwiary.com\\\/15-go-grudnia-zywot-swietej-krystyny-sluzebnicy-2-2\\\/#primaryimage\"},\"image\":{\"@id\":\"https:\\\/\\\/wobronietradycjiiwiary.com\\\/15-go-grudnia-zywot-swietej-krystyny-sluzebnicy-2-2\\\/#primaryimage\"},\"thumbnailUrl\":\"https:\\\/\\\/wobronietradycjiiwiary.com\\\/wp-content\\\/uploads\\\/2021\\\/12\\\/Krystyna.jpg\",\"datePublished\":\"2023-12-15T07:15:18+00:00\",\"dateModified\":\"2025-02-10T10:14:56+00:00\",\"breadcrumb\":{\"@id\":\"https:\\\/\\\/wobronietradycjiiwiary.com\\\/15-go-grudnia-zywot-swietej-krystyny-sluzebnicy-2-2\\\/#breadcrumb\"},\"inLanguage\":\"pl-PL\",\"potentialAction\":[{\"@type\":\"ReadAction\",\"target\":[\"https:\\\/\\\/wobronietradycjiiwiary.com\\\/15-go-grudnia-zywot-swietej-krystyny-sluzebnicy-2-2\\\/\"]}]},{\"@type\":\"ImageObject\",\"inLanguage\":\"pl-PL\",\"@id\":\"https:\\\/\\\/wobronietradycjiiwiary.com\\\/15-go-grudnia-zywot-swietej-krystyny-sluzebnicy-2-2\\\/#primaryimage\",\"url\":\"https:\\\/\\\/wobronietradycjiiwiary.com\\\/wp-content\\\/uploads\\\/2021\\\/12\\\/Krystyna.jpg\",\"contentUrl\":\"https:\\\/\\\/wobronietradycjiiwiary.com\\\/wp-content\\\/uploads\\\/2021\\\/12\\\/Krystyna.jpg\",\"width\":220,\"height\":303},{\"@type\":\"BreadcrumbList\",\"@id\":\"https:\\\/\\\/wobronietradycjiiwiary.com\\\/15-go-grudnia-zywot-swietej-krystyny-sluzebnicy-2-2\\\/#breadcrumb\",\"itemListElement\":[{\"@type\":\"ListItem\",\"position\":1,\"name\":\"Strona g\u0142\u00f3wna\",\"item\":\"https:\\\/\\\/wobronietradycjiiwiary.com\\\/\"},{\"@type\":\"ListItem\",\"position\":2,\"name\":\"15-go Grudnia. \u017bywot \u015bwi\u0119tej Krystyny, S\u0142u\u017cebnicy.\"}]},{\"@type\":\"WebSite\",\"@id\":\"https:\\\/\\\/wobronietradycjiiwiary.com\\\/pl\\\/#website\",\"url\":\"https:\\\/\\\/wobronietradycjiiwiary.com\\\/pl\\\/\",\"name\":\"Tradycja i Wiara\",\"description\":\"Portal dla katolik\u00f3w.\",\"publisher\":{\"@id\":\"https:\\\/\\\/wobronietradycjiiwiary.com\\\/pl\\\/#organization\"},\"potentialAction\":[{\"@type\":\"SearchAction\",\"target\":{\"@type\":\"EntryPoint\",\"urlTemplate\":\"https:\\\/\\\/wobronietradycjiiwiary.com\\\/pl\\\/?s={search_term_string}\"},\"query-input\":{\"@type\":\"PropertyValueSpecification\",\"valueRequired\":true,\"valueName\":\"search_term_string\"}}],\"inLanguage\":\"pl-PL\"},{\"@type\":\"Organization\",\"@id\":\"https:\\\/\\\/wobronietradycjiiwiary.com\\\/pl\\\/#organization\",\"name\":\"Tradycja i Wiara\",\"url\":\"https:\\\/\\\/wobronietradycjiiwiary.com\\\/pl\\\/\",\"logo\":{\"@type\":\"ImageObject\",\"inLanguage\":\"pl-PL\",\"@id\":\"https:\\\/\\\/wobronietradycjiiwiary.com\\\/pl\\\/#\\\/schema\\\/logo\\\/image\\\/\",\"url\":\"https:\\\/\\\/i0.wp.com\\\/wobronietradycjiiwiary.com\\\/wp-content\\\/uploads\\\/2015\\\/10\\\/cropped-st-peters-dome-vatican.jpg?fit=940%2C198&ssl=1\",\"contentUrl\":\"https:\\\/\\\/i0.wp.com\\\/wobronietradycjiiwiary.com\\\/wp-content\\\/uploads\\\/2015\\\/10\\\/cropped-st-peters-dome-vatican.jpg?fit=940%2C198&ssl=1\",\"width\":940,\"height\":198,\"caption\":\"Tradycja i Wiara\"},\"image\":{\"@id\":\"https:\\\/\\\/wobronietradycjiiwiary.com\\\/pl\\\/#\\\/schema\\\/logo\\\/image\\\/\"},\"sameAs\":[\"https:\\\/\\\/www.facebook.com\\\/Tradycja-i-Wiara-108813920592249\"]},{\"@type\":\"Person\",\"@id\":\"https:\\\/\\\/wobronietradycjiiwiary.com\\\/pl\\\/#\\\/schema\\\/person\\\/2d6180ce6abcb681fef0daab7816e8f3\",\"name\":\"Traditio et Fides\",\"sameAs\":[\"https:\\\/\\\/traditionundglauben.com\"],\"url\":\"https:\\\/\\\/wobronietradycjiiwiary.com\\\/pl\\\/author\\\/wobronietradycjiiwiary\\\/\"}]}<\/script>\n<!-- \/ Yoast SEO plugin. -->","yoast_head_json":{"title":"15-go Grudnia. \u017bywot \u015bwi\u0119tej Krystyny, S\u0142u\u017cebnicy. - Tradycja i Wiara","robots":{"index":"index","follow":"follow","max-snippet":"max-snippet:-1","max-image-preview":"max-image-preview:large","max-video-preview":"max-video-preview:-1"},"canonical":"https:\/\/wobronietradycjiiwiary.com\/pl\/15-go-grudnia-zywot-swietej-krystyny-sluzebnicy-2-2\/","og_locale":"pl_PL","og_type":"article","og_title":"15-go Grudnia. \u017bywot \u015bwi\u0119tej Krystyny, S\u0142u\u017cebnicy. - Tradycja i Wiara","og_description":"\u015aw. Krystyna by\u0142a niewolnic\u0105 i s\u0142u\u017c\u0105c\u0105 a dzi\u0119ki wytrwa\u0142o\u015bci w spe\u0142nianiu obowi\u0105zk\u00f3w stanu pozyska\u0142a \u0142ask\u0119 uzdrawiania chorych dzieci.","og_url":"https:\/\/wobronietradycjiiwiary.com\/pl\/15-go-grudnia-zywot-swietej-krystyny-sluzebnicy-2-2\/","og_site_name":"Tradycja i Wiara","article_publisher":"https:\/\/www.facebook.com\/Tradycja-i-Wiara-108813920592249","article_published_time":"2023-12-15T07:15:18+00:00","article_modified_time":"2025-02-10T10:14:56+00:00","og_image":[{"width":220,"height":303,"url":"https:\/\/wobronietradycjiiwiary.com\/wp-content\/uploads\/2021\/12\/Krystyna.jpg","type":"image\/jpeg"}],"author":"Traditio et Fides","twitter_card":"summary_large_image","twitter_misc":{"Napisane przez":"Traditio et Fides","Szacowany czas czytania":"7 minut"},"schema":{"@context":"https:\/\/schema.org","@graph":[{"@type":"Article","@id":"https:\/\/wobronietradycjiiwiary.com\/15-go-grudnia-zywot-swietej-krystyny-sluzebnicy-2-2\/#article","isPartOf":{"@id":"https:\/\/wobronietradycjiiwiary.com\/15-go-grudnia-zywot-swietej-krystyny-sluzebnicy-2-2\/"},"author":{"name":"Traditio et Fides","@id":"https:\/\/wobronietradycjiiwiary.com\/pl\/#\/schema\/person\/2d6180ce6abcb681fef0daab7816e8f3"},"headline":"15-go Grudnia. \u017bywot \u015bwi\u0119tej Krystyny, S\u0142u\u017cebnicy.","datePublished":"2023-12-15T07:15:18+00:00","dateModified":"2025-02-10T10:14:56+00:00","mainEntityOfPage":{"@id":"https:\/\/wobronietradycjiiwiary.com\/15-go-grudnia-zywot-swietej-krystyny-sluzebnicy-2-2\/"},"wordCount":1477,"commentCount":0,"publisher":{"@id":"https:\/\/wobronietradycjiiwiary.com\/pl\/#organization"},"image":{"@id":"https:\/\/wobronietradycjiiwiary.com\/15-go-grudnia-zywot-swietej-krystyny-sluzebnicy-2-2\/#primaryimage"},"thumbnailUrl":"https:\/\/wobronietradycjiiwiary.com\/wp-content\/uploads\/2021\/12\/Krystyna.jpg","articleSection":["12. \u015awi\u0119ta w grudniu","Duchowo\u015b\u0107","Liturgia i liturgika","Rozwa\u017cania liturgiczne"],"inLanguage":"pl-PL","potentialAction":[{"@type":"CommentAction","name":"Comment","target":["https:\/\/wobronietradycjiiwiary.com\/15-go-grudnia-zywot-swietej-krystyny-sluzebnicy-2-2\/#respond"]}]},{"@type":"WebPage","@id":"https:\/\/wobronietradycjiiwiary.com\/15-go-grudnia-zywot-swietej-krystyny-sluzebnicy-2-2\/","url":"https:\/\/wobronietradycjiiwiary.com\/15-go-grudnia-zywot-swietej-krystyny-sluzebnicy-2-2\/","name":"15-go Grudnia. \u017bywot \u015bwi\u0119tej Krystyny, S\u0142u\u017cebnicy. - Tradycja i Wiara","isPartOf":{"@id":"https:\/\/wobronietradycjiiwiary.com\/pl\/#website"},"primaryImageOfPage":{"@id":"https:\/\/wobronietradycjiiwiary.com\/15-go-grudnia-zywot-swietej-krystyny-sluzebnicy-2-2\/#primaryimage"},"image":{"@id":"https:\/\/wobronietradycjiiwiary.com\/15-go-grudnia-zywot-swietej-krystyny-sluzebnicy-2-2\/#primaryimage"},"thumbnailUrl":"https:\/\/wobronietradycjiiwiary.com\/wp-content\/uploads\/2021\/12\/Krystyna.jpg","datePublished":"2023-12-15T07:15:18+00:00","dateModified":"2025-02-10T10:14:56+00:00","breadcrumb":{"@id":"https:\/\/wobronietradycjiiwiary.com\/15-go-grudnia-zywot-swietej-krystyny-sluzebnicy-2-2\/#breadcrumb"},"inLanguage":"pl-PL","potentialAction":[{"@type":"ReadAction","target":["https:\/\/wobronietradycjiiwiary.com\/15-go-grudnia-zywot-swietej-krystyny-sluzebnicy-2-2\/"]}]},{"@type":"ImageObject","inLanguage":"pl-PL","@id":"https:\/\/wobronietradycjiiwiary.com\/15-go-grudnia-zywot-swietej-krystyny-sluzebnicy-2-2\/#primaryimage","url":"https:\/\/wobronietradycjiiwiary.com\/wp-content\/uploads\/2021\/12\/Krystyna.jpg","contentUrl":"https:\/\/wobronietradycjiiwiary.com\/wp-content\/uploads\/2021\/12\/Krystyna.jpg","width":220,"height":303},{"@type":"BreadcrumbList","@id":"https:\/\/wobronietradycjiiwiary.com\/15-go-grudnia-zywot-swietej-krystyny-sluzebnicy-2-2\/#breadcrumb","itemListElement":[{"@type":"ListItem","position":1,"name":"Strona g\u0142\u00f3wna","item":"https:\/\/wobronietradycjiiwiary.com\/"},{"@type":"ListItem","position":2,"name":"15-go Grudnia. \u017bywot \u015bwi\u0119tej Krystyny, S\u0142u\u017cebnicy."}]},{"@type":"WebSite","@id":"https:\/\/wobronietradycjiiwiary.com\/pl\/#website","url":"https:\/\/wobronietradycjiiwiary.com\/pl\/","name":"Tradycja i Wiara","description":"Portal dla katolik\u00f3w.","publisher":{"@id":"https:\/\/wobronietradycjiiwiary.com\/pl\/#organization"},"potentialAction":[{"@type":"SearchAction","target":{"@type":"EntryPoint","urlTemplate":"https:\/\/wobronietradycjiiwiary.com\/pl\/?s={search_term_string}"},"query-input":{"@type":"PropertyValueSpecification","valueRequired":true,"valueName":"search_term_string"}}],"inLanguage":"pl-PL"},{"@type":"Organization","@id":"https:\/\/wobronietradycjiiwiary.com\/pl\/#organization","name":"Tradycja i Wiara","url":"https:\/\/wobronietradycjiiwiary.com\/pl\/","logo":{"@type":"ImageObject","inLanguage":"pl-PL","@id":"https:\/\/wobronietradycjiiwiary.com\/pl\/#\/schema\/logo\/image\/","url":"https:\/\/i0.wp.com\/wobronietradycjiiwiary.com\/wp-content\/uploads\/2015\/10\/cropped-st-peters-dome-vatican.jpg?fit=940%2C198&ssl=1","contentUrl":"https:\/\/i0.wp.com\/wobronietradycjiiwiary.com\/wp-content\/uploads\/2015\/10\/cropped-st-peters-dome-vatican.jpg?fit=940%2C198&ssl=1","width":940,"height":198,"caption":"Tradycja i Wiara"},"image":{"@id":"https:\/\/wobronietradycjiiwiary.com\/pl\/#\/schema\/logo\/image\/"},"sameAs":["https:\/\/www.facebook.com\/Tradycja-i-Wiara-108813920592249"]},{"@type":"Person","@id":"https:\/\/wobronietradycjiiwiary.com\/pl\/#\/schema\/person\/2d6180ce6abcb681fef0daab7816e8f3","name":"Traditio et Fides","sameAs":["https:\/\/traditionundglauben.com"],"url":"https:\/\/wobronietradycjiiwiary.com\/pl\/author\/wobronietradycjiiwiary\/"}]}},"jetpack_publicize_connections":[],"jetpack_sharing_enabled":true,"jetpack_likes_enabled":true,"jetpack_shortlink":"https:\/\/wp.me\/pc04Sd-sdc","jetpack-related-posts":[{"id":133400,"url":"https:\/\/wobronietradycjiiwiary.com\/pl\/23-go-marca-zywot-swietej-katarzyny-szwedzkiej-panny-2-2-2-2\/","url_meta":{"origin":108450,"position":0},"title":"23-go Marca. \u017bywot \u015bwi\u0119tej Katarzyny Szwedzkiej, Panny.","author":"Traditio et Fides","date":"23 marca 2025","format":false,"excerpt":"I za czas\u00f3w \u015bw. Katarzyny Szwedzkiej w Rzymie panowa\u0142a \"rozprz\u0119\u017cenie i ska\u017cenie obyczaj\u00f3w\". Zatem nic nowego pod s\u0142o\u0144cem.","rel":"","context":"W \u201e03. \u015awi\u0119ta w marcu&quot;","block_context":{"text":"03. \u015awi\u0119ta w marcu","link":"https:\/\/wobronietradycjiiwiary.com\/pl\/category\/duchowosc\/liturgia-i-liturgika\/rozwazania\/rok-liturgiczny\/swieta-w-marcu\/"},"img":{"alt_text":"","src":"https:\/\/i0.wp.com\/wobronietradycjiiwiary.com\/wp-content\/uploads\/2021\/03\/catherine-of-sweden.jpg?resize=350%2C200&ssl=1","width":350,"height":200,"srcset":"https:\/\/i0.wp.com\/wobronietradycjiiwiary.com\/wp-content\/uploads\/2021\/03\/catherine-of-sweden.jpg?resize=350%2C200&ssl=1 1x, https:\/\/i0.wp.com\/wobronietradycjiiwiary.com\/wp-content\/uploads\/2021\/03\/catherine-of-sweden.jpg?resize=525%2C300&ssl=1 1.5x"},"classes":[]},{"id":113347,"url":"https:\/\/wobronietradycjiiwiary.com\/pl\/23-go-marca-zywot-swietej-katarzyny-szwedzkiej-panny-2-2-2\/","url_meta":{"origin":108450,"position":1},"title":"23-go Marca. \u017bywot \u015bwi\u0119tej Katarzyny Szwedzkiej, Panny.","author":"Traditio et Fides","date":"23 marca 2024","format":false,"excerpt":"I za czas\u00f3w \u015bw. Katarzyny Szwedzkiej w Rzymie panowa\u0142a \"rozprz\u0119\u017cenie i ska\u017cenie obyczaj\u00f3w\". Zatem nic nowego pod s\u0142o\u0144cem.","rel":"","context":"W \u201e03. \u015awi\u0119ta w marcu&quot;","block_context":{"text":"03. \u015awi\u0119ta w marcu","link":"https:\/\/wobronietradycjiiwiary.com\/pl\/category\/duchowosc\/liturgia-i-liturgika\/rozwazania\/rok-liturgiczny\/swieta-w-marcu\/"},"img":{"alt_text":"","src":"https:\/\/i0.wp.com\/wobronietradycjiiwiary.com\/wp-content\/uploads\/2021\/03\/catherine-of-sweden.jpg?resize=350%2C200&ssl=1","width":350,"height":200,"srcset":"https:\/\/i0.wp.com\/wobronietradycjiiwiary.com\/wp-content\/uploads\/2021\/03\/catherine-of-sweden.jpg?resize=350%2C200&ssl=1 1x, https:\/\/i0.wp.com\/wobronietradycjiiwiary.com\/wp-content\/uploads\/2021\/03\/catherine-of-sweden.jpg?resize=525%2C300&ssl=1 1.5x"},"classes":[]},{"id":162045,"url":"https:\/\/wobronietradycjiiwiary.com\/pl\/23-go-marca-zywot-swietej-katarzyny-szwedzkiej-panny-2-2-2-2-2\/","url_meta":{"origin":108450,"position":2},"title":"23-go Marca. \u017bywot \u015bwi\u0119tej Katarzyny Szwedzkiej, Panny.","author":"Traditio et Fides","date":"23 marca 2026","format":false,"excerpt":"I za czas\u00f3w \u015bw. Katarzyny Szwedzkiej w Rzymie panowa\u0142a \"rozprz\u0119\u017cenie i ska\u017cenie obyczaj\u00f3w\". Zatem nic nowego pod s\u0142o\u0144cem.","rel":"","context":"W \u201e03. \u015awi\u0119ta w marcu&quot;","block_context":{"text":"03. \u015awi\u0119ta w marcu","link":"https:\/\/wobronietradycjiiwiary.com\/pl\/category\/duchowosc\/liturgia-i-liturgika\/rozwazania\/rok-liturgiczny\/swieta-w-marcu\/"},"img":{"alt_text":"","src":"https:\/\/i0.wp.com\/wobronietradycjiiwiary.com\/wp-content\/uploads\/2021\/03\/catherine-of-sweden.jpg?resize=350%2C200&ssl=1","width":350,"height":200,"srcset":"https:\/\/i0.wp.com\/wobronietradycjiiwiary.com\/wp-content\/uploads\/2021\/03\/catherine-of-sweden.jpg?resize=350%2C200&ssl=1 1x, https:\/\/i0.wp.com\/wobronietradycjiiwiary.com\/wp-content\/uploads\/2021\/03\/catherine-of-sweden.jpg?resize=525%2C300&ssl=1 1.5x"},"classes":[]},{"id":106925,"url":"https:\/\/wobronietradycjiiwiary.com\/pl\/14-go-listopada-zywot-swietej-gertrudy-ksieni-4\/","url_meta":{"origin":108450,"position":3},"title":"14-go Listopada. \u017bywot \u015bwi\u0119tej Gertrudy, Ksieni.","author":"Traditio et Fides","date":"14 listopada 2023","format":false,"excerpt":"\u015bw. Gertruda mistyczka by\u0142a rodzon\u0105 siostr\u0105 \u015bw. Mechtchyldy tak\u017ce mistyczki. Siostry, dziewice, zakonnice, mistyczki - zatem mo\u017cna.","rel":"","context":"W \u201e11. \u015awi\u0119ta w listopadzie&quot;","block_context":{"text":"11. \u015awi\u0119ta w listopadzie","link":"https:\/\/wobronietradycjiiwiary.com\/pl\/category\/duchowosc\/liturgia-i-liturgika\/rozwazania\/rok-liturgiczny\/swieta-w-listopadzie\/"},"img":{"alt_text":"","src":"https:\/\/i0.wp.com\/wobronietradycjiiwiary.com\/wp-content\/uploads\/2020\/11\/Gertrudis.jpg?resize=350%2C200&ssl=1","width":350,"height":200},"classes":[]},{"id":123869,"url":"https:\/\/wobronietradycjiiwiary.com\/pl\/14-go-listopada-zywot-swietej-gertrudy-ksieni-4-2\/","url_meta":{"origin":108450,"position":4},"title":"14-go Listopada. \u017bywot \u015bwi\u0119tej Gertrudy, Ksieni.","author":"Traditio et Fides","date":"14 listopada 2024","format":false,"excerpt":"\u015bw. Gertruda mistyczka by\u0142a rodzon\u0105 siostr\u0105 \u015bw. Mechtchyldy tak\u017ce mistyczki. Siostry, dziewice, zakonnice, mistyczki - zatem mo\u017cna.","rel":"","context":"W \u201e11. \u015awi\u0119ta w listopadzie&quot;","block_context":{"text":"11. \u015awi\u0119ta w listopadzie","link":"https:\/\/wobronietradycjiiwiary.com\/pl\/category\/duchowosc\/liturgia-i-liturgika\/rozwazania\/rok-liturgiczny\/swieta-w-listopadzie\/"},"img":{"alt_text":"","src":"https:\/\/i0.wp.com\/wobronietradycjiiwiary.com\/wp-content\/uploads\/2020\/11\/Gertrudis.jpg?resize=350%2C200&ssl=1","width":350,"height":200},"classes":[]},{"id":155606,"url":"https:\/\/wobronietradycjiiwiary.com\/pl\/14-go-listopada-zywot-swietej-gertrudy-ksieni-4-2-2\/","url_meta":{"origin":108450,"position":5},"title":"14-go Listopada. \u017bywot \u015bwi\u0119tej Gertrudy, Ksieni.","author":"Traditio et Fides","date":"14 listopada 2025","format":false,"excerpt":"\u015bw. Gertruda mistyczka by\u0142a rodzon\u0105 siostr\u0105 \u015bw. Mechtchyldy tak\u017ce mistyczki. Siostry, dziewice, zakonnice, mistyczki - zatem mo\u017cna.","rel":"","context":"W \u201e11. \u015awi\u0119ta w listopadzie&quot;","block_context":{"text":"11. \u015awi\u0119ta w listopadzie","link":"https:\/\/wobronietradycjiiwiary.com\/pl\/category\/duchowosc\/liturgia-i-liturgika\/rozwazania\/rok-liturgiczny\/swieta-w-listopadzie\/"},"img":{"alt_text":"","src":"https:\/\/i0.wp.com\/wobronietradycjiiwiary.com\/wp-content\/uploads\/2020\/11\/Gertrudis.jpg?resize=350%2C200&ssl=1","width":350,"height":200},"classes":[]}],"amp_enabled":true,"jetpack_featured_media_url":"https:\/\/wobronietradycjiiwiary.com\/wp-content\/uploads\/2021\/12\/Krystyna.jpg","_links":{"self":[{"href":"https:\/\/wobronietradycjiiwiary.com\/pl\/wp-json\/wp\/v2\/posts\/108450","targetHints":{"allow":["GET"]}}],"collection":[{"href":"https:\/\/wobronietradycjiiwiary.com\/pl\/wp-json\/wp\/v2\/posts"}],"about":[{"href":"https:\/\/wobronietradycjiiwiary.com\/pl\/wp-json\/wp\/v2\/types\/post"}],"author":[{"embeddable":true,"href":"https:\/\/wobronietradycjiiwiary.com\/pl\/wp-json\/wp\/v2\/users\/60508433"}],"replies":[{"embeddable":true,"href":"https:\/\/wobronietradycjiiwiary.com\/pl\/wp-json\/wp\/v2\/comments?post=108450"}],"version-history":[{"count":1,"href":"https:\/\/wobronietradycjiiwiary.com\/pl\/wp-json\/wp\/v2\/posts\/108450\/revisions"}],"predecessor-version":[{"id":108487,"href":"https:\/\/wobronietradycjiiwiary.com\/pl\/wp-json\/wp\/v2\/posts\/108450\/revisions\/108487"}],"wp:featuredmedia":[{"embeddable":true,"href":"https:\/\/wobronietradycjiiwiary.com\/pl\/wp-json\/wp\/v2\/media\/58750"}],"wp:attachment":[{"href":"https:\/\/wobronietradycjiiwiary.com\/pl\/wp-json\/wp\/v2\/media?parent=108450"}],"wp:term":[{"taxonomy":"category","embeddable":true,"href":"https:\/\/wobronietradycjiiwiary.com\/pl\/wp-json\/wp\/v2\/categories?post=108450"},{"taxonomy":"post_tag","embeddable":true,"href":"https:\/\/wobronietradycjiiwiary.com\/pl\/wp-json\/wp\/v2\/tags?post=108450"}],"curies":[{"name":"wp","href":"https:\/\/api.w.org\/{rel}","templated":true}]}}