{"id":106221,"date":"2023-10-11T08:25:00","date_gmt":"2023-10-11T06:25:00","guid":{"rendered":"https:\/\/wobronietradycjiiwiary.com\/?p=106221"},"modified":"2025-02-07T15:39:14","modified_gmt":"2025-02-07T14:39:14","slug":"kard-gousset-traktat-o-prawach-77-o-powodach-usprawiedliwiajacych-iii-o-przykazaniach-nakazujacych-i-zakazujacych","status":"publish","type":"post","link":"https:\/\/wobronietradycjiiwiary.com\/pl\/kard-gousset-traktat-o-prawach-77-o-powodach-usprawiedliwiajacych-iii-o-przykazaniach-nakazujacych-i-zakazujacych\/","title":{"rendered":"Kard. Gousset, Traktat o prawach. (77) O powodach usprawiedliwiaj\u0105cych (iii). O przykazaniach nakazuj\u0105cych i zakazuj\u0105cych"},"content":{"rendered":"<div id=\"bsf_rt_marker\"><\/div><div style=\"text-align: center\">\n<p>&nbsp;<\/p>\n<\/div>\n<h2 style=\"border: 5px solid #0000A0;padding: 1em;text-align: center\"><span style=\"color: #000000\">Pe\u0142en dost\u0119p dla <span style=\"color: #00ccff\"><a style=\"color: #00ccff\" href=\"https:\/\/wobronietradycjiiwiary.com\/subskrypcje-2\/\" target=\"_blank\" rel=\"noopener\">subskrybent\u00f3w<\/a><\/span>.<\/span><br \/>\n<span style=\"color: #3366ff\"><a style=\"color: #3366ff\" href=\"https:\/\/wobronietradycjiiwiary.com\/account\/login\/\" target=\"_blank\" rel=\"noopener\"><span style=\"color: #00ccff\">Zaloguj<\/span><\/a> <\/span>si\u0119 lub przejd\u017a do <a href=\"https:\/\/wobronietradycjiiwiary.com\/register\/\"><span style=\"color: #3366ff\">Rejestracji<\/span><\/a>.<\/h2>\n<div>\n<p style=\"text-align: center\"><a href=\"https:\/\/wobronietradycjiiwiary.com\/pl\/subskrypcje-2\/cennik\/\" target=\"_blank\" rel=\"noopener\"><span style=\"color: #000080;font-size: 24pt\"><strong>Nowe ni\u017csze ceny<\/strong><\/span><\/a><\/p>\n<p style=\"text-align: center\"><strong><span style=\"font-size: 18pt;color: #000080\">P\u0142atno\u015b\u0107 kart\u0105<\/span><\/strong><\/p>\n<\/div>\n<h3 style=\"text-align: center\"><a href=\"https:\/\/wobronietradycjiiwiary.com\/pl\/subskrypcje-2\/automatyczne\/indywidualne\/\" target=\"_blank\" rel=\"noopener\"><img fetchpriority=\"high\" decoding=\"async\" class=\"alignnone size-medium wp-image-80433\" src=\"https:\/\/wobronietradycjiiwiary.com\/wp-content\/uploads\/2022\/11\/Unbenannt-1-Online-1-300x202.jpg\" alt=\"\" width=\"300\" height=\"202\" srcset=\"https:\/\/wobronietradycjiiwiary.com\/wp-content\/uploads\/2022\/11\/Unbenannt-1-Online-1-300x202.jpg 300w, https:\/\/wobronietradycjiiwiary.com\/wp-content\/uploads\/2022\/11\/Unbenannt-1-Online-1-150x101.jpg 150w, https:\/\/wobronietradycjiiwiary.com\/wp-content\/uploads\/2022\/11\/Unbenannt-1-Online-1-18x12.jpg 18w, https:\/\/wobronietradycjiiwiary.com\/wp-content\/uploads\/2022\/11\/Unbenannt-1-Online-1.jpg 446w\" sizes=\"(max-width: 300px) 100vw, 300px\" \/><\/a><\/h3>\n<p style=\"text-align: center\"><strong><span style=\"font-size: 18pt;color: #000080\">P\u0142atno\u015b\u0107 przelewem<\/span><\/strong><\/p>\n<p><a href=\"https:\/\/wobronietradycjiiwiary.com\/pl\/subskrypcje-2\/automatyczne\/indywidualne\/\" target=\"_blank\" rel=\"noopener\"><img decoding=\"async\" class=\"size-medium wp-image-80434 aligncenter\" src=\"https:\/\/wobronietradycjiiwiary.com\/wp-content\/uploads\/2022\/11\/Unbenannt-1-Przelewem-300x137.jpg\" alt=\"\" width=\"300\" height=\"137\" srcset=\"https:\/\/wobronietradycjiiwiary.com\/wp-content\/uploads\/2022\/11\/Unbenannt-1-Przelewem-300x137.jpg 300w, https:\/\/wobronietradycjiiwiary.com\/wp-content\/uploads\/2022\/11\/Unbenannt-1-Przelewem-450x206.jpg 450w, https:\/\/wobronietradycjiiwiary.com\/wp-content\/uploads\/2022\/11\/Unbenannt-1-Przelewem-600x274.jpg 600w, https:\/\/wobronietradycjiiwiary.com\/wp-content\/uploads\/2022\/11\/Unbenannt-1-Przelewem-150x69.jpg 150w, https:\/\/wobronietradycjiiwiary.com\/wp-content\/uploads\/2022\/11\/Unbenannt-1-Przelewem-18x8.jpg 18w, https:\/\/wobronietradycjiiwiary.com\/wp-content\/uploads\/2022\/11\/Unbenannt-1-Przelewem.jpg 676w\" sizes=\"(max-width: 300px) 100vw, 300px\" \/><\/a><\/p>\n<p style=\"text-align: center\"><strong><span style=\"font-size: 18pt;color: #000080\">P\u0142atno\u015b\u0107 kart\u0105 do 6 os\u00f3b<\/span><\/strong><\/p>\n<p><a href=\"https:\/\/wobronietradycjiiwiary.com\/pl\/rodzinne\/\" target=\"_blank\" rel=\"noopener\"><img decoding=\"async\" class=\"size-medium wp-image-80435 aligncenter\" src=\"https:\/\/wobronietradycjiiwiary.com\/wp-content\/uploads\/2022\/11\/Unbenannt-1-Rodzinna-300x208.jpg\" alt=\"\" width=\"300\" height=\"208\" srcset=\"https:\/\/wobronietradycjiiwiary.com\/wp-content\/uploads\/2022\/11\/Unbenannt-1-Rodzinna-300x208.jpg 300w, https:\/\/wobronietradycjiiwiary.com\/wp-content\/uploads\/2022\/11\/Unbenannt-1-Rodzinna-150x104.jpg 150w, https:\/\/wobronietradycjiiwiary.com\/wp-content\/uploads\/2022\/11\/Unbenannt-1-Rodzinna-18x12.jpg 18w, https:\/\/wobronietradycjiiwiary.com\/wp-content\/uploads\/2022\/11\/Unbenannt-1-Rodzinna.jpg 448w\" sizes=\"(max-width: 300px) 100vw, 300px\" \/><\/a><\/p>\n<h3 style=\"text-align: center\"><\/h3>\n<h1 style=\"text-align: center\"><\/h1>\n","protected":false},"excerpt":{"rendered":"<p>O przykazaniach nakazuj\u0105cych i zakazuj\u0105cych.<\/p>\n","protected":false},"author":60508433,"featured_media":3792,"comment_status":"open","ping_status":"open","sticky":false,"template":"","format":"standard","meta":{"_coblocks_attr":"","_coblocks_dimensions":"","_coblocks_responsive_height":"","_coblocks_accordion_ie_support":"","_exactmetrics_skip_tracking":false,"_jetpack_newsletter_access":"","_jetpack_dont_email_post_to_subs":false,"_jetpack_newsletter_tier_id":0,"_jetpack_memberships_contains_paywalled_content":false,"_wpcom_ai_launchpad_first_post":false,"_jetpack_feature_clip_id":0,"_jetpack_memberships_contains_paid_content":false,"footnotes":"","jetpack_publicize_message":"{title}\n\n{excerpt}\n\n{url}","jetpack_publicize_feature_enabled":true,"jetpack_social_post_already_shared":false,"jetpack_social_options":{"image_generator_settings":{"template":"highway","default_image_id":0,"font":"","enabled":false},"version":2},"_wpas_customize_per_network":false,"jetpack_post_was_ever_published":false},"categories":[610131185,329746566,40321200],"tags":[610132133],"class_list":["post-106221","post","type-post","status-publish","format-standard","has-post-thumbnail","hentry","category-doktryna","category-kardynal-gousset","category-teologia-moralna","tag-restricted"],"yoast_head":"<!-- This site is optimized with the Yoast SEO plugin v28.3 - https:\/\/yoast.com\/product\/yoast-seo-wordpress\/ -->\n<title>Kard. Gousset, Traktat o prawach. (77) O powodach usprawiedliwiaj\u0105cych (iii). O przykazaniach nakazuj\u0105cych i zakazuj\u0105cych - Tradycja i Wiara<\/title>\n<meta name=\"robots\" content=\"index, follow, max-snippet:-1, max-image-preview:large, max-video-preview:-1\" \/>\n<link rel=\"canonical\" href=\"https:\/\/wobronietradycjiiwiary.com\/pl\/kard-gousset-traktat-o-prawach-77-o-powodach-usprawiedliwiajacych-iii-o-przykazaniach-nakazujacych-i-zakazujacych\/\" \/>\n<meta property=\"og:locale\" content=\"pl_PL\" \/>\n<meta property=\"og:type\" content=\"article\" \/>\n<meta property=\"og:title\" content=\"Kard. Gousset, Traktat o prawach. (77) O powodach usprawiedliwiaj\u0105cych (iii). O przykazaniach nakazuj\u0105cych i zakazuj\u0105cych - Tradycja i Wiara\" \/>\n<meta property=\"og:description\" content=\"O przykazaniach nakazuj\u0105cych i zakazuj\u0105cych.\" \/>\n<meta property=\"og:url\" content=\"https:\/\/wobronietradycjiiwiary.com\/pl\/kard-gousset-traktat-o-prawach-77-o-powodach-usprawiedliwiajacych-iii-o-przykazaniach-nakazujacych-i-zakazujacych\/\" \/>\n<meta property=\"og:site_name\" content=\"Tradycja i Wiara\" \/>\n<meta property=\"article:publisher\" content=\"https:\/\/www.facebook.com\/Tradycja-i-Wiara-108813920592249\" \/>\n<meta property=\"article:published_time\" content=\"2023-10-11T06:25:00+00:00\" \/>\n<meta property=\"article:modified_time\" content=\"2025-02-07T14:39:14+00:00\" \/>\n<meta property=\"og:image\" content=\"https:\/\/wobronietradycjiiwiary.com\/wp-content\/uploads\/2015\/02\/reims.jpg\" \/>\n\t<meta property=\"og:image:width\" content=\"384\" \/>\n\t<meta property=\"og:image:height\" content=\"300\" \/>\n\t<meta property=\"og:image:type\" content=\"image\/jpeg\" \/>\n<meta name=\"author\" content=\"Traditio et Fides\" \/>\n<meta name=\"twitter:card\" content=\"summary_large_image\" \/>\n<meta name=\"twitter:label1\" content=\"Napisane przez\" \/>\n\t<meta name=\"twitter:data1\" content=\"Traditio et Fides\" \/>\n\t<meta name=\"twitter:label2\" content=\"Szacowany czas czytania\" \/>\n\t<meta name=\"twitter:data2\" content=\"1 minuta\" \/>\n<script type=\"application\/ld+json\" class=\"yoast-schema-graph\">{\"@context\":\"https:\\\/\\\/schema.org\",\"@graph\":[{\"@type\":\"Article\",\"@id\":\"https:\\\/\\\/wobronietradycjiiwiary.com\\\/kard-gousset-traktat-o-prawach-77-o-powodach-usprawiedliwiajacych-iii-o-przykazaniach-nakazujacych-i-zakazujacych\\\/#article\",\"isPartOf\":{\"@id\":\"https:\\\/\\\/wobronietradycjiiwiary.com\\\/kard-gousset-traktat-o-prawach-77-o-powodach-usprawiedliwiajacych-iii-o-przykazaniach-nakazujacych-i-zakazujacych\\\/\"},\"author\":{\"name\":\"Traditio et Fides\",\"@id\":\"https:\\\/\\\/wobronietradycjiiwiary.com\\\/pl\\\/#\\\/schema\\\/person\\\/2d6180ce6abcb681fef0daab7816e8f3\"},\"headline\":\"Kard. Gousset, Traktat o prawach. (77) O powodach usprawiedliwiaj\u0105cych (iii). O przykazaniach nakazuj\u0105cych i zakazuj\u0105cych\",\"datePublished\":\"2023-10-11T06:25:00+00:00\",\"dateModified\":\"2025-02-07T14:39:14+00:00\",\"mainEntityOfPage\":{\"@id\":\"https:\\\/\\\/wobronietradycjiiwiary.com\\\/kard-gousset-traktat-o-prawach-77-o-powodach-usprawiedliwiajacych-iii-o-przykazaniach-nakazujacych-i-zakazujacych\\\/\"},\"wordCount\":17,\"commentCount\":0,\"publisher\":{\"@id\":\"https:\\\/\\\/wobronietradycjiiwiary.com\\\/pl\\\/#organization\"},\"image\":{\"@id\":\"https:\\\/\\\/wobronietradycjiiwiary.com\\\/kard-gousset-traktat-o-prawach-77-o-powodach-usprawiedliwiajacych-iii-o-przykazaniach-nakazujacych-i-zakazujacych\\\/#primaryimage\"},\"thumbnailUrl\":\"https:\\\/\\\/wobronietradycjiiwiary.com\\\/wp-content\\\/uploads\\\/2015\\\/02\\\/reims.jpg\",\"keywords\":[\"Restricted\"],\"articleSection\":[\"Doktryna\",\"Kardyna\u0142 Gousset\",\"Teologia moralna\"],\"inLanguage\":\"pl-PL\",\"potentialAction\":[{\"@type\":\"CommentAction\",\"name\":\"Comment\",\"target\":[\"https:\\\/\\\/wobronietradycjiiwiary.com\\\/kard-gousset-traktat-o-prawach-77-o-powodach-usprawiedliwiajacych-iii-o-przykazaniach-nakazujacych-i-zakazujacych\\\/#respond\"]}]},{\"@type\":\"WebPage\",\"@id\":\"https:\\\/\\\/wobronietradycjiiwiary.com\\\/kard-gousset-traktat-o-prawach-77-o-powodach-usprawiedliwiajacych-iii-o-przykazaniach-nakazujacych-i-zakazujacych\\\/\",\"url\":\"https:\\\/\\\/wobronietradycjiiwiary.com\\\/kard-gousset-traktat-o-prawach-77-o-powodach-usprawiedliwiajacych-iii-o-przykazaniach-nakazujacych-i-zakazujacych\\\/\",\"name\":\"Kard. Gousset, Traktat o prawach. (77) O powodach usprawiedliwiaj\u0105cych (iii). O przykazaniach nakazuj\u0105cych i zakazuj\u0105cych - Tradycja i Wiara\",\"isPartOf\":{\"@id\":\"https:\\\/\\\/wobronietradycjiiwiary.com\\\/pl\\\/#website\"},\"primaryImageOfPage\":{\"@id\":\"https:\\\/\\\/wobronietradycjiiwiary.com\\\/kard-gousset-traktat-o-prawach-77-o-powodach-usprawiedliwiajacych-iii-o-przykazaniach-nakazujacych-i-zakazujacych\\\/#primaryimage\"},\"image\":{\"@id\":\"https:\\\/\\\/wobronietradycjiiwiary.com\\\/kard-gousset-traktat-o-prawach-77-o-powodach-usprawiedliwiajacych-iii-o-przykazaniach-nakazujacych-i-zakazujacych\\\/#primaryimage\"},\"thumbnailUrl\":\"https:\\\/\\\/wobronietradycjiiwiary.com\\\/wp-content\\\/uploads\\\/2015\\\/02\\\/reims.jpg\",\"datePublished\":\"2023-10-11T06:25:00+00:00\",\"dateModified\":\"2025-02-07T14:39:14+00:00\",\"breadcrumb\":{\"@id\":\"https:\\\/\\\/wobronietradycjiiwiary.com\\\/kard-gousset-traktat-o-prawach-77-o-powodach-usprawiedliwiajacych-iii-o-przykazaniach-nakazujacych-i-zakazujacych\\\/#breadcrumb\"},\"inLanguage\":\"pl-PL\",\"potentialAction\":[{\"@type\":\"ReadAction\",\"target\":[\"https:\\\/\\\/wobronietradycjiiwiary.com\\\/kard-gousset-traktat-o-prawach-77-o-powodach-usprawiedliwiajacych-iii-o-przykazaniach-nakazujacych-i-zakazujacych\\\/\"]}]},{\"@type\":\"ImageObject\",\"inLanguage\":\"pl-PL\",\"@id\":\"https:\\\/\\\/wobronietradycjiiwiary.com\\\/kard-gousset-traktat-o-prawach-77-o-powodach-usprawiedliwiajacych-iii-o-przykazaniach-nakazujacych-i-zakazujacych\\\/#primaryimage\",\"url\":\"https:\\\/\\\/wobronietradycjiiwiary.com\\\/wp-content\\\/uploads\\\/2015\\\/02\\\/reims.jpg\",\"contentUrl\":\"https:\\\/\\\/wobronietradycjiiwiary.com\\\/wp-content\\\/uploads\\\/2015\\\/02\\\/reims.jpg\",\"width\":384,\"height\":300},{\"@type\":\"BreadcrumbList\",\"@id\":\"https:\\\/\\\/wobronietradycjiiwiary.com\\\/kard-gousset-traktat-o-prawach-77-o-powodach-usprawiedliwiajacych-iii-o-przykazaniach-nakazujacych-i-zakazujacych\\\/#breadcrumb\",\"itemListElement\":[{\"@type\":\"ListItem\",\"position\":1,\"name\":\"Strona g\u0142\u00f3wna\",\"item\":\"https:\\\/\\\/wobronietradycjiiwiary.com\\\/\"},{\"@type\":\"ListItem\",\"position\":2,\"name\":\"Kard. Gousset, Traktat o prawach. (77) O powodach usprawiedliwiaj\u0105cych (iii). O przykazaniach nakazuj\u0105cych i zakazuj\u0105cych\"}]},{\"@type\":\"WebSite\",\"@id\":\"https:\\\/\\\/wobronietradycjiiwiary.com\\\/pl\\\/#website\",\"url\":\"https:\\\/\\\/wobronietradycjiiwiary.com\\\/pl\\\/\",\"name\":\"Tradycja i Wiara\",\"description\":\"Portal dla katolik\u00f3w.\",\"publisher\":{\"@id\":\"https:\\\/\\\/wobronietradycjiiwiary.com\\\/pl\\\/#organization\"},\"potentialAction\":[{\"@type\":\"SearchAction\",\"target\":{\"@type\":\"EntryPoint\",\"urlTemplate\":\"https:\\\/\\\/wobronietradycjiiwiary.com\\\/pl\\\/?s={search_term_string}\"},\"query-input\":{\"@type\":\"PropertyValueSpecification\",\"valueRequired\":true,\"valueName\":\"search_term_string\"}}],\"inLanguage\":\"pl-PL\"},{\"@type\":\"Organization\",\"@id\":\"https:\\\/\\\/wobronietradycjiiwiary.com\\\/pl\\\/#organization\",\"name\":\"Tradycja i Wiara\",\"url\":\"https:\\\/\\\/wobronietradycjiiwiary.com\\\/pl\\\/\",\"logo\":{\"@type\":\"ImageObject\",\"inLanguage\":\"pl-PL\",\"@id\":\"https:\\\/\\\/wobronietradycjiiwiary.com\\\/pl\\\/#\\\/schema\\\/logo\\\/image\\\/\",\"url\":\"https:\\\/\\\/i0.wp.com\\\/wobronietradycjiiwiary.com\\\/wp-content\\\/uploads\\\/2015\\\/10\\\/cropped-st-peters-dome-vatican.jpg?fit=940%2C198&ssl=1\",\"contentUrl\":\"https:\\\/\\\/i0.wp.com\\\/wobronietradycjiiwiary.com\\\/wp-content\\\/uploads\\\/2015\\\/10\\\/cropped-st-peters-dome-vatican.jpg?fit=940%2C198&ssl=1\",\"width\":940,\"height\":198,\"caption\":\"Tradycja i Wiara\"},\"image\":{\"@id\":\"https:\\\/\\\/wobronietradycjiiwiary.com\\\/pl\\\/#\\\/schema\\\/logo\\\/image\\\/\"},\"sameAs\":[\"https:\\\/\\\/www.facebook.com\\\/Tradycja-i-Wiara-108813920592249\"]},{\"@type\":\"Person\",\"@id\":\"https:\\\/\\\/wobronietradycjiiwiary.com\\\/pl\\\/#\\\/schema\\\/person\\\/2d6180ce6abcb681fef0daab7816e8f3\",\"name\":\"Traditio et Fides\",\"sameAs\":[\"https:\\\/\\\/traditionundglauben.com\"],\"url\":\"https:\\\/\\\/wobronietradycjiiwiary.com\\\/pl\\\/author\\\/wobronietradycjiiwiary\\\/\"}]}<\/script>\n<!-- \/ Yoast SEO plugin. -->","yoast_head_json":{"title":"Kard. Gousset, Traktat o prawach. (77) O powodach usprawiedliwiaj\u0105cych (iii). O przykazaniach nakazuj\u0105cych i zakazuj\u0105cych - Tradycja i Wiara","robots":{"index":"index","follow":"follow","max-snippet":"max-snippet:-1","max-image-preview":"max-image-preview:large","max-video-preview":"max-video-preview:-1"},"canonical":"https:\/\/wobronietradycjiiwiary.com\/pl\/kard-gousset-traktat-o-prawach-77-o-powodach-usprawiedliwiajacych-iii-o-przykazaniach-nakazujacych-i-zakazujacych\/","og_locale":"pl_PL","og_type":"article","og_title":"Kard. Gousset, Traktat o prawach. (77) O powodach usprawiedliwiaj\u0105cych (iii). O przykazaniach nakazuj\u0105cych i zakazuj\u0105cych - Tradycja i Wiara","og_description":"O przykazaniach nakazuj\u0105cych i zakazuj\u0105cych.","og_url":"https:\/\/wobronietradycjiiwiary.com\/pl\/kard-gousset-traktat-o-prawach-77-o-powodach-usprawiedliwiajacych-iii-o-przykazaniach-nakazujacych-i-zakazujacych\/","og_site_name":"Tradycja i Wiara","article_publisher":"https:\/\/www.facebook.com\/Tradycja-i-Wiara-108813920592249","article_published_time":"2023-10-11T06:25:00+00:00","article_modified_time":"2025-02-07T14:39:14+00:00","og_image":[{"width":384,"height":300,"url":"https:\/\/wobronietradycjiiwiary.com\/wp-content\/uploads\/2015\/02\/reims.jpg","type":"image\/jpeg"}],"author":"Traditio et Fides","twitter_card":"summary_large_image","twitter_misc":{"Napisane przez":"Traditio et Fides","Szacowany czas czytania":"1 minuta"},"schema":{"@context":"https:\/\/schema.org","@graph":[{"@type":"Article","@id":"https:\/\/wobronietradycjiiwiary.com\/kard-gousset-traktat-o-prawach-77-o-powodach-usprawiedliwiajacych-iii-o-przykazaniach-nakazujacych-i-zakazujacych\/#article","isPartOf":{"@id":"https:\/\/wobronietradycjiiwiary.com\/kard-gousset-traktat-o-prawach-77-o-powodach-usprawiedliwiajacych-iii-o-przykazaniach-nakazujacych-i-zakazujacych\/"},"author":{"name":"Traditio et Fides","@id":"https:\/\/wobronietradycjiiwiary.com\/pl\/#\/schema\/person\/2d6180ce6abcb681fef0daab7816e8f3"},"headline":"Kard. Gousset, Traktat o prawach. (77) O powodach usprawiedliwiaj\u0105cych (iii). O przykazaniach nakazuj\u0105cych i zakazuj\u0105cych","datePublished":"2023-10-11T06:25:00+00:00","dateModified":"2025-02-07T14:39:14+00:00","mainEntityOfPage":{"@id":"https:\/\/wobronietradycjiiwiary.com\/kard-gousset-traktat-o-prawach-77-o-powodach-usprawiedliwiajacych-iii-o-przykazaniach-nakazujacych-i-zakazujacych\/"},"wordCount":17,"commentCount":0,"publisher":{"@id":"https:\/\/wobronietradycjiiwiary.com\/pl\/#organization"},"image":{"@id":"https:\/\/wobronietradycjiiwiary.com\/kard-gousset-traktat-o-prawach-77-o-powodach-usprawiedliwiajacych-iii-o-przykazaniach-nakazujacych-i-zakazujacych\/#primaryimage"},"thumbnailUrl":"https:\/\/wobronietradycjiiwiary.com\/wp-content\/uploads\/2015\/02\/reims.jpg","keywords":["Restricted"],"articleSection":["Doktryna","Kardyna\u0142 Gousset","Teologia moralna"],"inLanguage":"pl-PL","potentialAction":[{"@type":"CommentAction","name":"Comment","target":["https:\/\/wobronietradycjiiwiary.com\/kard-gousset-traktat-o-prawach-77-o-powodach-usprawiedliwiajacych-iii-o-przykazaniach-nakazujacych-i-zakazujacych\/#respond"]}]},{"@type":"WebPage","@id":"https:\/\/wobronietradycjiiwiary.com\/kard-gousset-traktat-o-prawach-77-o-powodach-usprawiedliwiajacych-iii-o-przykazaniach-nakazujacych-i-zakazujacych\/","url":"https:\/\/wobronietradycjiiwiary.com\/kard-gousset-traktat-o-prawach-77-o-powodach-usprawiedliwiajacych-iii-o-przykazaniach-nakazujacych-i-zakazujacych\/","name":"Kard. Gousset, Traktat o prawach. (77) O powodach usprawiedliwiaj\u0105cych (iii). O przykazaniach nakazuj\u0105cych i zakazuj\u0105cych - Tradycja i Wiara","isPartOf":{"@id":"https:\/\/wobronietradycjiiwiary.com\/pl\/#website"},"primaryImageOfPage":{"@id":"https:\/\/wobronietradycjiiwiary.com\/kard-gousset-traktat-o-prawach-77-o-powodach-usprawiedliwiajacych-iii-o-przykazaniach-nakazujacych-i-zakazujacych\/#primaryimage"},"image":{"@id":"https:\/\/wobronietradycjiiwiary.com\/kard-gousset-traktat-o-prawach-77-o-powodach-usprawiedliwiajacych-iii-o-przykazaniach-nakazujacych-i-zakazujacych\/#primaryimage"},"thumbnailUrl":"https:\/\/wobronietradycjiiwiary.com\/wp-content\/uploads\/2015\/02\/reims.jpg","datePublished":"2023-10-11T06:25:00+00:00","dateModified":"2025-02-07T14:39:14+00:00","breadcrumb":{"@id":"https:\/\/wobronietradycjiiwiary.com\/kard-gousset-traktat-o-prawach-77-o-powodach-usprawiedliwiajacych-iii-o-przykazaniach-nakazujacych-i-zakazujacych\/#breadcrumb"},"inLanguage":"pl-PL","potentialAction":[{"@type":"ReadAction","target":["https:\/\/wobronietradycjiiwiary.com\/kard-gousset-traktat-o-prawach-77-o-powodach-usprawiedliwiajacych-iii-o-przykazaniach-nakazujacych-i-zakazujacych\/"]}]},{"@type":"ImageObject","inLanguage":"pl-PL","@id":"https:\/\/wobronietradycjiiwiary.com\/kard-gousset-traktat-o-prawach-77-o-powodach-usprawiedliwiajacych-iii-o-przykazaniach-nakazujacych-i-zakazujacych\/#primaryimage","url":"https:\/\/wobronietradycjiiwiary.com\/wp-content\/uploads\/2015\/02\/reims.jpg","contentUrl":"https:\/\/wobronietradycjiiwiary.com\/wp-content\/uploads\/2015\/02\/reims.jpg","width":384,"height":300},{"@type":"BreadcrumbList","@id":"https:\/\/wobronietradycjiiwiary.com\/kard-gousset-traktat-o-prawach-77-o-powodach-usprawiedliwiajacych-iii-o-przykazaniach-nakazujacych-i-zakazujacych\/#breadcrumb","itemListElement":[{"@type":"ListItem","position":1,"name":"Strona g\u0142\u00f3wna","item":"https:\/\/wobronietradycjiiwiary.com\/"},{"@type":"ListItem","position":2,"name":"Kard. Gousset, Traktat o prawach. (77) O powodach usprawiedliwiaj\u0105cych (iii). O przykazaniach nakazuj\u0105cych i zakazuj\u0105cych"}]},{"@type":"WebSite","@id":"https:\/\/wobronietradycjiiwiary.com\/pl\/#website","url":"https:\/\/wobronietradycjiiwiary.com\/pl\/","name":"Tradycja i Wiara","description":"Portal dla katolik\u00f3w.","publisher":{"@id":"https:\/\/wobronietradycjiiwiary.com\/pl\/#organization"},"potentialAction":[{"@type":"SearchAction","target":{"@type":"EntryPoint","urlTemplate":"https:\/\/wobronietradycjiiwiary.com\/pl\/?s={search_term_string}"},"query-input":{"@type":"PropertyValueSpecification","valueRequired":true,"valueName":"search_term_string"}}],"inLanguage":"pl-PL"},{"@type":"Organization","@id":"https:\/\/wobronietradycjiiwiary.com\/pl\/#organization","name":"Tradycja i Wiara","url":"https:\/\/wobronietradycjiiwiary.com\/pl\/","logo":{"@type":"ImageObject","inLanguage":"pl-PL","@id":"https:\/\/wobronietradycjiiwiary.com\/pl\/#\/schema\/logo\/image\/","url":"https:\/\/i0.wp.com\/wobronietradycjiiwiary.com\/wp-content\/uploads\/2015\/10\/cropped-st-peters-dome-vatican.jpg?fit=940%2C198&ssl=1","contentUrl":"https:\/\/i0.wp.com\/wobronietradycjiiwiary.com\/wp-content\/uploads\/2015\/10\/cropped-st-peters-dome-vatican.jpg?fit=940%2C198&ssl=1","width":940,"height":198,"caption":"Tradycja i Wiara"},"image":{"@id":"https:\/\/wobronietradycjiiwiary.com\/pl\/#\/schema\/logo\/image\/"},"sameAs":["https:\/\/www.facebook.com\/Tradycja-i-Wiara-108813920592249"]},{"@type":"Person","@id":"https:\/\/wobronietradycjiiwiary.com\/pl\/#\/schema\/person\/2d6180ce6abcb681fef0daab7816e8f3","name":"Traditio et Fides","sameAs":["https:\/\/traditionundglauben.com"],"url":"https:\/\/wobronietradycjiiwiary.com\/pl\/author\/wobronietradycjiiwiary\/"}]}},"jetpack_publicize_connections":[],"jetpack_sharing_enabled":true,"jetpack_likes_enabled":true,"jetpack_shortlink":"https:\/\/wp.me\/pc04Sd-rDf","jetpack-related-posts":[{"id":106415,"url":"https:\/\/wobronietradycjiiwiary.com\/pl\/kard-gousset-traktat-o-prawach-78-o-powodach-usprawiedliwiajacych-iv-niemoznosc\/","url_meta":{"origin":106221,"position":0},"title":"Kard. Gousset, Traktat o prawach. (78) O powodach usprawiedliwiaj\u0105cych (iv). Niemo\u017cno\u015b\u0107","author":"Traditio et Fides","date":"18 pa\u017adziernika 2023","format":false,"excerpt":"O wype\u0142nianiu cz\u0119\u015bci i ca\u0142o\u015bci.","rel":"","context":"W \u201eDoktryna&quot;","block_context":{"text":"Doktryna","link":"https:\/\/wobronietradycjiiwiary.com\/pl\/category\/doktryna\/"},"img":{"alt_text":"","src":"https:\/\/i0.wp.com\/wobronietradycjiiwiary.com\/wp-content\/uploads\/2015\/02\/reims.jpg?resize=350%2C200&ssl=1","width":350,"height":200},"classes":[]},{"id":105530,"url":"https:\/\/wobronietradycjiiwiary.com\/pl\/kard-gousset-traktat-o-prawach-76-o-powodach-usprawiedliwiajacych-ii-obawa\/","url_meta":{"origin":106221,"position":1},"title":"Kard. Gousset, Traktat o prawach. (76) O powodach usprawiedliwiaj\u0105cych (ii). Obawa","author":"Traditio et Fides","date":"4 pa\u017adziernika 2023","format":false,"excerpt":"O obawie jako powodzie usprawiedliwiaj\u0105cym.","rel":"","context":"W \u201eDoktryna&quot;","block_context":{"text":"Doktryna","link":"https:\/\/wobronietradycjiiwiary.com\/pl\/category\/doktryna\/"},"img":{"alt_text":"","src":"https:\/\/i0.wp.com\/wobronietradycjiiwiary.com\/wp-content\/uploads\/2015\/02\/reims.jpg?resize=350%2C200&ssl=1","width":350,"height":200},"classes":[]},{"id":107678,"url":"https:\/\/wobronietradycjiiwiary.com\/pl\/kard-gousset-traktat-o-prawach-82-o-wykladzie-praw-iv-najpierw-przeczytac\/","url_meta":{"origin":106221,"position":2},"title":"Kard. Gousset, Traktat o prawach. (82) O wyk\u0142adzie praw (iv). Najpierw przeczyta\u0107","author":"Traditio et Fides","date":"22 listopada 2023","format":false,"excerpt":"O czytaniu prawa.","rel":"","context":"W \u201eDoktryna&quot;","block_context":{"text":"Doktryna","link":"https:\/\/wobronietradycjiiwiary.com\/pl\/category\/doktryna\/"},"img":{"alt_text":"","src":"https:\/\/i0.wp.com\/wobronietradycjiiwiary.com\/wp-content\/uploads\/2015\/02\/reims.jpg?resize=350%2C200&ssl=1","width":350,"height":200},"classes":[]},{"id":110266,"url":"https:\/\/wobronietradycjiiwiary.com\/pl\/kard-gousset-traktat-o-prawach-86-o-wykladzie-praw-viii-prawo-dotyczy-podmiotu\/","url_meta":{"origin":106221,"position":3},"title":"Kard. Gousset, Traktat o prawach. (86) O wyk\u0142adzie praw (viii). Prawo dotyczy podmiotu","author":"Traditio et Fides","date":"3 stycznia 2024","format":false,"excerpt":"O zakresie prawa.","rel":"","context":"W \u201eDoktryna&quot;","block_context":{"text":"Doktryna","link":"https:\/\/wobronietradycjiiwiary.com\/pl\/category\/doktryna\/"},"img":{"alt_text":"","src":"https:\/\/i0.wp.com\/wobronietradycjiiwiary.com\/wp-content\/uploads\/2015\/02\/reims.jpg?resize=350%2C200&ssl=1","width":350,"height":200},"classes":[]},{"id":101370,"url":"https:\/\/wobronietradycjiiwiary.com\/pl\/kard-gousset-traktat-o-prawach-74-kto-podlega-prawom-x-sprawa-postow\/","url_meta":{"origin":106221,"position":4},"title":"Kard. Gousset, Traktat o prawach. (74) Kto podlega prawom (x). Sprawa post\u00f3w","author":"Traditio et Fides","date":"6 wrze\u015bnia 2023","format":false,"excerpt":"O wstrzemi\u0119\u017aliwo\u015bci i postach.","rel":"","context":"W \u201eDoktryna&quot;","block_context":{"text":"Doktryna","link":"https:\/\/wobronietradycjiiwiary.com\/pl\/category\/doktryna\/"},"img":{"alt_text":"","src":"https:\/\/i0.wp.com\/wobronietradycjiiwiary.com\/wp-content\/uploads\/2015\/02\/reims.jpg?resize=350%2C200&ssl=1","width":350,"height":200},"classes":[]},{"id":107379,"url":"https:\/\/wobronietradycjiiwiary.com\/pl\/kard-gousset-traktat-o-prawach-80-o-wykladzie-praw-ii-wyjasnienie-praw\/","url_meta":{"origin":106221,"position":5},"title":"Kard. Gousset, Traktat o prawach. (80) O wyk\u0142adzie praw (ii). Wyja\u015bnienie praw","author":"Traditio et Fides","date":"8 listopada 2023","format":false,"excerpt":"O tym, czym jest epikeia?","rel":"","context":"W \u201eDoktryna&quot;","block_context":{"text":"Doktryna","link":"https:\/\/wobronietradycjiiwiary.com\/pl\/category\/doktryna\/"},"img":{"alt_text":"","src":"https:\/\/i0.wp.com\/wobronietradycjiiwiary.com\/wp-content\/uploads\/2015\/02\/reims.jpg?resize=350%2C200&ssl=1","width":350,"height":200},"classes":[]}],"jetpack_featured_media_url":"https:\/\/wobronietradycjiiwiary.com\/wp-content\/uploads\/2015\/02\/reims.jpg","_links":{"self":[{"href":"https:\/\/wobronietradycjiiwiary.com\/pl\/wp-json\/wp\/v2\/posts\/106221","targetHints":{"allow":["GET"]}}],"collection":[{"href":"https:\/\/wobronietradycjiiwiary.com\/pl\/wp-json\/wp\/v2\/posts"}],"about":[{"href":"https:\/\/wobronietradycjiiwiary.com\/pl\/wp-json\/wp\/v2\/types\/post"}],"author":[{"embeddable":true,"href":"https:\/\/wobronietradycjiiwiary.com\/pl\/wp-json\/wp\/v2\/users\/60508433"}],"replies":[{"embeddable":true,"href":"https:\/\/wobronietradycjiiwiary.com\/pl\/wp-json\/wp\/v2\/comments?post=106221"}],"version-history":[{"count":3,"href":"https:\/\/wobronietradycjiiwiary.com\/pl\/wp-json\/wp\/v2\/posts\/106221\/revisions"}],"predecessor-version":[{"id":106416,"href":"https:\/\/wobronietradycjiiwiary.com\/pl\/wp-json\/wp\/v2\/posts\/106221\/revisions\/106416"}],"wp:featuredmedia":[{"embeddable":true,"href":"https:\/\/wobronietradycjiiwiary.com\/pl\/wp-json\/wp\/v2\/media\/3792"}],"wp:attachment":[{"href":"https:\/\/wobronietradycjiiwiary.com\/pl\/wp-json\/wp\/v2\/media?parent=106221"}],"wp:term":[{"taxonomy":"category","embeddable":true,"href":"https:\/\/wobronietradycjiiwiary.com\/pl\/wp-json\/wp\/v2\/categories?post=106221"},{"taxonomy":"post_tag","embeddable":true,"href":"https:\/\/wobronietradycjiiwiary.com\/pl\/wp-json\/wp\/v2\/tags?post=106221"}],"curies":[{"name":"wp","href":"https:\/\/api.w.org\/{rel}","templated":true}]}}