{"id":105378,"date":"2023-10-03T08:10:00","date_gmt":"2023-10-03T06:10:00","guid":{"rendered":"https:\/\/wobronietradycjiiwiary.com\/?p=105378"},"modified":"2026-04-16T14:19:47","modified_gmt":"2026-04-16T12:19:47","slug":"carol-byrne-msza-dialogowana-79-2-z-129-dwuznaczny-jezyk-zwodzacy-konserwatystow-ii","status":"publish","type":"post","link":"https:\/\/wobronietradycjiiwiary.com\/pl\/carol-byrne-msza-dialogowana-79-2-z-129-dwuznaczny-jezyk-zwodzacy-konserwatystow-ii\/","title":{"rendered":"Carol Byrne, &#8220;Msza dialogowana&#8221;. (79.2 z 129). Dwuznaczny j\u0119zyk zwodz\u0105cy konserwatyst\u00f3w (ii)"},"content":{"rendered":"<div id=\"bsf_rt_marker\"><\/div><p>Jak zawiedziono oczekiwania konserwatywne Konstytucja soborowa o liturgii\u00a0Sacrosanctum Concilium by\u0142a dokumentem, kt\u00f3ry najwyra\u017aniej broni\u0142 tradycji chora\u0142u gregoria\u0144skiego i j\u0119zyka \u0142aci\u0144skiego,&hellip;<\/p>\n<div style=\"text-align: center\">\n<p>&nbsp;<\/p>\n<\/div>\n<h2 style=\"border: 5px solid #0000A0;padding: 1em;text-align: center\"><span style=\"color: #000000\">Pe\u0142en dost\u0119p dla <span style=\"color: #00ccff\"><a style=\"color: #00ccff\" href=\"https:\/\/wobronietradycjiiwiary.com\/subskrypcje-2\/\" target=\"_blank\" rel=\"noopener\">subskrybent\u00f3w<\/a><\/span>.<\/span><br \/>\n<span style=\"color: #3366ff\"><a style=\"color: #3366ff\" href=\"https:\/\/wobronietradycjiiwiary.com\/account\/login\/\" target=\"_blank\" rel=\"noopener\"><span style=\"color: #00ccff\">Zaloguj<\/span><\/a> <\/span>si\u0119 lub przejd\u017a do <a href=\"https:\/\/wobronietradycjiiwiary.com\/register\/\"><span style=\"color: #3366ff\">Rejestracji<\/span><\/a>.<\/h2>\n<div>\n<p style=\"text-align: center\"><a href=\"https:\/\/wobronietradycjiiwiary.com\/pl\/subskrypcje-2\/cennik\/\" target=\"_blank\" rel=\"noopener\"><span style=\"color: #000080;font-size: 24pt\"><strong>Nowe ni\u017csze ceny<\/strong><\/span><\/a><\/p>\n<p style=\"text-align: center\"><strong><span style=\"font-size: 18pt;color: #000080\">P\u0142atno\u015b\u0107 kart\u0105<\/span><\/strong><\/p>\n<\/div>\n<h3 style=\"text-align: center\"><a href=\"https:\/\/wobronietradycjiiwiary.com\/pl\/subskrypcje-2\/automatyczne\/indywidualne\/\" target=\"_blank\" rel=\"noopener\"><img fetchpriority=\"high\" decoding=\"async\" class=\"alignnone size-medium wp-image-80433\" src=\"https:\/\/wobronietradycjiiwiary.com\/wp-content\/uploads\/2022\/11\/Unbenannt-1-Online-1-300x202.jpg\" alt=\"\" width=\"300\" height=\"202\" srcset=\"https:\/\/wobronietradycjiiwiary.com\/wp-content\/uploads\/2022\/11\/Unbenannt-1-Online-1-300x202.jpg 300w, https:\/\/wobronietradycjiiwiary.com\/wp-content\/uploads\/2022\/11\/Unbenannt-1-Online-1-150x101.jpg 150w, https:\/\/wobronietradycjiiwiary.com\/wp-content\/uploads\/2022\/11\/Unbenannt-1-Online-1-18x12.jpg 18w, https:\/\/wobronietradycjiiwiary.com\/wp-content\/uploads\/2022\/11\/Unbenannt-1-Online-1.jpg 446w\" sizes=\"(max-width: 300px) 100vw, 300px\" \/><\/a><\/h3>\n<p style=\"text-align: center\"><strong><span style=\"font-size: 18pt;color: #000080\">P\u0142atno\u015b\u0107 przelewem<\/span><\/strong><\/p>\n<p><a href=\"https:\/\/wobronietradycjiiwiary.com\/pl\/subskrypcje-2\/automatyczne\/indywidualne\/\" target=\"_blank\" rel=\"noopener\"><img decoding=\"async\" class=\"size-medium wp-image-80434 aligncenter\" src=\"https:\/\/wobronietradycjiiwiary.com\/wp-content\/uploads\/2022\/11\/Unbenannt-1-Przelewem-300x137.jpg\" alt=\"\" width=\"300\" height=\"137\" srcset=\"https:\/\/wobronietradycjiiwiary.com\/wp-content\/uploads\/2022\/11\/Unbenannt-1-Przelewem-300x137.jpg 300w, https:\/\/wobronietradycjiiwiary.com\/wp-content\/uploads\/2022\/11\/Unbenannt-1-Przelewem-450x206.jpg 450w, https:\/\/wobronietradycjiiwiary.com\/wp-content\/uploads\/2022\/11\/Unbenannt-1-Przelewem-600x274.jpg 600w, https:\/\/wobronietradycjiiwiary.com\/wp-content\/uploads\/2022\/11\/Unbenannt-1-Przelewem-150x69.jpg 150w, https:\/\/wobronietradycjiiwiary.com\/wp-content\/uploads\/2022\/11\/Unbenannt-1-Przelewem-18x8.jpg 18w, https:\/\/wobronietradycjiiwiary.com\/wp-content\/uploads\/2022\/11\/Unbenannt-1-Przelewem.jpg 676w\" sizes=\"(max-width: 300px) 100vw, 300px\" \/><\/a><\/p>\n<p style=\"text-align: center\"><strong><span style=\"font-size: 18pt;color: #000080\">P\u0142atno\u015b\u0107 kart\u0105 do 6 os\u00f3b<\/span><\/strong><\/p>\n<p><a href=\"https:\/\/wobronietradycjiiwiary.com\/pl\/rodzinne\/\" target=\"_blank\" rel=\"noopener\"><img decoding=\"async\" class=\"size-medium wp-image-80435 aligncenter\" src=\"https:\/\/wobronietradycjiiwiary.com\/wp-content\/uploads\/2022\/11\/Unbenannt-1-Rodzinna-300x208.jpg\" alt=\"\" width=\"300\" height=\"208\" srcset=\"https:\/\/wobronietradycjiiwiary.com\/wp-content\/uploads\/2022\/11\/Unbenannt-1-Rodzinna-300x208.jpg 300w, https:\/\/wobronietradycjiiwiary.com\/wp-content\/uploads\/2022\/11\/Unbenannt-1-Rodzinna-150x104.jpg 150w, https:\/\/wobronietradycjiiwiary.com\/wp-content\/uploads\/2022\/11\/Unbenannt-1-Rodzinna-18x12.jpg 18w, https:\/\/wobronietradycjiiwiary.com\/wp-content\/uploads\/2022\/11\/Unbenannt-1-Rodzinna.jpg 448w\" sizes=\"(max-width: 300px) 100vw, 300px\" \/><\/a><\/p>\n<h3 style=\"text-align: center\"><\/h3>\n<h1 style=\"text-align: center\"><\/h1>\n","protected":false},"excerpt":{"rendered":"<p>Po Soborze katolicy i protestanci maj\u0105 praktycznie te same \u015bpiewniki.<\/p>\n","protected":false},"author":60508433,"featured_media":25104,"comment_status":"open","ping_status":"open","sticky":false,"template":"","format":"standard","meta":{"_bbp_topic_count":0,"_bbp_reply_count":0,"_bbp_total_topic_count":0,"_bbp_total_reply_count":0,"_bbp_voice_count":0,"_bbp_anonymous_reply_count":0,"_bbp_topic_count_hidden":0,"_bbp_reply_count_hidden":0,"_bbp_forum_subforum_count":0,"_editorskit_title_hidden":false,"_editorskit_reading_time":0,"_editorskit_is_block_options_detached":false,"_editorskit_block_options_position":"{}","_coblocks_attr":"","_coblocks_dimensions":"","_coblocks_responsive_height":"","_coblocks_accordion_ie_support":"","_exactmetrics_skip_tracking":false,"_jetpack_newsletter_access":"","_jetpack_dont_email_post_to_subs":false,"_jetpack_newsletter_tier_id":0,"_jetpack_memberships_contains_paywalled_content":false,"_wpcom_ai_launchpad_first_post":false,"_jetpack_feature_clip_id":0,"_jetpack_memberships_contains_paid_content":false,"footnotes":"","jetpack_publicize_message":"{title}\n\n{excerpt}\n\n{url}","jetpack_publicize_feature_enabled":true,"jetpack_social_post_already_shared":false,"jetpack_social_options":{"image_generator_settings":{"template":"highway","default_image_id":0,"font":"","enabled":false},"version":2},"_wpas_customize_per_network":false,"jetpack_post_was_ever_published":false},"categories":[610136137,610136134,610133926],"tags":[610132133],"class_list":["post-105378","post","type-post","status-publish","format-standard","has-post-thumbnail","hentry","category-1-aktywne-uczestnictwo","category-4-jan-xxiii","category-byrne","tag-restricted"],"yoast_head":"<!-- This site is optimized with the Yoast SEO plugin v28.4 - https:\/\/yoast.com\/product\/yoast-seo-wordpress\/ -->\n<title>Carol Byrne, &quot;Msza dialogowana&quot;. (79.2 z 129). Dwuznaczny j\u0119zyk zwodz\u0105cy konserwatyst\u00f3w (ii) - Tradycja i Wiara<\/title>\n<meta name=\"robots\" content=\"index, follow, max-snippet:-1, max-image-preview:large, max-video-preview:-1\" \/>\n<link rel=\"canonical\" href=\"https:\/\/wobronietradycjiiwiary.com\/pl\/carol-byrne-msza-dialogowana-79-2-z-129-dwuznaczny-jezyk-zwodzacy-konserwatystow-ii\/\" \/>\n<meta property=\"og:locale\" content=\"pl_PL\" \/>\n<meta property=\"og:type\" content=\"article\" \/>\n<meta property=\"og:title\" content=\"Carol Byrne, &quot;Msza dialogowana&quot;. (79.2 z 129). Dwuznaczny j\u0119zyk zwodz\u0105cy konserwatyst\u00f3w (ii) - Tradycja i Wiara\" \/>\n<meta property=\"og:description\" content=\"Po Soborze katolicy i protestanci maj\u0105 praktycznie te same \u015bpiewniki.\" \/>\n<meta property=\"og:url\" content=\"https:\/\/wobronietradycjiiwiary.com\/pl\/carol-byrne-msza-dialogowana-79-2-z-129-dwuznaczny-jezyk-zwodzacy-konserwatystow-ii\/\" \/>\n<meta property=\"og:site_name\" content=\"Tradycja i Wiara\" \/>\n<meta property=\"article:publisher\" content=\"https:\/\/www.facebook.com\/Tradycja-i-Wiara-108813920592249\" \/>\n<meta property=\"article:published_time\" content=\"2023-10-03T06:10:00+00:00\" \/>\n<meta property=\"article:modified_time\" content=\"2026-04-16T12:19:47+00:00\" \/>\n<meta property=\"og:image\" content=\"https:\/\/wobronietradycjiiwiary.com\/wp-content\/uploads\/2019\/10\/carreno-de-miranda.jpg\" \/>\n\t<meta property=\"og:image:width\" content=\"800\" \/>\n\t<meta property=\"og:image:height\" content=\"1179\" \/>\n\t<meta property=\"og:image:type\" content=\"image\/jpeg\" \/>\n<meta name=\"author\" content=\"Traditio et Fides\" \/>\n<meta name=\"twitter:card\" content=\"summary_large_image\" \/>\n<meta name=\"twitter:label1\" content=\"Napisane przez\" \/>\n\t<meta name=\"twitter:data1\" content=\"Traditio et Fides\" \/>\n\t<meta name=\"twitter:label2\" content=\"Szacowany czas czytania\" \/>\n\t<meta name=\"twitter:data2\" content=\"4 minuty\" \/>\n<script type=\"application\/ld+json\" class=\"yoast-schema-graph\">{\"@context\":\"https:\\\/\\\/schema.org\",\"@graph\":[{\"@type\":\"Article\",\"@id\":\"https:\\\/\\\/wobronietradycjiiwiary.com\\\/carol-byrne-msza-dialogowana-79-2-z-129-dwuznaczny-jezyk-zwodzacy-konserwatystow-ii\\\/#article\",\"isPartOf\":{\"@id\":\"https:\\\/\\\/wobronietradycjiiwiary.com\\\/carol-byrne-msza-dialogowana-79-2-z-129-dwuznaczny-jezyk-zwodzacy-konserwatystow-ii\\\/\"},\"author\":{\"name\":\"Traditio et Fides\",\"@id\":\"https:\\\/\\\/wobronietradycjiiwiary.com\\\/pl\\\/#\\\/schema\\\/person\\\/2d6180ce6abcb681fef0daab7816e8f3\"},\"headline\":\"Carol Byrne, &#8220;Msza dialogowana&#8221;. (79.2 z 129). Dwuznaczny j\u0119zyk zwodz\u0105cy konserwatyst\u00f3w (ii)\",\"datePublished\":\"2023-10-03T06:10:00+00:00\",\"dateModified\":\"2026-04-16T12:19:47+00:00\",\"mainEntityOfPage\":{\"@id\":\"https:\\\/\\\/wobronietradycjiiwiary.com\\\/carol-byrne-msza-dialogowana-79-2-z-129-dwuznaczny-jezyk-zwodzacy-konserwatystow-ii\\\/\"},\"wordCount\":652,\"commentCount\":0,\"publisher\":{\"@id\":\"https:\\\/\\\/wobronietradycjiiwiary.com\\\/pl\\\/#organization\"},\"image\":{\"@id\":\"https:\\\/\\\/wobronietradycjiiwiary.com\\\/carol-byrne-msza-dialogowana-79-2-z-129-dwuznaczny-jezyk-zwodzacy-konserwatystow-ii\\\/#primaryimage\"},\"thumbnailUrl\":\"https:\\\/\\\/wobronietradycjiiwiary.com\\\/wp-content\\\/uploads\\\/2019\\\/10\\\/carreno-de-miranda.jpg\",\"keywords\":[\"Restricted\"],\"articleSection\":[\"1. Aktywne uczestnictwo\",\"4) Jan XXIII\",\"Byrne, \\\"Msza dialogowana\\\"\"],\"inLanguage\":\"pl-PL\",\"potentialAction\":[{\"@type\":\"CommentAction\",\"name\":\"Comment\",\"target\":[\"https:\\\/\\\/wobronietradycjiiwiary.com\\\/carol-byrne-msza-dialogowana-79-2-z-129-dwuznaczny-jezyk-zwodzacy-konserwatystow-ii\\\/#respond\"]}]},{\"@type\":\"WebPage\",\"@id\":\"https:\\\/\\\/wobronietradycjiiwiary.com\\\/carol-byrne-msza-dialogowana-79-2-z-129-dwuznaczny-jezyk-zwodzacy-konserwatystow-ii\\\/\",\"url\":\"https:\\\/\\\/wobronietradycjiiwiary.com\\\/carol-byrne-msza-dialogowana-79-2-z-129-dwuznaczny-jezyk-zwodzacy-konserwatystow-ii\\\/\",\"name\":\"Carol Byrne, \\\"Msza dialogowana\\\". (79.2 z 129). Dwuznaczny j\u0119zyk zwodz\u0105cy konserwatyst\u00f3w (ii) - Tradycja i Wiara\",\"isPartOf\":{\"@id\":\"https:\\\/\\\/wobronietradycjiiwiary.com\\\/pl\\\/#website\"},\"primaryImageOfPage\":{\"@id\":\"https:\\\/\\\/wobronietradycjiiwiary.com\\\/carol-byrne-msza-dialogowana-79-2-z-129-dwuznaczny-jezyk-zwodzacy-konserwatystow-ii\\\/#primaryimage\"},\"image\":{\"@id\":\"https:\\\/\\\/wobronietradycjiiwiary.com\\\/carol-byrne-msza-dialogowana-79-2-z-129-dwuznaczny-jezyk-zwodzacy-konserwatystow-ii\\\/#primaryimage\"},\"thumbnailUrl\":\"https:\\\/\\\/wobronietradycjiiwiary.com\\\/wp-content\\\/uploads\\\/2019\\\/10\\\/carreno-de-miranda.jpg\",\"datePublished\":\"2023-10-03T06:10:00+00:00\",\"dateModified\":\"2026-04-16T12:19:47+00:00\",\"breadcrumb\":{\"@id\":\"https:\\\/\\\/wobronietradycjiiwiary.com\\\/carol-byrne-msza-dialogowana-79-2-z-129-dwuznaczny-jezyk-zwodzacy-konserwatystow-ii\\\/#breadcrumb\"},\"inLanguage\":\"pl-PL\",\"potentialAction\":[{\"@type\":\"ReadAction\",\"target\":[\"https:\\\/\\\/wobronietradycjiiwiary.com\\\/carol-byrne-msza-dialogowana-79-2-z-129-dwuznaczny-jezyk-zwodzacy-konserwatystow-ii\\\/\"]}]},{\"@type\":\"ImageObject\",\"inLanguage\":\"pl-PL\",\"@id\":\"https:\\\/\\\/wobronietradycjiiwiary.com\\\/carol-byrne-msza-dialogowana-79-2-z-129-dwuznaczny-jezyk-zwodzacy-konserwatystow-ii\\\/#primaryimage\",\"url\":\"https:\\\/\\\/wobronietradycjiiwiary.com\\\/wp-content\\\/uploads\\\/2019\\\/10\\\/carreno-de-miranda.jpg\",\"contentUrl\":\"https:\\\/\\\/wobronietradycjiiwiary.com\\\/wp-content\\\/uploads\\\/2019\\\/10\\\/carreno-de-miranda.jpg\",\"width\":800,\"height\":1179},{\"@type\":\"BreadcrumbList\",\"@id\":\"https:\\\/\\\/wobronietradycjiiwiary.com\\\/carol-byrne-msza-dialogowana-79-2-z-129-dwuznaczny-jezyk-zwodzacy-konserwatystow-ii\\\/#breadcrumb\",\"itemListElement\":[{\"@type\":\"ListItem\",\"position\":1,\"name\":\"Strona g\u0142\u00f3wna\",\"item\":\"https:\\\/\\\/wobronietradycjiiwiary.com\\\/\"},{\"@type\":\"ListItem\",\"position\":2,\"name\":\"Carol Byrne, &#8222;Msza dialogowana&#8221;. (79.2 z 129). Dwuznaczny j\u0119zyk zwodz\u0105cy konserwatyst\u00f3w (ii)\"}]},{\"@type\":\"WebSite\",\"@id\":\"https:\\\/\\\/wobronietradycjiiwiary.com\\\/pl\\\/#website\",\"url\":\"https:\\\/\\\/wobronietradycjiiwiary.com\\\/pl\\\/\",\"name\":\"Tradycja i Wiara\",\"description\":\"Portal dla katolik\u00f3w.\",\"publisher\":{\"@id\":\"https:\\\/\\\/wobronietradycjiiwiary.com\\\/pl\\\/#organization\"},\"potentialAction\":[{\"@type\":\"SearchAction\",\"target\":{\"@type\":\"EntryPoint\",\"urlTemplate\":\"https:\\\/\\\/wobronietradycjiiwiary.com\\\/pl\\\/?s={search_term_string}\"},\"query-input\":{\"@type\":\"PropertyValueSpecification\",\"valueRequired\":true,\"valueName\":\"search_term_string\"}}],\"inLanguage\":\"pl-PL\"},{\"@type\":\"Organization\",\"@id\":\"https:\\\/\\\/wobronietradycjiiwiary.com\\\/pl\\\/#organization\",\"name\":\"Tradycja i Wiara\",\"url\":\"https:\\\/\\\/wobronietradycjiiwiary.com\\\/pl\\\/\",\"logo\":{\"@type\":\"ImageObject\",\"inLanguage\":\"pl-PL\",\"@id\":\"https:\\\/\\\/wobronietradycjiiwiary.com\\\/pl\\\/#\\\/schema\\\/logo\\\/image\\\/\",\"url\":\"https:\\\/\\\/i0.wp.com\\\/wobronietradycjiiwiary.com\\\/wp-content\\\/uploads\\\/2015\\\/10\\\/cropped-st-peters-dome-vatican.jpg?fit=940%2C198&ssl=1\",\"contentUrl\":\"https:\\\/\\\/i0.wp.com\\\/wobronietradycjiiwiary.com\\\/wp-content\\\/uploads\\\/2015\\\/10\\\/cropped-st-peters-dome-vatican.jpg?fit=940%2C198&ssl=1\",\"width\":940,\"height\":198,\"caption\":\"Tradycja i Wiara\"},\"image\":{\"@id\":\"https:\\\/\\\/wobronietradycjiiwiary.com\\\/pl\\\/#\\\/schema\\\/logo\\\/image\\\/\"},\"sameAs\":[\"https:\\\/\\\/www.facebook.com\\\/Tradycja-i-Wiara-108813920592249\"]},{\"@type\":\"Person\",\"@id\":\"https:\\\/\\\/wobronietradycjiiwiary.com\\\/pl\\\/#\\\/schema\\\/person\\\/2d6180ce6abcb681fef0daab7816e8f3\",\"name\":\"Traditio et Fides\",\"sameAs\":[\"https:\\\/\\\/traditionundglauben.com\"],\"url\":\"https:\\\/\\\/wobronietradycjiiwiary.com\\\/pl\\\/author\\\/wobronietradycjiiwiary\\\/\"}]}<\/script>\n<!-- \/ Yoast SEO plugin. -->","yoast_head_json":{"title":"Carol Byrne, \"Msza dialogowana\". (79.2 z 129). Dwuznaczny j\u0119zyk zwodz\u0105cy konserwatyst\u00f3w (ii) - Tradycja i Wiara","robots":{"index":"index","follow":"follow","max-snippet":"max-snippet:-1","max-image-preview":"max-image-preview:large","max-video-preview":"max-video-preview:-1"},"canonical":"https:\/\/wobronietradycjiiwiary.com\/pl\/carol-byrne-msza-dialogowana-79-2-z-129-dwuznaczny-jezyk-zwodzacy-konserwatystow-ii\/","og_locale":"pl_PL","og_type":"article","og_title":"Carol Byrne, \"Msza dialogowana\". (79.2 z 129). Dwuznaczny j\u0119zyk zwodz\u0105cy konserwatyst\u00f3w (ii) - Tradycja i Wiara","og_description":"Po Soborze katolicy i protestanci maj\u0105 praktycznie te same \u015bpiewniki.","og_url":"https:\/\/wobronietradycjiiwiary.com\/pl\/carol-byrne-msza-dialogowana-79-2-z-129-dwuznaczny-jezyk-zwodzacy-konserwatystow-ii\/","og_site_name":"Tradycja i Wiara","article_publisher":"https:\/\/www.facebook.com\/Tradycja-i-Wiara-108813920592249","article_published_time":"2023-10-03T06:10:00+00:00","article_modified_time":"2026-04-16T12:19:47+00:00","og_image":[{"width":800,"height":1179,"url":"https:\/\/wobronietradycjiiwiary.com\/wp-content\/uploads\/2019\/10\/carreno-de-miranda.jpg","type":"image\/jpeg"}],"author":"Traditio et Fides","twitter_card":"summary_large_image","twitter_misc":{"Napisane przez":"Traditio et Fides","Szacowany czas czytania":"4 minuty"},"schema":{"@context":"https:\/\/schema.org","@graph":[{"@type":"Article","@id":"https:\/\/wobronietradycjiiwiary.com\/carol-byrne-msza-dialogowana-79-2-z-129-dwuznaczny-jezyk-zwodzacy-konserwatystow-ii\/#article","isPartOf":{"@id":"https:\/\/wobronietradycjiiwiary.com\/carol-byrne-msza-dialogowana-79-2-z-129-dwuznaczny-jezyk-zwodzacy-konserwatystow-ii\/"},"author":{"name":"Traditio et Fides","@id":"https:\/\/wobronietradycjiiwiary.com\/pl\/#\/schema\/person\/2d6180ce6abcb681fef0daab7816e8f3"},"headline":"Carol Byrne, &#8220;Msza dialogowana&#8221;. (79.2 z 129). Dwuznaczny j\u0119zyk zwodz\u0105cy konserwatyst\u00f3w (ii)","datePublished":"2023-10-03T06:10:00+00:00","dateModified":"2026-04-16T12:19:47+00:00","mainEntityOfPage":{"@id":"https:\/\/wobronietradycjiiwiary.com\/carol-byrne-msza-dialogowana-79-2-z-129-dwuznaczny-jezyk-zwodzacy-konserwatystow-ii\/"},"wordCount":652,"commentCount":0,"publisher":{"@id":"https:\/\/wobronietradycjiiwiary.com\/pl\/#organization"},"image":{"@id":"https:\/\/wobronietradycjiiwiary.com\/carol-byrne-msza-dialogowana-79-2-z-129-dwuznaczny-jezyk-zwodzacy-konserwatystow-ii\/#primaryimage"},"thumbnailUrl":"https:\/\/wobronietradycjiiwiary.com\/wp-content\/uploads\/2019\/10\/carreno-de-miranda.jpg","keywords":["Restricted"],"articleSection":["1. Aktywne uczestnictwo","4) Jan XXIII","Byrne, \"Msza dialogowana\""],"inLanguage":"pl-PL","potentialAction":[{"@type":"CommentAction","name":"Comment","target":["https:\/\/wobronietradycjiiwiary.com\/carol-byrne-msza-dialogowana-79-2-z-129-dwuznaczny-jezyk-zwodzacy-konserwatystow-ii\/#respond"]}]},{"@type":"WebPage","@id":"https:\/\/wobronietradycjiiwiary.com\/carol-byrne-msza-dialogowana-79-2-z-129-dwuznaczny-jezyk-zwodzacy-konserwatystow-ii\/","url":"https:\/\/wobronietradycjiiwiary.com\/carol-byrne-msza-dialogowana-79-2-z-129-dwuznaczny-jezyk-zwodzacy-konserwatystow-ii\/","name":"Carol Byrne, \"Msza dialogowana\". (79.2 z 129). Dwuznaczny j\u0119zyk zwodz\u0105cy konserwatyst\u00f3w (ii) - Tradycja i Wiara","isPartOf":{"@id":"https:\/\/wobronietradycjiiwiary.com\/pl\/#website"},"primaryImageOfPage":{"@id":"https:\/\/wobronietradycjiiwiary.com\/carol-byrne-msza-dialogowana-79-2-z-129-dwuznaczny-jezyk-zwodzacy-konserwatystow-ii\/#primaryimage"},"image":{"@id":"https:\/\/wobronietradycjiiwiary.com\/carol-byrne-msza-dialogowana-79-2-z-129-dwuznaczny-jezyk-zwodzacy-konserwatystow-ii\/#primaryimage"},"thumbnailUrl":"https:\/\/wobronietradycjiiwiary.com\/wp-content\/uploads\/2019\/10\/carreno-de-miranda.jpg","datePublished":"2023-10-03T06:10:00+00:00","dateModified":"2026-04-16T12:19:47+00:00","breadcrumb":{"@id":"https:\/\/wobronietradycjiiwiary.com\/carol-byrne-msza-dialogowana-79-2-z-129-dwuznaczny-jezyk-zwodzacy-konserwatystow-ii\/#breadcrumb"},"inLanguage":"pl-PL","potentialAction":[{"@type":"ReadAction","target":["https:\/\/wobronietradycjiiwiary.com\/carol-byrne-msza-dialogowana-79-2-z-129-dwuznaczny-jezyk-zwodzacy-konserwatystow-ii\/"]}]},{"@type":"ImageObject","inLanguage":"pl-PL","@id":"https:\/\/wobronietradycjiiwiary.com\/carol-byrne-msza-dialogowana-79-2-z-129-dwuznaczny-jezyk-zwodzacy-konserwatystow-ii\/#primaryimage","url":"https:\/\/wobronietradycjiiwiary.com\/wp-content\/uploads\/2019\/10\/carreno-de-miranda.jpg","contentUrl":"https:\/\/wobronietradycjiiwiary.com\/wp-content\/uploads\/2019\/10\/carreno-de-miranda.jpg","width":800,"height":1179},{"@type":"BreadcrumbList","@id":"https:\/\/wobronietradycjiiwiary.com\/carol-byrne-msza-dialogowana-79-2-z-129-dwuznaczny-jezyk-zwodzacy-konserwatystow-ii\/#breadcrumb","itemListElement":[{"@type":"ListItem","position":1,"name":"Strona g\u0142\u00f3wna","item":"https:\/\/wobronietradycjiiwiary.com\/"},{"@type":"ListItem","position":2,"name":"Carol Byrne, &#8222;Msza dialogowana&#8221;. (79.2 z 129). Dwuznaczny j\u0119zyk zwodz\u0105cy konserwatyst\u00f3w (ii)"}]},{"@type":"WebSite","@id":"https:\/\/wobronietradycjiiwiary.com\/pl\/#website","url":"https:\/\/wobronietradycjiiwiary.com\/pl\/","name":"Tradycja i Wiara","description":"Portal dla katolik\u00f3w.","publisher":{"@id":"https:\/\/wobronietradycjiiwiary.com\/pl\/#organization"},"potentialAction":[{"@type":"SearchAction","target":{"@type":"EntryPoint","urlTemplate":"https:\/\/wobronietradycjiiwiary.com\/pl\/?s={search_term_string}"},"query-input":{"@type":"PropertyValueSpecification","valueRequired":true,"valueName":"search_term_string"}}],"inLanguage":"pl-PL"},{"@type":"Organization","@id":"https:\/\/wobronietradycjiiwiary.com\/pl\/#organization","name":"Tradycja i Wiara","url":"https:\/\/wobronietradycjiiwiary.com\/pl\/","logo":{"@type":"ImageObject","inLanguage":"pl-PL","@id":"https:\/\/wobronietradycjiiwiary.com\/pl\/#\/schema\/logo\/image\/","url":"https:\/\/i0.wp.com\/wobronietradycjiiwiary.com\/wp-content\/uploads\/2015\/10\/cropped-st-peters-dome-vatican.jpg?fit=940%2C198&ssl=1","contentUrl":"https:\/\/i0.wp.com\/wobronietradycjiiwiary.com\/wp-content\/uploads\/2015\/10\/cropped-st-peters-dome-vatican.jpg?fit=940%2C198&ssl=1","width":940,"height":198,"caption":"Tradycja i Wiara"},"image":{"@id":"https:\/\/wobronietradycjiiwiary.com\/pl\/#\/schema\/logo\/image\/"},"sameAs":["https:\/\/www.facebook.com\/Tradycja-i-Wiara-108813920592249"]},{"@type":"Person","@id":"https:\/\/wobronietradycjiiwiary.com\/pl\/#\/schema\/person\/2d6180ce6abcb681fef0daab7816e8f3","name":"Traditio et Fides","sameAs":["https:\/\/traditionundglauben.com"],"url":"https:\/\/wobronietradycjiiwiary.com\/pl\/author\/wobronietradycjiiwiary\/"}]}},"jetpack_publicize_connections":[],"jetpack_sharing_enabled":true,"jetpack_likes_enabled":true,"jetpack_shortlink":"https:\/\/wp.me\/pc04Sd-rpE","jetpack-related-posts":[{"id":42682,"url":"https:\/\/wobronietradycjiiwiary.com\/pl\/carol-byrne-msza-dialogowana-oraz-nowy-cykl-gigant\/","url_meta":{"origin":105378,"position":0},"title":"Carol Byrne, \u201eMsza dialogowana\u201d oraz nowy cykl gigant","author":"Traditio et Fides","date":"2 marca 2021","format":false,"excerpt":"Licz\u0105cy 94 cykl angielskiej katoliczki tradycyjnej Dr. Carol Byrne pod tytu\u0142em \u201eMsza dialogowana\u201d, kt\u00f3ry na przestrzeni kilku lat pojawia\u0142 si\u0119 na internetowych \u0142amach Tradition in Action, zas\u0142uguje nie tylko na rozpowszechnienie, ale tak\u017ce na przet\u0142umaczenie go na wszystkie mo\u017cliwe j\u0119zyki. Chocia\u017c znajomo\u015b\u0107 j\u0119zyka angielskiego w Polsce bardzo si\u0119 poprawi\u0142a i\u2026","rel":"","context":"W \u201eAd 1) 1. Pius X - rzeczywiste intencje&quot;","block_context":{"text":"Ad 1) 1. Pius X - rzeczywiste intencje","link":"https:\/\/wobronietradycjiiwiary.com\/pl\/category\/doktryna\/teologia-liturgii\/byrne-doktryna\/byrne\/komentarze-do-byrne\/ad-1-1-pius-x-rzeczywiste-intencje-komentarze-do-byrne\/"},"img":{"alt_text":"","src":"https:\/\/i0.wp.com\/wobronietradycjiiwiary.com\/wp-content\/uploads\/2021\/03\/Blutwunder_Bolsena8.jpg?resize=350%2C200&ssl=1","width":350,"height":200,"srcset":"https:\/\/i0.wp.com\/wobronietradycjiiwiary.com\/wp-content\/uploads\/2021\/03\/Blutwunder_Bolsena8.jpg?resize=350%2C200&ssl=1 1x, https:\/\/i0.wp.com\/wobronietradycjiiwiary.com\/wp-content\/uploads\/2021\/03\/Blutwunder_Bolsena8.jpg?resize=525%2C300&ssl=1 1.5x, https:\/\/i0.wp.com\/wobronietradycjiiwiary.com\/wp-content\/uploads\/2021\/03\/Blutwunder_Bolsena8.jpg?resize=700%2C400&ssl=1 2x, https:\/\/i0.wp.com\/wobronietradycjiiwiary.com\/wp-content\/uploads\/2021\/03\/Blutwunder_Bolsena8.jpg?resize=1050%2C600&ssl=1 3x, https:\/\/i0.wp.com\/wobronietradycjiiwiary.com\/wp-content\/uploads\/2021\/03\/Blutwunder_Bolsena8.jpg?resize=1400%2C800&ssl=1 4x"},"classes":[]},{"id":69826,"url":"https:\/\/wobronietradycjiiwiary.com\/pl\/carol-byrne-msza-dialogowana-46-1-z-94-szalony-patchwork-niespojnych-elementow\/","url_meta":{"origin":105378,"position":1},"title":"Carol Byrne, &#8220;Msza dialogowana&#8221;. (46.1 z 94):  \u201eSzalony patchwork\u201d niesp\u00f3jnych element\u00f3w","author":"Traditio et Fides","date":"10 maja 2022","format":false,"excerpt":"O tym, \u017ce kard. Wiseman broni\u0142 ju\u017c w 1839, kt\u00f3re wyst\u0105pi\u0142y dopiero 100 lat p\u00f3\u017aniej.","rel":"","context":"W \u201e3) Pius XII - ku zag\u0142adzie&quot;","block_context":{"text":"3) Pius XII - ku zag\u0142adzie","link":"https:\/\/wobronietradycjiiwiary.com\/pl\/category\/doktryna\/teologia-liturgii\/byrne-doktryna\/byrne\/pius-xii-ku-zagladzie\/"},"img":{"alt_text":"","src":"https:\/\/i0.wp.com\/wobronietradycjiiwiary.com\/wp-content\/uploads\/2019\/10\/carreno-de-miranda.jpg?resize=350%2C200&ssl=1","width":350,"height":200,"srcset":"https:\/\/i0.wp.com\/wobronietradycjiiwiary.com\/wp-content\/uploads\/2019\/10\/carreno-de-miranda.jpg?resize=350%2C200&ssl=1 1x, https:\/\/i0.wp.com\/wobronietradycjiiwiary.com\/wp-content\/uploads\/2019\/10\/carreno-de-miranda.jpg?resize=525%2C300&ssl=1 1.5x, https:\/\/i0.wp.com\/wobronietradycjiiwiary.com\/wp-content\/uploads\/2019\/10\/carreno-de-miranda.jpg?resize=700%2C400&ssl=1 2x"},"classes":[]},{"id":162192,"url":"https:\/\/wobronietradycjiiwiary.com\/pl\/carol-byrne-msza-dialogowana-147-2-z-158-odrzucenie-schematu-zachowania-nienaruszonego-depozytu-wiary\/","url_meta":{"origin":105378,"position":2},"title":"Carol Byrne, &#8220;Msza dialogowana&#8221;. (147.2 z 158). Odrzucenie schematu zachowania nienaruszonego depozytu wiary","author":"Traditio et Fides","date":"10 marca 2026","format":false,"excerpt":"O konsekwencjach deklaracji \"Dignitatis humanae\".","rel":"","context":"W \u201eByrne&quot;","block_context":{"text":"Byrne","link":"https:\/\/wobronietradycjiiwiary.com\/pl\/category\/doktryna\/teologia-liturgii\/byrne-doktryna\/"},"img":{"alt_text":"","src":"https:\/\/i0.wp.com\/wobronietradycjiiwiary.com\/wp-content\/uploads\/2019\/10\/carreno-de-miranda.jpg?resize=350%2C200&ssl=1","width":350,"height":200,"srcset":"https:\/\/i0.wp.com\/wobronietradycjiiwiary.com\/wp-content\/uploads\/2019\/10\/carreno-de-miranda.jpg?resize=350%2C200&ssl=1 1x, https:\/\/i0.wp.com\/wobronietradycjiiwiary.com\/wp-content\/uploads\/2019\/10\/carreno-de-miranda.jpg?resize=525%2C300&ssl=1 1.5x, https:\/\/i0.wp.com\/wobronietradycjiiwiary.com\/wp-content\/uploads\/2019\/10\/carreno-de-miranda.jpg?resize=700%2C400&ssl=1 2x"},"classes":[]},{"id":110610,"url":"https:\/\/wobronietradycjiiwiary.com\/pl\/carol-byrne-msza-dialogowana-84-2-z-129-eliminacja-swieta-sw-piotra-w-okowach-ii\/","url_meta":{"origin":105378,"position":3},"title":"Carol Byrne, &#8220;Msza dialogowana&#8221;. (84.2 z 129). Eliminacja \u015bwi\u0119ta \u015bw. Piotra w Okowach (ii)","author":"Traditio et Fides","date":"9 stycznia 2024","format":false,"excerpt":"O chorobie autoimmunologicznej Ko\u015bcio\u0142a.","rel":"","context":"W \u201e2. Stopniowe zmiany liturgii: Kanon, kalendarz, znikaj\u0105ce \u015bwi\u0119ta&quot;","block_context":{"text":"2. Stopniowe zmiany liturgii: Kanon, kalendarz, znikaj\u0105ce \u015bwi\u0119ta","link":"https:\/\/wobronietradycjiiwiary.com\/pl\/category\/doktryna\/teologia-liturgii\/byrne-doktryna\/byrne\/4-jan-xxiii\/2-stopniowe-zmiany-liturgii\/"},"img":{"alt_text":"","src":"https:\/\/i0.wp.com\/wobronietradycjiiwiary.com\/wp-content\/uploads\/2019\/10\/carreno-de-miranda.jpg?resize=350%2C200&ssl=1","width":350,"height":200,"srcset":"https:\/\/i0.wp.com\/wobronietradycjiiwiary.com\/wp-content\/uploads\/2019\/10\/carreno-de-miranda.jpg?resize=350%2C200&ssl=1 1x, https:\/\/i0.wp.com\/wobronietradycjiiwiary.com\/wp-content\/uploads\/2019\/10\/carreno-de-miranda.jpg?resize=525%2C300&ssl=1 1.5x, https:\/\/i0.wp.com\/wobronietradycjiiwiary.com\/wp-content\/uploads\/2019\/10\/carreno-de-miranda.jpg?resize=700%2C400&ssl=1 2x"},"classes":[]},{"id":73161,"url":"https:\/\/wobronietradycjiiwiary.com\/pl\/carol-byrne-msza-dialogowana-51-1-z-94\/","url_meta":{"origin":105378,"position":4},"title":"Carol Byrne, &#8220;Msza dialogowana&#8221;. (51.1 z 94).  Znajdowanie pretekst\u00f3w do z\u0142amania tradycji liturgicznej","author":"Traditio et Fides","date":"12 lipca 2022","format":false,"excerpt":"O zmianie godzin Triduum i co z tego wynika.","rel":"","context":"W \u201e3) Pius XII - ku zag\u0142adzie&quot;","block_context":{"text":"3) Pius XII - ku zag\u0142adzie","link":"https:\/\/wobronietradycjiiwiary.com\/pl\/category\/doktryna\/teologia-liturgii\/byrne-doktryna\/byrne\/pius-xii-ku-zagladzie\/"},"img":{"alt_text":"","src":"https:\/\/i0.wp.com\/wobronietradycjiiwiary.com\/wp-content\/uploads\/2019\/10\/carreno-de-miranda.jpg?resize=350%2C200&ssl=1","width":350,"height":200,"srcset":"https:\/\/i0.wp.com\/wobronietradycjiiwiary.com\/wp-content\/uploads\/2019\/10\/carreno-de-miranda.jpg?resize=350%2C200&ssl=1 1x, https:\/\/i0.wp.com\/wobronietradycjiiwiary.com\/wp-content\/uploads\/2019\/10\/carreno-de-miranda.jpg?resize=525%2C300&ssl=1 1.5x, https:\/\/i0.wp.com\/wobronietradycjiiwiary.com\/wp-content\/uploads\/2019\/10\/carreno-de-miranda.jpg?resize=700%2C400&ssl=1 2x"},"classes":[]},{"id":119264,"url":"https:\/\/wobronietradycjiiwiary.com\/pl\/carol-byrne-msza-dialogowana-84-2-z-129-eliminacja-swieta-sw-piotra-w-okowach-ii-2\/","url_meta":{"origin":105378,"position":5},"title":"Carol Byrne, &#8220;Msza dialogowana&#8221;. (84.2 z 129). Eliminacja \u015bwi\u0119ta \u015bw. Piotra w Okowach (ii)","author":"Traditio et Fides","date":"1 czerwca 2024","format":false,"excerpt":"O chorobie autoimmunologicznej Ko\u015bcio\u0142a.","rel":"","context":"W \u201e2. Stopniowe zmiany liturgii: Kanon, kalendarz, znikaj\u0105ce \u015bwi\u0119ta&quot;","block_context":{"text":"2. Stopniowe zmiany liturgii: Kanon, kalendarz, znikaj\u0105ce \u015bwi\u0119ta","link":"https:\/\/wobronietradycjiiwiary.com\/pl\/category\/doktryna\/teologia-liturgii\/byrne-doktryna\/byrne\/4-jan-xxiii\/2-stopniowe-zmiany-liturgii\/"},"img":{"alt_text":"","src":"https:\/\/i0.wp.com\/wobronietradycjiiwiary.com\/wp-content\/uploads\/2019\/10\/carreno-de-miranda.jpg?resize=350%2C200&ssl=1","width":350,"height":200,"srcset":"https:\/\/i0.wp.com\/wobronietradycjiiwiary.com\/wp-content\/uploads\/2019\/10\/carreno-de-miranda.jpg?resize=350%2C200&ssl=1 1x, https:\/\/i0.wp.com\/wobronietradycjiiwiary.com\/wp-content\/uploads\/2019\/10\/carreno-de-miranda.jpg?resize=525%2C300&ssl=1 1.5x, https:\/\/i0.wp.com\/wobronietradycjiiwiary.com\/wp-content\/uploads\/2019\/10\/carreno-de-miranda.jpg?resize=700%2C400&ssl=1 2x"},"classes":[]}],"amp_enabled":true,"jetpack_featured_media_url":"https:\/\/wobronietradycjiiwiary.com\/wp-content\/uploads\/2019\/10\/carreno-de-miranda.jpg","_links":{"self":[{"href":"https:\/\/wobronietradycjiiwiary.com\/pl\/wp-json\/wp\/v2\/posts\/105378","targetHints":{"allow":["GET"]}}],"collection":[{"href":"https:\/\/wobronietradycjiiwiary.com\/pl\/wp-json\/wp\/v2\/posts"}],"about":[{"href":"https:\/\/wobronietradycjiiwiary.com\/pl\/wp-json\/wp\/v2\/types\/post"}],"author":[{"embeddable":true,"href":"https:\/\/wobronietradycjiiwiary.com\/pl\/wp-json\/wp\/v2\/users\/60508433"}],"replies":[{"embeddable":true,"href":"https:\/\/wobronietradycjiiwiary.com\/pl\/wp-json\/wp\/v2\/comments?post=105378"}],"version-history":[{"count":8,"href":"https:\/\/wobronietradycjiiwiary.com\/pl\/wp-json\/wp\/v2\/posts\/105378\/revisions"}],"predecessor-version":[{"id":164269,"href":"https:\/\/wobronietradycjiiwiary.com\/pl\/wp-json\/wp\/v2\/posts\/105378\/revisions\/164269"}],"wp:featuredmedia":[{"embeddable":true,"href":"https:\/\/wobronietradycjiiwiary.com\/pl\/wp-json\/wp\/v2\/media\/25104"}],"wp:attachment":[{"href":"https:\/\/wobronietradycjiiwiary.com\/pl\/wp-json\/wp\/v2\/media?parent=105378"}],"wp:term":[{"taxonomy":"category","embeddable":true,"href":"https:\/\/wobronietradycjiiwiary.com\/pl\/wp-json\/wp\/v2\/categories?post=105378"},{"taxonomy":"post_tag","embeddable":true,"href":"https:\/\/wobronietradycjiiwiary.com\/pl\/wp-json\/wp\/v2\/tags?post=105378"}],"curies":[{"name":"wp","href":"https:\/\/api.w.org\/{rel}","templated":true}]}}