{"id":10507,"date":"2016-11-19T08:00:01","date_gmt":"2016-11-19T07:00:01","guid":{"rendered":"https:\/\/wobronietradycjiiwiary.com\/?p=10507"},"modified":"2025-12-23T18:42:30","modified_gmt":"2025-12-23T17:42:30","slug":"przed-nim-krocza-majestat-i-piekno-wizualne-wprowadzenie-do-mszy-trydenckiej-cz-16-z-16","status":"publish","type":"post","link":"https:\/\/wobronietradycjiiwiary.com\/pl\/przed-nim-krocza-majestat-i-piekno-wizualne-wprowadzenie-do-mszy-trydenckiej-cz-16-z-16\/","title":{"rendered":"Przed Nim krocz\u0105 majestat i pi\u0119kno\u201d. Wizualne wprowadzenie do Mszy Trydenckiej. (cz. 16 z 16). Placeat Domini &#8211; Ostatnia Ewangelia."},"content":{"rendered":"<div id=\"bsf_rt_marker\"><\/div><p><span class=\"embed-youtube\" style=\"text-align:center; display: block;\"><iframe class=\"youtube-player\" width=\"580\" height=\"327\" src=\"https:\/\/www.youtube.com\/embed\/vTefMh3pyXc?version=3&#038;rel=1&#038;showsearch=0&#038;showinfo=1&#038;iv_load_policy=1&#038;fs=1&#038;hl=pl-PL&#038;autohide=2&#038;wmode=transparent\" allowfullscreen=\"true\" style=\"border:0;\" sandbox=\"allow-scripts allow-same-origin allow-popups allow-presentation allow-popups-to-escape-sandbox\"><\/iframe><\/span><\/p>\n\n\n\n<p class=\"has-text-align-justify wp-block-paragraph\"><span style=\"color: #800080;\">Zamieszczamy obrz\u0119dy ko\u0144cowe Mszy Trydenckiej, kt\u00f3ra jako ostatni\u0105 ewangeli\u0119 zawiera prolog Ewangelii \u015bw. Jana s\u0142awi\u0105cy Wcielenie S\u0142owa, kt\u00f3re przecie\u017c dopiero co na mszy sta\u0142o si\u0119 cia\u0142em. Oczywi\u015bcie &#8220;reformatorzy&#8221; tego znie\u015b\u0107 nie mogli i ostatnia Ewangelia by\u0142a jednym z pierwszych element\u00f3w z kt\u00f3rego zrezygnowano w trakcie reform mszy mi\u0119dzy 1962 a 1969, czyli jeszcze przed <em>Novus Ordo Missae.<\/em> Co ciekawe prolog \u015bw. Jana stanowi tak\u017ce cz\u0119\u015b\u0107 wielkiego egzorcyzmu, wi\u0119c domy\u015ble\u0107 si\u0119 mo\u017cna, jakie si\u0142y za t\u0105 reform\u0105 sta\u0142y. No niestety, nie bo\u017ce.<\/span>\u00a0<\/p>\n\n\n\n<figure class=\"wp-block-table\"><table class=\"has-fixed-layout\"><tbody><tr><td><b>S.<\/b> Dominus vobiscum.<br><b>M.<\/b> Et cum spiritu tuo.<br><b>S.<\/b> Ite, missa est.<br><b>M.<\/b> Deo gratias.<\/td><td><b>K.<\/b> Pan z wami.<br><b>W.<\/b> I z duchem twoim.<br><b>K.<\/b> Id\u017acie, Msza si\u0119 sko\u0144czy\u0142a.<br><b>W.<\/b> Bogu niech b\u0119d\u0105 dzi\u0119ki.<\/td><\/tr><\/tbody><\/table><\/figure>\n\n\n\n<p class=\"wp-block-paragraph\"><a name=\"z41\"><\/a><b><span style=\"color: #000000;\">41. Placeat Tibi &#8211; Ostatnia modlitwa <\/span><\/b><\/p>\n\n\n\n<p class=\"wp-block-paragraph\"><span style=\"color: #ff0000;\">Pochylaj\u0105c si\u0119 nad o\u0142tarzem, kap\u0142an m\u00f3wi:<\/span><\/p>\n\n\n\n<figure class=\"wp-block-table\"><table class=\"has-fixed-layout\"><tbody><tr><td>Placeat tibi, sancta Trinitas, obsequium servitutis meae: et praesta, ut sacrificium quod oculis tuae maiestatis indignus obtuli, tibi sit acceptabile, mihique, et omnibus pro quibus illud obtuli, sit te miserante propitiabile. Per Christum Dominum nostrum. Amen.<\/td><td>O Tr\u00f3jco Przenaj\u015bwi\u0119tsza, niechaj Ci mi\u0142ym b\u0119dzie ho\u0142d s\u0142u\u017cby mojej i spraw aby ta ofiara, kt\u00f3r\u0105 ja niegodny zanios\u0142em przed oczy majestatu Twego, by\u0142a Tobie przyjemna, mnie za\u015b i wszystkim, za kt\u00f3rych j\u0105 z\u0142o\u017cy\u0142em, sta\u0142a si\u0119 przejednaniem dzi\u0119ki Twemu mi\u0142osierdziu. Przez Chrystusa Pana naszego. Amen.<\/td><\/tr><\/tbody><\/table><\/figure>\n\n\n\n<p class=\"wp-block-paragraph\"><b>B\u0142ogos\u0142awie\u0144stwo<br><\/b><i><span style=\"color: #ff0000;\">Kap\u0142an ca\u0142uje o\u0142tarz, a na s\u0142owo &#8220;Pater&#8221; odwraca si\u0119 do wiernych. <\/span><\/i><\/p>\n\n\n\n<figure class=\"wp-block-table\"><table class=\"has-fixed-layout\"><tbody><tr><td><b>S.<\/b> Benedicat vos omnipotens Deus, Pater, et Filius (+), et Spiritus Sanctus.<br><b>M.<\/b> Amen.<\/td><td><b>K.<\/b> Niech was b\u0142ogos\u0142awi wszechmog\u0105cy B\u00f3g, Ojciec i Syn (+), i Duch \u015awi\u0119ty.<br><b>W.<\/b> Amen.<\/td><\/tr><\/tbody><\/table><\/figure>\n\n\n\n<p class=\"wp-block-paragraph\"><a name=\"z42\"><\/a><b>42. Ostatnia Ewangelia<br><\/b><i><span style=\"color: #ff0000;\">Kap\u0142an przechodzi na stron\u0119 Ewangelii. Czyni znak krzy\u017ca najpierw na o\u0142tarzu, potem na swym czole, ustach i sercu. <\/span><\/i><\/p>\n\n\n\n<figure class=\"wp-block-table\"><table class=\"has-fixed-layout\"><tbody><tr><td><b>S. <\/b>Dominus vobiscum.<br><b>M.<\/b> Et cum spiritu tuo.<br><b>S. <\/b>(+) Initium sancti Evangelii secundum Ioannem.<br><b>M.<\/b> Gloria tibi Domine.<\/td><td><b>K.<\/b> Pan z wami.<br><b>W.<\/b> I z duchem twoim.<br><b>K. <\/b>(+) Pocz\u0105tek \u015bwi\u0119tej Ewangelii wed\u0142ug \u015awi\u0119tego Jana.<br><b>W.<\/b> Chwa\u0142a Tobie Panie.<\/td><\/tr><tr><td>In prinicipio erat Verbum, et Verbum erat apud Deum, et Deus erat Verbum. Hoc erat in principio apud Deum. Omnia per ipsum facta sunt, et sine ipso factum est nihil, quod factum est. In ipso vita erat, et vita erat lux hominum: et lux in tenebris lucet, et tenebrae eam non comprehenderunt.<\/td><td>Na pocz\u0105tku by\u0142o S\u0142owo, a S\u0142owo by\u0142o u Boga, a Bogiem by\u0142o S\u0142owo. Ono to by\u0142o na pocz\u0105tku u Boga. Wszystko przez nie si\u0119 sta\u0142o, a bez Niego nic si\u0119 nie sta\u0142o, co si\u0119 sta\u0142o. W Nim by\u0142o \u017cycie, a \u017bycie by\u0142o \u015awiat\u0142o\u015bci\u0105 ludzi, a \u015awiat\u0142o\u015b\u0107 w ciemno\u015bciach \u015bwieci, a ciemno\u015bci Jej nie ogarn\u0119\u0142y.<\/td><\/tr><tr><td>Fuit homo missus a Deo, cui nomen erat Ioannes. Hic venit in testimonium, ut testimonium perhiberet de lumine, ut omnes crederent per illum. Non erat ille lux, sed ut testimonium perhiberet de lumine.<\/td><td>By\u0142 cz\u0142owiek pos\u0142any od Boga, a na imi\u0119 mu by\u0142o Jan. Ten przyszed\u0142 na \u015bwiadectwo, aby \u015bwiadectwo d\u0105\u0107 o \u015awiat\u0142o\u015bci, aby przeze\u0144 wszyscy uwierzyli. Nie by\u0142 on \u015awiat\u0142o\u015bci\u0105, ale mi\u0105\u0142 \u015bwiadczy\u0107 o \u015awiat\u0142o\u015bci.<\/td><\/tr><tr><td>Erat lux vera, quae illuminat omnem hominem venientem in hunc mundum. In mundo erat, et mundus per ipsum factus est, et mundus eum non cognovit. In propria venit, et sui eum non receperunt. Quotquot autem receperunt eum, dedit eis potestatem filios Dei fieri, his qui credunt in nomine eius. Qui non ex sanguinibus, neque ex voluntate carnis, neque ex voluntate viri, sed ex Deo nati sunt.<\/td><td>By\u0142o \u015awiat\u0142o prawdziwe, kt\u00f3re o\u015bwieca ka\u017cdego cz\u0142owieka, gdy na ten \u015bwiat przychodzi. Ono by\u0142o na \u015bwiecie, a \u015bwiat przez nie zosta\u0142 uczynion, a \u015bwiat Go nie pozna\u0142. Do swego przysz\u0142o, a swoi Go nie przyj\u0119li. Tym za\u015b wszystkim, kt\u00f3rzy Go przyj\u0119li, da\u0142o moc, by si\u0119 stali synami Bo\u017cymi, tym co wierz\u0105 w Imi\u0119 Jego, kt\u00f3rzy nie ze krwi, ani z po\u017c\u0105dliwo\u015bci cia\u0142a, ani z woli m\u0119\u017ca, ale z Boga si\u0119 narodzili.<\/td><\/tr><tr><td><i>(hic genuflectitur)<\/i> ET VERBUM CARO FACTUM EST, et habitavit in nobis et vidimus gloriam eius, gloriam quasi Unigeniti a Patre, plenum gratiae et veritatis.<\/td><td><i>(tu wszyscy kl\u0119kaj\u0105)<\/i> A S\u0141OWO CIA\u0141EM SI\u0118 STA\u0141O i mieszka\u0142o mi\u0119dzy nami. I ogl\u0105dali\u015bmy chwa\u0142\u0119 Jego, chwale jako Jednorodzonego od Ojca, pe\u0142nego \u0142aski i prawdy.<\/td><\/tr><tr><td><b>M. <\/b>Deo gratias.<\/td><td><b>W. <\/b>Bogu niech b\u0119d\u0105 dzi\u0119ki.<\/td><\/tr><\/tbody><\/table><\/figure>\n","protected":false},"excerpt":{"rendered":"<p>Zamieszczamy obrz\u0119dy ko\u0144cowe Mszy Trydenckiej, kt\u00f3ra jako ostatni\u0105 ewangeli\u0119 zawiera prolog Ewangelii \u015bw. Jana s\u0142awi\u0105cy Wcielenie S\u0142owa, kt\u00f3re przecie\u017c dopiero co na mszy sta\u0142o si\u0119 cia\u0142em. Oczywi\u015bcie &#8220;reformatorzy&#8221; tego znie\u015b\u0107 nie mogli i ostatnia Ewangelia by\u0142a jednym z pierwszych element\u00f3w z kt\u00f3rego zrezygnowano w trakcie reform mszy mi\u0119dzy 1962 a 1969, czyli jeszcze przed Novus [&hellip;]<\/p>\n","protected":false},"author":60508433,"featured_media":27891,"comment_status":"closed","ping_status":"closed","sticky":false,"template":"","format":"standard","meta":{"_bbp_topic_count":0,"_bbp_reply_count":0,"_bbp_total_topic_count":0,"_bbp_total_reply_count":0,"_bbp_voice_count":0,"_bbp_anonymous_reply_count":0,"_bbp_topic_count_hidden":0,"_bbp_reply_count_hidden":0,"_bbp_forum_subforum_count":0,"_editorskit_title_hidden":false,"_editorskit_reading_time":0,"_editorskit_is_block_options_detached":false,"_editorskit_block_options_position":"{}","_coblocks_attr":"","_coblocks_dimensions":"","_coblocks_responsive_height":"","_coblocks_accordion_ie_support":"","_exactmetrics_skip_tracking":false,"_jetpack_newsletter_access":"","_jetpack_dont_email_post_to_subs":false,"_jetpack_newsletter_tier_id":0,"_jetpack_memberships_contains_paywalled_content":false,"_wpcom_ai_launchpad_first_post":false,"_jetpack_feature_clip_id":0,"_jetpack_memberships_contains_paid_content":false,"footnotes":"","jetpack_publicize_message":"{title}\n\n{excerpt}\n\n{url}","jetpack_publicize_feature_enabled":true,"jetpack_social_post_already_shared":true,"jetpack_social_options":{"image_generator_settings":{"template":"highway","default_image_id":0,"font":"","enabled":false},"version":2},"_wpas_customize_per_network":false,"jetpack_post_was_ever_published":false},"categories":[543409776],"tags":[1181,610130673,545747736,545747733,610132562],"class_list":["post-10507","post","type-post","status-publish","format-standard","has-post-thumbnail","hentry","category-tridentina-visualis","tag-dvd","tag-msza-trydencka","tag-ostatnia-ewangelia","tag-placeat-tibi","tag-premium"],"yoast_head":"<!-- This site is optimized with the Yoast SEO plugin v28.4 - https:\/\/yoast.com\/product\/yoast-seo-wordpress\/ -->\n<title>Przed Nim krocz\u0105 majestat i pi\u0119kno\u201d. Wizualne wprowadzenie do Mszy Trydenckiej. (cz. 16 z 16). Placeat Domini - Ostatnia Ewangelia. - Tradycja i Wiara<\/title>\n<meta name=\"robots\" content=\"index, follow, max-snippet:-1, max-image-preview:large, max-video-preview:-1\" \/>\n<link rel=\"canonical\" href=\"https:\/\/wobronietradycjiiwiary.com\/pl\/przed-nim-krocza-majestat-i-piekno-wizualne-wprowadzenie-do-mszy-trydenckiej-cz-16-z-16\/\" \/>\n<meta property=\"og:locale\" content=\"pl_PL\" \/>\n<meta property=\"og:type\" content=\"article\" \/>\n<meta property=\"og:title\" content=\"Przed Nim krocz\u0105 majestat i pi\u0119kno\u201d. Wizualne wprowadzenie do Mszy Trydenckiej. (cz. 16 z 16). Placeat Domini - Ostatnia Ewangelia. - Tradycja i Wiara\" \/>\n<meta property=\"og:description\" content=\"Zamieszczamy obrz\u0119dy ko\u0144cowe Mszy Trydenckiej, kt\u00f3ra jako ostatni\u0105 ewangeli\u0119 zawiera prolog Ewangelii \u015bw. Jana s\u0142awi\u0105cy Wcielenie S\u0142owa, kt\u00f3re przecie\u017c dopiero co na mszy sta\u0142o si\u0119 cia\u0142em. Oczywi\u015bcie &#8220;reformatorzy&#8221; tego znie\u015b\u0107 nie mogli i ostatnia Ewangelia by\u0142a jednym z pierwszych element\u00f3w z kt\u00f3rego zrezygnowano w trakcie reform mszy mi\u0119dzy 1962 a 1969, czyli jeszcze przed Novus [&hellip;]\" \/>\n<meta property=\"og:url\" content=\"https:\/\/wobronietradycjiiwiary.com\/pl\/przed-nim-krocza-majestat-i-piekno-wizualne-wprowadzenie-do-mszy-trydenckiej-cz-16-z-16\/\" \/>\n<meta property=\"og:site_name\" content=\"Tradycja i Wiara\" \/>\n<meta property=\"article:publisher\" content=\"https:\/\/www.facebook.com\/Tradycja-i-Wiara-108813920592249\" \/>\n<meta property=\"article:published_time\" content=\"2016-11-19T07:00:01+00:00\" \/>\n<meta property=\"article:modified_time\" content=\"2025-12-23T17:42:30+00:00\" \/>\n<meta property=\"og:image\" content=\"https:\/\/i2.wp.com\/wobronietradycjiiwiary.com\/wp-content\/uploads\/2020\/04\/a66b8eb860630f3502c97fb29fc5de6e.jpg?fit=919%2C1280&ssl=1\" \/>\n\t<meta property=\"og:image:width\" content=\"919\" \/>\n\t<meta property=\"og:image:height\" content=\"1280\" \/>\n\t<meta property=\"og:image:type\" content=\"image\/jpeg\" \/>\n<meta name=\"author\" content=\"Traditio et Fides\" \/>\n<meta name=\"twitter:card\" content=\"summary_large_image\" \/>\n<meta name=\"twitter:label1\" content=\"Napisane przez\" \/>\n\t<meta name=\"twitter:data1\" content=\"Traditio et Fides\" \/>\n\t<meta name=\"twitter:label2\" content=\"Szacowany czas czytania\" \/>\n\t<meta name=\"twitter:data2\" content=\"4 minuty\" \/>\n<script type=\"application\/ld+json\" class=\"yoast-schema-graph\">{\"@context\":\"https:\\\/\\\/schema.org\",\"@graph\":[{\"@type\":\"Article\",\"@id\":\"https:\\\/\\\/wobronietradycjiiwiary.com\\\/przed-nim-krocza-majestat-i-piekno-wizualne-wprowadzenie-do-mszy-trydenckiej-cz-16-z-16\\\/#article\",\"isPartOf\":{\"@id\":\"https:\\\/\\\/wobronietradycjiiwiary.com\\\/przed-nim-krocza-majestat-i-piekno-wizualne-wprowadzenie-do-mszy-trydenckiej-cz-16-z-16\\\/\"},\"author\":{\"name\":\"Traditio et Fides\",\"@id\":\"https:\\\/\\\/wobronietradycjiiwiary.com\\\/pl\\\/#\\\/schema\\\/person\\\/2d6180ce6abcb681fef0daab7816e8f3\"},\"headline\":\"Przed Nim krocz\u0105 majestat i pi\u0119kno\u201d. Wizualne wprowadzenie do Mszy Trydenckiej. (cz. 16 z 16). Placeat Domini &#8211; Ostatnia Ewangelia.\",\"datePublished\":\"2016-11-19T07:00:01+00:00\",\"dateModified\":\"2025-12-23T17:42:30+00:00\",\"mainEntityOfPage\":{\"@id\":\"https:\\\/\\\/wobronietradycjiiwiary.com\\\/przed-nim-krocza-majestat-i-piekno-wizualne-wprowadzenie-do-mszy-trydenckiej-cz-16-z-16\\\/\"},\"wordCount\":823,\"publisher\":{\"@id\":\"https:\\\/\\\/wobronietradycjiiwiary.com\\\/pl\\\/#organization\"},\"image\":{\"@id\":\"https:\\\/\\\/wobronietradycjiiwiary.com\\\/przed-nim-krocza-majestat-i-piekno-wizualne-wprowadzenie-do-mszy-trydenckiej-cz-16-z-16\\\/#primaryimage\"},\"thumbnailUrl\":\"https:\\\/\\\/wobronietradycjiiwiary.com\\\/wp-content\\\/uploads\\\/2020\\\/04\\\/a66b8eb860630f3502c97fb29fc5de6e.jpg\",\"keywords\":[\"DVD\",\"Msza Trydencka\",\"Ostatnia Ewangelia\",\"Placeat tibi\",\"Premium\"],\"articleSection\":[\"Tridentina visualis\"],\"inLanguage\":\"pl-PL\"},{\"@type\":\"WebPage\",\"@id\":\"https:\\\/\\\/wobronietradycjiiwiary.com\\\/przed-nim-krocza-majestat-i-piekno-wizualne-wprowadzenie-do-mszy-trydenckiej-cz-16-z-16\\\/\",\"url\":\"https:\\\/\\\/wobronietradycjiiwiary.com\\\/przed-nim-krocza-majestat-i-piekno-wizualne-wprowadzenie-do-mszy-trydenckiej-cz-16-z-16\\\/\",\"name\":\"Przed Nim krocz\u0105 majestat i pi\u0119kno\u201d. Wizualne wprowadzenie do Mszy Trydenckiej. (cz. 16 z 16). Placeat Domini - Ostatnia Ewangelia. - Tradycja i Wiara\",\"isPartOf\":{\"@id\":\"https:\\\/\\\/wobronietradycjiiwiary.com\\\/pl\\\/#website\"},\"primaryImageOfPage\":{\"@id\":\"https:\\\/\\\/wobronietradycjiiwiary.com\\\/przed-nim-krocza-majestat-i-piekno-wizualne-wprowadzenie-do-mszy-trydenckiej-cz-16-z-16\\\/#primaryimage\"},\"image\":{\"@id\":\"https:\\\/\\\/wobronietradycjiiwiary.com\\\/przed-nim-krocza-majestat-i-piekno-wizualne-wprowadzenie-do-mszy-trydenckiej-cz-16-z-16\\\/#primaryimage\"},\"thumbnailUrl\":\"https:\\\/\\\/wobronietradycjiiwiary.com\\\/wp-content\\\/uploads\\\/2020\\\/04\\\/a66b8eb860630f3502c97fb29fc5de6e.jpg\",\"datePublished\":\"2016-11-19T07:00:01+00:00\",\"dateModified\":\"2025-12-23T17:42:30+00:00\",\"breadcrumb\":{\"@id\":\"https:\\\/\\\/wobronietradycjiiwiary.com\\\/przed-nim-krocza-majestat-i-piekno-wizualne-wprowadzenie-do-mszy-trydenckiej-cz-16-z-16\\\/#breadcrumb\"},\"inLanguage\":\"pl-PL\",\"potentialAction\":[{\"@type\":\"ReadAction\",\"target\":[\"https:\\\/\\\/wobronietradycjiiwiary.com\\\/przed-nim-krocza-majestat-i-piekno-wizualne-wprowadzenie-do-mszy-trydenckiej-cz-16-z-16\\\/\"]}]},{\"@type\":\"ImageObject\",\"inLanguage\":\"pl-PL\",\"@id\":\"https:\\\/\\\/wobronietradycjiiwiary.com\\\/przed-nim-krocza-majestat-i-piekno-wizualne-wprowadzenie-do-mszy-trydenckiej-cz-16-z-16\\\/#primaryimage\",\"url\":\"https:\\\/\\\/wobronietradycjiiwiary.com\\\/wp-content\\\/uploads\\\/2020\\\/04\\\/a66b8eb860630f3502c97fb29fc5de6e.jpg\",\"contentUrl\":\"https:\\\/\\\/wobronietradycjiiwiary.com\\\/wp-content\\\/uploads\\\/2020\\\/04\\\/a66b8eb860630f3502c97fb29fc5de6e.jpg\",\"width\":919,\"height\":1280,\"caption\":\"\u201ePrzed Nim krocz\u0105 majestat i pi\u0119kno\u201d. Wizualne wprowadzenie do Mszy Trydenckiej. (cz. 12 z 16)\"},{\"@type\":\"BreadcrumbList\",\"@id\":\"https:\\\/\\\/wobronietradycjiiwiary.com\\\/przed-nim-krocza-majestat-i-piekno-wizualne-wprowadzenie-do-mszy-trydenckiej-cz-16-z-16\\\/#breadcrumb\",\"itemListElement\":[{\"@type\":\"ListItem\",\"position\":1,\"name\":\"Strona g\u0142\u00f3wna\",\"item\":\"https:\\\/\\\/wobronietradycjiiwiary.com\\\/\"},{\"@type\":\"ListItem\",\"position\":2,\"name\":\"Przed Nim krocz\u0105 majestat i pi\u0119kno\u201d. Wizualne wprowadzenie do Mszy Trydenckiej. (cz. 16 z 16)\"}]},{\"@type\":\"WebSite\",\"@id\":\"https:\\\/\\\/wobronietradycjiiwiary.com\\\/pl\\\/#website\",\"url\":\"https:\\\/\\\/wobronietradycjiiwiary.com\\\/pl\\\/\",\"name\":\"Tradycja i Wiara\",\"description\":\"Portal dla katolik\u00f3w.\",\"publisher\":{\"@id\":\"https:\\\/\\\/wobronietradycjiiwiary.com\\\/pl\\\/#organization\"},\"potentialAction\":[{\"@type\":\"SearchAction\",\"target\":{\"@type\":\"EntryPoint\",\"urlTemplate\":\"https:\\\/\\\/wobronietradycjiiwiary.com\\\/pl\\\/?s={search_term_string}\"},\"query-input\":{\"@type\":\"PropertyValueSpecification\",\"valueRequired\":true,\"valueName\":\"search_term_string\"}}],\"inLanguage\":\"pl-PL\"},{\"@type\":\"Organization\",\"@id\":\"https:\\\/\\\/wobronietradycjiiwiary.com\\\/pl\\\/#organization\",\"name\":\"Tradycja i Wiara\",\"url\":\"https:\\\/\\\/wobronietradycjiiwiary.com\\\/pl\\\/\",\"logo\":{\"@type\":\"ImageObject\",\"inLanguage\":\"pl-PL\",\"@id\":\"https:\\\/\\\/wobronietradycjiiwiary.com\\\/pl\\\/#\\\/schema\\\/logo\\\/image\\\/\",\"url\":\"https:\\\/\\\/i0.wp.com\\\/wobronietradycjiiwiary.com\\\/wp-content\\\/uploads\\\/2015\\\/10\\\/cropped-st-peters-dome-vatican.jpg?fit=940%2C198&ssl=1\",\"contentUrl\":\"https:\\\/\\\/i0.wp.com\\\/wobronietradycjiiwiary.com\\\/wp-content\\\/uploads\\\/2015\\\/10\\\/cropped-st-peters-dome-vatican.jpg?fit=940%2C198&ssl=1\",\"width\":940,\"height\":198,\"caption\":\"Tradycja i Wiara\"},\"image\":{\"@id\":\"https:\\\/\\\/wobronietradycjiiwiary.com\\\/pl\\\/#\\\/schema\\\/logo\\\/image\\\/\"},\"sameAs\":[\"https:\\\/\\\/www.facebook.com\\\/Tradycja-i-Wiara-108813920592249\"]},{\"@type\":\"Person\",\"@id\":\"https:\\\/\\\/wobronietradycjiiwiary.com\\\/pl\\\/#\\\/schema\\\/person\\\/2d6180ce6abcb681fef0daab7816e8f3\",\"name\":\"Traditio et Fides\",\"sameAs\":[\"https:\\\/\\\/traditionundglauben.com\"],\"url\":\"https:\\\/\\\/wobronietradycjiiwiary.com\\\/pl\\\/author\\\/wobronietradycjiiwiary\\\/\"}]}<\/script>\n<!-- \/ Yoast SEO plugin. -->","yoast_head_json":{"title":"Przed Nim krocz\u0105 majestat i pi\u0119kno\u201d. Wizualne wprowadzenie do Mszy Trydenckiej. (cz. 16 z 16). Placeat Domini - Ostatnia Ewangelia. - Tradycja i Wiara","robots":{"index":"index","follow":"follow","max-snippet":"max-snippet:-1","max-image-preview":"max-image-preview:large","max-video-preview":"max-video-preview:-1"},"canonical":"https:\/\/wobronietradycjiiwiary.com\/pl\/przed-nim-krocza-majestat-i-piekno-wizualne-wprowadzenie-do-mszy-trydenckiej-cz-16-z-16\/","og_locale":"pl_PL","og_type":"article","og_title":"Przed Nim krocz\u0105 majestat i pi\u0119kno\u201d. Wizualne wprowadzenie do Mszy Trydenckiej. (cz. 16 z 16). Placeat Domini - Ostatnia Ewangelia. - Tradycja i Wiara","og_description":"Zamieszczamy obrz\u0119dy ko\u0144cowe Mszy Trydenckiej, kt\u00f3ra jako ostatni\u0105 ewangeli\u0119 zawiera prolog Ewangelii \u015bw. Jana s\u0142awi\u0105cy Wcielenie S\u0142owa, kt\u00f3re przecie\u017c dopiero co na mszy sta\u0142o si\u0119 cia\u0142em. Oczywi\u015bcie &#8220;reformatorzy&#8221; tego znie\u015b\u0107 nie mogli i ostatnia Ewangelia by\u0142a jednym z pierwszych element\u00f3w z kt\u00f3rego zrezygnowano w trakcie reform mszy mi\u0119dzy 1962 a 1969, czyli jeszcze przed Novus [&hellip;]","og_url":"https:\/\/wobronietradycjiiwiary.com\/pl\/przed-nim-krocza-majestat-i-piekno-wizualne-wprowadzenie-do-mszy-trydenckiej-cz-16-z-16\/","og_site_name":"Tradycja i Wiara","article_publisher":"https:\/\/www.facebook.com\/Tradycja-i-Wiara-108813920592249","article_published_time":"2016-11-19T07:00:01+00:00","article_modified_time":"2025-12-23T17:42:30+00:00","og_image":[{"width":919,"height":1280,"url":"https:\/\/i2.wp.com\/wobronietradycjiiwiary.com\/wp-content\/uploads\/2020\/04\/a66b8eb860630f3502c97fb29fc5de6e.jpg?fit=919%2C1280&ssl=1","type":"image\/jpeg"}],"author":"Traditio et Fides","twitter_card":"summary_large_image","twitter_misc":{"Napisane przez":"Traditio et Fides","Szacowany czas czytania":"4 minuty"},"schema":{"@context":"https:\/\/schema.org","@graph":[{"@type":"Article","@id":"https:\/\/wobronietradycjiiwiary.com\/przed-nim-krocza-majestat-i-piekno-wizualne-wprowadzenie-do-mszy-trydenckiej-cz-16-z-16\/#article","isPartOf":{"@id":"https:\/\/wobronietradycjiiwiary.com\/przed-nim-krocza-majestat-i-piekno-wizualne-wprowadzenie-do-mszy-trydenckiej-cz-16-z-16\/"},"author":{"name":"Traditio et Fides","@id":"https:\/\/wobronietradycjiiwiary.com\/pl\/#\/schema\/person\/2d6180ce6abcb681fef0daab7816e8f3"},"headline":"Przed Nim krocz\u0105 majestat i pi\u0119kno\u201d. Wizualne wprowadzenie do Mszy Trydenckiej. (cz. 16 z 16). Placeat Domini &#8211; Ostatnia Ewangelia.","datePublished":"2016-11-19T07:00:01+00:00","dateModified":"2025-12-23T17:42:30+00:00","mainEntityOfPage":{"@id":"https:\/\/wobronietradycjiiwiary.com\/przed-nim-krocza-majestat-i-piekno-wizualne-wprowadzenie-do-mszy-trydenckiej-cz-16-z-16\/"},"wordCount":823,"publisher":{"@id":"https:\/\/wobronietradycjiiwiary.com\/pl\/#organization"},"image":{"@id":"https:\/\/wobronietradycjiiwiary.com\/przed-nim-krocza-majestat-i-piekno-wizualne-wprowadzenie-do-mszy-trydenckiej-cz-16-z-16\/#primaryimage"},"thumbnailUrl":"https:\/\/wobronietradycjiiwiary.com\/wp-content\/uploads\/2020\/04\/a66b8eb860630f3502c97fb29fc5de6e.jpg","keywords":["DVD","Msza Trydencka","Ostatnia Ewangelia","Placeat tibi","Premium"],"articleSection":["Tridentina visualis"],"inLanguage":"pl-PL"},{"@type":"WebPage","@id":"https:\/\/wobronietradycjiiwiary.com\/przed-nim-krocza-majestat-i-piekno-wizualne-wprowadzenie-do-mszy-trydenckiej-cz-16-z-16\/","url":"https:\/\/wobronietradycjiiwiary.com\/przed-nim-krocza-majestat-i-piekno-wizualne-wprowadzenie-do-mszy-trydenckiej-cz-16-z-16\/","name":"Przed Nim krocz\u0105 majestat i pi\u0119kno\u201d. Wizualne wprowadzenie do Mszy Trydenckiej. (cz. 16 z 16). Placeat Domini - Ostatnia Ewangelia. - Tradycja i Wiara","isPartOf":{"@id":"https:\/\/wobronietradycjiiwiary.com\/pl\/#website"},"primaryImageOfPage":{"@id":"https:\/\/wobronietradycjiiwiary.com\/przed-nim-krocza-majestat-i-piekno-wizualne-wprowadzenie-do-mszy-trydenckiej-cz-16-z-16\/#primaryimage"},"image":{"@id":"https:\/\/wobronietradycjiiwiary.com\/przed-nim-krocza-majestat-i-piekno-wizualne-wprowadzenie-do-mszy-trydenckiej-cz-16-z-16\/#primaryimage"},"thumbnailUrl":"https:\/\/wobronietradycjiiwiary.com\/wp-content\/uploads\/2020\/04\/a66b8eb860630f3502c97fb29fc5de6e.jpg","datePublished":"2016-11-19T07:00:01+00:00","dateModified":"2025-12-23T17:42:30+00:00","breadcrumb":{"@id":"https:\/\/wobronietradycjiiwiary.com\/przed-nim-krocza-majestat-i-piekno-wizualne-wprowadzenie-do-mszy-trydenckiej-cz-16-z-16\/#breadcrumb"},"inLanguage":"pl-PL","potentialAction":[{"@type":"ReadAction","target":["https:\/\/wobronietradycjiiwiary.com\/przed-nim-krocza-majestat-i-piekno-wizualne-wprowadzenie-do-mszy-trydenckiej-cz-16-z-16\/"]}]},{"@type":"ImageObject","inLanguage":"pl-PL","@id":"https:\/\/wobronietradycjiiwiary.com\/przed-nim-krocza-majestat-i-piekno-wizualne-wprowadzenie-do-mszy-trydenckiej-cz-16-z-16\/#primaryimage","url":"https:\/\/wobronietradycjiiwiary.com\/wp-content\/uploads\/2020\/04\/a66b8eb860630f3502c97fb29fc5de6e.jpg","contentUrl":"https:\/\/wobronietradycjiiwiary.com\/wp-content\/uploads\/2020\/04\/a66b8eb860630f3502c97fb29fc5de6e.jpg","width":919,"height":1280,"caption":"\u201ePrzed Nim krocz\u0105 majestat i pi\u0119kno\u201d. Wizualne wprowadzenie do Mszy Trydenckiej. (cz. 12 z 16)"},{"@type":"BreadcrumbList","@id":"https:\/\/wobronietradycjiiwiary.com\/przed-nim-krocza-majestat-i-piekno-wizualne-wprowadzenie-do-mszy-trydenckiej-cz-16-z-16\/#breadcrumb","itemListElement":[{"@type":"ListItem","position":1,"name":"Strona g\u0142\u00f3wna","item":"https:\/\/wobronietradycjiiwiary.com\/"},{"@type":"ListItem","position":2,"name":"Przed Nim krocz\u0105 majestat i pi\u0119kno\u201d. Wizualne wprowadzenie do Mszy Trydenckiej. (cz. 16 z 16)"}]},{"@type":"WebSite","@id":"https:\/\/wobronietradycjiiwiary.com\/pl\/#website","url":"https:\/\/wobronietradycjiiwiary.com\/pl\/","name":"Tradycja i Wiara","description":"Portal dla katolik\u00f3w.","publisher":{"@id":"https:\/\/wobronietradycjiiwiary.com\/pl\/#organization"},"potentialAction":[{"@type":"SearchAction","target":{"@type":"EntryPoint","urlTemplate":"https:\/\/wobronietradycjiiwiary.com\/pl\/?s={search_term_string}"},"query-input":{"@type":"PropertyValueSpecification","valueRequired":true,"valueName":"search_term_string"}}],"inLanguage":"pl-PL"},{"@type":"Organization","@id":"https:\/\/wobronietradycjiiwiary.com\/pl\/#organization","name":"Tradycja i Wiara","url":"https:\/\/wobronietradycjiiwiary.com\/pl\/","logo":{"@type":"ImageObject","inLanguage":"pl-PL","@id":"https:\/\/wobronietradycjiiwiary.com\/pl\/#\/schema\/logo\/image\/","url":"https:\/\/i0.wp.com\/wobronietradycjiiwiary.com\/wp-content\/uploads\/2015\/10\/cropped-st-peters-dome-vatican.jpg?fit=940%2C198&ssl=1","contentUrl":"https:\/\/i0.wp.com\/wobronietradycjiiwiary.com\/wp-content\/uploads\/2015\/10\/cropped-st-peters-dome-vatican.jpg?fit=940%2C198&ssl=1","width":940,"height":198,"caption":"Tradycja i Wiara"},"image":{"@id":"https:\/\/wobronietradycjiiwiary.com\/pl\/#\/schema\/logo\/image\/"},"sameAs":["https:\/\/www.facebook.com\/Tradycja-i-Wiara-108813920592249"]},{"@type":"Person","@id":"https:\/\/wobronietradycjiiwiary.com\/pl\/#\/schema\/person\/2d6180ce6abcb681fef0daab7816e8f3","name":"Traditio et Fides","sameAs":["https:\/\/traditionundglauben.com"],"url":"https:\/\/wobronietradycjiiwiary.com\/pl\/author\/wobronietradycjiiwiary\/"}]}},"jetpack_publicize_connections":[],"jetpack_sharing_enabled":true,"jetpack_likes_enabled":true,"jetpack_shortlink":"https:\/\/wp.me\/pc04Sd-2Jt","jetpack-related-posts":[{"id":3027,"url":"https:\/\/wobronietradycjiiwiary.com\/pl\/przed-nim-krocza-majestat-i-piekno-wizualne-wprowadzenie-do-mszy-trydenckiej-cz-6-z-16\/","url_meta":{"origin":10507,"position":0},"title":"\u201ePrzed Nim krocz\u0105 majestat i pi\u0119kno\u201d. Wizualne wprowadzenie do Mszy Trydenckiej. (cz. 6 z 16). Munda me, Ewangelia i Credo.","author":"Traditio et Fides","date":"21 grudnia 2014","format":false,"excerpt":"Ukazany na filmie moment przedstawia obrz\u0119dy okalaj\u0105ce moment czytania Ewangelii i wyznanie wiary.\u00a0 Kap\u0142an po raz pierwszy podczas Mszy \u015awi\u0119tej ze czci\u0105 podnosi oczy ku Krzy\u017cowi, modli si\u0119 o czyste my\u015bli, czyste usta i serce, godne obcowania ze S\u0142owem Bo\u017cym i karmienia nim innych. Gesty i s\u0142owa uwidaczniaj\u0105\u00a0 bezcenn\u0105 warto\u015b\u0107\u2026","rel":"","context":"W \u201eTridentina visualis&quot;","block_context":{"text":"Tridentina visualis","link":"https:\/\/wobronietradycjiiwiary.com\/pl\/category\/duchowosc\/liturgia-i-liturgika\/msza-trydencka\/tridentina-visualis\/"},"img":{"alt_text":"","src":"https:\/\/i0.wp.com\/wobronietradycjiiwiary.com\/wp-content\/uploads\/2020\/04\/a66b8eb860630f3502c97fb29fc5de6e.jpg?resize=350%2C200&ssl=1","width":350,"height":200,"srcset":"https:\/\/i0.wp.com\/wobronietradycjiiwiary.com\/wp-content\/uploads\/2020\/04\/a66b8eb860630f3502c97fb29fc5de6e.jpg?resize=350%2C200&ssl=1 1x, https:\/\/i0.wp.com\/wobronietradycjiiwiary.com\/wp-content\/uploads\/2020\/04\/a66b8eb860630f3502c97fb29fc5de6e.jpg?resize=525%2C300&ssl=1 1.5x, https:\/\/i0.wp.com\/wobronietradycjiiwiary.com\/wp-content\/uploads\/2020\/04\/a66b8eb860630f3502c97fb29fc5de6e.jpg?resize=700%2C400&ssl=1 2x"},"classes":[]},{"id":15446,"url":"https:\/\/wobronietradycjiiwiary.com\/pl\/czesci-wielkiego-egzorcyzmu-po-polsku-6-z-tekst-3-od-prologu-ewangelii-sw-jana-do-saeculum-per-ignem-3\/","url_meta":{"origin":10507,"position":1},"title":"Cz\u0119\u015bci Wielkiego Egzorcyzmu po polsku (6 z 12). Tekst (3) od Prologu Ewangelii \u015bw. Jana do saeculum per ignem.","author":"Traditio et Fides","date":"19 grudnia 2017","format":false,"excerpt":"3. Deinde legantur super obsessum hac Evangelia, vel saltem unum. Lectio sancti Evangelii secundum Joannem Joann. 1, 1-14 Hac dicens, signat se et obsessum in fronte, ore et pectore. In principio erat Verbum, et Verbum erat apud Deum, et Deus erat Verbum. Hoc erat in principio apud Deum. Omnia per\u2026","rel":"","context":"W \u201eEgzorcyzm z Rituale romanum&quot;","block_context":{"text":"Egzorcyzm z Rituale romanum","link":"https:\/\/wobronietradycjiiwiary.com\/pl\/category\/duchowosc\/modlitwy\/egzorcyzmy\/egzorcyzm-z-rituale-romanum\/"},"img":{"alt_text":"","src":"https:\/\/i0.wp.com\/wobronietradycjiiwiary.com\/wp-content\/uploads\/2017\/08\/7557357324_2e2103602b_b.jpg?resize=350%2C200&ssl=1","width":350,"height":200,"srcset":"https:\/\/i0.wp.com\/wobronietradycjiiwiary.com\/wp-content\/uploads\/2017\/08\/7557357324_2e2103602b_b.jpg?resize=350%2C200&ssl=1 1x, https:\/\/i0.wp.com\/wobronietradycjiiwiary.com\/wp-content\/uploads\/2017\/08\/7557357324_2e2103602b_b.jpg?resize=525%2C300&ssl=1 1.5x, https:\/\/i0.wp.com\/wobronietradycjiiwiary.com\/wp-content\/uploads\/2017\/08\/7557357324_2e2103602b_b.jpg?resize=700%2C400&ssl=1 2x"},"classes":[]},{"id":123686,"url":"https:\/\/wobronietradycjiiwiary.com\/pl\/dlaczego-nie-mozna-sie-modlic-bo-trzeba-odprawiac\/","url_meta":{"origin":10507,"position":2},"title":"Dlaczego nie mo\u017cna si\u0119 modli\u0107? Bo trzeba odprawia\u0107.","author":"Traditio et Fides","date":"29 pa\u017adziernika 2024","format":false,"excerpt":"O pomieszaniu kap\u0142a\u0144stwa i aktywno\u015bci.","rel":"","context":"W \u201eDuchowo\u015b\u0107&quot;","block_context":{"text":"Duchowo\u015b\u0107","link":"https:\/\/wobronietradycjiiwiary.com\/pl\/category\/duchowosc\/"},"img":{"alt_text":"","src":"https:\/\/i0.wp.com\/wobronietradycjiiwiary.com\/wp-content\/uploads\/2024\/10\/done-Mass_The_Elevation_Eugenio_Lucas_Velazquez.webp?resize=350%2C200&ssl=1","width":350,"height":200,"srcset":"https:\/\/i0.wp.com\/wobronietradycjiiwiary.com\/wp-content\/uploads\/2024\/10\/done-Mass_The_Elevation_Eugenio_Lucas_Velazquez.webp?resize=350%2C200&ssl=1 1x, https:\/\/i0.wp.com\/wobronietradycjiiwiary.com\/wp-content\/uploads\/2024\/10\/done-Mass_The_Elevation_Eugenio_Lucas_Velazquez.webp?resize=525%2C300&ssl=1 1.5x, https:\/\/i0.wp.com\/wobronietradycjiiwiary.com\/wp-content\/uploads\/2024\/10\/done-Mass_The_Elevation_Eugenio_Lucas_Velazquez.webp?resize=700%2C400&ssl=1 2x"},"classes":[]},{"id":116404,"url":"https:\/\/wobronietradycjiiwiary.com\/pl\/carol-byrne-msza-dialogowana-90-2-z-129-swieto-sw-jana-przy-bramie-lacinskiej-zniesione\/","url_meta":{"origin":10507,"position":3},"title":"Carol Byrne, &#8220;Msza dialogowana&#8221;. (90.2 z 129). \u015awi\u0119to \u015bw. Jana przy Bramie \u0141aci\u0144skiej: zniesione","author":"Traditio et Fides","date":"23 kwietnia 2024","format":false,"excerpt":"O niech\u0119ci do \u015bw. Jana Aposto\u0142a.","rel":"","context":"W \u201e2. Stopniowe zmiany liturgii: Kanon, kalendarz, znikaj\u0105ce \u015bwi\u0119ta&quot;","block_context":{"text":"2. Stopniowe zmiany liturgii: Kanon, kalendarz, znikaj\u0105ce \u015bwi\u0119ta","link":"https:\/\/wobronietradycjiiwiary.com\/pl\/category\/doktryna\/teologia-liturgii\/byrne-doktryna\/byrne\/4-jan-xxiii\/2-stopniowe-zmiany-liturgii\/"},"img":{"alt_text":"","src":"https:\/\/i0.wp.com\/wobronietradycjiiwiary.com\/wp-content\/uploads\/2019\/10\/carreno-de-miranda.jpg?resize=350%2C200&ssl=1","width":350,"height":200,"srcset":"https:\/\/i0.wp.com\/wobronietradycjiiwiary.com\/wp-content\/uploads\/2019\/10\/carreno-de-miranda.jpg?resize=350%2C200&ssl=1 1x, https:\/\/i0.wp.com\/wobronietradycjiiwiary.com\/wp-content\/uploads\/2019\/10\/carreno-de-miranda.jpg?resize=525%2C300&ssl=1 1.5x, https:\/\/i0.wp.com\/wobronietradycjiiwiary.com\/wp-content\/uploads\/2019\/10\/carreno-de-miranda.jpg?resize=700%2C400&ssl=1 2x"},"classes":[]},{"id":165033,"url":"https:\/\/wobronietradycjiiwiary.com\/pl\/carol-byrne-msza-dialogowana-90-2-z-129-swieto-sw-jana-przy-bramie-lacinskiej-zniesione-2\/","url_meta":{"origin":10507,"position":4},"title":"Carol Byrne, &#8220;Msza dialogowana&#8221;. (90.2 z 129). \u015awi\u0119to \u015bw. Jana przy Bramie \u0141aci\u0144skiej: zniesione","author":"Traditio et Fides","date":"6 maja 2026","format":false,"excerpt":"O niech\u0119ci do \u015bw. Jana Aposto\u0142a.","rel":"","context":"W \u201e2. Stopniowe zmiany liturgii: Kanon, kalendarz, znikaj\u0105ce \u015bwi\u0119ta&quot;","block_context":{"text":"2. Stopniowe zmiany liturgii: Kanon, kalendarz, znikaj\u0105ce \u015bwi\u0119ta","link":"https:\/\/wobronietradycjiiwiary.com\/pl\/category\/doktryna\/teologia-liturgii\/byrne-doktryna\/byrne\/4-jan-xxiii\/2-stopniowe-zmiany-liturgii\/"},"img":{"alt_text":"","src":"https:\/\/i0.wp.com\/wobronietradycjiiwiary.com\/wp-content\/uploads\/2019\/10\/carreno-de-miranda.jpg?resize=350%2C200&ssl=1","width":350,"height":200,"srcset":"https:\/\/i0.wp.com\/wobronietradycjiiwiary.com\/wp-content\/uploads\/2019\/10\/carreno-de-miranda.jpg?resize=350%2C200&ssl=1 1x, https:\/\/i0.wp.com\/wobronietradycjiiwiary.com\/wp-content\/uploads\/2019\/10\/carreno-de-miranda.jpg?resize=525%2C300&ssl=1 1.5x, https:\/\/i0.wp.com\/wobronietradycjiiwiary.com\/wp-content\/uploads\/2019\/10\/carreno-de-miranda.jpg?resize=700%2C400&ssl=1 2x"},"classes":[]},{"id":40452,"url":"https:\/\/wobronietradycjiiwiary.com\/pl\/kazania-do-ewangelii-mszy-trydenckiej-swieta-2-wigilia-bozego-narodzenia-2\/","url_meta":{"origin":10507,"position":5},"title":"Kazania do Ewangelii Mszy Trydenckiej &#8211; \u015awi\u0119ta 2 &#8211; Wigilia Bo\u017cego Narodzenia","author":"Traditio et Fides","date":"24 grudnia 2021","format":false,"excerpt":"Ewangelia na Wigili\u0119 Bo\u017cego Narodzenia Gdy po\u015blubiona by\u0142a Matka Jezusa; Maryja, J\u00f3zefowi, pierwej, ni\u017ali si\u0119 zeszli, okaza\u0142o si\u0119, \u017ce pocz\u0119\u0142a z Ducha \u015awi\u0119tego. A J\u00f3zef, m\u0105\u017c Jej, b\u0119d\u0105c sprawiedliwym i nie chc\u0105c Jej znies\u0142awia\u0107, zamierza\u0142 J\u0105 potajemnie opu\u015bci\u0107. A gdy nad tym przemy\u015bliwa\u0142, oto Anio\u0142 Pa\u0144ski ukaza\u0142 mu si\u0119 we\u2026","rel":"","context":"W \u201eKazania do Ewangelii Mszy Trydenckiej&quot;","block_context":{"text":"Kazania do Ewangelii Mszy Trydenckiej","link":"https:\/\/wobronietradycjiiwiary.com\/pl\/category\/duchowosc\/liturgia-i-liturgika\/msza-trydencka\/kazania-do-ewangelii-mszy-trydenckiej\/"},"img":{"alt_text":"","src":"https:\/\/i0.wp.com\/wobronietradycjiiwiary.com\/wp-content\/uploads\/2019\/10\/annunciation-merode-2017-20181.jpg?resize=350%2C200&ssl=1","width":350,"height":200,"srcset":"https:\/\/i0.wp.com\/wobronietradycjiiwiary.com\/wp-content\/uploads\/2019\/10\/annunciation-merode-2017-20181.jpg?resize=350%2C200&ssl=1 1x, https:\/\/i0.wp.com\/wobronietradycjiiwiary.com\/wp-content\/uploads\/2019\/10\/annunciation-merode-2017-20181.jpg?resize=525%2C300&ssl=1 1.5x, https:\/\/i0.wp.com\/wobronietradycjiiwiary.com\/wp-content\/uploads\/2019\/10\/annunciation-merode-2017-20181.jpg?resize=700%2C400&ssl=1 2x"},"classes":[]}],"amp_enabled":true,"jetpack_featured_media_url":"https:\/\/wobronietradycjiiwiary.com\/wp-content\/uploads\/2020\/04\/a66b8eb860630f3502c97fb29fc5de6e.jpg","_links":{"self":[{"href":"https:\/\/wobronietradycjiiwiary.com\/pl\/wp-json\/wp\/v2\/posts\/10507","targetHints":{"allow":["GET"]}}],"collection":[{"href":"https:\/\/wobronietradycjiiwiary.com\/pl\/wp-json\/wp\/v2\/posts"}],"about":[{"href":"https:\/\/wobronietradycjiiwiary.com\/pl\/wp-json\/wp\/v2\/types\/post"}],"author":[{"embeddable":true,"href":"https:\/\/wobronietradycjiiwiary.com\/pl\/wp-json\/wp\/v2\/users\/60508433"}],"replies":[{"embeddable":true,"href":"https:\/\/wobronietradycjiiwiary.com\/pl\/wp-json\/wp\/v2\/comments?post=10507"}],"version-history":[{"count":2,"href":"https:\/\/wobronietradycjiiwiary.com\/pl\/wp-json\/wp\/v2\/posts\/10507\/revisions"}],"predecessor-version":[{"id":157989,"href":"https:\/\/wobronietradycjiiwiary.com\/pl\/wp-json\/wp\/v2\/posts\/10507\/revisions\/157989"}],"wp:featuredmedia":[{"embeddable":true,"href":"https:\/\/wobronietradycjiiwiary.com\/pl\/wp-json\/wp\/v2\/media\/27891"}],"wp:attachment":[{"href":"https:\/\/wobronietradycjiiwiary.com\/pl\/wp-json\/wp\/v2\/media?parent=10507"}],"wp:term":[{"taxonomy":"category","embeddable":true,"href":"https:\/\/wobronietradycjiiwiary.com\/pl\/wp-json\/wp\/v2\/categories?post=10507"},{"taxonomy":"post_tag","embeddable":true,"href":"https:\/\/wobronietradycjiiwiary.com\/pl\/wp-json\/wp\/v2\/tags?post=10507"}],"curies":[{"name":"wp","href":"https:\/\/api.w.org\/{rel}","templated":true}]}}