{"id":10164,"date":"2016-10-18T08:00:13","date_gmt":"2016-10-18T06:00:13","guid":{"rendered":"https:\/\/wobronietradycjiiwiary.com\/?p=10164"},"modified":"2025-02-07T15:40:20","modified_gmt":"2025-02-07T14:40:20","slug":"zarys-angelologii-7-naturalne-przymioty-i-wladze-aniolow-ii","status":"publish","type":"post","link":"https:\/\/wobronietradycjiiwiary.com\/pl\/zarys-angelologii-7-naturalne-przymioty-i-wladze-aniolow-ii\/","title":{"rendered":"Zarys angelologii. (6 z 23). Naturalne przymioty i w\u0142adze anio\u0142\u00f3w (ii)."},"content":{"rendered":"<div id=\"bsf_rt_marker\"><\/div><p>II. Stosunek anio\u0142\u00f3w do przestrzeni i czasu. 1. Anio\u0142owie nie s\u0105 circumscriptive, ale definitive w przestrzeni. Okre\u015blenie circumscriptive t\u0142umaczy\u0107 trzeba&hellip;<\/p>\n<div style=\"text-align: center\">\n<p>&nbsp;<\/p>\n<\/div>\n<h2 style=\"border: 5px solid #0000A0;padding: 1em;text-align: center\"><span style=\"color: #000000\">Pe\u0142en dost\u0119p dla <span style=\"color: #00ccff\"><a style=\"color: #00ccff\" href=\"https:\/\/wobronietradycjiiwiary.com\/subskrypcje-2\/\" target=\"_blank\" rel=\"noopener\">subskrybent\u00f3w<\/a><\/span>.<\/span><br \/>\n<span style=\"color: #3366ff\"><a style=\"color: #3366ff\" href=\"https:\/\/wobronietradycjiiwiary.com\/account\/login\/\" target=\"_blank\" rel=\"noopener\"><span style=\"color: #00ccff\">Zaloguj<\/span><\/a> <\/span>si\u0119 lub przejd\u017a do <a href=\"https:\/\/wobronietradycjiiwiary.com\/register\/\"><span style=\"color: #3366ff\">Rejestracji<\/span><\/a>.<\/h2>\n<div>\n<p style=\"text-align: center\"><a href=\"https:\/\/wobronietradycjiiwiary.com\/pl\/subskrypcje-2\/cennik\/\" target=\"_blank\" rel=\"noopener\"><span style=\"color: #000080;font-size: 24pt\"><strong>Nowe ni\u017csze ceny<\/strong><\/span><\/a><\/p>\n<p style=\"text-align: center\"><strong><span style=\"font-size: 18pt;color: #000080\">P\u0142atno\u015b\u0107 kart\u0105<\/span><\/strong><\/p>\n<\/div>\n<h3 style=\"text-align: center\"><a href=\"https:\/\/wobronietradycjiiwiary.com\/pl\/subskrypcje-2\/automatyczne\/indywidualne\/\" target=\"_blank\" rel=\"noopener\"><img fetchpriority=\"high\" decoding=\"async\" class=\"alignnone size-medium wp-image-80433\" src=\"https:\/\/wobronietradycjiiwiary.com\/wp-content\/uploads\/2022\/11\/Unbenannt-1-Online-1-300x202.jpg\" alt=\"\" width=\"300\" height=\"202\" srcset=\"https:\/\/wobronietradycjiiwiary.com\/wp-content\/uploads\/2022\/11\/Unbenannt-1-Online-1-300x202.jpg 300w, https:\/\/wobronietradycjiiwiary.com\/wp-content\/uploads\/2022\/11\/Unbenannt-1-Online-1-150x101.jpg 150w, https:\/\/wobronietradycjiiwiary.com\/wp-content\/uploads\/2022\/11\/Unbenannt-1-Online-1-18x12.jpg 18w, https:\/\/wobronietradycjiiwiary.com\/wp-content\/uploads\/2022\/11\/Unbenannt-1-Online-1.jpg 446w\" sizes=\"(max-width: 300px) 100vw, 300px\" \/><\/a><\/h3>\n<p style=\"text-align: center\"><strong><span style=\"font-size: 18pt;color: #000080\">P\u0142atno\u015b\u0107 przelewem<\/span><\/strong><\/p>\n<p><a href=\"https:\/\/wobronietradycjiiwiary.com\/pl\/subskrypcje-2\/automatyczne\/indywidualne\/\" target=\"_blank\" rel=\"noopener\"><img decoding=\"async\" class=\"size-medium wp-image-80434 aligncenter\" src=\"https:\/\/wobronietradycjiiwiary.com\/wp-content\/uploads\/2022\/11\/Unbenannt-1-Przelewem-300x137.jpg\" alt=\"\" width=\"300\" height=\"137\" srcset=\"https:\/\/wobronietradycjiiwiary.com\/wp-content\/uploads\/2022\/11\/Unbenannt-1-Przelewem-300x137.jpg 300w, https:\/\/wobronietradycjiiwiary.com\/wp-content\/uploads\/2022\/11\/Unbenannt-1-Przelewem-450x206.jpg 450w, https:\/\/wobronietradycjiiwiary.com\/wp-content\/uploads\/2022\/11\/Unbenannt-1-Przelewem-600x274.jpg 600w, https:\/\/wobronietradycjiiwiary.com\/wp-content\/uploads\/2022\/11\/Unbenannt-1-Przelewem-150x69.jpg 150w, https:\/\/wobronietradycjiiwiary.com\/wp-content\/uploads\/2022\/11\/Unbenannt-1-Przelewem-18x8.jpg 18w, https:\/\/wobronietradycjiiwiary.com\/wp-content\/uploads\/2022\/11\/Unbenannt-1-Przelewem.jpg 676w\" sizes=\"(max-width: 300px) 100vw, 300px\" \/><\/a><\/p>\n<p style=\"text-align: center\"><strong><span style=\"font-size: 18pt;color: #000080\">P\u0142atno\u015b\u0107 kart\u0105 do 6 os\u00f3b<\/span><\/strong><\/p>\n<p><a href=\"https:\/\/wobronietradycjiiwiary.com\/pl\/rodzinne\/\" target=\"_blank\" rel=\"noopener\"><img decoding=\"async\" class=\"size-medium wp-image-80435 aligncenter\" src=\"https:\/\/wobronietradycjiiwiary.com\/wp-content\/uploads\/2022\/11\/Unbenannt-1-Rodzinna-300x208.jpg\" alt=\"\" width=\"300\" height=\"208\" srcset=\"https:\/\/wobronietradycjiiwiary.com\/wp-content\/uploads\/2022\/11\/Unbenannt-1-Rodzinna-300x208.jpg 300w, https:\/\/wobronietradycjiiwiary.com\/wp-content\/uploads\/2022\/11\/Unbenannt-1-Rodzinna-150x104.jpg 150w, https:\/\/wobronietradycjiiwiary.com\/wp-content\/uploads\/2022\/11\/Unbenannt-1-Rodzinna-18x12.jpg 18w, https:\/\/wobronietradycjiiwiary.com\/wp-content\/uploads\/2022\/11\/Unbenannt-1-Rodzinna.jpg 448w\" sizes=\"(max-width: 300px) 100vw, 300px\" \/><\/a><\/p>\n<h3 style=\"text-align: center\"><\/h3>\n<h1 style=\"text-align: center\"><\/h1>\n","protected":false},"excerpt":{"rendered":"<p>II. Stosunek anio\u0142\u00f3w do przestrzeni i czasu. 1. Anio\u0142owie nie s\u0105 circumscriptive, ale definitive w przestrzeni. Okre\u015blenie circumscriptive t\u0142umaczy\u0107 trzeba&hellip; &nbsp; Pe\u0142en dost\u0119p dla subskrybent\u00f3w. Zaloguj si\u0119 lub przejd\u017a do Rejestracji. Nowe ni\u017csze ceny P\u0142atno\u015b\u0107 kart\u0105 P\u0142atno\u015b\u0107 przelewem P\u0142atno\u015b\u0107 kart\u0105 do 6 os\u00f3b<\/p>\n","protected":false},"author":60508433,"featured_media":10150,"comment_status":"closed","ping_status":"open","sticky":false,"template":"","format":"standard","meta":{"_bbp_topic_count":0,"_bbp_reply_count":0,"_bbp_total_topic_count":0,"_bbp_total_reply_count":0,"_bbp_voice_count":0,"_bbp_anonymous_reply_count":0,"_bbp_topic_count_hidden":0,"_bbp_reply_count_hidden":0,"_bbp_forum_subforum_count":0,"_editorskit_title_hidden":false,"_editorskit_reading_time":0,"_editorskit_is_block_options_detached":false,"_editorskit_block_options_position":"{}","_coblocks_attr":"","_coblocks_dimensions":"","_coblocks_responsive_height":"","_coblocks_accordion_ie_support":"","_exactmetrics_skip_tracking":false,"_jetpack_newsletter_access":"","_jetpack_dont_email_post_to_subs":false,"_jetpack_newsletter_tier_id":0,"_jetpack_memberships_contains_paywalled_content":false,"_wpcom_ai_launchpad_first_post":false,"_jetpack_feature_clip_id":0,"_jetpack_memberships_contains_paid_content":false,"footnotes":"","jetpack_publicize_message":"{title}\n\n{excerpt}\n\n{url}","jetpack_publicize_feature_enabled":true,"jetpack_social_post_already_shared":true,"jetpack_social_options":{"image_generator_settings":{"template":"highway","default_image_id":0,"font":"","enabled":false},"version":2},"_wpas_customize_per_network":false,"jetpack_post_was_ever_published":false},"categories":[1467178,610131758],"tags":[5779995,4020952,610132562,610132133,536115344],"class_list":["post-10164","post","type-post","status-publish","format-standard","has-post-thumbnail","hentry","category-angelologia","category-zarys-angelologii","tag-aniolowie","tag-demony","tag-premium","tag-restricted","tag-smierc-lutra"],"yoast_head":"<!-- This site is optimized with the Yoast SEO plugin v28.4 - https:\/\/yoast.com\/product\/yoast-seo-wordpress\/ -->\n<title>Zarys angelologii. (6 z 23). Naturalne przymioty i w\u0142adze anio\u0142\u00f3w (ii). - Tradycja i Wiara<\/title>\n<meta name=\"robots\" content=\"index, follow, max-snippet:-1, max-image-preview:large, max-video-preview:-1\" \/>\n<link rel=\"canonical\" href=\"https:\/\/wobronietradycjiiwiary.com\/pl\/zarys-angelologii-7-naturalne-przymioty-i-wladze-aniolow-ii\/\" \/>\n<meta property=\"og:locale\" content=\"pl_PL\" \/>\n<meta property=\"og:type\" content=\"article\" \/>\n<meta property=\"og:title\" content=\"Zarys angelologii. (6 z 23). Naturalne przymioty i w\u0142adze anio\u0142\u00f3w (ii). - Tradycja i Wiara\" \/>\n<meta property=\"og:description\" content=\"II. Stosunek anio\u0142\u00f3w do przestrzeni i czasu. 1. Anio\u0142owie nie s\u0105 circumscriptive, ale definitive w przestrzeni. Okre\u015blenie circumscriptive t\u0142umaczy\u0107 trzeba&hellip; &nbsp; Pe\u0142en dost\u0119p dla subskrybent\u00f3w. Zaloguj si\u0119 lub przejd\u017a do Rejestracji. Nowe ni\u017csze ceny P\u0142atno\u015b\u0107 kart\u0105 P\u0142atno\u015b\u0107 przelewem P\u0142atno\u015b\u0107 kart\u0105 do 6 os\u00f3b\" \/>\n<meta property=\"og:url\" content=\"https:\/\/wobronietradycjiiwiary.com\/pl\/zarys-angelologii-7-naturalne-przymioty-i-wladze-aniolow-ii\/\" \/>\n<meta property=\"og:site_name\" content=\"Tradycja i Wiara\" \/>\n<meta property=\"article:publisher\" content=\"https:\/\/www.facebook.com\/Tradycja-i-Wiara-108813920592249\" \/>\n<meta property=\"article:published_time\" content=\"2016-10-18T06:00:13+00:00\" \/>\n<meta property=\"article:modified_time\" content=\"2025-02-07T14:40:20+00:00\" \/>\n<meta property=\"og:image\" content=\"https:\/\/i1.wp.com\/wobronietradycjiiwiary.com\/wp-content\/uploads\/2016\/09\/angels.jpg?fit=350%2C344&ssl=1\" \/>\n\t<meta property=\"og:image:width\" content=\"350\" \/>\n\t<meta property=\"og:image:height\" content=\"344\" \/>\n\t<meta property=\"og:image:type\" content=\"image\/jpeg\" \/>\n<meta name=\"author\" content=\"Traditio et Fides\" \/>\n<meta name=\"twitter:card\" content=\"summary_large_image\" \/>\n<meta name=\"twitter:label1\" content=\"Napisane przez\" \/>\n\t<meta name=\"twitter:data1\" content=\"Traditio et Fides\" \/>\n\t<meta name=\"twitter:label2\" content=\"Szacowany czas czytania\" \/>\n\t<meta name=\"twitter:data2\" content=\"6 minut\" \/>\n<script type=\"application\/ld+json\" class=\"yoast-schema-graph\">{\"@context\":\"https:\\\/\\\/schema.org\",\"@graph\":[{\"@type\":\"Article\",\"@id\":\"https:\\\/\\\/wobronietradycjiiwiary.com\\\/zarys-angelologii-7-naturalne-przymioty-i-wladze-aniolow-ii\\\/#article\",\"isPartOf\":{\"@id\":\"https:\\\/\\\/wobronietradycjiiwiary.com\\\/zarys-angelologii-7-naturalne-przymioty-i-wladze-aniolow-ii\\\/\"},\"author\":{\"name\":\"Traditio et Fides\",\"@id\":\"https:\\\/\\\/wobronietradycjiiwiary.com\\\/pl\\\/#\\\/schema\\\/person\\\/2d6180ce6abcb681fef0daab7816e8f3\"},\"headline\":\"Zarys angelologii. (6 z 23). Naturalne przymioty i w\u0142adze anio\u0142\u00f3w (ii).\",\"datePublished\":\"2016-10-18T06:00:13+00:00\",\"dateModified\":\"2025-02-07T14:40:20+00:00\",\"mainEntityOfPage\":{\"@id\":\"https:\\\/\\\/wobronietradycjiiwiary.com\\\/zarys-angelologii-7-naturalne-przymioty-i-wladze-aniolow-ii\\\/\"},\"wordCount\":1236,\"publisher\":{\"@id\":\"https:\\\/\\\/wobronietradycjiiwiary.com\\\/pl\\\/#organization\"},\"image\":{\"@id\":\"https:\\\/\\\/wobronietradycjiiwiary.com\\\/zarys-angelologii-7-naturalne-przymioty-i-wladze-aniolow-ii\\\/#primaryimage\"},\"thumbnailUrl\":\"https:\\\/\\\/wobronietradycjiiwiary.com\\\/wp-content\\\/uploads\\\/2016\\\/09\\\/angels.jpg\",\"keywords\":[\"anio\u0142owie\",\"demony\",\"Premium\",\"Restricted\",\"\u015bmier\u0107 Lutra\"],\"articleSection\":[\"Angelologia\",\"Zarys angelologii\"],\"inLanguage\":\"pl-PL\"},{\"@type\":\"WebPage\",\"@id\":\"https:\\\/\\\/wobronietradycjiiwiary.com\\\/zarys-angelologii-7-naturalne-przymioty-i-wladze-aniolow-ii\\\/\",\"url\":\"https:\\\/\\\/wobronietradycjiiwiary.com\\\/zarys-angelologii-7-naturalne-przymioty-i-wladze-aniolow-ii\\\/\",\"name\":\"Zarys angelologii. (6 z 23). Naturalne przymioty i w\u0142adze anio\u0142\u00f3w (ii). - Tradycja i Wiara\",\"isPartOf\":{\"@id\":\"https:\\\/\\\/wobronietradycjiiwiary.com\\\/pl\\\/#website\"},\"primaryImageOfPage\":{\"@id\":\"https:\\\/\\\/wobronietradycjiiwiary.com\\\/zarys-angelologii-7-naturalne-przymioty-i-wladze-aniolow-ii\\\/#primaryimage\"},\"image\":{\"@id\":\"https:\\\/\\\/wobronietradycjiiwiary.com\\\/zarys-angelologii-7-naturalne-przymioty-i-wladze-aniolow-ii\\\/#primaryimage\"},\"thumbnailUrl\":\"https:\\\/\\\/wobronietradycjiiwiary.com\\\/wp-content\\\/uploads\\\/2016\\\/09\\\/angels.jpg\",\"datePublished\":\"2016-10-18T06:00:13+00:00\",\"dateModified\":\"2025-02-07T14:40:20+00:00\",\"breadcrumb\":{\"@id\":\"https:\\\/\\\/wobronietradycjiiwiary.com\\\/zarys-angelologii-7-naturalne-przymioty-i-wladze-aniolow-ii\\\/#breadcrumb\"},\"inLanguage\":\"pl-PL\",\"potentialAction\":[{\"@type\":\"ReadAction\",\"target\":[\"https:\\\/\\\/wobronietradycjiiwiary.com\\\/zarys-angelologii-7-naturalne-przymioty-i-wladze-aniolow-ii\\\/\"]}]},{\"@type\":\"ImageObject\",\"inLanguage\":\"pl-PL\",\"@id\":\"https:\\\/\\\/wobronietradycjiiwiary.com\\\/zarys-angelologii-7-naturalne-przymioty-i-wladze-aniolow-ii\\\/#primaryimage\",\"url\":\"https:\\\/\\\/wobronietradycjiiwiary.com\\\/wp-content\\\/uploads\\\/2016\\\/09\\\/angels.jpg\",\"contentUrl\":\"https:\\\/\\\/wobronietradycjiiwiary.com\\\/wp-content\\\/uploads\\\/2016\\\/09\\\/angels.jpg\",\"width\":350,\"height\":344,\"caption\":\"Zarys angelologii. (1 z 23). Wst\u0119p\"},{\"@type\":\"BreadcrumbList\",\"@id\":\"https:\\\/\\\/wobronietradycjiiwiary.com\\\/zarys-angelologii-7-naturalne-przymioty-i-wladze-aniolow-ii\\\/#breadcrumb\",\"itemListElement\":[{\"@type\":\"ListItem\",\"position\":1,\"name\":\"Strona g\u0142\u00f3wna\",\"item\":\"https:\\\/\\\/wobronietradycjiiwiary.com\\\/\"},{\"@type\":\"ListItem\",\"position\":2,\"name\":\"Zarys angelologii. (6 z 23). Naturalne przymioty i w\u0142adze anio\u0142\u00f3w (ii).\"}]},{\"@type\":\"WebSite\",\"@id\":\"https:\\\/\\\/wobronietradycjiiwiary.com\\\/pl\\\/#website\",\"url\":\"https:\\\/\\\/wobronietradycjiiwiary.com\\\/pl\\\/\",\"name\":\"Tradycja i Wiara\",\"description\":\"Portal dla katolik\u00f3w.\",\"publisher\":{\"@id\":\"https:\\\/\\\/wobronietradycjiiwiary.com\\\/pl\\\/#organization\"},\"potentialAction\":[{\"@type\":\"SearchAction\",\"target\":{\"@type\":\"EntryPoint\",\"urlTemplate\":\"https:\\\/\\\/wobronietradycjiiwiary.com\\\/pl\\\/?s={search_term_string}\"},\"query-input\":{\"@type\":\"PropertyValueSpecification\",\"valueRequired\":true,\"valueName\":\"search_term_string\"}}],\"inLanguage\":\"pl-PL\"},{\"@type\":\"Organization\",\"@id\":\"https:\\\/\\\/wobronietradycjiiwiary.com\\\/pl\\\/#organization\",\"name\":\"Tradycja i Wiara\",\"url\":\"https:\\\/\\\/wobronietradycjiiwiary.com\\\/pl\\\/\",\"logo\":{\"@type\":\"ImageObject\",\"inLanguage\":\"pl-PL\",\"@id\":\"https:\\\/\\\/wobronietradycjiiwiary.com\\\/pl\\\/#\\\/schema\\\/logo\\\/image\\\/\",\"url\":\"https:\\\/\\\/i0.wp.com\\\/wobronietradycjiiwiary.com\\\/wp-content\\\/uploads\\\/2015\\\/10\\\/cropped-st-peters-dome-vatican.jpg?fit=940%2C198&ssl=1\",\"contentUrl\":\"https:\\\/\\\/i0.wp.com\\\/wobronietradycjiiwiary.com\\\/wp-content\\\/uploads\\\/2015\\\/10\\\/cropped-st-peters-dome-vatican.jpg?fit=940%2C198&ssl=1\",\"width\":940,\"height\":198,\"caption\":\"Tradycja i Wiara\"},\"image\":{\"@id\":\"https:\\\/\\\/wobronietradycjiiwiary.com\\\/pl\\\/#\\\/schema\\\/logo\\\/image\\\/\"},\"sameAs\":[\"https:\\\/\\\/www.facebook.com\\\/Tradycja-i-Wiara-108813920592249\"]},{\"@type\":\"Person\",\"@id\":\"https:\\\/\\\/wobronietradycjiiwiary.com\\\/pl\\\/#\\\/schema\\\/person\\\/2d6180ce6abcb681fef0daab7816e8f3\",\"name\":\"Traditio et Fides\",\"sameAs\":[\"https:\\\/\\\/traditionundglauben.com\"],\"url\":\"https:\\\/\\\/wobronietradycjiiwiary.com\\\/pl\\\/author\\\/wobronietradycjiiwiary\\\/\"}]}<\/script>\n<!-- \/ Yoast SEO plugin. -->","yoast_head_json":{"title":"Zarys angelologii. (6 z 23). Naturalne przymioty i w\u0142adze anio\u0142\u00f3w (ii). - Tradycja i Wiara","robots":{"index":"index","follow":"follow","max-snippet":"max-snippet:-1","max-image-preview":"max-image-preview:large","max-video-preview":"max-video-preview:-1"},"canonical":"https:\/\/wobronietradycjiiwiary.com\/pl\/zarys-angelologii-7-naturalne-przymioty-i-wladze-aniolow-ii\/","og_locale":"pl_PL","og_type":"article","og_title":"Zarys angelologii. (6 z 23). Naturalne przymioty i w\u0142adze anio\u0142\u00f3w (ii). - Tradycja i Wiara","og_description":"II. Stosunek anio\u0142\u00f3w do przestrzeni i czasu. 1. Anio\u0142owie nie s\u0105 circumscriptive, ale definitive w przestrzeni. Okre\u015blenie circumscriptive t\u0142umaczy\u0107 trzeba&hellip; &nbsp; Pe\u0142en dost\u0119p dla subskrybent\u00f3w. Zaloguj si\u0119 lub przejd\u017a do Rejestracji. Nowe ni\u017csze ceny P\u0142atno\u015b\u0107 kart\u0105 P\u0142atno\u015b\u0107 przelewem P\u0142atno\u015b\u0107 kart\u0105 do 6 os\u00f3b","og_url":"https:\/\/wobronietradycjiiwiary.com\/pl\/zarys-angelologii-7-naturalne-przymioty-i-wladze-aniolow-ii\/","og_site_name":"Tradycja i Wiara","article_publisher":"https:\/\/www.facebook.com\/Tradycja-i-Wiara-108813920592249","article_published_time":"2016-10-18T06:00:13+00:00","article_modified_time":"2025-02-07T14:40:20+00:00","og_image":[{"width":350,"height":344,"url":"https:\/\/i1.wp.com\/wobronietradycjiiwiary.com\/wp-content\/uploads\/2016\/09\/angels.jpg?fit=350%2C344&ssl=1","type":"image\/jpeg"}],"author":"Traditio et Fides","twitter_card":"summary_large_image","twitter_misc":{"Napisane przez":"Traditio et Fides","Szacowany czas czytania":"6 minut"},"schema":{"@context":"https:\/\/schema.org","@graph":[{"@type":"Article","@id":"https:\/\/wobronietradycjiiwiary.com\/zarys-angelologii-7-naturalne-przymioty-i-wladze-aniolow-ii\/#article","isPartOf":{"@id":"https:\/\/wobronietradycjiiwiary.com\/zarys-angelologii-7-naturalne-przymioty-i-wladze-aniolow-ii\/"},"author":{"name":"Traditio et Fides","@id":"https:\/\/wobronietradycjiiwiary.com\/pl\/#\/schema\/person\/2d6180ce6abcb681fef0daab7816e8f3"},"headline":"Zarys angelologii. (6 z 23). Naturalne przymioty i w\u0142adze anio\u0142\u00f3w (ii).","datePublished":"2016-10-18T06:00:13+00:00","dateModified":"2025-02-07T14:40:20+00:00","mainEntityOfPage":{"@id":"https:\/\/wobronietradycjiiwiary.com\/zarys-angelologii-7-naturalne-przymioty-i-wladze-aniolow-ii\/"},"wordCount":1236,"publisher":{"@id":"https:\/\/wobronietradycjiiwiary.com\/pl\/#organization"},"image":{"@id":"https:\/\/wobronietradycjiiwiary.com\/zarys-angelologii-7-naturalne-przymioty-i-wladze-aniolow-ii\/#primaryimage"},"thumbnailUrl":"https:\/\/wobronietradycjiiwiary.com\/wp-content\/uploads\/2016\/09\/angels.jpg","keywords":["anio\u0142owie","demony","Premium","Restricted","\u015bmier\u0107 Lutra"],"articleSection":["Angelologia","Zarys angelologii"],"inLanguage":"pl-PL"},{"@type":"WebPage","@id":"https:\/\/wobronietradycjiiwiary.com\/zarys-angelologii-7-naturalne-przymioty-i-wladze-aniolow-ii\/","url":"https:\/\/wobronietradycjiiwiary.com\/zarys-angelologii-7-naturalne-przymioty-i-wladze-aniolow-ii\/","name":"Zarys angelologii. (6 z 23). Naturalne przymioty i w\u0142adze anio\u0142\u00f3w (ii). - Tradycja i Wiara","isPartOf":{"@id":"https:\/\/wobronietradycjiiwiary.com\/pl\/#website"},"primaryImageOfPage":{"@id":"https:\/\/wobronietradycjiiwiary.com\/zarys-angelologii-7-naturalne-przymioty-i-wladze-aniolow-ii\/#primaryimage"},"image":{"@id":"https:\/\/wobronietradycjiiwiary.com\/zarys-angelologii-7-naturalne-przymioty-i-wladze-aniolow-ii\/#primaryimage"},"thumbnailUrl":"https:\/\/wobronietradycjiiwiary.com\/wp-content\/uploads\/2016\/09\/angels.jpg","datePublished":"2016-10-18T06:00:13+00:00","dateModified":"2025-02-07T14:40:20+00:00","breadcrumb":{"@id":"https:\/\/wobronietradycjiiwiary.com\/zarys-angelologii-7-naturalne-przymioty-i-wladze-aniolow-ii\/#breadcrumb"},"inLanguage":"pl-PL","potentialAction":[{"@type":"ReadAction","target":["https:\/\/wobronietradycjiiwiary.com\/zarys-angelologii-7-naturalne-przymioty-i-wladze-aniolow-ii\/"]}]},{"@type":"ImageObject","inLanguage":"pl-PL","@id":"https:\/\/wobronietradycjiiwiary.com\/zarys-angelologii-7-naturalne-przymioty-i-wladze-aniolow-ii\/#primaryimage","url":"https:\/\/wobronietradycjiiwiary.com\/wp-content\/uploads\/2016\/09\/angels.jpg","contentUrl":"https:\/\/wobronietradycjiiwiary.com\/wp-content\/uploads\/2016\/09\/angels.jpg","width":350,"height":344,"caption":"Zarys angelologii. (1 z 23). Wst\u0119p"},{"@type":"BreadcrumbList","@id":"https:\/\/wobronietradycjiiwiary.com\/zarys-angelologii-7-naturalne-przymioty-i-wladze-aniolow-ii\/#breadcrumb","itemListElement":[{"@type":"ListItem","position":1,"name":"Strona g\u0142\u00f3wna","item":"https:\/\/wobronietradycjiiwiary.com\/"},{"@type":"ListItem","position":2,"name":"Zarys angelologii. (6 z 23). Naturalne przymioty i w\u0142adze anio\u0142\u00f3w (ii)."}]},{"@type":"WebSite","@id":"https:\/\/wobronietradycjiiwiary.com\/pl\/#website","url":"https:\/\/wobronietradycjiiwiary.com\/pl\/","name":"Tradycja i Wiara","description":"Portal dla katolik\u00f3w.","publisher":{"@id":"https:\/\/wobronietradycjiiwiary.com\/pl\/#organization"},"potentialAction":[{"@type":"SearchAction","target":{"@type":"EntryPoint","urlTemplate":"https:\/\/wobronietradycjiiwiary.com\/pl\/?s={search_term_string}"},"query-input":{"@type":"PropertyValueSpecification","valueRequired":true,"valueName":"search_term_string"}}],"inLanguage":"pl-PL"},{"@type":"Organization","@id":"https:\/\/wobronietradycjiiwiary.com\/pl\/#organization","name":"Tradycja i Wiara","url":"https:\/\/wobronietradycjiiwiary.com\/pl\/","logo":{"@type":"ImageObject","inLanguage":"pl-PL","@id":"https:\/\/wobronietradycjiiwiary.com\/pl\/#\/schema\/logo\/image\/","url":"https:\/\/i0.wp.com\/wobronietradycjiiwiary.com\/wp-content\/uploads\/2015\/10\/cropped-st-peters-dome-vatican.jpg?fit=940%2C198&ssl=1","contentUrl":"https:\/\/i0.wp.com\/wobronietradycjiiwiary.com\/wp-content\/uploads\/2015\/10\/cropped-st-peters-dome-vatican.jpg?fit=940%2C198&ssl=1","width":940,"height":198,"caption":"Tradycja i Wiara"},"image":{"@id":"https:\/\/wobronietradycjiiwiary.com\/pl\/#\/schema\/logo\/image\/"},"sameAs":["https:\/\/www.facebook.com\/Tradycja-i-Wiara-108813920592249"]},{"@type":"Person","@id":"https:\/\/wobronietradycjiiwiary.com\/pl\/#\/schema\/person\/2d6180ce6abcb681fef0daab7816e8f3","name":"Traditio et Fides","sameAs":["https:\/\/traditionundglauben.com"],"url":"https:\/\/wobronietradycjiiwiary.com\/pl\/author\/wobronietradycjiiwiary\/"}]}},"jetpack_publicize_connections":[],"jetpack_sharing_enabled":true,"jetpack_likes_enabled":true,"jetpack_shortlink":"https:\/\/wp.me\/pc04Sd-2DW","jetpack-related-posts":[{"id":10172,"url":"https:\/\/wobronietradycjiiwiary.com\/pl\/zarys-angelologii-10-poznanie-aniolow-ii\/","url_meta":{"origin":10164,"position":0},"title":"Zarys angelologii. (9 z 23). Poznanie anio\u0142\u00f3w (ii).","author":"Traditio et Fides","date":"5 listopada 2016","format":false,"excerpt":"2. Poznanie anio\u0142\u00f3w jest czysto duchowe. Poznanie anio\u0142\u00f3w odpowiada ich naturze i dlatego jest czysto duchowe. \u201eAnio\u0142owie poznaj\u0105 samych siebie, jak podaje \u015bw. Tomasz, poprzez w\u0142asn\u0105 substancj\u0119, kt\u00f3ra udziela im obrazu poznania (IaIae q. 56 a. 1)\u201d, skoro anio\u0142owie poznaj\u0105 poprzez same formy, jak uczy scholastyka. Co to znaczy? Ja\u2026","rel":"","context":"W \u201eAngelologia&quot;","block_context":{"text":"Angelologia","link":"https:\/\/wobronietradycjiiwiary.com\/pl\/category\/doktryna\/teologia-dogmatyczna\/angelologia\/"},"img":{"alt_text":"","src":"https:\/\/i0.wp.com\/wobronietradycjiiwiary.com\/wp-content\/uploads\/2016\/09\/angels.jpg?resize=350%2C200&ssl=1","width":350,"height":200},"classes":[]},{"id":154835,"url":"https:\/\/wobronietradycjiiwiary.com\/pl\/juz-sie-zmierzcha-lub-jesienne-modlitwy-do-aniolow-2\/","url_meta":{"origin":10164,"position":1},"title":"&#8220;Ju\u017c si\u0119 zmierzcha&#8221; lub jesienne modlitwy do anio\u0142\u00f3w","author":"Traditio et Fides","date":"2 pa\u017adziernika 2025","format":false,"excerpt":"O konieczno\u015bci modlitwy do anio\u0142\u00f3w jesieni\u0105.","rel":"","context":"W \u201eAngelologia&quot;","block_context":{"text":"Angelologia","link":"https:\/\/wobronietradycjiiwiary.com\/pl\/category\/doktryna\/teologia-dogmatyczna\/angelologia\/"},"img":{"alt_text":"","src":"https:\/\/i0.wp.com\/wobronietradycjiiwiary.com\/wp-content\/uploads\/2024\/09\/gi-angel-band.jpg?resize=350%2C200&ssl=1","width":350,"height":200},"classes":[]},{"id":10155,"url":"https:\/\/wobronietradycjiiwiary.com\/pl\/zarys-angelologii-3-istnienie-i-pochodzenie-aniolow-ii\/","url_meta":{"origin":10164,"position":2},"title":"Zarys angelologii. (3 z 23). Istnienie i pochodzenie anio\u0142\u00f3w (ii).","author":"Traditio et Fides","date":"29 wrze\u015bnia 2016","format":false,"excerpt":"W dniu \u015bw. Micha\u0142a Archanio\u0142a prezentujemy kolejny fragment naszego Zarysu angelologii. Anio\u0142owie wpatruj\u0105 si\u0119 w oblicze Boga. Jak\u017ce musz\u0105 by\u0107 szcz\u0119\u015bliwi! Pe\u0142ni\u0105 te\u017c Jego rozkazy, zale\u017cnie od miejsca zajmowanego w niebia\u0144skiej hierarchii. Ogl\u0105d Boga powoduje mi\u0142o\u015b\u0107 i ch\u0119\u0107 s\u0142u\u017cby Bogu, bo kt\u00f3\u017c nie chcia\u0142by s\u0142u\u017cy\u0107 Panu tak dobremu? My si\u0119\u2026","rel":"","context":"W \u201eAngelologia&quot;","block_context":{"text":"Angelologia","link":"https:\/\/wobronietradycjiiwiary.com\/pl\/category\/doktryna\/teologia-dogmatyczna\/angelologia\/"},"img":{"alt_text":"","src":"https:\/\/i0.wp.com\/wobronietradycjiiwiary.com\/wp-content\/uploads\/2016\/09\/angels.jpg?resize=350%2C200&ssl=1","width":350,"height":200},"classes":[]},{"id":120309,"url":"https:\/\/wobronietradycjiiwiary.com\/pl\/juz-sie-zmierzcha-lub-jesienne-modlitwy-do-aniolow\/","url_meta":{"origin":10164,"position":3},"title":"&#8220;Ju\u017c si\u0119 zmierzcha&#8221; lub jesienne modlitwy do anio\u0142\u00f3w","author":"Traditio et Fides","date":"2 wrze\u015bnia 2024","format":false,"excerpt":"O konieczno\u015bci modlitwy do anio\u0142\u00f3w jesieni\u0105.","rel":"","context":"W \u201eAngelologia&quot;","block_context":{"text":"Angelologia","link":"https:\/\/wobronietradycjiiwiary.com\/pl\/category\/doktryna\/teologia-dogmatyczna\/angelologia\/"},"img":{"alt_text":"","src":"https:\/\/i0.wp.com\/wobronietradycjiiwiary.com\/wp-content\/uploads\/2024\/09\/gi-angel-band.jpg?resize=350%2C200&ssl=1","width":350,"height":200},"classes":[]},{"id":129849,"url":"https:\/\/wobronietradycjiiwiary.com\/pl\/tomasz-z-akwinu-q-89-3-z-8-sadzacy-i-sadzeni-na-sadzie-powszechnym-3-czy-i-aniolowie-beda-sadzic\/","url_meta":{"origin":10164,"position":4},"title":"Tomasz z Akwinu, Q. 89. (3 z 8). S\u0105dz\u0105cy i s\u0105dzeni na S\u0105dzie Powszechnym. (3) Czy i anio\u0142owie b\u0119d\u0105 s\u0105dzi\u0107?","author":"Traditio et Fides","date":"7 lutego 2025","format":false,"excerpt":"O tym, dlaczego anio\u0142owie s\u0105dzi\u0107 nie b\u0119d\u0105.","rel":"","context":"W \u201eDoktryna&quot;","block_context":{"text":"Doktryna","link":"https:\/\/wobronietradycjiiwiary.com\/pl\/category\/doktryna\/"},"img":{"alt_text":"","src":"https:\/\/i0.wp.com\/wobronietradycjiiwiary.com\/wp-content\/uploads\/2023\/10\/Auferstehung.jpg?resize=350%2C200&ssl=1","width":350,"height":200,"srcset":"https:\/\/i0.wp.com\/wobronietradycjiiwiary.com\/wp-content\/uploads\/2023\/10\/Auferstehung.jpg?resize=350%2C200&ssl=1 1x, https:\/\/i0.wp.com\/wobronietradycjiiwiary.com\/wp-content\/uploads\/2023\/10\/Auferstehung.jpg?resize=525%2C300&ssl=1 1.5x"},"classes":[]},{"id":141578,"url":"https:\/\/wobronietradycjiiwiary.com\/pl\/tomasz-z-akwinu-q-89-8-z-8-sadzacy-i-sadzeni-na-sadzie-powszechnym-8-czy-sadzeni-beda-aniolowie\/","url_meta":{"origin":10164,"position":5},"title":"Tomasz z Akwinu, Q. 89. (8 z 8). S\u0105dz\u0105cy i s\u0105dzeni na S\u0105dzie Powszechnym. (8) Czy s\u0105dzeni b\u0119d\u0105 anio\u0142owie?","author":"Traditio et Fides","date":"9 maja 2025","format":false,"excerpt":"O s\u0105dzie anio\u0142\u00f3w.","rel":"","context":"W \u201eDoktryna&quot;","block_context":{"text":"Doktryna","link":"https:\/\/wobronietradycjiiwiary.com\/pl\/category\/doktryna\/"},"img":{"alt_text":"","src":"https:\/\/i0.wp.com\/wobronietradycjiiwiary.com\/wp-content\/uploads\/2023\/10\/Auferstehung.jpg?resize=350%2C200&ssl=1","width":350,"height":200,"srcset":"https:\/\/i0.wp.com\/wobronietradycjiiwiary.com\/wp-content\/uploads\/2023\/10\/Auferstehung.jpg?resize=350%2C200&ssl=1 1x, https:\/\/i0.wp.com\/wobronietradycjiiwiary.com\/wp-content\/uploads\/2023\/10\/Auferstehung.jpg?resize=525%2C300&ssl=1 1.5x"},"classes":[]}],"amp_enabled":true,"jetpack_featured_media_url":"https:\/\/wobronietradycjiiwiary.com\/wp-content\/uploads\/2016\/09\/angels.jpg","_links":{"self":[{"href":"https:\/\/wobronietradycjiiwiary.com\/pl\/wp-json\/wp\/v2\/posts\/10164","targetHints":{"allow":["GET"]}}],"collection":[{"href":"https:\/\/wobronietradycjiiwiary.com\/pl\/wp-json\/wp\/v2\/posts"}],"about":[{"href":"https:\/\/wobronietradycjiiwiary.com\/pl\/wp-json\/wp\/v2\/types\/post"}],"author":[{"embeddable":true,"href":"https:\/\/wobronietradycjiiwiary.com\/pl\/wp-json\/wp\/v2\/users\/60508433"}],"replies":[{"embeddable":true,"href":"https:\/\/wobronietradycjiiwiary.com\/pl\/wp-json\/wp\/v2\/comments?post=10164"}],"version-history":[{"count":1,"href":"https:\/\/wobronietradycjiiwiary.com\/pl\/wp-json\/wp\/v2\/posts\/10164\/revisions"}],"predecessor-version":[{"id":55681,"href":"https:\/\/wobronietradycjiiwiary.com\/pl\/wp-json\/wp\/v2\/posts\/10164\/revisions\/55681"}],"wp:featuredmedia":[{"embeddable":true,"href":"https:\/\/wobronietradycjiiwiary.com\/pl\/wp-json\/wp\/v2\/media\/10150"}],"wp:attachment":[{"href":"https:\/\/wobronietradycjiiwiary.com\/pl\/wp-json\/wp\/v2\/media?parent=10164"}],"wp:term":[{"taxonomy":"category","embeddable":true,"href":"https:\/\/wobronietradycjiiwiary.com\/pl\/wp-json\/wp\/v2\/categories?post=10164"},{"taxonomy":"post_tag","embeddable":true,"href":"https:\/\/wobronietradycjiiwiary.com\/pl\/wp-json\/wp\/v2\/tags?post=10164"}],"curies":[{"name":"wp","href":"https:\/\/api.w.org\/{rel}","templated":true}]}}