{"id":100766,"date":"2023-09-15T08:10:13","date_gmt":"2023-09-15T06:10:13","guid":{"rendered":"https:\/\/wobronietradycjiiwiary.com\/?p=100766"},"modified":"2025-02-10T11:15:06","modified_gmt":"2025-02-10T10:15:06","slug":"15-go-wrzesnia-zywot-swietej-katarzyny-genuenskiej-wdowy-2-2","status":"publish","type":"post","link":"https:\/\/wobronietradycjiiwiary.com\/pl\/15-go-wrzesnia-zywot-swietej-katarzyny-genuenskiej-wdowy-2-2\/","title":{"rendered":"15-go Wrze\u015bnia. \u017bywot \u015bwi\u0119tej Katarzyny Genue\u0144skiej, Wdowy."},"content":{"rendered":"<div id=\"bsf_rt_marker\"><\/div>\n<p class=\"has-text-align-justify wp-block-paragraph\"><span style=\"background-color:rgba(0, 0, 0, 0)\" class=\"has-inline-color has-vivid-purple-color\">\u015aw. Katarzyna z Genui jest patronk\u0105 wszystkich prze\u017cywaj\u0105cych w swoim ma\u0142\u017ce\u0144stwie czy\u015bciec za \u017cycia, zatem wszystkich ma\u0142\u017conk\u00f3w. Jak pisa\u0142 ju\u017c ks. Ripperger Pan B\u00f3g daje nam we wsp\u00f3\u0142ma\u0142\u017conku kogo\u015b, kto nas do\u015bwiadcza, a kt\u00f3rego cechy doprowadzaj\u0105 nas do bia\u0142ej gor\u0105czki. Oczywi\u015bcie s\u0105 te\u017c chwile wytchnienia, bo w przeciwie\u0144stwie do czy\u015b\u0107ca cierpienie na ziemi nie jest trwa\u0142e. W ma\u0142\u017ce\u0144stwie tak\u017ce nie. Powstaje pytanie, czy \u015bw. Katarzyna z Genui z jakimkolwiek ma\u0142\u017ce\u0144stwie by\u0142aby szcz\u0119\u015bliwa, skoro ju\u017c w wieku lat 13 chcia\u0142a wst\u0105pi\u0107 do klasztoru, ale w swoim zdecydowanie nie by\u0142a. Musimy si\u0119 wszyscy pogodzi\u0107 z tym, \u017ce istniej\u0105 tylko trzy mo\u017cliwo\u015bci:<\/span><\/p>\n\n\n\n<ul class=\"wp-block-list\">\n<li><span style=\"background-color:rgba(0, 0, 0, 0)\" class=\"has-inline-color has-vivid-purple-color\">czy\u015bciec za \u017cycia, a po \u015bmierci od razu do nieba,<\/span><\/li>\n\n\n\n<li><span style=\"background-color:rgba(0, 0, 0, 0)\" class=\"has-inline-color has-vivid-purple-color\">w miar\u0119 lekkie \u017cycie, a reszta do odpokutowania w czy\u015b\u0107cu,<\/span><\/li>\n\n\n\n<li><span style=\"background-color:rgba(0, 0, 0, 0)\" class=\"has-inline-color has-vivid-purple-color\">brak cierpienia i \u0142atwe \u017cycie doczesne, wieczno\u015b\u0107 w piekle<\/span>.<\/li>\n<\/ul>\n\n\n\n<p class=\"has-text-align-justify wp-block-paragraph\"><span style=\"background-color:rgba(0, 0, 0, 0)\" class=\"has-inline-color has-vivid-purple-color\">Pan B\u00f3g tych, kt\u00f3rych kocha karci (Ap 3,19), a wychowuje tych, z kt\u00f3rych chce mie\u0107 jaki\u015b po\u017cytek. Ludziom reprobowanym daje odp\u0142at\u0119 za \u017cycia, bo po \u015bmierci ju\u017c jej nie b\u0119dzie. Takie to proste.<\/span><\/p>\n\n\n\n<p class=\"has-text-align-center wp-block-paragraph\">(\u017by\u0142a oko\u0142o roku Pa\u0144skiego tysi\u0105c pi\u0119\u0107set dziesi\u0105tym).<\/p>\n\n\n\n<figure class=\"wp-block-image\"><a href=\"https:\/\/pl.wikisource.org\/wiki\/Plik:%C5%BBywoty_%C5%9Bw._Pa%C5%84skich_na_wszystkie_dnie_roku-Inicja%C5%82-M.png\"><img decoding=\"async\" src=\"https:\/\/upload.wikimedia.org\/wikipedia\/commons\/thumb\/1\/18\/%C5%BBywoty_%C5%9Bw._Pa%C5%84skich_na_wszystkie_dnie_roku-Inicja%C5%82-M.png\/75px-%C5%BBywoty_%C5%9Bw._Pa%C5%84skich_na_wszystkie_dnie_roku-Inicja%C5%82-M.png\" alt=\"M\"\/><\/a><\/figure>\n\n\n\n<p class=\"has-text-align-justify wp-block-paragraph\">Miejscem rodzinnem \u015bw. Katarzyny jest urocza Genua, gdzie te\u017c dnia pi\u0105tego kwietnia roku Pa\u0144skiego tysi\u0105c czterysta czterdziestym si\u00f3dmym przysz\u0142a na \u015bwiat. Pochodzi\u0142a ona z domu Fiesko, kt\u00f3ry da\u0142 Ko\u015bcio\u0142owi wielu Kardyna\u0142\u00f3w i dw\u00f3ch Papie\u017cy. Ojciec jej Jak\u00f3b umar\u0142 jako wicekr\u00f3l neapolita\u0144ski.<\/p>\n\n\n\n<p class=\"has-text-align-justify wp-block-paragraph\"><br>\u2009Utalentowana dziecina stroni\u0142a ju\u017c w \u00f3smym roku \u017cycia od zabaw i rozrywek dzieci\u0119cych, przek\u0142adaj\u0105c nadewszystko&nbsp;rozpami\u0119tywanie prawd wiary i \u017cywot \u015bwi\u0119tobliwy. W komnacie sypialnej zawiesi\u0142a obraz Matki Boskiej Bolesnej i przed nim trawi\u0142a ca\u0142e godziny na gor\u0105cej modlitwie. Nikt nie m\u00f3g\u0142 si\u0119 oprze\u0107 wzruszeniu, widz\u0105c panienk\u0119 na kl\u0119czkach, roni\u0105c\u0105 \u0142zy rz\u0119siste i sypiaj\u0105c\u0105 obok \u0142o\u017ca na go\u0142ej pod\u0142odze z kawa\u0142kiem drzewa pod g\u0142ow\u0105.<br><\/p>\n\n\n\n<p class=\"has-text-align-justify wp-block-paragraph\">\u2009W trzynastym roku \u017cycia chcia\u0142a wst\u0105pi\u0107 do klasztoru, ale nie przyj\u0119to jej dla zbyt m\u0142odego wieku. Gdy liczy\u0142a lat szesna\u015bcie, matka \u2014 ojciec bowiem ju\u017c przedtem \u015bwiat ten by\u0142 po\u017cegna\u0142 \u2014 nalega\u0142a na ni\u0105, aby odda\u0142a r\u0119k\u0119 szlachcicowi Julianowi Adorno i aby tym sposobem przyczyni\u0142a si\u0119 do pojednania dwojga rodzin, kt\u00f3re od dawna z sob\u0105 by\u0142y powa\u015bnione. Mimo wstr\u0119tu do ma\u0142\u017ce\u0144stwa uczyni\u0142a Katarzyna z siebie ofiar\u0119 i zgodzi\u0142a si\u0119 po d\u0142ugiej z sob\u0105 walce na uprojektowany zwi\u0105zek.<\/p>\n\n\n\n<p class=\"has-text-align-justify wp-block-paragraph\"><br>\u2009Julian by\u0142 bogatym paniczem, dumnym, wynios\u0142ym, chciwym zabaw i zbytk\u00f3w; st\u0105d te\u017c pokora, skromno\u015b\u0107 nowoza\u015blubionej, jej poci\u0105g do samotno\u015bci i modlitwy nie mog\u0142y mu si\u0119 podoba\u0107. Niezad\u0142ugo wi\u0119c przekona\u0142a si\u0119 Katarzyna, \u017ce nie pozostaje jej nic innego, jak rzuci\u0107 si\u0119 wraz z m\u0119\u017cem w wir \u015bwiata i zatraci\u0107 dusz\u0119, albo pozosta\u0107 wiern\u0105 dotychczasowemu trybowi \u017cycia i wystawi\u0107 si\u0119 na drwiny, ur\u0105gowiska i zniewagi ma\u0142\u017conka. Nie waha\u0142a si\u0119, co wybra\u0107 i wola\u0142a cierpie\u0107 prze\u015bladowanie, ani\u017celi sprzeniewierzy\u0107 si\u0119 Chrystusowi. Julian natomiast marnotrawi\u0142 maj\u0105tek, aby zmys\u0142owym chuciom zado\u015b\u0107 uczyni\u0107 i wkr\u00f3tce wszystko przehula\u0142. W owem utrapieniu utyskiwa\u0142a Katarzyna wi\u0119cej na obraz\u0119 Boga, ani\u017celi na utrat\u0119 mienia.<\/p>\n\n\n\n<p class=\"has-text-align-justify wp-block-paragraph\"><br>\u2009Krewni ofiarowali wprawdzie pomoc, zastrzegli jednak, aby wzorem innych niewiast lepiej si\u0119 ubiera\u0142a, ucz\u0119szcza\u0142a w towarzystwach, odbywa\u0142a przechadzki i stara\u0142a si\u0119 zbli\u017cy\u0107 do m\u0119\u017ca. Us\u0142ucha\u0142a rady i mia\u0142a udzia\u0142 w rozrywkach \u015bwiatowych, o ile si\u0119 to sta\u0107 mog\u0142o bez grzechu; ale serce jej czu\u0142o do nich wstr\u0119t niepohamowany, a cierpienia jej duszy wzmaga\u0142y si\u0119 z dnia na dzie\u0144. B\u0142aga\u0142a Boga za przyczyn\u0105 Benedykta \u015bw., aby j\u0105 nawiedzi\u0107 raczy\u0142 cierpieniami cia\u0142a, ale mimo to pozostawa\u0142a zdrow\u0105, a tem wi\u0119cej wzmaga\u0142y si\u0119 bole\u015bci duszy. Nareszcie zdecydowa\u0142a si\u0119 do spowiedzi z ca\u0142ego \u017cycia; gdy wezwa\u0142a Ducha \u015bwi\u0119tego, zst\u0105pi\u0142o na ni\u0105 \u015bwiat\u0142o Boskie, pozna\u0142a wszystkie swe grzechy, i uczu\u0142a w sobie \u017cal serdeczny. W\u015br\u00f3d \u0142ez wzdycha\u0142a: \u201eJak\u017ce brudn\u0105 i niegodziw\u0105 jestem, kt\u00f3ra si\u0119 uwa\u017ca\u0142am za cnotliw\u0105 i pe\u0142n\u0105 zacno\u015bci! Kt\u00f3\u017c mnie tedy wyrwie z tej n\u0119dzy? Bo\u017ce, je\u017celi tego \u017c\u0105dasz, wypowiadam si\u0119 jawnie z grzech\u00f3w moich.\u201c W tem utrapieniu pojawi\u0142 si\u0119 jej Pan Jezus z krzy\u017cem na plecach, obryzgany Krwi\u0105 i pocieszy\u0142 nast\u0119puj\u0105cemi s\u0142owy: \u201ePatrz, t\u0119 krew przela\u0142em za ciebie i na umorzenie grzech\u00f3w twoich.\u201c Odt\u0105d widzia\u0142a wsz\u0119dzie i zawsze okrytego ranami Jezusa z krzy\u017cem i mia\u0142a na ustach s\u0142owa: \u201eO wszechmocno\u015bci, ju\u017c nie b\u0119d\u0119 grzeszy\u0142a!\u201c<\/p>\n\n\n\n<p class=\"has-text-align-justify wp-block-paragraph\">\u2009Po spowiedzi nie tylko odmawia\u0142a sobie wszelkich rozrywek, przyjemno\u015bci i wyg\u00f3d,&nbsp;ale mia\u0142a na wodzy zmys\u0142y i oddawa\u0142a si\u0119 surowej pokucie, aby zado\u015b\u0107 uczyni\u0107 za pope\u0142nione grzechy. Po\u015bci\u0142a surowo i przez lat dwadzie\u015bcia i trzy nie tkn\u0119\u0142a w czasie Wielkiego Postu i Adwentu \u017cadnej potrawy, codziennie komunikuj\u0105c i tedy owedy pij\u0105c szklank\u0119 wody zaprawionej octem i sol\u0105, a dusza jej zawsze pogr\u0105\u017con\u0105 by\u0142a w modlitwie, nawet podczas r\u0119cznej pracy.<\/p>\n\n\n\n<p class=\"has-text-align-justify wp-block-paragraph\">\u2009Kwitn\u0119\u0142o pod\u00f3wczas w Genui \u201eBractwo Mi\u0142osierdzia\u201c, z\u0142o\u017cone z dam rodu szlacheckiego. Zadaniem jego by\u0142o wspieranie biednych, mianowicie takich, co si\u0119 wstydzili \u017cebra\u0107. Jako\u017c Stowarzyszenie to wezwa\u0142o Katarzyn\u0119 do wzi\u0119cia udzia\u0142u w jego czynno\u015bciach. Zacna niewiasta ch\u0119tnie przyst\u0105pi\u0142a do Stowarzyszenia, zbiera\u0142a po mie\u015bcie ja\u0142mu\u017cny i rozdawa\u0142a je chorym i potrzebuj\u0105cym, krzepi\u0105c nieszcz\u0119\u015bliwych pociech\u0105. Z natury mia\u0142a szczeg\u00f3lny wstr\u0119t do obrzydliwych chor\u00f3b i niechlujstwa; wstr\u0119t ten umia\u0142a jednakowo\u017c pohamowa\u0107 i przezwyci\u0119\u017cy\u0107. Ca\u0142owa\u0142a rany i wrzody, opatrywa\u0142a i obiera\u0142a chorych z robactwa, a nadto pra\u0142a ich bielizn\u0119. Cz\u0119sto musia\u0142a znosi\u0107 ich gderania, grymasy i wyrzuty, ale wszystko przetrwa\u0142a cierpliwie, a ostatecznie udawa\u0142o jej si\u0119 zawsze zamieni\u0107 gderliwych dziwak\u00f3w na \u0142agodnych barank\u00f3w.<\/p>\n\n\n\n<p class=\"has-text-align-justify wp-block-paragraph\">\u2009Tymczasem Julian wszystko straci\u0142 a\u017c do ostatniego grosza, przeto Katarzyna \u017cebra\u0142a dla niego i b\u0142aga\u0142a, aby si\u0119 wreszcie poprawi\u0142 i pojedna\u0142 z Bogiem. Okrutnik ten odp\u0142aca\u0142 wszak\u017ce jej mi\u0142o\u015b\u0107 pogr\u00f3\u017ckami, grubija\u0144stwem i zniewag\u0105. Rozpustne \u017cycie jego przyprawi\u0142o go wko\u0144cu o ci\u0119\u017ck\u0105 chorob\u0119, w kt\u00f3rej z\u017cyma\u0142 si\u0119 z gniewu i w niecierpliwo\u015bci blu\u017ani\u0142 Bogu, z\u0142orzecz\u0105c przy tem sobie samemu. Katarzyna natomiast sili\u0142a si\u0119 koi\u0107 jego cierpienia i ocali\u0107 dusz\u0119 jego. Gdy raz w gniewie miota\u0107 si\u0119 pocz\u0105\u0142, ukl\u0119k\u0142a przy jego \u0142o\u017cu i modl\u0105c si\u0119 ze \u0142zami, westchn\u0119\u0142a: \u201eO Wszechmi\u0142o\u015bci, b\u0142agam Ci\u0119 o dusz\u0119 m\u0119\u017ca, daj mi j\u0105! Wszak\u017ce to w Twej mocy!\u201c Naraz zmieni\u0142 si\u0119 Julian, pocz\u0105\u0142 si\u0119 modli\u0107 i okazywa\u0107 \u017cal, przyj\u0105\u0142 Sakramenta \u015bwi\u0119te, wytrwa\u0142 w cierpliwo\u015bci i modlitwie i umar\u0142 jak prawdziwy pokutnik natchniony \u0142ask\u0105 Bo\u017c\u0105.<\/p>\n\n\n\n<p class=\"has-text-align-justify wp-block-paragraph\">\u2009Wolna od w\u0119z\u0142\u00f3w ma\u0142\u017ce\u0144skich, obj\u0119\u0142a Katarzyna na \u017cyczenie dam mi\u0142osierdzia zarz\u0105d wielkiego szpitala Pammatone. Dzia\u0142anie jej w tem trudnem i uci\u0105\u017cliwem urz\u0119dowaniu by\u0142o b\u0142ogie i zbawienne, mianowicie podczas zarazy grasuj\u0105cej w Genui w latach tysi\u0105c czterysta dziewi\u0119\u0107dziesi\u0105t siedem i tysi\u0105c pi\u0119\u0107set jeden. Dnie i noce przep\u0119dza\u0142a z bezprzyk\u0142adnem po\u015bwi\u0119ceniem przy \u0142o\u017cu chorych i umieraj\u0105cych, nie zaniedbuj\u0105c przytem \u0107wicze\u0144 pokuty i b\u0119d\u0105c wzorem pos\u0142usze\u0144stwa. Wszystkich bowiem pomocnik\u00f3w lazaretowych, kt\u00f3rzy dogl\u0105dali chorych, uwa\u017ca\u0142a za swych prze\u0142o\u017conych i wykonywa\u0142a ich grubija\u0144skie i obra\u017caj\u0105ce rozkazy z nies\u0142ychan\u0105 potulno\u015bci\u0105 i pokor\u0105.<\/p>\n\n\n\n<p class=\"has-text-align-justify wp-block-paragraph\">\u2009Aby do\u015bwiadczy\u0107 jej pokory, B\u00f3g tedy owedy pozbawia\u0142 j\u0105 uczucia mi\u0142o\u015bci i nawiedza\u0142 j\u0105 osch\u0142o\u015bci\u0105 serca, co j\u0105 niezmiernie bola\u0142o. Zwyk\u0142a tedy mawia\u0107: \u201eO Wszechmi\u0142o\u015bci, gdyby\u015b mnie nie raczy\u0142 ustrzedz od zmys\u0142owo\u015bci i dumy, by\u0142abym gorsz\u0105 od Lucyfera.\u201c<\/p>\n\n\n\n<p class=\"has-text-align-justify wp-block-paragraph\">\u2009Ostatnie dziewi\u0119\u0107 lat zapada\u0142a na kurcze i inne niedomagania tak cz\u0119sto, \u017ce za cud nieomal mo\u017cna by\u0142o uwa\u017ca\u0107 dalsze jej \u017cycie. Mimo to pogodn\u0105 by\u0142a, weso\u0142\u0105 i pracowit\u0105, a wielu ludzi odwiedza\u0142o szpital, aby m\u00f3dz ogl\u0105da\u0107 t\u0119 \u201eM\u0119czennic\u0119 mi\u0142o\u015bci.\u201c Katarzyna zach\u0119ca\u0142a ich z takiem namaszczeniem do pogardy \u015bwiata, mi\u0142o\u015bci Boga i chronienia si\u0119 od grzechu, \u017ce wszyscy z p\u0142aczem przyrzekli popraw\u0119. Niezad\u0142ugo wysch\u0142a jak szczap, a gdy B\u00f3g jej przepowiedzia\u0142 blizki zgon, krew jej wytrys\u0142a z cia\u0142a i stopi\u0142a tu i owdzie naczynie, w kt\u00f3re si\u0119 stoczy\u0142a. Umar\u0142a dnia dziesi\u0105tego wrze\u015bnia roku tysi\u0105c pi\u0119\u0107set dziesi\u0105tym, a Papie\u017c Klemens Dwunasty zaliczy\u0142 j\u0105 do \u015awi\u0119tych. Pozostawi\u0142a po sobie dwie prace pi\u015bmienne, tj. rozpraw\u0119 o czy\u015b\u0107cu i zach\u0119t\u0119 do mi\u0142o\u015bci Boga w kszta\u0142cie rozmowy.<\/p>\n\n\n\n<h3 class=\"wp-block-heading\"><br><strong>Nauka moralna.<\/strong><\/h3>\n\n\n\n<p class=\"wp-block-paragraph\"><\/p>\n\n\n\n<p class=\"has-text-align-justify wp-block-paragraph\">\u2009W jednem ze swych pism m\u00f3wi \u015bwi\u0119ta Katarzyna co nast\u0119puje: \u201eDusza nasza stworzona jest do mi\u0142o\u015bci i rozkoszy i tego te\u017c przedewszystkiem szuka. Nigdy jej wszak\u017ce nie nasyc\u0105 sprawy doczesne. \u0141udzi si\u0119 wprawdzie nadziej\u0105, i\u017c w ten spos\u00f3b nasycon\u0105 zostanie, ale s\u0105 to tylko b\u0142\u0119dne mniemania, a tem samem traci w swej niedorzeczno\u015bci czas przeznaczony na poznanie Boga, tego prawdziwego \u017ar\u00f3d\u0142a mi\u0142o\u015bci i rozkoszy. Smutnym zaiste jest los cz\u0142owieka, kt\u00f3ry przyszed\u0142 do przekonania, i\u017c dozna\u0142 zawodu, pozbawi\u0142 si\u0119 wszelkiego dobra, a ugrz\u0105z\u0142&nbsp;w z\u0142em. Gdy cz\u0142owiek le\u017cy na \u0142o\u017cu \u015bmiertelnem, widzi marno\u015b\u0107 rzeczy doczesnych, widzi, jak B\u00f3g o wiele wi\u0119cej si\u0119 troszczy\u0142 o jego zbawienie, ani\u017celi on sam. Wtedy przesunie si\u0119 przed jego oczyma przesz\u0142o\u015b\u0107 ca\u0142a, przypomni mu si\u0119, ile pomin\u0105\u0142 sposobno\u015bci do czynienia dobrego i jak ma\u0142o s\u0142ucha\u0142 g\u0142osu sumienia. Kt\u00f3\u017c tedy zdo\u0142a opisa\u0107 stan duszy jego? Gdyby\u015bmy wiedzieli, ile cierpi umieraj\u0105cy w stanie grzechu i ze zmaz\u0105 na duszy, przekonani jeste\u015bmy, \u017ce lepiejby by\u0142o da\u0107 si\u0119 w kawa\u0142y pokraja\u0107, ani\u017celi dopu\u015bci\u0107 si\u0119 cho\u0107by jednego grzechu. Grzech jest rozstaniem si\u0119 duszy z Bogiem. Gdyby B\u00f3g podlega\u0142 smutkowi, ubolewa\u0142by srodze na takie rozstanie, gdy\u017c B\u00f3g czuje niesko\u0144czenie wy\u017csz\u0105 mi\u0142o\u015b\u0107 do duszy, ani\u017celi dusza do Niego. Jak\u017ce przeto mo\u017cna obra\u017ca\u0107 Boga pe\u0142nego mi\u0142o\u015bci? Jakiem\u017ce mo\u017cna Go przejedna\u0107 zadosy\u0107uczynieniem? Zechcijmy poj\u0105\u0107, jak ci\u0119\u017cko zawa\u017cy jeden jedyny grzech. Kto to pojmie i zrozumie, wola\u0142by ca\u0142e \u017cycie sp\u0119dzi\u0107 w gorej\u0105cym ogniu, a gdyby morze by\u0142o p\u0142omienistem, wola\u0142by si\u0119 rzuci\u0107 w jego przepa\u015b\u0107 a\u017c do dna samego, ani\u017celi dopu\u015bci\u0107 si\u0119 grzechu. Mo\u017ce to niejednemu wyda si\u0119 niepodobnem do wierzenia, a jednak\u017ce niczem to jest w por\u00f3wnaniu z rzeczywisto\u015bci\u0105.\u201c Tak pisze \u015bwi\u0119ta Katarzyna, kt\u00f3r\u0105 B\u00f3g o\u015bwieci\u0142 w sprawie grzechu, i kt\u00f3ra do\u015bwiadczy\u0142a tego na sobie samej.<\/p>\n\n\n\n<h3 class=\"wp-block-heading\"><br><strong>Modlitwa.<\/strong><\/h3>\n\n\n\n<blockquote class=\"wp-block-quote is-layout-flow wp-block-quote-is-layout-flow\">\n<p class=\"wp-block-paragraph\">\u2009Katarzyno \u015bwi\u0119ta, wyb\u0142agaj nam u Pana Jezusa cho\u0107by promie\u0144 tylko tego niebieskiego \u015bwiat\u0142a, kt\u00f3rem B\u00f3g rozja\u015bni\u0142 dusz\u0119 twoj\u0105 i da\u0142 Ci pozna\u0107 twe b\u0142\u0119dy i u\u0142omno\u015bci, aby\u015bmy r\u00f3wnie\u017c zdo\u0142ali pozna\u0107 ca\u0142\u0105 szpetno\u015b\u0107 i brzydot\u0119 grzechu, unikali go i stronili od niego wi\u0119cej, ni\u017c od wszego innego z\u0142ego na \u015bwiecie. Przez Pana naszego Jezusa Chrystusa. Amen.<\/p>\n<\/blockquote>\n\n\n\n<p class=\"has-text-align-justify wp-block-paragraph\"><em>Opr\u00f3cz tego obchodzi Ko\u015bci\u00f3\u0142 \u015bwi\u0119ty pami\u0105tk\u0119 nast\u0119puj\u0105cych \u015awi\u0119tych Pa\u0144skich, zamieszczonych w rzymskiem martyrologium:<\/em><\/p>\n\n\n\n<p class=\"has-text-align-justify wp-block-paragraph\">\u2009<strong>Dnia 15-go wrze\u015bnia<\/strong>&nbsp;oktawa uroczysto\u015bci Narodzenia Naj\u015bw. Maryi Panny. \u2014 W Rzymie przy Via Nomentana m\u0119cze\u0144stwo \u015bw.&nbsp;Nikodema, Kap\u0142ana. Gdy go zmuszano do z\u0142o\u017cenia ofiary bo\u017ckom, odpowiedzia\u0142: \u201eOfiar\u0119 sk\u0142adam tylko Bogu wszechmocnemu, panuj\u0105cemu na Niebiosach.\u201c Na s\u0142owa te biczowano go kulkami o\u0142owianemi tak d\u0142ugo, a\u017c ducha swego wyzion\u0105\u0142. \u2014 W okr\u0119gu Chalons \u015bmier\u0107 m\u0119cze\u0144ska \u015bw.&nbsp;Waleryana. Starosta Pryskus poleci\u0142 go najprz\u00f3d powiesi\u0107 i \u017celaznemi szponami rozdziera\u0107; widz\u0105c jednakowo\u017c, jak ten\u017ce nie zwa\u017caj\u0105c wcale na bole\u015bci, z ca\u0142ej duszy dalej wielbi\u0142 Chrystusa, kaza\u0142 go \u015bci\u0105\u0107. \u2014 W Marianopolu w Tracyi m\u0119cze\u0144stwo \u015bw.&nbsp;Melitiny&nbsp;za cesarza Antonina i prezesa Antyocha. Wprowadzono j\u0105 kilka razy do \u015bwi\u0105tyni poga\u0144skiej i za ka\u017cdym razem obala\u0142y si\u0119 bo\u017cyszcza; za co j\u0105 powieszono, biczowano i wreszcie \u015bci\u0119to. \u2014 W Adryanopolu pami\u0105tka \u015bwi\u0119tych&nbsp;Maksyma, Teodora i Asklepiodota, kt\u00f3rzy pod cesarzem Maksymianem dost\u0105pili korony m\u0119cze\u0144stwa. \u2014 R\u00f3wnie\u017c uroczysto\u015b\u0107 \u015bw.&nbsp;Porfiryusza, Aktora; z szyderstwem przyjmuj\u0105c Chrzest \u015bwi\u0119ty w obecno\u015bci Juliana Apostaty, zosta\u0142 nagle tchni\u0119ty Duchem \u015bw. i zaraz g\u0142o\u015bno zacz\u0105\u0142 przyznawa\u0107 si\u0119 do chrze\u015bcija\u0144stwa; dlatego zosta\u0142 z rozkazu cesarza \u015bci\u0119ty i tak zyska\u0142 palm\u0119 zwyci\u0119stwa. \u2014 Tego\u017c dnia m\u0119cze\u0144stwo \u015bw.&nbsp;Nicetasa, Gota, kt\u00f3rego kr\u00f3l Atanaryk dla wiary jego spali\u0107 kaza\u0142 \u2014 W Kordowie \u015bmier\u0107 m\u0119cze\u0144ska \u015bw.&nbsp;Emila, Dyakona i&nbsp;Jeremiasza, kt\u00f3rzy obaj w prze\u015bladowaniu przez Maur\u00f3w po d\u0142ugiem wi\u0119zieniu po\u015bwi\u0119ceniem \u017cycia swego z\u0142o\u017cyli \u015bwiadectwo wierno\u015bci Chrystusowi. \u2014 W Toul we Francyi uroczysto\u015b\u0107 \u015bw.&nbsp;Apera, Biskupa. \u2014 R\u00f3wnie\u017c uroczysto\u015b\u0107 \u0107w.&nbsp;Leobina, Biskupa z Chartres. \u2014 W Lyonie uroczysto\u015b\u0107 \u015bw.&nbsp;Albina, Biskupa. \u2014 Tego\u017c dnia pochowanie zw\u0142ok \u015bw.&nbsp;Aicharda, Opata. \u2014 We Francyi uroczysto\u015b\u0107 \u015bwi\u0119tej&nbsp;Eutropii, Wdowy.<\/p>\n\n\n\n<p class=\"wp-block-paragraph\"><a href=\"https:\/\/pl.wikisource.org\/wiki\/%C5%BBywot_%C5%9Bwi%C4%99tej_Katarzyny_Genue%C5%84skiej,_Wdowy\">\u0179r\u00f3d\u0142o<\/a><\/p>\n","protected":false},"excerpt":{"rendered":"<p>\u015aw. Katarzyna z Genui jest patronk\u0105 wszystkich prze\u017cywaj\u0105cych w swoim ma\u0142\u017ce\u0144stwie czy\u015bciec za \u017cycia, zatem wszystkich ma\u0142\u017conk\u00f3w. Jak pisa\u0142 ju\u017c ks. Ripperger Pan B\u00f3g daje nam we wsp\u00f3\u0142ma\u0142\u017conku kogo\u015b, kto nas do\u015bwiadcza, a kt\u00f3rego cechy doprowadzaj\u0105 nas do bia\u0142ej gor\u0105czki. Oczywi\u015bcie s\u0105 te\u017c chwile wytchnienia, bo w przeciwie\u0144stwie do czy\u015b\u0107ca cierpienie na ziemi nie jest [&hellip;]<\/p>\n","protected":false},"author":60508433,"featured_media":10392,"comment_status":"open","ping_status":"open","sticky":false,"template":"","format":"standard","meta":{"_bbp_topic_count":0,"_bbp_reply_count":0,"_bbp_total_topic_count":0,"_bbp_total_reply_count":0,"_bbp_voice_count":0,"_bbp_anonymous_reply_count":0,"_bbp_topic_count_hidden":0,"_bbp_reply_count_hidden":0,"_bbp_forum_subforum_count":0,"_editorskit_title_hidden":false,"_editorskit_reading_time":0,"_editorskit_is_block_options_detached":false,"_editorskit_block_options_position":"{}","_coblocks_attr":"","_coblocks_dimensions":"","_coblocks_responsive_height":"","_coblocks_accordion_ie_support":"","_exactmetrics_skip_tracking":false,"_jetpack_newsletter_access":"","_jetpack_dont_email_post_to_subs":false,"_jetpack_newsletter_tier_id":0,"_jetpack_memberships_contains_paywalled_content":false,"_wpcom_ai_launchpad_first_post":false,"_jetpack_feature_clip_id":0,"_jetpack_memberships_contains_paid_content":false,"footnotes":"","jetpack_publicize_message":"{title}\n\n{excerpt}\n\n{url}","jetpack_publicize_feature_enabled":true,"jetpack_social_post_already_shared":true,"jetpack_social_options":{"image_generator_settings":{"template":"highway","default_image_id":0,"font":"","enabled":false},"version":2},"_wpas_customize_per_network":false,"jetpack_post_was_ever_published":false},"categories":[610131824,610131184,336375535,610131155,610132042],"tags":[],"class_list":["post-100766","post","type-post","status-publish","format-standard","has-post-thumbnail","hentry","category-swieta-we-wrzesniu","category-duchowosc","category-liturgia-i-liturgika","category-rozwazania","category-zywoty-swietych"],"yoast_head":"<!-- This site is optimized with the Yoast SEO plugin v28.4 - https:\/\/yoast.com\/product\/yoast-seo-wordpress\/ -->\n<title>15-go Wrze\u015bnia. \u017bywot \u015bwi\u0119tej Katarzyny Genue\u0144skiej, Wdowy. - Tradycja i Wiara<\/title>\n<meta name=\"robots\" content=\"index, follow, max-snippet:-1, max-image-preview:large, max-video-preview:-1\" \/>\n<link rel=\"canonical\" href=\"https:\/\/wobronietradycjiiwiary.com\/pl\/15-go-wrzesnia-zywot-swietej-katarzyny-genuenskiej-wdowy-2-2\/\" \/>\n<meta property=\"og:locale\" content=\"pl_PL\" \/>\n<meta property=\"og:type\" content=\"article\" \/>\n<meta property=\"og:title\" content=\"15-go Wrze\u015bnia. \u017bywot \u015bwi\u0119tej Katarzyny Genue\u0144skiej, Wdowy. - Tradycja i Wiara\" \/>\n<meta property=\"og:description\" content=\"\u015aw. Katarzyna z Genui jest patronk\u0105 wszystkich prze\u017cywaj\u0105cych w swoim ma\u0142\u017ce\u0144stwie czy\u015bciec za \u017cycia, zatem wszystkich ma\u0142\u017conk\u00f3w. Jak pisa\u0142 ju\u017c ks. Ripperger Pan B\u00f3g daje nam we wsp\u00f3\u0142ma\u0142\u017conku kogo\u015b, kto nas do\u015bwiadcza, a kt\u00f3rego cechy doprowadzaj\u0105 nas do bia\u0142ej gor\u0105czki. Oczywi\u015bcie s\u0105 te\u017c chwile wytchnienia, bo w przeciwie\u0144stwie do czy\u015b\u0107ca cierpienie na ziemi nie jest [&hellip;]\" \/>\n<meta property=\"og:url\" content=\"https:\/\/wobronietradycjiiwiary.com\/pl\/15-go-wrzesnia-zywot-swietej-katarzyny-genuenskiej-wdowy-2-2\/\" \/>\n<meta property=\"og:site_name\" content=\"Tradycja i Wiara\" \/>\n<meta property=\"article:publisher\" content=\"https:\/\/www.facebook.com\/Tradycja-i-Wiara-108813920592249\" \/>\n<meta property=\"article:published_time\" content=\"2023-09-15T06:10:13+00:00\" \/>\n<meta property=\"article:modified_time\" content=\"2025-02-10T10:15:06+00:00\" \/>\n<meta property=\"og:image\" content=\"https:\/\/wobronietradycjiiwiary.com\/wp-content\/uploads\/2016\/10\/katarzyna-z-genui.jpg\" \/>\n\t<meta property=\"og:image:width\" content=\"683\" \/>\n\t<meta property=\"og:image:height\" content=\"923\" \/>\n\t<meta property=\"og:image:type\" content=\"image\/jpeg\" \/>\n<meta name=\"author\" content=\"Traditio et Fides\" \/>\n<meta name=\"twitter:card\" content=\"summary_large_image\" \/>\n<meta name=\"twitter:label1\" content=\"Napisane przez\" \/>\n\t<meta name=\"twitter:data1\" content=\"Traditio et Fides\" \/>\n\t<meta name=\"twitter:label2\" content=\"Szacowany czas czytania\" \/>\n\t<meta name=\"twitter:data2\" content=\"11 minut\" \/>\n<script type=\"application\/ld+json\" class=\"yoast-schema-graph\">{\"@context\":\"https:\\\/\\\/schema.org\",\"@graph\":[{\"@type\":\"Article\",\"@id\":\"https:\\\/\\\/wobronietradycjiiwiary.com\\\/15-go-wrzesnia-zywot-swietej-katarzyny-genuenskiej-wdowy-2-2\\\/#article\",\"isPartOf\":{\"@id\":\"https:\\\/\\\/wobronietradycjiiwiary.com\\\/15-go-wrzesnia-zywot-swietej-katarzyny-genuenskiej-wdowy-2-2\\\/\"},\"author\":{\"name\":\"Traditio et Fides\",\"@id\":\"https:\\\/\\\/wobronietradycjiiwiary.com\\\/pl\\\/#\\\/schema\\\/person\\\/2d6180ce6abcb681fef0daab7816e8f3\"},\"headline\":\"15-go Wrze\u015bnia. \u017bywot \u015bwi\u0119tej Katarzyny Genue\u0144skiej, Wdowy.\",\"datePublished\":\"2023-09-15T06:10:13+00:00\",\"dateModified\":\"2025-02-10T10:15:06+00:00\",\"mainEntityOfPage\":{\"@id\":\"https:\\\/\\\/wobronietradycjiiwiary.com\\\/15-go-wrzesnia-zywot-swietej-katarzyny-genuenskiej-wdowy-2-2\\\/\"},\"wordCount\":2343,\"commentCount\":0,\"publisher\":{\"@id\":\"https:\\\/\\\/wobronietradycjiiwiary.com\\\/pl\\\/#organization\"},\"image\":{\"@id\":\"https:\\\/\\\/wobronietradycjiiwiary.com\\\/15-go-wrzesnia-zywot-swietej-katarzyny-genuenskiej-wdowy-2-2\\\/#primaryimage\"},\"thumbnailUrl\":\"https:\\\/\\\/wobronietradycjiiwiary.com\\\/wp-content\\\/uploads\\\/2016\\\/10\\\/katarzyna-z-genui.jpg\",\"articleSection\":[\"09. \u015awi\u0119ta we wrze\u015bniu\",\"Duchowo\u015b\u0107\",\"Liturgia i liturgika\",\"Rozwa\u017cania liturgiczne\",\"\u017bywoty \u015awi\u0119tych\"],\"inLanguage\":\"pl-PL\",\"potentialAction\":[{\"@type\":\"CommentAction\",\"name\":\"Comment\",\"target\":[\"https:\\\/\\\/wobronietradycjiiwiary.com\\\/15-go-wrzesnia-zywot-swietej-katarzyny-genuenskiej-wdowy-2-2\\\/#respond\"]}]},{\"@type\":\"WebPage\",\"@id\":\"https:\\\/\\\/wobronietradycjiiwiary.com\\\/15-go-wrzesnia-zywot-swietej-katarzyny-genuenskiej-wdowy-2-2\\\/\",\"url\":\"https:\\\/\\\/wobronietradycjiiwiary.com\\\/15-go-wrzesnia-zywot-swietej-katarzyny-genuenskiej-wdowy-2-2\\\/\",\"name\":\"15-go Wrze\u015bnia. \u017bywot \u015bwi\u0119tej Katarzyny Genue\u0144skiej, Wdowy. - Tradycja i Wiara\",\"isPartOf\":{\"@id\":\"https:\\\/\\\/wobronietradycjiiwiary.com\\\/pl\\\/#website\"},\"primaryImageOfPage\":{\"@id\":\"https:\\\/\\\/wobronietradycjiiwiary.com\\\/15-go-wrzesnia-zywot-swietej-katarzyny-genuenskiej-wdowy-2-2\\\/#primaryimage\"},\"image\":{\"@id\":\"https:\\\/\\\/wobronietradycjiiwiary.com\\\/15-go-wrzesnia-zywot-swietej-katarzyny-genuenskiej-wdowy-2-2\\\/#primaryimage\"},\"thumbnailUrl\":\"https:\\\/\\\/wobronietradycjiiwiary.com\\\/wp-content\\\/uploads\\\/2016\\\/10\\\/katarzyna-z-genui.jpg\",\"datePublished\":\"2023-09-15T06:10:13+00:00\",\"dateModified\":\"2025-02-10T10:15:06+00:00\",\"breadcrumb\":{\"@id\":\"https:\\\/\\\/wobronietradycjiiwiary.com\\\/15-go-wrzesnia-zywot-swietej-katarzyny-genuenskiej-wdowy-2-2\\\/#breadcrumb\"},\"inLanguage\":\"pl-PL\",\"potentialAction\":[{\"@type\":\"ReadAction\",\"target\":[\"https:\\\/\\\/wobronietradycjiiwiary.com\\\/15-go-wrzesnia-zywot-swietej-katarzyny-genuenskiej-wdowy-2-2\\\/\"]}]},{\"@type\":\"ImageObject\",\"inLanguage\":\"pl-PL\",\"@id\":\"https:\\\/\\\/wobronietradycjiiwiary.com\\\/15-go-wrzesnia-zywot-swietej-katarzyny-genuenskiej-wdowy-2-2\\\/#primaryimage\",\"url\":\"https:\\\/\\\/wobronietradycjiiwiary.com\\\/wp-content\\\/uploads\\\/2016\\\/10\\\/katarzyna-z-genui.jpg\",\"contentUrl\":\"https:\\\/\\\/wobronietradycjiiwiary.com\\\/wp-content\\\/uploads\\\/2016\\\/10\\\/katarzyna-z-genui.jpg\",\"width\":683,\"height\":923},{\"@type\":\"BreadcrumbList\",\"@id\":\"https:\\\/\\\/wobronietradycjiiwiary.com\\\/15-go-wrzesnia-zywot-swietej-katarzyny-genuenskiej-wdowy-2-2\\\/#breadcrumb\",\"itemListElement\":[{\"@type\":\"ListItem\",\"position\":1,\"name\":\"Strona g\u0142\u00f3wna\",\"item\":\"https:\\\/\\\/wobronietradycjiiwiary.com\\\/\"},{\"@type\":\"ListItem\",\"position\":2,\"name\":\"15-go Wrze\u015bnia. \u017bywot \u015bwi\u0119tej Katarzyny Genue\u0144skiej, Wdowy.\"}]},{\"@type\":\"WebSite\",\"@id\":\"https:\\\/\\\/wobronietradycjiiwiary.com\\\/pl\\\/#website\",\"url\":\"https:\\\/\\\/wobronietradycjiiwiary.com\\\/pl\\\/\",\"name\":\"Tradycja i Wiara\",\"description\":\"Portal dla katolik\u00f3w.\",\"publisher\":{\"@id\":\"https:\\\/\\\/wobronietradycjiiwiary.com\\\/pl\\\/#organization\"},\"potentialAction\":[{\"@type\":\"SearchAction\",\"target\":{\"@type\":\"EntryPoint\",\"urlTemplate\":\"https:\\\/\\\/wobronietradycjiiwiary.com\\\/pl\\\/?s={search_term_string}\"},\"query-input\":{\"@type\":\"PropertyValueSpecification\",\"valueRequired\":true,\"valueName\":\"search_term_string\"}}],\"inLanguage\":\"pl-PL\"},{\"@type\":\"Organization\",\"@id\":\"https:\\\/\\\/wobronietradycjiiwiary.com\\\/pl\\\/#organization\",\"name\":\"Tradycja i Wiara\",\"url\":\"https:\\\/\\\/wobronietradycjiiwiary.com\\\/pl\\\/\",\"logo\":{\"@type\":\"ImageObject\",\"inLanguage\":\"pl-PL\",\"@id\":\"https:\\\/\\\/wobronietradycjiiwiary.com\\\/pl\\\/#\\\/schema\\\/logo\\\/image\\\/\",\"url\":\"https:\\\/\\\/i0.wp.com\\\/wobronietradycjiiwiary.com\\\/wp-content\\\/uploads\\\/2015\\\/10\\\/cropped-st-peters-dome-vatican.jpg?fit=940%2C198&ssl=1\",\"contentUrl\":\"https:\\\/\\\/i0.wp.com\\\/wobronietradycjiiwiary.com\\\/wp-content\\\/uploads\\\/2015\\\/10\\\/cropped-st-peters-dome-vatican.jpg?fit=940%2C198&ssl=1\",\"width\":940,\"height\":198,\"caption\":\"Tradycja i Wiara\"},\"image\":{\"@id\":\"https:\\\/\\\/wobronietradycjiiwiary.com\\\/pl\\\/#\\\/schema\\\/logo\\\/image\\\/\"},\"sameAs\":[\"https:\\\/\\\/www.facebook.com\\\/Tradycja-i-Wiara-108813920592249\"]},{\"@type\":\"Person\",\"@id\":\"https:\\\/\\\/wobronietradycjiiwiary.com\\\/pl\\\/#\\\/schema\\\/person\\\/2d6180ce6abcb681fef0daab7816e8f3\",\"name\":\"Traditio et Fides\",\"sameAs\":[\"https:\\\/\\\/traditionundglauben.com\"],\"url\":\"https:\\\/\\\/wobronietradycjiiwiary.com\\\/pl\\\/author\\\/wobronietradycjiiwiary\\\/\"}]}<\/script>\n<!-- \/ Yoast SEO plugin. -->","yoast_head_json":{"title":"15-go Wrze\u015bnia. \u017bywot \u015bwi\u0119tej Katarzyny Genue\u0144skiej, Wdowy. - Tradycja i Wiara","robots":{"index":"index","follow":"follow","max-snippet":"max-snippet:-1","max-image-preview":"max-image-preview:large","max-video-preview":"max-video-preview:-1"},"canonical":"https:\/\/wobronietradycjiiwiary.com\/pl\/15-go-wrzesnia-zywot-swietej-katarzyny-genuenskiej-wdowy-2-2\/","og_locale":"pl_PL","og_type":"article","og_title":"15-go Wrze\u015bnia. \u017bywot \u015bwi\u0119tej Katarzyny Genue\u0144skiej, Wdowy. - Tradycja i Wiara","og_description":"\u015aw. Katarzyna z Genui jest patronk\u0105 wszystkich prze\u017cywaj\u0105cych w swoim ma\u0142\u017ce\u0144stwie czy\u015bciec za \u017cycia, zatem wszystkich ma\u0142\u017conk\u00f3w. Jak pisa\u0142 ju\u017c ks. Ripperger Pan B\u00f3g daje nam we wsp\u00f3\u0142ma\u0142\u017conku kogo\u015b, kto nas do\u015bwiadcza, a kt\u00f3rego cechy doprowadzaj\u0105 nas do bia\u0142ej gor\u0105czki. Oczywi\u015bcie s\u0105 te\u017c chwile wytchnienia, bo w przeciwie\u0144stwie do czy\u015b\u0107ca cierpienie na ziemi nie jest [&hellip;]","og_url":"https:\/\/wobronietradycjiiwiary.com\/pl\/15-go-wrzesnia-zywot-swietej-katarzyny-genuenskiej-wdowy-2-2\/","og_site_name":"Tradycja i Wiara","article_publisher":"https:\/\/www.facebook.com\/Tradycja-i-Wiara-108813920592249","article_published_time":"2023-09-15T06:10:13+00:00","article_modified_time":"2025-02-10T10:15:06+00:00","og_image":[{"width":683,"height":923,"url":"https:\/\/wobronietradycjiiwiary.com\/wp-content\/uploads\/2016\/10\/katarzyna-z-genui.jpg","type":"image\/jpeg"}],"author":"Traditio et Fides","twitter_card":"summary_large_image","twitter_misc":{"Napisane przez":"Traditio et Fides","Szacowany czas czytania":"11 minut"},"schema":{"@context":"https:\/\/schema.org","@graph":[{"@type":"Article","@id":"https:\/\/wobronietradycjiiwiary.com\/15-go-wrzesnia-zywot-swietej-katarzyny-genuenskiej-wdowy-2-2\/#article","isPartOf":{"@id":"https:\/\/wobronietradycjiiwiary.com\/15-go-wrzesnia-zywot-swietej-katarzyny-genuenskiej-wdowy-2-2\/"},"author":{"name":"Traditio et Fides","@id":"https:\/\/wobronietradycjiiwiary.com\/pl\/#\/schema\/person\/2d6180ce6abcb681fef0daab7816e8f3"},"headline":"15-go Wrze\u015bnia. \u017bywot \u015bwi\u0119tej Katarzyny Genue\u0144skiej, Wdowy.","datePublished":"2023-09-15T06:10:13+00:00","dateModified":"2025-02-10T10:15:06+00:00","mainEntityOfPage":{"@id":"https:\/\/wobronietradycjiiwiary.com\/15-go-wrzesnia-zywot-swietej-katarzyny-genuenskiej-wdowy-2-2\/"},"wordCount":2343,"commentCount":0,"publisher":{"@id":"https:\/\/wobronietradycjiiwiary.com\/pl\/#organization"},"image":{"@id":"https:\/\/wobronietradycjiiwiary.com\/15-go-wrzesnia-zywot-swietej-katarzyny-genuenskiej-wdowy-2-2\/#primaryimage"},"thumbnailUrl":"https:\/\/wobronietradycjiiwiary.com\/wp-content\/uploads\/2016\/10\/katarzyna-z-genui.jpg","articleSection":["09. \u015awi\u0119ta we wrze\u015bniu","Duchowo\u015b\u0107","Liturgia i liturgika","Rozwa\u017cania liturgiczne","\u017bywoty \u015awi\u0119tych"],"inLanguage":"pl-PL","potentialAction":[{"@type":"CommentAction","name":"Comment","target":["https:\/\/wobronietradycjiiwiary.com\/15-go-wrzesnia-zywot-swietej-katarzyny-genuenskiej-wdowy-2-2\/#respond"]}]},{"@type":"WebPage","@id":"https:\/\/wobronietradycjiiwiary.com\/15-go-wrzesnia-zywot-swietej-katarzyny-genuenskiej-wdowy-2-2\/","url":"https:\/\/wobronietradycjiiwiary.com\/15-go-wrzesnia-zywot-swietej-katarzyny-genuenskiej-wdowy-2-2\/","name":"15-go Wrze\u015bnia. \u017bywot \u015bwi\u0119tej Katarzyny Genue\u0144skiej, Wdowy. - Tradycja i Wiara","isPartOf":{"@id":"https:\/\/wobronietradycjiiwiary.com\/pl\/#website"},"primaryImageOfPage":{"@id":"https:\/\/wobronietradycjiiwiary.com\/15-go-wrzesnia-zywot-swietej-katarzyny-genuenskiej-wdowy-2-2\/#primaryimage"},"image":{"@id":"https:\/\/wobronietradycjiiwiary.com\/15-go-wrzesnia-zywot-swietej-katarzyny-genuenskiej-wdowy-2-2\/#primaryimage"},"thumbnailUrl":"https:\/\/wobronietradycjiiwiary.com\/wp-content\/uploads\/2016\/10\/katarzyna-z-genui.jpg","datePublished":"2023-09-15T06:10:13+00:00","dateModified":"2025-02-10T10:15:06+00:00","breadcrumb":{"@id":"https:\/\/wobronietradycjiiwiary.com\/15-go-wrzesnia-zywot-swietej-katarzyny-genuenskiej-wdowy-2-2\/#breadcrumb"},"inLanguage":"pl-PL","potentialAction":[{"@type":"ReadAction","target":["https:\/\/wobronietradycjiiwiary.com\/15-go-wrzesnia-zywot-swietej-katarzyny-genuenskiej-wdowy-2-2\/"]}]},{"@type":"ImageObject","inLanguage":"pl-PL","@id":"https:\/\/wobronietradycjiiwiary.com\/15-go-wrzesnia-zywot-swietej-katarzyny-genuenskiej-wdowy-2-2\/#primaryimage","url":"https:\/\/wobronietradycjiiwiary.com\/wp-content\/uploads\/2016\/10\/katarzyna-z-genui.jpg","contentUrl":"https:\/\/wobronietradycjiiwiary.com\/wp-content\/uploads\/2016\/10\/katarzyna-z-genui.jpg","width":683,"height":923},{"@type":"BreadcrumbList","@id":"https:\/\/wobronietradycjiiwiary.com\/15-go-wrzesnia-zywot-swietej-katarzyny-genuenskiej-wdowy-2-2\/#breadcrumb","itemListElement":[{"@type":"ListItem","position":1,"name":"Strona g\u0142\u00f3wna","item":"https:\/\/wobronietradycjiiwiary.com\/"},{"@type":"ListItem","position":2,"name":"15-go Wrze\u015bnia. \u017bywot \u015bwi\u0119tej Katarzyny Genue\u0144skiej, Wdowy."}]},{"@type":"WebSite","@id":"https:\/\/wobronietradycjiiwiary.com\/pl\/#website","url":"https:\/\/wobronietradycjiiwiary.com\/pl\/","name":"Tradycja i Wiara","description":"Portal dla katolik\u00f3w.","publisher":{"@id":"https:\/\/wobronietradycjiiwiary.com\/pl\/#organization"},"potentialAction":[{"@type":"SearchAction","target":{"@type":"EntryPoint","urlTemplate":"https:\/\/wobronietradycjiiwiary.com\/pl\/?s={search_term_string}"},"query-input":{"@type":"PropertyValueSpecification","valueRequired":true,"valueName":"search_term_string"}}],"inLanguage":"pl-PL"},{"@type":"Organization","@id":"https:\/\/wobronietradycjiiwiary.com\/pl\/#organization","name":"Tradycja i Wiara","url":"https:\/\/wobronietradycjiiwiary.com\/pl\/","logo":{"@type":"ImageObject","inLanguage":"pl-PL","@id":"https:\/\/wobronietradycjiiwiary.com\/pl\/#\/schema\/logo\/image\/","url":"https:\/\/i0.wp.com\/wobronietradycjiiwiary.com\/wp-content\/uploads\/2015\/10\/cropped-st-peters-dome-vatican.jpg?fit=940%2C198&ssl=1","contentUrl":"https:\/\/i0.wp.com\/wobronietradycjiiwiary.com\/wp-content\/uploads\/2015\/10\/cropped-st-peters-dome-vatican.jpg?fit=940%2C198&ssl=1","width":940,"height":198,"caption":"Tradycja i Wiara"},"image":{"@id":"https:\/\/wobronietradycjiiwiary.com\/pl\/#\/schema\/logo\/image\/"},"sameAs":["https:\/\/www.facebook.com\/Tradycja-i-Wiara-108813920592249"]},{"@type":"Person","@id":"https:\/\/wobronietradycjiiwiary.com\/pl\/#\/schema\/person\/2d6180ce6abcb681fef0daab7816e8f3","name":"Traditio et Fides","sameAs":["https:\/\/traditionundglauben.com"],"url":"https:\/\/wobronietradycjiiwiary.com\/pl\/author\/wobronietradycjiiwiary\/"}]}},"jetpack_publicize_connections":[],"jetpack_sharing_enabled":true,"jetpack_likes_enabled":true,"jetpack_shortlink":"https:\/\/wp.me\/pc04Sd-qdg","jetpack-related-posts":[{"id":36952,"url":"https:\/\/wobronietradycjiiwiary.com\/pl\/15-go-wrzesnia-zywot-swietej-katarzyny-genuenskiej-wdowy\/","url_meta":{"origin":100766,"position":0},"title":"15-go Wrze\u015bnia. \u017bywot \u015bwi\u0119tej Katarzyny Genue\u0144skiej, Wdowy.","author":"Traditio et Fides","date":"15 wrze\u015bnia 2020","format":false,"excerpt":"\u015aw. Katarzyna z Genui jest patronk\u0105 wszystkich prze\u017cywaj\u0105cych w swoim ma\u0142\u017ce\u0144stwie czy\u015bciec za \u017cycia, zatem wszystkich ma\u0142\u017conk\u00f3w. Jak pisa\u0142 ju\u017c ks. Ripperger Pan B\u00f3g daje nam we wsp\u00f3\u0142ma\u0142\u017conku kogo\u015b, kto nas do\u015bwiadcza, a kt\u00f3rego cechy doprowadzaj\u0105 nas do bia\u0142ej gor\u0105czki. Oczywi\u015bcie s\u0105 te\u017c chwile wytchnienia, bo w przeciwie\u0144stwie do czy\u015b\u0107ca\u2026","rel":"","context":"W \u201e09. \u015awi\u0119ta we wrze\u015bniu&quot;","block_context":{"text":"09. \u015awi\u0119ta we wrze\u015bniu","link":"https:\/\/wobronietradycjiiwiary.com\/pl\/category\/duchowosc\/liturgia-i-liturgika\/rozwazania\/rok-liturgiczny\/swieta-we-wrzesniu\/"},"img":{"alt_text":"","src":"https:\/\/i0.wp.com\/wobronietradycjiiwiary.com\/wp-content\/uploads\/2016\/10\/katarzyna-z-genui.jpg?resize=350%2C200&ssl=1","width":350,"height":200,"srcset":"https:\/\/i0.wp.com\/wobronietradycjiiwiary.com\/wp-content\/uploads\/2016\/10\/katarzyna-z-genui.jpg?resize=350%2C200&ssl=1 1x, https:\/\/i0.wp.com\/wobronietradycjiiwiary.com\/wp-content\/uploads\/2016\/10\/katarzyna-z-genui.jpg?resize=525%2C300&ssl=1 1.5x"},"classes":[]},{"id":36955,"url":"https:\/\/wobronietradycjiiwiary.com\/pl\/15-go-wrzesnia-zywot-swietej-katarzyny-genuenskiej-wdowy-2\/","url_meta":{"origin":100766,"position":1},"title":"15-go Wrze\u015bnia. \u017bywot \u015bwi\u0119tej Katarzyny Genue\u0144skiej, Wdowy.","author":"Traditio et Fides","date":"15 wrze\u015bnia 2022","format":false,"excerpt":"\u015aw. Katarzyna z Genui jest patronk\u0105 wszystkich prze\u017cywaj\u0105cych w swoim ma\u0142\u017ce\u0144stwie czy\u015bciec za \u017cycia, zatem wszystkich ma\u0142\u017conk\u00f3w. Jak pisa\u0142 ju\u017c ks. Ripperger Pan B\u00f3g daje nam we wsp\u00f3\u0142ma\u0142\u017conku kogo\u015b, kto nas do\u015bwiadcza, a kt\u00f3rego cechy doprowadzaj\u0105 nas do bia\u0142ej gor\u0105czki. Oczywi\u015bcie s\u0105 te\u017c chwile wytchnienia, bo w przeciwie\u0144stwie do czy\u015b\u0107ca\u2026","rel":"","context":"W \u201e09. \u015awi\u0119ta we wrze\u015bniu&quot;","block_context":{"text":"09. \u015awi\u0119ta we wrze\u015bniu","link":"https:\/\/wobronietradycjiiwiary.com\/pl\/category\/duchowosc\/liturgia-i-liturgika\/rozwazania\/rok-liturgiczny\/swieta-we-wrzesniu\/"},"img":{"alt_text":"","src":"https:\/\/i0.wp.com\/wobronietradycjiiwiary.com\/wp-content\/uploads\/2016\/10\/katarzyna-z-genui.jpg?resize=350%2C200&ssl=1","width":350,"height":200,"srcset":"https:\/\/i0.wp.com\/wobronietradycjiiwiary.com\/wp-content\/uploads\/2016\/10\/katarzyna-z-genui.jpg?resize=350%2C200&ssl=1 1x, https:\/\/i0.wp.com\/wobronietradycjiiwiary.com\/wp-content\/uploads\/2016\/10\/katarzyna-z-genui.jpg?resize=525%2C300&ssl=1 1.5x"},"classes":[]},{"id":51374,"url":"https:\/\/wobronietradycjiiwiary.com\/pl\/15-go-wrzesnia-zywot-swietej-katarzyny-genuenskiej-wdowy-3\/","url_meta":{"origin":100766,"position":2},"title":"15-go Wrze\u015bnia. \u017bywot \u015bwi\u0119tej Katarzyny Genue\u0144skiej, Wdowy.","author":"Traditio et Fides","date":"15 wrze\u015bnia 2021","format":false,"excerpt":"\u015aw. Katarzyna z Genui jest patronk\u0105 wszystkich prze\u017cywaj\u0105cych w swoim ma\u0142\u017ce\u0144stwie czy\u015bciec za \u017cycia, zatem wszystkich ma\u0142\u017conk\u00f3w. Jak pisa\u0142 ju\u017c ks. Ripperger Pan B\u00f3g daje nam we wsp\u00f3\u0142ma\u0142\u017conku kogo\u015b, kto nas do\u015bwiadcza, a kt\u00f3rego cechy doprowadzaj\u0105 nas do bia\u0142ej gor\u0105czki. Oczywi\u015bcie s\u0105 te\u017c chwile wytchnienia, bo w przeciwie\u0144stwie do czy\u015b\u0107ca\u2026","rel":"","context":"W \u201e09. \u015awi\u0119ta we wrze\u015bniu&quot;","block_context":{"text":"09. \u015awi\u0119ta we wrze\u015bniu","link":"https:\/\/wobronietradycjiiwiary.com\/pl\/category\/duchowosc\/liturgia-i-liturgika\/rozwazania\/rok-liturgiczny\/swieta-we-wrzesniu\/"},"img":{"alt_text":"","src":"https:\/\/i0.wp.com\/wobronietradycjiiwiary.com\/wp-content\/uploads\/2016\/10\/katarzyna-z-genui.jpg?resize=350%2C200&ssl=1","width":350,"height":200,"srcset":"https:\/\/i0.wp.com\/wobronietradycjiiwiary.com\/wp-content\/uploads\/2016\/10\/katarzyna-z-genui.jpg?resize=350%2C200&ssl=1 1x, https:\/\/i0.wp.com\/wobronietradycjiiwiary.com\/wp-content\/uploads\/2016\/10\/katarzyna-z-genui.jpg?resize=525%2C300&ssl=1 1.5x"},"classes":[]},{"id":24230,"url":"https:\/\/wobronietradycjiiwiary.com\/pl\/katarzyna-z-genui-traktat-o-czysccu-6-2\/","url_meta":{"origin":100766,"position":3},"title":"Katarzyna z Genui &#8211; Traktat o czy\u015bccu (6)","author":"Traditio et Fides","date":"21 listopada 2019","format":false,"excerpt":"Ze \u015brodka tej Boskiej mi\u0142o\u015bci, widz\u0119 jak wytryskuj\u0105 ogniste promienie, podobne do lamp gorej\u0105cych i jak przenikaj\u0105 dusze w czy\u015b\u0107cu zostaj\u0105ce, z tak\u0105 gwa\u0142towno\u015bci\u0105 i z tak\u0105 pop\u0119dliwo\u015bci\u0105, \u017ce gdyby te dusze posiada\u0142y cia\u0142a, \u017car \u00f3w obr\u00f3ci\u0142by je w nico\u015b\u0107 w oka mgnieniu i owszem same by nawet dusze zniweczy\u0142,\u2026","rel":"","context":"W \u201eKatarzyna z Genui&quot;","block_context":{"text":"Katarzyna z Genui","link":"https:\/\/wobronietradycjiiwiary.com\/pl\/category\/doktryna\/teologia-dogmatyczna\/rzeczy-ostateczne-eschatologia\/czysciec\/objawienia-prywatne-nt-czyscca\/katarzyna-z-genui\/"},"img":{"alt_text":"","src":"https:\/\/i0.wp.com\/wobronietradycjiiwiary.com\/wp-content\/uploads\/2016\/10\/katarzyna-z-genui-ekstaza.jpg?resize=350%2C200&ssl=1","width":350,"height":200,"srcset":"https:\/\/i0.wp.com\/wobronietradycjiiwiary.com\/wp-content\/uploads\/2016\/10\/katarzyna-z-genui-ekstaza.jpg?resize=350%2C200&ssl=1 1x, https:\/\/i0.wp.com\/wobronietradycjiiwiary.com\/wp-content\/uploads\/2016\/10\/katarzyna-z-genui-ekstaza.jpg?resize=525%2C300&ssl=1 1.5x, https:\/\/i0.wp.com\/wobronietradycjiiwiary.com\/wp-content\/uploads\/2016\/10\/katarzyna-z-genui-ekstaza.jpg?resize=700%2C400&ssl=1 2x, https:\/\/i0.wp.com\/wobronietradycjiiwiary.com\/wp-content\/uploads\/2016\/10\/katarzyna-z-genui-ekstaza.jpg?resize=1050%2C600&ssl=1 3x"},"classes":[]},{"id":24217,"url":"https:\/\/wobronietradycjiiwiary.com\/pl\/katarzyna-z-genui-traktat-o-czysccu-2-2\/","url_meta":{"origin":100766,"position":4},"title":"Katarzyna z Genui &#8211; Traktat o czy\u015bccu (2)","author":"Traditio et Fides","date":"7 listopada 2019","format":false,"excerpt":"\u015awi\u0119ta wola Boga, rozrz\u0105dzaj\u0105ca nimi wed\u0142ug upodobania swego Majestatu tak im jest drog\u0105, tak mi\u0142\u0105, \u017ce w\u015br\u00f3d samych swych katuszy pozostaj\u0105 nieczu\u0142ymi na to wszystko, co si\u0119 ich dotyczy; one nic nie widz\u0105 krom [opr\u00f3cz] Boskiej dobroci, kt\u00f3ra przez to wszystko co si\u0119 z nimi dzieje, zado\u015b\u0107 sobie czyni: niczym\u2026","rel":"","context":"W \u201eKatarzyna z Genui&quot;","block_context":{"text":"Katarzyna z Genui","link":"https:\/\/wobronietradycjiiwiary.com\/pl\/category\/doktryna\/teologia-dogmatyczna\/rzeczy-ostateczne-eschatologia\/czysciec\/objawienia-prywatne-nt-czyscca\/katarzyna-z-genui\/"},"img":{"alt_text":"","src":"https:\/\/i0.wp.com\/wobronietradycjiiwiary.com\/wp-content\/uploads\/2016\/10\/katarzyna-z-genui-ekstaza.jpg?resize=350%2C200&ssl=1","width":350,"height":200,"srcset":"https:\/\/i0.wp.com\/wobronietradycjiiwiary.com\/wp-content\/uploads\/2016\/10\/katarzyna-z-genui-ekstaza.jpg?resize=350%2C200&ssl=1 1x, https:\/\/i0.wp.com\/wobronietradycjiiwiary.com\/wp-content\/uploads\/2016\/10\/katarzyna-z-genui-ekstaza.jpg?resize=525%2C300&ssl=1 1.5x, https:\/\/i0.wp.com\/wobronietradycjiiwiary.com\/wp-content\/uploads\/2016\/10\/katarzyna-z-genui-ekstaza.jpg?resize=700%2C400&ssl=1 2x, https:\/\/i0.wp.com\/wobronietradycjiiwiary.com\/wp-content\/uploads\/2016\/10\/katarzyna-z-genui-ekstaza.jpg?resize=1050%2C600&ssl=1 3x"},"classes":[]},{"id":24232,"url":"https:\/\/wobronietradycjiiwiary.com\/pl\/katarzyna-z-genui-traktat-o-czysccu-8-2\/","url_meta":{"origin":100766,"position":5},"title":"Katarzyna z Genui &#8211; Traktat o czy\u015b\u0107cu (8)","author":"Traditio et Fides","date":"28 listopada 2019","format":false,"excerpt":"Takie s\u0105 teraz moje usposobienia wewn\u0119trzne a ich powodem jest \u017carliwo\u015b\u0107 jakiej mi B\u00f3g udziela w sprawie mego udoskonalenia. Moja dusza jest tak pot\u0119\u017cnie pchana do zniweczenia wszelkich w tej mierze przeszk\u00f3d, \u017ce aby osi\u0105gn\u0105\u0107 sw\u00f3j zamiar, rzuci\u0142aby si\u0119 w piek\u0142o by tego by\u0142a potrzeba. I oto dlaczego odpycha wszystko\u2026","rel":"","context":"W \u201eKatarzyna z Genui&quot;","block_context":{"text":"Katarzyna z Genui","link":"https:\/\/wobronietradycjiiwiary.com\/pl\/category\/doktryna\/teologia-dogmatyczna\/rzeczy-ostateczne-eschatologia\/czysciec\/objawienia-prywatne-nt-czyscca\/katarzyna-z-genui\/"},"img":{"alt_text":"","src":"https:\/\/i0.wp.com\/wobronietradycjiiwiary.com\/wp-content\/uploads\/2016\/10\/katarzyna-z-genui-ekstaza.jpg?resize=350%2C200&ssl=1","width":350,"height":200,"srcset":"https:\/\/i0.wp.com\/wobronietradycjiiwiary.com\/wp-content\/uploads\/2016\/10\/katarzyna-z-genui-ekstaza.jpg?resize=350%2C200&ssl=1 1x, https:\/\/i0.wp.com\/wobronietradycjiiwiary.com\/wp-content\/uploads\/2016\/10\/katarzyna-z-genui-ekstaza.jpg?resize=525%2C300&ssl=1 1.5x, https:\/\/i0.wp.com\/wobronietradycjiiwiary.com\/wp-content\/uploads\/2016\/10\/katarzyna-z-genui-ekstaza.jpg?resize=700%2C400&ssl=1 2x, https:\/\/i0.wp.com\/wobronietradycjiiwiary.com\/wp-content\/uploads\/2016\/10\/katarzyna-z-genui-ekstaza.jpg?resize=1050%2C600&ssl=1 3x"},"classes":[]}],"amp_enabled":true,"jetpack_featured_media_url":"https:\/\/wobronietradycjiiwiary.com\/wp-content\/uploads\/2016\/10\/katarzyna-z-genui.jpg","_links":{"self":[{"href":"https:\/\/wobronietradycjiiwiary.com\/pl\/wp-json\/wp\/v2\/posts\/100766","targetHints":{"allow":["GET"]}}],"collection":[{"href":"https:\/\/wobronietradycjiiwiary.com\/pl\/wp-json\/wp\/v2\/posts"}],"about":[{"href":"https:\/\/wobronietradycjiiwiary.com\/pl\/wp-json\/wp\/v2\/types\/post"}],"author":[{"embeddable":true,"href":"https:\/\/wobronietradycjiiwiary.com\/pl\/wp-json\/wp\/v2\/users\/60508433"}],"replies":[{"embeddable":true,"href":"https:\/\/wobronietradycjiiwiary.com\/pl\/wp-json\/wp\/v2\/comments?post=100766"}],"version-history":[{"count":5,"href":"https:\/\/wobronietradycjiiwiary.com\/pl\/wp-json\/wp\/v2\/posts\/100766\/revisions"}],"predecessor-version":[{"id":102646,"href":"https:\/\/wobronietradycjiiwiary.com\/pl\/wp-json\/wp\/v2\/posts\/100766\/revisions\/102646"}],"wp:featuredmedia":[{"embeddable":true,"href":"https:\/\/wobronietradycjiiwiary.com\/pl\/wp-json\/wp\/v2\/media\/10392"}],"wp:attachment":[{"href":"https:\/\/wobronietradycjiiwiary.com\/pl\/wp-json\/wp\/v2\/media?parent=100766"}],"wp:term":[{"taxonomy":"category","embeddable":true,"href":"https:\/\/wobronietradycjiiwiary.com\/pl\/wp-json\/wp\/v2\/categories?post=100766"},{"taxonomy":"post_tag","embeddable":true,"href":"https:\/\/wobronietradycjiiwiary.com\/pl\/wp-json\/wp\/v2\/tags?post=100766"}],"curies":[{"name":"wp","href":"https:\/\/api.w.org\/{rel}","templated":true}]}}