{"id":98106,"date":"2023-08-02T08:15:45","date_gmt":"2023-08-02T06:15:45","guid":{"rendered":"https:\/\/wobronietradycjiiwiary.com\/?p=98106"},"modified":"2025-02-10T11:15:06","modified_gmt":"2025-02-10T10:15:06","slug":"2-go-sierpnia-zywot-swietego-alfonsa-liguorego-biskupa-2-2","status":"publish","type":"post","link":"https:\/\/wobronietradycjiiwiary.com\/en\/2-go-sierpnia-zywot-swietego-alfonsa-liguorego-biskupa-2-2\/","title":{"rendered":"2-go Sierpnia. \u017bywot \u015bwi\u0119tego Alfonsa Liguorego, Biskupa."},"content":{"rendered":"<div id=\"bsf_rt_marker\"><\/div>\n<p class=\"has-text-align-center wp-block-paragraph\">(\u017by\u0142 oko\u0142o roku Pa\u0144skiego 1787).<\/p>\n\n\n\n<figure class=\"wp-block-image\"><a href=\"https:\/\/pl.wikisource.org\/wiki\/Plik:%C5%BBywoty_%C5%9Bw._Pa%C5%84skich_na_wszystkie_dnie_roku-Inicja%C5%82-A.png\"><img decoding=\"async\" src=\"https:\/\/upload.wikimedia.org\/wikipedia\/commons\/thumb\/1\/1a\/%C5%BBywoty_%C5%9Bw._Pa%C5%84skich_na_wszystkie_dnie_roku-Inicja%C5%82-A.png\/55px-%C5%BBywoty_%C5%9Bw._Pa%C5%84skich_na_wszystkie_dnie_roku-Inicja%C5%82-A.png\" alt=\"A\"\/><\/a><\/figure>\n\n\n\n<p class=\"has-text-align-justify wp-block-paragraph\">Alfons Marcyan, urodzony w Neapolu w roku 1696, by\u0142 synem kapitana austryackiego Liguorego, szlachcica wysokiego rodu, i Anny Cavalieri, zacnej i cnotliwej niewiasty. Przy ko\u0142ysce jego wypowiedzia\u0142 \u015bw. Franciszek Hieronim wieszcze s\u0142owa: \u201eDzieci\u0119 to d\u0142ugo \u017cy\u0107 b\u0119dzie, zostanie Biskupem i zdzia\u0142a wiele dla chwa\u0142y Boskiej.\u201c<\/p>\n\n\n\n<p class=\"has-text-align-justify wp-block-paragraph\"><br>\u2009Jak \u015bci\u015ble s\u0142ucha\u0142 ch\u0142opczyna nauk i przestr\u00f3g pobo\u017cnej matki, tego dowi\u00f3d\u0142 przy zabawie, w kt\u00f3rej wygrana pad\u0142a na niego. Skoro bowiem przegrywaj\u0105cy zarzuci\u0142 mu oszuka\u0144stwo, odda\u0142 mu pieni\u0105dz wygrany i rzek\u0142 z oburzeniem: \u201eSk\u0105d-\u017ce ci przysz\u0142o na my\u015bl, i\u017cby kto\u015b m\u00f3g\u0142 si\u0119 dopu\u015bci\u0107 obrazy Pana Boga dla n\u0119dznego grosza?\u201c Natychmiast wyszed\u0142 z komnaty, wyj\u0105\u0142 medalik Matki Boskiej z zanadrza i zm\u00f3wi\u0142 modlitw\u0119.<\/p>\n\n\n\n<p class=\"has-text-align-justify wp-block-paragraph\"><br>\u2009W czasie ucz\u0119szczania do szk\u00f3\u0142 i w latach uniwersyteckich oddawa\u0142 si\u0119 modlitwie, chodzi\u0142 regularnie na nabo\u017ce\u0144stwo, komunikowa\u0142 co tydzie\u0144 i kl\u0119cza\u0142 przed Przenaj\u015bw. Sakramentem; mimo tego post\u0119py mia\u0142 w naukach tak \u015bwietne, \u017ce licz\u0105c ledwie lat 17, uzyska\u0142 tytu\u0142 doktora prawa i nale\u017ca\u0142 do najzawo\u0142a\u0144szych adwokat\u00f3w. Stosuj\u0105c si\u0119 do \u017cyczenia rodzic\u00f3w, bra\u0142 udzia\u0142 w \u017cyciu towarzyskiem i odznacza\u0142 si\u0119 uprzejmo\u015bci\u0105, delikatno\u015bci\u0105 obej\u015bcia, a nadewszystko pobo\u017cno\u015bci\u0105. Anielski jego tryb \u017cycia powszechnie by\u0142 znany; nigdy nie opuszcza\u0142 nabo\u017ce\u0144stw i modlitw publicznych; wzruszaj\u0105c\u0105 by\u0142a jego mi\u0142o\u015b\u0107 Naj\u015bw. Panny, kt\u00f3r\u0105 nazywa\u0142 \u201eukochan\u0105 Matk\u0105.\u201c Nigdzie nie wychodzi\u0142, nie poprosiwszy Jej uprzednio o b\u0142ogos\u0142awie\u0144stwo; nigdy nie wraca\u0142, nie oddawszy czci Jej obrazowi; nigdy nie rozpoczyna\u0142 pracy lub zatrudnienia wa\u017cniejszego, nie zawezwawszy Jej pomocy; za wybiciem ka\u017cdej godziny, przerywaj\u0105c zaj\u0119cie, odm\u00f3wi\u0142 \u201eZdrowa\u015b Maryo\u201c, i to z tak\u0105 szczero\u015bci\u0105, przej\u0119ciem i prostot\u0105, \u017ce obcy ze zdumieniem i uwielbieniem na\u0144 patrzeli. Wysocy dygnitarze ubiegali si\u0119 o jego przyja\u017a\u0144, znamienite rodziny pragn\u0119\u0142y spowinowaci\u0107 si\u0119 z nim w\u0119z\u0142em ma\u0142\u017ce\u0144skim, a ojciec jego cieszy\u0142 si\u0119 nadziej\u0105, \u017ce ksi\u0119\u017cniczka Teresa, c\u00f3rka ksi\u0119cia Pressicco, zostanie jego synow\u0105, gdy wtem naraz wszystko wzi\u0119\u0142o inny obr\u00f3t. \u2014 Alfons podj\u0105\u0142 si\u0119 obrony w pewnym procesie, a przekonawszy si\u0119 o sprawiedliwo\u015bci sprawy, odda\u0142 si\u0119 jej ca\u0142\u0105 dusz\u0105. W terminie wy\u0142uszczy\u0142 rzecz tak jasno, \u017ce wszyscy mu przyklaskiwali. Wtem zwr\u00f3ci\u0142 przeciwnik baczno\u015b\u0107 jego na jeden wyraz, kt\u00f3ry uszed\u0142 Alfonsa uwagi, a zmieni\u0142 ca\u0142y pogl\u0105d. Alfons przyzna\u0142 si\u0119 do omy\u0142ki i zawo\u0142awszy: \u201eO s\u0142awny \u015bwiecie, znam ci\u0119 teraz! Lepiej by\u0107 ostatnim s\u0142ug\u0105 Ko\u015bcio\u0142a, ani\u017celi pierwszym s\u0119dzi\u0105 trybuna\u0142u\u201c, opu\u015bci\u0142 sal\u0119 s\u0105dow\u0105 na zawsze.<\/p>\n\n\n\n<p class=\"has-text-align-justify wp-block-paragraph\"><br>\u2009Zdecydowany po\u015bwi\u0119ci\u0142 si\u0119 stanowi duchownemu, pragn\u0105\u0142 wy\u015bwi\u0119ci\u0107 si\u0119 na ksi\u0119dza, ale temu oparli si\u0119 stanowczo ojciec i krewni. Alfons zwyci\u0119\u017cy\u0142 wreszcie, o\u015bwiadczywszy, \u017ce B\u00f3g go powo\u0142uje, a rozkazu Jego s\u0142ucha\u0107 nale\u017cy, przyj\u0105\u0142 tonzur\u0119 i przywdzia\u0142 rewerend\u0119. Zar\u0119czona z nim ksi\u0119\u017cniczka posz\u0142a za jego przyk\u0142adem i wst\u0105pi\u0142a do klasztoru. Gdy ojciec zobaczy\u0142 na nim duchown\u0105 sutann\u0119, przez ca\u0142y rok nie przem\u00f3wi\u0142 do niego ani s\u0142owa.<\/p>\n\n\n\n<p class=\"has-text-align-justify wp-block-paragraph\"><br>\u2009Alfons odda\u0142 si\u0119 gorliwie nauce teologicznej, przyj\u0105\u0142 w ko\u015bciele farnym obowi\u0105zki ministranta, uczy\u0142 w Niedziele dzieci katechizmu i pisa\u0142 pie\u015bni nabo\u017cne dla ludu. Arystokratyczny mot\u0142och Neapolu wy\u015bmiewa\u0142 si\u0119 z niego, ale Alfons cieszy\u0142 si\u0119, \u017ce mo\u017ce by\u0107 \u201erzecznikiem Boga\u201c, otrzyma\u0142 w trzydziestym roku \u017cycia swego \u015bwi\u0119cenia kap\u0142a\u0144skie i przy\u0142\u0105czy\u0142 si\u0119 do gromadki ksi\u0119\u017cy, odbywaj\u0105cych misye dla prostego ludu. Na kazania jego proste, jasne i serdeczne, zbiera\u0142 si\u0119 lud gromadnie i s\u0142ucha\u0142 ich z wielkiem zaj\u0119ciem; co zasia\u0142 na ambonie, to piel\u0119gnowa\u0142 i polewa\u0142 starannie w konfesyonale. Pewnego razu zawiod\u0142a ciekawo\u015b\u0107 ojca jego do ko\u015bcio\u0142a, w kt\u00f3rym Alfons prawi\u0142 kazanie. Mowa ta wywar\u0142a na nim tak pot\u0119\u017cne wra\u017cenie, \u017ce zawo\u0142a\u0142 dono\u015bnym g\u0142osem: \u201eSynowi memu dopiero zawdzi\u0119czam poznanie Boga!\u201c\u00a0W domu u\u015bciska\u0142 Alfonsa serdecznie i przeprosi\u0142 go za to, \u017ce si\u0119 opiera\u0142 jego powo\u0142aniu do stanu duchownego.<br><\/p>\n\n\n\n<p class=\"has-text-align-justify wp-block-paragraph\">\u2009Alfons z b\u00f3lem serca widzia\u0142 moralne zaniedbanie ludu i nieuctwo jego w rzeczach dotycz\u0105cych wiary, mianowicie po wsiach, i powzi\u0105\u0142 zamiar za\u0142o\u017cenia kongregacyi duchownej, kt\u00f3rej zadaniem mia\u0142o by\u0107 zapobie\u017cenie z\u0142emu. W\u015br\u00f3d \u0142ez, post\u00f3w, \u0107wicze\u0144 pokutnych, narad z Biskupami i uczonymi m\u0119\u017cami dojrza\u0142a owa my\u015bl jego. Gdy jednak przyst\u0105pi\u0142 do jej urzeczywistnienia, dozna\u0142 tysi\u0105cznych przeszk\u00f3d, mianowicie od strony ojca, kt\u00f3ry go b\u0142aga\u0142 ze \u0142zami, aby go na stare lata nie opuszcza\u0142. Alfons ukl\u0105k\u0142 przed nim i trzymaj\u0105c przed nim krucyfiks, rzek\u0142: \u201eTen mnie powo\u0142uje do pracy, podj\u0105\u0107 j\u0105 winienem, niechaj tobie i mnie B\u00f3g dopomo\u017ce.\u201c Po tych s\u0142owach po\u017cegna\u0142 ojca; ostatnia i najbole\u015bniejsza walka trwa\u0142a tylko trzy godziny.<\/p>\n\n\n\n<p class=\"has-text-align-justify wp-block-paragraph\"><br>\u2009W roku 1732 zamieszka\u0142 w Scali w lichym domku z dziesi\u0119ciu kap\u0142anami i trzema braciszkami, aby odbywa\u0107 misye dla najni\u017cszych i najwi\u0119cej zaniedbanych warstw ludu. Tymczasem ostyg\u0142a ochoczo\u015b\u0107 i dobra wola jego towarzysz\u00f3w tak szybko, \u017ce wszyscy go opu\u015bcili, opr\u00f3cz dw\u00f3ch; by\u0142o to srogim ciosem dla Alfonsa. Przeciwnicy szydzili z niego, m\u00f3wi\u0105c, \u017ce daremne s\u0105 jego wysilenia i \u017ce Pan B\u00f3g jego us\u0142ug nie potrzebuje. Na to odpowiedzia\u0142: \u201eTak jest, On mnie nie potrzebuje, ale ja Jego, i mam nadziej\u0119, \u017ce mi dopomo\u017ce.\u201c Nie omyli\u0142 si\u0119 w nadziejach swych; niezad\u0142ugo bowiem zgromadzi\u0142a si\u0119 oko\u0142o niego tak spora gromadka zacnych i gorliwych ksi\u0119\u017cy, \u017ce nie tylko nie przerwa\u0142 misyi, ale za\u0142o\u017cy\u0142 dwa nowe domy. Towarzystwu temu nada\u0142 nazw\u0119 \u201eKongregacyi Zbawiciela \u015bwi\u0119tego\u201c (Redemptoryst\u00f3w), a oddawszy je pod opiek\u0119 Naj\u015bwi\u0119tszej Panny, nada\u0142 mu regu\u0142\u0119, kt\u00f3r\u0105 zatwierdzi\u0142 Papie\u017c Benedykt XIV w roku 1749. Odt\u0105d pocz\u0119\u0142o si\u0119 b\u0142ogie dzia\u0142anie nowego zakonu, obfituj\u0105cego w jak najzbawienniejsze skutki. Dusz\u0105 zgromadzenia by\u0142 przez lat 30 jego za\u0142o\u017cyciel i zajmowa\u0142 si\u0119 niem gorliwie i czynnie.<\/p>\n\n\n\n<p class=\"has-text-align-justify wp-block-paragraph\"><br>\u2009Upodoba\u0142o si\u0119 Bogu w\u0142o\u017cy\u0107 na jego barki nowe brzemi\u0119 ksi\u0119cia Ko\u015bcio\u0142a. Papie\u017c Klemens XIII mianowa\u0142 go Biskupem dyecezyi \u015bw. Agaty. Ze szczerym przeto smutkiem po\u017cegna\u0142 Alfons braci zakonnych i zasiad\u0142 na Stolicy Biskupiej. Obje\u017cd\u017caj\u0105c ustawicznie dyecezy\u0119, miewa\u0142 kazania, czuwa\u0142 pilnie nad wykszta\u0142ceniem ksi\u0119\u017cy, pisa\u0142 dzie\u0142a teologiczne, piastowa\u0142 godno\u015b\u0107 zwierzchnika Zakonu, a opr\u00f3cz tego odmawia\u0142 codziennie z domownikami pacierz dzienny, wieczorny i R\u00f3\u017caniec \u015bw.<\/p>\n\n\n\n<p class=\"has-text-align-justify wp-block-paragraph\"><br>\u2009Niezwyk\u0142e owe wysilenia, jako brzemi\u0119 lat i cierpienia bolesne z\u0142ama\u0142y si\u0142y jego. Dw\u00f3ch Papie\u017cy po sobie prosi\u0142 o zwolnienie z urz\u0119du Biskupiego, ale Klemens XIII odpowiedzia\u0142 mu: \u201eImi\u0119 i s\u0142awa twoja starczy do zawiadywania dyecezy\u0105\u201c, a Klemens XIV: \u201eJedna modlitwa twoja na \u0142o\u017cu cierpienia zm\u00f3wiona, wi\u0119cej korzy\u015bci przyniesie twym owieczkom, ani\u017celi dziesi\u0119\u0107 wizytacyi dyecezyalnych.\u201c Podda\u0142 si\u0119 Alfons woli Bo\u017cej i czyni\u0142, co m\u00f3g\u0142, mimo si\u0142 upadaj\u0105cych. Tedy owedy wchodzi\u0142 jeszcze na\u00a0ambon\u0119; sam widok jego by\u0142 kazaniem, zwil\u017caj\u0105cem oczy zgromadzonych w \u015bwi\u0105tyni; pracowa\u0142 nawet na \u0142o\u017cu bole\u015bci, a\u017c nareszcie Pius VI wys\u0142ucha\u0142 pro\u015bby jego i przyj\u0105\u0142 rezygnacy\u0119 starca o\u015bmdziesi\u0119cioletniego.<\/p>\n\n\n\n<p class=\"has-text-align-justify wp-block-paragraph\"><br>\u2009Uniesiony rado\u015bci\u0105 pod\u0105\u017cy\u0142 do domu misyjnego w Nocerze i jako zakonnik by\u0142 jeszcze czynnym przez lat blizko dwana\u015bcie, ale by\u0142y to lata pe\u0142ne smutku i bole\u015bci. Najprz\u00f3d trapi\u0142y go w\u0105tpliwo\u015bci co do Wiary \u015bwi\u0119tej, przeto dnie i noce p\u0142aka\u0142 z obawy, czy nie utraci\u0142 \u0142aski Bo\u017cej. Nie mniej dokuczy\u0142 mu jeden z braci zakonnej, szerz\u0105cy niesnaski i nieporozumienia mi\u0119dzy towarzyszami, sk\u0105d wi\u0119ksza cz\u0119\u015b\u0107 ksi\u0119\u017cy odst\u0105pi\u0142a Alfonsa, potwarze go si\u0119 czepi\u0142y i utraci\u0142 przychylno\u015b\u0107 Papie\u017ca. Miar\u0119 z\u0142ego dope\u0142ni\u0142 szatan, wmawiaj\u0105c w niego, \u017ce on sam winien wszystkiemu z\u0142emu, jakie dotyka zakon. Ale wstawienie si\u0119 Matki Boskiej uchyli\u0142o z\u0142e, a B\u00f3g sam przyrzek\u0142 mu przywr\u00f3ci\u0107 pok\u00f3j w Zakonie przeze\u0144 za\u0142o\u017conym i pob\u0142ogos\u0142awi\u0107 jego dzia\u0142ania.<\/p>\n\n\n\n<p class=\"has-text-align-justify wp-block-paragraph\"><br>\u2009W roku 1784 ju\u017c nie m\u00f3g\u0142 wychodzi\u0107 z celi; zaniewidzia\u0142 i og\u0142uch\u0142 ca\u0142kowicie i nie m\u00f3g\u0142 wyle\u017ce\u0107 w \u0142\u00f3\u017cku. Siedzia\u0142 dzie\u0144 i noc w krze\u015ble por\u0119czowem, z g\u0142ow\u0105 zwieszon\u0105, opart\u0105 o nizki stolik \u2014 istny obraz n\u0119dzy, ale i zdania si\u0119 na wol\u0119 Bo\u017c\u0105. Wielu przychodzi\u0142o ogl\u0105da\u0107 \u015bwi\u0119tobliwego m\u0119\u017ca i budowa\u0107 si\u0119 cierpliwo\u015bci\u0105 jego. W ostatnich dniach jego \u017cycia do\u0142\u0105czy\u0142a si\u0119 do choroby febra, przepowiadaj\u0105c blizki zgon. Gdy mu podawano Komuni\u0119 \u015bwi\u0119t\u0105, szepn\u0105\u0142 z rozja\u015bnionem obliczem: \u201eOt\u00f3\u017c moja nadzieja\u201c i umar\u0142 dnia 1 sierpnia 1787. Liczne pisma \u015bwi\u0119tego Alfonsa, aprobowane powag\u0105 Ko\u015bcio\u0142a, s\u0105 rzeczywistym skarbem dla uczonych i prostaczk\u00f3w.<\/p>\n\n\n\n<h2 class=\"wp-block-heading\"><br><strong>Nauka moralna.<\/strong><\/h2>\n\n\n\n<p class=\"has-text-align-justify wp-block-paragraph\">\u2009Cz\u0119sto przychodzi nam w \u017cyciu \u015awi\u0119tych podziwia\u0107, jakim sposobem tak wiele zdzia\u0142a\u0107 potrafili? Tak np. \u015bwi\u0119ty Alfons mimo ustawicznych wyt\u0119\u017caj\u0105cych prac, mimo ci\u0119\u017ckich chor\u00f3b, napisa\u0142 oko\u0142o 60 dzie\u0142 rozmaitej tre\u015bci, na kt\u00f3rych napisanie potrzebaby wy\u0142\u0105cznie ca\u0142e d\u0142ugie \u017cycie po\u015bwi\u0119ci\u0107. T\u0142\u00f3maczy si\u0119 to tym sposobem, \u017ce \u015awi\u0119ci nigdy nie pr\u00f3\u017cnowali, ani nie odpoczywali, a z ka\u017cdej chwili korzysta\u0107 umieli. Bywa\u0142o nieraz, \u017ce \u015bw. Alfons cierpia\u0142 niezno\u015bny b\u00f3l g\u0142owy; w\u00f3wczas przyk\u0142ada\u0142 sobie lew\u0105 r\u0119k\u0105 na g\u0142ow\u0119 kawa\u0142ek zimnego marmuru, prawej tymczasem u\u017cywa\u0142 do pisania.<\/p>\n\n\n\n<p class=\"has-text-align-justify wp-block-paragraph\">A\u017ceby wi\u0119c na podob\u0119 \u015awi\u0119tych umie\u0107 skorzysta\u0107 z ka\u017cdej chwili, potrzeba sobie urz\u0105dzi\u0107 porz\u0105dek dzienny, kt\u00f3ry si\u0119 stanie regu\u0142\u0105 \u017cycia; wtenczas wszystkie czynno\u015bci, cho\u0107by by\u0142y trudne, stan\u0105 si\u0119 \u0142atwemi, bo przejd\u0105 w zwyczaj. Wype\u0142niaj\u0105c bowiem czynno\u015bci dzienne w swoim czasie, wype\u0142nia si\u0119 je dobrze i dochodzi si\u0119 do doskona\u0142o\u015bci. Kto za\u015b doskonale i sumiennie sw\u0105 prac\u0119 wykonuje, skarbi sobie zas\u0142ugi i \u0142aski u Boga.<\/p>\n\n\n\n<p class=\"has-text-align-justify wp-block-paragraph\">Chrze\u015bcijanin, kt\u00f3ry si\u0119 zaczyna opuszcza\u0107 w s\u0142u\u017cbie Bo\u017cej i opieszale wype\u0142nia praktyki pobo\u017cne, nabiera do nich wstr\u0119tu i ko\u0144czy na zupe\u0142nem lenistwie. Wtedy zwraca si\u0119 ku stworzeniom, ku rozkoszom \u015bwiata, lec\u0105c na o\u015blep w przepa\u015b\u0107 wyst\u0119pku, w przepa\u015b\u0107 tem g\u0142\u0119bsz\u0105, im wy\u017cszego stopnia doskona\u0142o\u015bci ju\u017c doszed\u0142. Ile\u017cto dobrego mogliby\u015bmy na chwa\u0142\u0119 Boga zdzia\u0142a\u0107, gdyby\u015bmy mniej czasu na zabaw\u0119 po\u015bwi\u0119cali! gdyby\u015bmy mniej o sobie i o wygodach swoich, a wi\u0119cej o s\u0142u\u017cbie Boga i o wiecznem szcz\u0119\u015bciu my\u015bleli. Szcz\u0119\u015bliwy tedy chrze\u015bcijanin, kt\u00f3ry si\u0119 trzyma zakre\u015blonego planu na drodze doskona\u0142o\u015bci i od niego nie odst\u0119puje. Serce jego gorliwo\u015bci\u0105 p\u0142onie, gdy\u017c Opatrzno\u015b\u0107 Bo\u017ca w\u0142o\u017cy\u0142a we\u0144 wszystkie dary swoje. Zaiste, wszystko mo\u017cemy z gorliwo\u015bci\u0105, a nic bez takowej! Kto jest wierny w dobrych postanowieniach, ma te\u017c dobre, spokojne sumienie i cieszy si\u0119 doskona\u0142em szcz\u0119\u015bciem; ka\u017cda praca w dziennym porz\u0105dku zda mu si\u0119 \u0142atw\u0105, jarzmo Pa\u0144skie s\u0142odkie i lekkie; najwi\u0119ksze po\u015bwi\u0119cenie zmienia si\u0119 dla niego w s\u0142odkie pociechy. Cz\u0142owiek punktualny w swych obowi\u0105zkach spe\u0142nia ka\u017cdy najmniejszy uczynek z nadnaturalnej pobudki, a przez to nadaje mu warto\u015b\u0107 i gromadzi w kr\u00f3tkim czasie nies\u0142ychane skarby dla Nieba. Codziennie wi\u0119c rano, po obudzeniu si\u0119 ze snu, odnawiaj dobre przedsi\u0119wzi\u0119cia swoje i pobudzaj si\u0119 do korzystania z ka\u017cdej godziny.<\/p>\n\n\n\n<h2 class=\"wp-block-heading\"><br><strong>Modlitwa.<\/strong><\/h2>\n\n\n\n<blockquote class=\"wp-block-quote is-layout-flow wp-block-quote-is-layout-flow\"><p>\u2009Bo\u017ce, kt\u00f3ry\u015b lud Tw\u00f3j wierny, dla wskazywania mu drogi zbawienia\u00a0b\u0142ogos\u0142awionym Alfonsem, wielkim s\u0142ug\u0105 Twoim obdarzy\u0142, spraw mi\u0142o\u015bciwie, prosimy, aby\u015bmy posiadaj\u0105c go jako mistrza \u017cycia chrze\u015bcija\u0144skiego na ziemi, zas\u0142u\u017cyli sobie mie\u0107 go przyczy\u0144c\u0105 w Niebie. Przez Pana naszego Jezusa Chrystusa, kt\u00f3ry kr\u00f3luje w Niebie i na ziemi. Amen.<\/p><\/blockquote>\n\n\n\n<figure class=\"wp-block-table\"><table><tbody><tr><td>\u2217&nbsp;&nbsp;&nbsp;&nbsp;&nbsp;&nbsp;&nbsp;&nbsp;&nbsp;&nbsp;&nbsp;&nbsp;&nbsp;&nbsp;&nbsp;&nbsp;&nbsp;&nbsp;&nbsp;&nbsp;\u2217<br>\u2217<\/td><\/tr><\/tbody><\/table><\/figure>\n\n\n\n<p class=\"wp-block-paragraph\">\u2009<em>Opr\u00f3cz tego obchodzi Ko\u015bci\u00f3\u0142 \u015bwi\u0119ty pami\u0105tk\u0119 nast\u0119puj\u0105cych \u015awi\u0119tych Pa\u0144skich, zamieszczonych w rzymskiem martyrologium:<\/em><\/p>\n\n\n\n<p class=\"has-text-align-justify wp-block-paragraph\">\u2009<strong>Dnia 2-go sierpnia<\/strong>&nbsp;w Nocera dei Pagani uroczysto\u015b\u0107 \u015bw.&nbsp;Alfonsa Maryi Liguorego, Biskupa od sant\u2019 Agata dei Goti i Za\u0142o\u017cyciela Kongregacyi Przenaj\u015bw. Zbawiciela, kt\u00f3ry wiedziony gor\u0105c\u0105 mi\u0142o\u015bci\u0105 dusz, s\u0142owem, pismem i przyk\u0142adem dzie\u0142 wielkich dokona\u0142. 50 lat po jego b\u0142ogos\u0142awionym zgonie og\u0142osi\u0142 go Papie\u017c Grzegorz XVI \u015awi\u0119tym, a Papie\u017c Pius IX uzna\u0142 go na wniosek Kongregacyi za Nauczyciela Ko\u015bcio\u0142a. \u2014 W Rzymie w cemetryum \u015bw. Kallistusa dzie\u0144 zgonu \u015bw.&nbsp;Stefana, Papie\u017ca. W prze\u015bladowaniu walerya\u0144skiem zosta\u0142 podczas Mszy \u015bw. odszukany przez prze\u015bladowc\u00f3w i \u015bci\u0119ty z powodu, \u017ce nieustraszenie i nieugi\u0119cie doko\u0144cza\u0142 swych Tajemnic \u015bwi\u0119tych. \u2014 W Nicei w Bitynii m\u0119cze\u0144stwo \u015bwi\u0119tej&nbsp;Teodozy ze swymi 3 synami. Ewodiusza, najstarszego z nich, dla jego szczeg\u00f3lnej wierno\u015bci w wierze, kaza\u0142 konsularz Nicecyusz najprz\u00f3d obi\u0107 kijmi; potem poleci\u0142 spali\u0107 matk\u0119 razem z dzie\u0107mi. \u2014 W Afryce \u015bmier\u0107 m\u0119cze\u0144ska \u015bw.&nbsp;Rutiliusza. Ju\u017c cz\u0119\u015bciej uda\u0142o mu si\u0119 uj\u015b\u0107 uwi\u0119zieniu i to tym sposobem, \u017ce ucieka\u0142 z miejsca na miejsce albo pieni\u0119dzmi wolno\u015b\u0107 sobie okupywa\u0142; lecz jednego dnia zosta\u0142 ca\u0142kiem niespodzianie uchwycony i przyprowadzony przed prefekta. Ten\u017ce kaza\u0142 go wprz\u00f3d dr\u0119czy\u0107 r\u00f3\u017cnymi sposobami a potem odda\u0107 na pastw\u0119 p\u0142omieniom. Tak\u0105 wi\u0119c chwalebn\u0105 \u015bmierci\u0105 zako\u0144czy\u0142 \u00f3w \u015awi\u0119ty swe \u017cycie. \u2014 W Padwie uroczysto\u015b\u0107 \u015bw.&nbsp;Maksyma, Biskupa, kt\u00f3ry po wielu czynach cudownych przez \u015bmier\u0107 b\u0142ogos\u0142awion\u0105 posiad\u0142 spok\u00f3j wieczny.<\/p>","protected":false},"excerpt":{"rendered":"<p>\u015aw. Alfons Liguori w wieku lat 16 by\u0142 doktorem prawa \u015bwieckiego i kanonicznego. Zaw\u00f3d adwokacki porzuci\u0142, ale pod koniec \u017cycia do prawa powr\u00f3ci\u0142, bo jego Teologia moralna to czyste kodeksy prawa. Wi\u0119c u Pana Boga nie ma nic na darmo i wszystko si\u0119 kiedy\u015b przydaje.<\/p>","protected":false},"author":60508433,"featured_media":51347,"comment_status":"open","ping_status":"open","sticky":false,"template":"","format":"standard","meta":{"_bbp_topic_count":0,"_bbp_reply_count":0,"_bbp_total_topic_count":0,"_bbp_total_reply_count":0,"_bbp_voice_count":0,"_bbp_anonymous_reply_count":0,"_bbp_topic_count_hidden":0,"_bbp_reply_count_hidden":0,"_bbp_forum_subforum_count":0,"_editorskit_title_hidden":false,"_editorskit_reading_time":0,"_editorskit_is_block_options_detached":false,"_editorskit_block_options_position":"{}","_coblocks_attr":"","_coblocks_dimensions":"","_coblocks_responsive_height":"","_coblocks_accordion_ie_support":"","_exactmetrics_skip_tracking":false,"_jetpack_newsletter_access":"","_jetpack_dont_email_post_to_subs":false,"_jetpack_newsletter_tier_id":0,"_jetpack_memberships_contains_paywalled_content":false,"_wpcom_ai_launchpad_first_post":false,"_jetpack_feature_clip_id":0,"_jetpack_memberships_contains_paid_content":false,"footnotes":"","jetpack_publicize_message":"{title}\n\n{excerpt}\n\n{url}","jetpack_publicize_feature_enabled":true,"jetpack_social_post_already_shared":true,"jetpack_social_options":{"image_generator_settings":{"template":"highway","default_image_id":0,"font":"","enabled":false},"version":2},"_wpas_customize_per_network":false,"jetpack_post_was_ever_published":false},"categories":[610131823,610131184,336375535],"tags":[],"class_list":["post-98106","post","type-post","status-publish","format-standard","has-post-thumbnail","hentry","category-swieta-w-sierpniu","category-duchowosc","category-liturgia-i-liturgika"],"yoast_head":"<!-- This site is optimized with the Yoast SEO plugin v28.4 - https:\/\/yoast.com\/product\/yoast-seo-wordpress\/ -->\n<title>2-go Sierpnia. \u017bywot \u015bwi\u0119tego Alfonsa Liguorego, Biskupa. - Tradycja i Wiara<\/title>\n<meta name=\"robots\" content=\"index, follow, max-snippet:-1, max-image-preview:large, max-video-preview:-1\" \/>\n<link rel=\"canonical\" href=\"https:\/\/wobronietradycjiiwiary.com\/en\/2-go-sierpnia-zywot-swietego-alfonsa-liguorego-biskupa-2-2\/\" \/>\n<meta property=\"og:locale\" content=\"en_US\" \/>\n<meta property=\"og:type\" content=\"article\" \/>\n<meta property=\"og:title\" content=\"2-go Sierpnia. \u017bywot \u015bwi\u0119tego Alfonsa Liguorego, Biskupa. - Tradycja i Wiara\" \/>\n<meta property=\"og:description\" content=\"\u015aw. Alfons Liguori w wieku lat 16 by\u0142 doktorem prawa \u015bwieckiego i kanonicznego. Zaw\u00f3d adwokacki porzuci\u0142, ale pod koniec \u017cycia do prawa powr\u00f3ci\u0142, bo jego Teologia moralna to czyste kodeksy prawa. Wi\u0119c u Pana Boga nie ma nic na darmo i wszystko si\u0119 kiedy\u015b przydaje.\" \/>\n<meta property=\"og:url\" content=\"https:\/\/wobronietradycjiiwiary.com\/en\/2-go-sierpnia-zywot-swietego-alfonsa-liguorego-biskupa-2-2\/\" \/>\n<meta property=\"og:site_name\" content=\"Tradycja i Wiara\" \/>\n<meta property=\"article:publisher\" content=\"https:\/\/www.facebook.com\/Tradycja-i-Wiara-108813920592249\" \/>\n<meta property=\"article:published_time\" content=\"2023-08-02T06:15:45+00:00\" \/>\n<meta property=\"article:modified_time\" content=\"2025-02-10T10:15:06+00:00\" \/>\n<meta property=\"og:image\" content=\"https:\/\/i0.wp.com\/wobronietradycjiiwiary.com\/wp-content\/uploads\/2021\/08\/Alfons-Liguori-Bischof.jpg?fit=191%2C264&ssl=1\" \/>\n\t<meta property=\"og:image:width\" content=\"191\" \/>\n\t<meta property=\"og:image:height\" content=\"264\" \/>\n\t<meta property=\"og:image:type\" content=\"image\/jpeg\" \/>\n<meta name=\"author\" content=\"Traditio et Fides\" \/>\n<meta name=\"twitter:card\" content=\"summary_large_image\" \/>\n<meta name=\"twitter:label1\" content=\"Written by\" \/>\n\t<meta name=\"twitter:data1\" content=\"Traditio et Fides\" \/>\n\t<meta name=\"twitter:label2\" content=\"Est. reading time\" \/>\n\t<meta name=\"twitter:data2\" content=\"12 minutes\" \/>\n<script type=\"application\/ld+json\" class=\"yoast-schema-graph\">{\"@context\":\"https:\\\/\\\/schema.org\",\"@graph\":[{\"@type\":\"Article\",\"@id\":\"https:\\\/\\\/wobronietradycjiiwiary.com\\\/2-go-sierpnia-zywot-swietego-alfonsa-liguorego-biskupa-2-2\\\/#article\",\"isPartOf\":{\"@id\":\"https:\\\/\\\/wobronietradycjiiwiary.com\\\/2-go-sierpnia-zywot-swietego-alfonsa-liguorego-biskupa-2-2\\\/\"},\"author\":{\"name\":\"Traditio et Fides\",\"@id\":\"https:\\\/\\\/wobronietradycjiiwiary.com\\\/pl\\\/#\\\/schema\\\/person\\\/2d6180ce6abcb681fef0daab7816e8f3\"},\"headline\":\"2-go Sierpnia. \u017bywot \u015bwi\u0119tego Alfonsa Liguorego, Biskupa.\",\"datePublished\":\"2023-08-02T06:15:45+00:00\",\"dateModified\":\"2025-02-10T10:15:06+00:00\",\"mainEntityOfPage\":{\"@id\":\"https:\\\/\\\/wobronietradycjiiwiary.com\\\/2-go-sierpnia-zywot-swietego-alfonsa-liguorego-biskupa-2-2\\\/\"},\"wordCount\":2328,\"commentCount\":0,\"publisher\":{\"@id\":\"https:\\\/\\\/wobronietradycjiiwiary.com\\\/pl\\\/#organization\"},\"image\":{\"@id\":\"https:\\\/\\\/wobronietradycjiiwiary.com\\\/2-go-sierpnia-zywot-swietego-alfonsa-liguorego-biskupa-2-2\\\/#primaryimage\"},\"thumbnailUrl\":\"https:\\\/\\\/wobronietradycjiiwiary.com\\\/wp-content\\\/uploads\\\/2021\\\/08\\\/Alfons-Liguori-Bischof.jpg\",\"articleSection\":[\"08. \u015awi\u0119ta w sierpniu\",\"Duchowo\u015b\u0107\",\"Liturgia i liturgika\"],\"inLanguage\":\"en-US\",\"potentialAction\":[{\"@type\":\"CommentAction\",\"name\":\"Comment\",\"target\":[\"https:\\\/\\\/wobronietradycjiiwiary.com\\\/2-go-sierpnia-zywot-swietego-alfonsa-liguorego-biskupa-2-2\\\/#respond\"]}]},{\"@type\":\"WebPage\",\"@id\":\"https:\\\/\\\/wobronietradycjiiwiary.com\\\/2-go-sierpnia-zywot-swietego-alfonsa-liguorego-biskupa-2-2\\\/\",\"url\":\"https:\\\/\\\/wobronietradycjiiwiary.com\\\/2-go-sierpnia-zywot-swietego-alfonsa-liguorego-biskupa-2-2\\\/\",\"name\":\"2-go Sierpnia. \u017bywot \u015bwi\u0119tego Alfonsa Liguorego, Biskupa. - Tradycja i Wiara\",\"isPartOf\":{\"@id\":\"https:\\\/\\\/wobronietradycjiiwiary.com\\\/pl\\\/#website\"},\"primaryImageOfPage\":{\"@id\":\"https:\\\/\\\/wobronietradycjiiwiary.com\\\/2-go-sierpnia-zywot-swietego-alfonsa-liguorego-biskupa-2-2\\\/#primaryimage\"},\"image\":{\"@id\":\"https:\\\/\\\/wobronietradycjiiwiary.com\\\/2-go-sierpnia-zywot-swietego-alfonsa-liguorego-biskupa-2-2\\\/#primaryimage\"},\"thumbnailUrl\":\"https:\\\/\\\/wobronietradycjiiwiary.com\\\/wp-content\\\/uploads\\\/2021\\\/08\\\/Alfons-Liguori-Bischof.jpg\",\"datePublished\":\"2023-08-02T06:15:45+00:00\",\"dateModified\":\"2025-02-10T10:15:06+00:00\",\"breadcrumb\":{\"@id\":\"https:\\\/\\\/wobronietradycjiiwiary.com\\\/2-go-sierpnia-zywot-swietego-alfonsa-liguorego-biskupa-2-2\\\/#breadcrumb\"},\"inLanguage\":\"en-US\",\"potentialAction\":[{\"@type\":\"ReadAction\",\"target\":[\"https:\\\/\\\/wobronietradycjiiwiary.com\\\/2-go-sierpnia-zywot-swietego-alfonsa-liguorego-biskupa-2-2\\\/\"]}]},{\"@type\":\"ImageObject\",\"inLanguage\":\"en-US\",\"@id\":\"https:\\\/\\\/wobronietradycjiiwiary.com\\\/2-go-sierpnia-zywot-swietego-alfonsa-liguorego-biskupa-2-2\\\/#primaryimage\",\"url\":\"https:\\\/\\\/wobronietradycjiiwiary.com\\\/wp-content\\\/uploads\\\/2021\\\/08\\\/Alfons-Liguori-Bischof.jpg\",\"contentUrl\":\"https:\\\/\\\/wobronietradycjiiwiary.com\\\/wp-content\\\/uploads\\\/2021\\\/08\\\/Alfons-Liguori-Bischof.jpg\",\"width\":191,\"height\":264},{\"@type\":\"BreadcrumbList\",\"@id\":\"https:\\\/\\\/wobronietradycjiiwiary.com\\\/2-go-sierpnia-zywot-swietego-alfonsa-liguorego-biskupa-2-2\\\/#breadcrumb\",\"itemListElement\":[{\"@type\":\"ListItem\",\"position\":1,\"name\":\"Strona g\u0142\u00f3wna\",\"item\":\"https:\\\/\\\/wobronietradycjiiwiary.com\\\/\"},{\"@type\":\"ListItem\",\"position\":2,\"name\":\"2-go Sierpnia. \u017bywot \u015bwi\u0119tego Alfonsa Liguorego, Biskupa.\"}]},{\"@type\":\"WebSite\",\"@id\":\"https:\\\/\\\/wobronietradycjiiwiary.com\\\/pl\\\/#website\",\"url\":\"https:\\\/\\\/wobronietradycjiiwiary.com\\\/pl\\\/\",\"name\":\"Tradycja i Wiara\",\"description\":\"Portal dla katolik\u00f3w.\",\"publisher\":{\"@id\":\"https:\\\/\\\/wobronietradycjiiwiary.com\\\/pl\\\/#organization\"},\"potentialAction\":[{\"@type\":\"SearchAction\",\"target\":{\"@type\":\"EntryPoint\",\"urlTemplate\":\"https:\\\/\\\/wobronietradycjiiwiary.com\\\/pl\\\/?s={search_term_string}\"},\"query-input\":{\"@type\":\"PropertyValueSpecification\",\"valueRequired\":true,\"valueName\":\"search_term_string\"}}],\"inLanguage\":\"en-US\"},{\"@type\":\"Organization\",\"@id\":\"https:\\\/\\\/wobronietradycjiiwiary.com\\\/pl\\\/#organization\",\"name\":\"Tradycja i Wiara\",\"url\":\"https:\\\/\\\/wobronietradycjiiwiary.com\\\/pl\\\/\",\"logo\":{\"@type\":\"ImageObject\",\"inLanguage\":\"en-US\",\"@id\":\"https:\\\/\\\/wobronietradycjiiwiary.com\\\/pl\\\/#\\\/schema\\\/logo\\\/image\\\/\",\"url\":\"https:\\\/\\\/i0.wp.com\\\/wobronietradycjiiwiary.com\\\/wp-content\\\/uploads\\\/2015\\\/10\\\/cropped-st-peters-dome-vatican.jpg?fit=940%2C198&ssl=1\",\"contentUrl\":\"https:\\\/\\\/i0.wp.com\\\/wobronietradycjiiwiary.com\\\/wp-content\\\/uploads\\\/2015\\\/10\\\/cropped-st-peters-dome-vatican.jpg?fit=940%2C198&ssl=1\",\"width\":940,\"height\":198,\"caption\":\"Tradycja i Wiara\"},\"image\":{\"@id\":\"https:\\\/\\\/wobronietradycjiiwiary.com\\\/pl\\\/#\\\/schema\\\/logo\\\/image\\\/\"},\"sameAs\":[\"https:\\\/\\\/www.facebook.com\\\/Tradycja-i-Wiara-108813920592249\"]},{\"@type\":\"Person\",\"@id\":\"https:\\\/\\\/wobronietradycjiiwiary.com\\\/pl\\\/#\\\/schema\\\/person\\\/2d6180ce6abcb681fef0daab7816e8f3\",\"name\":\"Traditio et Fides\",\"sameAs\":[\"https:\\\/\\\/traditionundglauben.com\"],\"url\":\"https:\\\/\\\/wobronietradycjiiwiary.com\\\/en\\\/author\\\/wobronietradycjiiwiary\\\/\"}]}<\/script>\n<!-- \/ Yoast SEO plugin. -->","yoast_head_json":{"title":"2-go Sierpnia. \u017bywot \u015bwi\u0119tego Alfonsa Liguorego, Biskupa. - Tradycja i Wiara","robots":{"index":"index","follow":"follow","max-snippet":"max-snippet:-1","max-image-preview":"max-image-preview:large","max-video-preview":"max-video-preview:-1"},"canonical":"https:\/\/wobronietradycjiiwiary.com\/en\/2-go-sierpnia-zywot-swietego-alfonsa-liguorego-biskupa-2-2\/","og_locale":"en_US","og_type":"article","og_title":"2-go Sierpnia. \u017bywot \u015bwi\u0119tego Alfonsa Liguorego, Biskupa. - Tradycja i Wiara","og_description":"\u015aw. Alfons Liguori w wieku lat 16 by\u0142 doktorem prawa \u015bwieckiego i kanonicznego. Zaw\u00f3d adwokacki porzuci\u0142, ale pod koniec \u017cycia do prawa powr\u00f3ci\u0142, bo jego Teologia moralna to czyste kodeksy prawa. Wi\u0119c u Pana Boga nie ma nic na darmo i wszystko si\u0119 kiedy\u015b przydaje.","og_url":"https:\/\/wobronietradycjiiwiary.com\/en\/2-go-sierpnia-zywot-swietego-alfonsa-liguorego-biskupa-2-2\/","og_site_name":"Tradycja i Wiara","article_publisher":"https:\/\/www.facebook.com\/Tradycja-i-Wiara-108813920592249","article_published_time":"2023-08-02T06:15:45+00:00","article_modified_time":"2025-02-10T10:15:06+00:00","og_image":[{"width":191,"height":264,"url":"https:\/\/i0.wp.com\/wobronietradycjiiwiary.com\/wp-content\/uploads\/2021\/08\/Alfons-Liguori-Bischof.jpg?fit=191%2C264&ssl=1","type":"image\/jpeg"}],"author":"Traditio et Fides","twitter_card":"summary_large_image","twitter_misc":{"Written by":"Traditio et Fides","Est. reading time":"12 minutes"},"schema":{"@context":"https:\/\/schema.org","@graph":[{"@type":"Article","@id":"https:\/\/wobronietradycjiiwiary.com\/2-go-sierpnia-zywot-swietego-alfonsa-liguorego-biskupa-2-2\/#article","isPartOf":{"@id":"https:\/\/wobronietradycjiiwiary.com\/2-go-sierpnia-zywot-swietego-alfonsa-liguorego-biskupa-2-2\/"},"author":{"name":"Traditio et Fides","@id":"https:\/\/wobronietradycjiiwiary.com\/pl\/#\/schema\/person\/2d6180ce6abcb681fef0daab7816e8f3"},"headline":"2-go Sierpnia. \u017bywot \u015bwi\u0119tego Alfonsa Liguorego, Biskupa.","datePublished":"2023-08-02T06:15:45+00:00","dateModified":"2025-02-10T10:15:06+00:00","mainEntityOfPage":{"@id":"https:\/\/wobronietradycjiiwiary.com\/2-go-sierpnia-zywot-swietego-alfonsa-liguorego-biskupa-2-2\/"},"wordCount":2328,"commentCount":0,"publisher":{"@id":"https:\/\/wobronietradycjiiwiary.com\/pl\/#organization"},"image":{"@id":"https:\/\/wobronietradycjiiwiary.com\/2-go-sierpnia-zywot-swietego-alfonsa-liguorego-biskupa-2-2\/#primaryimage"},"thumbnailUrl":"https:\/\/wobronietradycjiiwiary.com\/wp-content\/uploads\/2021\/08\/Alfons-Liguori-Bischof.jpg","articleSection":["08. \u015awi\u0119ta w sierpniu","Duchowo\u015b\u0107","Liturgia i liturgika"],"inLanguage":"en-US","potentialAction":[{"@type":"CommentAction","name":"Comment","target":["https:\/\/wobronietradycjiiwiary.com\/2-go-sierpnia-zywot-swietego-alfonsa-liguorego-biskupa-2-2\/#respond"]}]},{"@type":"WebPage","@id":"https:\/\/wobronietradycjiiwiary.com\/2-go-sierpnia-zywot-swietego-alfonsa-liguorego-biskupa-2-2\/","url":"https:\/\/wobronietradycjiiwiary.com\/2-go-sierpnia-zywot-swietego-alfonsa-liguorego-biskupa-2-2\/","name":"2-go Sierpnia. \u017bywot \u015bwi\u0119tego Alfonsa Liguorego, Biskupa. - Tradycja i Wiara","isPartOf":{"@id":"https:\/\/wobronietradycjiiwiary.com\/pl\/#website"},"primaryImageOfPage":{"@id":"https:\/\/wobronietradycjiiwiary.com\/2-go-sierpnia-zywot-swietego-alfonsa-liguorego-biskupa-2-2\/#primaryimage"},"image":{"@id":"https:\/\/wobronietradycjiiwiary.com\/2-go-sierpnia-zywot-swietego-alfonsa-liguorego-biskupa-2-2\/#primaryimage"},"thumbnailUrl":"https:\/\/wobronietradycjiiwiary.com\/wp-content\/uploads\/2021\/08\/Alfons-Liguori-Bischof.jpg","datePublished":"2023-08-02T06:15:45+00:00","dateModified":"2025-02-10T10:15:06+00:00","breadcrumb":{"@id":"https:\/\/wobronietradycjiiwiary.com\/2-go-sierpnia-zywot-swietego-alfonsa-liguorego-biskupa-2-2\/#breadcrumb"},"inLanguage":"en-US","potentialAction":[{"@type":"ReadAction","target":["https:\/\/wobronietradycjiiwiary.com\/2-go-sierpnia-zywot-swietego-alfonsa-liguorego-biskupa-2-2\/"]}]},{"@type":"ImageObject","inLanguage":"en-US","@id":"https:\/\/wobronietradycjiiwiary.com\/2-go-sierpnia-zywot-swietego-alfonsa-liguorego-biskupa-2-2\/#primaryimage","url":"https:\/\/wobronietradycjiiwiary.com\/wp-content\/uploads\/2021\/08\/Alfons-Liguori-Bischof.jpg","contentUrl":"https:\/\/wobronietradycjiiwiary.com\/wp-content\/uploads\/2021\/08\/Alfons-Liguori-Bischof.jpg","width":191,"height":264},{"@type":"BreadcrumbList","@id":"https:\/\/wobronietradycjiiwiary.com\/2-go-sierpnia-zywot-swietego-alfonsa-liguorego-biskupa-2-2\/#breadcrumb","itemListElement":[{"@type":"ListItem","position":1,"name":"Strona g\u0142\u00f3wna","item":"https:\/\/wobronietradycjiiwiary.com\/"},{"@type":"ListItem","position":2,"name":"2-go Sierpnia. \u017bywot \u015bwi\u0119tego Alfonsa Liguorego, Biskupa."}]},{"@type":"WebSite","@id":"https:\/\/wobronietradycjiiwiary.com\/pl\/#website","url":"https:\/\/wobronietradycjiiwiary.com\/pl\/","name":"Tradycja i Wiara","description":"Portal dla katolik\u00f3w.","publisher":{"@id":"https:\/\/wobronietradycjiiwiary.com\/pl\/#organization"},"potentialAction":[{"@type":"SearchAction","target":{"@type":"EntryPoint","urlTemplate":"https:\/\/wobronietradycjiiwiary.com\/pl\/?s={search_term_string}"},"query-input":{"@type":"PropertyValueSpecification","valueRequired":true,"valueName":"search_term_string"}}],"inLanguage":"en-US"},{"@type":"Organization","@id":"https:\/\/wobronietradycjiiwiary.com\/pl\/#organization","name":"Tradycja i Wiara","url":"https:\/\/wobronietradycjiiwiary.com\/pl\/","logo":{"@type":"ImageObject","inLanguage":"en-US","@id":"https:\/\/wobronietradycjiiwiary.com\/pl\/#\/schema\/logo\/image\/","url":"https:\/\/i0.wp.com\/wobronietradycjiiwiary.com\/wp-content\/uploads\/2015\/10\/cropped-st-peters-dome-vatican.jpg?fit=940%2C198&ssl=1","contentUrl":"https:\/\/i0.wp.com\/wobronietradycjiiwiary.com\/wp-content\/uploads\/2015\/10\/cropped-st-peters-dome-vatican.jpg?fit=940%2C198&ssl=1","width":940,"height":198,"caption":"Tradycja i Wiara"},"image":{"@id":"https:\/\/wobronietradycjiiwiary.com\/pl\/#\/schema\/logo\/image\/"},"sameAs":["https:\/\/www.facebook.com\/Tradycja-i-Wiara-108813920592249"]},{"@type":"Person","@id":"https:\/\/wobronietradycjiiwiary.com\/pl\/#\/schema\/person\/2d6180ce6abcb681fef0daab7816e8f3","name":"Traditio et Fides","sameAs":["https:\/\/traditionundglauben.com"],"url":"https:\/\/wobronietradycjiiwiary.com\/en\/author\/wobronietradycjiiwiary\/"}]}},"jetpack_publicize_connections":[],"jetpack_sharing_enabled":true,"jetpack_likes_enabled":true,"jetpack_shortlink":"https:\/\/wp.me\/pc04Sd-pwm","jetpack-related-posts":[{"id":97645,"url":"https:\/\/wobronietradycjiiwiary.com\/en\/sw-alfons-liguori-przewodnik-spowiednika-81-po-zawarciu-wadliwego-zwiazku\/","url_meta":{"origin":98106,"position":0},"title":"\u015aw. Alfons Liguori, Przewodnik spowiednika (81). Po zawarciu wadliwego zwi\u0105zku","author":"Traditio et Fides","date":"27 July 2023","format":false,"excerpt":"O delikatnej sytuacji m\u0119\u017cob\u00f3jcy w trupem w szafie.","rel":"","context":"In &quot;\"Przewodnik spowiednika\"&quot;","block_context":{"text":"\"Przewodnik spowiednika\"","link":"https:\/\/wobronietradycjiiwiary.com\/en\/category\/duchowosc\/autorzy\/sw-alfons-liguori\/przewodnik-spowiednika\/"},"img":{"alt_text":"","src":"https:\/\/i0.wp.com\/wobronietradycjiiwiary.com\/wp-content\/uploads\/2021\/07\/confession_painting.jpg?resize=350%2C200&ssl=1","width":350,"height":200,"srcset":"https:\/\/i0.wp.com\/wobronietradycjiiwiary.com\/wp-content\/uploads\/2021\/07\/confession_painting.jpg?resize=350%2C200&ssl=1 1x, https:\/\/i0.wp.com\/wobronietradycjiiwiary.com\/wp-content\/uploads\/2021\/07\/confession_painting.jpg?resize=525%2C300&ssl=1 1.5x, https:\/\/i0.wp.com\/wobronietradycjiiwiary.com\/wp-content\/uploads\/2021\/07\/confession_painting.jpg?resize=700%2C400&ssl=1 2x, https:\/\/i0.wp.com\/wobronietradycjiiwiary.com\/wp-content\/uploads\/2021\/07\/confession_painting.jpg?resize=1050%2C600&ssl=1 3x"},"classes":[]},{"id":51343,"url":"https:\/\/wobronietradycjiiwiary.com\/en\/2-go-sierpnia-zywot-swietego-alfonsa-liguorego-biskupa\/","url_meta":{"origin":98106,"position":1},"title":"2-go Sierpnia. \u017bywot \u015bwi\u0119tego Alfonsa Liguorego, Biskupa.","author":"Traditio et Fides","date":"2 August 2021","format":false,"excerpt":"\u015aw. Alfons Liguori w wieku lat 16 by\u0142 doktorem prawa \u015bwieckiego i kanonicznego. Zaw\u00f3d adwokacki porzuci\u0142, ale pod koniec \u017cycia do prawa powr\u00f3ci\u0142, bo jego Teologia moralna to czyste kodeksy prawa. Wi\u0119c u Pana Boga nie ma nic na darmo i wszystko si\u0119 kiedy\u015b przydaje.","rel":"","context":"In &quot;08. \u015awi\u0119ta w sierpniu&quot;","block_context":{"text":"08. \u015awi\u0119ta w sierpniu","link":"https:\/\/wobronietradycjiiwiary.com\/en\/category\/duchowosc\/liturgia-i-liturgika\/rozwazania\/rok-liturgiczny\/swieta-w-sierpniu\/"},"img":{"alt_text":"","src":"","width":0,"height":0},"classes":[]},{"id":71255,"url":"https:\/\/wobronietradycjiiwiary.com\/en\/2-go-sierpnia-zywot-swietego-alfonsa-liguorego-biskupa-2\/","url_meta":{"origin":98106,"position":2},"title":"2-go Sierpnia. \u017bywot \u015bwi\u0119tego Alfonsa Liguorego, Biskupa.","author":"Traditio et Fides","date":"2 August 2022","format":false,"excerpt":"\u015aw. Alfons Liguori w wieku lat 16 by\u0142 doktorem prawa \u015bwieckiego i kanonicznego. Zaw\u00f3d adwokacki porzuci\u0142, ale pod koniec \u017cycia do prawa powr\u00f3ci\u0142, bo jego Teologia moralna to czyste kodeksy prawa. Wi\u0119c u Pana Boga nie ma nic na darmo i wszystko si\u0119 kiedy\u015b przydaje.","rel":"","context":"In &quot;08. \u015awi\u0119ta w sierpniu&quot;","block_context":{"text":"08. \u015awi\u0119ta w sierpniu","link":"https:\/\/wobronietradycjiiwiary.com\/en\/category\/duchowosc\/liturgia-i-liturgika\/rozwazania\/rok-liturgiczny\/swieta-w-sierpniu\/"},"img":{"alt_text":"","src":"","width":0,"height":0},"classes":[]},{"id":119246,"url":"https:\/\/wobronietradycjiiwiary.com\/en\/2-go-sierpnia-zywot-swietego-alfonsa-liguorego-biskupa-2-2-2\/","url_meta":{"origin":98106,"position":3},"title":"2-go Sierpnia. \u017bywot \u015bwi\u0119tego Alfonsa Liguorego, Biskupa.","author":"Traditio et Fides","date":"2 August 2024","format":false,"excerpt":"\u015aw. Alfons Liguori w wieku lat 16 by\u0142 doktorem prawa \u015bwieckiego i kanonicznego. Zaw\u00f3d adwokacki porzuci\u0142, ale pod koniec \u017cycia do prawa powr\u00f3ci\u0142, bo jego Teologia moralna to czyste kodeksy prawa. Wi\u0119c u Pana Boga nie ma nic na darmo i wszystko si\u0119 kiedy\u015b przydaje.","rel":"","context":"In &quot;08. \u015awi\u0119ta w sierpniu&quot;","block_context":{"text":"08. \u015awi\u0119ta w sierpniu","link":"https:\/\/wobronietradycjiiwiary.com\/en\/category\/duchowosc\/liturgia-i-liturgika\/rozwazania\/rok-liturgiczny\/swieta-w-sierpniu\/"},"img":{"alt_text":"","src":"","width":0,"height":0},"classes":[]},{"id":148776,"url":"https:\/\/wobronietradycjiiwiary.com\/en\/2-go-sierpnia-zywot-swietego-alfonsa-liguorego-biskupa-2-2-3\/","url_meta":{"origin":98106,"position":4},"title":"2-go Sierpnia. \u017bywot \u015bwi\u0119tego Alfonsa Liguorego, Biskupa.","author":"Traditio et Fides","date":"2 August 2025","format":false,"excerpt":"\u015aw. Alfons Liguori w wieku lat 16 by\u0142 doktorem prawa \u015bwieckiego i kanonicznego. Zaw\u00f3d adwokacki porzuci\u0142, ale pod koniec \u017cycia do prawa powr\u00f3ci\u0142, bo jego Teologia moralna to czyste kodeksy prawa. Wi\u0119c u Pana Boga nie ma nic na darmo i wszystko si\u0119 kiedy\u015b przydaje.","rel":"","context":"In &quot;08. \u015awi\u0119ta w sierpniu&quot;","block_context":{"text":"08. \u015awi\u0119ta w sierpniu","link":"https:\/\/wobronietradycjiiwiary.com\/en\/category\/duchowosc\/liturgia-i-liturgika\/rozwazania\/rok-liturgiczny\/swieta-w-sierpniu\/"},"img":{"alt_text":"","src":"","width":0,"height":0},"classes":[]},{"id":169583,"url":"https:\/\/wobronietradycjiiwiary.com\/en\/2-go-sierpnia-zywot-swietego-alfonsa-liguorego-biskupa-2-2-3-2\/","url_meta":{"origin":98106,"position":5},"title":"2-go Sierpnia. \u017bywot \u015bwi\u0119tego Alfonsa Liguorego, Biskupa.","author":"Traditio et Fides","date":"2 August 2026","format":false,"excerpt":"\u015aw. Alfons Liguori w wieku lat 16 by\u0142 doktorem prawa \u015bwieckiego i kanonicznego. Zaw\u00f3d adwokacki porzuci\u0142, ale pod koniec \u017cycia do prawa powr\u00f3ci\u0142, bo jego Teologia moralna to czyste kodeksy prawa. Wi\u0119c u Pana Boga nie ma nic na darmo i wszystko si\u0119 kiedy\u015b przydaje.","rel":"","context":"In &quot;08. \u015awi\u0119ta w sierpniu&quot;","block_context":{"text":"08. \u015awi\u0119ta w sierpniu","link":"https:\/\/wobronietradycjiiwiary.com\/en\/category\/duchowosc\/liturgia-i-liturgika\/rozwazania\/rok-liturgiczny\/swieta-w-sierpniu\/"},"img":{"alt_text":"","src":"","width":0,"height":0},"classes":[]}],"amp_enabled":true,"jetpack_featured_media_url":"https:\/\/wobronietradycjiiwiary.com\/wp-content\/uploads\/2021\/08\/Alfons-Liguori-Bischof.jpg","_links":{"self":[{"href":"https:\/\/wobronietradycjiiwiary.com\/en\/wp-json\/wp\/v2\/posts\/98106","targetHints":{"allow":["GET"]}}],"collection":[{"href":"https:\/\/wobronietradycjiiwiary.com\/en\/wp-json\/wp\/v2\/posts"}],"about":[{"href":"https:\/\/wobronietradycjiiwiary.com\/en\/wp-json\/wp\/v2\/types\/post"}],"author":[{"embeddable":true,"href":"https:\/\/wobronietradycjiiwiary.com\/en\/wp-json\/wp\/v2\/users\/60508433"}],"replies":[{"embeddable":true,"href":"https:\/\/wobronietradycjiiwiary.com\/en\/wp-json\/wp\/v2\/comments?post=98106"}],"version-history":[{"count":1,"href":"https:\/\/wobronietradycjiiwiary.com\/en\/wp-json\/wp\/v2\/posts\/98106\/revisions"}],"predecessor-version":[{"id":98115,"href":"https:\/\/wobronietradycjiiwiary.com\/en\/wp-json\/wp\/v2\/posts\/98106\/revisions\/98115"}],"wp:featuredmedia":[{"embeddable":true,"href":"https:\/\/wobronietradycjiiwiary.com\/en\/wp-json\/wp\/v2\/media\/51347"}],"wp:attachment":[{"href":"https:\/\/wobronietradycjiiwiary.com\/en\/wp-json\/wp\/v2\/media?parent=98106"}],"wp:term":[{"taxonomy":"category","embeddable":true,"href":"https:\/\/wobronietradycjiiwiary.com\/en\/wp-json\/wp\/v2\/categories?post=98106"},{"taxonomy":"post_tag","embeddable":true,"href":"https:\/\/wobronietradycjiiwiary.com\/en\/wp-json\/wp\/v2\/tags?post=98106"}],"curies":[{"name":"wp","href":"https:\/\/api.w.org\/{rel}","templated":true}]}}