{"id":98100,"date":"2023-08-06T08:15:38","date_gmt":"2023-08-06T06:15:38","guid":{"rendered":"https:\/\/wobronietradycjiiwiary.com\/?p=98100"},"modified":"2025-02-10T11:15:06","modified_gmt":"2025-02-10T10:15:06","slug":"6-go-sierpnia-uroczystosc-przemienienia-panskiego-2-2","status":"publish","type":"post","link":"https:\/\/wobronietradycjiiwiary.com\/en\/6-go-sierpnia-uroczystosc-przemienienia-panskiego-2-2\/","title":{"rendered":"6-go Sierpnia. Uroczysto\u015b\u0107 Przemienienia Pa\u0144skiego."},"content":{"rendered":"<div id=\"bsf_rt_marker\"><\/div>\n<p class=\"has-text-align-center wp-block-paragraph\"><small>(Nast\u0105pi\u0142o oko\u0142o roku Pa\u0144skiego 32).<\/small><\/p>\n\n\n\n<figure class=\"wp-block-image\"><a href=\"https:\/\/pl.wikisource.org\/wiki\/Plik:%C5%BBywoty_%C5%9Bw._Pa%C5%84skich_na_wszystkie_dnie_roku-Inicja%C5%82-N.png\"><img decoding=\"async\" src=\"https:\/\/upload.wikimedia.org\/wikipedia\/commons\/thumb\/3\/36\/%C5%BBywoty_%C5%9Bw._Pa%C5%84skich_na_wszystkie_dnie_roku-Inicja%C5%82-N.png\/51px-%C5%BBywoty_%C5%9Bw._Pa%C5%84skich_na_wszystkie_dnie_roku-Inicja%C5%82-N.png\" alt=\"N\"\/><\/a><\/figure>\n\n\n\n<p class=\"has-text-align-justify wp-block-paragraph\">Najpami\u0119tniejszem zgromadzeniem w&nbsp;dziejach \u015bwiata jest zebranie, jakie si\u0119 odby\u0142o w&nbsp;Galilei na g\u00f3rze Tabor w&nbsp;trzydziestym trzecim roku po Narodzeniu Chrystusa. Mia\u0142 w&nbsp;niem udzia\u0142 Jezus Chrystus jako prawdziwy B\u00f3g i&nbsp;prawdziwy cz\u0142owiek nadprzyrodzonej pi\u0119kno\u015bci, kt\u00f3rego oblicze ja\u015bnia\u0142o wonczas, jakoby s\u0142o\u0144ce, a&nbsp;szaty by\u0142y bia\u0142e jak \u015bnieg; mia\u0142 w&nbsp;niem udzia\u0142 prawodawca Moj\u017cesz, kt\u00f3ry przed 1500&nbsp;laty zatopi\u0142 zbrojne zast\u0119py Faraona w&nbsp;falach Czerwonego Morza, a&nbsp;lud Izraelski z&nbsp;niewoli wyswobodzi\u0142, wiod\u0105c go do Ziemi obiecanej; mia\u0142 w&nbsp;niem udzia\u0142&nbsp;<a href=\"https:\/\/pl.wikisource.org\/wiki\/Plik:%C5%BBywoty_%C5%9Bw._Pa%C5%84skich_na_wszystkie_dnie_roku-p._769.jpg\"><\/a><a href=\"https:\/\/pl.wikisource.org\/wiki\/Plik:%C5%BBywoty_%C5%9Bw._Pa%C5%84skich_na_wszystkie_dnie_roku-p._769.jpg\"><\/a>Przemienienie Pa\u0144skie.Prorok Eliasz, kt\u00f3ry przed 900 laty dzieci Izraela zach\u0119ci\u0142 do ufno\u015bci w mi\u0142osierdzie wszechmocnego Boga i do nadziei w obiecanego Zbawiciela; nadto mieli w niem udzia\u0142 trzej wielcy Aposto\u0142owie Nowego Zakonu, Piotr, Jak\u00f3b i Jan, kt\u00f3rzy p\u00f3\u017aniej z\u0142o\u017cyli chlubne \u015bwiadectwo swej wiary; wzi\u0105\u0142 wreszcie w niem udzia\u0142 ukryty w tajemniczym ob\u0142oku Ojciec niebieski sam w towarzystwie ch\u00f3ru Anio\u0142\u00f3w. Wielki cel tego wznios\u0142ego zgromadzenia by\u0142 zdaniem najznamienitszych uczonych Pisma \u015bwi\u0119tego trojaki:<\/p>\n\n\n\n<p class=\"has-text-align-justify wp-block-paragraph\">\u20091) Jezus Chrystus przewodniczy\u0142 w tem zgromadzeniu jako najwy\u017cszy ksi\u0105\u017c\u0119 i prawodawca ca\u0142ego \u015bwiata, jak to ju\u017c by\u0142 przepowiedzia\u0142 Prorok Izajasz: \u201ePan S\u0119dzia nasz, Pan Zakonodawca nasz, Pan Kr\u00f3l nasz.\u201c (<a href=\"https:\/\/pl.wikisource.org\/wiki\/Biblia_Wujka_(1923)\/Ksi%C4%99ga_Izajasza_(ca%C5%82o%C5%9B%C4%87)#33:22\">Izajasz 33, 22<\/a>). W tej w\u0142a\u015bciwo\u015bci uzna\u0142 Go Moj\u017cesz, kt\u00f3ry og\u0142osi\u0142 prawa Starego Zakonu i pocz\u0105\u0142 przysposabia\u0107 lud wybrany do pojawienia si\u0119 wielkiego kr\u00f3la; uzna\u0142 Go Eliasz, kt\u00f3ry przemawia\u0142 za wype\u0142nieniem prawa Starego Zakonu i podnieca\u0142 t\u0119sknot\u0119 za obiecanym Mesyaszem; w tej\u017ce w\u0142a\u015bciwo\u015bci zatwierdzi\u0142 Go sam Ojciec odwieczny, m\u00f3wi\u0105c: \u201eTenci jest Syn M\u00f3j mi\u0142y, Jego s\u0142uchajcie.\u201c<\/p>\n\n\n\n<p class=\"has-text-align-justify wp-block-paragraph\">Pan Jezus jest najwy\u017cszym kr\u00f3lewskim prawodawc\u0105 ca\u0142ej ludzko\u015bci, nie tylko dlatego, \u017ce w Swych naukach wiary i obyczaj\u00f3w na\u0142o\u017cy\u0142 ludziom tak s\u0142odkie jarzmo i tak lekki ci\u0119\u017car; ale i dlatego, \u017ce Sw\u0105 krwaw\u0105 ofiar\u0105 na krzy\u017cu i nieustann\u0105 ofiar\u0105 na o\u0142tarzu uwalnia nas od kl\u0105twy grzechu i od l\u0119ku \u015bmierci, i \u017ce \u0142askami sakramentalnemi dodaje nam si\u0142 i ochoczo\u015bci. Dlatego te\u017c Eliasz i Moj\u017cesz uznali na tem wznios\u0142em zebraniu arcykap\u0142a\u0144sk\u0105 godno\u015b\u0107 Jezusa, rozmawiaj\u0105c z Nim o dokonaniu \u017cywota w Jerozolimie, tj. o Jego cierpieniach i \u015bmierci na g\u00f3rze Kalwaryi. Stwierdzi\u0142 to sam Ojciec niebieski, o\u015bwiadczaj\u0105c, \u017ce T\u0119 ofiar\u0119 Sobie upodoba\u0142 s\u0142owy: \u201eTenci jest Syn M\u00f3j mi\u0142y, Jego s\u0142uchajcie.\u201c Poniewa\u017c za\u015b kap\u0142a\u0144stwo jest przywilejem pierworodztwa, przeto B\u00f3g Ojciec, nazywaj\u0105c Go Synem, mianuje Go tem samem Arcykap\u0142anem, kt\u00f3ry podejmie dzie\u0142o zbawienia \u015bwiata. T\u0119 fundamentaln\u0105 prawd\u0119 chrze\u015bcija\u0144stwa pozna\u0142o trzech Aposto\u0142\u00f3w na g\u00f3rze Tabor, zanim Jezusa wydano w r\u0119ce pogan, zanim Go smagano, oplwano i ukrzy\u017cowano, a poznali j\u0105 dlatego, a\u017ceby zapobiedz zgorszeniu, w kt\u00f3reby bez tej nauki byli popadli.<\/p>\n\n\n\n<p class=\"has-text-align-justify wp-block-paragraph\">2) Pan Jezus okaza\u0142 si\u0119 na tem zgromadzeniu sprawc\u0105 i szafarzem chwa\u0142y niebieskiej i zbawienia. Bezpo\u015brednio bowiem przed wej\u015bciem na g\u00f3r\u0119 przemienienia m\u00f3wi\u0142 by\u0142 o wielkiej nagrodzie, kt\u00f3rej wiernym nast\u0119pcom udzieli w dniu, w jakim wr\u00f3ci w majestacie Ojca Swego niebieskiego, aby s\u0105dzi\u0107 \u017cywych i umar\u0142ych. Doda\u0142 nawet, \u017ce niekt\u00f3rzy z Jego uczni\u00f3w jeszcze tego do\u017cyj\u0105, i\u017c ujrz\u0105 Syna Cz\u0142owieczego w Jego Kr\u00f3lestwie. Tych s\u0142\u00f3w pociechy dotrzyma\u0142 Zbawiciel na g\u00f3rze Tabor, gdzie si\u0119 trzem Aposto\u0142om pokaza\u0142 w ca\u0142ym odwiecznym majestacie i nadprzyrodzonej pi\u0119kno\u015bci i gdzie im pozwoli\u0142 ogl\u0105da\u0107 w odwiecznej chwale, ju\u017c dawno zmar\u0142e Swe s\u0142ugi: Moj\u017cesza i Eliasza. Piotr, Jak\u00f3b i Jan ujrzeli rzeczywi\u015bcie w tej ra\u017c\u0105cej \u015bwiat\u0142o\u015bci krain\u0119 pozaziemsk\u0105, tajemnic\u0119 wieczno\u015bci, za kt\u00f3r\u0105 serce ludzkie tak mocno t\u0119skni. Moj\u017cesz bowiem i Eliasz przybyli z kraju szcz\u0119\u015bliwych i pojawiwszy si\u0119 na zgromadzeniu we w\u0142asnej osobie, dali tem samem dow\u00f3d, \u017ce poza grobem jest \u017cycie nie\u015bmiertelne i odwet sprawiedliwy, \u017ce tam si\u0119 po\u0142\u0105cz\u0105 ci, co tu byli jednej my\u015bli i zjednoczeni mi\u0142o\u015bci\u0105 Boga chodzili Jego drogami, chocia\u017cby ich na ziemi przedziela\u0142y tysi\u0105ce mil i lat; \u017ce wszyscy cnotliwi, b\u0105d\u017a imiona ich s\u0105 nam znane, b\u0105d\u017a nieznane, ojcowie i matki, kt\u00f3rzy tu na ziemi jednoczyli si\u0119 w mi\u0142o\u015bci Boga, na drugim \u015bwiecie znajd\u0105 si\u0119 wszyscy w rado\u015bci niebieskiej. Pan Jezus \u015bwietnem pojawieniem si\u0119 Moj\u017cesza i Eliasza udowodni\u0142 Aposto\u0142om, \u017ce i \u015bmiertelni ludzie w \u017cyciu wiekuistem udzia\u0142 mie\u0107 b\u0119d\u0105.<\/p>\n\n\n\n<p class=\"has-text-align-justify wp-block-paragraph\"><br>\u20093) Pan Jezus pragn\u0105\u0142 drogich Mu Aposto\u0142\u00f3w i wszystkich wiernych w przysz\u0142o\u015bci obecno\u015bci\u0105 Moj\u017cesza i Eliasza zach\u0119ci\u0107, aby trudy i utrapienia \u017cycia ziemskiego znosili m\u0119\u017cnie i aby krzepili si\u0119 nadziej\u0105, \u017ce ich niebiescy bracia o nich pami\u0119ta\u0107 b\u0119d\u0105, \u017ce ich w potrzebie nie opuszcz\u0105, i \u017ce nagroda ich wytrwa\u0142o\u015bci b\u0119dzie wielk\u0105 i s\u0142ynn\u0105. Obecno\u015b\u0107 bowiem na tem zgromadzeniu Moj\u017cesza i Eliasza, kt\u00f3rzy z Panem Jezusem&nbsp;m\u00f3wili o dokonaniu dzie\u0142a, kt\u00f3remu niegdy\u015b po\u015bwi\u0119cili ca\u0142y czas i wszystkie si\u0142y swego \u017cycia, stanowi dla chrze\u015bcijan-katolik\u00f3w radosn\u0105 r\u0119kojmi\u0119, \u017ce siedz\u0105cy po prawicy Ojca Jezus Chrystus, razem z orszakiem \u015awi\u0119tych Pa\u0144skich, nigdy nie odst\u0105pili Ko\u015bcio\u0142a wojuj\u0105cego i tocz\u0105cego b\u00f3j z bramami piekielnemi.<\/p>\n\n\n\n<h2 class=\"wp-block-heading\"><br><strong>Nauka moralna.<\/strong><\/h2>\n\n\n\n<p class=\"has-text-align-justify wp-block-paragraph\">\u2009Ogl\u0105danie Oblicza Pa\u0144skiego jest szcz\u0119\u015bciem, jakiego u\u017cywaj\u0105 \u015awi\u0119ci w Kr\u00f3lestwie niebieskiem. I ty, duszo chrze\u015bcija\u0144ska, masz tego szcz\u0119\u015bcia u\u017cywa\u0107 po wszystkie wieki. Czy\u017c serce twoje za niem nie t\u0119skni? Czem\u017ce jest wszelki przepych tego \u015bwiata? Marno\u015bci\u0105 i znikomo\u015bci\u0105 tylko. Je\u015bli przeto na ziemi jakie dzie\u0142o sztuki, dziwny blask gwiazd, przepyszna barwa kwiat\u00f3w tak zachwyca twoje oko, zwa\u017c, jak pi\u0119knym, jak doskona\u0142ym, jak wspania\u0142ym i zachwycaj\u0105cym by\u0107 musi widok Tego, kt\u00f3ry tego wszystkiego jest sprawc\u0105. Nie dziw przeto, \u017ce gdy Piotr ujrza\u0142 Jezusa w majestacie Jego, zapomnia\u0142 o ca\u0142ym \u015bwiecie i na wieki chcia\u0142 pozosta\u0107 na g\u00f3rze.<br>\u2009Papie\u017c Kalikst III ustanowi\u0142 w Ko\u015bciele katolickim \u015bwi\u0119to Przemienienia Pa\u0144skiego w roku 1457 i wyznaczy\u0142 na t\u0119 uroczysto\u015b\u0107 dzie\u0144 6 sierpnia. Pow\u00f3d da\u0142o mu do tego utrapienie, jakiego doznawa\u0142 pod\u00f3wczas \u015bwiat chrze\u015bcija\u0144ski od Turk\u00f3w. Zaprowadzeniem tego \u015bwi\u0119ta chcia\u0142 pobo\u017cny Papie\u017c wy b\u0142aga\u0107 u Wszechmocnego pomoc. Dzisiaj ju\u017c nie jest ta uroczysto\u015b\u0107 \u015bwi\u0119tem nakazanem, mimo to winien ka\u017cdy prawowierny katolik mie\u0107 na pami\u0119ci \u00f3w cudowny wypadek i chowa\u0107 go g\u0142\u0119boko w sercu.<\/p>\n\n\n\n<h2 class=\"wp-block-heading\"><br><strong>Modlitwa.<\/strong><\/h2>\n\n\n\n<blockquote class=\"wp-block-quote is-layout-flow wp-block-quote-is-layout-flow\"><p>\u2009Bo\u017ce i Panie m\u00f3j, kt\u00f3ry w cudownem Przemienieniu Jednorodzonego Syna Twojego tajemnice wiary \u015bwiadectwem Ojc\u00f3w Starego Zakonu utwierdzi\u0142e\u015b, a g\u0142osem z Nieba wysz\u0142ym w\u015br\u00f3d jasnego ob\u0142oku oznajmi\u0142e\u015b cudownie istne przyznanie wiernych za Syny Twoje, spraw mi\u0142o\u015bciwie, aby\u015bmy Kr\u00f3la chwa\u0142y wsp\u00f3\u0142spadkobiercami i tej\u017ce chwa\u0142y wsp\u00f3lnikami si\u0119 stali. Przez Pana naszego Jezusa Chrystusa, kt\u00f3ry kr\u00f3luje w Niebie i na ziemi. Amen.<\/p><\/blockquote>\n\n\n\n<figure class=\"wp-block-table\"><table><tbody><tr><td>\u2217&nbsp;&nbsp;&nbsp;&nbsp;&nbsp;&nbsp;&nbsp;&nbsp;&nbsp;&nbsp;&nbsp;&nbsp;&nbsp;&nbsp;&nbsp;&nbsp;&nbsp;&nbsp;&nbsp;&nbsp;\u2217<br>\u2217<\/td><\/tr><\/tbody><\/table><\/figure>\n\n\n\n<p class=\"wp-block-paragraph\">\u2009<em>Opr\u00f3cz tego obchodzi Ko\u015bci\u00f3\u0142 \u015bwi\u0119ty pami\u0105tk\u0119 nast\u0119puj\u0105cych \u015awi\u0119tych Pa\u0144skich, zamieszczonych w rzymskiem martyrologium:<\/em><\/p>\n\n\n\n<p class=\"has-text-align-justify wp-block-paragraph\">\u2009<strong>Dnia 6-go sierpnia<\/strong>&nbsp;na g\u00f3rze Tabor&nbsp;Przemienienie Pana naszego Jezusa Chrystusa. \u2014 W Rzymie przy drodze Apijskiej w cymetryum Kallista dzie\u0144 zgonu \u015bw.&nbsp;Ksystusa&nbsp;II, Papie\u017ca i M\u0119czennika, kt\u00f3ry w walerya\u0144skiem prze\u015bladowaniu ugodzony mieczem, otrzyma\u0142 koron\u0119 m\u0119cze\u0144sk\u0105. \u2014 R\u00f3wnie\u017c \u015bw. M\u0119czennik\u00f3w&nbsp;Felicyssyma i Agapita, Dyakon\u00f3w wspomnianego Papie\u017ca Ksystusa, oraz Subdyakon\u00f3w&nbsp;Januaryusza, Magnusa, Wincencyusza i Stefana, kt\u00f3rych razem z nim \u015bci\u0119to i w cymetryum Pretekstata pogrzebano. Jak \u015bw. Cypryan pisze, dozna\u0142 z nimi \u015bmierci m\u0119cze\u0144skiej tak\u017ce niejaki\u015b&nbsp;Kwartus. \u2014 W klasztorze benedykty\u0144skim \u015bw. Piotra w Kardennie pod Burgos w Hiszpanii \u015bmier\u0107 m\u0119cze\u0144ska \u015bw.&nbsp;Stefana, Opata z&nbsp;200 mnichami jego, kt\u00f3rzy przez Saracen\u00f3w dla Wiary \u015bw. zabici, pochowani zostali przez chrze\u015bcijan w tym samym klasztorze. \u2014 W Alkali w Hiszpanii cierpienia dw\u00f3ch \u015bw. Braci&nbsp;Justa i Pastora. Obaj byli jeszcze ch\u0142opi\u0119tami i chodzili do szko\u0142y, gdy wybuch\u0142o prze\u015bladowanie. Na pierwsz\u0105 wie\u015b\u0107 o tem porzucili tabliczki i stawili si\u0119 dobrowolnie przed starost\u0105 Dacyanem jako chrze\u015bcijanie. Ten\u017ce kaza\u0142 ich pojma\u0107 i obi\u0107 laskami. Poniewa\u017c jednak mimo to pozostali sta\u0142ymi i dodawali sobie nawzajem odwagi, zostali wreszcie poza miastem \u015bci\u0119ci mieczem katowskim. \u2014 W Rzymie pami\u0105tka \u015bw.&nbsp;Hormisdasa, Papie\u017ca i Wyznawcy. \u2014 W Amidzie w Mezopotamii pami\u0105tka \u015bw.&nbsp;Jak\u00f3ba, Pustelnika, s\u0142ynnego dla wielu cud\u00f3w swoich.<br><br><\/p>","protected":false},"excerpt":{"rendered":"<p>Przemienienie by\u0142o na zach\u0119t\u0119 dla uczni\u00f3w, by przetrzymali M\u0119k\u0119 i \u015amier\u0107 Chrystusa oraz swoje w\u0142asne dzieje.<\/p>","protected":false},"author":60508433,"featured_media":51422,"comment_status":"open","ping_status":"open","sticky":false,"template":"","format":"standard","meta":{"_bbp_topic_count":0,"_bbp_reply_count":0,"_bbp_total_topic_count":0,"_bbp_total_reply_count":0,"_bbp_voice_count":0,"_bbp_anonymous_reply_count":0,"_bbp_topic_count_hidden":0,"_bbp_reply_count_hidden":0,"_bbp_forum_subforum_count":0,"_editorskit_title_hidden":false,"_editorskit_reading_time":0,"_editorskit_is_block_options_detached":false,"_editorskit_block_options_position":"{}","_coblocks_attr":"","_coblocks_dimensions":"","_coblocks_responsive_height":"","_coblocks_accordion_ie_support":"","_exactmetrics_skip_tracking":false,"_jetpack_newsletter_access":"","_jetpack_dont_email_post_to_subs":false,"_jetpack_newsletter_tier_id":0,"_jetpack_memberships_contains_paywalled_content":false,"_wpcom_ai_launchpad_first_post":false,"_jetpack_feature_clip_id":0,"_jetpack_memberships_contains_paid_content":false,"footnotes":"","jetpack_publicize_message":"{title}\n\n{excerpt}\n\n{url}","jetpack_publicize_feature_enabled":true,"jetpack_social_post_already_shared":false,"jetpack_social_options":{"image_generator_settings":{"template":"highway","default_image_id":0,"font":"","enabled":false},"version":2},"_wpas_customize_per_network":false,"jetpack_post_was_ever_published":false},"categories":[610131823,336375535],"tags":[],"class_list":["post-98100","post","type-post","status-publish","format-standard","has-post-thumbnail","hentry","category-swieta-w-sierpniu","category-liturgia-i-liturgika"],"yoast_head":"<!-- This site is optimized with the Yoast SEO plugin v28.4 - https:\/\/yoast.com\/product\/yoast-seo-wordpress\/ -->\n<title>6-go Sierpnia. Uroczysto\u015b\u0107 Przemienienia Pa\u0144skiego. - Tradycja i Wiara<\/title>\n<meta name=\"robots\" content=\"index, follow, max-snippet:-1, max-image-preview:large, max-video-preview:-1\" \/>\n<link rel=\"canonical\" href=\"https:\/\/wobronietradycjiiwiary.com\/en\/6-go-sierpnia-uroczystosc-przemienienia-panskiego-2-2\/\" \/>\n<meta property=\"og:locale\" content=\"en_US\" \/>\n<meta property=\"og:type\" content=\"article\" \/>\n<meta property=\"og:title\" content=\"6-go Sierpnia. Uroczysto\u015b\u0107 Przemienienia Pa\u0144skiego. - Tradycja i Wiara\" \/>\n<meta property=\"og:description\" content=\"Przemienienie by\u0142o na zach\u0119t\u0119 dla uczni\u00f3w, by przetrzymali M\u0119k\u0119 i \u015amier\u0107 Chrystusa oraz swoje w\u0142asne dzieje.\" \/>\n<meta property=\"og:url\" content=\"https:\/\/wobronietradycjiiwiary.com\/en\/6-go-sierpnia-uroczystosc-przemienienia-panskiego-2-2\/\" \/>\n<meta property=\"og:site_name\" content=\"Tradycja i Wiara\" \/>\n<meta property=\"article:publisher\" content=\"https:\/\/www.facebook.com\/Tradycja-i-Wiara-108813920592249\" \/>\n<meta property=\"article:published_time\" content=\"2023-08-06T06:15:38+00:00\" \/>\n<meta property=\"article:modified_time\" content=\"2025-02-10T10:15:06+00:00\" \/>\n<meta property=\"og:image\" content=\"https:\/\/wobronietradycjiiwiary.com\/wp-content\/uploads\/2021\/08\/Przemienienie.jpg\" \/>\n\t<meta property=\"og:image:width\" content=\"624\" \/>\n\t<meta property=\"og:image:height\" content=\"400\" \/>\n\t<meta property=\"og:image:type\" content=\"image\/jpeg\" \/>\n<meta name=\"author\" content=\"Traditio et Fides\" \/>\n<meta name=\"twitter:card\" content=\"summary_large_image\" \/>\n<meta name=\"twitter:label1\" content=\"Written by\" \/>\n\t<meta name=\"twitter:data1\" content=\"Traditio et Fides\" \/>\n\t<meta name=\"twitter:label2\" content=\"Est. reading time\" \/>\n\t<meta name=\"twitter:data2\" content=\"8 minutes\" \/>\n<script type=\"application\/ld+json\" class=\"yoast-schema-graph\">{\"@context\":\"https:\\\/\\\/schema.org\",\"@graph\":[{\"@type\":\"Article\",\"@id\":\"https:\\\/\\\/wobronietradycjiiwiary.com\\\/6-go-sierpnia-uroczystosc-przemienienia-panskiego-2-2\\\/#article\",\"isPartOf\":{\"@id\":\"https:\\\/\\\/wobronietradycjiiwiary.com\\\/6-go-sierpnia-uroczystosc-przemienienia-panskiego-2-2\\\/\"},\"author\":{\"name\":\"Traditio et Fides\",\"@id\":\"https:\\\/\\\/wobronietradycjiiwiary.com\\\/pl\\\/#\\\/schema\\\/person\\\/2d6180ce6abcb681fef0daab7816e8f3\"},\"headline\":\"6-go Sierpnia. Uroczysto\u015b\u0107 Przemienienia Pa\u0144skiego.\",\"datePublished\":\"2023-08-06T06:15:38+00:00\",\"dateModified\":\"2025-02-10T10:15:06+00:00\",\"mainEntityOfPage\":{\"@id\":\"https:\\\/\\\/wobronietradycjiiwiary.com\\\/6-go-sierpnia-uroczystosc-przemienienia-panskiego-2-2\\\/\"},\"wordCount\":1523,\"commentCount\":0,\"publisher\":{\"@id\":\"https:\\\/\\\/wobronietradycjiiwiary.com\\\/pl\\\/#organization\"},\"image\":{\"@id\":\"https:\\\/\\\/wobronietradycjiiwiary.com\\\/6-go-sierpnia-uroczystosc-przemienienia-panskiego-2-2\\\/#primaryimage\"},\"thumbnailUrl\":\"https:\\\/\\\/wobronietradycjiiwiary.com\\\/wp-content\\\/uploads\\\/2021\\\/08\\\/Przemienienie.jpg\",\"articleSection\":[\"08. \u015awi\u0119ta w sierpniu\",\"Liturgia i liturgika\"],\"inLanguage\":\"en-US\",\"potentialAction\":[{\"@type\":\"CommentAction\",\"name\":\"Comment\",\"target\":[\"https:\\\/\\\/wobronietradycjiiwiary.com\\\/6-go-sierpnia-uroczystosc-przemienienia-panskiego-2-2\\\/#respond\"]}]},{\"@type\":\"WebPage\",\"@id\":\"https:\\\/\\\/wobronietradycjiiwiary.com\\\/6-go-sierpnia-uroczystosc-przemienienia-panskiego-2-2\\\/\",\"url\":\"https:\\\/\\\/wobronietradycjiiwiary.com\\\/6-go-sierpnia-uroczystosc-przemienienia-panskiego-2-2\\\/\",\"name\":\"6-go Sierpnia. Uroczysto\u015b\u0107 Przemienienia Pa\u0144skiego. - Tradycja i Wiara\",\"isPartOf\":{\"@id\":\"https:\\\/\\\/wobronietradycjiiwiary.com\\\/pl\\\/#website\"},\"primaryImageOfPage\":{\"@id\":\"https:\\\/\\\/wobronietradycjiiwiary.com\\\/6-go-sierpnia-uroczystosc-przemienienia-panskiego-2-2\\\/#primaryimage\"},\"image\":{\"@id\":\"https:\\\/\\\/wobronietradycjiiwiary.com\\\/6-go-sierpnia-uroczystosc-przemienienia-panskiego-2-2\\\/#primaryimage\"},\"thumbnailUrl\":\"https:\\\/\\\/wobronietradycjiiwiary.com\\\/wp-content\\\/uploads\\\/2021\\\/08\\\/Przemienienie.jpg\",\"datePublished\":\"2023-08-06T06:15:38+00:00\",\"dateModified\":\"2025-02-10T10:15:06+00:00\",\"breadcrumb\":{\"@id\":\"https:\\\/\\\/wobronietradycjiiwiary.com\\\/6-go-sierpnia-uroczystosc-przemienienia-panskiego-2-2\\\/#breadcrumb\"},\"inLanguage\":\"en-US\",\"potentialAction\":[{\"@type\":\"ReadAction\",\"target\":[\"https:\\\/\\\/wobronietradycjiiwiary.com\\\/6-go-sierpnia-uroczystosc-przemienienia-panskiego-2-2\\\/\"]}]},{\"@type\":\"ImageObject\",\"inLanguage\":\"en-US\",\"@id\":\"https:\\\/\\\/wobronietradycjiiwiary.com\\\/6-go-sierpnia-uroczystosc-przemienienia-panskiego-2-2\\\/#primaryimage\",\"url\":\"https:\\\/\\\/wobronietradycjiiwiary.com\\\/wp-content\\\/uploads\\\/2021\\\/08\\\/Przemienienie.jpg\",\"contentUrl\":\"https:\\\/\\\/wobronietradycjiiwiary.com\\\/wp-content\\\/uploads\\\/2021\\\/08\\\/Przemienienie.jpg\",\"width\":624,\"height\":400},{\"@type\":\"BreadcrumbList\",\"@id\":\"https:\\\/\\\/wobronietradycjiiwiary.com\\\/6-go-sierpnia-uroczystosc-przemienienia-panskiego-2-2\\\/#breadcrumb\",\"itemListElement\":[{\"@type\":\"ListItem\",\"position\":1,\"name\":\"Strona g\u0142\u00f3wna\",\"item\":\"https:\\\/\\\/wobronietradycjiiwiary.com\\\/\"},{\"@type\":\"ListItem\",\"position\":2,\"name\":\"6-go Sierpnia. Uroczysto\u015b\u0107 Przemienienia Pa\u0144skiego.\"}]},{\"@type\":\"WebSite\",\"@id\":\"https:\\\/\\\/wobronietradycjiiwiary.com\\\/pl\\\/#website\",\"url\":\"https:\\\/\\\/wobronietradycjiiwiary.com\\\/pl\\\/\",\"name\":\"Tradycja i Wiara\",\"description\":\"Portal dla katolik\u00f3w.\",\"publisher\":{\"@id\":\"https:\\\/\\\/wobronietradycjiiwiary.com\\\/pl\\\/#organization\"},\"potentialAction\":[{\"@type\":\"SearchAction\",\"target\":{\"@type\":\"EntryPoint\",\"urlTemplate\":\"https:\\\/\\\/wobronietradycjiiwiary.com\\\/pl\\\/?s={search_term_string}\"},\"query-input\":{\"@type\":\"PropertyValueSpecification\",\"valueRequired\":true,\"valueName\":\"search_term_string\"}}],\"inLanguage\":\"en-US\"},{\"@type\":\"Organization\",\"@id\":\"https:\\\/\\\/wobronietradycjiiwiary.com\\\/pl\\\/#organization\",\"name\":\"Tradycja i Wiara\",\"url\":\"https:\\\/\\\/wobronietradycjiiwiary.com\\\/pl\\\/\",\"logo\":{\"@type\":\"ImageObject\",\"inLanguage\":\"en-US\",\"@id\":\"https:\\\/\\\/wobronietradycjiiwiary.com\\\/pl\\\/#\\\/schema\\\/logo\\\/image\\\/\",\"url\":\"https:\\\/\\\/i0.wp.com\\\/wobronietradycjiiwiary.com\\\/wp-content\\\/uploads\\\/2015\\\/10\\\/cropped-st-peters-dome-vatican.jpg?fit=940%2C198&ssl=1\",\"contentUrl\":\"https:\\\/\\\/i0.wp.com\\\/wobronietradycjiiwiary.com\\\/wp-content\\\/uploads\\\/2015\\\/10\\\/cropped-st-peters-dome-vatican.jpg?fit=940%2C198&ssl=1\",\"width\":940,\"height\":198,\"caption\":\"Tradycja i Wiara\"},\"image\":{\"@id\":\"https:\\\/\\\/wobronietradycjiiwiary.com\\\/pl\\\/#\\\/schema\\\/logo\\\/image\\\/\"},\"sameAs\":[\"https:\\\/\\\/www.facebook.com\\\/Tradycja-i-Wiara-108813920592249\"]},{\"@type\":\"Person\",\"@id\":\"https:\\\/\\\/wobronietradycjiiwiary.com\\\/pl\\\/#\\\/schema\\\/person\\\/2d6180ce6abcb681fef0daab7816e8f3\",\"name\":\"Traditio et Fides\",\"sameAs\":[\"https:\\\/\\\/traditionundglauben.com\"],\"url\":\"https:\\\/\\\/wobronietradycjiiwiary.com\\\/en\\\/author\\\/wobronietradycjiiwiary\\\/\"}]}<\/script>\n<!-- \/ Yoast SEO plugin. -->","yoast_head_json":{"title":"6-go Sierpnia. Uroczysto\u015b\u0107 Przemienienia Pa\u0144skiego. - Tradycja i Wiara","robots":{"index":"index","follow":"follow","max-snippet":"max-snippet:-1","max-image-preview":"max-image-preview:large","max-video-preview":"max-video-preview:-1"},"canonical":"https:\/\/wobronietradycjiiwiary.com\/en\/6-go-sierpnia-uroczystosc-przemienienia-panskiego-2-2\/","og_locale":"en_US","og_type":"article","og_title":"6-go Sierpnia. Uroczysto\u015b\u0107 Przemienienia Pa\u0144skiego. - Tradycja i Wiara","og_description":"Przemienienie by\u0142o na zach\u0119t\u0119 dla uczni\u00f3w, by przetrzymali M\u0119k\u0119 i \u015amier\u0107 Chrystusa oraz swoje w\u0142asne dzieje.","og_url":"https:\/\/wobronietradycjiiwiary.com\/en\/6-go-sierpnia-uroczystosc-przemienienia-panskiego-2-2\/","og_site_name":"Tradycja i Wiara","article_publisher":"https:\/\/www.facebook.com\/Tradycja-i-Wiara-108813920592249","article_published_time":"2023-08-06T06:15:38+00:00","article_modified_time":"2025-02-10T10:15:06+00:00","og_image":[{"width":624,"height":400,"url":"https:\/\/wobronietradycjiiwiary.com\/wp-content\/uploads\/2021\/08\/Przemienienie.jpg","type":"image\/jpeg"}],"author":"Traditio et Fides","twitter_card":"summary_large_image","twitter_misc":{"Written by":"Traditio et Fides","Est. reading time":"8 minutes"},"schema":{"@context":"https:\/\/schema.org","@graph":[{"@type":"Article","@id":"https:\/\/wobronietradycjiiwiary.com\/6-go-sierpnia-uroczystosc-przemienienia-panskiego-2-2\/#article","isPartOf":{"@id":"https:\/\/wobronietradycjiiwiary.com\/6-go-sierpnia-uroczystosc-przemienienia-panskiego-2-2\/"},"author":{"name":"Traditio et Fides","@id":"https:\/\/wobronietradycjiiwiary.com\/pl\/#\/schema\/person\/2d6180ce6abcb681fef0daab7816e8f3"},"headline":"6-go Sierpnia. Uroczysto\u015b\u0107 Przemienienia Pa\u0144skiego.","datePublished":"2023-08-06T06:15:38+00:00","dateModified":"2025-02-10T10:15:06+00:00","mainEntityOfPage":{"@id":"https:\/\/wobronietradycjiiwiary.com\/6-go-sierpnia-uroczystosc-przemienienia-panskiego-2-2\/"},"wordCount":1523,"commentCount":0,"publisher":{"@id":"https:\/\/wobronietradycjiiwiary.com\/pl\/#organization"},"image":{"@id":"https:\/\/wobronietradycjiiwiary.com\/6-go-sierpnia-uroczystosc-przemienienia-panskiego-2-2\/#primaryimage"},"thumbnailUrl":"https:\/\/wobronietradycjiiwiary.com\/wp-content\/uploads\/2021\/08\/Przemienienie.jpg","articleSection":["08. \u015awi\u0119ta w sierpniu","Liturgia i liturgika"],"inLanguage":"en-US","potentialAction":[{"@type":"CommentAction","name":"Comment","target":["https:\/\/wobronietradycjiiwiary.com\/6-go-sierpnia-uroczystosc-przemienienia-panskiego-2-2\/#respond"]}]},{"@type":"WebPage","@id":"https:\/\/wobronietradycjiiwiary.com\/6-go-sierpnia-uroczystosc-przemienienia-panskiego-2-2\/","url":"https:\/\/wobronietradycjiiwiary.com\/6-go-sierpnia-uroczystosc-przemienienia-panskiego-2-2\/","name":"6-go Sierpnia. Uroczysto\u015b\u0107 Przemienienia Pa\u0144skiego. - Tradycja i Wiara","isPartOf":{"@id":"https:\/\/wobronietradycjiiwiary.com\/pl\/#website"},"primaryImageOfPage":{"@id":"https:\/\/wobronietradycjiiwiary.com\/6-go-sierpnia-uroczystosc-przemienienia-panskiego-2-2\/#primaryimage"},"image":{"@id":"https:\/\/wobronietradycjiiwiary.com\/6-go-sierpnia-uroczystosc-przemienienia-panskiego-2-2\/#primaryimage"},"thumbnailUrl":"https:\/\/wobronietradycjiiwiary.com\/wp-content\/uploads\/2021\/08\/Przemienienie.jpg","datePublished":"2023-08-06T06:15:38+00:00","dateModified":"2025-02-10T10:15:06+00:00","breadcrumb":{"@id":"https:\/\/wobronietradycjiiwiary.com\/6-go-sierpnia-uroczystosc-przemienienia-panskiego-2-2\/#breadcrumb"},"inLanguage":"en-US","potentialAction":[{"@type":"ReadAction","target":["https:\/\/wobronietradycjiiwiary.com\/6-go-sierpnia-uroczystosc-przemienienia-panskiego-2-2\/"]}]},{"@type":"ImageObject","inLanguage":"en-US","@id":"https:\/\/wobronietradycjiiwiary.com\/6-go-sierpnia-uroczystosc-przemienienia-panskiego-2-2\/#primaryimage","url":"https:\/\/wobronietradycjiiwiary.com\/wp-content\/uploads\/2021\/08\/Przemienienie.jpg","contentUrl":"https:\/\/wobronietradycjiiwiary.com\/wp-content\/uploads\/2021\/08\/Przemienienie.jpg","width":624,"height":400},{"@type":"BreadcrumbList","@id":"https:\/\/wobronietradycjiiwiary.com\/6-go-sierpnia-uroczystosc-przemienienia-panskiego-2-2\/#breadcrumb","itemListElement":[{"@type":"ListItem","position":1,"name":"Strona g\u0142\u00f3wna","item":"https:\/\/wobronietradycjiiwiary.com\/"},{"@type":"ListItem","position":2,"name":"6-go Sierpnia. Uroczysto\u015b\u0107 Przemienienia Pa\u0144skiego."}]},{"@type":"WebSite","@id":"https:\/\/wobronietradycjiiwiary.com\/pl\/#website","url":"https:\/\/wobronietradycjiiwiary.com\/pl\/","name":"Tradycja i Wiara","description":"Portal dla katolik\u00f3w.","publisher":{"@id":"https:\/\/wobronietradycjiiwiary.com\/pl\/#organization"},"potentialAction":[{"@type":"SearchAction","target":{"@type":"EntryPoint","urlTemplate":"https:\/\/wobronietradycjiiwiary.com\/pl\/?s={search_term_string}"},"query-input":{"@type":"PropertyValueSpecification","valueRequired":true,"valueName":"search_term_string"}}],"inLanguage":"en-US"},{"@type":"Organization","@id":"https:\/\/wobronietradycjiiwiary.com\/pl\/#organization","name":"Tradycja i Wiara","url":"https:\/\/wobronietradycjiiwiary.com\/pl\/","logo":{"@type":"ImageObject","inLanguage":"en-US","@id":"https:\/\/wobronietradycjiiwiary.com\/pl\/#\/schema\/logo\/image\/","url":"https:\/\/i0.wp.com\/wobronietradycjiiwiary.com\/wp-content\/uploads\/2015\/10\/cropped-st-peters-dome-vatican.jpg?fit=940%2C198&ssl=1","contentUrl":"https:\/\/i0.wp.com\/wobronietradycjiiwiary.com\/wp-content\/uploads\/2015\/10\/cropped-st-peters-dome-vatican.jpg?fit=940%2C198&ssl=1","width":940,"height":198,"caption":"Tradycja i Wiara"},"image":{"@id":"https:\/\/wobronietradycjiiwiary.com\/pl\/#\/schema\/logo\/image\/"},"sameAs":["https:\/\/www.facebook.com\/Tradycja-i-Wiara-108813920592249"]},{"@type":"Person","@id":"https:\/\/wobronietradycjiiwiary.com\/pl\/#\/schema\/person\/2d6180ce6abcb681fef0daab7816e8f3","name":"Traditio et Fides","sameAs":["https:\/\/traditionundglauben.com"],"url":"https:\/\/wobronietradycjiiwiary.com\/en\/author\/wobronietradycjiiwiary\/"}]}},"jetpack_publicize_connections":[],"jetpack_sharing_enabled":true,"jetpack_likes_enabled":true,"jetpack_shortlink":"https:\/\/wp.me\/pc04Sd-pwg","jetpack-related-posts":[{"id":93922,"url":"https:\/\/wobronietradycjiiwiary.com\/en\/carol-byrne-msza-dialogowana-72-2-z-110-zniesienie-15-z-18-oktaw-swiat\/","url_meta":{"origin":98100,"position":0},"title":"Carol Byrne, &#8220;Msza dialogowana&#8221;. (72.2 z 110). Zniesienie 15 z 18 oktaw \u015bwi\u0105t","author":"Traditio et Fides","date":"13 June 2023","format":false,"excerpt":"O zniesieniu Oktawy Objawienia Pa\u0144skiego i wprowadzeniu \u015bwi\u0119ta Chrztu Pa\u0144skiego, kt\u00f3rego nigdy nie by\u0142o.","rel":"","context":"In &quot;3) Pius XII - ku zag\u0142adzie&quot;","block_context":{"text":"3) Pius XII - ku zag\u0142adzie","link":"https:\/\/wobronietradycjiiwiary.com\/en\/category\/doktryna\/teologia-liturgii\/byrne-doktryna\/byrne\/pius-xii-ku-zagladzie\/"},"img":{"alt_text":"","src":"https:\/\/i0.wp.com\/wobronietradycjiiwiary.com\/wp-content\/uploads\/2019\/10\/carreno-de-miranda.jpg?resize=350%2C200&ssl=1","width":350,"height":200,"srcset":"https:\/\/i0.wp.com\/wobronietradycjiiwiary.com\/wp-content\/uploads\/2019\/10\/carreno-de-miranda.jpg?resize=350%2C200&ssl=1 1x, https:\/\/i0.wp.com\/wobronietradycjiiwiary.com\/wp-content\/uploads\/2019\/10\/carreno-de-miranda.jpg?resize=525%2C300&ssl=1 1.5x, https:\/\/i0.wp.com\/wobronietradycjiiwiary.com\/wp-content\/uploads\/2019\/10\/carreno-de-miranda.jpg?resize=700%2C400&ssl=1 2x"},"classes":[]},{"id":51419,"url":"https:\/\/wobronietradycjiiwiary.com\/en\/6-go-sierpnia-uroczystosc-przemienienia-panskiego\/","url_meta":{"origin":98100,"position":1},"title":"6-go Sierpnia. Uroczysto\u015b\u0107 Przemienienia Pa\u0144skiego.","author":"Traditio et Fides","date":"6 August 2021","format":false,"excerpt":"Przemienienie by\u0142o na zach\u0119t\u0119 dla uczni\u00f3w, by przetrzymali M\u0119k\u0119 i \u015amier\u0107 Chrystusa oraz swoje w\u0142asne dzieje.","rel":"","context":"In &quot;08. \u015awi\u0119ta w sierpniu&quot;","block_context":{"text":"08. \u015awi\u0119ta w sierpniu","link":"https:\/\/wobronietradycjiiwiary.com\/en\/category\/duchowosc\/liturgia-i-liturgika\/rozwazania\/rok-liturgiczny\/swieta-w-sierpniu\/"},"img":{"alt_text":"","src":"https:\/\/i0.wp.com\/wobronietradycjiiwiary.com\/wp-content\/uploads\/2021\/08\/Przemienienie.jpg?resize=350%2C200&ssl=1","width":350,"height":200,"srcset":"https:\/\/i0.wp.com\/wobronietradycjiiwiary.com\/wp-content\/uploads\/2021\/08\/Przemienienie.jpg?resize=350%2C200&ssl=1 1x, https:\/\/i0.wp.com\/wobronietradycjiiwiary.com\/wp-content\/uploads\/2021\/08\/Przemienienie.jpg?resize=525%2C300&ssl=1 1.5x"},"classes":[]},{"id":71251,"url":"https:\/\/wobronietradycjiiwiary.com\/en\/6-go-sierpnia-uroczystosc-przemienienia-panskiego-2\/","url_meta":{"origin":98100,"position":2},"title":"6-go Sierpnia. Uroczysto\u015b\u0107 Przemienienia Pa\u0144skiego.","author":"Traditio et Fides","date":"6 August 2022","format":false,"excerpt":"Przemienienie by\u0142o na zach\u0119t\u0119 dla uczni\u00f3w, by przetrzymali M\u0119k\u0119 i \u015amier\u0107 Chrystusa oraz swoje w\u0142asne dzieje.","rel":"","context":"In &quot;08. \u015awi\u0119ta w sierpniu&quot;","block_context":{"text":"08. \u015awi\u0119ta w sierpniu","link":"https:\/\/wobronietradycjiiwiary.com\/en\/category\/duchowosc\/liturgia-i-liturgika\/rozwazania\/rok-liturgiczny\/swieta-w-sierpniu\/"},"img":{"alt_text":"","src":"https:\/\/i0.wp.com\/wobronietradycjiiwiary.com\/wp-content\/uploads\/2021\/08\/Przemienienie.jpg?resize=350%2C200&ssl=1","width":350,"height":200,"srcset":"https:\/\/i0.wp.com\/wobronietradycjiiwiary.com\/wp-content\/uploads\/2021\/08\/Przemienienie.jpg?resize=350%2C200&ssl=1 1x, https:\/\/i0.wp.com\/wobronietradycjiiwiary.com\/wp-content\/uploads\/2021\/08\/Przemienienie.jpg?resize=525%2C300&ssl=1 1.5x"},"classes":[]},{"id":119241,"url":"https:\/\/wobronietradycjiiwiary.com\/en\/6-go-sierpnia-uroczystosc-przemienienia-panskiego-2-2-2\/","url_meta":{"origin":98100,"position":3},"title":"6-go Sierpnia. Uroczysto\u015b\u0107 Przemienienia Pa\u0144skiego.","author":"Traditio et Fides","date":"6 August 2024","format":false,"excerpt":"Przemienienie by\u0142o na zach\u0119t\u0119 dla uczni\u00f3w, by przetrzymali M\u0119k\u0119 i \u015amier\u0107 Chrystusa oraz swoje w\u0142asne dzieje.","rel":"","context":"In &quot;08. \u015awi\u0119ta w sierpniu&quot;","block_context":{"text":"08. \u015awi\u0119ta w sierpniu","link":"https:\/\/wobronietradycjiiwiary.com\/en\/category\/duchowosc\/liturgia-i-liturgika\/rozwazania\/rok-liturgiczny\/swieta-w-sierpniu\/"},"img":{"alt_text":"","src":"https:\/\/i0.wp.com\/wobronietradycjiiwiary.com\/wp-content\/uploads\/2021\/08\/Przemienienie.jpg?resize=350%2C200&ssl=1","width":350,"height":200,"srcset":"https:\/\/i0.wp.com\/wobronietradycjiiwiary.com\/wp-content\/uploads\/2021\/08\/Przemienienie.jpg?resize=350%2C200&ssl=1 1x, https:\/\/i0.wp.com\/wobronietradycjiiwiary.com\/wp-content\/uploads\/2021\/08\/Przemienienie.jpg?resize=525%2C300&ssl=1 1.5x"},"classes":[]},{"id":148771,"url":"https:\/\/wobronietradycjiiwiary.com\/en\/6-go-sierpnia-uroczystosc-przemienienia-panskiego-2-2-3\/","url_meta":{"origin":98100,"position":4},"title":"6-go Sierpnia. Uroczysto\u015b\u0107 Przemienienia Pa\u0144skiego.","author":"Traditio et Fides","date":"6 August 2025","format":false,"excerpt":"Przemienienie by\u0142o na zach\u0119t\u0119 dla uczni\u00f3w, by przetrzymali M\u0119k\u0119 i \u015amier\u0107 Chrystusa oraz swoje w\u0142asne dzieje.","rel":"","context":"In &quot;08. \u015awi\u0119ta w sierpniu&quot;","block_context":{"text":"08. \u015awi\u0119ta w sierpniu","link":"https:\/\/wobronietradycjiiwiary.com\/en\/category\/duchowosc\/liturgia-i-liturgika\/rozwazania\/rok-liturgiczny\/swieta-w-sierpniu\/"},"img":{"alt_text":"","src":"https:\/\/i0.wp.com\/wobronietradycjiiwiary.com\/wp-content\/uploads\/2021\/08\/Przemienienie.jpg?resize=350%2C200&ssl=1","width":350,"height":200,"srcset":"https:\/\/i0.wp.com\/wobronietradycjiiwiary.com\/wp-content\/uploads\/2021\/08\/Przemienienie.jpg?resize=350%2C200&ssl=1 1x, https:\/\/i0.wp.com\/wobronietradycjiiwiary.com\/wp-content\/uploads\/2021\/08\/Przemienienie.jpg?resize=525%2C300&ssl=1 1.5x"},"classes":[]},{"id":169585,"url":"https:\/\/wobronietradycjiiwiary.com\/en\/6-go-sierpnia-uroczystosc-przemienienia-panskiego-2-2-3-2\/","url_meta":{"origin":98100,"position":5},"title":"6-go Sierpnia. Uroczysto\u015b\u0107 Przemienienia Pa\u0144skiego.","author":"Traditio et Fides","date":"6 August 2026","format":false,"excerpt":"Przemienienie by\u0142o na zach\u0119t\u0119 dla uczni\u00f3w, by przetrzymali M\u0119k\u0119 i \u015amier\u0107 Chrystusa oraz swoje w\u0142asne dzieje.","rel":"","context":"In &quot;08. \u015awi\u0119ta w sierpniu&quot;","block_context":{"text":"08. \u015awi\u0119ta w sierpniu","link":"https:\/\/wobronietradycjiiwiary.com\/en\/category\/duchowosc\/liturgia-i-liturgika\/rozwazania\/rok-liturgiczny\/swieta-w-sierpniu\/"},"img":{"alt_text":"","src":"https:\/\/i0.wp.com\/wobronietradycjiiwiary.com\/wp-content\/uploads\/2021\/08\/Przemienienie.jpg?resize=350%2C200&ssl=1","width":350,"height":200,"srcset":"https:\/\/i0.wp.com\/wobronietradycjiiwiary.com\/wp-content\/uploads\/2021\/08\/Przemienienie.jpg?resize=350%2C200&ssl=1 1x, https:\/\/i0.wp.com\/wobronietradycjiiwiary.com\/wp-content\/uploads\/2021\/08\/Przemienienie.jpg?resize=525%2C300&ssl=1 1.5x"},"classes":[]}],"amp_enabled":true,"jetpack_featured_media_url":"https:\/\/wobronietradycjiiwiary.com\/wp-content\/uploads\/2021\/08\/Przemienienie.jpg","_links":{"self":[{"href":"https:\/\/wobronietradycjiiwiary.com\/en\/wp-json\/wp\/v2\/posts\/98100","targetHints":{"allow":["GET"]}}],"collection":[{"href":"https:\/\/wobronietradycjiiwiary.com\/en\/wp-json\/wp\/v2\/posts"}],"about":[{"href":"https:\/\/wobronietradycjiiwiary.com\/en\/wp-json\/wp\/v2\/types\/post"}],"author":[{"embeddable":true,"href":"https:\/\/wobronietradycjiiwiary.com\/en\/wp-json\/wp\/v2\/users\/60508433"}],"replies":[{"embeddable":true,"href":"https:\/\/wobronietradycjiiwiary.com\/en\/wp-json\/wp\/v2\/comments?post=98100"}],"version-history":[{"count":1,"href":"https:\/\/wobronietradycjiiwiary.com\/en\/wp-json\/wp\/v2\/posts\/98100\/revisions"}],"predecessor-version":[{"id":98121,"href":"https:\/\/wobronietradycjiiwiary.com\/en\/wp-json\/wp\/v2\/posts\/98100\/revisions\/98121"}],"wp:featuredmedia":[{"embeddable":true,"href":"https:\/\/wobronietradycjiiwiary.com\/en\/wp-json\/wp\/v2\/media\/51422"}],"wp:attachment":[{"href":"https:\/\/wobronietradycjiiwiary.com\/en\/wp-json\/wp\/v2\/media?parent=98100"}],"wp:term":[{"taxonomy":"category","embeddable":true,"href":"https:\/\/wobronietradycjiiwiary.com\/en\/wp-json\/wp\/v2\/categories?post=98100"},{"taxonomy":"post_tag","embeddable":true,"href":"https:\/\/wobronietradycjiiwiary.com\/en\/wp-json\/wp\/v2\/tags?post=98100"}],"curies":[{"name":"wp","href":"https:\/\/api.w.org\/{rel}","templated":true}]}}